{"id":69726,"date":"2017-04-18T17:59:41","date_gmt":"2017-04-18T17:59:41","guid":{"rendered":"http:\/\/candas365.es\/noticias\/?p=69726"},"modified":"2017-04-18T17:59:41","modified_gmt":"2017-04-18T17:59:41","slug":"superpoblacion-de-castores-en-alemania-algunos-terminan-en-la-cocina","status":"publish","type":"post","link":"https:\/\/candas365.es\/noticias\/superpoblacion-de-castores-en-alemania-algunos-terminan-en-la-cocina\/","title":{"rendered":"Superpoblaci\u00f3n de castores en Alemania: algunos terminan en la cocina"},"content":{"rendered":"<p>(dpa) &#8211; Hace cientos de a\u00f1os, los monjes com\u00edan carne de castor en la \u00e9poca de la Cuaresma, ya que por ser acu\u00e1ticos y tener una cola escamosa, estos roedores bien pod\u00edan pasar por pescado.<\/p>\n<p>Hoy en d\u00eda resurge el inter\u00e9s por los castores en la cocina, ya sea como guisado con alb\u00f3ndigas de patata, al vapor o a la crema. La gente intercambia recetas en Internet.<\/p>\n<p>Los castores se han reproducido con gran intensidad en Alemania: tan s\u00f3lo en Baviera habitan unos 20.000 ejemplares de esta especie protegida, que en parte causa grandes da\u00f1os debido a su famosa habilidad para talar \u00e1rboles.<\/p>\n<p>Por esta raz\u00f3n, los cazadores tienen permitido capturar vivos o matar de un disparo a unos mil ejemplares cada a\u00f1o y consumir la carne de sus presas. \u00abCuando se mata un animal, no hay que desecharlo en una planta de eliminaci\u00f3n de cad\u00e1veres\u00bb, comenta Thomas Schreder, de la Asociaci\u00f3n B\u00e1vara de Cacer\u00eda.<\/p>\n<p>Las opiniones difieren en cuanto a considerar una delicia al lomo, las patas o la cola de castor. Por otro lado, \u00ablos monjes eran de buen comer\u00bb, recuerda Schreder. Sin embargo, la carne de castor no puede ser comparada con la carne de pescado.<\/p>\n<p>El castor sabe m\u00e1s bien a corzo, opina el cazador y gastr\u00f3nomo J\u00fcrgen F\u00fcssl, de la ciudad de Altenstadt, quien consume con sus amigos la carne de los castores cazados bajo autorizaci\u00f3n de las autoridades. \u00abLa mayor\u00eda de los cazadores los come, ser\u00eda una pena no hacerlo. Se trata de carne org\u00e1nica\u00bb. <\/p>\n<p>Los castores fueron casi exterminados en Alemania a principios del siglo XX debido a su piel y a su carne. La especie fue puesta bajo protecci\u00f3n y, para alegr\u00eda de los ecologistas, la poblaci\u00f3n se recuper\u00f3. En Baviera, la historia del castor es una historia exitosa, destaca Schreder.<\/p>\n<p>Tal vez demasiado exitosa, ya que los agricultores lo consideran una plaga. Los roedores diezman sembrados de ma\u00edz, talan \u00e1rboles y construyen diques. Los campos y praderas se inundan, y hasta los tractores se atascan en el terreno porque los castores socavan madrigueras en los prados y caminos.<\/p>\n<p>En 2016 los costos de los da\u00f1os causados por castores sumaron m\u00e1s de 600.000 euros, indican datos del Ministerio de medio ambiente de Baviera. El estado federado ofrece ayuda mediante el \u00abfondo del castor\u00bb por un total de 450.000 euros, por lo que los agricultores reclaman un aumento de la suma para no tener que cubrir ellos el resto de los gastos.<\/p>\n<p>Entretanto, los animales ya incursionan en las zonas urbanas, tambi\u00e9n en M\u00fanich, la capital del estado b\u00e1varo. En el barrio de Pasing se observan troncos ro\u00eddos, y algunos habitantes han instalado cercas el\u00e9ctricas en las proximidades del parque central, un coto de los castores.<\/p>\n<p>En vista de la gran propagaci\u00f3n de los castores, Walter Heidl, presidente de la asociaci\u00f3n de agricultores de Baviera, exige un nuevo debate sobre esta especie protegida. Su lema: \u00abEl castor, en vez de estar en la lista roja (de especies amenazadas) deber\u00eda estar en el men\u00fa\u00bb. Heidl propone que la carne de los castores cazados con autorizaci\u00f3n sea comercializada.<\/p>\n<p>Por Sabine Dobel <\/p>\n","protected":false},"excerpt":{"rendered":"<p>(dpa) &#8211; Hace cientos de a\u00f1os, los monjes com\u00edan carne de castor en la \u00e9poca de la Cuaresma, ya que por ser acu\u00e1ticos y tener una cola escamosa, estos roedores bien pod\u00edan pasar por pescado. Hoy en d\u00eda resurge el inter\u00e9s por los castores en la cocina, ya sea como guisado con alb\u00f3ndigas de patata,<\/p>\n","protected":false},"author":1,"featured_media":0,"comment_status":"open","ping_status":"closed","sticky":false,"template":"","format":"standard","meta":{"footnotes":""},"categories":[343],"tags":[],"class_list":{"0":"post-69726","1":"post","2":"type-post","3":"status-publish","4":"format-standard","6":"category-actualidad"},"aioseo_notices":[],"aioseo_head":"\n\t\t<!-- All in One SEO Pro 4.9.6.2 - aioseo.com -->\n\t<meta name=\"description\" content=\"(dpa) - Hace cientos de a\u00f1os, los monjes com\u00edan carne de castor en la \u00e9poca de la Cuaresma, ya que por ser acu\u00e1ticos y tener una cola escamosa, estos roedores bien pod\u00edan pasar por pescado. Hoy en d\u00eda resurge el inter\u00e9s por los castores en la cocina, ya sea como guisado con alb\u00f3ndigas de patata,\" \/>\n\t<meta name=\"robots\" content=\"max-image-preview:large\" \/>\n\t<meta name=\"author\" content=\"Cand\u00e1s 365\"\/>\n\t<meta name=\"google-site-verification\" content=\"UA-32230408-1\" \/>\n\t<meta name=\"msvalidate.01\" content=\"354F3CDFB2DA171B47FBE9ABF1F88D5\" \/>\n\t<meta name=\"keywords\" content=\"actualidad\" \/>\n\t<link rel=\"canonical\" href=\"https:\/\/candas365.es\/noticias\/superpoblacion-de-castores-en-alemania-algunos-terminan-en-la-cocina\/\" \/>\n\t<meta name=\"generator\" content=\"All in One SEO Pro (AIOSEO) 4.9.6.2\" \/>\n\t\t<meta property=\"og:locale\" content=\"es_ES\" \/>\n\t\t<meta property=\"og:site_name\" content=\"Cand\u00e1s 365\" \/>\n\t\t<meta property=\"og:type\" content=\"article\" \/>\n\t\t<meta property=\"og:title\" content=\"Superpoblaci\u00f3n de castores en Alemania: algunos terminan en la cocina | Cand\u00e1s 365\" \/>\n\t\t<meta property=\"og:description\" content=\"(dpa) - Hace cientos de a\u00f1os, los monjes com\u00edan carne de castor en la \u00e9poca de la Cuaresma, ya que por ser acu\u00e1ticos y tener una cola escamosa, estos roedores bien pod\u00edan pasar por pescado. Hoy en d\u00eda resurge el inter\u00e9s por los castores en la cocina, ya sea como guisado con alb\u00f3ndigas de patata,\" \/>\n\t\t<meta property=\"og:url\" content=\"https:\/\/candas365.es\/noticias\/superpoblacion-de-castores-en-alemania-algunos-terminan-en-la-cocina\/\" \/>\n\t\t<meta property=\"og:image\" content=\"https:\/\/candas365.es\/noticias\/wp-content\/uploads\/2024\/09\/Candas-365-Redes.jpg\" \/>\n\t\t<meta property=\"og:image:secure_url\" content=\"https:\/\/candas365.es\/noticias\/wp-content\/uploads\/2024\/09\/Candas-365-Redes.jpg\" \/>\n\t\t<meta property=\"og:image:width\" content=\"1152\" \/>\n\t\t<meta property=\"og:image:height\" content=\"864\" \/>\n\t\t<meta property=\"article:published_time\" content=\"2017-04-18T17:59:41+00:00\" \/>\n\t\t<meta property=\"article:modified_time\" content=\"2017-04-18T17:59:41+00:00\" \/>\n\t\t<meta property=\"article:publisher\" content=\"https:\/\/www.facebook.com\/Nachofdezber\" \/>\n\t\t<meta property=\"article:author\" content=\"https:\/\/www.facebook.com\/carrenoactualidad\" \/>\n\t\t<meta name=\"twitter:card\" content=\"summary_large_image\" \/>\n\t\t<meta name=\"twitter:site\" content=\"@NabercoDigital\" \/>\n\t\t<meta name=\"twitter:title\" content=\"Superpoblaci\u00f3n de castores en Alemania: algunos terminan en la cocina | Cand\u00e1s 365\" \/>\n\t\t<meta name=\"twitter:description\" content=\"(dpa) - Hace cientos de a\u00f1os, los monjes com\u00edan carne de castor en la \u00e9poca de la Cuaresma, ya que por ser acu\u00e1ticos y tener una cola escamosa, estos roedores bien pod\u00edan pasar por pescado. Hoy en d\u00eda resurge el inter\u00e9s por los castores en la cocina, ya sea como guisado con alb\u00f3ndigas de patata,\" \/>\n\t\t<meta name=\"twitter:creator\" content=\"@nbasturias\" \/>\n\t\t<meta name=\"twitter:image\" content=\"https:\/\/candas365.es\/noticias\/wp-content\/uploads\/2024\/09\/Candas-365-Redes.jpg\" \/>\n\t\t<meta name=\"twitter:label1\" content=\"Escrito por\" \/>\n\t\t<meta name=\"twitter:data1\" content=\"Cand\u00e1s 365\" \/>\n\t\t<meta name=\"twitter:label2\" content=\"Tiempo de lectura estimado\" \/>\n\t\t<meta name=\"twitter:data2\" content=\"3 minutos\" \/>\n\t\t<script type=\"application\/ld+json\" class=\"aioseo-schema\">\n\t\t\t{\"@context\":\"https:\\\/\\\/schema.org\",\"@graph\":[{\"@type\":\"BreadcrumbList\",\"@id\":\"https:\\\/\\\/candas365.es\\\/noticias\\\/superpoblacion-de-castores-en-alemania-algunos-terminan-en-la-cocina\\\/#breadcrumblist\",\"itemListElement\":[{\"@type\":\"ListItem\",\"@id\":\"https:\\\/\\\/candas365.es\\\/noticias#listItem\",\"position\":1,\"name\":\"Home\",\"item\":\"https:\\\/\\\/candas365.es\\\/noticias\",\"nextItem\":{\"@type\":\"ListItem\",\"@id\":\"https:\\\/\\\/candas365.es\\\/noticias\\\/category\\\/actualidad\\\/#listItem\",\"name\":\"Actualidad\"}},{\"@type\":\"ListItem\",\"@id\":\"https:\\\/\\\/candas365.es\\\/noticias\\\/category\\\/actualidad\\\/#listItem\",\"position\":2,\"name\":\"Actualidad\",\"item\":\"https:\\\/\\\/candas365.es\\\/noticias\\\/category\\\/actualidad\\\/\",\"nextItem\":{\"@type\":\"ListItem\",\"@id\":\"https:\\\/\\\/candas365.es\\\/noticias\\\/superpoblacion-de-castores-en-alemania-algunos-terminan-en-la-cocina\\\/#listItem\",\"name\":\"Superpoblaci\\u00f3n de castores en Alemania: algunos terminan en la cocina\"},\"previousItem\":{\"@type\":\"ListItem\",\"@id\":\"https:\\\/\\\/candas365.es\\\/noticias#listItem\",\"name\":\"Home\"}},{\"@type\":\"ListItem\",\"@id\":\"https:\\\/\\\/candas365.es\\\/noticias\\\/superpoblacion-de-castores-en-alemania-algunos-terminan-en-la-cocina\\\/#listItem\",\"position\":3,\"name\":\"Superpoblaci\\u00f3n de castores en Alemania: algunos terminan en la cocina\",\"previousItem\":{\"@type\":\"ListItem\",\"@id\":\"https:\\\/\\\/candas365.es\\\/noticias\\\/category\\\/actualidad\\\/#listItem\",\"name\":\"Actualidad\"}}]},{\"@type\":\"NewsArticle\",\"@id\":\"https:\\\/\\\/candas365.es\\\/noticias\\\/superpoblacion-de-castores-en-alemania-algunos-terminan-en-la-cocina\\\/#newsarticle\",\"name\":\"Superpoblaci\\u00f3n de castores en Alemania: algunos terminan en la cocina | Cand\\u00e1s 365\",\"headline\":\"Superpoblaci\\u00f3n de castores en Alemania: algunos terminan en la cocina\",\"author\":{\"@id\":\"https:\\\/\\\/candas365.es\\\/noticias\\\/author\\\/admin\\\/#author\"},\"publisher\":{\"@id\":\"https:\\\/\\\/candas365.es\\\/noticias\\\/#organization\"},\"image\":{\"@type\":\"ImageObject\",\"url\":\"https:\\\/\\\/candas365.es\\\/noticias\\\/wp-content\\\/uploads\\\/2024\\\/09\\\/Candas-365-Redes.jpg\",\"@id\":\"https:\\\/\\\/candas365.es\\\/noticias\\\/#articleImage\",\"width\":1152,\"height\":864,\"caption\":\"Cand\\u00e1s 365 Redes\"},\"datePublished\":\"2017-04-18T17:59:41+02:00\",\"dateModified\":\"2017-04-18T17:59:41+02:00\",\"inLanguage\":\"es-ES\",\"mainEntityOfPage\":{\"@id\":\"https:\\\/\\\/candas365.es\\\/noticias\\\/superpoblacion-de-castores-en-alemania-algunos-terminan-en-la-cocina\\\/#webpage\"},\"isPartOf\":{\"@id\":\"https:\\\/\\\/candas365.es\\\/noticias\\\/superpoblacion-de-castores-en-alemania-algunos-terminan-en-la-cocina\\\/#webpage\"},\"articleSection\":\"Actualidad\",\"dateline\":\"Publicado el abril 18, 2017.\"},{\"@type\":\"Organization\",\"@id\":\"https:\\\/\\\/candas365.es\\\/noticias\\\/#organization\",\"name\":\"Cand\\u00e1s 365\",\"description\":\"Cand\\u00e1s 365 es un diario digital independiente, fundado en 2012, con base en Asturias. Informamos con rigor sobre actualidad, sociedad, cultura y ocio, con una mirada local y global.\",\"url\":\"https:\\\/\\\/candas365.es\\\/noticias\\\/\",\"email\":\"info@candas365.es\",\"telephone\":\"+34652131393\",\"foundingDate\":\"2012-06-10\",\"logo\":{\"@type\":\"ImageObject\",\"url\":\"https:\\\/\\\/candas365.es\\\/noticias\\\/wp-content\\\/uploads\\\/2024\\\/09\\\/Candas-365-Redes.jpg\",\"@id\":\"https:\\\/\\\/candas365.es\\\/noticias\\\/superpoblacion-de-castores-en-alemania-algunos-terminan-en-la-cocina\\\/#organizationLogo\",\"width\":1152,\"height\":864,\"caption\":\"Cand\\u00e1s 365 Redes\"},\"image\":{\"@id\":\"https:\\\/\\\/candas365.es\\\/noticias\\\/superpoblacion-de-castores-en-alemania-algunos-terminan-en-la-cocina\\\/#organizationLogo\"},\"sameAs\":[\"https:\\\/\\\/www.facebook.com\\\/Nachofdezber\",\"https:\\\/\\\/x.com\\\/NabercoDigital\",\"https:\\\/\\\/www.instagram.com\\\/nachofdezber\\\/\",\"https:\\\/\\\/www.youtube.com\\\/channel\\\/UCZP-2wLEB9Rv6erhFmqVnvg\"],\"address\":{\"@id\":\"https:\\\/\\\/candas365.es\\\/noticias\\\/#postaladdress\",\"@type\":\"PostalAddress\",\"streetAddress\":\"san antonio 4, san antonio 4\",\"postalCode\":\"33430\",\"addressLocality\":\"Cand\\u00e1s\",\"addressRegion\":\"Asturias\",\"addressCountry\":\"ES\"}},{\"@type\":\"Person\",\"@id\":\"https:\\\/\\\/candas365.es\\\/noticias\\\/author\\\/admin\\\/#author\",\"url\":\"https:\\\/\\\/candas365.es\\\/noticias\\\/author\\\/admin\\\/\",\"name\":\"Cand\\u00e1s 365\",\"image\":{\"@type\":\"ImageObject\",\"@id\":\"https:\\\/\\\/candas365.es\\\/noticias\\\/superpoblacion-de-castores-en-alemania-algunos-terminan-en-la-cocina\\\/#authorImage\",\"url\":\"https:\\\/\\\/secure.gravatar.com\\\/avatar\\\/496a8e03d0c493ede1718b7934145dbdf8d89be1036b0eec9544e1094c9de390?s=96&d=mm&r=g\",\"width\":96,\"height\":96,\"caption\":\"Cand\\u00e1s 365\"},\"sameAs\":[\"https:\\\/\\\/www.facebook.com\\\/carrenoactualidad\",\"https:\\\/\\\/twitter.com\\\/nbasturias\",\"https:\\\/\\\/www.instagram.com\\\/nachofdezber\\\/\",\"https:\\\/\\\/www.youtube.com\\\/channel\\\/UCZP-2wLEB9Rv6erhFmqVnvg\"]},{\"@type\":\"WebPage\",\"@id\":\"https:\\\/\\\/candas365.es\\\/noticias\\\/superpoblacion-de-castores-en-alemania-algunos-terminan-en-la-cocina\\\/#webpage\",\"url\":\"https:\\\/\\\/candas365.es\\\/noticias\\\/superpoblacion-de-castores-en-alemania-algunos-terminan-en-la-cocina\\\/\",\"name\":\"Superpoblaci\\u00f3n de castores en Alemania: algunos terminan en la cocina | Cand\\u00e1s 365\",\"description\":\"(dpa) - Hace cientos de a\\u00f1os, los monjes com\\u00edan carne de castor en la \\u00e9poca de la Cuaresma, ya que por ser acu\\u00e1ticos y tener una cola escamosa, estos roedores bien pod\\u00edan pasar por pescado. Hoy en d\\u00eda resurge el inter\\u00e9s por los castores en la cocina, ya sea como guisado con alb\\u00f3ndigas de patata,\",\"inLanguage\":\"es-ES\",\"isPartOf\":{\"@id\":\"https:\\\/\\\/candas365.es\\\/noticias\\\/#website\"},\"breadcrumb\":{\"@id\":\"https:\\\/\\\/candas365.es\\\/noticias\\\/superpoblacion-de-castores-en-alemania-algunos-terminan-en-la-cocina\\\/#breadcrumblist\"},\"author\":{\"@id\":\"https:\\\/\\\/candas365.es\\\/noticias\\\/author\\\/admin\\\/#author\"},\"creator\":{\"@id\":\"https:\\\/\\\/candas365.es\\\/noticias\\\/author\\\/admin\\\/#author\"},\"datePublished\":\"2017-04-18T17:59:41+02:00\",\"dateModified\":\"2017-04-18T17:59:41+02:00\"},{\"@type\":\"WebSite\",\"@id\":\"https:\\\/\\\/candas365.es\\\/noticias\\\/#website\",\"url\":\"https:\\\/\\\/candas365.es\\\/noticias\\\/\",\"name\":\"Cand\\u00e1s 365\",\"alternateName\":\"Cand\\u00e1s 365 Noticias\",\"description\":\"Actualidad desde Carre\\u00f1o para el mundo\",\"inLanguage\":\"es-ES\",\"publisher\":{\"@id\":\"https:\\\/\\\/candas365.es\\\/noticias\\\/#organization\"}}]}\n\t\t<\/script>\n\t\t<!-- All in One SEO Pro -->\r\n\t\t<title>Superpoblaci\u00f3n de castores en Alemania: algunos terminan en la cocina | Cand\u00e1s 365<\/title>\n\n","aioseo_head_json":{"title":"Superpoblaci\u00f3n de castores en Alemania: algunos terminan en la cocina | Cand\u00e1s 365","description":"(dpa) - Hace cientos de a\u00f1os, los monjes com\u00edan carne de castor en la \u00e9poca de la Cuaresma, ya que por ser acu\u00e1ticos y tener una cola escamosa, estos roedores bien pod\u00edan pasar por pescado. Hoy en d\u00eda resurge el inter\u00e9s por los castores en la cocina, ya sea como guisado con alb\u00f3ndigas de patata,","canonical_url":"https:\/\/candas365.es\/noticias\/superpoblacion-de-castores-en-alemania-algunos-terminan-en-la-cocina\/","robots":"max-image-preview:large","keywords":"actualidad","webmasterTools":{"google-site-verification":"UA-32230408-1","msvalidate.01":"354F3CDFB2DA171B47FBE9ABF1F88D5","miscellaneous":""},"schema":{"@context":"https:\/\/schema.org","@graph":[{"@type":"BreadcrumbList","@id":"https:\/\/candas365.es\/noticias\/superpoblacion-de-castores-en-alemania-algunos-terminan-en-la-cocina\/#breadcrumblist","itemListElement":[{"@type":"ListItem","@id":"https:\/\/candas365.es\/noticias#listItem","position":1,"name":"Home","item":"https:\/\/candas365.es\/noticias","nextItem":{"@type":"ListItem","@id":"https:\/\/candas365.es\/noticias\/category\/actualidad\/#listItem","name":"Actualidad"}},{"@type":"ListItem","@id":"https:\/\/candas365.es\/noticias\/category\/actualidad\/#listItem","position":2,"name":"Actualidad","item":"https:\/\/candas365.es\/noticias\/category\/actualidad\/","nextItem":{"@type":"ListItem","@id":"https:\/\/candas365.es\/noticias\/superpoblacion-de-castores-en-alemania-algunos-terminan-en-la-cocina\/#listItem","name":"Superpoblaci\u00f3n de castores en Alemania: algunos terminan en la cocina"},"previousItem":{"@type":"ListItem","@id":"https:\/\/candas365.es\/noticias#listItem","name":"Home"}},{"@type":"ListItem","@id":"https:\/\/candas365.es\/noticias\/superpoblacion-de-castores-en-alemania-algunos-terminan-en-la-cocina\/#listItem","position":3,"name":"Superpoblaci\u00f3n de castores en Alemania: algunos terminan en la cocina","previousItem":{"@type":"ListItem","@id":"https:\/\/candas365.es\/noticias\/category\/actualidad\/#listItem","name":"Actualidad"}}]},{"@type":"NewsArticle","@id":"https:\/\/candas365.es\/noticias\/superpoblacion-de-castores-en-alemania-algunos-terminan-en-la-cocina\/#newsarticle","name":"Superpoblaci\u00f3n de castores en Alemania: algunos terminan en la cocina | Cand\u00e1s 365","headline":"Superpoblaci\u00f3n de castores en Alemania: algunos terminan en la cocina","author":{"@id":"https:\/\/candas365.es\/noticias\/author\/admin\/#author"},"publisher":{"@id":"https:\/\/candas365.es\/noticias\/#organization"},"image":{"@type":"ImageObject","url":"https:\/\/candas365.es\/noticias\/wp-content\/uploads\/2024\/09\/Candas-365-Redes.jpg","@id":"https:\/\/candas365.es\/noticias\/#articleImage","width":1152,"height":864,"caption":"Cand\u00e1s 365 Redes"},"datePublished":"2017-04-18T17:59:41+02:00","dateModified":"2017-04-18T17:59:41+02:00","inLanguage":"es-ES","mainEntityOfPage":{"@id":"https:\/\/candas365.es\/noticias\/superpoblacion-de-castores-en-alemania-algunos-terminan-en-la-cocina\/#webpage"},"isPartOf":{"@id":"https:\/\/candas365.es\/noticias\/superpoblacion-de-castores-en-alemania-algunos-terminan-en-la-cocina\/#webpage"},"articleSection":"Actualidad","dateline":"Publicado el abril 18, 2017."},{"@type":"Organization","@id":"https:\/\/candas365.es\/noticias\/#organization","name":"Cand\u00e1s 365","description":"Cand\u00e1s 365 es un diario digital independiente, fundado en 2012, con base en Asturias. Informamos con rigor sobre actualidad, sociedad, cultura y ocio, con una mirada local y global.","url":"https:\/\/candas365.es\/noticias\/","email":"info@candas365.es","telephone":"+34652131393","foundingDate":"2012-06-10","logo":{"@type":"ImageObject","url":"https:\/\/candas365.es\/noticias\/wp-content\/uploads\/2024\/09\/Candas-365-Redes.jpg","@id":"https:\/\/candas365.es\/noticias\/superpoblacion-de-castores-en-alemania-algunos-terminan-en-la-cocina\/#organizationLogo","width":1152,"height":864,"caption":"Cand\u00e1s 365 Redes"},"image":{"@id":"https:\/\/candas365.es\/noticias\/superpoblacion-de-castores-en-alemania-algunos-terminan-en-la-cocina\/#organizationLogo"},"sameAs":["https:\/\/www.facebook.com\/Nachofdezber","https:\/\/x.com\/NabercoDigital","https:\/\/www.instagram.com\/nachofdezber\/","https:\/\/www.youtube.com\/channel\/UCZP-2wLEB9Rv6erhFmqVnvg"],"address":{"@id":"https:\/\/candas365.es\/noticias\/#postaladdress","@type":"PostalAddress","streetAddress":"san antonio 4, san antonio 4","postalCode":"33430","addressLocality":"Cand\u00e1s","addressRegion":"Asturias","addressCountry":"ES"}},{"@type":"Person","@id":"https:\/\/candas365.es\/noticias\/author\/admin\/#author","url":"https:\/\/candas365.es\/noticias\/author\/admin\/","name":"Cand\u00e1s 365","image":{"@type":"ImageObject","@id":"https:\/\/candas365.es\/noticias\/superpoblacion-de-castores-en-alemania-algunos-terminan-en-la-cocina\/#authorImage","url":"https:\/\/secure.gravatar.com\/avatar\/496a8e03d0c493ede1718b7934145dbdf8d89be1036b0eec9544e1094c9de390?s=96&d=mm&r=g","width":96,"height":96,"caption":"Cand\u00e1s 365"},"sameAs":["https:\/\/www.facebook.com\/carrenoactualidad","https:\/\/twitter.com\/nbasturias","https:\/\/www.instagram.com\/nachofdezber\/","https:\/\/www.youtube.com\/channel\/UCZP-2wLEB9Rv6erhFmqVnvg"]},{"@type":"WebPage","@id":"https:\/\/candas365.es\/noticias\/superpoblacion-de-castores-en-alemania-algunos-terminan-en-la-cocina\/#webpage","url":"https:\/\/candas365.es\/noticias\/superpoblacion-de-castores-en-alemania-algunos-terminan-en-la-cocina\/","name":"Superpoblaci\u00f3n de castores en Alemania: algunos terminan en la cocina | Cand\u00e1s 365","description":"(dpa) - Hace cientos de a\u00f1os, los monjes com\u00edan carne de castor en la \u00e9poca de la Cuaresma, ya que por ser acu\u00e1ticos y tener una cola escamosa, estos roedores bien pod\u00edan pasar por pescado. Hoy en d\u00eda resurge el inter\u00e9s por los castores en la cocina, ya sea como guisado con alb\u00f3ndigas de patata,","inLanguage":"es-ES","isPartOf":{"@id":"https:\/\/candas365.es\/noticias\/#website"},"breadcrumb":{"@id":"https:\/\/candas365.es\/noticias\/superpoblacion-de-castores-en-alemania-algunos-terminan-en-la-cocina\/#breadcrumblist"},"author":{"@id":"https:\/\/candas365.es\/noticias\/author\/admin\/#author"},"creator":{"@id":"https:\/\/candas365.es\/noticias\/author\/admin\/#author"},"datePublished":"2017-04-18T17:59:41+02:00","dateModified":"2017-04-18T17:59:41+02:00"},{"@type":"WebSite","@id":"https:\/\/candas365.es\/noticias\/#website","url":"https:\/\/candas365.es\/noticias\/","name":"Cand\u00e1s 365","alternateName":"Cand\u00e1s 365 Noticias","description":"Actualidad desde Carre\u00f1o para el mundo","inLanguage":"es-ES","publisher":{"@id":"https:\/\/candas365.es\/noticias\/#organization"}}]},"og:locale":"es_ES","og:site_name":"Cand\u00e1s 365","og:type":"article","og:title":"Superpoblaci\u00f3n de castores en Alemania: algunos terminan en la cocina | Cand\u00e1s 365","og:description":"(dpa) - Hace cientos de a\u00f1os, los monjes com\u00edan carne de castor en la \u00e9poca de la Cuaresma, ya que por ser acu\u00e1ticos y tener una cola escamosa, estos roedores bien pod\u00edan pasar por pescado. Hoy en d\u00eda resurge el inter\u00e9s por los castores en la cocina, ya sea como guisado con alb\u00f3ndigas de patata,","og:url":"https:\/\/candas365.es\/noticias\/superpoblacion-de-castores-en-alemania-algunos-terminan-en-la-cocina\/","og:image":"https:\/\/candas365.es\/noticias\/wp-content\/uploads\/2024\/09\/Candas-365-Redes.jpg","og:image:secure_url":"https:\/\/candas365.es\/noticias\/wp-content\/uploads\/2024\/09\/Candas-365-Redes.jpg","og:image:width":1152,"og:image:height":864,"article:published_time":"2017-04-18T17:59:41+00:00","article:modified_time":"2017-04-18T17:59:41+00:00","article:publisher":"https:\/\/www.facebook.com\/Nachofdezber","article:author":"https:\/\/www.facebook.com\/carrenoactualidad","twitter:card":"summary_large_image","twitter:site":"@NabercoDigital","twitter:title":"Superpoblaci\u00f3n de castores en Alemania: algunos terminan en la cocina | Cand\u00e1s 365","twitter:description":"(dpa) - Hace cientos de a\u00f1os, los monjes com\u00edan carne de castor en la \u00e9poca de la Cuaresma, ya que por ser acu\u00e1ticos y tener una cola escamosa, estos roedores bien pod\u00edan pasar por pescado. Hoy en d\u00eda resurge el inter\u00e9s por los castores en la cocina, ya sea como guisado con alb\u00f3ndigas de patata,","twitter:creator":"@nbasturias","twitter:image":"https:\/\/candas365.es\/noticias\/wp-content\/uploads\/2024\/09\/Candas-365-Redes.jpg","twitter:label1":"Escrito por","twitter:data1":"Cand\u00e1s 365","twitter:label2":"Tiempo de lectura estimado","twitter:data2":"3 minutos"},"aioseo_meta_data":{"post_id":"69726","title":null,"description":null,"keywords":null,"keyphrases":null,"primary_term":null,"canonical_url":null,"og_title":null,"og_description":null,"og_object_type":"default","og_image_type":"default","og_image_url":null,"og_image_width":null,"og_image_height":null,"og_image_custom_url":null,"og_image_custom_fields":null,"og_video":null,"og_custom_url":null,"og_article_section":null,"og_article_tags":null,"twitter_use_og":false,"twitter_card":"default","twitter_image_type":"default","twitter_image_url":null,"twitter_image_custom_url":null,"twitter_image_custom_fields":null,"twitter_title":null,"twitter_description":null,"schema":{"blockGraphs":[],"customGraphs":[],"default":{"data":{"Article":[],"Course":[],"Dataset":[],"FAQPage":[],"Movie":[],"Person":[],"Product":[],"ProductReview":[],"Car":[],"Recipe":[],"Service":[],"SoftwareApplication":[],"WebPage":[]},"graphName":"","isEnabled":true},"graphs":[],"defaultGraph":"","defaultPostTypeGraph":""},"schema_type":null,"schema_type_options":null,"pillar_content":false,"robots_default":true,"robots_noindex":false,"robots_noarchive":false,"robots_nosnippet":false,"robots_nofollow":false,"robots_noimageindex":false,"robots_noodp":false,"robots_notranslate":false,"robots_max_snippet":null,"robots_max_videopreview":null,"robots_max_imagepreview":"large","priority":null,"frequency":null,"location":null,"local_seo":null,"seo_analyzer_scan_date":"2025-08-25 11:17:22","breadcrumb_settings":null,"limit_modified_date":false,"reviewed_by":null,"open_ai":null,"ai":null,"created":"2020-12-21 13:01:32","updated":"2025-08-25 11:17:22"},"aioseo_breadcrumb":"<div class=\"aioseo-breadcrumbs\"><span class=\"aioseo-breadcrumb\">\n\t<a href=\"https:\/\/candas365.es\/noticias\" title=\"Home\">Home<\/a>\n<\/span><span class=\"aioseo-breadcrumb-separator\">&ndash;<\/span><span class=\"aioseo-breadcrumb\">\n\t<a href=\"https:\/\/candas365.es\/noticias\/category\/actualidad\/\" title=\"Actualidad\">Actualidad<\/a>\n<\/span><span class=\"aioseo-breadcrumb-separator\">&ndash;<\/span><span class=\"aioseo-breadcrumb\">\n\tSuperpoblaci\u00f3n de castores en Alemania: algunos terminan en la cocina\n<\/span><\/div>","aioseo_breadcrumb_json":[{"label":"Home","link":"https:\/\/candas365.es\/noticias"},{"label":"Actualidad","link":"https:\/\/candas365.es\/noticias\/category\/actualidad\/"},{"label":"Superpoblaci\u00f3n de castores en Alemania: algunos terminan en la cocina","link":"https:\/\/candas365.es\/noticias\/superpoblacion-de-castores-en-alemania-algunos-terminan-en-la-cocina\/"}],"_links":{"self":[{"href":"https:\/\/candas365.es\/noticias\/wp-json\/wp\/v2\/posts\/69726","targetHints":{"allow":["GET"]}}],"collection":[{"href":"https:\/\/candas365.es\/noticias\/wp-json\/wp\/v2\/posts"}],"about":[{"href":"https:\/\/candas365.es\/noticias\/wp-json\/wp\/v2\/types\/post"}],"author":[{"embeddable":true,"href":"https:\/\/candas365.es\/noticias\/wp-json\/wp\/v2\/users\/1"}],"replies":[{"embeddable":true,"href":"https:\/\/candas365.es\/noticias\/wp-json\/wp\/v2\/comments?post=69726"}],"version-history":[{"count":0,"href":"https:\/\/candas365.es\/noticias\/wp-json\/wp\/v2\/posts\/69726\/revisions"}],"wp:attachment":[{"href":"https:\/\/candas365.es\/noticias\/wp-json\/wp\/v2\/media?parent=69726"}],"wp:term":[{"taxonomy":"category","embeddable":true,"href":"https:\/\/candas365.es\/noticias\/wp-json\/wp\/v2\/categories?post=69726"},{"taxonomy":"post_tag","embeddable":true,"href":"https:\/\/candas365.es\/noticias\/wp-json\/wp\/v2\/tags?post=69726"}],"curies":[{"name":"wp","href":"https:\/\/api.w.org\/{rel}","templated":true}]}}