{"id":69724,"date":"2017-04-18T17:58:51","date_gmt":"2017-04-18T17:58:51","guid":{"rendered":"http:\/\/candas365.es\/noticias\/?p=69724"},"modified":"2017-04-18T17:58:51","modified_gmt":"2017-04-18T17:58:51","slug":"merkel-pide-a-ankara-un-dialogo-respetuoso-con-la-oposicion","status":"publish","type":"post","link":"https:\/\/candas365.es\/noticias\/merkel-pide-a-ankara-un-dialogo-respetuoso-con-la-oposicion\/","title":{"rendered":"Merkel pide a Ankara \u00abun di\u00e1logo respetuoso\u00bb con la oposici\u00f3n"},"content":{"rendered":"<p>(dpa) &#8211; La canciller alemana, Angela Merkel, pidi\u00f3 hoy al Gobierno turco entablar \u00abun di\u00e1logo respetuoso\u00bb con la oposici\u00f3n tras el ajustado resultado del refer\u00e9ndum celebrado el domingo en el que gan\u00f3 el voto a favor de la implementaci\u00f3n de un sistema presidencialista en Turqu\u00eda.<\/p>\n<p>\u00abEl ajustado resultado del refer\u00e9ndum muestra c\u00f3mo de profunda es la divisi\u00f3n en la sociedad turca. Esto significa una gran responsabilidad para los l\u00edderes turcos y para el presidente Erdogan personalmente\u00bb, indic\u00f3 la mandataria alemana en un comunicado conjunto con el ministro de Exteriores, Sigmar Gabriel. <\/p>\n<p>\u00abEl Gobierno alem\u00e1n espera que el Gobierno turco ahora, despu\u00e9s de una dura campa\u00f1a electoral por el refer\u00e9ndum, busque un di\u00e1logo respetuoso con todas las fuerzas pol\u00edticas y sociales del pa\u00eds\u00bb, se\u00f1al\u00f3 en el documento difundido hoy por el Gobierno alem\u00e1n. <\/p>\n<p>En el escrito, Merkel y Gabriel recordaron que el pueblo turco fue convocado a las urnas para votar sobre una modificaci\u00f3n de la Constituci\u00f3n y aseguraron que el Gobierno alem\u00e1n toma nota del resultado provisional de la votaci\u00f3n y respeta el derecho de los ciudadanos turcos a decidir sobre su propia Constituci\u00f3n.<\/p>\n<p>Asimismo, Berl\u00edn agradeci\u00f3 a la misi\u00f3n de la OSCE de observadores electorales su trabajo en el refer\u00e9ndum y solicit\u00f3 no actuar prematuramente a la hora de emitir un juicio sobre la consulta popular. <\/p>\n<p>\u00abEl Gobierno alem\u00e1n atribuye una importancia especial a esta evaluaci\u00f3n\u00bb, afirmaron y recordaron que el director de la oficina de la OSCE (Organizaci\u00f3n para la Seguridad y la Cooperaci\u00f3n en Europa) para instituciones democr\u00e1ticas y derechos humanos, Michael Link, ya transmiti\u00f3 sus dudas la pasada semana de que se pudieran garantizar las condiciones justas para el refer\u00e9ndum. <\/p>\n<p>Junto con esto, Merkel y Gabriel recordaron tambi\u00e9n que la Comisi\u00f3n de Venecia del Consejo de Europa, el \u00f3rgano consultivo del Consejo de Europa en materia constitucional, expres\u00f3 su preocupaci\u00f3n tanto por el proceso como tambi\u00e9n por el contenido de esta reforma constitucional. <\/p>\n<p>\u00abComo miembro del Consejo de Europa, de la OSCE y como candidato a entrar en la Uni\u00f3n Europea, obligado a cumplir con los criterios de la UE de Copenhague sobre democracia y protecci\u00f3n de los derechos fundamentales, el Gobierno turco debe tomar en consideraci\u00f3n estos reparos. Por ello, deben celebrarse lo m\u00e1s r\u00e1pido posible conversaciones pol\u00edticas con Turqu\u00eda, tanto a nivel bilateral como tambi\u00e9n entre las instituciones europeas y Turqu\u00eda\u00bb, agregaron.<\/p>\n<p>El domingo por la noche, la Comisi\u00f3n Electoral turca declar\u00f3 finalmente la victoria del \u00abs\u00ed\u00bb bas\u00e1ndose en los resultados provisorios. Los resultados oficiales definitivos a\u00fan no se han dado a conocer. Seg\u00fan la agencia estatal Anadolu, escrutado el 99,17 por ciento de los votos, el 51,35 por ciento fue para el \u00abs\u00ed\u00bb.<\/p>\n<p>El sistema presidencialista establece, entre sus principales puntos, que el presidente ser\u00e1 al mismo tiempo jefe de Estado y jefe de Gobierno y, como tal, ser\u00e1 el responsable del nombramiento y la destituci\u00f3n de ministros. Adem\u00e1s, podr\u00e1 dictar decretos, a trav\u00e9s de los cuales podr\u00e1 establecer, suprimir o reorganizar los ministerios del Gobierno.<\/p>\n<p>Asimismo, el cambio permitir\u00eda a Erdogan tener mayor\u00eda parlamentaria y m\u00e1s influencia en el poder judicial e incluso permanecer en el poder hasta 2034 haciendo uso de la convocatoria de elecciones por parte del Parlamento.<\/p>\n","protected":false},"excerpt":{"rendered":"<p>(dpa) &#8211; La canciller alemana, Angela Merkel, pidi\u00f3 hoy al Gobierno turco entablar \u00abun di\u00e1logo respetuoso\u00bb con la oposici\u00f3n tras el ajustado resultado del refer\u00e9ndum celebrado el domingo en el que gan\u00f3 el voto a favor de la implementaci\u00f3n de un sistema presidencialista en Turqu\u00eda. \u00abEl ajustado resultado del refer\u00e9ndum muestra c\u00f3mo de profunda es<\/p>\n","protected":false},"author":1,"featured_media":0,"comment_status":"open","ping_status":"closed","sticky":false,"template":"","format":"standard","meta":{"footnotes":""},"categories":[343],"tags":[],"class_list":{"0":"post-69724","1":"post","2":"type-post","3":"status-publish","4":"format-standard","6":"category-actualidad"},"aioseo_notices":[],"aioseo_head":"\n\t\t<!-- All in One SEO Pro 4.9.6.2 - aioseo.com -->\n\t<meta name=\"description\" content=\"(dpa) - La canciller alemana, Angela Merkel, pidi\u00f3 hoy al Gobierno turco entablar &quot;un di\u00e1logo respetuoso&quot; con la oposici\u00f3n tras el ajustado resultado del refer\u00e9ndum celebrado el domingo en el que gan\u00f3 el voto a favor de la implementaci\u00f3n de un sistema presidencialista en Turqu\u00eda. &quot;El ajustado resultado del refer\u00e9ndum muestra c\u00f3mo de profunda es\" \/>\n\t<meta name=\"robots\" content=\"max-image-preview:large\" \/>\n\t<meta name=\"author\" content=\"Cand\u00e1s 365\"\/>\n\t<meta name=\"google-site-verification\" content=\"UA-32230408-1\" \/>\n\t<meta name=\"msvalidate.01\" content=\"354F3CDFB2DA171B47FBE9ABF1F88D5\" \/>\n\t<meta name=\"keywords\" content=\"actualidad\" \/>\n\t<link rel=\"canonical\" href=\"https:\/\/candas365.es\/noticias\/merkel-pide-a-ankara-un-dialogo-respetuoso-con-la-oposicion\/\" \/>\n\t<meta name=\"generator\" content=\"All in One SEO Pro (AIOSEO) 4.9.6.2\" \/>\n\t\t<meta property=\"og:locale\" content=\"es_ES\" \/>\n\t\t<meta property=\"og:site_name\" content=\"Cand\u00e1s 365\" \/>\n\t\t<meta property=\"og:type\" content=\"article\" \/>\n\t\t<meta property=\"og:title\" content=\"Merkel pide a Ankara \u00abun di\u00e1logo respetuoso\u00bb con la oposici\u00f3n | Cand\u00e1s 365\" \/>\n\t\t<meta property=\"og:description\" content=\"(dpa) - La canciller alemana, Angela Merkel, pidi\u00f3 hoy al Gobierno turco entablar &quot;un di\u00e1logo respetuoso&quot; con la oposici\u00f3n tras el ajustado resultado del refer\u00e9ndum celebrado el domingo en el que gan\u00f3 el voto a favor de la implementaci\u00f3n de un sistema presidencialista en Turqu\u00eda. &quot;El ajustado resultado del refer\u00e9ndum muestra c\u00f3mo de profunda es\" \/>\n\t\t<meta property=\"og:url\" content=\"https:\/\/candas365.es\/noticias\/merkel-pide-a-ankara-un-dialogo-respetuoso-con-la-oposicion\/\" \/>\n\t\t<meta property=\"og:image\" content=\"https:\/\/candas365.es\/noticias\/wp-content\/uploads\/2024\/09\/Candas-365-Redes.jpg\" \/>\n\t\t<meta property=\"og:image:secure_url\" content=\"https:\/\/candas365.es\/noticias\/wp-content\/uploads\/2024\/09\/Candas-365-Redes.jpg\" \/>\n\t\t<meta property=\"og:image:width\" content=\"1152\" \/>\n\t\t<meta property=\"og:image:height\" content=\"864\" \/>\n\t\t<meta property=\"article:published_time\" content=\"2017-04-18T17:58:51+00:00\" \/>\n\t\t<meta property=\"article:modified_time\" content=\"2017-04-18T17:58:51+00:00\" \/>\n\t\t<meta property=\"article:publisher\" content=\"https:\/\/www.facebook.com\/Nachofdezber\" \/>\n\t\t<meta property=\"article:author\" content=\"https:\/\/www.facebook.com\/carrenoactualidad\" \/>\n\t\t<meta name=\"twitter:card\" content=\"summary_large_image\" \/>\n\t\t<meta name=\"twitter:site\" content=\"@NabercoDigital\" \/>\n\t\t<meta name=\"twitter:title\" content=\"Merkel pide a Ankara \u00abun di\u00e1logo respetuoso\u00bb con la oposici\u00f3n | Cand\u00e1s 365\" \/>\n\t\t<meta name=\"twitter:description\" content=\"(dpa) - La canciller alemana, Angela Merkel, pidi\u00f3 hoy al Gobierno turco entablar &quot;un di\u00e1logo respetuoso&quot; con la oposici\u00f3n tras el ajustado resultado del refer\u00e9ndum celebrado el domingo en el que gan\u00f3 el voto a favor de la implementaci\u00f3n de un sistema presidencialista en Turqu\u00eda. &quot;El ajustado resultado del refer\u00e9ndum muestra c\u00f3mo de profunda es\" \/>\n\t\t<meta name=\"twitter:creator\" content=\"@nbasturias\" \/>\n\t\t<meta name=\"twitter:image\" content=\"https:\/\/candas365.es\/noticias\/wp-content\/uploads\/2024\/09\/Candas-365-Redes.jpg\" \/>\n\t\t<meta name=\"twitter:label1\" content=\"Escrito por\" \/>\n\t\t<meta name=\"twitter:data1\" content=\"Cand\u00e1s 365\" \/>\n\t\t<meta name=\"twitter:label2\" content=\"Tiempo de lectura estimado\" \/>\n\t\t<meta name=\"twitter:data2\" content=\"3 minutos\" \/>\n\t\t<script type=\"application\/ld+json\" class=\"aioseo-schema\">\n\t\t\t{\"@context\":\"https:\\\/\\\/schema.org\",\"@graph\":[{\"@type\":\"BreadcrumbList\",\"@id\":\"https:\\\/\\\/candas365.es\\\/noticias\\\/merkel-pide-a-ankara-un-dialogo-respetuoso-con-la-oposicion\\\/#breadcrumblist\",\"itemListElement\":[{\"@type\":\"ListItem\",\"@id\":\"https:\\\/\\\/candas365.es\\\/noticias#listItem\",\"position\":1,\"name\":\"Home\",\"item\":\"https:\\\/\\\/candas365.es\\\/noticias\",\"nextItem\":{\"@type\":\"ListItem\",\"@id\":\"https:\\\/\\\/candas365.es\\\/noticias\\\/category\\\/actualidad\\\/#listItem\",\"name\":\"Actualidad\"}},{\"@type\":\"ListItem\",\"@id\":\"https:\\\/\\\/candas365.es\\\/noticias\\\/category\\\/actualidad\\\/#listItem\",\"position\":2,\"name\":\"Actualidad\",\"item\":\"https:\\\/\\\/candas365.es\\\/noticias\\\/category\\\/actualidad\\\/\",\"nextItem\":{\"@type\":\"ListItem\",\"@id\":\"https:\\\/\\\/candas365.es\\\/noticias\\\/merkel-pide-a-ankara-un-dialogo-respetuoso-con-la-oposicion\\\/#listItem\",\"name\":\"Merkel pide a Ankara \\u00abun di\\u00e1logo respetuoso\\u00bb con la oposici\\u00f3n\"},\"previousItem\":{\"@type\":\"ListItem\",\"@id\":\"https:\\\/\\\/candas365.es\\\/noticias#listItem\",\"name\":\"Home\"}},{\"@type\":\"ListItem\",\"@id\":\"https:\\\/\\\/candas365.es\\\/noticias\\\/merkel-pide-a-ankara-un-dialogo-respetuoso-con-la-oposicion\\\/#listItem\",\"position\":3,\"name\":\"Merkel pide a Ankara \\u00abun di\\u00e1logo respetuoso\\u00bb con la oposici\\u00f3n\",\"previousItem\":{\"@type\":\"ListItem\",\"@id\":\"https:\\\/\\\/candas365.es\\\/noticias\\\/category\\\/actualidad\\\/#listItem\",\"name\":\"Actualidad\"}}]},{\"@type\":\"NewsArticle\",\"@id\":\"https:\\\/\\\/candas365.es\\\/noticias\\\/merkel-pide-a-ankara-un-dialogo-respetuoso-con-la-oposicion\\\/#newsarticle\",\"name\":\"Merkel pide a Ankara \\u00abun di\\u00e1logo respetuoso\\u00bb con la oposici\\u00f3n | Cand\\u00e1s 365\",\"headline\":\"Merkel pide a Ankara \\u00abun di\\u00e1logo respetuoso\\u00bb con la oposici\\u00f3n\",\"author\":{\"@id\":\"https:\\\/\\\/candas365.es\\\/noticias\\\/author\\\/admin\\\/#author\"},\"publisher\":{\"@id\":\"https:\\\/\\\/candas365.es\\\/noticias\\\/#organization\"},\"image\":{\"@type\":\"ImageObject\",\"url\":\"https:\\\/\\\/candas365.es\\\/noticias\\\/wp-content\\\/uploads\\\/2024\\\/09\\\/Candas-365-Redes.jpg\",\"@id\":\"https:\\\/\\\/candas365.es\\\/noticias\\\/#articleImage\",\"width\":1152,\"height\":864,\"caption\":\"Cand\\u00e1s 365 Redes\"},\"datePublished\":\"2017-04-18T17:58:51+02:00\",\"dateModified\":\"2017-04-18T17:58:51+02:00\",\"inLanguage\":\"es-ES\",\"mainEntityOfPage\":{\"@id\":\"https:\\\/\\\/candas365.es\\\/noticias\\\/merkel-pide-a-ankara-un-dialogo-respetuoso-con-la-oposicion\\\/#webpage\"},\"isPartOf\":{\"@id\":\"https:\\\/\\\/candas365.es\\\/noticias\\\/merkel-pide-a-ankara-un-dialogo-respetuoso-con-la-oposicion\\\/#webpage\"},\"articleSection\":\"Actualidad\",\"dateline\":\"Publicado el abril 18, 2017.\"},{\"@type\":\"Organization\",\"@id\":\"https:\\\/\\\/candas365.es\\\/noticias\\\/#organization\",\"name\":\"Cand\\u00e1s 365\",\"description\":\"Cand\\u00e1s 365 es un diario digital independiente, fundado en 2012, con base en Asturias. Informamos con rigor sobre actualidad, sociedad, cultura y ocio, con una mirada local y global.\",\"url\":\"https:\\\/\\\/candas365.es\\\/noticias\\\/\",\"email\":\"info@candas365.es\",\"telephone\":\"+34652131393\",\"foundingDate\":\"2012-06-10\",\"logo\":{\"@type\":\"ImageObject\",\"url\":\"https:\\\/\\\/candas365.es\\\/noticias\\\/wp-content\\\/uploads\\\/2024\\\/09\\\/Candas-365-Redes.jpg\",\"@id\":\"https:\\\/\\\/candas365.es\\\/noticias\\\/merkel-pide-a-ankara-un-dialogo-respetuoso-con-la-oposicion\\\/#organizationLogo\",\"width\":1152,\"height\":864,\"caption\":\"Cand\\u00e1s 365 Redes\"},\"image\":{\"@id\":\"https:\\\/\\\/candas365.es\\\/noticias\\\/merkel-pide-a-ankara-un-dialogo-respetuoso-con-la-oposicion\\\/#organizationLogo\"},\"sameAs\":[\"https:\\\/\\\/www.facebook.com\\\/Nachofdezber\",\"https:\\\/\\\/x.com\\\/NabercoDigital\",\"https:\\\/\\\/www.instagram.com\\\/nachofdezber\\\/\",\"https:\\\/\\\/www.youtube.com\\\/channel\\\/UCZP-2wLEB9Rv6erhFmqVnvg\"],\"address\":{\"@id\":\"https:\\\/\\\/candas365.es\\\/noticias\\\/#postaladdress\",\"@type\":\"PostalAddress\",\"streetAddress\":\"san antonio 4, san antonio 4\",\"postalCode\":\"33430\",\"addressLocality\":\"Cand\\u00e1s\",\"addressRegion\":\"Asturias\",\"addressCountry\":\"ES\"}},{\"@type\":\"Person\",\"@id\":\"https:\\\/\\\/candas365.es\\\/noticias\\\/author\\\/admin\\\/#author\",\"url\":\"https:\\\/\\\/candas365.es\\\/noticias\\\/author\\\/admin\\\/\",\"name\":\"Cand\\u00e1s 365\",\"image\":{\"@type\":\"ImageObject\",\"@id\":\"https:\\\/\\\/candas365.es\\\/noticias\\\/merkel-pide-a-ankara-un-dialogo-respetuoso-con-la-oposicion\\\/#authorImage\",\"url\":\"https:\\\/\\\/secure.gravatar.com\\\/avatar\\\/496a8e03d0c493ede1718b7934145dbdf8d89be1036b0eec9544e1094c9de390?s=96&d=mm&r=g\",\"width\":96,\"height\":96,\"caption\":\"Cand\\u00e1s 365\"},\"sameAs\":[\"https:\\\/\\\/www.facebook.com\\\/carrenoactualidad\",\"https:\\\/\\\/twitter.com\\\/nbasturias\",\"https:\\\/\\\/www.instagram.com\\\/nachofdezber\\\/\",\"https:\\\/\\\/www.youtube.com\\\/channel\\\/UCZP-2wLEB9Rv6erhFmqVnvg\"]},{\"@type\":\"WebPage\",\"@id\":\"https:\\\/\\\/candas365.es\\\/noticias\\\/merkel-pide-a-ankara-un-dialogo-respetuoso-con-la-oposicion\\\/#webpage\",\"url\":\"https:\\\/\\\/candas365.es\\\/noticias\\\/merkel-pide-a-ankara-un-dialogo-respetuoso-con-la-oposicion\\\/\",\"name\":\"Merkel pide a Ankara \\u00abun di\\u00e1logo respetuoso\\u00bb con la oposici\\u00f3n | Cand\\u00e1s 365\",\"description\":\"(dpa) - La canciller alemana, Angela Merkel, pidi\\u00f3 hoy al Gobierno turco entablar \\\"un di\\u00e1logo respetuoso\\\" con la oposici\\u00f3n tras el ajustado resultado del refer\\u00e9ndum celebrado el domingo en el que gan\\u00f3 el voto a favor de la implementaci\\u00f3n de un sistema presidencialista en Turqu\\u00eda. \\\"El ajustado resultado del refer\\u00e9ndum muestra c\\u00f3mo de profunda es\",\"inLanguage\":\"es-ES\",\"isPartOf\":{\"@id\":\"https:\\\/\\\/candas365.es\\\/noticias\\\/#website\"},\"breadcrumb\":{\"@id\":\"https:\\\/\\\/candas365.es\\\/noticias\\\/merkel-pide-a-ankara-un-dialogo-respetuoso-con-la-oposicion\\\/#breadcrumblist\"},\"author\":{\"@id\":\"https:\\\/\\\/candas365.es\\\/noticias\\\/author\\\/admin\\\/#author\"},\"creator\":{\"@id\":\"https:\\\/\\\/candas365.es\\\/noticias\\\/author\\\/admin\\\/#author\"},\"datePublished\":\"2017-04-18T17:58:51+02:00\",\"dateModified\":\"2017-04-18T17:58:51+02:00\"},{\"@type\":\"WebSite\",\"@id\":\"https:\\\/\\\/candas365.es\\\/noticias\\\/#website\",\"url\":\"https:\\\/\\\/candas365.es\\\/noticias\\\/\",\"name\":\"Cand\\u00e1s 365\",\"alternateName\":\"Cand\\u00e1s 365 Noticias\",\"description\":\"Actualidad desde Carre\\u00f1o para el mundo\",\"inLanguage\":\"es-ES\",\"publisher\":{\"@id\":\"https:\\\/\\\/candas365.es\\\/noticias\\\/#organization\"}}]}\n\t\t<\/script>\n\t\t<!-- All in One SEO Pro -->\r\n\t\t<title>Merkel pide a Ankara \u00abun di\u00e1logo respetuoso\u00bb con la oposici\u00f3n | Cand\u00e1s 365<\/title>\n\n","aioseo_head_json":{"title":"Merkel pide a Ankara \u00abun di\u00e1logo respetuoso\u00bb con la oposici\u00f3n | Cand\u00e1s 365","description":"(dpa) - La canciller alemana, Angela Merkel, pidi\u00f3 hoy al Gobierno turco entablar \"un di\u00e1logo respetuoso\" con la oposici\u00f3n tras el ajustado resultado del refer\u00e9ndum celebrado el domingo en el que gan\u00f3 el voto a favor de la implementaci\u00f3n de un sistema presidencialista en Turqu\u00eda. \"El ajustado resultado del refer\u00e9ndum muestra c\u00f3mo de profunda es","canonical_url":"https:\/\/candas365.es\/noticias\/merkel-pide-a-ankara-un-dialogo-respetuoso-con-la-oposicion\/","robots":"max-image-preview:large","keywords":"actualidad","webmasterTools":{"google-site-verification":"UA-32230408-1","msvalidate.01":"354F3CDFB2DA171B47FBE9ABF1F88D5","miscellaneous":""},"schema":{"@context":"https:\/\/schema.org","@graph":[{"@type":"BreadcrumbList","@id":"https:\/\/candas365.es\/noticias\/merkel-pide-a-ankara-un-dialogo-respetuoso-con-la-oposicion\/#breadcrumblist","itemListElement":[{"@type":"ListItem","@id":"https:\/\/candas365.es\/noticias#listItem","position":1,"name":"Home","item":"https:\/\/candas365.es\/noticias","nextItem":{"@type":"ListItem","@id":"https:\/\/candas365.es\/noticias\/category\/actualidad\/#listItem","name":"Actualidad"}},{"@type":"ListItem","@id":"https:\/\/candas365.es\/noticias\/category\/actualidad\/#listItem","position":2,"name":"Actualidad","item":"https:\/\/candas365.es\/noticias\/category\/actualidad\/","nextItem":{"@type":"ListItem","@id":"https:\/\/candas365.es\/noticias\/merkel-pide-a-ankara-un-dialogo-respetuoso-con-la-oposicion\/#listItem","name":"Merkel pide a Ankara \u00abun di\u00e1logo respetuoso\u00bb con la oposici\u00f3n"},"previousItem":{"@type":"ListItem","@id":"https:\/\/candas365.es\/noticias#listItem","name":"Home"}},{"@type":"ListItem","@id":"https:\/\/candas365.es\/noticias\/merkel-pide-a-ankara-un-dialogo-respetuoso-con-la-oposicion\/#listItem","position":3,"name":"Merkel pide a Ankara \u00abun di\u00e1logo respetuoso\u00bb con la oposici\u00f3n","previousItem":{"@type":"ListItem","@id":"https:\/\/candas365.es\/noticias\/category\/actualidad\/#listItem","name":"Actualidad"}}]},{"@type":"NewsArticle","@id":"https:\/\/candas365.es\/noticias\/merkel-pide-a-ankara-un-dialogo-respetuoso-con-la-oposicion\/#newsarticle","name":"Merkel pide a Ankara \u00abun di\u00e1logo respetuoso\u00bb con la oposici\u00f3n | Cand\u00e1s 365","headline":"Merkel pide a Ankara \u00abun di\u00e1logo respetuoso\u00bb con la oposici\u00f3n","author":{"@id":"https:\/\/candas365.es\/noticias\/author\/admin\/#author"},"publisher":{"@id":"https:\/\/candas365.es\/noticias\/#organization"},"image":{"@type":"ImageObject","url":"https:\/\/candas365.es\/noticias\/wp-content\/uploads\/2024\/09\/Candas-365-Redes.jpg","@id":"https:\/\/candas365.es\/noticias\/#articleImage","width":1152,"height":864,"caption":"Cand\u00e1s 365 Redes"},"datePublished":"2017-04-18T17:58:51+02:00","dateModified":"2017-04-18T17:58:51+02:00","inLanguage":"es-ES","mainEntityOfPage":{"@id":"https:\/\/candas365.es\/noticias\/merkel-pide-a-ankara-un-dialogo-respetuoso-con-la-oposicion\/#webpage"},"isPartOf":{"@id":"https:\/\/candas365.es\/noticias\/merkel-pide-a-ankara-un-dialogo-respetuoso-con-la-oposicion\/#webpage"},"articleSection":"Actualidad","dateline":"Publicado el abril 18, 2017."},{"@type":"Organization","@id":"https:\/\/candas365.es\/noticias\/#organization","name":"Cand\u00e1s 365","description":"Cand\u00e1s 365 es un diario digital independiente, fundado en 2012, con base en Asturias. Informamos con rigor sobre actualidad, sociedad, cultura y ocio, con una mirada local y global.","url":"https:\/\/candas365.es\/noticias\/","email":"info@candas365.es","telephone":"+34652131393","foundingDate":"2012-06-10","logo":{"@type":"ImageObject","url":"https:\/\/candas365.es\/noticias\/wp-content\/uploads\/2024\/09\/Candas-365-Redes.jpg","@id":"https:\/\/candas365.es\/noticias\/merkel-pide-a-ankara-un-dialogo-respetuoso-con-la-oposicion\/#organizationLogo","width":1152,"height":864,"caption":"Cand\u00e1s 365 Redes"},"image":{"@id":"https:\/\/candas365.es\/noticias\/merkel-pide-a-ankara-un-dialogo-respetuoso-con-la-oposicion\/#organizationLogo"},"sameAs":["https:\/\/www.facebook.com\/Nachofdezber","https:\/\/x.com\/NabercoDigital","https:\/\/www.instagram.com\/nachofdezber\/","https:\/\/www.youtube.com\/channel\/UCZP-2wLEB9Rv6erhFmqVnvg"],"address":{"@id":"https:\/\/candas365.es\/noticias\/#postaladdress","@type":"PostalAddress","streetAddress":"san antonio 4, san antonio 4","postalCode":"33430","addressLocality":"Cand\u00e1s","addressRegion":"Asturias","addressCountry":"ES"}},{"@type":"Person","@id":"https:\/\/candas365.es\/noticias\/author\/admin\/#author","url":"https:\/\/candas365.es\/noticias\/author\/admin\/","name":"Cand\u00e1s 365","image":{"@type":"ImageObject","@id":"https:\/\/candas365.es\/noticias\/merkel-pide-a-ankara-un-dialogo-respetuoso-con-la-oposicion\/#authorImage","url":"https:\/\/secure.gravatar.com\/avatar\/496a8e03d0c493ede1718b7934145dbdf8d89be1036b0eec9544e1094c9de390?s=96&d=mm&r=g","width":96,"height":96,"caption":"Cand\u00e1s 365"},"sameAs":["https:\/\/www.facebook.com\/carrenoactualidad","https:\/\/twitter.com\/nbasturias","https:\/\/www.instagram.com\/nachofdezber\/","https:\/\/www.youtube.com\/channel\/UCZP-2wLEB9Rv6erhFmqVnvg"]},{"@type":"WebPage","@id":"https:\/\/candas365.es\/noticias\/merkel-pide-a-ankara-un-dialogo-respetuoso-con-la-oposicion\/#webpage","url":"https:\/\/candas365.es\/noticias\/merkel-pide-a-ankara-un-dialogo-respetuoso-con-la-oposicion\/","name":"Merkel pide a Ankara \u00abun di\u00e1logo respetuoso\u00bb con la oposici\u00f3n | Cand\u00e1s 365","description":"(dpa) - La canciller alemana, Angela Merkel, pidi\u00f3 hoy al Gobierno turco entablar \"un di\u00e1logo respetuoso\" con la oposici\u00f3n tras el ajustado resultado del refer\u00e9ndum celebrado el domingo en el que gan\u00f3 el voto a favor de la implementaci\u00f3n de un sistema presidencialista en Turqu\u00eda. \"El ajustado resultado del refer\u00e9ndum muestra c\u00f3mo de profunda es","inLanguage":"es-ES","isPartOf":{"@id":"https:\/\/candas365.es\/noticias\/#website"},"breadcrumb":{"@id":"https:\/\/candas365.es\/noticias\/merkel-pide-a-ankara-un-dialogo-respetuoso-con-la-oposicion\/#breadcrumblist"},"author":{"@id":"https:\/\/candas365.es\/noticias\/author\/admin\/#author"},"creator":{"@id":"https:\/\/candas365.es\/noticias\/author\/admin\/#author"},"datePublished":"2017-04-18T17:58:51+02:00","dateModified":"2017-04-18T17:58:51+02:00"},{"@type":"WebSite","@id":"https:\/\/candas365.es\/noticias\/#website","url":"https:\/\/candas365.es\/noticias\/","name":"Cand\u00e1s 365","alternateName":"Cand\u00e1s 365 Noticias","description":"Actualidad desde Carre\u00f1o para el mundo","inLanguage":"es-ES","publisher":{"@id":"https:\/\/candas365.es\/noticias\/#organization"}}]},"og:locale":"es_ES","og:site_name":"Cand\u00e1s 365","og:type":"article","og:title":"Merkel pide a Ankara \u00abun di\u00e1logo respetuoso\u00bb con la oposici\u00f3n | Cand\u00e1s 365","og:description":"(dpa) - La canciller alemana, Angela Merkel, pidi\u00f3 hoy al Gobierno turco entablar &quot;un di\u00e1logo respetuoso&quot; con la oposici\u00f3n tras el ajustado resultado del refer\u00e9ndum celebrado el domingo en el que gan\u00f3 el voto a favor de la implementaci\u00f3n de un sistema presidencialista en Turqu\u00eda. &quot;El ajustado resultado del refer\u00e9ndum muestra c\u00f3mo de profunda es","og:url":"https:\/\/candas365.es\/noticias\/merkel-pide-a-ankara-un-dialogo-respetuoso-con-la-oposicion\/","og:image":"https:\/\/candas365.es\/noticias\/wp-content\/uploads\/2024\/09\/Candas-365-Redes.jpg","og:image:secure_url":"https:\/\/candas365.es\/noticias\/wp-content\/uploads\/2024\/09\/Candas-365-Redes.jpg","og:image:width":1152,"og:image:height":864,"article:published_time":"2017-04-18T17:58:51+00:00","article:modified_time":"2017-04-18T17:58:51+00:00","article:publisher":"https:\/\/www.facebook.com\/Nachofdezber","article:author":"https:\/\/www.facebook.com\/carrenoactualidad","twitter:card":"summary_large_image","twitter:site":"@NabercoDigital","twitter:title":"Merkel pide a Ankara \u00abun di\u00e1logo respetuoso\u00bb con la oposici\u00f3n | Cand\u00e1s 365","twitter:description":"(dpa) - La canciller alemana, Angela Merkel, pidi\u00f3 hoy al Gobierno turco entablar &quot;un di\u00e1logo respetuoso&quot; con la oposici\u00f3n tras el ajustado resultado del refer\u00e9ndum celebrado el domingo en el que gan\u00f3 el voto a favor de la implementaci\u00f3n de un sistema presidencialista en Turqu\u00eda. &quot;El ajustado resultado del refer\u00e9ndum muestra c\u00f3mo de profunda es","twitter:creator":"@nbasturias","twitter:image":"https:\/\/candas365.es\/noticias\/wp-content\/uploads\/2024\/09\/Candas-365-Redes.jpg","twitter:label1":"Escrito por","twitter:data1":"Cand\u00e1s 365","twitter:label2":"Tiempo de lectura estimado","twitter:data2":"3 minutos"},"aioseo_meta_data":{"post_id":"69724","title":null,"description":null,"keywords":null,"keyphrases":null,"primary_term":null,"canonical_url":null,"og_title":null,"og_description":null,"og_object_type":"default","og_image_type":"default","og_image_url":null,"og_image_width":null,"og_image_height":null,"og_image_custom_url":null,"og_image_custom_fields":null,"og_video":null,"og_custom_url":null,"og_article_section":null,"og_article_tags":null,"twitter_use_og":false,"twitter_card":"default","twitter_image_type":"default","twitter_image_url":null,"twitter_image_custom_url":null,"twitter_image_custom_fields":null,"twitter_title":null,"twitter_description":null,"schema":{"blockGraphs":[],"customGraphs":[],"default":{"data":{"Article":[],"Course":[],"Dataset":[],"FAQPage":[],"Movie":[],"Person":[],"Product":[],"ProductReview":[],"Car":[],"Recipe":[],"Service":[],"SoftwareApplication":[],"WebPage":[]},"graphName":"","isEnabled":true},"graphs":[],"defaultGraph":"","defaultPostTypeGraph":""},"schema_type":null,"schema_type_options":null,"pillar_content":false,"robots_default":true,"robots_noindex":false,"robots_noarchive":false,"robots_nosnippet":false,"robots_nofollow":false,"robots_noimageindex":false,"robots_noodp":false,"robots_notranslate":false,"robots_max_snippet":null,"robots_max_videopreview":null,"robots_max_imagepreview":"large","priority":null,"frequency":null,"location":null,"local_seo":null,"seo_analyzer_scan_date":"2025-08-25 11:17:13","breadcrumb_settings":null,"limit_modified_date":false,"reviewed_by":null,"open_ai":null,"ai":null,"created":"2020-12-21 13:01:32","updated":"2025-08-25 11:17:13"},"aioseo_breadcrumb":"<div class=\"aioseo-breadcrumbs\"><span class=\"aioseo-breadcrumb\">\n\t<a href=\"https:\/\/candas365.es\/noticias\" title=\"Home\">Home<\/a>\n<\/span><span class=\"aioseo-breadcrumb-separator\">&ndash;<\/span><span class=\"aioseo-breadcrumb\">\n\t<a href=\"https:\/\/candas365.es\/noticias\/category\/actualidad\/\" title=\"Actualidad\">Actualidad<\/a>\n<\/span><span class=\"aioseo-breadcrumb-separator\">&ndash;<\/span><span class=\"aioseo-breadcrumb\">\n\tMerkel pide a Ankara \u00abun di\u00e1logo respetuoso\u00bb con la oposici\u00f3n\n<\/span><\/div>","aioseo_breadcrumb_json":[{"label":"Home","link":"https:\/\/candas365.es\/noticias"},{"label":"Actualidad","link":"https:\/\/candas365.es\/noticias\/category\/actualidad\/"},{"label":"Merkel pide a Ankara \u00abun di\u00e1logo respetuoso\u00bb con la oposici\u00f3n","link":"https:\/\/candas365.es\/noticias\/merkel-pide-a-ankara-un-dialogo-respetuoso-con-la-oposicion\/"}],"_links":{"self":[{"href":"https:\/\/candas365.es\/noticias\/wp-json\/wp\/v2\/posts\/69724","targetHints":{"allow":["GET"]}}],"collection":[{"href":"https:\/\/candas365.es\/noticias\/wp-json\/wp\/v2\/posts"}],"about":[{"href":"https:\/\/candas365.es\/noticias\/wp-json\/wp\/v2\/types\/post"}],"author":[{"embeddable":true,"href":"https:\/\/candas365.es\/noticias\/wp-json\/wp\/v2\/users\/1"}],"replies":[{"embeddable":true,"href":"https:\/\/candas365.es\/noticias\/wp-json\/wp\/v2\/comments?post=69724"}],"version-history":[{"count":0,"href":"https:\/\/candas365.es\/noticias\/wp-json\/wp\/v2\/posts\/69724\/revisions"}],"wp:attachment":[{"href":"https:\/\/candas365.es\/noticias\/wp-json\/wp\/v2\/media?parent=69724"}],"wp:term":[{"taxonomy":"category","embeddable":true,"href":"https:\/\/candas365.es\/noticias\/wp-json\/wp\/v2\/categories?post=69724"},{"taxonomy":"post_tag","embeddable":true,"href":"https:\/\/candas365.es\/noticias\/wp-json\/wp\/v2\/tags?post=69724"}],"curies":[{"name":"wp","href":"https:\/\/api.w.org\/{rel}","templated":true}]}}