{"id":69722,"date":"2017-04-18T17:58:23","date_gmt":"2017-04-18T17:58:23","guid":{"rendered":"http:\/\/candas365.es\/noticias\/?p=69722"},"modified":"2017-04-18T17:58:23","modified_gmt":"2017-04-18T17:58:23","slug":"rummenigge-espera-contar-con-hummels-y-boateng-para-duelo-en-madrid","status":"publish","type":"post","link":"https:\/\/candas365.es\/noticias\/rummenigge-espera-contar-con-hummels-y-boateng-para-duelo-en-madrid\/","title":{"rendered":"Rummenigge espera contar con Hummels y Boateng para duelo en Madrid"},"content":{"rendered":"<p> (dpa) &#8211; El Bayern M\u00fanich espera poder contar ma\u00f1ana, adem\u00e1s de Robert Lewandowski, con Mats Hummels y J\u00e9r\u00f4me Boateng en el duelo ante el Real Madrid por la Liga de Campeones, seg\u00fan indic\u00f3 hoy el presidente de la junta directiva del conjunto alem\u00e1n, Karl-Heinz Rummenigge, antes de volar rumbo a la capital espa\u00f1ola.<\/p>\n<p>El directivo b\u00e1varo no pierde la esperanza de que los jugadores est\u00e9n recuperados de sus lesiones a tiempo para el decisivo partido ante el Real Madrid por los cuartos de final tras caer en la ida 2-1 en M\u00fanich la semana pasada. <\/p>\n<p>Respecto a Hummels, Rummenigge se mostr\u00f3 animado. \u00abHoy por la tarde habr\u00e1 una prueba. Ayer en el entrenamiento todo transcurri\u00f3 en orden, tambi\u00e9n en el caso de Boateng. Robert ya volvi\u00f3 a entrenar con el equipo. Ahora hay que esperar, al final del d\u00eda no seremos tan pesimistas\u00bb, coment\u00f3. <\/p>\n<p>Lewandowski, m\u00e1ximo goleador de la Bundesliga, se perdi\u00f3 la ida por una lesi\u00f3n en el hombro, pero el delantero polaco volvi\u00f3 a entrenar sin problemas el domingo con sus compa\u00f1eros. Los defensas centrales Hummels (lesi\u00f3n en el tobillo) y Boateng (problema en los abductores) llevaron a cabo entrenamientos individuales. <\/p>\n<p>De no llegar ninguno de los dos, el t\u00e9cnico Carlo Ancelotti afrontar\u00e1 un verdadero rompecabezas en la zaga, ya que Javi Mart\u00ednez, quien jug\u00f3 con frecuencia en el centro de la defensa esta temporada, fue expulsado en M\u00fanich y no podr\u00e1 jugar en la vuelta. Joshua Kimmich y David Alaba podr\u00edan ocupar sus posiciones en el Santiago Bernab\u00e9u. <\/p>\n<p>El Bayern tiene ante s\u00ed una dura tarea. Hasta ahora solo en dos ocasiones un equipo ha logrado pasar a la siguiente ronda en la Liga de Campeones tras caer en casa a la ida. En octavos de final de 2011, el Inter de Mil\u00e1n gan\u00f3 1-0 al Bayern en M\u00fanich despu\u00e9s de haber perdido 3-2 en casa. Y en abril de 1996, el Ajax de Amsterdam logr\u00f3 el pase al ganar 3-0 ante el Panathinaikos de Atenas tras caer en casa 1-0. <\/p>\n<p>\u00abEl criterio decisivo es que ning\u00fan partido es igual a otro\u00bb, coment\u00f3 Rummenigge. \u00abLo daremos todo. Si al final es suficiente, ni idea. Deseo, ser\u00eda genial como es natural, que el equipo pueda dar a\u00fan la vuelta al resultado\u00bb, agreg\u00f3. <\/p>\n","protected":false},"excerpt":{"rendered":"<p>(dpa) &#8211; El Bayern M\u00fanich espera poder contar ma\u00f1ana, adem\u00e1s de Robert Lewandowski, con Mats Hummels y J\u00e9r\u00f4me Boateng en el duelo ante el Real Madrid por la Liga de Campeones, seg\u00fan indic\u00f3 hoy el presidente de la junta directiva del conjunto alem\u00e1n, Karl-Heinz Rummenigge, antes de volar rumbo a la capital espa\u00f1ola. El directivo<\/p>\n","protected":false},"author":1,"featured_media":0,"comment_status":"open","ping_status":"closed","sticky":false,"template":"","format":"standard","meta":{"footnotes":""},"categories":[343],"tags":[],"class_list":{"0":"post-69722","1":"post","2":"type-post","3":"status-publish","4":"format-standard","6":"category-actualidad"},"aioseo_notices":[],"aioseo_head":"\n\t\t<!-- All in One SEO Pro 4.9.6.2 - aioseo.com -->\n\t<meta name=\"description\" content=\"(dpa) - El Bayern M\u00fanich espera poder contar ma\u00f1ana, adem\u00e1s de Robert Lewandowski, con Mats Hummels y J\u00e9r\u00f4me Boateng en el duelo ante el Real Madrid por la Liga de Campeones, seg\u00fan indic\u00f3 hoy el presidente de la junta directiva del conjunto alem\u00e1n, Karl-Heinz Rummenigge, antes de volar rumbo a la capital espa\u00f1ola. El directivo\" \/>\n\t<meta name=\"robots\" content=\"max-image-preview:large\" \/>\n\t<meta name=\"author\" content=\"Cand\u00e1s 365\"\/>\n\t<meta name=\"google-site-verification\" content=\"UA-32230408-1\" \/>\n\t<meta name=\"msvalidate.01\" content=\"354F3CDFB2DA171B47FBE9ABF1F88D5\" \/>\n\t<meta name=\"keywords\" content=\"actualidad\" \/>\n\t<link rel=\"canonical\" href=\"https:\/\/candas365.es\/noticias\/rummenigge-espera-contar-con-hummels-y-boateng-para-duelo-en-madrid\/\" \/>\n\t<meta name=\"generator\" content=\"All in One SEO Pro (AIOSEO) 4.9.6.2\" \/>\n\t\t<meta property=\"og:locale\" content=\"es_ES\" \/>\n\t\t<meta property=\"og:site_name\" content=\"Cand\u00e1s 365\" \/>\n\t\t<meta property=\"og:type\" content=\"article\" \/>\n\t\t<meta property=\"og:title\" content=\"Rummenigge espera contar con Hummels y Boateng para duelo en Madrid | Cand\u00e1s 365\" \/>\n\t\t<meta property=\"og:description\" content=\"(dpa) - El Bayern M\u00fanich espera poder contar ma\u00f1ana, adem\u00e1s de Robert Lewandowski, con Mats Hummels y J\u00e9r\u00f4me Boateng en el duelo ante el Real Madrid por la Liga de Campeones, seg\u00fan indic\u00f3 hoy el presidente de la junta directiva del conjunto alem\u00e1n, Karl-Heinz Rummenigge, antes de volar rumbo a la capital espa\u00f1ola. El directivo\" \/>\n\t\t<meta property=\"og:url\" content=\"https:\/\/candas365.es\/noticias\/rummenigge-espera-contar-con-hummels-y-boateng-para-duelo-en-madrid\/\" \/>\n\t\t<meta property=\"og:image\" content=\"https:\/\/candas365.es\/noticias\/wp-content\/uploads\/2024\/09\/Candas-365-Redes.jpg\" \/>\n\t\t<meta property=\"og:image:secure_url\" content=\"https:\/\/candas365.es\/noticias\/wp-content\/uploads\/2024\/09\/Candas-365-Redes.jpg\" \/>\n\t\t<meta property=\"og:image:width\" content=\"1152\" \/>\n\t\t<meta property=\"og:image:height\" content=\"864\" \/>\n\t\t<meta property=\"article:published_time\" content=\"2017-04-18T17:58:23+00:00\" \/>\n\t\t<meta property=\"article:modified_time\" content=\"2017-04-18T17:58:23+00:00\" \/>\n\t\t<meta property=\"article:publisher\" content=\"https:\/\/www.facebook.com\/Nachofdezber\" \/>\n\t\t<meta property=\"article:author\" content=\"https:\/\/www.facebook.com\/carrenoactualidad\" \/>\n\t\t<meta name=\"twitter:card\" content=\"summary_large_image\" \/>\n\t\t<meta name=\"twitter:site\" content=\"@NabercoDigital\" \/>\n\t\t<meta name=\"twitter:title\" content=\"Rummenigge espera contar con Hummels y Boateng para duelo en Madrid | Cand\u00e1s 365\" \/>\n\t\t<meta name=\"twitter:description\" content=\"(dpa) - El Bayern M\u00fanich espera poder contar ma\u00f1ana, adem\u00e1s de Robert Lewandowski, con Mats Hummels y J\u00e9r\u00f4me Boateng en el duelo ante el Real Madrid por la Liga de Campeones, seg\u00fan indic\u00f3 hoy el presidente de la junta directiva del conjunto alem\u00e1n, Karl-Heinz Rummenigge, antes de volar rumbo a la capital espa\u00f1ola. El directivo\" \/>\n\t\t<meta name=\"twitter:creator\" content=\"@nbasturias\" \/>\n\t\t<meta name=\"twitter:image\" content=\"https:\/\/candas365.es\/noticias\/wp-content\/uploads\/2024\/09\/Candas-365-Redes.jpg\" \/>\n\t\t<meta name=\"twitter:label1\" content=\"Escrito por\" \/>\n\t\t<meta name=\"twitter:data1\" content=\"Cand\u00e1s 365\" \/>\n\t\t<meta name=\"twitter:label2\" content=\"Tiempo de lectura estimado\" \/>\n\t\t<meta name=\"twitter:data2\" content=\"2 minutos\" \/>\n\t\t<script type=\"application\/ld+json\" class=\"aioseo-schema\">\n\t\t\t{\"@context\":\"https:\\\/\\\/schema.org\",\"@graph\":[{\"@type\":\"BreadcrumbList\",\"@id\":\"https:\\\/\\\/candas365.es\\\/noticias\\\/rummenigge-espera-contar-con-hummels-y-boateng-para-duelo-en-madrid\\\/#breadcrumblist\",\"itemListElement\":[{\"@type\":\"ListItem\",\"@id\":\"https:\\\/\\\/candas365.es\\\/noticias#listItem\",\"position\":1,\"name\":\"Home\",\"item\":\"https:\\\/\\\/candas365.es\\\/noticias\",\"nextItem\":{\"@type\":\"ListItem\",\"@id\":\"https:\\\/\\\/candas365.es\\\/noticias\\\/category\\\/actualidad\\\/#listItem\",\"name\":\"Actualidad\"}},{\"@type\":\"ListItem\",\"@id\":\"https:\\\/\\\/candas365.es\\\/noticias\\\/category\\\/actualidad\\\/#listItem\",\"position\":2,\"name\":\"Actualidad\",\"item\":\"https:\\\/\\\/candas365.es\\\/noticias\\\/category\\\/actualidad\\\/\",\"nextItem\":{\"@type\":\"ListItem\",\"@id\":\"https:\\\/\\\/candas365.es\\\/noticias\\\/rummenigge-espera-contar-con-hummels-y-boateng-para-duelo-en-madrid\\\/#listItem\",\"name\":\"Rummenigge espera contar con Hummels y Boateng para duelo en Madrid\"},\"previousItem\":{\"@type\":\"ListItem\",\"@id\":\"https:\\\/\\\/candas365.es\\\/noticias#listItem\",\"name\":\"Home\"}},{\"@type\":\"ListItem\",\"@id\":\"https:\\\/\\\/candas365.es\\\/noticias\\\/rummenigge-espera-contar-con-hummels-y-boateng-para-duelo-en-madrid\\\/#listItem\",\"position\":3,\"name\":\"Rummenigge espera contar con Hummels y Boateng para duelo en Madrid\",\"previousItem\":{\"@type\":\"ListItem\",\"@id\":\"https:\\\/\\\/candas365.es\\\/noticias\\\/category\\\/actualidad\\\/#listItem\",\"name\":\"Actualidad\"}}]},{\"@type\":\"NewsArticle\",\"@id\":\"https:\\\/\\\/candas365.es\\\/noticias\\\/rummenigge-espera-contar-con-hummels-y-boateng-para-duelo-en-madrid\\\/#newsarticle\",\"name\":\"Rummenigge espera contar con Hummels y Boateng para duelo en Madrid | Cand\\u00e1s 365\",\"headline\":\"Rummenigge espera contar con Hummels y Boateng para duelo en Madrid\",\"author\":{\"@id\":\"https:\\\/\\\/candas365.es\\\/noticias\\\/author\\\/admin\\\/#author\"},\"publisher\":{\"@id\":\"https:\\\/\\\/candas365.es\\\/noticias\\\/#organization\"},\"image\":{\"@type\":\"ImageObject\",\"url\":\"https:\\\/\\\/candas365.es\\\/noticias\\\/wp-content\\\/uploads\\\/2024\\\/09\\\/Candas-365-Redes.jpg\",\"@id\":\"https:\\\/\\\/candas365.es\\\/noticias\\\/#articleImage\",\"width\":1152,\"height\":864,\"caption\":\"Cand\\u00e1s 365 Redes\"},\"datePublished\":\"2017-04-18T17:58:23+02:00\",\"dateModified\":\"2017-04-18T17:58:23+02:00\",\"inLanguage\":\"es-ES\",\"mainEntityOfPage\":{\"@id\":\"https:\\\/\\\/candas365.es\\\/noticias\\\/rummenigge-espera-contar-con-hummels-y-boateng-para-duelo-en-madrid\\\/#webpage\"},\"isPartOf\":{\"@id\":\"https:\\\/\\\/candas365.es\\\/noticias\\\/rummenigge-espera-contar-con-hummels-y-boateng-para-duelo-en-madrid\\\/#webpage\"},\"articleSection\":\"Actualidad\",\"dateline\":\"Publicado el abril 18, 2017.\"},{\"@type\":\"Organization\",\"@id\":\"https:\\\/\\\/candas365.es\\\/noticias\\\/#organization\",\"name\":\"Cand\\u00e1s 365\",\"description\":\"Cand\\u00e1s 365 es un diario digital independiente, fundado en 2012, con base en Asturias. Informamos con rigor sobre actualidad, sociedad, cultura y ocio, con una mirada local y global.\",\"url\":\"https:\\\/\\\/candas365.es\\\/noticias\\\/\",\"email\":\"info@candas365.es\",\"telephone\":\"+34652131393\",\"foundingDate\":\"2012-06-10\",\"logo\":{\"@type\":\"ImageObject\",\"url\":\"https:\\\/\\\/candas365.es\\\/noticias\\\/wp-content\\\/uploads\\\/2024\\\/09\\\/Candas-365-Redes.jpg\",\"@id\":\"https:\\\/\\\/candas365.es\\\/noticias\\\/rummenigge-espera-contar-con-hummels-y-boateng-para-duelo-en-madrid\\\/#organizationLogo\",\"width\":1152,\"height\":864,\"caption\":\"Cand\\u00e1s 365 Redes\"},\"image\":{\"@id\":\"https:\\\/\\\/candas365.es\\\/noticias\\\/rummenigge-espera-contar-con-hummels-y-boateng-para-duelo-en-madrid\\\/#organizationLogo\"},\"sameAs\":[\"https:\\\/\\\/www.facebook.com\\\/Nachofdezber\",\"https:\\\/\\\/x.com\\\/NabercoDigital\",\"https:\\\/\\\/www.instagram.com\\\/nachofdezber\\\/\",\"https:\\\/\\\/www.youtube.com\\\/channel\\\/UCZP-2wLEB9Rv6erhFmqVnvg\"],\"address\":{\"@id\":\"https:\\\/\\\/candas365.es\\\/noticias\\\/#postaladdress\",\"@type\":\"PostalAddress\",\"streetAddress\":\"san antonio 4, san antonio 4\",\"postalCode\":\"33430\",\"addressLocality\":\"Cand\\u00e1s\",\"addressRegion\":\"Asturias\",\"addressCountry\":\"ES\"}},{\"@type\":\"Person\",\"@id\":\"https:\\\/\\\/candas365.es\\\/noticias\\\/author\\\/admin\\\/#author\",\"url\":\"https:\\\/\\\/candas365.es\\\/noticias\\\/author\\\/admin\\\/\",\"name\":\"Cand\\u00e1s 365\",\"image\":{\"@type\":\"ImageObject\",\"@id\":\"https:\\\/\\\/candas365.es\\\/noticias\\\/rummenigge-espera-contar-con-hummels-y-boateng-para-duelo-en-madrid\\\/#authorImage\",\"url\":\"https:\\\/\\\/secure.gravatar.com\\\/avatar\\\/496a8e03d0c493ede1718b7934145dbdf8d89be1036b0eec9544e1094c9de390?s=96&d=mm&r=g\",\"width\":96,\"height\":96,\"caption\":\"Cand\\u00e1s 365\"},\"sameAs\":[\"https:\\\/\\\/www.facebook.com\\\/carrenoactualidad\",\"https:\\\/\\\/twitter.com\\\/nbasturias\",\"https:\\\/\\\/www.instagram.com\\\/nachofdezber\\\/\",\"https:\\\/\\\/www.youtube.com\\\/channel\\\/UCZP-2wLEB9Rv6erhFmqVnvg\"]},{\"@type\":\"WebPage\",\"@id\":\"https:\\\/\\\/candas365.es\\\/noticias\\\/rummenigge-espera-contar-con-hummels-y-boateng-para-duelo-en-madrid\\\/#webpage\",\"url\":\"https:\\\/\\\/candas365.es\\\/noticias\\\/rummenigge-espera-contar-con-hummels-y-boateng-para-duelo-en-madrid\\\/\",\"name\":\"Rummenigge espera contar con Hummels y Boateng para duelo en Madrid | Cand\\u00e1s 365\",\"description\":\"(dpa) - El Bayern M\\u00fanich espera poder contar ma\\u00f1ana, adem\\u00e1s de Robert Lewandowski, con Mats Hummels y J\\u00e9r\\u00f4me Boateng en el duelo ante el Real Madrid por la Liga de Campeones, seg\\u00fan indic\\u00f3 hoy el presidente de la junta directiva del conjunto alem\\u00e1n, Karl-Heinz Rummenigge, antes de volar rumbo a la capital espa\\u00f1ola. El directivo\",\"inLanguage\":\"es-ES\",\"isPartOf\":{\"@id\":\"https:\\\/\\\/candas365.es\\\/noticias\\\/#website\"},\"breadcrumb\":{\"@id\":\"https:\\\/\\\/candas365.es\\\/noticias\\\/rummenigge-espera-contar-con-hummels-y-boateng-para-duelo-en-madrid\\\/#breadcrumblist\"},\"author\":{\"@id\":\"https:\\\/\\\/candas365.es\\\/noticias\\\/author\\\/admin\\\/#author\"},\"creator\":{\"@id\":\"https:\\\/\\\/candas365.es\\\/noticias\\\/author\\\/admin\\\/#author\"},\"datePublished\":\"2017-04-18T17:58:23+02:00\",\"dateModified\":\"2017-04-18T17:58:23+02:00\"},{\"@type\":\"WebSite\",\"@id\":\"https:\\\/\\\/candas365.es\\\/noticias\\\/#website\",\"url\":\"https:\\\/\\\/candas365.es\\\/noticias\\\/\",\"name\":\"Cand\\u00e1s 365\",\"alternateName\":\"Cand\\u00e1s 365 Noticias\",\"description\":\"Actualidad desde Carre\\u00f1o para el mundo\",\"inLanguage\":\"es-ES\",\"publisher\":{\"@id\":\"https:\\\/\\\/candas365.es\\\/noticias\\\/#organization\"}}]}\n\t\t<\/script>\n\t\t<!-- All in One SEO Pro -->\r\n\t\t<title>Rummenigge espera contar con Hummels y Boateng para duelo en Madrid | Cand\u00e1s 365<\/title>\n\n","aioseo_head_json":{"title":"Rummenigge espera contar con Hummels y Boateng para duelo en Madrid | Cand\u00e1s 365","description":"(dpa) - El Bayern M\u00fanich espera poder contar ma\u00f1ana, adem\u00e1s de Robert Lewandowski, con Mats Hummels y J\u00e9r\u00f4me Boateng en el duelo ante el Real Madrid por la Liga de Campeones, seg\u00fan indic\u00f3 hoy el presidente de la junta directiva del conjunto alem\u00e1n, Karl-Heinz Rummenigge, antes de volar rumbo a la capital espa\u00f1ola. El directivo","canonical_url":"https:\/\/candas365.es\/noticias\/rummenigge-espera-contar-con-hummels-y-boateng-para-duelo-en-madrid\/","robots":"max-image-preview:large","keywords":"actualidad","webmasterTools":{"google-site-verification":"UA-32230408-1","msvalidate.01":"354F3CDFB2DA171B47FBE9ABF1F88D5","miscellaneous":""},"schema":{"@context":"https:\/\/schema.org","@graph":[{"@type":"BreadcrumbList","@id":"https:\/\/candas365.es\/noticias\/rummenigge-espera-contar-con-hummels-y-boateng-para-duelo-en-madrid\/#breadcrumblist","itemListElement":[{"@type":"ListItem","@id":"https:\/\/candas365.es\/noticias#listItem","position":1,"name":"Home","item":"https:\/\/candas365.es\/noticias","nextItem":{"@type":"ListItem","@id":"https:\/\/candas365.es\/noticias\/category\/actualidad\/#listItem","name":"Actualidad"}},{"@type":"ListItem","@id":"https:\/\/candas365.es\/noticias\/category\/actualidad\/#listItem","position":2,"name":"Actualidad","item":"https:\/\/candas365.es\/noticias\/category\/actualidad\/","nextItem":{"@type":"ListItem","@id":"https:\/\/candas365.es\/noticias\/rummenigge-espera-contar-con-hummels-y-boateng-para-duelo-en-madrid\/#listItem","name":"Rummenigge espera contar con Hummels y Boateng para duelo en Madrid"},"previousItem":{"@type":"ListItem","@id":"https:\/\/candas365.es\/noticias#listItem","name":"Home"}},{"@type":"ListItem","@id":"https:\/\/candas365.es\/noticias\/rummenigge-espera-contar-con-hummels-y-boateng-para-duelo-en-madrid\/#listItem","position":3,"name":"Rummenigge espera contar con Hummels y Boateng para duelo en Madrid","previousItem":{"@type":"ListItem","@id":"https:\/\/candas365.es\/noticias\/category\/actualidad\/#listItem","name":"Actualidad"}}]},{"@type":"NewsArticle","@id":"https:\/\/candas365.es\/noticias\/rummenigge-espera-contar-con-hummels-y-boateng-para-duelo-en-madrid\/#newsarticle","name":"Rummenigge espera contar con Hummels y Boateng para duelo en Madrid | Cand\u00e1s 365","headline":"Rummenigge espera contar con Hummels y Boateng para duelo en Madrid","author":{"@id":"https:\/\/candas365.es\/noticias\/author\/admin\/#author"},"publisher":{"@id":"https:\/\/candas365.es\/noticias\/#organization"},"image":{"@type":"ImageObject","url":"https:\/\/candas365.es\/noticias\/wp-content\/uploads\/2024\/09\/Candas-365-Redes.jpg","@id":"https:\/\/candas365.es\/noticias\/#articleImage","width":1152,"height":864,"caption":"Cand\u00e1s 365 Redes"},"datePublished":"2017-04-18T17:58:23+02:00","dateModified":"2017-04-18T17:58:23+02:00","inLanguage":"es-ES","mainEntityOfPage":{"@id":"https:\/\/candas365.es\/noticias\/rummenigge-espera-contar-con-hummels-y-boateng-para-duelo-en-madrid\/#webpage"},"isPartOf":{"@id":"https:\/\/candas365.es\/noticias\/rummenigge-espera-contar-con-hummels-y-boateng-para-duelo-en-madrid\/#webpage"},"articleSection":"Actualidad","dateline":"Publicado el abril 18, 2017."},{"@type":"Organization","@id":"https:\/\/candas365.es\/noticias\/#organization","name":"Cand\u00e1s 365","description":"Cand\u00e1s 365 es un diario digital independiente, fundado en 2012, con base en Asturias. Informamos con rigor sobre actualidad, sociedad, cultura y ocio, con una mirada local y global.","url":"https:\/\/candas365.es\/noticias\/","email":"info@candas365.es","telephone":"+34652131393","foundingDate":"2012-06-10","logo":{"@type":"ImageObject","url":"https:\/\/candas365.es\/noticias\/wp-content\/uploads\/2024\/09\/Candas-365-Redes.jpg","@id":"https:\/\/candas365.es\/noticias\/rummenigge-espera-contar-con-hummels-y-boateng-para-duelo-en-madrid\/#organizationLogo","width":1152,"height":864,"caption":"Cand\u00e1s 365 Redes"},"image":{"@id":"https:\/\/candas365.es\/noticias\/rummenigge-espera-contar-con-hummels-y-boateng-para-duelo-en-madrid\/#organizationLogo"},"sameAs":["https:\/\/www.facebook.com\/Nachofdezber","https:\/\/x.com\/NabercoDigital","https:\/\/www.instagram.com\/nachofdezber\/","https:\/\/www.youtube.com\/channel\/UCZP-2wLEB9Rv6erhFmqVnvg"],"address":{"@id":"https:\/\/candas365.es\/noticias\/#postaladdress","@type":"PostalAddress","streetAddress":"san antonio 4, san antonio 4","postalCode":"33430","addressLocality":"Cand\u00e1s","addressRegion":"Asturias","addressCountry":"ES"}},{"@type":"Person","@id":"https:\/\/candas365.es\/noticias\/author\/admin\/#author","url":"https:\/\/candas365.es\/noticias\/author\/admin\/","name":"Cand\u00e1s 365","image":{"@type":"ImageObject","@id":"https:\/\/candas365.es\/noticias\/rummenigge-espera-contar-con-hummels-y-boateng-para-duelo-en-madrid\/#authorImage","url":"https:\/\/secure.gravatar.com\/avatar\/496a8e03d0c493ede1718b7934145dbdf8d89be1036b0eec9544e1094c9de390?s=96&d=mm&r=g","width":96,"height":96,"caption":"Cand\u00e1s 365"},"sameAs":["https:\/\/www.facebook.com\/carrenoactualidad","https:\/\/twitter.com\/nbasturias","https:\/\/www.instagram.com\/nachofdezber\/","https:\/\/www.youtube.com\/channel\/UCZP-2wLEB9Rv6erhFmqVnvg"]},{"@type":"WebPage","@id":"https:\/\/candas365.es\/noticias\/rummenigge-espera-contar-con-hummels-y-boateng-para-duelo-en-madrid\/#webpage","url":"https:\/\/candas365.es\/noticias\/rummenigge-espera-contar-con-hummels-y-boateng-para-duelo-en-madrid\/","name":"Rummenigge espera contar con Hummels y Boateng para duelo en Madrid | Cand\u00e1s 365","description":"(dpa) - El Bayern M\u00fanich espera poder contar ma\u00f1ana, adem\u00e1s de Robert Lewandowski, con Mats Hummels y J\u00e9r\u00f4me Boateng en el duelo ante el Real Madrid por la Liga de Campeones, seg\u00fan indic\u00f3 hoy el presidente de la junta directiva del conjunto alem\u00e1n, Karl-Heinz Rummenigge, antes de volar rumbo a la capital espa\u00f1ola. El directivo","inLanguage":"es-ES","isPartOf":{"@id":"https:\/\/candas365.es\/noticias\/#website"},"breadcrumb":{"@id":"https:\/\/candas365.es\/noticias\/rummenigge-espera-contar-con-hummels-y-boateng-para-duelo-en-madrid\/#breadcrumblist"},"author":{"@id":"https:\/\/candas365.es\/noticias\/author\/admin\/#author"},"creator":{"@id":"https:\/\/candas365.es\/noticias\/author\/admin\/#author"},"datePublished":"2017-04-18T17:58:23+02:00","dateModified":"2017-04-18T17:58:23+02:00"},{"@type":"WebSite","@id":"https:\/\/candas365.es\/noticias\/#website","url":"https:\/\/candas365.es\/noticias\/","name":"Cand\u00e1s 365","alternateName":"Cand\u00e1s 365 Noticias","description":"Actualidad desde Carre\u00f1o para el mundo","inLanguage":"es-ES","publisher":{"@id":"https:\/\/candas365.es\/noticias\/#organization"}}]},"og:locale":"es_ES","og:site_name":"Cand\u00e1s 365","og:type":"article","og:title":"Rummenigge espera contar con Hummels y Boateng para duelo en Madrid | Cand\u00e1s 365","og:description":"(dpa) - El Bayern M\u00fanich espera poder contar ma\u00f1ana, adem\u00e1s de Robert Lewandowski, con Mats Hummels y J\u00e9r\u00f4me Boateng en el duelo ante el Real Madrid por la Liga de Campeones, seg\u00fan indic\u00f3 hoy el presidente de la junta directiva del conjunto alem\u00e1n, Karl-Heinz Rummenigge, antes de volar rumbo a la capital espa\u00f1ola. El directivo","og:url":"https:\/\/candas365.es\/noticias\/rummenigge-espera-contar-con-hummels-y-boateng-para-duelo-en-madrid\/","og:image":"https:\/\/candas365.es\/noticias\/wp-content\/uploads\/2024\/09\/Candas-365-Redes.jpg","og:image:secure_url":"https:\/\/candas365.es\/noticias\/wp-content\/uploads\/2024\/09\/Candas-365-Redes.jpg","og:image:width":1152,"og:image:height":864,"article:published_time":"2017-04-18T17:58:23+00:00","article:modified_time":"2017-04-18T17:58:23+00:00","article:publisher":"https:\/\/www.facebook.com\/Nachofdezber","article:author":"https:\/\/www.facebook.com\/carrenoactualidad","twitter:card":"summary_large_image","twitter:site":"@NabercoDigital","twitter:title":"Rummenigge espera contar con Hummels y Boateng para duelo en Madrid | Cand\u00e1s 365","twitter:description":"(dpa) - El Bayern M\u00fanich espera poder contar ma\u00f1ana, adem\u00e1s de Robert Lewandowski, con Mats Hummels y J\u00e9r\u00f4me Boateng en el duelo ante el Real Madrid por la Liga de Campeones, seg\u00fan indic\u00f3 hoy el presidente de la junta directiva del conjunto alem\u00e1n, Karl-Heinz Rummenigge, antes de volar rumbo a la capital espa\u00f1ola. El directivo","twitter:creator":"@nbasturias","twitter:image":"https:\/\/candas365.es\/noticias\/wp-content\/uploads\/2024\/09\/Candas-365-Redes.jpg","twitter:label1":"Escrito por","twitter:data1":"Cand\u00e1s 365","twitter:label2":"Tiempo de lectura estimado","twitter:data2":"2 minutos"},"aioseo_meta_data":{"post_id":"69722","title":null,"description":null,"keywords":null,"keyphrases":null,"primary_term":null,"canonical_url":null,"og_title":null,"og_description":null,"og_object_type":"default","og_image_type":"default","og_image_url":null,"og_image_width":null,"og_image_height":null,"og_image_custom_url":null,"og_image_custom_fields":null,"og_video":null,"og_custom_url":null,"og_article_section":null,"og_article_tags":null,"twitter_use_og":false,"twitter_card":"default","twitter_image_type":"default","twitter_image_url":null,"twitter_image_custom_url":null,"twitter_image_custom_fields":null,"twitter_title":null,"twitter_description":null,"schema":{"blockGraphs":[],"customGraphs":[],"default":{"data":{"Article":[],"Course":[],"Dataset":[],"FAQPage":[],"Movie":[],"Person":[],"Product":[],"ProductReview":[],"Car":[],"Recipe":[],"Service":[],"SoftwareApplication":[],"WebPage":[]},"graphName":"","isEnabled":true},"graphs":[],"defaultGraph":"","defaultPostTypeGraph":""},"schema_type":null,"schema_type_options":null,"pillar_content":false,"robots_default":true,"robots_noindex":false,"robots_noarchive":false,"robots_nosnippet":false,"robots_nofollow":false,"robots_noimageindex":false,"robots_noodp":false,"robots_notranslate":false,"robots_max_snippet":null,"robots_max_videopreview":null,"robots_max_imagepreview":"large","priority":null,"frequency":null,"location":null,"local_seo":null,"seo_analyzer_scan_date":"2025-08-25 11:17:11","breadcrumb_settings":null,"limit_modified_date":false,"reviewed_by":null,"open_ai":null,"ai":null,"created":"2020-12-21 13:01:32","updated":"2025-08-25 11:17:11"},"aioseo_breadcrumb":"<div class=\"aioseo-breadcrumbs\"><span class=\"aioseo-breadcrumb\">\n\t<a href=\"https:\/\/candas365.es\/noticias\" title=\"Home\">Home<\/a>\n<\/span><span class=\"aioseo-breadcrumb-separator\">&ndash;<\/span><span class=\"aioseo-breadcrumb\">\n\t<a href=\"https:\/\/candas365.es\/noticias\/category\/actualidad\/\" title=\"Actualidad\">Actualidad<\/a>\n<\/span><span class=\"aioseo-breadcrumb-separator\">&ndash;<\/span><span class=\"aioseo-breadcrumb\">\n\tRummenigge espera contar con Hummels y Boateng para duelo en Madrid\n<\/span><\/div>","aioseo_breadcrumb_json":[{"label":"Home","link":"https:\/\/candas365.es\/noticias"},{"label":"Actualidad","link":"https:\/\/candas365.es\/noticias\/category\/actualidad\/"},{"label":"Rummenigge espera contar con Hummels y Boateng para duelo en Madrid","link":"https:\/\/candas365.es\/noticias\/rummenigge-espera-contar-con-hummels-y-boateng-para-duelo-en-madrid\/"}],"_links":{"self":[{"href":"https:\/\/candas365.es\/noticias\/wp-json\/wp\/v2\/posts\/69722","targetHints":{"allow":["GET"]}}],"collection":[{"href":"https:\/\/candas365.es\/noticias\/wp-json\/wp\/v2\/posts"}],"about":[{"href":"https:\/\/candas365.es\/noticias\/wp-json\/wp\/v2\/types\/post"}],"author":[{"embeddable":true,"href":"https:\/\/candas365.es\/noticias\/wp-json\/wp\/v2\/users\/1"}],"replies":[{"embeddable":true,"href":"https:\/\/candas365.es\/noticias\/wp-json\/wp\/v2\/comments?post=69722"}],"version-history":[{"count":0,"href":"https:\/\/candas365.es\/noticias\/wp-json\/wp\/v2\/posts\/69722\/revisions"}],"wp:attachment":[{"href":"https:\/\/candas365.es\/noticias\/wp-json\/wp\/v2\/media?parent=69722"}],"wp:term":[{"taxonomy":"category","embeddable":true,"href":"https:\/\/candas365.es\/noticias\/wp-json\/wp\/v2\/categories?post=69722"},{"taxonomy":"post_tag","embeddable":true,"href":"https:\/\/candas365.es\/noticias\/wp-json\/wp\/v2\/tags?post=69722"}],"curies":[{"name":"wp","href":"https:\/\/api.w.org\/{rel}","templated":true}]}}