{"id":69718,"date":"2017-04-18T17:57:22","date_gmt":"2017-04-18T17:57:22","guid":{"rendered":"http:\/\/candas365.es\/noticias\/?p=69718"},"modified":"2017-04-18T17:57:22","modified_gmt":"2017-04-18T17:57:22","slug":"politicos-alemanes-reclaman-cerrar-la-puerta-de-la-ue-a-turquia","status":"publish","type":"post","link":"https:\/\/candas365.es\/noticias\/politicos-alemanes-reclaman-cerrar-la-puerta-de-la-ue-a-turquia\/","title":{"rendered":"Pol\u00edticos alemanes reclaman cerrar la puerta de la UE a Turqu\u00eda"},"content":{"rendered":"<p>(dpa) &#8211; Tras el \u00abs\u00ed\u00bb en el refer\u00e9ndum sobre la implementaci\u00f3n de un sistema presidencialista en Turqu\u00eda, varios destacados pol\u00edticos alemanes de los conservadores, la Izquierda y el Partido Liberal (FDP) pidieron hoy acabar con las negociaciones para la entrada de Turqu\u00eda en la Uni\u00f3n Europea (UE). <\/p>\n<p>\u00abSer un miembro de pleno derecho ya no puede ser un objetivo\u00bb, declar\u00f3 el vicepresidente de la Uni\u00f3n Cristianosocial (CSU), Manfred Weber, en la cadena de televisi\u00f3n p\u00fablica alemana ZDF. De igual manera se manifest\u00f3 la vicepresidenta de la Uni\u00f3n Cristianodem\u00f3crata (CDU), Julia Kl\u00f6ckner. <\/p>\n<p>A la vista de la victoria del \u00abs\u00ed\u00bb por escaso margen y del anuncio de la oposici\u00f3n de impugnar el resultado, el Gobierno alem\u00e1n se mantiene a\u00fan cauto en sus comentarios. El ministro de Exteriores alem\u00e1n, Sigmar Gabriel, hizo un llamamiento a la prudencia. \u00abEstamos bien asesorados, ahora hay que mantener la cabeza fr\u00eda y obrar con sensatez\u00bb, declar\u00f3 el pol\u00edtico socialdem\u00f3crata el domingo. <\/p>\n<p>El domingo por la noche, la comisi\u00f3n electoral turca declar\u00f3 finalmente la victoria del \u00abs\u00ed\u00bb bas\u00e1ndose en los resultados provisorios. Los resultados oficiales definitivos a\u00fan no se dieron a conocer. Seg\u00fan la agencia estatal Anadolu, escrutado el 99,17 por ciento de los votos, el 51,35 por ciento fue para el \u00abs\u00ed\u00bb.<\/p>\n<p>El sistema presidencialista establece, entre sus principales puntos, que el presidente ser\u00e1 jefe de Estado y jefe de Gobierno y, como tal, ser\u00e1 el responsable del nombramiento y la destituci\u00f3n de ministros. Adem\u00e1s, podr\u00e1 dictar decretos, a trav\u00e9s de los cuales podr\u00e1 establecer, suprimir o reorganizar los ministerios del Gobierno.<\/p>\n<p>Asimismo, el cambio permitir\u00eda a Erdogan tener mayor\u00eda parlamentaria y m\u00e1s influencia en el poder judicial e incluso permanecer en el poder hasta 2034 haciendo uso de la convocatoria de elecciones por parte del Parlamento.<\/p>\n<p>Las negociaciones con la UE para la entrada de Turqu\u00eda son pol\u00e9micas desde hace tiempo. Bruselas comenz\u00f3 a hablar con Ankara en 2005, pero en los \u00faltimos tiempos no hubo ning\u00fan avance y las conversaciones de facto est\u00e1n congeladas. Sin embargo, hasta el momento la UE no ha querido cerrarle por completo la puerta a Turqu\u00eda, aunque la restauraci\u00f3n de la pena de muerte en el pa\u00eds es una l\u00ednea roja para la comunidad europea. <\/p>\n<p>\u00abLa puerta para una entrada en la UE est\u00e1 ahora finalmente cerrada y las ayudas financieras canceladas\u00bb, escribi\u00f3 Kl\u00f6ckner en el \u00abHuffington Post\u00bb.<\/p>\n<p>Turqu\u00eda recibi\u00f3 entre 2007 y 2013 en el marco de las negociaciones de adhesi\u00f3n a la UE 4.800 millones de euros de Bruselas. Para el periodo que va desde 2014 al 2020 estaban previstos otros 4.450 millones de euros. <\/p>\n<p>Tambi\u00e9n desde el FDP, el pol\u00edtico Alexander Graf Lambsdorff reclam\u00f3 el fin del proceso, mientras la Izquierda y los Verdes pidieron consecuencias tambi\u00e9n dentro de la cooperaci\u00f3n militar con Turqu\u00eda. <\/p>\n<p>Los cerca de 260 soldados alemanes destacados en la base turca de Incirlik deben ser retirados y todos los env\u00edos de armas de socios de la OTAN detenidos, solicitaron los l\u00edderes de ambos partidos, Sahra Wagenknecht (Izquierda) y Cem \u00d6zdemir (Verdes).<\/p>\n<p>\u00abEl Gobierno alem\u00e1n debe dejar claro de qu\u00e9 lado est\u00e1: del lado de la democracia o del lado de la dictadura de Erdogan\u00bb, afirm\u00f3 Wagenknecht a dpa. <\/p>\n<p>Por su parte, la comunidad turca en Alemania se mostr\u00f3 preocupada por el hecho de que muchos de los turcos que residen en Alemania votaran a favor de la pol\u00e9mica reforma de la Constituci\u00f3n. <\/p>\n<p>\u00abSe debe reflexionar sobre c\u00f3mo llegar mejor a las personas que en Alemania viven en libertad, pero que desean la autocracia para las personas en Turqu\u00eda\u00bb, declar\u00f3 su presidente, G\u00f6kay Sofuoglu, a los diarios alemanes \u00abHeilbronner Stimme\u00bb y \u00abMannheimer Morgen\u00bb. En Alemania, cerca de un 63 por ciento de los turcos con derecho a voto dieron su apoyo a la reforma. <\/p>\n","protected":false},"excerpt":{"rendered":"<p>(dpa) &#8211; Tras el \u00abs\u00ed\u00bb en el refer\u00e9ndum sobre la implementaci\u00f3n de un sistema presidencialista en Turqu\u00eda, varios destacados pol\u00edticos alemanes de los conservadores, la Izquierda y el Partido Liberal (FDP) pidieron hoy acabar con las negociaciones para la entrada de Turqu\u00eda en la Uni\u00f3n Europea (UE). \u00abSer un miembro de pleno derecho ya no<\/p>\n","protected":false},"author":1,"featured_media":0,"comment_status":"open","ping_status":"closed","sticky":false,"template":"","format":"standard","meta":{"footnotes":""},"categories":[343],"tags":[],"class_list":{"0":"post-69718","1":"post","2":"type-post","3":"status-publish","4":"format-standard","6":"category-actualidad"},"aioseo_notices":[],"aioseo_head":"\n\t\t<!-- All in One SEO Pro 4.9.6.2 - aioseo.com -->\n\t<meta name=\"description\" content=\"(dpa) - Tras el &quot;s\u00ed&quot; en el refer\u00e9ndum sobre la implementaci\u00f3n de un sistema presidencialista en Turqu\u00eda, varios destacados pol\u00edticos alemanes de los conservadores, la Izquierda y el Partido Liberal (FDP) pidieron hoy acabar con las negociaciones para la entrada de Turqu\u00eda en la Uni\u00f3n Europea (UE). &quot;Ser un miembro de pleno derecho ya no\" \/>\n\t<meta name=\"robots\" content=\"max-image-preview:large\" \/>\n\t<meta name=\"author\" content=\"Cand\u00e1s 365\"\/>\n\t<meta name=\"google-site-verification\" content=\"UA-32230408-1\" \/>\n\t<meta name=\"msvalidate.01\" content=\"354F3CDFB2DA171B47FBE9ABF1F88D5\" \/>\n\t<meta name=\"keywords\" content=\"actualidad\" \/>\n\t<link rel=\"canonical\" href=\"https:\/\/candas365.es\/noticias\/politicos-alemanes-reclaman-cerrar-la-puerta-de-la-ue-a-turquia\/\" \/>\n\t<meta name=\"generator\" content=\"All in One SEO Pro (AIOSEO) 4.9.6.2\" \/>\n\t\t<meta property=\"og:locale\" content=\"es_ES\" \/>\n\t\t<meta property=\"og:site_name\" content=\"Cand\u00e1s 365\" \/>\n\t\t<meta property=\"og:type\" content=\"article\" \/>\n\t\t<meta property=\"og:title\" content=\"Pol\u00edticos alemanes reclaman cerrar la puerta de la UE a Turqu\u00eda | Cand\u00e1s 365\" \/>\n\t\t<meta property=\"og:description\" content=\"(dpa) - Tras el &quot;s\u00ed&quot; en el refer\u00e9ndum sobre la implementaci\u00f3n de un sistema presidencialista en Turqu\u00eda, varios destacados pol\u00edticos alemanes de los conservadores, la Izquierda y el Partido Liberal (FDP) pidieron hoy acabar con las negociaciones para la entrada de Turqu\u00eda en la Uni\u00f3n Europea (UE). &quot;Ser un miembro de pleno derecho ya no\" \/>\n\t\t<meta property=\"og:url\" content=\"https:\/\/candas365.es\/noticias\/politicos-alemanes-reclaman-cerrar-la-puerta-de-la-ue-a-turquia\/\" \/>\n\t\t<meta property=\"og:image\" content=\"https:\/\/candas365.es\/noticias\/wp-content\/uploads\/2024\/09\/Candas-365-Redes.jpg\" \/>\n\t\t<meta property=\"og:image:secure_url\" content=\"https:\/\/candas365.es\/noticias\/wp-content\/uploads\/2024\/09\/Candas-365-Redes.jpg\" \/>\n\t\t<meta property=\"og:image:width\" content=\"1152\" \/>\n\t\t<meta property=\"og:image:height\" content=\"864\" \/>\n\t\t<meta property=\"article:published_time\" content=\"2017-04-18T17:57:22+00:00\" \/>\n\t\t<meta property=\"article:modified_time\" content=\"2017-04-18T17:57:22+00:00\" \/>\n\t\t<meta property=\"article:publisher\" content=\"https:\/\/www.facebook.com\/Nachofdezber\" \/>\n\t\t<meta property=\"article:author\" content=\"https:\/\/www.facebook.com\/carrenoactualidad\" \/>\n\t\t<meta name=\"twitter:card\" content=\"summary_large_image\" \/>\n\t\t<meta name=\"twitter:site\" content=\"@NabercoDigital\" \/>\n\t\t<meta name=\"twitter:title\" content=\"Pol\u00edticos alemanes reclaman cerrar la puerta de la UE a Turqu\u00eda | Cand\u00e1s 365\" \/>\n\t\t<meta name=\"twitter:description\" content=\"(dpa) - Tras el &quot;s\u00ed&quot; en el refer\u00e9ndum sobre la implementaci\u00f3n de un sistema presidencialista en Turqu\u00eda, varios destacados pol\u00edticos alemanes de los conservadores, la Izquierda y el Partido Liberal (FDP) pidieron hoy acabar con las negociaciones para la entrada de Turqu\u00eda en la Uni\u00f3n Europea (UE). &quot;Ser un miembro de pleno derecho ya no\" \/>\n\t\t<meta name=\"twitter:creator\" content=\"@nbasturias\" \/>\n\t\t<meta name=\"twitter:image\" content=\"https:\/\/candas365.es\/noticias\/wp-content\/uploads\/2024\/09\/Candas-365-Redes.jpg\" \/>\n\t\t<meta name=\"twitter:label1\" content=\"Escrito por\" \/>\n\t\t<meta name=\"twitter:data1\" content=\"Cand\u00e1s 365\" \/>\n\t\t<meta name=\"twitter:label2\" content=\"Tiempo de lectura estimado\" \/>\n\t\t<meta name=\"twitter:data2\" content=\"3 minutos\" \/>\n\t\t<script type=\"application\/ld+json\" class=\"aioseo-schema\">\n\t\t\t{\"@context\":\"https:\\\/\\\/schema.org\",\"@graph\":[{\"@type\":\"BreadcrumbList\",\"@id\":\"https:\\\/\\\/candas365.es\\\/noticias\\\/politicos-alemanes-reclaman-cerrar-la-puerta-de-la-ue-a-turquia\\\/#breadcrumblist\",\"itemListElement\":[{\"@type\":\"ListItem\",\"@id\":\"https:\\\/\\\/candas365.es\\\/noticias#listItem\",\"position\":1,\"name\":\"Home\",\"item\":\"https:\\\/\\\/candas365.es\\\/noticias\",\"nextItem\":{\"@type\":\"ListItem\",\"@id\":\"https:\\\/\\\/candas365.es\\\/noticias\\\/category\\\/actualidad\\\/#listItem\",\"name\":\"Actualidad\"}},{\"@type\":\"ListItem\",\"@id\":\"https:\\\/\\\/candas365.es\\\/noticias\\\/category\\\/actualidad\\\/#listItem\",\"position\":2,\"name\":\"Actualidad\",\"item\":\"https:\\\/\\\/candas365.es\\\/noticias\\\/category\\\/actualidad\\\/\",\"nextItem\":{\"@type\":\"ListItem\",\"@id\":\"https:\\\/\\\/candas365.es\\\/noticias\\\/politicos-alemanes-reclaman-cerrar-la-puerta-de-la-ue-a-turquia\\\/#listItem\",\"name\":\"Pol\\u00edticos alemanes reclaman cerrar la puerta de la UE a Turqu\\u00eda\"},\"previousItem\":{\"@type\":\"ListItem\",\"@id\":\"https:\\\/\\\/candas365.es\\\/noticias#listItem\",\"name\":\"Home\"}},{\"@type\":\"ListItem\",\"@id\":\"https:\\\/\\\/candas365.es\\\/noticias\\\/politicos-alemanes-reclaman-cerrar-la-puerta-de-la-ue-a-turquia\\\/#listItem\",\"position\":3,\"name\":\"Pol\\u00edticos alemanes reclaman cerrar la puerta de la UE a Turqu\\u00eda\",\"previousItem\":{\"@type\":\"ListItem\",\"@id\":\"https:\\\/\\\/candas365.es\\\/noticias\\\/category\\\/actualidad\\\/#listItem\",\"name\":\"Actualidad\"}}]},{\"@type\":\"NewsArticle\",\"@id\":\"https:\\\/\\\/candas365.es\\\/noticias\\\/politicos-alemanes-reclaman-cerrar-la-puerta-de-la-ue-a-turquia\\\/#newsarticle\",\"name\":\"Pol\\u00edticos alemanes reclaman cerrar la puerta de la UE a Turqu\\u00eda | Cand\\u00e1s 365\",\"headline\":\"Pol\\u00edticos alemanes reclaman cerrar la puerta de la UE a Turqu\\u00eda\",\"author\":{\"@id\":\"https:\\\/\\\/candas365.es\\\/noticias\\\/author\\\/admin\\\/#author\"},\"publisher\":{\"@id\":\"https:\\\/\\\/candas365.es\\\/noticias\\\/#organization\"},\"image\":{\"@type\":\"ImageObject\",\"url\":\"https:\\\/\\\/candas365.es\\\/noticias\\\/wp-content\\\/uploads\\\/2024\\\/09\\\/Candas-365-Redes.jpg\",\"@id\":\"https:\\\/\\\/candas365.es\\\/noticias\\\/#articleImage\",\"width\":1152,\"height\":864,\"caption\":\"Cand\\u00e1s 365 Redes\"},\"datePublished\":\"2017-04-18T17:57:22+02:00\",\"dateModified\":\"2017-04-18T17:57:22+02:00\",\"inLanguage\":\"es-ES\",\"mainEntityOfPage\":{\"@id\":\"https:\\\/\\\/candas365.es\\\/noticias\\\/politicos-alemanes-reclaman-cerrar-la-puerta-de-la-ue-a-turquia\\\/#webpage\"},\"isPartOf\":{\"@id\":\"https:\\\/\\\/candas365.es\\\/noticias\\\/politicos-alemanes-reclaman-cerrar-la-puerta-de-la-ue-a-turquia\\\/#webpage\"},\"articleSection\":\"Actualidad\",\"dateline\":\"Publicado el abril 18, 2017.\"},{\"@type\":\"Organization\",\"@id\":\"https:\\\/\\\/candas365.es\\\/noticias\\\/#organization\",\"name\":\"Cand\\u00e1s 365\",\"description\":\"Cand\\u00e1s 365 es un diario digital independiente, fundado en 2012, con base en Asturias. Informamos con rigor sobre actualidad, sociedad, cultura y ocio, con una mirada local y global.\",\"url\":\"https:\\\/\\\/candas365.es\\\/noticias\\\/\",\"email\":\"info@candas365.es\",\"telephone\":\"+34652131393\",\"foundingDate\":\"2012-06-10\",\"logo\":{\"@type\":\"ImageObject\",\"url\":\"https:\\\/\\\/candas365.es\\\/noticias\\\/wp-content\\\/uploads\\\/2024\\\/09\\\/Candas-365-Redes.jpg\",\"@id\":\"https:\\\/\\\/candas365.es\\\/noticias\\\/politicos-alemanes-reclaman-cerrar-la-puerta-de-la-ue-a-turquia\\\/#organizationLogo\",\"width\":1152,\"height\":864,\"caption\":\"Cand\\u00e1s 365 Redes\"},\"image\":{\"@id\":\"https:\\\/\\\/candas365.es\\\/noticias\\\/politicos-alemanes-reclaman-cerrar-la-puerta-de-la-ue-a-turquia\\\/#organizationLogo\"},\"sameAs\":[\"https:\\\/\\\/www.facebook.com\\\/Nachofdezber\",\"https:\\\/\\\/x.com\\\/NabercoDigital\",\"https:\\\/\\\/www.instagram.com\\\/nachofdezber\\\/\",\"https:\\\/\\\/www.youtube.com\\\/channel\\\/UCZP-2wLEB9Rv6erhFmqVnvg\"],\"address\":{\"@id\":\"https:\\\/\\\/candas365.es\\\/noticias\\\/#postaladdress\",\"@type\":\"PostalAddress\",\"streetAddress\":\"san antonio 4, san antonio 4\",\"postalCode\":\"33430\",\"addressLocality\":\"Cand\\u00e1s\",\"addressRegion\":\"Asturias\",\"addressCountry\":\"ES\"}},{\"@type\":\"Person\",\"@id\":\"https:\\\/\\\/candas365.es\\\/noticias\\\/author\\\/admin\\\/#author\",\"url\":\"https:\\\/\\\/candas365.es\\\/noticias\\\/author\\\/admin\\\/\",\"name\":\"Cand\\u00e1s 365\",\"image\":{\"@type\":\"ImageObject\",\"@id\":\"https:\\\/\\\/candas365.es\\\/noticias\\\/politicos-alemanes-reclaman-cerrar-la-puerta-de-la-ue-a-turquia\\\/#authorImage\",\"url\":\"https:\\\/\\\/secure.gravatar.com\\\/avatar\\\/496a8e03d0c493ede1718b7934145dbdf8d89be1036b0eec9544e1094c9de390?s=96&d=mm&r=g\",\"width\":96,\"height\":96,\"caption\":\"Cand\\u00e1s 365\"},\"sameAs\":[\"https:\\\/\\\/www.facebook.com\\\/carrenoactualidad\",\"https:\\\/\\\/twitter.com\\\/nbasturias\",\"https:\\\/\\\/www.instagram.com\\\/nachofdezber\\\/\",\"https:\\\/\\\/www.youtube.com\\\/channel\\\/UCZP-2wLEB9Rv6erhFmqVnvg\"]},{\"@type\":\"WebPage\",\"@id\":\"https:\\\/\\\/candas365.es\\\/noticias\\\/politicos-alemanes-reclaman-cerrar-la-puerta-de-la-ue-a-turquia\\\/#webpage\",\"url\":\"https:\\\/\\\/candas365.es\\\/noticias\\\/politicos-alemanes-reclaman-cerrar-la-puerta-de-la-ue-a-turquia\\\/\",\"name\":\"Pol\\u00edticos alemanes reclaman cerrar la puerta de la UE a Turqu\\u00eda | Cand\\u00e1s 365\",\"description\":\"(dpa) - Tras el \\\"s\\u00ed\\\" en el refer\\u00e9ndum sobre la implementaci\\u00f3n de un sistema presidencialista en Turqu\\u00eda, varios destacados pol\\u00edticos alemanes de los conservadores, la Izquierda y el Partido Liberal (FDP) pidieron hoy acabar con las negociaciones para la entrada de Turqu\\u00eda en la Uni\\u00f3n Europea (UE). \\\"Ser un miembro de pleno derecho ya no\",\"inLanguage\":\"es-ES\",\"isPartOf\":{\"@id\":\"https:\\\/\\\/candas365.es\\\/noticias\\\/#website\"},\"breadcrumb\":{\"@id\":\"https:\\\/\\\/candas365.es\\\/noticias\\\/politicos-alemanes-reclaman-cerrar-la-puerta-de-la-ue-a-turquia\\\/#breadcrumblist\"},\"author\":{\"@id\":\"https:\\\/\\\/candas365.es\\\/noticias\\\/author\\\/admin\\\/#author\"},\"creator\":{\"@id\":\"https:\\\/\\\/candas365.es\\\/noticias\\\/author\\\/admin\\\/#author\"},\"datePublished\":\"2017-04-18T17:57:22+02:00\",\"dateModified\":\"2017-04-18T17:57:22+02:00\"},{\"@type\":\"WebSite\",\"@id\":\"https:\\\/\\\/candas365.es\\\/noticias\\\/#website\",\"url\":\"https:\\\/\\\/candas365.es\\\/noticias\\\/\",\"name\":\"Cand\\u00e1s 365\",\"alternateName\":\"Cand\\u00e1s 365 Noticias\",\"description\":\"Actualidad desde Carre\\u00f1o para el mundo\",\"inLanguage\":\"es-ES\",\"publisher\":{\"@id\":\"https:\\\/\\\/candas365.es\\\/noticias\\\/#organization\"}}]}\n\t\t<\/script>\n\t\t<!-- All in One SEO Pro -->\r\n\t\t<title>Pol\u00edticos alemanes reclaman cerrar la puerta de la UE a Turqu\u00eda | Cand\u00e1s 365<\/title>\n\n","aioseo_head_json":{"title":"Pol\u00edticos alemanes reclaman cerrar la puerta de la UE a Turqu\u00eda | Cand\u00e1s 365","description":"(dpa) - Tras el \"s\u00ed\" en el refer\u00e9ndum sobre la implementaci\u00f3n de un sistema presidencialista en Turqu\u00eda, varios destacados pol\u00edticos alemanes de los conservadores, la Izquierda y el Partido Liberal (FDP) pidieron hoy acabar con las negociaciones para la entrada de Turqu\u00eda en la Uni\u00f3n Europea (UE). \"Ser un miembro de pleno derecho ya no","canonical_url":"https:\/\/candas365.es\/noticias\/politicos-alemanes-reclaman-cerrar-la-puerta-de-la-ue-a-turquia\/","robots":"max-image-preview:large","keywords":"actualidad","webmasterTools":{"google-site-verification":"UA-32230408-1","msvalidate.01":"354F3CDFB2DA171B47FBE9ABF1F88D5","miscellaneous":""},"schema":{"@context":"https:\/\/schema.org","@graph":[{"@type":"BreadcrumbList","@id":"https:\/\/candas365.es\/noticias\/politicos-alemanes-reclaman-cerrar-la-puerta-de-la-ue-a-turquia\/#breadcrumblist","itemListElement":[{"@type":"ListItem","@id":"https:\/\/candas365.es\/noticias#listItem","position":1,"name":"Home","item":"https:\/\/candas365.es\/noticias","nextItem":{"@type":"ListItem","@id":"https:\/\/candas365.es\/noticias\/category\/actualidad\/#listItem","name":"Actualidad"}},{"@type":"ListItem","@id":"https:\/\/candas365.es\/noticias\/category\/actualidad\/#listItem","position":2,"name":"Actualidad","item":"https:\/\/candas365.es\/noticias\/category\/actualidad\/","nextItem":{"@type":"ListItem","@id":"https:\/\/candas365.es\/noticias\/politicos-alemanes-reclaman-cerrar-la-puerta-de-la-ue-a-turquia\/#listItem","name":"Pol\u00edticos alemanes reclaman cerrar la puerta de la UE a Turqu\u00eda"},"previousItem":{"@type":"ListItem","@id":"https:\/\/candas365.es\/noticias#listItem","name":"Home"}},{"@type":"ListItem","@id":"https:\/\/candas365.es\/noticias\/politicos-alemanes-reclaman-cerrar-la-puerta-de-la-ue-a-turquia\/#listItem","position":3,"name":"Pol\u00edticos alemanes reclaman cerrar la puerta de la UE a Turqu\u00eda","previousItem":{"@type":"ListItem","@id":"https:\/\/candas365.es\/noticias\/category\/actualidad\/#listItem","name":"Actualidad"}}]},{"@type":"NewsArticle","@id":"https:\/\/candas365.es\/noticias\/politicos-alemanes-reclaman-cerrar-la-puerta-de-la-ue-a-turquia\/#newsarticle","name":"Pol\u00edticos alemanes reclaman cerrar la puerta de la UE a Turqu\u00eda | Cand\u00e1s 365","headline":"Pol\u00edticos alemanes reclaman cerrar la puerta de la UE a Turqu\u00eda","author":{"@id":"https:\/\/candas365.es\/noticias\/author\/admin\/#author"},"publisher":{"@id":"https:\/\/candas365.es\/noticias\/#organization"},"image":{"@type":"ImageObject","url":"https:\/\/candas365.es\/noticias\/wp-content\/uploads\/2024\/09\/Candas-365-Redes.jpg","@id":"https:\/\/candas365.es\/noticias\/#articleImage","width":1152,"height":864,"caption":"Cand\u00e1s 365 Redes"},"datePublished":"2017-04-18T17:57:22+02:00","dateModified":"2017-04-18T17:57:22+02:00","inLanguage":"es-ES","mainEntityOfPage":{"@id":"https:\/\/candas365.es\/noticias\/politicos-alemanes-reclaman-cerrar-la-puerta-de-la-ue-a-turquia\/#webpage"},"isPartOf":{"@id":"https:\/\/candas365.es\/noticias\/politicos-alemanes-reclaman-cerrar-la-puerta-de-la-ue-a-turquia\/#webpage"},"articleSection":"Actualidad","dateline":"Publicado el abril 18, 2017."},{"@type":"Organization","@id":"https:\/\/candas365.es\/noticias\/#organization","name":"Cand\u00e1s 365","description":"Cand\u00e1s 365 es un diario digital independiente, fundado en 2012, con base en Asturias. Informamos con rigor sobre actualidad, sociedad, cultura y ocio, con una mirada local y global.","url":"https:\/\/candas365.es\/noticias\/","email":"info@candas365.es","telephone":"+34652131393","foundingDate":"2012-06-10","logo":{"@type":"ImageObject","url":"https:\/\/candas365.es\/noticias\/wp-content\/uploads\/2024\/09\/Candas-365-Redes.jpg","@id":"https:\/\/candas365.es\/noticias\/politicos-alemanes-reclaman-cerrar-la-puerta-de-la-ue-a-turquia\/#organizationLogo","width":1152,"height":864,"caption":"Cand\u00e1s 365 Redes"},"image":{"@id":"https:\/\/candas365.es\/noticias\/politicos-alemanes-reclaman-cerrar-la-puerta-de-la-ue-a-turquia\/#organizationLogo"},"sameAs":["https:\/\/www.facebook.com\/Nachofdezber","https:\/\/x.com\/NabercoDigital","https:\/\/www.instagram.com\/nachofdezber\/","https:\/\/www.youtube.com\/channel\/UCZP-2wLEB9Rv6erhFmqVnvg"],"address":{"@id":"https:\/\/candas365.es\/noticias\/#postaladdress","@type":"PostalAddress","streetAddress":"san antonio 4, san antonio 4","postalCode":"33430","addressLocality":"Cand\u00e1s","addressRegion":"Asturias","addressCountry":"ES"}},{"@type":"Person","@id":"https:\/\/candas365.es\/noticias\/author\/admin\/#author","url":"https:\/\/candas365.es\/noticias\/author\/admin\/","name":"Cand\u00e1s 365","image":{"@type":"ImageObject","@id":"https:\/\/candas365.es\/noticias\/politicos-alemanes-reclaman-cerrar-la-puerta-de-la-ue-a-turquia\/#authorImage","url":"https:\/\/secure.gravatar.com\/avatar\/496a8e03d0c493ede1718b7934145dbdf8d89be1036b0eec9544e1094c9de390?s=96&d=mm&r=g","width":96,"height":96,"caption":"Cand\u00e1s 365"},"sameAs":["https:\/\/www.facebook.com\/carrenoactualidad","https:\/\/twitter.com\/nbasturias","https:\/\/www.instagram.com\/nachofdezber\/","https:\/\/www.youtube.com\/channel\/UCZP-2wLEB9Rv6erhFmqVnvg"]},{"@type":"WebPage","@id":"https:\/\/candas365.es\/noticias\/politicos-alemanes-reclaman-cerrar-la-puerta-de-la-ue-a-turquia\/#webpage","url":"https:\/\/candas365.es\/noticias\/politicos-alemanes-reclaman-cerrar-la-puerta-de-la-ue-a-turquia\/","name":"Pol\u00edticos alemanes reclaman cerrar la puerta de la UE a Turqu\u00eda | Cand\u00e1s 365","description":"(dpa) - Tras el \"s\u00ed\" en el refer\u00e9ndum sobre la implementaci\u00f3n de un sistema presidencialista en Turqu\u00eda, varios destacados pol\u00edticos alemanes de los conservadores, la Izquierda y el Partido Liberal (FDP) pidieron hoy acabar con las negociaciones para la entrada de Turqu\u00eda en la Uni\u00f3n Europea (UE). \"Ser un miembro de pleno derecho ya no","inLanguage":"es-ES","isPartOf":{"@id":"https:\/\/candas365.es\/noticias\/#website"},"breadcrumb":{"@id":"https:\/\/candas365.es\/noticias\/politicos-alemanes-reclaman-cerrar-la-puerta-de-la-ue-a-turquia\/#breadcrumblist"},"author":{"@id":"https:\/\/candas365.es\/noticias\/author\/admin\/#author"},"creator":{"@id":"https:\/\/candas365.es\/noticias\/author\/admin\/#author"},"datePublished":"2017-04-18T17:57:22+02:00","dateModified":"2017-04-18T17:57:22+02:00"},{"@type":"WebSite","@id":"https:\/\/candas365.es\/noticias\/#website","url":"https:\/\/candas365.es\/noticias\/","name":"Cand\u00e1s 365","alternateName":"Cand\u00e1s 365 Noticias","description":"Actualidad desde Carre\u00f1o para el mundo","inLanguage":"es-ES","publisher":{"@id":"https:\/\/candas365.es\/noticias\/#organization"}}]},"og:locale":"es_ES","og:site_name":"Cand\u00e1s 365","og:type":"article","og:title":"Pol\u00edticos alemanes reclaman cerrar la puerta de la UE a Turqu\u00eda | Cand\u00e1s 365","og:description":"(dpa) - Tras el &quot;s\u00ed&quot; en el refer\u00e9ndum sobre la implementaci\u00f3n de un sistema presidencialista en Turqu\u00eda, varios destacados pol\u00edticos alemanes de los conservadores, la Izquierda y el Partido Liberal (FDP) pidieron hoy acabar con las negociaciones para la entrada de Turqu\u00eda en la Uni\u00f3n Europea (UE). &quot;Ser un miembro de pleno derecho ya no","og:url":"https:\/\/candas365.es\/noticias\/politicos-alemanes-reclaman-cerrar-la-puerta-de-la-ue-a-turquia\/","og:image":"https:\/\/candas365.es\/noticias\/wp-content\/uploads\/2024\/09\/Candas-365-Redes.jpg","og:image:secure_url":"https:\/\/candas365.es\/noticias\/wp-content\/uploads\/2024\/09\/Candas-365-Redes.jpg","og:image:width":1152,"og:image:height":864,"article:published_time":"2017-04-18T17:57:22+00:00","article:modified_time":"2017-04-18T17:57:22+00:00","article:publisher":"https:\/\/www.facebook.com\/Nachofdezber","article:author":"https:\/\/www.facebook.com\/carrenoactualidad","twitter:card":"summary_large_image","twitter:site":"@NabercoDigital","twitter:title":"Pol\u00edticos alemanes reclaman cerrar la puerta de la UE a Turqu\u00eda | Cand\u00e1s 365","twitter:description":"(dpa) - Tras el &quot;s\u00ed&quot; en el refer\u00e9ndum sobre la implementaci\u00f3n de un sistema presidencialista en Turqu\u00eda, varios destacados pol\u00edticos alemanes de los conservadores, la Izquierda y el Partido Liberal (FDP) pidieron hoy acabar con las negociaciones para la entrada de Turqu\u00eda en la Uni\u00f3n Europea (UE). &quot;Ser un miembro de pleno derecho ya no","twitter:creator":"@nbasturias","twitter:image":"https:\/\/candas365.es\/noticias\/wp-content\/uploads\/2024\/09\/Candas-365-Redes.jpg","twitter:label1":"Escrito por","twitter:data1":"Cand\u00e1s 365","twitter:label2":"Tiempo de lectura estimado","twitter:data2":"3 minutos"},"aioseo_meta_data":{"post_id":"69718","title":null,"description":null,"keywords":null,"keyphrases":null,"primary_term":null,"canonical_url":null,"og_title":null,"og_description":null,"og_object_type":"default","og_image_type":"default","og_image_url":null,"og_image_width":null,"og_image_height":null,"og_image_custom_url":null,"og_image_custom_fields":null,"og_video":null,"og_custom_url":null,"og_article_section":null,"og_article_tags":null,"twitter_use_og":false,"twitter_card":"default","twitter_image_type":"default","twitter_image_url":null,"twitter_image_custom_url":null,"twitter_image_custom_fields":null,"twitter_title":null,"twitter_description":null,"schema":{"blockGraphs":[],"customGraphs":[],"default":{"data":{"Article":[],"Course":[],"Dataset":[],"FAQPage":[],"Movie":[],"Person":[],"Product":[],"ProductReview":[],"Car":[],"Recipe":[],"Service":[],"SoftwareApplication":[],"WebPage":[]},"graphName":"","isEnabled":true},"graphs":[],"defaultGraph":"","defaultPostTypeGraph":""},"schema_type":null,"schema_type_options":null,"pillar_content":false,"robots_default":true,"robots_noindex":false,"robots_noarchive":false,"robots_nosnippet":false,"robots_nofollow":false,"robots_noimageindex":false,"robots_noodp":false,"robots_notranslate":false,"robots_max_snippet":null,"robots_max_videopreview":null,"robots_max_imagepreview":"large","priority":null,"frequency":null,"location":null,"local_seo":null,"seo_analyzer_scan_date":"2025-08-25 11:17:09","breadcrumb_settings":null,"limit_modified_date":false,"reviewed_by":null,"open_ai":null,"ai":null,"created":"2020-12-21 13:01:32","updated":"2025-08-25 11:17:09"},"aioseo_breadcrumb":"<div class=\"aioseo-breadcrumbs\"><span class=\"aioseo-breadcrumb\">\n\t<a href=\"https:\/\/candas365.es\/noticias\" title=\"Home\">Home<\/a>\n<\/span><span class=\"aioseo-breadcrumb-separator\">&ndash;<\/span><span class=\"aioseo-breadcrumb\">\n\t<a href=\"https:\/\/candas365.es\/noticias\/category\/actualidad\/\" title=\"Actualidad\">Actualidad<\/a>\n<\/span><span class=\"aioseo-breadcrumb-separator\">&ndash;<\/span><span class=\"aioseo-breadcrumb\">\n\tPol\u00edticos alemanes reclaman cerrar la puerta de la UE a Turqu\u00eda\n<\/span><\/div>","aioseo_breadcrumb_json":[{"label":"Home","link":"https:\/\/candas365.es\/noticias"},{"label":"Actualidad","link":"https:\/\/candas365.es\/noticias\/category\/actualidad\/"},{"label":"Pol\u00edticos alemanes reclaman cerrar la puerta de la UE a Turqu\u00eda","link":"https:\/\/candas365.es\/noticias\/politicos-alemanes-reclaman-cerrar-la-puerta-de-la-ue-a-turquia\/"}],"_links":{"self":[{"href":"https:\/\/candas365.es\/noticias\/wp-json\/wp\/v2\/posts\/69718","targetHints":{"allow":["GET"]}}],"collection":[{"href":"https:\/\/candas365.es\/noticias\/wp-json\/wp\/v2\/posts"}],"about":[{"href":"https:\/\/candas365.es\/noticias\/wp-json\/wp\/v2\/types\/post"}],"author":[{"embeddable":true,"href":"https:\/\/candas365.es\/noticias\/wp-json\/wp\/v2\/users\/1"}],"replies":[{"embeddable":true,"href":"https:\/\/candas365.es\/noticias\/wp-json\/wp\/v2\/comments?post=69718"}],"version-history":[{"count":0,"href":"https:\/\/candas365.es\/noticias\/wp-json\/wp\/v2\/posts\/69718\/revisions"}],"wp:attachment":[{"href":"https:\/\/candas365.es\/noticias\/wp-json\/wp\/v2\/media?parent=69718"}],"wp:term":[{"taxonomy":"category","embeddable":true,"href":"https:\/\/candas365.es\/noticias\/wp-json\/wp\/v2\/categories?post=69718"},{"taxonomy":"post_tag","embeddable":true,"href":"https:\/\/candas365.es\/noticias\/wp-json\/wp\/v2\/tags?post=69718"}],"curies":[{"name":"wp","href":"https:\/\/api.w.org\/{rel}","templated":true}]}}