{"id":69716,"date":"2017-04-18T17:56:52","date_gmt":"2017-04-18T17:56:52","guid":{"rendered":"http:\/\/candas365.es\/noticias\/?p=69716"},"modified":"2017-04-18T17:56:52","modified_gmt":"2017-04-18T17:56:52","slug":"diente-por-gol-el-doloroso-estreno-en-las-redes-de-diego-demme","status":"publish","type":"post","link":"https:\/\/candas365.es\/noticias\/diente-por-gol-el-doloroso-estreno-en-las-redes-de-diego-demme\/","title":{"rendered":"Diente por gol: el doloroso estreno en las redes de Diego Demme"},"content":{"rendered":"<p> (dpa) &#8211; El mediocampista del Leipzig Diego Demme tuvo un doloroso estreno goleador el s\u00e1bado al perder un diente al momento de marcar el 4-0 ante el Freiburg en la Liga alemana de f\u00fatbol, aunque eso no le impidi\u00f3 exhibir el domingo una sonrisa completa.<\/p>\n<p>\u00abComo pueden ver, el dentista hizo un gran trabajo\u00bb, expres\u00f3 jocoso el futbolista alem\u00e1n de 25 a\u00f1os tras conseguir la noche del s\u00e1bado un reemplazo provisional para el diente ca\u00eddo en el gol.<\/p>\n<p>Demme explic\u00f3 que jugar\u00e1 con una pr\u00f3tesis provisoria hasta el final de la temporada, cuando se le pondr\u00e1 un diente de cer\u00e1mica. <\/p>\n<p>El mediocampista anot\u00f3 el cuarto gol del Leipzig despu\u00e9s de una asistencia de Timo Werner, pero choc\u00f3 su cara con el jugador rival Nicolas H\u00f6fler en la acci\u00f3n. \u00abPor desgracia, solo vi que el diente ca\u00eda\u00bb, dijo el jugador. \u00abEs fabuloso que haya funcionado\u00bb, agreg\u00f3.<\/p>\n<p>Sus compa\u00f1eros del Leipzig lo ayudaron a buscar el diente en el campo y se divirtieron con el episodio, del cual Demme guardar\u00e1 un recuerdo. \u00abEl diente est\u00e1 ahora en una vitrina de mi casa\u00bb, expres\u00f3 el futbolista, que adem\u00e1s conservar\u00e1 la camiseta con la que jug\u00f3 el encuentro. \u00abVoy a seguir yendo con la misma intensidad en los choques\u00bb, asegur\u00f3. <\/p>\n<p>El entrenador Ralph Hasenh\u00fcttl no tiene ninguna duda de ello, pero matiza. \u00abIncluso si pierde un diente por cada gol que convierta, tendr\u00e1 su dentadura completa al final de su carrera\u00bb, advirti\u00f3 sobre el mediocampista, que no es precisamente un hombre de gol. <\/p>\n","protected":false},"excerpt":{"rendered":"<p>(dpa) &#8211; El mediocampista del Leipzig Diego Demme tuvo un doloroso estreno goleador el s\u00e1bado al perder un diente al momento de marcar el 4-0 ante el Freiburg en la Liga alemana de f\u00fatbol, aunque eso no le impidi\u00f3 exhibir el domingo una sonrisa completa. \u00abComo pueden ver, el dentista hizo un gran trabajo\u00bb, expres\u00f3<\/p>\n","protected":false},"author":1,"featured_media":0,"comment_status":"open","ping_status":"closed","sticky":false,"template":"","format":"standard","meta":{"footnotes":""},"categories":[343],"tags":[],"class_list":{"0":"post-69716","1":"post","2":"type-post","3":"status-publish","4":"format-standard","6":"category-actualidad"},"aioseo_notices":[],"aioseo_head":"\n\t\t<!-- All in One SEO Pro 4.9.6.2 - aioseo.com -->\n\t<meta name=\"description\" content=\"(dpa) - El mediocampista del Leipzig Diego Demme tuvo un doloroso estreno goleador el s\u00e1bado al perder un diente al momento de marcar el 4-0 ante el Freiburg en la Liga alemana de f\u00fatbol, aunque eso no le impidi\u00f3 exhibir el domingo una sonrisa completa. &quot;Como pueden ver, el dentista hizo un gran trabajo&quot;, expres\u00f3\" \/>\n\t<meta name=\"robots\" content=\"max-image-preview:large\" \/>\n\t<meta name=\"author\" content=\"Cand\u00e1s 365\"\/>\n\t<meta name=\"google-site-verification\" content=\"UA-32230408-1\" \/>\n\t<meta name=\"msvalidate.01\" content=\"354F3CDFB2DA171B47FBE9ABF1F88D5\" \/>\n\t<meta name=\"keywords\" content=\"actualidad\" \/>\n\t<link rel=\"canonical\" href=\"https:\/\/candas365.es\/noticias\/diente-por-gol-el-doloroso-estreno-en-las-redes-de-diego-demme\/\" \/>\n\t<meta name=\"generator\" content=\"All in One SEO Pro (AIOSEO) 4.9.6.2\" \/>\n\t\t<meta property=\"og:locale\" content=\"es_ES\" \/>\n\t\t<meta property=\"og:site_name\" content=\"Cand\u00e1s 365\" \/>\n\t\t<meta property=\"og:type\" content=\"article\" \/>\n\t\t<meta property=\"og:title\" content=\"Diente por gol: el doloroso estreno en las redes de Diego Demme | Cand\u00e1s 365\" \/>\n\t\t<meta property=\"og:description\" content=\"(dpa) - El mediocampista del Leipzig Diego Demme tuvo un doloroso estreno goleador el s\u00e1bado al perder un diente al momento de marcar el 4-0 ante el Freiburg en la Liga alemana de f\u00fatbol, aunque eso no le impidi\u00f3 exhibir el domingo una sonrisa completa. &quot;Como pueden ver, el dentista hizo un gran trabajo&quot;, expres\u00f3\" \/>\n\t\t<meta property=\"og:url\" content=\"https:\/\/candas365.es\/noticias\/diente-por-gol-el-doloroso-estreno-en-las-redes-de-diego-demme\/\" \/>\n\t\t<meta property=\"og:image\" content=\"https:\/\/candas365.es\/noticias\/wp-content\/uploads\/2024\/09\/Candas-365-Redes.jpg\" \/>\n\t\t<meta property=\"og:image:secure_url\" content=\"https:\/\/candas365.es\/noticias\/wp-content\/uploads\/2024\/09\/Candas-365-Redes.jpg\" \/>\n\t\t<meta property=\"og:image:width\" content=\"1152\" \/>\n\t\t<meta property=\"og:image:height\" content=\"864\" \/>\n\t\t<meta property=\"article:published_time\" content=\"2017-04-18T17:56:52+00:00\" \/>\n\t\t<meta property=\"article:modified_time\" content=\"2017-04-18T17:56:52+00:00\" \/>\n\t\t<meta property=\"article:publisher\" content=\"https:\/\/www.facebook.com\/Nachofdezber\" \/>\n\t\t<meta property=\"article:author\" content=\"https:\/\/www.facebook.com\/carrenoactualidad\" \/>\n\t\t<meta name=\"twitter:card\" content=\"summary_large_image\" \/>\n\t\t<meta name=\"twitter:site\" content=\"@NabercoDigital\" \/>\n\t\t<meta name=\"twitter:title\" content=\"Diente por gol: el doloroso estreno en las redes de Diego Demme | Cand\u00e1s 365\" \/>\n\t\t<meta name=\"twitter:description\" content=\"(dpa) - El mediocampista del Leipzig Diego Demme tuvo un doloroso estreno goleador el s\u00e1bado al perder un diente al momento de marcar el 4-0 ante el Freiburg en la Liga alemana de f\u00fatbol, aunque eso no le impidi\u00f3 exhibir el domingo una sonrisa completa. &quot;Como pueden ver, el dentista hizo un gran trabajo&quot;, expres\u00f3\" \/>\n\t\t<meta name=\"twitter:creator\" content=\"@nbasturias\" \/>\n\t\t<meta name=\"twitter:image\" content=\"https:\/\/candas365.es\/noticias\/wp-content\/uploads\/2024\/09\/Candas-365-Redes.jpg\" \/>\n\t\t<meta name=\"twitter:label1\" content=\"Escrito por\" \/>\n\t\t<meta name=\"twitter:data1\" content=\"Cand\u00e1s 365\" \/>\n\t\t<meta name=\"twitter:label2\" content=\"Tiempo de lectura estimado\" \/>\n\t\t<meta name=\"twitter:data2\" content=\"1 minuto\" \/>\n\t\t<script type=\"application\/ld+json\" class=\"aioseo-schema\">\n\t\t\t{\"@context\":\"https:\\\/\\\/schema.org\",\"@graph\":[{\"@type\":\"BreadcrumbList\",\"@id\":\"https:\\\/\\\/candas365.es\\\/noticias\\\/diente-por-gol-el-doloroso-estreno-en-las-redes-de-diego-demme\\\/#breadcrumblist\",\"itemListElement\":[{\"@type\":\"ListItem\",\"@id\":\"https:\\\/\\\/candas365.es\\\/noticias#listItem\",\"position\":1,\"name\":\"Home\",\"item\":\"https:\\\/\\\/candas365.es\\\/noticias\",\"nextItem\":{\"@type\":\"ListItem\",\"@id\":\"https:\\\/\\\/candas365.es\\\/noticias\\\/category\\\/actualidad\\\/#listItem\",\"name\":\"Actualidad\"}},{\"@type\":\"ListItem\",\"@id\":\"https:\\\/\\\/candas365.es\\\/noticias\\\/category\\\/actualidad\\\/#listItem\",\"position\":2,\"name\":\"Actualidad\",\"item\":\"https:\\\/\\\/candas365.es\\\/noticias\\\/category\\\/actualidad\\\/\",\"nextItem\":{\"@type\":\"ListItem\",\"@id\":\"https:\\\/\\\/candas365.es\\\/noticias\\\/diente-por-gol-el-doloroso-estreno-en-las-redes-de-diego-demme\\\/#listItem\",\"name\":\"Diente por gol: el doloroso estreno en las redes de Diego Demme\"},\"previousItem\":{\"@type\":\"ListItem\",\"@id\":\"https:\\\/\\\/candas365.es\\\/noticias#listItem\",\"name\":\"Home\"}},{\"@type\":\"ListItem\",\"@id\":\"https:\\\/\\\/candas365.es\\\/noticias\\\/diente-por-gol-el-doloroso-estreno-en-las-redes-de-diego-demme\\\/#listItem\",\"position\":3,\"name\":\"Diente por gol: el doloroso estreno en las redes de Diego Demme\",\"previousItem\":{\"@type\":\"ListItem\",\"@id\":\"https:\\\/\\\/candas365.es\\\/noticias\\\/category\\\/actualidad\\\/#listItem\",\"name\":\"Actualidad\"}}]},{\"@type\":\"NewsArticle\",\"@id\":\"https:\\\/\\\/candas365.es\\\/noticias\\\/diente-por-gol-el-doloroso-estreno-en-las-redes-de-diego-demme\\\/#newsarticle\",\"name\":\"Diente por gol: el doloroso estreno en las redes de Diego Demme | Cand\\u00e1s 365\",\"headline\":\"Diente por gol: el doloroso estreno en las redes de Diego Demme\",\"author\":{\"@id\":\"https:\\\/\\\/candas365.es\\\/noticias\\\/author\\\/admin\\\/#author\"},\"publisher\":{\"@id\":\"https:\\\/\\\/candas365.es\\\/noticias\\\/#organization\"},\"image\":{\"@type\":\"ImageObject\",\"url\":\"https:\\\/\\\/candas365.es\\\/noticias\\\/wp-content\\\/uploads\\\/2024\\\/09\\\/Candas-365-Redes.jpg\",\"@id\":\"https:\\\/\\\/candas365.es\\\/noticias\\\/#articleImage\",\"width\":1152,\"height\":864,\"caption\":\"Cand\\u00e1s 365 Redes\"},\"datePublished\":\"2017-04-18T17:56:52+02:00\",\"dateModified\":\"2017-04-18T17:56:52+02:00\",\"inLanguage\":\"es-ES\",\"mainEntityOfPage\":{\"@id\":\"https:\\\/\\\/candas365.es\\\/noticias\\\/diente-por-gol-el-doloroso-estreno-en-las-redes-de-diego-demme\\\/#webpage\"},\"isPartOf\":{\"@id\":\"https:\\\/\\\/candas365.es\\\/noticias\\\/diente-por-gol-el-doloroso-estreno-en-las-redes-de-diego-demme\\\/#webpage\"},\"articleSection\":\"Actualidad\",\"dateline\":\"Publicado el abril 18, 2017.\"},{\"@type\":\"Organization\",\"@id\":\"https:\\\/\\\/candas365.es\\\/noticias\\\/#organization\",\"name\":\"Cand\\u00e1s 365\",\"description\":\"Cand\\u00e1s 365 es un diario digital independiente, fundado en 2012, con base en Asturias. Informamos con rigor sobre actualidad, sociedad, cultura y ocio, con una mirada local y global.\",\"url\":\"https:\\\/\\\/candas365.es\\\/noticias\\\/\",\"email\":\"info@candas365.es\",\"telephone\":\"+34652131393\",\"foundingDate\":\"2012-06-10\",\"logo\":{\"@type\":\"ImageObject\",\"url\":\"https:\\\/\\\/candas365.es\\\/noticias\\\/wp-content\\\/uploads\\\/2024\\\/09\\\/Candas-365-Redes.jpg\",\"@id\":\"https:\\\/\\\/candas365.es\\\/noticias\\\/diente-por-gol-el-doloroso-estreno-en-las-redes-de-diego-demme\\\/#organizationLogo\",\"width\":1152,\"height\":864,\"caption\":\"Cand\\u00e1s 365 Redes\"},\"image\":{\"@id\":\"https:\\\/\\\/candas365.es\\\/noticias\\\/diente-por-gol-el-doloroso-estreno-en-las-redes-de-diego-demme\\\/#organizationLogo\"},\"sameAs\":[\"https:\\\/\\\/www.facebook.com\\\/Nachofdezber\",\"https:\\\/\\\/x.com\\\/NabercoDigital\",\"https:\\\/\\\/www.instagram.com\\\/nachofdezber\\\/\",\"https:\\\/\\\/www.youtube.com\\\/channel\\\/UCZP-2wLEB9Rv6erhFmqVnvg\"],\"address\":{\"@id\":\"https:\\\/\\\/candas365.es\\\/noticias\\\/#postaladdress\",\"@type\":\"PostalAddress\",\"streetAddress\":\"san antonio 4, san antonio 4\",\"postalCode\":\"33430\",\"addressLocality\":\"Cand\\u00e1s\",\"addressRegion\":\"Asturias\",\"addressCountry\":\"ES\"}},{\"@type\":\"Person\",\"@id\":\"https:\\\/\\\/candas365.es\\\/noticias\\\/author\\\/admin\\\/#author\",\"url\":\"https:\\\/\\\/candas365.es\\\/noticias\\\/author\\\/admin\\\/\",\"name\":\"Cand\\u00e1s 365\",\"image\":{\"@type\":\"ImageObject\",\"@id\":\"https:\\\/\\\/candas365.es\\\/noticias\\\/diente-por-gol-el-doloroso-estreno-en-las-redes-de-diego-demme\\\/#authorImage\",\"url\":\"https:\\\/\\\/secure.gravatar.com\\\/avatar\\\/496a8e03d0c493ede1718b7934145dbdf8d89be1036b0eec9544e1094c9de390?s=96&d=mm&r=g\",\"width\":96,\"height\":96,\"caption\":\"Cand\\u00e1s 365\"},\"sameAs\":[\"https:\\\/\\\/www.facebook.com\\\/carrenoactualidad\",\"https:\\\/\\\/twitter.com\\\/nbasturias\",\"https:\\\/\\\/www.instagram.com\\\/nachofdezber\\\/\",\"https:\\\/\\\/www.youtube.com\\\/channel\\\/UCZP-2wLEB9Rv6erhFmqVnvg\"]},{\"@type\":\"WebPage\",\"@id\":\"https:\\\/\\\/candas365.es\\\/noticias\\\/diente-por-gol-el-doloroso-estreno-en-las-redes-de-diego-demme\\\/#webpage\",\"url\":\"https:\\\/\\\/candas365.es\\\/noticias\\\/diente-por-gol-el-doloroso-estreno-en-las-redes-de-diego-demme\\\/\",\"name\":\"Diente por gol: el doloroso estreno en las redes de Diego Demme | Cand\\u00e1s 365\",\"description\":\"(dpa) - El mediocampista del Leipzig Diego Demme tuvo un doloroso estreno goleador el s\\u00e1bado al perder un diente al momento de marcar el 4-0 ante el Freiburg en la Liga alemana de f\\u00fatbol, aunque eso no le impidi\\u00f3 exhibir el domingo una sonrisa completa. \\\"Como pueden ver, el dentista hizo un gran trabajo\\\", expres\\u00f3\",\"inLanguage\":\"es-ES\",\"isPartOf\":{\"@id\":\"https:\\\/\\\/candas365.es\\\/noticias\\\/#website\"},\"breadcrumb\":{\"@id\":\"https:\\\/\\\/candas365.es\\\/noticias\\\/diente-por-gol-el-doloroso-estreno-en-las-redes-de-diego-demme\\\/#breadcrumblist\"},\"author\":{\"@id\":\"https:\\\/\\\/candas365.es\\\/noticias\\\/author\\\/admin\\\/#author\"},\"creator\":{\"@id\":\"https:\\\/\\\/candas365.es\\\/noticias\\\/author\\\/admin\\\/#author\"},\"datePublished\":\"2017-04-18T17:56:52+02:00\",\"dateModified\":\"2017-04-18T17:56:52+02:00\"},{\"@type\":\"WebSite\",\"@id\":\"https:\\\/\\\/candas365.es\\\/noticias\\\/#website\",\"url\":\"https:\\\/\\\/candas365.es\\\/noticias\\\/\",\"name\":\"Cand\\u00e1s 365\",\"alternateName\":\"Cand\\u00e1s 365 Noticias\",\"description\":\"Actualidad desde Carre\\u00f1o para el mundo\",\"inLanguage\":\"es-ES\",\"publisher\":{\"@id\":\"https:\\\/\\\/candas365.es\\\/noticias\\\/#organization\"}}]}\n\t\t<\/script>\n\t\t<!-- All in One SEO Pro -->\r\n\t\t<title>Diente por gol: el doloroso estreno en las redes de Diego Demme | Cand\u00e1s 365<\/title>\n\n","aioseo_head_json":{"title":"Diente por gol: el doloroso estreno en las redes de Diego Demme | Cand\u00e1s 365","description":"(dpa) - El mediocampista del Leipzig Diego Demme tuvo un doloroso estreno goleador el s\u00e1bado al perder un diente al momento de marcar el 4-0 ante el Freiburg en la Liga alemana de f\u00fatbol, aunque eso no le impidi\u00f3 exhibir el domingo una sonrisa completa. \"Como pueden ver, el dentista hizo un gran trabajo\", expres\u00f3","canonical_url":"https:\/\/candas365.es\/noticias\/diente-por-gol-el-doloroso-estreno-en-las-redes-de-diego-demme\/","robots":"max-image-preview:large","keywords":"actualidad","webmasterTools":{"google-site-verification":"UA-32230408-1","msvalidate.01":"354F3CDFB2DA171B47FBE9ABF1F88D5","miscellaneous":""},"schema":{"@context":"https:\/\/schema.org","@graph":[{"@type":"BreadcrumbList","@id":"https:\/\/candas365.es\/noticias\/diente-por-gol-el-doloroso-estreno-en-las-redes-de-diego-demme\/#breadcrumblist","itemListElement":[{"@type":"ListItem","@id":"https:\/\/candas365.es\/noticias#listItem","position":1,"name":"Home","item":"https:\/\/candas365.es\/noticias","nextItem":{"@type":"ListItem","@id":"https:\/\/candas365.es\/noticias\/category\/actualidad\/#listItem","name":"Actualidad"}},{"@type":"ListItem","@id":"https:\/\/candas365.es\/noticias\/category\/actualidad\/#listItem","position":2,"name":"Actualidad","item":"https:\/\/candas365.es\/noticias\/category\/actualidad\/","nextItem":{"@type":"ListItem","@id":"https:\/\/candas365.es\/noticias\/diente-por-gol-el-doloroso-estreno-en-las-redes-de-diego-demme\/#listItem","name":"Diente por gol: el doloroso estreno en las redes de Diego Demme"},"previousItem":{"@type":"ListItem","@id":"https:\/\/candas365.es\/noticias#listItem","name":"Home"}},{"@type":"ListItem","@id":"https:\/\/candas365.es\/noticias\/diente-por-gol-el-doloroso-estreno-en-las-redes-de-diego-demme\/#listItem","position":3,"name":"Diente por gol: el doloroso estreno en las redes de Diego Demme","previousItem":{"@type":"ListItem","@id":"https:\/\/candas365.es\/noticias\/category\/actualidad\/#listItem","name":"Actualidad"}}]},{"@type":"NewsArticle","@id":"https:\/\/candas365.es\/noticias\/diente-por-gol-el-doloroso-estreno-en-las-redes-de-diego-demme\/#newsarticle","name":"Diente por gol: el doloroso estreno en las redes de Diego Demme | Cand\u00e1s 365","headline":"Diente por gol: el doloroso estreno en las redes de Diego Demme","author":{"@id":"https:\/\/candas365.es\/noticias\/author\/admin\/#author"},"publisher":{"@id":"https:\/\/candas365.es\/noticias\/#organization"},"image":{"@type":"ImageObject","url":"https:\/\/candas365.es\/noticias\/wp-content\/uploads\/2024\/09\/Candas-365-Redes.jpg","@id":"https:\/\/candas365.es\/noticias\/#articleImage","width":1152,"height":864,"caption":"Cand\u00e1s 365 Redes"},"datePublished":"2017-04-18T17:56:52+02:00","dateModified":"2017-04-18T17:56:52+02:00","inLanguage":"es-ES","mainEntityOfPage":{"@id":"https:\/\/candas365.es\/noticias\/diente-por-gol-el-doloroso-estreno-en-las-redes-de-diego-demme\/#webpage"},"isPartOf":{"@id":"https:\/\/candas365.es\/noticias\/diente-por-gol-el-doloroso-estreno-en-las-redes-de-diego-demme\/#webpage"},"articleSection":"Actualidad","dateline":"Publicado el abril 18, 2017."},{"@type":"Organization","@id":"https:\/\/candas365.es\/noticias\/#organization","name":"Cand\u00e1s 365","description":"Cand\u00e1s 365 es un diario digital independiente, fundado en 2012, con base en Asturias. Informamos con rigor sobre actualidad, sociedad, cultura y ocio, con una mirada local y global.","url":"https:\/\/candas365.es\/noticias\/","email":"info@candas365.es","telephone":"+34652131393","foundingDate":"2012-06-10","logo":{"@type":"ImageObject","url":"https:\/\/candas365.es\/noticias\/wp-content\/uploads\/2024\/09\/Candas-365-Redes.jpg","@id":"https:\/\/candas365.es\/noticias\/diente-por-gol-el-doloroso-estreno-en-las-redes-de-diego-demme\/#organizationLogo","width":1152,"height":864,"caption":"Cand\u00e1s 365 Redes"},"image":{"@id":"https:\/\/candas365.es\/noticias\/diente-por-gol-el-doloroso-estreno-en-las-redes-de-diego-demme\/#organizationLogo"},"sameAs":["https:\/\/www.facebook.com\/Nachofdezber","https:\/\/x.com\/NabercoDigital","https:\/\/www.instagram.com\/nachofdezber\/","https:\/\/www.youtube.com\/channel\/UCZP-2wLEB9Rv6erhFmqVnvg"],"address":{"@id":"https:\/\/candas365.es\/noticias\/#postaladdress","@type":"PostalAddress","streetAddress":"san antonio 4, san antonio 4","postalCode":"33430","addressLocality":"Cand\u00e1s","addressRegion":"Asturias","addressCountry":"ES"}},{"@type":"Person","@id":"https:\/\/candas365.es\/noticias\/author\/admin\/#author","url":"https:\/\/candas365.es\/noticias\/author\/admin\/","name":"Cand\u00e1s 365","image":{"@type":"ImageObject","@id":"https:\/\/candas365.es\/noticias\/diente-por-gol-el-doloroso-estreno-en-las-redes-de-diego-demme\/#authorImage","url":"https:\/\/secure.gravatar.com\/avatar\/496a8e03d0c493ede1718b7934145dbdf8d89be1036b0eec9544e1094c9de390?s=96&d=mm&r=g","width":96,"height":96,"caption":"Cand\u00e1s 365"},"sameAs":["https:\/\/www.facebook.com\/carrenoactualidad","https:\/\/twitter.com\/nbasturias","https:\/\/www.instagram.com\/nachofdezber\/","https:\/\/www.youtube.com\/channel\/UCZP-2wLEB9Rv6erhFmqVnvg"]},{"@type":"WebPage","@id":"https:\/\/candas365.es\/noticias\/diente-por-gol-el-doloroso-estreno-en-las-redes-de-diego-demme\/#webpage","url":"https:\/\/candas365.es\/noticias\/diente-por-gol-el-doloroso-estreno-en-las-redes-de-diego-demme\/","name":"Diente por gol: el doloroso estreno en las redes de Diego Demme | Cand\u00e1s 365","description":"(dpa) - El mediocampista del Leipzig Diego Demme tuvo un doloroso estreno goleador el s\u00e1bado al perder un diente al momento de marcar el 4-0 ante el Freiburg en la Liga alemana de f\u00fatbol, aunque eso no le impidi\u00f3 exhibir el domingo una sonrisa completa. \"Como pueden ver, el dentista hizo un gran trabajo\", expres\u00f3","inLanguage":"es-ES","isPartOf":{"@id":"https:\/\/candas365.es\/noticias\/#website"},"breadcrumb":{"@id":"https:\/\/candas365.es\/noticias\/diente-por-gol-el-doloroso-estreno-en-las-redes-de-diego-demme\/#breadcrumblist"},"author":{"@id":"https:\/\/candas365.es\/noticias\/author\/admin\/#author"},"creator":{"@id":"https:\/\/candas365.es\/noticias\/author\/admin\/#author"},"datePublished":"2017-04-18T17:56:52+02:00","dateModified":"2017-04-18T17:56:52+02:00"},{"@type":"WebSite","@id":"https:\/\/candas365.es\/noticias\/#website","url":"https:\/\/candas365.es\/noticias\/","name":"Cand\u00e1s 365","alternateName":"Cand\u00e1s 365 Noticias","description":"Actualidad desde Carre\u00f1o para el mundo","inLanguage":"es-ES","publisher":{"@id":"https:\/\/candas365.es\/noticias\/#organization"}}]},"og:locale":"es_ES","og:site_name":"Cand\u00e1s 365","og:type":"article","og:title":"Diente por gol: el doloroso estreno en las redes de Diego Demme | Cand\u00e1s 365","og:description":"(dpa) - El mediocampista del Leipzig Diego Demme tuvo un doloroso estreno goleador el s\u00e1bado al perder un diente al momento de marcar el 4-0 ante el Freiburg en la Liga alemana de f\u00fatbol, aunque eso no le impidi\u00f3 exhibir el domingo una sonrisa completa. &quot;Como pueden ver, el dentista hizo un gran trabajo&quot;, expres\u00f3","og:url":"https:\/\/candas365.es\/noticias\/diente-por-gol-el-doloroso-estreno-en-las-redes-de-diego-demme\/","og:image":"https:\/\/candas365.es\/noticias\/wp-content\/uploads\/2024\/09\/Candas-365-Redes.jpg","og:image:secure_url":"https:\/\/candas365.es\/noticias\/wp-content\/uploads\/2024\/09\/Candas-365-Redes.jpg","og:image:width":1152,"og:image:height":864,"article:published_time":"2017-04-18T17:56:52+00:00","article:modified_time":"2017-04-18T17:56:52+00:00","article:publisher":"https:\/\/www.facebook.com\/Nachofdezber","article:author":"https:\/\/www.facebook.com\/carrenoactualidad","twitter:card":"summary_large_image","twitter:site":"@NabercoDigital","twitter:title":"Diente por gol: el doloroso estreno en las redes de Diego Demme | Cand\u00e1s 365","twitter:description":"(dpa) - El mediocampista del Leipzig Diego Demme tuvo un doloroso estreno goleador el s\u00e1bado al perder un diente al momento de marcar el 4-0 ante el Freiburg en la Liga alemana de f\u00fatbol, aunque eso no le impidi\u00f3 exhibir el domingo una sonrisa completa. &quot;Como pueden ver, el dentista hizo un gran trabajo&quot;, expres\u00f3","twitter:creator":"@nbasturias","twitter:image":"https:\/\/candas365.es\/noticias\/wp-content\/uploads\/2024\/09\/Candas-365-Redes.jpg","twitter:label1":"Escrito por","twitter:data1":"Cand\u00e1s 365","twitter:label2":"Tiempo de lectura estimado","twitter:data2":"1 minuto"},"aioseo_meta_data":{"post_id":"69716","title":null,"description":null,"keywords":null,"keyphrases":null,"primary_term":null,"canonical_url":null,"og_title":null,"og_description":null,"og_object_type":"default","og_image_type":"default","og_image_url":null,"og_image_width":null,"og_image_height":null,"og_image_custom_url":null,"og_image_custom_fields":null,"og_video":null,"og_custom_url":null,"og_article_section":null,"og_article_tags":null,"twitter_use_og":false,"twitter_card":"default","twitter_image_type":"default","twitter_image_url":null,"twitter_image_custom_url":null,"twitter_image_custom_fields":null,"twitter_title":null,"twitter_description":null,"schema":{"blockGraphs":[],"customGraphs":[],"default":{"data":{"Article":[],"Course":[],"Dataset":[],"FAQPage":[],"Movie":[],"Person":[],"Product":[],"ProductReview":[],"Car":[],"Recipe":[],"Service":[],"SoftwareApplication":[],"WebPage":[]},"graphName":"","isEnabled":true},"graphs":[]},"schema_type":null,"schema_type_options":null,"pillar_content":false,"robots_default":true,"robots_noindex":false,"robots_noarchive":false,"robots_nosnippet":false,"robots_nofollow":false,"robots_noimageindex":false,"robots_noodp":false,"robots_notranslate":false,"robots_max_snippet":null,"robots_max_videopreview":null,"robots_max_imagepreview":"large","priority":null,"frequency":null,"location":null,"local_seo":null,"seo_analyzer_scan_date":"2025-08-25 11:17:08","breadcrumb_settings":null,"limit_modified_date":false,"reviewed_by":null,"open_ai":null,"ai":null,"created":"2020-12-21 13:01:32","updated":"2025-08-25 11:17:08"},"aioseo_breadcrumb":"<div class=\"aioseo-breadcrumbs\"><span class=\"aioseo-breadcrumb\">\n\t<a href=\"https:\/\/candas365.es\/noticias\" title=\"Home\">Home<\/a>\n<\/span><span class=\"aioseo-breadcrumb-separator\">&ndash;<\/span><span class=\"aioseo-breadcrumb\">\n\t<a href=\"https:\/\/candas365.es\/noticias\/category\/actualidad\/\" title=\"Actualidad\">Actualidad<\/a>\n<\/span><span class=\"aioseo-breadcrumb-separator\">&ndash;<\/span><span class=\"aioseo-breadcrumb\">\n\tDiente por gol: el doloroso estreno en las redes de Diego Demme\n<\/span><\/div>","aioseo_breadcrumb_json":[{"label":"Home","link":"https:\/\/candas365.es\/noticias"},{"label":"Actualidad","link":"https:\/\/candas365.es\/noticias\/category\/actualidad\/"},{"label":"Diente por gol: el doloroso estreno en las redes de Diego Demme","link":"https:\/\/candas365.es\/noticias\/diente-por-gol-el-doloroso-estreno-en-las-redes-de-diego-demme\/"}],"_links":{"self":[{"href":"https:\/\/candas365.es\/noticias\/wp-json\/wp\/v2\/posts\/69716","targetHints":{"allow":["GET"]}}],"collection":[{"href":"https:\/\/candas365.es\/noticias\/wp-json\/wp\/v2\/posts"}],"about":[{"href":"https:\/\/candas365.es\/noticias\/wp-json\/wp\/v2\/types\/post"}],"author":[{"embeddable":true,"href":"https:\/\/candas365.es\/noticias\/wp-json\/wp\/v2\/users\/1"}],"replies":[{"embeddable":true,"href":"https:\/\/candas365.es\/noticias\/wp-json\/wp\/v2\/comments?post=69716"}],"version-history":[{"count":0,"href":"https:\/\/candas365.es\/noticias\/wp-json\/wp\/v2\/posts\/69716\/revisions"}],"wp:attachment":[{"href":"https:\/\/candas365.es\/noticias\/wp-json\/wp\/v2\/media?parent=69716"}],"wp:term":[{"taxonomy":"category","embeddable":true,"href":"https:\/\/candas365.es\/noticias\/wp-json\/wp\/v2\/categories?post=69716"},{"taxonomy":"post_tag","embeddable":true,"href":"https:\/\/candas365.es\/noticias\/wp-json\/wp\/v2\/tags?post=69716"}],"curies":[{"name":"wp","href":"https:\/\/api.w.org\/{rel}","templated":true}]}}