{"id":69696,"date":"2017-04-18T17:50:34","date_gmt":"2017-04-18T17:50:34","guid":{"rendered":"http:\/\/candas365.es\/noticias\/?p=69696"},"modified":"2017-04-18T17:50:34","modified_gmt":"2017-04-18T17:50:34","slug":"alemania-defiende-mision-de-los-cascos-azules-en-siria-tras-la-guerra","status":"publish","type":"post","link":"https:\/\/candas365.es\/noticias\/alemania-defiende-mision-de-los-cascos-azules-en-siria-tras-la-guerra\/","title":{"rendered":"Alemania defiende misi\u00f3n de los cascos azules en Siria tras la guerra"},"content":{"rendered":"<p>(dpa) &#8211; La ministra de Defensa de Alemania, Ursula von der Leyen, abog\u00f3 por desplegar en Siria una misi\u00f3n de paz de las Naciones Unidas en la que participen \u00abtodos\u00bb, tan pronto como concluya la guerra civil en ese pa\u00eds, seg\u00fan unas declaraciones publicadas hoy en el dominical alem\u00e1n \u00abWelt am Sonntag\u00bb.<\/p>\n<p>\u00abEn una misi\u00f3n de los casos azules de este tipo debe participar tambi\u00e9n Europa, y tambi\u00e9n se preguntar\u00e1 a Alemania\u00bb, declar\u00f3 la pol\u00edtica conservadora que cree que la poblaci\u00f3n siria deber\u00eda estar bajo protegida bajo el amparo de la ONU. \u00abS\u00f3lo as\u00ed todos los Estados, que persiguen intereses sumamente diferentes en Siria y en la regi\u00f3n, estar\u00edan realmente involucrados\u00bb, indic\u00f3.<\/p>\n<p>Alemania est\u00e1 dispuesta a participar en esta misi\u00f3n para reconstruir el pa\u00eds y ofrecer protecci\u00f3n a la poblaci\u00f3n del pa\u00eds inmerso a\u00fan en una sangrienta guerra civil.<\/p>\n<p>\u00abSi queremos realmente seguridad para las personas que viven en Europa y en los pa\u00edses vecinos, debemos estar tambi\u00e9n preparados para dar los correspondientes medios a las estructuras en las que confiamos\u00bb, declar\u00f3.<\/p>\n<p>Asimismo, la titular de Defensa se mostr\u00f3 convencida de que el presidente sirio, Bashar al Assad es el responsable del ataque con gas venenoso en Jan Sheijun, la semana pasada, en el que perdieron la vida m\u00e1s de 80 personas.<\/p>\n<p>\u00abEso es muy plausible. Si Rusia lo duda, deber\u00eda dar v\u00eda libre para una investigaci\u00f3n independiente por parte de las Naciones Unidas\u00bb, afirm\u00f3.<\/p>\n","protected":false},"excerpt":{"rendered":"<p>(dpa) &#8211; La ministra de Defensa de Alemania, Ursula von der Leyen, abog\u00f3 por desplegar en Siria una misi\u00f3n de paz de las Naciones Unidas en la que participen \u00abtodos\u00bb, tan pronto como concluya la guerra civil en ese pa\u00eds, seg\u00fan unas declaraciones publicadas hoy en el dominical alem\u00e1n \u00abWelt am Sonntag\u00bb. \u00abEn una misi\u00f3n<\/p>\n","protected":false},"author":1,"featured_media":0,"comment_status":"open","ping_status":"closed","sticky":false,"template":"","format":"standard","meta":{"footnotes":""},"categories":[343],"tags":[],"class_list":{"0":"post-69696","1":"post","2":"type-post","3":"status-publish","4":"format-standard","6":"category-actualidad"},"aioseo_notices":[],"aioseo_head":"\n\t\t<!-- All in One SEO Pro 4.9.6.2 - aioseo.com -->\n\t<meta name=\"description\" content=\"(dpa) - La ministra de Defensa de Alemania, Ursula von der Leyen, abog\u00f3 por desplegar en Siria una misi\u00f3n de paz de las Naciones Unidas en la que participen &quot;todos&quot;, tan pronto como concluya la guerra civil en ese pa\u00eds, seg\u00fan unas declaraciones publicadas hoy en el dominical alem\u00e1n &quot;Welt am Sonntag&quot;. &quot;En una misi\u00f3n\" \/>\n\t<meta name=\"robots\" content=\"max-image-preview:large\" \/>\n\t<meta name=\"author\" content=\"Cand\u00e1s 365\"\/>\n\t<meta name=\"google-site-verification\" content=\"UA-32230408-1\" \/>\n\t<meta name=\"msvalidate.01\" content=\"354F3CDFB2DA171B47FBE9ABF1F88D5\" \/>\n\t<meta name=\"keywords\" content=\"actualidad\" \/>\n\t<link rel=\"canonical\" href=\"https:\/\/candas365.es\/noticias\/alemania-defiende-mision-de-los-cascos-azules-en-siria-tras-la-guerra\/\" \/>\n\t<meta name=\"generator\" content=\"All in One SEO Pro (AIOSEO) 4.9.6.2\" \/>\n\t\t<meta property=\"og:locale\" content=\"es_ES\" \/>\n\t\t<meta property=\"og:site_name\" content=\"Cand\u00e1s 365\" \/>\n\t\t<meta property=\"og:type\" content=\"article\" \/>\n\t\t<meta property=\"og:title\" content=\"Alemania defiende misi\u00f3n de los cascos azules en Siria tras la guerra | Cand\u00e1s 365\" \/>\n\t\t<meta property=\"og:description\" content=\"(dpa) - La ministra de Defensa de Alemania, Ursula von der Leyen, abog\u00f3 por desplegar en Siria una misi\u00f3n de paz de las Naciones Unidas en la que participen &quot;todos&quot;, tan pronto como concluya la guerra civil en ese pa\u00eds, seg\u00fan unas declaraciones publicadas hoy en el dominical alem\u00e1n &quot;Welt am Sonntag&quot;. &quot;En una misi\u00f3n\" \/>\n\t\t<meta property=\"og:url\" content=\"https:\/\/candas365.es\/noticias\/alemania-defiende-mision-de-los-cascos-azules-en-siria-tras-la-guerra\/\" \/>\n\t\t<meta property=\"og:image\" content=\"https:\/\/candas365.es\/noticias\/wp-content\/uploads\/2024\/09\/Candas-365-Redes.jpg\" \/>\n\t\t<meta property=\"og:image:secure_url\" content=\"https:\/\/candas365.es\/noticias\/wp-content\/uploads\/2024\/09\/Candas-365-Redes.jpg\" \/>\n\t\t<meta property=\"og:image:width\" content=\"1152\" \/>\n\t\t<meta property=\"og:image:height\" content=\"864\" \/>\n\t\t<meta property=\"article:published_time\" content=\"2017-04-18T17:50:34+00:00\" \/>\n\t\t<meta property=\"article:modified_time\" content=\"2017-04-18T17:50:34+00:00\" \/>\n\t\t<meta property=\"article:publisher\" content=\"https:\/\/www.facebook.com\/Nachofdezber\" \/>\n\t\t<meta property=\"article:author\" content=\"https:\/\/www.facebook.com\/carrenoactualidad\" \/>\n\t\t<meta name=\"twitter:card\" content=\"summary_large_image\" \/>\n\t\t<meta name=\"twitter:site\" content=\"@NabercoDigital\" \/>\n\t\t<meta name=\"twitter:title\" content=\"Alemania defiende misi\u00f3n de los cascos azules en Siria tras la guerra | Cand\u00e1s 365\" \/>\n\t\t<meta name=\"twitter:description\" content=\"(dpa) - La ministra de Defensa de Alemania, Ursula von der Leyen, abog\u00f3 por desplegar en Siria una misi\u00f3n de paz de las Naciones Unidas en la que participen &quot;todos&quot;, tan pronto como concluya la guerra civil en ese pa\u00eds, seg\u00fan unas declaraciones publicadas hoy en el dominical alem\u00e1n &quot;Welt am Sonntag&quot;. &quot;En una misi\u00f3n\" \/>\n\t\t<meta name=\"twitter:creator\" content=\"@nbasturias\" \/>\n\t\t<meta name=\"twitter:image\" content=\"https:\/\/candas365.es\/noticias\/wp-content\/uploads\/2024\/09\/Candas-365-Redes.jpg\" \/>\n\t\t<meta name=\"twitter:label1\" content=\"Escrito por\" \/>\n\t\t<meta name=\"twitter:data1\" content=\"Cand\u00e1s 365\" \/>\n\t\t<meta name=\"twitter:label2\" content=\"Tiempo de lectura estimado\" \/>\n\t\t<meta name=\"twitter:data2\" content=\"1 minuto\" \/>\n\t\t<script type=\"application\/ld+json\" class=\"aioseo-schema\">\n\t\t\t{\"@context\":\"https:\\\/\\\/schema.org\",\"@graph\":[{\"@type\":\"BreadcrumbList\",\"@id\":\"https:\\\/\\\/candas365.es\\\/noticias\\\/alemania-defiende-mision-de-los-cascos-azules-en-siria-tras-la-guerra\\\/#breadcrumblist\",\"itemListElement\":[{\"@type\":\"ListItem\",\"@id\":\"https:\\\/\\\/candas365.es\\\/noticias#listItem\",\"position\":1,\"name\":\"Home\",\"item\":\"https:\\\/\\\/candas365.es\\\/noticias\",\"nextItem\":{\"@type\":\"ListItem\",\"@id\":\"https:\\\/\\\/candas365.es\\\/noticias\\\/category\\\/actualidad\\\/#listItem\",\"name\":\"Actualidad\"}},{\"@type\":\"ListItem\",\"@id\":\"https:\\\/\\\/candas365.es\\\/noticias\\\/category\\\/actualidad\\\/#listItem\",\"position\":2,\"name\":\"Actualidad\",\"item\":\"https:\\\/\\\/candas365.es\\\/noticias\\\/category\\\/actualidad\\\/\",\"nextItem\":{\"@type\":\"ListItem\",\"@id\":\"https:\\\/\\\/candas365.es\\\/noticias\\\/alemania-defiende-mision-de-los-cascos-azules-en-siria-tras-la-guerra\\\/#listItem\",\"name\":\"Alemania defiende misi\\u00f3n de los cascos azules en Siria tras la guerra\"},\"previousItem\":{\"@type\":\"ListItem\",\"@id\":\"https:\\\/\\\/candas365.es\\\/noticias#listItem\",\"name\":\"Home\"}},{\"@type\":\"ListItem\",\"@id\":\"https:\\\/\\\/candas365.es\\\/noticias\\\/alemania-defiende-mision-de-los-cascos-azules-en-siria-tras-la-guerra\\\/#listItem\",\"position\":3,\"name\":\"Alemania defiende misi\\u00f3n de los cascos azules en Siria tras la guerra\",\"previousItem\":{\"@type\":\"ListItem\",\"@id\":\"https:\\\/\\\/candas365.es\\\/noticias\\\/category\\\/actualidad\\\/#listItem\",\"name\":\"Actualidad\"}}]},{\"@type\":\"NewsArticle\",\"@id\":\"https:\\\/\\\/candas365.es\\\/noticias\\\/alemania-defiende-mision-de-los-cascos-azules-en-siria-tras-la-guerra\\\/#newsarticle\",\"name\":\"Alemania defiende misi\\u00f3n de los cascos azules en Siria tras la guerra | Cand\\u00e1s 365\",\"headline\":\"Alemania defiende misi\\u00f3n de los cascos azules en Siria tras la guerra\",\"author\":{\"@id\":\"https:\\\/\\\/candas365.es\\\/noticias\\\/author\\\/admin\\\/#author\"},\"publisher\":{\"@id\":\"https:\\\/\\\/candas365.es\\\/noticias\\\/#organization\"},\"image\":{\"@type\":\"ImageObject\",\"url\":\"https:\\\/\\\/candas365.es\\\/noticias\\\/wp-content\\\/uploads\\\/2024\\\/09\\\/Candas-365-Redes.jpg\",\"@id\":\"https:\\\/\\\/candas365.es\\\/noticias\\\/#articleImage\",\"width\":1152,\"height\":864,\"caption\":\"Cand\\u00e1s 365 Redes\"},\"datePublished\":\"2017-04-18T17:50:34+02:00\",\"dateModified\":\"2017-04-18T17:50:34+02:00\",\"inLanguage\":\"es-ES\",\"mainEntityOfPage\":{\"@id\":\"https:\\\/\\\/candas365.es\\\/noticias\\\/alemania-defiende-mision-de-los-cascos-azules-en-siria-tras-la-guerra\\\/#webpage\"},\"isPartOf\":{\"@id\":\"https:\\\/\\\/candas365.es\\\/noticias\\\/alemania-defiende-mision-de-los-cascos-azules-en-siria-tras-la-guerra\\\/#webpage\"},\"articleSection\":\"Actualidad\",\"dateline\":\"Publicado el abril 18, 2017.\"},{\"@type\":\"Organization\",\"@id\":\"https:\\\/\\\/candas365.es\\\/noticias\\\/#organization\",\"name\":\"Cand\\u00e1s 365\",\"description\":\"Cand\\u00e1s 365 es un diario digital independiente, fundado en 2012, con base en Asturias. Informamos con rigor sobre actualidad, sociedad, cultura y ocio, con una mirada local y global.\",\"url\":\"https:\\\/\\\/candas365.es\\\/noticias\\\/\",\"email\":\"info@candas365.es\",\"telephone\":\"+34652131393\",\"foundingDate\":\"2012-06-10\",\"logo\":{\"@type\":\"ImageObject\",\"url\":\"https:\\\/\\\/candas365.es\\\/noticias\\\/wp-content\\\/uploads\\\/2024\\\/09\\\/Candas-365-Redes.jpg\",\"@id\":\"https:\\\/\\\/candas365.es\\\/noticias\\\/alemania-defiende-mision-de-los-cascos-azules-en-siria-tras-la-guerra\\\/#organizationLogo\",\"width\":1152,\"height\":864,\"caption\":\"Cand\\u00e1s 365 Redes\"},\"image\":{\"@id\":\"https:\\\/\\\/candas365.es\\\/noticias\\\/alemania-defiende-mision-de-los-cascos-azules-en-siria-tras-la-guerra\\\/#organizationLogo\"},\"sameAs\":[\"https:\\\/\\\/www.facebook.com\\\/Nachofdezber\",\"https:\\\/\\\/x.com\\\/NabercoDigital\",\"https:\\\/\\\/www.instagram.com\\\/nachofdezber\\\/\",\"https:\\\/\\\/www.youtube.com\\\/channel\\\/UCZP-2wLEB9Rv6erhFmqVnvg\"],\"address\":{\"@id\":\"https:\\\/\\\/candas365.es\\\/noticias\\\/#postaladdress\",\"@type\":\"PostalAddress\",\"streetAddress\":\"san antonio 4, san antonio 4\",\"postalCode\":\"33430\",\"addressLocality\":\"Cand\\u00e1s\",\"addressRegion\":\"Asturias\",\"addressCountry\":\"ES\"}},{\"@type\":\"Person\",\"@id\":\"https:\\\/\\\/candas365.es\\\/noticias\\\/author\\\/admin\\\/#author\",\"url\":\"https:\\\/\\\/candas365.es\\\/noticias\\\/author\\\/admin\\\/\",\"name\":\"Cand\\u00e1s 365\",\"image\":{\"@type\":\"ImageObject\",\"@id\":\"https:\\\/\\\/candas365.es\\\/noticias\\\/alemania-defiende-mision-de-los-cascos-azules-en-siria-tras-la-guerra\\\/#authorImage\",\"url\":\"https:\\\/\\\/secure.gravatar.com\\\/avatar\\\/496a8e03d0c493ede1718b7934145dbdf8d89be1036b0eec9544e1094c9de390?s=96&d=mm&r=g\",\"width\":96,\"height\":96,\"caption\":\"Cand\\u00e1s 365\"},\"sameAs\":[\"https:\\\/\\\/www.facebook.com\\\/carrenoactualidad\",\"https:\\\/\\\/twitter.com\\\/nbasturias\",\"https:\\\/\\\/www.instagram.com\\\/nachofdezber\\\/\",\"https:\\\/\\\/www.youtube.com\\\/channel\\\/UCZP-2wLEB9Rv6erhFmqVnvg\"]},{\"@type\":\"WebPage\",\"@id\":\"https:\\\/\\\/candas365.es\\\/noticias\\\/alemania-defiende-mision-de-los-cascos-azules-en-siria-tras-la-guerra\\\/#webpage\",\"url\":\"https:\\\/\\\/candas365.es\\\/noticias\\\/alemania-defiende-mision-de-los-cascos-azules-en-siria-tras-la-guerra\\\/\",\"name\":\"Alemania defiende misi\\u00f3n de los cascos azules en Siria tras la guerra | Cand\\u00e1s 365\",\"description\":\"(dpa) - La ministra de Defensa de Alemania, Ursula von der Leyen, abog\\u00f3 por desplegar en Siria una misi\\u00f3n de paz de las Naciones Unidas en la que participen \\\"todos\\\", tan pronto como concluya la guerra civil en ese pa\\u00eds, seg\\u00fan unas declaraciones publicadas hoy en el dominical alem\\u00e1n \\\"Welt am Sonntag\\\". \\\"En una misi\\u00f3n\",\"inLanguage\":\"es-ES\",\"isPartOf\":{\"@id\":\"https:\\\/\\\/candas365.es\\\/noticias\\\/#website\"},\"breadcrumb\":{\"@id\":\"https:\\\/\\\/candas365.es\\\/noticias\\\/alemania-defiende-mision-de-los-cascos-azules-en-siria-tras-la-guerra\\\/#breadcrumblist\"},\"author\":{\"@id\":\"https:\\\/\\\/candas365.es\\\/noticias\\\/author\\\/admin\\\/#author\"},\"creator\":{\"@id\":\"https:\\\/\\\/candas365.es\\\/noticias\\\/author\\\/admin\\\/#author\"},\"datePublished\":\"2017-04-18T17:50:34+02:00\",\"dateModified\":\"2017-04-18T17:50:34+02:00\"},{\"@type\":\"WebSite\",\"@id\":\"https:\\\/\\\/candas365.es\\\/noticias\\\/#website\",\"url\":\"https:\\\/\\\/candas365.es\\\/noticias\\\/\",\"name\":\"Cand\\u00e1s 365\",\"alternateName\":\"Cand\\u00e1s 365 Noticias\",\"description\":\"Actualidad desde Carre\\u00f1o para el mundo\",\"inLanguage\":\"es-ES\",\"publisher\":{\"@id\":\"https:\\\/\\\/candas365.es\\\/noticias\\\/#organization\"}}]}\n\t\t<\/script>\n\t\t<!-- All in One SEO Pro -->\r\n\t\t<title>Alemania defiende misi\u00f3n de los cascos azules en Siria tras la guerra | Cand\u00e1s 365<\/title>\n\n","aioseo_head_json":{"title":"Alemania defiende misi\u00f3n de los cascos azules en Siria tras la guerra | Cand\u00e1s 365","description":"(dpa) - La ministra de Defensa de Alemania, Ursula von der Leyen, abog\u00f3 por desplegar en Siria una misi\u00f3n de paz de las Naciones Unidas en la que participen \"todos\", tan pronto como concluya la guerra civil en ese pa\u00eds, seg\u00fan unas declaraciones publicadas hoy en el dominical alem\u00e1n \"Welt am Sonntag\". \"En una misi\u00f3n","canonical_url":"https:\/\/candas365.es\/noticias\/alemania-defiende-mision-de-los-cascos-azules-en-siria-tras-la-guerra\/","robots":"max-image-preview:large","keywords":"actualidad","webmasterTools":{"google-site-verification":"UA-32230408-1","msvalidate.01":"354F3CDFB2DA171B47FBE9ABF1F88D5","miscellaneous":""},"schema":{"@context":"https:\/\/schema.org","@graph":[{"@type":"BreadcrumbList","@id":"https:\/\/candas365.es\/noticias\/alemania-defiende-mision-de-los-cascos-azules-en-siria-tras-la-guerra\/#breadcrumblist","itemListElement":[{"@type":"ListItem","@id":"https:\/\/candas365.es\/noticias#listItem","position":1,"name":"Home","item":"https:\/\/candas365.es\/noticias","nextItem":{"@type":"ListItem","@id":"https:\/\/candas365.es\/noticias\/category\/actualidad\/#listItem","name":"Actualidad"}},{"@type":"ListItem","@id":"https:\/\/candas365.es\/noticias\/category\/actualidad\/#listItem","position":2,"name":"Actualidad","item":"https:\/\/candas365.es\/noticias\/category\/actualidad\/","nextItem":{"@type":"ListItem","@id":"https:\/\/candas365.es\/noticias\/alemania-defiende-mision-de-los-cascos-azules-en-siria-tras-la-guerra\/#listItem","name":"Alemania defiende misi\u00f3n de los cascos azules en Siria tras la guerra"},"previousItem":{"@type":"ListItem","@id":"https:\/\/candas365.es\/noticias#listItem","name":"Home"}},{"@type":"ListItem","@id":"https:\/\/candas365.es\/noticias\/alemania-defiende-mision-de-los-cascos-azules-en-siria-tras-la-guerra\/#listItem","position":3,"name":"Alemania defiende misi\u00f3n de los cascos azules en Siria tras la guerra","previousItem":{"@type":"ListItem","@id":"https:\/\/candas365.es\/noticias\/category\/actualidad\/#listItem","name":"Actualidad"}}]},{"@type":"NewsArticle","@id":"https:\/\/candas365.es\/noticias\/alemania-defiende-mision-de-los-cascos-azules-en-siria-tras-la-guerra\/#newsarticle","name":"Alemania defiende misi\u00f3n de los cascos azules en Siria tras la guerra | Cand\u00e1s 365","headline":"Alemania defiende misi\u00f3n de los cascos azules en Siria tras la guerra","author":{"@id":"https:\/\/candas365.es\/noticias\/author\/admin\/#author"},"publisher":{"@id":"https:\/\/candas365.es\/noticias\/#organization"},"image":{"@type":"ImageObject","url":"https:\/\/candas365.es\/noticias\/wp-content\/uploads\/2024\/09\/Candas-365-Redes.jpg","@id":"https:\/\/candas365.es\/noticias\/#articleImage","width":1152,"height":864,"caption":"Cand\u00e1s 365 Redes"},"datePublished":"2017-04-18T17:50:34+02:00","dateModified":"2017-04-18T17:50:34+02:00","inLanguage":"es-ES","mainEntityOfPage":{"@id":"https:\/\/candas365.es\/noticias\/alemania-defiende-mision-de-los-cascos-azules-en-siria-tras-la-guerra\/#webpage"},"isPartOf":{"@id":"https:\/\/candas365.es\/noticias\/alemania-defiende-mision-de-los-cascos-azules-en-siria-tras-la-guerra\/#webpage"},"articleSection":"Actualidad","dateline":"Publicado el abril 18, 2017."},{"@type":"Organization","@id":"https:\/\/candas365.es\/noticias\/#organization","name":"Cand\u00e1s 365","description":"Cand\u00e1s 365 es un diario digital independiente, fundado en 2012, con base en Asturias. Informamos con rigor sobre actualidad, sociedad, cultura y ocio, con una mirada local y global.","url":"https:\/\/candas365.es\/noticias\/","email":"info@candas365.es","telephone":"+34652131393","foundingDate":"2012-06-10","logo":{"@type":"ImageObject","url":"https:\/\/candas365.es\/noticias\/wp-content\/uploads\/2024\/09\/Candas-365-Redes.jpg","@id":"https:\/\/candas365.es\/noticias\/alemania-defiende-mision-de-los-cascos-azules-en-siria-tras-la-guerra\/#organizationLogo","width":1152,"height":864,"caption":"Cand\u00e1s 365 Redes"},"image":{"@id":"https:\/\/candas365.es\/noticias\/alemania-defiende-mision-de-los-cascos-azules-en-siria-tras-la-guerra\/#organizationLogo"},"sameAs":["https:\/\/www.facebook.com\/Nachofdezber","https:\/\/x.com\/NabercoDigital","https:\/\/www.instagram.com\/nachofdezber\/","https:\/\/www.youtube.com\/channel\/UCZP-2wLEB9Rv6erhFmqVnvg"],"address":{"@id":"https:\/\/candas365.es\/noticias\/#postaladdress","@type":"PostalAddress","streetAddress":"san antonio 4, san antonio 4","postalCode":"33430","addressLocality":"Cand\u00e1s","addressRegion":"Asturias","addressCountry":"ES"}},{"@type":"Person","@id":"https:\/\/candas365.es\/noticias\/author\/admin\/#author","url":"https:\/\/candas365.es\/noticias\/author\/admin\/","name":"Cand\u00e1s 365","image":{"@type":"ImageObject","@id":"https:\/\/candas365.es\/noticias\/alemania-defiende-mision-de-los-cascos-azules-en-siria-tras-la-guerra\/#authorImage","url":"https:\/\/secure.gravatar.com\/avatar\/496a8e03d0c493ede1718b7934145dbdf8d89be1036b0eec9544e1094c9de390?s=96&d=mm&r=g","width":96,"height":96,"caption":"Cand\u00e1s 365"},"sameAs":["https:\/\/www.facebook.com\/carrenoactualidad","https:\/\/twitter.com\/nbasturias","https:\/\/www.instagram.com\/nachofdezber\/","https:\/\/www.youtube.com\/channel\/UCZP-2wLEB9Rv6erhFmqVnvg"]},{"@type":"WebPage","@id":"https:\/\/candas365.es\/noticias\/alemania-defiende-mision-de-los-cascos-azules-en-siria-tras-la-guerra\/#webpage","url":"https:\/\/candas365.es\/noticias\/alemania-defiende-mision-de-los-cascos-azules-en-siria-tras-la-guerra\/","name":"Alemania defiende misi\u00f3n de los cascos azules en Siria tras la guerra | Cand\u00e1s 365","description":"(dpa) - La ministra de Defensa de Alemania, Ursula von der Leyen, abog\u00f3 por desplegar en Siria una misi\u00f3n de paz de las Naciones Unidas en la que participen \"todos\", tan pronto como concluya la guerra civil en ese pa\u00eds, seg\u00fan unas declaraciones publicadas hoy en el dominical alem\u00e1n \"Welt am Sonntag\". \"En una misi\u00f3n","inLanguage":"es-ES","isPartOf":{"@id":"https:\/\/candas365.es\/noticias\/#website"},"breadcrumb":{"@id":"https:\/\/candas365.es\/noticias\/alemania-defiende-mision-de-los-cascos-azules-en-siria-tras-la-guerra\/#breadcrumblist"},"author":{"@id":"https:\/\/candas365.es\/noticias\/author\/admin\/#author"},"creator":{"@id":"https:\/\/candas365.es\/noticias\/author\/admin\/#author"},"datePublished":"2017-04-18T17:50:34+02:00","dateModified":"2017-04-18T17:50:34+02:00"},{"@type":"WebSite","@id":"https:\/\/candas365.es\/noticias\/#website","url":"https:\/\/candas365.es\/noticias\/","name":"Cand\u00e1s 365","alternateName":"Cand\u00e1s 365 Noticias","description":"Actualidad desde Carre\u00f1o para el mundo","inLanguage":"es-ES","publisher":{"@id":"https:\/\/candas365.es\/noticias\/#organization"}}]},"og:locale":"es_ES","og:site_name":"Cand\u00e1s 365","og:type":"article","og:title":"Alemania defiende misi\u00f3n de los cascos azules en Siria tras la guerra | Cand\u00e1s 365","og:description":"(dpa) - La ministra de Defensa de Alemania, Ursula von der Leyen, abog\u00f3 por desplegar en Siria una misi\u00f3n de paz de las Naciones Unidas en la que participen &quot;todos&quot;, tan pronto como concluya la guerra civil en ese pa\u00eds, seg\u00fan unas declaraciones publicadas hoy en el dominical alem\u00e1n &quot;Welt am Sonntag&quot;. &quot;En una misi\u00f3n","og:url":"https:\/\/candas365.es\/noticias\/alemania-defiende-mision-de-los-cascos-azules-en-siria-tras-la-guerra\/","og:image":"https:\/\/candas365.es\/noticias\/wp-content\/uploads\/2024\/09\/Candas-365-Redes.jpg","og:image:secure_url":"https:\/\/candas365.es\/noticias\/wp-content\/uploads\/2024\/09\/Candas-365-Redes.jpg","og:image:width":1152,"og:image:height":864,"article:published_time":"2017-04-18T17:50:34+00:00","article:modified_time":"2017-04-18T17:50:34+00:00","article:publisher":"https:\/\/www.facebook.com\/Nachofdezber","article:author":"https:\/\/www.facebook.com\/carrenoactualidad","twitter:card":"summary_large_image","twitter:site":"@NabercoDigital","twitter:title":"Alemania defiende misi\u00f3n de los cascos azules en Siria tras la guerra | Cand\u00e1s 365","twitter:description":"(dpa) - La ministra de Defensa de Alemania, Ursula von der Leyen, abog\u00f3 por desplegar en Siria una misi\u00f3n de paz de las Naciones Unidas en la que participen &quot;todos&quot;, tan pronto como concluya la guerra civil en ese pa\u00eds, seg\u00fan unas declaraciones publicadas hoy en el dominical alem\u00e1n &quot;Welt am Sonntag&quot;. &quot;En una misi\u00f3n","twitter:creator":"@nbasturias","twitter:image":"https:\/\/candas365.es\/noticias\/wp-content\/uploads\/2024\/09\/Candas-365-Redes.jpg","twitter:label1":"Escrito por","twitter:data1":"Cand\u00e1s 365","twitter:label2":"Tiempo de lectura estimado","twitter:data2":"1 minuto"},"aioseo_meta_data":{"post_id":"69696","title":null,"description":null,"keywords":null,"keyphrases":null,"primary_term":null,"canonical_url":null,"og_title":null,"og_description":null,"og_object_type":"default","og_image_type":"default","og_image_url":null,"og_image_width":null,"og_image_height":null,"og_image_custom_url":null,"og_image_custom_fields":null,"og_video":null,"og_custom_url":null,"og_article_section":null,"og_article_tags":null,"twitter_use_og":false,"twitter_card":"default","twitter_image_type":"default","twitter_image_url":null,"twitter_image_custom_url":null,"twitter_image_custom_fields":null,"twitter_title":null,"twitter_description":null,"schema":{"blockGraphs":[],"customGraphs":[],"default":{"data":{"Article":[],"Course":[],"Dataset":[],"FAQPage":[],"Movie":[],"Person":[],"Product":[],"ProductReview":[],"Car":[],"Recipe":[],"Service":[],"SoftwareApplication":[],"WebPage":[]},"graphName":"","isEnabled":true},"graphs":[],"defaultGraph":"","defaultPostTypeGraph":""},"schema_type":null,"schema_type_options":null,"pillar_content":false,"robots_default":true,"robots_noindex":false,"robots_noarchive":false,"robots_nosnippet":false,"robots_nofollow":false,"robots_noimageindex":false,"robots_noodp":false,"robots_notranslate":false,"robots_max_snippet":null,"robots_max_videopreview":null,"robots_max_imagepreview":"large","priority":null,"frequency":null,"location":null,"local_seo":null,"seo_analyzer_scan_date":"2025-08-25 11:15:10","breadcrumb_settings":null,"limit_modified_date":false,"reviewed_by":null,"open_ai":null,"ai":null,"created":"2020-12-21 13:01:32","updated":"2025-08-25 11:15:10"},"aioseo_breadcrumb":"<div class=\"aioseo-breadcrumbs\"><span class=\"aioseo-breadcrumb\">\n\t<a href=\"https:\/\/candas365.es\/noticias\" title=\"Home\">Home<\/a>\n<\/span><span class=\"aioseo-breadcrumb-separator\">&ndash;<\/span><span class=\"aioseo-breadcrumb\">\n\t<a href=\"https:\/\/candas365.es\/noticias\/category\/actualidad\/\" title=\"Actualidad\">Actualidad<\/a>\n<\/span><span class=\"aioseo-breadcrumb-separator\">&ndash;<\/span><span class=\"aioseo-breadcrumb\">\n\tAlemania defiende misi\u00f3n de los cascos azules en Siria tras la guerra\n<\/span><\/div>","aioseo_breadcrumb_json":[{"label":"Home","link":"https:\/\/candas365.es\/noticias"},{"label":"Actualidad","link":"https:\/\/candas365.es\/noticias\/category\/actualidad\/"},{"label":"Alemania defiende misi\u00f3n de los cascos azules en Siria tras la guerra","link":"https:\/\/candas365.es\/noticias\/alemania-defiende-mision-de-los-cascos-azules-en-siria-tras-la-guerra\/"}],"_links":{"self":[{"href":"https:\/\/candas365.es\/noticias\/wp-json\/wp\/v2\/posts\/69696","targetHints":{"allow":["GET"]}}],"collection":[{"href":"https:\/\/candas365.es\/noticias\/wp-json\/wp\/v2\/posts"}],"about":[{"href":"https:\/\/candas365.es\/noticias\/wp-json\/wp\/v2\/types\/post"}],"author":[{"embeddable":true,"href":"https:\/\/candas365.es\/noticias\/wp-json\/wp\/v2\/users\/1"}],"replies":[{"embeddable":true,"href":"https:\/\/candas365.es\/noticias\/wp-json\/wp\/v2\/comments?post=69696"}],"version-history":[{"count":0,"href":"https:\/\/candas365.es\/noticias\/wp-json\/wp\/v2\/posts\/69696\/revisions"}],"wp:attachment":[{"href":"https:\/\/candas365.es\/noticias\/wp-json\/wp\/v2\/media?parent=69696"}],"wp:term":[{"taxonomy":"category","embeddable":true,"href":"https:\/\/candas365.es\/noticias\/wp-json\/wp\/v2\/categories?post=69696"},{"taxonomy":"post_tag","embeddable":true,"href":"https:\/\/candas365.es\/noticias\/wp-json\/wp\/v2\/tags?post=69696"}],"curies":[{"name":"wp","href":"https:\/\/api.w.org\/{rel}","templated":true}]}}