{"id":69694,"date":"2017-04-18T17:50:00","date_gmt":"2017-04-18T17:50:00","guid":{"rendered":"http:\/\/candas365.es\/noticias\/?p=69694"},"modified":"2017-04-18T17:50:01","modified_gmt":"2017-04-18T17:50:01","slug":"rescatan-cerca-de-3-000-migrantes-en-el-mediterraneo-el-fin-de-semana","status":"publish","type":"post","link":"https:\/\/candas365.es\/noticias\/rescatan-cerca-de-3-000-migrantes-en-el-mediterraneo-el-fin-de-semana\/","title":{"rendered":"Rescatan cerca de 3.000 migrantes en el Mediterr\u00e1neo el fin de semana"},"content":{"rendered":"<p>(dpa) &#8211; Cerca de 3.000 migrantes fueron rescatados este fin de semana en el Mediterr\u00e1neo, informaron ayer organizaciones de ayuda humanitaria.<\/p>\n<p>Las organizaciones Iuventa Jugend rettet, MOAS y Sea-Eye rescataron unas 3.000 personas que navegaban en botes de goma y de madera a unas 20 millas de la costa de Libia el s\u00e1bado, inform\u00f3 a dpa el capit\u00e1n del buque de rescate de Iuventa, Kai Kaltegaertner.<\/p>\n<p>Entre 1.800 y 2.000 personas hab\u00edan sido rescatadas el viernes, agreg\u00f3.<\/p>\n<p>Kaltegaertner dijo que las organizaciones de ayuda que trabajan en la regi\u00f3n temen que m\u00e1s botes con migrantes sean descubiertos durante la noche.<\/p>\n<p>Durante todo el s\u00e1bado, el buque de rescate tuvo que socorrer a cientos de personas que a\u00fan se encontraban en barcos inestables. Un barco de la Marina alemana ayud\u00f3 a las organizaciones no gubernamentales a llevar a los refugiados a tierra. Por el momento no hab\u00eda informes de v\u00edctimas.<\/p>\n<p>\u00abTodas las organizaciones est\u00e1n trabajando al l\u00edmite\u00bb, dijo la portavoz de Iuventa, Pauline Schmidt. La ONG esper\u00f3 a que el Centro de Control de Salvamento Mar\u00edtimo para el Mediterr\u00e1neo (CCSM) en Roma env\u00ede barcos para trasladar a los rescatados a tierra firme.<\/p>\n<p>\u00abNosotros dependemos de que el CCSM env\u00ede un barco. De lo contrario no podremos seguir rescatando gente y estaremos obligados a llevarlos nosotros a tierra y dejar completamente sola la zona de rescate\u00bb, dijo Schmidt.<\/p>\n<p>La organizaci\u00f3n SOS M\u00e9diterran\u00e9e inform\u00f3 ayer de que el viernes en siete horas rescat\u00f3 500 personas. Un hombre muri\u00f3 en uno de los botes, agrega el reporte.<\/p>\n<p>En tanto, un portavoz de la Organizaci\u00f3n Internacional para las Migraciones (OIM) inform\u00f3 en Twitter que un grupo de pescadores hab\u00edan rescatado a a 101 personas de un barco que se estaba hundiendo y que cinco murieron ahogados.<\/p>\n<p>Adem\u00e1s, se llev\u00f3 a cabo otro salvataje entre Grecia e Italia. Entre los 48 inmigrantes a bordo hab\u00eda 13 menores de edad, agrega OIM.<\/p>\n","protected":false},"excerpt":{"rendered":"<p>(dpa) &#8211; Cerca de 3.000 migrantes fueron rescatados este fin de semana en el Mediterr\u00e1neo, informaron ayer organizaciones de ayuda humanitaria. Las organizaciones Iuventa Jugend rettet, MOAS y Sea-Eye rescataron unas 3.000 personas que navegaban en botes de goma y de madera a unas 20 millas de la costa de Libia el s\u00e1bado, inform\u00f3 a<\/p>\n","protected":false},"author":1,"featured_media":0,"comment_status":"open","ping_status":"closed","sticky":false,"template":"","format":"standard","meta":{"footnotes":""},"categories":[343],"tags":[],"class_list":{"0":"post-69694","1":"post","2":"type-post","3":"status-publish","4":"format-standard","6":"category-actualidad"},"aioseo_notices":[],"aioseo_head":"\n\t\t<!-- All in One SEO Pro 4.9.6.2 - aioseo.com -->\n\t<meta name=\"description\" content=\"(dpa) - Cerca de 3.000 migrantes fueron rescatados este fin de semana en el Mediterr\u00e1neo, informaron ayer organizaciones de ayuda humanitaria. Las organizaciones Iuventa Jugend rettet, MOAS y Sea-Eye rescataron unas 3.000 personas que navegaban en botes de goma y de madera a unas 20 millas de la costa de Libia el s\u00e1bado, inform\u00f3 a\" \/>\n\t<meta name=\"robots\" content=\"max-image-preview:large\" \/>\n\t<meta name=\"author\" content=\"Cand\u00e1s 365\"\/>\n\t<meta name=\"google-site-verification\" content=\"UA-32230408-1\" \/>\n\t<meta name=\"msvalidate.01\" content=\"354F3CDFB2DA171B47FBE9ABF1F88D5\" \/>\n\t<meta name=\"keywords\" content=\"actualidad\" \/>\n\t<link rel=\"canonical\" href=\"https:\/\/candas365.es\/noticias\/rescatan-cerca-de-3-000-migrantes-en-el-mediterraneo-el-fin-de-semana\/\" \/>\n\t<meta name=\"generator\" content=\"All in One SEO Pro (AIOSEO) 4.9.6.2\" \/>\n\t\t<meta property=\"og:locale\" content=\"es_ES\" \/>\n\t\t<meta property=\"og:site_name\" content=\"Cand\u00e1s 365\" \/>\n\t\t<meta property=\"og:type\" content=\"article\" \/>\n\t\t<meta property=\"og:title\" content=\"Rescatan cerca de 3.000 migrantes en el Mediterr\u00e1neo el fin de semana | Cand\u00e1s 365\" \/>\n\t\t<meta property=\"og:description\" content=\"(dpa) - Cerca de 3.000 migrantes fueron rescatados este fin de semana en el Mediterr\u00e1neo, informaron ayer organizaciones de ayuda humanitaria. Las organizaciones Iuventa Jugend rettet, MOAS y Sea-Eye rescataron unas 3.000 personas que navegaban en botes de goma y de madera a unas 20 millas de la costa de Libia el s\u00e1bado, inform\u00f3 a\" \/>\n\t\t<meta property=\"og:url\" content=\"https:\/\/candas365.es\/noticias\/rescatan-cerca-de-3-000-migrantes-en-el-mediterraneo-el-fin-de-semana\/\" \/>\n\t\t<meta property=\"og:image\" content=\"https:\/\/candas365.es\/noticias\/wp-content\/uploads\/2024\/09\/Candas-365-Redes.jpg\" \/>\n\t\t<meta property=\"og:image:secure_url\" content=\"https:\/\/candas365.es\/noticias\/wp-content\/uploads\/2024\/09\/Candas-365-Redes.jpg\" \/>\n\t\t<meta property=\"og:image:width\" content=\"1152\" \/>\n\t\t<meta property=\"og:image:height\" content=\"864\" \/>\n\t\t<meta property=\"article:published_time\" content=\"2017-04-18T17:50:00+00:00\" \/>\n\t\t<meta property=\"article:modified_time\" content=\"2017-04-18T17:50:01+00:00\" \/>\n\t\t<meta property=\"article:publisher\" content=\"https:\/\/www.facebook.com\/Nachofdezber\" \/>\n\t\t<meta property=\"article:author\" content=\"https:\/\/www.facebook.com\/carrenoactualidad\" \/>\n\t\t<meta name=\"twitter:card\" content=\"summary_large_image\" \/>\n\t\t<meta name=\"twitter:site\" content=\"@NabercoDigital\" \/>\n\t\t<meta name=\"twitter:title\" content=\"Rescatan cerca de 3.000 migrantes en el Mediterr\u00e1neo el fin de semana | Cand\u00e1s 365\" \/>\n\t\t<meta name=\"twitter:description\" content=\"(dpa) - Cerca de 3.000 migrantes fueron rescatados este fin de semana en el Mediterr\u00e1neo, informaron ayer organizaciones de ayuda humanitaria. Las organizaciones Iuventa Jugend rettet, MOAS y Sea-Eye rescataron unas 3.000 personas que navegaban en botes de goma y de madera a unas 20 millas de la costa de Libia el s\u00e1bado, inform\u00f3 a\" \/>\n\t\t<meta name=\"twitter:creator\" content=\"@nbasturias\" \/>\n\t\t<meta name=\"twitter:image\" content=\"https:\/\/candas365.es\/noticias\/wp-content\/uploads\/2024\/09\/Candas-365-Redes.jpg\" \/>\n\t\t<meta name=\"twitter:label1\" content=\"Escrito por\" \/>\n\t\t<meta name=\"twitter:data1\" content=\"Cand\u00e1s 365\" \/>\n\t\t<meta name=\"twitter:label2\" content=\"Tiempo de lectura estimado\" \/>\n\t\t<meta name=\"twitter:data2\" content=\"2 minutos\" \/>\n\t\t<script type=\"application\/ld+json\" class=\"aioseo-schema\">\n\t\t\t{\"@context\":\"https:\\\/\\\/schema.org\",\"@graph\":[{\"@type\":\"BreadcrumbList\",\"@id\":\"https:\\\/\\\/candas365.es\\\/noticias\\\/rescatan-cerca-de-3-000-migrantes-en-el-mediterraneo-el-fin-de-semana\\\/#breadcrumblist\",\"itemListElement\":[{\"@type\":\"ListItem\",\"@id\":\"https:\\\/\\\/candas365.es\\\/noticias#listItem\",\"position\":1,\"name\":\"Home\",\"item\":\"https:\\\/\\\/candas365.es\\\/noticias\",\"nextItem\":{\"@type\":\"ListItem\",\"@id\":\"https:\\\/\\\/candas365.es\\\/noticias\\\/category\\\/actualidad\\\/#listItem\",\"name\":\"Actualidad\"}},{\"@type\":\"ListItem\",\"@id\":\"https:\\\/\\\/candas365.es\\\/noticias\\\/category\\\/actualidad\\\/#listItem\",\"position\":2,\"name\":\"Actualidad\",\"item\":\"https:\\\/\\\/candas365.es\\\/noticias\\\/category\\\/actualidad\\\/\",\"nextItem\":{\"@type\":\"ListItem\",\"@id\":\"https:\\\/\\\/candas365.es\\\/noticias\\\/rescatan-cerca-de-3-000-migrantes-en-el-mediterraneo-el-fin-de-semana\\\/#listItem\",\"name\":\"Rescatan cerca de 3.000 migrantes en el Mediterr\\u00e1neo el fin de semana\"},\"previousItem\":{\"@type\":\"ListItem\",\"@id\":\"https:\\\/\\\/candas365.es\\\/noticias#listItem\",\"name\":\"Home\"}},{\"@type\":\"ListItem\",\"@id\":\"https:\\\/\\\/candas365.es\\\/noticias\\\/rescatan-cerca-de-3-000-migrantes-en-el-mediterraneo-el-fin-de-semana\\\/#listItem\",\"position\":3,\"name\":\"Rescatan cerca de 3.000 migrantes en el Mediterr\\u00e1neo el fin de semana\",\"previousItem\":{\"@type\":\"ListItem\",\"@id\":\"https:\\\/\\\/candas365.es\\\/noticias\\\/category\\\/actualidad\\\/#listItem\",\"name\":\"Actualidad\"}}]},{\"@type\":\"NewsArticle\",\"@id\":\"https:\\\/\\\/candas365.es\\\/noticias\\\/rescatan-cerca-de-3-000-migrantes-en-el-mediterraneo-el-fin-de-semana\\\/#newsarticle\",\"name\":\"Rescatan cerca de 3.000 migrantes en el Mediterr\\u00e1neo el fin de semana | Cand\\u00e1s 365\",\"headline\":\"Rescatan cerca de 3.000 migrantes en el Mediterr\\u00e1neo el fin de semana\",\"author\":{\"@id\":\"https:\\\/\\\/candas365.es\\\/noticias\\\/author\\\/admin\\\/#author\"},\"publisher\":{\"@id\":\"https:\\\/\\\/candas365.es\\\/noticias\\\/#organization\"},\"image\":{\"@type\":\"ImageObject\",\"url\":\"https:\\\/\\\/candas365.es\\\/noticias\\\/wp-content\\\/uploads\\\/2024\\\/09\\\/Candas-365-Redes.jpg\",\"@id\":\"https:\\\/\\\/candas365.es\\\/noticias\\\/#articleImage\",\"width\":1152,\"height\":864,\"caption\":\"Cand\\u00e1s 365 Redes\"},\"datePublished\":\"2017-04-18T17:50:00+02:00\",\"dateModified\":\"2017-04-18T17:50:01+02:00\",\"inLanguage\":\"es-ES\",\"mainEntityOfPage\":{\"@id\":\"https:\\\/\\\/candas365.es\\\/noticias\\\/rescatan-cerca-de-3-000-migrantes-en-el-mediterraneo-el-fin-de-semana\\\/#webpage\"},\"isPartOf\":{\"@id\":\"https:\\\/\\\/candas365.es\\\/noticias\\\/rescatan-cerca-de-3-000-migrantes-en-el-mediterraneo-el-fin-de-semana\\\/#webpage\"},\"articleSection\":\"Actualidad\",\"dateline\":\"Publicado el abril 18, 2017.\"},{\"@type\":\"Organization\",\"@id\":\"https:\\\/\\\/candas365.es\\\/noticias\\\/#organization\",\"name\":\"Cand\\u00e1s 365\",\"description\":\"Cand\\u00e1s 365 es un diario digital independiente, fundado en 2012, con base en Asturias. Informamos con rigor sobre actualidad, sociedad, cultura y ocio, con una mirada local y global.\",\"url\":\"https:\\\/\\\/candas365.es\\\/noticias\\\/\",\"email\":\"info@candas365.es\",\"telephone\":\"+34652131393\",\"foundingDate\":\"2012-06-10\",\"logo\":{\"@type\":\"ImageObject\",\"url\":\"https:\\\/\\\/candas365.es\\\/noticias\\\/wp-content\\\/uploads\\\/2024\\\/09\\\/Candas-365-Redes.jpg\",\"@id\":\"https:\\\/\\\/candas365.es\\\/noticias\\\/rescatan-cerca-de-3-000-migrantes-en-el-mediterraneo-el-fin-de-semana\\\/#organizationLogo\",\"width\":1152,\"height\":864,\"caption\":\"Cand\\u00e1s 365 Redes\"},\"image\":{\"@id\":\"https:\\\/\\\/candas365.es\\\/noticias\\\/rescatan-cerca-de-3-000-migrantes-en-el-mediterraneo-el-fin-de-semana\\\/#organizationLogo\"},\"sameAs\":[\"https:\\\/\\\/www.facebook.com\\\/Nachofdezber\",\"https:\\\/\\\/x.com\\\/NabercoDigital\",\"https:\\\/\\\/www.instagram.com\\\/nachofdezber\\\/\",\"https:\\\/\\\/www.youtube.com\\\/channel\\\/UCZP-2wLEB9Rv6erhFmqVnvg\"],\"address\":{\"@id\":\"https:\\\/\\\/candas365.es\\\/noticias\\\/#postaladdress\",\"@type\":\"PostalAddress\",\"streetAddress\":\"san antonio 4, san antonio 4\",\"postalCode\":\"33430\",\"addressLocality\":\"Cand\\u00e1s\",\"addressRegion\":\"Asturias\",\"addressCountry\":\"ES\"}},{\"@type\":\"Person\",\"@id\":\"https:\\\/\\\/candas365.es\\\/noticias\\\/author\\\/admin\\\/#author\",\"url\":\"https:\\\/\\\/candas365.es\\\/noticias\\\/author\\\/admin\\\/\",\"name\":\"Cand\\u00e1s 365\",\"image\":{\"@type\":\"ImageObject\",\"@id\":\"https:\\\/\\\/candas365.es\\\/noticias\\\/rescatan-cerca-de-3-000-migrantes-en-el-mediterraneo-el-fin-de-semana\\\/#authorImage\",\"url\":\"https:\\\/\\\/secure.gravatar.com\\\/avatar\\\/496a8e03d0c493ede1718b7934145dbdf8d89be1036b0eec9544e1094c9de390?s=96&d=mm&r=g\",\"width\":96,\"height\":96,\"caption\":\"Cand\\u00e1s 365\"},\"sameAs\":[\"https:\\\/\\\/www.facebook.com\\\/carrenoactualidad\",\"https:\\\/\\\/twitter.com\\\/nbasturias\",\"https:\\\/\\\/www.instagram.com\\\/nachofdezber\\\/\",\"https:\\\/\\\/www.youtube.com\\\/channel\\\/UCZP-2wLEB9Rv6erhFmqVnvg\"]},{\"@type\":\"WebPage\",\"@id\":\"https:\\\/\\\/candas365.es\\\/noticias\\\/rescatan-cerca-de-3-000-migrantes-en-el-mediterraneo-el-fin-de-semana\\\/#webpage\",\"url\":\"https:\\\/\\\/candas365.es\\\/noticias\\\/rescatan-cerca-de-3-000-migrantes-en-el-mediterraneo-el-fin-de-semana\\\/\",\"name\":\"Rescatan cerca de 3.000 migrantes en el Mediterr\\u00e1neo el fin de semana | Cand\\u00e1s 365\",\"description\":\"(dpa) - Cerca de 3.000 migrantes fueron rescatados este fin de semana en el Mediterr\\u00e1neo, informaron ayer organizaciones de ayuda humanitaria. Las organizaciones Iuventa Jugend rettet, MOAS y Sea-Eye rescataron unas 3.000 personas que navegaban en botes de goma y de madera a unas 20 millas de la costa de Libia el s\\u00e1bado, inform\\u00f3 a\",\"inLanguage\":\"es-ES\",\"isPartOf\":{\"@id\":\"https:\\\/\\\/candas365.es\\\/noticias\\\/#website\"},\"breadcrumb\":{\"@id\":\"https:\\\/\\\/candas365.es\\\/noticias\\\/rescatan-cerca-de-3-000-migrantes-en-el-mediterraneo-el-fin-de-semana\\\/#breadcrumblist\"},\"author\":{\"@id\":\"https:\\\/\\\/candas365.es\\\/noticias\\\/author\\\/admin\\\/#author\"},\"creator\":{\"@id\":\"https:\\\/\\\/candas365.es\\\/noticias\\\/author\\\/admin\\\/#author\"},\"datePublished\":\"2017-04-18T17:50:00+02:00\",\"dateModified\":\"2017-04-18T17:50:01+02:00\"},{\"@type\":\"WebSite\",\"@id\":\"https:\\\/\\\/candas365.es\\\/noticias\\\/#website\",\"url\":\"https:\\\/\\\/candas365.es\\\/noticias\\\/\",\"name\":\"Cand\\u00e1s 365\",\"alternateName\":\"Cand\\u00e1s 365 Noticias\",\"description\":\"Actualidad desde Carre\\u00f1o para el mundo\",\"inLanguage\":\"es-ES\",\"publisher\":{\"@id\":\"https:\\\/\\\/candas365.es\\\/noticias\\\/#organization\"}}]}\n\t\t<\/script>\n\t\t<!-- All in One SEO Pro -->\r\n\t\t<title>Rescatan cerca de 3.000 migrantes en el Mediterr\u00e1neo el fin de semana | Cand\u00e1s 365<\/title>\n\n","aioseo_head_json":{"title":"Rescatan cerca de 3.000 migrantes en el Mediterr\u00e1neo el fin de semana | Cand\u00e1s 365","description":"(dpa) - Cerca de 3.000 migrantes fueron rescatados este fin de semana en el Mediterr\u00e1neo, informaron ayer organizaciones de ayuda humanitaria. Las organizaciones Iuventa Jugend rettet, MOAS y Sea-Eye rescataron unas 3.000 personas que navegaban en botes de goma y de madera a unas 20 millas de la costa de Libia el s\u00e1bado, inform\u00f3 a","canonical_url":"https:\/\/candas365.es\/noticias\/rescatan-cerca-de-3-000-migrantes-en-el-mediterraneo-el-fin-de-semana\/","robots":"max-image-preview:large","keywords":"actualidad","webmasterTools":{"google-site-verification":"UA-32230408-1","msvalidate.01":"354F3CDFB2DA171B47FBE9ABF1F88D5","miscellaneous":""},"schema":{"@context":"https:\/\/schema.org","@graph":[{"@type":"BreadcrumbList","@id":"https:\/\/candas365.es\/noticias\/rescatan-cerca-de-3-000-migrantes-en-el-mediterraneo-el-fin-de-semana\/#breadcrumblist","itemListElement":[{"@type":"ListItem","@id":"https:\/\/candas365.es\/noticias#listItem","position":1,"name":"Home","item":"https:\/\/candas365.es\/noticias","nextItem":{"@type":"ListItem","@id":"https:\/\/candas365.es\/noticias\/category\/actualidad\/#listItem","name":"Actualidad"}},{"@type":"ListItem","@id":"https:\/\/candas365.es\/noticias\/category\/actualidad\/#listItem","position":2,"name":"Actualidad","item":"https:\/\/candas365.es\/noticias\/category\/actualidad\/","nextItem":{"@type":"ListItem","@id":"https:\/\/candas365.es\/noticias\/rescatan-cerca-de-3-000-migrantes-en-el-mediterraneo-el-fin-de-semana\/#listItem","name":"Rescatan cerca de 3.000 migrantes en el Mediterr\u00e1neo el fin de semana"},"previousItem":{"@type":"ListItem","@id":"https:\/\/candas365.es\/noticias#listItem","name":"Home"}},{"@type":"ListItem","@id":"https:\/\/candas365.es\/noticias\/rescatan-cerca-de-3-000-migrantes-en-el-mediterraneo-el-fin-de-semana\/#listItem","position":3,"name":"Rescatan cerca de 3.000 migrantes en el Mediterr\u00e1neo el fin de semana","previousItem":{"@type":"ListItem","@id":"https:\/\/candas365.es\/noticias\/category\/actualidad\/#listItem","name":"Actualidad"}}]},{"@type":"NewsArticle","@id":"https:\/\/candas365.es\/noticias\/rescatan-cerca-de-3-000-migrantes-en-el-mediterraneo-el-fin-de-semana\/#newsarticle","name":"Rescatan cerca de 3.000 migrantes en el Mediterr\u00e1neo el fin de semana | Cand\u00e1s 365","headline":"Rescatan cerca de 3.000 migrantes en el Mediterr\u00e1neo el fin de semana","author":{"@id":"https:\/\/candas365.es\/noticias\/author\/admin\/#author"},"publisher":{"@id":"https:\/\/candas365.es\/noticias\/#organization"},"image":{"@type":"ImageObject","url":"https:\/\/candas365.es\/noticias\/wp-content\/uploads\/2024\/09\/Candas-365-Redes.jpg","@id":"https:\/\/candas365.es\/noticias\/#articleImage","width":1152,"height":864,"caption":"Cand\u00e1s 365 Redes"},"datePublished":"2017-04-18T17:50:00+02:00","dateModified":"2017-04-18T17:50:01+02:00","inLanguage":"es-ES","mainEntityOfPage":{"@id":"https:\/\/candas365.es\/noticias\/rescatan-cerca-de-3-000-migrantes-en-el-mediterraneo-el-fin-de-semana\/#webpage"},"isPartOf":{"@id":"https:\/\/candas365.es\/noticias\/rescatan-cerca-de-3-000-migrantes-en-el-mediterraneo-el-fin-de-semana\/#webpage"},"articleSection":"Actualidad","dateline":"Publicado el abril 18, 2017."},{"@type":"Organization","@id":"https:\/\/candas365.es\/noticias\/#organization","name":"Cand\u00e1s 365","description":"Cand\u00e1s 365 es un diario digital independiente, fundado en 2012, con base en Asturias. Informamos con rigor sobre actualidad, sociedad, cultura y ocio, con una mirada local y global.","url":"https:\/\/candas365.es\/noticias\/","email":"info@candas365.es","telephone":"+34652131393","foundingDate":"2012-06-10","logo":{"@type":"ImageObject","url":"https:\/\/candas365.es\/noticias\/wp-content\/uploads\/2024\/09\/Candas-365-Redes.jpg","@id":"https:\/\/candas365.es\/noticias\/rescatan-cerca-de-3-000-migrantes-en-el-mediterraneo-el-fin-de-semana\/#organizationLogo","width":1152,"height":864,"caption":"Cand\u00e1s 365 Redes"},"image":{"@id":"https:\/\/candas365.es\/noticias\/rescatan-cerca-de-3-000-migrantes-en-el-mediterraneo-el-fin-de-semana\/#organizationLogo"},"sameAs":["https:\/\/www.facebook.com\/Nachofdezber","https:\/\/x.com\/NabercoDigital","https:\/\/www.instagram.com\/nachofdezber\/","https:\/\/www.youtube.com\/channel\/UCZP-2wLEB9Rv6erhFmqVnvg"],"address":{"@id":"https:\/\/candas365.es\/noticias\/#postaladdress","@type":"PostalAddress","streetAddress":"san antonio 4, san antonio 4","postalCode":"33430","addressLocality":"Cand\u00e1s","addressRegion":"Asturias","addressCountry":"ES"}},{"@type":"Person","@id":"https:\/\/candas365.es\/noticias\/author\/admin\/#author","url":"https:\/\/candas365.es\/noticias\/author\/admin\/","name":"Cand\u00e1s 365","image":{"@type":"ImageObject","@id":"https:\/\/candas365.es\/noticias\/rescatan-cerca-de-3-000-migrantes-en-el-mediterraneo-el-fin-de-semana\/#authorImage","url":"https:\/\/secure.gravatar.com\/avatar\/496a8e03d0c493ede1718b7934145dbdf8d89be1036b0eec9544e1094c9de390?s=96&d=mm&r=g","width":96,"height":96,"caption":"Cand\u00e1s 365"},"sameAs":["https:\/\/www.facebook.com\/carrenoactualidad","https:\/\/twitter.com\/nbasturias","https:\/\/www.instagram.com\/nachofdezber\/","https:\/\/www.youtube.com\/channel\/UCZP-2wLEB9Rv6erhFmqVnvg"]},{"@type":"WebPage","@id":"https:\/\/candas365.es\/noticias\/rescatan-cerca-de-3-000-migrantes-en-el-mediterraneo-el-fin-de-semana\/#webpage","url":"https:\/\/candas365.es\/noticias\/rescatan-cerca-de-3-000-migrantes-en-el-mediterraneo-el-fin-de-semana\/","name":"Rescatan cerca de 3.000 migrantes en el Mediterr\u00e1neo el fin de semana | Cand\u00e1s 365","description":"(dpa) - Cerca de 3.000 migrantes fueron rescatados este fin de semana en el Mediterr\u00e1neo, informaron ayer organizaciones de ayuda humanitaria. Las organizaciones Iuventa Jugend rettet, MOAS y Sea-Eye rescataron unas 3.000 personas que navegaban en botes de goma y de madera a unas 20 millas de la costa de Libia el s\u00e1bado, inform\u00f3 a","inLanguage":"es-ES","isPartOf":{"@id":"https:\/\/candas365.es\/noticias\/#website"},"breadcrumb":{"@id":"https:\/\/candas365.es\/noticias\/rescatan-cerca-de-3-000-migrantes-en-el-mediterraneo-el-fin-de-semana\/#breadcrumblist"},"author":{"@id":"https:\/\/candas365.es\/noticias\/author\/admin\/#author"},"creator":{"@id":"https:\/\/candas365.es\/noticias\/author\/admin\/#author"},"datePublished":"2017-04-18T17:50:00+02:00","dateModified":"2017-04-18T17:50:01+02:00"},{"@type":"WebSite","@id":"https:\/\/candas365.es\/noticias\/#website","url":"https:\/\/candas365.es\/noticias\/","name":"Cand\u00e1s 365","alternateName":"Cand\u00e1s 365 Noticias","description":"Actualidad desde Carre\u00f1o para el mundo","inLanguage":"es-ES","publisher":{"@id":"https:\/\/candas365.es\/noticias\/#organization"}}]},"og:locale":"es_ES","og:site_name":"Cand\u00e1s 365","og:type":"article","og:title":"Rescatan cerca de 3.000 migrantes en el Mediterr\u00e1neo el fin de semana | Cand\u00e1s 365","og:description":"(dpa) - Cerca de 3.000 migrantes fueron rescatados este fin de semana en el Mediterr\u00e1neo, informaron ayer organizaciones de ayuda humanitaria. Las organizaciones Iuventa Jugend rettet, MOAS y Sea-Eye rescataron unas 3.000 personas que navegaban en botes de goma y de madera a unas 20 millas de la costa de Libia el s\u00e1bado, inform\u00f3 a","og:url":"https:\/\/candas365.es\/noticias\/rescatan-cerca-de-3-000-migrantes-en-el-mediterraneo-el-fin-de-semana\/","og:image":"https:\/\/candas365.es\/noticias\/wp-content\/uploads\/2024\/09\/Candas-365-Redes.jpg","og:image:secure_url":"https:\/\/candas365.es\/noticias\/wp-content\/uploads\/2024\/09\/Candas-365-Redes.jpg","og:image:width":1152,"og:image:height":864,"article:published_time":"2017-04-18T17:50:00+00:00","article:modified_time":"2017-04-18T17:50:01+00:00","article:publisher":"https:\/\/www.facebook.com\/Nachofdezber","article:author":"https:\/\/www.facebook.com\/carrenoactualidad","twitter:card":"summary_large_image","twitter:site":"@NabercoDigital","twitter:title":"Rescatan cerca de 3.000 migrantes en el Mediterr\u00e1neo el fin de semana | Cand\u00e1s 365","twitter:description":"(dpa) - Cerca de 3.000 migrantes fueron rescatados este fin de semana en el Mediterr\u00e1neo, informaron ayer organizaciones de ayuda humanitaria. Las organizaciones Iuventa Jugend rettet, MOAS y Sea-Eye rescataron unas 3.000 personas que navegaban en botes de goma y de madera a unas 20 millas de la costa de Libia el s\u00e1bado, inform\u00f3 a","twitter:creator":"@nbasturias","twitter:image":"https:\/\/candas365.es\/noticias\/wp-content\/uploads\/2024\/09\/Candas-365-Redes.jpg","twitter:label1":"Escrito por","twitter:data1":"Cand\u00e1s 365","twitter:label2":"Tiempo de lectura estimado","twitter:data2":"2 minutos"},"aioseo_meta_data":{"post_id":"69694","title":null,"description":null,"keywords":null,"keyphrases":null,"primary_term":null,"canonical_url":null,"og_title":null,"og_description":null,"og_object_type":"default","og_image_type":"default","og_image_url":null,"og_image_width":null,"og_image_height":null,"og_image_custom_url":null,"og_image_custom_fields":null,"og_video":null,"og_custom_url":null,"og_article_section":null,"og_article_tags":null,"twitter_use_og":false,"twitter_card":"default","twitter_image_type":"default","twitter_image_url":null,"twitter_image_custom_url":null,"twitter_image_custom_fields":null,"twitter_title":null,"twitter_description":null,"schema":{"blockGraphs":[],"customGraphs":[],"default":{"data":{"Article":[],"Course":[],"Dataset":[],"FAQPage":[],"Movie":[],"Person":[],"Product":[],"ProductReview":[],"Car":[],"Recipe":[],"Service":[],"SoftwareApplication":[],"WebPage":[]},"graphName":"","isEnabled":true},"graphs":[],"defaultGraph":"","defaultPostTypeGraph":""},"schema_type":null,"schema_type_options":null,"pillar_content":false,"robots_default":true,"robots_noindex":false,"robots_noarchive":false,"robots_nosnippet":false,"robots_nofollow":false,"robots_noimageindex":false,"robots_noodp":false,"robots_notranslate":false,"robots_max_snippet":null,"robots_max_videopreview":null,"robots_max_imagepreview":"large","priority":null,"frequency":null,"location":null,"local_seo":null,"seo_analyzer_scan_date":"2025-08-25 11:13:16","breadcrumb_settings":null,"limit_modified_date":false,"reviewed_by":null,"open_ai":null,"ai":null,"created":"2020-12-21 13:01:32","updated":"2025-08-25 11:13:16"},"aioseo_breadcrumb":"<div class=\"aioseo-breadcrumbs\"><span class=\"aioseo-breadcrumb\">\n\t<a href=\"https:\/\/candas365.es\/noticias\" title=\"Home\">Home<\/a>\n<\/span><span class=\"aioseo-breadcrumb-separator\">&ndash;<\/span><span class=\"aioseo-breadcrumb\">\n\t<a href=\"https:\/\/candas365.es\/noticias\/category\/actualidad\/\" title=\"Actualidad\">Actualidad<\/a>\n<\/span><span class=\"aioseo-breadcrumb-separator\">&ndash;<\/span><span class=\"aioseo-breadcrumb\">\n\tRescatan cerca de 3.000 migrantes en el Mediterr\u00e1neo el fin de semana\n<\/span><\/div>","aioseo_breadcrumb_json":[{"label":"Home","link":"https:\/\/candas365.es\/noticias"},{"label":"Actualidad","link":"https:\/\/candas365.es\/noticias\/category\/actualidad\/"},{"label":"Rescatan cerca de 3.000 migrantes en el Mediterr\u00e1neo el fin de semana","link":"https:\/\/candas365.es\/noticias\/rescatan-cerca-de-3-000-migrantes-en-el-mediterraneo-el-fin-de-semana\/"}],"_links":{"self":[{"href":"https:\/\/candas365.es\/noticias\/wp-json\/wp\/v2\/posts\/69694","targetHints":{"allow":["GET"]}}],"collection":[{"href":"https:\/\/candas365.es\/noticias\/wp-json\/wp\/v2\/posts"}],"about":[{"href":"https:\/\/candas365.es\/noticias\/wp-json\/wp\/v2\/types\/post"}],"author":[{"embeddable":true,"href":"https:\/\/candas365.es\/noticias\/wp-json\/wp\/v2\/users\/1"}],"replies":[{"embeddable":true,"href":"https:\/\/candas365.es\/noticias\/wp-json\/wp\/v2\/comments?post=69694"}],"version-history":[{"count":0,"href":"https:\/\/candas365.es\/noticias\/wp-json\/wp\/v2\/posts\/69694\/revisions"}],"wp:attachment":[{"href":"https:\/\/candas365.es\/noticias\/wp-json\/wp\/v2\/media?parent=69694"}],"wp:term":[{"taxonomy":"category","embeddable":true,"href":"https:\/\/candas365.es\/noticias\/wp-json\/wp\/v2\/categories?post=69694"},{"taxonomy":"post_tag","embeddable":true,"href":"https:\/\/candas365.es\/noticias\/wp-json\/wp\/v2\/tags?post=69694"}],"curies":[{"name":"wp","href":"https:\/\/api.w.org\/{rel}","templated":true}]}}