{"id":6944,"date":"2015-02-08T16:35:00","date_gmt":"2015-02-08T18:35:00","guid":{"rendered":"http:\/\/candas365.es\/noticias\/?p=6944"},"modified":"2015-02-08T16:35:00","modified_gmt":"2015-02-08T18:35:00","slug":"mas-de-420-incidencias-relacionadas-con-el-temporal-de-nieve-en-asturias","status":"publish","type":"post","link":"https:\/\/candas365.es\/noticias\/mas-de-420-incidencias-relacionadas-con-el-temporal-de-nieve-en-asturias\/","title":{"rendered":"M\u00e1s de 420 incidencias relacionadas con el temporal de nieve en Asturias"},"content":{"rendered":"<p><img fetchpriority=\"high\" decoding=\"async\" class=\"alignleft size-medium wp-image-5754\" src=\"https:\/\/candas365.es\/noticias\/wp-content\/uploads\/2014\/12\/nieve-360x238.jpg\" alt=\"nieve\" width=\"360\" height=\"238\" srcset=\"https:\/\/candas365.es\/noticias\/wp-content\/uploads\/2014\/12\/nieve.jpg 360w, https:\/\/candas365.es\/noticias\/wp-content\/uploads\/2014\/12\/nieve-150x99.jpg 150w, https:\/\/candas365.es\/noticias\/wp-content\/uploads\/2014\/12\/nieve-84x55.jpg 84w\" sizes=\"(max-width: 360px) 100vw, 360px\" \/>El Servicio de Emergencias del Principado de Asturias (SEPA) ha contabilizado, desde el pasado martes, d\u00eda 3 de febrero y hasta las 11 horas de hoy domingo, d\u00eda 8, un total de 422 incidencias relacionadas con el episodio de nevadas que afecta a nuestra comunidad aut\u00f3noma. La mayor parte de estas incidencias estuvieron relacionadas con la red viaria; se han registrado 137 cortes de carreteras, 212 emergencias relacionadas con nieve o hielo en la carretera, 51 limpiezas de la red viaria y 8 inundaciones de la red viaria. Tambi\u00e9n se atendieron 14 inundaciones en pisos, bajos, garajes etc.<\/p>\n<p>En este periodo, desde el pasado martes, hasta las 11 horas de hoy domingo, la Sala 112 del SEPA atendi\u00f3 un total de 12.176 llamadas relacionadas con emergencias de todo tipo. El martes se recibieron 2.241 llamadas, el mi\u00e9rcoles 2.443, el jueves 2.245, el viernes 2.425, el s\u00e1bado 2.259 y 563 hasta las 11 horas de hoy domingo. En este sentido cabe recordar que la medida diaria de llamadas atendidas en el Centro de Coordinaci\u00f3n de Emergencias es de 2.000 cada d\u00eda.<\/p>\n<p>Hasta las 11 horas de hoy domingo hab\u00eda 14 puertos de monta\u00f1a cerrados y en 12 puertos los veh\u00edculos pod\u00edan circular con cadenas. En el caso de las carreteras hab\u00eda 8 cerradas y 22 precisaban cadenas. Tanto el Huerna, como Pajares est\u00e1n abiertos.<\/p>\n<p>La Agencia Estatal de Meteorolog\u00eda (AEMET) ha emitido un aviso de riesgo fuerte de aludes en los Picos de Europa, para el fin de semana en el que nos encontramos.<\/p>\n<p>De cara a hoy domingo y ma\u00f1ana, lunes 9 de febrero, la AEMET NO ha emitido ning\u00fan aviso de fen\u00f3menos adversos.<\/p>\n<p>El Gobierno del Principado mantiene activado en fase de vigilancia y seguimiento, desde el pasado 4 de noviembre, el Plan Nevadas. Este plan, de car\u00e1cter estacional, permanecer\u00e1 activo hasta el pr\u00f3ximo 30 de abril y podr\u00e1 variar de fase en funci\u00f3n de las condiciones meteorol\u00f3gicas.<\/p>\n","protected":false},"excerpt":{"rendered":"<p>El Servicio de Emergencias del Principado de Asturias (SEPA) ha contabilizado, desde el pasado martes, d\u00eda 3 de febrero y hasta las 11 horas de hoy domingo, d\u00eda 8, un total de 422 incidencias relacionadas con el episodio de nevadas que afecta a nuestra comunidad aut\u00f3noma. La mayor parte de estas incidencias estuvieron relacionadas con<\/p>\n","protected":false},"author":1,"featured_media":5754,"comment_status":"open","ping_status":"closed","sticky":false,"template":"","format":"standard","meta":{"footnotes":""},"categories":[7],"tags":[],"class_list":{"0":"post-6944","1":"post","2":"type-post","3":"status-publish","4":"format-standard","5":"has-post-thumbnail","7":"category-asturias"},"aioseo_notices":[],"aioseo_head":"\n\t\t<!-- All in One SEO Pro 4.9.6.2 - aioseo.com -->\n\t<meta name=\"description\" content=\"El Servicio de Emergencias del Principado de Asturias (SEPA) ha contabilizado, desde el pasado martes, d\u00eda 3 de febrero y hasta las 11 horas de hoy domingo, d\u00eda 8, un total de 422 incidencias relacionadas con el episodio de nevadas que afecta a nuestra comunidad aut\u00f3noma. La mayor parte de estas incidencias estuvieron relacionadas con\" \/>\n\t<meta name=\"robots\" content=\"max-image-preview:large\" \/>\n\t<meta name=\"author\" content=\"Cand\u00e1s 365\"\/>\n\t<meta name=\"google-site-verification\" content=\"UA-32230408-1\" \/>\n\t<meta name=\"msvalidate.01\" content=\"354F3CDFB2DA171B47FBE9ABF1F88D5\" \/>\n\t<meta name=\"keywords\" content=\"asturias\" \/>\n\t<link rel=\"canonical\" href=\"https:\/\/candas365.es\/noticias\/mas-de-420-incidencias-relacionadas-con-el-temporal-de-nieve-en-asturias\/\" \/>\n\t<meta name=\"generator\" content=\"All in One SEO Pro (AIOSEO) 4.9.6.2\" \/>\n\t\t<meta property=\"og:locale\" content=\"es_ES\" \/>\n\t\t<meta property=\"og:site_name\" content=\"Cand\u00e1s 365\" \/>\n\t\t<meta property=\"og:type\" content=\"article\" \/>\n\t\t<meta property=\"og:title\" content=\"M\u00e1s de 420 incidencias relacionadas con el temporal de nieve en Asturias | Cand\u00e1s 365\" \/>\n\t\t<meta property=\"og:description\" content=\"El Servicio de Emergencias del Principado de Asturias (SEPA) ha contabilizado, desde el pasado martes, d\u00eda 3 de febrero y hasta las 11 horas de hoy domingo, d\u00eda 8, un total de 422 incidencias relacionadas con el episodio de nevadas que afecta a nuestra comunidad aut\u00f3noma. La mayor parte de estas incidencias estuvieron relacionadas con\" \/>\n\t\t<meta property=\"og:url\" content=\"https:\/\/candas365.es\/noticias\/mas-de-420-incidencias-relacionadas-con-el-temporal-de-nieve-en-asturias\/\" \/>\n\t\t<meta property=\"og:image\" content=\"https:\/\/candas365.es\/noticias\/wp-content\/uploads\/2014\/12\/nieve.jpg\" \/>\n\t\t<meta property=\"og:image:secure_url\" content=\"https:\/\/candas365.es\/noticias\/wp-content\/uploads\/2014\/12\/nieve.jpg\" \/>\n\t\t<meta property=\"og:image:width\" content=\"360\" \/>\n\t\t<meta property=\"og:image:height\" content=\"238\" \/>\n\t\t<meta property=\"article:published_time\" content=\"2015-02-08T18:35:00+00:00\" \/>\n\t\t<meta property=\"article:modified_time\" content=\"2015-02-08T18:35:00+00:00\" \/>\n\t\t<meta property=\"article:publisher\" content=\"https:\/\/www.facebook.com\/Nachofdezber\" \/>\n\t\t<meta property=\"article:author\" content=\"https:\/\/www.facebook.com\/carrenoactualidad\" \/>\n\t\t<meta name=\"twitter:card\" content=\"summary_large_image\" \/>\n\t\t<meta name=\"twitter:site\" content=\"@NabercoDigital\" \/>\n\t\t<meta name=\"twitter:title\" content=\"M\u00e1s de 420 incidencias relacionadas con el temporal de nieve en Asturias | Cand\u00e1s 365\" \/>\n\t\t<meta name=\"twitter:description\" content=\"El Servicio de Emergencias del Principado de Asturias (SEPA) ha contabilizado, desde el pasado martes, d\u00eda 3 de febrero y hasta las 11 horas de hoy domingo, d\u00eda 8, un total de 422 incidencias relacionadas con el episodio de nevadas que afecta a nuestra comunidad aut\u00f3noma. La mayor parte de estas incidencias estuvieron relacionadas con\" \/>\n\t\t<meta name=\"twitter:creator\" content=\"@nbasturias\" \/>\n\t\t<meta name=\"twitter:image\" content=\"https:\/\/candas365.es\/noticias\/wp-content\/uploads\/2014\/12\/nieve.jpg\" \/>\n\t\t<meta name=\"twitter:label1\" content=\"Escrito por\" \/>\n\t\t<meta name=\"twitter:data1\" content=\"Cand\u00e1s 365\" \/>\n\t\t<meta name=\"twitter:label2\" content=\"Tiempo de lectura estimado\" \/>\n\t\t<meta name=\"twitter:data2\" content=\"2 minutos\" \/>\n\t\t<script type=\"application\/ld+json\" class=\"aioseo-schema\">\n\t\t\t{\"@context\":\"https:\\\/\\\/schema.org\",\"@graph\":[{\"@type\":\"BreadcrumbList\",\"@id\":\"https:\\\/\\\/candas365.es\\\/noticias\\\/mas-de-420-incidencias-relacionadas-con-el-temporal-de-nieve-en-asturias\\\/#breadcrumblist\",\"itemListElement\":[{\"@type\":\"ListItem\",\"@id\":\"https:\\\/\\\/candas365.es\\\/noticias#listItem\",\"position\":1,\"name\":\"Home\",\"item\":\"https:\\\/\\\/candas365.es\\\/noticias\",\"nextItem\":{\"@type\":\"ListItem\",\"@id\":\"https:\\\/\\\/candas365.es\\\/noticias\\\/category\\\/asturias\\\/#listItem\",\"name\":\"Asturias\"}},{\"@type\":\"ListItem\",\"@id\":\"https:\\\/\\\/candas365.es\\\/noticias\\\/category\\\/asturias\\\/#listItem\",\"position\":2,\"name\":\"Asturias\",\"item\":\"https:\\\/\\\/candas365.es\\\/noticias\\\/category\\\/asturias\\\/\",\"nextItem\":{\"@type\":\"ListItem\",\"@id\":\"https:\\\/\\\/candas365.es\\\/noticias\\\/mas-de-420-incidencias-relacionadas-con-el-temporal-de-nieve-en-asturias\\\/#listItem\",\"name\":\"M\\u00e1s de 420 incidencias relacionadas con el temporal de nieve en Asturias\"},\"previousItem\":{\"@type\":\"ListItem\",\"@id\":\"https:\\\/\\\/candas365.es\\\/noticias#listItem\",\"name\":\"Home\"}},{\"@type\":\"ListItem\",\"@id\":\"https:\\\/\\\/candas365.es\\\/noticias\\\/mas-de-420-incidencias-relacionadas-con-el-temporal-de-nieve-en-asturias\\\/#listItem\",\"position\":3,\"name\":\"M\\u00e1s de 420 incidencias relacionadas con el temporal de nieve en Asturias\",\"previousItem\":{\"@type\":\"ListItem\",\"@id\":\"https:\\\/\\\/candas365.es\\\/noticias\\\/category\\\/asturias\\\/#listItem\",\"name\":\"Asturias\"}}]},{\"@type\":\"NewsArticle\",\"@id\":\"https:\\\/\\\/candas365.es\\\/noticias\\\/mas-de-420-incidencias-relacionadas-con-el-temporal-de-nieve-en-asturias\\\/#newsarticle\",\"name\":\"M\\u00e1s de 420 incidencias relacionadas con el temporal de nieve en Asturias | Cand\\u00e1s 365\",\"headline\":\"M\\u00e1s de 420 incidencias relacionadas con el temporal de nieve en Asturias\",\"author\":{\"@id\":\"https:\\\/\\\/candas365.es\\\/noticias\\\/author\\\/admin\\\/#author\"},\"publisher\":{\"@id\":\"https:\\\/\\\/candas365.es\\\/noticias\\\/#organization\"},\"image\":{\"@type\":\"ImageObject\",\"url\":\"https:\\\/\\\/candas365.es\\\/noticias\\\/wp-content\\\/uploads\\\/2014\\\/12\\\/nieve.jpg\",\"width\":360,\"height\":238},\"datePublished\":\"2015-02-08T16:35:00+01:00\",\"dateModified\":\"2015-02-08T16:35:00+01:00\",\"inLanguage\":\"es-ES\",\"mainEntityOfPage\":{\"@id\":\"https:\\\/\\\/candas365.es\\\/noticias\\\/mas-de-420-incidencias-relacionadas-con-el-temporal-de-nieve-en-asturias\\\/#webpage\"},\"isPartOf\":{\"@id\":\"https:\\\/\\\/candas365.es\\\/noticias\\\/mas-de-420-incidencias-relacionadas-con-el-temporal-de-nieve-en-asturias\\\/#webpage\"},\"articleSection\":\"Asturias\",\"dateline\":\"Publicado el febrero 8, 2015.\"},{\"@type\":\"Organization\",\"@id\":\"https:\\\/\\\/candas365.es\\\/noticias\\\/#organization\",\"name\":\"Cand\\u00e1s 365\",\"description\":\"Cand\\u00e1s 365 es un diario digital independiente, fundado en 2012, con base en Asturias. Informamos con rigor sobre actualidad, sociedad, cultura y ocio, con una mirada local y global.\",\"url\":\"https:\\\/\\\/candas365.es\\\/noticias\\\/\",\"email\":\"info@candas365.es\",\"telephone\":\"+34652131393\",\"foundingDate\":\"2012-06-10\",\"logo\":{\"@type\":\"ImageObject\",\"url\":\"https:\\\/\\\/candas365.es\\\/noticias\\\/wp-content\\\/uploads\\\/2024\\\/09\\\/Candas-365-Redes.jpg\",\"@id\":\"https:\\\/\\\/candas365.es\\\/noticias\\\/mas-de-420-incidencias-relacionadas-con-el-temporal-de-nieve-en-asturias\\\/#organizationLogo\",\"width\":1152,\"height\":864,\"caption\":\"Cand\\u00e1s 365 Redes\"},\"image\":{\"@id\":\"https:\\\/\\\/candas365.es\\\/noticias\\\/mas-de-420-incidencias-relacionadas-con-el-temporal-de-nieve-en-asturias\\\/#organizationLogo\"},\"sameAs\":[\"https:\\\/\\\/www.facebook.com\\\/Nachofdezber\",\"https:\\\/\\\/x.com\\\/NabercoDigital\",\"https:\\\/\\\/www.instagram.com\\\/nachofdezber\\\/\",\"https:\\\/\\\/www.youtube.com\\\/channel\\\/UCZP-2wLEB9Rv6erhFmqVnvg\"],\"address\":{\"@id\":\"https:\\\/\\\/candas365.es\\\/noticias\\\/#postaladdress\",\"@type\":\"PostalAddress\",\"streetAddress\":\"san antonio 4, san antonio 4\",\"postalCode\":\"33430\",\"addressLocality\":\"Cand\\u00e1s\",\"addressRegion\":\"Asturias\",\"addressCountry\":\"ES\"}},{\"@type\":\"Person\",\"@id\":\"https:\\\/\\\/candas365.es\\\/noticias\\\/author\\\/admin\\\/#author\",\"url\":\"https:\\\/\\\/candas365.es\\\/noticias\\\/author\\\/admin\\\/\",\"name\":\"Cand\\u00e1s 365\",\"image\":{\"@type\":\"ImageObject\",\"@id\":\"https:\\\/\\\/candas365.es\\\/noticias\\\/mas-de-420-incidencias-relacionadas-con-el-temporal-de-nieve-en-asturias\\\/#authorImage\",\"url\":\"https:\\\/\\\/secure.gravatar.com\\\/avatar\\\/496a8e03d0c493ede1718b7934145dbdf8d89be1036b0eec9544e1094c9de390?s=96&d=mm&r=g\",\"width\":96,\"height\":96,\"caption\":\"Cand\\u00e1s 365\"},\"sameAs\":[\"https:\\\/\\\/www.facebook.com\\\/carrenoactualidad\",\"https:\\\/\\\/twitter.com\\\/nbasturias\",\"https:\\\/\\\/www.instagram.com\\\/nachofdezber\\\/\",\"https:\\\/\\\/www.youtube.com\\\/channel\\\/UCZP-2wLEB9Rv6erhFmqVnvg\"]},{\"@type\":\"WebPage\",\"@id\":\"https:\\\/\\\/candas365.es\\\/noticias\\\/mas-de-420-incidencias-relacionadas-con-el-temporal-de-nieve-en-asturias\\\/#webpage\",\"url\":\"https:\\\/\\\/candas365.es\\\/noticias\\\/mas-de-420-incidencias-relacionadas-con-el-temporal-de-nieve-en-asturias\\\/\",\"name\":\"M\\u00e1s de 420 incidencias relacionadas con el temporal de nieve en Asturias | Cand\\u00e1s 365\",\"description\":\"El Servicio de Emergencias del Principado de Asturias (SEPA) ha contabilizado, desde el pasado martes, d\\u00eda 3 de febrero y hasta las 11 horas de hoy domingo, d\\u00eda 8, un total de 422 incidencias relacionadas con el episodio de nevadas que afecta a nuestra comunidad aut\\u00f3noma. La mayor parte de estas incidencias estuvieron relacionadas con\",\"inLanguage\":\"es-ES\",\"isPartOf\":{\"@id\":\"https:\\\/\\\/candas365.es\\\/noticias\\\/#website\"},\"breadcrumb\":{\"@id\":\"https:\\\/\\\/candas365.es\\\/noticias\\\/mas-de-420-incidencias-relacionadas-con-el-temporal-de-nieve-en-asturias\\\/#breadcrumblist\"},\"author\":{\"@id\":\"https:\\\/\\\/candas365.es\\\/noticias\\\/author\\\/admin\\\/#author\"},\"creator\":{\"@id\":\"https:\\\/\\\/candas365.es\\\/noticias\\\/author\\\/admin\\\/#author\"},\"image\":{\"@type\":\"ImageObject\",\"url\":\"https:\\\/\\\/candas365.es\\\/noticias\\\/wp-content\\\/uploads\\\/2014\\\/12\\\/nieve.jpg\",\"@id\":\"https:\\\/\\\/candas365.es\\\/noticias\\\/mas-de-420-incidencias-relacionadas-con-el-temporal-de-nieve-en-asturias\\\/#mainImage\",\"width\":360,\"height\":238},\"primaryImageOfPage\":{\"@id\":\"https:\\\/\\\/candas365.es\\\/noticias\\\/mas-de-420-incidencias-relacionadas-con-el-temporal-de-nieve-en-asturias\\\/#mainImage\"},\"datePublished\":\"2015-02-08T16:35:00+01:00\",\"dateModified\":\"2015-02-08T16:35:00+01:00\"},{\"@type\":\"WebSite\",\"@id\":\"https:\\\/\\\/candas365.es\\\/noticias\\\/#website\",\"url\":\"https:\\\/\\\/candas365.es\\\/noticias\\\/\",\"name\":\"Cand\\u00e1s 365\",\"alternateName\":\"Cand\\u00e1s 365 Noticias\",\"description\":\"Actualidad desde Carre\\u00f1o para el mundo\",\"inLanguage\":\"es-ES\",\"publisher\":{\"@id\":\"https:\\\/\\\/candas365.es\\\/noticias\\\/#organization\"}}]}\n\t\t<\/script>\n\t\t<!-- All in One SEO Pro -->\r\n\t\t<title>M\u00e1s de 420 incidencias relacionadas con el temporal de nieve en Asturias | Cand\u00e1s 365<\/title>\n\n","aioseo_head_json":{"title":"M\u00e1s de 420 incidencias relacionadas con el temporal de nieve en Asturias | Cand\u00e1s 365","description":"El Servicio de Emergencias del Principado de Asturias (SEPA) ha contabilizado, desde el pasado martes, d\u00eda 3 de febrero y hasta las 11 horas de hoy domingo, d\u00eda 8, un total de 422 incidencias relacionadas con el episodio de nevadas que afecta a nuestra comunidad aut\u00f3noma. La mayor parte de estas incidencias estuvieron relacionadas con","canonical_url":"https:\/\/candas365.es\/noticias\/mas-de-420-incidencias-relacionadas-con-el-temporal-de-nieve-en-asturias\/","robots":"max-image-preview:large","keywords":"asturias","webmasterTools":{"google-site-verification":"UA-32230408-1","msvalidate.01":"354F3CDFB2DA171B47FBE9ABF1F88D5","miscellaneous":""},"schema":{"@context":"https:\/\/schema.org","@graph":[{"@type":"BreadcrumbList","@id":"https:\/\/candas365.es\/noticias\/mas-de-420-incidencias-relacionadas-con-el-temporal-de-nieve-en-asturias\/#breadcrumblist","itemListElement":[{"@type":"ListItem","@id":"https:\/\/candas365.es\/noticias#listItem","position":1,"name":"Home","item":"https:\/\/candas365.es\/noticias","nextItem":{"@type":"ListItem","@id":"https:\/\/candas365.es\/noticias\/category\/asturias\/#listItem","name":"Asturias"}},{"@type":"ListItem","@id":"https:\/\/candas365.es\/noticias\/category\/asturias\/#listItem","position":2,"name":"Asturias","item":"https:\/\/candas365.es\/noticias\/category\/asturias\/","nextItem":{"@type":"ListItem","@id":"https:\/\/candas365.es\/noticias\/mas-de-420-incidencias-relacionadas-con-el-temporal-de-nieve-en-asturias\/#listItem","name":"M\u00e1s de 420 incidencias relacionadas con el temporal de nieve en Asturias"},"previousItem":{"@type":"ListItem","@id":"https:\/\/candas365.es\/noticias#listItem","name":"Home"}},{"@type":"ListItem","@id":"https:\/\/candas365.es\/noticias\/mas-de-420-incidencias-relacionadas-con-el-temporal-de-nieve-en-asturias\/#listItem","position":3,"name":"M\u00e1s de 420 incidencias relacionadas con el temporal de nieve en Asturias","previousItem":{"@type":"ListItem","@id":"https:\/\/candas365.es\/noticias\/category\/asturias\/#listItem","name":"Asturias"}}]},{"@type":"NewsArticle","@id":"https:\/\/candas365.es\/noticias\/mas-de-420-incidencias-relacionadas-con-el-temporal-de-nieve-en-asturias\/#newsarticle","name":"M\u00e1s de 420 incidencias relacionadas con el temporal de nieve en Asturias | Cand\u00e1s 365","headline":"M\u00e1s de 420 incidencias relacionadas con el temporal de nieve en Asturias","author":{"@id":"https:\/\/candas365.es\/noticias\/author\/admin\/#author"},"publisher":{"@id":"https:\/\/candas365.es\/noticias\/#organization"},"image":{"@type":"ImageObject","url":"https:\/\/candas365.es\/noticias\/wp-content\/uploads\/2014\/12\/nieve.jpg","width":360,"height":238},"datePublished":"2015-02-08T16:35:00+01:00","dateModified":"2015-02-08T16:35:00+01:00","inLanguage":"es-ES","mainEntityOfPage":{"@id":"https:\/\/candas365.es\/noticias\/mas-de-420-incidencias-relacionadas-con-el-temporal-de-nieve-en-asturias\/#webpage"},"isPartOf":{"@id":"https:\/\/candas365.es\/noticias\/mas-de-420-incidencias-relacionadas-con-el-temporal-de-nieve-en-asturias\/#webpage"},"articleSection":"Asturias","dateline":"Publicado el febrero 8, 2015."},{"@type":"Organization","@id":"https:\/\/candas365.es\/noticias\/#organization","name":"Cand\u00e1s 365","description":"Cand\u00e1s 365 es un diario digital independiente, fundado en 2012, con base en Asturias. Informamos con rigor sobre actualidad, sociedad, cultura y ocio, con una mirada local y global.","url":"https:\/\/candas365.es\/noticias\/","email":"info@candas365.es","telephone":"+34652131393","foundingDate":"2012-06-10","logo":{"@type":"ImageObject","url":"https:\/\/candas365.es\/noticias\/wp-content\/uploads\/2024\/09\/Candas-365-Redes.jpg","@id":"https:\/\/candas365.es\/noticias\/mas-de-420-incidencias-relacionadas-con-el-temporal-de-nieve-en-asturias\/#organizationLogo","width":1152,"height":864,"caption":"Cand\u00e1s 365 Redes"},"image":{"@id":"https:\/\/candas365.es\/noticias\/mas-de-420-incidencias-relacionadas-con-el-temporal-de-nieve-en-asturias\/#organizationLogo"},"sameAs":["https:\/\/www.facebook.com\/Nachofdezber","https:\/\/x.com\/NabercoDigital","https:\/\/www.instagram.com\/nachofdezber\/","https:\/\/www.youtube.com\/channel\/UCZP-2wLEB9Rv6erhFmqVnvg"],"address":{"@id":"https:\/\/candas365.es\/noticias\/#postaladdress","@type":"PostalAddress","streetAddress":"san antonio 4, san antonio 4","postalCode":"33430","addressLocality":"Cand\u00e1s","addressRegion":"Asturias","addressCountry":"ES"}},{"@type":"Person","@id":"https:\/\/candas365.es\/noticias\/author\/admin\/#author","url":"https:\/\/candas365.es\/noticias\/author\/admin\/","name":"Cand\u00e1s 365","image":{"@type":"ImageObject","@id":"https:\/\/candas365.es\/noticias\/mas-de-420-incidencias-relacionadas-con-el-temporal-de-nieve-en-asturias\/#authorImage","url":"https:\/\/secure.gravatar.com\/avatar\/496a8e03d0c493ede1718b7934145dbdf8d89be1036b0eec9544e1094c9de390?s=96&d=mm&r=g","width":96,"height":96,"caption":"Cand\u00e1s 365"},"sameAs":["https:\/\/www.facebook.com\/carrenoactualidad","https:\/\/twitter.com\/nbasturias","https:\/\/www.instagram.com\/nachofdezber\/","https:\/\/www.youtube.com\/channel\/UCZP-2wLEB9Rv6erhFmqVnvg"]},{"@type":"WebPage","@id":"https:\/\/candas365.es\/noticias\/mas-de-420-incidencias-relacionadas-con-el-temporal-de-nieve-en-asturias\/#webpage","url":"https:\/\/candas365.es\/noticias\/mas-de-420-incidencias-relacionadas-con-el-temporal-de-nieve-en-asturias\/","name":"M\u00e1s de 420 incidencias relacionadas con el temporal de nieve en Asturias | Cand\u00e1s 365","description":"El Servicio de Emergencias del Principado de Asturias (SEPA) ha contabilizado, desde el pasado martes, d\u00eda 3 de febrero y hasta las 11 horas de hoy domingo, d\u00eda 8, un total de 422 incidencias relacionadas con el episodio de nevadas que afecta a nuestra comunidad aut\u00f3noma. La mayor parte de estas incidencias estuvieron relacionadas con","inLanguage":"es-ES","isPartOf":{"@id":"https:\/\/candas365.es\/noticias\/#website"},"breadcrumb":{"@id":"https:\/\/candas365.es\/noticias\/mas-de-420-incidencias-relacionadas-con-el-temporal-de-nieve-en-asturias\/#breadcrumblist"},"author":{"@id":"https:\/\/candas365.es\/noticias\/author\/admin\/#author"},"creator":{"@id":"https:\/\/candas365.es\/noticias\/author\/admin\/#author"},"image":{"@type":"ImageObject","url":"https:\/\/candas365.es\/noticias\/wp-content\/uploads\/2014\/12\/nieve.jpg","@id":"https:\/\/candas365.es\/noticias\/mas-de-420-incidencias-relacionadas-con-el-temporal-de-nieve-en-asturias\/#mainImage","width":360,"height":238},"primaryImageOfPage":{"@id":"https:\/\/candas365.es\/noticias\/mas-de-420-incidencias-relacionadas-con-el-temporal-de-nieve-en-asturias\/#mainImage"},"datePublished":"2015-02-08T16:35:00+01:00","dateModified":"2015-02-08T16:35:00+01:00"},{"@type":"WebSite","@id":"https:\/\/candas365.es\/noticias\/#website","url":"https:\/\/candas365.es\/noticias\/","name":"Cand\u00e1s 365","alternateName":"Cand\u00e1s 365 Noticias","description":"Actualidad desde Carre\u00f1o para el mundo","inLanguage":"es-ES","publisher":{"@id":"https:\/\/candas365.es\/noticias\/#organization"}}]},"og:locale":"es_ES","og:site_name":"Cand\u00e1s 365","og:type":"article","og:title":"M\u00e1s de 420 incidencias relacionadas con el temporal de nieve en Asturias | Cand\u00e1s 365","og:description":"El Servicio de Emergencias del Principado de Asturias (SEPA) ha contabilizado, desde el pasado martes, d\u00eda 3 de febrero y hasta las 11 horas de hoy domingo, d\u00eda 8, un total de 422 incidencias relacionadas con el episodio de nevadas que afecta a nuestra comunidad aut\u00f3noma. La mayor parte de estas incidencias estuvieron relacionadas con","og:url":"https:\/\/candas365.es\/noticias\/mas-de-420-incidencias-relacionadas-con-el-temporal-de-nieve-en-asturias\/","og:image":"https:\/\/candas365.es\/noticias\/wp-content\/uploads\/2014\/12\/nieve.jpg","og:image:secure_url":"https:\/\/candas365.es\/noticias\/wp-content\/uploads\/2014\/12\/nieve.jpg","og:image:width":360,"og:image:height":238,"article:published_time":"2015-02-08T18:35:00+00:00","article:modified_time":"2015-02-08T18:35:00+00:00","article:publisher":"https:\/\/www.facebook.com\/Nachofdezber","article:author":"https:\/\/www.facebook.com\/carrenoactualidad","twitter:card":"summary_large_image","twitter:site":"@NabercoDigital","twitter:title":"M\u00e1s de 420 incidencias relacionadas con el temporal de nieve en Asturias | Cand\u00e1s 365","twitter:description":"El Servicio de Emergencias del Principado de Asturias (SEPA) ha contabilizado, desde el pasado martes, d\u00eda 3 de febrero y hasta las 11 horas de hoy domingo, d\u00eda 8, un total de 422 incidencias relacionadas con el episodio de nevadas que afecta a nuestra comunidad aut\u00f3noma. La mayor parte de estas incidencias estuvieron relacionadas con","twitter:creator":"@nbasturias","twitter:image":"https:\/\/candas365.es\/noticias\/wp-content\/uploads\/2014\/12\/nieve.jpg","twitter:label1":"Escrito por","twitter:data1":"Cand\u00e1s 365","twitter:label2":"Tiempo de lectura estimado","twitter:data2":"2 minutos"},"aioseo_meta_data":{"post_id":"6944","title":null,"description":null,"keywords":null,"keyphrases":null,"primary_term":null,"canonical_url":null,"og_title":null,"og_description":null,"og_object_type":"default","og_image_type":"default","og_image_url":null,"og_image_width":null,"og_image_height":null,"og_image_custom_url":null,"og_image_custom_fields":null,"og_video":null,"og_custom_url":null,"og_article_section":null,"og_article_tags":null,"twitter_use_og":false,"twitter_card":"default","twitter_image_type":"default","twitter_image_url":null,"twitter_image_custom_url":null,"twitter_image_custom_fields":null,"twitter_title":null,"twitter_description":null,"schema":{"blockGraphs":[],"customGraphs":[],"default":{"data":{"Article":[],"Course":[],"Dataset":[],"FAQPage":[],"Movie":[],"Person":[],"Product":[],"ProductReview":[],"Car":[],"Recipe":[],"Service":[],"SoftwareApplication":[],"WebPage":[]},"graphName":"","isEnabled":true},"graphs":[],"defaultGraph":"","defaultPostTypeGraph":""},"schema_type":null,"schema_type_options":null,"pillar_content":false,"robots_default":true,"robots_noindex":false,"robots_noarchive":false,"robots_nosnippet":false,"robots_nofollow":false,"robots_noimageindex":false,"robots_noodp":false,"robots_notranslate":false,"robots_max_snippet":null,"robots_max_videopreview":null,"robots_max_imagepreview":"large","priority":null,"frequency":null,"location":null,"local_seo":null,"seo_analyzer_scan_date":"2025-08-23 04:42:10","breadcrumb_settings":null,"limit_modified_date":false,"reviewed_by":null,"open_ai":null,"ai":null,"created":"2020-12-21 10:54:00","updated":"2025-08-23 04:42:10"},"aioseo_breadcrumb":"<div class=\"aioseo-breadcrumbs\"><span class=\"aioseo-breadcrumb\">\n\t<a href=\"https:\/\/candas365.es\/noticias\" title=\"Home\">Home<\/a>\n<\/span><span class=\"aioseo-breadcrumb-separator\">&ndash;<\/span><span class=\"aioseo-breadcrumb\">\n\t<a href=\"https:\/\/candas365.es\/noticias\/category\/asturias\/\" title=\"Asturias\">Asturias<\/a>\n<\/span><span class=\"aioseo-breadcrumb-separator\">&ndash;<\/span><span class=\"aioseo-breadcrumb\">\n\tM\u00e1s de 420 incidencias relacionadas con el temporal de nieve en Asturias\n<\/span><\/div>","aioseo_breadcrumb_json":[{"label":"Home","link":"https:\/\/candas365.es\/noticias"},{"label":"Asturias","link":"https:\/\/candas365.es\/noticias\/category\/asturias\/"},{"label":"M\u00e1s de 420 incidencias relacionadas con el temporal de nieve en Asturias","link":"https:\/\/candas365.es\/noticias\/mas-de-420-incidencias-relacionadas-con-el-temporal-de-nieve-en-asturias\/"}],"_links":{"self":[{"href":"https:\/\/candas365.es\/noticias\/wp-json\/wp\/v2\/posts\/6944","targetHints":{"allow":["GET"]}}],"collection":[{"href":"https:\/\/candas365.es\/noticias\/wp-json\/wp\/v2\/posts"}],"about":[{"href":"https:\/\/candas365.es\/noticias\/wp-json\/wp\/v2\/types\/post"}],"author":[{"embeddable":true,"href":"https:\/\/candas365.es\/noticias\/wp-json\/wp\/v2\/users\/1"}],"replies":[{"embeddable":true,"href":"https:\/\/candas365.es\/noticias\/wp-json\/wp\/v2\/comments?post=6944"}],"version-history":[{"count":0,"href":"https:\/\/candas365.es\/noticias\/wp-json\/wp\/v2\/posts\/6944\/revisions"}],"wp:featuredmedia":[{"embeddable":true,"href":"https:\/\/candas365.es\/noticias\/wp-json\/wp\/v2\/media\/5754"}],"wp:attachment":[{"href":"https:\/\/candas365.es\/noticias\/wp-json\/wp\/v2\/media?parent=6944"}],"wp:term":[{"taxonomy":"category","embeddable":true,"href":"https:\/\/candas365.es\/noticias\/wp-json\/wp\/v2\/categories?post=6944"},{"taxonomy":"post_tag","embeddable":true,"href":"https:\/\/candas365.es\/noticias\/wp-json\/wp\/v2\/tags?post=6944"}],"curies":[{"name":"wp","href":"https:\/\/api.w.org\/{rel}","templated":true}]}}