{"id":4917,"date":"2014-11-04T15:54:40","date_gmt":"2014-11-04T17:54:40","guid":{"rendered":"http:\/\/candas365.es\/noticias\/?p=4917"},"modified":"2014-11-04T15:54:40","modified_gmt":"2014-11-04T17:54:40","slug":"belive-incorpora-su-primer-hotel-en-el-centro-de-madrid%e2%80%8f","status":"publish","type":"post","link":"https:\/\/candas365.es\/noticias\/belive-incorpora-su-primer-hotel-en-el-centro-de-madrid%e2%80%8f\/","title":{"rendered":"BeLive incorpora su primer hotel en el centro de Madrid\u200f"},"content":{"rendered":"<p><img fetchpriority=\"high\" decoding=\"async\" class=\"alignleft size-medium wp-image-4918\" src=\"https:\/\/candas365.es\/noticias\/wp-content\/uploads\/2014\/11\/2062-34-360x239.jpg\" alt=\"2062-34\" width=\"360\" height=\"239\" \/>La cadena hotelera del grupo Globalia incorporar\u00e1 a su cartera\u00a0un establecimiento netamente urbano, el Hotel Santo Domingo, en pleno centro de la capital de Espa\u00f1a, que pasar\u00e1 a llamarse BeLive City Center Madrid Santo Domingo. El acuerdo ha sido rubricado por Juan Jos\u00e9 Hidalgo, presidente del grupo Globalia, y Antonio M\u00aa N\u00fa\u00f1ez Tirado, presidente de la sociedad propietaria del Hotel Santo Domingo. Tras las conversaciones iniciales entre ambos presidentes, las negociaciones para llegar al buen fin fueron llevadas personalmente por Javier Blanco, director general de BeLive, y el director general del hotel, Antonio N\u00fa\u00f1ez Pardo.<\/p>\n<p>\u201cEsta incorporaci\u00f3n supone un salto cualitativo en la estrategia de crecimiento de la cadena BeLive, por tratarse de un hotel totalmente urbano\u201d, explica Javier Blanco. \u201cPero supone tambi\u00e9n el principio de una etapa de expansi\u00f3n en la que contemplamos incorporar otros cuatro establecimientos m\u00e1s antes de fin de a\u00f1o\u201d, a\u00f1ade.<\/p>\n<p>El Hotel Santo Domingo se encuentra situado en la plaza del mismo nombre, dentro de la mejor zona de compras y ocio en Madrid. Cuenta con 200 habitaciones y numerosos espacios singulares que lo hacen \u00fanico, como una piscina en la cubierta, un jard\u00edn colgante sin parang\u00f3n en el sector \u2013y que fue r\u00e9cord Guinness en noviembre de 2011-, cuevas del Siglo XVI, habitaciones tematizadas con m\u00e1s de cien decoraciones diferentes, restaurante, barra de pintxos, salones de reuniones y un espacioso parking.<\/p>\n<p>\u201cEstoy convencido de que este hotel, que es una aut\u00e9ntica joya, se va a convertir en una referencia dentro del panorama hotelero de Madrid gracias al impulso de una cadena din\u00e1mica, como BeLive, y al enorme potencial de un grupo tur\u00edstico como Globalia\u201d, asegura Antonio Mar\u00eda N\u00fa\u00f1ez Tirado.<\/p>\n<p>Con la incorporaci\u00f3n del Santo Domingo, la cadena hotelera de Globalia que dirige Javier Blanco suma ya 31 establecimientos en Espa\u00f1a, Portugal, Marruecos, Cuba y la Rep\u00fablica Dominicana, con un total de 9.000 habitaciones.<\/p>\n","protected":false},"excerpt":{"rendered":"<p>La cadena hotelera del grupo Globalia incorporar\u00e1 a su cartera\u00a0un establecimiento netamente urbano, el Hotel Santo Domingo, en pleno centro de la capital de Espa\u00f1a, que pasar\u00e1 a llamarse BeLive City Center Madrid Santo Domingo. El acuerdo ha sido rubricado por Juan Jos\u00e9 Hidalgo, presidente del grupo Globalia, y Antonio M\u00aa N\u00fa\u00f1ez Tirado, presidente de<\/p>\n","protected":false},"author":1,"featured_media":4918,"comment_status":"closed","ping_status":"closed","sticky":false,"template":"","format":"standard","meta":{"footnotes":""},"categories":[343],"tags":[],"class_list":{"0":"post-4917","1":"post","2":"type-post","3":"status-publish","4":"format-standard","5":"has-post-thumbnail","7":"category-actualidad"},"aioseo_notices":[],"aioseo_head":"\n\t\t<!-- All in One SEO Pro 4.9.6.2 - aioseo.com -->\n\t<meta name=\"description\" content=\"La cadena hotelera del grupo Globalia incorporar\u00e1 a su cartera un establecimiento netamente urbano, el Hotel Santo Domingo, en pleno centro de la capital de Espa\u00f1a, que pasar\u00e1 a llamarse BeLive City Center Madrid Santo Domingo. El acuerdo ha sido rubricado por Juan Jos\u00e9 Hidalgo, presidente del grupo Globalia, y Antonio M\u00aa N\u00fa\u00f1ez Tirado, presidente de\" \/>\n\t<meta name=\"robots\" content=\"max-image-preview:large\" \/>\n\t<meta name=\"author\" content=\"Cand\u00e1s 365\"\/>\n\t<meta name=\"google-site-verification\" content=\"UA-32230408-1\" \/>\n\t<meta name=\"msvalidate.01\" content=\"354F3CDFB2DA171B47FBE9ABF1F88D5\" \/>\n\t<meta name=\"keywords\" content=\"actualidad\" \/>\n\t<link rel=\"canonical\" href=\"https:\/\/candas365.es\/noticias\/belive-incorpora-su-primer-hotel-en-el-centro-de-madrid%e2%80%8f\/\" \/>\n\t<meta name=\"generator\" content=\"All in One SEO Pro (AIOSEO) 4.9.6.2\" \/>\n\t\t<meta property=\"og:locale\" content=\"es_ES\" \/>\n\t\t<meta property=\"og:site_name\" content=\"Cand\u00e1s 365\" \/>\n\t\t<meta property=\"og:type\" content=\"article\" \/>\n\t\t<meta property=\"og:title\" content=\"BeLive incorpora su primer hotel en el centro de Madrid\u200f | Cand\u00e1s 365\" \/>\n\t\t<meta property=\"og:description\" content=\"La cadena hotelera del grupo Globalia incorporar\u00e1 a su cartera un establecimiento netamente urbano, el Hotel Santo Domingo, en pleno centro de la capital de Espa\u00f1a, que pasar\u00e1 a llamarse BeLive City Center Madrid Santo Domingo. El acuerdo ha sido rubricado por Juan Jos\u00e9 Hidalgo, presidente del grupo Globalia, y Antonio M\u00aa N\u00fa\u00f1ez Tirado, presidente de\" \/>\n\t\t<meta property=\"og:url\" content=\"https:\/\/candas365.es\/noticias\/belive-incorpora-su-primer-hotel-en-el-centro-de-madrid%e2%80%8f\/\" \/>\n\t\t<meta property=\"og:image\" content=\"https:\/\/candas365.es\/noticias\/wp-content\/uploads\/2014\/11\/2062-34.jpg\" \/>\n\t\t<meta property=\"og:image:secure_url\" content=\"https:\/\/candas365.es\/noticias\/wp-content\/uploads\/2014\/11\/2062-34.jpg\" \/>\n\t\t<meta property=\"og:image:width\" content=\"1600\" \/>\n\t\t<meta property=\"og:image:height\" content=\"1066\" \/>\n\t\t<meta property=\"article:published_time\" content=\"2014-11-04T17:54:40+00:00\" \/>\n\t\t<meta property=\"article:modified_time\" content=\"2014-11-04T17:54:40+00:00\" \/>\n\t\t<meta property=\"article:publisher\" content=\"https:\/\/www.facebook.com\/Nachofdezber\" \/>\n\t\t<meta property=\"article:author\" content=\"https:\/\/www.facebook.com\/carrenoactualidad\" \/>\n\t\t<meta name=\"twitter:card\" content=\"summary_large_image\" \/>\n\t\t<meta name=\"twitter:site\" content=\"@NabercoDigital\" \/>\n\t\t<meta name=\"twitter:title\" content=\"BeLive incorpora su primer hotel en el centro de Madrid\u200f | Cand\u00e1s 365\" \/>\n\t\t<meta name=\"twitter:description\" content=\"La cadena hotelera del grupo Globalia incorporar\u00e1 a su cartera un establecimiento netamente urbano, el Hotel Santo Domingo, en pleno centro de la capital de Espa\u00f1a, que pasar\u00e1 a llamarse BeLive City Center Madrid Santo Domingo. El acuerdo ha sido rubricado por Juan Jos\u00e9 Hidalgo, presidente del grupo Globalia, y Antonio M\u00aa N\u00fa\u00f1ez Tirado, presidente de\" \/>\n\t\t<meta name=\"twitter:creator\" content=\"@nbasturias\" \/>\n\t\t<meta name=\"twitter:image\" content=\"https:\/\/candas365.es\/noticias\/wp-content\/uploads\/2014\/11\/2062-34.jpg\" \/>\n\t\t<meta name=\"twitter:label1\" content=\"Escrito por\" \/>\n\t\t<meta name=\"twitter:data1\" content=\"Cand\u00e1s 365\" \/>\n\t\t<meta name=\"twitter:label2\" content=\"Tiempo de lectura estimado\" \/>\n\t\t<meta name=\"twitter:data2\" content=\"2 minutos\" \/>\n\t\t<script type=\"application\/ld+json\" class=\"aioseo-schema\">\n\t\t\t{\"@context\":\"https:\\\/\\\/schema.org\",\"@graph\":[{\"@type\":\"BreadcrumbList\",\"@id\":\"https:\\\/\\\/candas365.es\\\/noticias\\\/belive-incorpora-su-primer-hotel-en-el-centro-de-madrid%e2%80%8f\\\/#breadcrumblist\",\"itemListElement\":[{\"@type\":\"ListItem\",\"@id\":\"https:\\\/\\\/candas365.es\\\/noticias#listItem\",\"position\":1,\"name\":\"Home\",\"item\":\"https:\\\/\\\/candas365.es\\\/noticias\",\"nextItem\":{\"@type\":\"ListItem\",\"@id\":\"https:\\\/\\\/candas365.es\\\/noticias\\\/category\\\/actualidad\\\/#listItem\",\"name\":\"Actualidad\"}},{\"@type\":\"ListItem\",\"@id\":\"https:\\\/\\\/candas365.es\\\/noticias\\\/category\\\/actualidad\\\/#listItem\",\"position\":2,\"name\":\"Actualidad\",\"item\":\"https:\\\/\\\/candas365.es\\\/noticias\\\/category\\\/actualidad\\\/\",\"nextItem\":{\"@type\":\"ListItem\",\"@id\":\"https:\\\/\\\/candas365.es\\\/noticias\\\/belive-incorpora-su-primer-hotel-en-el-centro-de-madrid%e2%80%8f\\\/#listItem\",\"name\":\"BeLive incorpora su primer hotel en el centro de Madrid\\u200f\"},\"previousItem\":{\"@type\":\"ListItem\",\"@id\":\"https:\\\/\\\/candas365.es\\\/noticias#listItem\",\"name\":\"Home\"}},{\"@type\":\"ListItem\",\"@id\":\"https:\\\/\\\/candas365.es\\\/noticias\\\/belive-incorpora-su-primer-hotel-en-el-centro-de-madrid%e2%80%8f\\\/#listItem\",\"position\":3,\"name\":\"BeLive incorpora su primer hotel en el centro de Madrid\\u200f\",\"previousItem\":{\"@type\":\"ListItem\",\"@id\":\"https:\\\/\\\/candas365.es\\\/noticias\\\/category\\\/actualidad\\\/#listItem\",\"name\":\"Actualidad\"}}]},{\"@type\":\"NewsArticle\",\"@id\":\"https:\\\/\\\/candas365.es\\\/noticias\\\/belive-incorpora-su-primer-hotel-en-el-centro-de-madrid%e2%80%8f\\\/#newsarticle\",\"name\":\"BeLive incorpora su primer hotel en el centro de Madrid\\u200f | Cand\\u00e1s 365\",\"headline\":\"BeLive incorpora su primer hotel en el centro de Madrid\\u200f\",\"author\":{\"@id\":\"https:\\\/\\\/candas365.es\\\/noticias\\\/author\\\/admin\\\/#author\"},\"publisher\":{\"@id\":\"https:\\\/\\\/candas365.es\\\/noticias\\\/#organization\"},\"image\":{\"@type\":\"ImageObject\",\"url\":\"https:\\\/\\\/candas365.es\\\/noticias\\\/wp-content\\\/uploads\\\/2014\\\/11\\\/2062-34.jpg\",\"width\":1600,\"height\":1066},\"datePublished\":\"2014-11-04T15:54:40+01:00\",\"dateModified\":\"2014-11-04T15:54:40+01:00\",\"inLanguage\":\"es-ES\",\"mainEntityOfPage\":{\"@id\":\"https:\\\/\\\/candas365.es\\\/noticias\\\/belive-incorpora-su-primer-hotel-en-el-centro-de-madrid%e2%80%8f\\\/#webpage\"},\"isPartOf\":{\"@id\":\"https:\\\/\\\/candas365.es\\\/noticias\\\/belive-incorpora-su-primer-hotel-en-el-centro-de-madrid%e2%80%8f\\\/#webpage\"},\"articleSection\":\"Actualidad\",\"dateline\":\"Publicado el noviembre 4, 2014.\"},{\"@type\":\"Organization\",\"@id\":\"https:\\\/\\\/candas365.es\\\/noticias\\\/#organization\",\"name\":\"Cand\\u00e1s 365\",\"description\":\"Cand\\u00e1s 365 es un diario digital independiente, fundado en 2012, con base en Asturias. Informamos con rigor sobre actualidad, sociedad, cultura y ocio, con una mirada local y global.\",\"url\":\"https:\\\/\\\/candas365.es\\\/noticias\\\/\",\"email\":\"info@candas365.es\",\"telephone\":\"+34652131393\",\"foundingDate\":\"2012-06-10\",\"logo\":{\"@type\":\"ImageObject\",\"url\":\"https:\\\/\\\/candas365.es\\\/noticias\\\/wp-content\\\/uploads\\\/2024\\\/09\\\/Candas-365-Redes.jpg\",\"@id\":\"https:\\\/\\\/candas365.es\\\/noticias\\\/belive-incorpora-su-primer-hotel-en-el-centro-de-madrid%e2%80%8f\\\/#organizationLogo\",\"width\":1152,\"height\":864,\"caption\":\"Cand\\u00e1s 365 Redes\"},\"image\":{\"@id\":\"https:\\\/\\\/candas365.es\\\/noticias\\\/belive-incorpora-su-primer-hotel-en-el-centro-de-madrid%e2%80%8f\\\/#organizationLogo\"},\"sameAs\":[\"https:\\\/\\\/www.facebook.com\\\/Nachofdezber\",\"https:\\\/\\\/x.com\\\/NabercoDigital\",\"https:\\\/\\\/www.instagram.com\\\/nachofdezber\\\/\",\"https:\\\/\\\/www.youtube.com\\\/channel\\\/UCZP-2wLEB9Rv6erhFmqVnvg\"],\"address\":{\"@id\":\"https:\\\/\\\/candas365.es\\\/noticias\\\/#postaladdress\",\"@type\":\"PostalAddress\",\"streetAddress\":\"san antonio 4, san antonio 4\",\"postalCode\":\"33430\",\"addressLocality\":\"Cand\\u00e1s\",\"addressRegion\":\"Asturias\",\"addressCountry\":\"ES\"}},{\"@type\":\"Person\",\"@id\":\"https:\\\/\\\/candas365.es\\\/noticias\\\/author\\\/admin\\\/#author\",\"url\":\"https:\\\/\\\/candas365.es\\\/noticias\\\/author\\\/admin\\\/\",\"name\":\"Cand\\u00e1s 365\",\"image\":{\"@type\":\"ImageObject\",\"@id\":\"https:\\\/\\\/candas365.es\\\/noticias\\\/belive-incorpora-su-primer-hotel-en-el-centro-de-madrid%e2%80%8f\\\/#authorImage\",\"url\":\"https:\\\/\\\/secure.gravatar.com\\\/avatar\\\/496a8e03d0c493ede1718b7934145dbdf8d89be1036b0eec9544e1094c9de390?s=96&d=mm&r=g\",\"width\":96,\"height\":96,\"caption\":\"Cand\\u00e1s 365\"},\"sameAs\":[\"https:\\\/\\\/www.facebook.com\\\/carrenoactualidad\",\"https:\\\/\\\/twitter.com\\\/nbasturias\",\"https:\\\/\\\/www.instagram.com\\\/nachofdezber\\\/\",\"https:\\\/\\\/www.youtube.com\\\/channel\\\/UCZP-2wLEB9Rv6erhFmqVnvg\"]},{\"@type\":\"WebPage\",\"@id\":\"https:\\\/\\\/candas365.es\\\/noticias\\\/belive-incorpora-su-primer-hotel-en-el-centro-de-madrid%e2%80%8f\\\/#webpage\",\"url\":\"https:\\\/\\\/candas365.es\\\/noticias\\\/belive-incorpora-su-primer-hotel-en-el-centro-de-madrid%e2%80%8f\\\/\",\"name\":\"BeLive incorpora su primer hotel en el centro de Madrid\\u200f | Cand\\u00e1s 365\",\"description\":\"La cadena hotelera del grupo Globalia incorporar\\u00e1 a su cartera un establecimiento netamente urbano, el Hotel Santo Domingo, en pleno centro de la capital de Espa\\u00f1a, que pasar\\u00e1 a llamarse BeLive City Center Madrid Santo Domingo. El acuerdo ha sido rubricado por Juan Jos\\u00e9 Hidalgo, presidente del grupo Globalia, y Antonio M\\u00aa N\\u00fa\\u00f1ez Tirado, presidente de\",\"inLanguage\":\"es-ES\",\"isPartOf\":{\"@id\":\"https:\\\/\\\/candas365.es\\\/noticias\\\/#website\"},\"breadcrumb\":{\"@id\":\"https:\\\/\\\/candas365.es\\\/noticias\\\/belive-incorpora-su-primer-hotel-en-el-centro-de-madrid%e2%80%8f\\\/#breadcrumblist\"},\"author\":{\"@id\":\"https:\\\/\\\/candas365.es\\\/noticias\\\/author\\\/admin\\\/#author\"},\"creator\":{\"@id\":\"https:\\\/\\\/candas365.es\\\/noticias\\\/author\\\/admin\\\/#author\"},\"image\":{\"@type\":\"ImageObject\",\"url\":\"https:\\\/\\\/candas365.es\\\/noticias\\\/wp-content\\\/uploads\\\/2014\\\/11\\\/2062-34.jpg\",\"@id\":\"https:\\\/\\\/candas365.es\\\/noticias\\\/belive-incorpora-su-primer-hotel-en-el-centro-de-madrid%e2%80%8f\\\/#mainImage\",\"width\":1600,\"height\":1066},\"primaryImageOfPage\":{\"@id\":\"https:\\\/\\\/candas365.es\\\/noticias\\\/belive-incorpora-su-primer-hotel-en-el-centro-de-madrid%e2%80%8f\\\/#mainImage\"},\"datePublished\":\"2014-11-04T15:54:40+01:00\",\"dateModified\":\"2014-11-04T15:54:40+01:00\"},{\"@type\":\"WebSite\",\"@id\":\"https:\\\/\\\/candas365.es\\\/noticias\\\/#website\",\"url\":\"https:\\\/\\\/candas365.es\\\/noticias\\\/\",\"name\":\"Cand\\u00e1s 365\",\"alternateName\":\"Cand\\u00e1s 365 Noticias\",\"description\":\"Actualidad desde Carre\\u00f1o para el mundo\",\"inLanguage\":\"es-ES\",\"publisher\":{\"@id\":\"https:\\\/\\\/candas365.es\\\/noticias\\\/#organization\"}}]}\n\t\t<\/script>\n\t\t<!-- All in One SEO Pro -->\r\n\t\t<title>BeLive incorpora su primer hotel en el centro de Madrid\u200f | Cand\u00e1s 365<\/title>\n\n","aioseo_head_json":{"title":"BeLive incorpora su primer hotel en el centro de Madrid\u200f | Cand\u00e1s 365","description":"La cadena hotelera del grupo Globalia incorporar\u00e1 a su cartera un establecimiento netamente urbano, el Hotel Santo Domingo, en pleno centro de la capital de Espa\u00f1a, que pasar\u00e1 a llamarse BeLive City Center Madrid Santo Domingo. El acuerdo ha sido rubricado por Juan Jos\u00e9 Hidalgo, presidente del grupo Globalia, y Antonio M\u00aa N\u00fa\u00f1ez Tirado, presidente de","canonical_url":"https:\/\/candas365.es\/noticias\/belive-incorpora-su-primer-hotel-en-el-centro-de-madrid%e2%80%8f\/","robots":"max-image-preview:large","keywords":"actualidad","webmasterTools":{"google-site-verification":"UA-32230408-1","msvalidate.01":"354F3CDFB2DA171B47FBE9ABF1F88D5","miscellaneous":""},"schema":{"@context":"https:\/\/schema.org","@graph":[{"@type":"BreadcrumbList","@id":"https:\/\/candas365.es\/noticias\/belive-incorpora-su-primer-hotel-en-el-centro-de-madrid%e2%80%8f\/#breadcrumblist","itemListElement":[{"@type":"ListItem","@id":"https:\/\/candas365.es\/noticias#listItem","position":1,"name":"Home","item":"https:\/\/candas365.es\/noticias","nextItem":{"@type":"ListItem","@id":"https:\/\/candas365.es\/noticias\/category\/actualidad\/#listItem","name":"Actualidad"}},{"@type":"ListItem","@id":"https:\/\/candas365.es\/noticias\/category\/actualidad\/#listItem","position":2,"name":"Actualidad","item":"https:\/\/candas365.es\/noticias\/category\/actualidad\/","nextItem":{"@type":"ListItem","@id":"https:\/\/candas365.es\/noticias\/belive-incorpora-su-primer-hotel-en-el-centro-de-madrid%e2%80%8f\/#listItem","name":"BeLive incorpora su primer hotel en el centro de Madrid\u200f"},"previousItem":{"@type":"ListItem","@id":"https:\/\/candas365.es\/noticias#listItem","name":"Home"}},{"@type":"ListItem","@id":"https:\/\/candas365.es\/noticias\/belive-incorpora-su-primer-hotel-en-el-centro-de-madrid%e2%80%8f\/#listItem","position":3,"name":"BeLive incorpora su primer hotel en el centro de Madrid\u200f","previousItem":{"@type":"ListItem","@id":"https:\/\/candas365.es\/noticias\/category\/actualidad\/#listItem","name":"Actualidad"}}]},{"@type":"NewsArticle","@id":"https:\/\/candas365.es\/noticias\/belive-incorpora-su-primer-hotel-en-el-centro-de-madrid%e2%80%8f\/#newsarticle","name":"BeLive incorpora su primer hotel en el centro de Madrid\u200f | Cand\u00e1s 365","headline":"BeLive incorpora su primer hotel en el centro de Madrid\u200f","author":{"@id":"https:\/\/candas365.es\/noticias\/author\/admin\/#author"},"publisher":{"@id":"https:\/\/candas365.es\/noticias\/#organization"},"image":{"@type":"ImageObject","url":"https:\/\/candas365.es\/noticias\/wp-content\/uploads\/2014\/11\/2062-34.jpg","width":1600,"height":1066},"datePublished":"2014-11-04T15:54:40+01:00","dateModified":"2014-11-04T15:54:40+01:00","inLanguage":"es-ES","mainEntityOfPage":{"@id":"https:\/\/candas365.es\/noticias\/belive-incorpora-su-primer-hotel-en-el-centro-de-madrid%e2%80%8f\/#webpage"},"isPartOf":{"@id":"https:\/\/candas365.es\/noticias\/belive-incorpora-su-primer-hotel-en-el-centro-de-madrid%e2%80%8f\/#webpage"},"articleSection":"Actualidad","dateline":"Publicado el noviembre 4, 2014."},{"@type":"Organization","@id":"https:\/\/candas365.es\/noticias\/#organization","name":"Cand\u00e1s 365","description":"Cand\u00e1s 365 es un diario digital independiente, fundado en 2012, con base en Asturias. Informamos con rigor sobre actualidad, sociedad, cultura y ocio, con una mirada local y global.","url":"https:\/\/candas365.es\/noticias\/","email":"info@candas365.es","telephone":"+34652131393","foundingDate":"2012-06-10","logo":{"@type":"ImageObject","url":"https:\/\/candas365.es\/noticias\/wp-content\/uploads\/2024\/09\/Candas-365-Redes.jpg","@id":"https:\/\/candas365.es\/noticias\/belive-incorpora-su-primer-hotel-en-el-centro-de-madrid%e2%80%8f\/#organizationLogo","width":1152,"height":864,"caption":"Cand\u00e1s 365 Redes"},"image":{"@id":"https:\/\/candas365.es\/noticias\/belive-incorpora-su-primer-hotel-en-el-centro-de-madrid%e2%80%8f\/#organizationLogo"},"sameAs":["https:\/\/www.facebook.com\/Nachofdezber","https:\/\/x.com\/NabercoDigital","https:\/\/www.instagram.com\/nachofdezber\/","https:\/\/www.youtube.com\/channel\/UCZP-2wLEB9Rv6erhFmqVnvg"],"address":{"@id":"https:\/\/candas365.es\/noticias\/#postaladdress","@type":"PostalAddress","streetAddress":"san antonio 4, san antonio 4","postalCode":"33430","addressLocality":"Cand\u00e1s","addressRegion":"Asturias","addressCountry":"ES"}},{"@type":"Person","@id":"https:\/\/candas365.es\/noticias\/author\/admin\/#author","url":"https:\/\/candas365.es\/noticias\/author\/admin\/","name":"Cand\u00e1s 365","image":{"@type":"ImageObject","@id":"https:\/\/candas365.es\/noticias\/belive-incorpora-su-primer-hotel-en-el-centro-de-madrid%e2%80%8f\/#authorImage","url":"https:\/\/secure.gravatar.com\/avatar\/496a8e03d0c493ede1718b7934145dbdf8d89be1036b0eec9544e1094c9de390?s=96&d=mm&r=g","width":96,"height":96,"caption":"Cand\u00e1s 365"},"sameAs":["https:\/\/www.facebook.com\/carrenoactualidad","https:\/\/twitter.com\/nbasturias","https:\/\/www.instagram.com\/nachofdezber\/","https:\/\/www.youtube.com\/channel\/UCZP-2wLEB9Rv6erhFmqVnvg"]},{"@type":"WebPage","@id":"https:\/\/candas365.es\/noticias\/belive-incorpora-su-primer-hotel-en-el-centro-de-madrid%e2%80%8f\/#webpage","url":"https:\/\/candas365.es\/noticias\/belive-incorpora-su-primer-hotel-en-el-centro-de-madrid%e2%80%8f\/","name":"BeLive incorpora su primer hotel en el centro de Madrid\u200f | Cand\u00e1s 365","description":"La cadena hotelera del grupo Globalia incorporar\u00e1 a su cartera un establecimiento netamente urbano, el Hotel Santo Domingo, en pleno centro de la capital de Espa\u00f1a, que pasar\u00e1 a llamarse BeLive City Center Madrid Santo Domingo. El acuerdo ha sido rubricado por Juan Jos\u00e9 Hidalgo, presidente del grupo Globalia, y Antonio M\u00aa N\u00fa\u00f1ez Tirado, presidente de","inLanguage":"es-ES","isPartOf":{"@id":"https:\/\/candas365.es\/noticias\/#website"},"breadcrumb":{"@id":"https:\/\/candas365.es\/noticias\/belive-incorpora-su-primer-hotel-en-el-centro-de-madrid%e2%80%8f\/#breadcrumblist"},"author":{"@id":"https:\/\/candas365.es\/noticias\/author\/admin\/#author"},"creator":{"@id":"https:\/\/candas365.es\/noticias\/author\/admin\/#author"},"image":{"@type":"ImageObject","url":"https:\/\/candas365.es\/noticias\/wp-content\/uploads\/2014\/11\/2062-34.jpg","@id":"https:\/\/candas365.es\/noticias\/belive-incorpora-su-primer-hotel-en-el-centro-de-madrid%e2%80%8f\/#mainImage","width":1600,"height":1066},"primaryImageOfPage":{"@id":"https:\/\/candas365.es\/noticias\/belive-incorpora-su-primer-hotel-en-el-centro-de-madrid%e2%80%8f\/#mainImage"},"datePublished":"2014-11-04T15:54:40+01:00","dateModified":"2014-11-04T15:54:40+01:00"},{"@type":"WebSite","@id":"https:\/\/candas365.es\/noticias\/#website","url":"https:\/\/candas365.es\/noticias\/","name":"Cand\u00e1s 365","alternateName":"Cand\u00e1s 365 Noticias","description":"Actualidad desde Carre\u00f1o para el mundo","inLanguage":"es-ES","publisher":{"@id":"https:\/\/candas365.es\/noticias\/#organization"}}]},"og:locale":"es_ES","og:site_name":"Cand\u00e1s 365","og:type":"article","og:title":"BeLive incorpora su primer hotel en el centro de Madrid\u200f | Cand\u00e1s 365","og:description":"La cadena hotelera del grupo Globalia incorporar\u00e1 a su cartera un establecimiento netamente urbano, el Hotel Santo Domingo, en pleno centro de la capital de Espa\u00f1a, que pasar\u00e1 a llamarse BeLive City Center Madrid Santo Domingo. El acuerdo ha sido rubricado por Juan Jos\u00e9 Hidalgo, presidente del grupo Globalia, y Antonio M\u00aa N\u00fa\u00f1ez Tirado, presidente de","og:url":"https:\/\/candas365.es\/noticias\/belive-incorpora-su-primer-hotel-en-el-centro-de-madrid%e2%80%8f\/","og:image":"https:\/\/candas365.es\/noticias\/wp-content\/uploads\/2014\/11\/2062-34.jpg","og:image:secure_url":"https:\/\/candas365.es\/noticias\/wp-content\/uploads\/2014\/11\/2062-34.jpg","og:image:width":1600,"og:image:height":1066,"article:published_time":"2014-11-04T17:54:40+00:00","article:modified_time":"2014-11-04T17:54:40+00:00","article:publisher":"https:\/\/www.facebook.com\/Nachofdezber","article:author":"https:\/\/www.facebook.com\/carrenoactualidad","twitter:card":"summary_large_image","twitter:site":"@NabercoDigital","twitter:title":"BeLive incorpora su primer hotel en el centro de Madrid\u200f | Cand\u00e1s 365","twitter:description":"La cadena hotelera del grupo Globalia incorporar\u00e1 a su cartera un establecimiento netamente urbano, el Hotel Santo Domingo, en pleno centro de la capital de Espa\u00f1a, que pasar\u00e1 a llamarse BeLive City Center Madrid Santo Domingo. El acuerdo ha sido rubricado por Juan Jos\u00e9 Hidalgo, presidente del grupo Globalia, y Antonio M\u00aa N\u00fa\u00f1ez Tirado, presidente de","twitter:creator":"@nbasturias","twitter:image":"https:\/\/candas365.es\/noticias\/wp-content\/uploads\/2014\/11\/2062-34.jpg","twitter:label1":"Escrito por","twitter:data1":"Cand\u00e1s 365","twitter:label2":"Tiempo de lectura estimado","twitter:data2":"2 minutos"},"aioseo_meta_data":{"post_id":"4917","title":null,"description":null,"keywords":null,"keyphrases":null,"primary_term":null,"canonical_url":null,"og_title":null,"og_description":null,"og_object_type":"default","og_image_type":"default","og_image_url":null,"og_image_width":null,"og_image_height":null,"og_image_custom_url":null,"og_image_custom_fields":null,"og_video":null,"og_custom_url":null,"og_article_section":null,"og_article_tags":null,"twitter_use_og":false,"twitter_card":"default","twitter_image_type":"default","twitter_image_url":null,"twitter_image_custom_url":null,"twitter_image_custom_fields":null,"twitter_title":null,"twitter_description":null,"schema":{"blockGraphs":[],"customGraphs":[],"default":{"data":{"Article":[],"Course":[],"Dataset":[],"FAQPage":[],"Movie":[],"Person":[],"Product":[],"ProductReview":[],"Car":[],"Recipe":[],"Service":[],"SoftwareApplication":[],"WebPage":[]},"graphName":"","isEnabled":true},"graphs":[],"defaultGraph":"","defaultPostTypeGraph":""},"schema_type":null,"schema_type_options":null,"pillar_content":false,"robots_default":true,"robots_noindex":false,"robots_noarchive":false,"robots_nosnippet":false,"robots_nofollow":false,"robots_noimageindex":false,"robots_noodp":false,"robots_notranslate":false,"robots_max_snippet":null,"robots_max_videopreview":null,"robots_max_imagepreview":"large","priority":null,"frequency":null,"location":null,"local_seo":null,"seo_analyzer_scan_date":"2025-08-23 02:10:34","breadcrumb_settings":null,"limit_modified_date":false,"reviewed_by":null,"open_ai":null,"ai":null,"created":"2020-12-21 10:49:31","updated":"2025-08-23 02:10:34"},"aioseo_breadcrumb":"<div class=\"aioseo-breadcrumbs\"><span class=\"aioseo-breadcrumb\">\n\t<a href=\"https:\/\/candas365.es\/noticias\" title=\"Home\">Home<\/a>\n<\/span><span class=\"aioseo-breadcrumb-separator\">&ndash;<\/span><span class=\"aioseo-breadcrumb\">\n\t<a href=\"https:\/\/candas365.es\/noticias\/category\/actualidad\/\" title=\"Actualidad\">Actualidad<\/a>\n<\/span><span class=\"aioseo-breadcrumb-separator\">&ndash;<\/span><span class=\"aioseo-breadcrumb\">\n\tBeLive incorpora su primer hotel en el centro de Madrid\u200f\n<\/span><\/div>","aioseo_breadcrumb_json":[{"label":"Home","link":"https:\/\/candas365.es\/noticias"},{"label":"Actualidad","link":"https:\/\/candas365.es\/noticias\/category\/actualidad\/"},{"label":"BeLive incorpora su primer hotel en el centro de Madrid\u200f","link":"https:\/\/candas365.es\/noticias\/belive-incorpora-su-primer-hotel-en-el-centro-de-madrid%e2%80%8f\/"}],"_links":{"self":[{"href":"https:\/\/candas365.es\/noticias\/wp-json\/wp\/v2\/posts\/4917","targetHints":{"allow":["GET"]}}],"collection":[{"href":"https:\/\/candas365.es\/noticias\/wp-json\/wp\/v2\/posts"}],"about":[{"href":"https:\/\/candas365.es\/noticias\/wp-json\/wp\/v2\/types\/post"}],"author":[{"embeddable":true,"href":"https:\/\/candas365.es\/noticias\/wp-json\/wp\/v2\/users\/1"}],"replies":[{"embeddable":true,"href":"https:\/\/candas365.es\/noticias\/wp-json\/wp\/v2\/comments?post=4917"}],"version-history":[{"count":0,"href":"https:\/\/candas365.es\/noticias\/wp-json\/wp\/v2\/posts\/4917\/revisions"}],"wp:featuredmedia":[{"embeddable":true,"href":"https:\/\/candas365.es\/noticias\/wp-json\/wp\/v2\/media\/4918"}],"wp:attachment":[{"href":"https:\/\/candas365.es\/noticias\/wp-json\/wp\/v2\/media?parent=4917"}],"wp:term":[{"taxonomy":"category","embeddable":true,"href":"https:\/\/candas365.es\/noticias\/wp-json\/wp\/v2\/categories?post=4917"},{"taxonomy":"post_tag","embeddable":true,"href":"https:\/\/candas365.es\/noticias\/wp-json\/wp\/v2\/tags?post=4917"}],"curies":[{"name":"wp","href":"https:\/\/api.w.org\/{rel}","templated":true}]}}