{"id":4906,"date":"2014-11-04T15:32:58","date_gmt":"2014-11-04T17:32:58","guid":{"rendered":"http:\/\/candas365.es\/noticias\/?p=4906"},"modified":"2014-11-04T15:32:58","modified_gmt":"2014-11-04T17:32:58","slug":"mallorca-acoge-un-ano-mas-su-tradicional-torneo-de-golf-globalia-legalitas%e2%80%8f","status":"publish","type":"post","link":"https:\/\/candas365.es\/noticias\/mallorca-acoge-un-ano-mas-su-tradicional-torneo-de-golf-globalia-legalitas%e2%80%8f\/","title":{"rendered":"Mallorca acoge un a\u00f1o m\u00e1s su tradicional \u00abTorneo de Golf Globalia Leg\u00e1litas\u00bb\u200f"},"content":{"rendered":"<p><img fetchpriority=\"high\" decoding=\"async\" class=\"alignleft size-medium wp-image-4907\" src=\"https:\/\/candas365.es\/noticias\/wp-content\/uploads\/2014\/11\/Legalitas_-0001-360x240.jpg\" alt=\"Legalitas_ 0001\" width=\"360\" height=\"240\" srcset=\"https:\/\/candas365.es\/noticias\/wp-content\/uploads\/2014\/11\/Legalitas_-0001-360x240.jpg 360w, https:\/\/candas365.es\/noticias\/wp-content\/uploads\/2014\/11\/Legalitas_-0001-650x434.jpg 650w, https:\/\/candas365.es\/noticias\/wp-content\/uploads\/2014\/11\/Legalitas_-0001-768x513.jpg 768w, https:\/\/candas365.es\/noticias\/wp-content\/uploads\/2014\/11\/Legalitas_-0001-1536x1025.jpg 1536w, https:\/\/candas365.es\/noticias\/wp-content\/uploads\/2014\/11\/Legalitas_-0001-2048x1367.jpg 2048w, https:\/\/candas365.es\/noticias\/wp-content\/uploads\/2014\/11\/Legalitas_-0001-150x100.jpg 150w, https:\/\/candas365.es\/noticias\/wp-content\/uploads\/2014\/11\/Legalitas_-0001-450x300.jpg 450w, https:\/\/candas365.es\/noticias\/wp-content\/uploads\/2014\/11\/Legalitas_-0001-1200x801.jpg 1200w, https:\/\/candas365.es\/noticias\/wp-content\/uploads\/2014\/11\/Legalitas_-0001-1920x1282.jpg 1920w, https:\/\/candas365.es\/noticias\/wp-content\/uploads\/2014\/11\/Legalitas_-0001-655x437.jpg 655w, https:\/\/candas365.es\/noticias\/wp-content\/uploads\/2014\/11\/Legalitas_-0001-696x465.jpg 696w, https:\/\/candas365.es\/noticias\/wp-content\/uploads\/2014\/11\/Legalitas_-0001-1068x713.jpg 1068w, https:\/\/candas365.es\/noticias\/wp-content\/uploads\/2014\/11\/Legalitas_-0001-629x420.jpg 629w, https:\/\/candas365.es\/noticias\/wp-content\/uploads\/2014\/11\/Legalitas_-0001-84x55.jpg 84w\" sizes=\"(max-width: 360px) 100vw, 360px\" \/>El campo de Golf Maioris-AirEuropa acoger\u00e1 el pr\u00f3ximo viernes 7 de noviembre el Torneo de Golf Globalia Leg\u00e1litas, una tradicional cita deportiva y social convertida en referente de la isla.<\/p>\n<p>Leg\u00e1litas y Globalia participan de manera activa en un evento deportivo que contar\u00e1 con la presencia de 90 jugadores, todos ellos representantes de diferentes sectores empresariales, que competir\u00e1n en dos categor\u00edas bajo la modalidad Individual Stableford.<\/p>\n<p>A lo largo de un recorrido de 18 hoyos y en en el mejor campo de golf de Palma de Mallorca, los jugadores podr\u00e1n disfrutar de una agradable jornada que dar\u00e1 comienzo a las 9:00 horas del viernes, tras recibir la bienvenida por parte del equipo de Air Europa. Posteriormente, los participantes realizar\u00e1n la inscripci\u00f3n y recibir\u00e1n las instrucciones para el uso del sistema de puntuaci\u00f3n. En el desarrollo del torneo, se aplicar\u00e1n las reglas de la Real Federaci\u00f3n Espa\u00f1ola de Golf, siendo el Comit\u00e9 de Competici\u00f3n del Club y la Organizaci\u00f3n, quienes resuelvan cualquier controversia que pudiera presentarse durante el mismo.<\/p>\n<p>Al finalizar la competici\u00f3n, en la Casa Club, se celebrar\u00e1 la correspondiente entrega de trofeos y premios especiales: \u201cBola m\u00e1s cerca\u201d, \u201cBola m\u00e1s larga\u201d, Premio: \u201c\u00a1Yo gan\u00e9 al Pro!\u201d y Premio especial: \u201cHole in one\u201d.<\/p>\n<p>Los jugadores pasar\u00e1n as\u00ed una jornada de ocio y deporte, sin dejar de lado una sana competici\u00f3n, que contar\u00e1 con la retransmisi\u00f3n de Canal+.<\/p>\n<p>Con este evento deportivo Leg\u00e1litas y Globalia estrechan m\u00e1s su relaci\u00f3n, organizando de manera conjunta diversas actividades dirigidas a diferentes colectivos de clientes. Hace un mes presentaron el acuerdo que permite a m\u00e1s de un mill\u00f3n de viajeros de Air Europa acceder a los servicios de Leg\u00e1litas, mediante productos jur\u00eddicos comercializados a trav\u00e9s de la red de oficinas de Halc\u00f3n y Ecuador, as\u00ed como a bordo de su flota de aeronaves. El acuerdo se plasm\u00f3 visualmente en un Boeing 737-800 de Air Europa, que luce desde entonces en su fuselaje el logotipo del despacho de abogados.<\/p>\n","protected":false},"excerpt":{"rendered":"<p>El campo de Golf Maioris-AirEuropa acoger\u00e1 el pr\u00f3ximo viernes 7 de noviembre el Torneo de Golf Globalia Leg\u00e1litas, una tradicional cita deportiva y social convertida en referente de la isla. Leg\u00e1litas y Globalia participan de manera activa en un evento deportivo que contar\u00e1 con la presencia de 90 jugadores, todos ellos representantes de diferentes sectores<\/p>\n","protected":false},"author":1,"featured_media":4907,"comment_status":"closed","ping_status":"closed","sticky":false,"template":"","format":"standard","meta":{"footnotes":""},"categories":[343],"tags":[],"class_list":{"0":"post-4906","1":"post","2":"type-post","3":"status-publish","4":"format-standard","5":"has-post-thumbnail","7":"category-actualidad"},"aioseo_notices":[],"aioseo_head":"\n\t\t<!-- All in One SEO Pro 4.9.6.2 - aioseo.com -->\n\t<meta name=\"description\" content=\"El campo de Golf Maioris-AirEuropa acoger\u00e1 el pr\u00f3ximo viernes 7 de noviembre el Torneo de Golf Globalia Leg\u00e1litas, una tradicional cita deportiva y social convertida en referente de la isla. Leg\u00e1litas y Globalia participan de manera activa en un evento deportivo que contar\u00e1 con la presencia de 90 jugadores, todos ellos representantes de diferentes sectores\" \/>\n\t<meta name=\"robots\" content=\"max-image-preview:large\" \/>\n\t<meta name=\"author\" content=\"Cand\u00e1s 365\"\/>\n\t<meta name=\"google-site-verification\" content=\"UA-32230408-1\" \/>\n\t<meta name=\"msvalidate.01\" content=\"354F3CDFB2DA171B47FBE9ABF1F88D5\" \/>\n\t<meta name=\"keywords\" content=\"actualidad\" \/>\n\t<link rel=\"canonical\" href=\"https:\/\/candas365.es\/noticias\/mallorca-acoge-un-ano-mas-su-tradicional-torneo-de-golf-globalia-legalitas%e2%80%8f\/\" \/>\n\t<meta name=\"generator\" content=\"All in One SEO Pro (AIOSEO) 4.9.6.2\" \/>\n\t\t<meta property=\"og:locale\" content=\"es_ES\" \/>\n\t\t<meta property=\"og:site_name\" content=\"Cand\u00e1s 365\" \/>\n\t\t<meta property=\"og:type\" content=\"article\" \/>\n\t\t<meta property=\"og:title\" content=\"Mallorca acoge un a\u00f1o m\u00e1s su tradicional \u00abTorneo de Golf Globalia Leg\u00e1litas\u00bb\u200f | Cand\u00e1s 365\" \/>\n\t\t<meta property=\"og:description\" content=\"El campo de Golf Maioris-AirEuropa acoger\u00e1 el pr\u00f3ximo viernes 7 de noviembre el Torneo de Golf Globalia Leg\u00e1litas, una tradicional cita deportiva y social convertida en referente de la isla. Leg\u00e1litas y Globalia participan de manera activa en un evento deportivo que contar\u00e1 con la presencia de 90 jugadores, todos ellos representantes de diferentes sectores\" \/>\n\t\t<meta property=\"og:url\" content=\"https:\/\/candas365.es\/noticias\/mallorca-acoge-un-ano-mas-su-tradicional-torneo-de-golf-globalia-legalitas%e2%80%8f\/\" \/>\n\t\t<meta property=\"og:image\" content=\"https:\/\/candas365.es\/noticias\/wp-content\/uploads\/2014\/11\/Legalitas_-0001-scaled.jpg\" \/>\n\t\t<meta property=\"og:image:secure_url\" content=\"https:\/\/candas365.es\/noticias\/wp-content\/uploads\/2014\/11\/Legalitas_-0001-scaled.jpg\" \/>\n\t\t<meta property=\"og:image:width\" content=\"2560\" \/>\n\t\t<meta property=\"og:image:height\" content=\"1709\" \/>\n\t\t<meta property=\"article:published_time\" content=\"2014-11-04T17:32:58+00:00\" \/>\n\t\t<meta property=\"article:modified_time\" content=\"2014-11-04T17:32:58+00:00\" \/>\n\t\t<meta property=\"article:publisher\" content=\"https:\/\/www.facebook.com\/Nachofdezber\" \/>\n\t\t<meta property=\"article:author\" content=\"https:\/\/www.facebook.com\/carrenoactualidad\" \/>\n\t\t<meta name=\"twitter:card\" content=\"summary_large_image\" \/>\n\t\t<meta name=\"twitter:site\" content=\"@NabercoDigital\" \/>\n\t\t<meta name=\"twitter:title\" content=\"Mallorca acoge un a\u00f1o m\u00e1s su tradicional \u00abTorneo de Golf Globalia Leg\u00e1litas\u00bb\u200f | Cand\u00e1s 365\" \/>\n\t\t<meta name=\"twitter:description\" content=\"El campo de Golf Maioris-AirEuropa acoger\u00e1 el pr\u00f3ximo viernes 7 de noviembre el Torneo de Golf Globalia Leg\u00e1litas, una tradicional cita deportiva y social convertida en referente de la isla. Leg\u00e1litas y Globalia participan de manera activa en un evento deportivo que contar\u00e1 con la presencia de 90 jugadores, todos ellos representantes de diferentes sectores\" \/>\n\t\t<meta name=\"twitter:creator\" content=\"@nbasturias\" \/>\n\t\t<meta name=\"twitter:image\" content=\"https:\/\/candas365.es\/noticias\/wp-content\/uploads\/2014\/11\/Legalitas_-0001-scaled.jpg\" \/>\n\t\t<meta name=\"twitter:label1\" content=\"Escrito por\" \/>\n\t\t<meta name=\"twitter:data1\" content=\"Cand\u00e1s 365\" \/>\n\t\t<meta name=\"twitter:label2\" content=\"Tiempo de lectura estimado\" \/>\n\t\t<meta name=\"twitter:data2\" content=\"2 minutos\" \/>\n\t\t<script type=\"application\/ld+json\" class=\"aioseo-schema\">\n\t\t\t{\"@context\":\"https:\\\/\\\/schema.org\",\"@graph\":[{\"@type\":\"BreadcrumbList\",\"@id\":\"https:\\\/\\\/candas365.es\\\/noticias\\\/mallorca-acoge-un-ano-mas-su-tradicional-torneo-de-golf-globalia-legalitas%e2%80%8f\\\/#breadcrumblist\",\"itemListElement\":[{\"@type\":\"ListItem\",\"@id\":\"https:\\\/\\\/candas365.es\\\/noticias#listItem\",\"position\":1,\"name\":\"Home\",\"item\":\"https:\\\/\\\/candas365.es\\\/noticias\",\"nextItem\":{\"@type\":\"ListItem\",\"@id\":\"https:\\\/\\\/candas365.es\\\/noticias\\\/category\\\/actualidad\\\/#listItem\",\"name\":\"Actualidad\"}},{\"@type\":\"ListItem\",\"@id\":\"https:\\\/\\\/candas365.es\\\/noticias\\\/category\\\/actualidad\\\/#listItem\",\"position\":2,\"name\":\"Actualidad\",\"item\":\"https:\\\/\\\/candas365.es\\\/noticias\\\/category\\\/actualidad\\\/\",\"nextItem\":{\"@type\":\"ListItem\",\"@id\":\"https:\\\/\\\/candas365.es\\\/noticias\\\/mallorca-acoge-un-ano-mas-su-tradicional-torneo-de-golf-globalia-legalitas%e2%80%8f\\\/#listItem\",\"name\":\"Mallorca acoge un a\\u00f1o m\\u00e1s su tradicional \\u00abTorneo de Golf Globalia Leg\\u00e1litas\\u00bb\\u200f\"},\"previousItem\":{\"@type\":\"ListItem\",\"@id\":\"https:\\\/\\\/candas365.es\\\/noticias#listItem\",\"name\":\"Home\"}},{\"@type\":\"ListItem\",\"@id\":\"https:\\\/\\\/candas365.es\\\/noticias\\\/mallorca-acoge-un-ano-mas-su-tradicional-torneo-de-golf-globalia-legalitas%e2%80%8f\\\/#listItem\",\"position\":3,\"name\":\"Mallorca acoge un a\\u00f1o m\\u00e1s su tradicional \\u00abTorneo de Golf Globalia Leg\\u00e1litas\\u00bb\\u200f\",\"previousItem\":{\"@type\":\"ListItem\",\"@id\":\"https:\\\/\\\/candas365.es\\\/noticias\\\/category\\\/actualidad\\\/#listItem\",\"name\":\"Actualidad\"}}]},{\"@type\":\"NewsArticle\",\"@id\":\"https:\\\/\\\/candas365.es\\\/noticias\\\/mallorca-acoge-un-ano-mas-su-tradicional-torneo-de-golf-globalia-legalitas%e2%80%8f\\\/#newsarticle\",\"name\":\"Mallorca acoge un a\\u00f1o m\\u00e1s su tradicional \\u00abTorneo de Golf Globalia Leg\\u00e1litas\\u00bb\\u200f | Cand\\u00e1s 365\",\"headline\":\"Mallorca acoge un a\\u00f1o m\\u00e1s su tradicional \\u00abTorneo de Golf Globalia Leg\\u00e1litas\\u00bb\\u200f\",\"author\":{\"@id\":\"https:\\\/\\\/candas365.es\\\/noticias\\\/author\\\/admin\\\/#author\"},\"publisher\":{\"@id\":\"https:\\\/\\\/candas365.es\\\/noticias\\\/#organization\"},\"image\":{\"@type\":\"ImageObject\",\"url\":\"https:\\\/\\\/candas365.es\\\/noticias\\\/wp-content\\\/uploads\\\/2014\\\/11\\\/Legalitas_-0001-scaled.jpg\",\"width\":2560,\"height\":1709},\"datePublished\":\"2014-11-04T15:32:58+01:00\",\"dateModified\":\"2014-11-04T15:32:58+01:00\",\"inLanguage\":\"es-ES\",\"mainEntityOfPage\":{\"@id\":\"https:\\\/\\\/candas365.es\\\/noticias\\\/mallorca-acoge-un-ano-mas-su-tradicional-torneo-de-golf-globalia-legalitas%e2%80%8f\\\/#webpage\"},\"isPartOf\":{\"@id\":\"https:\\\/\\\/candas365.es\\\/noticias\\\/mallorca-acoge-un-ano-mas-su-tradicional-torneo-de-golf-globalia-legalitas%e2%80%8f\\\/#webpage\"},\"articleSection\":\"Actualidad\",\"dateline\":\"Publicado el noviembre 4, 2014.\"},{\"@type\":\"Organization\",\"@id\":\"https:\\\/\\\/candas365.es\\\/noticias\\\/#organization\",\"name\":\"Cand\\u00e1s 365\",\"description\":\"Cand\\u00e1s 365 es un diario digital independiente, fundado en 2012, con base en Asturias. Informamos con rigor sobre actualidad, sociedad, cultura y ocio, con una mirada local y global.\",\"url\":\"https:\\\/\\\/candas365.es\\\/noticias\\\/\",\"email\":\"info@candas365.es\",\"telephone\":\"+34652131393\",\"foundingDate\":\"2012-06-10\",\"logo\":{\"@type\":\"ImageObject\",\"url\":\"https:\\\/\\\/candas365.es\\\/noticias\\\/wp-content\\\/uploads\\\/2024\\\/09\\\/Candas-365-Redes.jpg\",\"@id\":\"https:\\\/\\\/candas365.es\\\/noticias\\\/mallorca-acoge-un-ano-mas-su-tradicional-torneo-de-golf-globalia-legalitas%e2%80%8f\\\/#organizationLogo\",\"width\":1152,\"height\":864,\"caption\":\"Cand\\u00e1s 365 Redes\"},\"image\":{\"@id\":\"https:\\\/\\\/candas365.es\\\/noticias\\\/mallorca-acoge-un-ano-mas-su-tradicional-torneo-de-golf-globalia-legalitas%e2%80%8f\\\/#organizationLogo\"},\"sameAs\":[\"https:\\\/\\\/www.facebook.com\\\/Nachofdezber\",\"https:\\\/\\\/x.com\\\/NabercoDigital\",\"https:\\\/\\\/www.instagram.com\\\/nachofdezber\\\/\",\"https:\\\/\\\/www.youtube.com\\\/channel\\\/UCZP-2wLEB9Rv6erhFmqVnvg\"],\"address\":{\"@id\":\"https:\\\/\\\/candas365.es\\\/noticias\\\/#postaladdress\",\"@type\":\"PostalAddress\",\"streetAddress\":\"san antonio 4, san antonio 4\",\"postalCode\":\"33430\",\"addressLocality\":\"Cand\\u00e1s\",\"addressRegion\":\"Asturias\",\"addressCountry\":\"ES\"}},{\"@type\":\"Person\",\"@id\":\"https:\\\/\\\/candas365.es\\\/noticias\\\/author\\\/admin\\\/#author\",\"url\":\"https:\\\/\\\/candas365.es\\\/noticias\\\/author\\\/admin\\\/\",\"name\":\"Cand\\u00e1s 365\",\"image\":{\"@type\":\"ImageObject\",\"@id\":\"https:\\\/\\\/candas365.es\\\/noticias\\\/mallorca-acoge-un-ano-mas-su-tradicional-torneo-de-golf-globalia-legalitas%e2%80%8f\\\/#authorImage\",\"url\":\"https:\\\/\\\/secure.gravatar.com\\\/avatar\\\/496a8e03d0c493ede1718b7934145dbdf8d89be1036b0eec9544e1094c9de390?s=96&d=mm&r=g\",\"width\":96,\"height\":96,\"caption\":\"Cand\\u00e1s 365\"},\"sameAs\":[\"https:\\\/\\\/www.facebook.com\\\/carrenoactualidad\",\"https:\\\/\\\/twitter.com\\\/nbasturias\",\"https:\\\/\\\/www.instagram.com\\\/nachofdezber\\\/\",\"https:\\\/\\\/www.youtube.com\\\/channel\\\/UCZP-2wLEB9Rv6erhFmqVnvg\"]},{\"@type\":\"WebPage\",\"@id\":\"https:\\\/\\\/candas365.es\\\/noticias\\\/mallorca-acoge-un-ano-mas-su-tradicional-torneo-de-golf-globalia-legalitas%e2%80%8f\\\/#webpage\",\"url\":\"https:\\\/\\\/candas365.es\\\/noticias\\\/mallorca-acoge-un-ano-mas-su-tradicional-torneo-de-golf-globalia-legalitas%e2%80%8f\\\/\",\"name\":\"Mallorca acoge un a\\u00f1o m\\u00e1s su tradicional \\u00abTorneo de Golf Globalia Leg\\u00e1litas\\u00bb\\u200f | Cand\\u00e1s 365\",\"description\":\"El campo de Golf Maioris-AirEuropa acoger\\u00e1 el pr\\u00f3ximo viernes 7 de noviembre el Torneo de Golf Globalia Leg\\u00e1litas, una tradicional cita deportiva y social convertida en referente de la isla. Leg\\u00e1litas y Globalia participan de manera activa en un evento deportivo que contar\\u00e1 con la presencia de 90 jugadores, todos ellos representantes de diferentes sectores\",\"inLanguage\":\"es-ES\",\"isPartOf\":{\"@id\":\"https:\\\/\\\/candas365.es\\\/noticias\\\/#website\"},\"breadcrumb\":{\"@id\":\"https:\\\/\\\/candas365.es\\\/noticias\\\/mallorca-acoge-un-ano-mas-su-tradicional-torneo-de-golf-globalia-legalitas%e2%80%8f\\\/#breadcrumblist\"},\"author\":{\"@id\":\"https:\\\/\\\/candas365.es\\\/noticias\\\/author\\\/admin\\\/#author\"},\"creator\":{\"@id\":\"https:\\\/\\\/candas365.es\\\/noticias\\\/author\\\/admin\\\/#author\"},\"image\":{\"@type\":\"ImageObject\",\"url\":\"https:\\\/\\\/candas365.es\\\/noticias\\\/wp-content\\\/uploads\\\/2014\\\/11\\\/Legalitas_-0001-scaled.jpg\",\"@id\":\"https:\\\/\\\/candas365.es\\\/noticias\\\/mallorca-acoge-un-ano-mas-su-tradicional-torneo-de-golf-globalia-legalitas%e2%80%8f\\\/#mainImage\",\"width\":2560,\"height\":1709},\"primaryImageOfPage\":{\"@id\":\"https:\\\/\\\/candas365.es\\\/noticias\\\/mallorca-acoge-un-ano-mas-su-tradicional-torneo-de-golf-globalia-legalitas%e2%80%8f\\\/#mainImage\"},\"datePublished\":\"2014-11-04T15:32:58+01:00\",\"dateModified\":\"2014-11-04T15:32:58+01:00\"},{\"@type\":\"WebSite\",\"@id\":\"https:\\\/\\\/candas365.es\\\/noticias\\\/#website\",\"url\":\"https:\\\/\\\/candas365.es\\\/noticias\\\/\",\"name\":\"Cand\\u00e1s 365\",\"alternateName\":\"Cand\\u00e1s 365 Noticias\",\"description\":\"Actualidad desde Carre\\u00f1o para el mundo\",\"inLanguage\":\"es-ES\",\"publisher\":{\"@id\":\"https:\\\/\\\/candas365.es\\\/noticias\\\/#organization\"}}]}\n\t\t<\/script>\n\t\t<!-- All in One SEO Pro -->\r\n\t\t<title>Mallorca acoge un a\u00f1o m\u00e1s su tradicional \u00abTorneo de Golf Globalia Leg\u00e1litas\u00bb\u200f | Cand\u00e1s 365<\/title>\n\n","aioseo_head_json":{"title":"Mallorca acoge un a\u00f1o m\u00e1s su tradicional \u00abTorneo de Golf Globalia Leg\u00e1litas\u00bb\u200f | Cand\u00e1s 365","description":"El campo de Golf Maioris-AirEuropa acoger\u00e1 el pr\u00f3ximo viernes 7 de noviembre el Torneo de Golf Globalia Leg\u00e1litas, una tradicional cita deportiva y social convertida en referente de la isla. Leg\u00e1litas y Globalia participan de manera activa en un evento deportivo que contar\u00e1 con la presencia de 90 jugadores, todos ellos representantes de diferentes sectores","canonical_url":"https:\/\/candas365.es\/noticias\/mallorca-acoge-un-ano-mas-su-tradicional-torneo-de-golf-globalia-legalitas%e2%80%8f\/","robots":"max-image-preview:large","keywords":"actualidad","webmasterTools":{"google-site-verification":"UA-32230408-1","msvalidate.01":"354F3CDFB2DA171B47FBE9ABF1F88D5","miscellaneous":""},"schema":{"@context":"https:\/\/schema.org","@graph":[{"@type":"BreadcrumbList","@id":"https:\/\/candas365.es\/noticias\/mallorca-acoge-un-ano-mas-su-tradicional-torneo-de-golf-globalia-legalitas%e2%80%8f\/#breadcrumblist","itemListElement":[{"@type":"ListItem","@id":"https:\/\/candas365.es\/noticias#listItem","position":1,"name":"Home","item":"https:\/\/candas365.es\/noticias","nextItem":{"@type":"ListItem","@id":"https:\/\/candas365.es\/noticias\/category\/actualidad\/#listItem","name":"Actualidad"}},{"@type":"ListItem","@id":"https:\/\/candas365.es\/noticias\/category\/actualidad\/#listItem","position":2,"name":"Actualidad","item":"https:\/\/candas365.es\/noticias\/category\/actualidad\/","nextItem":{"@type":"ListItem","@id":"https:\/\/candas365.es\/noticias\/mallorca-acoge-un-ano-mas-su-tradicional-torneo-de-golf-globalia-legalitas%e2%80%8f\/#listItem","name":"Mallorca acoge un a\u00f1o m\u00e1s su tradicional \u00abTorneo de Golf Globalia Leg\u00e1litas\u00bb\u200f"},"previousItem":{"@type":"ListItem","@id":"https:\/\/candas365.es\/noticias#listItem","name":"Home"}},{"@type":"ListItem","@id":"https:\/\/candas365.es\/noticias\/mallorca-acoge-un-ano-mas-su-tradicional-torneo-de-golf-globalia-legalitas%e2%80%8f\/#listItem","position":3,"name":"Mallorca acoge un a\u00f1o m\u00e1s su tradicional \u00abTorneo de Golf Globalia Leg\u00e1litas\u00bb\u200f","previousItem":{"@type":"ListItem","@id":"https:\/\/candas365.es\/noticias\/category\/actualidad\/#listItem","name":"Actualidad"}}]},{"@type":"NewsArticle","@id":"https:\/\/candas365.es\/noticias\/mallorca-acoge-un-ano-mas-su-tradicional-torneo-de-golf-globalia-legalitas%e2%80%8f\/#newsarticle","name":"Mallorca acoge un a\u00f1o m\u00e1s su tradicional \u00abTorneo de Golf Globalia Leg\u00e1litas\u00bb\u200f | Cand\u00e1s 365","headline":"Mallorca acoge un a\u00f1o m\u00e1s su tradicional \u00abTorneo de Golf Globalia Leg\u00e1litas\u00bb\u200f","author":{"@id":"https:\/\/candas365.es\/noticias\/author\/admin\/#author"},"publisher":{"@id":"https:\/\/candas365.es\/noticias\/#organization"},"image":{"@type":"ImageObject","url":"https:\/\/candas365.es\/noticias\/wp-content\/uploads\/2014\/11\/Legalitas_-0001-scaled.jpg","width":2560,"height":1709},"datePublished":"2014-11-04T15:32:58+01:00","dateModified":"2014-11-04T15:32:58+01:00","inLanguage":"es-ES","mainEntityOfPage":{"@id":"https:\/\/candas365.es\/noticias\/mallorca-acoge-un-ano-mas-su-tradicional-torneo-de-golf-globalia-legalitas%e2%80%8f\/#webpage"},"isPartOf":{"@id":"https:\/\/candas365.es\/noticias\/mallorca-acoge-un-ano-mas-su-tradicional-torneo-de-golf-globalia-legalitas%e2%80%8f\/#webpage"},"articleSection":"Actualidad","dateline":"Publicado el noviembre 4, 2014."},{"@type":"Organization","@id":"https:\/\/candas365.es\/noticias\/#organization","name":"Cand\u00e1s 365","description":"Cand\u00e1s 365 es un diario digital independiente, fundado en 2012, con base en Asturias. Informamos con rigor sobre actualidad, sociedad, cultura y ocio, con una mirada local y global.","url":"https:\/\/candas365.es\/noticias\/","email":"info@candas365.es","telephone":"+34652131393","foundingDate":"2012-06-10","logo":{"@type":"ImageObject","url":"https:\/\/candas365.es\/noticias\/wp-content\/uploads\/2024\/09\/Candas-365-Redes.jpg","@id":"https:\/\/candas365.es\/noticias\/mallorca-acoge-un-ano-mas-su-tradicional-torneo-de-golf-globalia-legalitas%e2%80%8f\/#organizationLogo","width":1152,"height":864,"caption":"Cand\u00e1s 365 Redes"},"image":{"@id":"https:\/\/candas365.es\/noticias\/mallorca-acoge-un-ano-mas-su-tradicional-torneo-de-golf-globalia-legalitas%e2%80%8f\/#organizationLogo"},"sameAs":["https:\/\/www.facebook.com\/Nachofdezber","https:\/\/x.com\/NabercoDigital","https:\/\/www.instagram.com\/nachofdezber\/","https:\/\/www.youtube.com\/channel\/UCZP-2wLEB9Rv6erhFmqVnvg"],"address":{"@id":"https:\/\/candas365.es\/noticias\/#postaladdress","@type":"PostalAddress","streetAddress":"san antonio 4, san antonio 4","postalCode":"33430","addressLocality":"Cand\u00e1s","addressRegion":"Asturias","addressCountry":"ES"}},{"@type":"Person","@id":"https:\/\/candas365.es\/noticias\/author\/admin\/#author","url":"https:\/\/candas365.es\/noticias\/author\/admin\/","name":"Cand\u00e1s 365","image":{"@type":"ImageObject","@id":"https:\/\/candas365.es\/noticias\/mallorca-acoge-un-ano-mas-su-tradicional-torneo-de-golf-globalia-legalitas%e2%80%8f\/#authorImage","url":"https:\/\/secure.gravatar.com\/avatar\/496a8e03d0c493ede1718b7934145dbdf8d89be1036b0eec9544e1094c9de390?s=96&d=mm&r=g","width":96,"height":96,"caption":"Cand\u00e1s 365"},"sameAs":["https:\/\/www.facebook.com\/carrenoactualidad","https:\/\/twitter.com\/nbasturias","https:\/\/www.instagram.com\/nachofdezber\/","https:\/\/www.youtube.com\/channel\/UCZP-2wLEB9Rv6erhFmqVnvg"]},{"@type":"WebPage","@id":"https:\/\/candas365.es\/noticias\/mallorca-acoge-un-ano-mas-su-tradicional-torneo-de-golf-globalia-legalitas%e2%80%8f\/#webpage","url":"https:\/\/candas365.es\/noticias\/mallorca-acoge-un-ano-mas-su-tradicional-torneo-de-golf-globalia-legalitas%e2%80%8f\/","name":"Mallorca acoge un a\u00f1o m\u00e1s su tradicional \u00abTorneo de Golf Globalia Leg\u00e1litas\u00bb\u200f | Cand\u00e1s 365","description":"El campo de Golf Maioris-AirEuropa acoger\u00e1 el pr\u00f3ximo viernes 7 de noviembre el Torneo de Golf Globalia Leg\u00e1litas, una tradicional cita deportiva y social convertida en referente de la isla. Leg\u00e1litas y Globalia participan de manera activa en un evento deportivo que contar\u00e1 con la presencia de 90 jugadores, todos ellos representantes de diferentes sectores","inLanguage":"es-ES","isPartOf":{"@id":"https:\/\/candas365.es\/noticias\/#website"},"breadcrumb":{"@id":"https:\/\/candas365.es\/noticias\/mallorca-acoge-un-ano-mas-su-tradicional-torneo-de-golf-globalia-legalitas%e2%80%8f\/#breadcrumblist"},"author":{"@id":"https:\/\/candas365.es\/noticias\/author\/admin\/#author"},"creator":{"@id":"https:\/\/candas365.es\/noticias\/author\/admin\/#author"},"image":{"@type":"ImageObject","url":"https:\/\/candas365.es\/noticias\/wp-content\/uploads\/2014\/11\/Legalitas_-0001-scaled.jpg","@id":"https:\/\/candas365.es\/noticias\/mallorca-acoge-un-ano-mas-su-tradicional-torneo-de-golf-globalia-legalitas%e2%80%8f\/#mainImage","width":2560,"height":1709},"primaryImageOfPage":{"@id":"https:\/\/candas365.es\/noticias\/mallorca-acoge-un-ano-mas-su-tradicional-torneo-de-golf-globalia-legalitas%e2%80%8f\/#mainImage"},"datePublished":"2014-11-04T15:32:58+01:00","dateModified":"2014-11-04T15:32:58+01:00"},{"@type":"WebSite","@id":"https:\/\/candas365.es\/noticias\/#website","url":"https:\/\/candas365.es\/noticias\/","name":"Cand\u00e1s 365","alternateName":"Cand\u00e1s 365 Noticias","description":"Actualidad desde Carre\u00f1o para el mundo","inLanguage":"es-ES","publisher":{"@id":"https:\/\/candas365.es\/noticias\/#organization"}}]},"og:locale":"es_ES","og:site_name":"Cand\u00e1s 365","og:type":"article","og:title":"Mallorca acoge un a\u00f1o m\u00e1s su tradicional \u00abTorneo de Golf Globalia Leg\u00e1litas\u00bb\u200f | Cand\u00e1s 365","og:description":"El campo de Golf Maioris-AirEuropa acoger\u00e1 el pr\u00f3ximo viernes 7 de noviembre el Torneo de Golf Globalia Leg\u00e1litas, una tradicional cita deportiva y social convertida en referente de la isla. Leg\u00e1litas y Globalia participan de manera activa en un evento deportivo que contar\u00e1 con la presencia de 90 jugadores, todos ellos representantes de diferentes sectores","og:url":"https:\/\/candas365.es\/noticias\/mallorca-acoge-un-ano-mas-su-tradicional-torneo-de-golf-globalia-legalitas%e2%80%8f\/","og:image":"https:\/\/candas365.es\/noticias\/wp-content\/uploads\/2014\/11\/Legalitas_-0001-scaled.jpg","og:image:secure_url":"https:\/\/candas365.es\/noticias\/wp-content\/uploads\/2014\/11\/Legalitas_-0001-scaled.jpg","og:image:width":2560,"og:image:height":1709,"article:published_time":"2014-11-04T17:32:58+00:00","article:modified_time":"2014-11-04T17:32:58+00:00","article:publisher":"https:\/\/www.facebook.com\/Nachofdezber","article:author":"https:\/\/www.facebook.com\/carrenoactualidad","twitter:card":"summary_large_image","twitter:site":"@NabercoDigital","twitter:title":"Mallorca acoge un a\u00f1o m\u00e1s su tradicional \u00abTorneo de Golf Globalia Leg\u00e1litas\u00bb\u200f | Cand\u00e1s 365","twitter:description":"El campo de Golf Maioris-AirEuropa acoger\u00e1 el pr\u00f3ximo viernes 7 de noviembre el Torneo de Golf Globalia Leg\u00e1litas, una tradicional cita deportiva y social convertida en referente de la isla. Leg\u00e1litas y Globalia participan de manera activa en un evento deportivo que contar\u00e1 con la presencia de 90 jugadores, todos ellos representantes de diferentes sectores","twitter:creator":"@nbasturias","twitter:image":"https:\/\/candas365.es\/noticias\/wp-content\/uploads\/2014\/11\/Legalitas_-0001-scaled.jpg","twitter:label1":"Escrito por","twitter:data1":"Cand\u00e1s 365","twitter:label2":"Tiempo de lectura estimado","twitter:data2":"2 minutos"},"aioseo_meta_data":{"post_id":"4906","title":null,"description":null,"keywords":null,"keyphrases":null,"primary_term":null,"canonical_url":null,"og_title":null,"og_description":null,"og_object_type":"default","og_image_type":"default","og_image_url":null,"og_image_width":null,"og_image_height":null,"og_image_custom_url":null,"og_image_custom_fields":null,"og_video":null,"og_custom_url":null,"og_article_section":null,"og_article_tags":null,"twitter_use_og":false,"twitter_card":"default","twitter_image_type":"default","twitter_image_url":null,"twitter_image_custom_url":null,"twitter_image_custom_fields":null,"twitter_title":null,"twitter_description":null,"schema":{"blockGraphs":[],"customGraphs":[],"default":{"data":{"Article":[],"Course":[],"Dataset":[],"FAQPage":[],"Movie":[],"Person":[],"Product":[],"ProductReview":[],"Car":[],"Recipe":[],"Service":[],"SoftwareApplication":[],"WebPage":[]},"graphName":"","isEnabled":true},"graphs":[],"defaultGraph":"","defaultPostTypeGraph":""},"schema_type":null,"schema_type_options":null,"pillar_content":false,"robots_default":true,"robots_noindex":false,"robots_noarchive":false,"robots_nosnippet":false,"robots_nofollow":false,"robots_noimageindex":false,"robots_noodp":false,"robots_notranslate":false,"robots_max_snippet":null,"robots_max_videopreview":null,"robots_max_imagepreview":"large","priority":null,"frequency":null,"location":null,"local_seo":null,"seo_analyzer_scan_date":"2025-08-23 02:08:22","breadcrumb_settings":null,"limit_modified_date":false,"reviewed_by":null,"open_ai":null,"ai":null,"created":"2020-12-21 10:49:30","updated":"2025-08-23 02:08:22"},"aioseo_breadcrumb":"<div class=\"aioseo-breadcrumbs\"><span class=\"aioseo-breadcrumb\">\n\t<a href=\"https:\/\/candas365.es\/noticias\" title=\"Home\">Home<\/a>\n<\/span><span class=\"aioseo-breadcrumb-separator\">&ndash;<\/span><span class=\"aioseo-breadcrumb\">\n\t<a href=\"https:\/\/candas365.es\/noticias\/category\/actualidad\/\" title=\"Actualidad\">Actualidad<\/a>\n<\/span><span class=\"aioseo-breadcrumb-separator\">&ndash;<\/span><span class=\"aioseo-breadcrumb\">\n\tMallorca acoge un a\u00f1o m\u00e1s su tradicional \u00abTorneo de Golf Globalia Leg\u00e1litas\u00bb\u200f\n<\/span><\/div>","aioseo_breadcrumb_json":[{"label":"Home","link":"https:\/\/candas365.es\/noticias"},{"label":"Actualidad","link":"https:\/\/candas365.es\/noticias\/category\/actualidad\/"},{"label":"Mallorca acoge un a\u00f1o m\u00e1s su tradicional \u00abTorneo de Golf Globalia Leg\u00e1litas\u00bb\u200f","link":"https:\/\/candas365.es\/noticias\/mallorca-acoge-un-ano-mas-su-tradicional-torneo-de-golf-globalia-legalitas%e2%80%8f\/"}],"_links":{"self":[{"href":"https:\/\/candas365.es\/noticias\/wp-json\/wp\/v2\/posts\/4906","targetHints":{"allow":["GET"]}}],"collection":[{"href":"https:\/\/candas365.es\/noticias\/wp-json\/wp\/v2\/posts"}],"about":[{"href":"https:\/\/candas365.es\/noticias\/wp-json\/wp\/v2\/types\/post"}],"author":[{"embeddable":true,"href":"https:\/\/candas365.es\/noticias\/wp-json\/wp\/v2\/users\/1"}],"replies":[{"embeddable":true,"href":"https:\/\/candas365.es\/noticias\/wp-json\/wp\/v2\/comments?post=4906"}],"version-history":[{"count":0,"href":"https:\/\/candas365.es\/noticias\/wp-json\/wp\/v2\/posts\/4906\/revisions"}],"wp:featuredmedia":[{"embeddable":true,"href":"https:\/\/candas365.es\/noticias\/wp-json\/wp\/v2\/media\/4907"}],"wp:attachment":[{"href":"https:\/\/candas365.es\/noticias\/wp-json\/wp\/v2\/media?parent=4906"}],"wp:term":[{"taxonomy":"category","embeddable":true,"href":"https:\/\/candas365.es\/noticias\/wp-json\/wp\/v2\/categories?post=4906"},{"taxonomy":"post_tag","embeddable":true,"href":"https:\/\/candas365.es\/noticias\/wp-json\/wp\/v2\/tags?post=4906"}],"curies":[{"name":"wp","href":"https:\/\/api.w.org\/{rel}","templated":true}]}}