{"id":4852,"date":"2014-11-02T16:32:11","date_gmt":"2014-11-02T18:32:11","guid":{"rendered":"http:\/\/candas365.es\/noticias\/?p=4852"},"modified":"2014-11-02T16:32:11","modified_gmt":"2014-11-02T18:32:11","slug":"coherence-en-la-sala-cine-del-centro-niemeyer","status":"publish","type":"post","link":"https:\/\/candas365.es\/noticias\/coherence-en-la-sala-cine-del-centro-niemeyer\/","title":{"rendered":"Coherence en la Sala Cine del Centro Niemeyer"},"content":{"rendered":"<p><img fetchpriority=\"high\" decoding=\"async\" class=\"alignleft size-medium wp-image-403\" src=\"https:\/\/candas365.es\/noticias\/wp-content\/uploads\/2014\/09\/niemeyer-360x238.jpg\" alt=\"niemeyer\" width=\"360\" height=\"238\" \/>El d\u00eda 6 de noviembre, a las 20:30h en la sala Cine del Centro Niemeyer se proyecta la pel\u00edcula Coherence basada en una cena de amigos treinta\u00f1eros, con el t\u00edpico grupo de clase media acomodada, con secretos que, si bien no son graves, tampoco es \u00a0conveniente ventilar en una reuni\u00f3n social de la que se espera \u00a0amabilidad y leves borracheras. Hasta ah\u00ed, una posible pel\u00edcula \u00a0m\u00e1s del g\u00e9nero conocido como <em>mumblecore<\/em>. S\u00f3lo que, en la noche de la comida, se prevee que un cometa pase a una distancia \u00a0peligrosamente cercana a la Tierra, y ese fen\u00f3meno desencadenar\u00e1 un juego de espejos y universos paralelos que le agregar\u00e1 \u00a0al <em>mumblecore <\/em>variantes que el g\u00e9nero desconoce por completo, \u00a0volviendo a \u00a0<em>Coherence<\/em> una pel\u00edcula a la vez minuciosa e impredecible.<\/p>\n<p>\u00d3pera prima fant\u00e1stica de c\u00e1mara e ideas, la obra de James Ward Byrkit teje todo el tiempo una tensi\u00f3n dulce, sus universos \u00a0paralelos acechan, pero sobre todo abren signos de interrogaci\u00f3n \u00a0y la presencia en el casting de Nicholas Brendon (Xander, en \u00a0Buffy, cazavampiros) nos recuerda que lo m\u00e1s raro que puede pasarnos \u00a0est\u00e1 siempre a la vuelta de la esquina.<\/p>\n<p>Recomendada\u2026<\/p>\n","protected":false},"excerpt":{"rendered":"<p>El d\u00eda 6 de noviembre, a las 20:30h en la sala Cine del Centro Niemeyer se proyecta la pel\u00edcula Coherence basada en una cena de amigos treinta\u00f1eros, con el t\u00edpico grupo de clase media acomodada, con secretos que, si bien no son graves, tampoco es \u00a0conveniente ventilar en una reuni\u00f3n social de la que se<\/p>\n","protected":false},"author":1,"featured_media":403,"comment_status":"closed","ping_status":"closed","sticky":false,"template":"","format":"standard","meta":{"footnotes":""},"categories":[142],"tags":[],"class_list":{"0":"post-4852","1":"post","2":"type-post","3":"status-publish","4":"format-standard","5":"has-post-thumbnail","7":"category-revista"},"aioseo_notices":[],"aioseo_head":"\n\t\t<!-- All in One SEO Pro 4.9.6.2 - aioseo.com -->\n\t<meta name=\"description\" content=\"El d\u00eda 6 de noviembre, a las 20:30h en la sala Cine del Centro Niemeyer se proyecta la pel\u00edcula Coherence basada en una cena de amigos treinta\u00f1eros, con el t\u00edpico grupo de clase media acomodada, con secretos que, si bien no son graves, tampoco es conveniente ventilar en una reuni\u00f3n social de la que se\" \/>\n\t<meta name=\"robots\" content=\"max-image-preview:large\" \/>\n\t<meta name=\"author\" content=\"Cand\u00e1s 365\"\/>\n\t<meta name=\"google-site-verification\" content=\"UA-32230408-1\" \/>\n\t<meta name=\"msvalidate.01\" content=\"354F3CDFB2DA171B47FBE9ABF1F88D5\" \/>\n\t<meta name=\"keywords\" content=\"revista\" \/>\n\t<link rel=\"canonical\" href=\"https:\/\/candas365.es\/noticias\/coherence-en-la-sala-cine-del-centro-niemeyer\/\" \/>\n\t<meta name=\"generator\" content=\"All in One SEO Pro (AIOSEO) 4.9.6.2\" \/>\n\t\t<meta property=\"og:locale\" content=\"es_ES\" \/>\n\t\t<meta property=\"og:site_name\" content=\"Cand\u00e1s 365\" \/>\n\t\t<meta property=\"og:type\" content=\"article\" \/>\n\t\t<meta property=\"og:title\" content=\"Coherence en la Sala Cine del Centro Niemeyer | Cand\u00e1s 365\" \/>\n\t\t<meta property=\"og:description\" content=\"El d\u00eda 6 de noviembre, a las 20:30h en la sala Cine del Centro Niemeyer se proyecta la pel\u00edcula Coherence basada en una cena de amigos treinta\u00f1eros, con el t\u00edpico grupo de clase media acomodada, con secretos que, si bien no son graves, tampoco es conveniente ventilar en una reuni\u00f3n social de la que se\" \/>\n\t\t<meta property=\"og:url\" content=\"https:\/\/candas365.es\/noticias\/coherence-en-la-sala-cine-del-centro-niemeyer\/\" \/>\n\t\t<meta property=\"og:image\" content=\"https:\/\/candas365.es\/noticias\/wp-content\/uploads\/2014\/09\/niemeyer.jpg\" \/>\n\t\t<meta property=\"og:image:secure_url\" content=\"https:\/\/candas365.es\/noticias\/wp-content\/uploads\/2014\/09\/niemeyer.jpg\" \/>\n\t\t<meta property=\"og:image:width\" content=\"800\" \/>\n\t\t<meta property=\"og:image:height\" content=\"531\" \/>\n\t\t<meta property=\"article:published_time\" content=\"2014-11-02T18:32:11+00:00\" \/>\n\t\t<meta property=\"article:modified_time\" content=\"2014-11-02T18:32:11+00:00\" \/>\n\t\t<meta property=\"article:publisher\" content=\"https:\/\/www.facebook.com\/Nachofdezber\" \/>\n\t\t<meta property=\"article:author\" content=\"https:\/\/www.facebook.com\/carrenoactualidad\" \/>\n\t\t<meta name=\"twitter:card\" content=\"summary_large_image\" \/>\n\t\t<meta name=\"twitter:site\" content=\"@NabercoDigital\" \/>\n\t\t<meta name=\"twitter:title\" content=\"Coherence en la Sala Cine del Centro Niemeyer | Cand\u00e1s 365\" \/>\n\t\t<meta name=\"twitter:description\" content=\"El d\u00eda 6 de noviembre, a las 20:30h en la sala Cine del Centro Niemeyer se proyecta la pel\u00edcula Coherence basada en una cena de amigos treinta\u00f1eros, con el t\u00edpico grupo de clase media acomodada, con secretos que, si bien no son graves, tampoco es conveniente ventilar en una reuni\u00f3n social de la que se\" \/>\n\t\t<meta name=\"twitter:creator\" content=\"@nbasturias\" \/>\n\t\t<meta name=\"twitter:image\" content=\"https:\/\/candas365.es\/noticias\/wp-content\/uploads\/2014\/09\/niemeyer.jpg\" \/>\n\t\t<meta name=\"twitter:label1\" content=\"Escrito por\" \/>\n\t\t<meta name=\"twitter:data1\" content=\"Cand\u00e1s 365\" \/>\n\t\t<meta name=\"twitter:label2\" content=\"Tiempo de lectura estimado\" \/>\n\t\t<meta name=\"twitter:data2\" content=\"1 minuto\" \/>\n\t\t<script type=\"application\/ld+json\" class=\"aioseo-schema\">\n\t\t\t{\"@context\":\"https:\\\/\\\/schema.org\",\"@graph\":[{\"@type\":\"BreadcrumbList\",\"@id\":\"https:\\\/\\\/candas365.es\\\/noticias\\\/coherence-en-la-sala-cine-del-centro-niemeyer\\\/#breadcrumblist\",\"itemListElement\":[{\"@type\":\"ListItem\",\"@id\":\"https:\\\/\\\/candas365.es\\\/noticias#listItem\",\"position\":1,\"name\":\"Home\",\"item\":\"https:\\\/\\\/candas365.es\\\/noticias\",\"nextItem\":{\"@type\":\"ListItem\",\"@id\":\"https:\\\/\\\/candas365.es\\\/noticias\\\/category\\\/revista\\\/#listItem\",\"name\":\"Revista\"}},{\"@type\":\"ListItem\",\"@id\":\"https:\\\/\\\/candas365.es\\\/noticias\\\/category\\\/revista\\\/#listItem\",\"position\":2,\"name\":\"Revista\",\"item\":\"https:\\\/\\\/candas365.es\\\/noticias\\\/category\\\/revista\\\/\",\"nextItem\":{\"@type\":\"ListItem\",\"@id\":\"https:\\\/\\\/candas365.es\\\/noticias\\\/coherence-en-la-sala-cine-del-centro-niemeyer\\\/#listItem\",\"name\":\"Coherence en la Sala Cine del Centro Niemeyer\"},\"previousItem\":{\"@type\":\"ListItem\",\"@id\":\"https:\\\/\\\/candas365.es\\\/noticias#listItem\",\"name\":\"Home\"}},{\"@type\":\"ListItem\",\"@id\":\"https:\\\/\\\/candas365.es\\\/noticias\\\/coherence-en-la-sala-cine-del-centro-niemeyer\\\/#listItem\",\"position\":3,\"name\":\"Coherence en la Sala Cine del Centro Niemeyer\",\"previousItem\":{\"@type\":\"ListItem\",\"@id\":\"https:\\\/\\\/candas365.es\\\/noticias\\\/category\\\/revista\\\/#listItem\",\"name\":\"Revista\"}}]},{\"@type\":\"NewsArticle\",\"@id\":\"https:\\\/\\\/candas365.es\\\/noticias\\\/coherence-en-la-sala-cine-del-centro-niemeyer\\\/#newsarticle\",\"name\":\"Coherence en la Sala Cine del Centro Niemeyer | Cand\\u00e1s 365\",\"headline\":\"Coherence en la Sala Cine del Centro Niemeyer\",\"author\":{\"@id\":\"https:\\\/\\\/candas365.es\\\/noticias\\\/author\\\/admin\\\/#author\"},\"publisher\":{\"@id\":\"https:\\\/\\\/candas365.es\\\/noticias\\\/#organization\"},\"image\":{\"@type\":\"ImageObject\",\"url\":\"https:\\\/\\\/candas365.es\\\/noticias\\\/wp-content\\\/uploads\\\/2014\\\/09\\\/niemeyer.jpg\",\"width\":800,\"height\":531},\"datePublished\":\"2014-11-02T16:32:11+01:00\",\"dateModified\":\"2014-11-02T16:32:11+01:00\",\"inLanguage\":\"es-ES\",\"mainEntityOfPage\":{\"@id\":\"https:\\\/\\\/candas365.es\\\/noticias\\\/coherence-en-la-sala-cine-del-centro-niemeyer\\\/#webpage\"},\"isPartOf\":{\"@id\":\"https:\\\/\\\/candas365.es\\\/noticias\\\/coherence-en-la-sala-cine-del-centro-niemeyer\\\/#webpage\"},\"articleSection\":\"Revista\",\"dateline\":\"Publicado el noviembre 2, 2014.\"},{\"@type\":\"Organization\",\"@id\":\"https:\\\/\\\/candas365.es\\\/noticias\\\/#organization\",\"name\":\"Cand\\u00e1s 365\",\"description\":\"Cand\\u00e1s 365 es un diario digital independiente, fundado en 2012, con base en Asturias. Informamos con rigor sobre actualidad, sociedad, cultura y ocio, con una mirada local y global.\",\"url\":\"https:\\\/\\\/candas365.es\\\/noticias\\\/\",\"email\":\"info@candas365.es\",\"telephone\":\"+34652131393\",\"foundingDate\":\"2012-06-10\",\"logo\":{\"@type\":\"ImageObject\",\"url\":\"https:\\\/\\\/candas365.es\\\/noticias\\\/wp-content\\\/uploads\\\/2024\\\/09\\\/Candas-365-Redes.jpg\",\"@id\":\"https:\\\/\\\/candas365.es\\\/noticias\\\/coherence-en-la-sala-cine-del-centro-niemeyer\\\/#organizationLogo\",\"width\":1152,\"height\":864,\"caption\":\"Cand\\u00e1s 365 Redes\"},\"image\":{\"@id\":\"https:\\\/\\\/candas365.es\\\/noticias\\\/coherence-en-la-sala-cine-del-centro-niemeyer\\\/#organizationLogo\"},\"sameAs\":[\"https:\\\/\\\/www.facebook.com\\\/Nachofdezber\",\"https:\\\/\\\/x.com\\\/NabercoDigital\",\"https:\\\/\\\/www.instagram.com\\\/nachofdezber\\\/\",\"https:\\\/\\\/www.youtube.com\\\/channel\\\/UCZP-2wLEB9Rv6erhFmqVnvg\"],\"address\":{\"@id\":\"https:\\\/\\\/candas365.es\\\/noticias\\\/#postaladdress\",\"@type\":\"PostalAddress\",\"streetAddress\":\"san antonio 4, san antonio 4\",\"postalCode\":\"33430\",\"addressLocality\":\"Cand\\u00e1s\",\"addressRegion\":\"Asturias\",\"addressCountry\":\"ES\"}},{\"@type\":\"Person\",\"@id\":\"https:\\\/\\\/candas365.es\\\/noticias\\\/author\\\/admin\\\/#author\",\"url\":\"https:\\\/\\\/candas365.es\\\/noticias\\\/author\\\/admin\\\/\",\"name\":\"Cand\\u00e1s 365\",\"image\":{\"@type\":\"ImageObject\",\"@id\":\"https:\\\/\\\/candas365.es\\\/noticias\\\/coherence-en-la-sala-cine-del-centro-niemeyer\\\/#authorImage\",\"url\":\"https:\\\/\\\/secure.gravatar.com\\\/avatar\\\/496a8e03d0c493ede1718b7934145dbdf8d89be1036b0eec9544e1094c9de390?s=96&d=mm&r=g\",\"width\":96,\"height\":96,\"caption\":\"Cand\\u00e1s 365\"},\"sameAs\":[\"https:\\\/\\\/www.facebook.com\\\/carrenoactualidad\",\"https:\\\/\\\/twitter.com\\\/nbasturias\",\"https:\\\/\\\/www.instagram.com\\\/nachofdezber\\\/\",\"https:\\\/\\\/www.youtube.com\\\/channel\\\/UCZP-2wLEB9Rv6erhFmqVnvg\"]},{\"@type\":\"WebPage\",\"@id\":\"https:\\\/\\\/candas365.es\\\/noticias\\\/coherence-en-la-sala-cine-del-centro-niemeyer\\\/#webpage\",\"url\":\"https:\\\/\\\/candas365.es\\\/noticias\\\/coherence-en-la-sala-cine-del-centro-niemeyer\\\/\",\"name\":\"Coherence en la Sala Cine del Centro Niemeyer | Cand\\u00e1s 365\",\"description\":\"El d\\u00eda 6 de noviembre, a las 20:30h en la sala Cine del Centro Niemeyer se proyecta la pel\\u00edcula Coherence basada en una cena de amigos treinta\\u00f1eros, con el t\\u00edpico grupo de clase media acomodada, con secretos que, si bien no son graves, tampoco es conveniente ventilar en una reuni\\u00f3n social de la que se\",\"inLanguage\":\"es-ES\",\"isPartOf\":{\"@id\":\"https:\\\/\\\/candas365.es\\\/noticias\\\/#website\"},\"breadcrumb\":{\"@id\":\"https:\\\/\\\/candas365.es\\\/noticias\\\/coherence-en-la-sala-cine-del-centro-niemeyer\\\/#breadcrumblist\"},\"author\":{\"@id\":\"https:\\\/\\\/candas365.es\\\/noticias\\\/author\\\/admin\\\/#author\"},\"creator\":{\"@id\":\"https:\\\/\\\/candas365.es\\\/noticias\\\/author\\\/admin\\\/#author\"},\"image\":{\"@type\":\"ImageObject\",\"url\":\"https:\\\/\\\/candas365.es\\\/noticias\\\/wp-content\\\/uploads\\\/2014\\\/09\\\/niemeyer.jpg\",\"@id\":\"https:\\\/\\\/candas365.es\\\/noticias\\\/coherence-en-la-sala-cine-del-centro-niemeyer\\\/#mainImage\",\"width\":800,\"height\":531},\"primaryImageOfPage\":{\"@id\":\"https:\\\/\\\/candas365.es\\\/noticias\\\/coherence-en-la-sala-cine-del-centro-niemeyer\\\/#mainImage\"},\"datePublished\":\"2014-11-02T16:32:11+01:00\",\"dateModified\":\"2014-11-02T16:32:11+01:00\"},{\"@type\":\"WebSite\",\"@id\":\"https:\\\/\\\/candas365.es\\\/noticias\\\/#website\",\"url\":\"https:\\\/\\\/candas365.es\\\/noticias\\\/\",\"name\":\"Cand\\u00e1s 365\",\"alternateName\":\"Cand\\u00e1s 365 Noticias\",\"description\":\"Actualidad desde Carre\\u00f1o para el mundo\",\"inLanguage\":\"es-ES\",\"publisher\":{\"@id\":\"https:\\\/\\\/candas365.es\\\/noticias\\\/#organization\"}}]}\n\t\t<\/script>\n\t\t<!-- All in One SEO Pro -->\r\n\t\t<title>Coherence en la Sala Cine del Centro Niemeyer | Cand\u00e1s 365<\/title>\n\n","aioseo_head_json":{"title":"Coherence en la Sala Cine del Centro Niemeyer | Cand\u00e1s 365","description":"El d\u00eda 6 de noviembre, a las 20:30h en la sala Cine del Centro Niemeyer se proyecta la pel\u00edcula Coherence basada en una cena de amigos treinta\u00f1eros, con el t\u00edpico grupo de clase media acomodada, con secretos que, si bien no son graves, tampoco es conveniente ventilar en una reuni\u00f3n social de la que se","canonical_url":"https:\/\/candas365.es\/noticias\/coherence-en-la-sala-cine-del-centro-niemeyer\/","robots":"max-image-preview:large","keywords":"revista","webmasterTools":{"google-site-verification":"UA-32230408-1","msvalidate.01":"354F3CDFB2DA171B47FBE9ABF1F88D5","miscellaneous":""},"schema":{"@context":"https:\/\/schema.org","@graph":[{"@type":"BreadcrumbList","@id":"https:\/\/candas365.es\/noticias\/coherence-en-la-sala-cine-del-centro-niemeyer\/#breadcrumblist","itemListElement":[{"@type":"ListItem","@id":"https:\/\/candas365.es\/noticias#listItem","position":1,"name":"Home","item":"https:\/\/candas365.es\/noticias","nextItem":{"@type":"ListItem","@id":"https:\/\/candas365.es\/noticias\/category\/revista\/#listItem","name":"Revista"}},{"@type":"ListItem","@id":"https:\/\/candas365.es\/noticias\/category\/revista\/#listItem","position":2,"name":"Revista","item":"https:\/\/candas365.es\/noticias\/category\/revista\/","nextItem":{"@type":"ListItem","@id":"https:\/\/candas365.es\/noticias\/coherence-en-la-sala-cine-del-centro-niemeyer\/#listItem","name":"Coherence en la Sala Cine del Centro Niemeyer"},"previousItem":{"@type":"ListItem","@id":"https:\/\/candas365.es\/noticias#listItem","name":"Home"}},{"@type":"ListItem","@id":"https:\/\/candas365.es\/noticias\/coherence-en-la-sala-cine-del-centro-niemeyer\/#listItem","position":3,"name":"Coherence en la Sala Cine del Centro Niemeyer","previousItem":{"@type":"ListItem","@id":"https:\/\/candas365.es\/noticias\/category\/revista\/#listItem","name":"Revista"}}]},{"@type":"NewsArticle","@id":"https:\/\/candas365.es\/noticias\/coherence-en-la-sala-cine-del-centro-niemeyer\/#newsarticle","name":"Coherence en la Sala Cine del Centro Niemeyer | Cand\u00e1s 365","headline":"Coherence en la Sala Cine del Centro Niemeyer","author":{"@id":"https:\/\/candas365.es\/noticias\/author\/admin\/#author"},"publisher":{"@id":"https:\/\/candas365.es\/noticias\/#organization"},"image":{"@type":"ImageObject","url":"https:\/\/candas365.es\/noticias\/wp-content\/uploads\/2014\/09\/niemeyer.jpg","width":800,"height":531},"datePublished":"2014-11-02T16:32:11+01:00","dateModified":"2014-11-02T16:32:11+01:00","inLanguage":"es-ES","mainEntityOfPage":{"@id":"https:\/\/candas365.es\/noticias\/coherence-en-la-sala-cine-del-centro-niemeyer\/#webpage"},"isPartOf":{"@id":"https:\/\/candas365.es\/noticias\/coherence-en-la-sala-cine-del-centro-niemeyer\/#webpage"},"articleSection":"Revista","dateline":"Publicado el noviembre 2, 2014."},{"@type":"Organization","@id":"https:\/\/candas365.es\/noticias\/#organization","name":"Cand\u00e1s 365","description":"Cand\u00e1s 365 es un diario digital independiente, fundado en 2012, con base en Asturias. Informamos con rigor sobre actualidad, sociedad, cultura y ocio, con una mirada local y global.","url":"https:\/\/candas365.es\/noticias\/","email":"info@candas365.es","telephone":"+34652131393","foundingDate":"2012-06-10","logo":{"@type":"ImageObject","url":"https:\/\/candas365.es\/noticias\/wp-content\/uploads\/2024\/09\/Candas-365-Redes.jpg","@id":"https:\/\/candas365.es\/noticias\/coherence-en-la-sala-cine-del-centro-niemeyer\/#organizationLogo","width":1152,"height":864,"caption":"Cand\u00e1s 365 Redes"},"image":{"@id":"https:\/\/candas365.es\/noticias\/coherence-en-la-sala-cine-del-centro-niemeyer\/#organizationLogo"},"sameAs":["https:\/\/www.facebook.com\/Nachofdezber","https:\/\/x.com\/NabercoDigital","https:\/\/www.instagram.com\/nachofdezber\/","https:\/\/www.youtube.com\/channel\/UCZP-2wLEB9Rv6erhFmqVnvg"],"address":{"@id":"https:\/\/candas365.es\/noticias\/#postaladdress","@type":"PostalAddress","streetAddress":"san antonio 4, san antonio 4","postalCode":"33430","addressLocality":"Cand\u00e1s","addressRegion":"Asturias","addressCountry":"ES"}},{"@type":"Person","@id":"https:\/\/candas365.es\/noticias\/author\/admin\/#author","url":"https:\/\/candas365.es\/noticias\/author\/admin\/","name":"Cand\u00e1s 365","image":{"@type":"ImageObject","@id":"https:\/\/candas365.es\/noticias\/coherence-en-la-sala-cine-del-centro-niemeyer\/#authorImage","url":"https:\/\/secure.gravatar.com\/avatar\/496a8e03d0c493ede1718b7934145dbdf8d89be1036b0eec9544e1094c9de390?s=96&d=mm&r=g","width":96,"height":96,"caption":"Cand\u00e1s 365"},"sameAs":["https:\/\/www.facebook.com\/carrenoactualidad","https:\/\/twitter.com\/nbasturias","https:\/\/www.instagram.com\/nachofdezber\/","https:\/\/www.youtube.com\/channel\/UCZP-2wLEB9Rv6erhFmqVnvg"]},{"@type":"WebPage","@id":"https:\/\/candas365.es\/noticias\/coherence-en-la-sala-cine-del-centro-niemeyer\/#webpage","url":"https:\/\/candas365.es\/noticias\/coherence-en-la-sala-cine-del-centro-niemeyer\/","name":"Coherence en la Sala Cine del Centro Niemeyer | Cand\u00e1s 365","description":"El d\u00eda 6 de noviembre, a las 20:30h en la sala Cine del Centro Niemeyer se proyecta la pel\u00edcula Coherence basada en una cena de amigos treinta\u00f1eros, con el t\u00edpico grupo de clase media acomodada, con secretos que, si bien no son graves, tampoco es conveniente ventilar en una reuni\u00f3n social de la que se","inLanguage":"es-ES","isPartOf":{"@id":"https:\/\/candas365.es\/noticias\/#website"},"breadcrumb":{"@id":"https:\/\/candas365.es\/noticias\/coherence-en-la-sala-cine-del-centro-niemeyer\/#breadcrumblist"},"author":{"@id":"https:\/\/candas365.es\/noticias\/author\/admin\/#author"},"creator":{"@id":"https:\/\/candas365.es\/noticias\/author\/admin\/#author"},"image":{"@type":"ImageObject","url":"https:\/\/candas365.es\/noticias\/wp-content\/uploads\/2014\/09\/niemeyer.jpg","@id":"https:\/\/candas365.es\/noticias\/coherence-en-la-sala-cine-del-centro-niemeyer\/#mainImage","width":800,"height":531},"primaryImageOfPage":{"@id":"https:\/\/candas365.es\/noticias\/coherence-en-la-sala-cine-del-centro-niemeyer\/#mainImage"},"datePublished":"2014-11-02T16:32:11+01:00","dateModified":"2014-11-02T16:32:11+01:00"},{"@type":"WebSite","@id":"https:\/\/candas365.es\/noticias\/#website","url":"https:\/\/candas365.es\/noticias\/","name":"Cand\u00e1s 365","alternateName":"Cand\u00e1s 365 Noticias","description":"Actualidad desde Carre\u00f1o para el mundo","inLanguage":"es-ES","publisher":{"@id":"https:\/\/candas365.es\/noticias\/#organization"}}]},"og:locale":"es_ES","og:site_name":"Cand\u00e1s 365","og:type":"article","og:title":"Coherence en la Sala Cine del Centro Niemeyer | Cand\u00e1s 365","og:description":"El d\u00eda 6 de noviembre, a las 20:30h en la sala Cine del Centro Niemeyer se proyecta la pel\u00edcula Coherence basada en una cena de amigos treinta\u00f1eros, con el t\u00edpico grupo de clase media acomodada, con secretos que, si bien no son graves, tampoco es conveniente ventilar en una reuni\u00f3n social de la que se","og:url":"https:\/\/candas365.es\/noticias\/coherence-en-la-sala-cine-del-centro-niemeyer\/","og:image":"https:\/\/candas365.es\/noticias\/wp-content\/uploads\/2014\/09\/niemeyer.jpg","og:image:secure_url":"https:\/\/candas365.es\/noticias\/wp-content\/uploads\/2014\/09\/niemeyer.jpg","og:image:width":800,"og:image:height":531,"article:published_time":"2014-11-02T18:32:11+00:00","article:modified_time":"2014-11-02T18:32:11+00:00","article:publisher":"https:\/\/www.facebook.com\/Nachofdezber","article:author":"https:\/\/www.facebook.com\/carrenoactualidad","twitter:card":"summary_large_image","twitter:site":"@NabercoDigital","twitter:title":"Coherence en la Sala Cine del Centro Niemeyer | Cand\u00e1s 365","twitter:description":"El d\u00eda 6 de noviembre, a las 20:30h en la sala Cine del Centro Niemeyer se proyecta la pel\u00edcula Coherence basada en una cena de amigos treinta\u00f1eros, con el t\u00edpico grupo de clase media acomodada, con secretos que, si bien no son graves, tampoco es conveniente ventilar en una reuni\u00f3n social de la que se","twitter:creator":"@nbasturias","twitter:image":"https:\/\/candas365.es\/noticias\/wp-content\/uploads\/2014\/09\/niemeyer.jpg","twitter:label1":"Escrito por","twitter:data1":"Cand\u00e1s 365","twitter:label2":"Tiempo de lectura estimado","twitter:data2":"1 minuto"},"aioseo_meta_data":{"post_id":"4852","title":null,"description":null,"keywords":null,"keyphrases":null,"primary_term":null,"canonical_url":null,"og_title":null,"og_description":null,"og_object_type":"default","og_image_type":"default","og_image_url":null,"og_image_width":null,"og_image_height":null,"og_image_custom_url":null,"og_image_custom_fields":null,"og_video":null,"og_custom_url":null,"og_article_section":null,"og_article_tags":null,"twitter_use_og":false,"twitter_card":"default","twitter_image_type":"default","twitter_image_url":null,"twitter_image_custom_url":null,"twitter_image_custom_fields":null,"twitter_title":null,"twitter_description":null,"schema":{"blockGraphs":[],"customGraphs":[],"default":{"data":{"Article":[],"Course":[],"Dataset":[],"FAQPage":[],"Movie":[],"Person":[],"Product":[],"ProductReview":[],"Car":[],"Recipe":[],"Service":[],"SoftwareApplication":[],"WebPage":[]},"graphName":"","isEnabled":true},"graphs":[],"defaultGraph":"","defaultPostTypeGraph":""},"schema_type":null,"schema_type_options":null,"pillar_content":false,"robots_default":true,"robots_noindex":false,"robots_noarchive":false,"robots_nosnippet":false,"robots_nofollow":false,"robots_noimageindex":false,"robots_noodp":false,"robots_notranslate":false,"robots_max_snippet":null,"robots_max_videopreview":null,"robots_max_imagepreview":"large","priority":null,"frequency":null,"location":null,"local_seo":null,"seo_analyzer_scan_date":"2025-08-23 02:05:22","breadcrumb_settings":null,"limit_modified_date":false,"reviewed_by":null,"open_ai":null,"ai":null,"created":"2020-12-21 10:49:16","updated":"2025-08-23 02:05:22"},"aioseo_breadcrumb":"<div class=\"aioseo-breadcrumbs\"><span class=\"aioseo-breadcrumb\">\n\t<a href=\"https:\/\/candas365.es\/noticias\" title=\"Home\">Home<\/a>\n<\/span><span class=\"aioseo-breadcrumb-separator\">&ndash;<\/span><span class=\"aioseo-breadcrumb\">\n\t<a href=\"https:\/\/candas365.es\/noticias\/category\/revista\/\" title=\"Revista\">Revista<\/a>\n<\/span><span class=\"aioseo-breadcrumb-separator\">&ndash;<\/span><span class=\"aioseo-breadcrumb\">\n\tCoherence en la Sala Cine del Centro Niemeyer\n<\/span><\/div>","aioseo_breadcrumb_json":[{"label":"Home","link":"https:\/\/candas365.es\/noticias"},{"label":"Revista","link":"https:\/\/candas365.es\/noticias\/category\/revista\/"},{"label":"Coherence en la Sala Cine del Centro Niemeyer","link":"https:\/\/candas365.es\/noticias\/coherence-en-la-sala-cine-del-centro-niemeyer\/"}],"_links":{"self":[{"href":"https:\/\/candas365.es\/noticias\/wp-json\/wp\/v2\/posts\/4852","targetHints":{"allow":["GET"]}}],"collection":[{"href":"https:\/\/candas365.es\/noticias\/wp-json\/wp\/v2\/posts"}],"about":[{"href":"https:\/\/candas365.es\/noticias\/wp-json\/wp\/v2\/types\/post"}],"author":[{"embeddable":true,"href":"https:\/\/candas365.es\/noticias\/wp-json\/wp\/v2\/users\/1"}],"replies":[{"embeddable":true,"href":"https:\/\/candas365.es\/noticias\/wp-json\/wp\/v2\/comments?post=4852"}],"version-history":[{"count":0,"href":"https:\/\/candas365.es\/noticias\/wp-json\/wp\/v2\/posts\/4852\/revisions"}],"wp:featuredmedia":[{"embeddable":true,"href":"https:\/\/candas365.es\/noticias\/wp-json\/wp\/v2\/media\/403"}],"wp:attachment":[{"href":"https:\/\/candas365.es\/noticias\/wp-json\/wp\/v2\/media?parent=4852"}],"wp:term":[{"taxonomy":"category","embeddable":true,"href":"https:\/\/candas365.es\/noticias\/wp-json\/wp\/v2\/categories?post=4852"},{"taxonomy":"post_tag","embeddable":true,"href":"https:\/\/candas365.es\/noticias\/wp-json\/wp\/v2\/tags?post=4852"}],"curies":[{"name":"wp","href":"https:\/\/api.w.org\/{rel}","templated":true}]}}