{"id":46,"date":"2014-09-15T06:39:02","date_gmt":"2014-09-15T08:39:02","guid":{"rendered":"http:\/\/candas365.es\/noticias\/?p=46"},"modified":"2014-09-15T06:39:02","modified_gmt":"2014-09-15T08:39:02","slug":"el-area-sanitaria-del-nalon-comienza-realizar-ecografias-en-atencion-primaria","status":"publish","type":"post","link":"https:\/\/candas365.es\/noticias\/el-area-sanitaria-del-nalon-comienza-realizar-ecografias-en-atencion-primaria\/","title":{"rendered":"El \u00e1rea sanitaria del Nal\u00f3n comienza a realizar ecograf\u00edas en Atenci\u00f3n Primaria"},"content":{"rendered":"<p><img fetchpriority=\"high\" decoding=\"async\" class=\"alignleft size-medium wp-image-47\" src=\"https:\/\/candas365.es\/noticias\/wp-content\/uploads\/2014\/09\/ecografia-360x202.jpg\" alt=\"ecografia\" width=\"360\" height=\"202\" \/>El \u00c1rea Sanitaria VIII, con cabecera en Langreo, realiza desde hoy jueves ecograf\u00edas en el Centro de Salud de San Mart\u00edn del Rey Aurelio, lo que permitir\u00e1 a pacientes y profesionales obtener un diagn\u00f3stico m\u00e1s \u00e1gil sin necesidad de acudir al hospital. El Servicio de Salud del Principado de Asturias (Sespa) ha dotado al centro de un ec\u00f3grafo nuevo, valorado en 25.000 euros.<\/p>\n<p>El director general de Planificaci\u00f3n, Ordenaci\u00f3n e Innovaci\u00f3n Sanitaria, Mario Margolles, ha explicado que la implantaci\u00f3n de la ecograf\u00eda realizada por los m\u00e9dicos de familia en sus propios centros constituye una ayuda para mejorar la gesti\u00f3n de las derivaciones en aquellas patolog\u00edas que afectan a los m\u00fasculos y a los huesos, y que son la causa de un buen n\u00famero de las consultas de Atenci\u00f3n Primaria.<\/p>\n<p>Margolles ha recordado que el desarrollo del proyecto obliga a dotar a los centros de ec\u00f3grafos que cumplan los criterios de calidad establecidos para su uso en Atenci\u00f3n Primaria y a formar a los profesionales con cursos de iniciaci\u00f3n y formaci\u00f3n avanzada tanto en ecograf\u00eda general como musculoesquel\u00e9tica.<\/p>\n<p>La ecograf\u00eda es un procedimiento diagn\u00f3stico ligado a especialidades m\u00e9dicas. Aunque se ha desarrollado en el campo de la radiolog\u00eda, actualmente est\u00e1 siendo utilizada por especialidades como la ginecolog\u00eda, la cardiolog\u00eda, la cirug\u00eda vascular y la traumatolog\u00eda. El primer estudio ecogr\u00e1fico en atenci\u00f3n primaria se realiz\u00f3 en Asturias a principios de 1999 en el Centro de Salud de Siero-Sariego. Desde entonces se han realizado unas 7.000 ecograf\u00edas, tanto para la exploraci\u00f3n abdomino-p\u00e9lvica como para el diagn\u00f3stico de las diversas patolog\u00edas relacionadas con los m\u00fasculos o tendones.<\/p>\n<p>El gerente del \u00e1rea, Francisco del Busto, ha indicado que, en el \u00faltimo a\u00f1o, los siete facultativos que trabajan en el Centro de Salud de Sotrondio solicitaron al hospital la realizaci\u00f3n de 154 ecograf\u00edas, fundamentalmente abdominales y musculoesquel\u00e9ticas. A partir de ahora, los m\u00e1s de 8.000 habitantes adscritos a este centro podr\u00e1n realizar la prueba en su propio m\u00e9dico de familia, que en caso de duda o necesidad de estudios complementarios, le remitir\u00e1 al hospital de referencia.<\/p>\n<p>Hasta la fecha, los nuevos ec\u00f3grafos adquiridos por el Sespa funcionan ya en el Centro de Salud de Pola de Siero, en Oviedo, y en los centros de La Calzada, Contrueces, El Llano y El Coto, en Gij\u00f3n. A la puesta en marcha del nuevo equipo en Sotrondio le suceder\u00e1n en los pr\u00f3ximos meses los de Teatinos, en Oviedo, Tineo, Mieres Sur y tres m\u00e1s en las \u00e1reas sanitarias de Jarrio, Avil\u00e9s y Arriondas con el objeto de que todas las \u00e1reas sanitarias cuenten con diagn\u00f3stico por imagen en atenci\u00f3n primaria.<\/p>\n","protected":false},"excerpt":{"rendered":"<p>El \u00c1rea Sanitaria VIII, con cabecera en Langreo, realiza desde hoy jueves ecograf\u00edas en el Centro de Salud de San Mart\u00edn del Rey Aurelio, lo que permitir\u00e1 a pacientes y profesionales obtener un diagn\u00f3stico m\u00e1s \u00e1gil sin necesidad de acudir al hospital. El Servicio de Salud del Principado de Asturias (Sespa) ha dotado al centro<\/p>\n","protected":false},"author":1,"featured_media":47,"comment_status":"closed","ping_status":"closed","sticky":false,"template":"","format":"standard","meta":{"footnotes":""},"categories":[7],"tags":[],"class_list":{"0":"post-46","1":"post","2":"type-post","3":"status-publish","4":"format-standard","5":"has-post-thumbnail","7":"category-asturias"},"aioseo_notices":[],"aioseo_head":"\n\t\t<!-- All in One SEO Pro 4.9.6.2 - aioseo.com -->\n\t<meta name=\"description\" content=\"El \u00c1rea Sanitaria VIII, con cabecera en Langreo, realiza desde hoy jueves ecograf\u00edas en el Centro de Salud de San Mart\u00edn del Rey Aurelio, lo que permitir\u00e1 a pacientes y profesionales obtener un diagn\u00f3stico m\u00e1s \u00e1gil sin necesidad de acudir al hospital. El Servicio de Salud del Principado de Asturias (Sespa) ha dotado al centro\" \/>\n\t<meta name=\"robots\" content=\"max-image-preview:large\" \/>\n\t<meta name=\"author\" content=\"Cand\u00e1s 365\"\/>\n\t<meta name=\"google-site-verification\" content=\"UA-32230408-1\" \/>\n\t<meta name=\"msvalidate.01\" content=\"354F3CDFB2DA171B47FBE9ABF1F88D5\" \/>\n\t<meta name=\"keywords\" content=\"asturias\" \/>\n\t<link rel=\"canonical\" href=\"https:\/\/candas365.es\/noticias\/el-area-sanitaria-del-nalon-comienza-realizar-ecografias-en-atencion-primaria\/\" \/>\n\t<meta name=\"generator\" content=\"All in One SEO Pro (AIOSEO) 4.9.6.2\" \/>\n\t\t<meta property=\"og:locale\" content=\"es_ES\" \/>\n\t\t<meta property=\"og:site_name\" content=\"Cand\u00e1s 365\" \/>\n\t\t<meta property=\"og:type\" content=\"article\" \/>\n\t\t<meta property=\"og:title\" content=\"El \u00e1rea sanitaria del Nal\u00f3n comienza a realizar ecograf\u00edas en Atenci\u00f3n Primaria | Cand\u00e1s 365\" \/>\n\t\t<meta property=\"og:description\" content=\"El \u00c1rea Sanitaria VIII, con cabecera en Langreo, realiza desde hoy jueves ecograf\u00edas en el Centro de Salud de San Mart\u00edn del Rey Aurelio, lo que permitir\u00e1 a pacientes y profesionales obtener un diagn\u00f3stico m\u00e1s \u00e1gil sin necesidad de acudir al hospital. El Servicio de Salud del Principado de Asturias (Sespa) ha dotado al centro\" \/>\n\t\t<meta property=\"og:url\" content=\"https:\/\/candas365.es\/noticias\/el-area-sanitaria-del-nalon-comienza-realizar-ecografias-en-atencion-primaria\/\" \/>\n\t\t<meta property=\"og:image\" content=\"https:\/\/candas365.es\/noticias\/wp-content\/uploads\/2014\/09\/ecografia.jpg\" \/>\n\t\t<meta property=\"og:image:secure_url\" content=\"https:\/\/candas365.es\/noticias\/wp-content\/uploads\/2014\/09\/ecografia.jpg\" \/>\n\t\t<meta property=\"og:image:width\" content=\"614\" \/>\n\t\t<meta property=\"og:image:height\" content=\"346\" \/>\n\t\t<meta property=\"article:published_time\" content=\"2014-09-15T08:39:02+00:00\" \/>\n\t\t<meta property=\"article:modified_time\" content=\"2014-09-15T08:39:02+00:00\" \/>\n\t\t<meta property=\"article:publisher\" content=\"https:\/\/www.facebook.com\/Nachofdezber\" \/>\n\t\t<meta property=\"article:author\" content=\"https:\/\/www.facebook.com\/carrenoactualidad\" \/>\n\t\t<meta name=\"twitter:card\" content=\"summary_large_image\" \/>\n\t\t<meta name=\"twitter:site\" content=\"@NabercoDigital\" \/>\n\t\t<meta name=\"twitter:title\" content=\"El \u00e1rea sanitaria del Nal\u00f3n comienza a realizar ecograf\u00edas en Atenci\u00f3n Primaria | Cand\u00e1s 365\" \/>\n\t\t<meta name=\"twitter:description\" content=\"El \u00c1rea Sanitaria VIII, con cabecera en Langreo, realiza desde hoy jueves ecograf\u00edas en el Centro de Salud de San Mart\u00edn del Rey Aurelio, lo que permitir\u00e1 a pacientes y profesionales obtener un diagn\u00f3stico m\u00e1s \u00e1gil sin necesidad de acudir al hospital. El Servicio de Salud del Principado de Asturias (Sespa) ha dotado al centro\" \/>\n\t\t<meta name=\"twitter:creator\" content=\"@nbasturias\" \/>\n\t\t<meta name=\"twitter:image\" content=\"https:\/\/candas365.es\/noticias\/wp-content\/uploads\/2014\/09\/ecografia.jpg\" \/>\n\t\t<meta name=\"twitter:label1\" content=\"Escrito por\" \/>\n\t\t<meta name=\"twitter:data1\" content=\"Cand\u00e1s 365\" \/>\n\t\t<meta name=\"twitter:label2\" content=\"Tiempo de lectura estimado\" \/>\n\t\t<meta name=\"twitter:data2\" content=\"2 minutos\" \/>\n\t\t<script type=\"application\/ld+json\" class=\"aioseo-schema\">\n\t\t\t{\"@context\":\"https:\\\/\\\/schema.org\",\"@graph\":[{\"@type\":\"BreadcrumbList\",\"@id\":\"https:\\\/\\\/candas365.es\\\/noticias\\\/el-area-sanitaria-del-nalon-comienza-realizar-ecografias-en-atencion-primaria\\\/#breadcrumblist\",\"itemListElement\":[{\"@type\":\"ListItem\",\"@id\":\"https:\\\/\\\/candas365.es\\\/noticias#listItem\",\"position\":1,\"name\":\"Home\",\"item\":\"https:\\\/\\\/candas365.es\\\/noticias\",\"nextItem\":{\"@type\":\"ListItem\",\"@id\":\"https:\\\/\\\/candas365.es\\\/noticias\\\/category\\\/asturias\\\/#listItem\",\"name\":\"Asturias\"}},{\"@type\":\"ListItem\",\"@id\":\"https:\\\/\\\/candas365.es\\\/noticias\\\/category\\\/asturias\\\/#listItem\",\"position\":2,\"name\":\"Asturias\",\"item\":\"https:\\\/\\\/candas365.es\\\/noticias\\\/category\\\/asturias\\\/\",\"nextItem\":{\"@type\":\"ListItem\",\"@id\":\"https:\\\/\\\/candas365.es\\\/noticias\\\/el-area-sanitaria-del-nalon-comienza-realizar-ecografias-en-atencion-primaria\\\/#listItem\",\"name\":\"El \\u00e1rea sanitaria del Nal\\u00f3n comienza a realizar ecograf\\u00edas en Atenci\\u00f3n Primaria\"},\"previousItem\":{\"@type\":\"ListItem\",\"@id\":\"https:\\\/\\\/candas365.es\\\/noticias#listItem\",\"name\":\"Home\"}},{\"@type\":\"ListItem\",\"@id\":\"https:\\\/\\\/candas365.es\\\/noticias\\\/el-area-sanitaria-del-nalon-comienza-realizar-ecografias-en-atencion-primaria\\\/#listItem\",\"position\":3,\"name\":\"El \\u00e1rea sanitaria del Nal\\u00f3n comienza a realizar ecograf\\u00edas en Atenci\\u00f3n Primaria\",\"previousItem\":{\"@type\":\"ListItem\",\"@id\":\"https:\\\/\\\/candas365.es\\\/noticias\\\/category\\\/asturias\\\/#listItem\",\"name\":\"Asturias\"}}]},{\"@type\":\"NewsArticle\",\"@id\":\"https:\\\/\\\/candas365.es\\\/noticias\\\/el-area-sanitaria-del-nalon-comienza-realizar-ecografias-en-atencion-primaria\\\/#newsarticle\",\"name\":\"El \\u00e1rea sanitaria del Nal\\u00f3n comienza a realizar ecograf\\u00edas en Atenci\\u00f3n Primaria | Cand\\u00e1s 365\",\"headline\":\"El \\u00e1rea sanitaria del Nal\\u00f3n comienza a realizar ecograf\\u00edas en Atenci\\u00f3n Primaria\",\"author\":{\"@id\":\"https:\\\/\\\/candas365.es\\\/noticias\\\/author\\\/admin\\\/#author\"},\"publisher\":{\"@id\":\"https:\\\/\\\/candas365.es\\\/noticias\\\/#organization\"},\"image\":{\"@type\":\"ImageObject\",\"url\":\"https:\\\/\\\/candas365.es\\\/noticias\\\/wp-content\\\/uploads\\\/2014\\\/09\\\/ecografia.jpg\",\"width\":614,\"height\":346},\"datePublished\":\"2014-09-15T06:39:02+02:00\",\"dateModified\":\"2014-09-15T06:39:02+02:00\",\"inLanguage\":\"es-ES\",\"mainEntityOfPage\":{\"@id\":\"https:\\\/\\\/candas365.es\\\/noticias\\\/el-area-sanitaria-del-nalon-comienza-realizar-ecografias-en-atencion-primaria\\\/#webpage\"},\"isPartOf\":{\"@id\":\"https:\\\/\\\/candas365.es\\\/noticias\\\/el-area-sanitaria-del-nalon-comienza-realizar-ecografias-en-atencion-primaria\\\/#webpage\"},\"articleSection\":\"Asturias\",\"dateline\":\"Publicado el septiembre 15, 2014.\"},{\"@type\":\"Organization\",\"@id\":\"https:\\\/\\\/candas365.es\\\/noticias\\\/#organization\",\"name\":\"Cand\\u00e1s 365\",\"description\":\"Cand\\u00e1s 365 es un diario digital independiente, fundado en 2012, con base en Asturias. Informamos con rigor sobre actualidad, sociedad, cultura y ocio, con una mirada local y global.\",\"url\":\"https:\\\/\\\/candas365.es\\\/noticias\\\/\",\"email\":\"info@candas365.es\",\"telephone\":\"+34652131393\",\"foundingDate\":\"2012-06-10\",\"logo\":{\"@type\":\"ImageObject\",\"url\":\"https:\\\/\\\/candas365.es\\\/noticias\\\/wp-content\\\/uploads\\\/2024\\\/09\\\/Candas-365-Redes.jpg\",\"@id\":\"https:\\\/\\\/candas365.es\\\/noticias\\\/el-area-sanitaria-del-nalon-comienza-realizar-ecografias-en-atencion-primaria\\\/#organizationLogo\",\"width\":1152,\"height\":864,\"caption\":\"Cand\\u00e1s 365 Redes\"},\"image\":{\"@id\":\"https:\\\/\\\/candas365.es\\\/noticias\\\/el-area-sanitaria-del-nalon-comienza-realizar-ecografias-en-atencion-primaria\\\/#organizationLogo\"},\"sameAs\":[\"https:\\\/\\\/www.facebook.com\\\/Nachofdezber\",\"https:\\\/\\\/x.com\\\/NabercoDigital\",\"https:\\\/\\\/www.instagram.com\\\/nachofdezber\\\/\",\"https:\\\/\\\/www.youtube.com\\\/channel\\\/UCZP-2wLEB9Rv6erhFmqVnvg\"],\"address\":{\"@id\":\"https:\\\/\\\/candas365.es\\\/noticias\\\/#postaladdress\",\"@type\":\"PostalAddress\",\"streetAddress\":\"san antonio 4, san antonio 4\",\"postalCode\":\"33430\",\"addressLocality\":\"Cand\\u00e1s\",\"addressRegion\":\"Asturias\",\"addressCountry\":\"ES\"}},{\"@type\":\"Person\",\"@id\":\"https:\\\/\\\/candas365.es\\\/noticias\\\/author\\\/admin\\\/#author\",\"url\":\"https:\\\/\\\/candas365.es\\\/noticias\\\/author\\\/admin\\\/\",\"name\":\"Cand\\u00e1s 365\",\"image\":{\"@type\":\"ImageObject\",\"@id\":\"https:\\\/\\\/candas365.es\\\/noticias\\\/el-area-sanitaria-del-nalon-comienza-realizar-ecografias-en-atencion-primaria\\\/#authorImage\",\"url\":\"https:\\\/\\\/secure.gravatar.com\\\/avatar\\\/496a8e03d0c493ede1718b7934145dbdf8d89be1036b0eec9544e1094c9de390?s=96&d=mm&r=g\",\"width\":96,\"height\":96,\"caption\":\"Cand\\u00e1s 365\"},\"sameAs\":[\"https:\\\/\\\/www.facebook.com\\\/carrenoactualidad\",\"https:\\\/\\\/twitter.com\\\/nbasturias\",\"https:\\\/\\\/www.instagram.com\\\/nachofdezber\\\/\",\"https:\\\/\\\/www.youtube.com\\\/channel\\\/UCZP-2wLEB9Rv6erhFmqVnvg\"]},{\"@type\":\"WebPage\",\"@id\":\"https:\\\/\\\/candas365.es\\\/noticias\\\/el-area-sanitaria-del-nalon-comienza-realizar-ecografias-en-atencion-primaria\\\/#webpage\",\"url\":\"https:\\\/\\\/candas365.es\\\/noticias\\\/el-area-sanitaria-del-nalon-comienza-realizar-ecografias-en-atencion-primaria\\\/\",\"name\":\"El \\u00e1rea sanitaria del Nal\\u00f3n comienza a realizar ecograf\\u00edas en Atenci\\u00f3n Primaria | Cand\\u00e1s 365\",\"description\":\"El \\u00c1rea Sanitaria VIII, con cabecera en Langreo, realiza desde hoy jueves ecograf\\u00edas en el Centro de Salud de San Mart\\u00edn del Rey Aurelio, lo que permitir\\u00e1 a pacientes y profesionales obtener un diagn\\u00f3stico m\\u00e1s \\u00e1gil sin necesidad de acudir al hospital. El Servicio de Salud del Principado de Asturias (Sespa) ha dotado al centro\",\"inLanguage\":\"es-ES\",\"isPartOf\":{\"@id\":\"https:\\\/\\\/candas365.es\\\/noticias\\\/#website\"},\"breadcrumb\":{\"@id\":\"https:\\\/\\\/candas365.es\\\/noticias\\\/el-area-sanitaria-del-nalon-comienza-realizar-ecografias-en-atencion-primaria\\\/#breadcrumblist\"},\"author\":{\"@id\":\"https:\\\/\\\/candas365.es\\\/noticias\\\/author\\\/admin\\\/#author\"},\"creator\":{\"@id\":\"https:\\\/\\\/candas365.es\\\/noticias\\\/author\\\/admin\\\/#author\"},\"image\":{\"@type\":\"ImageObject\",\"url\":\"https:\\\/\\\/candas365.es\\\/noticias\\\/wp-content\\\/uploads\\\/2014\\\/09\\\/ecografia.jpg\",\"@id\":\"https:\\\/\\\/candas365.es\\\/noticias\\\/el-area-sanitaria-del-nalon-comienza-realizar-ecografias-en-atencion-primaria\\\/#mainImage\",\"width\":614,\"height\":346},\"primaryImageOfPage\":{\"@id\":\"https:\\\/\\\/candas365.es\\\/noticias\\\/el-area-sanitaria-del-nalon-comienza-realizar-ecografias-en-atencion-primaria\\\/#mainImage\"},\"datePublished\":\"2014-09-15T06:39:02+02:00\",\"dateModified\":\"2014-09-15T06:39:02+02:00\"},{\"@type\":\"WebSite\",\"@id\":\"https:\\\/\\\/candas365.es\\\/noticias\\\/#website\",\"url\":\"https:\\\/\\\/candas365.es\\\/noticias\\\/\",\"name\":\"Cand\\u00e1s 365\",\"alternateName\":\"Cand\\u00e1s 365 Noticias\",\"description\":\"Actualidad desde Carre\\u00f1o para el mundo\",\"inLanguage\":\"es-ES\",\"publisher\":{\"@id\":\"https:\\\/\\\/candas365.es\\\/noticias\\\/#organization\"}}]}\n\t\t<\/script>\n\t\t<!-- All in One SEO Pro -->\r\n\t\t<title>El \u00e1rea sanitaria del Nal\u00f3n comienza a realizar ecograf\u00edas en Atenci\u00f3n Primaria | Cand\u00e1s 365<\/title>\n\n","aioseo_head_json":{"title":"El \u00e1rea sanitaria del Nal\u00f3n comienza a realizar ecograf\u00edas en Atenci\u00f3n Primaria | Cand\u00e1s 365","description":"El \u00c1rea Sanitaria VIII, con cabecera en Langreo, realiza desde hoy jueves ecograf\u00edas en el Centro de Salud de San Mart\u00edn del Rey Aurelio, lo que permitir\u00e1 a pacientes y profesionales obtener un diagn\u00f3stico m\u00e1s \u00e1gil sin necesidad de acudir al hospital. El Servicio de Salud del Principado de Asturias (Sespa) ha dotado al centro","canonical_url":"https:\/\/candas365.es\/noticias\/el-area-sanitaria-del-nalon-comienza-realizar-ecografias-en-atencion-primaria\/","robots":"max-image-preview:large","keywords":"asturias","webmasterTools":{"google-site-verification":"UA-32230408-1","msvalidate.01":"354F3CDFB2DA171B47FBE9ABF1F88D5","miscellaneous":""},"schema":{"@context":"https:\/\/schema.org","@graph":[{"@type":"BreadcrumbList","@id":"https:\/\/candas365.es\/noticias\/el-area-sanitaria-del-nalon-comienza-realizar-ecografias-en-atencion-primaria\/#breadcrumblist","itemListElement":[{"@type":"ListItem","@id":"https:\/\/candas365.es\/noticias#listItem","position":1,"name":"Home","item":"https:\/\/candas365.es\/noticias","nextItem":{"@type":"ListItem","@id":"https:\/\/candas365.es\/noticias\/category\/asturias\/#listItem","name":"Asturias"}},{"@type":"ListItem","@id":"https:\/\/candas365.es\/noticias\/category\/asturias\/#listItem","position":2,"name":"Asturias","item":"https:\/\/candas365.es\/noticias\/category\/asturias\/","nextItem":{"@type":"ListItem","@id":"https:\/\/candas365.es\/noticias\/el-area-sanitaria-del-nalon-comienza-realizar-ecografias-en-atencion-primaria\/#listItem","name":"El \u00e1rea sanitaria del Nal\u00f3n comienza a realizar ecograf\u00edas en Atenci\u00f3n Primaria"},"previousItem":{"@type":"ListItem","@id":"https:\/\/candas365.es\/noticias#listItem","name":"Home"}},{"@type":"ListItem","@id":"https:\/\/candas365.es\/noticias\/el-area-sanitaria-del-nalon-comienza-realizar-ecografias-en-atencion-primaria\/#listItem","position":3,"name":"El \u00e1rea sanitaria del Nal\u00f3n comienza a realizar ecograf\u00edas en Atenci\u00f3n Primaria","previousItem":{"@type":"ListItem","@id":"https:\/\/candas365.es\/noticias\/category\/asturias\/#listItem","name":"Asturias"}}]},{"@type":"NewsArticle","@id":"https:\/\/candas365.es\/noticias\/el-area-sanitaria-del-nalon-comienza-realizar-ecografias-en-atencion-primaria\/#newsarticle","name":"El \u00e1rea sanitaria del Nal\u00f3n comienza a realizar ecograf\u00edas en Atenci\u00f3n Primaria | Cand\u00e1s 365","headline":"El \u00e1rea sanitaria del Nal\u00f3n comienza a realizar ecograf\u00edas en Atenci\u00f3n Primaria","author":{"@id":"https:\/\/candas365.es\/noticias\/author\/admin\/#author"},"publisher":{"@id":"https:\/\/candas365.es\/noticias\/#organization"},"image":{"@type":"ImageObject","url":"https:\/\/candas365.es\/noticias\/wp-content\/uploads\/2014\/09\/ecografia.jpg","width":614,"height":346},"datePublished":"2014-09-15T06:39:02+02:00","dateModified":"2014-09-15T06:39:02+02:00","inLanguage":"es-ES","mainEntityOfPage":{"@id":"https:\/\/candas365.es\/noticias\/el-area-sanitaria-del-nalon-comienza-realizar-ecografias-en-atencion-primaria\/#webpage"},"isPartOf":{"@id":"https:\/\/candas365.es\/noticias\/el-area-sanitaria-del-nalon-comienza-realizar-ecografias-en-atencion-primaria\/#webpage"},"articleSection":"Asturias","dateline":"Publicado el septiembre 15, 2014."},{"@type":"Organization","@id":"https:\/\/candas365.es\/noticias\/#organization","name":"Cand\u00e1s 365","description":"Cand\u00e1s 365 es un diario digital independiente, fundado en 2012, con base en Asturias. Informamos con rigor sobre actualidad, sociedad, cultura y ocio, con una mirada local y global.","url":"https:\/\/candas365.es\/noticias\/","email":"info@candas365.es","telephone":"+34652131393","foundingDate":"2012-06-10","logo":{"@type":"ImageObject","url":"https:\/\/candas365.es\/noticias\/wp-content\/uploads\/2024\/09\/Candas-365-Redes.jpg","@id":"https:\/\/candas365.es\/noticias\/el-area-sanitaria-del-nalon-comienza-realizar-ecografias-en-atencion-primaria\/#organizationLogo","width":1152,"height":864,"caption":"Cand\u00e1s 365 Redes"},"image":{"@id":"https:\/\/candas365.es\/noticias\/el-area-sanitaria-del-nalon-comienza-realizar-ecografias-en-atencion-primaria\/#organizationLogo"},"sameAs":["https:\/\/www.facebook.com\/Nachofdezber","https:\/\/x.com\/NabercoDigital","https:\/\/www.instagram.com\/nachofdezber\/","https:\/\/www.youtube.com\/channel\/UCZP-2wLEB9Rv6erhFmqVnvg"],"address":{"@id":"https:\/\/candas365.es\/noticias\/#postaladdress","@type":"PostalAddress","streetAddress":"san antonio 4, san antonio 4","postalCode":"33430","addressLocality":"Cand\u00e1s","addressRegion":"Asturias","addressCountry":"ES"}},{"@type":"Person","@id":"https:\/\/candas365.es\/noticias\/author\/admin\/#author","url":"https:\/\/candas365.es\/noticias\/author\/admin\/","name":"Cand\u00e1s 365","image":{"@type":"ImageObject","@id":"https:\/\/candas365.es\/noticias\/el-area-sanitaria-del-nalon-comienza-realizar-ecografias-en-atencion-primaria\/#authorImage","url":"https:\/\/secure.gravatar.com\/avatar\/496a8e03d0c493ede1718b7934145dbdf8d89be1036b0eec9544e1094c9de390?s=96&d=mm&r=g","width":96,"height":96,"caption":"Cand\u00e1s 365"},"sameAs":["https:\/\/www.facebook.com\/carrenoactualidad","https:\/\/twitter.com\/nbasturias","https:\/\/www.instagram.com\/nachofdezber\/","https:\/\/www.youtube.com\/channel\/UCZP-2wLEB9Rv6erhFmqVnvg"]},{"@type":"WebPage","@id":"https:\/\/candas365.es\/noticias\/el-area-sanitaria-del-nalon-comienza-realizar-ecografias-en-atencion-primaria\/#webpage","url":"https:\/\/candas365.es\/noticias\/el-area-sanitaria-del-nalon-comienza-realizar-ecografias-en-atencion-primaria\/","name":"El \u00e1rea sanitaria del Nal\u00f3n comienza a realizar ecograf\u00edas en Atenci\u00f3n Primaria | Cand\u00e1s 365","description":"El \u00c1rea Sanitaria VIII, con cabecera en Langreo, realiza desde hoy jueves ecograf\u00edas en el Centro de Salud de San Mart\u00edn del Rey Aurelio, lo que permitir\u00e1 a pacientes y profesionales obtener un diagn\u00f3stico m\u00e1s \u00e1gil sin necesidad de acudir al hospital. El Servicio de Salud del Principado de Asturias (Sespa) ha dotado al centro","inLanguage":"es-ES","isPartOf":{"@id":"https:\/\/candas365.es\/noticias\/#website"},"breadcrumb":{"@id":"https:\/\/candas365.es\/noticias\/el-area-sanitaria-del-nalon-comienza-realizar-ecografias-en-atencion-primaria\/#breadcrumblist"},"author":{"@id":"https:\/\/candas365.es\/noticias\/author\/admin\/#author"},"creator":{"@id":"https:\/\/candas365.es\/noticias\/author\/admin\/#author"},"image":{"@type":"ImageObject","url":"https:\/\/candas365.es\/noticias\/wp-content\/uploads\/2014\/09\/ecografia.jpg","@id":"https:\/\/candas365.es\/noticias\/el-area-sanitaria-del-nalon-comienza-realizar-ecografias-en-atencion-primaria\/#mainImage","width":614,"height":346},"primaryImageOfPage":{"@id":"https:\/\/candas365.es\/noticias\/el-area-sanitaria-del-nalon-comienza-realizar-ecografias-en-atencion-primaria\/#mainImage"},"datePublished":"2014-09-15T06:39:02+02:00","dateModified":"2014-09-15T06:39:02+02:00"},{"@type":"WebSite","@id":"https:\/\/candas365.es\/noticias\/#website","url":"https:\/\/candas365.es\/noticias\/","name":"Cand\u00e1s 365","alternateName":"Cand\u00e1s 365 Noticias","description":"Actualidad desde Carre\u00f1o para el mundo","inLanguage":"es-ES","publisher":{"@id":"https:\/\/candas365.es\/noticias\/#organization"}}]},"og:locale":"es_ES","og:site_name":"Cand\u00e1s 365","og:type":"article","og:title":"El \u00e1rea sanitaria del Nal\u00f3n comienza a realizar ecograf\u00edas en Atenci\u00f3n Primaria | Cand\u00e1s 365","og:description":"El \u00c1rea Sanitaria VIII, con cabecera en Langreo, realiza desde hoy jueves ecograf\u00edas en el Centro de Salud de San Mart\u00edn del Rey Aurelio, lo que permitir\u00e1 a pacientes y profesionales obtener un diagn\u00f3stico m\u00e1s \u00e1gil sin necesidad de acudir al hospital. El Servicio de Salud del Principado de Asturias (Sespa) ha dotado al centro","og:url":"https:\/\/candas365.es\/noticias\/el-area-sanitaria-del-nalon-comienza-realizar-ecografias-en-atencion-primaria\/","og:image":"https:\/\/candas365.es\/noticias\/wp-content\/uploads\/2014\/09\/ecografia.jpg","og:image:secure_url":"https:\/\/candas365.es\/noticias\/wp-content\/uploads\/2014\/09\/ecografia.jpg","og:image:width":614,"og:image:height":346,"article:published_time":"2014-09-15T08:39:02+00:00","article:modified_time":"2014-09-15T08:39:02+00:00","article:publisher":"https:\/\/www.facebook.com\/Nachofdezber","article:author":"https:\/\/www.facebook.com\/carrenoactualidad","twitter:card":"summary_large_image","twitter:site":"@NabercoDigital","twitter:title":"El \u00e1rea sanitaria del Nal\u00f3n comienza a realizar ecograf\u00edas en Atenci\u00f3n Primaria | Cand\u00e1s 365","twitter:description":"El \u00c1rea Sanitaria VIII, con cabecera en Langreo, realiza desde hoy jueves ecograf\u00edas en el Centro de Salud de San Mart\u00edn del Rey Aurelio, lo que permitir\u00e1 a pacientes y profesionales obtener un diagn\u00f3stico m\u00e1s \u00e1gil sin necesidad de acudir al hospital. El Servicio de Salud del Principado de Asturias (Sespa) ha dotado al centro","twitter:creator":"@nbasturias","twitter:image":"https:\/\/candas365.es\/noticias\/wp-content\/uploads\/2014\/09\/ecografia.jpg","twitter:label1":"Escrito por","twitter:data1":"Cand\u00e1s 365","twitter:label2":"Tiempo de lectura estimado","twitter:data2":"2 minutos"},"aioseo_meta_data":{"post_id":"46","title":null,"description":null,"keywords":null,"keyphrases":null,"primary_term":null,"canonical_url":null,"og_title":null,"og_description":null,"og_object_type":"default","og_image_type":"default","og_image_url":null,"og_image_width":null,"og_image_height":null,"og_image_custom_url":null,"og_image_custom_fields":null,"og_video":null,"og_custom_url":null,"og_article_section":null,"og_article_tags":null,"twitter_use_og":false,"twitter_card":"default","twitter_image_type":"default","twitter_image_url":null,"twitter_image_custom_url":null,"twitter_image_custom_fields":null,"twitter_title":null,"twitter_description":null,"schema":{"blockGraphs":[],"customGraphs":[],"default":{"data":{"Article":[],"Course":[],"Dataset":[],"FAQPage":[],"Movie":[],"Person":[],"Product":[],"ProductReview":[],"Car":[],"Recipe":[],"Service":[],"SoftwareApplication":[],"WebPage":[]},"graphName":"","isEnabled":true},"graphs":[],"defaultGraph":"","defaultPostTypeGraph":""},"schema_type":null,"schema_type_options":null,"pillar_content":false,"robots_default":true,"robots_noindex":false,"robots_noarchive":false,"robots_nosnippet":false,"robots_nofollow":false,"robots_noimageindex":false,"robots_noodp":false,"robots_notranslate":false,"robots_max_snippet":null,"robots_max_videopreview":null,"robots_max_imagepreview":"large","priority":null,"frequency":null,"location":null,"local_seo":null,"seo_analyzer_scan_date":"2025-08-22 19:56:18","breadcrumb_settings":null,"limit_modified_date":false,"reviewed_by":null,"open_ai":null,"ai":null,"created":"2020-12-21 10:36:59","updated":"2025-08-22 19:56:18"},"aioseo_breadcrumb":"<div class=\"aioseo-breadcrumbs\"><span class=\"aioseo-breadcrumb\">\n\t<a href=\"https:\/\/candas365.es\/noticias\" title=\"Home\">Home<\/a>\n<\/span><span class=\"aioseo-breadcrumb-separator\">&ndash;<\/span><span class=\"aioseo-breadcrumb\">\n\t<a href=\"https:\/\/candas365.es\/noticias\/category\/asturias\/\" title=\"Asturias\">Asturias<\/a>\n<\/span><span class=\"aioseo-breadcrumb-separator\">&ndash;<\/span><span class=\"aioseo-breadcrumb\">\n\tEl \u00e1rea sanitaria del Nal\u00f3n comienza a realizar ecograf\u00edas en Atenci\u00f3n Primaria\n<\/span><\/div>","aioseo_breadcrumb_json":[{"label":"Home","link":"https:\/\/candas365.es\/noticias"},{"label":"Asturias","link":"https:\/\/candas365.es\/noticias\/category\/asturias\/"},{"label":"El \u00e1rea sanitaria del Nal\u00f3n comienza a realizar ecograf\u00edas en Atenci\u00f3n Primaria","link":"https:\/\/candas365.es\/noticias\/el-area-sanitaria-del-nalon-comienza-realizar-ecografias-en-atencion-primaria\/"}],"_links":{"self":[{"href":"https:\/\/candas365.es\/noticias\/wp-json\/wp\/v2\/posts\/46","targetHints":{"allow":["GET"]}}],"collection":[{"href":"https:\/\/candas365.es\/noticias\/wp-json\/wp\/v2\/posts"}],"about":[{"href":"https:\/\/candas365.es\/noticias\/wp-json\/wp\/v2\/types\/post"}],"author":[{"embeddable":true,"href":"https:\/\/candas365.es\/noticias\/wp-json\/wp\/v2\/users\/1"}],"replies":[{"embeddable":true,"href":"https:\/\/candas365.es\/noticias\/wp-json\/wp\/v2\/comments?post=46"}],"version-history":[{"count":0,"href":"https:\/\/candas365.es\/noticias\/wp-json\/wp\/v2\/posts\/46\/revisions"}],"wp:featuredmedia":[{"embeddable":true,"href":"https:\/\/candas365.es\/noticias\/wp-json\/wp\/v2\/media\/47"}],"wp:attachment":[{"href":"https:\/\/candas365.es\/noticias\/wp-json\/wp\/v2\/media?parent=46"}],"wp:term":[{"taxonomy":"category","embeddable":true,"href":"https:\/\/candas365.es\/noticias\/wp-json\/wp\/v2\/categories?post=46"},{"taxonomy":"post_tag","embeddable":true,"href":"https:\/\/candas365.es\/noticias\/wp-json\/wp\/v2\/tags?post=46"}],"curies":[{"name":"wp","href":"https:\/\/api.w.org\/{rel}","templated":true}]}}