{"id":4497,"date":"2014-10-27T17:47:30","date_gmt":"2014-10-27T19:47:30","guid":{"rendered":"http:\/\/candas365.es\/noticias\/?p=4497"},"modified":"2014-10-27T17:47:30","modified_gmt":"2014-10-27T19:47:30","slug":"la-orbita-terrestre-afecta-a-la-estabilidad-de-la-antartida","status":"publish","type":"post","link":"https:\/\/candas365.es\/noticias\/la-orbita-terrestre-afecta-a-la-estabilidad-de-la-antartida\/","title":{"rendered":"La \u00f3rbita terrestre afecta a la estabilidad de la Ant\u00e1rtida"},"content":{"rendered":"<p>S<img fetchpriority=\"high\" decoding=\"async\" class=\"alignleft size-medium wp-image-4498\" src=\"https:\/\/candas365.es\/noticias\/wp-content\/uploads\/2014\/10\/La-orbita-terrestre-afecta-a-la-estabilidad-de-la-Antartida_image_380-360x190.jpg\" alt=\"La-orbita-terrestre-afecta-a-la-estabilidad-de-la-Antartida_image_380\" width=\"360\" height=\"190\" \/>inc &#8211; Un equipo liderado por el Consejo Superior de Investigaciones Cient\u00edficas ha descubierto que existe relaci\u00f3n directa entre los cambios de la \u00f3rbita terrestre y la estabilidad del casquete oriental ant\u00e1rtico, concretamente en el margen continental de la Tierra de Wilkes (Ant\u00e1rtida Oriental). En el estudio, que se publica en la revista Nature Geosciences, han participado 29 cient\u00edficos de 12 pa\u00edses.<\/p>\n<p>Este trabajo se basa en el an\u00e1lisis de sedimentos marinos que fueron transportados por icebergs hace entre 2,2 y 4,3 millones de a\u00f1os, y que se han recogido durante una expedici\u00f3n del Integrated Ocean Drilling Program. Los datos obtenidos revelan que procesos clim\u00e1ticos naturales pueden aumentar la respuesta de los casquetes polares ante cambios de energ\u00eda relativamente peque\u00f1os derivados de las modificaciones en la \u00f3rbita terrestre; se pueden producir subidas y bajadas del nivel del mar de decenas de metros.<\/p>\n<blockquote><p>Este trabajo se basa en el an\u00e1lisis de sedimentos marinos que fueron transportados por icebergs hace entre 2,2 y 4,3 millones de a\u00f1os<\/p><\/blockquote>\n<p>El estudio muestra que hace 2,5 millones de a\u00f1os, cuando las concentraciones de di\u00f3xido de carbono en la atm\u00f3sfera eran similares a las actuales, el deshielo del casquete oriental ant\u00e1rtico era generalizado.<\/p>\n<p>\u201cEste trabajo ayuda a resolver el misterio de c\u00f3mo contribuye la \u00f3rbita de la Tierra alrededor del Sol en la estabilidad de los casquetes de hielo\u201d, explica la investigadora del CSIC Carlota Escutia, del Instituto Andaluz de Ciencias de la Tierra, que ha liderado la expedici\u00f3n.<\/p>\n<p>Los gases de efecto invernadero<\/p>\n<p>\u201cLas emisiones de gases de efecto invernadero suponen, sin embargo, una aportaci\u00f3n energ\u00e9tica mucho mayor que la proporcionada por los cambios en la \u00f3rbita terrestre\u201d, apunta Escutia.<\/p>\n<p>El an\u00e1lisis de los sedimentos muestra que la estabilidad del mayor casquete de hielos terrestre est\u00e1 influenciada por la presencia de la banquisa de hielos en los oc\u00e9anos que rodean la Ant\u00e1rtida. La banquisa es agua de mar helada que forma un escudo protector alrededor del continente y de los casquetes de la Ant\u00e1rtida, y es susceptible al calentamiento de los oc\u00e9anos generado como consecuencia del aumento de los gases de efecto invernadero. \u201cLa desaparici\u00f3n de la banquisa puede traducirse en un deshielo de los casquetes y en subidas del nivel del mar de varios metros\u201d, a\u00f1ade Escutia.<\/p>\n<p>Hace millones de a\u00f1os, bajo condiciones de concentraciones de di\u00f3xido de carbono altas (como las actuales) y temperaturas del oc\u00e9ano un poco m\u00e1s elevadas que las que se registran en la actualidad, los oc\u00e9anos que rodean a la Ant\u00e1rtida no pudieron sostener la banquisa. Seg\u00fan destaca la investigadora del CSIC, \u201cla desaparici\u00f3n de este escudo protector permiti\u00f3 que las corrientes oce\u00e1nicas arrastradas por los vientos penetraran hasta la base de los casquetes, produciendo su deshielo\u201d.<\/p>\n<p>El estudio plantea un potencial deshielo generalizado del casquete oriental ant\u00e1rtico en el futuro si no se reducen los niveles de di\u00f3xido de carbono en la atm\u00f3sfera.<\/p>\n","protected":false},"excerpt":{"rendered":"<p>Sinc &#8211; Un equipo liderado por el Consejo Superior de Investigaciones Cient\u00edficas ha descubierto que existe relaci\u00f3n directa entre los cambios de la \u00f3rbita terrestre y la estabilidad del casquete oriental ant\u00e1rtico, concretamente en el margen continental de la Tierra de Wilkes (Ant\u00e1rtida Oriental). En el estudio, que se publica en la revista Nature Geosciences,<\/p>\n","protected":false},"author":1,"featured_media":4498,"comment_status":"closed","ping_status":"closed","sticky":false,"template":"","format":"standard","meta":{"footnotes":""},"categories":[343],"tags":[],"class_list":{"0":"post-4497","1":"post","2":"type-post","3":"status-publish","4":"format-standard","5":"has-post-thumbnail","7":"category-actualidad"},"aioseo_notices":[],"aioseo_head":"\n\t\t<!-- All in One SEO Pro 4.9.6.2 - aioseo.com -->\n\t<meta name=\"description\" content=\"Sinc - Un equipo liderado por el Consejo Superior de Investigaciones Cient\u00edficas ha descubierto que existe relaci\u00f3n directa entre los cambios de la \u00f3rbita terrestre y la estabilidad del casquete oriental ant\u00e1rtico, concretamente en el margen continental de la Tierra de Wilkes (Ant\u00e1rtida Oriental). En el estudio, que se publica en la revista Nature Geosciences,\" \/>\n\t<meta name=\"robots\" content=\"max-image-preview:large\" \/>\n\t<meta name=\"author\" content=\"Cand\u00e1s 365\"\/>\n\t<meta name=\"google-site-verification\" content=\"UA-32230408-1\" \/>\n\t<meta name=\"msvalidate.01\" content=\"354F3CDFB2DA171B47FBE9ABF1F88D5\" \/>\n\t<meta name=\"keywords\" content=\"actualidad\" \/>\n\t<link rel=\"canonical\" href=\"https:\/\/candas365.es\/noticias\/la-orbita-terrestre-afecta-a-la-estabilidad-de-la-antartida\/\" \/>\n\t<meta name=\"generator\" content=\"All in One SEO Pro (AIOSEO) 4.9.6.2\" \/>\n\t\t<meta property=\"og:locale\" content=\"es_ES\" \/>\n\t\t<meta property=\"og:site_name\" content=\"Cand\u00e1s 365\" \/>\n\t\t<meta property=\"og:type\" content=\"article\" \/>\n\t\t<meta property=\"og:title\" content=\"La \u00f3rbita terrestre afecta a la estabilidad de la Ant\u00e1rtida | Cand\u00e1s 365\" \/>\n\t\t<meta property=\"og:description\" content=\"Sinc - Un equipo liderado por el Consejo Superior de Investigaciones Cient\u00edficas ha descubierto que existe relaci\u00f3n directa entre los cambios de la \u00f3rbita terrestre y la estabilidad del casquete oriental ant\u00e1rtico, concretamente en el margen continental de la Tierra de Wilkes (Ant\u00e1rtida Oriental). En el estudio, que se publica en la revista Nature Geosciences,\" \/>\n\t\t<meta property=\"og:url\" content=\"https:\/\/candas365.es\/noticias\/la-orbita-terrestre-afecta-a-la-estabilidad-de-la-antartida\/\" \/>\n\t\t<meta property=\"og:image\" content=\"https:\/\/candas365.es\/noticias\/wp-content\/uploads\/2014\/10\/La-orbita-terrestre-afecta-a-la-estabilidad-de-la-Antartida_image_380.jpg\" \/>\n\t\t<meta property=\"og:image:secure_url\" content=\"https:\/\/candas365.es\/noticias\/wp-content\/uploads\/2014\/10\/La-orbita-terrestre-afecta-a-la-estabilidad-de-la-Antartida_image_380.jpg\" \/>\n\t\t<meta property=\"og:image:width\" content=\"718\" \/>\n\t\t<meta property=\"og:image:height\" content=\"380\" \/>\n\t\t<meta property=\"article:published_time\" content=\"2014-10-27T19:47:30+00:00\" \/>\n\t\t<meta property=\"article:modified_time\" content=\"2014-10-27T19:47:30+00:00\" \/>\n\t\t<meta property=\"article:publisher\" content=\"https:\/\/www.facebook.com\/Nachofdezber\" \/>\n\t\t<meta property=\"article:author\" content=\"https:\/\/www.facebook.com\/carrenoactualidad\" \/>\n\t\t<meta name=\"twitter:card\" content=\"summary_large_image\" \/>\n\t\t<meta name=\"twitter:site\" content=\"@NabercoDigital\" \/>\n\t\t<meta name=\"twitter:title\" content=\"La \u00f3rbita terrestre afecta a la estabilidad de la Ant\u00e1rtida | Cand\u00e1s 365\" \/>\n\t\t<meta name=\"twitter:description\" content=\"Sinc - Un equipo liderado por el Consejo Superior de Investigaciones Cient\u00edficas ha descubierto que existe relaci\u00f3n directa entre los cambios de la \u00f3rbita terrestre y la estabilidad del casquete oriental ant\u00e1rtico, concretamente en el margen continental de la Tierra de Wilkes (Ant\u00e1rtida Oriental). En el estudio, que se publica en la revista Nature Geosciences,\" \/>\n\t\t<meta name=\"twitter:creator\" content=\"@nbasturias\" \/>\n\t\t<meta name=\"twitter:image\" content=\"https:\/\/candas365.es\/noticias\/wp-content\/uploads\/2014\/10\/La-orbita-terrestre-afecta-a-la-estabilidad-de-la-Antartida_image_380.jpg\" \/>\n\t\t<meta name=\"twitter:label1\" content=\"Escrito por\" \/>\n\t\t<meta name=\"twitter:data1\" content=\"Cand\u00e1s 365\" \/>\n\t\t<meta name=\"twitter:label2\" content=\"Tiempo de lectura estimado\" \/>\n\t\t<meta name=\"twitter:data2\" content=\"3 minutos\" \/>\n\t\t<script type=\"application\/ld+json\" class=\"aioseo-schema\">\n\t\t\t{\"@context\":\"https:\\\/\\\/schema.org\",\"@graph\":[{\"@type\":\"BreadcrumbList\",\"@id\":\"https:\\\/\\\/candas365.es\\\/noticias\\\/la-orbita-terrestre-afecta-a-la-estabilidad-de-la-antartida\\\/#breadcrumblist\",\"itemListElement\":[{\"@type\":\"ListItem\",\"@id\":\"https:\\\/\\\/candas365.es\\\/noticias#listItem\",\"position\":1,\"name\":\"Home\",\"item\":\"https:\\\/\\\/candas365.es\\\/noticias\",\"nextItem\":{\"@type\":\"ListItem\",\"@id\":\"https:\\\/\\\/candas365.es\\\/noticias\\\/category\\\/actualidad\\\/#listItem\",\"name\":\"Actualidad\"}},{\"@type\":\"ListItem\",\"@id\":\"https:\\\/\\\/candas365.es\\\/noticias\\\/category\\\/actualidad\\\/#listItem\",\"position\":2,\"name\":\"Actualidad\",\"item\":\"https:\\\/\\\/candas365.es\\\/noticias\\\/category\\\/actualidad\\\/\",\"nextItem\":{\"@type\":\"ListItem\",\"@id\":\"https:\\\/\\\/candas365.es\\\/noticias\\\/la-orbita-terrestre-afecta-a-la-estabilidad-de-la-antartida\\\/#listItem\",\"name\":\"La \\u00f3rbita terrestre afecta a la estabilidad de la Ant\\u00e1rtida\"},\"previousItem\":{\"@type\":\"ListItem\",\"@id\":\"https:\\\/\\\/candas365.es\\\/noticias#listItem\",\"name\":\"Home\"}},{\"@type\":\"ListItem\",\"@id\":\"https:\\\/\\\/candas365.es\\\/noticias\\\/la-orbita-terrestre-afecta-a-la-estabilidad-de-la-antartida\\\/#listItem\",\"position\":3,\"name\":\"La \\u00f3rbita terrestre afecta a la estabilidad de la Ant\\u00e1rtida\",\"previousItem\":{\"@type\":\"ListItem\",\"@id\":\"https:\\\/\\\/candas365.es\\\/noticias\\\/category\\\/actualidad\\\/#listItem\",\"name\":\"Actualidad\"}}]},{\"@type\":\"NewsArticle\",\"@id\":\"https:\\\/\\\/candas365.es\\\/noticias\\\/la-orbita-terrestre-afecta-a-la-estabilidad-de-la-antartida\\\/#newsarticle\",\"name\":\"La \\u00f3rbita terrestre afecta a la estabilidad de la Ant\\u00e1rtida | Cand\\u00e1s 365\",\"headline\":\"La \\u00f3rbita terrestre afecta a la estabilidad de la Ant\\u00e1rtida\",\"author\":{\"@id\":\"https:\\\/\\\/candas365.es\\\/noticias\\\/author\\\/admin\\\/#author\"},\"publisher\":{\"@id\":\"https:\\\/\\\/candas365.es\\\/noticias\\\/#organization\"},\"image\":{\"@type\":\"ImageObject\",\"url\":\"https:\\\/\\\/candas365.es\\\/noticias\\\/wp-content\\\/uploads\\\/2014\\\/10\\\/La-orbita-terrestre-afecta-a-la-estabilidad-de-la-Antartida_image_380.jpg\",\"width\":718,\"height\":380},\"datePublished\":\"2014-10-27T17:47:30+01:00\",\"dateModified\":\"2014-10-27T17:47:30+01:00\",\"inLanguage\":\"es-ES\",\"mainEntityOfPage\":{\"@id\":\"https:\\\/\\\/candas365.es\\\/noticias\\\/la-orbita-terrestre-afecta-a-la-estabilidad-de-la-antartida\\\/#webpage\"},\"isPartOf\":{\"@id\":\"https:\\\/\\\/candas365.es\\\/noticias\\\/la-orbita-terrestre-afecta-a-la-estabilidad-de-la-antartida\\\/#webpage\"},\"articleSection\":\"Actualidad\",\"dateline\":\"Publicado el octubre 27, 2014.\"},{\"@type\":\"Organization\",\"@id\":\"https:\\\/\\\/candas365.es\\\/noticias\\\/#organization\",\"name\":\"Cand\\u00e1s 365\",\"description\":\"Cand\\u00e1s 365 es un diario digital independiente, fundado en 2012, con base en Asturias. Informamos con rigor sobre actualidad, sociedad, cultura y ocio, con una mirada local y global.\",\"url\":\"https:\\\/\\\/candas365.es\\\/noticias\\\/\",\"email\":\"info@candas365.es\",\"telephone\":\"+34652131393\",\"foundingDate\":\"2012-06-10\",\"logo\":{\"@type\":\"ImageObject\",\"url\":\"https:\\\/\\\/candas365.es\\\/noticias\\\/wp-content\\\/uploads\\\/2024\\\/09\\\/Candas-365-Redes.jpg\",\"@id\":\"https:\\\/\\\/candas365.es\\\/noticias\\\/la-orbita-terrestre-afecta-a-la-estabilidad-de-la-antartida\\\/#organizationLogo\",\"width\":1152,\"height\":864,\"caption\":\"Cand\\u00e1s 365 Redes\"},\"image\":{\"@id\":\"https:\\\/\\\/candas365.es\\\/noticias\\\/la-orbita-terrestre-afecta-a-la-estabilidad-de-la-antartida\\\/#organizationLogo\"},\"sameAs\":[\"https:\\\/\\\/www.facebook.com\\\/Nachofdezber\",\"https:\\\/\\\/x.com\\\/NabercoDigital\",\"https:\\\/\\\/www.instagram.com\\\/nachofdezber\\\/\",\"https:\\\/\\\/www.youtube.com\\\/channel\\\/UCZP-2wLEB9Rv6erhFmqVnvg\"],\"address\":{\"@id\":\"https:\\\/\\\/candas365.es\\\/noticias\\\/#postaladdress\",\"@type\":\"PostalAddress\",\"streetAddress\":\"san antonio 4, san antonio 4\",\"postalCode\":\"33430\",\"addressLocality\":\"Cand\\u00e1s\",\"addressRegion\":\"Asturias\",\"addressCountry\":\"ES\"}},{\"@type\":\"Person\",\"@id\":\"https:\\\/\\\/candas365.es\\\/noticias\\\/author\\\/admin\\\/#author\",\"url\":\"https:\\\/\\\/candas365.es\\\/noticias\\\/author\\\/admin\\\/\",\"name\":\"Cand\\u00e1s 365\",\"image\":{\"@type\":\"ImageObject\",\"@id\":\"https:\\\/\\\/candas365.es\\\/noticias\\\/la-orbita-terrestre-afecta-a-la-estabilidad-de-la-antartida\\\/#authorImage\",\"url\":\"https:\\\/\\\/secure.gravatar.com\\\/avatar\\\/496a8e03d0c493ede1718b7934145dbdf8d89be1036b0eec9544e1094c9de390?s=96&d=mm&r=g\",\"width\":96,\"height\":96,\"caption\":\"Cand\\u00e1s 365\"},\"sameAs\":[\"https:\\\/\\\/www.facebook.com\\\/carrenoactualidad\",\"https:\\\/\\\/twitter.com\\\/nbasturias\",\"https:\\\/\\\/www.instagram.com\\\/nachofdezber\\\/\",\"https:\\\/\\\/www.youtube.com\\\/channel\\\/UCZP-2wLEB9Rv6erhFmqVnvg\"]},{\"@type\":\"WebPage\",\"@id\":\"https:\\\/\\\/candas365.es\\\/noticias\\\/la-orbita-terrestre-afecta-a-la-estabilidad-de-la-antartida\\\/#webpage\",\"url\":\"https:\\\/\\\/candas365.es\\\/noticias\\\/la-orbita-terrestre-afecta-a-la-estabilidad-de-la-antartida\\\/\",\"name\":\"La \\u00f3rbita terrestre afecta a la estabilidad de la Ant\\u00e1rtida | Cand\\u00e1s 365\",\"description\":\"Sinc - Un equipo liderado por el Consejo Superior de Investigaciones Cient\\u00edficas ha descubierto que existe relaci\\u00f3n directa entre los cambios de la \\u00f3rbita terrestre y la estabilidad del casquete oriental ant\\u00e1rtico, concretamente en el margen continental de la Tierra de Wilkes (Ant\\u00e1rtida Oriental). En el estudio, que se publica en la revista Nature Geosciences,\",\"inLanguage\":\"es-ES\",\"isPartOf\":{\"@id\":\"https:\\\/\\\/candas365.es\\\/noticias\\\/#website\"},\"breadcrumb\":{\"@id\":\"https:\\\/\\\/candas365.es\\\/noticias\\\/la-orbita-terrestre-afecta-a-la-estabilidad-de-la-antartida\\\/#breadcrumblist\"},\"author\":{\"@id\":\"https:\\\/\\\/candas365.es\\\/noticias\\\/author\\\/admin\\\/#author\"},\"creator\":{\"@id\":\"https:\\\/\\\/candas365.es\\\/noticias\\\/author\\\/admin\\\/#author\"},\"image\":{\"@type\":\"ImageObject\",\"url\":\"https:\\\/\\\/candas365.es\\\/noticias\\\/wp-content\\\/uploads\\\/2014\\\/10\\\/La-orbita-terrestre-afecta-a-la-estabilidad-de-la-Antartida_image_380.jpg\",\"@id\":\"https:\\\/\\\/candas365.es\\\/noticias\\\/la-orbita-terrestre-afecta-a-la-estabilidad-de-la-antartida\\\/#mainImage\",\"width\":718,\"height\":380},\"primaryImageOfPage\":{\"@id\":\"https:\\\/\\\/candas365.es\\\/noticias\\\/la-orbita-terrestre-afecta-a-la-estabilidad-de-la-antartida\\\/#mainImage\"},\"datePublished\":\"2014-10-27T17:47:30+01:00\",\"dateModified\":\"2014-10-27T17:47:30+01:00\"},{\"@type\":\"WebSite\",\"@id\":\"https:\\\/\\\/candas365.es\\\/noticias\\\/#website\",\"url\":\"https:\\\/\\\/candas365.es\\\/noticias\\\/\",\"name\":\"Cand\\u00e1s 365\",\"alternateName\":\"Cand\\u00e1s 365 Noticias\",\"description\":\"Actualidad desde Carre\\u00f1o para el mundo\",\"inLanguage\":\"es-ES\",\"publisher\":{\"@id\":\"https:\\\/\\\/candas365.es\\\/noticias\\\/#organization\"}}]}\n\t\t<\/script>\n\t\t<!-- All in One SEO Pro -->\r\n\t\t<title>La \u00f3rbita terrestre afecta a la estabilidad de la Ant\u00e1rtida | Cand\u00e1s 365<\/title>\n\n","aioseo_head_json":{"title":"La \u00f3rbita terrestre afecta a la estabilidad de la Ant\u00e1rtida | Cand\u00e1s 365","description":"Sinc - Un equipo liderado por el Consejo Superior de Investigaciones Cient\u00edficas ha descubierto que existe relaci\u00f3n directa entre los cambios de la \u00f3rbita terrestre y la estabilidad del casquete oriental ant\u00e1rtico, concretamente en el margen continental de la Tierra de Wilkes (Ant\u00e1rtida Oriental). En el estudio, que se publica en la revista Nature Geosciences,","canonical_url":"https:\/\/candas365.es\/noticias\/la-orbita-terrestre-afecta-a-la-estabilidad-de-la-antartida\/","robots":"max-image-preview:large","keywords":"actualidad","webmasterTools":{"google-site-verification":"UA-32230408-1","msvalidate.01":"354F3CDFB2DA171B47FBE9ABF1F88D5","miscellaneous":""},"schema":{"@context":"https:\/\/schema.org","@graph":[{"@type":"BreadcrumbList","@id":"https:\/\/candas365.es\/noticias\/la-orbita-terrestre-afecta-a-la-estabilidad-de-la-antartida\/#breadcrumblist","itemListElement":[{"@type":"ListItem","@id":"https:\/\/candas365.es\/noticias#listItem","position":1,"name":"Home","item":"https:\/\/candas365.es\/noticias","nextItem":{"@type":"ListItem","@id":"https:\/\/candas365.es\/noticias\/category\/actualidad\/#listItem","name":"Actualidad"}},{"@type":"ListItem","@id":"https:\/\/candas365.es\/noticias\/category\/actualidad\/#listItem","position":2,"name":"Actualidad","item":"https:\/\/candas365.es\/noticias\/category\/actualidad\/","nextItem":{"@type":"ListItem","@id":"https:\/\/candas365.es\/noticias\/la-orbita-terrestre-afecta-a-la-estabilidad-de-la-antartida\/#listItem","name":"La \u00f3rbita terrestre afecta a la estabilidad de la Ant\u00e1rtida"},"previousItem":{"@type":"ListItem","@id":"https:\/\/candas365.es\/noticias#listItem","name":"Home"}},{"@type":"ListItem","@id":"https:\/\/candas365.es\/noticias\/la-orbita-terrestre-afecta-a-la-estabilidad-de-la-antartida\/#listItem","position":3,"name":"La \u00f3rbita terrestre afecta a la estabilidad de la Ant\u00e1rtida","previousItem":{"@type":"ListItem","@id":"https:\/\/candas365.es\/noticias\/category\/actualidad\/#listItem","name":"Actualidad"}}]},{"@type":"NewsArticle","@id":"https:\/\/candas365.es\/noticias\/la-orbita-terrestre-afecta-a-la-estabilidad-de-la-antartida\/#newsarticle","name":"La \u00f3rbita terrestre afecta a la estabilidad de la Ant\u00e1rtida | Cand\u00e1s 365","headline":"La \u00f3rbita terrestre afecta a la estabilidad de la Ant\u00e1rtida","author":{"@id":"https:\/\/candas365.es\/noticias\/author\/admin\/#author"},"publisher":{"@id":"https:\/\/candas365.es\/noticias\/#organization"},"image":{"@type":"ImageObject","url":"https:\/\/candas365.es\/noticias\/wp-content\/uploads\/2014\/10\/La-orbita-terrestre-afecta-a-la-estabilidad-de-la-Antartida_image_380.jpg","width":718,"height":380},"datePublished":"2014-10-27T17:47:30+01:00","dateModified":"2014-10-27T17:47:30+01:00","inLanguage":"es-ES","mainEntityOfPage":{"@id":"https:\/\/candas365.es\/noticias\/la-orbita-terrestre-afecta-a-la-estabilidad-de-la-antartida\/#webpage"},"isPartOf":{"@id":"https:\/\/candas365.es\/noticias\/la-orbita-terrestre-afecta-a-la-estabilidad-de-la-antartida\/#webpage"},"articleSection":"Actualidad","dateline":"Publicado el octubre 27, 2014."},{"@type":"Organization","@id":"https:\/\/candas365.es\/noticias\/#organization","name":"Cand\u00e1s 365","description":"Cand\u00e1s 365 es un diario digital independiente, fundado en 2012, con base en Asturias. Informamos con rigor sobre actualidad, sociedad, cultura y ocio, con una mirada local y global.","url":"https:\/\/candas365.es\/noticias\/","email":"info@candas365.es","telephone":"+34652131393","foundingDate":"2012-06-10","logo":{"@type":"ImageObject","url":"https:\/\/candas365.es\/noticias\/wp-content\/uploads\/2024\/09\/Candas-365-Redes.jpg","@id":"https:\/\/candas365.es\/noticias\/la-orbita-terrestre-afecta-a-la-estabilidad-de-la-antartida\/#organizationLogo","width":1152,"height":864,"caption":"Cand\u00e1s 365 Redes"},"image":{"@id":"https:\/\/candas365.es\/noticias\/la-orbita-terrestre-afecta-a-la-estabilidad-de-la-antartida\/#organizationLogo"},"sameAs":["https:\/\/www.facebook.com\/Nachofdezber","https:\/\/x.com\/NabercoDigital","https:\/\/www.instagram.com\/nachofdezber\/","https:\/\/www.youtube.com\/channel\/UCZP-2wLEB9Rv6erhFmqVnvg"],"address":{"@id":"https:\/\/candas365.es\/noticias\/#postaladdress","@type":"PostalAddress","streetAddress":"san antonio 4, san antonio 4","postalCode":"33430","addressLocality":"Cand\u00e1s","addressRegion":"Asturias","addressCountry":"ES"}},{"@type":"Person","@id":"https:\/\/candas365.es\/noticias\/author\/admin\/#author","url":"https:\/\/candas365.es\/noticias\/author\/admin\/","name":"Cand\u00e1s 365","image":{"@type":"ImageObject","@id":"https:\/\/candas365.es\/noticias\/la-orbita-terrestre-afecta-a-la-estabilidad-de-la-antartida\/#authorImage","url":"https:\/\/secure.gravatar.com\/avatar\/496a8e03d0c493ede1718b7934145dbdf8d89be1036b0eec9544e1094c9de390?s=96&d=mm&r=g","width":96,"height":96,"caption":"Cand\u00e1s 365"},"sameAs":["https:\/\/www.facebook.com\/carrenoactualidad","https:\/\/twitter.com\/nbasturias","https:\/\/www.instagram.com\/nachofdezber\/","https:\/\/www.youtube.com\/channel\/UCZP-2wLEB9Rv6erhFmqVnvg"]},{"@type":"WebPage","@id":"https:\/\/candas365.es\/noticias\/la-orbita-terrestre-afecta-a-la-estabilidad-de-la-antartida\/#webpage","url":"https:\/\/candas365.es\/noticias\/la-orbita-terrestre-afecta-a-la-estabilidad-de-la-antartida\/","name":"La \u00f3rbita terrestre afecta a la estabilidad de la Ant\u00e1rtida | Cand\u00e1s 365","description":"Sinc - Un equipo liderado por el Consejo Superior de Investigaciones Cient\u00edficas ha descubierto que existe relaci\u00f3n directa entre los cambios de la \u00f3rbita terrestre y la estabilidad del casquete oriental ant\u00e1rtico, concretamente en el margen continental de la Tierra de Wilkes (Ant\u00e1rtida Oriental). En el estudio, que se publica en la revista Nature Geosciences,","inLanguage":"es-ES","isPartOf":{"@id":"https:\/\/candas365.es\/noticias\/#website"},"breadcrumb":{"@id":"https:\/\/candas365.es\/noticias\/la-orbita-terrestre-afecta-a-la-estabilidad-de-la-antartida\/#breadcrumblist"},"author":{"@id":"https:\/\/candas365.es\/noticias\/author\/admin\/#author"},"creator":{"@id":"https:\/\/candas365.es\/noticias\/author\/admin\/#author"},"image":{"@type":"ImageObject","url":"https:\/\/candas365.es\/noticias\/wp-content\/uploads\/2014\/10\/La-orbita-terrestre-afecta-a-la-estabilidad-de-la-Antartida_image_380.jpg","@id":"https:\/\/candas365.es\/noticias\/la-orbita-terrestre-afecta-a-la-estabilidad-de-la-antartida\/#mainImage","width":718,"height":380},"primaryImageOfPage":{"@id":"https:\/\/candas365.es\/noticias\/la-orbita-terrestre-afecta-a-la-estabilidad-de-la-antartida\/#mainImage"},"datePublished":"2014-10-27T17:47:30+01:00","dateModified":"2014-10-27T17:47:30+01:00"},{"@type":"WebSite","@id":"https:\/\/candas365.es\/noticias\/#website","url":"https:\/\/candas365.es\/noticias\/","name":"Cand\u00e1s 365","alternateName":"Cand\u00e1s 365 Noticias","description":"Actualidad desde Carre\u00f1o para el mundo","inLanguage":"es-ES","publisher":{"@id":"https:\/\/candas365.es\/noticias\/#organization"}}]},"og:locale":"es_ES","og:site_name":"Cand\u00e1s 365","og:type":"article","og:title":"La \u00f3rbita terrestre afecta a la estabilidad de la Ant\u00e1rtida | Cand\u00e1s 365","og:description":"Sinc - Un equipo liderado por el Consejo Superior de Investigaciones Cient\u00edficas ha descubierto que existe relaci\u00f3n directa entre los cambios de la \u00f3rbita terrestre y la estabilidad del casquete oriental ant\u00e1rtico, concretamente en el margen continental de la Tierra de Wilkes (Ant\u00e1rtida Oriental). En el estudio, que se publica en la revista Nature Geosciences,","og:url":"https:\/\/candas365.es\/noticias\/la-orbita-terrestre-afecta-a-la-estabilidad-de-la-antartida\/","og:image":"https:\/\/candas365.es\/noticias\/wp-content\/uploads\/2014\/10\/La-orbita-terrestre-afecta-a-la-estabilidad-de-la-Antartida_image_380.jpg","og:image:secure_url":"https:\/\/candas365.es\/noticias\/wp-content\/uploads\/2014\/10\/La-orbita-terrestre-afecta-a-la-estabilidad-de-la-Antartida_image_380.jpg","og:image:width":718,"og:image:height":380,"article:published_time":"2014-10-27T19:47:30+00:00","article:modified_time":"2014-10-27T19:47:30+00:00","article:publisher":"https:\/\/www.facebook.com\/Nachofdezber","article:author":"https:\/\/www.facebook.com\/carrenoactualidad","twitter:card":"summary_large_image","twitter:site":"@NabercoDigital","twitter:title":"La \u00f3rbita terrestre afecta a la estabilidad de la Ant\u00e1rtida | Cand\u00e1s 365","twitter:description":"Sinc - Un equipo liderado por el Consejo Superior de Investigaciones Cient\u00edficas ha descubierto que existe relaci\u00f3n directa entre los cambios de la \u00f3rbita terrestre y la estabilidad del casquete oriental ant\u00e1rtico, concretamente en el margen continental de la Tierra de Wilkes (Ant\u00e1rtida Oriental). En el estudio, que se publica en la revista Nature Geosciences,","twitter:creator":"@nbasturias","twitter:image":"https:\/\/candas365.es\/noticias\/wp-content\/uploads\/2014\/10\/La-orbita-terrestre-afecta-a-la-estabilidad-de-la-Antartida_image_380.jpg","twitter:label1":"Escrito por","twitter:data1":"Cand\u00e1s 365","twitter:label2":"Tiempo de lectura estimado","twitter:data2":"3 minutos"},"aioseo_meta_data":{"post_id":"4497","title":null,"description":null,"keywords":null,"keyphrases":null,"primary_term":null,"canonical_url":null,"og_title":null,"og_description":null,"og_object_type":"default","og_image_type":"default","og_image_url":null,"og_image_width":null,"og_image_height":null,"og_image_custom_url":null,"og_image_custom_fields":null,"og_video":null,"og_custom_url":null,"og_article_section":null,"og_article_tags":null,"twitter_use_og":false,"twitter_card":"default","twitter_image_type":"default","twitter_image_url":null,"twitter_image_custom_url":null,"twitter_image_custom_fields":null,"twitter_title":null,"twitter_description":null,"schema":{"blockGraphs":[],"customGraphs":[],"default":{"data":{"Article":[],"Course":[],"Dataset":[],"FAQPage":[],"Movie":[],"Person":[],"Product":[],"ProductReview":[],"Car":[],"Recipe":[],"Service":[],"SoftwareApplication":[],"WebPage":[]},"graphName":"","isEnabled":true},"graphs":[],"defaultGraph":"","defaultPostTypeGraph":""},"schema_type":null,"schema_type_options":null,"pillar_content":false,"robots_default":true,"robots_noindex":false,"robots_noarchive":false,"robots_nosnippet":false,"robots_nofollow":false,"robots_noimageindex":false,"robots_noodp":false,"robots_notranslate":false,"robots_max_snippet":null,"robots_max_videopreview":null,"robots_max_imagepreview":"large","priority":null,"frequency":null,"location":null,"local_seo":null,"seo_analyzer_scan_date":"2025-08-23 01:38:15","breadcrumb_settings":null,"limit_modified_date":false,"reviewed_by":null,"open_ai":null,"ai":null,"created":"2020-12-21 10:48:27","updated":"2025-08-23 01:38:15"},"aioseo_breadcrumb":"<div class=\"aioseo-breadcrumbs\"><span class=\"aioseo-breadcrumb\">\n\t<a href=\"https:\/\/candas365.es\/noticias\" title=\"Home\">Home<\/a>\n<\/span><span class=\"aioseo-breadcrumb-separator\">&ndash;<\/span><span class=\"aioseo-breadcrumb\">\n\t<a href=\"https:\/\/candas365.es\/noticias\/category\/actualidad\/\" title=\"Actualidad\">Actualidad<\/a>\n<\/span><span class=\"aioseo-breadcrumb-separator\">&ndash;<\/span><span class=\"aioseo-breadcrumb\">\n\tLa \u00f3rbita terrestre afecta a la estabilidad de la Ant\u00e1rtida\n<\/span><\/div>","aioseo_breadcrumb_json":[{"label":"Home","link":"https:\/\/candas365.es\/noticias"},{"label":"Actualidad","link":"https:\/\/candas365.es\/noticias\/category\/actualidad\/"},{"label":"La \u00f3rbita terrestre afecta a la estabilidad de la Ant\u00e1rtida","link":"https:\/\/candas365.es\/noticias\/la-orbita-terrestre-afecta-a-la-estabilidad-de-la-antartida\/"}],"_links":{"self":[{"href":"https:\/\/candas365.es\/noticias\/wp-json\/wp\/v2\/posts\/4497","targetHints":{"allow":["GET"]}}],"collection":[{"href":"https:\/\/candas365.es\/noticias\/wp-json\/wp\/v2\/posts"}],"about":[{"href":"https:\/\/candas365.es\/noticias\/wp-json\/wp\/v2\/types\/post"}],"author":[{"embeddable":true,"href":"https:\/\/candas365.es\/noticias\/wp-json\/wp\/v2\/users\/1"}],"replies":[{"embeddable":true,"href":"https:\/\/candas365.es\/noticias\/wp-json\/wp\/v2\/comments?post=4497"}],"version-history":[{"count":0,"href":"https:\/\/candas365.es\/noticias\/wp-json\/wp\/v2\/posts\/4497\/revisions"}],"wp:featuredmedia":[{"embeddable":true,"href":"https:\/\/candas365.es\/noticias\/wp-json\/wp\/v2\/media\/4498"}],"wp:attachment":[{"href":"https:\/\/candas365.es\/noticias\/wp-json\/wp\/v2\/media?parent=4497"}],"wp:term":[{"taxonomy":"category","embeddable":true,"href":"https:\/\/candas365.es\/noticias\/wp-json\/wp\/v2\/categories?post=4497"},{"taxonomy":"post_tag","embeddable":true,"href":"https:\/\/candas365.es\/noticias\/wp-json\/wp\/v2\/tags?post=4497"}],"curies":[{"name":"wp","href":"https:\/\/api.w.org\/{rel}","templated":true}]}}