{"id":43401,"date":"2017-02-21T23:33:09","date_gmt":"2017-02-21T23:33:09","guid":{"rendered":"http:\/\/candas365.es\/noticias\/?p=43401"},"modified":"2017-02-21T23:33:09","modified_gmt":"2017-02-21T23:33:09","slug":"coto-en-foro-no-aceptamos-los-guinos-esteticos-del-gobierno-asturiano","status":"publish","type":"post","link":"https:\/\/candas365.es\/noticias\/coto-en-foro-no-aceptamos-los-guinos-esteticos-del-gobierno-asturiano\/","title":{"rendered":"Coto: \u00abEn FORO no aceptamos los gui\u00f1os est\u00e9ticos del gobierno asturiano\u00bb"},"content":{"rendered":"<p><img fetchpriority=\"high\" decoding=\"async\" class=\"alignleft size-medium wp-image-18029\" src=\"https:\/\/candas365.es\/noticias\/wp-content\/uploads\/2015\/10\/Cristina-Coto-2-360x240.jpg\" alt=\"\" width=\"360\" height=\"240\" srcset=\"https:\/\/candas365.es\/noticias\/wp-content\/uploads\/2015\/10\/Cristina-Coto-2-360x240.jpg 360w, https:\/\/candas365.es\/noticias\/wp-content\/uploads\/2015\/10\/Cristina-Coto-2-650x434.jpg 650w, https:\/\/candas365.es\/noticias\/wp-content\/uploads\/2015\/10\/Cristina-Coto-2-768x513.jpg 768w, https:\/\/candas365.es\/noticias\/wp-content\/uploads\/2015\/10\/Cristina-Coto-2-150x100.jpg 150w, https:\/\/candas365.es\/noticias\/wp-content\/uploads\/2015\/10\/Cristina-Coto-2-450x300.jpg 450w, https:\/\/candas365.es\/noticias\/wp-content\/uploads\/2015\/10\/Cristina-Coto-2-655x437.jpg 655w, https:\/\/candas365.es\/noticias\/wp-content\/uploads\/2015\/10\/Cristina-Coto-2-696x465.jpg 696w, https:\/\/candas365.es\/noticias\/wp-content\/uploads\/2015\/10\/Cristina-Coto-2-629x420.jpg 629w, https:\/\/candas365.es\/noticias\/wp-content\/uploads\/2015\/10\/Cristina-Coto-2-84x55.jpg 84w, https:\/\/candas365.es\/noticias\/wp-content\/uploads\/2015\/10\/Cristina-Coto-2.jpg 800w\" sizes=\"(max-width: 360px) 100vw, 360px\" \/>La presidenta de FORO, Cristina Coto, ha considerado hoy \u201cinfumable\u201d el informe emitido por el Gobierno de Asturias para manifestar su criterio desfavorable a la Proposici\u00f3n de Ley presentada por FORO pidiendo la eliminaci\u00f3n del Impuesto de Sucesiones.<\/p>\n<p>\u201cEs muy poco serio aprovechar un Acuerdo del Gobierno, que debe fundarse exclusivamente en si \u2018implica un aumento de los cr\u00e9ditos o disminuci\u00f3n de los ingresos presupuestarios\u2019, evidentemente en el ejercicio presupuestario en curso, de acuerdo con el articulo 153 del reglamento de la C\u00e1mara, para espetar todo un mitin pol\u00edtico socialista acerca de los pocos impuestos que pagamos en Asturias\u201d, se\u00f1ala.<\/p>\n<p>En este sentido Cristina Coto afirm\u00f3 que \u201cel hecho de que el gobierno rechace la propuesta de eliminaci\u00f3n del impuesto de Sucesiones de FORO alegando que \u2018actualmente el 98% de las herencias no tributan\u2019 es una carcajada en la cara de todos los asturianos\u201d.<\/p>\n<p>\u201cPero es que adem\u00e1s aseguran que elevando el m\u00ednimo exento a 300.000, Ley cuya entrada en la C\u00e1mara estamos esperando, ya no pagar\u00e1n el 99% de los mismos, otra falacia\u201d, asegura.<\/p>\n<p>Para la presidenta de FORO, \u201cla gran contradicci\u00f3n es que reconocen que nuestra propuesta implicar\u00eda una p\u00e9rdida anual para el gobierno de 20 millones de euros, as\u00ed pues \u00bfen qu\u00e9 quedamos, no paga nadie en Asturias o pierden 20 millones al a\u00f1o? Que se aclaren\u201d.<\/p>\n<p>\u201cLa realidad \u2013contin\u00faa Cristina Coto- es que Asturias sigue siendo un infierno fiscal y, como vemos cada d\u00eda, donde muchos recursos son destinados a mantener una red clientelar de chiringuitos deficitarios y empufados mientras, en paralelo, el gobierno nos mantiene a la cola del crecimiento y de la generaci\u00f3n de empleo\u201d.<\/p>\n<p>\u201cEsta Proposici\u00f3n de Ley de FORO no afectar\u00eda nunca al actual ejercicio presupuestario por lo que el criterio desfavorable debe ser considerado manifiestamente infundado y someterse a votaci\u00f3n en la Junta General\u201d, asegura Cristina Coto.<\/p>\n<p>\u201cEn FORO no aceptamos los gui\u00f1os est\u00e9ticos del gobierno, este impuesto es un lastre que debe ser suprimido\u201d, concluye.<\/p>\n","protected":false},"excerpt":{"rendered":"<p>La presidenta de FORO, Cristina Coto, ha considerado hoy \u201cinfumable\u201d el informe emitido por el Gobierno de Asturias para manifestar su criterio desfavorable a la Proposici\u00f3n de Ley presentada por FORO pidiendo la eliminaci\u00f3n del Impuesto de Sucesiones. \u201cEs muy poco serio aprovechar un Acuerdo del Gobierno, que debe fundarse exclusivamente en si \u2018implica un<\/p>\n","protected":false},"author":1,"featured_media":18029,"comment_status":"closed","ping_status":"closed","sticky":false,"template":"","format":"standard","meta":{"footnotes":""},"categories":[343],"tags":[],"class_list":{"0":"post-43401","1":"post","2":"type-post","3":"status-publish","4":"format-standard","5":"has-post-thumbnail","7":"category-actualidad"},"aioseo_notices":[],"aioseo_head":"\n\t\t<!-- All in One SEO Pro 4.9.6.2 - aioseo.com -->\n\t<meta name=\"description\" content=\"La presidenta de FORO, Cristina Coto, ha considerado hoy \u201cinfumable\u201d el informe emitido por el Gobierno de Asturias para manifestar su criterio desfavorable a la Proposici\u00f3n de Ley presentada por FORO pidiendo la eliminaci\u00f3n del Impuesto de Sucesiones. \u201cEs muy poco serio aprovechar un Acuerdo del Gobierno, que debe fundarse exclusivamente en si \u2018implica un\" \/>\n\t<meta name=\"robots\" content=\"max-image-preview:large\" \/>\n\t<meta name=\"author\" content=\"Cand\u00e1s 365\"\/>\n\t<meta name=\"google-site-verification\" content=\"UA-32230408-1\" \/>\n\t<meta name=\"msvalidate.01\" content=\"354F3CDFB2DA171B47FBE9ABF1F88D5\" \/>\n\t<meta name=\"keywords\" content=\"actualidad\" \/>\n\t<link rel=\"canonical\" href=\"https:\/\/candas365.es\/noticias\/coto-en-foro-no-aceptamos-los-guinos-esteticos-del-gobierno-asturiano\/\" \/>\n\t<meta name=\"generator\" content=\"All in One SEO Pro (AIOSEO) 4.9.6.2\" \/>\n\t\t<meta property=\"og:locale\" content=\"es_ES\" \/>\n\t\t<meta property=\"og:site_name\" content=\"Cand\u00e1s 365\" \/>\n\t\t<meta property=\"og:type\" content=\"article\" \/>\n\t\t<meta property=\"og:title\" content=\"Coto: \u00abEn FORO no aceptamos los gui\u00f1os est\u00e9ticos del gobierno asturiano\u00bb | Cand\u00e1s 365\" \/>\n\t\t<meta property=\"og:description\" content=\"La presidenta de FORO, Cristina Coto, ha considerado hoy \u201cinfumable\u201d el informe emitido por el Gobierno de Asturias para manifestar su criterio desfavorable a la Proposici\u00f3n de Ley presentada por FORO pidiendo la eliminaci\u00f3n del Impuesto de Sucesiones. \u201cEs muy poco serio aprovechar un Acuerdo del Gobierno, que debe fundarse exclusivamente en si \u2018implica un\" \/>\n\t\t<meta property=\"og:url\" content=\"https:\/\/candas365.es\/noticias\/coto-en-foro-no-aceptamos-los-guinos-esteticos-del-gobierno-asturiano\/\" \/>\n\t\t<meta property=\"og:image\" content=\"https:\/\/candas365.es\/noticias\/wp-content\/uploads\/2015\/10\/Cristina-Coto-2.jpg\" \/>\n\t\t<meta property=\"og:image:secure_url\" content=\"https:\/\/candas365.es\/noticias\/wp-content\/uploads\/2015\/10\/Cristina-Coto-2.jpg\" \/>\n\t\t<meta property=\"og:image:width\" content=\"800\" \/>\n\t\t<meta property=\"og:image:height\" content=\"534\" \/>\n\t\t<meta property=\"article:published_time\" content=\"2017-02-21T23:33:09+00:00\" \/>\n\t\t<meta property=\"article:modified_time\" content=\"2017-02-21T23:33:09+00:00\" \/>\n\t\t<meta property=\"article:publisher\" content=\"https:\/\/www.facebook.com\/Nachofdezber\" \/>\n\t\t<meta property=\"article:author\" content=\"https:\/\/www.facebook.com\/carrenoactualidad\" \/>\n\t\t<meta name=\"twitter:card\" content=\"summary_large_image\" \/>\n\t\t<meta name=\"twitter:site\" content=\"@NabercoDigital\" \/>\n\t\t<meta name=\"twitter:title\" content=\"Coto: \u00abEn FORO no aceptamos los gui\u00f1os est\u00e9ticos del gobierno asturiano\u00bb | Cand\u00e1s 365\" \/>\n\t\t<meta name=\"twitter:description\" content=\"La presidenta de FORO, Cristina Coto, ha considerado hoy \u201cinfumable\u201d el informe emitido por el Gobierno de Asturias para manifestar su criterio desfavorable a la Proposici\u00f3n de Ley presentada por FORO pidiendo la eliminaci\u00f3n del Impuesto de Sucesiones. \u201cEs muy poco serio aprovechar un Acuerdo del Gobierno, que debe fundarse exclusivamente en si \u2018implica un\" \/>\n\t\t<meta name=\"twitter:creator\" content=\"@nbasturias\" \/>\n\t\t<meta name=\"twitter:image\" content=\"https:\/\/candas365.es\/noticias\/wp-content\/uploads\/2015\/10\/Cristina-Coto-2.jpg\" \/>\n\t\t<meta name=\"twitter:label1\" content=\"Escrito por\" \/>\n\t\t<meta name=\"twitter:data1\" content=\"Cand\u00e1s 365\" \/>\n\t\t<meta name=\"twitter:label2\" content=\"Tiempo de lectura estimado\" \/>\n\t\t<meta name=\"twitter:data2\" content=\"2 minutos\" \/>\n\t\t<script type=\"application\/ld+json\" class=\"aioseo-schema\">\n\t\t\t{\"@context\":\"https:\\\/\\\/schema.org\",\"@graph\":[{\"@type\":\"BreadcrumbList\",\"@id\":\"https:\\\/\\\/candas365.es\\\/noticias\\\/coto-en-foro-no-aceptamos-los-guinos-esteticos-del-gobierno-asturiano\\\/#breadcrumblist\",\"itemListElement\":[{\"@type\":\"ListItem\",\"@id\":\"https:\\\/\\\/candas365.es\\\/noticias#listItem\",\"position\":1,\"name\":\"Home\",\"item\":\"https:\\\/\\\/candas365.es\\\/noticias\",\"nextItem\":{\"@type\":\"ListItem\",\"@id\":\"https:\\\/\\\/candas365.es\\\/noticias\\\/category\\\/actualidad\\\/#listItem\",\"name\":\"Actualidad\"}},{\"@type\":\"ListItem\",\"@id\":\"https:\\\/\\\/candas365.es\\\/noticias\\\/category\\\/actualidad\\\/#listItem\",\"position\":2,\"name\":\"Actualidad\",\"item\":\"https:\\\/\\\/candas365.es\\\/noticias\\\/category\\\/actualidad\\\/\",\"nextItem\":{\"@type\":\"ListItem\",\"@id\":\"https:\\\/\\\/candas365.es\\\/noticias\\\/coto-en-foro-no-aceptamos-los-guinos-esteticos-del-gobierno-asturiano\\\/#listItem\",\"name\":\"Coto: \\u00abEn FORO no aceptamos los gui\\u00f1os est\\u00e9ticos del gobierno asturiano\\u00bb\"},\"previousItem\":{\"@type\":\"ListItem\",\"@id\":\"https:\\\/\\\/candas365.es\\\/noticias#listItem\",\"name\":\"Home\"}},{\"@type\":\"ListItem\",\"@id\":\"https:\\\/\\\/candas365.es\\\/noticias\\\/coto-en-foro-no-aceptamos-los-guinos-esteticos-del-gobierno-asturiano\\\/#listItem\",\"position\":3,\"name\":\"Coto: \\u00abEn FORO no aceptamos los gui\\u00f1os est\\u00e9ticos del gobierno asturiano\\u00bb\",\"previousItem\":{\"@type\":\"ListItem\",\"@id\":\"https:\\\/\\\/candas365.es\\\/noticias\\\/category\\\/actualidad\\\/#listItem\",\"name\":\"Actualidad\"}}]},{\"@type\":\"NewsArticle\",\"@id\":\"https:\\\/\\\/candas365.es\\\/noticias\\\/coto-en-foro-no-aceptamos-los-guinos-esteticos-del-gobierno-asturiano\\\/#newsarticle\",\"name\":\"Coto: \\u00abEn FORO no aceptamos los gui\\u00f1os est\\u00e9ticos del gobierno asturiano\\u00bb | Cand\\u00e1s 365\",\"headline\":\"Coto: \\u00abEn FORO no aceptamos los gui\\u00f1os est\\u00e9ticos del gobierno asturiano\\u00bb\",\"author\":{\"@id\":\"https:\\\/\\\/candas365.es\\\/noticias\\\/author\\\/admin\\\/#author\"},\"publisher\":{\"@id\":\"https:\\\/\\\/candas365.es\\\/noticias\\\/#organization\"},\"image\":{\"@type\":\"ImageObject\",\"url\":\"https:\\\/\\\/candas365.es\\\/noticias\\\/wp-content\\\/uploads\\\/2015\\\/10\\\/Cristina-Coto-2.jpg\",\"width\":800,\"height\":534},\"datePublished\":\"2017-02-21T23:33:09+01:00\",\"dateModified\":\"2017-02-21T23:33:09+01:00\",\"inLanguage\":\"es-ES\",\"mainEntityOfPage\":{\"@id\":\"https:\\\/\\\/candas365.es\\\/noticias\\\/coto-en-foro-no-aceptamos-los-guinos-esteticos-del-gobierno-asturiano\\\/#webpage\"},\"isPartOf\":{\"@id\":\"https:\\\/\\\/candas365.es\\\/noticias\\\/coto-en-foro-no-aceptamos-los-guinos-esteticos-del-gobierno-asturiano\\\/#webpage\"},\"articleSection\":\"Actualidad\",\"dateline\":\"Publicado el febrero 21, 2017.\"},{\"@type\":\"Organization\",\"@id\":\"https:\\\/\\\/candas365.es\\\/noticias\\\/#organization\",\"name\":\"Cand\\u00e1s 365\",\"description\":\"Cand\\u00e1s 365 es un diario digital independiente, fundado en 2012, con base en Asturias. Informamos con rigor sobre actualidad, sociedad, cultura y ocio, con una mirada local y global.\",\"url\":\"https:\\\/\\\/candas365.es\\\/noticias\\\/\",\"email\":\"info@candas365.es\",\"telephone\":\"+34652131393\",\"foundingDate\":\"2012-06-10\",\"logo\":{\"@type\":\"ImageObject\",\"url\":\"https:\\\/\\\/candas365.es\\\/noticias\\\/wp-content\\\/uploads\\\/2024\\\/09\\\/Candas-365-Redes.jpg\",\"@id\":\"https:\\\/\\\/candas365.es\\\/noticias\\\/coto-en-foro-no-aceptamos-los-guinos-esteticos-del-gobierno-asturiano\\\/#organizationLogo\",\"width\":1152,\"height\":864,\"caption\":\"Cand\\u00e1s 365 Redes\"},\"image\":{\"@id\":\"https:\\\/\\\/candas365.es\\\/noticias\\\/coto-en-foro-no-aceptamos-los-guinos-esteticos-del-gobierno-asturiano\\\/#organizationLogo\"},\"sameAs\":[\"https:\\\/\\\/www.facebook.com\\\/Nachofdezber\",\"https:\\\/\\\/x.com\\\/NabercoDigital\",\"https:\\\/\\\/www.instagram.com\\\/nachofdezber\\\/\",\"https:\\\/\\\/www.youtube.com\\\/channel\\\/UCZP-2wLEB9Rv6erhFmqVnvg\"],\"address\":{\"@id\":\"https:\\\/\\\/candas365.es\\\/noticias\\\/#postaladdress\",\"@type\":\"PostalAddress\",\"streetAddress\":\"san antonio 4, san antonio 4\",\"postalCode\":\"33430\",\"addressLocality\":\"Cand\\u00e1s\",\"addressRegion\":\"Asturias\",\"addressCountry\":\"ES\"}},{\"@type\":\"Person\",\"@id\":\"https:\\\/\\\/candas365.es\\\/noticias\\\/author\\\/admin\\\/#author\",\"url\":\"https:\\\/\\\/candas365.es\\\/noticias\\\/author\\\/admin\\\/\",\"name\":\"Cand\\u00e1s 365\",\"image\":{\"@type\":\"ImageObject\",\"@id\":\"https:\\\/\\\/candas365.es\\\/noticias\\\/coto-en-foro-no-aceptamos-los-guinos-esteticos-del-gobierno-asturiano\\\/#authorImage\",\"url\":\"https:\\\/\\\/secure.gravatar.com\\\/avatar\\\/496a8e03d0c493ede1718b7934145dbdf8d89be1036b0eec9544e1094c9de390?s=96&d=mm&r=g\",\"width\":96,\"height\":96,\"caption\":\"Cand\\u00e1s 365\"},\"sameAs\":[\"https:\\\/\\\/www.facebook.com\\\/carrenoactualidad\",\"https:\\\/\\\/twitter.com\\\/nbasturias\",\"https:\\\/\\\/www.instagram.com\\\/nachofdezber\\\/\",\"https:\\\/\\\/www.youtube.com\\\/channel\\\/UCZP-2wLEB9Rv6erhFmqVnvg\"]},{\"@type\":\"WebPage\",\"@id\":\"https:\\\/\\\/candas365.es\\\/noticias\\\/coto-en-foro-no-aceptamos-los-guinos-esteticos-del-gobierno-asturiano\\\/#webpage\",\"url\":\"https:\\\/\\\/candas365.es\\\/noticias\\\/coto-en-foro-no-aceptamos-los-guinos-esteticos-del-gobierno-asturiano\\\/\",\"name\":\"Coto: \\u00abEn FORO no aceptamos los gui\\u00f1os est\\u00e9ticos del gobierno asturiano\\u00bb | Cand\\u00e1s 365\",\"description\":\"La presidenta de FORO, Cristina Coto, ha considerado hoy \\u201cinfumable\\u201d el informe emitido por el Gobierno de Asturias para manifestar su criterio desfavorable a la Proposici\\u00f3n de Ley presentada por FORO pidiendo la eliminaci\\u00f3n del Impuesto de Sucesiones. \\u201cEs muy poco serio aprovechar un Acuerdo del Gobierno, que debe fundarse exclusivamente en si \\u2018implica un\",\"inLanguage\":\"es-ES\",\"isPartOf\":{\"@id\":\"https:\\\/\\\/candas365.es\\\/noticias\\\/#website\"},\"breadcrumb\":{\"@id\":\"https:\\\/\\\/candas365.es\\\/noticias\\\/coto-en-foro-no-aceptamos-los-guinos-esteticos-del-gobierno-asturiano\\\/#breadcrumblist\"},\"author\":{\"@id\":\"https:\\\/\\\/candas365.es\\\/noticias\\\/author\\\/admin\\\/#author\"},\"creator\":{\"@id\":\"https:\\\/\\\/candas365.es\\\/noticias\\\/author\\\/admin\\\/#author\"},\"image\":{\"@type\":\"ImageObject\",\"url\":\"https:\\\/\\\/candas365.es\\\/noticias\\\/wp-content\\\/uploads\\\/2015\\\/10\\\/Cristina-Coto-2.jpg\",\"@id\":\"https:\\\/\\\/candas365.es\\\/noticias\\\/coto-en-foro-no-aceptamos-los-guinos-esteticos-del-gobierno-asturiano\\\/#mainImage\",\"width\":800,\"height\":534},\"primaryImageOfPage\":{\"@id\":\"https:\\\/\\\/candas365.es\\\/noticias\\\/coto-en-foro-no-aceptamos-los-guinos-esteticos-del-gobierno-asturiano\\\/#mainImage\"},\"datePublished\":\"2017-02-21T23:33:09+01:00\",\"dateModified\":\"2017-02-21T23:33:09+01:00\"},{\"@type\":\"WebSite\",\"@id\":\"https:\\\/\\\/candas365.es\\\/noticias\\\/#website\",\"url\":\"https:\\\/\\\/candas365.es\\\/noticias\\\/\",\"name\":\"Cand\\u00e1s 365\",\"alternateName\":\"Cand\\u00e1s 365 Noticias\",\"description\":\"Actualidad desde Carre\\u00f1o para el mundo\",\"inLanguage\":\"es-ES\",\"publisher\":{\"@id\":\"https:\\\/\\\/candas365.es\\\/noticias\\\/#organization\"}}]}\n\t\t<\/script>\n\t\t<!-- All in One SEO Pro -->\r\n\t\t<title>Coto: \u00abEn FORO no aceptamos los gui\u00f1os est\u00e9ticos del gobierno asturiano\u00bb | Cand\u00e1s 365<\/title>\n\n","aioseo_head_json":{"title":"Coto: \u00abEn FORO no aceptamos los gui\u00f1os est\u00e9ticos del gobierno asturiano\u00bb | Cand\u00e1s 365","description":"La presidenta de FORO, Cristina Coto, ha considerado hoy \u201cinfumable\u201d el informe emitido por el Gobierno de Asturias para manifestar su criterio desfavorable a la Proposici\u00f3n de Ley presentada por FORO pidiendo la eliminaci\u00f3n del Impuesto de Sucesiones. \u201cEs muy poco serio aprovechar un Acuerdo del Gobierno, que debe fundarse exclusivamente en si \u2018implica un","canonical_url":"https:\/\/candas365.es\/noticias\/coto-en-foro-no-aceptamos-los-guinos-esteticos-del-gobierno-asturiano\/","robots":"max-image-preview:large","keywords":"actualidad","webmasterTools":{"google-site-verification":"UA-32230408-1","msvalidate.01":"354F3CDFB2DA171B47FBE9ABF1F88D5","miscellaneous":""},"schema":{"@context":"https:\/\/schema.org","@graph":[{"@type":"BreadcrumbList","@id":"https:\/\/candas365.es\/noticias\/coto-en-foro-no-aceptamos-los-guinos-esteticos-del-gobierno-asturiano\/#breadcrumblist","itemListElement":[{"@type":"ListItem","@id":"https:\/\/candas365.es\/noticias#listItem","position":1,"name":"Home","item":"https:\/\/candas365.es\/noticias","nextItem":{"@type":"ListItem","@id":"https:\/\/candas365.es\/noticias\/category\/actualidad\/#listItem","name":"Actualidad"}},{"@type":"ListItem","@id":"https:\/\/candas365.es\/noticias\/category\/actualidad\/#listItem","position":2,"name":"Actualidad","item":"https:\/\/candas365.es\/noticias\/category\/actualidad\/","nextItem":{"@type":"ListItem","@id":"https:\/\/candas365.es\/noticias\/coto-en-foro-no-aceptamos-los-guinos-esteticos-del-gobierno-asturiano\/#listItem","name":"Coto: \u00abEn FORO no aceptamos los gui\u00f1os est\u00e9ticos del gobierno asturiano\u00bb"},"previousItem":{"@type":"ListItem","@id":"https:\/\/candas365.es\/noticias#listItem","name":"Home"}},{"@type":"ListItem","@id":"https:\/\/candas365.es\/noticias\/coto-en-foro-no-aceptamos-los-guinos-esteticos-del-gobierno-asturiano\/#listItem","position":3,"name":"Coto: \u00abEn FORO no aceptamos los gui\u00f1os est\u00e9ticos del gobierno asturiano\u00bb","previousItem":{"@type":"ListItem","@id":"https:\/\/candas365.es\/noticias\/category\/actualidad\/#listItem","name":"Actualidad"}}]},{"@type":"NewsArticle","@id":"https:\/\/candas365.es\/noticias\/coto-en-foro-no-aceptamos-los-guinos-esteticos-del-gobierno-asturiano\/#newsarticle","name":"Coto: \u00abEn FORO no aceptamos los gui\u00f1os est\u00e9ticos del gobierno asturiano\u00bb | Cand\u00e1s 365","headline":"Coto: \u00abEn FORO no aceptamos los gui\u00f1os est\u00e9ticos del gobierno asturiano\u00bb","author":{"@id":"https:\/\/candas365.es\/noticias\/author\/admin\/#author"},"publisher":{"@id":"https:\/\/candas365.es\/noticias\/#organization"},"image":{"@type":"ImageObject","url":"https:\/\/candas365.es\/noticias\/wp-content\/uploads\/2015\/10\/Cristina-Coto-2.jpg","width":800,"height":534},"datePublished":"2017-02-21T23:33:09+01:00","dateModified":"2017-02-21T23:33:09+01:00","inLanguage":"es-ES","mainEntityOfPage":{"@id":"https:\/\/candas365.es\/noticias\/coto-en-foro-no-aceptamos-los-guinos-esteticos-del-gobierno-asturiano\/#webpage"},"isPartOf":{"@id":"https:\/\/candas365.es\/noticias\/coto-en-foro-no-aceptamos-los-guinos-esteticos-del-gobierno-asturiano\/#webpage"},"articleSection":"Actualidad","dateline":"Publicado el febrero 21, 2017."},{"@type":"Organization","@id":"https:\/\/candas365.es\/noticias\/#organization","name":"Cand\u00e1s 365","description":"Cand\u00e1s 365 es un diario digital independiente, fundado en 2012, con base en Asturias. Informamos con rigor sobre actualidad, sociedad, cultura y ocio, con una mirada local y global.","url":"https:\/\/candas365.es\/noticias\/","email":"info@candas365.es","telephone":"+34652131393","foundingDate":"2012-06-10","logo":{"@type":"ImageObject","url":"https:\/\/candas365.es\/noticias\/wp-content\/uploads\/2024\/09\/Candas-365-Redes.jpg","@id":"https:\/\/candas365.es\/noticias\/coto-en-foro-no-aceptamos-los-guinos-esteticos-del-gobierno-asturiano\/#organizationLogo","width":1152,"height":864,"caption":"Cand\u00e1s 365 Redes"},"image":{"@id":"https:\/\/candas365.es\/noticias\/coto-en-foro-no-aceptamos-los-guinos-esteticos-del-gobierno-asturiano\/#organizationLogo"},"sameAs":["https:\/\/www.facebook.com\/Nachofdezber","https:\/\/x.com\/NabercoDigital","https:\/\/www.instagram.com\/nachofdezber\/","https:\/\/www.youtube.com\/channel\/UCZP-2wLEB9Rv6erhFmqVnvg"],"address":{"@id":"https:\/\/candas365.es\/noticias\/#postaladdress","@type":"PostalAddress","streetAddress":"san antonio 4, san antonio 4","postalCode":"33430","addressLocality":"Cand\u00e1s","addressRegion":"Asturias","addressCountry":"ES"}},{"@type":"Person","@id":"https:\/\/candas365.es\/noticias\/author\/admin\/#author","url":"https:\/\/candas365.es\/noticias\/author\/admin\/","name":"Cand\u00e1s 365","image":{"@type":"ImageObject","@id":"https:\/\/candas365.es\/noticias\/coto-en-foro-no-aceptamos-los-guinos-esteticos-del-gobierno-asturiano\/#authorImage","url":"https:\/\/secure.gravatar.com\/avatar\/496a8e03d0c493ede1718b7934145dbdf8d89be1036b0eec9544e1094c9de390?s=96&d=mm&r=g","width":96,"height":96,"caption":"Cand\u00e1s 365"},"sameAs":["https:\/\/www.facebook.com\/carrenoactualidad","https:\/\/twitter.com\/nbasturias","https:\/\/www.instagram.com\/nachofdezber\/","https:\/\/www.youtube.com\/channel\/UCZP-2wLEB9Rv6erhFmqVnvg"]},{"@type":"WebPage","@id":"https:\/\/candas365.es\/noticias\/coto-en-foro-no-aceptamos-los-guinos-esteticos-del-gobierno-asturiano\/#webpage","url":"https:\/\/candas365.es\/noticias\/coto-en-foro-no-aceptamos-los-guinos-esteticos-del-gobierno-asturiano\/","name":"Coto: \u00abEn FORO no aceptamos los gui\u00f1os est\u00e9ticos del gobierno asturiano\u00bb | Cand\u00e1s 365","description":"La presidenta de FORO, Cristina Coto, ha considerado hoy \u201cinfumable\u201d el informe emitido por el Gobierno de Asturias para manifestar su criterio desfavorable a la Proposici\u00f3n de Ley presentada por FORO pidiendo la eliminaci\u00f3n del Impuesto de Sucesiones. \u201cEs muy poco serio aprovechar un Acuerdo del Gobierno, que debe fundarse exclusivamente en si \u2018implica un","inLanguage":"es-ES","isPartOf":{"@id":"https:\/\/candas365.es\/noticias\/#website"},"breadcrumb":{"@id":"https:\/\/candas365.es\/noticias\/coto-en-foro-no-aceptamos-los-guinos-esteticos-del-gobierno-asturiano\/#breadcrumblist"},"author":{"@id":"https:\/\/candas365.es\/noticias\/author\/admin\/#author"},"creator":{"@id":"https:\/\/candas365.es\/noticias\/author\/admin\/#author"},"image":{"@type":"ImageObject","url":"https:\/\/candas365.es\/noticias\/wp-content\/uploads\/2015\/10\/Cristina-Coto-2.jpg","@id":"https:\/\/candas365.es\/noticias\/coto-en-foro-no-aceptamos-los-guinos-esteticos-del-gobierno-asturiano\/#mainImage","width":800,"height":534},"primaryImageOfPage":{"@id":"https:\/\/candas365.es\/noticias\/coto-en-foro-no-aceptamos-los-guinos-esteticos-del-gobierno-asturiano\/#mainImage"},"datePublished":"2017-02-21T23:33:09+01:00","dateModified":"2017-02-21T23:33:09+01:00"},{"@type":"WebSite","@id":"https:\/\/candas365.es\/noticias\/#website","url":"https:\/\/candas365.es\/noticias\/","name":"Cand\u00e1s 365","alternateName":"Cand\u00e1s 365 Noticias","description":"Actualidad desde Carre\u00f1o para el mundo","inLanguage":"es-ES","publisher":{"@id":"https:\/\/candas365.es\/noticias\/#organization"}}]},"og:locale":"es_ES","og:site_name":"Cand\u00e1s 365","og:type":"article","og:title":"Coto: \u00abEn FORO no aceptamos los gui\u00f1os est\u00e9ticos del gobierno asturiano\u00bb | Cand\u00e1s 365","og:description":"La presidenta de FORO, Cristina Coto, ha considerado hoy \u201cinfumable\u201d el informe emitido por el Gobierno de Asturias para manifestar su criterio desfavorable a la Proposici\u00f3n de Ley presentada por FORO pidiendo la eliminaci\u00f3n del Impuesto de Sucesiones. \u201cEs muy poco serio aprovechar un Acuerdo del Gobierno, que debe fundarse exclusivamente en si \u2018implica un","og:url":"https:\/\/candas365.es\/noticias\/coto-en-foro-no-aceptamos-los-guinos-esteticos-del-gobierno-asturiano\/","og:image":"https:\/\/candas365.es\/noticias\/wp-content\/uploads\/2015\/10\/Cristina-Coto-2.jpg","og:image:secure_url":"https:\/\/candas365.es\/noticias\/wp-content\/uploads\/2015\/10\/Cristina-Coto-2.jpg","og:image:width":800,"og:image:height":534,"article:published_time":"2017-02-21T23:33:09+00:00","article:modified_time":"2017-02-21T23:33:09+00:00","article:publisher":"https:\/\/www.facebook.com\/Nachofdezber","article:author":"https:\/\/www.facebook.com\/carrenoactualidad","twitter:card":"summary_large_image","twitter:site":"@NabercoDigital","twitter:title":"Coto: \u00abEn FORO no aceptamos los gui\u00f1os est\u00e9ticos del gobierno asturiano\u00bb | Cand\u00e1s 365","twitter:description":"La presidenta de FORO, Cristina Coto, ha considerado hoy \u201cinfumable\u201d el informe emitido por el Gobierno de Asturias para manifestar su criterio desfavorable a la Proposici\u00f3n de Ley presentada por FORO pidiendo la eliminaci\u00f3n del Impuesto de Sucesiones. \u201cEs muy poco serio aprovechar un Acuerdo del Gobierno, que debe fundarse exclusivamente en si \u2018implica un","twitter:creator":"@nbasturias","twitter:image":"https:\/\/candas365.es\/noticias\/wp-content\/uploads\/2015\/10\/Cristina-Coto-2.jpg","twitter:label1":"Escrito por","twitter:data1":"Cand\u00e1s 365","twitter:label2":"Tiempo de lectura estimado","twitter:data2":"2 minutos"},"aioseo_meta_data":{"post_id":"43401","title":null,"description":null,"keywords":null,"keyphrases":null,"primary_term":null,"canonical_url":null,"og_title":null,"og_description":null,"og_object_type":"default","og_image_type":"default","og_image_url":null,"og_image_width":null,"og_image_height":null,"og_image_custom_url":null,"og_image_custom_fields":null,"og_video":null,"og_custom_url":null,"og_article_section":null,"og_article_tags":null,"twitter_use_og":false,"twitter_card":"default","twitter_image_type":"default","twitter_image_url":null,"twitter_image_custom_url":null,"twitter_image_custom_fields":null,"twitter_title":null,"twitter_description":null,"schema":{"blockGraphs":[],"customGraphs":[],"default":{"data":{"Article":[],"Course":[],"Dataset":[],"FAQPage":[],"Movie":[],"Person":[],"Product":[],"ProductReview":[],"Car":[],"Recipe":[],"Service":[],"SoftwareApplication":[],"WebPage":[]},"graphName":"","isEnabled":true},"graphs":[],"defaultGraph":"","defaultPostTypeGraph":""},"schema_type":null,"schema_type_options":null,"pillar_content":false,"robots_default":true,"robots_noindex":false,"robots_noarchive":false,"robots_nosnippet":false,"robots_nofollow":false,"robots_noimageindex":false,"robots_noodp":false,"robots_notranslate":false,"robots_max_snippet":null,"robots_max_videopreview":null,"robots_max_imagepreview":"large","priority":null,"frequency":null,"location":null,"local_seo":null,"seo_analyzer_scan_date":"2025-08-25 06:48:11","breadcrumb_settings":null,"limit_modified_date":false,"reviewed_by":null,"open_ai":null,"ai":null,"created":"2020-12-21 13:04:46","updated":"2025-08-25 06:48:11"},"aioseo_breadcrumb":"<div class=\"aioseo-breadcrumbs\"><span class=\"aioseo-breadcrumb\">\n\t<a href=\"https:\/\/candas365.es\/noticias\" title=\"Home\">Home<\/a>\n<\/span><span class=\"aioseo-breadcrumb-separator\">&ndash;<\/span><span class=\"aioseo-breadcrumb\">\n\t<a href=\"https:\/\/candas365.es\/noticias\/category\/actualidad\/\" title=\"Actualidad\">Actualidad<\/a>\n<\/span><span class=\"aioseo-breadcrumb-separator\">&ndash;<\/span><span class=\"aioseo-breadcrumb\">\n\tCoto: \u00abEn FORO no aceptamos los gui\u00f1os est\u00e9ticos del gobierno asturiano\u00bb\n<\/span><\/div>","aioseo_breadcrumb_json":[{"label":"Home","link":"https:\/\/candas365.es\/noticias"},{"label":"Actualidad","link":"https:\/\/candas365.es\/noticias\/category\/actualidad\/"},{"label":"Coto: \u00abEn FORO no aceptamos los gui\u00f1os est\u00e9ticos del gobierno asturiano\u00bb","link":"https:\/\/candas365.es\/noticias\/coto-en-foro-no-aceptamos-los-guinos-esteticos-del-gobierno-asturiano\/"}],"_links":{"self":[{"href":"https:\/\/candas365.es\/noticias\/wp-json\/wp\/v2\/posts\/43401","targetHints":{"allow":["GET"]}}],"collection":[{"href":"https:\/\/candas365.es\/noticias\/wp-json\/wp\/v2\/posts"}],"about":[{"href":"https:\/\/candas365.es\/noticias\/wp-json\/wp\/v2\/types\/post"}],"author":[{"embeddable":true,"href":"https:\/\/candas365.es\/noticias\/wp-json\/wp\/v2\/users\/1"}],"replies":[{"embeddable":true,"href":"https:\/\/candas365.es\/noticias\/wp-json\/wp\/v2\/comments?post=43401"}],"version-history":[{"count":0,"href":"https:\/\/candas365.es\/noticias\/wp-json\/wp\/v2\/posts\/43401\/revisions"}],"wp:featuredmedia":[{"embeddable":true,"href":"https:\/\/candas365.es\/noticias\/wp-json\/wp\/v2\/media\/18029"}],"wp:attachment":[{"href":"https:\/\/candas365.es\/noticias\/wp-json\/wp\/v2\/media?parent=43401"}],"wp:term":[{"taxonomy":"category","embeddable":true,"href":"https:\/\/candas365.es\/noticias\/wp-json\/wp\/v2\/categories?post=43401"},{"taxonomy":"post_tag","embeddable":true,"href":"https:\/\/candas365.es\/noticias\/wp-json\/wp\/v2\/tags?post=43401"}],"curies":[{"name":"wp","href":"https:\/\/api.w.org\/{rel}","templated":true}]}}