{"id":43392,"date":"2017-02-21T23:02:34","date_gmt":"2017-02-21T23:02:34","guid":{"rendered":"http:\/\/candas365.es\/noticias\/?p=43392"},"modified":"2017-02-21T23:02:34","modified_gmt":"2017-02-21T23:02:34","slug":"recortes-cero-sigue-presentando-en-asturias-la-redistribucion-de-la-riqueza","status":"publish","type":"post","link":"https:\/\/candas365.es\/noticias\/recortes-cero-sigue-presentando-en-asturias-la-redistribucion-de-la-riqueza\/","title":{"rendered":"Recortes Cero sigue presentando en Asturias la redistribuci\u00f3n de la riqueza"},"content":{"rendered":"<p><img fetchpriority=\"high\" decoding=\"async\" class=\"alignleft size-medium wp-image-43393\" src=\"https:\/\/candas365.es\/noticias\/wp-content\/uploads\/2017\/02\/Naranco-360x202.jpg\" alt=\"\" width=\"360\" height=\"202\" srcset=\"https:\/\/candas365.es\/noticias\/wp-content\/uploads\/2017\/02\/Naranco-360x202.jpg 360w, https:\/\/candas365.es\/noticias\/wp-content\/uploads\/2017\/02\/Naranco-650x365.jpg 650w, https:\/\/candas365.es\/noticias\/wp-content\/uploads\/2017\/02\/Naranco-768x432.jpg 768w, https:\/\/candas365.es\/noticias\/wp-content\/uploads\/2017\/02\/Naranco-1536x863.jpg 1536w, https:\/\/candas365.es\/noticias\/wp-content\/uploads\/2017\/02\/Naranco-150x84.jpg 150w, https:\/\/candas365.es\/noticias\/wp-content\/uploads\/2017\/02\/Naranco-450x253.jpg 450w, https:\/\/candas365.es\/noticias\/wp-content\/uploads\/2017\/02\/Naranco-1200x674.jpg 1200w, https:\/\/candas365.es\/noticias\/wp-content\/uploads\/2017\/02\/Naranco-655x368.jpg 655w, https:\/\/candas365.es\/noticias\/wp-content\/uploads\/2017\/02\/Naranco-696x391.jpg 696w, https:\/\/candas365.es\/noticias\/wp-content\/uploads\/2017\/02\/Naranco-1068x600.jpg 1068w, https:\/\/candas365.es\/noticias\/wp-content\/uploads\/2017\/02\/Naranco-747x420.jpg 747w, https:\/\/candas365.es\/noticias\/wp-content\/uploads\/2017\/02\/Naranco-499x280.jpg 499w, https:\/\/candas365.es\/noticias\/wp-content\/uploads\/2017\/02\/Naranco.jpg 1600w\" sizes=\"(max-width: 360px) 100vw, 360px\" \/>En el acto de presentaci\u00f3n del Movimiento cultural, social y pol\u00edtico Recortes Cero en el barrio de Ciudad Naranco de Oviedo, Jos\u00e9 Antonio Lobato, co-portavoz de Recortes Cero en Asturias y primer candidato al Senado en las dos pasadas elecciones generales, Rosa Navarrete, miembro de la coordinadora auton\u00f3mica y candidata al Senado en las dos pasadas elecciones generales, Eduardo Madro\u00f1al, co-portavoz de Recortes Cero en Asturias y candidato al Senado en las dos pasadas elecciones generales, y Yolanda Navarrete, miembro de la coordinadora auton\u00f3mica y candidata al Congreso en las dos pasadas elecciones generales, explicaron a los asistentes la base de su propuesta pol\u00edtica, la redistribuci\u00f3n de la riqueza.<\/p>\n<p>Recortes Cero, plataforma que agrupa a 17 organizaciones de todo signo, concurri\u00f3 a las pasadas elecciones generales en coalici\u00f3n con Los Verdes, presentando candidatura en las 52 circunscripciones con \u201cun programa para el 90%\u201d.<\/p>\n<p>El acto de ayer, enmarcado en una serie de presentaciones que se celebrar\u00e1n en Asturias, ha supuesto otro paso en la puesta de largo del movimiento. Eduardo Madro\u00f1al dej\u00f3 claro en su intervenci\u00f3n que \u201cen Espa\u00f1a sobran recursos para revertir los recortes, elevar salarios y pensiones, reindustrializar el pa\u00eds y acabar con el desempleo. Es una cuesti\u00f3n de redistribuir toda esa riqueza en beneficio de la inmensa mayor\u00eda\u201d.<\/p>\n<p>Jos\u00e9 Antonio Lobato, por su parte, comenz\u00f3 presentando una alternativa concreta pegada a la actualidad: el \u201ctarifazo de los monopolios energ\u00e9ticos\u201d. Para Lobato, \u201cpor muy justas y necesarias que sean las alternativas planteadas para acabar con la pobreza energ\u00e9tica, ninguna supone un alternativa. Recortes Cero tiene una alternativa clara, que est\u00e1 en nuestro programa: recuperar las empresas p\u00fablicas rentables malvendidas al sector privado\u201d.<\/p>\n<p>Sin embargo, la colaboraci\u00f3n de Recortes Cero con la Mesa Estatal pro-Refer\u00e9ndum de las Pensiones (MERP), fue lo mas debatido, ya que, seg\u00fan Rosa Navarrete, \u201clos ataques sobre el sistema p\u00fablico de pensiones empezaron con la llamada de Obama a Zapatero, en 2010, con la orden de empezar a recortar supuestamente para contener el d\u00e9ficit presupuestario. Sin embargo, la envergadura y el alcance del ataque, contra el 90%, es tambi\u00e9n nuestra fuerza para vencer y hacerles retroceder, ya que podemos unirnos esa inmensa mayor\u00eda de afectados\u201d.<\/p>\n<p>Blindar las pensiones en la Constituci\u00f3n ante posibles privatizaciones y nuevos recortes es el \u00fanico objetivo de la MERP y tambi\u00e9n el punto primero del programa de la coalici\u00f3n Recortes Cero-Los Verdes. En palabras de Yolanda Navarrete, que finaliz\u00f3 el acto invitando a los asistentes a inscribirse y colaborar para extender la organizaci\u00f3n del movimiento, \u201cRecortes Cero se plantea objetivos pol\u00edticos para conseguirlos, no para ganar votos o adhesiones puntuales\u201d.<\/p>\n<p>El acto acab\u00f3 con los asistentes llev\u00e1ndose hojas de firmas de la MERP e de inscripci\u00f3n a Recortes Cero.<\/p>\n<p>&nbsp;<\/p>\n","protected":false},"excerpt":{"rendered":"<p>En el acto de presentaci\u00f3n del Movimiento cultural, social y pol\u00edtico Recortes Cero en el barrio de Ciudad Naranco de Oviedo, Jos\u00e9 Antonio Lobato, co-portavoz de Recortes Cero en Asturias y primer candidato al Senado en las dos pasadas elecciones generales, Rosa Navarrete, miembro de la coordinadora auton\u00f3mica y candidata al Senado en las dos<\/p>\n","protected":false},"author":1,"featured_media":43393,"comment_status":"closed","ping_status":"closed","sticky":false,"template":"","format":"standard","meta":{"footnotes":""},"categories":[343],"tags":[],"class_list":{"0":"post-43392","1":"post","2":"type-post","3":"status-publish","4":"format-standard","5":"has-post-thumbnail","7":"category-actualidad"},"aioseo_notices":[],"aioseo_head":"\n\t\t<!-- All in One SEO Pro 4.9.6.2 - aioseo.com -->\n\t<meta name=\"description\" content=\"En el acto de presentaci\u00f3n del Movimiento cultural, social y pol\u00edtico Recortes Cero en el barrio de Ciudad Naranco de Oviedo, Jos\u00e9 Antonio Lobato, co-portavoz de Recortes Cero en Asturias y primer candidato al Senado en las dos pasadas elecciones generales, Rosa Navarrete, miembro de la coordinadora auton\u00f3mica y candidata al Senado en las dos\" \/>\n\t<meta name=\"robots\" content=\"max-image-preview:large\" \/>\n\t<meta name=\"author\" content=\"Cand\u00e1s 365\"\/>\n\t<meta name=\"google-site-verification\" content=\"UA-32230408-1\" \/>\n\t<meta name=\"msvalidate.01\" content=\"354F3CDFB2DA171B47FBE9ABF1F88D5\" \/>\n\t<meta name=\"keywords\" content=\"actualidad\" \/>\n\t<link rel=\"canonical\" href=\"https:\/\/candas365.es\/noticias\/recortes-cero-sigue-presentando-en-asturias-la-redistribucion-de-la-riqueza\/\" \/>\n\t<meta name=\"generator\" content=\"All in One SEO Pro (AIOSEO) 4.9.6.2\" \/>\n\t\t<meta property=\"og:locale\" content=\"es_ES\" \/>\n\t\t<meta property=\"og:site_name\" content=\"Cand\u00e1s 365\" \/>\n\t\t<meta property=\"og:type\" content=\"article\" \/>\n\t\t<meta property=\"og:title\" content=\"Recortes Cero sigue presentando en Asturias la redistribuci\u00f3n de la riqueza | Cand\u00e1s 365\" \/>\n\t\t<meta property=\"og:description\" content=\"En el acto de presentaci\u00f3n del Movimiento cultural, social y pol\u00edtico Recortes Cero en el barrio de Ciudad Naranco de Oviedo, Jos\u00e9 Antonio Lobato, co-portavoz de Recortes Cero en Asturias y primer candidato al Senado en las dos pasadas elecciones generales, Rosa Navarrete, miembro de la coordinadora auton\u00f3mica y candidata al Senado en las dos\" \/>\n\t\t<meta property=\"og:url\" content=\"https:\/\/candas365.es\/noticias\/recortes-cero-sigue-presentando-en-asturias-la-redistribucion-de-la-riqueza\/\" \/>\n\t\t<meta property=\"og:image\" content=\"https:\/\/candas365.es\/noticias\/wp-content\/uploads\/2017\/02\/Naranco.jpg\" \/>\n\t\t<meta property=\"og:image:secure_url\" content=\"https:\/\/candas365.es\/noticias\/wp-content\/uploads\/2017\/02\/Naranco.jpg\" \/>\n\t\t<meta property=\"og:image:width\" content=\"1600\" \/>\n\t\t<meta property=\"og:image:height\" content=\"899\" \/>\n\t\t<meta property=\"article:published_time\" content=\"2017-02-21T23:02:34+00:00\" \/>\n\t\t<meta property=\"article:modified_time\" content=\"2017-02-21T23:02:34+00:00\" \/>\n\t\t<meta property=\"article:publisher\" content=\"https:\/\/www.facebook.com\/Nachofdezber\" \/>\n\t\t<meta property=\"article:author\" content=\"https:\/\/www.facebook.com\/carrenoactualidad\" \/>\n\t\t<meta name=\"twitter:card\" content=\"summary_large_image\" \/>\n\t\t<meta name=\"twitter:site\" content=\"@NabercoDigital\" \/>\n\t\t<meta name=\"twitter:title\" content=\"Recortes Cero sigue presentando en Asturias la redistribuci\u00f3n de la riqueza | Cand\u00e1s 365\" \/>\n\t\t<meta name=\"twitter:description\" content=\"En el acto de presentaci\u00f3n del Movimiento cultural, social y pol\u00edtico Recortes Cero en el barrio de Ciudad Naranco de Oviedo, Jos\u00e9 Antonio Lobato, co-portavoz de Recortes Cero en Asturias y primer candidato al Senado en las dos pasadas elecciones generales, Rosa Navarrete, miembro de la coordinadora auton\u00f3mica y candidata al Senado en las dos\" \/>\n\t\t<meta name=\"twitter:creator\" content=\"@nbasturias\" \/>\n\t\t<meta name=\"twitter:image\" content=\"https:\/\/candas365.es\/noticias\/wp-content\/uploads\/2017\/02\/Naranco.jpg\" \/>\n\t\t<meta name=\"twitter:label1\" content=\"Escrito por\" \/>\n\t\t<meta name=\"twitter:data1\" content=\"Cand\u00e1s 365\" \/>\n\t\t<meta name=\"twitter:label2\" content=\"Tiempo de lectura estimado\" \/>\n\t\t<meta name=\"twitter:data2\" content=\"2 minutos\" \/>\n\t\t<script type=\"application\/ld+json\" class=\"aioseo-schema\">\n\t\t\t{\"@context\":\"https:\\\/\\\/schema.org\",\"@graph\":[{\"@type\":\"BreadcrumbList\",\"@id\":\"https:\\\/\\\/candas365.es\\\/noticias\\\/recortes-cero-sigue-presentando-en-asturias-la-redistribucion-de-la-riqueza\\\/#breadcrumblist\",\"itemListElement\":[{\"@type\":\"ListItem\",\"@id\":\"https:\\\/\\\/candas365.es\\\/noticias#listItem\",\"position\":1,\"name\":\"Home\",\"item\":\"https:\\\/\\\/candas365.es\\\/noticias\",\"nextItem\":{\"@type\":\"ListItem\",\"@id\":\"https:\\\/\\\/candas365.es\\\/noticias\\\/category\\\/actualidad\\\/#listItem\",\"name\":\"Actualidad\"}},{\"@type\":\"ListItem\",\"@id\":\"https:\\\/\\\/candas365.es\\\/noticias\\\/category\\\/actualidad\\\/#listItem\",\"position\":2,\"name\":\"Actualidad\",\"item\":\"https:\\\/\\\/candas365.es\\\/noticias\\\/category\\\/actualidad\\\/\",\"nextItem\":{\"@type\":\"ListItem\",\"@id\":\"https:\\\/\\\/candas365.es\\\/noticias\\\/recortes-cero-sigue-presentando-en-asturias-la-redistribucion-de-la-riqueza\\\/#listItem\",\"name\":\"Recortes Cero sigue presentando en Asturias la redistribuci\\u00f3n de la riqueza\"},\"previousItem\":{\"@type\":\"ListItem\",\"@id\":\"https:\\\/\\\/candas365.es\\\/noticias#listItem\",\"name\":\"Home\"}},{\"@type\":\"ListItem\",\"@id\":\"https:\\\/\\\/candas365.es\\\/noticias\\\/recortes-cero-sigue-presentando-en-asturias-la-redistribucion-de-la-riqueza\\\/#listItem\",\"position\":3,\"name\":\"Recortes Cero sigue presentando en Asturias la redistribuci\\u00f3n de la riqueza\",\"previousItem\":{\"@type\":\"ListItem\",\"@id\":\"https:\\\/\\\/candas365.es\\\/noticias\\\/category\\\/actualidad\\\/#listItem\",\"name\":\"Actualidad\"}}]},{\"@type\":\"NewsArticle\",\"@id\":\"https:\\\/\\\/candas365.es\\\/noticias\\\/recortes-cero-sigue-presentando-en-asturias-la-redistribucion-de-la-riqueza\\\/#newsarticle\",\"name\":\"Recortes Cero sigue presentando en Asturias la redistribuci\\u00f3n de la riqueza | Cand\\u00e1s 365\",\"headline\":\"Recortes Cero sigue presentando en Asturias la redistribuci\\u00f3n de la riqueza\",\"author\":{\"@id\":\"https:\\\/\\\/candas365.es\\\/noticias\\\/author\\\/admin\\\/#author\"},\"publisher\":{\"@id\":\"https:\\\/\\\/candas365.es\\\/noticias\\\/#organization\"},\"image\":{\"@type\":\"ImageObject\",\"url\":\"https:\\\/\\\/candas365.es\\\/noticias\\\/wp-content\\\/uploads\\\/2017\\\/02\\\/Naranco.jpg\",\"width\":1600,\"height\":899},\"datePublished\":\"2017-02-21T23:02:34+01:00\",\"dateModified\":\"2017-02-21T23:02:34+01:00\",\"inLanguage\":\"es-ES\",\"mainEntityOfPage\":{\"@id\":\"https:\\\/\\\/candas365.es\\\/noticias\\\/recortes-cero-sigue-presentando-en-asturias-la-redistribucion-de-la-riqueza\\\/#webpage\"},\"isPartOf\":{\"@id\":\"https:\\\/\\\/candas365.es\\\/noticias\\\/recortes-cero-sigue-presentando-en-asturias-la-redistribucion-de-la-riqueza\\\/#webpage\"},\"articleSection\":\"Actualidad\",\"dateline\":\"Publicado el febrero 21, 2017.\"},{\"@type\":\"Organization\",\"@id\":\"https:\\\/\\\/candas365.es\\\/noticias\\\/#organization\",\"name\":\"Cand\\u00e1s 365\",\"description\":\"Cand\\u00e1s 365 es un diario digital independiente, fundado en 2012, con base en Asturias. Informamos con rigor sobre actualidad, sociedad, cultura y ocio, con una mirada local y global.\",\"url\":\"https:\\\/\\\/candas365.es\\\/noticias\\\/\",\"email\":\"info@candas365.es\",\"telephone\":\"+34652131393\",\"foundingDate\":\"2012-06-10\",\"logo\":{\"@type\":\"ImageObject\",\"url\":\"https:\\\/\\\/candas365.es\\\/noticias\\\/wp-content\\\/uploads\\\/2024\\\/09\\\/Candas-365-Redes.jpg\",\"@id\":\"https:\\\/\\\/candas365.es\\\/noticias\\\/recortes-cero-sigue-presentando-en-asturias-la-redistribucion-de-la-riqueza\\\/#organizationLogo\",\"width\":1152,\"height\":864,\"caption\":\"Cand\\u00e1s 365 Redes\"},\"image\":{\"@id\":\"https:\\\/\\\/candas365.es\\\/noticias\\\/recortes-cero-sigue-presentando-en-asturias-la-redistribucion-de-la-riqueza\\\/#organizationLogo\"},\"sameAs\":[\"https:\\\/\\\/www.facebook.com\\\/Nachofdezber\",\"https:\\\/\\\/x.com\\\/NabercoDigital\",\"https:\\\/\\\/www.instagram.com\\\/nachofdezber\\\/\",\"https:\\\/\\\/www.youtube.com\\\/channel\\\/UCZP-2wLEB9Rv6erhFmqVnvg\"],\"address\":{\"@id\":\"https:\\\/\\\/candas365.es\\\/noticias\\\/#postaladdress\",\"@type\":\"PostalAddress\",\"streetAddress\":\"san antonio 4, san antonio 4\",\"postalCode\":\"33430\",\"addressLocality\":\"Cand\\u00e1s\",\"addressRegion\":\"Asturias\",\"addressCountry\":\"ES\"}},{\"@type\":\"Person\",\"@id\":\"https:\\\/\\\/candas365.es\\\/noticias\\\/author\\\/admin\\\/#author\",\"url\":\"https:\\\/\\\/candas365.es\\\/noticias\\\/author\\\/admin\\\/\",\"name\":\"Cand\\u00e1s 365\",\"image\":{\"@type\":\"ImageObject\",\"@id\":\"https:\\\/\\\/candas365.es\\\/noticias\\\/recortes-cero-sigue-presentando-en-asturias-la-redistribucion-de-la-riqueza\\\/#authorImage\",\"url\":\"https:\\\/\\\/secure.gravatar.com\\\/avatar\\\/496a8e03d0c493ede1718b7934145dbdf8d89be1036b0eec9544e1094c9de390?s=96&d=mm&r=g\",\"width\":96,\"height\":96,\"caption\":\"Cand\\u00e1s 365\"},\"sameAs\":[\"https:\\\/\\\/www.facebook.com\\\/carrenoactualidad\",\"https:\\\/\\\/twitter.com\\\/nbasturias\",\"https:\\\/\\\/www.instagram.com\\\/nachofdezber\\\/\",\"https:\\\/\\\/www.youtube.com\\\/channel\\\/UCZP-2wLEB9Rv6erhFmqVnvg\"]},{\"@type\":\"WebPage\",\"@id\":\"https:\\\/\\\/candas365.es\\\/noticias\\\/recortes-cero-sigue-presentando-en-asturias-la-redistribucion-de-la-riqueza\\\/#webpage\",\"url\":\"https:\\\/\\\/candas365.es\\\/noticias\\\/recortes-cero-sigue-presentando-en-asturias-la-redistribucion-de-la-riqueza\\\/\",\"name\":\"Recortes Cero sigue presentando en Asturias la redistribuci\\u00f3n de la riqueza | Cand\\u00e1s 365\",\"description\":\"En el acto de presentaci\\u00f3n del Movimiento cultural, social y pol\\u00edtico Recortes Cero en el barrio de Ciudad Naranco de Oviedo, Jos\\u00e9 Antonio Lobato, co-portavoz de Recortes Cero en Asturias y primer candidato al Senado en las dos pasadas elecciones generales, Rosa Navarrete, miembro de la coordinadora auton\\u00f3mica y candidata al Senado en las dos\",\"inLanguage\":\"es-ES\",\"isPartOf\":{\"@id\":\"https:\\\/\\\/candas365.es\\\/noticias\\\/#website\"},\"breadcrumb\":{\"@id\":\"https:\\\/\\\/candas365.es\\\/noticias\\\/recortes-cero-sigue-presentando-en-asturias-la-redistribucion-de-la-riqueza\\\/#breadcrumblist\"},\"author\":{\"@id\":\"https:\\\/\\\/candas365.es\\\/noticias\\\/author\\\/admin\\\/#author\"},\"creator\":{\"@id\":\"https:\\\/\\\/candas365.es\\\/noticias\\\/author\\\/admin\\\/#author\"},\"image\":{\"@type\":\"ImageObject\",\"url\":\"https:\\\/\\\/candas365.es\\\/noticias\\\/wp-content\\\/uploads\\\/2017\\\/02\\\/Naranco.jpg\",\"@id\":\"https:\\\/\\\/candas365.es\\\/noticias\\\/recortes-cero-sigue-presentando-en-asturias-la-redistribucion-de-la-riqueza\\\/#mainImage\",\"width\":1600,\"height\":899},\"primaryImageOfPage\":{\"@id\":\"https:\\\/\\\/candas365.es\\\/noticias\\\/recortes-cero-sigue-presentando-en-asturias-la-redistribucion-de-la-riqueza\\\/#mainImage\"},\"datePublished\":\"2017-02-21T23:02:34+01:00\",\"dateModified\":\"2017-02-21T23:02:34+01:00\"},{\"@type\":\"WebSite\",\"@id\":\"https:\\\/\\\/candas365.es\\\/noticias\\\/#website\",\"url\":\"https:\\\/\\\/candas365.es\\\/noticias\\\/\",\"name\":\"Cand\\u00e1s 365\",\"alternateName\":\"Cand\\u00e1s 365 Noticias\",\"description\":\"Actualidad desde Carre\\u00f1o para el mundo\",\"inLanguage\":\"es-ES\",\"publisher\":{\"@id\":\"https:\\\/\\\/candas365.es\\\/noticias\\\/#organization\"}}]}\n\t\t<\/script>\n\t\t<!-- All in One SEO Pro -->\r\n\t\t<title>Recortes Cero sigue presentando en Asturias la redistribuci\u00f3n de la riqueza | Cand\u00e1s 365<\/title>\n\n","aioseo_head_json":{"title":"Recortes Cero sigue presentando en Asturias la redistribuci\u00f3n de la riqueza | Cand\u00e1s 365","description":"En el acto de presentaci\u00f3n del Movimiento cultural, social y pol\u00edtico Recortes Cero en el barrio de Ciudad Naranco de Oviedo, Jos\u00e9 Antonio Lobato, co-portavoz de Recortes Cero en Asturias y primer candidato al Senado en las dos pasadas elecciones generales, Rosa Navarrete, miembro de la coordinadora auton\u00f3mica y candidata al Senado en las dos","canonical_url":"https:\/\/candas365.es\/noticias\/recortes-cero-sigue-presentando-en-asturias-la-redistribucion-de-la-riqueza\/","robots":"max-image-preview:large","keywords":"actualidad","webmasterTools":{"google-site-verification":"UA-32230408-1","msvalidate.01":"354F3CDFB2DA171B47FBE9ABF1F88D5","miscellaneous":""},"schema":{"@context":"https:\/\/schema.org","@graph":[{"@type":"BreadcrumbList","@id":"https:\/\/candas365.es\/noticias\/recortes-cero-sigue-presentando-en-asturias-la-redistribucion-de-la-riqueza\/#breadcrumblist","itemListElement":[{"@type":"ListItem","@id":"https:\/\/candas365.es\/noticias#listItem","position":1,"name":"Home","item":"https:\/\/candas365.es\/noticias","nextItem":{"@type":"ListItem","@id":"https:\/\/candas365.es\/noticias\/category\/actualidad\/#listItem","name":"Actualidad"}},{"@type":"ListItem","@id":"https:\/\/candas365.es\/noticias\/category\/actualidad\/#listItem","position":2,"name":"Actualidad","item":"https:\/\/candas365.es\/noticias\/category\/actualidad\/","nextItem":{"@type":"ListItem","@id":"https:\/\/candas365.es\/noticias\/recortes-cero-sigue-presentando-en-asturias-la-redistribucion-de-la-riqueza\/#listItem","name":"Recortes Cero sigue presentando en Asturias la redistribuci\u00f3n de la riqueza"},"previousItem":{"@type":"ListItem","@id":"https:\/\/candas365.es\/noticias#listItem","name":"Home"}},{"@type":"ListItem","@id":"https:\/\/candas365.es\/noticias\/recortes-cero-sigue-presentando-en-asturias-la-redistribucion-de-la-riqueza\/#listItem","position":3,"name":"Recortes Cero sigue presentando en Asturias la redistribuci\u00f3n de la riqueza","previousItem":{"@type":"ListItem","@id":"https:\/\/candas365.es\/noticias\/category\/actualidad\/#listItem","name":"Actualidad"}}]},{"@type":"NewsArticle","@id":"https:\/\/candas365.es\/noticias\/recortes-cero-sigue-presentando-en-asturias-la-redistribucion-de-la-riqueza\/#newsarticle","name":"Recortes Cero sigue presentando en Asturias la redistribuci\u00f3n de la riqueza | Cand\u00e1s 365","headline":"Recortes Cero sigue presentando en Asturias la redistribuci\u00f3n de la riqueza","author":{"@id":"https:\/\/candas365.es\/noticias\/author\/admin\/#author"},"publisher":{"@id":"https:\/\/candas365.es\/noticias\/#organization"},"image":{"@type":"ImageObject","url":"https:\/\/candas365.es\/noticias\/wp-content\/uploads\/2017\/02\/Naranco.jpg","width":1600,"height":899},"datePublished":"2017-02-21T23:02:34+01:00","dateModified":"2017-02-21T23:02:34+01:00","inLanguage":"es-ES","mainEntityOfPage":{"@id":"https:\/\/candas365.es\/noticias\/recortes-cero-sigue-presentando-en-asturias-la-redistribucion-de-la-riqueza\/#webpage"},"isPartOf":{"@id":"https:\/\/candas365.es\/noticias\/recortes-cero-sigue-presentando-en-asturias-la-redistribucion-de-la-riqueza\/#webpage"},"articleSection":"Actualidad","dateline":"Publicado el febrero 21, 2017."},{"@type":"Organization","@id":"https:\/\/candas365.es\/noticias\/#organization","name":"Cand\u00e1s 365","description":"Cand\u00e1s 365 es un diario digital independiente, fundado en 2012, con base en Asturias. Informamos con rigor sobre actualidad, sociedad, cultura y ocio, con una mirada local y global.","url":"https:\/\/candas365.es\/noticias\/","email":"info@candas365.es","telephone":"+34652131393","foundingDate":"2012-06-10","logo":{"@type":"ImageObject","url":"https:\/\/candas365.es\/noticias\/wp-content\/uploads\/2024\/09\/Candas-365-Redes.jpg","@id":"https:\/\/candas365.es\/noticias\/recortes-cero-sigue-presentando-en-asturias-la-redistribucion-de-la-riqueza\/#organizationLogo","width":1152,"height":864,"caption":"Cand\u00e1s 365 Redes"},"image":{"@id":"https:\/\/candas365.es\/noticias\/recortes-cero-sigue-presentando-en-asturias-la-redistribucion-de-la-riqueza\/#organizationLogo"},"sameAs":["https:\/\/www.facebook.com\/Nachofdezber","https:\/\/x.com\/NabercoDigital","https:\/\/www.instagram.com\/nachofdezber\/","https:\/\/www.youtube.com\/channel\/UCZP-2wLEB9Rv6erhFmqVnvg"],"address":{"@id":"https:\/\/candas365.es\/noticias\/#postaladdress","@type":"PostalAddress","streetAddress":"san antonio 4, san antonio 4","postalCode":"33430","addressLocality":"Cand\u00e1s","addressRegion":"Asturias","addressCountry":"ES"}},{"@type":"Person","@id":"https:\/\/candas365.es\/noticias\/author\/admin\/#author","url":"https:\/\/candas365.es\/noticias\/author\/admin\/","name":"Cand\u00e1s 365","image":{"@type":"ImageObject","@id":"https:\/\/candas365.es\/noticias\/recortes-cero-sigue-presentando-en-asturias-la-redistribucion-de-la-riqueza\/#authorImage","url":"https:\/\/secure.gravatar.com\/avatar\/496a8e03d0c493ede1718b7934145dbdf8d89be1036b0eec9544e1094c9de390?s=96&d=mm&r=g","width":96,"height":96,"caption":"Cand\u00e1s 365"},"sameAs":["https:\/\/www.facebook.com\/carrenoactualidad","https:\/\/twitter.com\/nbasturias","https:\/\/www.instagram.com\/nachofdezber\/","https:\/\/www.youtube.com\/channel\/UCZP-2wLEB9Rv6erhFmqVnvg"]},{"@type":"WebPage","@id":"https:\/\/candas365.es\/noticias\/recortes-cero-sigue-presentando-en-asturias-la-redistribucion-de-la-riqueza\/#webpage","url":"https:\/\/candas365.es\/noticias\/recortes-cero-sigue-presentando-en-asturias-la-redistribucion-de-la-riqueza\/","name":"Recortes Cero sigue presentando en Asturias la redistribuci\u00f3n de la riqueza | Cand\u00e1s 365","description":"En el acto de presentaci\u00f3n del Movimiento cultural, social y pol\u00edtico Recortes Cero en el barrio de Ciudad Naranco de Oviedo, Jos\u00e9 Antonio Lobato, co-portavoz de Recortes Cero en Asturias y primer candidato al Senado en las dos pasadas elecciones generales, Rosa Navarrete, miembro de la coordinadora auton\u00f3mica y candidata al Senado en las dos","inLanguage":"es-ES","isPartOf":{"@id":"https:\/\/candas365.es\/noticias\/#website"},"breadcrumb":{"@id":"https:\/\/candas365.es\/noticias\/recortes-cero-sigue-presentando-en-asturias-la-redistribucion-de-la-riqueza\/#breadcrumblist"},"author":{"@id":"https:\/\/candas365.es\/noticias\/author\/admin\/#author"},"creator":{"@id":"https:\/\/candas365.es\/noticias\/author\/admin\/#author"},"image":{"@type":"ImageObject","url":"https:\/\/candas365.es\/noticias\/wp-content\/uploads\/2017\/02\/Naranco.jpg","@id":"https:\/\/candas365.es\/noticias\/recortes-cero-sigue-presentando-en-asturias-la-redistribucion-de-la-riqueza\/#mainImage","width":1600,"height":899},"primaryImageOfPage":{"@id":"https:\/\/candas365.es\/noticias\/recortes-cero-sigue-presentando-en-asturias-la-redistribucion-de-la-riqueza\/#mainImage"},"datePublished":"2017-02-21T23:02:34+01:00","dateModified":"2017-02-21T23:02:34+01:00"},{"@type":"WebSite","@id":"https:\/\/candas365.es\/noticias\/#website","url":"https:\/\/candas365.es\/noticias\/","name":"Cand\u00e1s 365","alternateName":"Cand\u00e1s 365 Noticias","description":"Actualidad desde Carre\u00f1o para el mundo","inLanguage":"es-ES","publisher":{"@id":"https:\/\/candas365.es\/noticias\/#organization"}}]},"og:locale":"es_ES","og:site_name":"Cand\u00e1s 365","og:type":"article","og:title":"Recortes Cero sigue presentando en Asturias la redistribuci\u00f3n de la riqueza | Cand\u00e1s 365","og:description":"En el acto de presentaci\u00f3n del Movimiento cultural, social y pol\u00edtico Recortes Cero en el barrio de Ciudad Naranco de Oviedo, Jos\u00e9 Antonio Lobato, co-portavoz de Recortes Cero en Asturias y primer candidato al Senado en las dos pasadas elecciones generales, Rosa Navarrete, miembro de la coordinadora auton\u00f3mica y candidata al Senado en las dos","og:url":"https:\/\/candas365.es\/noticias\/recortes-cero-sigue-presentando-en-asturias-la-redistribucion-de-la-riqueza\/","og:image":"https:\/\/candas365.es\/noticias\/wp-content\/uploads\/2017\/02\/Naranco.jpg","og:image:secure_url":"https:\/\/candas365.es\/noticias\/wp-content\/uploads\/2017\/02\/Naranco.jpg","og:image:width":1600,"og:image:height":899,"article:published_time":"2017-02-21T23:02:34+00:00","article:modified_time":"2017-02-21T23:02:34+00:00","article:publisher":"https:\/\/www.facebook.com\/Nachofdezber","article:author":"https:\/\/www.facebook.com\/carrenoactualidad","twitter:card":"summary_large_image","twitter:site":"@NabercoDigital","twitter:title":"Recortes Cero sigue presentando en Asturias la redistribuci\u00f3n de la riqueza | Cand\u00e1s 365","twitter:description":"En el acto de presentaci\u00f3n del Movimiento cultural, social y pol\u00edtico Recortes Cero en el barrio de Ciudad Naranco de Oviedo, Jos\u00e9 Antonio Lobato, co-portavoz de Recortes Cero en Asturias y primer candidato al Senado en las dos pasadas elecciones generales, Rosa Navarrete, miembro de la coordinadora auton\u00f3mica y candidata al Senado en las dos","twitter:creator":"@nbasturias","twitter:image":"https:\/\/candas365.es\/noticias\/wp-content\/uploads\/2017\/02\/Naranco.jpg","twitter:label1":"Escrito por","twitter:data1":"Cand\u00e1s 365","twitter:label2":"Tiempo de lectura estimado","twitter:data2":"2 minutos"},"aioseo_meta_data":{"post_id":"43392","title":null,"description":null,"keywords":null,"keyphrases":null,"primary_term":null,"canonical_url":null,"og_title":null,"og_description":null,"og_object_type":"default","og_image_type":"default","og_image_url":null,"og_image_width":null,"og_image_height":null,"og_image_custom_url":null,"og_image_custom_fields":null,"og_video":null,"og_custom_url":null,"og_article_section":null,"og_article_tags":null,"twitter_use_og":false,"twitter_card":"default","twitter_image_type":"default","twitter_image_url":null,"twitter_image_custom_url":null,"twitter_image_custom_fields":null,"twitter_title":null,"twitter_description":null,"schema":{"blockGraphs":[],"customGraphs":[],"default":{"data":{"Article":[],"Course":[],"Dataset":[],"FAQPage":[],"Movie":[],"Person":[],"Product":[],"ProductReview":[],"Car":[],"Recipe":[],"Service":[],"SoftwareApplication":[],"WebPage":[]},"graphName":"","isEnabled":true},"graphs":[]},"schema_type":null,"schema_type_options":null,"pillar_content":false,"robots_default":true,"robots_noindex":false,"robots_noarchive":false,"robots_nosnippet":false,"robots_nofollow":false,"robots_noimageindex":false,"robots_noodp":false,"robots_notranslate":false,"robots_max_snippet":null,"robots_max_videopreview":null,"robots_max_imagepreview":"large","priority":null,"frequency":null,"location":null,"local_seo":null,"seo_analyzer_scan_date":"2025-08-25 06:47:14","breadcrumb_settings":null,"limit_modified_date":false,"reviewed_by":null,"open_ai":null,"ai":null,"created":"2020-12-21 13:04:56","updated":"2025-08-25 06:47:14"},"aioseo_breadcrumb":"<div class=\"aioseo-breadcrumbs\"><span class=\"aioseo-breadcrumb\">\n\t<a href=\"https:\/\/candas365.es\/noticias\" title=\"Home\">Home<\/a>\n<\/span><span class=\"aioseo-breadcrumb-separator\">&ndash;<\/span><span class=\"aioseo-breadcrumb\">\n\t<a href=\"https:\/\/candas365.es\/noticias\/category\/actualidad\/\" title=\"Actualidad\">Actualidad<\/a>\n<\/span><span class=\"aioseo-breadcrumb-separator\">&ndash;<\/span><span class=\"aioseo-breadcrumb\">\n\tRecortes Cero sigue presentando en Asturias la redistribuci\u00f3n de la riqueza\n<\/span><\/div>","aioseo_breadcrumb_json":[{"label":"Home","link":"https:\/\/candas365.es\/noticias"},{"label":"Actualidad","link":"https:\/\/candas365.es\/noticias\/category\/actualidad\/"},{"label":"Recortes Cero sigue presentando en Asturias la redistribuci\u00f3n de la riqueza","link":"https:\/\/candas365.es\/noticias\/recortes-cero-sigue-presentando-en-asturias-la-redistribucion-de-la-riqueza\/"}],"_links":{"self":[{"href":"https:\/\/candas365.es\/noticias\/wp-json\/wp\/v2\/posts\/43392","targetHints":{"allow":["GET"]}}],"collection":[{"href":"https:\/\/candas365.es\/noticias\/wp-json\/wp\/v2\/posts"}],"about":[{"href":"https:\/\/candas365.es\/noticias\/wp-json\/wp\/v2\/types\/post"}],"author":[{"embeddable":true,"href":"https:\/\/candas365.es\/noticias\/wp-json\/wp\/v2\/users\/1"}],"replies":[{"embeddable":true,"href":"https:\/\/candas365.es\/noticias\/wp-json\/wp\/v2\/comments?post=43392"}],"version-history":[{"count":0,"href":"https:\/\/candas365.es\/noticias\/wp-json\/wp\/v2\/posts\/43392\/revisions"}],"wp:featuredmedia":[{"embeddable":true,"href":"https:\/\/candas365.es\/noticias\/wp-json\/wp\/v2\/media\/43393"}],"wp:attachment":[{"href":"https:\/\/candas365.es\/noticias\/wp-json\/wp\/v2\/media?parent=43392"}],"wp:term":[{"taxonomy":"category","embeddable":true,"href":"https:\/\/candas365.es\/noticias\/wp-json\/wp\/v2\/categories?post=43392"},{"taxonomy":"post_tag","embeddable":true,"href":"https:\/\/candas365.es\/noticias\/wp-json\/wp\/v2\/tags?post=43392"}],"curies":[{"name":"wp","href":"https:\/\/api.w.org\/{rel}","templated":true}]}}