{"id":43389,"date":"2017-02-21T21:50:36","date_gmt":"2017-02-21T21:50:36","guid":{"rendered":"http:\/\/candas365.es\/noticias\/?p=43389"},"modified":"2017-02-21T21:50:36","modified_gmt":"2017-02-21T21:50:36","slug":"la-media-de-extranjeros-afiliados-a-la-seguridad-social-se-situa-en-1-687-585-en-enero","status":"publish","type":"post","link":"https:\/\/candas365.es\/noticias\/la-media-de-extranjeros-afiliados-a-la-seguridad-social-se-situa-en-1-687-585-en-enero\/","title":{"rendered":"La media de extranjeros afiliados a la Seguridad Social se sit\u00faa en 1.687.585 en enero"},"content":{"rendered":"<p><img fetchpriority=\"high\" decoding=\"async\" class=\"alignleft size-medium wp-image-43390\" src=\"https:\/\/candas365.es\/noticias\/wp-content\/uploads\/2017\/02\/extranjeros-meyss-360x239.jpg\" alt=\"\" width=\"360\" height=\"239\" srcset=\"https:\/\/candas365.es\/noticias\/wp-content\/uploads\/2017\/02\/extranjeros-meyss-360x239.jpg 360w, https:\/\/candas365.es\/noticias\/wp-content\/uploads\/2017\/02\/extranjeros-meyss-84x55.jpg 84w, https:\/\/candas365.es\/noticias\/wp-content\/uploads\/2017\/02\/extranjeros-meyss.jpg 496w\" sizes=\"(max-width: 360px) 100vw, 360px\" \/>La cifra de trabajadores de origen extranjero afiliados a la Seguridad Social se situ\u00f3 en enero en 1.687.585. En este mes, la ocupaci\u00f3n ha descendido en un 1,42%, lo que supone 24.274 trabajadores menos. Pese a que el primer mes del a\u00f1o registra tradicionalmente descensos en la afiliaci\u00f3n -sobre todo por la finalizaci\u00f3n de la campa\u00f1a navide\u00f1a- la tasa de este a\u00f1o es la mejor en un mes de enero desde 2008.<\/p>\n<p>\u200bRespecto al a\u00f1o pasado, el n\u00famero de afiliados extranjeros aumenta un 5,42%, 86.763 personas ocupadas m\u00e1s que en 2016.<\/p>\n<p>Del total de trabajadores extranjeros que cotizan en el Sistema de la Seguridad Social, los grupos m\u00e1s numerosos proceden de Rumania (304.590), Marruecos (215.366), China (95.782), Italia (83.377), Ecuador (65.702). Les siguen los que provienen de Reino Unido (58.951), Bulgaria (52.942), Colombia (49.218), y Bolivia (47.771).<\/p>\n<p><strong>Comunidades aut\u00f3nomas<\/strong><\/p>\n<p>En t\u00e9rminos mensuales, la afiliaci\u00f3n de trabajadores extranjeros desciende en todas las comunidades y ciudades aut\u00f3nomas, salvo en Andaluc\u00eda, que aumenta un 0,38%.<\/p>\n<p>En el balance general de enero, del total de trabajadores de origen for\u00e1neo, 978.794 proceden de pa\u00edses de fuera de la Uni\u00f3n Europea y el resto (708.791) de pa\u00edses comunitarios.<\/p>\n<p>Por reg\u00edmenes, la mayor\u00eda de los ocupados extranjeros est\u00e1 encuadrado en el R\u00e9gimen General: 1.406.595 (concretamente este dato incluye el Sistema Especial Agrario, con 214.719 ocupados, y el de Hogar, con 185.719); le sigue el de Aut\u00f3nomos, con 277.304 personas; el R\u00e9gimen Especial del Mar, 3.519 y el Carb\u00f3n, 166.<\/p>\n<p>&nbsp;<\/p>\n<p>&nbsp;<\/p>\n","protected":false},"excerpt":{"rendered":"<p>La cifra de trabajadores de origen extranjero afiliados a la Seguridad Social se situ\u00f3 en enero en 1.687.585. En este mes, la ocupaci\u00f3n ha descendido en un 1,42%, lo que supone 24.274 trabajadores menos. Pese a que el primer mes del a\u00f1o registra tradicionalmente descensos en la afiliaci\u00f3n -sobre todo por la finalizaci\u00f3n de la<\/p>\n","protected":false},"author":1,"featured_media":5609,"comment_status":"closed","ping_status":"closed","sticky":false,"template":"","format":"standard","meta":{"footnotes":""},"categories":[343],"tags":[],"class_list":{"0":"post-43389","1":"post","2":"type-post","3":"status-publish","4":"format-standard","5":"has-post-thumbnail","7":"category-actualidad"},"aioseo_notices":[],"aioseo_head":"\n\t\t<!-- All in One SEO Pro 4.9.6.2 - aioseo.com -->\n\t<meta name=\"description\" content=\"La cifra de trabajadores de origen extranjero afiliados a la Seguridad Social se situ\u00f3 en enero en 1.687.585. En este mes, la ocupaci\u00f3n ha descendido en un 1,42%, lo que supone 24.274 trabajadores menos. Pese a que el primer mes del a\u00f1o registra tradicionalmente descensos en la afiliaci\u00f3n -sobre todo por la finalizaci\u00f3n de la\" \/>\n\t<meta name=\"robots\" content=\"max-image-preview:large\" \/>\n\t<meta name=\"author\" content=\"Cand\u00e1s 365\"\/>\n\t<meta name=\"google-site-verification\" content=\"UA-32230408-1\" \/>\n\t<meta name=\"msvalidate.01\" content=\"354F3CDFB2DA171B47FBE9ABF1F88D5\" \/>\n\t<meta name=\"keywords\" content=\"actualidad\" \/>\n\t<link rel=\"canonical\" href=\"https:\/\/candas365.es\/noticias\/la-media-de-extranjeros-afiliados-a-la-seguridad-social-se-situa-en-1-687-585-en-enero\/\" \/>\n\t<meta name=\"generator\" content=\"All in One SEO Pro (AIOSEO) 4.9.6.2\" \/>\n\t\t<meta property=\"og:locale\" content=\"es_ES\" \/>\n\t\t<meta property=\"og:site_name\" content=\"Cand\u00e1s 365\" \/>\n\t\t<meta property=\"og:type\" content=\"article\" \/>\n\t\t<meta property=\"og:title\" content=\"La media de extranjeros afiliados a la Seguridad Social se sit\u00faa en 1.687.585 en enero | Cand\u00e1s 365\" \/>\n\t\t<meta property=\"og:description\" content=\"La cifra de trabajadores de origen extranjero afiliados a la Seguridad Social se situ\u00f3 en enero en 1.687.585. En este mes, la ocupaci\u00f3n ha descendido en un 1,42%, lo que supone 24.274 trabajadores menos. Pese a que el primer mes del a\u00f1o registra tradicionalmente descensos en la afiliaci\u00f3n -sobre todo por la finalizaci\u00f3n de la\" \/>\n\t\t<meta property=\"og:url\" content=\"https:\/\/candas365.es\/noticias\/la-media-de-extranjeros-afiliados-a-la-seguridad-social-se-situa-en-1-687-585-en-enero\/\" \/>\n\t\t<meta property=\"og:image\" content=\"https:\/\/candas365.es\/noticias\/wp-content\/uploads\/2014\/11\/Barco-pesca.jpg\" \/>\n\t\t<meta property=\"og:image:secure_url\" content=\"https:\/\/candas365.es\/noticias\/wp-content\/uploads\/2014\/11\/Barco-pesca.jpg\" \/>\n\t\t<meta property=\"og:image:width\" content=\"2560\" \/>\n\t\t<meta property=\"og:image:height\" content=\"1920\" \/>\n\t\t<meta property=\"article:published_time\" content=\"2017-02-21T21:50:36+00:00\" \/>\n\t\t<meta property=\"article:modified_time\" content=\"2017-02-21T21:50:36+00:00\" \/>\n\t\t<meta property=\"article:publisher\" content=\"https:\/\/www.facebook.com\/Nachofdezber\" \/>\n\t\t<meta property=\"article:author\" content=\"https:\/\/www.facebook.com\/carrenoactualidad\" \/>\n\t\t<meta name=\"twitter:card\" content=\"summary_large_image\" \/>\n\t\t<meta name=\"twitter:site\" content=\"@NabercoDigital\" \/>\n\t\t<meta name=\"twitter:title\" content=\"La media de extranjeros afiliados a la Seguridad Social se sit\u00faa en 1.687.585 en enero | Cand\u00e1s 365\" \/>\n\t\t<meta name=\"twitter:description\" content=\"La cifra de trabajadores de origen extranjero afiliados a la Seguridad Social se situ\u00f3 en enero en 1.687.585. En este mes, la ocupaci\u00f3n ha descendido en un 1,42%, lo que supone 24.274 trabajadores menos. Pese a que el primer mes del a\u00f1o registra tradicionalmente descensos en la afiliaci\u00f3n -sobre todo por la finalizaci\u00f3n de la\" \/>\n\t\t<meta name=\"twitter:creator\" content=\"@nbasturias\" \/>\n\t\t<meta name=\"twitter:image\" content=\"https:\/\/candas365.es\/noticias\/wp-content\/uploads\/2014\/11\/Barco-pesca.jpg\" \/>\n\t\t<meta name=\"twitter:label1\" content=\"Escrito por\" \/>\n\t\t<meta name=\"twitter:data1\" content=\"Cand\u00e1s 365\" \/>\n\t\t<meta name=\"twitter:label2\" content=\"Tiempo de lectura estimado\" \/>\n\t\t<meta name=\"twitter:data2\" content=\"1 minuto\" \/>\n\t\t<script type=\"application\/ld+json\" class=\"aioseo-schema\">\n\t\t\t{\"@context\":\"https:\\\/\\\/schema.org\",\"@graph\":[{\"@type\":\"BreadcrumbList\",\"@id\":\"https:\\\/\\\/candas365.es\\\/noticias\\\/la-media-de-extranjeros-afiliados-a-la-seguridad-social-se-situa-en-1-687-585-en-enero\\\/#breadcrumblist\",\"itemListElement\":[{\"@type\":\"ListItem\",\"@id\":\"https:\\\/\\\/candas365.es\\\/noticias#listItem\",\"position\":1,\"name\":\"Home\",\"item\":\"https:\\\/\\\/candas365.es\\\/noticias\",\"nextItem\":{\"@type\":\"ListItem\",\"@id\":\"https:\\\/\\\/candas365.es\\\/noticias\\\/category\\\/actualidad\\\/#listItem\",\"name\":\"Actualidad\"}},{\"@type\":\"ListItem\",\"@id\":\"https:\\\/\\\/candas365.es\\\/noticias\\\/category\\\/actualidad\\\/#listItem\",\"position\":2,\"name\":\"Actualidad\",\"item\":\"https:\\\/\\\/candas365.es\\\/noticias\\\/category\\\/actualidad\\\/\",\"nextItem\":{\"@type\":\"ListItem\",\"@id\":\"https:\\\/\\\/candas365.es\\\/noticias\\\/la-media-de-extranjeros-afiliados-a-la-seguridad-social-se-situa-en-1-687-585-en-enero\\\/#listItem\",\"name\":\"La media de extranjeros afiliados a la Seguridad Social se sit\\u00faa en 1.687.585 en enero\"},\"previousItem\":{\"@type\":\"ListItem\",\"@id\":\"https:\\\/\\\/candas365.es\\\/noticias#listItem\",\"name\":\"Home\"}},{\"@type\":\"ListItem\",\"@id\":\"https:\\\/\\\/candas365.es\\\/noticias\\\/la-media-de-extranjeros-afiliados-a-la-seguridad-social-se-situa-en-1-687-585-en-enero\\\/#listItem\",\"position\":3,\"name\":\"La media de extranjeros afiliados a la Seguridad Social se sit\\u00faa en 1.687.585 en enero\",\"previousItem\":{\"@type\":\"ListItem\",\"@id\":\"https:\\\/\\\/candas365.es\\\/noticias\\\/category\\\/actualidad\\\/#listItem\",\"name\":\"Actualidad\"}}]},{\"@type\":\"NewsArticle\",\"@id\":\"https:\\\/\\\/candas365.es\\\/noticias\\\/la-media-de-extranjeros-afiliados-a-la-seguridad-social-se-situa-en-1-687-585-en-enero\\\/#newsarticle\",\"name\":\"La media de extranjeros afiliados a la Seguridad Social se sit\\u00faa en 1.687.585 en enero | Cand\\u00e1s 365\",\"headline\":\"La media de extranjeros afiliados a la Seguridad Social se sit\\u00faa en 1.687.585 en enero\",\"author\":{\"@id\":\"https:\\\/\\\/candas365.es\\\/noticias\\\/author\\\/admin\\\/#author\"},\"publisher\":{\"@id\":\"https:\\\/\\\/candas365.es\\\/noticias\\\/#organization\"},\"image\":{\"@type\":\"ImageObject\",\"url\":\"https:\\\/\\\/candas365.es\\\/noticias\\\/wp-content\\\/uploads\\\/2014\\\/11\\\/Barco-pesca.jpg\",\"width\":2560,\"height\":1920},\"datePublished\":\"2017-02-21T21:50:36+01:00\",\"dateModified\":\"2017-02-21T21:50:36+01:00\",\"inLanguage\":\"es-ES\",\"mainEntityOfPage\":{\"@id\":\"https:\\\/\\\/candas365.es\\\/noticias\\\/la-media-de-extranjeros-afiliados-a-la-seguridad-social-se-situa-en-1-687-585-en-enero\\\/#webpage\"},\"isPartOf\":{\"@id\":\"https:\\\/\\\/candas365.es\\\/noticias\\\/la-media-de-extranjeros-afiliados-a-la-seguridad-social-se-situa-en-1-687-585-en-enero\\\/#webpage\"},\"articleSection\":\"Actualidad\",\"dateline\":\"Publicado el febrero 21, 2017.\"},{\"@type\":\"Organization\",\"@id\":\"https:\\\/\\\/candas365.es\\\/noticias\\\/#organization\",\"name\":\"Cand\\u00e1s 365\",\"description\":\"Cand\\u00e1s 365 es un diario digital independiente, fundado en 2012, con base en Asturias. Informamos con rigor sobre actualidad, sociedad, cultura y ocio, con una mirada local y global.\",\"url\":\"https:\\\/\\\/candas365.es\\\/noticias\\\/\",\"email\":\"info@candas365.es\",\"telephone\":\"+34652131393\",\"foundingDate\":\"2012-06-10\",\"logo\":{\"@type\":\"ImageObject\",\"url\":\"https:\\\/\\\/candas365.es\\\/noticias\\\/wp-content\\\/uploads\\\/2024\\\/09\\\/Candas-365-Redes.jpg\",\"@id\":\"https:\\\/\\\/candas365.es\\\/noticias\\\/la-media-de-extranjeros-afiliados-a-la-seguridad-social-se-situa-en-1-687-585-en-enero\\\/#organizationLogo\",\"width\":1152,\"height\":864,\"caption\":\"Cand\\u00e1s 365 Redes\"},\"image\":{\"@id\":\"https:\\\/\\\/candas365.es\\\/noticias\\\/la-media-de-extranjeros-afiliados-a-la-seguridad-social-se-situa-en-1-687-585-en-enero\\\/#organizationLogo\"},\"sameAs\":[\"https:\\\/\\\/www.facebook.com\\\/Nachofdezber\",\"https:\\\/\\\/x.com\\\/NabercoDigital\",\"https:\\\/\\\/www.instagram.com\\\/nachofdezber\\\/\",\"https:\\\/\\\/www.youtube.com\\\/channel\\\/UCZP-2wLEB9Rv6erhFmqVnvg\"],\"address\":{\"@id\":\"https:\\\/\\\/candas365.es\\\/noticias\\\/#postaladdress\",\"@type\":\"PostalAddress\",\"streetAddress\":\"san antonio 4, san antonio 4\",\"postalCode\":\"33430\",\"addressLocality\":\"Cand\\u00e1s\",\"addressRegion\":\"Asturias\",\"addressCountry\":\"ES\"}},{\"@type\":\"Person\",\"@id\":\"https:\\\/\\\/candas365.es\\\/noticias\\\/author\\\/admin\\\/#author\",\"url\":\"https:\\\/\\\/candas365.es\\\/noticias\\\/author\\\/admin\\\/\",\"name\":\"Cand\\u00e1s 365\",\"image\":{\"@type\":\"ImageObject\",\"@id\":\"https:\\\/\\\/candas365.es\\\/noticias\\\/la-media-de-extranjeros-afiliados-a-la-seguridad-social-se-situa-en-1-687-585-en-enero\\\/#authorImage\",\"url\":\"https:\\\/\\\/secure.gravatar.com\\\/avatar\\\/496a8e03d0c493ede1718b7934145dbdf8d89be1036b0eec9544e1094c9de390?s=96&d=mm&r=g\",\"width\":96,\"height\":96,\"caption\":\"Cand\\u00e1s 365\"},\"sameAs\":[\"https:\\\/\\\/www.facebook.com\\\/carrenoactualidad\",\"https:\\\/\\\/twitter.com\\\/nbasturias\",\"https:\\\/\\\/www.instagram.com\\\/nachofdezber\\\/\",\"https:\\\/\\\/www.youtube.com\\\/channel\\\/UCZP-2wLEB9Rv6erhFmqVnvg\"]},{\"@type\":\"WebPage\",\"@id\":\"https:\\\/\\\/candas365.es\\\/noticias\\\/la-media-de-extranjeros-afiliados-a-la-seguridad-social-se-situa-en-1-687-585-en-enero\\\/#webpage\",\"url\":\"https:\\\/\\\/candas365.es\\\/noticias\\\/la-media-de-extranjeros-afiliados-a-la-seguridad-social-se-situa-en-1-687-585-en-enero\\\/\",\"name\":\"La media de extranjeros afiliados a la Seguridad Social se sit\\u00faa en 1.687.585 en enero | Cand\\u00e1s 365\",\"description\":\"La cifra de trabajadores de origen extranjero afiliados a la Seguridad Social se situ\\u00f3 en enero en 1.687.585. En este mes, la ocupaci\\u00f3n ha descendido en un 1,42%, lo que supone 24.274 trabajadores menos. Pese a que el primer mes del a\\u00f1o registra tradicionalmente descensos en la afiliaci\\u00f3n -sobre todo por la finalizaci\\u00f3n de la\",\"inLanguage\":\"es-ES\",\"isPartOf\":{\"@id\":\"https:\\\/\\\/candas365.es\\\/noticias\\\/#website\"},\"breadcrumb\":{\"@id\":\"https:\\\/\\\/candas365.es\\\/noticias\\\/la-media-de-extranjeros-afiliados-a-la-seguridad-social-se-situa-en-1-687-585-en-enero\\\/#breadcrumblist\"},\"author\":{\"@id\":\"https:\\\/\\\/candas365.es\\\/noticias\\\/author\\\/admin\\\/#author\"},\"creator\":{\"@id\":\"https:\\\/\\\/candas365.es\\\/noticias\\\/author\\\/admin\\\/#author\"},\"image\":{\"@type\":\"ImageObject\",\"url\":\"https:\\\/\\\/candas365.es\\\/noticias\\\/wp-content\\\/uploads\\\/2014\\\/11\\\/Barco-pesca.jpg\",\"@id\":\"https:\\\/\\\/candas365.es\\\/noticias\\\/la-media-de-extranjeros-afiliados-a-la-seguridad-social-se-situa-en-1-687-585-en-enero\\\/#mainImage\",\"width\":2560,\"height\":1920},\"primaryImageOfPage\":{\"@id\":\"https:\\\/\\\/candas365.es\\\/noticias\\\/la-media-de-extranjeros-afiliados-a-la-seguridad-social-se-situa-en-1-687-585-en-enero\\\/#mainImage\"},\"datePublished\":\"2017-02-21T21:50:36+01:00\",\"dateModified\":\"2017-02-21T21:50:36+01:00\"},{\"@type\":\"WebSite\",\"@id\":\"https:\\\/\\\/candas365.es\\\/noticias\\\/#website\",\"url\":\"https:\\\/\\\/candas365.es\\\/noticias\\\/\",\"name\":\"Cand\\u00e1s 365\",\"alternateName\":\"Cand\\u00e1s 365 Noticias\",\"description\":\"Actualidad desde Carre\\u00f1o para el mundo\",\"inLanguage\":\"es-ES\",\"publisher\":{\"@id\":\"https:\\\/\\\/candas365.es\\\/noticias\\\/#organization\"}}]}\n\t\t<\/script>\n\t\t<!-- All in One SEO Pro -->\r\n\t\t<title>La media de extranjeros afiliados a la Seguridad Social se sit\u00faa en 1.687.585 en enero | Cand\u00e1s 365<\/title>\n\n","aioseo_head_json":{"title":"La media de extranjeros afiliados a la Seguridad Social se sit\u00faa en 1.687.585 en enero | Cand\u00e1s 365","description":"La cifra de trabajadores de origen extranjero afiliados a la Seguridad Social se situ\u00f3 en enero en 1.687.585. En este mes, la ocupaci\u00f3n ha descendido en un 1,42%, lo que supone 24.274 trabajadores menos. Pese a que el primer mes del a\u00f1o registra tradicionalmente descensos en la afiliaci\u00f3n -sobre todo por la finalizaci\u00f3n de la","canonical_url":"https:\/\/candas365.es\/noticias\/la-media-de-extranjeros-afiliados-a-la-seguridad-social-se-situa-en-1-687-585-en-enero\/","robots":"max-image-preview:large","keywords":"actualidad","webmasterTools":{"google-site-verification":"UA-32230408-1","msvalidate.01":"354F3CDFB2DA171B47FBE9ABF1F88D5","miscellaneous":""},"schema":{"@context":"https:\/\/schema.org","@graph":[{"@type":"BreadcrumbList","@id":"https:\/\/candas365.es\/noticias\/la-media-de-extranjeros-afiliados-a-la-seguridad-social-se-situa-en-1-687-585-en-enero\/#breadcrumblist","itemListElement":[{"@type":"ListItem","@id":"https:\/\/candas365.es\/noticias#listItem","position":1,"name":"Home","item":"https:\/\/candas365.es\/noticias","nextItem":{"@type":"ListItem","@id":"https:\/\/candas365.es\/noticias\/category\/actualidad\/#listItem","name":"Actualidad"}},{"@type":"ListItem","@id":"https:\/\/candas365.es\/noticias\/category\/actualidad\/#listItem","position":2,"name":"Actualidad","item":"https:\/\/candas365.es\/noticias\/category\/actualidad\/","nextItem":{"@type":"ListItem","@id":"https:\/\/candas365.es\/noticias\/la-media-de-extranjeros-afiliados-a-la-seguridad-social-se-situa-en-1-687-585-en-enero\/#listItem","name":"La media de extranjeros afiliados a la Seguridad Social se sit\u00faa en 1.687.585 en enero"},"previousItem":{"@type":"ListItem","@id":"https:\/\/candas365.es\/noticias#listItem","name":"Home"}},{"@type":"ListItem","@id":"https:\/\/candas365.es\/noticias\/la-media-de-extranjeros-afiliados-a-la-seguridad-social-se-situa-en-1-687-585-en-enero\/#listItem","position":3,"name":"La media de extranjeros afiliados a la Seguridad Social se sit\u00faa en 1.687.585 en enero","previousItem":{"@type":"ListItem","@id":"https:\/\/candas365.es\/noticias\/category\/actualidad\/#listItem","name":"Actualidad"}}]},{"@type":"NewsArticle","@id":"https:\/\/candas365.es\/noticias\/la-media-de-extranjeros-afiliados-a-la-seguridad-social-se-situa-en-1-687-585-en-enero\/#newsarticle","name":"La media de extranjeros afiliados a la Seguridad Social se sit\u00faa en 1.687.585 en enero | Cand\u00e1s 365","headline":"La media de extranjeros afiliados a la Seguridad Social se sit\u00faa en 1.687.585 en enero","author":{"@id":"https:\/\/candas365.es\/noticias\/author\/admin\/#author"},"publisher":{"@id":"https:\/\/candas365.es\/noticias\/#organization"},"image":{"@type":"ImageObject","url":"https:\/\/candas365.es\/noticias\/wp-content\/uploads\/2014\/11\/Barco-pesca.jpg","width":2560,"height":1920},"datePublished":"2017-02-21T21:50:36+01:00","dateModified":"2017-02-21T21:50:36+01:00","inLanguage":"es-ES","mainEntityOfPage":{"@id":"https:\/\/candas365.es\/noticias\/la-media-de-extranjeros-afiliados-a-la-seguridad-social-se-situa-en-1-687-585-en-enero\/#webpage"},"isPartOf":{"@id":"https:\/\/candas365.es\/noticias\/la-media-de-extranjeros-afiliados-a-la-seguridad-social-se-situa-en-1-687-585-en-enero\/#webpage"},"articleSection":"Actualidad","dateline":"Publicado el febrero 21, 2017."},{"@type":"Organization","@id":"https:\/\/candas365.es\/noticias\/#organization","name":"Cand\u00e1s 365","description":"Cand\u00e1s 365 es un diario digital independiente, fundado en 2012, con base en Asturias. Informamos con rigor sobre actualidad, sociedad, cultura y ocio, con una mirada local y global.","url":"https:\/\/candas365.es\/noticias\/","email":"info@candas365.es","telephone":"+34652131393","foundingDate":"2012-06-10","logo":{"@type":"ImageObject","url":"https:\/\/candas365.es\/noticias\/wp-content\/uploads\/2024\/09\/Candas-365-Redes.jpg","@id":"https:\/\/candas365.es\/noticias\/la-media-de-extranjeros-afiliados-a-la-seguridad-social-se-situa-en-1-687-585-en-enero\/#organizationLogo","width":1152,"height":864,"caption":"Cand\u00e1s 365 Redes"},"image":{"@id":"https:\/\/candas365.es\/noticias\/la-media-de-extranjeros-afiliados-a-la-seguridad-social-se-situa-en-1-687-585-en-enero\/#organizationLogo"},"sameAs":["https:\/\/www.facebook.com\/Nachofdezber","https:\/\/x.com\/NabercoDigital","https:\/\/www.instagram.com\/nachofdezber\/","https:\/\/www.youtube.com\/channel\/UCZP-2wLEB9Rv6erhFmqVnvg"],"address":{"@id":"https:\/\/candas365.es\/noticias\/#postaladdress","@type":"PostalAddress","streetAddress":"san antonio 4, san antonio 4","postalCode":"33430","addressLocality":"Cand\u00e1s","addressRegion":"Asturias","addressCountry":"ES"}},{"@type":"Person","@id":"https:\/\/candas365.es\/noticias\/author\/admin\/#author","url":"https:\/\/candas365.es\/noticias\/author\/admin\/","name":"Cand\u00e1s 365","image":{"@type":"ImageObject","@id":"https:\/\/candas365.es\/noticias\/la-media-de-extranjeros-afiliados-a-la-seguridad-social-se-situa-en-1-687-585-en-enero\/#authorImage","url":"https:\/\/secure.gravatar.com\/avatar\/496a8e03d0c493ede1718b7934145dbdf8d89be1036b0eec9544e1094c9de390?s=96&d=mm&r=g","width":96,"height":96,"caption":"Cand\u00e1s 365"},"sameAs":["https:\/\/www.facebook.com\/carrenoactualidad","https:\/\/twitter.com\/nbasturias","https:\/\/www.instagram.com\/nachofdezber\/","https:\/\/www.youtube.com\/channel\/UCZP-2wLEB9Rv6erhFmqVnvg"]},{"@type":"WebPage","@id":"https:\/\/candas365.es\/noticias\/la-media-de-extranjeros-afiliados-a-la-seguridad-social-se-situa-en-1-687-585-en-enero\/#webpage","url":"https:\/\/candas365.es\/noticias\/la-media-de-extranjeros-afiliados-a-la-seguridad-social-se-situa-en-1-687-585-en-enero\/","name":"La media de extranjeros afiliados a la Seguridad Social se sit\u00faa en 1.687.585 en enero | Cand\u00e1s 365","description":"La cifra de trabajadores de origen extranjero afiliados a la Seguridad Social se situ\u00f3 en enero en 1.687.585. En este mes, la ocupaci\u00f3n ha descendido en un 1,42%, lo que supone 24.274 trabajadores menos. Pese a que el primer mes del a\u00f1o registra tradicionalmente descensos en la afiliaci\u00f3n -sobre todo por la finalizaci\u00f3n de la","inLanguage":"es-ES","isPartOf":{"@id":"https:\/\/candas365.es\/noticias\/#website"},"breadcrumb":{"@id":"https:\/\/candas365.es\/noticias\/la-media-de-extranjeros-afiliados-a-la-seguridad-social-se-situa-en-1-687-585-en-enero\/#breadcrumblist"},"author":{"@id":"https:\/\/candas365.es\/noticias\/author\/admin\/#author"},"creator":{"@id":"https:\/\/candas365.es\/noticias\/author\/admin\/#author"},"image":{"@type":"ImageObject","url":"https:\/\/candas365.es\/noticias\/wp-content\/uploads\/2014\/11\/Barco-pesca.jpg","@id":"https:\/\/candas365.es\/noticias\/la-media-de-extranjeros-afiliados-a-la-seguridad-social-se-situa-en-1-687-585-en-enero\/#mainImage","width":2560,"height":1920},"primaryImageOfPage":{"@id":"https:\/\/candas365.es\/noticias\/la-media-de-extranjeros-afiliados-a-la-seguridad-social-se-situa-en-1-687-585-en-enero\/#mainImage"},"datePublished":"2017-02-21T21:50:36+01:00","dateModified":"2017-02-21T21:50:36+01:00"},{"@type":"WebSite","@id":"https:\/\/candas365.es\/noticias\/#website","url":"https:\/\/candas365.es\/noticias\/","name":"Cand\u00e1s 365","alternateName":"Cand\u00e1s 365 Noticias","description":"Actualidad desde Carre\u00f1o para el mundo","inLanguage":"es-ES","publisher":{"@id":"https:\/\/candas365.es\/noticias\/#organization"}}]},"og:locale":"es_ES","og:site_name":"Cand\u00e1s 365","og:type":"article","og:title":"La media de extranjeros afiliados a la Seguridad Social se sit\u00faa en 1.687.585 en enero | Cand\u00e1s 365","og:description":"La cifra de trabajadores de origen extranjero afiliados a la Seguridad Social se situ\u00f3 en enero en 1.687.585. En este mes, la ocupaci\u00f3n ha descendido en un 1,42%, lo que supone 24.274 trabajadores menos. Pese a que el primer mes del a\u00f1o registra tradicionalmente descensos en la afiliaci\u00f3n -sobre todo por la finalizaci\u00f3n de la","og:url":"https:\/\/candas365.es\/noticias\/la-media-de-extranjeros-afiliados-a-la-seguridad-social-se-situa-en-1-687-585-en-enero\/","og:image":"https:\/\/candas365.es\/noticias\/wp-content\/uploads\/2014\/11\/Barco-pesca.jpg","og:image:secure_url":"https:\/\/candas365.es\/noticias\/wp-content\/uploads\/2014\/11\/Barco-pesca.jpg","og:image:width":2560,"og:image:height":1920,"article:published_time":"2017-02-21T21:50:36+00:00","article:modified_time":"2017-02-21T21:50:36+00:00","article:publisher":"https:\/\/www.facebook.com\/Nachofdezber","article:author":"https:\/\/www.facebook.com\/carrenoactualidad","twitter:card":"summary_large_image","twitter:site":"@NabercoDigital","twitter:title":"La media de extranjeros afiliados a la Seguridad Social se sit\u00faa en 1.687.585 en enero | Cand\u00e1s 365","twitter:description":"La cifra de trabajadores de origen extranjero afiliados a la Seguridad Social se situ\u00f3 en enero en 1.687.585. En este mes, la ocupaci\u00f3n ha descendido en un 1,42%, lo que supone 24.274 trabajadores menos. Pese a que el primer mes del a\u00f1o registra tradicionalmente descensos en la afiliaci\u00f3n -sobre todo por la finalizaci\u00f3n de la","twitter:creator":"@nbasturias","twitter:image":"https:\/\/candas365.es\/noticias\/wp-content\/uploads\/2014\/11\/Barco-pesca.jpg","twitter:label1":"Escrito por","twitter:data1":"Cand\u00e1s 365","twitter:label2":"Tiempo de lectura estimado","twitter:data2":"1 minuto"},"aioseo_meta_data":{"post_id":"43389","title":null,"description":null,"keywords":null,"keyphrases":null,"primary_term":null,"canonical_url":null,"og_title":null,"og_description":null,"og_object_type":"default","og_image_type":"default","og_image_url":null,"og_image_width":null,"og_image_height":null,"og_image_custom_url":null,"og_image_custom_fields":null,"og_video":null,"og_custom_url":null,"og_article_section":null,"og_article_tags":null,"twitter_use_og":false,"twitter_card":"default","twitter_image_type":"default","twitter_image_url":null,"twitter_image_custom_url":null,"twitter_image_custom_fields":null,"twitter_title":null,"twitter_description":null,"schema":{"blockGraphs":[],"customGraphs":[],"default":{"data":{"Article":[],"Course":[],"Dataset":[],"FAQPage":[],"Movie":[],"Person":[],"Product":[],"ProductReview":[],"Car":[],"Recipe":[],"Service":[],"SoftwareApplication":[],"WebPage":[]},"graphName":"","isEnabled":true},"graphs":[],"defaultGraph":"","defaultPostTypeGraph":""},"schema_type":null,"schema_type_options":null,"pillar_content":false,"robots_default":true,"robots_noindex":false,"robots_noarchive":false,"robots_nosnippet":false,"robots_nofollow":false,"robots_noimageindex":false,"robots_noodp":false,"robots_notranslate":false,"robots_max_snippet":null,"robots_max_videopreview":null,"robots_max_imagepreview":"large","priority":null,"frequency":null,"location":null,"local_seo":null,"seo_analyzer_scan_date":"2025-08-25 06:47:13","breadcrumb_settings":null,"limit_modified_date":false,"reviewed_by":null,"open_ai":null,"ai":null,"created":"2020-12-21 13:04:56","updated":"2025-08-25 06:47:13"},"aioseo_breadcrumb":"<div class=\"aioseo-breadcrumbs\"><span class=\"aioseo-breadcrumb\">\n\t<a href=\"https:\/\/candas365.es\/noticias\" title=\"Home\">Home<\/a>\n<\/span><span class=\"aioseo-breadcrumb-separator\">&ndash;<\/span><span class=\"aioseo-breadcrumb\">\n\t<a href=\"https:\/\/candas365.es\/noticias\/category\/actualidad\/\" title=\"Actualidad\">Actualidad<\/a>\n<\/span><span class=\"aioseo-breadcrumb-separator\">&ndash;<\/span><span class=\"aioseo-breadcrumb\">\n\tLa media de extranjeros afiliados a la Seguridad Social se sit\u00faa en 1.687.585 en enero\n<\/span><\/div>","aioseo_breadcrumb_json":[{"label":"Home","link":"https:\/\/candas365.es\/noticias"},{"label":"Actualidad","link":"https:\/\/candas365.es\/noticias\/category\/actualidad\/"},{"label":"La media de extranjeros afiliados a la Seguridad Social se sit\u00faa en 1.687.585 en enero","link":"https:\/\/candas365.es\/noticias\/la-media-de-extranjeros-afiliados-a-la-seguridad-social-se-situa-en-1-687-585-en-enero\/"}],"_links":{"self":[{"href":"https:\/\/candas365.es\/noticias\/wp-json\/wp\/v2\/posts\/43389","targetHints":{"allow":["GET"]}}],"collection":[{"href":"https:\/\/candas365.es\/noticias\/wp-json\/wp\/v2\/posts"}],"about":[{"href":"https:\/\/candas365.es\/noticias\/wp-json\/wp\/v2\/types\/post"}],"author":[{"embeddable":true,"href":"https:\/\/candas365.es\/noticias\/wp-json\/wp\/v2\/users\/1"}],"replies":[{"embeddable":true,"href":"https:\/\/candas365.es\/noticias\/wp-json\/wp\/v2\/comments?post=43389"}],"version-history":[{"count":0,"href":"https:\/\/candas365.es\/noticias\/wp-json\/wp\/v2\/posts\/43389\/revisions"}],"wp:featuredmedia":[{"embeddable":true,"href":"https:\/\/candas365.es\/noticias\/wp-json\/wp\/v2\/media\/5609"}],"wp:attachment":[{"href":"https:\/\/candas365.es\/noticias\/wp-json\/wp\/v2\/media?parent=43389"}],"wp:term":[{"taxonomy":"category","embeddable":true,"href":"https:\/\/candas365.es\/noticias\/wp-json\/wp\/v2\/categories?post=43389"},{"taxonomy":"post_tag","embeddable":true,"href":"https:\/\/candas365.es\/noticias\/wp-json\/wp\/v2\/tags?post=43389"}],"curies":[{"name":"wp","href":"https:\/\/api.w.org\/{rel}","templated":true}]}}