{"id":43322,"date":"2017-02-20T15:24:35","date_gmt":"2017-02-20T15:24:35","guid":{"rendered":"http:\/\/candas365.es\/noticias\/?p=43322"},"modified":"2017-02-20T15:24:35","modified_gmt":"2017-02-20T15:24:35","slug":"yamaha-racing-presenta-su-nueva-imagen-para-wsbk-2017","status":"publish","type":"post","link":"https:\/\/candas365.es\/noticias\/yamaha-racing-presenta-su-nueva-imagen-para-wsbk-2017\/","title":{"rendered":"Yamaha Racing presenta su nueva imagen para WSBK 2017"},"content":{"rendered":"<p><img fetchpriority=\"high\" decoding=\"async\" class=\"alignleft size-medium wp-image-43323\" src=\"https:\/\/candas365.es\/noticias\/wp-content\/uploads\/2017\/02\/M-360x203.jpg\" alt=\"\" width=\"360\" height=\"203\" srcset=\"https:\/\/candas365.es\/noticias\/wp-content\/uploads\/2017\/02\/M-360x203.jpg 360w, https:\/\/candas365.es\/noticias\/wp-content\/uploads\/2017\/02\/M-650x366.jpg 650w, https:\/\/candas365.es\/noticias\/wp-content\/uploads\/2017\/02\/M-150x84.jpg 150w, https:\/\/candas365.es\/noticias\/wp-content\/uploads\/2017\/02\/M-450x253.jpg 450w, https:\/\/candas365.es\/noticias\/wp-content\/uploads\/2017\/02\/M.jpg 768w, https:\/\/candas365.es\/noticias\/wp-content\/uploads\/2017\/02\/M-655x368.jpg 655w, https:\/\/candas365.es\/noticias\/wp-content\/uploads\/2017\/02\/M-696x392.jpg 696w, https:\/\/candas365.es\/noticias\/wp-content\/uploads\/2017\/02\/M-747x420.jpg 747w, https:\/\/candas365.es\/noticias\/wp-content\/uploads\/2017\/02\/M-499x280.jpg 499w\" sizes=\"(max-width: 360px) 100vw, 360px\" \/>Dejando de lado al Movistar Yamaha MotoGP, quienes realizaron su presentaci\u00f3n a finales del mes pasado en Asia, hace unas horas se nos mostr\u00f3 la nueva imagen de Yamaha para WSBK en las tres categor\u00edas que incursionar\u00e1n este a\u00f1o. El cuartel general de Yamaha Motor Europa en Gerno di Lesmo vio desfilar a la YZR-R1, YZF-R6 y YZF-R3; mismas que tienen participaci\u00f3n en las categor\u00edas de SuperBike, SuperSort y el nuevo campeonato de SuperSport 300.<\/p>\n<p>Uno de los proyectos m\u00e1s llamativos es el Pata Yamaha Official Team WorldSBK, quienes planean tener un gran a\u00f1o junto a la Yamaha YZR-R1, los encargados de ponerla en la pista y ser\u00e1n \u00c1lex Lowes, ya en su segundo a\u00f1o y el reci\u00e9n llegado Michael van der Mark, joven holand\u00e9s que se espera pueda aportar mucho al equipo para comenzar a ganar carreras este 2017. Para la R6 se cuenta con el equipo italiano GRT Yamaha Official WorldSSP Team, dirigido por Mirko Giansanti. La R6 ser\u00e1 pilotada por Lucas Mahias y Federico Caricasulo, en lo que marca el regreso de Yamaha a SuperSport.<\/p>\n<p>Se anunci\u00f3 desde la creaci\u00f3n del Supersport 300 la participaci\u00f3n de Yamaha y as\u00ed ser\u00e1, con seis j\u00f3venes pilotos la firma de los diapasones estar\u00e1 presente en el por ahora Europeo campeonato de las 300. Junto a las anteriores motocicletas tambi\u00e9n estuvieron presentes los equipos de Resistencia, el GMT94 Yamaha Official EWC Team con David Checa, Mike Di Meglio y Niccol\u00f2 Canepa y el YART Yamaha Official EWC Team con Max Neukirchner, Broc Parkes, Kohta Nozane y Marvin Fritz.<\/p>\n<p>Es as\u00ed como Yamaha Racing estar\u00e1 presente en casi todos los campeonatos. Durante esta presentaci\u00f3n tambi\u00e9n hicieron acto de presencia los equipos de Motocross, Enduro y Rallies, reuniendo a 15 equipos y 41 pilotos. La firma de los diapasones buscar\u00e1 levantar la mayor cantidad de campeonatos en este 2017.<\/p>\n<p><strong><em>La noticia \u00abYamaha Racing muestra sus armas\u00bb fue publicada originalmente en Motociclismoonline.<\/em><\/strong><\/p>\n","protected":false},"excerpt":{"rendered":"<p>Dejando de lado al Movistar Yamaha MotoGP, quienes realizaron su presentaci\u00f3n a finales del mes pasado en Asia, hace unas horas se nos mostr\u00f3 la nueva imagen de Yamaha para WSBK en las tres categor\u00edas que incursionar\u00e1n este a\u00f1o. El cuartel general de Yamaha Motor Europa en Gerno di Lesmo vio desfilar a la YZR-R1,<\/p>\n","protected":false},"author":1,"featured_media":43323,"comment_status":"closed","ping_status":"closed","sticky":false,"template":"","format":"standard","meta":{"footnotes":""},"categories":[343],"tags":[],"class_list":{"0":"post-43322","1":"post","2":"type-post","3":"status-publish","4":"format-standard","5":"has-post-thumbnail","7":"category-actualidad"},"aioseo_notices":[],"aioseo_head":"\n\t\t<!-- All in One SEO Pro 4.9.6.2 - aioseo.com -->\n\t<meta name=\"description\" content=\"Dejando de lado al Movistar Yamaha MotoGP, quienes realizaron su presentaci\u00f3n a finales del mes pasado en Asia, hace unas horas se nos mostr\u00f3 la nueva imagen de Yamaha para WSBK en las tres categor\u00edas que incursionar\u00e1n este a\u00f1o. El cuartel general de Yamaha Motor Europa en Gerno di Lesmo vio desfilar a la YZR-R1,\" \/>\n\t<meta name=\"robots\" content=\"max-image-preview:large\" \/>\n\t<meta name=\"author\" content=\"Cand\u00e1s 365\"\/>\n\t<meta name=\"google-site-verification\" content=\"UA-32230408-1\" \/>\n\t<meta name=\"msvalidate.01\" content=\"354F3CDFB2DA171B47FBE9ABF1F88D5\" \/>\n\t<meta name=\"keywords\" content=\"actualidad\" \/>\n\t<link rel=\"canonical\" href=\"https:\/\/candas365.es\/noticias\/yamaha-racing-presenta-su-nueva-imagen-para-wsbk-2017\/\" \/>\n\t<meta name=\"generator\" content=\"All in One SEO Pro (AIOSEO) 4.9.6.2\" \/>\n\t\t<meta property=\"og:locale\" content=\"es_ES\" \/>\n\t\t<meta property=\"og:site_name\" content=\"Cand\u00e1s 365\" \/>\n\t\t<meta property=\"og:type\" content=\"article\" \/>\n\t\t<meta property=\"og:title\" content=\"Yamaha Racing presenta su nueva imagen para WSBK 2017 | Cand\u00e1s 365\" \/>\n\t\t<meta property=\"og:description\" content=\"Dejando de lado al Movistar Yamaha MotoGP, quienes realizaron su presentaci\u00f3n a finales del mes pasado en Asia, hace unas horas se nos mostr\u00f3 la nueva imagen de Yamaha para WSBK en las tres categor\u00edas que incursionar\u00e1n este a\u00f1o. El cuartel general de Yamaha Motor Europa en Gerno di Lesmo vio desfilar a la YZR-R1,\" \/>\n\t\t<meta property=\"og:url\" content=\"https:\/\/candas365.es\/noticias\/yamaha-racing-presenta-su-nueva-imagen-para-wsbk-2017\/\" \/>\n\t\t<meta property=\"og:image\" content=\"https:\/\/candas365.es\/noticias\/wp-content\/uploads\/2017\/02\/M.jpg\" \/>\n\t\t<meta property=\"og:image:secure_url\" content=\"https:\/\/candas365.es\/noticias\/wp-content\/uploads\/2017\/02\/M.jpg\" \/>\n\t\t<meta property=\"og:image:width\" content=\"768\" \/>\n\t\t<meta property=\"og:image:height\" content=\"432\" \/>\n\t\t<meta property=\"article:published_time\" content=\"2017-02-20T15:24:35+00:00\" \/>\n\t\t<meta property=\"article:modified_time\" content=\"2017-02-20T15:24:35+00:00\" \/>\n\t\t<meta property=\"article:publisher\" content=\"https:\/\/www.facebook.com\/Nachofdezber\" \/>\n\t\t<meta property=\"article:author\" content=\"https:\/\/www.facebook.com\/carrenoactualidad\" \/>\n\t\t<meta name=\"twitter:card\" content=\"summary_large_image\" \/>\n\t\t<meta name=\"twitter:site\" content=\"@NabercoDigital\" \/>\n\t\t<meta name=\"twitter:title\" content=\"Yamaha Racing presenta su nueva imagen para WSBK 2017 | Cand\u00e1s 365\" \/>\n\t\t<meta name=\"twitter:description\" content=\"Dejando de lado al Movistar Yamaha MotoGP, quienes realizaron su presentaci\u00f3n a finales del mes pasado en Asia, hace unas horas se nos mostr\u00f3 la nueva imagen de Yamaha para WSBK en las tres categor\u00edas que incursionar\u00e1n este a\u00f1o. El cuartel general de Yamaha Motor Europa en Gerno di Lesmo vio desfilar a la YZR-R1,\" \/>\n\t\t<meta name=\"twitter:creator\" content=\"@nbasturias\" \/>\n\t\t<meta name=\"twitter:image\" content=\"https:\/\/candas365.es\/noticias\/wp-content\/uploads\/2017\/02\/M.jpg\" \/>\n\t\t<meta name=\"twitter:label1\" content=\"Escrito por\" \/>\n\t\t<meta name=\"twitter:data1\" content=\"Cand\u00e1s 365\" \/>\n\t\t<meta name=\"twitter:label2\" content=\"Tiempo de lectura estimado\" \/>\n\t\t<meta name=\"twitter:data2\" content=\"2 minutos\" \/>\n\t\t<script type=\"application\/ld+json\" class=\"aioseo-schema\">\n\t\t\t{\"@context\":\"https:\\\/\\\/schema.org\",\"@graph\":[{\"@type\":\"BreadcrumbList\",\"@id\":\"https:\\\/\\\/candas365.es\\\/noticias\\\/yamaha-racing-presenta-su-nueva-imagen-para-wsbk-2017\\\/#breadcrumblist\",\"itemListElement\":[{\"@type\":\"ListItem\",\"@id\":\"https:\\\/\\\/candas365.es\\\/noticias#listItem\",\"position\":1,\"name\":\"Home\",\"item\":\"https:\\\/\\\/candas365.es\\\/noticias\",\"nextItem\":{\"@type\":\"ListItem\",\"@id\":\"https:\\\/\\\/candas365.es\\\/noticias\\\/category\\\/actualidad\\\/#listItem\",\"name\":\"Actualidad\"}},{\"@type\":\"ListItem\",\"@id\":\"https:\\\/\\\/candas365.es\\\/noticias\\\/category\\\/actualidad\\\/#listItem\",\"position\":2,\"name\":\"Actualidad\",\"item\":\"https:\\\/\\\/candas365.es\\\/noticias\\\/category\\\/actualidad\\\/\",\"nextItem\":{\"@type\":\"ListItem\",\"@id\":\"https:\\\/\\\/candas365.es\\\/noticias\\\/yamaha-racing-presenta-su-nueva-imagen-para-wsbk-2017\\\/#listItem\",\"name\":\"Yamaha Racing presenta su nueva imagen para WSBK 2017\"},\"previousItem\":{\"@type\":\"ListItem\",\"@id\":\"https:\\\/\\\/candas365.es\\\/noticias#listItem\",\"name\":\"Home\"}},{\"@type\":\"ListItem\",\"@id\":\"https:\\\/\\\/candas365.es\\\/noticias\\\/yamaha-racing-presenta-su-nueva-imagen-para-wsbk-2017\\\/#listItem\",\"position\":3,\"name\":\"Yamaha Racing presenta su nueva imagen para WSBK 2017\",\"previousItem\":{\"@type\":\"ListItem\",\"@id\":\"https:\\\/\\\/candas365.es\\\/noticias\\\/category\\\/actualidad\\\/#listItem\",\"name\":\"Actualidad\"}}]},{\"@type\":\"NewsArticle\",\"@id\":\"https:\\\/\\\/candas365.es\\\/noticias\\\/yamaha-racing-presenta-su-nueva-imagen-para-wsbk-2017\\\/#newsarticle\",\"name\":\"Yamaha Racing presenta su nueva imagen para WSBK 2017 | Cand\\u00e1s 365\",\"headline\":\"Yamaha Racing presenta su nueva imagen para WSBK 2017\",\"author\":{\"@id\":\"https:\\\/\\\/candas365.es\\\/noticias\\\/author\\\/admin\\\/#author\"},\"publisher\":{\"@id\":\"https:\\\/\\\/candas365.es\\\/noticias\\\/#organization\"},\"image\":{\"@type\":\"ImageObject\",\"url\":\"https:\\\/\\\/candas365.es\\\/noticias\\\/wp-content\\\/uploads\\\/2017\\\/02\\\/M.jpg\",\"width\":768,\"height\":432},\"datePublished\":\"2017-02-20T15:24:35+01:00\",\"dateModified\":\"2017-02-20T15:24:35+01:00\",\"inLanguage\":\"es-ES\",\"mainEntityOfPage\":{\"@id\":\"https:\\\/\\\/candas365.es\\\/noticias\\\/yamaha-racing-presenta-su-nueva-imagen-para-wsbk-2017\\\/#webpage\"},\"isPartOf\":{\"@id\":\"https:\\\/\\\/candas365.es\\\/noticias\\\/yamaha-racing-presenta-su-nueva-imagen-para-wsbk-2017\\\/#webpage\"},\"articleSection\":\"Actualidad\",\"dateline\":\"Publicado el febrero 20, 2017.\"},{\"@type\":\"Organization\",\"@id\":\"https:\\\/\\\/candas365.es\\\/noticias\\\/#organization\",\"name\":\"Cand\\u00e1s 365\",\"description\":\"Cand\\u00e1s 365 es un diario digital independiente, fundado en 2012, con base en Asturias. Informamos con rigor sobre actualidad, sociedad, cultura y ocio, con una mirada local y global.\",\"url\":\"https:\\\/\\\/candas365.es\\\/noticias\\\/\",\"email\":\"info@candas365.es\",\"telephone\":\"+34652131393\",\"foundingDate\":\"2012-06-10\",\"logo\":{\"@type\":\"ImageObject\",\"url\":\"https:\\\/\\\/candas365.es\\\/noticias\\\/wp-content\\\/uploads\\\/2024\\\/09\\\/Candas-365-Redes.jpg\",\"@id\":\"https:\\\/\\\/candas365.es\\\/noticias\\\/yamaha-racing-presenta-su-nueva-imagen-para-wsbk-2017\\\/#organizationLogo\",\"width\":1152,\"height\":864,\"caption\":\"Cand\\u00e1s 365 Redes\"},\"image\":{\"@id\":\"https:\\\/\\\/candas365.es\\\/noticias\\\/yamaha-racing-presenta-su-nueva-imagen-para-wsbk-2017\\\/#organizationLogo\"},\"sameAs\":[\"https:\\\/\\\/www.facebook.com\\\/Nachofdezber\",\"https:\\\/\\\/x.com\\\/NabercoDigital\",\"https:\\\/\\\/www.instagram.com\\\/nachofdezber\\\/\",\"https:\\\/\\\/www.youtube.com\\\/channel\\\/UCZP-2wLEB9Rv6erhFmqVnvg\"],\"address\":{\"@id\":\"https:\\\/\\\/candas365.es\\\/noticias\\\/#postaladdress\",\"@type\":\"PostalAddress\",\"streetAddress\":\"san antonio 4, san antonio 4\",\"postalCode\":\"33430\",\"addressLocality\":\"Cand\\u00e1s\",\"addressRegion\":\"Asturias\",\"addressCountry\":\"ES\"}},{\"@type\":\"Person\",\"@id\":\"https:\\\/\\\/candas365.es\\\/noticias\\\/author\\\/admin\\\/#author\",\"url\":\"https:\\\/\\\/candas365.es\\\/noticias\\\/author\\\/admin\\\/\",\"name\":\"Cand\\u00e1s 365\",\"image\":{\"@type\":\"ImageObject\",\"@id\":\"https:\\\/\\\/candas365.es\\\/noticias\\\/yamaha-racing-presenta-su-nueva-imagen-para-wsbk-2017\\\/#authorImage\",\"url\":\"https:\\\/\\\/secure.gravatar.com\\\/avatar\\\/496a8e03d0c493ede1718b7934145dbdf8d89be1036b0eec9544e1094c9de390?s=96&d=mm&r=g\",\"width\":96,\"height\":96,\"caption\":\"Cand\\u00e1s 365\"},\"sameAs\":[\"https:\\\/\\\/www.facebook.com\\\/carrenoactualidad\",\"https:\\\/\\\/twitter.com\\\/nbasturias\",\"https:\\\/\\\/www.instagram.com\\\/nachofdezber\\\/\",\"https:\\\/\\\/www.youtube.com\\\/channel\\\/UCZP-2wLEB9Rv6erhFmqVnvg\"]},{\"@type\":\"WebPage\",\"@id\":\"https:\\\/\\\/candas365.es\\\/noticias\\\/yamaha-racing-presenta-su-nueva-imagen-para-wsbk-2017\\\/#webpage\",\"url\":\"https:\\\/\\\/candas365.es\\\/noticias\\\/yamaha-racing-presenta-su-nueva-imagen-para-wsbk-2017\\\/\",\"name\":\"Yamaha Racing presenta su nueva imagen para WSBK 2017 | Cand\\u00e1s 365\",\"description\":\"Dejando de lado al Movistar Yamaha MotoGP, quienes realizaron su presentaci\\u00f3n a finales del mes pasado en Asia, hace unas horas se nos mostr\\u00f3 la nueva imagen de Yamaha para WSBK en las tres categor\\u00edas que incursionar\\u00e1n este a\\u00f1o. El cuartel general de Yamaha Motor Europa en Gerno di Lesmo vio desfilar a la YZR-R1,\",\"inLanguage\":\"es-ES\",\"isPartOf\":{\"@id\":\"https:\\\/\\\/candas365.es\\\/noticias\\\/#website\"},\"breadcrumb\":{\"@id\":\"https:\\\/\\\/candas365.es\\\/noticias\\\/yamaha-racing-presenta-su-nueva-imagen-para-wsbk-2017\\\/#breadcrumblist\"},\"author\":{\"@id\":\"https:\\\/\\\/candas365.es\\\/noticias\\\/author\\\/admin\\\/#author\"},\"creator\":{\"@id\":\"https:\\\/\\\/candas365.es\\\/noticias\\\/author\\\/admin\\\/#author\"},\"image\":{\"@type\":\"ImageObject\",\"url\":\"https:\\\/\\\/candas365.es\\\/noticias\\\/wp-content\\\/uploads\\\/2017\\\/02\\\/M.jpg\",\"@id\":\"https:\\\/\\\/candas365.es\\\/noticias\\\/yamaha-racing-presenta-su-nueva-imagen-para-wsbk-2017\\\/#mainImage\",\"width\":768,\"height\":432},\"primaryImageOfPage\":{\"@id\":\"https:\\\/\\\/candas365.es\\\/noticias\\\/yamaha-racing-presenta-su-nueva-imagen-para-wsbk-2017\\\/#mainImage\"},\"datePublished\":\"2017-02-20T15:24:35+01:00\",\"dateModified\":\"2017-02-20T15:24:35+01:00\"},{\"@type\":\"WebSite\",\"@id\":\"https:\\\/\\\/candas365.es\\\/noticias\\\/#website\",\"url\":\"https:\\\/\\\/candas365.es\\\/noticias\\\/\",\"name\":\"Cand\\u00e1s 365\",\"alternateName\":\"Cand\\u00e1s 365 Noticias\",\"description\":\"Actualidad desde Carre\\u00f1o para el mundo\",\"inLanguage\":\"es-ES\",\"publisher\":{\"@id\":\"https:\\\/\\\/candas365.es\\\/noticias\\\/#organization\"}}]}\n\t\t<\/script>\n\t\t<!-- All in One SEO Pro -->\r\n\t\t<title>Yamaha Racing presenta su nueva imagen para WSBK 2017 | Cand\u00e1s 365<\/title>\n\n","aioseo_head_json":{"title":"Yamaha Racing presenta su nueva imagen para WSBK 2017 | Cand\u00e1s 365","description":"Dejando de lado al Movistar Yamaha MotoGP, quienes realizaron su presentaci\u00f3n a finales del mes pasado en Asia, hace unas horas se nos mostr\u00f3 la nueva imagen de Yamaha para WSBK en las tres categor\u00edas que incursionar\u00e1n este a\u00f1o. El cuartel general de Yamaha Motor Europa en Gerno di Lesmo vio desfilar a la YZR-R1,","canonical_url":"https:\/\/candas365.es\/noticias\/yamaha-racing-presenta-su-nueva-imagen-para-wsbk-2017\/","robots":"max-image-preview:large","keywords":"actualidad","webmasterTools":{"google-site-verification":"UA-32230408-1","msvalidate.01":"354F3CDFB2DA171B47FBE9ABF1F88D5","miscellaneous":""},"schema":{"@context":"https:\/\/schema.org","@graph":[{"@type":"BreadcrumbList","@id":"https:\/\/candas365.es\/noticias\/yamaha-racing-presenta-su-nueva-imagen-para-wsbk-2017\/#breadcrumblist","itemListElement":[{"@type":"ListItem","@id":"https:\/\/candas365.es\/noticias#listItem","position":1,"name":"Home","item":"https:\/\/candas365.es\/noticias","nextItem":{"@type":"ListItem","@id":"https:\/\/candas365.es\/noticias\/category\/actualidad\/#listItem","name":"Actualidad"}},{"@type":"ListItem","@id":"https:\/\/candas365.es\/noticias\/category\/actualidad\/#listItem","position":2,"name":"Actualidad","item":"https:\/\/candas365.es\/noticias\/category\/actualidad\/","nextItem":{"@type":"ListItem","@id":"https:\/\/candas365.es\/noticias\/yamaha-racing-presenta-su-nueva-imagen-para-wsbk-2017\/#listItem","name":"Yamaha Racing presenta su nueva imagen para WSBK 2017"},"previousItem":{"@type":"ListItem","@id":"https:\/\/candas365.es\/noticias#listItem","name":"Home"}},{"@type":"ListItem","@id":"https:\/\/candas365.es\/noticias\/yamaha-racing-presenta-su-nueva-imagen-para-wsbk-2017\/#listItem","position":3,"name":"Yamaha Racing presenta su nueva imagen para WSBK 2017","previousItem":{"@type":"ListItem","@id":"https:\/\/candas365.es\/noticias\/category\/actualidad\/#listItem","name":"Actualidad"}}]},{"@type":"NewsArticle","@id":"https:\/\/candas365.es\/noticias\/yamaha-racing-presenta-su-nueva-imagen-para-wsbk-2017\/#newsarticle","name":"Yamaha Racing presenta su nueva imagen para WSBK 2017 | Cand\u00e1s 365","headline":"Yamaha Racing presenta su nueva imagen para WSBK 2017","author":{"@id":"https:\/\/candas365.es\/noticias\/author\/admin\/#author"},"publisher":{"@id":"https:\/\/candas365.es\/noticias\/#organization"},"image":{"@type":"ImageObject","url":"https:\/\/candas365.es\/noticias\/wp-content\/uploads\/2017\/02\/M.jpg","width":768,"height":432},"datePublished":"2017-02-20T15:24:35+01:00","dateModified":"2017-02-20T15:24:35+01:00","inLanguage":"es-ES","mainEntityOfPage":{"@id":"https:\/\/candas365.es\/noticias\/yamaha-racing-presenta-su-nueva-imagen-para-wsbk-2017\/#webpage"},"isPartOf":{"@id":"https:\/\/candas365.es\/noticias\/yamaha-racing-presenta-su-nueva-imagen-para-wsbk-2017\/#webpage"},"articleSection":"Actualidad","dateline":"Publicado el febrero 20, 2017."},{"@type":"Organization","@id":"https:\/\/candas365.es\/noticias\/#organization","name":"Cand\u00e1s 365","description":"Cand\u00e1s 365 es un diario digital independiente, fundado en 2012, con base en Asturias. Informamos con rigor sobre actualidad, sociedad, cultura y ocio, con una mirada local y global.","url":"https:\/\/candas365.es\/noticias\/","email":"info@candas365.es","telephone":"+34652131393","foundingDate":"2012-06-10","logo":{"@type":"ImageObject","url":"https:\/\/candas365.es\/noticias\/wp-content\/uploads\/2024\/09\/Candas-365-Redes.jpg","@id":"https:\/\/candas365.es\/noticias\/yamaha-racing-presenta-su-nueva-imagen-para-wsbk-2017\/#organizationLogo","width":1152,"height":864,"caption":"Cand\u00e1s 365 Redes"},"image":{"@id":"https:\/\/candas365.es\/noticias\/yamaha-racing-presenta-su-nueva-imagen-para-wsbk-2017\/#organizationLogo"},"sameAs":["https:\/\/www.facebook.com\/Nachofdezber","https:\/\/x.com\/NabercoDigital","https:\/\/www.instagram.com\/nachofdezber\/","https:\/\/www.youtube.com\/channel\/UCZP-2wLEB9Rv6erhFmqVnvg"],"address":{"@id":"https:\/\/candas365.es\/noticias\/#postaladdress","@type":"PostalAddress","streetAddress":"san antonio 4, san antonio 4","postalCode":"33430","addressLocality":"Cand\u00e1s","addressRegion":"Asturias","addressCountry":"ES"}},{"@type":"Person","@id":"https:\/\/candas365.es\/noticias\/author\/admin\/#author","url":"https:\/\/candas365.es\/noticias\/author\/admin\/","name":"Cand\u00e1s 365","image":{"@type":"ImageObject","@id":"https:\/\/candas365.es\/noticias\/yamaha-racing-presenta-su-nueva-imagen-para-wsbk-2017\/#authorImage","url":"https:\/\/secure.gravatar.com\/avatar\/496a8e03d0c493ede1718b7934145dbdf8d89be1036b0eec9544e1094c9de390?s=96&d=mm&r=g","width":96,"height":96,"caption":"Cand\u00e1s 365"},"sameAs":["https:\/\/www.facebook.com\/carrenoactualidad","https:\/\/twitter.com\/nbasturias","https:\/\/www.instagram.com\/nachofdezber\/","https:\/\/www.youtube.com\/channel\/UCZP-2wLEB9Rv6erhFmqVnvg"]},{"@type":"WebPage","@id":"https:\/\/candas365.es\/noticias\/yamaha-racing-presenta-su-nueva-imagen-para-wsbk-2017\/#webpage","url":"https:\/\/candas365.es\/noticias\/yamaha-racing-presenta-su-nueva-imagen-para-wsbk-2017\/","name":"Yamaha Racing presenta su nueva imagen para WSBK 2017 | Cand\u00e1s 365","description":"Dejando de lado al Movistar Yamaha MotoGP, quienes realizaron su presentaci\u00f3n a finales del mes pasado en Asia, hace unas horas se nos mostr\u00f3 la nueva imagen de Yamaha para WSBK en las tres categor\u00edas que incursionar\u00e1n este a\u00f1o. El cuartel general de Yamaha Motor Europa en Gerno di Lesmo vio desfilar a la YZR-R1,","inLanguage":"es-ES","isPartOf":{"@id":"https:\/\/candas365.es\/noticias\/#website"},"breadcrumb":{"@id":"https:\/\/candas365.es\/noticias\/yamaha-racing-presenta-su-nueva-imagen-para-wsbk-2017\/#breadcrumblist"},"author":{"@id":"https:\/\/candas365.es\/noticias\/author\/admin\/#author"},"creator":{"@id":"https:\/\/candas365.es\/noticias\/author\/admin\/#author"},"image":{"@type":"ImageObject","url":"https:\/\/candas365.es\/noticias\/wp-content\/uploads\/2017\/02\/M.jpg","@id":"https:\/\/candas365.es\/noticias\/yamaha-racing-presenta-su-nueva-imagen-para-wsbk-2017\/#mainImage","width":768,"height":432},"primaryImageOfPage":{"@id":"https:\/\/candas365.es\/noticias\/yamaha-racing-presenta-su-nueva-imagen-para-wsbk-2017\/#mainImage"},"datePublished":"2017-02-20T15:24:35+01:00","dateModified":"2017-02-20T15:24:35+01:00"},{"@type":"WebSite","@id":"https:\/\/candas365.es\/noticias\/#website","url":"https:\/\/candas365.es\/noticias\/","name":"Cand\u00e1s 365","alternateName":"Cand\u00e1s 365 Noticias","description":"Actualidad desde Carre\u00f1o para el mundo","inLanguage":"es-ES","publisher":{"@id":"https:\/\/candas365.es\/noticias\/#organization"}}]},"og:locale":"es_ES","og:site_name":"Cand\u00e1s 365","og:type":"article","og:title":"Yamaha Racing presenta su nueva imagen para WSBK 2017 | Cand\u00e1s 365","og:description":"Dejando de lado al Movistar Yamaha MotoGP, quienes realizaron su presentaci\u00f3n a finales del mes pasado en Asia, hace unas horas se nos mostr\u00f3 la nueva imagen de Yamaha para WSBK en las tres categor\u00edas que incursionar\u00e1n este a\u00f1o. El cuartel general de Yamaha Motor Europa en Gerno di Lesmo vio desfilar a la YZR-R1,","og:url":"https:\/\/candas365.es\/noticias\/yamaha-racing-presenta-su-nueva-imagen-para-wsbk-2017\/","og:image":"https:\/\/candas365.es\/noticias\/wp-content\/uploads\/2017\/02\/M.jpg","og:image:secure_url":"https:\/\/candas365.es\/noticias\/wp-content\/uploads\/2017\/02\/M.jpg","og:image:width":768,"og:image:height":432,"article:published_time":"2017-02-20T15:24:35+00:00","article:modified_time":"2017-02-20T15:24:35+00:00","article:publisher":"https:\/\/www.facebook.com\/Nachofdezber","article:author":"https:\/\/www.facebook.com\/carrenoactualidad","twitter:card":"summary_large_image","twitter:site":"@NabercoDigital","twitter:title":"Yamaha Racing presenta su nueva imagen para WSBK 2017 | Cand\u00e1s 365","twitter:description":"Dejando de lado al Movistar Yamaha MotoGP, quienes realizaron su presentaci\u00f3n a finales del mes pasado en Asia, hace unas horas se nos mostr\u00f3 la nueva imagen de Yamaha para WSBK en las tres categor\u00edas que incursionar\u00e1n este a\u00f1o. El cuartel general de Yamaha Motor Europa en Gerno di Lesmo vio desfilar a la YZR-R1,","twitter:creator":"@nbasturias","twitter:image":"https:\/\/candas365.es\/noticias\/wp-content\/uploads\/2017\/02\/M.jpg","twitter:label1":"Escrito por","twitter:data1":"Cand\u00e1s 365","twitter:label2":"Tiempo de lectura estimado","twitter:data2":"2 minutos"},"aioseo_meta_data":{"post_id":"43322","title":null,"description":null,"keywords":null,"keyphrases":null,"primary_term":null,"canonical_url":null,"og_title":null,"og_description":null,"og_object_type":"default","og_image_type":"default","og_image_url":null,"og_image_width":null,"og_image_height":null,"og_image_custom_url":null,"og_image_custom_fields":null,"og_video":null,"og_custom_url":null,"og_article_section":null,"og_article_tags":null,"twitter_use_og":false,"twitter_card":"default","twitter_image_type":"default","twitter_image_url":null,"twitter_image_custom_url":null,"twitter_image_custom_fields":null,"twitter_title":null,"twitter_description":null,"schema":{"blockGraphs":[],"customGraphs":[],"default":{"data":{"Article":[],"Course":[],"Dataset":[],"FAQPage":[],"Movie":[],"Person":[],"Product":[],"ProductReview":[],"Car":[],"Recipe":[],"Service":[],"SoftwareApplication":[],"WebPage":[]},"graphName":"","isEnabled":true},"graphs":[]},"schema_type":null,"schema_type_options":null,"pillar_content":false,"robots_default":true,"robots_noindex":false,"robots_noarchive":false,"robots_nosnippet":false,"robots_nofollow":false,"robots_noimageindex":false,"robots_noodp":false,"robots_notranslate":false,"robots_max_snippet":null,"robots_max_videopreview":null,"robots_max_imagepreview":"large","priority":null,"frequency":null,"location":null,"local_seo":null,"seo_analyzer_scan_date":"2025-08-25 06:41:08","breadcrumb_settings":null,"limit_modified_date":false,"reviewed_by":null,"open_ai":null,"ai":null,"created":"2020-12-21 13:04:56","updated":"2025-08-25 06:41:08"},"aioseo_breadcrumb":"<div class=\"aioseo-breadcrumbs\"><span class=\"aioseo-breadcrumb\">\n\t<a href=\"https:\/\/candas365.es\/noticias\" title=\"Home\">Home<\/a>\n<\/span><span class=\"aioseo-breadcrumb-separator\">&ndash;<\/span><span class=\"aioseo-breadcrumb\">\n\t<a href=\"https:\/\/candas365.es\/noticias\/category\/actualidad\/\" title=\"Actualidad\">Actualidad<\/a>\n<\/span><span class=\"aioseo-breadcrumb-separator\">&ndash;<\/span><span class=\"aioseo-breadcrumb\">\n\tYamaha Racing presenta su nueva imagen para WSBK 2017\n<\/span><\/div>","aioseo_breadcrumb_json":[{"label":"Home","link":"https:\/\/candas365.es\/noticias"},{"label":"Actualidad","link":"https:\/\/candas365.es\/noticias\/category\/actualidad\/"},{"label":"Yamaha Racing presenta su nueva imagen para WSBK 2017","link":"https:\/\/candas365.es\/noticias\/yamaha-racing-presenta-su-nueva-imagen-para-wsbk-2017\/"}],"_links":{"self":[{"href":"https:\/\/candas365.es\/noticias\/wp-json\/wp\/v2\/posts\/43322","targetHints":{"allow":["GET"]}}],"collection":[{"href":"https:\/\/candas365.es\/noticias\/wp-json\/wp\/v2\/posts"}],"about":[{"href":"https:\/\/candas365.es\/noticias\/wp-json\/wp\/v2\/types\/post"}],"author":[{"embeddable":true,"href":"https:\/\/candas365.es\/noticias\/wp-json\/wp\/v2\/users\/1"}],"replies":[{"embeddable":true,"href":"https:\/\/candas365.es\/noticias\/wp-json\/wp\/v2\/comments?post=43322"}],"version-history":[{"count":0,"href":"https:\/\/candas365.es\/noticias\/wp-json\/wp\/v2\/posts\/43322\/revisions"}],"wp:featuredmedia":[{"embeddable":true,"href":"https:\/\/candas365.es\/noticias\/wp-json\/wp\/v2\/media\/43323"}],"wp:attachment":[{"href":"https:\/\/candas365.es\/noticias\/wp-json\/wp\/v2\/media?parent=43322"}],"wp:term":[{"taxonomy":"category","embeddable":true,"href":"https:\/\/candas365.es\/noticias\/wp-json\/wp\/v2\/categories?post=43322"},{"taxonomy":"post_tag","embeddable":true,"href":"https:\/\/candas365.es\/noticias\/wp-json\/wp\/v2\/tags?post=43322"}],"curies":[{"name":"wp","href":"https:\/\/api.w.org\/{rel}","templated":true}]}}