{"id":4221,"date":"2014-10-23T16:47:13","date_gmt":"2014-10-23T18:47:13","guid":{"rendered":"http:\/\/candas365.es\/noticias\/?p=4221"},"modified":"2014-10-23T16:47:13","modified_gmt":"2014-10-23T18:47:13","slug":"beatriz-rico-participa-este-sabado-en-salamanca-en-un-acto-solidario-para-animales-abandonados","status":"publish","type":"post","link":"https:\/\/candas365.es\/noticias\/beatriz-rico-participa-este-sabado-en-salamanca-en-un-acto-solidario-para-animales-abandonados\/","title":{"rendered":"Beatriz Rico participa este s\u00e1bado en Salamanca en un acto solidario para animales abandonados"},"content":{"rendered":"<p><img fetchpriority=\"high\" decoding=\"async\" class=\"alignleft size-medium wp-image-4222\" src=\"https:\/\/candas365.es\/noticias\/wp-content\/uploads\/2014\/10\/fotonoticia_20141023171933_800-212x300.jpg\" alt=\"fotonoticia_20141023171933_800\" width=\"212\" height=\"300\" srcset=\"https:\/\/candas365.es\/noticias\/wp-content\/uploads\/2014\/10\/fotonoticia_20141023171933_800-212x300.jpg 212w, https:\/\/candas365.es\/noticias\/wp-content\/uploads\/2014\/10\/fotonoticia_20141023171933_800-339x480.jpg 339w, https:\/\/candas365.es\/noticias\/wp-content\/uploads\/2014\/10\/fotonoticia_20141023171933_800-768x1087.jpg 768w, https:\/\/candas365.es\/noticias\/wp-content\/uploads\/2014\/10\/fotonoticia_20141023171933_800-150x212.jpg 150w, https:\/\/candas365.es\/noticias\/wp-content\/uploads\/2014\/10\/fotonoticia_20141023171933_800-450x637.jpg 450w, https:\/\/candas365.es\/noticias\/wp-content\/uploads\/2014\/10\/fotonoticia_20141023171933_800-696x985.jpg 696w, https:\/\/candas365.es\/noticias\/wp-content\/uploads\/2014\/10\/fotonoticia_20141023171933_800-297x420.jpg 297w, https:\/\/candas365.es\/noticias\/wp-content\/uploads\/2014\/10\/fotonoticia_20141023171933_800.jpg 800w\" sizes=\"(max-width: 212px) 100vw, 212px\" \/>(EUROPA PRESS) La actriz asturiana Beatriz Rico protagonizar\u00e1 este s\u00e1bado, 25 de octubre, en Salamanca, la representaci\u00f3n teatral &#8216;Mejor viuda que mal casada&#8217;, un acto solidario para recaudar fondos, que ir\u00e1n destinados a la Fundaci\u00f3n Luna, una organizaci\u00f3n no gubernamental sin \u00e1nimo de lucro que enfoca su actividad en la protecci\u00f3n de animales.<\/p>\n<p>La actuaci\u00f3n tendr\u00e1 lugar a las 22.00 horas en el Teatro Caja Duero de Salamanca y la recaudaci\u00f3n de las invitaciones, que tienen un donativo de 10 euros, ser\u00e1 donada \u00edntegramente a Fundaci\u00f3n Luna, con el fin de ayudar as\u00ed a los m\u00e1s de 230 animales de los que esta organizaci\u00f3n se est\u00e1 haciendo cargo actualmente.<\/p>\n<p>Beatriz Rico dar\u00e1 vida en escena a un mon\u00f3logo del personaje de Patricia, que lo ha pasado mal porque era una mujer \u00abmuy fea\u00bb. Ahora, \u00abm\u00e1s crecidita y tras curtirse en la escuela de la vida\u00bb, Patricia ha conseguido convertirse en una mujer \u00abmuy atractiva\u00bb, ha avanzado la Fundaci\u00f3n Luna.<\/p>\n<p>La obra est\u00e1 escrita por la actriz y para algunos &#8216;gags&#8217; se ha<br \/>\ninspirado en sus propias experiencias. En total, 90 minutos de \u00abrisas aseguradas que sin duda ayudar\u00e1n mucho a los animales que por desgracia son abandonados y a los que Fundaci\u00f3n Luna recoge, da cobijo, cari\u00f1o, cuidados veterinarios y alimenta\u00bb, ha indicado la organizaci\u00f3n.<\/p>\n<p>Las entradas se pueden adquirir en la tienda Shogun, en la calle Padilleros; Tribu estilistas, en Filiberto Villalobos; Bar El Rastrel, en la calle el Grillo; Bar no s\u00e9, en la avenida Campoamor; Agromascotas, en la avenida Padres Paules; en el Caf\u00e9 Atelier, en la calle Serranos, y, el propio d\u00eda de la actuaci\u00f3n, en el Teatro Caja Duero.<\/p>\n","protected":false},"excerpt":{"rendered":"<p>(EUROPA PRESS) La actriz asturiana Beatriz Rico protagonizar\u00e1 este s\u00e1bado, 25 de octubre, en Salamanca, la representaci\u00f3n teatral &#8216;Mejor viuda que mal casada&#8217;, un acto solidario para recaudar fondos, que ir\u00e1n destinados a la Fundaci\u00f3n Luna, una organizaci\u00f3n no gubernamental sin \u00e1nimo de lucro que enfoca su actividad en la protecci\u00f3n de animales. La actuaci\u00f3n<\/p>\n","protected":false},"author":1,"featured_media":4222,"comment_status":"closed","ping_status":"closed","sticky":false,"template":"","format":"standard","meta":{"footnotes":""},"categories":[343],"tags":[],"class_list":{"0":"post-4221","1":"post","2":"type-post","3":"status-publish","4":"format-standard","5":"has-post-thumbnail","7":"category-actualidad"},"aioseo_notices":[],"aioseo_head":"\n\t\t<!-- All in One SEO Pro 4.9.6.2 - aioseo.com -->\n\t<meta name=\"description\" content=\"(EUROPA PRESS) La actriz asturiana Beatriz Rico protagonizar\u00e1 este s\u00e1bado, 25 de octubre, en Salamanca, la representaci\u00f3n teatral &#039;Mejor viuda que mal casada&#039;, un acto solidario para recaudar fondos, que ir\u00e1n destinados a la Fundaci\u00f3n Luna, una organizaci\u00f3n no gubernamental sin \u00e1nimo de lucro que enfoca su actividad en la protecci\u00f3n de animales. La actuaci\u00f3n\" \/>\n\t<meta name=\"robots\" content=\"max-image-preview:large\" \/>\n\t<meta name=\"author\" content=\"Cand\u00e1s 365\"\/>\n\t<meta name=\"google-site-verification\" content=\"UA-32230408-1\" \/>\n\t<meta name=\"msvalidate.01\" content=\"354F3CDFB2DA171B47FBE9ABF1F88D5\" \/>\n\t<meta name=\"keywords\" content=\"actualidad\" \/>\n\t<link rel=\"canonical\" href=\"https:\/\/candas365.es\/noticias\/beatriz-rico-participa-este-sabado-en-salamanca-en-un-acto-solidario-para-animales-abandonados\/\" \/>\n\t<meta name=\"generator\" content=\"All in One SEO Pro (AIOSEO) 4.9.6.2\" \/>\n\t\t<meta property=\"og:locale\" content=\"es_ES\" \/>\n\t\t<meta property=\"og:site_name\" content=\"Cand\u00e1s 365\" \/>\n\t\t<meta property=\"og:type\" content=\"article\" \/>\n\t\t<meta property=\"og:title\" content=\"Beatriz Rico participa este s\u00e1bado en Salamanca en un acto solidario para animales abandonados | Cand\u00e1s 365\" \/>\n\t\t<meta property=\"og:description\" content=\"(EUROPA PRESS) La actriz asturiana Beatriz Rico protagonizar\u00e1 este s\u00e1bado, 25 de octubre, en Salamanca, la representaci\u00f3n teatral &#039;Mejor viuda que mal casada&#039;, un acto solidario para recaudar fondos, que ir\u00e1n destinados a la Fundaci\u00f3n Luna, una organizaci\u00f3n no gubernamental sin \u00e1nimo de lucro que enfoca su actividad en la protecci\u00f3n de animales. La actuaci\u00f3n\" \/>\n\t\t<meta property=\"og:url\" content=\"https:\/\/candas365.es\/noticias\/beatriz-rico-participa-este-sabado-en-salamanca-en-un-acto-solidario-para-animales-abandonados\/\" \/>\n\t\t<meta property=\"og:image\" content=\"https:\/\/candas365.es\/noticias\/wp-content\/uploads\/2014\/10\/fotonoticia_20141023171933_800.jpg\" \/>\n\t\t<meta property=\"og:image:secure_url\" content=\"https:\/\/candas365.es\/noticias\/wp-content\/uploads\/2014\/10\/fotonoticia_20141023171933_800.jpg\" \/>\n\t\t<meta property=\"og:image:width\" content=\"800\" \/>\n\t\t<meta property=\"og:image:height\" content=\"1132\" \/>\n\t\t<meta property=\"article:published_time\" content=\"2014-10-23T18:47:13+00:00\" \/>\n\t\t<meta property=\"article:modified_time\" content=\"2014-10-23T18:47:13+00:00\" \/>\n\t\t<meta property=\"article:publisher\" content=\"https:\/\/www.facebook.com\/Nachofdezber\" \/>\n\t\t<meta property=\"article:author\" content=\"https:\/\/www.facebook.com\/carrenoactualidad\" \/>\n\t\t<meta name=\"twitter:card\" content=\"summary_large_image\" \/>\n\t\t<meta name=\"twitter:site\" content=\"@NabercoDigital\" \/>\n\t\t<meta name=\"twitter:title\" content=\"Beatriz Rico participa este s\u00e1bado en Salamanca en un acto solidario para animales abandonados | Cand\u00e1s 365\" \/>\n\t\t<meta name=\"twitter:description\" content=\"(EUROPA PRESS) La actriz asturiana Beatriz Rico protagonizar\u00e1 este s\u00e1bado, 25 de octubre, en Salamanca, la representaci\u00f3n teatral &#039;Mejor viuda que mal casada&#039;, un acto solidario para recaudar fondos, que ir\u00e1n destinados a la Fundaci\u00f3n Luna, una organizaci\u00f3n no gubernamental sin \u00e1nimo de lucro que enfoca su actividad en la protecci\u00f3n de animales. La actuaci\u00f3n\" \/>\n\t\t<meta name=\"twitter:creator\" content=\"@nbasturias\" \/>\n\t\t<meta name=\"twitter:image\" content=\"https:\/\/candas365.es\/noticias\/wp-content\/uploads\/2014\/10\/fotonoticia_20141023171933_800.jpg\" \/>\n\t\t<meta name=\"twitter:label1\" content=\"Escrito por\" \/>\n\t\t<meta name=\"twitter:data1\" content=\"Cand\u00e1s 365\" \/>\n\t\t<meta name=\"twitter:label2\" content=\"Tiempo de lectura estimado\" \/>\n\t\t<meta name=\"twitter:data2\" content=\"1 minuto\" \/>\n\t\t<script type=\"application\/ld+json\" class=\"aioseo-schema\">\n\t\t\t{\"@context\":\"https:\\\/\\\/schema.org\",\"@graph\":[{\"@type\":\"BreadcrumbList\",\"@id\":\"https:\\\/\\\/candas365.es\\\/noticias\\\/beatriz-rico-participa-este-sabado-en-salamanca-en-un-acto-solidario-para-animales-abandonados\\\/#breadcrumblist\",\"itemListElement\":[{\"@type\":\"ListItem\",\"@id\":\"https:\\\/\\\/candas365.es\\\/noticias#listItem\",\"position\":1,\"name\":\"Home\",\"item\":\"https:\\\/\\\/candas365.es\\\/noticias\",\"nextItem\":{\"@type\":\"ListItem\",\"@id\":\"https:\\\/\\\/candas365.es\\\/noticias\\\/category\\\/actualidad\\\/#listItem\",\"name\":\"Actualidad\"}},{\"@type\":\"ListItem\",\"@id\":\"https:\\\/\\\/candas365.es\\\/noticias\\\/category\\\/actualidad\\\/#listItem\",\"position\":2,\"name\":\"Actualidad\",\"item\":\"https:\\\/\\\/candas365.es\\\/noticias\\\/category\\\/actualidad\\\/\",\"nextItem\":{\"@type\":\"ListItem\",\"@id\":\"https:\\\/\\\/candas365.es\\\/noticias\\\/beatriz-rico-participa-este-sabado-en-salamanca-en-un-acto-solidario-para-animales-abandonados\\\/#listItem\",\"name\":\"Beatriz Rico participa este s\\u00e1bado en Salamanca en un acto solidario para animales abandonados\"},\"previousItem\":{\"@type\":\"ListItem\",\"@id\":\"https:\\\/\\\/candas365.es\\\/noticias#listItem\",\"name\":\"Home\"}},{\"@type\":\"ListItem\",\"@id\":\"https:\\\/\\\/candas365.es\\\/noticias\\\/beatriz-rico-participa-este-sabado-en-salamanca-en-un-acto-solidario-para-animales-abandonados\\\/#listItem\",\"position\":3,\"name\":\"Beatriz Rico participa este s\\u00e1bado en Salamanca en un acto solidario para animales abandonados\",\"previousItem\":{\"@type\":\"ListItem\",\"@id\":\"https:\\\/\\\/candas365.es\\\/noticias\\\/category\\\/actualidad\\\/#listItem\",\"name\":\"Actualidad\"}}]},{\"@type\":\"NewsArticle\",\"@id\":\"https:\\\/\\\/candas365.es\\\/noticias\\\/beatriz-rico-participa-este-sabado-en-salamanca-en-un-acto-solidario-para-animales-abandonados\\\/#newsarticle\",\"name\":\"Beatriz Rico participa este s\\u00e1bado en Salamanca en un acto solidario para animales abandonados | Cand\\u00e1s 365\",\"headline\":\"Beatriz Rico participa este s\\u00e1bado en Salamanca en un acto solidario para animales abandonados\",\"author\":{\"@id\":\"https:\\\/\\\/candas365.es\\\/noticias\\\/author\\\/admin\\\/#author\"},\"publisher\":{\"@id\":\"https:\\\/\\\/candas365.es\\\/noticias\\\/#organization\"},\"image\":{\"@type\":\"ImageObject\",\"url\":\"https:\\\/\\\/candas365.es\\\/noticias\\\/wp-content\\\/uploads\\\/2014\\\/10\\\/fotonoticia_20141023171933_800.jpg\",\"width\":800,\"height\":1132},\"datePublished\":\"2014-10-23T16:47:13+02:00\",\"dateModified\":\"2014-10-23T16:47:13+02:00\",\"inLanguage\":\"es-ES\",\"mainEntityOfPage\":{\"@id\":\"https:\\\/\\\/candas365.es\\\/noticias\\\/beatriz-rico-participa-este-sabado-en-salamanca-en-un-acto-solidario-para-animales-abandonados\\\/#webpage\"},\"isPartOf\":{\"@id\":\"https:\\\/\\\/candas365.es\\\/noticias\\\/beatriz-rico-participa-este-sabado-en-salamanca-en-un-acto-solidario-para-animales-abandonados\\\/#webpage\"},\"articleSection\":\"Actualidad\",\"dateline\":\"Publicado el octubre 23, 2014.\"},{\"@type\":\"Organization\",\"@id\":\"https:\\\/\\\/candas365.es\\\/noticias\\\/#organization\",\"name\":\"Cand\\u00e1s 365\",\"description\":\"Cand\\u00e1s 365 es un diario digital independiente, fundado en 2012, con base en Asturias. Informamos con rigor sobre actualidad, sociedad, cultura y ocio, con una mirada local y global.\",\"url\":\"https:\\\/\\\/candas365.es\\\/noticias\\\/\",\"email\":\"info@candas365.es\",\"telephone\":\"+34652131393\",\"foundingDate\":\"2012-06-10\",\"logo\":{\"@type\":\"ImageObject\",\"url\":\"https:\\\/\\\/candas365.es\\\/noticias\\\/wp-content\\\/uploads\\\/2024\\\/09\\\/Candas-365-Redes.jpg\",\"@id\":\"https:\\\/\\\/candas365.es\\\/noticias\\\/beatriz-rico-participa-este-sabado-en-salamanca-en-un-acto-solidario-para-animales-abandonados\\\/#organizationLogo\",\"width\":1152,\"height\":864,\"caption\":\"Cand\\u00e1s 365 Redes\"},\"image\":{\"@id\":\"https:\\\/\\\/candas365.es\\\/noticias\\\/beatriz-rico-participa-este-sabado-en-salamanca-en-un-acto-solidario-para-animales-abandonados\\\/#organizationLogo\"},\"sameAs\":[\"https:\\\/\\\/www.facebook.com\\\/Nachofdezber\",\"https:\\\/\\\/x.com\\\/NabercoDigital\",\"https:\\\/\\\/www.instagram.com\\\/nachofdezber\\\/\",\"https:\\\/\\\/www.youtube.com\\\/channel\\\/UCZP-2wLEB9Rv6erhFmqVnvg\"],\"address\":{\"@id\":\"https:\\\/\\\/candas365.es\\\/noticias\\\/#postaladdress\",\"@type\":\"PostalAddress\",\"streetAddress\":\"san antonio 4, san antonio 4\",\"postalCode\":\"33430\",\"addressLocality\":\"Cand\\u00e1s\",\"addressRegion\":\"Asturias\",\"addressCountry\":\"ES\"}},{\"@type\":\"Person\",\"@id\":\"https:\\\/\\\/candas365.es\\\/noticias\\\/author\\\/admin\\\/#author\",\"url\":\"https:\\\/\\\/candas365.es\\\/noticias\\\/author\\\/admin\\\/\",\"name\":\"Cand\\u00e1s 365\",\"image\":{\"@type\":\"ImageObject\",\"@id\":\"https:\\\/\\\/candas365.es\\\/noticias\\\/beatriz-rico-participa-este-sabado-en-salamanca-en-un-acto-solidario-para-animales-abandonados\\\/#authorImage\",\"url\":\"https:\\\/\\\/secure.gravatar.com\\\/avatar\\\/496a8e03d0c493ede1718b7934145dbdf8d89be1036b0eec9544e1094c9de390?s=96&d=mm&r=g\",\"width\":96,\"height\":96,\"caption\":\"Cand\\u00e1s 365\"},\"sameAs\":[\"https:\\\/\\\/www.facebook.com\\\/carrenoactualidad\",\"https:\\\/\\\/twitter.com\\\/nbasturias\",\"https:\\\/\\\/www.instagram.com\\\/nachofdezber\\\/\",\"https:\\\/\\\/www.youtube.com\\\/channel\\\/UCZP-2wLEB9Rv6erhFmqVnvg\"]},{\"@type\":\"WebPage\",\"@id\":\"https:\\\/\\\/candas365.es\\\/noticias\\\/beatriz-rico-participa-este-sabado-en-salamanca-en-un-acto-solidario-para-animales-abandonados\\\/#webpage\",\"url\":\"https:\\\/\\\/candas365.es\\\/noticias\\\/beatriz-rico-participa-este-sabado-en-salamanca-en-un-acto-solidario-para-animales-abandonados\\\/\",\"name\":\"Beatriz Rico participa este s\\u00e1bado en Salamanca en un acto solidario para animales abandonados | Cand\\u00e1s 365\",\"description\":\"(EUROPA PRESS) La actriz asturiana Beatriz Rico protagonizar\\u00e1 este s\\u00e1bado, 25 de octubre, en Salamanca, la representaci\\u00f3n teatral 'Mejor viuda que mal casada', un acto solidario para recaudar fondos, que ir\\u00e1n destinados a la Fundaci\\u00f3n Luna, una organizaci\\u00f3n no gubernamental sin \\u00e1nimo de lucro que enfoca su actividad en la protecci\\u00f3n de animales. La actuaci\\u00f3n\",\"inLanguage\":\"es-ES\",\"isPartOf\":{\"@id\":\"https:\\\/\\\/candas365.es\\\/noticias\\\/#website\"},\"breadcrumb\":{\"@id\":\"https:\\\/\\\/candas365.es\\\/noticias\\\/beatriz-rico-participa-este-sabado-en-salamanca-en-un-acto-solidario-para-animales-abandonados\\\/#breadcrumblist\"},\"author\":{\"@id\":\"https:\\\/\\\/candas365.es\\\/noticias\\\/author\\\/admin\\\/#author\"},\"creator\":{\"@id\":\"https:\\\/\\\/candas365.es\\\/noticias\\\/author\\\/admin\\\/#author\"},\"image\":{\"@type\":\"ImageObject\",\"url\":\"https:\\\/\\\/candas365.es\\\/noticias\\\/wp-content\\\/uploads\\\/2014\\\/10\\\/fotonoticia_20141023171933_800.jpg\",\"@id\":\"https:\\\/\\\/candas365.es\\\/noticias\\\/beatriz-rico-participa-este-sabado-en-salamanca-en-un-acto-solidario-para-animales-abandonados\\\/#mainImage\",\"width\":800,\"height\":1132},\"primaryImageOfPage\":{\"@id\":\"https:\\\/\\\/candas365.es\\\/noticias\\\/beatriz-rico-participa-este-sabado-en-salamanca-en-un-acto-solidario-para-animales-abandonados\\\/#mainImage\"},\"datePublished\":\"2014-10-23T16:47:13+02:00\",\"dateModified\":\"2014-10-23T16:47:13+02:00\"},{\"@type\":\"WebSite\",\"@id\":\"https:\\\/\\\/candas365.es\\\/noticias\\\/#website\",\"url\":\"https:\\\/\\\/candas365.es\\\/noticias\\\/\",\"name\":\"Cand\\u00e1s 365\",\"alternateName\":\"Cand\\u00e1s 365 Noticias\",\"description\":\"Actualidad desde Carre\\u00f1o para el mundo\",\"inLanguage\":\"es-ES\",\"publisher\":{\"@id\":\"https:\\\/\\\/candas365.es\\\/noticias\\\/#organization\"}}]}\n\t\t<\/script>\n\t\t<!-- All in One SEO Pro -->\r\n\t\t<title>Beatriz Rico participa este s\u00e1bado en Salamanca en un acto solidario para animales abandonados | Cand\u00e1s 365<\/title>\n\n","aioseo_head_json":{"title":"Beatriz Rico participa este s\u00e1bado en Salamanca en un acto solidario para animales abandonados | Cand\u00e1s 365","description":"(EUROPA PRESS) La actriz asturiana Beatriz Rico protagonizar\u00e1 este s\u00e1bado, 25 de octubre, en Salamanca, la representaci\u00f3n teatral 'Mejor viuda que mal casada', un acto solidario para recaudar fondos, que ir\u00e1n destinados a la Fundaci\u00f3n Luna, una organizaci\u00f3n no gubernamental sin \u00e1nimo de lucro que enfoca su actividad en la protecci\u00f3n de animales. La actuaci\u00f3n","canonical_url":"https:\/\/candas365.es\/noticias\/beatriz-rico-participa-este-sabado-en-salamanca-en-un-acto-solidario-para-animales-abandonados\/","robots":"max-image-preview:large","keywords":"actualidad","webmasterTools":{"google-site-verification":"UA-32230408-1","msvalidate.01":"354F3CDFB2DA171B47FBE9ABF1F88D5","miscellaneous":""},"schema":{"@context":"https:\/\/schema.org","@graph":[{"@type":"BreadcrumbList","@id":"https:\/\/candas365.es\/noticias\/beatriz-rico-participa-este-sabado-en-salamanca-en-un-acto-solidario-para-animales-abandonados\/#breadcrumblist","itemListElement":[{"@type":"ListItem","@id":"https:\/\/candas365.es\/noticias#listItem","position":1,"name":"Home","item":"https:\/\/candas365.es\/noticias","nextItem":{"@type":"ListItem","@id":"https:\/\/candas365.es\/noticias\/category\/actualidad\/#listItem","name":"Actualidad"}},{"@type":"ListItem","@id":"https:\/\/candas365.es\/noticias\/category\/actualidad\/#listItem","position":2,"name":"Actualidad","item":"https:\/\/candas365.es\/noticias\/category\/actualidad\/","nextItem":{"@type":"ListItem","@id":"https:\/\/candas365.es\/noticias\/beatriz-rico-participa-este-sabado-en-salamanca-en-un-acto-solidario-para-animales-abandonados\/#listItem","name":"Beatriz Rico participa este s\u00e1bado en Salamanca en un acto solidario para animales abandonados"},"previousItem":{"@type":"ListItem","@id":"https:\/\/candas365.es\/noticias#listItem","name":"Home"}},{"@type":"ListItem","@id":"https:\/\/candas365.es\/noticias\/beatriz-rico-participa-este-sabado-en-salamanca-en-un-acto-solidario-para-animales-abandonados\/#listItem","position":3,"name":"Beatriz Rico participa este s\u00e1bado en Salamanca en un acto solidario para animales abandonados","previousItem":{"@type":"ListItem","@id":"https:\/\/candas365.es\/noticias\/category\/actualidad\/#listItem","name":"Actualidad"}}]},{"@type":"NewsArticle","@id":"https:\/\/candas365.es\/noticias\/beatriz-rico-participa-este-sabado-en-salamanca-en-un-acto-solidario-para-animales-abandonados\/#newsarticle","name":"Beatriz Rico participa este s\u00e1bado en Salamanca en un acto solidario para animales abandonados | Cand\u00e1s 365","headline":"Beatriz Rico participa este s\u00e1bado en Salamanca en un acto solidario para animales abandonados","author":{"@id":"https:\/\/candas365.es\/noticias\/author\/admin\/#author"},"publisher":{"@id":"https:\/\/candas365.es\/noticias\/#organization"},"image":{"@type":"ImageObject","url":"https:\/\/candas365.es\/noticias\/wp-content\/uploads\/2014\/10\/fotonoticia_20141023171933_800.jpg","width":800,"height":1132},"datePublished":"2014-10-23T16:47:13+02:00","dateModified":"2014-10-23T16:47:13+02:00","inLanguage":"es-ES","mainEntityOfPage":{"@id":"https:\/\/candas365.es\/noticias\/beatriz-rico-participa-este-sabado-en-salamanca-en-un-acto-solidario-para-animales-abandonados\/#webpage"},"isPartOf":{"@id":"https:\/\/candas365.es\/noticias\/beatriz-rico-participa-este-sabado-en-salamanca-en-un-acto-solidario-para-animales-abandonados\/#webpage"},"articleSection":"Actualidad","dateline":"Publicado el octubre 23, 2014."},{"@type":"Organization","@id":"https:\/\/candas365.es\/noticias\/#organization","name":"Cand\u00e1s 365","description":"Cand\u00e1s 365 es un diario digital independiente, fundado en 2012, con base en Asturias. Informamos con rigor sobre actualidad, sociedad, cultura y ocio, con una mirada local y global.","url":"https:\/\/candas365.es\/noticias\/","email":"info@candas365.es","telephone":"+34652131393","foundingDate":"2012-06-10","logo":{"@type":"ImageObject","url":"https:\/\/candas365.es\/noticias\/wp-content\/uploads\/2024\/09\/Candas-365-Redes.jpg","@id":"https:\/\/candas365.es\/noticias\/beatriz-rico-participa-este-sabado-en-salamanca-en-un-acto-solidario-para-animales-abandonados\/#organizationLogo","width":1152,"height":864,"caption":"Cand\u00e1s 365 Redes"},"image":{"@id":"https:\/\/candas365.es\/noticias\/beatriz-rico-participa-este-sabado-en-salamanca-en-un-acto-solidario-para-animales-abandonados\/#organizationLogo"},"sameAs":["https:\/\/www.facebook.com\/Nachofdezber","https:\/\/x.com\/NabercoDigital","https:\/\/www.instagram.com\/nachofdezber\/","https:\/\/www.youtube.com\/channel\/UCZP-2wLEB9Rv6erhFmqVnvg"],"address":{"@id":"https:\/\/candas365.es\/noticias\/#postaladdress","@type":"PostalAddress","streetAddress":"san antonio 4, san antonio 4","postalCode":"33430","addressLocality":"Cand\u00e1s","addressRegion":"Asturias","addressCountry":"ES"}},{"@type":"Person","@id":"https:\/\/candas365.es\/noticias\/author\/admin\/#author","url":"https:\/\/candas365.es\/noticias\/author\/admin\/","name":"Cand\u00e1s 365","image":{"@type":"ImageObject","@id":"https:\/\/candas365.es\/noticias\/beatriz-rico-participa-este-sabado-en-salamanca-en-un-acto-solidario-para-animales-abandonados\/#authorImage","url":"https:\/\/secure.gravatar.com\/avatar\/496a8e03d0c493ede1718b7934145dbdf8d89be1036b0eec9544e1094c9de390?s=96&d=mm&r=g","width":96,"height":96,"caption":"Cand\u00e1s 365"},"sameAs":["https:\/\/www.facebook.com\/carrenoactualidad","https:\/\/twitter.com\/nbasturias","https:\/\/www.instagram.com\/nachofdezber\/","https:\/\/www.youtube.com\/channel\/UCZP-2wLEB9Rv6erhFmqVnvg"]},{"@type":"WebPage","@id":"https:\/\/candas365.es\/noticias\/beatriz-rico-participa-este-sabado-en-salamanca-en-un-acto-solidario-para-animales-abandonados\/#webpage","url":"https:\/\/candas365.es\/noticias\/beatriz-rico-participa-este-sabado-en-salamanca-en-un-acto-solidario-para-animales-abandonados\/","name":"Beatriz Rico participa este s\u00e1bado en Salamanca en un acto solidario para animales abandonados | Cand\u00e1s 365","description":"(EUROPA PRESS) La actriz asturiana Beatriz Rico protagonizar\u00e1 este s\u00e1bado, 25 de octubre, en Salamanca, la representaci\u00f3n teatral 'Mejor viuda que mal casada', un acto solidario para recaudar fondos, que ir\u00e1n destinados a la Fundaci\u00f3n Luna, una organizaci\u00f3n no gubernamental sin \u00e1nimo de lucro que enfoca su actividad en la protecci\u00f3n de animales. La actuaci\u00f3n","inLanguage":"es-ES","isPartOf":{"@id":"https:\/\/candas365.es\/noticias\/#website"},"breadcrumb":{"@id":"https:\/\/candas365.es\/noticias\/beatriz-rico-participa-este-sabado-en-salamanca-en-un-acto-solidario-para-animales-abandonados\/#breadcrumblist"},"author":{"@id":"https:\/\/candas365.es\/noticias\/author\/admin\/#author"},"creator":{"@id":"https:\/\/candas365.es\/noticias\/author\/admin\/#author"},"image":{"@type":"ImageObject","url":"https:\/\/candas365.es\/noticias\/wp-content\/uploads\/2014\/10\/fotonoticia_20141023171933_800.jpg","@id":"https:\/\/candas365.es\/noticias\/beatriz-rico-participa-este-sabado-en-salamanca-en-un-acto-solidario-para-animales-abandonados\/#mainImage","width":800,"height":1132},"primaryImageOfPage":{"@id":"https:\/\/candas365.es\/noticias\/beatriz-rico-participa-este-sabado-en-salamanca-en-un-acto-solidario-para-animales-abandonados\/#mainImage"},"datePublished":"2014-10-23T16:47:13+02:00","dateModified":"2014-10-23T16:47:13+02:00"},{"@type":"WebSite","@id":"https:\/\/candas365.es\/noticias\/#website","url":"https:\/\/candas365.es\/noticias\/","name":"Cand\u00e1s 365","alternateName":"Cand\u00e1s 365 Noticias","description":"Actualidad desde Carre\u00f1o para el mundo","inLanguage":"es-ES","publisher":{"@id":"https:\/\/candas365.es\/noticias\/#organization"}}]},"og:locale":"es_ES","og:site_name":"Cand\u00e1s 365","og:type":"article","og:title":"Beatriz Rico participa este s\u00e1bado en Salamanca en un acto solidario para animales abandonados | Cand\u00e1s 365","og:description":"(EUROPA PRESS) La actriz asturiana Beatriz Rico protagonizar\u00e1 este s\u00e1bado, 25 de octubre, en Salamanca, la representaci\u00f3n teatral 'Mejor viuda que mal casada', un acto solidario para recaudar fondos, que ir\u00e1n destinados a la Fundaci\u00f3n Luna, una organizaci\u00f3n no gubernamental sin \u00e1nimo de lucro que enfoca su actividad en la protecci\u00f3n de animales. La actuaci\u00f3n","og:url":"https:\/\/candas365.es\/noticias\/beatriz-rico-participa-este-sabado-en-salamanca-en-un-acto-solidario-para-animales-abandonados\/","og:image":"https:\/\/candas365.es\/noticias\/wp-content\/uploads\/2014\/10\/fotonoticia_20141023171933_800.jpg","og:image:secure_url":"https:\/\/candas365.es\/noticias\/wp-content\/uploads\/2014\/10\/fotonoticia_20141023171933_800.jpg","og:image:width":800,"og:image:height":1132,"article:published_time":"2014-10-23T18:47:13+00:00","article:modified_time":"2014-10-23T18:47:13+00:00","article:publisher":"https:\/\/www.facebook.com\/Nachofdezber","article:author":"https:\/\/www.facebook.com\/carrenoactualidad","twitter:card":"summary_large_image","twitter:site":"@NabercoDigital","twitter:title":"Beatriz Rico participa este s\u00e1bado en Salamanca en un acto solidario para animales abandonados | Cand\u00e1s 365","twitter:description":"(EUROPA PRESS) La actriz asturiana Beatriz Rico protagonizar\u00e1 este s\u00e1bado, 25 de octubre, en Salamanca, la representaci\u00f3n teatral 'Mejor viuda que mal casada', un acto solidario para recaudar fondos, que ir\u00e1n destinados a la Fundaci\u00f3n Luna, una organizaci\u00f3n no gubernamental sin \u00e1nimo de lucro que enfoca su actividad en la protecci\u00f3n de animales. La actuaci\u00f3n","twitter:creator":"@nbasturias","twitter:image":"https:\/\/candas365.es\/noticias\/wp-content\/uploads\/2014\/10\/fotonoticia_20141023171933_800.jpg","twitter:label1":"Escrito por","twitter:data1":"Cand\u00e1s 365","twitter:label2":"Tiempo de lectura estimado","twitter:data2":"1 minuto"},"aioseo_meta_data":{"post_id":"4221","title":null,"description":null,"keywords":null,"keyphrases":null,"primary_term":null,"canonical_url":null,"og_title":null,"og_description":null,"og_object_type":"default","og_image_type":"default","og_image_url":null,"og_image_width":null,"og_image_height":null,"og_image_custom_url":null,"og_image_custom_fields":null,"og_video":null,"og_custom_url":null,"og_article_section":null,"og_article_tags":null,"twitter_use_og":false,"twitter_card":"default","twitter_image_type":"default","twitter_image_url":null,"twitter_image_custom_url":null,"twitter_image_custom_fields":null,"twitter_title":null,"twitter_description":null,"schema":{"blockGraphs":[],"customGraphs":[],"default":{"data":{"Article":[],"Course":[],"Dataset":[],"FAQPage":[],"Movie":[],"Person":[],"Product":[],"ProductReview":[],"Car":[],"Recipe":[],"Service":[],"SoftwareApplication":[],"WebPage":[]},"graphName":"","isEnabled":true},"graphs":[],"defaultGraph":"","defaultPostTypeGraph":""},"schema_type":null,"schema_type_options":null,"pillar_content":false,"robots_default":true,"robots_noindex":false,"robots_noarchive":false,"robots_nosnippet":false,"robots_nofollow":false,"robots_noimageindex":false,"robots_noodp":false,"robots_notranslate":false,"robots_max_snippet":null,"robots_max_videopreview":null,"robots_max_imagepreview":"large","priority":null,"frequency":null,"location":null,"local_seo":null,"seo_analyzer_scan_date":"2025-08-23 01:16:17","breadcrumb_settings":null,"limit_modified_date":false,"reviewed_by":null,"open_ai":null,"ai":null,"created":"2020-12-21 10:47:52","updated":"2025-08-23 01:16:17"},"aioseo_breadcrumb":"<div class=\"aioseo-breadcrumbs\"><span class=\"aioseo-breadcrumb\">\n\t<a href=\"https:\/\/candas365.es\/noticias\" title=\"Home\">Home<\/a>\n<\/span><span class=\"aioseo-breadcrumb-separator\">&ndash;<\/span><span class=\"aioseo-breadcrumb\">\n\t<a href=\"https:\/\/candas365.es\/noticias\/category\/actualidad\/\" title=\"Actualidad\">Actualidad<\/a>\n<\/span><span class=\"aioseo-breadcrumb-separator\">&ndash;<\/span><span class=\"aioseo-breadcrumb\">\n\tBeatriz Rico participa este s\u00e1bado en Salamanca en un acto solidario para animales abandonados\n<\/span><\/div>","aioseo_breadcrumb_json":[{"label":"Home","link":"https:\/\/candas365.es\/noticias"},{"label":"Actualidad","link":"https:\/\/candas365.es\/noticias\/category\/actualidad\/"},{"label":"Beatriz Rico participa este s\u00e1bado en Salamanca en un acto solidario para animales abandonados","link":"https:\/\/candas365.es\/noticias\/beatriz-rico-participa-este-sabado-en-salamanca-en-un-acto-solidario-para-animales-abandonados\/"}],"_links":{"self":[{"href":"https:\/\/candas365.es\/noticias\/wp-json\/wp\/v2\/posts\/4221","targetHints":{"allow":["GET"]}}],"collection":[{"href":"https:\/\/candas365.es\/noticias\/wp-json\/wp\/v2\/posts"}],"about":[{"href":"https:\/\/candas365.es\/noticias\/wp-json\/wp\/v2\/types\/post"}],"author":[{"embeddable":true,"href":"https:\/\/candas365.es\/noticias\/wp-json\/wp\/v2\/users\/1"}],"replies":[{"embeddable":true,"href":"https:\/\/candas365.es\/noticias\/wp-json\/wp\/v2\/comments?post=4221"}],"version-history":[{"count":0,"href":"https:\/\/candas365.es\/noticias\/wp-json\/wp\/v2\/posts\/4221\/revisions"}],"wp:featuredmedia":[{"embeddable":true,"href":"https:\/\/candas365.es\/noticias\/wp-json\/wp\/v2\/media\/4222"}],"wp:attachment":[{"href":"https:\/\/candas365.es\/noticias\/wp-json\/wp\/v2\/media?parent=4221"}],"wp:term":[{"taxonomy":"category","embeddable":true,"href":"https:\/\/candas365.es\/noticias\/wp-json\/wp\/v2\/categories?post=4221"},{"taxonomy":"post_tag","embeddable":true,"href":"https:\/\/candas365.es\/noticias\/wp-json\/wp\/v2\/tags?post=4221"}],"curies":[{"name":"wp","href":"https:\/\/api.w.org\/{rel}","templated":true}]}}