{"id":4212,"date":"2014-10-23T16:40:20","date_gmt":"2014-10-23T18:40:20","guid":{"rendered":"http:\/\/candas365.es\/noticias\/?p=4212"},"modified":"2014-10-23T16:40:20","modified_gmt":"2014-10-23T18:40:20","slug":"avelino-corma-espana-no-se-caracteriza-por-introducir-nuevas-tecnologias-tenemos-que-exigirnos-mas","status":"publish","type":"post","link":"https:\/\/candas365.es\/noticias\/avelino-corma-espana-no-se-caracteriza-por-introducir-nuevas-tecnologias-tenemos-que-exigirnos-mas\/","title":{"rendered":"Avelino Corma: \u00abEspa\u00f1a no se caracteriza por introducir nuevas tecnolog\u00edas. Tenemos que exigirnos m\u00e1s\u00bb"},"content":{"rendered":"<p><img fetchpriority=\"high\" decoding=\"async\" class=\"alignleft size-medium wp-image-4213\" src=\"https:\/\/candas365.es\/noticias\/wp-content\/uploads\/2014\/10\/fotonoticia_20141023143205_800-253x300.jpg\" alt=\"fotonoticia_20141023143205_800\" width=\"253\" height=\"300\" srcset=\"https:\/\/candas365.es\/noticias\/wp-content\/uploads\/2014\/10\/fotonoticia_20141023143205_800-253x300.jpg 253w, https:\/\/candas365.es\/noticias\/wp-content\/uploads\/2014\/10\/fotonoticia_20141023143205_800-405x480.jpg 405w, https:\/\/candas365.es\/noticias\/wp-content\/uploads\/2014\/10\/fotonoticia_20141023143205_800-768x910.jpg 768w, https:\/\/candas365.es\/noticias\/wp-content\/uploads\/2014\/10\/fotonoticia_20141023143205_800-150x178.jpg 150w, https:\/\/candas365.es\/noticias\/wp-content\/uploads\/2014\/10\/fotonoticia_20141023143205_800-450x533.jpg 450w, https:\/\/candas365.es\/noticias\/wp-content\/uploads\/2014\/10\/fotonoticia_20141023143205_800-696x825.jpg 696w, https:\/\/candas365.es\/noticias\/wp-content\/uploads\/2014\/10\/fotonoticia_20141023143205_800-354x420.jpg 354w, https:\/\/candas365.es\/noticias\/wp-content\/uploads\/2014\/10\/fotonoticia_20141023143205_800.jpg 800w\" sizes=\"(max-width: 253px) 100vw, 253px\" \/>(EUROPA PRESS) El premio Pr\u00edncipe de Asturias de Investigaci\u00f3n Cient\u00edfica y T\u00e9cnica 2014, el qu\u00edmico espa\u00f1ol Avelino Corma, ha se\u00f1alado que la investigaci\u00f3n espa\u00f1ola debe \u00abexigirse m\u00e1s\u00bb a la hora de convertir sus avances cient\u00edficos en aplicaciones en la industria. En este sentido ha apuntado que Espa\u00f1a, \u00abpor lo general, no es un pa\u00eds que se caracterice por introducir nuevas tecnolog\u00edas en los diferentes campos\u00bb.<\/p>\n<p>Este es uno de los problemas que, seg\u00fan Corma, tiene este sector. A su juicio \u00abhay que olvidarse\u00bb de lo que antes se llamaba investigaci\u00f3n fundamental e investigaci\u00f3n aplicada y ahora, debe haber una sola investigaci\u00f3n fundamental y hablar tambi\u00e9n de transferencia de conocimiento. \u00abSi uno ve que hay respuestas positivas en su investigaci\u00f3n fundamental debe empezar a pensar para qu\u00e9 se puede usar para mejorar la vida de la sociedad\u00bb, ha apuntado.<\/p>\n<p>En cuanto al papel de la industria en esta transferencia de conocimiento, ha se\u00f1alado que Espa\u00f1a suele apostar m\u00e1s por \u00abcomprar la tecnolog\u00eda y luego mejorarla\u00bb. \u00abY, a lo mejor, hay que hacerlo en muchos casos, pero hay otros en las que podemos crearla y eso es lo que hay que intentar\u00bb, ha apuntado en declaraciones a Europa Press.<\/p>\n<p>El cient\u00edfico espa\u00f1ol, cuyo premio destaca, precisamente, \u00absu contribuciones al desarrollo de los materiales microporosos y mesoporosos y sus aplicaciones\u00bb, ha explicado c\u00f3mo se puede llevar un descubrimiento cient\u00edfico al mercado.<\/p>\n<p>\u00abTiene que ser una idea original y diferente, tienes que probar que puede funcionar y, por tanto, necesitas una investigaci\u00f3n fundamental clara para tratar de desarrollar esta idea hasta un punto en el que, puede quedarse solo en un avance de conocimiento, o puedes ver que tiene visos de aplicaci\u00f3n en alg\u00fan campo\u00bb, ha precisado Corma. En \u00e9ste \u00faltimo caso, \u00abse presenta en industrias que tengan centros de investigaci\u00f3n en donde desarrollen tecnolog\u00edas\u00bb, ha a\u00f1adido.<\/p>\n<p>Pero el proceso es complejo, ya que tambi\u00e9n \u00abes necesario elegir un buen momento para presentar la idea, ya que la empresa te puede decir que est\u00e1 lejos en el tiempo y que nos le interesa\u00bb. \u00abHay que tener en cuenta que la industria trabaja a corto-medio plazo\u00bb, ha se\u00f1alado.<\/p>\n<p>\u00abTenemos que darnos cuenta de que la aplicaci\u00f3n industrial es posible, necesitamos que contin\u00fae adelante y no podemos flojear en esto\u00bb, ha insistido Corma, quien ha enviado un mensaje a las empresas espa\u00f1olas inst\u00e1ndolas a \u00abestar en contacto continuo con universidades y organismos p\u00fablicos de investigaci\u00f3n\u00bb, para \u00abtrabajar en problemas que interesen a las dos partes\u00bb.<\/p>\n<p>UN PREMIO A TODA LA INGENIER\u00cdA QU\u00cdMICA DE ESPA\u00d1A<\/p>\n<p>Corma ha mostrado \u00abuna gran satisfacci\u00f3n\u00bb personal por este reconocimiento, \u00abque nunca se hab\u00eda dado a la qu\u00edmica\u00bb, y que, a su entender \u00abes un reconocimiento a toda la ingenier\u00eda qu\u00edmica en Espa\u00f1a\u00bb y a \u00abtodos los que trabajan y han trabajado\u00bb con \u00e9l.<\/p>\n<p>Ahora espera que este reconocimiento para la investigaci\u00f3n en general del pa\u00eds ayude a aumentar la media de la ciencia espa\u00f1ola y que se consigan grupos y centros que tengan calidad internacional reconocida y sean competitivos. \u00abSi la media es alta y los centros son cada vez m\u00e1s competitivos, si viene alg\u00fan Nobel, vendr\u00e1, pero tambi\u00e9n vendr\u00e1n cosas que creo que son m\u00e1s importantes\u00bb, ha apuntado.<\/p>\n<p>Para ir mejorando la situaci\u00f3n, el qu\u00edmico espa\u00f1ol ha pedido un pacto de Estado para que las pol\u00edticas del sector \u00abtrasciendan m\u00e1s all\u00e1 del periodo de elecciones. \u00abSi aumentamos los recursos para la investigaci\u00f3n, y hay una planificaci\u00f3n y formamos a gente porque pensamos que vamos a necesitarlos, no se puede reducir fuertemente esta financiaci\u00f3n al llegar tiempos de crisis, porque se pierde el impulso y no se incorpora a la gente que es supercompetitiva, y todo lo que se ha gastado y planificado queda mermado\u00bb, ha concluido.<\/p>\n","protected":false},"excerpt":{"rendered":"<p>(EUROPA PRESS) El premio Pr\u00edncipe de Asturias de Investigaci\u00f3n Cient\u00edfica y T\u00e9cnica 2014, el qu\u00edmico espa\u00f1ol Avelino Corma, ha se\u00f1alado que la investigaci\u00f3n espa\u00f1ola debe \u00abexigirse m\u00e1s\u00bb a la hora de convertir sus avances cient\u00edficos en aplicaciones en la industria. En este sentido ha apuntado que Espa\u00f1a, \u00abpor lo general, no es un pa\u00eds que<\/p>\n","protected":false},"author":1,"featured_media":4213,"comment_status":"closed","ping_status":"closed","sticky":false,"template":"","format":"standard","meta":{"footnotes":""},"categories":[143],"tags":[],"class_list":{"0":"post-4212","1":"post","2":"type-post","3":"status-publish","4":"format-standard","5":"has-post-thumbnail","7":"category-sociedad"},"aioseo_notices":[],"aioseo_head":"\n\t\t<!-- All in One SEO Pro 4.9.6.2 - aioseo.com -->\n\t<meta name=\"description\" content=\"(EUROPA PRESS) El premio Pr\u00edncipe de Asturias de Investigaci\u00f3n Cient\u00edfica y T\u00e9cnica 2014, el qu\u00edmico espa\u00f1ol Avelino Corma, ha se\u00f1alado que la investigaci\u00f3n espa\u00f1ola debe &quot;exigirse m\u00e1s&quot; a la hora de convertir sus avances cient\u00edficos en aplicaciones en la industria. En este sentido ha apuntado que Espa\u00f1a, &quot;por lo general, no es un pa\u00eds que\" \/>\n\t<meta name=\"robots\" content=\"max-image-preview:large\" \/>\n\t<meta name=\"author\" content=\"Cand\u00e1s 365\"\/>\n\t<meta name=\"google-site-verification\" content=\"UA-32230408-1\" \/>\n\t<meta name=\"msvalidate.01\" content=\"354F3CDFB2DA171B47FBE9ABF1F88D5\" \/>\n\t<meta name=\"keywords\" content=\"sociedad\" \/>\n\t<link rel=\"canonical\" href=\"https:\/\/candas365.es\/noticias\/avelino-corma-espana-no-se-caracteriza-por-introducir-nuevas-tecnologias-tenemos-que-exigirnos-mas\/\" \/>\n\t<meta name=\"generator\" content=\"All in One SEO Pro (AIOSEO) 4.9.6.2\" \/>\n\t\t<meta property=\"og:locale\" content=\"es_ES\" \/>\n\t\t<meta property=\"og:site_name\" content=\"Cand\u00e1s 365\" \/>\n\t\t<meta property=\"og:type\" content=\"article\" \/>\n\t\t<meta property=\"og:title\" content=\"Avelino Corma: \u00abEspa\u00f1a no se caracteriza por introducir nuevas tecnolog\u00edas. Tenemos que exigirnos m\u00e1s\u00bb | Cand\u00e1s 365\" \/>\n\t\t<meta property=\"og:description\" content=\"(EUROPA PRESS) El premio Pr\u00edncipe de Asturias de Investigaci\u00f3n Cient\u00edfica y T\u00e9cnica 2014, el qu\u00edmico espa\u00f1ol Avelino Corma, ha se\u00f1alado que la investigaci\u00f3n espa\u00f1ola debe &quot;exigirse m\u00e1s&quot; a la hora de convertir sus avances cient\u00edficos en aplicaciones en la industria. En este sentido ha apuntado que Espa\u00f1a, &quot;por lo general, no es un pa\u00eds que\" \/>\n\t\t<meta property=\"og:url\" content=\"https:\/\/candas365.es\/noticias\/avelino-corma-espana-no-se-caracteriza-por-introducir-nuevas-tecnologias-tenemos-que-exigirnos-mas\/\" \/>\n\t\t<meta property=\"og:image\" content=\"https:\/\/candas365.es\/noticias\/wp-content\/uploads\/2014\/10\/fotonoticia_20141023143205_800.jpg\" \/>\n\t\t<meta property=\"og:image:secure_url\" content=\"https:\/\/candas365.es\/noticias\/wp-content\/uploads\/2014\/10\/fotonoticia_20141023143205_800.jpg\" \/>\n\t\t<meta property=\"og:image:width\" content=\"800\" \/>\n\t\t<meta property=\"og:image:height\" content=\"948\" \/>\n\t\t<meta property=\"article:published_time\" content=\"2014-10-23T18:40:20+00:00\" \/>\n\t\t<meta property=\"article:modified_time\" content=\"2014-10-23T18:40:20+00:00\" \/>\n\t\t<meta property=\"article:publisher\" content=\"https:\/\/www.facebook.com\/Nachofdezber\" \/>\n\t\t<meta property=\"article:author\" content=\"https:\/\/www.facebook.com\/carrenoactualidad\" \/>\n\t\t<meta name=\"twitter:card\" content=\"summary_large_image\" \/>\n\t\t<meta name=\"twitter:site\" content=\"@NabercoDigital\" \/>\n\t\t<meta name=\"twitter:title\" content=\"Avelino Corma: \u00abEspa\u00f1a no se caracteriza por introducir nuevas tecnolog\u00edas. Tenemos que exigirnos m\u00e1s\u00bb | Cand\u00e1s 365\" \/>\n\t\t<meta name=\"twitter:description\" content=\"(EUROPA PRESS) El premio Pr\u00edncipe de Asturias de Investigaci\u00f3n Cient\u00edfica y T\u00e9cnica 2014, el qu\u00edmico espa\u00f1ol Avelino Corma, ha se\u00f1alado que la investigaci\u00f3n espa\u00f1ola debe &quot;exigirse m\u00e1s&quot; a la hora de convertir sus avances cient\u00edficos en aplicaciones en la industria. En este sentido ha apuntado que Espa\u00f1a, &quot;por lo general, no es un pa\u00eds que\" \/>\n\t\t<meta name=\"twitter:creator\" content=\"@nbasturias\" \/>\n\t\t<meta name=\"twitter:image\" content=\"https:\/\/candas365.es\/noticias\/wp-content\/uploads\/2014\/10\/fotonoticia_20141023143205_800.jpg\" \/>\n\t\t<meta name=\"twitter:label1\" content=\"Escrito por\" \/>\n\t\t<meta name=\"twitter:data1\" content=\"Cand\u00e1s 365\" \/>\n\t\t<meta name=\"twitter:label2\" content=\"Tiempo de lectura estimado\" \/>\n\t\t<meta name=\"twitter:data2\" content=\"3 minutos\" \/>\n\t\t<script type=\"application\/ld+json\" class=\"aioseo-schema\">\n\t\t\t{\"@context\":\"https:\\\/\\\/schema.org\",\"@graph\":[{\"@type\":\"BreadcrumbList\",\"@id\":\"https:\\\/\\\/candas365.es\\\/noticias\\\/avelino-corma-espana-no-se-caracteriza-por-introducir-nuevas-tecnologias-tenemos-que-exigirnos-mas\\\/#breadcrumblist\",\"itemListElement\":[{\"@type\":\"ListItem\",\"@id\":\"https:\\\/\\\/candas365.es\\\/noticias#listItem\",\"position\":1,\"name\":\"Home\",\"item\":\"https:\\\/\\\/candas365.es\\\/noticias\",\"nextItem\":{\"@type\":\"ListItem\",\"@id\":\"https:\\\/\\\/candas365.es\\\/noticias\\\/category\\\/sociedad\\\/#listItem\",\"name\":\"Sociedad\"}},{\"@type\":\"ListItem\",\"@id\":\"https:\\\/\\\/candas365.es\\\/noticias\\\/category\\\/sociedad\\\/#listItem\",\"position\":2,\"name\":\"Sociedad\",\"item\":\"https:\\\/\\\/candas365.es\\\/noticias\\\/category\\\/sociedad\\\/\",\"nextItem\":{\"@type\":\"ListItem\",\"@id\":\"https:\\\/\\\/candas365.es\\\/noticias\\\/avelino-corma-espana-no-se-caracteriza-por-introducir-nuevas-tecnologias-tenemos-que-exigirnos-mas\\\/#listItem\",\"name\":\"Avelino Corma: \\u00abEspa\\u00f1a no se caracteriza por introducir nuevas tecnolog\\u00edas. Tenemos que exigirnos m\\u00e1s\\u00bb\"},\"previousItem\":{\"@type\":\"ListItem\",\"@id\":\"https:\\\/\\\/candas365.es\\\/noticias#listItem\",\"name\":\"Home\"}},{\"@type\":\"ListItem\",\"@id\":\"https:\\\/\\\/candas365.es\\\/noticias\\\/avelino-corma-espana-no-se-caracteriza-por-introducir-nuevas-tecnologias-tenemos-que-exigirnos-mas\\\/#listItem\",\"position\":3,\"name\":\"Avelino Corma: \\u00abEspa\\u00f1a no se caracteriza por introducir nuevas tecnolog\\u00edas. Tenemos que exigirnos m\\u00e1s\\u00bb\",\"previousItem\":{\"@type\":\"ListItem\",\"@id\":\"https:\\\/\\\/candas365.es\\\/noticias\\\/category\\\/sociedad\\\/#listItem\",\"name\":\"Sociedad\"}}]},{\"@type\":\"NewsArticle\",\"@id\":\"https:\\\/\\\/candas365.es\\\/noticias\\\/avelino-corma-espana-no-se-caracteriza-por-introducir-nuevas-tecnologias-tenemos-que-exigirnos-mas\\\/#newsarticle\",\"name\":\"Avelino Corma: \\u00abEspa\\u00f1a no se caracteriza por introducir nuevas tecnolog\\u00edas. Tenemos que exigirnos m\\u00e1s\\u00bb | Cand\\u00e1s 365\",\"headline\":\"Avelino Corma: \\u00abEspa\\u00f1a no se caracteriza por introducir nuevas tecnolog\\u00edas. Tenemos que exigirnos m\\u00e1s\\u00bb\",\"author\":{\"@id\":\"https:\\\/\\\/candas365.es\\\/noticias\\\/author\\\/admin\\\/#author\"},\"publisher\":{\"@id\":\"https:\\\/\\\/candas365.es\\\/noticias\\\/#organization\"},\"image\":{\"@type\":\"ImageObject\",\"url\":\"https:\\\/\\\/candas365.es\\\/noticias\\\/wp-content\\\/uploads\\\/2014\\\/10\\\/fotonoticia_20141023143205_800.jpg\",\"width\":800,\"height\":948},\"datePublished\":\"2014-10-23T16:40:20+02:00\",\"dateModified\":\"2014-10-23T16:40:20+02:00\",\"inLanguage\":\"es-ES\",\"mainEntityOfPage\":{\"@id\":\"https:\\\/\\\/candas365.es\\\/noticias\\\/avelino-corma-espana-no-se-caracteriza-por-introducir-nuevas-tecnologias-tenemos-que-exigirnos-mas\\\/#webpage\"},\"isPartOf\":{\"@id\":\"https:\\\/\\\/candas365.es\\\/noticias\\\/avelino-corma-espana-no-se-caracteriza-por-introducir-nuevas-tecnologias-tenemos-que-exigirnos-mas\\\/#webpage\"},\"articleSection\":\"Sociedad\",\"dateline\":\"Publicado el octubre 23, 2014.\"},{\"@type\":\"Organization\",\"@id\":\"https:\\\/\\\/candas365.es\\\/noticias\\\/#organization\",\"name\":\"Cand\\u00e1s 365\",\"description\":\"Cand\\u00e1s 365 es un diario digital independiente, fundado en 2012, con base en Asturias. Informamos con rigor sobre actualidad, sociedad, cultura y ocio, con una mirada local y global.\",\"url\":\"https:\\\/\\\/candas365.es\\\/noticias\\\/\",\"email\":\"info@candas365.es\",\"telephone\":\"+34652131393\",\"foundingDate\":\"2012-06-10\",\"logo\":{\"@type\":\"ImageObject\",\"url\":\"https:\\\/\\\/candas365.es\\\/noticias\\\/wp-content\\\/uploads\\\/2024\\\/09\\\/Candas-365-Redes.jpg\",\"@id\":\"https:\\\/\\\/candas365.es\\\/noticias\\\/avelino-corma-espana-no-se-caracteriza-por-introducir-nuevas-tecnologias-tenemos-que-exigirnos-mas\\\/#organizationLogo\",\"width\":1152,\"height\":864,\"caption\":\"Cand\\u00e1s 365 Redes\"},\"image\":{\"@id\":\"https:\\\/\\\/candas365.es\\\/noticias\\\/avelino-corma-espana-no-se-caracteriza-por-introducir-nuevas-tecnologias-tenemos-que-exigirnos-mas\\\/#organizationLogo\"},\"sameAs\":[\"https:\\\/\\\/www.facebook.com\\\/Nachofdezber\",\"https:\\\/\\\/x.com\\\/NabercoDigital\",\"https:\\\/\\\/www.instagram.com\\\/nachofdezber\\\/\",\"https:\\\/\\\/www.youtube.com\\\/channel\\\/UCZP-2wLEB9Rv6erhFmqVnvg\"],\"address\":{\"@id\":\"https:\\\/\\\/candas365.es\\\/noticias\\\/#postaladdress\",\"@type\":\"PostalAddress\",\"streetAddress\":\"san antonio 4, san antonio 4\",\"postalCode\":\"33430\",\"addressLocality\":\"Cand\\u00e1s\",\"addressRegion\":\"Asturias\",\"addressCountry\":\"ES\"}},{\"@type\":\"Person\",\"@id\":\"https:\\\/\\\/candas365.es\\\/noticias\\\/author\\\/admin\\\/#author\",\"url\":\"https:\\\/\\\/candas365.es\\\/noticias\\\/author\\\/admin\\\/\",\"name\":\"Cand\\u00e1s 365\",\"image\":{\"@type\":\"ImageObject\",\"@id\":\"https:\\\/\\\/candas365.es\\\/noticias\\\/avelino-corma-espana-no-se-caracteriza-por-introducir-nuevas-tecnologias-tenemos-que-exigirnos-mas\\\/#authorImage\",\"url\":\"https:\\\/\\\/secure.gravatar.com\\\/avatar\\\/496a8e03d0c493ede1718b7934145dbdf8d89be1036b0eec9544e1094c9de390?s=96&d=mm&r=g\",\"width\":96,\"height\":96,\"caption\":\"Cand\\u00e1s 365\"},\"sameAs\":[\"https:\\\/\\\/www.facebook.com\\\/carrenoactualidad\",\"https:\\\/\\\/twitter.com\\\/nbasturias\",\"https:\\\/\\\/www.instagram.com\\\/nachofdezber\\\/\",\"https:\\\/\\\/www.youtube.com\\\/channel\\\/UCZP-2wLEB9Rv6erhFmqVnvg\"]},{\"@type\":\"WebPage\",\"@id\":\"https:\\\/\\\/candas365.es\\\/noticias\\\/avelino-corma-espana-no-se-caracteriza-por-introducir-nuevas-tecnologias-tenemos-que-exigirnos-mas\\\/#webpage\",\"url\":\"https:\\\/\\\/candas365.es\\\/noticias\\\/avelino-corma-espana-no-se-caracteriza-por-introducir-nuevas-tecnologias-tenemos-que-exigirnos-mas\\\/\",\"name\":\"Avelino Corma: \\u00abEspa\\u00f1a no se caracteriza por introducir nuevas tecnolog\\u00edas. Tenemos que exigirnos m\\u00e1s\\u00bb | Cand\\u00e1s 365\",\"description\":\"(EUROPA PRESS) El premio Pr\\u00edncipe de Asturias de Investigaci\\u00f3n Cient\\u00edfica y T\\u00e9cnica 2014, el qu\\u00edmico espa\\u00f1ol Avelino Corma, ha se\\u00f1alado que la investigaci\\u00f3n espa\\u00f1ola debe \\\"exigirse m\\u00e1s\\\" a la hora de convertir sus avances cient\\u00edficos en aplicaciones en la industria. En este sentido ha apuntado que Espa\\u00f1a, \\\"por lo general, no es un pa\\u00eds que\",\"inLanguage\":\"es-ES\",\"isPartOf\":{\"@id\":\"https:\\\/\\\/candas365.es\\\/noticias\\\/#website\"},\"breadcrumb\":{\"@id\":\"https:\\\/\\\/candas365.es\\\/noticias\\\/avelino-corma-espana-no-se-caracteriza-por-introducir-nuevas-tecnologias-tenemos-que-exigirnos-mas\\\/#breadcrumblist\"},\"author\":{\"@id\":\"https:\\\/\\\/candas365.es\\\/noticias\\\/author\\\/admin\\\/#author\"},\"creator\":{\"@id\":\"https:\\\/\\\/candas365.es\\\/noticias\\\/author\\\/admin\\\/#author\"},\"image\":{\"@type\":\"ImageObject\",\"url\":\"https:\\\/\\\/candas365.es\\\/noticias\\\/wp-content\\\/uploads\\\/2014\\\/10\\\/fotonoticia_20141023143205_800.jpg\",\"@id\":\"https:\\\/\\\/candas365.es\\\/noticias\\\/avelino-corma-espana-no-se-caracteriza-por-introducir-nuevas-tecnologias-tenemos-que-exigirnos-mas\\\/#mainImage\",\"width\":800,\"height\":948},\"primaryImageOfPage\":{\"@id\":\"https:\\\/\\\/candas365.es\\\/noticias\\\/avelino-corma-espana-no-se-caracteriza-por-introducir-nuevas-tecnologias-tenemos-que-exigirnos-mas\\\/#mainImage\"},\"datePublished\":\"2014-10-23T16:40:20+02:00\",\"dateModified\":\"2014-10-23T16:40:20+02:00\"},{\"@type\":\"WebSite\",\"@id\":\"https:\\\/\\\/candas365.es\\\/noticias\\\/#website\",\"url\":\"https:\\\/\\\/candas365.es\\\/noticias\\\/\",\"name\":\"Cand\\u00e1s 365\",\"alternateName\":\"Cand\\u00e1s 365 Noticias\",\"description\":\"Actualidad desde Carre\\u00f1o para el mundo\",\"inLanguage\":\"es-ES\",\"publisher\":{\"@id\":\"https:\\\/\\\/candas365.es\\\/noticias\\\/#organization\"}}]}\n\t\t<\/script>\n\t\t<!-- All in One SEO Pro -->\r\n\t\t<title>Avelino Corma: \u00abEspa\u00f1a no se caracteriza por introducir nuevas tecnolog\u00edas. Tenemos que exigirnos m\u00e1s\u00bb | Cand\u00e1s 365<\/title>\n\n","aioseo_head_json":{"title":"Avelino Corma: \u00abEspa\u00f1a no se caracteriza por introducir nuevas tecnolog\u00edas. Tenemos que exigirnos m\u00e1s\u00bb | Cand\u00e1s 365","description":"(EUROPA PRESS) El premio Pr\u00edncipe de Asturias de Investigaci\u00f3n Cient\u00edfica y T\u00e9cnica 2014, el qu\u00edmico espa\u00f1ol Avelino Corma, ha se\u00f1alado que la investigaci\u00f3n espa\u00f1ola debe \"exigirse m\u00e1s\" a la hora de convertir sus avances cient\u00edficos en aplicaciones en la industria. En este sentido ha apuntado que Espa\u00f1a, \"por lo general, no es un pa\u00eds que","canonical_url":"https:\/\/candas365.es\/noticias\/avelino-corma-espana-no-se-caracteriza-por-introducir-nuevas-tecnologias-tenemos-que-exigirnos-mas\/","robots":"max-image-preview:large","keywords":"sociedad","webmasterTools":{"google-site-verification":"UA-32230408-1","msvalidate.01":"354F3CDFB2DA171B47FBE9ABF1F88D5","miscellaneous":""},"schema":{"@context":"https:\/\/schema.org","@graph":[{"@type":"BreadcrumbList","@id":"https:\/\/candas365.es\/noticias\/avelino-corma-espana-no-se-caracteriza-por-introducir-nuevas-tecnologias-tenemos-que-exigirnos-mas\/#breadcrumblist","itemListElement":[{"@type":"ListItem","@id":"https:\/\/candas365.es\/noticias#listItem","position":1,"name":"Home","item":"https:\/\/candas365.es\/noticias","nextItem":{"@type":"ListItem","@id":"https:\/\/candas365.es\/noticias\/category\/sociedad\/#listItem","name":"Sociedad"}},{"@type":"ListItem","@id":"https:\/\/candas365.es\/noticias\/category\/sociedad\/#listItem","position":2,"name":"Sociedad","item":"https:\/\/candas365.es\/noticias\/category\/sociedad\/","nextItem":{"@type":"ListItem","@id":"https:\/\/candas365.es\/noticias\/avelino-corma-espana-no-se-caracteriza-por-introducir-nuevas-tecnologias-tenemos-que-exigirnos-mas\/#listItem","name":"Avelino Corma: \u00abEspa\u00f1a no se caracteriza por introducir nuevas tecnolog\u00edas. Tenemos que exigirnos m\u00e1s\u00bb"},"previousItem":{"@type":"ListItem","@id":"https:\/\/candas365.es\/noticias#listItem","name":"Home"}},{"@type":"ListItem","@id":"https:\/\/candas365.es\/noticias\/avelino-corma-espana-no-se-caracteriza-por-introducir-nuevas-tecnologias-tenemos-que-exigirnos-mas\/#listItem","position":3,"name":"Avelino Corma: \u00abEspa\u00f1a no se caracteriza por introducir nuevas tecnolog\u00edas. Tenemos que exigirnos m\u00e1s\u00bb","previousItem":{"@type":"ListItem","@id":"https:\/\/candas365.es\/noticias\/category\/sociedad\/#listItem","name":"Sociedad"}}]},{"@type":"NewsArticle","@id":"https:\/\/candas365.es\/noticias\/avelino-corma-espana-no-se-caracteriza-por-introducir-nuevas-tecnologias-tenemos-que-exigirnos-mas\/#newsarticle","name":"Avelino Corma: \u00abEspa\u00f1a no se caracteriza por introducir nuevas tecnolog\u00edas. Tenemos que exigirnos m\u00e1s\u00bb | Cand\u00e1s 365","headline":"Avelino Corma: \u00abEspa\u00f1a no se caracteriza por introducir nuevas tecnolog\u00edas. Tenemos que exigirnos m\u00e1s\u00bb","author":{"@id":"https:\/\/candas365.es\/noticias\/author\/admin\/#author"},"publisher":{"@id":"https:\/\/candas365.es\/noticias\/#organization"},"image":{"@type":"ImageObject","url":"https:\/\/candas365.es\/noticias\/wp-content\/uploads\/2014\/10\/fotonoticia_20141023143205_800.jpg","width":800,"height":948},"datePublished":"2014-10-23T16:40:20+02:00","dateModified":"2014-10-23T16:40:20+02:00","inLanguage":"es-ES","mainEntityOfPage":{"@id":"https:\/\/candas365.es\/noticias\/avelino-corma-espana-no-se-caracteriza-por-introducir-nuevas-tecnologias-tenemos-que-exigirnos-mas\/#webpage"},"isPartOf":{"@id":"https:\/\/candas365.es\/noticias\/avelino-corma-espana-no-se-caracteriza-por-introducir-nuevas-tecnologias-tenemos-que-exigirnos-mas\/#webpage"},"articleSection":"Sociedad","dateline":"Publicado el octubre 23, 2014."},{"@type":"Organization","@id":"https:\/\/candas365.es\/noticias\/#organization","name":"Cand\u00e1s 365","description":"Cand\u00e1s 365 es un diario digital independiente, fundado en 2012, con base en Asturias. Informamos con rigor sobre actualidad, sociedad, cultura y ocio, con una mirada local y global.","url":"https:\/\/candas365.es\/noticias\/","email":"info@candas365.es","telephone":"+34652131393","foundingDate":"2012-06-10","logo":{"@type":"ImageObject","url":"https:\/\/candas365.es\/noticias\/wp-content\/uploads\/2024\/09\/Candas-365-Redes.jpg","@id":"https:\/\/candas365.es\/noticias\/avelino-corma-espana-no-se-caracteriza-por-introducir-nuevas-tecnologias-tenemos-que-exigirnos-mas\/#organizationLogo","width":1152,"height":864,"caption":"Cand\u00e1s 365 Redes"},"image":{"@id":"https:\/\/candas365.es\/noticias\/avelino-corma-espana-no-se-caracteriza-por-introducir-nuevas-tecnologias-tenemos-que-exigirnos-mas\/#organizationLogo"},"sameAs":["https:\/\/www.facebook.com\/Nachofdezber","https:\/\/x.com\/NabercoDigital","https:\/\/www.instagram.com\/nachofdezber\/","https:\/\/www.youtube.com\/channel\/UCZP-2wLEB9Rv6erhFmqVnvg"],"address":{"@id":"https:\/\/candas365.es\/noticias\/#postaladdress","@type":"PostalAddress","streetAddress":"san antonio 4, san antonio 4","postalCode":"33430","addressLocality":"Cand\u00e1s","addressRegion":"Asturias","addressCountry":"ES"}},{"@type":"Person","@id":"https:\/\/candas365.es\/noticias\/author\/admin\/#author","url":"https:\/\/candas365.es\/noticias\/author\/admin\/","name":"Cand\u00e1s 365","image":{"@type":"ImageObject","@id":"https:\/\/candas365.es\/noticias\/avelino-corma-espana-no-se-caracteriza-por-introducir-nuevas-tecnologias-tenemos-que-exigirnos-mas\/#authorImage","url":"https:\/\/secure.gravatar.com\/avatar\/496a8e03d0c493ede1718b7934145dbdf8d89be1036b0eec9544e1094c9de390?s=96&d=mm&r=g","width":96,"height":96,"caption":"Cand\u00e1s 365"},"sameAs":["https:\/\/www.facebook.com\/carrenoactualidad","https:\/\/twitter.com\/nbasturias","https:\/\/www.instagram.com\/nachofdezber\/","https:\/\/www.youtube.com\/channel\/UCZP-2wLEB9Rv6erhFmqVnvg"]},{"@type":"WebPage","@id":"https:\/\/candas365.es\/noticias\/avelino-corma-espana-no-se-caracteriza-por-introducir-nuevas-tecnologias-tenemos-que-exigirnos-mas\/#webpage","url":"https:\/\/candas365.es\/noticias\/avelino-corma-espana-no-se-caracteriza-por-introducir-nuevas-tecnologias-tenemos-que-exigirnos-mas\/","name":"Avelino Corma: \u00abEspa\u00f1a no se caracteriza por introducir nuevas tecnolog\u00edas. Tenemos que exigirnos m\u00e1s\u00bb | Cand\u00e1s 365","description":"(EUROPA PRESS) El premio Pr\u00edncipe de Asturias de Investigaci\u00f3n Cient\u00edfica y T\u00e9cnica 2014, el qu\u00edmico espa\u00f1ol Avelino Corma, ha se\u00f1alado que la investigaci\u00f3n espa\u00f1ola debe \"exigirse m\u00e1s\" a la hora de convertir sus avances cient\u00edficos en aplicaciones en la industria. En este sentido ha apuntado que Espa\u00f1a, \"por lo general, no es un pa\u00eds que","inLanguage":"es-ES","isPartOf":{"@id":"https:\/\/candas365.es\/noticias\/#website"},"breadcrumb":{"@id":"https:\/\/candas365.es\/noticias\/avelino-corma-espana-no-se-caracteriza-por-introducir-nuevas-tecnologias-tenemos-que-exigirnos-mas\/#breadcrumblist"},"author":{"@id":"https:\/\/candas365.es\/noticias\/author\/admin\/#author"},"creator":{"@id":"https:\/\/candas365.es\/noticias\/author\/admin\/#author"},"image":{"@type":"ImageObject","url":"https:\/\/candas365.es\/noticias\/wp-content\/uploads\/2014\/10\/fotonoticia_20141023143205_800.jpg","@id":"https:\/\/candas365.es\/noticias\/avelino-corma-espana-no-se-caracteriza-por-introducir-nuevas-tecnologias-tenemos-que-exigirnos-mas\/#mainImage","width":800,"height":948},"primaryImageOfPage":{"@id":"https:\/\/candas365.es\/noticias\/avelino-corma-espana-no-se-caracteriza-por-introducir-nuevas-tecnologias-tenemos-que-exigirnos-mas\/#mainImage"},"datePublished":"2014-10-23T16:40:20+02:00","dateModified":"2014-10-23T16:40:20+02:00"},{"@type":"WebSite","@id":"https:\/\/candas365.es\/noticias\/#website","url":"https:\/\/candas365.es\/noticias\/","name":"Cand\u00e1s 365","alternateName":"Cand\u00e1s 365 Noticias","description":"Actualidad desde Carre\u00f1o para el mundo","inLanguage":"es-ES","publisher":{"@id":"https:\/\/candas365.es\/noticias\/#organization"}}]},"og:locale":"es_ES","og:site_name":"Cand\u00e1s 365","og:type":"article","og:title":"Avelino Corma: \u00abEspa\u00f1a no se caracteriza por introducir nuevas tecnolog\u00edas. Tenemos que exigirnos m\u00e1s\u00bb | Cand\u00e1s 365","og:description":"(EUROPA PRESS) El premio Pr\u00edncipe de Asturias de Investigaci\u00f3n Cient\u00edfica y T\u00e9cnica 2014, el qu\u00edmico espa\u00f1ol Avelino Corma, ha se\u00f1alado que la investigaci\u00f3n espa\u00f1ola debe &quot;exigirse m\u00e1s&quot; a la hora de convertir sus avances cient\u00edficos en aplicaciones en la industria. En este sentido ha apuntado que Espa\u00f1a, &quot;por lo general, no es un pa\u00eds que","og:url":"https:\/\/candas365.es\/noticias\/avelino-corma-espana-no-se-caracteriza-por-introducir-nuevas-tecnologias-tenemos-que-exigirnos-mas\/","og:image":"https:\/\/candas365.es\/noticias\/wp-content\/uploads\/2014\/10\/fotonoticia_20141023143205_800.jpg","og:image:secure_url":"https:\/\/candas365.es\/noticias\/wp-content\/uploads\/2014\/10\/fotonoticia_20141023143205_800.jpg","og:image:width":800,"og:image:height":948,"article:published_time":"2014-10-23T18:40:20+00:00","article:modified_time":"2014-10-23T18:40:20+00:00","article:publisher":"https:\/\/www.facebook.com\/Nachofdezber","article:author":"https:\/\/www.facebook.com\/carrenoactualidad","twitter:card":"summary_large_image","twitter:site":"@NabercoDigital","twitter:title":"Avelino Corma: \u00abEspa\u00f1a no se caracteriza por introducir nuevas tecnolog\u00edas. Tenemos que exigirnos m\u00e1s\u00bb | Cand\u00e1s 365","twitter:description":"(EUROPA PRESS) El premio Pr\u00edncipe de Asturias de Investigaci\u00f3n Cient\u00edfica y T\u00e9cnica 2014, el qu\u00edmico espa\u00f1ol Avelino Corma, ha se\u00f1alado que la investigaci\u00f3n espa\u00f1ola debe &quot;exigirse m\u00e1s&quot; a la hora de convertir sus avances cient\u00edficos en aplicaciones en la industria. En este sentido ha apuntado que Espa\u00f1a, &quot;por lo general, no es un pa\u00eds que","twitter:creator":"@nbasturias","twitter:image":"https:\/\/candas365.es\/noticias\/wp-content\/uploads\/2014\/10\/fotonoticia_20141023143205_800.jpg","twitter:label1":"Escrito por","twitter:data1":"Cand\u00e1s 365","twitter:label2":"Tiempo de lectura estimado","twitter:data2":"3 minutos"},"aioseo_meta_data":{"post_id":"4212","title":null,"description":null,"keywords":null,"keyphrases":null,"primary_term":null,"canonical_url":null,"og_title":null,"og_description":null,"og_object_type":"default","og_image_type":"default","og_image_url":null,"og_image_width":null,"og_image_height":null,"og_image_custom_url":null,"og_image_custom_fields":null,"og_video":null,"og_custom_url":null,"og_article_section":null,"og_article_tags":null,"twitter_use_og":false,"twitter_card":"default","twitter_image_type":"default","twitter_image_url":null,"twitter_image_custom_url":null,"twitter_image_custom_fields":null,"twitter_title":null,"twitter_description":null,"schema":{"blockGraphs":[],"customGraphs":[],"default":{"data":{"Article":[],"Course":[],"Dataset":[],"FAQPage":[],"Movie":[],"Person":[],"Product":[],"ProductReview":[],"Car":[],"Recipe":[],"Service":[],"SoftwareApplication":[],"WebPage":[]},"graphName":"","isEnabled":true},"graphs":[],"defaultGraph":"","defaultPostTypeGraph":""},"schema_type":null,"schema_type_options":null,"pillar_content":false,"robots_default":true,"robots_noindex":false,"robots_noarchive":false,"robots_nosnippet":false,"robots_nofollow":false,"robots_noimageindex":false,"robots_noodp":false,"robots_notranslate":false,"robots_max_snippet":null,"robots_max_videopreview":null,"robots_max_imagepreview":"large","priority":null,"frequency":null,"location":null,"local_seo":null,"seo_analyzer_scan_date":"2025-08-23 01:16:13","breadcrumb_settings":null,"limit_modified_date":false,"reviewed_by":null,"open_ai":null,"ai":null,"created":"2020-12-21 10:47:51","updated":"2025-08-23 01:16:13"},"aioseo_breadcrumb":"<div class=\"aioseo-breadcrumbs\"><span class=\"aioseo-breadcrumb\">\n\t<a href=\"https:\/\/candas365.es\/noticias\" title=\"Home\">Home<\/a>\n<\/span><span class=\"aioseo-breadcrumb-separator\">&ndash;<\/span><span class=\"aioseo-breadcrumb\">\n\t<a href=\"https:\/\/candas365.es\/noticias\/category\/sociedad\/\" title=\"Sociedad\">Sociedad<\/a>\n<\/span><span class=\"aioseo-breadcrumb-separator\">&ndash;<\/span><span class=\"aioseo-breadcrumb\">\n\tAvelino Corma: \u00abEspa\u00f1a no se caracteriza por introducir nuevas tecnolog\u00edas. Tenemos que exigirnos m\u00e1s\u00bb\n<\/span><\/div>","aioseo_breadcrumb_json":[{"label":"Home","link":"https:\/\/candas365.es\/noticias"},{"label":"Sociedad","link":"https:\/\/candas365.es\/noticias\/category\/sociedad\/"},{"label":"Avelino Corma: \u00abEspa\u00f1a no se caracteriza por introducir nuevas tecnolog\u00edas. Tenemos que exigirnos m\u00e1s\u00bb","link":"https:\/\/candas365.es\/noticias\/avelino-corma-espana-no-se-caracteriza-por-introducir-nuevas-tecnologias-tenemos-que-exigirnos-mas\/"}],"_links":{"self":[{"href":"https:\/\/candas365.es\/noticias\/wp-json\/wp\/v2\/posts\/4212","targetHints":{"allow":["GET"]}}],"collection":[{"href":"https:\/\/candas365.es\/noticias\/wp-json\/wp\/v2\/posts"}],"about":[{"href":"https:\/\/candas365.es\/noticias\/wp-json\/wp\/v2\/types\/post"}],"author":[{"embeddable":true,"href":"https:\/\/candas365.es\/noticias\/wp-json\/wp\/v2\/users\/1"}],"replies":[{"embeddable":true,"href":"https:\/\/candas365.es\/noticias\/wp-json\/wp\/v2\/comments?post=4212"}],"version-history":[{"count":0,"href":"https:\/\/candas365.es\/noticias\/wp-json\/wp\/v2\/posts\/4212\/revisions"}],"wp:featuredmedia":[{"embeddable":true,"href":"https:\/\/candas365.es\/noticias\/wp-json\/wp\/v2\/media\/4213"}],"wp:attachment":[{"href":"https:\/\/candas365.es\/noticias\/wp-json\/wp\/v2\/media?parent=4212"}],"wp:term":[{"taxonomy":"category","embeddable":true,"href":"https:\/\/candas365.es\/noticias\/wp-json\/wp\/v2\/categories?post=4212"},{"taxonomy":"post_tag","embeddable":true,"href":"https:\/\/candas365.es\/noticias\/wp-json\/wp\/v2\/tags?post=4212"}],"curies":[{"name":"wp","href":"https:\/\/api.w.org\/{rel}","templated":true}]}}