{"id":41811,"date":"2017-01-27T17:33:03","date_gmt":"2017-01-27T17:33:03","guid":{"rendered":"http:\/\/candas365.es\/noticias\/?p=41811"},"modified":"2017-01-27T17:33:03","modified_gmt":"2017-01-27T17:33:03","slug":"alemania-y-china-unen-fuerzas-frente-al-proteccionismo-de-trump","status":"publish","type":"post","link":"https:\/\/candas365.es\/noticias\/alemania-y-china-unen-fuerzas-frente-al-proteccionismo-de-trump\/","title":{"rendered":"Alemania y China unen fuerzas frente al proteccionismo de Trump"},"content":{"rendered":"<p><img fetchpriority=\"high\" decoding=\"async\" class=\"alignleft size-medium wp-image-35806\" src=\"https:\/\/candas365.es\/noticias\/wp-content\/uploads\/2016\/11\/D.Trump-655x360-360x198.jpg\" alt=\"\" width=\"360\" height=\"198\" srcset=\"https:\/\/candas365.es\/noticias\/wp-content\/uploads\/2016\/11\/D.Trump-655x360-360x198.jpg 360w, https:\/\/candas365.es\/noticias\/wp-content\/uploads\/2016\/11\/D.Trump-655x360-650x357.jpg 650w, https:\/\/candas365.es\/noticias\/wp-content\/uploads\/2016\/11\/D.Trump-655x360-150x82.jpg 150w, https:\/\/candas365.es\/noticias\/wp-content\/uploads\/2016\/11\/D.Trump-655x360-450x247.jpg 450w, https:\/\/candas365.es\/noticias\/wp-content\/uploads\/2016\/11\/D.Trump-655x360.jpg 655w\" sizes=\"(max-width: 360px) 100vw, 360px\" \/>Berl\u00edn, 27 ene (dpa) &#8211; Alemania y China acordaron estrechar su cooperaci\u00f3n econ\u00f3mica y avanzar en las negociaciones para la firma de un acuerdo de inversiones entre el pa\u00eds asi\u00e1tico y la Uni\u00f3n Europea tras la llegada de Donald Trump a la Casa Blanca, inform\u00f3 ayer el portavoz del Gobierno alem\u00e1n, Steffen Seibert.<\/p>\n<p>A trav\u00e9s de un comunicado, el vocero explic\u00f3 que la canciller Angela Merkel y el primer ministro Chino, Li Kequian, mantuvieron el jueves una conversaci\u00f3n telef\u00f3nica en aras de abordar medidas que sirvan para estabilizar el comercio global una vez se han hecho p\u00fablicos los postulados proteccionistas del nuevo presidente de Estados Unidos.<\/p>\n<p>\u00abLos dos se manifestaron a favor del libre comercio y de un orden comercial estable a nivel global\u00bb, precis\u00f3 Seibert. En este sentido, desde Berl\u00edn indicaron que Li y Merkel coincidieron en la necesidad de impulsar las negociaciones de un acuerdo de inversiones entre China y Europa \u00ablo m\u00e1s r\u00e1pidamente posible\u00bb.<\/p>\n<p>Trump ha atacado a China de forma regular, alegando que la postura econ\u00f3mica de Pek\u00edn no sirve a los intereses de las empresas estadounidenses.<\/p>\n<p>En respuesta a las acusaciones de Donald Trump, el presidente chino, Xi Jinping, alert\u00f3 recientemente durante el foro econ\u00f3mico de Davos de los riesgos que entra\u00f1ar\u00eda una nueva guerra comercial y present\u00f3 a China como un exponente global del libre comercio.<\/p>\n<p>Durante la llamada telef\u00f3nica, el primer ministro chino tambi\u00e9n le expres\u00f3 a la dirigente alemana sus preocupaciones sobre las \u00abdiversas incertidumbres\u00bb que se presentan en el \u00e1mbito pol\u00edtico y econ\u00f3mico global, seg\u00fan inform\u00f3 la agencia de noticias china Xinhua.<\/p>\n<p>&nbsp;<\/p>\n","protected":false},"excerpt":{"rendered":"<p>Berl\u00edn, 27 ene (dpa) &#8211; Alemania y China acordaron estrechar su cooperaci\u00f3n econ\u00f3mica y avanzar en las negociaciones para la firma de un acuerdo de inversiones entre el pa\u00eds asi\u00e1tico y la Uni\u00f3n Europea tras la llegada de Donald Trump a la Casa Blanca, inform\u00f3 ayer el portavoz del Gobierno alem\u00e1n, Steffen Seibert. A trav\u00e9s<\/p>\n","protected":false},"author":1,"featured_media":35806,"comment_status":"closed","ping_status":"closed","sticky":false,"template":"","format":"standard","meta":{"footnotes":""},"categories":[343],"tags":[],"class_list":{"0":"post-41811","1":"post","2":"type-post","3":"status-publish","4":"format-standard","5":"has-post-thumbnail","7":"category-actualidad"},"aioseo_notices":[],"aioseo_head":"\n\t\t<!-- All in One SEO Pro 4.9.6.2 - aioseo.com -->\n\t<meta name=\"description\" content=\"Berl\u00edn, 27 ene (dpa) - Alemania y China acordaron estrechar su cooperaci\u00f3n econ\u00f3mica y avanzar en las negociaciones para la firma de un acuerdo de inversiones entre el pa\u00eds asi\u00e1tico y la Uni\u00f3n Europea tras la llegada de Donald Trump a la Casa Blanca, inform\u00f3 ayer el portavoz del Gobierno alem\u00e1n, Steffen Seibert. A trav\u00e9s\" \/>\n\t<meta name=\"robots\" content=\"max-image-preview:large\" \/>\n\t<meta name=\"author\" content=\"Cand\u00e1s 365\"\/>\n\t<meta name=\"google-site-verification\" content=\"UA-32230408-1\" \/>\n\t<meta name=\"msvalidate.01\" content=\"354F3CDFB2DA171B47FBE9ABF1F88D5\" \/>\n\t<meta name=\"keywords\" content=\"actualidad\" \/>\n\t<link rel=\"canonical\" href=\"https:\/\/candas365.es\/noticias\/alemania-y-china-unen-fuerzas-frente-al-proteccionismo-de-trump\/\" \/>\n\t<meta name=\"generator\" content=\"All in One SEO Pro (AIOSEO) 4.9.6.2\" \/>\n\t\t<meta property=\"og:locale\" content=\"es_ES\" \/>\n\t\t<meta property=\"og:site_name\" content=\"Cand\u00e1s 365\" \/>\n\t\t<meta property=\"og:type\" content=\"article\" \/>\n\t\t<meta property=\"og:title\" content=\"Alemania y China unen fuerzas frente al proteccionismo de Trump | Cand\u00e1s 365\" \/>\n\t\t<meta property=\"og:description\" content=\"Berl\u00edn, 27 ene (dpa) - Alemania y China acordaron estrechar su cooperaci\u00f3n econ\u00f3mica y avanzar en las negociaciones para la firma de un acuerdo de inversiones entre el pa\u00eds asi\u00e1tico y la Uni\u00f3n Europea tras la llegada de Donald Trump a la Casa Blanca, inform\u00f3 ayer el portavoz del Gobierno alem\u00e1n, Steffen Seibert. A trav\u00e9s\" \/>\n\t\t<meta property=\"og:url\" content=\"https:\/\/candas365.es\/noticias\/alemania-y-china-unen-fuerzas-frente-al-proteccionismo-de-trump\/\" \/>\n\t\t<meta property=\"og:image\" content=\"https:\/\/candas365.es\/noticias\/wp-content\/uploads\/2016\/11\/D.Trump-655x360.jpg\" \/>\n\t\t<meta property=\"og:image:secure_url\" content=\"https:\/\/candas365.es\/noticias\/wp-content\/uploads\/2016\/11\/D.Trump-655x360.jpg\" \/>\n\t\t<meta property=\"og:image:width\" content=\"655\" \/>\n\t\t<meta property=\"og:image:height\" content=\"360\" \/>\n\t\t<meta property=\"article:published_time\" content=\"2017-01-27T17:33:03+00:00\" \/>\n\t\t<meta property=\"article:modified_time\" content=\"2017-01-27T17:33:03+00:00\" \/>\n\t\t<meta property=\"article:publisher\" content=\"https:\/\/www.facebook.com\/Nachofdezber\" \/>\n\t\t<meta property=\"article:author\" content=\"https:\/\/www.facebook.com\/carrenoactualidad\" \/>\n\t\t<meta name=\"twitter:card\" content=\"summary_large_image\" \/>\n\t\t<meta name=\"twitter:site\" content=\"@NabercoDigital\" \/>\n\t\t<meta name=\"twitter:title\" content=\"Alemania y China unen fuerzas frente al proteccionismo de Trump | Cand\u00e1s 365\" \/>\n\t\t<meta name=\"twitter:description\" content=\"Berl\u00edn, 27 ene (dpa) - Alemania y China acordaron estrechar su cooperaci\u00f3n econ\u00f3mica y avanzar en las negociaciones para la firma de un acuerdo de inversiones entre el pa\u00eds asi\u00e1tico y la Uni\u00f3n Europea tras la llegada de Donald Trump a la Casa Blanca, inform\u00f3 ayer el portavoz del Gobierno alem\u00e1n, Steffen Seibert. A trav\u00e9s\" \/>\n\t\t<meta name=\"twitter:creator\" content=\"@nbasturias\" \/>\n\t\t<meta name=\"twitter:image\" content=\"https:\/\/candas365.es\/noticias\/wp-content\/uploads\/2016\/11\/D.Trump-655x360.jpg\" \/>\n\t\t<meta name=\"twitter:label1\" content=\"Escrito por\" \/>\n\t\t<meta name=\"twitter:data1\" content=\"Cand\u00e1s 365\" \/>\n\t\t<meta name=\"twitter:label2\" content=\"Tiempo de lectura estimado\" \/>\n\t\t<meta name=\"twitter:data2\" content=\"1 minuto\" \/>\n\t\t<script type=\"application\/ld+json\" class=\"aioseo-schema\">\n\t\t\t{\"@context\":\"https:\\\/\\\/schema.org\",\"@graph\":[{\"@type\":\"BreadcrumbList\",\"@id\":\"https:\\\/\\\/candas365.es\\\/noticias\\\/alemania-y-china-unen-fuerzas-frente-al-proteccionismo-de-trump\\\/#breadcrumblist\",\"itemListElement\":[{\"@type\":\"ListItem\",\"@id\":\"https:\\\/\\\/candas365.es\\\/noticias#listItem\",\"position\":1,\"name\":\"Home\",\"item\":\"https:\\\/\\\/candas365.es\\\/noticias\",\"nextItem\":{\"@type\":\"ListItem\",\"@id\":\"https:\\\/\\\/candas365.es\\\/noticias\\\/category\\\/actualidad\\\/#listItem\",\"name\":\"Actualidad\"}},{\"@type\":\"ListItem\",\"@id\":\"https:\\\/\\\/candas365.es\\\/noticias\\\/category\\\/actualidad\\\/#listItem\",\"position\":2,\"name\":\"Actualidad\",\"item\":\"https:\\\/\\\/candas365.es\\\/noticias\\\/category\\\/actualidad\\\/\",\"nextItem\":{\"@type\":\"ListItem\",\"@id\":\"https:\\\/\\\/candas365.es\\\/noticias\\\/alemania-y-china-unen-fuerzas-frente-al-proteccionismo-de-trump\\\/#listItem\",\"name\":\"Alemania y China unen fuerzas frente al proteccionismo de Trump\"},\"previousItem\":{\"@type\":\"ListItem\",\"@id\":\"https:\\\/\\\/candas365.es\\\/noticias#listItem\",\"name\":\"Home\"}},{\"@type\":\"ListItem\",\"@id\":\"https:\\\/\\\/candas365.es\\\/noticias\\\/alemania-y-china-unen-fuerzas-frente-al-proteccionismo-de-trump\\\/#listItem\",\"position\":3,\"name\":\"Alemania y China unen fuerzas frente al proteccionismo de Trump\",\"previousItem\":{\"@type\":\"ListItem\",\"@id\":\"https:\\\/\\\/candas365.es\\\/noticias\\\/category\\\/actualidad\\\/#listItem\",\"name\":\"Actualidad\"}}]},{\"@type\":\"NewsArticle\",\"@id\":\"https:\\\/\\\/candas365.es\\\/noticias\\\/alemania-y-china-unen-fuerzas-frente-al-proteccionismo-de-trump\\\/#newsarticle\",\"name\":\"Alemania y China unen fuerzas frente al proteccionismo de Trump | Cand\\u00e1s 365\",\"headline\":\"Alemania y China unen fuerzas frente al proteccionismo de Trump\",\"author\":{\"@id\":\"https:\\\/\\\/candas365.es\\\/noticias\\\/author\\\/admin\\\/#author\"},\"publisher\":{\"@id\":\"https:\\\/\\\/candas365.es\\\/noticias\\\/#organization\"},\"image\":{\"@type\":\"ImageObject\",\"url\":\"https:\\\/\\\/candas365.es\\\/noticias\\\/wp-content\\\/uploads\\\/2016\\\/11\\\/D.Trump-655x360.jpg\",\"width\":655,\"height\":360},\"datePublished\":\"2017-01-27T17:33:03+01:00\",\"dateModified\":\"2017-01-27T17:33:03+01:00\",\"inLanguage\":\"es-ES\",\"mainEntityOfPage\":{\"@id\":\"https:\\\/\\\/candas365.es\\\/noticias\\\/alemania-y-china-unen-fuerzas-frente-al-proteccionismo-de-trump\\\/#webpage\"},\"isPartOf\":{\"@id\":\"https:\\\/\\\/candas365.es\\\/noticias\\\/alemania-y-china-unen-fuerzas-frente-al-proteccionismo-de-trump\\\/#webpage\"},\"articleSection\":\"Actualidad\",\"dateline\":\"Publicado el enero 27, 2017.\"},{\"@type\":\"Organization\",\"@id\":\"https:\\\/\\\/candas365.es\\\/noticias\\\/#organization\",\"name\":\"Cand\\u00e1s 365\",\"description\":\"Cand\\u00e1s 365 es un diario digital independiente, fundado en 2012, con base en Asturias. Informamos con rigor sobre actualidad, sociedad, cultura y ocio, con una mirada local y global.\",\"url\":\"https:\\\/\\\/candas365.es\\\/noticias\\\/\",\"email\":\"info@candas365.es\",\"telephone\":\"+34652131393\",\"foundingDate\":\"2012-06-10\",\"logo\":{\"@type\":\"ImageObject\",\"url\":\"https:\\\/\\\/candas365.es\\\/noticias\\\/wp-content\\\/uploads\\\/2024\\\/09\\\/Candas-365-Redes.jpg\",\"@id\":\"https:\\\/\\\/candas365.es\\\/noticias\\\/alemania-y-china-unen-fuerzas-frente-al-proteccionismo-de-trump\\\/#organizationLogo\",\"width\":1152,\"height\":864,\"caption\":\"Cand\\u00e1s 365 Redes\"},\"image\":{\"@id\":\"https:\\\/\\\/candas365.es\\\/noticias\\\/alemania-y-china-unen-fuerzas-frente-al-proteccionismo-de-trump\\\/#organizationLogo\"},\"sameAs\":[\"https:\\\/\\\/www.facebook.com\\\/Nachofdezber\",\"https:\\\/\\\/x.com\\\/NabercoDigital\",\"https:\\\/\\\/www.instagram.com\\\/nachofdezber\\\/\",\"https:\\\/\\\/www.youtube.com\\\/channel\\\/UCZP-2wLEB9Rv6erhFmqVnvg\"],\"address\":{\"@id\":\"https:\\\/\\\/candas365.es\\\/noticias\\\/#postaladdress\",\"@type\":\"PostalAddress\",\"streetAddress\":\"san antonio 4, san antonio 4\",\"postalCode\":\"33430\",\"addressLocality\":\"Cand\\u00e1s\",\"addressRegion\":\"Asturias\",\"addressCountry\":\"ES\"}},{\"@type\":\"Person\",\"@id\":\"https:\\\/\\\/candas365.es\\\/noticias\\\/author\\\/admin\\\/#author\",\"url\":\"https:\\\/\\\/candas365.es\\\/noticias\\\/author\\\/admin\\\/\",\"name\":\"Cand\\u00e1s 365\",\"image\":{\"@type\":\"ImageObject\",\"@id\":\"https:\\\/\\\/candas365.es\\\/noticias\\\/alemania-y-china-unen-fuerzas-frente-al-proteccionismo-de-trump\\\/#authorImage\",\"url\":\"https:\\\/\\\/secure.gravatar.com\\\/avatar\\\/496a8e03d0c493ede1718b7934145dbdf8d89be1036b0eec9544e1094c9de390?s=96&d=mm&r=g\",\"width\":96,\"height\":96,\"caption\":\"Cand\\u00e1s 365\"},\"sameAs\":[\"https:\\\/\\\/www.facebook.com\\\/carrenoactualidad\",\"https:\\\/\\\/twitter.com\\\/nbasturias\",\"https:\\\/\\\/www.instagram.com\\\/nachofdezber\\\/\",\"https:\\\/\\\/www.youtube.com\\\/channel\\\/UCZP-2wLEB9Rv6erhFmqVnvg\"]},{\"@type\":\"WebPage\",\"@id\":\"https:\\\/\\\/candas365.es\\\/noticias\\\/alemania-y-china-unen-fuerzas-frente-al-proteccionismo-de-trump\\\/#webpage\",\"url\":\"https:\\\/\\\/candas365.es\\\/noticias\\\/alemania-y-china-unen-fuerzas-frente-al-proteccionismo-de-trump\\\/\",\"name\":\"Alemania y China unen fuerzas frente al proteccionismo de Trump | Cand\\u00e1s 365\",\"description\":\"Berl\\u00edn, 27 ene (dpa) - Alemania y China acordaron estrechar su cooperaci\\u00f3n econ\\u00f3mica y avanzar en las negociaciones para la firma de un acuerdo de inversiones entre el pa\\u00eds asi\\u00e1tico y la Uni\\u00f3n Europea tras la llegada de Donald Trump a la Casa Blanca, inform\\u00f3 ayer el portavoz del Gobierno alem\\u00e1n, Steffen Seibert. A trav\\u00e9s\",\"inLanguage\":\"es-ES\",\"isPartOf\":{\"@id\":\"https:\\\/\\\/candas365.es\\\/noticias\\\/#website\"},\"breadcrumb\":{\"@id\":\"https:\\\/\\\/candas365.es\\\/noticias\\\/alemania-y-china-unen-fuerzas-frente-al-proteccionismo-de-trump\\\/#breadcrumblist\"},\"author\":{\"@id\":\"https:\\\/\\\/candas365.es\\\/noticias\\\/author\\\/admin\\\/#author\"},\"creator\":{\"@id\":\"https:\\\/\\\/candas365.es\\\/noticias\\\/author\\\/admin\\\/#author\"},\"image\":{\"@type\":\"ImageObject\",\"url\":\"https:\\\/\\\/candas365.es\\\/noticias\\\/wp-content\\\/uploads\\\/2016\\\/11\\\/D.Trump-655x360.jpg\",\"@id\":\"https:\\\/\\\/candas365.es\\\/noticias\\\/alemania-y-china-unen-fuerzas-frente-al-proteccionismo-de-trump\\\/#mainImage\",\"width\":655,\"height\":360},\"primaryImageOfPage\":{\"@id\":\"https:\\\/\\\/candas365.es\\\/noticias\\\/alemania-y-china-unen-fuerzas-frente-al-proteccionismo-de-trump\\\/#mainImage\"},\"datePublished\":\"2017-01-27T17:33:03+01:00\",\"dateModified\":\"2017-01-27T17:33:03+01:00\"},{\"@type\":\"WebSite\",\"@id\":\"https:\\\/\\\/candas365.es\\\/noticias\\\/#website\",\"url\":\"https:\\\/\\\/candas365.es\\\/noticias\\\/\",\"name\":\"Cand\\u00e1s 365\",\"alternateName\":\"Cand\\u00e1s 365 Noticias\",\"description\":\"Actualidad desde Carre\\u00f1o para el mundo\",\"inLanguage\":\"es-ES\",\"publisher\":{\"@id\":\"https:\\\/\\\/candas365.es\\\/noticias\\\/#organization\"}}]}\n\t\t<\/script>\n\t\t<!-- All in One SEO Pro -->\r\n\t\t<title>Alemania y China unen fuerzas frente al proteccionismo de Trump | Cand\u00e1s 365<\/title>\n\n","aioseo_head_json":{"title":"Alemania y China unen fuerzas frente al proteccionismo de Trump | Cand\u00e1s 365","description":"Berl\u00edn, 27 ene (dpa) - Alemania y China acordaron estrechar su cooperaci\u00f3n econ\u00f3mica y avanzar en las negociaciones para la firma de un acuerdo de inversiones entre el pa\u00eds asi\u00e1tico y la Uni\u00f3n Europea tras la llegada de Donald Trump a la Casa Blanca, inform\u00f3 ayer el portavoz del Gobierno alem\u00e1n, Steffen Seibert. A trav\u00e9s","canonical_url":"https:\/\/candas365.es\/noticias\/alemania-y-china-unen-fuerzas-frente-al-proteccionismo-de-trump\/","robots":"max-image-preview:large","keywords":"actualidad","webmasterTools":{"google-site-verification":"UA-32230408-1","msvalidate.01":"354F3CDFB2DA171B47FBE9ABF1F88D5","miscellaneous":""},"schema":{"@context":"https:\/\/schema.org","@graph":[{"@type":"BreadcrumbList","@id":"https:\/\/candas365.es\/noticias\/alemania-y-china-unen-fuerzas-frente-al-proteccionismo-de-trump\/#breadcrumblist","itemListElement":[{"@type":"ListItem","@id":"https:\/\/candas365.es\/noticias#listItem","position":1,"name":"Home","item":"https:\/\/candas365.es\/noticias","nextItem":{"@type":"ListItem","@id":"https:\/\/candas365.es\/noticias\/category\/actualidad\/#listItem","name":"Actualidad"}},{"@type":"ListItem","@id":"https:\/\/candas365.es\/noticias\/category\/actualidad\/#listItem","position":2,"name":"Actualidad","item":"https:\/\/candas365.es\/noticias\/category\/actualidad\/","nextItem":{"@type":"ListItem","@id":"https:\/\/candas365.es\/noticias\/alemania-y-china-unen-fuerzas-frente-al-proteccionismo-de-trump\/#listItem","name":"Alemania y China unen fuerzas frente al proteccionismo de Trump"},"previousItem":{"@type":"ListItem","@id":"https:\/\/candas365.es\/noticias#listItem","name":"Home"}},{"@type":"ListItem","@id":"https:\/\/candas365.es\/noticias\/alemania-y-china-unen-fuerzas-frente-al-proteccionismo-de-trump\/#listItem","position":3,"name":"Alemania y China unen fuerzas frente al proteccionismo de Trump","previousItem":{"@type":"ListItem","@id":"https:\/\/candas365.es\/noticias\/category\/actualidad\/#listItem","name":"Actualidad"}}]},{"@type":"NewsArticle","@id":"https:\/\/candas365.es\/noticias\/alemania-y-china-unen-fuerzas-frente-al-proteccionismo-de-trump\/#newsarticle","name":"Alemania y China unen fuerzas frente al proteccionismo de Trump | Cand\u00e1s 365","headline":"Alemania y China unen fuerzas frente al proteccionismo de Trump","author":{"@id":"https:\/\/candas365.es\/noticias\/author\/admin\/#author"},"publisher":{"@id":"https:\/\/candas365.es\/noticias\/#organization"},"image":{"@type":"ImageObject","url":"https:\/\/candas365.es\/noticias\/wp-content\/uploads\/2016\/11\/D.Trump-655x360.jpg","width":655,"height":360},"datePublished":"2017-01-27T17:33:03+01:00","dateModified":"2017-01-27T17:33:03+01:00","inLanguage":"es-ES","mainEntityOfPage":{"@id":"https:\/\/candas365.es\/noticias\/alemania-y-china-unen-fuerzas-frente-al-proteccionismo-de-trump\/#webpage"},"isPartOf":{"@id":"https:\/\/candas365.es\/noticias\/alemania-y-china-unen-fuerzas-frente-al-proteccionismo-de-trump\/#webpage"},"articleSection":"Actualidad","dateline":"Publicado el enero 27, 2017."},{"@type":"Organization","@id":"https:\/\/candas365.es\/noticias\/#organization","name":"Cand\u00e1s 365","description":"Cand\u00e1s 365 es un diario digital independiente, fundado en 2012, con base en Asturias. Informamos con rigor sobre actualidad, sociedad, cultura y ocio, con una mirada local y global.","url":"https:\/\/candas365.es\/noticias\/","email":"info@candas365.es","telephone":"+34652131393","foundingDate":"2012-06-10","logo":{"@type":"ImageObject","url":"https:\/\/candas365.es\/noticias\/wp-content\/uploads\/2024\/09\/Candas-365-Redes.jpg","@id":"https:\/\/candas365.es\/noticias\/alemania-y-china-unen-fuerzas-frente-al-proteccionismo-de-trump\/#organizationLogo","width":1152,"height":864,"caption":"Cand\u00e1s 365 Redes"},"image":{"@id":"https:\/\/candas365.es\/noticias\/alemania-y-china-unen-fuerzas-frente-al-proteccionismo-de-trump\/#organizationLogo"},"sameAs":["https:\/\/www.facebook.com\/Nachofdezber","https:\/\/x.com\/NabercoDigital","https:\/\/www.instagram.com\/nachofdezber\/","https:\/\/www.youtube.com\/channel\/UCZP-2wLEB9Rv6erhFmqVnvg"],"address":{"@id":"https:\/\/candas365.es\/noticias\/#postaladdress","@type":"PostalAddress","streetAddress":"san antonio 4, san antonio 4","postalCode":"33430","addressLocality":"Cand\u00e1s","addressRegion":"Asturias","addressCountry":"ES"}},{"@type":"Person","@id":"https:\/\/candas365.es\/noticias\/author\/admin\/#author","url":"https:\/\/candas365.es\/noticias\/author\/admin\/","name":"Cand\u00e1s 365","image":{"@type":"ImageObject","@id":"https:\/\/candas365.es\/noticias\/alemania-y-china-unen-fuerzas-frente-al-proteccionismo-de-trump\/#authorImage","url":"https:\/\/secure.gravatar.com\/avatar\/496a8e03d0c493ede1718b7934145dbdf8d89be1036b0eec9544e1094c9de390?s=96&d=mm&r=g","width":96,"height":96,"caption":"Cand\u00e1s 365"},"sameAs":["https:\/\/www.facebook.com\/carrenoactualidad","https:\/\/twitter.com\/nbasturias","https:\/\/www.instagram.com\/nachofdezber\/","https:\/\/www.youtube.com\/channel\/UCZP-2wLEB9Rv6erhFmqVnvg"]},{"@type":"WebPage","@id":"https:\/\/candas365.es\/noticias\/alemania-y-china-unen-fuerzas-frente-al-proteccionismo-de-trump\/#webpage","url":"https:\/\/candas365.es\/noticias\/alemania-y-china-unen-fuerzas-frente-al-proteccionismo-de-trump\/","name":"Alemania y China unen fuerzas frente al proteccionismo de Trump | Cand\u00e1s 365","description":"Berl\u00edn, 27 ene (dpa) - Alemania y China acordaron estrechar su cooperaci\u00f3n econ\u00f3mica y avanzar en las negociaciones para la firma de un acuerdo de inversiones entre el pa\u00eds asi\u00e1tico y la Uni\u00f3n Europea tras la llegada de Donald Trump a la Casa Blanca, inform\u00f3 ayer el portavoz del Gobierno alem\u00e1n, Steffen Seibert. A trav\u00e9s","inLanguage":"es-ES","isPartOf":{"@id":"https:\/\/candas365.es\/noticias\/#website"},"breadcrumb":{"@id":"https:\/\/candas365.es\/noticias\/alemania-y-china-unen-fuerzas-frente-al-proteccionismo-de-trump\/#breadcrumblist"},"author":{"@id":"https:\/\/candas365.es\/noticias\/author\/admin\/#author"},"creator":{"@id":"https:\/\/candas365.es\/noticias\/author\/admin\/#author"},"image":{"@type":"ImageObject","url":"https:\/\/candas365.es\/noticias\/wp-content\/uploads\/2016\/11\/D.Trump-655x360.jpg","@id":"https:\/\/candas365.es\/noticias\/alemania-y-china-unen-fuerzas-frente-al-proteccionismo-de-trump\/#mainImage","width":655,"height":360},"primaryImageOfPage":{"@id":"https:\/\/candas365.es\/noticias\/alemania-y-china-unen-fuerzas-frente-al-proteccionismo-de-trump\/#mainImage"},"datePublished":"2017-01-27T17:33:03+01:00","dateModified":"2017-01-27T17:33:03+01:00"},{"@type":"WebSite","@id":"https:\/\/candas365.es\/noticias\/#website","url":"https:\/\/candas365.es\/noticias\/","name":"Cand\u00e1s 365","alternateName":"Cand\u00e1s 365 Noticias","description":"Actualidad desde Carre\u00f1o para el mundo","inLanguage":"es-ES","publisher":{"@id":"https:\/\/candas365.es\/noticias\/#organization"}}]},"og:locale":"es_ES","og:site_name":"Cand\u00e1s 365","og:type":"article","og:title":"Alemania y China unen fuerzas frente al proteccionismo de Trump | Cand\u00e1s 365","og:description":"Berl\u00edn, 27 ene (dpa) - Alemania y China acordaron estrechar su cooperaci\u00f3n econ\u00f3mica y avanzar en las negociaciones para la firma de un acuerdo de inversiones entre el pa\u00eds asi\u00e1tico y la Uni\u00f3n Europea tras la llegada de Donald Trump a la Casa Blanca, inform\u00f3 ayer el portavoz del Gobierno alem\u00e1n, Steffen Seibert. A trav\u00e9s","og:url":"https:\/\/candas365.es\/noticias\/alemania-y-china-unen-fuerzas-frente-al-proteccionismo-de-trump\/","og:image":"https:\/\/candas365.es\/noticias\/wp-content\/uploads\/2016\/11\/D.Trump-655x360.jpg","og:image:secure_url":"https:\/\/candas365.es\/noticias\/wp-content\/uploads\/2016\/11\/D.Trump-655x360.jpg","og:image:width":655,"og:image:height":360,"article:published_time":"2017-01-27T17:33:03+00:00","article:modified_time":"2017-01-27T17:33:03+00:00","article:publisher":"https:\/\/www.facebook.com\/Nachofdezber","article:author":"https:\/\/www.facebook.com\/carrenoactualidad","twitter:card":"summary_large_image","twitter:site":"@NabercoDigital","twitter:title":"Alemania y China unen fuerzas frente al proteccionismo de Trump | Cand\u00e1s 365","twitter:description":"Berl\u00edn, 27 ene (dpa) - Alemania y China acordaron estrechar su cooperaci\u00f3n econ\u00f3mica y avanzar en las negociaciones para la firma de un acuerdo de inversiones entre el pa\u00eds asi\u00e1tico y la Uni\u00f3n Europea tras la llegada de Donald Trump a la Casa Blanca, inform\u00f3 ayer el portavoz del Gobierno alem\u00e1n, Steffen Seibert. A trav\u00e9s","twitter:creator":"@nbasturias","twitter:image":"https:\/\/candas365.es\/noticias\/wp-content\/uploads\/2016\/11\/D.Trump-655x360.jpg","twitter:label1":"Escrito por","twitter:data1":"Cand\u00e1s 365","twitter:label2":"Tiempo de lectura estimado","twitter:data2":"1 minuto"},"aioseo_meta_data":{"post_id":"41811","title":null,"description":null,"keywords":null,"keyphrases":null,"primary_term":null,"canonical_url":null,"og_title":null,"og_description":null,"og_object_type":"default","og_image_type":"default","og_image_url":null,"og_image_width":null,"og_image_height":null,"og_image_custom_url":null,"og_image_custom_fields":null,"og_video":null,"og_custom_url":null,"og_article_section":null,"og_article_tags":null,"twitter_use_og":false,"twitter_card":"default","twitter_image_type":"default","twitter_image_url":null,"twitter_image_custom_url":null,"twitter_image_custom_fields":null,"twitter_title":null,"twitter_description":null,"schema":{"blockGraphs":[],"customGraphs":[],"default":{"data":{"Article":[],"Course":[],"Dataset":[],"FAQPage":[],"Movie":[],"Person":[],"Product":[],"ProductReview":[],"Car":[],"Recipe":[],"Service":[],"SoftwareApplication":[],"WebPage":[]},"graphName":"","isEnabled":true},"graphs":[]},"schema_type":null,"schema_type_options":null,"pillar_content":false,"robots_default":true,"robots_noindex":false,"robots_noarchive":false,"robots_nosnippet":false,"robots_nofollow":false,"robots_noimageindex":false,"robots_noodp":false,"robots_notranslate":false,"robots_max_snippet":null,"robots_max_videopreview":null,"robots_max_imagepreview":"large","priority":null,"frequency":null,"location":null,"local_seo":null,"seo_analyzer_scan_date":"2025-08-25 04:42:06","breadcrumb_settings":null,"limit_modified_date":false,"reviewed_by":null,"open_ai":null,"ai":null,"created":"2020-12-21 13:05:56","updated":"2025-08-25 04:42:06"},"aioseo_breadcrumb":"<div class=\"aioseo-breadcrumbs\"><span class=\"aioseo-breadcrumb\">\n\t<a href=\"https:\/\/candas365.es\/noticias\" title=\"Home\">Home<\/a>\n<\/span><span class=\"aioseo-breadcrumb-separator\">&ndash;<\/span><span class=\"aioseo-breadcrumb\">\n\t<a href=\"https:\/\/candas365.es\/noticias\/category\/actualidad\/\" title=\"Actualidad\">Actualidad<\/a>\n<\/span><span class=\"aioseo-breadcrumb-separator\">&ndash;<\/span><span class=\"aioseo-breadcrumb\">\n\tAlemania y China unen fuerzas frente al proteccionismo de Trump\n<\/span><\/div>","aioseo_breadcrumb_json":[{"label":"Home","link":"https:\/\/candas365.es\/noticias"},{"label":"Actualidad","link":"https:\/\/candas365.es\/noticias\/category\/actualidad\/"},{"label":"Alemania y China unen fuerzas frente al proteccionismo de Trump","link":"https:\/\/candas365.es\/noticias\/alemania-y-china-unen-fuerzas-frente-al-proteccionismo-de-trump\/"}],"_links":{"self":[{"href":"https:\/\/candas365.es\/noticias\/wp-json\/wp\/v2\/posts\/41811","targetHints":{"allow":["GET"]}}],"collection":[{"href":"https:\/\/candas365.es\/noticias\/wp-json\/wp\/v2\/posts"}],"about":[{"href":"https:\/\/candas365.es\/noticias\/wp-json\/wp\/v2\/types\/post"}],"author":[{"embeddable":true,"href":"https:\/\/candas365.es\/noticias\/wp-json\/wp\/v2\/users\/1"}],"replies":[{"embeddable":true,"href":"https:\/\/candas365.es\/noticias\/wp-json\/wp\/v2\/comments?post=41811"}],"version-history":[{"count":0,"href":"https:\/\/candas365.es\/noticias\/wp-json\/wp\/v2\/posts\/41811\/revisions"}],"wp:featuredmedia":[{"embeddable":true,"href":"https:\/\/candas365.es\/noticias\/wp-json\/wp\/v2\/media\/35806"}],"wp:attachment":[{"href":"https:\/\/candas365.es\/noticias\/wp-json\/wp\/v2\/media?parent=41811"}],"wp:term":[{"taxonomy":"category","embeddable":true,"href":"https:\/\/candas365.es\/noticias\/wp-json\/wp\/v2\/categories?post=41811"},{"taxonomy":"post_tag","embeddable":true,"href":"https:\/\/candas365.es\/noticias\/wp-json\/wp\/v2\/tags?post=41811"}],"curies":[{"name":"wp","href":"https:\/\/api.w.org\/{rel}","templated":true}]}}