{"id":41662,"date":"2017-01-25T21:51:37","date_gmt":"2017-01-25T21:51:37","guid":{"rendered":"http:\/\/candas365.es\/noticias\/?p=41662"},"modified":"2017-01-25T21:51:37","modified_gmt":"2017-01-25T21:51:37","slug":"barenboim-y-la-staatskapelle-de-berlin-entusiasman-a-los-neoyorquinos","status":"publish","type":"post","link":"https:\/\/candas365.es\/noticias\/barenboim-y-la-staatskapelle-de-berlin-entusiasman-a-los-neoyorquinos\/","title":{"rendered":"Barenboim y la Staatskapelle de Berl\u00edn entusiasman a los neoyorquinos"},"content":{"rendered":"<p>Nueva York\/Berl\u00edn, 25 ene (dpa) &#8211; No s\u00f3lo Estados Unidos debe volver a ser grande, sino el mundo entero, exclam\u00f3 Barenboim ante el p\u00fablico del Carnegie Hall. La Staatskapelle de Berl\u00edn acababa de interpretar la Segunda Sinfon\u00eda de Anton Bruckner (1824-1896) y algunos de los asistentes se dispon\u00edan a salir cuando el director de orquesta argentino-israel\u00ed tom\u00f3 la palabra.<\/p>\n<p>Hac\u00eda justo 60 a\u00f1os desde la primera vez que subi\u00f3 a ese escenario, cont\u00f3 recordando su debut en el Carnegie Hall en 1957 junto con el gran director de orquesta Leopold Stokowski (1882-1977). Y despu\u00e9s, comenz\u00f3 un alegato en defensa de la cultura. Quien lleva a cabo una pol\u00edtica sin valores destruye las estructuras sociales, declar\u00f3. Y todo el mundo entendi\u00f3 a qui\u00e9n se refer\u00eda: poco antes, Donald Trump hab\u00eda jurado el cargo como presidente n\u00famero 45 de Estados Unidos. Los casi 2.800 asistentes celebraron sus palabras con una ovaci\u00f3n, algunos incluso con l\u00e1grimas en los ojos.<\/p>\n<p>Barenboim y la Staatskapelle hacen estos d\u00edas las delicias de los amantes de la m\u00fasica cl\u00e1sica en Nueva York. Nueve sinfon\u00edas de Bruckner en 11 d\u00edas, a las que se suma cada tarde un concierto para piano de Mozart con Barenboim en su doble papel de pianista y director. Todo un hito musical en Estados Unidos para un ciclo que ya caus\u00f3 furor hace un par de a\u00f1os en Europa.<\/p>\n<p>Las nueve sinfon\u00edas del compositor austr\u00edaco jam\u00e1s se hab\u00edan interpretado como ciclo en Estados Unidos, pues estas monumentales piezas se consideraban demasiado dif\u00edciles y voluminosas. Los organizadores, tan dependientes del patrocinio de ricos mecenas y de la venta de entradas, hab\u00edan evitado hasta ahora el riesgo que entra\u00f1a un programa semejante.<\/p>\n<p>Barenboim y el director art\u00edstico del Carnegie Hall, Clive Gillinson, asumieron el riesgo y est\u00e1n siendo recompensados: en el ecuador del ciclo queda claro que la iniciativa est\u00e1 siendo un \u00e9xito gigantesco. La sala siempre casi llena, m\u00e1s de 200 entradas vendidas para toda la serie y otras 250 m\u00e1s para al menos cinco veladas. A lo que se suma un clamoroso apoyo.<\/p>\n<p>\u00abLa gente aqu\u00ed tiene mucha curiosidad por el sonido tan alem\u00e1n de la Staatskapelle\u00bb, explica Gillinson. \u00abThe New York Times\u00bb ha informado en dos ocasiones sobre el ciclo, que culmina el pr\u00f3ximo domingo con la Novena Sinfon\u00eda de Bruckner. \u00abQuien considere las sinfon\u00edas de Bruckner excesivas y caprichosas\u00bb, escribe el cr\u00edtico Anthony Tommasini, se sorprender\u00e1 al escuchar a estos \u00abfant\u00e1sticos m\u00fasicos\u00bb.<\/p>\n<p>El propio Barenboim habla de \u00abtrabajo arqueol\u00f3gico\u00bb a la hora de interpretar esta obra del romanticismo tard\u00edo. Con la m\u00fasica de Bruckner hay que ir excavando hasta el fondo, desenterrarla como si fuera un tesoro antiguo e ir apilando las capas sonoras como lo har\u00edan los maestros constructores de una catedral, explica. El resultado no ha dejado indiferente: el p\u00fablico asiste concentrado desde sus butacas a c\u00f3mo Barenboim levanta la batuta y los metales invaden la gigantesca sala hasta elevar las casi interminables variaciones de Bruckner al fortissimo.<\/p>\n<p>\u00abUstedes en la sala y nosotros sobre el escenario: todos formamos una gran comunidad\u00bb, dice Barenboim dirigi\u00e9ndose al p\u00fablico. Quien considera la m\u00fasica cl\u00e1sica como algo elitista no va jam\u00e1s a un concierto y ni siente nada cuando suena la m\u00fasica, a\u00f1ade. A continuaci\u00f3n, un gigantesco aplauso.<\/p>\n<p>\u00abSiempre am\u00e9 tocar ante el p\u00fablico\u00bb, se\u00f1ala recordando c\u00f3mo tras su primera vez en el Carnegie Hall se sinti\u00f3 tan emocionado por el aplauso de los neoyorquinos que interpret\u00f3 un bis sin que se lo hubieran pedido: la coral de Bach \u00abJes\u00fas, alegr\u00eda de los hombres\u00bb. Stokowski no se lo tom\u00f3 demasiado bien. \u00abEn mis conciertos no hay bises\u00bb, ri\u00f1\u00f3 al jovec\u00edsimo Barenboim, que en aquel entonces ten\u00eda 14 a\u00f1os. Durante las dos d\u00e9cadas siguientes no se dirigieron la palabra.<\/p>\n<p><span class=\" readonly\" title=\"\"><em>Por Esteban Engel <\/em><\/span><\/p>\n<p>&nbsp;<\/p>\n","protected":false},"excerpt":{"rendered":"<p>Nueva York\/Berl\u00edn, 25 ene (dpa) &#8211; No s\u00f3lo Estados Unidos debe volver a ser grande, sino el mundo entero, exclam\u00f3 Barenboim ante el p\u00fablico del Carnegie Hall. La Staatskapelle de Berl\u00edn acababa de interpretar la Segunda Sinfon\u00eda de Anton Bruckner (1824-1896) y algunos de los asistentes se dispon\u00edan a salir cuando el director de orquesta<\/p>\n","protected":false},"author":1,"featured_media":16457,"comment_status":"closed","ping_status":"closed","sticky":false,"template":"","format":"standard","meta":{"footnotes":""},"categories":[343],"tags":[],"class_list":{"0":"post-41662","1":"post","2":"type-post","3":"status-publish","4":"format-standard","5":"has-post-thumbnail","7":"category-actualidad"},"aioseo_notices":[],"aioseo_head":"\n\t\t<!-- All in One SEO Pro 4.9.6.2 - aioseo.com -->\n\t<meta name=\"description\" content=\"Nueva York\/Berl\u00edn, 25 ene (dpa) - No s\u00f3lo Estados Unidos debe volver a ser grande, sino el mundo entero, exclam\u00f3 Barenboim ante el p\u00fablico del Carnegie Hall. La Staatskapelle de Berl\u00edn acababa de interpretar la Segunda Sinfon\u00eda de Anton Bruckner (1824-1896) y algunos de los asistentes se dispon\u00edan a salir cuando el director de orquesta\" \/>\n\t<meta name=\"robots\" content=\"max-image-preview:large\" \/>\n\t<meta name=\"author\" content=\"Cand\u00e1s 365\"\/>\n\t<meta name=\"google-site-verification\" content=\"UA-32230408-1\" \/>\n\t<meta name=\"msvalidate.01\" content=\"354F3CDFB2DA171B47FBE9ABF1F88D5\" \/>\n\t<meta name=\"keywords\" content=\"actualidad\" \/>\n\t<link rel=\"canonical\" href=\"https:\/\/candas365.es\/noticias\/barenboim-y-la-staatskapelle-de-berlin-entusiasman-a-los-neoyorquinos\/\" \/>\n\t<meta name=\"generator\" content=\"All in One SEO Pro (AIOSEO) 4.9.6.2\" \/>\n\t\t<meta property=\"og:locale\" content=\"es_ES\" \/>\n\t\t<meta property=\"og:site_name\" content=\"Cand\u00e1s 365\" \/>\n\t\t<meta property=\"og:type\" content=\"article\" \/>\n\t\t<meta property=\"og:title\" content=\"Barenboim y la Staatskapelle de Berl\u00edn entusiasman a los neoyorquinos | Cand\u00e1s 365\" \/>\n\t\t<meta property=\"og:description\" content=\"Nueva York\/Berl\u00edn, 25 ene (dpa) - No s\u00f3lo Estados Unidos debe volver a ser grande, sino el mundo entero, exclam\u00f3 Barenboim ante el p\u00fablico del Carnegie Hall. La Staatskapelle de Berl\u00edn acababa de interpretar la Segunda Sinfon\u00eda de Anton Bruckner (1824-1896) y algunos de los asistentes se dispon\u00edan a salir cuando el director de orquesta\" \/>\n\t\t<meta property=\"og:url\" content=\"https:\/\/candas365.es\/noticias\/barenboim-y-la-staatskapelle-de-berlin-entusiasman-a-los-neoyorquinos\/\" \/>\n\t\t<meta property=\"og:image\" content=\"https:\/\/candas365.es\/noticias\/wp-content\/uploads\/2015\/09\/c365noticias.jpg\" \/>\n\t\t<meta property=\"og:image:secure_url\" content=\"https:\/\/candas365.es\/noticias\/wp-content\/uploads\/2015\/09\/c365noticias.jpg\" \/>\n\t\t<meta property=\"og:image:width\" content=\"655\" \/>\n\t\t<meta property=\"og:image:height\" content=\"360\" \/>\n\t\t<meta property=\"article:published_time\" content=\"2017-01-25T21:51:37+00:00\" \/>\n\t\t<meta property=\"article:modified_time\" content=\"2017-01-25T21:51:37+00:00\" \/>\n\t\t<meta property=\"article:publisher\" content=\"https:\/\/www.facebook.com\/Nachofdezber\" \/>\n\t\t<meta property=\"article:author\" content=\"https:\/\/www.facebook.com\/carrenoactualidad\" \/>\n\t\t<meta name=\"twitter:card\" content=\"summary_large_image\" \/>\n\t\t<meta name=\"twitter:site\" content=\"@NabercoDigital\" \/>\n\t\t<meta name=\"twitter:title\" content=\"Barenboim y la Staatskapelle de Berl\u00edn entusiasman a los neoyorquinos | Cand\u00e1s 365\" \/>\n\t\t<meta name=\"twitter:description\" content=\"Nueva York\/Berl\u00edn, 25 ene (dpa) - No s\u00f3lo Estados Unidos debe volver a ser grande, sino el mundo entero, exclam\u00f3 Barenboim ante el p\u00fablico del Carnegie Hall. La Staatskapelle de Berl\u00edn acababa de interpretar la Segunda Sinfon\u00eda de Anton Bruckner (1824-1896) y algunos de los asistentes se dispon\u00edan a salir cuando el director de orquesta\" \/>\n\t\t<meta name=\"twitter:creator\" content=\"@nbasturias\" \/>\n\t\t<meta name=\"twitter:image\" content=\"https:\/\/candas365.es\/noticias\/wp-content\/uploads\/2015\/09\/c365noticias.jpg\" \/>\n\t\t<meta name=\"twitter:label1\" content=\"Escrito por\" \/>\n\t\t<meta name=\"twitter:data1\" content=\"Cand\u00e1s 365\" \/>\n\t\t<meta name=\"twitter:label2\" content=\"Tiempo de lectura estimado\" \/>\n\t\t<meta name=\"twitter:data2\" content=\"3 minutos\" \/>\n\t\t<script type=\"application\/ld+json\" class=\"aioseo-schema\">\n\t\t\t{\"@context\":\"https:\\\/\\\/schema.org\",\"@graph\":[{\"@type\":\"BreadcrumbList\",\"@id\":\"https:\\\/\\\/candas365.es\\\/noticias\\\/barenboim-y-la-staatskapelle-de-berlin-entusiasman-a-los-neoyorquinos\\\/#breadcrumblist\",\"itemListElement\":[{\"@type\":\"ListItem\",\"@id\":\"https:\\\/\\\/candas365.es\\\/noticias#listItem\",\"position\":1,\"name\":\"Home\",\"item\":\"https:\\\/\\\/candas365.es\\\/noticias\",\"nextItem\":{\"@type\":\"ListItem\",\"@id\":\"https:\\\/\\\/candas365.es\\\/noticias\\\/category\\\/actualidad\\\/#listItem\",\"name\":\"Actualidad\"}},{\"@type\":\"ListItem\",\"@id\":\"https:\\\/\\\/candas365.es\\\/noticias\\\/category\\\/actualidad\\\/#listItem\",\"position\":2,\"name\":\"Actualidad\",\"item\":\"https:\\\/\\\/candas365.es\\\/noticias\\\/category\\\/actualidad\\\/\",\"nextItem\":{\"@type\":\"ListItem\",\"@id\":\"https:\\\/\\\/candas365.es\\\/noticias\\\/barenboim-y-la-staatskapelle-de-berlin-entusiasman-a-los-neoyorquinos\\\/#listItem\",\"name\":\"Barenboim y la Staatskapelle de Berl\\u00edn entusiasman a los neoyorquinos\"},\"previousItem\":{\"@type\":\"ListItem\",\"@id\":\"https:\\\/\\\/candas365.es\\\/noticias#listItem\",\"name\":\"Home\"}},{\"@type\":\"ListItem\",\"@id\":\"https:\\\/\\\/candas365.es\\\/noticias\\\/barenboim-y-la-staatskapelle-de-berlin-entusiasman-a-los-neoyorquinos\\\/#listItem\",\"position\":3,\"name\":\"Barenboim y la Staatskapelle de Berl\\u00edn entusiasman a los neoyorquinos\",\"previousItem\":{\"@type\":\"ListItem\",\"@id\":\"https:\\\/\\\/candas365.es\\\/noticias\\\/category\\\/actualidad\\\/#listItem\",\"name\":\"Actualidad\"}}]},{\"@type\":\"NewsArticle\",\"@id\":\"https:\\\/\\\/candas365.es\\\/noticias\\\/barenboim-y-la-staatskapelle-de-berlin-entusiasman-a-los-neoyorquinos\\\/#newsarticle\",\"name\":\"Barenboim y la Staatskapelle de Berl\\u00edn entusiasman a los neoyorquinos | Cand\\u00e1s 365\",\"headline\":\"Barenboim y la Staatskapelle de Berl\\u00edn entusiasman a los neoyorquinos\",\"author\":{\"@id\":\"https:\\\/\\\/candas365.es\\\/noticias\\\/author\\\/admin\\\/#author\"},\"publisher\":{\"@id\":\"https:\\\/\\\/candas365.es\\\/noticias\\\/#organization\"},\"image\":{\"@type\":\"ImageObject\",\"url\":\"https:\\\/\\\/candas365.es\\\/noticias\\\/wp-content\\\/uploads\\\/2015\\\/09\\\/c365noticias.jpg\",\"width\":655,\"height\":360},\"datePublished\":\"2017-01-25T21:51:37+01:00\",\"dateModified\":\"2017-01-25T21:51:37+01:00\",\"inLanguage\":\"es-ES\",\"mainEntityOfPage\":{\"@id\":\"https:\\\/\\\/candas365.es\\\/noticias\\\/barenboim-y-la-staatskapelle-de-berlin-entusiasman-a-los-neoyorquinos\\\/#webpage\"},\"isPartOf\":{\"@id\":\"https:\\\/\\\/candas365.es\\\/noticias\\\/barenboim-y-la-staatskapelle-de-berlin-entusiasman-a-los-neoyorquinos\\\/#webpage\"},\"articleSection\":\"Actualidad\",\"dateline\":\"Publicado el enero 25, 2017.\"},{\"@type\":\"Organization\",\"@id\":\"https:\\\/\\\/candas365.es\\\/noticias\\\/#organization\",\"name\":\"Cand\\u00e1s 365\",\"description\":\"Cand\\u00e1s 365 es un diario digital independiente, fundado en 2012, con base en Asturias. Informamos con rigor sobre actualidad, sociedad, cultura y ocio, con una mirada local y global.\",\"url\":\"https:\\\/\\\/candas365.es\\\/noticias\\\/\",\"email\":\"info@candas365.es\",\"telephone\":\"+34652131393\",\"foundingDate\":\"2012-06-10\",\"logo\":{\"@type\":\"ImageObject\",\"url\":\"https:\\\/\\\/candas365.es\\\/noticias\\\/wp-content\\\/uploads\\\/2024\\\/09\\\/Candas-365-Redes.jpg\",\"@id\":\"https:\\\/\\\/candas365.es\\\/noticias\\\/barenboim-y-la-staatskapelle-de-berlin-entusiasman-a-los-neoyorquinos\\\/#organizationLogo\",\"width\":1152,\"height\":864,\"caption\":\"Cand\\u00e1s 365 Redes\"},\"image\":{\"@id\":\"https:\\\/\\\/candas365.es\\\/noticias\\\/barenboim-y-la-staatskapelle-de-berlin-entusiasman-a-los-neoyorquinos\\\/#organizationLogo\"},\"sameAs\":[\"https:\\\/\\\/www.facebook.com\\\/Nachofdezber\",\"https:\\\/\\\/x.com\\\/NabercoDigital\",\"https:\\\/\\\/www.instagram.com\\\/nachofdezber\\\/\",\"https:\\\/\\\/www.youtube.com\\\/channel\\\/UCZP-2wLEB9Rv6erhFmqVnvg\"],\"address\":{\"@id\":\"https:\\\/\\\/candas365.es\\\/noticias\\\/#postaladdress\",\"@type\":\"PostalAddress\",\"streetAddress\":\"san antonio 4, san antonio 4\",\"postalCode\":\"33430\",\"addressLocality\":\"Cand\\u00e1s\",\"addressRegion\":\"Asturias\",\"addressCountry\":\"ES\"}},{\"@type\":\"Person\",\"@id\":\"https:\\\/\\\/candas365.es\\\/noticias\\\/author\\\/admin\\\/#author\",\"url\":\"https:\\\/\\\/candas365.es\\\/noticias\\\/author\\\/admin\\\/\",\"name\":\"Cand\\u00e1s 365\",\"image\":{\"@type\":\"ImageObject\",\"@id\":\"https:\\\/\\\/candas365.es\\\/noticias\\\/barenboim-y-la-staatskapelle-de-berlin-entusiasman-a-los-neoyorquinos\\\/#authorImage\",\"url\":\"https:\\\/\\\/secure.gravatar.com\\\/avatar\\\/496a8e03d0c493ede1718b7934145dbdf8d89be1036b0eec9544e1094c9de390?s=96&d=mm&r=g\",\"width\":96,\"height\":96,\"caption\":\"Cand\\u00e1s 365\"},\"sameAs\":[\"https:\\\/\\\/www.facebook.com\\\/carrenoactualidad\",\"https:\\\/\\\/twitter.com\\\/nbasturias\",\"https:\\\/\\\/www.instagram.com\\\/nachofdezber\\\/\",\"https:\\\/\\\/www.youtube.com\\\/channel\\\/UCZP-2wLEB9Rv6erhFmqVnvg\"]},{\"@type\":\"WebPage\",\"@id\":\"https:\\\/\\\/candas365.es\\\/noticias\\\/barenboim-y-la-staatskapelle-de-berlin-entusiasman-a-los-neoyorquinos\\\/#webpage\",\"url\":\"https:\\\/\\\/candas365.es\\\/noticias\\\/barenboim-y-la-staatskapelle-de-berlin-entusiasman-a-los-neoyorquinos\\\/\",\"name\":\"Barenboim y la Staatskapelle de Berl\\u00edn entusiasman a los neoyorquinos | Cand\\u00e1s 365\",\"description\":\"Nueva York\\\/Berl\\u00edn, 25 ene (dpa) - No s\\u00f3lo Estados Unidos debe volver a ser grande, sino el mundo entero, exclam\\u00f3 Barenboim ante el p\\u00fablico del Carnegie Hall. La Staatskapelle de Berl\\u00edn acababa de interpretar la Segunda Sinfon\\u00eda de Anton Bruckner (1824-1896) y algunos de los asistentes se dispon\\u00edan a salir cuando el director de orquesta\",\"inLanguage\":\"es-ES\",\"isPartOf\":{\"@id\":\"https:\\\/\\\/candas365.es\\\/noticias\\\/#website\"},\"breadcrumb\":{\"@id\":\"https:\\\/\\\/candas365.es\\\/noticias\\\/barenboim-y-la-staatskapelle-de-berlin-entusiasman-a-los-neoyorquinos\\\/#breadcrumblist\"},\"author\":{\"@id\":\"https:\\\/\\\/candas365.es\\\/noticias\\\/author\\\/admin\\\/#author\"},\"creator\":{\"@id\":\"https:\\\/\\\/candas365.es\\\/noticias\\\/author\\\/admin\\\/#author\"},\"image\":{\"@type\":\"ImageObject\",\"url\":\"https:\\\/\\\/candas365.es\\\/noticias\\\/wp-content\\\/uploads\\\/2015\\\/09\\\/c365noticias.jpg\",\"@id\":\"https:\\\/\\\/candas365.es\\\/noticias\\\/barenboim-y-la-staatskapelle-de-berlin-entusiasman-a-los-neoyorquinos\\\/#mainImage\",\"width\":655,\"height\":360},\"primaryImageOfPage\":{\"@id\":\"https:\\\/\\\/candas365.es\\\/noticias\\\/barenboim-y-la-staatskapelle-de-berlin-entusiasman-a-los-neoyorquinos\\\/#mainImage\"},\"datePublished\":\"2017-01-25T21:51:37+01:00\",\"dateModified\":\"2017-01-25T21:51:37+01:00\"},{\"@type\":\"WebSite\",\"@id\":\"https:\\\/\\\/candas365.es\\\/noticias\\\/#website\",\"url\":\"https:\\\/\\\/candas365.es\\\/noticias\\\/\",\"name\":\"Cand\\u00e1s 365\",\"alternateName\":\"Cand\\u00e1s 365 Noticias\",\"description\":\"Actualidad desde Carre\\u00f1o para el mundo\",\"inLanguage\":\"es-ES\",\"publisher\":{\"@id\":\"https:\\\/\\\/candas365.es\\\/noticias\\\/#organization\"}}]}\n\t\t<\/script>\n\t\t<!-- All in One SEO Pro -->\r\n\t\t<title>Barenboim y la Staatskapelle de Berl\u00edn entusiasman a los neoyorquinos | Cand\u00e1s 365<\/title>\n\n","aioseo_head_json":{"title":"Barenboim y la Staatskapelle de Berl\u00edn entusiasman a los neoyorquinos | Cand\u00e1s 365","description":"Nueva York\/Berl\u00edn, 25 ene (dpa) - No s\u00f3lo Estados Unidos debe volver a ser grande, sino el mundo entero, exclam\u00f3 Barenboim ante el p\u00fablico del Carnegie Hall. La Staatskapelle de Berl\u00edn acababa de interpretar la Segunda Sinfon\u00eda de Anton Bruckner (1824-1896) y algunos de los asistentes se dispon\u00edan a salir cuando el director de orquesta","canonical_url":"https:\/\/candas365.es\/noticias\/barenboim-y-la-staatskapelle-de-berlin-entusiasman-a-los-neoyorquinos\/","robots":"max-image-preview:large","keywords":"actualidad","webmasterTools":{"google-site-verification":"UA-32230408-1","msvalidate.01":"354F3CDFB2DA171B47FBE9ABF1F88D5","miscellaneous":""},"schema":{"@context":"https:\/\/schema.org","@graph":[{"@type":"BreadcrumbList","@id":"https:\/\/candas365.es\/noticias\/barenboim-y-la-staatskapelle-de-berlin-entusiasman-a-los-neoyorquinos\/#breadcrumblist","itemListElement":[{"@type":"ListItem","@id":"https:\/\/candas365.es\/noticias#listItem","position":1,"name":"Home","item":"https:\/\/candas365.es\/noticias","nextItem":{"@type":"ListItem","@id":"https:\/\/candas365.es\/noticias\/category\/actualidad\/#listItem","name":"Actualidad"}},{"@type":"ListItem","@id":"https:\/\/candas365.es\/noticias\/category\/actualidad\/#listItem","position":2,"name":"Actualidad","item":"https:\/\/candas365.es\/noticias\/category\/actualidad\/","nextItem":{"@type":"ListItem","@id":"https:\/\/candas365.es\/noticias\/barenboim-y-la-staatskapelle-de-berlin-entusiasman-a-los-neoyorquinos\/#listItem","name":"Barenboim y la Staatskapelle de Berl\u00edn entusiasman a los neoyorquinos"},"previousItem":{"@type":"ListItem","@id":"https:\/\/candas365.es\/noticias#listItem","name":"Home"}},{"@type":"ListItem","@id":"https:\/\/candas365.es\/noticias\/barenboim-y-la-staatskapelle-de-berlin-entusiasman-a-los-neoyorquinos\/#listItem","position":3,"name":"Barenboim y la Staatskapelle de Berl\u00edn entusiasman a los neoyorquinos","previousItem":{"@type":"ListItem","@id":"https:\/\/candas365.es\/noticias\/category\/actualidad\/#listItem","name":"Actualidad"}}]},{"@type":"NewsArticle","@id":"https:\/\/candas365.es\/noticias\/barenboim-y-la-staatskapelle-de-berlin-entusiasman-a-los-neoyorquinos\/#newsarticle","name":"Barenboim y la Staatskapelle de Berl\u00edn entusiasman a los neoyorquinos | Cand\u00e1s 365","headline":"Barenboim y la Staatskapelle de Berl\u00edn entusiasman a los neoyorquinos","author":{"@id":"https:\/\/candas365.es\/noticias\/author\/admin\/#author"},"publisher":{"@id":"https:\/\/candas365.es\/noticias\/#organization"},"image":{"@type":"ImageObject","url":"https:\/\/candas365.es\/noticias\/wp-content\/uploads\/2015\/09\/c365noticias.jpg","width":655,"height":360},"datePublished":"2017-01-25T21:51:37+01:00","dateModified":"2017-01-25T21:51:37+01:00","inLanguage":"es-ES","mainEntityOfPage":{"@id":"https:\/\/candas365.es\/noticias\/barenboim-y-la-staatskapelle-de-berlin-entusiasman-a-los-neoyorquinos\/#webpage"},"isPartOf":{"@id":"https:\/\/candas365.es\/noticias\/barenboim-y-la-staatskapelle-de-berlin-entusiasman-a-los-neoyorquinos\/#webpage"},"articleSection":"Actualidad","dateline":"Publicado el enero 25, 2017."},{"@type":"Organization","@id":"https:\/\/candas365.es\/noticias\/#organization","name":"Cand\u00e1s 365","description":"Cand\u00e1s 365 es un diario digital independiente, fundado en 2012, con base en Asturias. Informamos con rigor sobre actualidad, sociedad, cultura y ocio, con una mirada local y global.","url":"https:\/\/candas365.es\/noticias\/","email":"info@candas365.es","telephone":"+34652131393","foundingDate":"2012-06-10","logo":{"@type":"ImageObject","url":"https:\/\/candas365.es\/noticias\/wp-content\/uploads\/2024\/09\/Candas-365-Redes.jpg","@id":"https:\/\/candas365.es\/noticias\/barenboim-y-la-staatskapelle-de-berlin-entusiasman-a-los-neoyorquinos\/#organizationLogo","width":1152,"height":864,"caption":"Cand\u00e1s 365 Redes"},"image":{"@id":"https:\/\/candas365.es\/noticias\/barenboim-y-la-staatskapelle-de-berlin-entusiasman-a-los-neoyorquinos\/#organizationLogo"},"sameAs":["https:\/\/www.facebook.com\/Nachofdezber","https:\/\/x.com\/NabercoDigital","https:\/\/www.instagram.com\/nachofdezber\/","https:\/\/www.youtube.com\/channel\/UCZP-2wLEB9Rv6erhFmqVnvg"],"address":{"@id":"https:\/\/candas365.es\/noticias\/#postaladdress","@type":"PostalAddress","streetAddress":"san antonio 4, san antonio 4","postalCode":"33430","addressLocality":"Cand\u00e1s","addressRegion":"Asturias","addressCountry":"ES"}},{"@type":"Person","@id":"https:\/\/candas365.es\/noticias\/author\/admin\/#author","url":"https:\/\/candas365.es\/noticias\/author\/admin\/","name":"Cand\u00e1s 365","image":{"@type":"ImageObject","@id":"https:\/\/candas365.es\/noticias\/barenboim-y-la-staatskapelle-de-berlin-entusiasman-a-los-neoyorquinos\/#authorImage","url":"https:\/\/secure.gravatar.com\/avatar\/496a8e03d0c493ede1718b7934145dbdf8d89be1036b0eec9544e1094c9de390?s=96&d=mm&r=g","width":96,"height":96,"caption":"Cand\u00e1s 365"},"sameAs":["https:\/\/www.facebook.com\/carrenoactualidad","https:\/\/twitter.com\/nbasturias","https:\/\/www.instagram.com\/nachofdezber\/","https:\/\/www.youtube.com\/channel\/UCZP-2wLEB9Rv6erhFmqVnvg"]},{"@type":"WebPage","@id":"https:\/\/candas365.es\/noticias\/barenboim-y-la-staatskapelle-de-berlin-entusiasman-a-los-neoyorquinos\/#webpage","url":"https:\/\/candas365.es\/noticias\/barenboim-y-la-staatskapelle-de-berlin-entusiasman-a-los-neoyorquinos\/","name":"Barenboim y la Staatskapelle de Berl\u00edn entusiasman a los neoyorquinos | Cand\u00e1s 365","description":"Nueva York\/Berl\u00edn, 25 ene (dpa) - No s\u00f3lo Estados Unidos debe volver a ser grande, sino el mundo entero, exclam\u00f3 Barenboim ante el p\u00fablico del Carnegie Hall. La Staatskapelle de Berl\u00edn acababa de interpretar la Segunda Sinfon\u00eda de Anton Bruckner (1824-1896) y algunos de los asistentes se dispon\u00edan a salir cuando el director de orquesta","inLanguage":"es-ES","isPartOf":{"@id":"https:\/\/candas365.es\/noticias\/#website"},"breadcrumb":{"@id":"https:\/\/candas365.es\/noticias\/barenboim-y-la-staatskapelle-de-berlin-entusiasman-a-los-neoyorquinos\/#breadcrumblist"},"author":{"@id":"https:\/\/candas365.es\/noticias\/author\/admin\/#author"},"creator":{"@id":"https:\/\/candas365.es\/noticias\/author\/admin\/#author"},"image":{"@type":"ImageObject","url":"https:\/\/candas365.es\/noticias\/wp-content\/uploads\/2015\/09\/c365noticias.jpg","@id":"https:\/\/candas365.es\/noticias\/barenboim-y-la-staatskapelle-de-berlin-entusiasman-a-los-neoyorquinos\/#mainImage","width":655,"height":360},"primaryImageOfPage":{"@id":"https:\/\/candas365.es\/noticias\/barenboim-y-la-staatskapelle-de-berlin-entusiasman-a-los-neoyorquinos\/#mainImage"},"datePublished":"2017-01-25T21:51:37+01:00","dateModified":"2017-01-25T21:51:37+01:00"},{"@type":"WebSite","@id":"https:\/\/candas365.es\/noticias\/#website","url":"https:\/\/candas365.es\/noticias\/","name":"Cand\u00e1s 365","alternateName":"Cand\u00e1s 365 Noticias","description":"Actualidad desde Carre\u00f1o para el mundo","inLanguage":"es-ES","publisher":{"@id":"https:\/\/candas365.es\/noticias\/#organization"}}]},"og:locale":"es_ES","og:site_name":"Cand\u00e1s 365","og:type":"article","og:title":"Barenboim y la Staatskapelle de Berl\u00edn entusiasman a los neoyorquinos | Cand\u00e1s 365","og:description":"Nueva York\/Berl\u00edn, 25 ene (dpa) - No s\u00f3lo Estados Unidos debe volver a ser grande, sino el mundo entero, exclam\u00f3 Barenboim ante el p\u00fablico del Carnegie Hall. La Staatskapelle de Berl\u00edn acababa de interpretar la Segunda Sinfon\u00eda de Anton Bruckner (1824-1896) y algunos de los asistentes se dispon\u00edan a salir cuando el director de orquesta","og:url":"https:\/\/candas365.es\/noticias\/barenboim-y-la-staatskapelle-de-berlin-entusiasman-a-los-neoyorquinos\/","og:image":"https:\/\/candas365.es\/noticias\/wp-content\/uploads\/2015\/09\/c365noticias.jpg","og:image:secure_url":"https:\/\/candas365.es\/noticias\/wp-content\/uploads\/2015\/09\/c365noticias.jpg","og:image:width":655,"og:image:height":360,"article:published_time":"2017-01-25T21:51:37+00:00","article:modified_time":"2017-01-25T21:51:37+00:00","article:publisher":"https:\/\/www.facebook.com\/Nachofdezber","article:author":"https:\/\/www.facebook.com\/carrenoactualidad","twitter:card":"summary_large_image","twitter:site":"@NabercoDigital","twitter:title":"Barenboim y la Staatskapelle de Berl\u00edn entusiasman a los neoyorquinos | Cand\u00e1s 365","twitter:description":"Nueva York\/Berl\u00edn, 25 ene (dpa) - No s\u00f3lo Estados Unidos debe volver a ser grande, sino el mundo entero, exclam\u00f3 Barenboim ante el p\u00fablico del Carnegie Hall. La Staatskapelle de Berl\u00edn acababa de interpretar la Segunda Sinfon\u00eda de Anton Bruckner (1824-1896) y algunos de los asistentes se dispon\u00edan a salir cuando el director de orquesta","twitter:creator":"@nbasturias","twitter:image":"https:\/\/candas365.es\/noticias\/wp-content\/uploads\/2015\/09\/c365noticias.jpg","twitter:label1":"Escrito por","twitter:data1":"Cand\u00e1s 365","twitter:label2":"Tiempo de lectura estimado","twitter:data2":"3 minutos"},"aioseo_meta_data":{"post_id":"41662","title":null,"description":null,"keywords":null,"keyphrases":null,"primary_term":null,"canonical_url":null,"og_title":null,"og_description":null,"og_object_type":"default","og_image_type":"default","og_image_url":null,"og_image_width":null,"og_image_height":null,"og_image_custom_url":null,"og_image_custom_fields":null,"og_video":null,"og_custom_url":null,"og_article_section":null,"og_article_tags":null,"twitter_use_og":false,"twitter_card":"default","twitter_image_type":"default","twitter_image_url":null,"twitter_image_custom_url":null,"twitter_image_custom_fields":null,"twitter_title":null,"twitter_description":null,"schema":{"blockGraphs":[],"customGraphs":[],"default":{"data":{"Article":[],"Course":[],"Dataset":[],"FAQPage":[],"Movie":[],"Person":[],"Product":[],"ProductReview":[],"Car":[],"Recipe":[],"Service":[],"SoftwareApplication":[],"WebPage":[]},"graphName":"","isEnabled":true},"graphs":[],"defaultGraph":"","defaultPostTypeGraph":""},"schema_type":null,"schema_type_options":null,"pillar_content":false,"robots_default":true,"robots_noindex":false,"robots_noarchive":false,"robots_nosnippet":false,"robots_nofollow":false,"robots_noimageindex":false,"robots_noodp":false,"robots_notranslate":false,"robots_max_snippet":null,"robots_max_videopreview":null,"robots_max_imagepreview":"large","priority":null,"frequency":null,"location":null,"local_seo":null,"seo_analyzer_scan_date":"2025-08-25 04:31:33","breadcrumb_settings":null,"limit_modified_date":false,"reviewed_by":null,"open_ai":null,"ai":null,"created":"2020-12-21 13:06:05","updated":"2025-08-25 04:31:33"},"aioseo_breadcrumb":"<div class=\"aioseo-breadcrumbs\"><span class=\"aioseo-breadcrumb\">\n\t<a href=\"https:\/\/candas365.es\/noticias\" title=\"Home\">Home<\/a>\n<\/span><span class=\"aioseo-breadcrumb-separator\">&ndash;<\/span><span class=\"aioseo-breadcrumb\">\n\t<a href=\"https:\/\/candas365.es\/noticias\/category\/actualidad\/\" title=\"Actualidad\">Actualidad<\/a>\n<\/span><span class=\"aioseo-breadcrumb-separator\">&ndash;<\/span><span class=\"aioseo-breadcrumb\">\n\tBarenboim y la Staatskapelle de Berl\u00edn entusiasman a los neoyorquinos\n<\/span><\/div>","aioseo_breadcrumb_json":[{"label":"Home","link":"https:\/\/candas365.es\/noticias"},{"label":"Actualidad","link":"https:\/\/candas365.es\/noticias\/category\/actualidad\/"},{"label":"Barenboim y la Staatskapelle de Berl\u00edn entusiasman a los neoyorquinos","link":"https:\/\/candas365.es\/noticias\/barenboim-y-la-staatskapelle-de-berlin-entusiasman-a-los-neoyorquinos\/"}],"_links":{"self":[{"href":"https:\/\/candas365.es\/noticias\/wp-json\/wp\/v2\/posts\/41662","targetHints":{"allow":["GET"]}}],"collection":[{"href":"https:\/\/candas365.es\/noticias\/wp-json\/wp\/v2\/posts"}],"about":[{"href":"https:\/\/candas365.es\/noticias\/wp-json\/wp\/v2\/types\/post"}],"author":[{"embeddable":true,"href":"https:\/\/candas365.es\/noticias\/wp-json\/wp\/v2\/users\/1"}],"replies":[{"embeddable":true,"href":"https:\/\/candas365.es\/noticias\/wp-json\/wp\/v2\/comments?post=41662"}],"version-history":[{"count":0,"href":"https:\/\/candas365.es\/noticias\/wp-json\/wp\/v2\/posts\/41662\/revisions"}],"wp:featuredmedia":[{"embeddable":true,"href":"https:\/\/candas365.es\/noticias\/wp-json\/wp\/v2\/media\/16457"}],"wp:attachment":[{"href":"https:\/\/candas365.es\/noticias\/wp-json\/wp\/v2\/media?parent=41662"}],"wp:term":[{"taxonomy":"category","embeddable":true,"href":"https:\/\/candas365.es\/noticias\/wp-json\/wp\/v2\/categories?post=41662"},{"taxonomy":"post_tag","embeddable":true,"href":"https:\/\/candas365.es\/noticias\/wp-json\/wp\/v2\/tags?post=41662"}],"curies":[{"name":"wp","href":"https:\/\/api.w.org\/{rel}","templated":true}]}}