{"id":41660,"date":"2017-01-25T21:50:34","date_gmt":"2017-01-25T21:50:34","guid":{"rendered":"http:\/\/candas365.es\/noticias\/?p=41660"},"modified":"2017-01-25T21:50:34","modified_gmt":"2017-01-25T21:50:34","slug":"redadas-en-alemania-extremistas-planeaban-atacar-a-judios-y-asilados","status":"publish","type":"post","link":"https:\/\/candas365.es\/noticias\/redadas-en-alemania-extremistas-planeaban-atacar-a-judios-y-asilados\/","title":{"rendered":"Redadas en Alemania: extremistas planeaban atacar a jud\u00edos y asilados"},"content":{"rendered":"<p>Karlsruhe\/Berl\u00edn, 25 ene (dpa) &#8211; Los registros en viviendas y locales de miembros de extrema derecha ordenados hoy por la Fiscal\u00eda general de Alemania en varios puntos del pa\u00eds se saldaron con la incautaci\u00f3n de numerosas armas, de munici\u00f3n y de artefactos explosivos y con la detenci\u00f3n de dos personas, inform\u00f3 el Ministerio p\u00fablico.<\/p>\n<p>Las redadas ten\u00edan como objetivo a siete personas pertenecientes al mundo de la ultraderecha sobre quienes recae la sospecha de planear ataques contra agentes de polic\u00eda, peticionarios de asilo y ciudadanos de origen jud\u00edo.<\/p>\n<p>Entre ellos se encontrar\u00edan tambi\u00e9n miembros del movimiento \u00abReichsb\u00fcrger\u00bb (Ciudadanos del Reich), un grupo de la extrema derecha que no reconoce a la Rep\u00fablica Federal Alemana y niega el Holocausto.<\/p>\n<p>Seg\u00fan inform\u00f3 la Fiscal\u00eda general, los sospechosos hab\u00edan formado una organizaci\u00f3n terrorista y, para ello, se hab\u00edan dotado de armas y de munici\u00f3n. No obstante, las autoridades alemanas se\u00f1alaron que no han encontrado evidencias de que los investigados tuvieran previsto perpetrar un ataque concreto.<\/p>\n<p>Las investigaciones se centran en siete sospechosos de edades comprendidas entre los 35 y los 66 a\u00f1os. Contra seis de ellos pesa la sospecha de haberse asociado para fundar una organizaci\u00f3n terrorista de extrema derecha. El s\u00e9ptimo de ellos estar\u00eda acusado por colaboraci\u00f3n con el grupo.<\/p>\n<p>Los acusados, que resid\u00edan en diferentes regiones de Alemania, estaban conectados a trav\u00e9s de las redes sociales y se les acusa de planear ataques desde la primavera (boreal) del a\u00f1o pasado.<\/p>\n<p>El movimiento \u00abReichsb\u00fcrger\u00bb es un colectivo de la extrema derecha que surgi\u00f3 en el pa\u00eds centroeuropeo en la d\u00e9cada de los 80 y que considera que las fronteras verdaderas de Alemania son las de 1937, anteriores a la Segunda Guerra Mundial.<\/p>\n<p>Desde el Ministerio del Interior, calificaron hoy a este grupo de ultraderecha como una \u00abamenaza extremista seria\u00bb. Asimismo, se\u00f1alaron que desde hace meses las autoridades vigilan muy de cerca sus pasos.<\/p>\n<p>A tenor de los datos que maneja la Oficina de Protecci\u00f3n de la Constituci\u00f3n de Alemania (BfV) -servicio secreto en el \u00e1mbito nacional- este movimiento cuenta con unos 10.000 simpatizantes, de los que entre 500 y 600 ser\u00edan extremistas de derecha.<\/p>\n<p>Los \u00abReichsb\u00fcrger\u00bb acapararon la atenci\u00f3n medi\u00e1tica internacional en noviembre despu\u00e9s de que uno de sus miembros abriese fuego contra la Polic\u00eda durante un registro causando la muerte de un agente de la Polic\u00eda e hiriendo a otros tres.<\/p>\n","protected":false},"excerpt":{"rendered":"<p>Karlsruhe\/Berl\u00edn, 25 ene (dpa) &#8211; Los registros en viviendas y locales de miembros de extrema derecha ordenados hoy por la Fiscal\u00eda general de Alemania en varios puntos del pa\u00eds se saldaron con la incautaci\u00f3n de numerosas armas, de munici\u00f3n y de artefactos explosivos y con la detenci\u00f3n de dos personas, inform\u00f3 el Ministerio p\u00fablico. Las<\/p>\n","protected":false},"author":1,"featured_media":16457,"comment_status":"closed","ping_status":"closed","sticky":false,"template":"","format":"standard","meta":{"footnotes":""},"categories":[343],"tags":[],"class_list":{"0":"post-41660","1":"post","2":"type-post","3":"status-publish","4":"format-standard","5":"has-post-thumbnail","7":"category-actualidad"},"aioseo_notices":[],"aioseo_head":"\n\t\t<!-- All in One SEO Pro 4.9.6.2 - aioseo.com -->\n\t<meta name=\"description\" content=\"Karlsruhe\/Berl\u00edn, 25 ene (dpa) - Los registros en viviendas y locales de miembros de extrema derecha ordenados hoy por la Fiscal\u00eda general de Alemania en varios puntos del pa\u00eds se saldaron con la incautaci\u00f3n de numerosas armas, de munici\u00f3n y de artefactos explosivos y con la detenci\u00f3n de dos personas, inform\u00f3 el Ministerio p\u00fablico. Las\" \/>\n\t<meta name=\"robots\" content=\"max-image-preview:large\" \/>\n\t<meta name=\"author\" content=\"Cand\u00e1s 365\"\/>\n\t<meta name=\"google-site-verification\" content=\"UA-32230408-1\" \/>\n\t<meta name=\"msvalidate.01\" content=\"354F3CDFB2DA171B47FBE9ABF1F88D5\" \/>\n\t<meta name=\"keywords\" content=\"actualidad\" \/>\n\t<link rel=\"canonical\" href=\"https:\/\/candas365.es\/noticias\/redadas-en-alemania-extremistas-planeaban-atacar-a-judios-y-asilados\/\" \/>\n\t<meta name=\"generator\" content=\"All in One SEO Pro (AIOSEO) 4.9.6.2\" \/>\n\t\t<meta property=\"og:locale\" content=\"es_ES\" \/>\n\t\t<meta property=\"og:site_name\" content=\"Cand\u00e1s 365\" \/>\n\t\t<meta property=\"og:type\" content=\"article\" \/>\n\t\t<meta property=\"og:title\" content=\"Redadas en Alemania: extremistas planeaban atacar a jud\u00edos y asilados | Cand\u00e1s 365\" \/>\n\t\t<meta property=\"og:description\" content=\"Karlsruhe\/Berl\u00edn, 25 ene (dpa) - Los registros en viviendas y locales de miembros de extrema derecha ordenados hoy por la Fiscal\u00eda general de Alemania en varios puntos del pa\u00eds se saldaron con la incautaci\u00f3n de numerosas armas, de munici\u00f3n y de artefactos explosivos y con la detenci\u00f3n de dos personas, inform\u00f3 el Ministerio p\u00fablico. Las\" \/>\n\t\t<meta property=\"og:url\" content=\"https:\/\/candas365.es\/noticias\/redadas-en-alemania-extremistas-planeaban-atacar-a-judios-y-asilados\/\" \/>\n\t\t<meta property=\"og:image\" content=\"https:\/\/candas365.es\/noticias\/wp-content\/uploads\/2015\/09\/c365noticias.jpg\" \/>\n\t\t<meta property=\"og:image:secure_url\" content=\"https:\/\/candas365.es\/noticias\/wp-content\/uploads\/2015\/09\/c365noticias.jpg\" \/>\n\t\t<meta property=\"og:image:width\" content=\"655\" \/>\n\t\t<meta property=\"og:image:height\" content=\"360\" \/>\n\t\t<meta property=\"article:published_time\" content=\"2017-01-25T21:50:34+00:00\" \/>\n\t\t<meta property=\"article:modified_time\" content=\"2017-01-25T21:50:34+00:00\" \/>\n\t\t<meta property=\"article:publisher\" content=\"https:\/\/www.facebook.com\/Nachofdezber\" \/>\n\t\t<meta property=\"article:author\" content=\"https:\/\/www.facebook.com\/carrenoactualidad\" \/>\n\t\t<meta name=\"twitter:card\" content=\"summary_large_image\" \/>\n\t\t<meta name=\"twitter:site\" content=\"@NabercoDigital\" \/>\n\t\t<meta name=\"twitter:title\" content=\"Redadas en Alemania: extremistas planeaban atacar a jud\u00edos y asilados | Cand\u00e1s 365\" \/>\n\t\t<meta name=\"twitter:description\" content=\"Karlsruhe\/Berl\u00edn, 25 ene (dpa) - Los registros en viviendas y locales de miembros de extrema derecha ordenados hoy por la Fiscal\u00eda general de Alemania en varios puntos del pa\u00eds se saldaron con la incautaci\u00f3n de numerosas armas, de munici\u00f3n y de artefactos explosivos y con la detenci\u00f3n de dos personas, inform\u00f3 el Ministerio p\u00fablico. Las\" \/>\n\t\t<meta name=\"twitter:creator\" content=\"@nbasturias\" \/>\n\t\t<meta name=\"twitter:image\" content=\"https:\/\/candas365.es\/noticias\/wp-content\/uploads\/2015\/09\/c365noticias.jpg\" \/>\n\t\t<meta name=\"twitter:label1\" content=\"Escrito por\" \/>\n\t\t<meta name=\"twitter:data1\" content=\"Cand\u00e1s 365\" \/>\n\t\t<meta name=\"twitter:label2\" content=\"Tiempo de lectura estimado\" \/>\n\t\t<meta name=\"twitter:data2\" content=\"2 minutos\" \/>\n\t\t<script type=\"application\/ld+json\" class=\"aioseo-schema\">\n\t\t\t{\"@context\":\"https:\\\/\\\/schema.org\",\"@graph\":[{\"@type\":\"BreadcrumbList\",\"@id\":\"https:\\\/\\\/candas365.es\\\/noticias\\\/redadas-en-alemania-extremistas-planeaban-atacar-a-judios-y-asilados\\\/#breadcrumblist\",\"itemListElement\":[{\"@type\":\"ListItem\",\"@id\":\"https:\\\/\\\/candas365.es\\\/noticias#listItem\",\"position\":1,\"name\":\"Home\",\"item\":\"https:\\\/\\\/candas365.es\\\/noticias\",\"nextItem\":{\"@type\":\"ListItem\",\"@id\":\"https:\\\/\\\/candas365.es\\\/noticias\\\/category\\\/actualidad\\\/#listItem\",\"name\":\"Actualidad\"}},{\"@type\":\"ListItem\",\"@id\":\"https:\\\/\\\/candas365.es\\\/noticias\\\/category\\\/actualidad\\\/#listItem\",\"position\":2,\"name\":\"Actualidad\",\"item\":\"https:\\\/\\\/candas365.es\\\/noticias\\\/category\\\/actualidad\\\/\",\"nextItem\":{\"@type\":\"ListItem\",\"@id\":\"https:\\\/\\\/candas365.es\\\/noticias\\\/redadas-en-alemania-extremistas-planeaban-atacar-a-judios-y-asilados\\\/#listItem\",\"name\":\"Redadas en Alemania: extremistas planeaban atacar a jud\\u00edos y asilados\"},\"previousItem\":{\"@type\":\"ListItem\",\"@id\":\"https:\\\/\\\/candas365.es\\\/noticias#listItem\",\"name\":\"Home\"}},{\"@type\":\"ListItem\",\"@id\":\"https:\\\/\\\/candas365.es\\\/noticias\\\/redadas-en-alemania-extremistas-planeaban-atacar-a-judios-y-asilados\\\/#listItem\",\"position\":3,\"name\":\"Redadas en Alemania: extremistas planeaban atacar a jud\\u00edos y asilados\",\"previousItem\":{\"@type\":\"ListItem\",\"@id\":\"https:\\\/\\\/candas365.es\\\/noticias\\\/category\\\/actualidad\\\/#listItem\",\"name\":\"Actualidad\"}}]},{\"@type\":\"NewsArticle\",\"@id\":\"https:\\\/\\\/candas365.es\\\/noticias\\\/redadas-en-alemania-extremistas-planeaban-atacar-a-judios-y-asilados\\\/#newsarticle\",\"name\":\"Redadas en Alemania: extremistas planeaban atacar a jud\\u00edos y asilados | Cand\\u00e1s 365\",\"headline\":\"Redadas en Alemania: extremistas planeaban atacar a jud\\u00edos y asilados\",\"author\":{\"@id\":\"https:\\\/\\\/candas365.es\\\/noticias\\\/author\\\/admin\\\/#author\"},\"publisher\":{\"@id\":\"https:\\\/\\\/candas365.es\\\/noticias\\\/#organization\"},\"image\":{\"@type\":\"ImageObject\",\"url\":\"https:\\\/\\\/candas365.es\\\/noticias\\\/wp-content\\\/uploads\\\/2015\\\/09\\\/c365noticias.jpg\",\"width\":655,\"height\":360},\"datePublished\":\"2017-01-25T21:50:34+01:00\",\"dateModified\":\"2017-01-25T21:50:34+01:00\",\"inLanguage\":\"es-ES\",\"mainEntityOfPage\":{\"@id\":\"https:\\\/\\\/candas365.es\\\/noticias\\\/redadas-en-alemania-extremistas-planeaban-atacar-a-judios-y-asilados\\\/#webpage\"},\"isPartOf\":{\"@id\":\"https:\\\/\\\/candas365.es\\\/noticias\\\/redadas-en-alemania-extremistas-planeaban-atacar-a-judios-y-asilados\\\/#webpage\"},\"articleSection\":\"Actualidad\",\"dateline\":\"Publicado el enero 25, 2017.\"},{\"@type\":\"Organization\",\"@id\":\"https:\\\/\\\/candas365.es\\\/noticias\\\/#organization\",\"name\":\"Cand\\u00e1s 365\",\"description\":\"Cand\\u00e1s 365 es un diario digital independiente, fundado en 2012, con base en Asturias. Informamos con rigor sobre actualidad, sociedad, cultura y ocio, con una mirada local y global.\",\"url\":\"https:\\\/\\\/candas365.es\\\/noticias\\\/\",\"email\":\"info@candas365.es\",\"telephone\":\"+34652131393\",\"foundingDate\":\"2012-06-10\",\"logo\":{\"@type\":\"ImageObject\",\"url\":\"https:\\\/\\\/candas365.es\\\/noticias\\\/wp-content\\\/uploads\\\/2024\\\/09\\\/Candas-365-Redes.jpg\",\"@id\":\"https:\\\/\\\/candas365.es\\\/noticias\\\/redadas-en-alemania-extremistas-planeaban-atacar-a-judios-y-asilados\\\/#organizationLogo\",\"width\":1152,\"height\":864,\"caption\":\"Cand\\u00e1s 365 Redes\"},\"image\":{\"@id\":\"https:\\\/\\\/candas365.es\\\/noticias\\\/redadas-en-alemania-extremistas-planeaban-atacar-a-judios-y-asilados\\\/#organizationLogo\"},\"sameAs\":[\"https:\\\/\\\/www.facebook.com\\\/Nachofdezber\",\"https:\\\/\\\/x.com\\\/NabercoDigital\",\"https:\\\/\\\/www.instagram.com\\\/nachofdezber\\\/\",\"https:\\\/\\\/www.youtube.com\\\/channel\\\/UCZP-2wLEB9Rv6erhFmqVnvg\"],\"address\":{\"@id\":\"https:\\\/\\\/candas365.es\\\/noticias\\\/#postaladdress\",\"@type\":\"PostalAddress\",\"streetAddress\":\"san antonio 4, san antonio 4\",\"postalCode\":\"33430\",\"addressLocality\":\"Cand\\u00e1s\",\"addressRegion\":\"Asturias\",\"addressCountry\":\"ES\"}},{\"@type\":\"Person\",\"@id\":\"https:\\\/\\\/candas365.es\\\/noticias\\\/author\\\/admin\\\/#author\",\"url\":\"https:\\\/\\\/candas365.es\\\/noticias\\\/author\\\/admin\\\/\",\"name\":\"Cand\\u00e1s 365\",\"image\":{\"@type\":\"ImageObject\",\"@id\":\"https:\\\/\\\/candas365.es\\\/noticias\\\/redadas-en-alemania-extremistas-planeaban-atacar-a-judios-y-asilados\\\/#authorImage\",\"url\":\"https:\\\/\\\/secure.gravatar.com\\\/avatar\\\/496a8e03d0c493ede1718b7934145dbdf8d89be1036b0eec9544e1094c9de390?s=96&d=mm&r=g\",\"width\":96,\"height\":96,\"caption\":\"Cand\\u00e1s 365\"},\"sameAs\":[\"https:\\\/\\\/www.facebook.com\\\/carrenoactualidad\",\"https:\\\/\\\/twitter.com\\\/nbasturias\",\"https:\\\/\\\/www.instagram.com\\\/nachofdezber\\\/\",\"https:\\\/\\\/www.youtube.com\\\/channel\\\/UCZP-2wLEB9Rv6erhFmqVnvg\"]},{\"@type\":\"WebPage\",\"@id\":\"https:\\\/\\\/candas365.es\\\/noticias\\\/redadas-en-alemania-extremistas-planeaban-atacar-a-judios-y-asilados\\\/#webpage\",\"url\":\"https:\\\/\\\/candas365.es\\\/noticias\\\/redadas-en-alemania-extremistas-planeaban-atacar-a-judios-y-asilados\\\/\",\"name\":\"Redadas en Alemania: extremistas planeaban atacar a jud\\u00edos y asilados | Cand\\u00e1s 365\",\"description\":\"Karlsruhe\\\/Berl\\u00edn, 25 ene (dpa) - Los registros en viviendas y locales de miembros de extrema derecha ordenados hoy por la Fiscal\\u00eda general de Alemania en varios puntos del pa\\u00eds se saldaron con la incautaci\\u00f3n de numerosas armas, de munici\\u00f3n y de artefactos explosivos y con la detenci\\u00f3n de dos personas, inform\\u00f3 el Ministerio p\\u00fablico. Las\",\"inLanguage\":\"es-ES\",\"isPartOf\":{\"@id\":\"https:\\\/\\\/candas365.es\\\/noticias\\\/#website\"},\"breadcrumb\":{\"@id\":\"https:\\\/\\\/candas365.es\\\/noticias\\\/redadas-en-alemania-extremistas-planeaban-atacar-a-judios-y-asilados\\\/#breadcrumblist\"},\"author\":{\"@id\":\"https:\\\/\\\/candas365.es\\\/noticias\\\/author\\\/admin\\\/#author\"},\"creator\":{\"@id\":\"https:\\\/\\\/candas365.es\\\/noticias\\\/author\\\/admin\\\/#author\"},\"image\":{\"@type\":\"ImageObject\",\"url\":\"https:\\\/\\\/candas365.es\\\/noticias\\\/wp-content\\\/uploads\\\/2015\\\/09\\\/c365noticias.jpg\",\"@id\":\"https:\\\/\\\/candas365.es\\\/noticias\\\/redadas-en-alemania-extremistas-planeaban-atacar-a-judios-y-asilados\\\/#mainImage\",\"width\":655,\"height\":360},\"primaryImageOfPage\":{\"@id\":\"https:\\\/\\\/candas365.es\\\/noticias\\\/redadas-en-alemania-extremistas-planeaban-atacar-a-judios-y-asilados\\\/#mainImage\"},\"datePublished\":\"2017-01-25T21:50:34+01:00\",\"dateModified\":\"2017-01-25T21:50:34+01:00\"},{\"@type\":\"WebSite\",\"@id\":\"https:\\\/\\\/candas365.es\\\/noticias\\\/#website\",\"url\":\"https:\\\/\\\/candas365.es\\\/noticias\\\/\",\"name\":\"Cand\\u00e1s 365\",\"alternateName\":\"Cand\\u00e1s 365 Noticias\",\"description\":\"Actualidad desde Carre\\u00f1o para el mundo\",\"inLanguage\":\"es-ES\",\"publisher\":{\"@id\":\"https:\\\/\\\/candas365.es\\\/noticias\\\/#organization\"}}]}\n\t\t<\/script>\n\t\t<!-- All in One SEO Pro -->\r\n\t\t<title>Redadas en Alemania: extremistas planeaban atacar a jud\u00edos y asilados | Cand\u00e1s 365<\/title>\n\n","aioseo_head_json":{"title":"Redadas en Alemania: extremistas planeaban atacar a jud\u00edos y asilados | Cand\u00e1s 365","description":"Karlsruhe\/Berl\u00edn, 25 ene (dpa) - Los registros en viviendas y locales de miembros de extrema derecha ordenados hoy por la Fiscal\u00eda general de Alemania en varios puntos del pa\u00eds se saldaron con la incautaci\u00f3n de numerosas armas, de munici\u00f3n y de artefactos explosivos y con la detenci\u00f3n de dos personas, inform\u00f3 el Ministerio p\u00fablico. Las","canonical_url":"https:\/\/candas365.es\/noticias\/redadas-en-alemania-extremistas-planeaban-atacar-a-judios-y-asilados\/","robots":"max-image-preview:large","keywords":"actualidad","webmasterTools":{"google-site-verification":"UA-32230408-1","msvalidate.01":"354F3CDFB2DA171B47FBE9ABF1F88D5","miscellaneous":""},"schema":{"@context":"https:\/\/schema.org","@graph":[{"@type":"BreadcrumbList","@id":"https:\/\/candas365.es\/noticias\/redadas-en-alemania-extremistas-planeaban-atacar-a-judios-y-asilados\/#breadcrumblist","itemListElement":[{"@type":"ListItem","@id":"https:\/\/candas365.es\/noticias#listItem","position":1,"name":"Home","item":"https:\/\/candas365.es\/noticias","nextItem":{"@type":"ListItem","@id":"https:\/\/candas365.es\/noticias\/category\/actualidad\/#listItem","name":"Actualidad"}},{"@type":"ListItem","@id":"https:\/\/candas365.es\/noticias\/category\/actualidad\/#listItem","position":2,"name":"Actualidad","item":"https:\/\/candas365.es\/noticias\/category\/actualidad\/","nextItem":{"@type":"ListItem","@id":"https:\/\/candas365.es\/noticias\/redadas-en-alemania-extremistas-planeaban-atacar-a-judios-y-asilados\/#listItem","name":"Redadas en Alemania: extremistas planeaban atacar a jud\u00edos y asilados"},"previousItem":{"@type":"ListItem","@id":"https:\/\/candas365.es\/noticias#listItem","name":"Home"}},{"@type":"ListItem","@id":"https:\/\/candas365.es\/noticias\/redadas-en-alemania-extremistas-planeaban-atacar-a-judios-y-asilados\/#listItem","position":3,"name":"Redadas en Alemania: extremistas planeaban atacar a jud\u00edos y asilados","previousItem":{"@type":"ListItem","@id":"https:\/\/candas365.es\/noticias\/category\/actualidad\/#listItem","name":"Actualidad"}}]},{"@type":"NewsArticle","@id":"https:\/\/candas365.es\/noticias\/redadas-en-alemania-extremistas-planeaban-atacar-a-judios-y-asilados\/#newsarticle","name":"Redadas en Alemania: extremistas planeaban atacar a jud\u00edos y asilados | Cand\u00e1s 365","headline":"Redadas en Alemania: extremistas planeaban atacar a jud\u00edos y asilados","author":{"@id":"https:\/\/candas365.es\/noticias\/author\/admin\/#author"},"publisher":{"@id":"https:\/\/candas365.es\/noticias\/#organization"},"image":{"@type":"ImageObject","url":"https:\/\/candas365.es\/noticias\/wp-content\/uploads\/2015\/09\/c365noticias.jpg","width":655,"height":360},"datePublished":"2017-01-25T21:50:34+01:00","dateModified":"2017-01-25T21:50:34+01:00","inLanguage":"es-ES","mainEntityOfPage":{"@id":"https:\/\/candas365.es\/noticias\/redadas-en-alemania-extremistas-planeaban-atacar-a-judios-y-asilados\/#webpage"},"isPartOf":{"@id":"https:\/\/candas365.es\/noticias\/redadas-en-alemania-extremistas-planeaban-atacar-a-judios-y-asilados\/#webpage"},"articleSection":"Actualidad","dateline":"Publicado el enero 25, 2017."},{"@type":"Organization","@id":"https:\/\/candas365.es\/noticias\/#organization","name":"Cand\u00e1s 365","description":"Cand\u00e1s 365 es un diario digital independiente, fundado en 2012, con base en Asturias. Informamos con rigor sobre actualidad, sociedad, cultura y ocio, con una mirada local y global.","url":"https:\/\/candas365.es\/noticias\/","email":"info@candas365.es","telephone":"+34652131393","foundingDate":"2012-06-10","logo":{"@type":"ImageObject","url":"https:\/\/candas365.es\/noticias\/wp-content\/uploads\/2024\/09\/Candas-365-Redes.jpg","@id":"https:\/\/candas365.es\/noticias\/redadas-en-alemania-extremistas-planeaban-atacar-a-judios-y-asilados\/#organizationLogo","width":1152,"height":864,"caption":"Cand\u00e1s 365 Redes"},"image":{"@id":"https:\/\/candas365.es\/noticias\/redadas-en-alemania-extremistas-planeaban-atacar-a-judios-y-asilados\/#organizationLogo"},"sameAs":["https:\/\/www.facebook.com\/Nachofdezber","https:\/\/x.com\/NabercoDigital","https:\/\/www.instagram.com\/nachofdezber\/","https:\/\/www.youtube.com\/channel\/UCZP-2wLEB9Rv6erhFmqVnvg"],"address":{"@id":"https:\/\/candas365.es\/noticias\/#postaladdress","@type":"PostalAddress","streetAddress":"san antonio 4, san antonio 4","postalCode":"33430","addressLocality":"Cand\u00e1s","addressRegion":"Asturias","addressCountry":"ES"}},{"@type":"Person","@id":"https:\/\/candas365.es\/noticias\/author\/admin\/#author","url":"https:\/\/candas365.es\/noticias\/author\/admin\/","name":"Cand\u00e1s 365","image":{"@type":"ImageObject","@id":"https:\/\/candas365.es\/noticias\/redadas-en-alemania-extremistas-planeaban-atacar-a-judios-y-asilados\/#authorImage","url":"https:\/\/secure.gravatar.com\/avatar\/496a8e03d0c493ede1718b7934145dbdf8d89be1036b0eec9544e1094c9de390?s=96&d=mm&r=g","width":96,"height":96,"caption":"Cand\u00e1s 365"},"sameAs":["https:\/\/www.facebook.com\/carrenoactualidad","https:\/\/twitter.com\/nbasturias","https:\/\/www.instagram.com\/nachofdezber\/","https:\/\/www.youtube.com\/channel\/UCZP-2wLEB9Rv6erhFmqVnvg"]},{"@type":"WebPage","@id":"https:\/\/candas365.es\/noticias\/redadas-en-alemania-extremistas-planeaban-atacar-a-judios-y-asilados\/#webpage","url":"https:\/\/candas365.es\/noticias\/redadas-en-alemania-extremistas-planeaban-atacar-a-judios-y-asilados\/","name":"Redadas en Alemania: extremistas planeaban atacar a jud\u00edos y asilados | Cand\u00e1s 365","description":"Karlsruhe\/Berl\u00edn, 25 ene (dpa) - Los registros en viviendas y locales de miembros de extrema derecha ordenados hoy por la Fiscal\u00eda general de Alemania en varios puntos del pa\u00eds se saldaron con la incautaci\u00f3n de numerosas armas, de munici\u00f3n y de artefactos explosivos y con la detenci\u00f3n de dos personas, inform\u00f3 el Ministerio p\u00fablico. Las","inLanguage":"es-ES","isPartOf":{"@id":"https:\/\/candas365.es\/noticias\/#website"},"breadcrumb":{"@id":"https:\/\/candas365.es\/noticias\/redadas-en-alemania-extremistas-planeaban-atacar-a-judios-y-asilados\/#breadcrumblist"},"author":{"@id":"https:\/\/candas365.es\/noticias\/author\/admin\/#author"},"creator":{"@id":"https:\/\/candas365.es\/noticias\/author\/admin\/#author"},"image":{"@type":"ImageObject","url":"https:\/\/candas365.es\/noticias\/wp-content\/uploads\/2015\/09\/c365noticias.jpg","@id":"https:\/\/candas365.es\/noticias\/redadas-en-alemania-extremistas-planeaban-atacar-a-judios-y-asilados\/#mainImage","width":655,"height":360},"primaryImageOfPage":{"@id":"https:\/\/candas365.es\/noticias\/redadas-en-alemania-extremistas-planeaban-atacar-a-judios-y-asilados\/#mainImage"},"datePublished":"2017-01-25T21:50:34+01:00","dateModified":"2017-01-25T21:50:34+01:00"},{"@type":"WebSite","@id":"https:\/\/candas365.es\/noticias\/#website","url":"https:\/\/candas365.es\/noticias\/","name":"Cand\u00e1s 365","alternateName":"Cand\u00e1s 365 Noticias","description":"Actualidad desde Carre\u00f1o para el mundo","inLanguage":"es-ES","publisher":{"@id":"https:\/\/candas365.es\/noticias\/#organization"}}]},"og:locale":"es_ES","og:site_name":"Cand\u00e1s 365","og:type":"article","og:title":"Redadas en Alemania: extremistas planeaban atacar a jud\u00edos y asilados | Cand\u00e1s 365","og:description":"Karlsruhe\/Berl\u00edn, 25 ene (dpa) - Los registros en viviendas y locales de miembros de extrema derecha ordenados hoy por la Fiscal\u00eda general de Alemania en varios puntos del pa\u00eds se saldaron con la incautaci\u00f3n de numerosas armas, de munici\u00f3n y de artefactos explosivos y con la detenci\u00f3n de dos personas, inform\u00f3 el Ministerio p\u00fablico. Las","og:url":"https:\/\/candas365.es\/noticias\/redadas-en-alemania-extremistas-planeaban-atacar-a-judios-y-asilados\/","og:image":"https:\/\/candas365.es\/noticias\/wp-content\/uploads\/2015\/09\/c365noticias.jpg","og:image:secure_url":"https:\/\/candas365.es\/noticias\/wp-content\/uploads\/2015\/09\/c365noticias.jpg","og:image:width":655,"og:image:height":360,"article:published_time":"2017-01-25T21:50:34+00:00","article:modified_time":"2017-01-25T21:50:34+00:00","article:publisher":"https:\/\/www.facebook.com\/Nachofdezber","article:author":"https:\/\/www.facebook.com\/carrenoactualidad","twitter:card":"summary_large_image","twitter:site":"@NabercoDigital","twitter:title":"Redadas en Alemania: extremistas planeaban atacar a jud\u00edos y asilados | Cand\u00e1s 365","twitter:description":"Karlsruhe\/Berl\u00edn, 25 ene (dpa) - Los registros en viviendas y locales de miembros de extrema derecha ordenados hoy por la Fiscal\u00eda general de Alemania en varios puntos del pa\u00eds se saldaron con la incautaci\u00f3n de numerosas armas, de munici\u00f3n y de artefactos explosivos y con la detenci\u00f3n de dos personas, inform\u00f3 el Ministerio p\u00fablico. Las","twitter:creator":"@nbasturias","twitter:image":"https:\/\/candas365.es\/noticias\/wp-content\/uploads\/2015\/09\/c365noticias.jpg","twitter:label1":"Escrito por","twitter:data1":"Cand\u00e1s 365","twitter:label2":"Tiempo de lectura estimado","twitter:data2":"2 minutos"},"aioseo_meta_data":{"post_id":"41660","title":null,"description":null,"keywords":null,"keyphrases":null,"primary_term":null,"canonical_url":null,"og_title":null,"og_description":null,"og_object_type":"default","og_image_type":"default","og_image_url":null,"og_image_width":null,"og_image_height":null,"og_image_custom_url":null,"og_image_custom_fields":null,"og_video":null,"og_custom_url":null,"og_article_section":null,"og_article_tags":null,"twitter_use_og":false,"twitter_card":"default","twitter_image_type":"default","twitter_image_url":null,"twitter_image_custom_url":null,"twitter_image_custom_fields":null,"twitter_title":null,"twitter_description":null,"schema":{"blockGraphs":[],"customGraphs":[],"default":{"data":{"Article":[],"Course":[],"Dataset":[],"FAQPage":[],"Movie":[],"Person":[],"Product":[],"ProductReview":[],"Car":[],"Recipe":[],"Service":[],"SoftwareApplication":[],"WebPage":[]},"graphName":"","isEnabled":true},"graphs":[],"defaultGraph":"","defaultPostTypeGraph":""},"schema_type":null,"schema_type_options":null,"pillar_content":false,"robots_default":true,"robots_noindex":false,"robots_noarchive":false,"robots_nosnippet":false,"robots_nofollow":false,"robots_noimageindex":false,"robots_noodp":false,"robots_notranslate":false,"robots_max_snippet":null,"robots_max_videopreview":null,"robots_max_imagepreview":"large","priority":null,"frequency":null,"location":null,"local_seo":null,"seo_analyzer_scan_date":"2025-08-25 04:31:32","breadcrumb_settings":null,"limit_modified_date":false,"reviewed_by":null,"open_ai":null,"ai":null,"created":"2020-12-21 13:06:05","updated":"2025-08-25 04:31:32"},"aioseo_breadcrumb":"<div class=\"aioseo-breadcrumbs\"><span class=\"aioseo-breadcrumb\">\n\t<a href=\"https:\/\/candas365.es\/noticias\" title=\"Home\">Home<\/a>\n<\/span><span class=\"aioseo-breadcrumb-separator\">&ndash;<\/span><span class=\"aioseo-breadcrumb\">\n\t<a href=\"https:\/\/candas365.es\/noticias\/category\/actualidad\/\" title=\"Actualidad\">Actualidad<\/a>\n<\/span><span class=\"aioseo-breadcrumb-separator\">&ndash;<\/span><span class=\"aioseo-breadcrumb\">\n\tRedadas en Alemania: extremistas planeaban atacar a jud\u00edos y asilados\n<\/span><\/div>","aioseo_breadcrumb_json":[{"label":"Home","link":"https:\/\/candas365.es\/noticias"},{"label":"Actualidad","link":"https:\/\/candas365.es\/noticias\/category\/actualidad\/"},{"label":"Redadas en Alemania: extremistas planeaban atacar a jud\u00edos y asilados","link":"https:\/\/candas365.es\/noticias\/redadas-en-alemania-extremistas-planeaban-atacar-a-judios-y-asilados\/"}],"_links":{"self":[{"href":"https:\/\/candas365.es\/noticias\/wp-json\/wp\/v2\/posts\/41660","targetHints":{"allow":["GET"]}}],"collection":[{"href":"https:\/\/candas365.es\/noticias\/wp-json\/wp\/v2\/posts"}],"about":[{"href":"https:\/\/candas365.es\/noticias\/wp-json\/wp\/v2\/types\/post"}],"author":[{"embeddable":true,"href":"https:\/\/candas365.es\/noticias\/wp-json\/wp\/v2\/users\/1"}],"replies":[{"embeddable":true,"href":"https:\/\/candas365.es\/noticias\/wp-json\/wp\/v2\/comments?post=41660"}],"version-history":[{"count":0,"href":"https:\/\/candas365.es\/noticias\/wp-json\/wp\/v2\/posts\/41660\/revisions"}],"wp:featuredmedia":[{"embeddable":true,"href":"https:\/\/candas365.es\/noticias\/wp-json\/wp\/v2\/media\/16457"}],"wp:attachment":[{"href":"https:\/\/candas365.es\/noticias\/wp-json\/wp\/v2\/media?parent=41660"}],"wp:term":[{"taxonomy":"category","embeddable":true,"href":"https:\/\/candas365.es\/noticias\/wp-json\/wp\/v2\/categories?post=41660"},{"taxonomy":"post_tag","embeddable":true,"href":"https:\/\/candas365.es\/noticias\/wp-json\/wp\/v2\/tags?post=41660"}],"curies":[{"name":"wp","href":"https:\/\/api.w.org\/{rel}","templated":true}]}}