{"id":41654,"date":"2017-01-25T21:48:19","date_gmt":"2017-01-25T21:48:19","guid":{"rendered":"http:\/\/candas365.es\/noticias\/?p=41654"},"modified":"2017-01-25T21:48:19","modified_gmt":"2017-01-25T21:48:19","slug":"el-gobierno-aleman-preve-record-de-empleo-y-crecimiento-de-14-para-2017","status":"publish","type":"post","link":"https:\/\/candas365.es\/noticias\/el-gobierno-aleman-preve-record-de-empleo-y-crecimiento-de-14-para-2017\/","title":{"rendered":"El Gobierno alem\u00e1n prev\u00e9 r\u00e9cord de empleo y crecimiento de 1,4 para 2017"},"content":{"rendered":"<p>Berl\u00edn, 25 ene (dpa) &#8211; El Gobierno alem\u00e1n pronostica un r\u00e9cord de empleo y un crecimiento del 1,4 por ciento de la coyuntura del pa\u00eds para 2017, seg\u00fan comunic\u00f3 en su informe econ\u00f3mico anual presentado hoy en Berl\u00edn. <\/p>\n<p>Seg\u00fan los c\u00e1lculos del Ministerio de Econom\u00eda de la mayor econom\u00eda de Europa, el n\u00famero de poblaci\u00f3n activa aumentar\u00e1 de nuevo en unas 320.000 personas este a\u00f1o, hasta situarse por encima de los 43,8 millones de trabajadores. <\/p>\n<p>La tasa de desempleo, que en la actualidad se sit\u00faa en su nivel m\u00e1s bajo desde hace 25 a\u00f1os, se mantendr\u00e1, seg\u00fan las previsiones de Berl\u00edn, estable en el seis por ciento. <\/p>\n<p>El informe anual del Ejecutivo de Angela Merkel tambi\u00e9n estima que el consumo privado aumente en relaci\u00f3n con los meses anteriores y pronostica que las familias inviertan m\u00e1s en la compra de vivienda. <\/p>\n<p>En relaci\u00f3n con las cuentas del Estado, tras haber registrado un super\u00e1vit del 0,6 por ciento en el a\u00f1o 2016, el Gobierno apunta la buena situaci\u00f3n de las arcas p\u00fablicas, que permitir\u00eda aumentar el nivel de gasto y de inversiones. <\/p>\n<p>La econom\u00eda alemana creci\u00f3 el pasado a\u00f1o un 1,9 por ciento. El retroceso previsto para este a\u00f1o se atribuye a un menor n\u00famero de d\u00edas laborables en relaci\u00f3n con el a\u00f1o anterior. Descontado este efecto, el crecimiento de la econom\u00eda alemana se situar\u00eda en el 1,6 por ciento. <\/p>\n","protected":false},"excerpt":{"rendered":"<p>Berl\u00edn, 25 ene (dpa) &#8211; El Gobierno alem\u00e1n pronostica un r\u00e9cord de empleo y un crecimiento del 1,4 por ciento de la coyuntura del pa\u00eds para 2017, seg\u00fan comunic\u00f3 en su informe econ\u00f3mico anual presentado hoy en Berl\u00edn. Seg\u00fan los c\u00e1lculos del Ministerio de Econom\u00eda de la mayor econom\u00eda de Europa, el n\u00famero de poblaci\u00f3n<\/p>\n","protected":false},"author":1,"featured_media":16457,"comment_status":"closed","ping_status":"closed","sticky":false,"template":"","format":"standard","meta":{"footnotes":""},"categories":[343],"tags":[],"class_list":{"0":"post-41654","1":"post","2":"type-post","3":"status-publish","4":"format-standard","5":"has-post-thumbnail","7":"category-actualidad"},"aioseo_notices":[],"aioseo_head":"\n\t\t<!-- All in One SEO Pro 4.9.6.2 - aioseo.com -->\n\t<meta name=\"description\" content=\"Berl\u00edn, 25 ene (dpa) - El Gobierno alem\u00e1n pronostica un r\u00e9cord de empleo y un crecimiento del 1,4 por ciento de la coyuntura del pa\u00eds para 2017, seg\u00fan comunic\u00f3 en su informe econ\u00f3mico anual presentado hoy en Berl\u00edn. Seg\u00fan los c\u00e1lculos del Ministerio de Econom\u00eda de la mayor econom\u00eda de Europa, el n\u00famero de poblaci\u00f3n\" \/>\n\t<meta name=\"robots\" content=\"max-image-preview:large\" \/>\n\t<meta name=\"author\" content=\"Cand\u00e1s 365\"\/>\n\t<meta name=\"google-site-verification\" content=\"UA-32230408-1\" \/>\n\t<meta name=\"msvalidate.01\" content=\"354F3CDFB2DA171B47FBE9ABF1F88D5\" \/>\n\t<meta name=\"keywords\" content=\"actualidad\" \/>\n\t<link rel=\"canonical\" href=\"https:\/\/candas365.es\/noticias\/el-gobierno-aleman-preve-record-de-empleo-y-crecimiento-de-14-para-2017\/\" \/>\n\t<meta name=\"generator\" content=\"All in One SEO Pro (AIOSEO) 4.9.6.2\" \/>\n\t\t<meta property=\"og:locale\" content=\"es_ES\" \/>\n\t\t<meta property=\"og:site_name\" content=\"Cand\u00e1s 365\" \/>\n\t\t<meta property=\"og:type\" content=\"article\" \/>\n\t\t<meta property=\"og:title\" content=\"El Gobierno alem\u00e1n prev\u00e9 r\u00e9cord de empleo y crecimiento de 1,4 para 2017 | Cand\u00e1s 365\" \/>\n\t\t<meta property=\"og:description\" content=\"Berl\u00edn, 25 ene (dpa) - El Gobierno alem\u00e1n pronostica un r\u00e9cord de empleo y un crecimiento del 1,4 por ciento de la coyuntura del pa\u00eds para 2017, seg\u00fan comunic\u00f3 en su informe econ\u00f3mico anual presentado hoy en Berl\u00edn. Seg\u00fan los c\u00e1lculos del Ministerio de Econom\u00eda de la mayor econom\u00eda de Europa, el n\u00famero de poblaci\u00f3n\" \/>\n\t\t<meta property=\"og:url\" content=\"https:\/\/candas365.es\/noticias\/el-gobierno-aleman-preve-record-de-empleo-y-crecimiento-de-14-para-2017\/\" \/>\n\t\t<meta property=\"og:image\" content=\"https:\/\/candas365.es\/noticias\/wp-content\/uploads\/2015\/09\/c365noticias.jpg\" \/>\n\t\t<meta property=\"og:image:secure_url\" content=\"https:\/\/candas365.es\/noticias\/wp-content\/uploads\/2015\/09\/c365noticias.jpg\" \/>\n\t\t<meta property=\"og:image:width\" content=\"655\" \/>\n\t\t<meta property=\"og:image:height\" content=\"360\" \/>\n\t\t<meta property=\"article:published_time\" content=\"2017-01-25T21:48:19+00:00\" \/>\n\t\t<meta property=\"article:modified_time\" content=\"2017-01-25T21:48:19+00:00\" \/>\n\t\t<meta property=\"article:publisher\" content=\"https:\/\/www.facebook.com\/Nachofdezber\" \/>\n\t\t<meta property=\"article:author\" content=\"https:\/\/www.facebook.com\/carrenoactualidad\" \/>\n\t\t<meta name=\"twitter:card\" content=\"summary_large_image\" \/>\n\t\t<meta name=\"twitter:site\" content=\"@NabercoDigital\" \/>\n\t\t<meta name=\"twitter:title\" content=\"El Gobierno alem\u00e1n prev\u00e9 r\u00e9cord de empleo y crecimiento de 1,4 para 2017 | Cand\u00e1s 365\" \/>\n\t\t<meta name=\"twitter:description\" content=\"Berl\u00edn, 25 ene (dpa) - El Gobierno alem\u00e1n pronostica un r\u00e9cord de empleo y un crecimiento del 1,4 por ciento de la coyuntura del pa\u00eds para 2017, seg\u00fan comunic\u00f3 en su informe econ\u00f3mico anual presentado hoy en Berl\u00edn. Seg\u00fan los c\u00e1lculos del Ministerio de Econom\u00eda de la mayor econom\u00eda de Europa, el n\u00famero de poblaci\u00f3n\" \/>\n\t\t<meta name=\"twitter:creator\" content=\"@nbasturias\" \/>\n\t\t<meta name=\"twitter:image\" content=\"https:\/\/candas365.es\/noticias\/wp-content\/uploads\/2015\/09\/c365noticias.jpg\" \/>\n\t\t<meta name=\"twitter:label1\" content=\"Escrito por\" \/>\n\t\t<meta name=\"twitter:data1\" content=\"Cand\u00e1s 365\" \/>\n\t\t<meta name=\"twitter:label2\" content=\"Tiempo de lectura estimado\" \/>\n\t\t<meta name=\"twitter:data2\" content=\"1 minuto\" \/>\n\t\t<script type=\"application\/ld+json\" class=\"aioseo-schema\">\n\t\t\t{\"@context\":\"https:\\\/\\\/schema.org\",\"@graph\":[{\"@type\":\"BreadcrumbList\",\"@id\":\"https:\\\/\\\/candas365.es\\\/noticias\\\/el-gobierno-aleman-preve-record-de-empleo-y-crecimiento-de-14-para-2017\\\/#breadcrumblist\",\"itemListElement\":[{\"@type\":\"ListItem\",\"@id\":\"https:\\\/\\\/candas365.es\\\/noticias#listItem\",\"position\":1,\"name\":\"Home\",\"item\":\"https:\\\/\\\/candas365.es\\\/noticias\",\"nextItem\":{\"@type\":\"ListItem\",\"@id\":\"https:\\\/\\\/candas365.es\\\/noticias\\\/category\\\/actualidad\\\/#listItem\",\"name\":\"Actualidad\"}},{\"@type\":\"ListItem\",\"@id\":\"https:\\\/\\\/candas365.es\\\/noticias\\\/category\\\/actualidad\\\/#listItem\",\"position\":2,\"name\":\"Actualidad\",\"item\":\"https:\\\/\\\/candas365.es\\\/noticias\\\/category\\\/actualidad\\\/\",\"nextItem\":{\"@type\":\"ListItem\",\"@id\":\"https:\\\/\\\/candas365.es\\\/noticias\\\/el-gobierno-aleman-preve-record-de-empleo-y-crecimiento-de-14-para-2017\\\/#listItem\",\"name\":\"El Gobierno alem\\u00e1n prev\\u00e9 r\\u00e9cord de empleo y crecimiento de 1,4 para 2017\"},\"previousItem\":{\"@type\":\"ListItem\",\"@id\":\"https:\\\/\\\/candas365.es\\\/noticias#listItem\",\"name\":\"Home\"}},{\"@type\":\"ListItem\",\"@id\":\"https:\\\/\\\/candas365.es\\\/noticias\\\/el-gobierno-aleman-preve-record-de-empleo-y-crecimiento-de-14-para-2017\\\/#listItem\",\"position\":3,\"name\":\"El Gobierno alem\\u00e1n prev\\u00e9 r\\u00e9cord de empleo y crecimiento de 1,4 para 2017\",\"previousItem\":{\"@type\":\"ListItem\",\"@id\":\"https:\\\/\\\/candas365.es\\\/noticias\\\/category\\\/actualidad\\\/#listItem\",\"name\":\"Actualidad\"}}]},{\"@type\":\"NewsArticle\",\"@id\":\"https:\\\/\\\/candas365.es\\\/noticias\\\/el-gobierno-aleman-preve-record-de-empleo-y-crecimiento-de-14-para-2017\\\/#newsarticle\",\"name\":\"El Gobierno alem\\u00e1n prev\\u00e9 r\\u00e9cord de empleo y crecimiento de 1,4 para 2017 | Cand\\u00e1s 365\",\"headline\":\"El Gobierno alem\\u00e1n prev\\u00e9 r\\u00e9cord de empleo y crecimiento de 1,4 para 2017\",\"author\":{\"@id\":\"https:\\\/\\\/candas365.es\\\/noticias\\\/author\\\/admin\\\/#author\"},\"publisher\":{\"@id\":\"https:\\\/\\\/candas365.es\\\/noticias\\\/#organization\"},\"image\":{\"@type\":\"ImageObject\",\"url\":\"https:\\\/\\\/candas365.es\\\/noticias\\\/wp-content\\\/uploads\\\/2015\\\/09\\\/c365noticias.jpg\",\"width\":655,\"height\":360},\"datePublished\":\"2017-01-25T21:48:19+01:00\",\"dateModified\":\"2017-01-25T21:48:19+01:00\",\"inLanguage\":\"es-ES\",\"mainEntityOfPage\":{\"@id\":\"https:\\\/\\\/candas365.es\\\/noticias\\\/el-gobierno-aleman-preve-record-de-empleo-y-crecimiento-de-14-para-2017\\\/#webpage\"},\"isPartOf\":{\"@id\":\"https:\\\/\\\/candas365.es\\\/noticias\\\/el-gobierno-aleman-preve-record-de-empleo-y-crecimiento-de-14-para-2017\\\/#webpage\"},\"articleSection\":\"Actualidad\",\"dateline\":\"Publicado el enero 25, 2017.\"},{\"@type\":\"Organization\",\"@id\":\"https:\\\/\\\/candas365.es\\\/noticias\\\/#organization\",\"name\":\"Cand\\u00e1s 365\",\"description\":\"Cand\\u00e1s 365 es un diario digital independiente, fundado en 2012, con base en Asturias. Informamos con rigor sobre actualidad, sociedad, cultura y ocio, con una mirada local y global.\",\"url\":\"https:\\\/\\\/candas365.es\\\/noticias\\\/\",\"email\":\"info@candas365.es\",\"telephone\":\"+34652131393\",\"foundingDate\":\"2012-06-10\",\"logo\":{\"@type\":\"ImageObject\",\"url\":\"https:\\\/\\\/candas365.es\\\/noticias\\\/wp-content\\\/uploads\\\/2024\\\/09\\\/Candas-365-Redes.jpg\",\"@id\":\"https:\\\/\\\/candas365.es\\\/noticias\\\/el-gobierno-aleman-preve-record-de-empleo-y-crecimiento-de-14-para-2017\\\/#organizationLogo\",\"width\":1152,\"height\":864,\"caption\":\"Cand\\u00e1s 365 Redes\"},\"image\":{\"@id\":\"https:\\\/\\\/candas365.es\\\/noticias\\\/el-gobierno-aleman-preve-record-de-empleo-y-crecimiento-de-14-para-2017\\\/#organizationLogo\"},\"sameAs\":[\"https:\\\/\\\/www.facebook.com\\\/Nachofdezber\",\"https:\\\/\\\/x.com\\\/NabercoDigital\",\"https:\\\/\\\/www.instagram.com\\\/nachofdezber\\\/\",\"https:\\\/\\\/www.youtube.com\\\/channel\\\/UCZP-2wLEB9Rv6erhFmqVnvg\"],\"address\":{\"@id\":\"https:\\\/\\\/candas365.es\\\/noticias\\\/#postaladdress\",\"@type\":\"PostalAddress\",\"streetAddress\":\"san antonio 4, san antonio 4\",\"postalCode\":\"33430\",\"addressLocality\":\"Cand\\u00e1s\",\"addressRegion\":\"Asturias\",\"addressCountry\":\"ES\"}},{\"@type\":\"Person\",\"@id\":\"https:\\\/\\\/candas365.es\\\/noticias\\\/author\\\/admin\\\/#author\",\"url\":\"https:\\\/\\\/candas365.es\\\/noticias\\\/author\\\/admin\\\/\",\"name\":\"Cand\\u00e1s 365\",\"image\":{\"@type\":\"ImageObject\",\"@id\":\"https:\\\/\\\/candas365.es\\\/noticias\\\/el-gobierno-aleman-preve-record-de-empleo-y-crecimiento-de-14-para-2017\\\/#authorImage\",\"url\":\"https:\\\/\\\/secure.gravatar.com\\\/avatar\\\/496a8e03d0c493ede1718b7934145dbdf8d89be1036b0eec9544e1094c9de390?s=96&d=mm&r=g\",\"width\":96,\"height\":96,\"caption\":\"Cand\\u00e1s 365\"},\"sameAs\":[\"https:\\\/\\\/www.facebook.com\\\/carrenoactualidad\",\"https:\\\/\\\/twitter.com\\\/nbasturias\",\"https:\\\/\\\/www.instagram.com\\\/nachofdezber\\\/\",\"https:\\\/\\\/www.youtube.com\\\/channel\\\/UCZP-2wLEB9Rv6erhFmqVnvg\"]},{\"@type\":\"WebPage\",\"@id\":\"https:\\\/\\\/candas365.es\\\/noticias\\\/el-gobierno-aleman-preve-record-de-empleo-y-crecimiento-de-14-para-2017\\\/#webpage\",\"url\":\"https:\\\/\\\/candas365.es\\\/noticias\\\/el-gobierno-aleman-preve-record-de-empleo-y-crecimiento-de-14-para-2017\\\/\",\"name\":\"El Gobierno alem\\u00e1n prev\\u00e9 r\\u00e9cord de empleo y crecimiento de 1,4 para 2017 | Cand\\u00e1s 365\",\"description\":\"Berl\\u00edn, 25 ene (dpa) - El Gobierno alem\\u00e1n pronostica un r\\u00e9cord de empleo y un crecimiento del 1,4 por ciento de la coyuntura del pa\\u00eds para 2017, seg\\u00fan comunic\\u00f3 en su informe econ\\u00f3mico anual presentado hoy en Berl\\u00edn. Seg\\u00fan los c\\u00e1lculos del Ministerio de Econom\\u00eda de la mayor econom\\u00eda de Europa, el n\\u00famero de poblaci\\u00f3n\",\"inLanguage\":\"es-ES\",\"isPartOf\":{\"@id\":\"https:\\\/\\\/candas365.es\\\/noticias\\\/#website\"},\"breadcrumb\":{\"@id\":\"https:\\\/\\\/candas365.es\\\/noticias\\\/el-gobierno-aleman-preve-record-de-empleo-y-crecimiento-de-14-para-2017\\\/#breadcrumblist\"},\"author\":{\"@id\":\"https:\\\/\\\/candas365.es\\\/noticias\\\/author\\\/admin\\\/#author\"},\"creator\":{\"@id\":\"https:\\\/\\\/candas365.es\\\/noticias\\\/author\\\/admin\\\/#author\"},\"image\":{\"@type\":\"ImageObject\",\"url\":\"https:\\\/\\\/candas365.es\\\/noticias\\\/wp-content\\\/uploads\\\/2015\\\/09\\\/c365noticias.jpg\",\"@id\":\"https:\\\/\\\/candas365.es\\\/noticias\\\/el-gobierno-aleman-preve-record-de-empleo-y-crecimiento-de-14-para-2017\\\/#mainImage\",\"width\":655,\"height\":360},\"primaryImageOfPage\":{\"@id\":\"https:\\\/\\\/candas365.es\\\/noticias\\\/el-gobierno-aleman-preve-record-de-empleo-y-crecimiento-de-14-para-2017\\\/#mainImage\"},\"datePublished\":\"2017-01-25T21:48:19+01:00\",\"dateModified\":\"2017-01-25T21:48:19+01:00\"},{\"@type\":\"WebSite\",\"@id\":\"https:\\\/\\\/candas365.es\\\/noticias\\\/#website\",\"url\":\"https:\\\/\\\/candas365.es\\\/noticias\\\/\",\"name\":\"Cand\\u00e1s 365\",\"alternateName\":\"Cand\\u00e1s 365 Noticias\",\"description\":\"Actualidad desde Carre\\u00f1o para el mundo\",\"inLanguage\":\"es-ES\",\"publisher\":{\"@id\":\"https:\\\/\\\/candas365.es\\\/noticias\\\/#organization\"}}]}\n\t\t<\/script>\n\t\t<!-- All in One SEO Pro -->\r\n\t\t<title>El Gobierno alem\u00e1n prev\u00e9 r\u00e9cord de empleo y crecimiento de 1,4 para 2017 | Cand\u00e1s 365<\/title>\n\n","aioseo_head_json":{"title":"El Gobierno alem\u00e1n prev\u00e9 r\u00e9cord de empleo y crecimiento de 1,4 para 2017 | Cand\u00e1s 365","description":"Berl\u00edn, 25 ene (dpa) - El Gobierno alem\u00e1n pronostica un r\u00e9cord de empleo y un crecimiento del 1,4 por ciento de la coyuntura del pa\u00eds para 2017, seg\u00fan comunic\u00f3 en su informe econ\u00f3mico anual presentado hoy en Berl\u00edn. Seg\u00fan los c\u00e1lculos del Ministerio de Econom\u00eda de la mayor econom\u00eda de Europa, el n\u00famero de poblaci\u00f3n","canonical_url":"https:\/\/candas365.es\/noticias\/el-gobierno-aleman-preve-record-de-empleo-y-crecimiento-de-14-para-2017\/","robots":"max-image-preview:large","keywords":"actualidad","webmasterTools":{"google-site-verification":"UA-32230408-1","msvalidate.01":"354F3CDFB2DA171B47FBE9ABF1F88D5","miscellaneous":""},"schema":{"@context":"https:\/\/schema.org","@graph":[{"@type":"BreadcrumbList","@id":"https:\/\/candas365.es\/noticias\/el-gobierno-aleman-preve-record-de-empleo-y-crecimiento-de-14-para-2017\/#breadcrumblist","itemListElement":[{"@type":"ListItem","@id":"https:\/\/candas365.es\/noticias#listItem","position":1,"name":"Home","item":"https:\/\/candas365.es\/noticias","nextItem":{"@type":"ListItem","@id":"https:\/\/candas365.es\/noticias\/category\/actualidad\/#listItem","name":"Actualidad"}},{"@type":"ListItem","@id":"https:\/\/candas365.es\/noticias\/category\/actualidad\/#listItem","position":2,"name":"Actualidad","item":"https:\/\/candas365.es\/noticias\/category\/actualidad\/","nextItem":{"@type":"ListItem","@id":"https:\/\/candas365.es\/noticias\/el-gobierno-aleman-preve-record-de-empleo-y-crecimiento-de-14-para-2017\/#listItem","name":"El Gobierno alem\u00e1n prev\u00e9 r\u00e9cord de empleo y crecimiento de 1,4 para 2017"},"previousItem":{"@type":"ListItem","@id":"https:\/\/candas365.es\/noticias#listItem","name":"Home"}},{"@type":"ListItem","@id":"https:\/\/candas365.es\/noticias\/el-gobierno-aleman-preve-record-de-empleo-y-crecimiento-de-14-para-2017\/#listItem","position":3,"name":"El Gobierno alem\u00e1n prev\u00e9 r\u00e9cord de empleo y crecimiento de 1,4 para 2017","previousItem":{"@type":"ListItem","@id":"https:\/\/candas365.es\/noticias\/category\/actualidad\/#listItem","name":"Actualidad"}}]},{"@type":"NewsArticle","@id":"https:\/\/candas365.es\/noticias\/el-gobierno-aleman-preve-record-de-empleo-y-crecimiento-de-14-para-2017\/#newsarticle","name":"El Gobierno alem\u00e1n prev\u00e9 r\u00e9cord de empleo y crecimiento de 1,4 para 2017 | Cand\u00e1s 365","headline":"El Gobierno alem\u00e1n prev\u00e9 r\u00e9cord de empleo y crecimiento de 1,4 para 2017","author":{"@id":"https:\/\/candas365.es\/noticias\/author\/admin\/#author"},"publisher":{"@id":"https:\/\/candas365.es\/noticias\/#organization"},"image":{"@type":"ImageObject","url":"https:\/\/candas365.es\/noticias\/wp-content\/uploads\/2015\/09\/c365noticias.jpg","width":655,"height":360},"datePublished":"2017-01-25T21:48:19+01:00","dateModified":"2017-01-25T21:48:19+01:00","inLanguage":"es-ES","mainEntityOfPage":{"@id":"https:\/\/candas365.es\/noticias\/el-gobierno-aleman-preve-record-de-empleo-y-crecimiento-de-14-para-2017\/#webpage"},"isPartOf":{"@id":"https:\/\/candas365.es\/noticias\/el-gobierno-aleman-preve-record-de-empleo-y-crecimiento-de-14-para-2017\/#webpage"},"articleSection":"Actualidad","dateline":"Publicado el enero 25, 2017."},{"@type":"Organization","@id":"https:\/\/candas365.es\/noticias\/#organization","name":"Cand\u00e1s 365","description":"Cand\u00e1s 365 es un diario digital independiente, fundado en 2012, con base en Asturias. Informamos con rigor sobre actualidad, sociedad, cultura y ocio, con una mirada local y global.","url":"https:\/\/candas365.es\/noticias\/","email":"info@candas365.es","telephone":"+34652131393","foundingDate":"2012-06-10","logo":{"@type":"ImageObject","url":"https:\/\/candas365.es\/noticias\/wp-content\/uploads\/2024\/09\/Candas-365-Redes.jpg","@id":"https:\/\/candas365.es\/noticias\/el-gobierno-aleman-preve-record-de-empleo-y-crecimiento-de-14-para-2017\/#organizationLogo","width":1152,"height":864,"caption":"Cand\u00e1s 365 Redes"},"image":{"@id":"https:\/\/candas365.es\/noticias\/el-gobierno-aleman-preve-record-de-empleo-y-crecimiento-de-14-para-2017\/#organizationLogo"},"sameAs":["https:\/\/www.facebook.com\/Nachofdezber","https:\/\/x.com\/NabercoDigital","https:\/\/www.instagram.com\/nachofdezber\/","https:\/\/www.youtube.com\/channel\/UCZP-2wLEB9Rv6erhFmqVnvg"],"address":{"@id":"https:\/\/candas365.es\/noticias\/#postaladdress","@type":"PostalAddress","streetAddress":"san antonio 4, san antonio 4","postalCode":"33430","addressLocality":"Cand\u00e1s","addressRegion":"Asturias","addressCountry":"ES"}},{"@type":"Person","@id":"https:\/\/candas365.es\/noticias\/author\/admin\/#author","url":"https:\/\/candas365.es\/noticias\/author\/admin\/","name":"Cand\u00e1s 365","image":{"@type":"ImageObject","@id":"https:\/\/candas365.es\/noticias\/el-gobierno-aleman-preve-record-de-empleo-y-crecimiento-de-14-para-2017\/#authorImage","url":"https:\/\/secure.gravatar.com\/avatar\/496a8e03d0c493ede1718b7934145dbdf8d89be1036b0eec9544e1094c9de390?s=96&d=mm&r=g","width":96,"height":96,"caption":"Cand\u00e1s 365"},"sameAs":["https:\/\/www.facebook.com\/carrenoactualidad","https:\/\/twitter.com\/nbasturias","https:\/\/www.instagram.com\/nachofdezber\/","https:\/\/www.youtube.com\/channel\/UCZP-2wLEB9Rv6erhFmqVnvg"]},{"@type":"WebPage","@id":"https:\/\/candas365.es\/noticias\/el-gobierno-aleman-preve-record-de-empleo-y-crecimiento-de-14-para-2017\/#webpage","url":"https:\/\/candas365.es\/noticias\/el-gobierno-aleman-preve-record-de-empleo-y-crecimiento-de-14-para-2017\/","name":"El Gobierno alem\u00e1n prev\u00e9 r\u00e9cord de empleo y crecimiento de 1,4 para 2017 | Cand\u00e1s 365","description":"Berl\u00edn, 25 ene (dpa) - El Gobierno alem\u00e1n pronostica un r\u00e9cord de empleo y un crecimiento del 1,4 por ciento de la coyuntura del pa\u00eds para 2017, seg\u00fan comunic\u00f3 en su informe econ\u00f3mico anual presentado hoy en Berl\u00edn. Seg\u00fan los c\u00e1lculos del Ministerio de Econom\u00eda de la mayor econom\u00eda de Europa, el n\u00famero de poblaci\u00f3n","inLanguage":"es-ES","isPartOf":{"@id":"https:\/\/candas365.es\/noticias\/#website"},"breadcrumb":{"@id":"https:\/\/candas365.es\/noticias\/el-gobierno-aleman-preve-record-de-empleo-y-crecimiento-de-14-para-2017\/#breadcrumblist"},"author":{"@id":"https:\/\/candas365.es\/noticias\/author\/admin\/#author"},"creator":{"@id":"https:\/\/candas365.es\/noticias\/author\/admin\/#author"},"image":{"@type":"ImageObject","url":"https:\/\/candas365.es\/noticias\/wp-content\/uploads\/2015\/09\/c365noticias.jpg","@id":"https:\/\/candas365.es\/noticias\/el-gobierno-aleman-preve-record-de-empleo-y-crecimiento-de-14-para-2017\/#mainImage","width":655,"height":360},"primaryImageOfPage":{"@id":"https:\/\/candas365.es\/noticias\/el-gobierno-aleman-preve-record-de-empleo-y-crecimiento-de-14-para-2017\/#mainImage"},"datePublished":"2017-01-25T21:48:19+01:00","dateModified":"2017-01-25T21:48:19+01:00"},{"@type":"WebSite","@id":"https:\/\/candas365.es\/noticias\/#website","url":"https:\/\/candas365.es\/noticias\/","name":"Cand\u00e1s 365","alternateName":"Cand\u00e1s 365 Noticias","description":"Actualidad desde Carre\u00f1o para el mundo","inLanguage":"es-ES","publisher":{"@id":"https:\/\/candas365.es\/noticias\/#organization"}}]},"og:locale":"es_ES","og:site_name":"Cand\u00e1s 365","og:type":"article","og:title":"El Gobierno alem\u00e1n prev\u00e9 r\u00e9cord de empleo y crecimiento de 1,4 para 2017 | Cand\u00e1s 365","og:description":"Berl\u00edn, 25 ene (dpa) - El Gobierno alem\u00e1n pronostica un r\u00e9cord de empleo y un crecimiento del 1,4 por ciento de la coyuntura del pa\u00eds para 2017, seg\u00fan comunic\u00f3 en su informe econ\u00f3mico anual presentado hoy en Berl\u00edn. Seg\u00fan los c\u00e1lculos del Ministerio de Econom\u00eda de la mayor econom\u00eda de Europa, el n\u00famero de poblaci\u00f3n","og:url":"https:\/\/candas365.es\/noticias\/el-gobierno-aleman-preve-record-de-empleo-y-crecimiento-de-14-para-2017\/","og:image":"https:\/\/candas365.es\/noticias\/wp-content\/uploads\/2015\/09\/c365noticias.jpg","og:image:secure_url":"https:\/\/candas365.es\/noticias\/wp-content\/uploads\/2015\/09\/c365noticias.jpg","og:image:width":655,"og:image:height":360,"article:published_time":"2017-01-25T21:48:19+00:00","article:modified_time":"2017-01-25T21:48:19+00:00","article:publisher":"https:\/\/www.facebook.com\/Nachofdezber","article:author":"https:\/\/www.facebook.com\/carrenoactualidad","twitter:card":"summary_large_image","twitter:site":"@NabercoDigital","twitter:title":"El Gobierno alem\u00e1n prev\u00e9 r\u00e9cord de empleo y crecimiento de 1,4 para 2017 | Cand\u00e1s 365","twitter:description":"Berl\u00edn, 25 ene (dpa) - El Gobierno alem\u00e1n pronostica un r\u00e9cord de empleo y un crecimiento del 1,4 por ciento de la coyuntura del pa\u00eds para 2017, seg\u00fan comunic\u00f3 en su informe econ\u00f3mico anual presentado hoy en Berl\u00edn. Seg\u00fan los c\u00e1lculos del Ministerio de Econom\u00eda de la mayor econom\u00eda de Europa, el n\u00famero de poblaci\u00f3n","twitter:creator":"@nbasturias","twitter:image":"https:\/\/candas365.es\/noticias\/wp-content\/uploads\/2015\/09\/c365noticias.jpg","twitter:label1":"Escrito por","twitter:data1":"Cand\u00e1s 365","twitter:label2":"Tiempo de lectura estimado","twitter:data2":"1 minuto"},"aioseo_meta_data":{"post_id":"41654","title":null,"description":null,"keywords":null,"keyphrases":null,"primary_term":null,"canonical_url":null,"og_title":null,"og_description":null,"og_object_type":"default","og_image_type":"default","og_image_url":null,"og_image_width":null,"og_image_height":null,"og_image_custom_url":null,"og_image_custom_fields":null,"og_video":null,"og_custom_url":null,"og_article_section":null,"og_article_tags":null,"twitter_use_og":false,"twitter_card":"default","twitter_image_type":"default","twitter_image_url":null,"twitter_image_custom_url":null,"twitter_image_custom_fields":null,"twitter_title":null,"twitter_description":null,"schema":{"blockGraphs":[],"customGraphs":[],"default":{"data":{"Article":[],"Course":[],"Dataset":[],"FAQPage":[],"Movie":[],"Person":[],"Product":[],"ProductReview":[],"Car":[],"Recipe":[],"Service":[],"SoftwareApplication":[],"WebPage":[]},"graphName":"","isEnabled":true},"graphs":[]},"schema_type":null,"schema_type_options":null,"pillar_content":false,"robots_default":true,"robots_noindex":false,"robots_noarchive":false,"robots_nosnippet":false,"robots_nofollow":false,"robots_noimageindex":false,"robots_noodp":false,"robots_notranslate":false,"robots_max_snippet":null,"robots_max_videopreview":null,"robots_max_imagepreview":"large","priority":null,"frequency":null,"location":null,"local_seo":null,"seo_analyzer_scan_date":"2025-08-25 04:31:29","breadcrumb_settings":null,"limit_modified_date":false,"reviewed_by":null,"open_ai":null,"ai":null,"created":"2020-12-21 13:06:06","updated":"2025-08-25 04:31:29"},"aioseo_breadcrumb":"<div class=\"aioseo-breadcrumbs\"><span class=\"aioseo-breadcrumb\">\n\t<a href=\"https:\/\/candas365.es\/noticias\" title=\"Home\">Home<\/a>\n<\/span><span class=\"aioseo-breadcrumb-separator\">&ndash;<\/span><span class=\"aioseo-breadcrumb\">\n\t<a href=\"https:\/\/candas365.es\/noticias\/category\/actualidad\/\" title=\"Actualidad\">Actualidad<\/a>\n<\/span><span class=\"aioseo-breadcrumb-separator\">&ndash;<\/span><span class=\"aioseo-breadcrumb\">\n\tEl Gobierno alem\u00e1n prev\u00e9 r\u00e9cord de empleo y crecimiento de 1,4 para 2017\n<\/span><\/div>","aioseo_breadcrumb_json":[{"label":"Home","link":"https:\/\/candas365.es\/noticias"},{"label":"Actualidad","link":"https:\/\/candas365.es\/noticias\/category\/actualidad\/"},{"label":"El Gobierno alem\u00e1n prev\u00e9 r\u00e9cord de empleo y crecimiento de 1,4 para 2017","link":"https:\/\/candas365.es\/noticias\/el-gobierno-aleman-preve-record-de-empleo-y-crecimiento-de-14-para-2017\/"}],"_links":{"self":[{"href":"https:\/\/candas365.es\/noticias\/wp-json\/wp\/v2\/posts\/41654","targetHints":{"allow":["GET"]}}],"collection":[{"href":"https:\/\/candas365.es\/noticias\/wp-json\/wp\/v2\/posts"}],"about":[{"href":"https:\/\/candas365.es\/noticias\/wp-json\/wp\/v2\/types\/post"}],"author":[{"embeddable":true,"href":"https:\/\/candas365.es\/noticias\/wp-json\/wp\/v2\/users\/1"}],"replies":[{"embeddable":true,"href":"https:\/\/candas365.es\/noticias\/wp-json\/wp\/v2\/comments?post=41654"}],"version-history":[{"count":0,"href":"https:\/\/candas365.es\/noticias\/wp-json\/wp\/v2\/posts\/41654\/revisions"}],"wp:featuredmedia":[{"embeddable":true,"href":"https:\/\/candas365.es\/noticias\/wp-json\/wp\/v2\/media\/16457"}],"wp:attachment":[{"href":"https:\/\/candas365.es\/noticias\/wp-json\/wp\/v2\/media?parent=41654"}],"wp:term":[{"taxonomy":"category","embeddable":true,"href":"https:\/\/candas365.es\/noticias\/wp-json\/wp\/v2\/categories?post=41654"},{"taxonomy":"post_tag","embeddable":true,"href":"https:\/\/candas365.es\/noticias\/wp-json\/wp\/v2\/tags?post=41654"}],"curies":[{"name":"wp","href":"https:\/\/api.w.org\/{rel}","templated":true}]}}