{"id":41650,"date":"2017-01-25T21:46:29","date_gmt":"2017-01-25T21:46:29","guid":{"rendered":"http:\/\/candas365.es\/noticias\/?p=41650"},"modified":"2017-01-25T21:46:29","modified_gmt":"2017-01-25T21:46:29","slug":"martin-schulz-un-politico-que-rompe-esquemas","status":"publish","type":"post","link":"https:\/\/candas365.es\/noticias\/martin-schulz-un-politico-que-rompe-esquemas\/","title":{"rendered":"Martin Schulz, un pol\u00edtico que rompe esquemas"},"content":{"rendered":"<p>Berl\u00edn, 25 ene (dpa) &#8211; El ex presidente de la Euroc\u00e1mara Martin Schulz ser\u00e1 el candidato de la centroizquierda que competir\u00e1 con la conservadora Angela Merkel en las elecciones generales de fines de septiembre en Alemania.<\/p>\n<p>Martin Schulz constituye una figura at\u00edpica dentro del \u00e1mbito pol\u00edtico. En su biograf\u00eda confluyen diferentes elementos que, a priori, no har\u00edan pensar que se convertir\u00eda en uno de los representantes p\u00fablicos m\u00e1s destacados de Alemania.<\/p>\n<p>Schulz so\u00f1\u00f3 de joven con convertirse en jugador de f\u00fatbol profesional. Su futuro ligado al bal\u00f3n se vio sin embargo frustrado por una lesi\u00f3n que le llev\u00f3 a caer en una depresi\u00f3n.<\/p>\n<p>Ayudado por su hermano, recuper\u00f3 la ilusi\u00f3n gracias a una de sus grandes pasiones, la lectura. Ejerci\u00f3 la profesi\u00f3n de librero y contrajo matrimonio con una arquitecta con la que tuvo dos hijos.<\/p>\n<p>De formaci\u00f3n autodidacta, es un apasionado eur\u00f3filo y habla seis idiomas (alem\u00e1n, ingl\u00e9s, franc\u00e9s, espa\u00f1ol, italiano y holand\u00e9s)<\/p>\n<p>Schulz es miembro del partido socialdem\u00f3crata alem\u00e1n (SPD) desde 1974 pero no fue hasta 1987 cuando ocup\u00f3 un cargo p\u00fablico, al convertirse en alcalde de la peque\u00f1a localidad de W\u00fcrselen, cerca de Aquisgr\u00e1n. Un puesto, \u00e9ste, en el que se mantuvo hasta 1998.<\/p>\n<p>Luego comenz\u00f3 en Bruselas su ascenso hasta convertirse en \u00abMister Europa\u00bb. Durante estos a\u00f1os adopt\u00f3 un fuerte perfil en pol\u00edtica exterior y se hizo muy conocido en Alemania, entre otras cosas por su gran franqueza a la hora de decir lo que opina.<\/p>\n<p>A finales de 2016, cuando anunci\u00f3 que abandonar\u00eda su puesto en el Parlamento Europeo para regresar a la pol\u00edtica nacional en Alemania, Schulz se\u00f1al\u00f3 que no le result\u00f3 f\u00e1cil tomar la decisi\u00f3n porque consideraba un honor ser presidente de la Euroc\u00e1mara, al tiempo que a\u00f1adi\u00f3 que hab\u00eda intentado elevar durante estos a\u00f1os la visibilidad y la credibilidad de la pol\u00edtica europea.<\/p>\n<p>Martin Schulz concurrir\u00e1 a las elecciones del 24 de septiembre como cabeza de lista del SPD en Renania del Norte-Westfalia, el estado federado m\u00e1s populoso de los 16 Bundesl\u00e4nder alemanes y un basti\u00f3n tradicional del partido socialdem\u00f3crata.<\/p>\n<p>&nbsp;<\/p>\n","protected":false},"excerpt":{"rendered":"<p>Berl\u00edn, 25 ene (dpa) &#8211; El ex presidente de la Euroc\u00e1mara Martin Schulz ser\u00e1 el candidato de la centroizquierda que competir\u00e1 con la conservadora Angela Merkel en las elecciones generales de fines de septiembre en Alemania. Martin Schulz constituye una figura at\u00edpica dentro del \u00e1mbito pol\u00edtico. En su biograf\u00eda confluyen diferentes elementos que, a priori,<\/p>\n","protected":false},"author":1,"featured_media":16457,"comment_status":"closed","ping_status":"closed","sticky":false,"template":"","format":"standard","meta":{"footnotes":""},"categories":[343],"tags":[],"class_list":{"0":"post-41650","1":"post","2":"type-post","3":"status-publish","4":"format-standard","5":"has-post-thumbnail","7":"category-actualidad"},"aioseo_notices":[],"aioseo_head":"\n\t\t<!-- All in One SEO Pro 4.9.6.2 - aioseo.com -->\n\t<meta name=\"description\" content=\"Berl\u00edn, 25 ene (dpa) - El ex presidente de la Euroc\u00e1mara Martin Schulz ser\u00e1 el candidato de la centroizquierda que competir\u00e1 con la conservadora Angela Merkel en las elecciones generales de fines de septiembre en Alemania. Martin Schulz constituye una figura at\u00edpica dentro del \u00e1mbito pol\u00edtico. En su biograf\u00eda confluyen diferentes elementos que, a priori,\" \/>\n\t<meta name=\"robots\" content=\"max-image-preview:large\" \/>\n\t<meta name=\"author\" content=\"Cand\u00e1s 365\"\/>\n\t<meta name=\"google-site-verification\" content=\"UA-32230408-1\" \/>\n\t<meta name=\"msvalidate.01\" content=\"354F3CDFB2DA171B47FBE9ABF1F88D5\" \/>\n\t<meta name=\"keywords\" content=\"actualidad\" \/>\n\t<link rel=\"canonical\" href=\"https:\/\/candas365.es\/noticias\/martin-schulz-un-politico-que-rompe-esquemas\/\" \/>\n\t<meta name=\"generator\" content=\"All in One SEO Pro (AIOSEO) 4.9.6.2\" \/>\n\t\t<meta property=\"og:locale\" content=\"es_ES\" \/>\n\t\t<meta property=\"og:site_name\" content=\"Cand\u00e1s 365\" \/>\n\t\t<meta property=\"og:type\" content=\"article\" \/>\n\t\t<meta property=\"og:title\" content=\"Martin Schulz, un pol\u00edtico que rompe esquemas | Cand\u00e1s 365\" \/>\n\t\t<meta property=\"og:description\" content=\"Berl\u00edn, 25 ene (dpa) - El ex presidente de la Euroc\u00e1mara Martin Schulz ser\u00e1 el candidato de la centroizquierda que competir\u00e1 con la conservadora Angela Merkel en las elecciones generales de fines de septiembre en Alemania. Martin Schulz constituye una figura at\u00edpica dentro del \u00e1mbito pol\u00edtico. En su biograf\u00eda confluyen diferentes elementos que, a priori,\" \/>\n\t\t<meta property=\"og:url\" content=\"https:\/\/candas365.es\/noticias\/martin-schulz-un-politico-que-rompe-esquemas\/\" \/>\n\t\t<meta property=\"og:image\" content=\"https:\/\/candas365.es\/noticias\/wp-content\/uploads\/2015\/09\/c365noticias.jpg\" \/>\n\t\t<meta property=\"og:image:secure_url\" content=\"https:\/\/candas365.es\/noticias\/wp-content\/uploads\/2015\/09\/c365noticias.jpg\" \/>\n\t\t<meta property=\"og:image:width\" content=\"655\" \/>\n\t\t<meta property=\"og:image:height\" content=\"360\" \/>\n\t\t<meta property=\"article:published_time\" content=\"2017-01-25T21:46:29+00:00\" \/>\n\t\t<meta property=\"article:modified_time\" content=\"2017-01-25T21:46:29+00:00\" \/>\n\t\t<meta property=\"article:publisher\" content=\"https:\/\/www.facebook.com\/Nachofdezber\" \/>\n\t\t<meta property=\"article:author\" content=\"https:\/\/www.facebook.com\/carrenoactualidad\" \/>\n\t\t<meta name=\"twitter:card\" content=\"summary_large_image\" \/>\n\t\t<meta name=\"twitter:site\" content=\"@NabercoDigital\" \/>\n\t\t<meta name=\"twitter:title\" content=\"Martin Schulz, un pol\u00edtico que rompe esquemas | Cand\u00e1s 365\" \/>\n\t\t<meta name=\"twitter:description\" content=\"Berl\u00edn, 25 ene (dpa) - El ex presidente de la Euroc\u00e1mara Martin Schulz ser\u00e1 el candidato de la centroizquierda que competir\u00e1 con la conservadora Angela Merkel en las elecciones generales de fines de septiembre en Alemania. Martin Schulz constituye una figura at\u00edpica dentro del \u00e1mbito pol\u00edtico. En su biograf\u00eda confluyen diferentes elementos que, a priori,\" \/>\n\t\t<meta name=\"twitter:creator\" content=\"@nbasturias\" \/>\n\t\t<meta name=\"twitter:image\" content=\"https:\/\/candas365.es\/noticias\/wp-content\/uploads\/2015\/09\/c365noticias.jpg\" \/>\n\t\t<meta name=\"twitter:label1\" content=\"Escrito por\" \/>\n\t\t<meta name=\"twitter:data1\" content=\"Cand\u00e1s 365\" \/>\n\t\t<meta name=\"twitter:label2\" content=\"Tiempo de lectura estimado\" \/>\n\t\t<meta name=\"twitter:data2\" content=\"2 minutos\" \/>\n\t\t<script type=\"application\/ld+json\" class=\"aioseo-schema\">\n\t\t\t{\"@context\":\"https:\\\/\\\/schema.org\",\"@graph\":[{\"@type\":\"BreadcrumbList\",\"@id\":\"https:\\\/\\\/candas365.es\\\/noticias\\\/martin-schulz-un-politico-que-rompe-esquemas\\\/#breadcrumblist\",\"itemListElement\":[{\"@type\":\"ListItem\",\"@id\":\"https:\\\/\\\/candas365.es\\\/noticias#listItem\",\"position\":1,\"name\":\"Home\",\"item\":\"https:\\\/\\\/candas365.es\\\/noticias\",\"nextItem\":{\"@type\":\"ListItem\",\"@id\":\"https:\\\/\\\/candas365.es\\\/noticias\\\/category\\\/actualidad\\\/#listItem\",\"name\":\"Actualidad\"}},{\"@type\":\"ListItem\",\"@id\":\"https:\\\/\\\/candas365.es\\\/noticias\\\/category\\\/actualidad\\\/#listItem\",\"position\":2,\"name\":\"Actualidad\",\"item\":\"https:\\\/\\\/candas365.es\\\/noticias\\\/category\\\/actualidad\\\/\",\"nextItem\":{\"@type\":\"ListItem\",\"@id\":\"https:\\\/\\\/candas365.es\\\/noticias\\\/martin-schulz-un-politico-que-rompe-esquemas\\\/#listItem\",\"name\":\"Martin Schulz, un pol\\u00edtico que rompe esquemas\"},\"previousItem\":{\"@type\":\"ListItem\",\"@id\":\"https:\\\/\\\/candas365.es\\\/noticias#listItem\",\"name\":\"Home\"}},{\"@type\":\"ListItem\",\"@id\":\"https:\\\/\\\/candas365.es\\\/noticias\\\/martin-schulz-un-politico-que-rompe-esquemas\\\/#listItem\",\"position\":3,\"name\":\"Martin Schulz, un pol\\u00edtico que rompe esquemas\",\"previousItem\":{\"@type\":\"ListItem\",\"@id\":\"https:\\\/\\\/candas365.es\\\/noticias\\\/category\\\/actualidad\\\/#listItem\",\"name\":\"Actualidad\"}}]},{\"@type\":\"NewsArticle\",\"@id\":\"https:\\\/\\\/candas365.es\\\/noticias\\\/martin-schulz-un-politico-que-rompe-esquemas\\\/#newsarticle\",\"name\":\"Martin Schulz, un pol\\u00edtico que rompe esquemas | Cand\\u00e1s 365\",\"headline\":\"Martin Schulz, un pol\\u00edtico que rompe esquemas\",\"author\":{\"@id\":\"https:\\\/\\\/candas365.es\\\/noticias\\\/author\\\/admin\\\/#author\"},\"publisher\":{\"@id\":\"https:\\\/\\\/candas365.es\\\/noticias\\\/#organization\"},\"image\":{\"@type\":\"ImageObject\",\"url\":\"https:\\\/\\\/candas365.es\\\/noticias\\\/wp-content\\\/uploads\\\/2015\\\/09\\\/c365noticias.jpg\",\"width\":655,\"height\":360},\"datePublished\":\"2017-01-25T21:46:29+01:00\",\"dateModified\":\"2017-01-25T21:46:29+01:00\",\"inLanguage\":\"es-ES\",\"mainEntityOfPage\":{\"@id\":\"https:\\\/\\\/candas365.es\\\/noticias\\\/martin-schulz-un-politico-que-rompe-esquemas\\\/#webpage\"},\"isPartOf\":{\"@id\":\"https:\\\/\\\/candas365.es\\\/noticias\\\/martin-schulz-un-politico-que-rompe-esquemas\\\/#webpage\"},\"articleSection\":\"Actualidad\",\"dateline\":\"Publicado el enero 25, 2017.\"},{\"@type\":\"Organization\",\"@id\":\"https:\\\/\\\/candas365.es\\\/noticias\\\/#organization\",\"name\":\"Cand\\u00e1s 365\",\"description\":\"Cand\\u00e1s 365 es un diario digital independiente, fundado en 2012, con base en Asturias. Informamos con rigor sobre actualidad, sociedad, cultura y ocio, con una mirada local y global.\",\"url\":\"https:\\\/\\\/candas365.es\\\/noticias\\\/\",\"email\":\"info@candas365.es\",\"telephone\":\"+34652131393\",\"foundingDate\":\"2012-06-10\",\"logo\":{\"@type\":\"ImageObject\",\"url\":\"https:\\\/\\\/candas365.es\\\/noticias\\\/wp-content\\\/uploads\\\/2024\\\/09\\\/Candas-365-Redes.jpg\",\"@id\":\"https:\\\/\\\/candas365.es\\\/noticias\\\/martin-schulz-un-politico-que-rompe-esquemas\\\/#organizationLogo\",\"width\":1152,\"height\":864,\"caption\":\"Cand\\u00e1s 365 Redes\"},\"image\":{\"@id\":\"https:\\\/\\\/candas365.es\\\/noticias\\\/martin-schulz-un-politico-que-rompe-esquemas\\\/#organizationLogo\"},\"sameAs\":[\"https:\\\/\\\/www.facebook.com\\\/Nachofdezber\",\"https:\\\/\\\/x.com\\\/NabercoDigital\",\"https:\\\/\\\/www.instagram.com\\\/nachofdezber\\\/\",\"https:\\\/\\\/www.youtube.com\\\/channel\\\/UCZP-2wLEB9Rv6erhFmqVnvg\"],\"address\":{\"@id\":\"https:\\\/\\\/candas365.es\\\/noticias\\\/#postaladdress\",\"@type\":\"PostalAddress\",\"streetAddress\":\"san antonio 4, san antonio 4\",\"postalCode\":\"33430\",\"addressLocality\":\"Cand\\u00e1s\",\"addressRegion\":\"Asturias\",\"addressCountry\":\"ES\"}},{\"@type\":\"Person\",\"@id\":\"https:\\\/\\\/candas365.es\\\/noticias\\\/author\\\/admin\\\/#author\",\"url\":\"https:\\\/\\\/candas365.es\\\/noticias\\\/author\\\/admin\\\/\",\"name\":\"Cand\\u00e1s 365\",\"image\":{\"@type\":\"ImageObject\",\"@id\":\"https:\\\/\\\/candas365.es\\\/noticias\\\/martin-schulz-un-politico-que-rompe-esquemas\\\/#authorImage\",\"url\":\"https:\\\/\\\/secure.gravatar.com\\\/avatar\\\/496a8e03d0c493ede1718b7934145dbdf8d89be1036b0eec9544e1094c9de390?s=96&d=mm&r=g\",\"width\":96,\"height\":96,\"caption\":\"Cand\\u00e1s 365\"},\"sameAs\":[\"https:\\\/\\\/www.facebook.com\\\/carrenoactualidad\",\"https:\\\/\\\/twitter.com\\\/nbasturias\",\"https:\\\/\\\/www.instagram.com\\\/nachofdezber\\\/\",\"https:\\\/\\\/www.youtube.com\\\/channel\\\/UCZP-2wLEB9Rv6erhFmqVnvg\"]},{\"@type\":\"WebPage\",\"@id\":\"https:\\\/\\\/candas365.es\\\/noticias\\\/martin-schulz-un-politico-que-rompe-esquemas\\\/#webpage\",\"url\":\"https:\\\/\\\/candas365.es\\\/noticias\\\/martin-schulz-un-politico-que-rompe-esquemas\\\/\",\"name\":\"Martin Schulz, un pol\\u00edtico que rompe esquemas | Cand\\u00e1s 365\",\"description\":\"Berl\\u00edn, 25 ene (dpa) - El ex presidente de la Euroc\\u00e1mara Martin Schulz ser\\u00e1 el candidato de la centroizquierda que competir\\u00e1 con la conservadora Angela Merkel en las elecciones generales de fines de septiembre en Alemania. Martin Schulz constituye una figura at\\u00edpica dentro del \\u00e1mbito pol\\u00edtico. En su biograf\\u00eda confluyen diferentes elementos que, a priori,\",\"inLanguage\":\"es-ES\",\"isPartOf\":{\"@id\":\"https:\\\/\\\/candas365.es\\\/noticias\\\/#website\"},\"breadcrumb\":{\"@id\":\"https:\\\/\\\/candas365.es\\\/noticias\\\/martin-schulz-un-politico-que-rompe-esquemas\\\/#breadcrumblist\"},\"author\":{\"@id\":\"https:\\\/\\\/candas365.es\\\/noticias\\\/author\\\/admin\\\/#author\"},\"creator\":{\"@id\":\"https:\\\/\\\/candas365.es\\\/noticias\\\/author\\\/admin\\\/#author\"},\"image\":{\"@type\":\"ImageObject\",\"url\":\"https:\\\/\\\/candas365.es\\\/noticias\\\/wp-content\\\/uploads\\\/2015\\\/09\\\/c365noticias.jpg\",\"@id\":\"https:\\\/\\\/candas365.es\\\/noticias\\\/martin-schulz-un-politico-que-rompe-esquemas\\\/#mainImage\",\"width\":655,\"height\":360},\"primaryImageOfPage\":{\"@id\":\"https:\\\/\\\/candas365.es\\\/noticias\\\/martin-schulz-un-politico-que-rompe-esquemas\\\/#mainImage\"},\"datePublished\":\"2017-01-25T21:46:29+01:00\",\"dateModified\":\"2017-01-25T21:46:29+01:00\"},{\"@type\":\"WebSite\",\"@id\":\"https:\\\/\\\/candas365.es\\\/noticias\\\/#website\",\"url\":\"https:\\\/\\\/candas365.es\\\/noticias\\\/\",\"name\":\"Cand\\u00e1s 365\",\"alternateName\":\"Cand\\u00e1s 365 Noticias\",\"description\":\"Actualidad desde Carre\\u00f1o para el mundo\",\"inLanguage\":\"es-ES\",\"publisher\":{\"@id\":\"https:\\\/\\\/candas365.es\\\/noticias\\\/#organization\"}}]}\n\t\t<\/script>\n\t\t<!-- All in One SEO Pro -->\r\n\t\t<title>Martin Schulz, un pol\u00edtico que rompe esquemas | Cand\u00e1s 365<\/title>\n\n","aioseo_head_json":{"title":"Martin Schulz, un pol\u00edtico que rompe esquemas | Cand\u00e1s 365","description":"Berl\u00edn, 25 ene (dpa) - El ex presidente de la Euroc\u00e1mara Martin Schulz ser\u00e1 el candidato de la centroizquierda que competir\u00e1 con la conservadora Angela Merkel en las elecciones generales de fines de septiembre en Alemania. Martin Schulz constituye una figura at\u00edpica dentro del \u00e1mbito pol\u00edtico. En su biograf\u00eda confluyen diferentes elementos que, a priori,","canonical_url":"https:\/\/candas365.es\/noticias\/martin-schulz-un-politico-que-rompe-esquemas\/","robots":"max-image-preview:large","keywords":"actualidad","webmasterTools":{"google-site-verification":"UA-32230408-1","msvalidate.01":"354F3CDFB2DA171B47FBE9ABF1F88D5","miscellaneous":""},"schema":{"@context":"https:\/\/schema.org","@graph":[{"@type":"BreadcrumbList","@id":"https:\/\/candas365.es\/noticias\/martin-schulz-un-politico-que-rompe-esquemas\/#breadcrumblist","itemListElement":[{"@type":"ListItem","@id":"https:\/\/candas365.es\/noticias#listItem","position":1,"name":"Home","item":"https:\/\/candas365.es\/noticias","nextItem":{"@type":"ListItem","@id":"https:\/\/candas365.es\/noticias\/category\/actualidad\/#listItem","name":"Actualidad"}},{"@type":"ListItem","@id":"https:\/\/candas365.es\/noticias\/category\/actualidad\/#listItem","position":2,"name":"Actualidad","item":"https:\/\/candas365.es\/noticias\/category\/actualidad\/","nextItem":{"@type":"ListItem","@id":"https:\/\/candas365.es\/noticias\/martin-schulz-un-politico-que-rompe-esquemas\/#listItem","name":"Martin Schulz, un pol\u00edtico que rompe esquemas"},"previousItem":{"@type":"ListItem","@id":"https:\/\/candas365.es\/noticias#listItem","name":"Home"}},{"@type":"ListItem","@id":"https:\/\/candas365.es\/noticias\/martin-schulz-un-politico-que-rompe-esquemas\/#listItem","position":3,"name":"Martin Schulz, un pol\u00edtico que rompe esquemas","previousItem":{"@type":"ListItem","@id":"https:\/\/candas365.es\/noticias\/category\/actualidad\/#listItem","name":"Actualidad"}}]},{"@type":"NewsArticle","@id":"https:\/\/candas365.es\/noticias\/martin-schulz-un-politico-que-rompe-esquemas\/#newsarticle","name":"Martin Schulz, un pol\u00edtico que rompe esquemas | Cand\u00e1s 365","headline":"Martin Schulz, un pol\u00edtico que rompe esquemas","author":{"@id":"https:\/\/candas365.es\/noticias\/author\/admin\/#author"},"publisher":{"@id":"https:\/\/candas365.es\/noticias\/#organization"},"image":{"@type":"ImageObject","url":"https:\/\/candas365.es\/noticias\/wp-content\/uploads\/2015\/09\/c365noticias.jpg","width":655,"height":360},"datePublished":"2017-01-25T21:46:29+01:00","dateModified":"2017-01-25T21:46:29+01:00","inLanguage":"es-ES","mainEntityOfPage":{"@id":"https:\/\/candas365.es\/noticias\/martin-schulz-un-politico-que-rompe-esquemas\/#webpage"},"isPartOf":{"@id":"https:\/\/candas365.es\/noticias\/martin-schulz-un-politico-que-rompe-esquemas\/#webpage"},"articleSection":"Actualidad","dateline":"Publicado el enero 25, 2017."},{"@type":"Organization","@id":"https:\/\/candas365.es\/noticias\/#organization","name":"Cand\u00e1s 365","description":"Cand\u00e1s 365 es un diario digital independiente, fundado en 2012, con base en Asturias. Informamos con rigor sobre actualidad, sociedad, cultura y ocio, con una mirada local y global.","url":"https:\/\/candas365.es\/noticias\/","email":"info@candas365.es","telephone":"+34652131393","foundingDate":"2012-06-10","logo":{"@type":"ImageObject","url":"https:\/\/candas365.es\/noticias\/wp-content\/uploads\/2024\/09\/Candas-365-Redes.jpg","@id":"https:\/\/candas365.es\/noticias\/martin-schulz-un-politico-que-rompe-esquemas\/#organizationLogo","width":1152,"height":864,"caption":"Cand\u00e1s 365 Redes"},"image":{"@id":"https:\/\/candas365.es\/noticias\/martin-schulz-un-politico-que-rompe-esquemas\/#organizationLogo"},"sameAs":["https:\/\/www.facebook.com\/Nachofdezber","https:\/\/x.com\/NabercoDigital","https:\/\/www.instagram.com\/nachofdezber\/","https:\/\/www.youtube.com\/channel\/UCZP-2wLEB9Rv6erhFmqVnvg"],"address":{"@id":"https:\/\/candas365.es\/noticias\/#postaladdress","@type":"PostalAddress","streetAddress":"san antonio 4, san antonio 4","postalCode":"33430","addressLocality":"Cand\u00e1s","addressRegion":"Asturias","addressCountry":"ES"}},{"@type":"Person","@id":"https:\/\/candas365.es\/noticias\/author\/admin\/#author","url":"https:\/\/candas365.es\/noticias\/author\/admin\/","name":"Cand\u00e1s 365","image":{"@type":"ImageObject","@id":"https:\/\/candas365.es\/noticias\/martin-schulz-un-politico-que-rompe-esquemas\/#authorImage","url":"https:\/\/secure.gravatar.com\/avatar\/496a8e03d0c493ede1718b7934145dbdf8d89be1036b0eec9544e1094c9de390?s=96&d=mm&r=g","width":96,"height":96,"caption":"Cand\u00e1s 365"},"sameAs":["https:\/\/www.facebook.com\/carrenoactualidad","https:\/\/twitter.com\/nbasturias","https:\/\/www.instagram.com\/nachofdezber\/","https:\/\/www.youtube.com\/channel\/UCZP-2wLEB9Rv6erhFmqVnvg"]},{"@type":"WebPage","@id":"https:\/\/candas365.es\/noticias\/martin-schulz-un-politico-que-rompe-esquemas\/#webpage","url":"https:\/\/candas365.es\/noticias\/martin-schulz-un-politico-que-rompe-esquemas\/","name":"Martin Schulz, un pol\u00edtico que rompe esquemas | Cand\u00e1s 365","description":"Berl\u00edn, 25 ene (dpa) - El ex presidente de la Euroc\u00e1mara Martin Schulz ser\u00e1 el candidato de la centroizquierda que competir\u00e1 con la conservadora Angela Merkel en las elecciones generales de fines de septiembre en Alemania. Martin Schulz constituye una figura at\u00edpica dentro del \u00e1mbito pol\u00edtico. En su biograf\u00eda confluyen diferentes elementos que, a priori,","inLanguage":"es-ES","isPartOf":{"@id":"https:\/\/candas365.es\/noticias\/#website"},"breadcrumb":{"@id":"https:\/\/candas365.es\/noticias\/martin-schulz-un-politico-que-rompe-esquemas\/#breadcrumblist"},"author":{"@id":"https:\/\/candas365.es\/noticias\/author\/admin\/#author"},"creator":{"@id":"https:\/\/candas365.es\/noticias\/author\/admin\/#author"},"image":{"@type":"ImageObject","url":"https:\/\/candas365.es\/noticias\/wp-content\/uploads\/2015\/09\/c365noticias.jpg","@id":"https:\/\/candas365.es\/noticias\/martin-schulz-un-politico-que-rompe-esquemas\/#mainImage","width":655,"height":360},"primaryImageOfPage":{"@id":"https:\/\/candas365.es\/noticias\/martin-schulz-un-politico-que-rompe-esquemas\/#mainImage"},"datePublished":"2017-01-25T21:46:29+01:00","dateModified":"2017-01-25T21:46:29+01:00"},{"@type":"WebSite","@id":"https:\/\/candas365.es\/noticias\/#website","url":"https:\/\/candas365.es\/noticias\/","name":"Cand\u00e1s 365","alternateName":"Cand\u00e1s 365 Noticias","description":"Actualidad desde Carre\u00f1o para el mundo","inLanguage":"es-ES","publisher":{"@id":"https:\/\/candas365.es\/noticias\/#organization"}}]},"og:locale":"es_ES","og:site_name":"Cand\u00e1s 365","og:type":"article","og:title":"Martin Schulz, un pol\u00edtico que rompe esquemas | Cand\u00e1s 365","og:description":"Berl\u00edn, 25 ene (dpa) - El ex presidente de la Euroc\u00e1mara Martin Schulz ser\u00e1 el candidato de la centroizquierda que competir\u00e1 con la conservadora Angela Merkel en las elecciones generales de fines de septiembre en Alemania. Martin Schulz constituye una figura at\u00edpica dentro del \u00e1mbito pol\u00edtico. En su biograf\u00eda confluyen diferentes elementos que, a priori,","og:url":"https:\/\/candas365.es\/noticias\/martin-schulz-un-politico-que-rompe-esquemas\/","og:image":"https:\/\/candas365.es\/noticias\/wp-content\/uploads\/2015\/09\/c365noticias.jpg","og:image:secure_url":"https:\/\/candas365.es\/noticias\/wp-content\/uploads\/2015\/09\/c365noticias.jpg","og:image:width":655,"og:image:height":360,"article:published_time":"2017-01-25T21:46:29+00:00","article:modified_time":"2017-01-25T21:46:29+00:00","article:publisher":"https:\/\/www.facebook.com\/Nachofdezber","article:author":"https:\/\/www.facebook.com\/carrenoactualidad","twitter:card":"summary_large_image","twitter:site":"@NabercoDigital","twitter:title":"Martin Schulz, un pol\u00edtico que rompe esquemas | Cand\u00e1s 365","twitter:description":"Berl\u00edn, 25 ene (dpa) - El ex presidente de la Euroc\u00e1mara Martin Schulz ser\u00e1 el candidato de la centroizquierda que competir\u00e1 con la conservadora Angela Merkel en las elecciones generales de fines de septiembre en Alemania. Martin Schulz constituye una figura at\u00edpica dentro del \u00e1mbito pol\u00edtico. En su biograf\u00eda confluyen diferentes elementos que, a priori,","twitter:creator":"@nbasturias","twitter:image":"https:\/\/candas365.es\/noticias\/wp-content\/uploads\/2015\/09\/c365noticias.jpg","twitter:label1":"Escrito por","twitter:data1":"Cand\u00e1s 365","twitter:label2":"Tiempo de lectura estimado","twitter:data2":"2 minutos"},"aioseo_meta_data":{"post_id":"41650","title":null,"description":null,"keywords":null,"keyphrases":null,"primary_term":null,"canonical_url":null,"og_title":null,"og_description":null,"og_object_type":"default","og_image_type":"default","og_image_url":null,"og_image_width":null,"og_image_height":null,"og_image_custom_url":null,"og_image_custom_fields":null,"og_video":null,"og_custom_url":null,"og_article_section":null,"og_article_tags":null,"twitter_use_og":false,"twitter_card":"default","twitter_image_type":"default","twitter_image_url":null,"twitter_image_custom_url":null,"twitter_image_custom_fields":null,"twitter_title":null,"twitter_description":null,"schema":{"blockGraphs":[],"customGraphs":[],"default":{"data":{"Article":[],"Course":[],"Dataset":[],"FAQPage":[],"Movie":[],"Person":[],"Product":[],"ProductReview":[],"Car":[],"Recipe":[],"Service":[],"SoftwareApplication":[],"WebPage":[]},"graphName":"","isEnabled":true},"graphs":[],"defaultGraph":"","defaultPostTypeGraph":""},"schema_type":null,"schema_type_options":null,"pillar_content":false,"robots_default":true,"robots_noindex":false,"robots_noarchive":false,"robots_nosnippet":false,"robots_nofollow":false,"robots_noimageindex":false,"robots_noodp":false,"robots_notranslate":false,"robots_max_snippet":null,"robots_max_videopreview":null,"robots_max_imagepreview":"large","priority":null,"frequency":null,"location":null,"local_seo":null,"seo_analyzer_scan_date":"2025-08-25 04:30:39","breadcrumb_settings":null,"limit_modified_date":false,"reviewed_by":null,"open_ai":null,"ai":null,"created":"2020-12-21 13:06:06","updated":"2025-08-25 04:30:39"},"aioseo_breadcrumb":"<div class=\"aioseo-breadcrumbs\"><span class=\"aioseo-breadcrumb\">\n\t<a href=\"https:\/\/candas365.es\/noticias\" title=\"Home\">Home<\/a>\n<\/span><span class=\"aioseo-breadcrumb-separator\">&ndash;<\/span><span class=\"aioseo-breadcrumb\">\n\t<a href=\"https:\/\/candas365.es\/noticias\/category\/actualidad\/\" title=\"Actualidad\">Actualidad<\/a>\n<\/span><span class=\"aioseo-breadcrumb-separator\">&ndash;<\/span><span class=\"aioseo-breadcrumb\">\n\tMartin Schulz, un pol\u00edtico que rompe esquemas\n<\/span><\/div>","aioseo_breadcrumb_json":[{"label":"Home","link":"https:\/\/candas365.es\/noticias"},{"label":"Actualidad","link":"https:\/\/candas365.es\/noticias\/category\/actualidad\/"},{"label":"Martin Schulz, un pol\u00edtico que rompe esquemas","link":"https:\/\/candas365.es\/noticias\/martin-schulz-un-politico-que-rompe-esquemas\/"}],"_links":{"self":[{"href":"https:\/\/candas365.es\/noticias\/wp-json\/wp\/v2\/posts\/41650","targetHints":{"allow":["GET"]}}],"collection":[{"href":"https:\/\/candas365.es\/noticias\/wp-json\/wp\/v2\/posts"}],"about":[{"href":"https:\/\/candas365.es\/noticias\/wp-json\/wp\/v2\/types\/post"}],"author":[{"embeddable":true,"href":"https:\/\/candas365.es\/noticias\/wp-json\/wp\/v2\/users\/1"}],"replies":[{"embeddable":true,"href":"https:\/\/candas365.es\/noticias\/wp-json\/wp\/v2\/comments?post=41650"}],"version-history":[{"count":0,"href":"https:\/\/candas365.es\/noticias\/wp-json\/wp\/v2\/posts\/41650\/revisions"}],"wp:featuredmedia":[{"embeddable":true,"href":"https:\/\/candas365.es\/noticias\/wp-json\/wp\/v2\/media\/16457"}],"wp:attachment":[{"href":"https:\/\/candas365.es\/noticias\/wp-json\/wp\/v2\/media?parent=41650"}],"wp:term":[{"taxonomy":"category","embeddable":true,"href":"https:\/\/candas365.es\/noticias\/wp-json\/wp\/v2\/categories?post=41650"},{"taxonomy":"post_tag","embeddable":true,"href":"https:\/\/candas365.es\/noticias\/wp-json\/wp\/v2\/tags?post=41650"}],"curies":[{"name":"wp","href":"https:\/\/api.w.org\/{rel}","templated":true}]}}