{"id":41648,"date":"2017-01-25T21:45:43","date_gmt":"2017-01-25T21:45:43","guid":{"rendered":"http:\/\/candas365.es\/noticias\/?p=41648"},"modified":"2017-01-25T21:45:43","modified_gmt":"2017-01-25T21:45:43","slug":"la-confianza-empresarial-cae-en-alemania-mas-de-un-punto-en-enero","status":"publish","type":"post","link":"https:\/\/candas365.es\/noticias\/la-confianza-empresarial-cae-en-alemania-mas-de-un-punto-en-enero\/","title":{"rendered":"La confianza empresarial cae en Alemania m\u00e1s de un punto en enero"},"content":{"rendered":"<p><img fetchpriority=\"high\" decoding=\"async\" class=\"alignleft size-medium wp-image-1016\" src=\"https:\/\/candas365.es\/noticias\/wp-content\/uploads\/2014\/09\/industria-360x239.jpg\" alt=\"\" width=\"360\" height=\"239\" srcset=\"https:\/\/candas365.es\/noticias\/wp-content\/uploads\/2014\/09\/industria.jpg 360w, https:\/\/candas365.es\/noticias\/wp-content\/uploads\/2014\/09\/industria-150x100.jpg 150w, https:\/\/candas365.es\/noticias\/wp-content\/uploads\/2014\/09\/industria-84x55.jpg 84w\" sizes=\"(max-width: 360px) 100vw, 360px\" \/>Berl\u00edn, 25 ene (dpa) &#8211; La confianza empresarial cay\u00f3 sorprendentemente en m\u00e1s de un punto en Alemania en el mes de enero, comunic\u00f3 hoy el Instituto de Investigaci\u00f3n Econ\u00f3mica Ifo.<\/p>\n<p>El bar\u00f3metro del Ifo, el principal indicador temprano de la mayor econom\u00eda de Europa, retrocedi\u00f3 desde los 111,0 puntos a los 109,8 enteros.<\/p>\n<p>\u00abLa econom\u00eda alemana comenz\u00f3 el a\u00f1o menos confiada\u00bb, se\u00f1al\u00f3 el presidente del instituto econ\u00f3mico muniqu\u00e9s, Clemens Fuest, al hacer p\u00fablicos los datos.<\/p>\n<p>Las cerca de 7.000 empresas alemanas que son entrevistadas con periodicidad mensual por el Ifo para confeccionar el \u00edndice de clima empresarial se mostraron ligeramente optimistas en relaci\u00f3n a su situaci\u00f3n econ\u00f3mica actual.<\/p>\n<p>As\u00ed, el sub\u00edndice que mide la valoraci\u00f3n de los empresarios de la situaci\u00f3n actual subi\u00f3 desde los 116,7 puntos a los 116,9. No obstante, de cara al pr\u00f3ximo semestre, los empresarios se muestran m\u00e1s cautos y su valoraci\u00f3n cay\u00f3 desde los 105,5 enteros a los 103,2.<\/p>\n<p>Por su parte, el sector de la industria se mostr\u00f3 menos optimista que en mes anterior.<\/p>\n<p>En el caso del comercio al por menor, la situaci\u00f3n actual no se valora como especialmente buena y se mantiene la cautela en relaci\u00f3n al futuro, mientras que en el sector de la construcci\u00f3n, a pesar de que la situaci\u00f3n actual se valora como excelente, de cara a los pr\u00f3ximos seis meses se reduce el optimismo.<\/p>\n<p>&nbsp;<\/p>\n","protected":false},"excerpt":{"rendered":"<p>Berl\u00edn, 25 ene (dpa) &#8211; La confianza empresarial cay\u00f3 sorprendentemente en m\u00e1s de un punto en Alemania en el mes de enero, comunic\u00f3 hoy el Instituto de Investigaci\u00f3n Econ\u00f3mica Ifo. El bar\u00f3metro del Ifo, el principal indicador temprano de la mayor econom\u00eda de Europa, retrocedi\u00f3 desde los 111,0 puntos a los 109,8 enteros. \u00abLa econom\u00eda<\/p>\n","protected":false},"author":1,"featured_media":19556,"comment_status":"closed","ping_status":"closed","sticky":false,"template":"","format":"standard","meta":{"footnotes":""},"categories":[343],"tags":[],"class_list":{"0":"post-41648","1":"post","2":"type-post","3":"status-publish","4":"format-standard","5":"has-post-thumbnail","7":"category-actualidad"},"aioseo_notices":[],"aioseo_head":"\n\t\t<!-- All in One SEO Pro 4.9.6.2 - aioseo.com -->\n\t<meta name=\"description\" content=\"Berl\u00edn, 25 ene (dpa) - La confianza empresarial cay\u00f3 sorprendentemente en m\u00e1s de un punto en Alemania en el mes de enero, comunic\u00f3 hoy el Instituto de Investigaci\u00f3n Econ\u00f3mica Ifo. El bar\u00f3metro del Ifo, el principal indicador temprano de la mayor econom\u00eda de Europa, retrocedi\u00f3 desde los 111,0 puntos a los 109,8 enteros. &quot;La econom\u00eda\" \/>\n\t<meta name=\"robots\" content=\"max-image-preview:large\" \/>\n\t<meta name=\"author\" content=\"Cand\u00e1s 365\"\/>\n\t<meta name=\"google-site-verification\" content=\"UA-32230408-1\" \/>\n\t<meta name=\"msvalidate.01\" content=\"354F3CDFB2DA171B47FBE9ABF1F88D5\" \/>\n\t<meta name=\"keywords\" content=\"actualidad\" \/>\n\t<link rel=\"canonical\" href=\"https:\/\/candas365.es\/noticias\/la-confianza-empresarial-cae-en-alemania-mas-de-un-punto-en-enero\/\" \/>\n\t<meta name=\"generator\" content=\"All in One SEO Pro (AIOSEO) 4.9.6.2\" \/>\n\t\t<meta property=\"og:locale\" content=\"es_ES\" \/>\n\t\t<meta property=\"og:site_name\" content=\"Cand\u00e1s 365\" \/>\n\t\t<meta property=\"og:type\" content=\"article\" \/>\n\t\t<meta property=\"og:title\" content=\"La confianza empresarial cae en Alemania m\u00e1s de un punto en enero | Cand\u00e1s 365\" \/>\n\t\t<meta property=\"og:description\" content=\"Berl\u00edn, 25 ene (dpa) - La confianza empresarial cay\u00f3 sorprendentemente en m\u00e1s de un punto en Alemania en el mes de enero, comunic\u00f3 hoy el Instituto de Investigaci\u00f3n Econ\u00f3mica Ifo. El bar\u00f3metro del Ifo, el principal indicador temprano de la mayor econom\u00eda de Europa, retrocedi\u00f3 desde los 111,0 puntos a los 109,8 enteros. &quot;La econom\u00eda\" \/>\n\t\t<meta property=\"og:url\" content=\"https:\/\/candas365.es\/noticias\/la-confianza-empresarial-cae-en-alemania-mas-de-un-punto-en-enero\/\" \/>\n\t\t<meta property=\"og:image\" content=\"https:\/\/candas365.es\/noticias\/wp-content\/uploads\/2015\/11\/euros.jpg\" \/>\n\t\t<meta property=\"og:image:secure_url\" content=\"https:\/\/candas365.es\/noticias\/wp-content\/uploads\/2015\/11\/euros.jpg\" \/>\n\t\t<meta property=\"og:image:width\" content=\"655\" \/>\n\t\t<meta property=\"og:image:height\" content=\"360\" \/>\n\t\t<meta property=\"article:published_time\" content=\"2017-01-25T21:45:43+00:00\" \/>\n\t\t<meta property=\"article:modified_time\" content=\"2017-01-25T21:45:43+00:00\" \/>\n\t\t<meta property=\"article:publisher\" content=\"https:\/\/www.facebook.com\/Nachofdezber\" \/>\n\t\t<meta property=\"article:author\" content=\"https:\/\/www.facebook.com\/carrenoactualidad\" \/>\n\t\t<meta name=\"twitter:card\" content=\"summary_large_image\" \/>\n\t\t<meta name=\"twitter:site\" content=\"@NabercoDigital\" \/>\n\t\t<meta name=\"twitter:title\" content=\"La confianza empresarial cae en Alemania m\u00e1s de un punto en enero | Cand\u00e1s 365\" \/>\n\t\t<meta name=\"twitter:description\" content=\"Berl\u00edn, 25 ene (dpa) - La confianza empresarial cay\u00f3 sorprendentemente en m\u00e1s de un punto en Alemania en el mes de enero, comunic\u00f3 hoy el Instituto de Investigaci\u00f3n Econ\u00f3mica Ifo. El bar\u00f3metro del Ifo, el principal indicador temprano de la mayor econom\u00eda de Europa, retrocedi\u00f3 desde los 111,0 puntos a los 109,8 enteros. &quot;La econom\u00eda\" \/>\n\t\t<meta name=\"twitter:creator\" content=\"@nbasturias\" \/>\n\t\t<meta name=\"twitter:image\" content=\"https:\/\/candas365.es\/noticias\/wp-content\/uploads\/2015\/11\/euros.jpg\" \/>\n\t\t<meta name=\"twitter:label1\" content=\"Escrito por\" \/>\n\t\t<meta name=\"twitter:data1\" content=\"Cand\u00e1s 365\" \/>\n\t\t<meta name=\"twitter:label2\" content=\"Tiempo de lectura estimado\" \/>\n\t\t<meta name=\"twitter:data2\" content=\"1 minuto\" \/>\n\t\t<script type=\"application\/ld+json\" class=\"aioseo-schema\">\n\t\t\t{\"@context\":\"https:\\\/\\\/schema.org\",\"@graph\":[{\"@type\":\"BreadcrumbList\",\"@id\":\"https:\\\/\\\/candas365.es\\\/noticias\\\/la-confianza-empresarial-cae-en-alemania-mas-de-un-punto-en-enero\\\/#breadcrumblist\",\"itemListElement\":[{\"@type\":\"ListItem\",\"@id\":\"https:\\\/\\\/candas365.es\\\/noticias#listItem\",\"position\":1,\"name\":\"Home\",\"item\":\"https:\\\/\\\/candas365.es\\\/noticias\",\"nextItem\":{\"@type\":\"ListItem\",\"@id\":\"https:\\\/\\\/candas365.es\\\/noticias\\\/category\\\/actualidad\\\/#listItem\",\"name\":\"Actualidad\"}},{\"@type\":\"ListItem\",\"@id\":\"https:\\\/\\\/candas365.es\\\/noticias\\\/category\\\/actualidad\\\/#listItem\",\"position\":2,\"name\":\"Actualidad\",\"item\":\"https:\\\/\\\/candas365.es\\\/noticias\\\/category\\\/actualidad\\\/\",\"nextItem\":{\"@type\":\"ListItem\",\"@id\":\"https:\\\/\\\/candas365.es\\\/noticias\\\/la-confianza-empresarial-cae-en-alemania-mas-de-un-punto-en-enero\\\/#listItem\",\"name\":\"La confianza empresarial cae en Alemania m\\u00e1s de un punto en enero\"},\"previousItem\":{\"@type\":\"ListItem\",\"@id\":\"https:\\\/\\\/candas365.es\\\/noticias#listItem\",\"name\":\"Home\"}},{\"@type\":\"ListItem\",\"@id\":\"https:\\\/\\\/candas365.es\\\/noticias\\\/la-confianza-empresarial-cae-en-alemania-mas-de-un-punto-en-enero\\\/#listItem\",\"position\":3,\"name\":\"La confianza empresarial cae en Alemania m\\u00e1s de un punto en enero\",\"previousItem\":{\"@type\":\"ListItem\",\"@id\":\"https:\\\/\\\/candas365.es\\\/noticias\\\/category\\\/actualidad\\\/#listItem\",\"name\":\"Actualidad\"}}]},{\"@type\":\"NewsArticle\",\"@id\":\"https:\\\/\\\/candas365.es\\\/noticias\\\/la-confianza-empresarial-cae-en-alemania-mas-de-un-punto-en-enero\\\/#newsarticle\",\"name\":\"La confianza empresarial cae en Alemania m\\u00e1s de un punto en enero | Cand\\u00e1s 365\",\"headline\":\"La confianza empresarial cae en Alemania m\\u00e1s de un punto en enero\",\"author\":{\"@id\":\"https:\\\/\\\/candas365.es\\\/noticias\\\/author\\\/admin\\\/#author\"},\"publisher\":{\"@id\":\"https:\\\/\\\/candas365.es\\\/noticias\\\/#organization\"},\"image\":{\"@type\":\"ImageObject\",\"url\":\"https:\\\/\\\/candas365.es\\\/noticias\\\/wp-content\\\/uploads\\\/2015\\\/11\\\/euros.jpg\",\"width\":655,\"height\":360},\"datePublished\":\"2017-01-25T21:45:43+01:00\",\"dateModified\":\"2017-01-25T21:45:43+01:00\",\"inLanguage\":\"es-ES\",\"mainEntityOfPage\":{\"@id\":\"https:\\\/\\\/candas365.es\\\/noticias\\\/la-confianza-empresarial-cae-en-alemania-mas-de-un-punto-en-enero\\\/#webpage\"},\"isPartOf\":{\"@id\":\"https:\\\/\\\/candas365.es\\\/noticias\\\/la-confianza-empresarial-cae-en-alemania-mas-de-un-punto-en-enero\\\/#webpage\"},\"articleSection\":\"Actualidad\",\"dateline\":\"Publicado el enero 25, 2017.\"},{\"@type\":\"Organization\",\"@id\":\"https:\\\/\\\/candas365.es\\\/noticias\\\/#organization\",\"name\":\"Cand\\u00e1s 365\",\"description\":\"Cand\\u00e1s 365 es un diario digital independiente, fundado en 2012, con base en Asturias. Informamos con rigor sobre actualidad, sociedad, cultura y ocio, con una mirada local y global.\",\"url\":\"https:\\\/\\\/candas365.es\\\/noticias\\\/\",\"email\":\"info@candas365.es\",\"telephone\":\"+34652131393\",\"foundingDate\":\"2012-06-10\",\"logo\":{\"@type\":\"ImageObject\",\"url\":\"https:\\\/\\\/candas365.es\\\/noticias\\\/wp-content\\\/uploads\\\/2024\\\/09\\\/Candas-365-Redes.jpg\",\"@id\":\"https:\\\/\\\/candas365.es\\\/noticias\\\/la-confianza-empresarial-cae-en-alemania-mas-de-un-punto-en-enero\\\/#organizationLogo\",\"width\":1152,\"height\":864,\"caption\":\"Cand\\u00e1s 365 Redes\"},\"image\":{\"@id\":\"https:\\\/\\\/candas365.es\\\/noticias\\\/la-confianza-empresarial-cae-en-alemania-mas-de-un-punto-en-enero\\\/#organizationLogo\"},\"sameAs\":[\"https:\\\/\\\/www.facebook.com\\\/Nachofdezber\",\"https:\\\/\\\/x.com\\\/NabercoDigital\",\"https:\\\/\\\/www.instagram.com\\\/nachofdezber\\\/\",\"https:\\\/\\\/www.youtube.com\\\/channel\\\/UCZP-2wLEB9Rv6erhFmqVnvg\"],\"address\":{\"@id\":\"https:\\\/\\\/candas365.es\\\/noticias\\\/#postaladdress\",\"@type\":\"PostalAddress\",\"streetAddress\":\"san antonio 4, san antonio 4\",\"postalCode\":\"33430\",\"addressLocality\":\"Cand\\u00e1s\",\"addressRegion\":\"Asturias\",\"addressCountry\":\"ES\"}},{\"@type\":\"Person\",\"@id\":\"https:\\\/\\\/candas365.es\\\/noticias\\\/author\\\/admin\\\/#author\",\"url\":\"https:\\\/\\\/candas365.es\\\/noticias\\\/author\\\/admin\\\/\",\"name\":\"Cand\\u00e1s 365\",\"image\":{\"@type\":\"ImageObject\",\"@id\":\"https:\\\/\\\/candas365.es\\\/noticias\\\/la-confianza-empresarial-cae-en-alemania-mas-de-un-punto-en-enero\\\/#authorImage\",\"url\":\"https:\\\/\\\/secure.gravatar.com\\\/avatar\\\/496a8e03d0c493ede1718b7934145dbdf8d89be1036b0eec9544e1094c9de390?s=96&d=mm&r=g\",\"width\":96,\"height\":96,\"caption\":\"Cand\\u00e1s 365\"},\"sameAs\":[\"https:\\\/\\\/www.facebook.com\\\/carrenoactualidad\",\"https:\\\/\\\/twitter.com\\\/nbasturias\",\"https:\\\/\\\/www.instagram.com\\\/nachofdezber\\\/\",\"https:\\\/\\\/www.youtube.com\\\/channel\\\/UCZP-2wLEB9Rv6erhFmqVnvg\"]},{\"@type\":\"WebPage\",\"@id\":\"https:\\\/\\\/candas365.es\\\/noticias\\\/la-confianza-empresarial-cae-en-alemania-mas-de-un-punto-en-enero\\\/#webpage\",\"url\":\"https:\\\/\\\/candas365.es\\\/noticias\\\/la-confianza-empresarial-cae-en-alemania-mas-de-un-punto-en-enero\\\/\",\"name\":\"La confianza empresarial cae en Alemania m\\u00e1s de un punto en enero | Cand\\u00e1s 365\",\"description\":\"Berl\\u00edn, 25 ene (dpa) - La confianza empresarial cay\\u00f3 sorprendentemente en m\\u00e1s de un punto en Alemania en el mes de enero, comunic\\u00f3 hoy el Instituto de Investigaci\\u00f3n Econ\\u00f3mica Ifo. El bar\\u00f3metro del Ifo, el principal indicador temprano de la mayor econom\\u00eda de Europa, retrocedi\\u00f3 desde los 111,0 puntos a los 109,8 enteros. \\\"La econom\\u00eda\",\"inLanguage\":\"es-ES\",\"isPartOf\":{\"@id\":\"https:\\\/\\\/candas365.es\\\/noticias\\\/#website\"},\"breadcrumb\":{\"@id\":\"https:\\\/\\\/candas365.es\\\/noticias\\\/la-confianza-empresarial-cae-en-alemania-mas-de-un-punto-en-enero\\\/#breadcrumblist\"},\"author\":{\"@id\":\"https:\\\/\\\/candas365.es\\\/noticias\\\/author\\\/admin\\\/#author\"},\"creator\":{\"@id\":\"https:\\\/\\\/candas365.es\\\/noticias\\\/author\\\/admin\\\/#author\"},\"image\":{\"@type\":\"ImageObject\",\"url\":\"https:\\\/\\\/candas365.es\\\/noticias\\\/wp-content\\\/uploads\\\/2015\\\/11\\\/euros.jpg\",\"@id\":\"https:\\\/\\\/candas365.es\\\/noticias\\\/la-confianza-empresarial-cae-en-alemania-mas-de-un-punto-en-enero\\\/#mainImage\",\"width\":655,\"height\":360},\"primaryImageOfPage\":{\"@id\":\"https:\\\/\\\/candas365.es\\\/noticias\\\/la-confianza-empresarial-cae-en-alemania-mas-de-un-punto-en-enero\\\/#mainImage\"},\"datePublished\":\"2017-01-25T21:45:43+01:00\",\"dateModified\":\"2017-01-25T21:45:43+01:00\"},{\"@type\":\"WebSite\",\"@id\":\"https:\\\/\\\/candas365.es\\\/noticias\\\/#website\",\"url\":\"https:\\\/\\\/candas365.es\\\/noticias\\\/\",\"name\":\"Cand\\u00e1s 365\",\"alternateName\":\"Cand\\u00e1s 365 Noticias\",\"description\":\"Actualidad desde Carre\\u00f1o para el mundo\",\"inLanguage\":\"es-ES\",\"publisher\":{\"@id\":\"https:\\\/\\\/candas365.es\\\/noticias\\\/#organization\"}}]}\n\t\t<\/script>\n\t\t<!-- All in One SEO Pro -->\r\n\t\t<title>La confianza empresarial cae en Alemania m\u00e1s de un punto en enero | Cand\u00e1s 365<\/title>\n\n","aioseo_head_json":{"title":"La confianza empresarial cae en Alemania m\u00e1s de un punto en enero | Cand\u00e1s 365","description":"Berl\u00edn, 25 ene (dpa) - La confianza empresarial cay\u00f3 sorprendentemente en m\u00e1s de un punto en Alemania en el mes de enero, comunic\u00f3 hoy el Instituto de Investigaci\u00f3n Econ\u00f3mica Ifo. El bar\u00f3metro del Ifo, el principal indicador temprano de la mayor econom\u00eda de Europa, retrocedi\u00f3 desde los 111,0 puntos a los 109,8 enteros. \"La econom\u00eda","canonical_url":"https:\/\/candas365.es\/noticias\/la-confianza-empresarial-cae-en-alemania-mas-de-un-punto-en-enero\/","robots":"max-image-preview:large","keywords":"actualidad","webmasterTools":{"google-site-verification":"UA-32230408-1","msvalidate.01":"354F3CDFB2DA171B47FBE9ABF1F88D5","miscellaneous":""},"schema":{"@context":"https:\/\/schema.org","@graph":[{"@type":"BreadcrumbList","@id":"https:\/\/candas365.es\/noticias\/la-confianza-empresarial-cae-en-alemania-mas-de-un-punto-en-enero\/#breadcrumblist","itemListElement":[{"@type":"ListItem","@id":"https:\/\/candas365.es\/noticias#listItem","position":1,"name":"Home","item":"https:\/\/candas365.es\/noticias","nextItem":{"@type":"ListItem","@id":"https:\/\/candas365.es\/noticias\/category\/actualidad\/#listItem","name":"Actualidad"}},{"@type":"ListItem","@id":"https:\/\/candas365.es\/noticias\/category\/actualidad\/#listItem","position":2,"name":"Actualidad","item":"https:\/\/candas365.es\/noticias\/category\/actualidad\/","nextItem":{"@type":"ListItem","@id":"https:\/\/candas365.es\/noticias\/la-confianza-empresarial-cae-en-alemania-mas-de-un-punto-en-enero\/#listItem","name":"La confianza empresarial cae en Alemania m\u00e1s de un punto en enero"},"previousItem":{"@type":"ListItem","@id":"https:\/\/candas365.es\/noticias#listItem","name":"Home"}},{"@type":"ListItem","@id":"https:\/\/candas365.es\/noticias\/la-confianza-empresarial-cae-en-alemania-mas-de-un-punto-en-enero\/#listItem","position":3,"name":"La confianza empresarial cae en Alemania m\u00e1s de un punto en enero","previousItem":{"@type":"ListItem","@id":"https:\/\/candas365.es\/noticias\/category\/actualidad\/#listItem","name":"Actualidad"}}]},{"@type":"NewsArticle","@id":"https:\/\/candas365.es\/noticias\/la-confianza-empresarial-cae-en-alemania-mas-de-un-punto-en-enero\/#newsarticle","name":"La confianza empresarial cae en Alemania m\u00e1s de un punto en enero | Cand\u00e1s 365","headline":"La confianza empresarial cae en Alemania m\u00e1s de un punto en enero","author":{"@id":"https:\/\/candas365.es\/noticias\/author\/admin\/#author"},"publisher":{"@id":"https:\/\/candas365.es\/noticias\/#organization"},"image":{"@type":"ImageObject","url":"https:\/\/candas365.es\/noticias\/wp-content\/uploads\/2015\/11\/euros.jpg","width":655,"height":360},"datePublished":"2017-01-25T21:45:43+01:00","dateModified":"2017-01-25T21:45:43+01:00","inLanguage":"es-ES","mainEntityOfPage":{"@id":"https:\/\/candas365.es\/noticias\/la-confianza-empresarial-cae-en-alemania-mas-de-un-punto-en-enero\/#webpage"},"isPartOf":{"@id":"https:\/\/candas365.es\/noticias\/la-confianza-empresarial-cae-en-alemania-mas-de-un-punto-en-enero\/#webpage"},"articleSection":"Actualidad","dateline":"Publicado el enero 25, 2017."},{"@type":"Organization","@id":"https:\/\/candas365.es\/noticias\/#organization","name":"Cand\u00e1s 365","description":"Cand\u00e1s 365 es un diario digital independiente, fundado en 2012, con base en Asturias. Informamos con rigor sobre actualidad, sociedad, cultura y ocio, con una mirada local y global.","url":"https:\/\/candas365.es\/noticias\/","email":"info@candas365.es","telephone":"+34652131393","foundingDate":"2012-06-10","logo":{"@type":"ImageObject","url":"https:\/\/candas365.es\/noticias\/wp-content\/uploads\/2024\/09\/Candas-365-Redes.jpg","@id":"https:\/\/candas365.es\/noticias\/la-confianza-empresarial-cae-en-alemania-mas-de-un-punto-en-enero\/#organizationLogo","width":1152,"height":864,"caption":"Cand\u00e1s 365 Redes"},"image":{"@id":"https:\/\/candas365.es\/noticias\/la-confianza-empresarial-cae-en-alemania-mas-de-un-punto-en-enero\/#organizationLogo"},"sameAs":["https:\/\/www.facebook.com\/Nachofdezber","https:\/\/x.com\/NabercoDigital","https:\/\/www.instagram.com\/nachofdezber\/","https:\/\/www.youtube.com\/channel\/UCZP-2wLEB9Rv6erhFmqVnvg"],"address":{"@id":"https:\/\/candas365.es\/noticias\/#postaladdress","@type":"PostalAddress","streetAddress":"san antonio 4, san antonio 4","postalCode":"33430","addressLocality":"Cand\u00e1s","addressRegion":"Asturias","addressCountry":"ES"}},{"@type":"Person","@id":"https:\/\/candas365.es\/noticias\/author\/admin\/#author","url":"https:\/\/candas365.es\/noticias\/author\/admin\/","name":"Cand\u00e1s 365","image":{"@type":"ImageObject","@id":"https:\/\/candas365.es\/noticias\/la-confianza-empresarial-cae-en-alemania-mas-de-un-punto-en-enero\/#authorImage","url":"https:\/\/secure.gravatar.com\/avatar\/496a8e03d0c493ede1718b7934145dbdf8d89be1036b0eec9544e1094c9de390?s=96&d=mm&r=g","width":96,"height":96,"caption":"Cand\u00e1s 365"},"sameAs":["https:\/\/www.facebook.com\/carrenoactualidad","https:\/\/twitter.com\/nbasturias","https:\/\/www.instagram.com\/nachofdezber\/","https:\/\/www.youtube.com\/channel\/UCZP-2wLEB9Rv6erhFmqVnvg"]},{"@type":"WebPage","@id":"https:\/\/candas365.es\/noticias\/la-confianza-empresarial-cae-en-alemania-mas-de-un-punto-en-enero\/#webpage","url":"https:\/\/candas365.es\/noticias\/la-confianza-empresarial-cae-en-alemania-mas-de-un-punto-en-enero\/","name":"La confianza empresarial cae en Alemania m\u00e1s de un punto en enero | Cand\u00e1s 365","description":"Berl\u00edn, 25 ene (dpa) - La confianza empresarial cay\u00f3 sorprendentemente en m\u00e1s de un punto en Alemania en el mes de enero, comunic\u00f3 hoy el Instituto de Investigaci\u00f3n Econ\u00f3mica Ifo. El bar\u00f3metro del Ifo, el principal indicador temprano de la mayor econom\u00eda de Europa, retrocedi\u00f3 desde los 111,0 puntos a los 109,8 enteros. \"La econom\u00eda","inLanguage":"es-ES","isPartOf":{"@id":"https:\/\/candas365.es\/noticias\/#website"},"breadcrumb":{"@id":"https:\/\/candas365.es\/noticias\/la-confianza-empresarial-cae-en-alemania-mas-de-un-punto-en-enero\/#breadcrumblist"},"author":{"@id":"https:\/\/candas365.es\/noticias\/author\/admin\/#author"},"creator":{"@id":"https:\/\/candas365.es\/noticias\/author\/admin\/#author"},"image":{"@type":"ImageObject","url":"https:\/\/candas365.es\/noticias\/wp-content\/uploads\/2015\/11\/euros.jpg","@id":"https:\/\/candas365.es\/noticias\/la-confianza-empresarial-cae-en-alemania-mas-de-un-punto-en-enero\/#mainImage","width":655,"height":360},"primaryImageOfPage":{"@id":"https:\/\/candas365.es\/noticias\/la-confianza-empresarial-cae-en-alemania-mas-de-un-punto-en-enero\/#mainImage"},"datePublished":"2017-01-25T21:45:43+01:00","dateModified":"2017-01-25T21:45:43+01:00"},{"@type":"WebSite","@id":"https:\/\/candas365.es\/noticias\/#website","url":"https:\/\/candas365.es\/noticias\/","name":"Cand\u00e1s 365","alternateName":"Cand\u00e1s 365 Noticias","description":"Actualidad desde Carre\u00f1o para el mundo","inLanguage":"es-ES","publisher":{"@id":"https:\/\/candas365.es\/noticias\/#organization"}}]},"og:locale":"es_ES","og:site_name":"Cand\u00e1s 365","og:type":"article","og:title":"La confianza empresarial cae en Alemania m\u00e1s de un punto en enero | Cand\u00e1s 365","og:description":"Berl\u00edn, 25 ene (dpa) - La confianza empresarial cay\u00f3 sorprendentemente en m\u00e1s de un punto en Alemania en el mes de enero, comunic\u00f3 hoy el Instituto de Investigaci\u00f3n Econ\u00f3mica Ifo. El bar\u00f3metro del Ifo, el principal indicador temprano de la mayor econom\u00eda de Europa, retrocedi\u00f3 desde los 111,0 puntos a los 109,8 enteros. &quot;La econom\u00eda","og:url":"https:\/\/candas365.es\/noticias\/la-confianza-empresarial-cae-en-alemania-mas-de-un-punto-en-enero\/","og:image":"https:\/\/candas365.es\/noticias\/wp-content\/uploads\/2015\/11\/euros.jpg","og:image:secure_url":"https:\/\/candas365.es\/noticias\/wp-content\/uploads\/2015\/11\/euros.jpg","og:image:width":655,"og:image:height":360,"article:published_time":"2017-01-25T21:45:43+00:00","article:modified_time":"2017-01-25T21:45:43+00:00","article:publisher":"https:\/\/www.facebook.com\/Nachofdezber","article:author":"https:\/\/www.facebook.com\/carrenoactualidad","twitter:card":"summary_large_image","twitter:site":"@NabercoDigital","twitter:title":"La confianza empresarial cae en Alemania m\u00e1s de un punto en enero | Cand\u00e1s 365","twitter:description":"Berl\u00edn, 25 ene (dpa) - La confianza empresarial cay\u00f3 sorprendentemente en m\u00e1s de un punto en Alemania en el mes de enero, comunic\u00f3 hoy el Instituto de Investigaci\u00f3n Econ\u00f3mica Ifo. El bar\u00f3metro del Ifo, el principal indicador temprano de la mayor econom\u00eda de Europa, retrocedi\u00f3 desde los 111,0 puntos a los 109,8 enteros. &quot;La econom\u00eda","twitter:creator":"@nbasturias","twitter:image":"https:\/\/candas365.es\/noticias\/wp-content\/uploads\/2015\/11\/euros.jpg","twitter:label1":"Escrito por","twitter:data1":"Cand\u00e1s 365","twitter:label2":"Tiempo de lectura estimado","twitter:data2":"1 minuto"},"aioseo_meta_data":{"post_id":"41648","title":null,"description":null,"keywords":null,"keyphrases":null,"primary_term":null,"canonical_url":null,"og_title":null,"og_description":null,"og_object_type":"default","og_image_type":"default","og_image_url":null,"og_image_width":null,"og_image_height":null,"og_image_custom_url":null,"og_image_custom_fields":null,"og_video":null,"og_custom_url":null,"og_article_section":null,"og_article_tags":null,"twitter_use_og":false,"twitter_card":"default","twitter_image_type":"default","twitter_image_url":null,"twitter_image_custom_url":null,"twitter_image_custom_fields":null,"twitter_title":null,"twitter_description":null,"schema":{"blockGraphs":[],"customGraphs":[],"default":{"data":{"Article":[],"Course":[],"Dataset":[],"FAQPage":[],"Movie":[],"Person":[],"Product":[],"ProductReview":[],"Car":[],"Recipe":[],"Service":[],"SoftwareApplication":[],"WebPage":[]},"graphName":"","isEnabled":true},"graphs":[],"defaultGraph":"","defaultPostTypeGraph":""},"schema_type":null,"schema_type_options":null,"pillar_content":false,"robots_default":true,"robots_noindex":false,"robots_noarchive":false,"robots_nosnippet":false,"robots_nofollow":false,"robots_noimageindex":false,"robots_noodp":false,"robots_notranslate":false,"robots_max_snippet":null,"robots_max_videopreview":null,"robots_max_imagepreview":"large","priority":null,"frequency":null,"location":null,"local_seo":null,"seo_analyzer_scan_date":"2025-08-25 04:30:38","breadcrumb_settings":null,"limit_modified_date":false,"reviewed_by":null,"open_ai":null,"ai":null,"created":"2020-12-21 13:06:06","updated":"2025-08-25 04:30:38"},"aioseo_breadcrumb":"<div class=\"aioseo-breadcrumbs\"><span class=\"aioseo-breadcrumb\">\n\t<a href=\"https:\/\/candas365.es\/noticias\" title=\"Home\">Home<\/a>\n<\/span><span class=\"aioseo-breadcrumb-separator\">&ndash;<\/span><span class=\"aioseo-breadcrumb\">\n\t<a href=\"https:\/\/candas365.es\/noticias\/category\/actualidad\/\" title=\"Actualidad\">Actualidad<\/a>\n<\/span><span class=\"aioseo-breadcrumb-separator\">&ndash;<\/span><span class=\"aioseo-breadcrumb\">\n\tLa confianza empresarial cae en Alemania m\u00e1s de un punto en enero\n<\/span><\/div>","aioseo_breadcrumb_json":[{"label":"Home","link":"https:\/\/candas365.es\/noticias"},{"label":"Actualidad","link":"https:\/\/candas365.es\/noticias\/category\/actualidad\/"},{"label":"La confianza empresarial cae en Alemania m\u00e1s de un punto en enero","link":"https:\/\/candas365.es\/noticias\/la-confianza-empresarial-cae-en-alemania-mas-de-un-punto-en-enero\/"}],"_links":{"self":[{"href":"https:\/\/candas365.es\/noticias\/wp-json\/wp\/v2\/posts\/41648","targetHints":{"allow":["GET"]}}],"collection":[{"href":"https:\/\/candas365.es\/noticias\/wp-json\/wp\/v2\/posts"}],"about":[{"href":"https:\/\/candas365.es\/noticias\/wp-json\/wp\/v2\/types\/post"}],"author":[{"embeddable":true,"href":"https:\/\/candas365.es\/noticias\/wp-json\/wp\/v2\/users\/1"}],"replies":[{"embeddable":true,"href":"https:\/\/candas365.es\/noticias\/wp-json\/wp\/v2\/comments?post=41648"}],"version-history":[{"count":0,"href":"https:\/\/candas365.es\/noticias\/wp-json\/wp\/v2\/posts\/41648\/revisions"}],"wp:featuredmedia":[{"embeddable":true,"href":"https:\/\/candas365.es\/noticias\/wp-json\/wp\/v2\/media\/19556"}],"wp:attachment":[{"href":"https:\/\/candas365.es\/noticias\/wp-json\/wp\/v2\/media?parent=41648"}],"wp:term":[{"taxonomy":"category","embeddable":true,"href":"https:\/\/candas365.es\/noticias\/wp-json\/wp\/v2\/categories?post=41648"},{"taxonomy":"post_tag","embeddable":true,"href":"https:\/\/candas365.es\/noticias\/wp-json\/wp\/v2\/tags?post=41648"}],"curies":[{"name":"wp","href":"https:\/\/api.w.org\/{rel}","templated":true}]}}