{"id":41586,"date":"2017-01-24T22:27:47","date_gmt":"2017-01-24T22:27:47","guid":{"rendered":"http:\/\/candas365.es\/noticias\/?p=41586"},"modified":"2017-01-24T22:27:47","modified_gmt":"2017-01-24T22:27:47","slug":"banez-anuncia-la-inversion-de-36-millones-de-euros-en-la-estrategia-espanola-de-seguridad-y-salud-en-el-trabajo-hasta-2020","status":"publish","type":"post","link":"https:\/\/candas365.es\/noticias\/banez-anuncia-la-inversion-de-36-millones-de-euros-en-la-estrategia-espanola-de-seguridad-y-salud-en-el-trabajo-hasta-2020\/","title":{"rendered":"B\u00e1\u00f1ez anuncia la inversi\u00f3n de 36 millones de euros en la Estrategia Espa\u00f1ola de Seguridad y Salud en el Trabajo hasta 2020"},"content":{"rendered":"<p><img fetchpriority=\"high\" decoding=\"async\" class=\"alignleft size-medium wp-image-41587\" src=\"https:\/\/candas365.es\/noticias\/wp-content\/uploads\/2017\/01\/D84D-6FA1-HipertensionI_redimensionar-360x239.jpg\" alt=\"\" width=\"360\" height=\"239\" srcset=\"https:\/\/candas365.es\/noticias\/wp-content\/uploads\/2017\/01\/D84D-6FA1-HipertensionI_redimensionar-360x239.jpg 360w, https:\/\/candas365.es\/noticias\/wp-content\/uploads\/2017\/01\/D84D-6FA1-HipertensionI_redimensionar-150x99.jpg 150w, https:\/\/candas365.es\/noticias\/wp-content\/uploads\/2017\/01\/D84D-6FA1-HipertensionI_redimensionar-450x298.jpg 450w, https:\/\/candas365.es\/noticias\/wp-content\/uploads\/2017\/01\/D84D-6FA1-HipertensionI_redimensionar-84x55.jpg 84w, https:\/\/candas365.es\/noticias\/wp-content\/uploads\/2017\/01\/D84D-6FA1-HipertensionI_redimensionar.jpg 496w\" sizes=\"(max-width: 360px) 100vw, 360px\" \/>La ministra de Empleo y Seguridad Social, F\u00e1tima B\u00e1\u00f1ez, ha anunciado hoy que el Gobierno invertir\u00e1 36 millones de euros en la Estrategia Espa\u00f1ola de Seguridad y Salud en el Trabajo hasta 2020, una iniciativa que cont\u00f3 con el consenso de los Agentes Sociales y las Comunidades Aut\u00f3nomas, \u00abquien suma por la prevenci\u00f3n, suma por la calidad\u00bb.<\/p>\n<p>\u200bDurante la entrega de los premios Asepeyo a las mejores pr\u00e1cticas preventivas, la ministra ha felicitado a los galardonados, de quienes ha dicho que con sus buenas pr\u00e1cticas preventivas constituyen un aspecto esencial de la \u00abnueva cultura\u00bb del empleo que incorpora la estabilidad, los derechos, la formaci\u00f3n y la compatibilidad de la vida familiar y laboral. \u00abUna cultura que apuesta por la prevenci\u00f3n porque la calidad en el empleo es tambi\u00e9n un empleo seguro\u00bb, afirm\u00f3 la ministra, quien a\u00f1adi\u00f3 que en esta legislatura la prevenci\u00f3n ser\u00e1 parte importante de la agenda integran de la calidad en el empleo.<\/p>\n<p>F\u00e1tima B\u00e1\u00f1ez ha destacado el compromiso de su Departamento con iniciativas cuyo objetivo es fomentar y consolidar la cultura preventiva, \u00abque no s\u00f3lo nos sirva para reducir los \u00edndices de siniestralidad laboral, sino tambi\u00e9n, mejorar las condiciones de seguridad y salud en el trabajo\u00bb.<\/p>\n<p>A su juicio, con este compromiso gana toda la sociedad, desde las empresas, que cumplen con sus obligaciones y contribuyen a reducir la siniestralidad laboral y el absentismo, a los trabajadores que mejoran sus condiciones de vida y trabajo, as\u00ed como la Seguridad Social, \u00abcolumna vertebral de nuestro sistema de bienestar\u00bb.<\/p>\n<p>En Espa\u00f1a, ha dicho, todas las administraciones p\u00fablicas con competencias en este \u00e1mbito deben ser \u00abaliadas por la prevenci\u00f3n, en la reducci\u00f3n tanto de la siniestralidad laboral y las enfermedades profesionales como, por supuesto, la mejora de las condiciones de seguridad y salud en el trabajo\u00bb.<\/p>\n<p>B\u00e1\u00f1ez ha recordado que en las pr\u00f3ximas semanas el Gobierno abrir\u00e1 la mesa de negociaci\u00f3n con los interlocutores sociales para hablar de la prevenci\u00f3n de riesgos laborales, el descenso de la siniestralidad laboral y el papel de las Mutuas de Accidentes de Trabajo y Enfermedades Profesionales. \u00abSabemos que el Gobierno no est\u00e1 solo en la mejora de la seguridad y de la salud en el trabajo\u00bb.<\/p>\n<p>Uno de los objetivos, ha se\u00f1alado, ser\u00e1 mejorar el sistema adapt\u00e1ndolo a las nuevas circunstancias sociolaborales. \u00abQueremos estar preparados para construir los empleos de calidad del futuro. Espa\u00f1a no puede y no debe competir en el mundo en salarios bajos sino que puede y debe hacerlo en Talento, un talento que se cultiva y se cuida tambi\u00e9n con una cultura preventiva\u00bb.<\/p>\n<p>La responsable de Empleo ha invitado a empresas, mutuas y administraciones \u00aba trabajar juntos por el empleo de calidad, estable, con derechos, dignamente retribuido, por la formaci\u00f3n de los trabajadores y tambi\u00e9n -es una demanda generalizada en nuestro pa\u00eds- por trabajos compatibles con la vida en una cultura horaria flexible y racional\u00bb.<\/p>\n<p>&nbsp;<\/p>\n","protected":false},"excerpt":{"rendered":"<p>La ministra de Empleo y Seguridad Social, F\u00e1tima B\u00e1\u00f1ez, ha anunciado hoy que el Gobierno invertir\u00e1 36 millones de euros en la Estrategia Espa\u00f1ola de Seguridad y Salud en el Trabajo hasta 2020, una iniciativa que cont\u00f3 con el consenso de los Agentes Sociales y las Comunidades Aut\u00f3nomas, \u00abquien suma por la prevenci\u00f3n, suma por<\/p>\n","protected":false},"author":1,"featured_media":41587,"comment_status":"closed","ping_status":"closed","sticky":false,"template":"","format":"standard","meta":{"footnotes":""},"categories":[343],"tags":[],"class_list":{"0":"post-41586","1":"post","2":"type-post","3":"status-publish","4":"format-standard","5":"has-post-thumbnail","7":"category-actualidad"},"aioseo_notices":[],"aioseo_head":"\n\t\t<!-- All in One SEO Pro 4.9.6.2 - aioseo.com -->\n\t<meta name=\"description\" content=\"La ministra de Empleo y Seguridad Social, F\u00e1tima B\u00e1\u00f1ez, ha anunciado hoy que el Gobierno invertir\u00e1 36 millones de euros en la Estrategia Espa\u00f1ola de Seguridad y Salud en el Trabajo hasta 2020, una iniciativa que cont\u00f3 con el consenso de los Agentes Sociales y las Comunidades Aut\u00f3nomas, &quot;quien suma por la prevenci\u00f3n, suma por\" \/>\n\t<meta name=\"robots\" content=\"max-image-preview:large\" \/>\n\t<meta name=\"author\" content=\"Cand\u00e1s 365\"\/>\n\t<meta name=\"google-site-verification\" content=\"UA-32230408-1\" \/>\n\t<meta name=\"msvalidate.01\" content=\"354F3CDFB2DA171B47FBE9ABF1F88D5\" \/>\n\t<meta name=\"keywords\" content=\"actualidad\" \/>\n\t<link rel=\"canonical\" href=\"https:\/\/candas365.es\/noticias\/banez-anuncia-la-inversion-de-36-millones-de-euros-en-la-estrategia-espanola-de-seguridad-y-salud-en-el-trabajo-hasta-2020\/\" \/>\n\t<meta name=\"generator\" content=\"All in One SEO Pro (AIOSEO) 4.9.6.2\" \/>\n\t\t<meta property=\"og:locale\" content=\"es_ES\" \/>\n\t\t<meta property=\"og:site_name\" content=\"Cand\u00e1s 365\" \/>\n\t\t<meta property=\"og:type\" content=\"article\" \/>\n\t\t<meta property=\"og:title\" content=\"B\u00e1\u00f1ez anuncia la inversi\u00f3n de 36 millones de euros en la Estrategia Espa\u00f1ola de Seguridad y Salud en el Trabajo hasta 2020 | Cand\u00e1s 365\" \/>\n\t\t<meta property=\"og:description\" content=\"La ministra de Empleo y Seguridad Social, F\u00e1tima B\u00e1\u00f1ez, ha anunciado hoy que el Gobierno invertir\u00e1 36 millones de euros en la Estrategia Espa\u00f1ola de Seguridad y Salud en el Trabajo hasta 2020, una iniciativa que cont\u00f3 con el consenso de los Agentes Sociales y las Comunidades Aut\u00f3nomas, &quot;quien suma por la prevenci\u00f3n, suma por\" \/>\n\t\t<meta property=\"og:url\" content=\"https:\/\/candas365.es\/noticias\/banez-anuncia-la-inversion-de-36-millones-de-euros-en-la-estrategia-espanola-de-seguridad-y-salud-en-el-trabajo-hasta-2020\/\" \/>\n\t\t<meta property=\"og:image\" content=\"https:\/\/candas365.es\/noticias\/wp-content\/uploads\/2017\/01\/D84D-6FA1-HipertensionI_redimensionar.jpg\" \/>\n\t\t<meta property=\"og:image:secure_url\" content=\"https:\/\/candas365.es\/noticias\/wp-content\/uploads\/2017\/01\/D84D-6FA1-HipertensionI_redimensionar.jpg\" \/>\n\t\t<meta property=\"og:image:width\" content=\"496\" \/>\n\t\t<meta property=\"og:image:height\" content=\"329\" \/>\n\t\t<meta property=\"article:published_time\" content=\"2017-01-24T22:27:47+00:00\" \/>\n\t\t<meta property=\"article:modified_time\" content=\"2017-01-24T22:27:47+00:00\" \/>\n\t\t<meta property=\"article:publisher\" content=\"https:\/\/www.facebook.com\/Nachofdezber\" \/>\n\t\t<meta property=\"article:author\" content=\"https:\/\/www.facebook.com\/carrenoactualidad\" \/>\n\t\t<meta name=\"twitter:card\" content=\"summary_large_image\" \/>\n\t\t<meta name=\"twitter:site\" content=\"@NabercoDigital\" \/>\n\t\t<meta name=\"twitter:title\" content=\"B\u00e1\u00f1ez anuncia la inversi\u00f3n de 36 millones de euros en la Estrategia Espa\u00f1ola de Seguridad y Salud en el Trabajo hasta 2020 | Cand\u00e1s 365\" \/>\n\t\t<meta name=\"twitter:description\" content=\"La ministra de Empleo y Seguridad Social, F\u00e1tima B\u00e1\u00f1ez, ha anunciado hoy que el Gobierno invertir\u00e1 36 millones de euros en la Estrategia Espa\u00f1ola de Seguridad y Salud en el Trabajo hasta 2020, una iniciativa que cont\u00f3 con el consenso de los Agentes Sociales y las Comunidades Aut\u00f3nomas, &quot;quien suma por la prevenci\u00f3n, suma por\" \/>\n\t\t<meta name=\"twitter:creator\" content=\"@nbasturias\" \/>\n\t\t<meta name=\"twitter:image\" content=\"https:\/\/candas365.es\/noticias\/wp-content\/uploads\/2017\/01\/D84D-6FA1-HipertensionI_redimensionar.jpg\" \/>\n\t\t<meta name=\"twitter:label1\" content=\"Escrito por\" \/>\n\t\t<meta name=\"twitter:data1\" content=\"Cand\u00e1s 365\" \/>\n\t\t<meta name=\"twitter:label2\" content=\"Tiempo de lectura estimado\" \/>\n\t\t<meta name=\"twitter:data2\" content=\"3 minutos\" \/>\n\t\t<script type=\"application\/ld+json\" class=\"aioseo-schema\">\n\t\t\t{\"@context\":\"https:\\\/\\\/schema.org\",\"@graph\":[{\"@type\":\"BreadcrumbList\",\"@id\":\"https:\\\/\\\/candas365.es\\\/noticias\\\/banez-anuncia-la-inversion-de-36-millones-de-euros-en-la-estrategia-espanola-de-seguridad-y-salud-en-el-trabajo-hasta-2020\\\/#breadcrumblist\",\"itemListElement\":[{\"@type\":\"ListItem\",\"@id\":\"https:\\\/\\\/candas365.es\\\/noticias#listItem\",\"position\":1,\"name\":\"Home\",\"item\":\"https:\\\/\\\/candas365.es\\\/noticias\",\"nextItem\":{\"@type\":\"ListItem\",\"@id\":\"https:\\\/\\\/candas365.es\\\/noticias\\\/category\\\/actualidad\\\/#listItem\",\"name\":\"Actualidad\"}},{\"@type\":\"ListItem\",\"@id\":\"https:\\\/\\\/candas365.es\\\/noticias\\\/category\\\/actualidad\\\/#listItem\",\"position\":2,\"name\":\"Actualidad\",\"item\":\"https:\\\/\\\/candas365.es\\\/noticias\\\/category\\\/actualidad\\\/\",\"nextItem\":{\"@type\":\"ListItem\",\"@id\":\"https:\\\/\\\/candas365.es\\\/noticias\\\/banez-anuncia-la-inversion-de-36-millones-de-euros-en-la-estrategia-espanola-de-seguridad-y-salud-en-el-trabajo-hasta-2020\\\/#listItem\",\"name\":\"B\\u00e1\\u00f1ez anuncia la inversi\\u00f3n de 36 millones de euros en la Estrategia Espa\\u00f1ola de Seguridad y Salud en el Trabajo hasta 2020\"},\"previousItem\":{\"@type\":\"ListItem\",\"@id\":\"https:\\\/\\\/candas365.es\\\/noticias#listItem\",\"name\":\"Home\"}},{\"@type\":\"ListItem\",\"@id\":\"https:\\\/\\\/candas365.es\\\/noticias\\\/banez-anuncia-la-inversion-de-36-millones-de-euros-en-la-estrategia-espanola-de-seguridad-y-salud-en-el-trabajo-hasta-2020\\\/#listItem\",\"position\":3,\"name\":\"B\\u00e1\\u00f1ez anuncia la inversi\\u00f3n de 36 millones de euros en la Estrategia Espa\\u00f1ola de Seguridad y Salud en el Trabajo hasta 2020\",\"previousItem\":{\"@type\":\"ListItem\",\"@id\":\"https:\\\/\\\/candas365.es\\\/noticias\\\/category\\\/actualidad\\\/#listItem\",\"name\":\"Actualidad\"}}]},{\"@type\":\"NewsArticle\",\"@id\":\"https:\\\/\\\/candas365.es\\\/noticias\\\/banez-anuncia-la-inversion-de-36-millones-de-euros-en-la-estrategia-espanola-de-seguridad-y-salud-en-el-trabajo-hasta-2020\\\/#newsarticle\",\"name\":\"B\\u00e1\\u00f1ez anuncia la inversi\\u00f3n de 36 millones de euros en la Estrategia Espa\\u00f1ola de Seguridad y Salud en el Trabajo hasta 2020 | Cand\\u00e1s 365\",\"headline\":\"B\\u00e1\\u00f1ez anuncia la inversi\\u00f3n de 36 millones de euros en la Estrategia Espa\\u00f1ola de Seguridad y Salud en el Trabajo hasta 2020\",\"author\":{\"@id\":\"https:\\\/\\\/candas365.es\\\/noticias\\\/author\\\/admin\\\/#author\"},\"publisher\":{\"@id\":\"https:\\\/\\\/candas365.es\\\/noticias\\\/#organization\"},\"image\":{\"@type\":\"ImageObject\",\"url\":\"https:\\\/\\\/candas365.es\\\/noticias\\\/wp-content\\\/uploads\\\/2017\\\/01\\\/D84D-6FA1-HipertensionI_redimensionar.jpg\",\"width\":496,\"height\":329},\"datePublished\":\"2017-01-24T22:27:47+01:00\",\"dateModified\":\"2017-01-24T22:27:47+01:00\",\"inLanguage\":\"es-ES\",\"mainEntityOfPage\":{\"@id\":\"https:\\\/\\\/candas365.es\\\/noticias\\\/banez-anuncia-la-inversion-de-36-millones-de-euros-en-la-estrategia-espanola-de-seguridad-y-salud-en-el-trabajo-hasta-2020\\\/#webpage\"},\"isPartOf\":{\"@id\":\"https:\\\/\\\/candas365.es\\\/noticias\\\/banez-anuncia-la-inversion-de-36-millones-de-euros-en-la-estrategia-espanola-de-seguridad-y-salud-en-el-trabajo-hasta-2020\\\/#webpage\"},\"articleSection\":\"Actualidad\",\"dateline\":\"Publicado el enero 24, 2017.\"},{\"@type\":\"Organization\",\"@id\":\"https:\\\/\\\/candas365.es\\\/noticias\\\/#organization\",\"name\":\"Cand\\u00e1s 365\",\"description\":\"Cand\\u00e1s 365 es un diario digital independiente, fundado en 2012, con base en Asturias. Informamos con rigor sobre actualidad, sociedad, cultura y ocio, con una mirada local y global.\",\"url\":\"https:\\\/\\\/candas365.es\\\/noticias\\\/\",\"email\":\"info@candas365.es\",\"telephone\":\"+34652131393\",\"foundingDate\":\"2012-06-10\",\"logo\":{\"@type\":\"ImageObject\",\"url\":\"https:\\\/\\\/candas365.es\\\/noticias\\\/wp-content\\\/uploads\\\/2024\\\/09\\\/Candas-365-Redes.jpg\",\"@id\":\"https:\\\/\\\/candas365.es\\\/noticias\\\/banez-anuncia-la-inversion-de-36-millones-de-euros-en-la-estrategia-espanola-de-seguridad-y-salud-en-el-trabajo-hasta-2020\\\/#organizationLogo\",\"width\":1152,\"height\":864,\"caption\":\"Cand\\u00e1s 365 Redes\"},\"image\":{\"@id\":\"https:\\\/\\\/candas365.es\\\/noticias\\\/banez-anuncia-la-inversion-de-36-millones-de-euros-en-la-estrategia-espanola-de-seguridad-y-salud-en-el-trabajo-hasta-2020\\\/#organizationLogo\"},\"sameAs\":[\"https:\\\/\\\/www.facebook.com\\\/Nachofdezber\",\"https:\\\/\\\/x.com\\\/NabercoDigital\",\"https:\\\/\\\/www.instagram.com\\\/nachofdezber\\\/\",\"https:\\\/\\\/www.youtube.com\\\/channel\\\/UCZP-2wLEB9Rv6erhFmqVnvg\"],\"address\":{\"@id\":\"https:\\\/\\\/candas365.es\\\/noticias\\\/#postaladdress\",\"@type\":\"PostalAddress\",\"streetAddress\":\"san antonio 4, san antonio 4\",\"postalCode\":\"33430\",\"addressLocality\":\"Cand\\u00e1s\",\"addressRegion\":\"Asturias\",\"addressCountry\":\"ES\"}},{\"@type\":\"Person\",\"@id\":\"https:\\\/\\\/candas365.es\\\/noticias\\\/author\\\/admin\\\/#author\",\"url\":\"https:\\\/\\\/candas365.es\\\/noticias\\\/author\\\/admin\\\/\",\"name\":\"Cand\\u00e1s 365\",\"image\":{\"@type\":\"ImageObject\",\"@id\":\"https:\\\/\\\/candas365.es\\\/noticias\\\/banez-anuncia-la-inversion-de-36-millones-de-euros-en-la-estrategia-espanola-de-seguridad-y-salud-en-el-trabajo-hasta-2020\\\/#authorImage\",\"url\":\"https:\\\/\\\/secure.gravatar.com\\\/avatar\\\/496a8e03d0c493ede1718b7934145dbdf8d89be1036b0eec9544e1094c9de390?s=96&d=mm&r=g\",\"width\":96,\"height\":96,\"caption\":\"Cand\\u00e1s 365\"},\"sameAs\":[\"https:\\\/\\\/www.facebook.com\\\/carrenoactualidad\",\"https:\\\/\\\/twitter.com\\\/nbasturias\",\"https:\\\/\\\/www.instagram.com\\\/nachofdezber\\\/\",\"https:\\\/\\\/www.youtube.com\\\/channel\\\/UCZP-2wLEB9Rv6erhFmqVnvg\"]},{\"@type\":\"WebPage\",\"@id\":\"https:\\\/\\\/candas365.es\\\/noticias\\\/banez-anuncia-la-inversion-de-36-millones-de-euros-en-la-estrategia-espanola-de-seguridad-y-salud-en-el-trabajo-hasta-2020\\\/#webpage\",\"url\":\"https:\\\/\\\/candas365.es\\\/noticias\\\/banez-anuncia-la-inversion-de-36-millones-de-euros-en-la-estrategia-espanola-de-seguridad-y-salud-en-el-trabajo-hasta-2020\\\/\",\"name\":\"B\\u00e1\\u00f1ez anuncia la inversi\\u00f3n de 36 millones de euros en la Estrategia Espa\\u00f1ola de Seguridad y Salud en el Trabajo hasta 2020 | Cand\\u00e1s 365\",\"description\":\"La ministra de Empleo y Seguridad Social, F\\u00e1tima B\\u00e1\\u00f1ez, ha anunciado hoy que el Gobierno invertir\\u00e1 36 millones de euros en la Estrategia Espa\\u00f1ola de Seguridad y Salud en el Trabajo hasta 2020, una iniciativa que cont\\u00f3 con el consenso de los Agentes Sociales y las Comunidades Aut\\u00f3nomas, \\\"quien suma por la prevenci\\u00f3n, suma por\",\"inLanguage\":\"es-ES\",\"isPartOf\":{\"@id\":\"https:\\\/\\\/candas365.es\\\/noticias\\\/#website\"},\"breadcrumb\":{\"@id\":\"https:\\\/\\\/candas365.es\\\/noticias\\\/banez-anuncia-la-inversion-de-36-millones-de-euros-en-la-estrategia-espanola-de-seguridad-y-salud-en-el-trabajo-hasta-2020\\\/#breadcrumblist\"},\"author\":{\"@id\":\"https:\\\/\\\/candas365.es\\\/noticias\\\/author\\\/admin\\\/#author\"},\"creator\":{\"@id\":\"https:\\\/\\\/candas365.es\\\/noticias\\\/author\\\/admin\\\/#author\"},\"image\":{\"@type\":\"ImageObject\",\"url\":\"https:\\\/\\\/candas365.es\\\/noticias\\\/wp-content\\\/uploads\\\/2017\\\/01\\\/D84D-6FA1-HipertensionI_redimensionar.jpg\",\"@id\":\"https:\\\/\\\/candas365.es\\\/noticias\\\/banez-anuncia-la-inversion-de-36-millones-de-euros-en-la-estrategia-espanola-de-seguridad-y-salud-en-el-trabajo-hasta-2020\\\/#mainImage\",\"width\":496,\"height\":329},\"primaryImageOfPage\":{\"@id\":\"https:\\\/\\\/candas365.es\\\/noticias\\\/banez-anuncia-la-inversion-de-36-millones-de-euros-en-la-estrategia-espanola-de-seguridad-y-salud-en-el-trabajo-hasta-2020\\\/#mainImage\"},\"datePublished\":\"2017-01-24T22:27:47+01:00\",\"dateModified\":\"2017-01-24T22:27:47+01:00\"},{\"@type\":\"WebSite\",\"@id\":\"https:\\\/\\\/candas365.es\\\/noticias\\\/#website\",\"url\":\"https:\\\/\\\/candas365.es\\\/noticias\\\/\",\"name\":\"Cand\\u00e1s 365\",\"alternateName\":\"Cand\\u00e1s 365 Noticias\",\"description\":\"Actualidad desde Carre\\u00f1o para el mundo\",\"inLanguage\":\"es-ES\",\"publisher\":{\"@id\":\"https:\\\/\\\/candas365.es\\\/noticias\\\/#organization\"}}]}\n\t\t<\/script>\n\t\t<!-- All in One SEO Pro -->\r\n\t\t<title>B\u00e1\u00f1ez anuncia la inversi\u00f3n de 36 millones de euros en la Estrategia Espa\u00f1ola de Seguridad y Salud en el Trabajo hasta 2020 | Cand\u00e1s 365<\/title>\n\n","aioseo_head_json":{"title":"B\u00e1\u00f1ez anuncia la inversi\u00f3n de 36 millones de euros en la Estrategia Espa\u00f1ola de Seguridad y Salud en el Trabajo hasta 2020 | Cand\u00e1s 365","description":"La ministra de Empleo y Seguridad Social, F\u00e1tima B\u00e1\u00f1ez, ha anunciado hoy que el Gobierno invertir\u00e1 36 millones de euros en la Estrategia Espa\u00f1ola de Seguridad y Salud en el Trabajo hasta 2020, una iniciativa que cont\u00f3 con el consenso de los Agentes Sociales y las Comunidades Aut\u00f3nomas, \"quien suma por la prevenci\u00f3n, suma por","canonical_url":"https:\/\/candas365.es\/noticias\/banez-anuncia-la-inversion-de-36-millones-de-euros-en-la-estrategia-espanola-de-seguridad-y-salud-en-el-trabajo-hasta-2020\/","robots":"max-image-preview:large","keywords":"actualidad","webmasterTools":{"google-site-verification":"UA-32230408-1","msvalidate.01":"354F3CDFB2DA171B47FBE9ABF1F88D5","miscellaneous":""},"schema":{"@context":"https:\/\/schema.org","@graph":[{"@type":"BreadcrumbList","@id":"https:\/\/candas365.es\/noticias\/banez-anuncia-la-inversion-de-36-millones-de-euros-en-la-estrategia-espanola-de-seguridad-y-salud-en-el-trabajo-hasta-2020\/#breadcrumblist","itemListElement":[{"@type":"ListItem","@id":"https:\/\/candas365.es\/noticias#listItem","position":1,"name":"Home","item":"https:\/\/candas365.es\/noticias","nextItem":{"@type":"ListItem","@id":"https:\/\/candas365.es\/noticias\/category\/actualidad\/#listItem","name":"Actualidad"}},{"@type":"ListItem","@id":"https:\/\/candas365.es\/noticias\/category\/actualidad\/#listItem","position":2,"name":"Actualidad","item":"https:\/\/candas365.es\/noticias\/category\/actualidad\/","nextItem":{"@type":"ListItem","@id":"https:\/\/candas365.es\/noticias\/banez-anuncia-la-inversion-de-36-millones-de-euros-en-la-estrategia-espanola-de-seguridad-y-salud-en-el-trabajo-hasta-2020\/#listItem","name":"B\u00e1\u00f1ez anuncia la inversi\u00f3n de 36 millones de euros en la Estrategia Espa\u00f1ola de Seguridad y Salud en el Trabajo hasta 2020"},"previousItem":{"@type":"ListItem","@id":"https:\/\/candas365.es\/noticias#listItem","name":"Home"}},{"@type":"ListItem","@id":"https:\/\/candas365.es\/noticias\/banez-anuncia-la-inversion-de-36-millones-de-euros-en-la-estrategia-espanola-de-seguridad-y-salud-en-el-trabajo-hasta-2020\/#listItem","position":3,"name":"B\u00e1\u00f1ez anuncia la inversi\u00f3n de 36 millones de euros en la Estrategia Espa\u00f1ola de Seguridad y Salud en el Trabajo hasta 2020","previousItem":{"@type":"ListItem","@id":"https:\/\/candas365.es\/noticias\/category\/actualidad\/#listItem","name":"Actualidad"}}]},{"@type":"NewsArticle","@id":"https:\/\/candas365.es\/noticias\/banez-anuncia-la-inversion-de-36-millones-de-euros-en-la-estrategia-espanola-de-seguridad-y-salud-en-el-trabajo-hasta-2020\/#newsarticle","name":"B\u00e1\u00f1ez anuncia la inversi\u00f3n de 36 millones de euros en la Estrategia Espa\u00f1ola de Seguridad y Salud en el Trabajo hasta 2020 | Cand\u00e1s 365","headline":"B\u00e1\u00f1ez anuncia la inversi\u00f3n de 36 millones de euros en la Estrategia Espa\u00f1ola de Seguridad y Salud en el Trabajo hasta 2020","author":{"@id":"https:\/\/candas365.es\/noticias\/author\/admin\/#author"},"publisher":{"@id":"https:\/\/candas365.es\/noticias\/#organization"},"image":{"@type":"ImageObject","url":"https:\/\/candas365.es\/noticias\/wp-content\/uploads\/2017\/01\/D84D-6FA1-HipertensionI_redimensionar.jpg","width":496,"height":329},"datePublished":"2017-01-24T22:27:47+01:00","dateModified":"2017-01-24T22:27:47+01:00","inLanguage":"es-ES","mainEntityOfPage":{"@id":"https:\/\/candas365.es\/noticias\/banez-anuncia-la-inversion-de-36-millones-de-euros-en-la-estrategia-espanola-de-seguridad-y-salud-en-el-trabajo-hasta-2020\/#webpage"},"isPartOf":{"@id":"https:\/\/candas365.es\/noticias\/banez-anuncia-la-inversion-de-36-millones-de-euros-en-la-estrategia-espanola-de-seguridad-y-salud-en-el-trabajo-hasta-2020\/#webpage"},"articleSection":"Actualidad","dateline":"Publicado el enero 24, 2017."},{"@type":"Organization","@id":"https:\/\/candas365.es\/noticias\/#organization","name":"Cand\u00e1s 365","description":"Cand\u00e1s 365 es un diario digital independiente, fundado en 2012, con base en Asturias. Informamos con rigor sobre actualidad, sociedad, cultura y ocio, con una mirada local y global.","url":"https:\/\/candas365.es\/noticias\/","email":"info@candas365.es","telephone":"+34652131393","foundingDate":"2012-06-10","logo":{"@type":"ImageObject","url":"https:\/\/candas365.es\/noticias\/wp-content\/uploads\/2024\/09\/Candas-365-Redes.jpg","@id":"https:\/\/candas365.es\/noticias\/banez-anuncia-la-inversion-de-36-millones-de-euros-en-la-estrategia-espanola-de-seguridad-y-salud-en-el-trabajo-hasta-2020\/#organizationLogo","width":1152,"height":864,"caption":"Cand\u00e1s 365 Redes"},"image":{"@id":"https:\/\/candas365.es\/noticias\/banez-anuncia-la-inversion-de-36-millones-de-euros-en-la-estrategia-espanola-de-seguridad-y-salud-en-el-trabajo-hasta-2020\/#organizationLogo"},"sameAs":["https:\/\/www.facebook.com\/Nachofdezber","https:\/\/x.com\/NabercoDigital","https:\/\/www.instagram.com\/nachofdezber\/","https:\/\/www.youtube.com\/channel\/UCZP-2wLEB9Rv6erhFmqVnvg"],"address":{"@id":"https:\/\/candas365.es\/noticias\/#postaladdress","@type":"PostalAddress","streetAddress":"san antonio 4, san antonio 4","postalCode":"33430","addressLocality":"Cand\u00e1s","addressRegion":"Asturias","addressCountry":"ES"}},{"@type":"Person","@id":"https:\/\/candas365.es\/noticias\/author\/admin\/#author","url":"https:\/\/candas365.es\/noticias\/author\/admin\/","name":"Cand\u00e1s 365","image":{"@type":"ImageObject","@id":"https:\/\/candas365.es\/noticias\/banez-anuncia-la-inversion-de-36-millones-de-euros-en-la-estrategia-espanola-de-seguridad-y-salud-en-el-trabajo-hasta-2020\/#authorImage","url":"https:\/\/secure.gravatar.com\/avatar\/496a8e03d0c493ede1718b7934145dbdf8d89be1036b0eec9544e1094c9de390?s=96&d=mm&r=g","width":96,"height":96,"caption":"Cand\u00e1s 365"},"sameAs":["https:\/\/www.facebook.com\/carrenoactualidad","https:\/\/twitter.com\/nbasturias","https:\/\/www.instagram.com\/nachofdezber\/","https:\/\/www.youtube.com\/channel\/UCZP-2wLEB9Rv6erhFmqVnvg"]},{"@type":"WebPage","@id":"https:\/\/candas365.es\/noticias\/banez-anuncia-la-inversion-de-36-millones-de-euros-en-la-estrategia-espanola-de-seguridad-y-salud-en-el-trabajo-hasta-2020\/#webpage","url":"https:\/\/candas365.es\/noticias\/banez-anuncia-la-inversion-de-36-millones-de-euros-en-la-estrategia-espanola-de-seguridad-y-salud-en-el-trabajo-hasta-2020\/","name":"B\u00e1\u00f1ez anuncia la inversi\u00f3n de 36 millones de euros en la Estrategia Espa\u00f1ola de Seguridad y Salud en el Trabajo hasta 2020 | Cand\u00e1s 365","description":"La ministra de Empleo y Seguridad Social, F\u00e1tima B\u00e1\u00f1ez, ha anunciado hoy que el Gobierno invertir\u00e1 36 millones de euros en la Estrategia Espa\u00f1ola de Seguridad y Salud en el Trabajo hasta 2020, una iniciativa que cont\u00f3 con el consenso de los Agentes Sociales y las Comunidades Aut\u00f3nomas, \"quien suma por la prevenci\u00f3n, suma por","inLanguage":"es-ES","isPartOf":{"@id":"https:\/\/candas365.es\/noticias\/#website"},"breadcrumb":{"@id":"https:\/\/candas365.es\/noticias\/banez-anuncia-la-inversion-de-36-millones-de-euros-en-la-estrategia-espanola-de-seguridad-y-salud-en-el-trabajo-hasta-2020\/#breadcrumblist"},"author":{"@id":"https:\/\/candas365.es\/noticias\/author\/admin\/#author"},"creator":{"@id":"https:\/\/candas365.es\/noticias\/author\/admin\/#author"},"image":{"@type":"ImageObject","url":"https:\/\/candas365.es\/noticias\/wp-content\/uploads\/2017\/01\/D84D-6FA1-HipertensionI_redimensionar.jpg","@id":"https:\/\/candas365.es\/noticias\/banez-anuncia-la-inversion-de-36-millones-de-euros-en-la-estrategia-espanola-de-seguridad-y-salud-en-el-trabajo-hasta-2020\/#mainImage","width":496,"height":329},"primaryImageOfPage":{"@id":"https:\/\/candas365.es\/noticias\/banez-anuncia-la-inversion-de-36-millones-de-euros-en-la-estrategia-espanola-de-seguridad-y-salud-en-el-trabajo-hasta-2020\/#mainImage"},"datePublished":"2017-01-24T22:27:47+01:00","dateModified":"2017-01-24T22:27:47+01:00"},{"@type":"WebSite","@id":"https:\/\/candas365.es\/noticias\/#website","url":"https:\/\/candas365.es\/noticias\/","name":"Cand\u00e1s 365","alternateName":"Cand\u00e1s 365 Noticias","description":"Actualidad desde Carre\u00f1o para el mundo","inLanguage":"es-ES","publisher":{"@id":"https:\/\/candas365.es\/noticias\/#organization"}}]},"og:locale":"es_ES","og:site_name":"Cand\u00e1s 365","og:type":"article","og:title":"B\u00e1\u00f1ez anuncia la inversi\u00f3n de 36 millones de euros en la Estrategia Espa\u00f1ola de Seguridad y Salud en el Trabajo hasta 2020 | Cand\u00e1s 365","og:description":"La ministra de Empleo y Seguridad Social, F\u00e1tima B\u00e1\u00f1ez, ha anunciado hoy que el Gobierno invertir\u00e1 36 millones de euros en la Estrategia Espa\u00f1ola de Seguridad y Salud en el Trabajo hasta 2020, una iniciativa que cont\u00f3 con el consenso de los Agentes Sociales y las Comunidades Aut\u00f3nomas, &quot;quien suma por la prevenci\u00f3n, suma por","og:url":"https:\/\/candas365.es\/noticias\/banez-anuncia-la-inversion-de-36-millones-de-euros-en-la-estrategia-espanola-de-seguridad-y-salud-en-el-trabajo-hasta-2020\/","og:image":"https:\/\/candas365.es\/noticias\/wp-content\/uploads\/2017\/01\/D84D-6FA1-HipertensionI_redimensionar.jpg","og:image:secure_url":"https:\/\/candas365.es\/noticias\/wp-content\/uploads\/2017\/01\/D84D-6FA1-HipertensionI_redimensionar.jpg","og:image:width":496,"og:image:height":329,"article:published_time":"2017-01-24T22:27:47+00:00","article:modified_time":"2017-01-24T22:27:47+00:00","article:publisher":"https:\/\/www.facebook.com\/Nachofdezber","article:author":"https:\/\/www.facebook.com\/carrenoactualidad","twitter:card":"summary_large_image","twitter:site":"@NabercoDigital","twitter:title":"B\u00e1\u00f1ez anuncia la inversi\u00f3n de 36 millones de euros en la Estrategia Espa\u00f1ola de Seguridad y Salud en el Trabajo hasta 2020 | Cand\u00e1s 365","twitter:description":"La ministra de Empleo y Seguridad Social, F\u00e1tima B\u00e1\u00f1ez, ha anunciado hoy que el Gobierno invertir\u00e1 36 millones de euros en la Estrategia Espa\u00f1ola de Seguridad y Salud en el Trabajo hasta 2020, una iniciativa que cont\u00f3 con el consenso de los Agentes Sociales y las Comunidades Aut\u00f3nomas, &quot;quien suma por la prevenci\u00f3n, suma por","twitter:creator":"@nbasturias","twitter:image":"https:\/\/candas365.es\/noticias\/wp-content\/uploads\/2017\/01\/D84D-6FA1-HipertensionI_redimensionar.jpg","twitter:label1":"Escrito por","twitter:data1":"Cand\u00e1s 365","twitter:label2":"Tiempo de lectura estimado","twitter:data2":"3 minutos"},"aioseo_meta_data":{"post_id":"41586","title":null,"description":null,"keywords":null,"keyphrases":null,"primary_term":null,"canonical_url":null,"og_title":null,"og_description":null,"og_object_type":"default","og_image_type":"default","og_image_url":null,"og_image_width":null,"og_image_height":null,"og_image_custom_url":null,"og_image_custom_fields":null,"og_video":null,"og_custom_url":null,"og_article_section":null,"og_article_tags":null,"twitter_use_og":false,"twitter_card":"default","twitter_image_type":"default","twitter_image_url":null,"twitter_image_custom_url":null,"twitter_image_custom_fields":null,"twitter_title":null,"twitter_description":null,"schema":{"blockGraphs":[],"customGraphs":[],"default":{"data":{"Article":[],"Course":[],"Dataset":[],"FAQPage":[],"Movie":[],"Person":[],"Product":[],"ProductReview":[],"Car":[],"Recipe":[],"Service":[],"SoftwareApplication":[],"WebPage":[]},"graphName":"","isEnabled":true},"graphs":[],"defaultGraph":"","defaultPostTypeGraph":""},"schema_type":null,"schema_type_options":null,"pillar_content":false,"robots_default":true,"robots_noindex":false,"robots_noarchive":false,"robots_nosnippet":false,"robots_nofollow":false,"robots_noimageindex":false,"robots_noodp":false,"robots_notranslate":false,"robots_max_snippet":null,"robots_max_videopreview":null,"robots_max_imagepreview":"large","priority":null,"frequency":null,"location":null,"local_seo":null,"seo_analyzer_scan_date":"2025-08-25 04:26:41","breadcrumb_settings":null,"limit_modified_date":false,"reviewed_by":null,"open_ai":null,"ai":null,"created":"2020-12-21 13:06:06","updated":"2025-08-25 04:26:41"},"aioseo_breadcrumb":"<div class=\"aioseo-breadcrumbs\"><span class=\"aioseo-breadcrumb\">\n\t<a href=\"https:\/\/candas365.es\/noticias\" title=\"Home\">Home<\/a>\n<\/span><span class=\"aioseo-breadcrumb-separator\">&ndash;<\/span><span class=\"aioseo-breadcrumb\">\n\t<a href=\"https:\/\/candas365.es\/noticias\/category\/actualidad\/\" title=\"Actualidad\">Actualidad<\/a>\n<\/span><span class=\"aioseo-breadcrumb-separator\">&ndash;<\/span><span class=\"aioseo-breadcrumb\">\n\tB\u00e1\u00f1ez anuncia la inversi\u00f3n de 36 millones de euros en la Estrategia Espa\u00f1ola de Seguridad y Salud en el Trabajo hasta 2020\n<\/span><\/div>","aioseo_breadcrumb_json":[{"label":"Home","link":"https:\/\/candas365.es\/noticias"},{"label":"Actualidad","link":"https:\/\/candas365.es\/noticias\/category\/actualidad\/"},{"label":"B\u00e1\u00f1ez anuncia la inversi\u00f3n de 36 millones de euros en la Estrategia Espa\u00f1ola de Seguridad y Salud en el Trabajo hasta 2020","link":"https:\/\/candas365.es\/noticias\/banez-anuncia-la-inversion-de-36-millones-de-euros-en-la-estrategia-espanola-de-seguridad-y-salud-en-el-trabajo-hasta-2020\/"}],"_links":{"self":[{"href":"https:\/\/candas365.es\/noticias\/wp-json\/wp\/v2\/posts\/41586","targetHints":{"allow":["GET"]}}],"collection":[{"href":"https:\/\/candas365.es\/noticias\/wp-json\/wp\/v2\/posts"}],"about":[{"href":"https:\/\/candas365.es\/noticias\/wp-json\/wp\/v2\/types\/post"}],"author":[{"embeddable":true,"href":"https:\/\/candas365.es\/noticias\/wp-json\/wp\/v2\/users\/1"}],"replies":[{"embeddable":true,"href":"https:\/\/candas365.es\/noticias\/wp-json\/wp\/v2\/comments?post=41586"}],"version-history":[{"count":0,"href":"https:\/\/candas365.es\/noticias\/wp-json\/wp\/v2\/posts\/41586\/revisions"}],"wp:featuredmedia":[{"embeddable":true,"href":"https:\/\/candas365.es\/noticias\/wp-json\/wp\/v2\/media\/41587"}],"wp:attachment":[{"href":"https:\/\/candas365.es\/noticias\/wp-json\/wp\/v2\/media?parent=41586"}],"wp:term":[{"taxonomy":"category","embeddable":true,"href":"https:\/\/candas365.es\/noticias\/wp-json\/wp\/v2\/categories?post=41586"},{"taxonomy":"post_tag","embeddable":true,"href":"https:\/\/candas365.es\/noticias\/wp-json\/wp\/v2\/tags?post=41586"}],"curies":[{"name":"wp","href":"https:\/\/api.w.org\/{rel}","templated":true}]}}