{"id":41428,"date":"2017-01-23T22:27:55","date_gmt":"2017-01-23T22:27:55","guid":{"rendered":"http:\/\/candas365.es\/noticias\/?p=41428"},"modified":"2017-01-23T22:27:55","modified_gmt":"2017-01-23T22:27:55","slug":"de-la-serna-informa-en-el-senado-sobre-los-compromisos-del-ministerio-de-fomento-para-esta-legislatura","status":"publish","type":"post","link":"https:\/\/candas365.es\/noticias\/de-la-serna-informa-en-el-senado-sobre-los-compromisos-del-ministerio-de-fomento-para-esta-legislatura\/","title":{"rendered":"De la Serna informa en el Senado sobre los compromisos del Ministerio de Fomento para esta Legislatura"},"content":{"rendered":"<p><img fetchpriority=\"high\" decoding=\"async\" class=\"alignleft size-medium wp-image-41429\" src=\"https:\/\/candas365.es\/noticias\/wp-content\/uploads\/2017\/01\/230117-serna-360x239.jpg\" alt=\"\" width=\"360\" height=\"239\" srcset=\"https:\/\/candas365.es\/noticias\/wp-content\/uploads\/2017\/01\/230117-serna-360x239.jpg 360w, https:\/\/candas365.es\/noticias\/wp-content\/uploads\/2017\/01\/230117-serna-150x99.jpg 150w, https:\/\/candas365.es\/noticias\/wp-content\/uploads\/2017\/01\/230117-serna-450x298.jpg 450w, https:\/\/candas365.es\/noticias\/wp-content\/uploads\/2017\/01\/230117-serna-84x55.jpg 84w, https:\/\/candas365.es\/noticias\/wp-content\/uploads\/2017\/01\/230117-serna.jpg 496w\" sizes=\"(max-width: 360px) 100vw, 360px\" \/>El ministro de Fomento, \u00cd\u00f1igo de la Serna, ha informado, durante su comparecencia en la Comisi\u00f3n de Fomento del Senado, de las l\u00edneas generales de su Departamento para esta Legislatura, que girar\u00e1n en torno al desarrollo de un sistema de transporte orientado al ciudadano y basado en la movilidad, para seguir garantizando la vertebraci\u00f3n territorial, la cohesi\u00f3n social y la igualdad de oportunidades.<\/p>\n<p>Se potenciar\u00e1 una red de infraestructuras moderna y eficiente al servicio de los ciudadanos y del crecimiento econ\u00f3mico, as\u00ed como un espacio de transporte cohesionado e integrado en Europa y el mundo. Para ello, se reforzar\u00e1 la apuesta por la tecnolog\u00eda, que se convertir\u00e1 en un pilar fundamental de la modernizaci\u00f3n de nuestro sector.<\/p>\n<p>El tercer compromiso del Ministerio esta Legislatura ser\u00e1 impulsar a las cadenas log\u00edsticas de alto valor, eficaces, eficientes, sostenibles, especialmente en el aspecto ambiental, donde se contribuir\u00e1 al compromiso de lucha contra el cambio clim\u00e1tico. Igualmente, se seguir\u00e1 desarrollando una pol\u00edtica de infraestructuras y transporte que respalde la competitividad de las empresas espa\u00f1olas en su proyecci\u00f3n internacional.<\/p>\n<p>En cuarto lugar, se mantendr\u00e1 una pol\u00edtica de gesti\u00f3n urbana en la que la vivienda tendr\u00e1 un protagonismo especial. Y en quinto lugar, se defender\u00e1 una gesti\u00f3n y organizaci\u00f3n \u00e1gil, moderna y transparente.<\/p>\n<p>Esta hoja de ruta se llevar\u00e1 a cabo mediante un dec\u00e1logo de l\u00edneas estrat\u00e9gicas que ser\u00e1n: la planificaci\u00f3n, el Plan Director de Innovaci\u00f3n en infraestructuras, el transporte y desarrollo urbano, la estrategia log\u00edstica, la cohesi\u00f3n social y vertebraci\u00f3n territorial, la seguridad, la movilidad urbana, la intermodalidad, la acci\u00f3n exterior y el apoyo a la internacionalizaci\u00f3n de nuestras empresas, el modelo urbano y la sostenibilidad.<\/p>\n<p><strong>Acuerdo por las infraestructuras y el transporte<\/strong><\/p>\n<p>Al igual que hiciera en su comparecencia del Congreso de los Diputados, el ministro ha insistido en la importancia de contar con una buena planificaci\u00f3n y en la necesidad de alcanzar un gran Acuerdo Nacional por las Infraestructuras y el Transporte, que garantice la implementaci\u00f3n de las pol\u00edticas de infraestructuras a nivel nacional.<\/p>\n<p>Este acuerdo estar\u00e1 orientado a la consecuci\u00f3n de una red multimodal de calidad, compuesta por nodos e infraestructuras lineales, basada en la utilizaci\u00f3n eficiente de la capacidad de las infraestructuras existentes, acorde con las demandas actuales y futuras y que sea financieramente viable.<\/p>\n<p>Para ello, el Ministerio tiene previsto trabajar simult\u00e1neamente en tres foros: el Foro Pol\u00edtico, fundamentalmente a trav\u00e9s de las comisiones, tanto del Congreso como del Senado; el Foro Institucional, formado por las Comunidades Aut\u00f3nomas, las Ciudades Aut\u00f3nomas de Ceuta y Melilla y la Federaci\u00f3n Espa\u00f1ola de Municipios y Provincias. Y en tercer lugar, el Foro Sectorial, donde deben estar presentes el Foro Log\u00edstico y asociaciones, entre las que se encuentran los sindicatos.<\/p>\n<p>La voluntad del Ministerio es \u00abalcanzar el mayor consenso posible en la implementaci\u00f3n de este dec\u00e1logo de l\u00edneas estrat\u00e9gicas, as\u00ed como abrir v\u00edas de di\u00e1logo, muy en particular en lo referente al pacto en materia de infraestructuras y transporte\u00bb, ha asegurado De la Serna.<\/p>\n<p><strong>Agenda digital de las infraestructuras y el transporte<\/strong><\/p>\n<p>La segunda gran l\u00ednea estrat\u00e9gica para esta Legislatura ser\u00e1 el Plan Director de Innovaci\u00f3n en infraestructuras, transporte y desarrollo urbano, y el primer programa de actuaci\u00f3n ser\u00e1 la Agenda digital de las infraestructuras y el transporte.<\/p>\n<p>El titular de Fomento ha asegurado que \u00abel impulso de la innovaci\u00f3n, y el desarrollo y aplicaci\u00f3n de nuevas tecnolog\u00edas en las \u00e1reas del Departamento son elementos transversales clave en la consecuci\u00f3n de m\u00faltiples objetivos: seguridad, eficiencia y racionalizaci\u00f3n de recursos, aumento de capacidad de las infraestructuras, promoci\u00f3n de la intermodalidad y contribuci\u00f3n al transporte sostenible\u00bb.<\/p>\n<p>&nbsp;<\/p>\n","protected":false},"excerpt":{"rendered":"<p>El ministro de Fomento, \u00cd\u00f1igo de la Serna, ha informado, durante su comparecencia en la Comisi\u00f3n de Fomento del Senado, de las l\u00edneas generales de su Departamento para esta Legislatura, que girar\u00e1n en torno al desarrollo de un sistema de transporte orientado al ciudadano y basado en la movilidad, para seguir garantizando la vertebraci\u00f3n territorial,<\/p>\n","protected":false},"author":1,"featured_media":41429,"comment_status":"closed","ping_status":"closed","sticky":false,"template":"","format":"standard","meta":{"footnotes":""},"categories":[343],"tags":[],"class_list":{"0":"post-41428","1":"post","2":"type-post","3":"status-publish","4":"format-standard","5":"has-post-thumbnail","7":"category-actualidad"},"aioseo_notices":[],"aioseo_head":"\n\t\t<!-- All in One SEO Pro 4.9.6.2 - aioseo.com -->\n\t<meta name=\"description\" content=\"El ministro de Fomento, \u00cd\u00f1igo de la Serna, ha informado, durante su comparecencia en la Comisi\u00f3n de Fomento del Senado, de las l\u00edneas generales de su Departamento para esta Legislatura, que girar\u00e1n en torno al desarrollo de un sistema de transporte orientado al ciudadano y basado en la movilidad, para seguir garantizando la vertebraci\u00f3n territorial,\" \/>\n\t<meta name=\"robots\" content=\"max-image-preview:large\" \/>\n\t<meta name=\"author\" content=\"Cand\u00e1s 365\"\/>\n\t<meta name=\"google-site-verification\" content=\"UA-32230408-1\" \/>\n\t<meta name=\"msvalidate.01\" content=\"354F3CDFB2DA171B47FBE9ABF1F88D5\" \/>\n\t<meta name=\"keywords\" content=\"actualidad\" \/>\n\t<link rel=\"canonical\" href=\"https:\/\/candas365.es\/noticias\/de-la-serna-informa-en-el-senado-sobre-los-compromisos-del-ministerio-de-fomento-para-esta-legislatura\/\" \/>\n\t<meta name=\"generator\" content=\"All in One SEO Pro (AIOSEO) 4.9.6.2\" \/>\n\t\t<meta property=\"og:locale\" content=\"es_ES\" \/>\n\t\t<meta property=\"og:site_name\" content=\"Cand\u00e1s 365\" \/>\n\t\t<meta property=\"og:type\" content=\"article\" \/>\n\t\t<meta property=\"og:title\" content=\"De la Serna informa en el Senado sobre los compromisos del Ministerio de Fomento para esta Legislatura | Cand\u00e1s 365\" \/>\n\t\t<meta property=\"og:description\" content=\"El ministro de Fomento, \u00cd\u00f1igo de la Serna, ha informado, durante su comparecencia en la Comisi\u00f3n de Fomento del Senado, de las l\u00edneas generales de su Departamento para esta Legislatura, que girar\u00e1n en torno al desarrollo de un sistema de transporte orientado al ciudadano y basado en la movilidad, para seguir garantizando la vertebraci\u00f3n territorial,\" \/>\n\t\t<meta property=\"og:url\" content=\"https:\/\/candas365.es\/noticias\/de-la-serna-informa-en-el-senado-sobre-los-compromisos-del-ministerio-de-fomento-para-esta-legislatura\/\" \/>\n\t\t<meta property=\"og:image\" content=\"https:\/\/candas365.es\/noticias\/wp-content\/uploads\/2017\/01\/230117-serna.jpg\" \/>\n\t\t<meta property=\"og:image:secure_url\" content=\"https:\/\/candas365.es\/noticias\/wp-content\/uploads\/2017\/01\/230117-serna.jpg\" \/>\n\t\t<meta property=\"og:image:width\" content=\"496\" \/>\n\t\t<meta property=\"og:image:height\" content=\"329\" \/>\n\t\t<meta property=\"article:published_time\" content=\"2017-01-23T22:27:55+00:00\" \/>\n\t\t<meta property=\"article:modified_time\" content=\"2017-01-23T22:27:55+00:00\" \/>\n\t\t<meta property=\"article:publisher\" content=\"https:\/\/www.facebook.com\/Nachofdezber\" \/>\n\t\t<meta property=\"article:author\" content=\"https:\/\/www.facebook.com\/carrenoactualidad\" \/>\n\t\t<meta name=\"twitter:card\" content=\"summary_large_image\" \/>\n\t\t<meta name=\"twitter:site\" content=\"@NabercoDigital\" \/>\n\t\t<meta name=\"twitter:title\" content=\"De la Serna informa en el Senado sobre los compromisos del Ministerio de Fomento para esta Legislatura | Cand\u00e1s 365\" \/>\n\t\t<meta name=\"twitter:description\" content=\"El ministro de Fomento, \u00cd\u00f1igo de la Serna, ha informado, durante su comparecencia en la Comisi\u00f3n de Fomento del Senado, de las l\u00edneas generales de su Departamento para esta Legislatura, que girar\u00e1n en torno al desarrollo de un sistema de transporte orientado al ciudadano y basado en la movilidad, para seguir garantizando la vertebraci\u00f3n territorial,\" \/>\n\t\t<meta name=\"twitter:creator\" content=\"@nbasturias\" \/>\n\t\t<meta name=\"twitter:image\" content=\"https:\/\/candas365.es\/noticias\/wp-content\/uploads\/2017\/01\/230117-serna.jpg\" \/>\n\t\t<meta name=\"twitter:label1\" content=\"Escrito por\" \/>\n\t\t<meta name=\"twitter:data1\" content=\"Cand\u00e1s 365\" \/>\n\t\t<meta name=\"twitter:label2\" content=\"Tiempo de lectura estimado\" \/>\n\t\t<meta name=\"twitter:data2\" content=\"3 minutos\" \/>\n\t\t<script type=\"application\/ld+json\" class=\"aioseo-schema\">\n\t\t\t{\"@context\":\"https:\\\/\\\/schema.org\",\"@graph\":[{\"@type\":\"BreadcrumbList\",\"@id\":\"https:\\\/\\\/candas365.es\\\/noticias\\\/de-la-serna-informa-en-el-senado-sobre-los-compromisos-del-ministerio-de-fomento-para-esta-legislatura\\\/#breadcrumblist\",\"itemListElement\":[{\"@type\":\"ListItem\",\"@id\":\"https:\\\/\\\/candas365.es\\\/noticias#listItem\",\"position\":1,\"name\":\"Home\",\"item\":\"https:\\\/\\\/candas365.es\\\/noticias\",\"nextItem\":{\"@type\":\"ListItem\",\"@id\":\"https:\\\/\\\/candas365.es\\\/noticias\\\/category\\\/actualidad\\\/#listItem\",\"name\":\"Actualidad\"}},{\"@type\":\"ListItem\",\"@id\":\"https:\\\/\\\/candas365.es\\\/noticias\\\/category\\\/actualidad\\\/#listItem\",\"position\":2,\"name\":\"Actualidad\",\"item\":\"https:\\\/\\\/candas365.es\\\/noticias\\\/category\\\/actualidad\\\/\",\"nextItem\":{\"@type\":\"ListItem\",\"@id\":\"https:\\\/\\\/candas365.es\\\/noticias\\\/de-la-serna-informa-en-el-senado-sobre-los-compromisos-del-ministerio-de-fomento-para-esta-legislatura\\\/#listItem\",\"name\":\"De la Serna informa en el Senado sobre los compromisos del Ministerio de Fomento para esta Legislatura\"},\"previousItem\":{\"@type\":\"ListItem\",\"@id\":\"https:\\\/\\\/candas365.es\\\/noticias#listItem\",\"name\":\"Home\"}},{\"@type\":\"ListItem\",\"@id\":\"https:\\\/\\\/candas365.es\\\/noticias\\\/de-la-serna-informa-en-el-senado-sobre-los-compromisos-del-ministerio-de-fomento-para-esta-legislatura\\\/#listItem\",\"position\":3,\"name\":\"De la Serna informa en el Senado sobre los compromisos del Ministerio de Fomento para esta Legislatura\",\"previousItem\":{\"@type\":\"ListItem\",\"@id\":\"https:\\\/\\\/candas365.es\\\/noticias\\\/category\\\/actualidad\\\/#listItem\",\"name\":\"Actualidad\"}}]},{\"@type\":\"NewsArticle\",\"@id\":\"https:\\\/\\\/candas365.es\\\/noticias\\\/de-la-serna-informa-en-el-senado-sobre-los-compromisos-del-ministerio-de-fomento-para-esta-legislatura\\\/#newsarticle\",\"name\":\"De la Serna informa en el Senado sobre los compromisos del Ministerio de Fomento para esta Legislatura | Cand\\u00e1s 365\",\"headline\":\"De la Serna informa en el Senado sobre los compromisos del Ministerio de Fomento para esta Legislatura\",\"author\":{\"@id\":\"https:\\\/\\\/candas365.es\\\/noticias\\\/author\\\/admin\\\/#author\"},\"publisher\":{\"@id\":\"https:\\\/\\\/candas365.es\\\/noticias\\\/#organization\"},\"image\":{\"@type\":\"ImageObject\",\"url\":\"https:\\\/\\\/candas365.es\\\/noticias\\\/wp-content\\\/uploads\\\/2017\\\/01\\\/230117-serna.jpg\",\"width\":496,\"height\":329},\"datePublished\":\"2017-01-23T22:27:55+01:00\",\"dateModified\":\"2017-01-23T22:27:55+01:00\",\"inLanguage\":\"es-ES\",\"mainEntityOfPage\":{\"@id\":\"https:\\\/\\\/candas365.es\\\/noticias\\\/de-la-serna-informa-en-el-senado-sobre-los-compromisos-del-ministerio-de-fomento-para-esta-legislatura\\\/#webpage\"},\"isPartOf\":{\"@id\":\"https:\\\/\\\/candas365.es\\\/noticias\\\/de-la-serna-informa-en-el-senado-sobre-los-compromisos-del-ministerio-de-fomento-para-esta-legislatura\\\/#webpage\"},\"articleSection\":\"Actualidad\",\"dateline\":\"Publicado el enero 23, 2017.\"},{\"@type\":\"Organization\",\"@id\":\"https:\\\/\\\/candas365.es\\\/noticias\\\/#organization\",\"name\":\"Cand\\u00e1s 365\",\"description\":\"Cand\\u00e1s 365 es un diario digital independiente, fundado en 2012, con base en Asturias. Informamos con rigor sobre actualidad, sociedad, cultura y ocio, con una mirada local y global.\",\"url\":\"https:\\\/\\\/candas365.es\\\/noticias\\\/\",\"email\":\"info@candas365.es\",\"telephone\":\"+34652131393\",\"foundingDate\":\"2012-06-10\",\"logo\":{\"@type\":\"ImageObject\",\"url\":\"https:\\\/\\\/candas365.es\\\/noticias\\\/wp-content\\\/uploads\\\/2024\\\/09\\\/Candas-365-Redes.jpg\",\"@id\":\"https:\\\/\\\/candas365.es\\\/noticias\\\/de-la-serna-informa-en-el-senado-sobre-los-compromisos-del-ministerio-de-fomento-para-esta-legislatura\\\/#organizationLogo\",\"width\":1152,\"height\":864,\"caption\":\"Cand\\u00e1s 365 Redes\"},\"image\":{\"@id\":\"https:\\\/\\\/candas365.es\\\/noticias\\\/de-la-serna-informa-en-el-senado-sobre-los-compromisos-del-ministerio-de-fomento-para-esta-legislatura\\\/#organizationLogo\"},\"sameAs\":[\"https:\\\/\\\/www.facebook.com\\\/Nachofdezber\",\"https:\\\/\\\/x.com\\\/NabercoDigital\",\"https:\\\/\\\/www.instagram.com\\\/nachofdezber\\\/\",\"https:\\\/\\\/www.youtube.com\\\/channel\\\/UCZP-2wLEB9Rv6erhFmqVnvg\"],\"address\":{\"@id\":\"https:\\\/\\\/candas365.es\\\/noticias\\\/#postaladdress\",\"@type\":\"PostalAddress\",\"streetAddress\":\"san antonio 4, san antonio 4\",\"postalCode\":\"33430\",\"addressLocality\":\"Cand\\u00e1s\",\"addressRegion\":\"Asturias\",\"addressCountry\":\"ES\"}},{\"@type\":\"Person\",\"@id\":\"https:\\\/\\\/candas365.es\\\/noticias\\\/author\\\/admin\\\/#author\",\"url\":\"https:\\\/\\\/candas365.es\\\/noticias\\\/author\\\/admin\\\/\",\"name\":\"Cand\\u00e1s 365\",\"image\":{\"@type\":\"ImageObject\",\"@id\":\"https:\\\/\\\/candas365.es\\\/noticias\\\/de-la-serna-informa-en-el-senado-sobre-los-compromisos-del-ministerio-de-fomento-para-esta-legislatura\\\/#authorImage\",\"url\":\"https:\\\/\\\/secure.gravatar.com\\\/avatar\\\/496a8e03d0c493ede1718b7934145dbdf8d89be1036b0eec9544e1094c9de390?s=96&d=mm&r=g\",\"width\":96,\"height\":96,\"caption\":\"Cand\\u00e1s 365\"},\"sameAs\":[\"https:\\\/\\\/www.facebook.com\\\/carrenoactualidad\",\"https:\\\/\\\/twitter.com\\\/nbasturias\",\"https:\\\/\\\/www.instagram.com\\\/nachofdezber\\\/\",\"https:\\\/\\\/www.youtube.com\\\/channel\\\/UCZP-2wLEB9Rv6erhFmqVnvg\"]},{\"@type\":\"WebPage\",\"@id\":\"https:\\\/\\\/candas365.es\\\/noticias\\\/de-la-serna-informa-en-el-senado-sobre-los-compromisos-del-ministerio-de-fomento-para-esta-legislatura\\\/#webpage\",\"url\":\"https:\\\/\\\/candas365.es\\\/noticias\\\/de-la-serna-informa-en-el-senado-sobre-los-compromisos-del-ministerio-de-fomento-para-esta-legislatura\\\/\",\"name\":\"De la Serna informa en el Senado sobre los compromisos del Ministerio de Fomento para esta Legislatura | Cand\\u00e1s 365\",\"description\":\"El ministro de Fomento, \\u00cd\\u00f1igo de la Serna, ha informado, durante su comparecencia en la Comisi\\u00f3n de Fomento del Senado, de las l\\u00edneas generales de su Departamento para esta Legislatura, que girar\\u00e1n en torno al desarrollo de un sistema de transporte orientado al ciudadano y basado en la movilidad, para seguir garantizando la vertebraci\\u00f3n territorial,\",\"inLanguage\":\"es-ES\",\"isPartOf\":{\"@id\":\"https:\\\/\\\/candas365.es\\\/noticias\\\/#website\"},\"breadcrumb\":{\"@id\":\"https:\\\/\\\/candas365.es\\\/noticias\\\/de-la-serna-informa-en-el-senado-sobre-los-compromisos-del-ministerio-de-fomento-para-esta-legislatura\\\/#breadcrumblist\"},\"author\":{\"@id\":\"https:\\\/\\\/candas365.es\\\/noticias\\\/author\\\/admin\\\/#author\"},\"creator\":{\"@id\":\"https:\\\/\\\/candas365.es\\\/noticias\\\/author\\\/admin\\\/#author\"},\"image\":{\"@type\":\"ImageObject\",\"url\":\"https:\\\/\\\/candas365.es\\\/noticias\\\/wp-content\\\/uploads\\\/2017\\\/01\\\/230117-serna.jpg\",\"@id\":\"https:\\\/\\\/candas365.es\\\/noticias\\\/de-la-serna-informa-en-el-senado-sobre-los-compromisos-del-ministerio-de-fomento-para-esta-legislatura\\\/#mainImage\",\"width\":496,\"height\":329},\"primaryImageOfPage\":{\"@id\":\"https:\\\/\\\/candas365.es\\\/noticias\\\/de-la-serna-informa-en-el-senado-sobre-los-compromisos-del-ministerio-de-fomento-para-esta-legislatura\\\/#mainImage\"},\"datePublished\":\"2017-01-23T22:27:55+01:00\",\"dateModified\":\"2017-01-23T22:27:55+01:00\"},{\"@type\":\"WebSite\",\"@id\":\"https:\\\/\\\/candas365.es\\\/noticias\\\/#website\",\"url\":\"https:\\\/\\\/candas365.es\\\/noticias\\\/\",\"name\":\"Cand\\u00e1s 365\",\"alternateName\":\"Cand\\u00e1s 365 Noticias\",\"description\":\"Actualidad desde Carre\\u00f1o para el mundo\",\"inLanguage\":\"es-ES\",\"publisher\":{\"@id\":\"https:\\\/\\\/candas365.es\\\/noticias\\\/#organization\"}}]}\n\t\t<\/script>\n\t\t<!-- All in One SEO Pro -->\r\n\t\t<title>De la Serna informa en el Senado sobre los compromisos del Ministerio de Fomento para esta Legislatura | Cand\u00e1s 365<\/title>\n\n","aioseo_head_json":{"title":"De la Serna informa en el Senado sobre los compromisos del Ministerio de Fomento para esta Legislatura | Cand\u00e1s 365","description":"El ministro de Fomento, \u00cd\u00f1igo de la Serna, ha informado, durante su comparecencia en la Comisi\u00f3n de Fomento del Senado, de las l\u00edneas generales de su Departamento para esta Legislatura, que girar\u00e1n en torno al desarrollo de un sistema de transporte orientado al ciudadano y basado en la movilidad, para seguir garantizando la vertebraci\u00f3n territorial,","canonical_url":"https:\/\/candas365.es\/noticias\/de-la-serna-informa-en-el-senado-sobre-los-compromisos-del-ministerio-de-fomento-para-esta-legislatura\/","robots":"max-image-preview:large","keywords":"actualidad","webmasterTools":{"google-site-verification":"UA-32230408-1","msvalidate.01":"354F3CDFB2DA171B47FBE9ABF1F88D5","miscellaneous":""},"schema":{"@context":"https:\/\/schema.org","@graph":[{"@type":"BreadcrumbList","@id":"https:\/\/candas365.es\/noticias\/de-la-serna-informa-en-el-senado-sobre-los-compromisos-del-ministerio-de-fomento-para-esta-legislatura\/#breadcrumblist","itemListElement":[{"@type":"ListItem","@id":"https:\/\/candas365.es\/noticias#listItem","position":1,"name":"Home","item":"https:\/\/candas365.es\/noticias","nextItem":{"@type":"ListItem","@id":"https:\/\/candas365.es\/noticias\/category\/actualidad\/#listItem","name":"Actualidad"}},{"@type":"ListItem","@id":"https:\/\/candas365.es\/noticias\/category\/actualidad\/#listItem","position":2,"name":"Actualidad","item":"https:\/\/candas365.es\/noticias\/category\/actualidad\/","nextItem":{"@type":"ListItem","@id":"https:\/\/candas365.es\/noticias\/de-la-serna-informa-en-el-senado-sobre-los-compromisos-del-ministerio-de-fomento-para-esta-legislatura\/#listItem","name":"De la Serna informa en el Senado sobre los compromisos del Ministerio de Fomento para esta Legislatura"},"previousItem":{"@type":"ListItem","@id":"https:\/\/candas365.es\/noticias#listItem","name":"Home"}},{"@type":"ListItem","@id":"https:\/\/candas365.es\/noticias\/de-la-serna-informa-en-el-senado-sobre-los-compromisos-del-ministerio-de-fomento-para-esta-legislatura\/#listItem","position":3,"name":"De la Serna informa en el Senado sobre los compromisos del Ministerio de Fomento para esta Legislatura","previousItem":{"@type":"ListItem","@id":"https:\/\/candas365.es\/noticias\/category\/actualidad\/#listItem","name":"Actualidad"}}]},{"@type":"NewsArticle","@id":"https:\/\/candas365.es\/noticias\/de-la-serna-informa-en-el-senado-sobre-los-compromisos-del-ministerio-de-fomento-para-esta-legislatura\/#newsarticle","name":"De la Serna informa en el Senado sobre los compromisos del Ministerio de Fomento para esta Legislatura | Cand\u00e1s 365","headline":"De la Serna informa en el Senado sobre los compromisos del Ministerio de Fomento para esta Legislatura","author":{"@id":"https:\/\/candas365.es\/noticias\/author\/admin\/#author"},"publisher":{"@id":"https:\/\/candas365.es\/noticias\/#organization"},"image":{"@type":"ImageObject","url":"https:\/\/candas365.es\/noticias\/wp-content\/uploads\/2017\/01\/230117-serna.jpg","width":496,"height":329},"datePublished":"2017-01-23T22:27:55+01:00","dateModified":"2017-01-23T22:27:55+01:00","inLanguage":"es-ES","mainEntityOfPage":{"@id":"https:\/\/candas365.es\/noticias\/de-la-serna-informa-en-el-senado-sobre-los-compromisos-del-ministerio-de-fomento-para-esta-legislatura\/#webpage"},"isPartOf":{"@id":"https:\/\/candas365.es\/noticias\/de-la-serna-informa-en-el-senado-sobre-los-compromisos-del-ministerio-de-fomento-para-esta-legislatura\/#webpage"},"articleSection":"Actualidad","dateline":"Publicado el enero 23, 2017."},{"@type":"Organization","@id":"https:\/\/candas365.es\/noticias\/#organization","name":"Cand\u00e1s 365","description":"Cand\u00e1s 365 es un diario digital independiente, fundado en 2012, con base en Asturias. Informamos con rigor sobre actualidad, sociedad, cultura y ocio, con una mirada local y global.","url":"https:\/\/candas365.es\/noticias\/","email":"info@candas365.es","telephone":"+34652131393","foundingDate":"2012-06-10","logo":{"@type":"ImageObject","url":"https:\/\/candas365.es\/noticias\/wp-content\/uploads\/2024\/09\/Candas-365-Redes.jpg","@id":"https:\/\/candas365.es\/noticias\/de-la-serna-informa-en-el-senado-sobre-los-compromisos-del-ministerio-de-fomento-para-esta-legislatura\/#organizationLogo","width":1152,"height":864,"caption":"Cand\u00e1s 365 Redes"},"image":{"@id":"https:\/\/candas365.es\/noticias\/de-la-serna-informa-en-el-senado-sobre-los-compromisos-del-ministerio-de-fomento-para-esta-legislatura\/#organizationLogo"},"sameAs":["https:\/\/www.facebook.com\/Nachofdezber","https:\/\/x.com\/NabercoDigital","https:\/\/www.instagram.com\/nachofdezber\/","https:\/\/www.youtube.com\/channel\/UCZP-2wLEB9Rv6erhFmqVnvg"],"address":{"@id":"https:\/\/candas365.es\/noticias\/#postaladdress","@type":"PostalAddress","streetAddress":"san antonio 4, san antonio 4","postalCode":"33430","addressLocality":"Cand\u00e1s","addressRegion":"Asturias","addressCountry":"ES"}},{"@type":"Person","@id":"https:\/\/candas365.es\/noticias\/author\/admin\/#author","url":"https:\/\/candas365.es\/noticias\/author\/admin\/","name":"Cand\u00e1s 365","image":{"@type":"ImageObject","@id":"https:\/\/candas365.es\/noticias\/de-la-serna-informa-en-el-senado-sobre-los-compromisos-del-ministerio-de-fomento-para-esta-legislatura\/#authorImage","url":"https:\/\/secure.gravatar.com\/avatar\/496a8e03d0c493ede1718b7934145dbdf8d89be1036b0eec9544e1094c9de390?s=96&d=mm&r=g","width":96,"height":96,"caption":"Cand\u00e1s 365"},"sameAs":["https:\/\/www.facebook.com\/carrenoactualidad","https:\/\/twitter.com\/nbasturias","https:\/\/www.instagram.com\/nachofdezber\/","https:\/\/www.youtube.com\/channel\/UCZP-2wLEB9Rv6erhFmqVnvg"]},{"@type":"WebPage","@id":"https:\/\/candas365.es\/noticias\/de-la-serna-informa-en-el-senado-sobre-los-compromisos-del-ministerio-de-fomento-para-esta-legislatura\/#webpage","url":"https:\/\/candas365.es\/noticias\/de-la-serna-informa-en-el-senado-sobre-los-compromisos-del-ministerio-de-fomento-para-esta-legislatura\/","name":"De la Serna informa en el Senado sobre los compromisos del Ministerio de Fomento para esta Legislatura | Cand\u00e1s 365","description":"El ministro de Fomento, \u00cd\u00f1igo de la Serna, ha informado, durante su comparecencia en la Comisi\u00f3n de Fomento del Senado, de las l\u00edneas generales de su Departamento para esta Legislatura, que girar\u00e1n en torno al desarrollo de un sistema de transporte orientado al ciudadano y basado en la movilidad, para seguir garantizando la vertebraci\u00f3n territorial,","inLanguage":"es-ES","isPartOf":{"@id":"https:\/\/candas365.es\/noticias\/#website"},"breadcrumb":{"@id":"https:\/\/candas365.es\/noticias\/de-la-serna-informa-en-el-senado-sobre-los-compromisos-del-ministerio-de-fomento-para-esta-legislatura\/#breadcrumblist"},"author":{"@id":"https:\/\/candas365.es\/noticias\/author\/admin\/#author"},"creator":{"@id":"https:\/\/candas365.es\/noticias\/author\/admin\/#author"},"image":{"@type":"ImageObject","url":"https:\/\/candas365.es\/noticias\/wp-content\/uploads\/2017\/01\/230117-serna.jpg","@id":"https:\/\/candas365.es\/noticias\/de-la-serna-informa-en-el-senado-sobre-los-compromisos-del-ministerio-de-fomento-para-esta-legislatura\/#mainImage","width":496,"height":329},"primaryImageOfPage":{"@id":"https:\/\/candas365.es\/noticias\/de-la-serna-informa-en-el-senado-sobre-los-compromisos-del-ministerio-de-fomento-para-esta-legislatura\/#mainImage"},"datePublished":"2017-01-23T22:27:55+01:00","dateModified":"2017-01-23T22:27:55+01:00"},{"@type":"WebSite","@id":"https:\/\/candas365.es\/noticias\/#website","url":"https:\/\/candas365.es\/noticias\/","name":"Cand\u00e1s 365","alternateName":"Cand\u00e1s 365 Noticias","description":"Actualidad desde Carre\u00f1o para el mundo","inLanguage":"es-ES","publisher":{"@id":"https:\/\/candas365.es\/noticias\/#organization"}}]},"og:locale":"es_ES","og:site_name":"Cand\u00e1s 365","og:type":"article","og:title":"De la Serna informa en el Senado sobre los compromisos del Ministerio de Fomento para esta Legislatura | Cand\u00e1s 365","og:description":"El ministro de Fomento, \u00cd\u00f1igo de la Serna, ha informado, durante su comparecencia en la Comisi\u00f3n de Fomento del Senado, de las l\u00edneas generales de su Departamento para esta Legislatura, que girar\u00e1n en torno al desarrollo de un sistema de transporte orientado al ciudadano y basado en la movilidad, para seguir garantizando la vertebraci\u00f3n territorial,","og:url":"https:\/\/candas365.es\/noticias\/de-la-serna-informa-en-el-senado-sobre-los-compromisos-del-ministerio-de-fomento-para-esta-legislatura\/","og:image":"https:\/\/candas365.es\/noticias\/wp-content\/uploads\/2017\/01\/230117-serna.jpg","og:image:secure_url":"https:\/\/candas365.es\/noticias\/wp-content\/uploads\/2017\/01\/230117-serna.jpg","og:image:width":496,"og:image:height":329,"article:published_time":"2017-01-23T22:27:55+00:00","article:modified_time":"2017-01-23T22:27:55+00:00","article:publisher":"https:\/\/www.facebook.com\/Nachofdezber","article:author":"https:\/\/www.facebook.com\/carrenoactualidad","twitter:card":"summary_large_image","twitter:site":"@NabercoDigital","twitter:title":"De la Serna informa en el Senado sobre los compromisos del Ministerio de Fomento para esta Legislatura | Cand\u00e1s 365","twitter:description":"El ministro de Fomento, \u00cd\u00f1igo de la Serna, ha informado, durante su comparecencia en la Comisi\u00f3n de Fomento del Senado, de las l\u00edneas generales de su Departamento para esta Legislatura, que girar\u00e1n en torno al desarrollo de un sistema de transporte orientado al ciudadano y basado en la movilidad, para seguir garantizando la vertebraci\u00f3n territorial,","twitter:creator":"@nbasturias","twitter:image":"https:\/\/candas365.es\/noticias\/wp-content\/uploads\/2017\/01\/230117-serna.jpg","twitter:label1":"Escrito por","twitter:data1":"Cand\u00e1s 365","twitter:label2":"Tiempo de lectura estimado","twitter:data2":"3 minutos"},"aioseo_meta_data":{"post_id":"41428","title":null,"description":null,"keywords":null,"keyphrases":null,"primary_term":null,"canonical_url":null,"og_title":null,"og_description":null,"og_object_type":"default","og_image_type":"default","og_image_url":null,"og_image_width":null,"og_image_height":null,"og_image_custom_url":null,"og_image_custom_fields":null,"og_video":null,"og_custom_url":null,"og_article_section":null,"og_article_tags":null,"twitter_use_og":false,"twitter_card":"default","twitter_image_type":"default","twitter_image_url":null,"twitter_image_custom_url":null,"twitter_image_custom_fields":null,"twitter_title":null,"twitter_description":null,"schema":{"blockGraphs":[],"customGraphs":[],"default":{"data":{"Article":[],"Course":[],"Dataset":[],"FAQPage":[],"Movie":[],"Person":[],"Product":[],"ProductReview":[],"Car":[],"Recipe":[],"Service":[],"SoftwareApplication":[],"WebPage":[]},"graphName":"","isEnabled":true},"graphs":[],"defaultGraph":"","defaultPostTypeGraph":""},"schema_type":null,"schema_type_options":null,"pillar_content":false,"robots_default":true,"robots_noindex":false,"robots_noarchive":false,"robots_nosnippet":false,"robots_nofollow":false,"robots_noimageindex":false,"robots_noodp":false,"robots_notranslate":false,"robots_max_snippet":null,"robots_max_videopreview":null,"robots_max_imagepreview":"large","priority":null,"frequency":null,"location":null,"local_seo":null,"seo_analyzer_scan_date":"2025-08-25 04:15:10","breadcrumb_settings":null,"limit_modified_date":false,"reviewed_by":null,"open_ai":null,"ai":null,"created":"2020-12-21 13:06:12","updated":"2025-08-25 04:15:10"},"aioseo_breadcrumb":"<div class=\"aioseo-breadcrumbs\"><span class=\"aioseo-breadcrumb\">\n\t<a href=\"https:\/\/candas365.es\/noticias\" title=\"Home\">Home<\/a>\n<\/span><span class=\"aioseo-breadcrumb-separator\">&ndash;<\/span><span class=\"aioseo-breadcrumb\">\n\t<a href=\"https:\/\/candas365.es\/noticias\/category\/actualidad\/\" title=\"Actualidad\">Actualidad<\/a>\n<\/span><span class=\"aioseo-breadcrumb-separator\">&ndash;<\/span><span class=\"aioseo-breadcrumb\">\n\tDe la Serna informa en el Senado sobre los compromisos del Ministerio de Fomento para esta Legislatura\n<\/span><\/div>","aioseo_breadcrumb_json":[{"label":"Home","link":"https:\/\/candas365.es\/noticias"},{"label":"Actualidad","link":"https:\/\/candas365.es\/noticias\/category\/actualidad\/"},{"label":"De la Serna informa en el Senado sobre los compromisos del Ministerio de Fomento para esta Legislatura","link":"https:\/\/candas365.es\/noticias\/de-la-serna-informa-en-el-senado-sobre-los-compromisos-del-ministerio-de-fomento-para-esta-legislatura\/"}],"_links":{"self":[{"href":"https:\/\/candas365.es\/noticias\/wp-json\/wp\/v2\/posts\/41428","targetHints":{"allow":["GET"]}}],"collection":[{"href":"https:\/\/candas365.es\/noticias\/wp-json\/wp\/v2\/posts"}],"about":[{"href":"https:\/\/candas365.es\/noticias\/wp-json\/wp\/v2\/types\/post"}],"author":[{"embeddable":true,"href":"https:\/\/candas365.es\/noticias\/wp-json\/wp\/v2\/users\/1"}],"replies":[{"embeddable":true,"href":"https:\/\/candas365.es\/noticias\/wp-json\/wp\/v2\/comments?post=41428"}],"version-history":[{"count":0,"href":"https:\/\/candas365.es\/noticias\/wp-json\/wp\/v2\/posts\/41428\/revisions"}],"wp:featuredmedia":[{"embeddable":true,"href":"https:\/\/candas365.es\/noticias\/wp-json\/wp\/v2\/media\/41429"}],"wp:attachment":[{"href":"https:\/\/candas365.es\/noticias\/wp-json\/wp\/v2\/media?parent=41428"}],"wp:term":[{"taxonomy":"category","embeddable":true,"href":"https:\/\/candas365.es\/noticias\/wp-json\/wp\/v2\/categories?post=41428"},{"taxonomy":"post_tag","embeddable":true,"href":"https:\/\/candas365.es\/noticias\/wp-json\/wp\/v2\/tags?post=41428"}],"curies":[{"name":"wp","href":"https:\/\/api.w.org\/{rel}","templated":true}]}}