{"id":41419,"date":"2017-01-23T22:21:48","date_gmt":"2017-01-23T22:21:48","guid":{"rendered":"http:\/\/candas365.es\/noticias\/?p=41419"},"modified":"2017-01-23T22:21:48","modified_gmt":"2017-01-23T22:21:48","slug":"el-periodo-medio-de-pago-a-proveedores-de-las-comunidades-se-situa-en-noviembre-en-3331-dias","status":"publish","type":"post","link":"https:\/\/candas365.es\/noticias\/el-periodo-medio-de-pago-a-proveedores-de-las-comunidades-se-situa-en-noviembre-en-3331-dias\/","title":{"rendered":"El Periodo Medio de Pago a Proveedores de las comunidades se sit\u00faa en noviembre en 33,31 d\u00edas"},"content":{"rendered":"<p><img fetchpriority=\"high\" decoding=\"async\" class=\"alignleft size-medium wp-image-8123\" src=\"https:\/\/candas365.es\/noticias\/wp-content\/uploads\/2015\/03\/euros-360x235.jpg\" alt=\"\" width=\"360\" height=\"235\" srcset=\"https:\/\/candas365.es\/noticias\/wp-content\/uploads\/2015\/03\/euros.jpg 360w, https:\/\/candas365.es\/noticias\/wp-content\/uploads\/2015\/03\/euros-150x98.jpg 150w, https:\/\/candas365.es\/noticias\/wp-content\/uploads\/2015\/03\/euros-84x55.jpg 84w\" sizes=\"(max-width: 360px) 100vw, 360px\" \/>El Periodo Medio de Pago a Proveedores (PMP) del mes de noviembre se ha situado en 33,31 d\u00edas para el conjunto de las comunidades aut\u00f3nomas, lo que supone una reducci\u00f3n de 2,03 d\u00edas con respecto al mes anterior, un 5,74%. La cifra marca el mejor dato publicado desde el inicio de la serie (datos desde septiembre de 2014) y significativamente inferior a los datos del PMP de noviembre de a\u00f1os anteriores.<\/p>\n<p>\u200bEl Periodo Medio de Pago a Proveedores (PMP) del mes de noviembre se ha situado en 33,31 d\u00edas para el conjunto de las Comunidades Aut\u00f3nomas, lo que supone una reducci\u00f3n de 2,03 d\u00edas con respecto al mes anterior, un 5,74%. La cifra marca el mejor dato publicado desde el inicio de la serie (datos desde septiembre de 2014) y significativamente inferior a los datos del PMP de noviembre de a\u00f1os anteriores.<\/p>\n<p>La variaci\u00f3n del PMP se debe a la disminuci\u00f3n de 8,79 d\u00edas en la ratio de las operaciones pagadas, variando de 28,12 a 19,33 d\u00edas; y al incremento de 1,14 d\u00edas en la ratio de operaciones pendientes de pago, pasando de 39,60 a 40,74 d\u00edas.<\/p>\n<p>Por CCAA, destaca que Arag\u00f3n y Extremadura, incursas en el procedimiento de retenci\u00f3n del RD 635\/2014, siguen cumpliendo el plazo m\u00e1ximo de pago previsto en la normativa (30 d\u00edas) por quinto mes consecutivo desde la publicaci\u00f3n de la serie hist\u00f3rica del PMP. Como se ha venido informando, ambas comunidades, desde septiembre de 2014, siempre hab\u00edan comunicado un PMP superior a 60 d\u00edas. En el mes de noviembre asciende a 28,05 y 20,67 d\u00edas, respectivamente. En el caso de que en el mes de diciembre comunicaran un PMP inferior a 30 d\u00edas finalizar\u00eda el procedimiento de retenci\u00f3n.<\/p>\n<p>Incumplen el plazo de 30 d\u00edas Illes Balears, Cantabria, Catalu\u00f1a, Comunidad de Madrid y Comunidad Valenciana, situaci\u00f3n que no presenta variaciones con respecto al mes anterior, salvo en el caso de la Comunidad Valenciana, que ha reducido su ratio por debajo de 60 d\u00edas con respecto al mes de octubre, de haberlo superado hubiera entrado en procedimiento de retenci\u00f3n.<\/p>\n<p>Por otro lado, incumple el plazo de 60 d\u00edas la Regi\u00f3n de Murcia, que tambi\u00e9n lo excedi\u00f3 el mes anterior. Como consecuencia de ello, con los datos relativos al presente mes de noviembre, se produce un incumplimiento de los plazos previstos en el art\u00edculo 20.5 de la LOEPSF, relativo a las medidas autom\u00e1ticas de correcci\u00f3n, por lo que se enviar\u00e1 en breve una propuesta de comunicaci\u00f3n del 20.5.<\/p>\n<p><strong>Deuda de la Comunidades Aut\u00f3nomas<\/strong><\/p>\n<p>La deuda comercial aumenta en 644,45 millones de euros, lo que supone un 87,9% con respecto al mes anterior, situ\u00e1ndose en 7.979,34 millones de euros. Como se indica en el informe, la reducci\u00f3n desde el a\u00f1o 2012 hasta noviembre de 2016 de las 14 CCAA que suscribieron plan de ajuste (en t\u00e9rminos homog\u00e9neos) se ha reducido un 72,91%.<\/p>\n<p>La deuda no financiera aumenta en 642,84 millones de euros (5,59% con respecto al mes anterior) y se sit\u00faa en 12.141,15 millones de euros.<\/p>\n<p>Tanto en la deuda comercial como en la no financiera el incremento se ha debido principalmente a la variaci\u00f3n del cap\u00edtulo de gatos corrientes en bienes y servicios, y aunque el aumento es propio de los \u00faltimos meses del a\u00f1o, dicho incremento es sustancialmente inferior al de a\u00f1os anteriores.<\/p>\n<p>&nbsp;<\/p>\n","protected":false},"excerpt":{"rendered":"<p>El Periodo Medio de Pago a Proveedores (PMP) del mes de noviembre se ha situado en 33,31 d\u00edas para el conjunto de las comunidades aut\u00f3nomas, lo que supone una reducci\u00f3n de 2,03 d\u00edas con respecto al mes anterior, un 5,74%. La cifra marca el mejor dato publicado desde el inicio de la serie (datos desde<\/p>\n","protected":false},"author":1,"featured_media":19556,"comment_status":"closed","ping_status":"closed","sticky":false,"template":"","format":"standard","meta":{"footnotes":""},"categories":[343],"tags":[],"class_list":{"0":"post-41419","1":"post","2":"type-post","3":"status-publish","4":"format-standard","5":"has-post-thumbnail","7":"category-actualidad"},"aioseo_notices":[],"aioseo_head":"\n\t\t<!-- All in One SEO Pro 4.9.6.2 - aioseo.com -->\n\t<meta name=\"description\" content=\"El Periodo Medio de Pago a Proveedores (PMP) del mes de noviembre se ha situado en 33,31 d\u00edas para el conjunto de las comunidades aut\u00f3nomas, lo que supone una reducci\u00f3n de 2,03 d\u00edas con respecto al mes anterior, un 5,74%. La cifra marca el mejor dato publicado desde el inicio de la serie (datos desde\" \/>\n\t<meta name=\"robots\" content=\"max-image-preview:large\" \/>\n\t<meta name=\"author\" content=\"Cand\u00e1s 365\"\/>\n\t<meta name=\"google-site-verification\" content=\"UA-32230408-1\" \/>\n\t<meta name=\"msvalidate.01\" content=\"354F3CDFB2DA171B47FBE9ABF1F88D5\" \/>\n\t<meta name=\"keywords\" content=\"actualidad\" \/>\n\t<link rel=\"canonical\" href=\"https:\/\/candas365.es\/noticias\/el-periodo-medio-de-pago-a-proveedores-de-las-comunidades-se-situa-en-noviembre-en-3331-dias\/\" \/>\n\t<meta name=\"generator\" content=\"All in One SEO Pro (AIOSEO) 4.9.6.2\" \/>\n\t\t<meta property=\"og:locale\" content=\"es_ES\" \/>\n\t\t<meta property=\"og:site_name\" content=\"Cand\u00e1s 365\" \/>\n\t\t<meta property=\"og:type\" content=\"article\" \/>\n\t\t<meta property=\"og:title\" content=\"El Periodo Medio de Pago a Proveedores de las comunidades se sit\u00faa en noviembre en 33,31 d\u00edas | Cand\u00e1s 365\" \/>\n\t\t<meta property=\"og:description\" content=\"El Periodo Medio de Pago a Proveedores (PMP) del mes de noviembre se ha situado en 33,31 d\u00edas para el conjunto de las comunidades aut\u00f3nomas, lo que supone una reducci\u00f3n de 2,03 d\u00edas con respecto al mes anterior, un 5,74%. La cifra marca el mejor dato publicado desde el inicio de la serie (datos desde\" \/>\n\t\t<meta property=\"og:url\" content=\"https:\/\/candas365.es\/noticias\/el-periodo-medio-de-pago-a-proveedores-de-las-comunidades-se-situa-en-noviembre-en-3331-dias\/\" \/>\n\t\t<meta property=\"og:image\" content=\"https:\/\/candas365.es\/noticias\/wp-content\/uploads\/2015\/11\/euros.jpg\" \/>\n\t\t<meta property=\"og:image:secure_url\" content=\"https:\/\/candas365.es\/noticias\/wp-content\/uploads\/2015\/11\/euros.jpg\" \/>\n\t\t<meta property=\"og:image:width\" content=\"655\" \/>\n\t\t<meta property=\"og:image:height\" content=\"360\" \/>\n\t\t<meta property=\"article:published_time\" content=\"2017-01-23T22:21:48+00:00\" \/>\n\t\t<meta property=\"article:modified_time\" content=\"2017-01-23T22:21:48+00:00\" \/>\n\t\t<meta property=\"article:publisher\" content=\"https:\/\/www.facebook.com\/Nachofdezber\" \/>\n\t\t<meta property=\"article:author\" content=\"https:\/\/www.facebook.com\/carrenoactualidad\" \/>\n\t\t<meta name=\"twitter:card\" content=\"summary_large_image\" \/>\n\t\t<meta name=\"twitter:site\" content=\"@NabercoDigital\" \/>\n\t\t<meta name=\"twitter:title\" content=\"El Periodo Medio de Pago a Proveedores de las comunidades se sit\u00faa en noviembre en 33,31 d\u00edas | Cand\u00e1s 365\" \/>\n\t\t<meta name=\"twitter:description\" content=\"El Periodo Medio de Pago a Proveedores (PMP) del mes de noviembre se ha situado en 33,31 d\u00edas para el conjunto de las comunidades aut\u00f3nomas, lo que supone una reducci\u00f3n de 2,03 d\u00edas con respecto al mes anterior, un 5,74%. La cifra marca el mejor dato publicado desde el inicio de la serie (datos desde\" \/>\n\t\t<meta name=\"twitter:creator\" content=\"@nbasturias\" \/>\n\t\t<meta name=\"twitter:image\" content=\"https:\/\/candas365.es\/noticias\/wp-content\/uploads\/2015\/11\/euros.jpg\" \/>\n\t\t<meta name=\"twitter:label1\" content=\"Escrito por\" \/>\n\t\t<meta name=\"twitter:data1\" content=\"Cand\u00e1s 365\" \/>\n\t\t<meta name=\"twitter:label2\" content=\"Tiempo de lectura estimado\" \/>\n\t\t<meta name=\"twitter:data2\" content=\"3 minutos\" \/>\n\t\t<script type=\"application\/ld+json\" class=\"aioseo-schema\">\n\t\t\t{\"@context\":\"https:\\\/\\\/schema.org\",\"@graph\":[{\"@type\":\"BreadcrumbList\",\"@id\":\"https:\\\/\\\/candas365.es\\\/noticias\\\/el-periodo-medio-de-pago-a-proveedores-de-las-comunidades-se-situa-en-noviembre-en-3331-dias\\\/#breadcrumblist\",\"itemListElement\":[{\"@type\":\"ListItem\",\"@id\":\"https:\\\/\\\/candas365.es\\\/noticias#listItem\",\"position\":1,\"name\":\"Home\",\"item\":\"https:\\\/\\\/candas365.es\\\/noticias\",\"nextItem\":{\"@type\":\"ListItem\",\"@id\":\"https:\\\/\\\/candas365.es\\\/noticias\\\/category\\\/actualidad\\\/#listItem\",\"name\":\"Actualidad\"}},{\"@type\":\"ListItem\",\"@id\":\"https:\\\/\\\/candas365.es\\\/noticias\\\/category\\\/actualidad\\\/#listItem\",\"position\":2,\"name\":\"Actualidad\",\"item\":\"https:\\\/\\\/candas365.es\\\/noticias\\\/category\\\/actualidad\\\/\",\"nextItem\":{\"@type\":\"ListItem\",\"@id\":\"https:\\\/\\\/candas365.es\\\/noticias\\\/el-periodo-medio-de-pago-a-proveedores-de-las-comunidades-se-situa-en-noviembre-en-3331-dias\\\/#listItem\",\"name\":\"El Periodo Medio de Pago a Proveedores de las comunidades se sit\\u00faa en noviembre en 33,31 d\\u00edas\"},\"previousItem\":{\"@type\":\"ListItem\",\"@id\":\"https:\\\/\\\/candas365.es\\\/noticias#listItem\",\"name\":\"Home\"}},{\"@type\":\"ListItem\",\"@id\":\"https:\\\/\\\/candas365.es\\\/noticias\\\/el-periodo-medio-de-pago-a-proveedores-de-las-comunidades-se-situa-en-noviembre-en-3331-dias\\\/#listItem\",\"position\":3,\"name\":\"El Periodo Medio de Pago a Proveedores de las comunidades se sit\\u00faa en noviembre en 33,31 d\\u00edas\",\"previousItem\":{\"@type\":\"ListItem\",\"@id\":\"https:\\\/\\\/candas365.es\\\/noticias\\\/category\\\/actualidad\\\/#listItem\",\"name\":\"Actualidad\"}}]},{\"@type\":\"NewsArticle\",\"@id\":\"https:\\\/\\\/candas365.es\\\/noticias\\\/el-periodo-medio-de-pago-a-proveedores-de-las-comunidades-se-situa-en-noviembre-en-3331-dias\\\/#newsarticle\",\"name\":\"El Periodo Medio de Pago a Proveedores de las comunidades se sit\\u00faa en noviembre en 33,31 d\\u00edas | Cand\\u00e1s 365\",\"headline\":\"El Periodo Medio de Pago a Proveedores de las comunidades se sit\\u00faa en noviembre en 33,31 d\\u00edas\",\"author\":{\"@id\":\"https:\\\/\\\/candas365.es\\\/noticias\\\/author\\\/admin\\\/#author\"},\"publisher\":{\"@id\":\"https:\\\/\\\/candas365.es\\\/noticias\\\/#organization\"},\"image\":{\"@type\":\"ImageObject\",\"url\":\"https:\\\/\\\/candas365.es\\\/noticias\\\/wp-content\\\/uploads\\\/2015\\\/11\\\/euros.jpg\",\"width\":655,\"height\":360},\"datePublished\":\"2017-01-23T22:21:48+01:00\",\"dateModified\":\"2017-01-23T22:21:48+01:00\",\"inLanguage\":\"es-ES\",\"mainEntityOfPage\":{\"@id\":\"https:\\\/\\\/candas365.es\\\/noticias\\\/el-periodo-medio-de-pago-a-proveedores-de-las-comunidades-se-situa-en-noviembre-en-3331-dias\\\/#webpage\"},\"isPartOf\":{\"@id\":\"https:\\\/\\\/candas365.es\\\/noticias\\\/el-periodo-medio-de-pago-a-proveedores-de-las-comunidades-se-situa-en-noviembre-en-3331-dias\\\/#webpage\"},\"articleSection\":\"Actualidad\",\"dateline\":\"Publicado el enero 23, 2017.\"},{\"@type\":\"Organization\",\"@id\":\"https:\\\/\\\/candas365.es\\\/noticias\\\/#organization\",\"name\":\"Cand\\u00e1s 365\",\"description\":\"Cand\\u00e1s 365 es un diario digital independiente, fundado en 2012, con base en Asturias. Informamos con rigor sobre actualidad, sociedad, cultura y ocio, con una mirada local y global.\",\"url\":\"https:\\\/\\\/candas365.es\\\/noticias\\\/\",\"email\":\"info@candas365.es\",\"telephone\":\"+34652131393\",\"foundingDate\":\"2012-06-10\",\"logo\":{\"@type\":\"ImageObject\",\"url\":\"https:\\\/\\\/candas365.es\\\/noticias\\\/wp-content\\\/uploads\\\/2024\\\/09\\\/Candas-365-Redes.jpg\",\"@id\":\"https:\\\/\\\/candas365.es\\\/noticias\\\/el-periodo-medio-de-pago-a-proveedores-de-las-comunidades-se-situa-en-noviembre-en-3331-dias\\\/#organizationLogo\",\"width\":1152,\"height\":864,\"caption\":\"Cand\\u00e1s 365 Redes\"},\"image\":{\"@id\":\"https:\\\/\\\/candas365.es\\\/noticias\\\/el-periodo-medio-de-pago-a-proveedores-de-las-comunidades-se-situa-en-noviembre-en-3331-dias\\\/#organizationLogo\"},\"sameAs\":[\"https:\\\/\\\/www.facebook.com\\\/Nachofdezber\",\"https:\\\/\\\/x.com\\\/NabercoDigital\",\"https:\\\/\\\/www.instagram.com\\\/nachofdezber\\\/\",\"https:\\\/\\\/www.youtube.com\\\/channel\\\/UCZP-2wLEB9Rv6erhFmqVnvg\"],\"address\":{\"@id\":\"https:\\\/\\\/candas365.es\\\/noticias\\\/#postaladdress\",\"@type\":\"PostalAddress\",\"streetAddress\":\"san antonio 4, san antonio 4\",\"postalCode\":\"33430\",\"addressLocality\":\"Cand\\u00e1s\",\"addressRegion\":\"Asturias\",\"addressCountry\":\"ES\"}},{\"@type\":\"Person\",\"@id\":\"https:\\\/\\\/candas365.es\\\/noticias\\\/author\\\/admin\\\/#author\",\"url\":\"https:\\\/\\\/candas365.es\\\/noticias\\\/author\\\/admin\\\/\",\"name\":\"Cand\\u00e1s 365\",\"image\":{\"@type\":\"ImageObject\",\"@id\":\"https:\\\/\\\/candas365.es\\\/noticias\\\/el-periodo-medio-de-pago-a-proveedores-de-las-comunidades-se-situa-en-noviembre-en-3331-dias\\\/#authorImage\",\"url\":\"https:\\\/\\\/secure.gravatar.com\\\/avatar\\\/496a8e03d0c493ede1718b7934145dbdf8d89be1036b0eec9544e1094c9de390?s=96&d=mm&r=g\",\"width\":96,\"height\":96,\"caption\":\"Cand\\u00e1s 365\"},\"sameAs\":[\"https:\\\/\\\/www.facebook.com\\\/carrenoactualidad\",\"https:\\\/\\\/twitter.com\\\/nbasturias\",\"https:\\\/\\\/www.instagram.com\\\/nachofdezber\\\/\",\"https:\\\/\\\/www.youtube.com\\\/channel\\\/UCZP-2wLEB9Rv6erhFmqVnvg\"]},{\"@type\":\"WebPage\",\"@id\":\"https:\\\/\\\/candas365.es\\\/noticias\\\/el-periodo-medio-de-pago-a-proveedores-de-las-comunidades-se-situa-en-noviembre-en-3331-dias\\\/#webpage\",\"url\":\"https:\\\/\\\/candas365.es\\\/noticias\\\/el-periodo-medio-de-pago-a-proveedores-de-las-comunidades-se-situa-en-noviembre-en-3331-dias\\\/\",\"name\":\"El Periodo Medio de Pago a Proveedores de las comunidades se sit\\u00faa en noviembre en 33,31 d\\u00edas | Cand\\u00e1s 365\",\"description\":\"El Periodo Medio de Pago a Proveedores (PMP) del mes de noviembre se ha situado en 33,31 d\\u00edas para el conjunto de las comunidades aut\\u00f3nomas, lo que supone una reducci\\u00f3n de 2,03 d\\u00edas con respecto al mes anterior, un 5,74%. La cifra marca el mejor dato publicado desde el inicio de la serie (datos desde\",\"inLanguage\":\"es-ES\",\"isPartOf\":{\"@id\":\"https:\\\/\\\/candas365.es\\\/noticias\\\/#website\"},\"breadcrumb\":{\"@id\":\"https:\\\/\\\/candas365.es\\\/noticias\\\/el-periodo-medio-de-pago-a-proveedores-de-las-comunidades-se-situa-en-noviembre-en-3331-dias\\\/#breadcrumblist\"},\"author\":{\"@id\":\"https:\\\/\\\/candas365.es\\\/noticias\\\/author\\\/admin\\\/#author\"},\"creator\":{\"@id\":\"https:\\\/\\\/candas365.es\\\/noticias\\\/author\\\/admin\\\/#author\"},\"image\":{\"@type\":\"ImageObject\",\"url\":\"https:\\\/\\\/candas365.es\\\/noticias\\\/wp-content\\\/uploads\\\/2015\\\/11\\\/euros.jpg\",\"@id\":\"https:\\\/\\\/candas365.es\\\/noticias\\\/el-periodo-medio-de-pago-a-proveedores-de-las-comunidades-se-situa-en-noviembre-en-3331-dias\\\/#mainImage\",\"width\":655,\"height\":360},\"primaryImageOfPage\":{\"@id\":\"https:\\\/\\\/candas365.es\\\/noticias\\\/el-periodo-medio-de-pago-a-proveedores-de-las-comunidades-se-situa-en-noviembre-en-3331-dias\\\/#mainImage\"},\"datePublished\":\"2017-01-23T22:21:48+01:00\",\"dateModified\":\"2017-01-23T22:21:48+01:00\"},{\"@type\":\"WebSite\",\"@id\":\"https:\\\/\\\/candas365.es\\\/noticias\\\/#website\",\"url\":\"https:\\\/\\\/candas365.es\\\/noticias\\\/\",\"name\":\"Cand\\u00e1s 365\",\"alternateName\":\"Cand\\u00e1s 365 Noticias\",\"description\":\"Actualidad desde Carre\\u00f1o para el mundo\",\"inLanguage\":\"es-ES\",\"publisher\":{\"@id\":\"https:\\\/\\\/candas365.es\\\/noticias\\\/#organization\"}}]}\n\t\t<\/script>\n\t\t<!-- All in One SEO Pro -->\r\n\t\t<title>El Periodo Medio de Pago a Proveedores de las comunidades se sit\u00faa en noviembre en 33,31 d\u00edas | Cand\u00e1s 365<\/title>\n\n","aioseo_head_json":{"title":"El Periodo Medio de Pago a Proveedores de las comunidades se sit\u00faa en noviembre en 33,31 d\u00edas | Cand\u00e1s 365","description":"El Periodo Medio de Pago a Proveedores (PMP) del mes de noviembre se ha situado en 33,31 d\u00edas para el conjunto de las comunidades aut\u00f3nomas, lo que supone una reducci\u00f3n de 2,03 d\u00edas con respecto al mes anterior, un 5,74%. La cifra marca el mejor dato publicado desde el inicio de la serie (datos desde","canonical_url":"https:\/\/candas365.es\/noticias\/el-periodo-medio-de-pago-a-proveedores-de-las-comunidades-se-situa-en-noviembre-en-3331-dias\/","robots":"max-image-preview:large","keywords":"actualidad","webmasterTools":{"google-site-verification":"UA-32230408-1","msvalidate.01":"354F3CDFB2DA171B47FBE9ABF1F88D5","miscellaneous":""},"schema":{"@context":"https:\/\/schema.org","@graph":[{"@type":"BreadcrumbList","@id":"https:\/\/candas365.es\/noticias\/el-periodo-medio-de-pago-a-proveedores-de-las-comunidades-se-situa-en-noviembre-en-3331-dias\/#breadcrumblist","itemListElement":[{"@type":"ListItem","@id":"https:\/\/candas365.es\/noticias#listItem","position":1,"name":"Home","item":"https:\/\/candas365.es\/noticias","nextItem":{"@type":"ListItem","@id":"https:\/\/candas365.es\/noticias\/category\/actualidad\/#listItem","name":"Actualidad"}},{"@type":"ListItem","@id":"https:\/\/candas365.es\/noticias\/category\/actualidad\/#listItem","position":2,"name":"Actualidad","item":"https:\/\/candas365.es\/noticias\/category\/actualidad\/","nextItem":{"@type":"ListItem","@id":"https:\/\/candas365.es\/noticias\/el-periodo-medio-de-pago-a-proveedores-de-las-comunidades-se-situa-en-noviembre-en-3331-dias\/#listItem","name":"El Periodo Medio de Pago a Proveedores de las comunidades se sit\u00faa en noviembre en 33,31 d\u00edas"},"previousItem":{"@type":"ListItem","@id":"https:\/\/candas365.es\/noticias#listItem","name":"Home"}},{"@type":"ListItem","@id":"https:\/\/candas365.es\/noticias\/el-periodo-medio-de-pago-a-proveedores-de-las-comunidades-se-situa-en-noviembre-en-3331-dias\/#listItem","position":3,"name":"El Periodo Medio de Pago a Proveedores de las comunidades se sit\u00faa en noviembre en 33,31 d\u00edas","previousItem":{"@type":"ListItem","@id":"https:\/\/candas365.es\/noticias\/category\/actualidad\/#listItem","name":"Actualidad"}}]},{"@type":"NewsArticle","@id":"https:\/\/candas365.es\/noticias\/el-periodo-medio-de-pago-a-proveedores-de-las-comunidades-se-situa-en-noviembre-en-3331-dias\/#newsarticle","name":"El Periodo Medio de Pago a Proveedores de las comunidades se sit\u00faa en noviembre en 33,31 d\u00edas | Cand\u00e1s 365","headline":"El Periodo Medio de Pago a Proveedores de las comunidades se sit\u00faa en noviembre en 33,31 d\u00edas","author":{"@id":"https:\/\/candas365.es\/noticias\/author\/admin\/#author"},"publisher":{"@id":"https:\/\/candas365.es\/noticias\/#organization"},"image":{"@type":"ImageObject","url":"https:\/\/candas365.es\/noticias\/wp-content\/uploads\/2015\/11\/euros.jpg","width":655,"height":360},"datePublished":"2017-01-23T22:21:48+01:00","dateModified":"2017-01-23T22:21:48+01:00","inLanguage":"es-ES","mainEntityOfPage":{"@id":"https:\/\/candas365.es\/noticias\/el-periodo-medio-de-pago-a-proveedores-de-las-comunidades-se-situa-en-noviembre-en-3331-dias\/#webpage"},"isPartOf":{"@id":"https:\/\/candas365.es\/noticias\/el-periodo-medio-de-pago-a-proveedores-de-las-comunidades-se-situa-en-noviembre-en-3331-dias\/#webpage"},"articleSection":"Actualidad","dateline":"Publicado el enero 23, 2017."},{"@type":"Organization","@id":"https:\/\/candas365.es\/noticias\/#organization","name":"Cand\u00e1s 365","description":"Cand\u00e1s 365 es un diario digital independiente, fundado en 2012, con base en Asturias. Informamos con rigor sobre actualidad, sociedad, cultura y ocio, con una mirada local y global.","url":"https:\/\/candas365.es\/noticias\/","email":"info@candas365.es","telephone":"+34652131393","foundingDate":"2012-06-10","logo":{"@type":"ImageObject","url":"https:\/\/candas365.es\/noticias\/wp-content\/uploads\/2024\/09\/Candas-365-Redes.jpg","@id":"https:\/\/candas365.es\/noticias\/el-periodo-medio-de-pago-a-proveedores-de-las-comunidades-se-situa-en-noviembre-en-3331-dias\/#organizationLogo","width":1152,"height":864,"caption":"Cand\u00e1s 365 Redes"},"image":{"@id":"https:\/\/candas365.es\/noticias\/el-periodo-medio-de-pago-a-proveedores-de-las-comunidades-se-situa-en-noviembre-en-3331-dias\/#organizationLogo"},"sameAs":["https:\/\/www.facebook.com\/Nachofdezber","https:\/\/x.com\/NabercoDigital","https:\/\/www.instagram.com\/nachofdezber\/","https:\/\/www.youtube.com\/channel\/UCZP-2wLEB9Rv6erhFmqVnvg"],"address":{"@id":"https:\/\/candas365.es\/noticias\/#postaladdress","@type":"PostalAddress","streetAddress":"san antonio 4, san antonio 4","postalCode":"33430","addressLocality":"Cand\u00e1s","addressRegion":"Asturias","addressCountry":"ES"}},{"@type":"Person","@id":"https:\/\/candas365.es\/noticias\/author\/admin\/#author","url":"https:\/\/candas365.es\/noticias\/author\/admin\/","name":"Cand\u00e1s 365","image":{"@type":"ImageObject","@id":"https:\/\/candas365.es\/noticias\/el-periodo-medio-de-pago-a-proveedores-de-las-comunidades-se-situa-en-noviembre-en-3331-dias\/#authorImage","url":"https:\/\/secure.gravatar.com\/avatar\/496a8e03d0c493ede1718b7934145dbdf8d89be1036b0eec9544e1094c9de390?s=96&d=mm&r=g","width":96,"height":96,"caption":"Cand\u00e1s 365"},"sameAs":["https:\/\/www.facebook.com\/carrenoactualidad","https:\/\/twitter.com\/nbasturias","https:\/\/www.instagram.com\/nachofdezber\/","https:\/\/www.youtube.com\/channel\/UCZP-2wLEB9Rv6erhFmqVnvg"]},{"@type":"WebPage","@id":"https:\/\/candas365.es\/noticias\/el-periodo-medio-de-pago-a-proveedores-de-las-comunidades-se-situa-en-noviembre-en-3331-dias\/#webpage","url":"https:\/\/candas365.es\/noticias\/el-periodo-medio-de-pago-a-proveedores-de-las-comunidades-se-situa-en-noviembre-en-3331-dias\/","name":"El Periodo Medio de Pago a Proveedores de las comunidades se sit\u00faa en noviembre en 33,31 d\u00edas | Cand\u00e1s 365","description":"El Periodo Medio de Pago a Proveedores (PMP) del mes de noviembre se ha situado en 33,31 d\u00edas para el conjunto de las comunidades aut\u00f3nomas, lo que supone una reducci\u00f3n de 2,03 d\u00edas con respecto al mes anterior, un 5,74%. La cifra marca el mejor dato publicado desde el inicio de la serie (datos desde","inLanguage":"es-ES","isPartOf":{"@id":"https:\/\/candas365.es\/noticias\/#website"},"breadcrumb":{"@id":"https:\/\/candas365.es\/noticias\/el-periodo-medio-de-pago-a-proveedores-de-las-comunidades-se-situa-en-noviembre-en-3331-dias\/#breadcrumblist"},"author":{"@id":"https:\/\/candas365.es\/noticias\/author\/admin\/#author"},"creator":{"@id":"https:\/\/candas365.es\/noticias\/author\/admin\/#author"},"image":{"@type":"ImageObject","url":"https:\/\/candas365.es\/noticias\/wp-content\/uploads\/2015\/11\/euros.jpg","@id":"https:\/\/candas365.es\/noticias\/el-periodo-medio-de-pago-a-proveedores-de-las-comunidades-se-situa-en-noviembre-en-3331-dias\/#mainImage","width":655,"height":360},"primaryImageOfPage":{"@id":"https:\/\/candas365.es\/noticias\/el-periodo-medio-de-pago-a-proveedores-de-las-comunidades-se-situa-en-noviembre-en-3331-dias\/#mainImage"},"datePublished":"2017-01-23T22:21:48+01:00","dateModified":"2017-01-23T22:21:48+01:00"},{"@type":"WebSite","@id":"https:\/\/candas365.es\/noticias\/#website","url":"https:\/\/candas365.es\/noticias\/","name":"Cand\u00e1s 365","alternateName":"Cand\u00e1s 365 Noticias","description":"Actualidad desde Carre\u00f1o para el mundo","inLanguage":"es-ES","publisher":{"@id":"https:\/\/candas365.es\/noticias\/#organization"}}]},"og:locale":"es_ES","og:site_name":"Cand\u00e1s 365","og:type":"article","og:title":"El Periodo Medio de Pago a Proveedores de las comunidades se sit\u00faa en noviembre en 33,31 d\u00edas | Cand\u00e1s 365","og:description":"El Periodo Medio de Pago a Proveedores (PMP) del mes de noviembre se ha situado en 33,31 d\u00edas para el conjunto de las comunidades aut\u00f3nomas, lo que supone una reducci\u00f3n de 2,03 d\u00edas con respecto al mes anterior, un 5,74%. La cifra marca el mejor dato publicado desde el inicio de la serie (datos desde","og:url":"https:\/\/candas365.es\/noticias\/el-periodo-medio-de-pago-a-proveedores-de-las-comunidades-se-situa-en-noviembre-en-3331-dias\/","og:image":"https:\/\/candas365.es\/noticias\/wp-content\/uploads\/2015\/11\/euros.jpg","og:image:secure_url":"https:\/\/candas365.es\/noticias\/wp-content\/uploads\/2015\/11\/euros.jpg","og:image:width":655,"og:image:height":360,"article:published_time":"2017-01-23T22:21:48+00:00","article:modified_time":"2017-01-23T22:21:48+00:00","article:publisher":"https:\/\/www.facebook.com\/Nachofdezber","article:author":"https:\/\/www.facebook.com\/carrenoactualidad","twitter:card":"summary_large_image","twitter:site":"@NabercoDigital","twitter:title":"El Periodo Medio de Pago a Proveedores de las comunidades se sit\u00faa en noviembre en 33,31 d\u00edas | Cand\u00e1s 365","twitter:description":"El Periodo Medio de Pago a Proveedores (PMP) del mes de noviembre se ha situado en 33,31 d\u00edas para el conjunto de las comunidades aut\u00f3nomas, lo que supone una reducci\u00f3n de 2,03 d\u00edas con respecto al mes anterior, un 5,74%. La cifra marca el mejor dato publicado desde el inicio de la serie (datos desde","twitter:creator":"@nbasturias","twitter:image":"https:\/\/candas365.es\/noticias\/wp-content\/uploads\/2015\/11\/euros.jpg","twitter:label1":"Escrito por","twitter:data1":"Cand\u00e1s 365","twitter:label2":"Tiempo de lectura estimado","twitter:data2":"3 minutos"},"aioseo_meta_data":{"post_id":"41419","title":null,"description":null,"keywords":null,"keyphrases":null,"primary_term":null,"canonical_url":null,"og_title":null,"og_description":null,"og_object_type":"default","og_image_type":"default","og_image_url":null,"og_image_width":null,"og_image_height":null,"og_image_custom_url":null,"og_image_custom_fields":null,"og_video":null,"og_custom_url":null,"og_article_section":null,"og_article_tags":null,"twitter_use_og":false,"twitter_card":"default","twitter_image_type":"default","twitter_image_url":null,"twitter_image_custom_url":null,"twitter_image_custom_fields":null,"twitter_title":null,"twitter_description":null,"schema":{"blockGraphs":[],"customGraphs":[],"default":{"data":{"Article":[],"Course":[],"Dataset":[],"FAQPage":[],"Movie":[],"Person":[],"Product":[],"ProductReview":[],"Car":[],"Recipe":[],"Service":[],"SoftwareApplication":[],"WebPage":[]},"graphName":"","isEnabled":true},"graphs":[],"defaultGraph":"","defaultPostTypeGraph":""},"schema_type":null,"schema_type_options":null,"pillar_content":false,"robots_default":true,"robots_noindex":false,"robots_noarchive":false,"robots_nosnippet":false,"robots_nofollow":false,"robots_noimageindex":false,"robots_noodp":false,"robots_notranslate":false,"robots_max_snippet":null,"robots_max_videopreview":null,"robots_max_imagepreview":"large","priority":null,"frequency":null,"location":null,"local_seo":null,"seo_analyzer_scan_date":"2025-08-25 04:13:16","breadcrumb_settings":null,"limit_modified_date":false,"reviewed_by":null,"open_ai":null,"ai":null,"created":"2020-12-21 13:06:12","updated":"2025-08-25 04:13:16"},"aioseo_breadcrumb":"<div class=\"aioseo-breadcrumbs\"><span class=\"aioseo-breadcrumb\">\n\t<a href=\"https:\/\/candas365.es\/noticias\" title=\"Home\">Home<\/a>\n<\/span><span class=\"aioseo-breadcrumb-separator\">&ndash;<\/span><span class=\"aioseo-breadcrumb\">\n\t<a href=\"https:\/\/candas365.es\/noticias\/category\/actualidad\/\" title=\"Actualidad\">Actualidad<\/a>\n<\/span><span class=\"aioseo-breadcrumb-separator\">&ndash;<\/span><span class=\"aioseo-breadcrumb\">\n\tEl Periodo Medio de Pago a Proveedores de las comunidades se sit\u00faa en noviembre en 33,31 d\u00edas\n<\/span><\/div>","aioseo_breadcrumb_json":[{"label":"Home","link":"https:\/\/candas365.es\/noticias"},{"label":"Actualidad","link":"https:\/\/candas365.es\/noticias\/category\/actualidad\/"},{"label":"El Periodo Medio de Pago a Proveedores de las comunidades se sit\u00faa en noviembre en 33,31 d\u00edas","link":"https:\/\/candas365.es\/noticias\/el-periodo-medio-de-pago-a-proveedores-de-las-comunidades-se-situa-en-noviembre-en-3331-dias\/"}],"_links":{"self":[{"href":"https:\/\/candas365.es\/noticias\/wp-json\/wp\/v2\/posts\/41419","targetHints":{"allow":["GET"]}}],"collection":[{"href":"https:\/\/candas365.es\/noticias\/wp-json\/wp\/v2\/posts"}],"about":[{"href":"https:\/\/candas365.es\/noticias\/wp-json\/wp\/v2\/types\/post"}],"author":[{"embeddable":true,"href":"https:\/\/candas365.es\/noticias\/wp-json\/wp\/v2\/users\/1"}],"replies":[{"embeddable":true,"href":"https:\/\/candas365.es\/noticias\/wp-json\/wp\/v2\/comments?post=41419"}],"version-history":[{"count":0,"href":"https:\/\/candas365.es\/noticias\/wp-json\/wp\/v2\/posts\/41419\/revisions"}],"wp:featuredmedia":[{"embeddable":true,"href":"https:\/\/candas365.es\/noticias\/wp-json\/wp\/v2\/media\/19556"}],"wp:attachment":[{"href":"https:\/\/candas365.es\/noticias\/wp-json\/wp\/v2\/media?parent=41419"}],"wp:term":[{"taxonomy":"category","embeddable":true,"href":"https:\/\/candas365.es\/noticias\/wp-json\/wp\/v2\/categories?post=41419"},{"taxonomy":"post_tag","embeddable":true,"href":"https:\/\/candas365.es\/noticias\/wp-json\/wp\/v2\/tags?post=41419"}],"curies":[{"name":"wp","href":"https:\/\/api.w.org\/{rel}","templated":true}]}}