{"id":41414,"date":"2017-01-23T22:14:19","date_gmt":"2017-01-23T22:14:19","guid":{"rendered":"http:\/\/candas365.es\/noticias\/?p=41414"},"modified":"2017-01-23T22:14:19","modified_gmt":"2017-01-23T22:14:19","slug":"detenida-una-mujer-como-presunta-autora-de-un-delito-de-enaltecimiento-yihadista","status":"publish","type":"post","link":"https:\/\/candas365.es\/noticias\/detenida-una-mujer-como-presunta-autora-de-un-delito-de-enaltecimiento-yihadista\/","title":{"rendered":"Detenida una mujer como presunta autora de un delito de enaltecimiento yihadista"},"content":{"rendered":"<p><img fetchpriority=\"high\" decoding=\"async\" class=\"alignleft size-medium wp-image-18235\" src=\"https:\/\/candas365.es\/noticias\/wp-content\/uploads\/2015\/10\/civil-360x198.jpg\" alt=\"\" width=\"360\" height=\"198\" srcset=\"https:\/\/candas365.es\/noticias\/wp-content\/uploads\/2015\/10\/civil-360x198.jpg 360w, https:\/\/candas365.es\/noticias\/wp-content\/uploads\/2015\/10\/civil-650x357.jpg 650w, https:\/\/candas365.es\/noticias\/wp-content\/uploads\/2015\/10\/civil-150x82.jpg 150w, https:\/\/candas365.es\/noticias\/wp-content\/uploads\/2015\/10\/civil-450x247.jpg 450w, https:\/\/candas365.es\/noticias\/wp-content\/uploads\/2015\/10\/civil.jpg 655w\" sizes=\"(max-width: 360px) 100vw, 360px\" \/>La detenida, de 38 a\u00f1os y nacionalidad mexicana, es la esposa de un hombre -actualmente en prisi\u00f3n- que fue arrestado por la Guardia Civil en mayo de 2016 en la misma localidad madrile\u00f1a como integrante de una red de captaci\u00f3n y adoctrinamiento terrorista<\/p>\n<p>Agentes de la Jefatura de Informaci\u00f3n de la Guardia Civil y del Grupo de Informaci\u00f3n de la Comandancia de Madrid, bajo la direcci\u00f3n del Juzgado Central de Instrucci\u00f3n, N\u00famero 3, y la Fiscal\u00eda de la Audiencia Nacional, han detenido en Pinto (Madrid) a una mujer de 38 a\u00f1os, nacida en Monterrey (M\u00e9xico), acusada de actividades de auto adoctrinamiento y enaltecimiento terrorista.<\/p>\n<p>La investigaci\u00f3n ha podido determinar la existencia de una estructura estable que desarrollaba una intensa labor de publicaci\u00f3n y distribuci\u00f3n de contenidos propagand\u00edsticos afines al terrorismo yihadista, a trav\u00e9s de diversas plataformas web y aplicaciones de mensajer\u00eda instant\u00e1nea, desde las que realizaban llamamientos expresos a la participaci\u00f3n en actividades terroristas.<\/p>\n<p>La mujer detenida hoy experiment\u00f3 en su ciudad de origen un r\u00e1pido proceso de conversi\u00f3n al Islam, adoptando desde el principio una visi\u00f3n rigorista de dicha religi\u00f3n. Ya en el a\u00f1o 2010, todav\u00eda en su ciudad natal, dej\u00f3 constancia de su profundo rechazo a su pasado cat\u00f3lico y de su deseo de vincularse emocionalmente con un musulm\u00e1n.<\/p>\n<p>Tras contraer matrimonio con un hombre, -actualmente en prisi\u00f3n, que fue detenido en una operaci\u00f3n de la Guardia Civil en la misma localidad madrile\u00f1a, en mayo de 2016- se agudiz\u00f3 su proceso de autoradicalizaci\u00f3n que la llev\u00f3 a un aislamiento de la comunidad, con total ausencia de relaciones sociales ajenas al \u00e1mbito radical, limitando al m\u00e1ximo sus salidas del domicilio, siempre vistiendo el niqab y con una atenci\u00f3n escrupulosa a las directrices del Islam m\u00e1s radical, para diferenciar entre las conductas permitidas (halal) y las prohibidas (haram).<\/p>\n<p>En relaci\u00f3n con su actividad en las redes, la detenida ejerc\u00eda una clara influencia sobre un amplio grupo de contactos a los que incitaba a ejercer una labor proselitista. En este sentido, lleg\u00f3 a erigirse en figura muy relevante entre las mujeres de la Comunidad Isl\u00e1mica de su tierra natal, alentando a la yihad femenina y compartiendo material propagand\u00edstico, b\u00fasquedas realizadas en Google de M\u00e9xico y acceso a perfiles de Facebook de musulmanes conversos originarios de Hispanoam\u00e9rica.<\/p>\n<p>En esta operaci\u00f3n y otras recientes desarrolladas por la Guardia Civil, queda patente la importancia creciente de las mujeres en el aparato de propaganda de los grupos yihadistas, especialmente del DAESH, pasando de ser simples esposas o madres de combatientes, para adoptar un papel activo como difusoras del ideario yihadista y captadoras de nuevos adeptos.<\/p>\n<p>Desde 2015, a\u00f1o en el que el Ministerio del Interior elev\u00f3 a 4 el Nivel de Alerta Antiterrorista (NAA-4), las fuerzas y cuerpos de seguridad han detenido a un total de 183 terroristas yihadistas.<\/p>\n<p>El Ministerio del Interior recuerda que, a trav\u00e9s de la iniciativa STOP RADICALISMOS, los ciudadanos pueden colaborar a trav\u00e9s de una serie de canales a su disposici\u00f3n para que, de forma confidencial y segura, notifiquen a las fuerzas y cuerpos de seguridad aquellos posibles casos de radicalizaci\u00f3n en su entorno a trav\u00e9s de la p\u00e1gina web www.stop-radicalismos.es, la aplicaci\u00f3n m\u00f3vil de alertas de seguridad ciudadana Alertcops y el tel\u00e9fono gratuito 900 822 066.<\/p>\n<p>&nbsp;<\/p>\n<p>&nbsp;<\/p>\n","protected":false},"excerpt":{"rendered":"<p>La detenida, de 38 a\u00f1os y nacionalidad mexicana, es la esposa de un hombre -actualmente en prisi\u00f3n- que fue arrestado por la Guardia Civil en mayo de 2016 en la misma localidad madrile\u00f1a como integrante de una red de captaci\u00f3n y adoctrinamiento terrorista Agentes de la Jefatura de Informaci\u00f3n de la Guardia Civil y del<\/p>\n","protected":false},"author":1,"featured_media":18235,"comment_status":"closed","ping_status":"closed","sticky":false,"template":"","format":"standard","meta":{"footnotes":""},"categories":[343],"tags":[],"class_list":{"0":"post-41414","1":"post","2":"type-post","3":"status-publish","4":"format-standard","5":"has-post-thumbnail","7":"category-actualidad"},"aioseo_notices":[],"aioseo_head":"\n\t\t<!-- All in One SEO Pro 4.9.6.2 - aioseo.com -->\n\t<meta name=\"description\" content=\"La detenida, de 38 a\u00f1os y nacionalidad mexicana, es la esposa de un hombre -actualmente en prisi\u00f3n- que fue arrestado por la Guardia Civil en mayo de 2016 en la misma localidad madrile\u00f1a como integrante de una red de captaci\u00f3n y adoctrinamiento terrorista Agentes de la Jefatura de Informaci\u00f3n de la Guardia Civil y del\" \/>\n\t<meta name=\"robots\" content=\"max-image-preview:large\" \/>\n\t<meta name=\"author\" content=\"Cand\u00e1s 365\"\/>\n\t<meta name=\"google-site-verification\" content=\"UA-32230408-1\" \/>\n\t<meta name=\"msvalidate.01\" content=\"354F3CDFB2DA171B47FBE9ABF1F88D5\" \/>\n\t<meta name=\"keywords\" content=\"actualidad\" \/>\n\t<link rel=\"canonical\" href=\"https:\/\/candas365.es\/noticias\/detenida-una-mujer-como-presunta-autora-de-un-delito-de-enaltecimiento-yihadista\/\" \/>\n\t<meta name=\"generator\" content=\"All in One SEO Pro (AIOSEO) 4.9.6.2\" \/>\n\t\t<meta property=\"og:locale\" content=\"es_ES\" \/>\n\t\t<meta property=\"og:site_name\" content=\"Cand\u00e1s 365\" \/>\n\t\t<meta property=\"og:type\" content=\"article\" \/>\n\t\t<meta property=\"og:title\" content=\"Detenida una mujer como presunta autora de un delito de enaltecimiento yihadista | Cand\u00e1s 365\" \/>\n\t\t<meta property=\"og:description\" content=\"La detenida, de 38 a\u00f1os y nacionalidad mexicana, es la esposa de un hombre -actualmente en prisi\u00f3n- que fue arrestado por la Guardia Civil en mayo de 2016 en la misma localidad madrile\u00f1a como integrante de una red de captaci\u00f3n y adoctrinamiento terrorista Agentes de la Jefatura de Informaci\u00f3n de la Guardia Civil y del\" \/>\n\t\t<meta property=\"og:url\" content=\"https:\/\/candas365.es\/noticias\/detenida-una-mujer-como-presunta-autora-de-un-delito-de-enaltecimiento-yihadista\/\" \/>\n\t\t<meta property=\"og:image\" content=\"https:\/\/candas365.es\/noticias\/wp-content\/uploads\/2015\/10\/civil.jpg\" \/>\n\t\t<meta property=\"og:image:secure_url\" content=\"https:\/\/candas365.es\/noticias\/wp-content\/uploads\/2015\/10\/civil.jpg\" \/>\n\t\t<meta property=\"og:image:width\" content=\"655\" \/>\n\t\t<meta property=\"og:image:height\" content=\"360\" \/>\n\t\t<meta property=\"article:published_time\" content=\"2017-01-23T22:14:19+00:00\" \/>\n\t\t<meta property=\"article:modified_time\" content=\"2017-01-23T22:14:19+00:00\" \/>\n\t\t<meta property=\"article:publisher\" content=\"https:\/\/www.facebook.com\/Nachofdezber\" \/>\n\t\t<meta property=\"article:author\" content=\"https:\/\/www.facebook.com\/carrenoactualidad\" \/>\n\t\t<meta name=\"twitter:card\" content=\"summary_large_image\" \/>\n\t\t<meta name=\"twitter:site\" content=\"@NabercoDigital\" \/>\n\t\t<meta name=\"twitter:title\" content=\"Detenida una mujer como presunta autora de un delito de enaltecimiento yihadista | Cand\u00e1s 365\" \/>\n\t\t<meta name=\"twitter:description\" content=\"La detenida, de 38 a\u00f1os y nacionalidad mexicana, es la esposa de un hombre -actualmente en prisi\u00f3n- que fue arrestado por la Guardia Civil en mayo de 2016 en la misma localidad madrile\u00f1a como integrante de una red de captaci\u00f3n y adoctrinamiento terrorista Agentes de la Jefatura de Informaci\u00f3n de la Guardia Civil y del\" \/>\n\t\t<meta name=\"twitter:creator\" content=\"@nbasturias\" \/>\n\t\t<meta name=\"twitter:image\" content=\"https:\/\/candas365.es\/noticias\/wp-content\/uploads\/2015\/10\/civil.jpg\" \/>\n\t\t<meta name=\"twitter:label1\" content=\"Escrito por\" \/>\n\t\t<meta name=\"twitter:data1\" content=\"Cand\u00e1s 365\" \/>\n\t\t<meta name=\"twitter:label2\" content=\"Tiempo de lectura estimado\" \/>\n\t\t<meta name=\"twitter:data2\" content=\"3 minutos\" \/>\n\t\t<script type=\"application\/ld+json\" class=\"aioseo-schema\">\n\t\t\t{\"@context\":\"https:\\\/\\\/schema.org\",\"@graph\":[{\"@type\":\"BreadcrumbList\",\"@id\":\"https:\\\/\\\/candas365.es\\\/noticias\\\/detenida-una-mujer-como-presunta-autora-de-un-delito-de-enaltecimiento-yihadista\\\/#breadcrumblist\",\"itemListElement\":[{\"@type\":\"ListItem\",\"@id\":\"https:\\\/\\\/candas365.es\\\/noticias#listItem\",\"position\":1,\"name\":\"Home\",\"item\":\"https:\\\/\\\/candas365.es\\\/noticias\",\"nextItem\":{\"@type\":\"ListItem\",\"@id\":\"https:\\\/\\\/candas365.es\\\/noticias\\\/category\\\/actualidad\\\/#listItem\",\"name\":\"Actualidad\"}},{\"@type\":\"ListItem\",\"@id\":\"https:\\\/\\\/candas365.es\\\/noticias\\\/category\\\/actualidad\\\/#listItem\",\"position\":2,\"name\":\"Actualidad\",\"item\":\"https:\\\/\\\/candas365.es\\\/noticias\\\/category\\\/actualidad\\\/\",\"nextItem\":{\"@type\":\"ListItem\",\"@id\":\"https:\\\/\\\/candas365.es\\\/noticias\\\/detenida-una-mujer-como-presunta-autora-de-un-delito-de-enaltecimiento-yihadista\\\/#listItem\",\"name\":\"Detenida una mujer como presunta autora de un delito de enaltecimiento yihadista\"},\"previousItem\":{\"@type\":\"ListItem\",\"@id\":\"https:\\\/\\\/candas365.es\\\/noticias#listItem\",\"name\":\"Home\"}},{\"@type\":\"ListItem\",\"@id\":\"https:\\\/\\\/candas365.es\\\/noticias\\\/detenida-una-mujer-como-presunta-autora-de-un-delito-de-enaltecimiento-yihadista\\\/#listItem\",\"position\":3,\"name\":\"Detenida una mujer como presunta autora de un delito de enaltecimiento yihadista\",\"previousItem\":{\"@type\":\"ListItem\",\"@id\":\"https:\\\/\\\/candas365.es\\\/noticias\\\/category\\\/actualidad\\\/#listItem\",\"name\":\"Actualidad\"}}]},{\"@type\":\"NewsArticle\",\"@id\":\"https:\\\/\\\/candas365.es\\\/noticias\\\/detenida-una-mujer-como-presunta-autora-de-un-delito-de-enaltecimiento-yihadista\\\/#newsarticle\",\"name\":\"Detenida una mujer como presunta autora de un delito de enaltecimiento yihadista | Cand\\u00e1s 365\",\"headline\":\"Detenida una mujer como presunta autora de un delito de enaltecimiento yihadista\",\"author\":{\"@id\":\"https:\\\/\\\/candas365.es\\\/noticias\\\/author\\\/admin\\\/#author\"},\"publisher\":{\"@id\":\"https:\\\/\\\/candas365.es\\\/noticias\\\/#organization\"},\"image\":{\"@type\":\"ImageObject\",\"url\":\"https:\\\/\\\/candas365.es\\\/noticias\\\/wp-content\\\/uploads\\\/2015\\\/10\\\/civil.jpg\",\"width\":655,\"height\":360},\"datePublished\":\"2017-01-23T22:14:19+01:00\",\"dateModified\":\"2017-01-23T22:14:19+01:00\",\"inLanguage\":\"es-ES\",\"mainEntityOfPage\":{\"@id\":\"https:\\\/\\\/candas365.es\\\/noticias\\\/detenida-una-mujer-como-presunta-autora-de-un-delito-de-enaltecimiento-yihadista\\\/#webpage\"},\"isPartOf\":{\"@id\":\"https:\\\/\\\/candas365.es\\\/noticias\\\/detenida-una-mujer-como-presunta-autora-de-un-delito-de-enaltecimiento-yihadista\\\/#webpage\"},\"articleSection\":\"Actualidad\",\"dateline\":\"Publicado el enero 23, 2017.\"},{\"@type\":\"Organization\",\"@id\":\"https:\\\/\\\/candas365.es\\\/noticias\\\/#organization\",\"name\":\"Cand\\u00e1s 365\",\"description\":\"Cand\\u00e1s 365 es un diario digital independiente, fundado en 2012, con base en Asturias. Informamos con rigor sobre actualidad, sociedad, cultura y ocio, con una mirada local y global.\",\"url\":\"https:\\\/\\\/candas365.es\\\/noticias\\\/\",\"email\":\"info@candas365.es\",\"telephone\":\"+34652131393\",\"foundingDate\":\"2012-06-10\",\"logo\":{\"@type\":\"ImageObject\",\"url\":\"https:\\\/\\\/candas365.es\\\/noticias\\\/wp-content\\\/uploads\\\/2024\\\/09\\\/Candas-365-Redes.jpg\",\"@id\":\"https:\\\/\\\/candas365.es\\\/noticias\\\/detenida-una-mujer-como-presunta-autora-de-un-delito-de-enaltecimiento-yihadista\\\/#organizationLogo\",\"width\":1152,\"height\":864,\"caption\":\"Cand\\u00e1s 365 Redes\"},\"image\":{\"@id\":\"https:\\\/\\\/candas365.es\\\/noticias\\\/detenida-una-mujer-como-presunta-autora-de-un-delito-de-enaltecimiento-yihadista\\\/#organizationLogo\"},\"sameAs\":[\"https:\\\/\\\/www.facebook.com\\\/Nachofdezber\",\"https:\\\/\\\/x.com\\\/NabercoDigital\",\"https:\\\/\\\/www.instagram.com\\\/nachofdezber\\\/\",\"https:\\\/\\\/www.youtube.com\\\/channel\\\/UCZP-2wLEB9Rv6erhFmqVnvg\"],\"address\":{\"@id\":\"https:\\\/\\\/candas365.es\\\/noticias\\\/#postaladdress\",\"@type\":\"PostalAddress\",\"streetAddress\":\"san antonio 4, san antonio 4\",\"postalCode\":\"33430\",\"addressLocality\":\"Cand\\u00e1s\",\"addressRegion\":\"Asturias\",\"addressCountry\":\"ES\"}},{\"@type\":\"Person\",\"@id\":\"https:\\\/\\\/candas365.es\\\/noticias\\\/author\\\/admin\\\/#author\",\"url\":\"https:\\\/\\\/candas365.es\\\/noticias\\\/author\\\/admin\\\/\",\"name\":\"Cand\\u00e1s 365\",\"image\":{\"@type\":\"ImageObject\",\"@id\":\"https:\\\/\\\/candas365.es\\\/noticias\\\/detenida-una-mujer-como-presunta-autora-de-un-delito-de-enaltecimiento-yihadista\\\/#authorImage\",\"url\":\"https:\\\/\\\/secure.gravatar.com\\\/avatar\\\/496a8e03d0c493ede1718b7934145dbdf8d89be1036b0eec9544e1094c9de390?s=96&d=mm&r=g\",\"width\":96,\"height\":96,\"caption\":\"Cand\\u00e1s 365\"},\"sameAs\":[\"https:\\\/\\\/www.facebook.com\\\/carrenoactualidad\",\"https:\\\/\\\/twitter.com\\\/nbasturias\",\"https:\\\/\\\/www.instagram.com\\\/nachofdezber\\\/\",\"https:\\\/\\\/www.youtube.com\\\/channel\\\/UCZP-2wLEB9Rv6erhFmqVnvg\"]},{\"@type\":\"WebPage\",\"@id\":\"https:\\\/\\\/candas365.es\\\/noticias\\\/detenida-una-mujer-como-presunta-autora-de-un-delito-de-enaltecimiento-yihadista\\\/#webpage\",\"url\":\"https:\\\/\\\/candas365.es\\\/noticias\\\/detenida-una-mujer-como-presunta-autora-de-un-delito-de-enaltecimiento-yihadista\\\/\",\"name\":\"Detenida una mujer como presunta autora de un delito de enaltecimiento yihadista | Cand\\u00e1s 365\",\"description\":\"La detenida, de 38 a\\u00f1os y nacionalidad mexicana, es la esposa de un hombre -actualmente en prisi\\u00f3n- que fue arrestado por la Guardia Civil en mayo de 2016 en la misma localidad madrile\\u00f1a como integrante de una red de captaci\\u00f3n y adoctrinamiento terrorista Agentes de la Jefatura de Informaci\\u00f3n de la Guardia Civil y del\",\"inLanguage\":\"es-ES\",\"isPartOf\":{\"@id\":\"https:\\\/\\\/candas365.es\\\/noticias\\\/#website\"},\"breadcrumb\":{\"@id\":\"https:\\\/\\\/candas365.es\\\/noticias\\\/detenida-una-mujer-como-presunta-autora-de-un-delito-de-enaltecimiento-yihadista\\\/#breadcrumblist\"},\"author\":{\"@id\":\"https:\\\/\\\/candas365.es\\\/noticias\\\/author\\\/admin\\\/#author\"},\"creator\":{\"@id\":\"https:\\\/\\\/candas365.es\\\/noticias\\\/author\\\/admin\\\/#author\"},\"image\":{\"@type\":\"ImageObject\",\"url\":\"https:\\\/\\\/candas365.es\\\/noticias\\\/wp-content\\\/uploads\\\/2015\\\/10\\\/civil.jpg\",\"@id\":\"https:\\\/\\\/candas365.es\\\/noticias\\\/detenida-una-mujer-como-presunta-autora-de-un-delito-de-enaltecimiento-yihadista\\\/#mainImage\",\"width\":655,\"height\":360},\"primaryImageOfPage\":{\"@id\":\"https:\\\/\\\/candas365.es\\\/noticias\\\/detenida-una-mujer-como-presunta-autora-de-un-delito-de-enaltecimiento-yihadista\\\/#mainImage\"},\"datePublished\":\"2017-01-23T22:14:19+01:00\",\"dateModified\":\"2017-01-23T22:14:19+01:00\"},{\"@type\":\"WebSite\",\"@id\":\"https:\\\/\\\/candas365.es\\\/noticias\\\/#website\",\"url\":\"https:\\\/\\\/candas365.es\\\/noticias\\\/\",\"name\":\"Cand\\u00e1s 365\",\"alternateName\":\"Cand\\u00e1s 365 Noticias\",\"description\":\"Actualidad desde Carre\\u00f1o para el mundo\",\"inLanguage\":\"es-ES\",\"publisher\":{\"@id\":\"https:\\\/\\\/candas365.es\\\/noticias\\\/#organization\"}}]}\n\t\t<\/script>\n\t\t<!-- All in One SEO Pro -->\r\n\t\t<title>Detenida una mujer como presunta autora de un delito de enaltecimiento yihadista | Cand\u00e1s 365<\/title>\n\n","aioseo_head_json":{"title":"Detenida una mujer como presunta autora de un delito de enaltecimiento yihadista | Cand\u00e1s 365","description":"La detenida, de 38 a\u00f1os y nacionalidad mexicana, es la esposa de un hombre -actualmente en prisi\u00f3n- que fue arrestado por la Guardia Civil en mayo de 2016 en la misma localidad madrile\u00f1a como integrante de una red de captaci\u00f3n y adoctrinamiento terrorista Agentes de la Jefatura de Informaci\u00f3n de la Guardia Civil y del","canonical_url":"https:\/\/candas365.es\/noticias\/detenida-una-mujer-como-presunta-autora-de-un-delito-de-enaltecimiento-yihadista\/","robots":"max-image-preview:large","keywords":"actualidad","webmasterTools":{"google-site-verification":"UA-32230408-1","msvalidate.01":"354F3CDFB2DA171B47FBE9ABF1F88D5","miscellaneous":""},"schema":{"@context":"https:\/\/schema.org","@graph":[{"@type":"BreadcrumbList","@id":"https:\/\/candas365.es\/noticias\/detenida-una-mujer-como-presunta-autora-de-un-delito-de-enaltecimiento-yihadista\/#breadcrumblist","itemListElement":[{"@type":"ListItem","@id":"https:\/\/candas365.es\/noticias#listItem","position":1,"name":"Home","item":"https:\/\/candas365.es\/noticias","nextItem":{"@type":"ListItem","@id":"https:\/\/candas365.es\/noticias\/category\/actualidad\/#listItem","name":"Actualidad"}},{"@type":"ListItem","@id":"https:\/\/candas365.es\/noticias\/category\/actualidad\/#listItem","position":2,"name":"Actualidad","item":"https:\/\/candas365.es\/noticias\/category\/actualidad\/","nextItem":{"@type":"ListItem","@id":"https:\/\/candas365.es\/noticias\/detenida-una-mujer-como-presunta-autora-de-un-delito-de-enaltecimiento-yihadista\/#listItem","name":"Detenida una mujer como presunta autora de un delito de enaltecimiento yihadista"},"previousItem":{"@type":"ListItem","@id":"https:\/\/candas365.es\/noticias#listItem","name":"Home"}},{"@type":"ListItem","@id":"https:\/\/candas365.es\/noticias\/detenida-una-mujer-como-presunta-autora-de-un-delito-de-enaltecimiento-yihadista\/#listItem","position":3,"name":"Detenida una mujer como presunta autora de un delito de enaltecimiento yihadista","previousItem":{"@type":"ListItem","@id":"https:\/\/candas365.es\/noticias\/category\/actualidad\/#listItem","name":"Actualidad"}}]},{"@type":"NewsArticle","@id":"https:\/\/candas365.es\/noticias\/detenida-una-mujer-como-presunta-autora-de-un-delito-de-enaltecimiento-yihadista\/#newsarticle","name":"Detenida una mujer como presunta autora de un delito de enaltecimiento yihadista | Cand\u00e1s 365","headline":"Detenida una mujer como presunta autora de un delito de enaltecimiento yihadista","author":{"@id":"https:\/\/candas365.es\/noticias\/author\/admin\/#author"},"publisher":{"@id":"https:\/\/candas365.es\/noticias\/#organization"},"image":{"@type":"ImageObject","url":"https:\/\/candas365.es\/noticias\/wp-content\/uploads\/2015\/10\/civil.jpg","width":655,"height":360},"datePublished":"2017-01-23T22:14:19+01:00","dateModified":"2017-01-23T22:14:19+01:00","inLanguage":"es-ES","mainEntityOfPage":{"@id":"https:\/\/candas365.es\/noticias\/detenida-una-mujer-como-presunta-autora-de-un-delito-de-enaltecimiento-yihadista\/#webpage"},"isPartOf":{"@id":"https:\/\/candas365.es\/noticias\/detenida-una-mujer-como-presunta-autora-de-un-delito-de-enaltecimiento-yihadista\/#webpage"},"articleSection":"Actualidad","dateline":"Publicado el enero 23, 2017."},{"@type":"Organization","@id":"https:\/\/candas365.es\/noticias\/#organization","name":"Cand\u00e1s 365","description":"Cand\u00e1s 365 es un diario digital independiente, fundado en 2012, con base en Asturias. Informamos con rigor sobre actualidad, sociedad, cultura y ocio, con una mirada local y global.","url":"https:\/\/candas365.es\/noticias\/","email":"info@candas365.es","telephone":"+34652131393","foundingDate":"2012-06-10","logo":{"@type":"ImageObject","url":"https:\/\/candas365.es\/noticias\/wp-content\/uploads\/2024\/09\/Candas-365-Redes.jpg","@id":"https:\/\/candas365.es\/noticias\/detenida-una-mujer-como-presunta-autora-de-un-delito-de-enaltecimiento-yihadista\/#organizationLogo","width":1152,"height":864,"caption":"Cand\u00e1s 365 Redes"},"image":{"@id":"https:\/\/candas365.es\/noticias\/detenida-una-mujer-como-presunta-autora-de-un-delito-de-enaltecimiento-yihadista\/#organizationLogo"},"sameAs":["https:\/\/www.facebook.com\/Nachofdezber","https:\/\/x.com\/NabercoDigital","https:\/\/www.instagram.com\/nachofdezber\/","https:\/\/www.youtube.com\/channel\/UCZP-2wLEB9Rv6erhFmqVnvg"],"address":{"@id":"https:\/\/candas365.es\/noticias\/#postaladdress","@type":"PostalAddress","streetAddress":"san antonio 4, san antonio 4","postalCode":"33430","addressLocality":"Cand\u00e1s","addressRegion":"Asturias","addressCountry":"ES"}},{"@type":"Person","@id":"https:\/\/candas365.es\/noticias\/author\/admin\/#author","url":"https:\/\/candas365.es\/noticias\/author\/admin\/","name":"Cand\u00e1s 365","image":{"@type":"ImageObject","@id":"https:\/\/candas365.es\/noticias\/detenida-una-mujer-como-presunta-autora-de-un-delito-de-enaltecimiento-yihadista\/#authorImage","url":"https:\/\/secure.gravatar.com\/avatar\/496a8e03d0c493ede1718b7934145dbdf8d89be1036b0eec9544e1094c9de390?s=96&d=mm&r=g","width":96,"height":96,"caption":"Cand\u00e1s 365"},"sameAs":["https:\/\/www.facebook.com\/carrenoactualidad","https:\/\/twitter.com\/nbasturias","https:\/\/www.instagram.com\/nachofdezber\/","https:\/\/www.youtube.com\/channel\/UCZP-2wLEB9Rv6erhFmqVnvg"]},{"@type":"WebPage","@id":"https:\/\/candas365.es\/noticias\/detenida-una-mujer-como-presunta-autora-de-un-delito-de-enaltecimiento-yihadista\/#webpage","url":"https:\/\/candas365.es\/noticias\/detenida-una-mujer-como-presunta-autora-de-un-delito-de-enaltecimiento-yihadista\/","name":"Detenida una mujer como presunta autora de un delito de enaltecimiento yihadista | Cand\u00e1s 365","description":"La detenida, de 38 a\u00f1os y nacionalidad mexicana, es la esposa de un hombre -actualmente en prisi\u00f3n- que fue arrestado por la Guardia Civil en mayo de 2016 en la misma localidad madrile\u00f1a como integrante de una red de captaci\u00f3n y adoctrinamiento terrorista Agentes de la Jefatura de Informaci\u00f3n de la Guardia Civil y del","inLanguage":"es-ES","isPartOf":{"@id":"https:\/\/candas365.es\/noticias\/#website"},"breadcrumb":{"@id":"https:\/\/candas365.es\/noticias\/detenida-una-mujer-como-presunta-autora-de-un-delito-de-enaltecimiento-yihadista\/#breadcrumblist"},"author":{"@id":"https:\/\/candas365.es\/noticias\/author\/admin\/#author"},"creator":{"@id":"https:\/\/candas365.es\/noticias\/author\/admin\/#author"},"image":{"@type":"ImageObject","url":"https:\/\/candas365.es\/noticias\/wp-content\/uploads\/2015\/10\/civil.jpg","@id":"https:\/\/candas365.es\/noticias\/detenida-una-mujer-como-presunta-autora-de-un-delito-de-enaltecimiento-yihadista\/#mainImage","width":655,"height":360},"primaryImageOfPage":{"@id":"https:\/\/candas365.es\/noticias\/detenida-una-mujer-como-presunta-autora-de-un-delito-de-enaltecimiento-yihadista\/#mainImage"},"datePublished":"2017-01-23T22:14:19+01:00","dateModified":"2017-01-23T22:14:19+01:00"},{"@type":"WebSite","@id":"https:\/\/candas365.es\/noticias\/#website","url":"https:\/\/candas365.es\/noticias\/","name":"Cand\u00e1s 365","alternateName":"Cand\u00e1s 365 Noticias","description":"Actualidad desde Carre\u00f1o para el mundo","inLanguage":"es-ES","publisher":{"@id":"https:\/\/candas365.es\/noticias\/#organization"}}]},"og:locale":"es_ES","og:site_name":"Cand\u00e1s 365","og:type":"article","og:title":"Detenida una mujer como presunta autora de un delito de enaltecimiento yihadista | Cand\u00e1s 365","og:description":"La detenida, de 38 a\u00f1os y nacionalidad mexicana, es la esposa de un hombre -actualmente en prisi\u00f3n- que fue arrestado por la Guardia Civil en mayo de 2016 en la misma localidad madrile\u00f1a como integrante de una red de captaci\u00f3n y adoctrinamiento terrorista Agentes de la Jefatura de Informaci\u00f3n de la Guardia Civil y del","og:url":"https:\/\/candas365.es\/noticias\/detenida-una-mujer-como-presunta-autora-de-un-delito-de-enaltecimiento-yihadista\/","og:image":"https:\/\/candas365.es\/noticias\/wp-content\/uploads\/2015\/10\/civil.jpg","og:image:secure_url":"https:\/\/candas365.es\/noticias\/wp-content\/uploads\/2015\/10\/civil.jpg","og:image:width":655,"og:image:height":360,"article:published_time":"2017-01-23T22:14:19+00:00","article:modified_time":"2017-01-23T22:14:19+00:00","article:publisher":"https:\/\/www.facebook.com\/Nachofdezber","article:author":"https:\/\/www.facebook.com\/carrenoactualidad","twitter:card":"summary_large_image","twitter:site":"@NabercoDigital","twitter:title":"Detenida una mujer como presunta autora de un delito de enaltecimiento yihadista | Cand\u00e1s 365","twitter:description":"La detenida, de 38 a\u00f1os y nacionalidad mexicana, es la esposa de un hombre -actualmente en prisi\u00f3n- que fue arrestado por la Guardia Civil en mayo de 2016 en la misma localidad madrile\u00f1a como integrante de una red de captaci\u00f3n y adoctrinamiento terrorista Agentes de la Jefatura de Informaci\u00f3n de la Guardia Civil y del","twitter:creator":"@nbasturias","twitter:image":"https:\/\/candas365.es\/noticias\/wp-content\/uploads\/2015\/10\/civil.jpg","twitter:label1":"Escrito por","twitter:data1":"Cand\u00e1s 365","twitter:label2":"Tiempo de lectura estimado","twitter:data2":"3 minutos"},"aioseo_meta_data":{"post_id":"41414","title":null,"description":null,"keywords":null,"keyphrases":null,"primary_term":null,"canonical_url":null,"og_title":null,"og_description":null,"og_object_type":"default","og_image_type":"default","og_image_url":null,"og_image_width":null,"og_image_height":null,"og_image_custom_url":null,"og_image_custom_fields":null,"og_video":null,"og_custom_url":null,"og_article_section":null,"og_article_tags":null,"twitter_use_og":false,"twitter_card":"default","twitter_image_type":"default","twitter_image_url":null,"twitter_image_custom_url":null,"twitter_image_custom_fields":null,"twitter_title":null,"twitter_description":null,"schema":{"blockGraphs":[],"customGraphs":[],"default":{"data":{"Article":[],"Course":[],"Dataset":[],"FAQPage":[],"Movie":[],"Person":[],"Product":[],"ProductReview":[],"Car":[],"Recipe":[],"Service":[],"SoftwareApplication":[],"WebPage":[]},"graphName":"","isEnabled":true},"graphs":[],"defaultGraph":"","defaultPostTypeGraph":""},"schema_type":null,"schema_type_options":null,"pillar_content":false,"robots_default":true,"robots_noindex":false,"robots_noarchive":false,"robots_nosnippet":false,"robots_nofollow":false,"robots_noimageindex":false,"robots_noodp":false,"robots_notranslate":false,"robots_max_snippet":null,"robots_max_videopreview":null,"robots_max_imagepreview":"large","priority":null,"frequency":null,"location":null,"local_seo":null,"seo_analyzer_scan_date":"2025-08-25 04:13:14","breadcrumb_settings":null,"limit_modified_date":false,"reviewed_by":null,"open_ai":null,"ai":null,"created":"2020-12-21 13:06:12","updated":"2025-08-25 04:13:14"},"aioseo_breadcrumb":"<div class=\"aioseo-breadcrumbs\"><span class=\"aioseo-breadcrumb\">\n\t<a href=\"https:\/\/candas365.es\/noticias\" title=\"Home\">Home<\/a>\n<\/span><span class=\"aioseo-breadcrumb-separator\">&ndash;<\/span><span class=\"aioseo-breadcrumb\">\n\t<a href=\"https:\/\/candas365.es\/noticias\/category\/actualidad\/\" title=\"Actualidad\">Actualidad<\/a>\n<\/span><span class=\"aioseo-breadcrumb-separator\">&ndash;<\/span><span class=\"aioseo-breadcrumb\">\n\tDetenida una mujer como presunta autora de un delito de enaltecimiento yihadista\n<\/span><\/div>","aioseo_breadcrumb_json":[{"label":"Home","link":"https:\/\/candas365.es\/noticias"},{"label":"Actualidad","link":"https:\/\/candas365.es\/noticias\/category\/actualidad\/"},{"label":"Detenida una mujer como presunta autora de un delito de enaltecimiento yihadista","link":"https:\/\/candas365.es\/noticias\/detenida-una-mujer-como-presunta-autora-de-un-delito-de-enaltecimiento-yihadista\/"}],"_links":{"self":[{"href":"https:\/\/candas365.es\/noticias\/wp-json\/wp\/v2\/posts\/41414","targetHints":{"allow":["GET"]}}],"collection":[{"href":"https:\/\/candas365.es\/noticias\/wp-json\/wp\/v2\/posts"}],"about":[{"href":"https:\/\/candas365.es\/noticias\/wp-json\/wp\/v2\/types\/post"}],"author":[{"embeddable":true,"href":"https:\/\/candas365.es\/noticias\/wp-json\/wp\/v2\/users\/1"}],"replies":[{"embeddable":true,"href":"https:\/\/candas365.es\/noticias\/wp-json\/wp\/v2\/comments?post=41414"}],"version-history":[{"count":0,"href":"https:\/\/candas365.es\/noticias\/wp-json\/wp\/v2\/posts\/41414\/revisions"}],"wp:featuredmedia":[{"embeddable":true,"href":"https:\/\/candas365.es\/noticias\/wp-json\/wp\/v2\/media\/18235"}],"wp:attachment":[{"href":"https:\/\/candas365.es\/noticias\/wp-json\/wp\/v2\/media?parent=41414"}],"wp:term":[{"taxonomy":"category","embeddable":true,"href":"https:\/\/candas365.es\/noticias\/wp-json\/wp\/v2\/categories?post=41414"},{"taxonomy":"post_tag","embeddable":true,"href":"https:\/\/candas365.es\/noticias\/wp-json\/wp\/v2\/tags?post=41414"}],"curies":[{"name":"wp","href":"https:\/\/api.w.org\/{rel}","templated":true}]}}