{"id":41044,"date":"2017-01-20T13:47:28","date_gmt":"2017-01-20T13:47:28","guid":{"rendered":"http:\/\/candas365.es\/noticias\/?p=41044"},"modified":"2017-01-20T13:47:28","modified_gmt":"2017-01-20T13:47:28","slug":"banez-anuncia-la-renovacion-de-la-estrategia-de-emprendimiento-y-empleo-joven-para-el-periodo-2017-2020","status":"publish","type":"post","link":"https:\/\/candas365.es\/noticias\/banez-anuncia-la-renovacion-de-la-estrategia-de-emprendimiento-y-empleo-joven-para-el-periodo-2017-2020\/","title":{"rendered":"B\u00e1\u00f1ez anuncia la renovaci\u00f3n de la Estrategia de Emprendimiento y Empleo Joven para el periodo 2017-2020"},"content":{"rendered":"<p><img fetchpriority=\"high\" decoding=\"async\" class=\"alignleft size-medium wp-image-41045\" src=\"https:\/\/candas365.es\/noticias\/wp-content\/uploads\/2017\/01\/190117Ba\u00f1ezCodespa-360x239.jpg\" alt=\"\" width=\"360\" height=\"239\" srcset=\"https:\/\/candas365.es\/noticias\/wp-content\/uploads\/2017\/01\/190117Ba\u00f1ezCodespa-360x239.jpg 360w, https:\/\/candas365.es\/noticias\/wp-content\/uploads\/2017\/01\/190117Ba\u00f1ezCodespa-150x99.jpg 150w, https:\/\/candas365.es\/noticias\/wp-content\/uploads\/2017\/01\/190117Ba\u00f1ezCodespa-450x298.jpg 450w, https:\/\/candas365.es\/noticias\/wp-content\/uploads\/2017\/01\/190117Ba\u00f1ezCodespa-84x55.jpg 84w, https:\/\/candas365.es\/noticias\/wp-content\/uploads\/2017\/01\/190117Ba\u00f1ezCodespa.jpg 496w\" sizes=\"(max-width: 360px) 100vw, 360px\" \/>La ministra de Empleo y Seguridad Social, F\u00e1tima B\u00e1\u00f1ez, ha anunciado la renovaci\u00f3n de la Estrategia de Emprendimiento y Empleo Joven para el periodo 2017-2020, un programa de 100 medidas a favor de la orientaci\u00f3n, la formaci\u00f3n, el emprendimiento y el empleo entre los j\u00f3venes.<\/p>\n<p>\u200bLa ministra ha resaltado que la Estrategia, desde el di\u00e1logo social, ha contribuido a sumar a todas las CCAA, a los grandes ayuntamientos de Espa\u00f1a y tambi\u00e9n a la sociedad civil. \u00abEse fue el primer programa colectivo por el empleo juvenil\u00bb, ha subrayado.<\/p>\n<p>\u00abLa EEEJ ayud\u00f3 a impulsar en la UE la Garant\u00eda Juvenil y, esos dos programas, ha a\u00f1adido, han dado a muchos j\u00f3venes en nuestro pa\u00eds m\u00e1s de 1,5 mill\u00f3n de oportunidades. Ese el camino, trabajar juntos con todos, el gran objetivo colectivo: si los j\u00f3venes quieren tener futuro tienen que tener presente\u00bb.<\/p>\n<p>La titular de Empleo ha inaugurado hoy la Conferencia de la Fundaci\u00f3n Codespa \u00abEl Camino hacia el Empleo Juvenil. Qu\u00e9 puede hacer la empresa\u00bb, donde ha resaltado que la tasa de empleo entre los j\u00f3venes crece el doble que la tasa media de empleo general, y se ha reducido m\u00e1s de 15 puntos la tasa de desempleo juvenil.<\/p>\n<p>No obstante, la ministra ha puesto de relieve que la tasa de paro de los j\u00f3venes es elevada y ha apelado a la necesidad de seguir trabajando para favorecer oportunidades cuanto antes.<\/p>\n<p>B\u00e1\u00f1ez ha querido poner en valor la ayuda de las 1.000 entidades que, a trav\u00e9s de la Estrategia de Emprendimiento y Empleo Joven, han contribuido a que los j\u00f3venes tuvieran oportunidades de empleo.<\/p>\n<p>La responsable de Empleo ha destacado la importancia de la formaci\u00f3n y la apuesta por la Formaci\u00f3n Profesional Dual, porque es un camino seguro para trabajar por el empleo y tiene un elevado grado de inserci\u00f3n para el trabajador. \u00abLa clave es que seamos capaces de formar a la gente de manera r\u00e1pida en las habilidades que est\u00e1 demandando el tejido productivo\u00bb.<\/p>\n<p>Hoy en Espa\u00f1a el 24% de las empresas tiene dificultades para encontrar trabajadores con determinada capacitaci\u00f3n. Por ello, ha resaltado la importancia de sentar las bases de un tejido productivo que permita ganar en competitividad y apostar por la innovaci\u00f3n y la transformaci\u00f3n digital, como las bases del empleo de futuro.<\/p>\n<p>\u00abAhora nos estamos planteando en Europa, en el \u00e1mbito del G-20 y en Naciones Unidas cu\u00e1l ser\u00e1 el empleo del futuro\u00bb. En los \u00faltimos 10 a\u00f1os en Europa creci\u00f3 el empleo del sector de las tecnolog\u00edas y la comunicaci\u00f3n el doble que en el empleo rutinario de las cadenas de producci\u00f3n. \u00abNo tenemos que tener miedo a ese mundo cambiante, tenemos que ser capaces de anticiparnos y adaptarnos a ese nuevo tejido productivo\u00bb, ha dicho.<\/p>\n<p>La ministra ha concluido animando a trabajar por un pa\u00eds competitivo en talento y capital humano para garantizar la sostenibilidad de nuestro sistema de bienestar.<\/p>\n<p>&nbsp;<\/p>\n","protected":false},"excerpt":{"rendered":"<p>La ministra de Empleo y Seguridad Social, F\u00e1tima B\u00e1\u00f1ez, ha anunciado la renovaci\u00f3n de la Estrategia de Emprendimiento y Empleo Joven para el periodo 2017-2020, un programa de 100 medidas a favor de la orientaci\u00f3n, la formaci\u00f3n, el emprendimiento y el empleo entre los j\u00f3venes. \u200bLa ministra ha resaltado que la Estrategia, desde el di\u00e1logo<\/p>\n","protected":false},"author":1,"featured_media":41045,"comment_status":"closed","ping_status":"closed","sticky":false,"template":"","format":"standard","meta":{"footnotes":""},"categories":[343],"tags":[],"class_list":{"0":"post-41044","1":"post","2":"type-post","3":"status-publish","4":"format-standard","5":"has-post-thumbnail","7":"category-actualidad"},"aioseo_notices":[],"aioseo_head":"\n\t\t<!-- All in One SEO Pro 4.9.6.2 - aioseo.com -->\n\t<meta name=\"description\" content=\"La ministra de Empleo y Seguridad Social, F\u00e1tima B\u00e1\u00f1ez, ha anunciado la renovaci\u00f3n de la Estrategia de Emprendimiento y Empleo Joven para el periodo 2017-2020, un programa de 100 medidas a favor de la orientaci\u00f3n, la formaci\u00f3n, el emprendimiento y el empleo entre los j\u00f3venes. \u200bLa ministra ha resaltado que la Estrategia, desde el di\u00e1logo\" \/>\n\t<meta name=\"robots\" content=\"max-image-preview:large\" \/>\n\t<meta name=\"author\" content=\"Cand\u00e1s 365\"\/>\n\t<meta name=\"google-site-verification\" content=\"UA-32230408-1\" \/>\n\t<meta name=\"msvalidate.01\" content=\"354F3CDFB2DA171B47FBE9ABF1F88D5\" \/>\n\t<meta name=\"keywords\" content=\"actualidad\" \/>\n\t<link rel=\"canonical\" href=\"https:\/\/candas365.es\/noticias\/banez-anuncia-la-renovacion-de-la-estrategia-de-emprendimiento-y-empleo-joven-para-el-periodo-2017-2020\/\" \/>\n\t<meta name=\"generator\" content=\"All in One SEO Pro (AIOSEO) 4.9.6.2\" \/>\n\t\t<meta property=\"og:locale\" content=\"es_ES\" \/>\n\t\t<meta property=\"og:site_name\" content=\"Cand\u00e1s 365\" \/>\n\t\t<meta property=\"og:type\" content=\"article\" \/>\n\t\t<meta property=\"og:title\" content=\"B\u00e1\u00f1ez anuncia la renovaci\u00f3n de la Estrategia de Emprendimiento y Empleo Joven para el periodo 2017-2020 | Cand\u00e1s 365\" \/>\n\t\t<meta property=\"og:description\" content=\"La ministra de Empleo y Seguridad Social, F\u00e1tima B\u00e1\u00f1ez, ha anunciado la renovaci\u00f3n de la Estrategia de Emprendimiento y Empleo Joven para el periodo 2017-2020, un programa de 100 medidas a favor de la orientaci\u00f3n, la formaci\u00f3n, el emprendimiento y el empleo entre los j\u00f3venes. \u200bLa ministra ha resaltado que la Estrategia, desde el di\u00e1logo\" \/>\n\t\t<meta property=\"og:url\" content=\"https:\/\/candas365.es\/noticias\/banez-anuncia-la-renovacion-de-la-estrategia-de-emprendimiento-y-empleo-joven-para-el-periodo-2017-2020\/\" \/>\n\t\t<meta property=\"og:image\" content=\"https:\/\/candas365.es\/noticias\/wp-content\/uploads\/2017\/01\/190117Ba\u00f1ezCodespa.jpg\" \/>\n\t\t<meta property=\"og:image:secure_url\" content=\"https:\/\/candas365.es\/noticias\/wp-content\/uploads\/2017\/01\/190117Ba\u00f1ezCodespa.jpg\" \/>\n\t\t<meta property=\"og:image:width\" content=\"496\" \/>\n\t\t<meta property=\"og:image:height\" content=\"329\" \/>\n\t\t<meta property=\"article:published_time\" content=\"2017-01-20T13:47:28+00:00\" \/>\n\t\t<meta property=\"article:modified_time\" content=\"2017-01-20T13:47:28+00:00\" \/>\n\t\t<meta property=\"article:publisher\" content=\"https:\/\/www.facebook.com\/Nachofdezber\" \/>\n\t\t<meta property=\"article:author\" content=\"https:\/\/www.facebook.com\/carrenoactualidad\" \/>\n\t\t<meta name=\"twitter:card\" content=\"summary_large_image\" \/>\n\t\t<meta name=\"twitter:site\" content=\"@NabercoDigital\" \/>\n\t\t<meta name=\"twitter:title\" content=\"B\u00e1\u00f1ez anuncia la renovaci\u00f3n de la Estrategia de Emprendimiento y Empleo Joven para el periodo 2017-2020 | Cand\u00e1s 365\" \/>\n\t\t<meta name=\"twitter:description\" content=\"La ministra de Empleo y Seguridad Social, F\u00e1tima B\u00e1\u00f1ez, ha anunciado la renovaci\u00f3n de la Estrategia de Emprendimiento y Empleo Joven para el periodo 2017-2020, un programa de 100 medidas a favor de la orientaci\u00f3n, la formaci\u00f3n, el emprendimiento y el empleo entre los j\u00f3venes. \u200bLa ministra ha resaltado que la Estrategia, desde el di\u00e1logo\" \/>\n\t\t<meta name=\"twitter:creator\" content=\"@nbasturias\" \/>\n\t\t<meta name=\"twitter:image\" content=\"https:\/\/candas365.es\/noticias\/wp-content\/uploads\/2017\/01\/190117Ba\u00f1ezCodespa.jpg\" \/>\n\t\t<meta name=\"twitter:label1\" content=\"Escrito por\" \/>\n\t\t<meta name=\"twitter:data1\" content=\"Cand\u00e1s 365\" \/>\n\t\t<meta name=\"twitter:label2\" content=\"Tiempo de lectura estimado\" \/>\n\t\t<meta name=\"twitter:data2\" content=\"3 minutos\" \/>\n\t\t<script type=\"application\/ld+json\" class=\"aioseo-schema\">\n\t\t\t{\"@context\":\"https:\\\/\\\/schema.org\",\"@graph\":[{\"@type\":\"BreadcrumbList\",\"@id\":\"https:\\\/\\\/candas365.es\\\/noticias\\\/banez-anuncia-la-renovacion-de-la-estrategia-de-emprendimiento-y-empleo-joven-para-el-periodo-2017-2020\\\/#breadcrumblist\",\"itemListElement\":[{\"@type\":\"ListItem\",\"@id\":\"https:\\\/\\\/candas365.es\\\/noticias#listItem\",\"position\":1,\"name\":\"Home\",\"item\":\"https:\\\/\\\/candas365.es\\\/noticias\",\"nextItem\":{\"@type\":\"ListItem\",\"@id\":\"https:\\\/\\\/candas365.es\\\/noticias\\\/category\\\/actualidad\\\/#listItem\",\"name\":\"Actualidad\"}},{\"@type\":\"ListItem\",\"@id\":\"https:\\\/\\\/candas365.es\\\/noticias\\\/category\\\/actualidad\\\/#listItem\",\"position\":2,\"name\":\"Actualidad\",\"item\":\"https:\\\/\\\/candas365.es\\\/noticias\\\/category\\\/actualidad\\\/\",\"nextItem\":{\"@type\":\"ListItem\",\"@id\":\"https:\\\/\\\/candas365.es\\\/noticias\\\/banez-anuncia-la-renovacion-de-la-estrategia-de-emprendimiento-y-empleo-joven-para-el-periodo-2017-2020\\\/#listItem\",\"name\":\"B\\u00e1\\u00f1ez anuncia la renovaci\\u00f3n de la Estrategia de Emprendimiento y Empleo Joven para el periodo 2017-2020\"},\"previousItem\":{\"@type\":\"ListItem\",\"@id\":\"https:\\\/\\\/candas365.es\\\/noticias#listItem\",\"name\":\"Home\"}},{\"@type\":\"ListItem\",\"@id\":\"https:\\\/\\\/candas365.es\\\/noticias\\\/banez-anuncia-la-renovacion-de-la-estrategia-de-emprendimiento-y-empleo-joven-para-el-periodo-2017-2020\\\/#listItem\",\"position\":3,\"name\":\"B\\u00e1\\u00f1ez anuncia la renovaci\\u00f3n de la Estrategia de Emprendimiento y Empleo Joven para el periodo 2017-2020\",\"previousItem\":{\"@type\":\"ListItem\",\"@id\":\"https:\\\/\\\/candas365.es\\\/noticias\\\/category\\\/actualidad\\\/#listItem\",\"name\":\"Actualidad\"}}]},{\"@type\":\"NewsArticle\",\"@id\":\"https:\\\/\\\/candas365.es\\\/noticias\\\/banez-anuncia-la-renovacion-de-la-estrategia-de-emprendimiento-y-empleo-joven-para-el-periodo-2017-2020\\\/#newsarticle\",\"name\":\"B\\u00e1\\u00f1ez anuncia la renovaci\\u00f3n de la Estrategia de Emprendimiento y Empleo Joven para el periodo 2017-2020 | Cand\\u00e1s 365\",\"headline\":\"B\\u00e1\\u00f1ez anuncia la renovaci\\u00f3n de la Estrategia de Emprendimiento y Empleo Joven para el periodo 2017-2020\",\"author\":{\"@id\":\"https:\\\/\\\/candas365.es\\\/noticias\\\/author\\\/admin\\\/#author\"},\"publisher\":{\"@id\":\"https:\\\/\\\/candas365.es\\\/noticias\\\/#organization\"},\"image\":{\"@type\":\"ImageObject\",\"url\":\"https:\\\/\\\/candas365.es\\\/noticias\\\/wp-content\\\/uploads\\\/2017\\\/01\\\/190117Ba\\u00f1ezCodespa.jpg\",\"width\":496,\"height\":329},\"datePublished\":\"2017-01-20T13:47:28+01:00\",\"dateModified\":\"2017-01-20T13:47:28+01:00\",\"inLanguage\":\"es-ES\",\"mainEntityOfPage\":{\"@id\":\"https:\\\/\\\/candas365.es\\\/noticias\\\/banez-anuncia-la-renovacion-de-la-estrategia-de-emprendimiento-y-empleo-joven-para-el-periodo-2017-2020\\\/#webpage\"},\"isPartOf\":{\"@id\":\"https:\\\/\\\/candas365.es\\\/noticias\\\/banez-anuncia-la-renovacion-de-la-estrategia-de-emprendimiento-y-empleo-joven-para-el-periodo-2017-2020\\\/#webpage\"},\"articleSection\":\"Actualidad\",\"dateline\":\"Publicado el enero 20, 2017.\"},{\"@type\":\"Organization\",\"@id\":\"https:\\\/\\\/candas365.es\\\/noticias\\\/#organization\",\"name\":\"Cand\\u00e1s 365\",\"description\":\"Cand\\u00e1s 365 es un diario digital independiente, fundado en 2012, con base en Asturias. Informamos con rigor sobre actualidad, sociedad, cultura y ocio, con una mirada local y global.\",\"url\":\"https:\\\/\\\/candas365.es\\\/noticias\\\/\",\"email\":\"info@candas365.es\",\"telephone\":\"+34652131393\",\"foundingDate\":\"2012-06-10\",\"logo\":{\"@type\":\"ImageObject\",\"url\":\"https:\\\/\\\/candas365.es\\\/noticias\\\/wp-content\\\/uploads\\\/2024\\\/09\\\/Candas-365-Redes.jpg\",\"@id\":\"https:\\\/\\\/candas365.es\\\/noticias\\\/banez-anuncia-la-renovacion-de-la-estrategia-de-emprendimiento-y-empleo-joven-para-el-periodo-2017-2020\\\/#organizationLogo\",\"width\":1152,\"height\":864,\"caption\":\"Cand\\u00e1s 365 Redes\"},\"image\":{\"@id\":\"https:\\\/\\\/candas365.es\\\/noticias\\\/banez-anuncia-la-renovacion-de-la-estrategia-de-emprendimiento-y-empleo-joven-para-el-periodo-2017-2020\\\/#organizationLogo\"},\"sameAs\":[\"https:\\\/\\\/www.facebook.com\\\/Nachofdezber\",\"https:\\\/\\\/x.com\\\/NabercoDigital\",\"https:\\\/\\\/www.instagram.com\\\/nachofdezber\\\/\",\"https:\\\/\\\/www.youtube.com\\\/channel\\\/UCZP-2wLEB9Rv6erhFmqVnvg\"],\"address\":{\"@id\":\"https:\\\/\\\/candas365.es\\\/noticias\\\/#postaladdress\",\"@type\":\"PostalAddress\",\"streetAddress\":\"san antonio 4, san antonio 4\",\"postalCode\":\"33430\",\"addressLocality\":\"Cand\\u00e1s\",\"addressRegion\":\"Asturias\",\"addressCountry\":\"ES\"}},{\"@type\":\"Person\",\"@id\":\"https:\\\/\\\/candas365.es\\\/noticias\\\/author\\\/admin\\\/#author\",\"url\":\"https:\\\/\\\/candas365.es\\\/noticias\\\/author\\\/admin\\\/\",\"name\":\"Cand\\u00e1s 365\",\"image\":{\"@type\":\"ImageObject\",\"@id\":\"https:\\\/\\\/candas365.es\\\/noticias\\\/banez-anuncia-la-renovacion-de-la-estrategia-de-emprendimiento-y-empleo-joven-para-el-periodo-2017-2020\\\/#authorImage\",\"url\":\"https:\\\/\\\/secure.gravatar.com\\\/avatar\\\/496a8e03d0c493ede1718b7934145dbdf8d89be1036b0eec9544e1094c9de390?s=96&d=mm&r=g\",\"width\":96,\"height\":96,\"caption\":\"Cand\\u00e1s 365\"},\"sameAs\":[\"https:\\\/\\\/www.facebook.com\\\/carrenoactualidad\",\"https:\\\/\\\/twitter.com\\\/nbasturias\",\"https:\\\/\\\/www.instagram.com\\\/nachofdezber\\\/\",\"https:\\\/\\\/www.youtube.com\\\/channel\\\/UCZP-2wLEB9Rv6erhFmqVnvg\"]},{\"@type\":\"WebPage\",\"@id\":\"https:\\\/\\\/candas365.es\\\/noticias\\\/banez-anuncia-la-renovacion-de-la-estrategia-de-emprendimiento-y-empleo-joven-para-el-periodo-2017-2020\\\/#webpage\",\"url\":\"https:\\\/\\\/candas365.es\\\/noticias\\\/banez-anuncia-la-renovacion-de-la-estrategia-de-emprendimiento-y-empleo-joven-para-el-periodo-2017-2020\\\/\",\"name\":\"B\\u00e1\\u00f1ez anuncia la renovaci\\u00f3n de la Estrategia de Emprendimiento y Empleo Joven para el periodo 2017-2020 | Cand\\u00e1s 365\",\"description\":\"La ministra de Empleo y Seguridad Social, F\\u00e1tima B\\u00e1\\u00f1ez, ha anunciado la renovaci\\u00f3n de la Estrategia de Emprendimiento y Empleo Joven para el periodo 2017-2020, un programa de 100 medidas a favor de la orientaci\\u00f3n, la formaci\\u00f3n, el emprendimiento y el empleo entre los j\\u00f3venes. \\u200bLa ministra ha resaltado que la Estrategia, desde el di\\u00e1logo\",\"inLanguage\":\"es-ES\",\"isPartOf\":{\"@id\":\"https:\\\/\\\/candas365.es\\\/noticias\\\/#website\"},\"breadcrumb\":{\"@id\":\"https:\\\/\\\/candas365.es\\\/noticias\\\/banez-anuncia-la-renovacion-de-la-estrategia-de-emprendimiento-y-empleo-joven-para-el-periodo-2017-2020\\\/#breadcrumblist\"},\"author\":{\"@id\":\"https:\\\/\\\/candas365.es\\\/noticias\\\/author\\\/admin\\\/#author\"},\"creator\":{\"@id\":\"https:\\\/\\\/candas365.es\\\/noticias\\\/author\\\/admin\\\/#author\"},\"image\":{\"@type\":\"ImageObject\",\"url\":\"https:\\\/\\\/candas365.es\\\/noticias\\\/wp-content\\\/uploads\\\/2017\\\/01\\\/190117Ba\\u00f1ezCodespa.jpg\",\"@id\":\"https:\\\/\\\/candas365.es\\\/noticias\\\/banez-anuncia-la-renovacion-de-la-estrategia-de-emprendimiento-y-empleo-joven-para-el-periodo-2017-2020\\\/#mainImage\",\"width\":496,\"height\":329},\"primaryImageOfPage\":{\"@id\":\"https:\\\/\\\/candas365.es\\\/noticias\\\/banez-anuncia-la-renovacion-de-la-estrategia-de-emprendimiento-y-empleo-joven-para-el-periodo-2017-2020\\\/#mainImage\"},\"datePublished\":\"2017-01-20T13:47:28+01:00\",\"dateModified\":\"2017-01-20T13:47:28+01:00\"},{\"@type\":\"WebSite\",\"@id\":\"https:\\\/\\\/candas365.es\\\/noticias\\\/#website\",\"url\":\"https:\\\/\\\/candas365.es\\\/noticias\\\/\",\"name\":\"Cand\\u00e1s 365\",\"alternateName\":\"Cand\\u00e1s 365 Noticias\",\"description\":\"Actualidad desde Carre\\u00f1o para el mundo\",\"inLanguage\":\"es-ES\",\"publisher\":{\"@id\":\"https:\\\/\\\/candas365.es\\\/noticias\\\/#organization\"}}]}\n\t\t<\/script>\n\t\t<!-- All in One SEO Pro -->\r\n\t\t<title>B\u00e1\u00f1ez anuncia la renovaci\u00f3n de la Estrategia de Emprendimiento y Empleo Joven para el periodo 2017-2020 | Cand\u00e1s 365<\/title>\n\n","aioseo_head_json":{"title":"B\u00e1\u00f1ez anuncia la renovaci\u00f3n de la Estrategia de Emprendimiento y Empleo Joven para el periodo 2017-2020 | Cand\u00e1s 365","description":"La ministra de Empleo y Seguridad Social, F\u00e1tima B\u00e1\u00f1ez, ha anunciado la renovaci\u00f3n de la Estrategia de Emprendimiento y Empleo Joven para el periodo 2017-2020, un programa de 100 medidas a favor de la orientaci\u00f3n, la formaci\u00f3n, el emprendimiento y el empleo entre los j\u00f3venes. \u200bLa ministra ha resaltado que la Estrategia, desde el di\u00e1logo","canonical_url":"https:\/\/candas365.es\/noticias\/banez-anuncia-la-renovacion-de-la-estrategia-de-emprendimiento-y-empleo-joven-para-el-periodo-2017-2020\/","robots":"max-image-preview:large","keywords":"actualidad","webmasterTools":{"google-site-verification":"UA-32230408-1","msvalidate.01":"354F3CDFB2DA171B47FBE9ABF1F88D5","miscellaneous":""},"schema":{"@context":"https:\/\/schema.org","@graph":[{"@type":"BreadcrumbList","@id":"https:\/\/candas365.es\/noticias\/banez-anuncia-la-renovacion-de-la-estrategia-de-emprendimiento-y-empleo-joven-para-el-periodo-2017-2020\/#breadcrumblist","itemListElement":[{"@type":"ListItem","@id":"https:\/\/candas365.es\/noticias#listItem","position":1,"name":"Home","item":"https:\/\/candas365.es\/noticias","nextItem":{"@type":"ListItem","@id":"https:\/\/candas365.es\/noticias\/category\/actualidad\/#listItem","name":"Actualidad"}},{"@type":"ListItem","@id":"https:\/\/candas365.es\/noticias\/category\/actualidad\/#listItem","position":2,"name":"Actualidad","item":"https:\/\/candas365.es\/noticias\/category\/actualidad\/","nextItem":{"@type":"ListItem","@id":"https:\/\/candas365.es\/noticias\/banez-anuncia-la-renovacion-de-la-estrategia-de-emprendimiento-y-empleo-joven-para-el-periodo-2017-2020\/#listItem","name":"B\u00e1\u00f1ez anuncia la renovaci\u00f3n de la Estrategia de Emprendimiento y Empleo Joven para el periodo 2017-2020"},"previousItem":{"@type":"ListItem","@id":"https:\/\/candas365.es\/noticias#listItem","name":"Home"}},{"@type":"ListItem","@id":"https:\/\/candas365.es\/noticias\/banez-anuncia-la-renovacion-de-la-estrategia-de-emprendimiento-y-empleo-joven-para-el-periodo-2017-2020\/#listItem","position":3,"name":"B\u00e1\u00f1ez anuncia la renovaci\u00f3n de la Estrategia de Emprendimiento y Empleo Joven para el periodo 2017-2020","previousItem":{"@type":"ListItem","@id":"https:\/\/candas365.es\/noticias\/category\/actualidad\/#listItem","name":"Actualidad"}}]},{"@type":"NewsArticle","@id":"https:\/\/candas365.es\/noticias\/banez-anuncia-la-renovacion-de-la-estrategia-de-emprendimiento-y-empleo-joven-para-el-periodo-2017-2020\/#newsarticle","name":"B\u00e1\u00f1ez anuncia la renovaci\u00f3n de la Estrategia de Emprendimiento y Empleo Joven para el periodo 2017-2020 | Cand\u00e1s 365","headline":"B\u00e1\u00f1ez anuncia la renovaci\u00f3n de la Estrategia de Emprendimiento y Empleo Joven para el periodo 2017-2020","author":{"@id":"https:\/\/candas365.es\/noticias\/author\/admin\/#author"},"publisher":{"@id":"https:\/\/candas365.es\/noticias\/#organization"},"image":{"@type":"ImageObject","url":"https:\/\/candas365.es\/noticias\/wp-content\/uploads\/2017\/01\/190117Ba\u00f1ezCodespa.jpg","width":496,"height":329},"datePublished":"2017-01-20T13:47:28+01:00","dateModified":"2017-01-20T13:47:28+01:00","inLanguage":"es-ES","mainEntityOfPage":{"@id":"https:\/\/candas365.es\/noticias\/banez-anuncia-la-renovacion-de-la-estrategia-de-emprendimiento-y-empleo-joven-para-el-periodo-2017-2020\/#webpage"},"isPartOf":{"@id":"https:\/\/candas365.es\/noticias\/banez-anuncia-la-renovacion-de-la-estrategia-de-emprendimiento-y-empleo-joven-para-el-periodo-2017-2020\/#webpage"},"articleSection":"Actualidad","dateline":"Publicado el enero 20, 2017."},{"@type":"Organization","@id":"https:\/\/candas365.es\/noticias\/#organization","name":"Cand\u00e1s 365","description":"Cand\u00e1s 365 es un diario digital independiente, fundado en 2012, con base en Asturias. Informamos con rigor sobre actualidad, sociedad, cultura y ocio, con una mirada local y global.","url":"https:\/\/candas365.es\/noticias\/","email":"info@candas365.es","telephone":"+34652131393","foundingDate":"2012-06-10","logo":{"@type":"ImageObject","url":"https:\/\/candas365.es\/noticias\/wp-content\/uploads\/2024\/09\/Candas-365-Redes.jpg","@id":"https:\/\/candas365.es\/noticias\/banez-anuncia-la-renovacion-de-la-estrategia-de-emprendimiento-y-empleo-joven-para-el-periodo-2017-2020\/#organizationLogo","width":1152,"height":864,"caption":"Cand\u00e1s 365 Redes"},"image":{"@id":"https:\/\/candas365.es\/noticias\/banez-anuncia-la-renovacion-de-la-estrategia-de-emprendimiento-y-empleo-joven-para-el-periodo-2017-2020\/#organizationLogo"},"sameAs":["https:\/\/www.facebook.com\/Nachofdezber","https:\/\/x.com\/NabercoDigital","https:\/\/www.instagram.com\/nachofdezber\/","https:\/\/www.youtube.com\/channel\/UCZP-2wLEB9Rv6erhFmqVnvg"],"address":{"@id":"https:\/\/candas365.es\/noticias\/#postaladdress","@type":"PostalAddress","streetAddress":"san antonio 4, san antonio 4","postalCode":"33430","addressLocality":"Cand\u00e1s","addressRegion":"Asturias","addressCountry":"ES"}},{"@type":"Person","@id":"https:\/\/candas365.es\/noticias\/author\/admin\/#author","url":"https:\/\/candas365.es\/noticias\/author\/admin\/","name":"Cand\u00e1s 365","image":{"@type":"ImageObject","@id":"https:\/\/candas365.es\/noticias\/banez-anuncia-la-renovacion-de-la-estrategia-de-emprendimiento-y-empleo-joven-para-el-periodo-2017-2020\/#authorImage","url":"https:\/\/secure.gravatar.com\/avatar\/496a8e03d0c493ede1718b7934145dbdf8d89be1036b0eec9544e1094c9de390?s=96&d=mm&r=g","width":96,"height":96,"caption":"Cand\u00e1s 365"},"sameAs":["https:\/\/www.facebook.com\/carrenoactualidad","https:\/\/twitter.com\/nbasturias","https:\/\/www.instagram.com\/nachofdezber\/","https:\/\/www.youtube.com\/channel\/UCZP-2wLEB9Rv6erhFmqVnvg"]},{"@type":"WebPage","@id":"https:\/\/candas365.es\/noticias\/banez-anuncia-la-renovacion-de-la-estrategia-de-emprendimiento-y-empleo-joven-para-el-periodo-2017-2020\/#webpage","url":"https:\/\/candas365.es\/noticias\/banez-anuncia-la-renovacion-de-la-estrategia-de-emprendimiento-y-empleo-joven-para-el-periodo-2017-2020\/","name":"B\u00e1\u00f1ez anuncia la renovaci\u00f3n de la Estrategia de Emprendimiento y Empleo Joven para el periodo 2017-2020 | Cand\u00e1s 365","description":"La ministra de Empleo y Seguridad Social, F\u00e1tima B\u00e1\u00f1ez, ha anunciado la renovaci\u00f3n de la Estrategia de Emprendimiento y Empleo Joven para el periodo 2017-2020, un programa de 100 medidas a favor de la orientaci\u00f3n, la formaci\u00f3n, el emprendimiento y el empleo entre los j\u00f3venes. \u200bLa ministra ha resaltado que la Estrategia, desde el di\u00e1logo","inLanguage":"es-ES","isPartOf":{"@id":"https:\/\/candas365.es\/noticias\/#website"},"breadcrumb":{"@id":"https:\/\/candas365.es\/noticias\/banez-anuncia-la-renovacion-de-la-estrategia-de-emprendimiento-y-empleo-joven-para-el-periodo-2017-2020\/#breadcrumblist"},"author":{"@id":"https:\/\/candas365.es\/noticias\/author\/admin\/#author"},"creator":{"@id":"https:\/\/candas365.es\/noticias\/author\/admin\/#author"},"image":{"@type":"ImageObject","url":"https:\/\/candas365.es\/noticias\/wp-content\/uploads\/2017\/01\/190117Ba\u00f1ezCodespa.jpg","@id":"https:\/\/candas365.es\/noticias\/banez-anuncia-la-renovacion-de-la-estrategia-de-emprendimiento-y-empleo-joven-para-el-periodo-2017-2020\/#mainImage","width":496,"height":329},"primaryImageOfPage":{"@id":"https:\/\/candas365.es\/noticias\/banez-anuncia-la-renovacion-de-la-estrategia-de-emprendimiento-y-empleo-joven-para-el-periodo-2017-2020\/#mainImage"},"datePublished":"2017-01-20T13:47:28+01:00","dateModified":"2017-01-20T13:47:28+01:00"},{"@type":"WebSite","@id":"https:\/\/candas365.es\/noticias\/#website","url":"https:\/\/candas365.es\/noticias\/","name":"Cand\u00e1s 365","alternateName":"Cand\u00e1s 365 Noticias","description":"Actualidad desde Carre\u00f1o para el mundo","inLanguage":"es-ES","publisher":{"@id":"https:\/\/candas365.es\/noticias\/#organization"}}]},"og:locale":"es_ES","og:site_name":"Cand\u00e1s 365","og:type":"article","og:title":"B\u00e1\u00f1ez anuncia la renovaci\u00f3n de la Estrategia de Emprendimiento y Empleo Joven para el periodo 2017-2020 | Cand\u00e1s 365","og:description":"La ministra de Empleo y Seguridad Social, F\u00e1tima B\u00e1\u00f1ez, ha anunciado la renovaci\u00f3n de la Estrategia de Emprendimiento y Empleo Joven para el periodo 2017-2020, un programa de 100 medidas a favor de la orientaci\u00f3n, la formaci\u00f3n, el emprendimiento y el empleo entre los j\u00f3venes. \u200bLa ministra ha resaltado que la Estrategia, desde el di\u00e1logo","og:url":"https:\/\/candas365.es\/noticias\/banez-anuncia-la-renovacion-de-la-estrategia-de-emprendimiento-y-empleo-joven-para-el-periodo-2017-2020\/","og:image":"https:\/\/candas365.es\/noticias\/wp-content\/uploads\/2017\/01\/190117Ba\u00f1ezCodespa.jpg","og:image:secure_url":"https:\/\/candas365.es\/noticias\/wp-content\/uploads\/2017\/01\/190117Ba\u00f1ezCodespa.jpg","og:image:width":496,"og:image:height":329,"article:published_time":"2017-01-20T13:47:28+00:00","article:modified_time":"2017-01-20T13:47:28+00:00","article:publisher":"https:\/\/www.facebook.com\/Nachofdezber","article:author":"https:\/\/www.facebook.com\/carrenoactualidad","twitter:card":"summary_large_image","twitter:site":"@NabercoDigital","twitter:title":"B\u00e1\u00f1ez anuncia la renovaci\u00f3n de la Estrategia de Emprendimiento y Empleo Joven para el periodo 2017-2020 | Cand\u00e1s 365","twitter:description":"La ministra de Empleo y Seguridad Social, F\u00e1tima B\u00e1\u00f1ez, ha anunciado la renovaci\u00f3n de la Estrategia de Emprendimiento y Empleo Joven para el periodo 2017-2020, un programa de 100 medidas a favor de la orientaci\u00f3n, la formaci\u00f3n, el emprendimiento y el empleo entre los j\u00f3venes. \u200bLa ministra ha resaltado que la Estrategia, desde el di\u00e1logo","twitter:creator":"@nbasturias","twitter:image":"https:\/\/candas365.es\/noticias\/wp-content\/uploads\/2017\/01\/190117Ba\u00f1ezCodespa.jpg","twitter:label1":"Escrito por","twitter:data1":"Cand\u00e1s 365","twitter:label2":"Tiempo de lectura estimado","twitter:data2":"3 minutos"},"aioseo_meta_data":{"post_id":"41044","title":null,"description":null,"keywords":null,"keyphrases":null,"primary_term":null,"canonical_url":null,"og_title":null,"og_description":null,"og_object_type":"default","og_image_type":"default","og_image_url":null,"og_image_width":null,"og_image_height":null,"og_image_custom_url":null,"og_image_custom_fields":null,"og_video":null,"og_custom_url":null,"og_article_section":null,"og_article_tags":null,"twitter_use_og":false,"twitter_card":"default","twitter_image_type":"default","twitter_image_url":null,"twitter_image_custom_url":null,"twitter_image_custom_fields":null,"twitter_title":null,"twitter_description":null,"schema":{"blockGraphs":[],"customGraphs":[],"default":{"data":{"Article":[],"Course":[],"Dataset":[],"FAQPage":[],"Movie":[],"Person":[],"Product":[],"ProductReview":[],"Car":[],"Recipe":[],"Service":[],"SoftwareApplication":[],"WebPage":[]},"graphName":"","isEnabled":true},"graphs":[]},"schema_type":null,"schema_type_options":null,"pillar_content":false,"robots_default":true,"robots_noindex":false,"robots_noarchive":false,"robots_nosnippet":false,"robots_nofollow":false,"robots_noimageindex":false,"robots_noodp":false,"robots_notranslate":false,"robots_max_snippet":null,"robots_max_videopreview":null,"robots_max_imagepreview":"large","priority":null,"frequency":null,"location":null,"local_seo":null,"seo_analyzer_scan_date":"2025-08-25 03:41:21","breadcrumb_settings":null,"limit_modified_date":false,"reviewed_by":null,"open_ai":null,"ai":null,"created":"2020-12-21 13:06:26","updated":"2025-08-25 03:41:21"},"aioseo_breadcrumb":"<div class=\"aioseo-breadcrumbs\"><span class=\"aioseo-breadcrumb\">\n\t<a href=\"https:\/\/candas365.es\/noticias\" title=\"Home\">Home<\/a>\n<\/span><span class=\"aioseo-breadcrumb-separator\">&ndash;<\/span><span class=\"aioseo-breadcrumb\">\n\t<a href=\"https:\/\/candas365.es\/noticias\/category\/actualidad\/\" title=\"Actualidad\">Actualidad<\/a>\n<\/span><span class=\"aioseo-breadcrumb-separator\">&ndash;<\/span><span class=\"aioseo-breadcrumb\">\n\tB\u00e1\u00f1ez anuncia la renovaci\u00f3n de la Estrategia de Emprendimiento y Empleo Joven para el periodo 2017-2020\n<\/span><\/div>","aioseo_breadcrumb_json":[{"label":"Home","link":"https:\/\/candas365.es\/noticias"},{"label":"Actualidad","link":"https:\/\/candas365.es\/noticias\/category\/actualidad\/"},{"label":"B\u00e1\u00f1ez anuncia la renovaci\u00f3n de la Estrategia de Emprendimiento y Empleo Joven para el periodo 2017-2020","link":"https:\/\/candas365.es\/noticias\/banez-anuncia-la-renovacion-de-la-estrategia-de-emprendimiento-y-empleo-joven-para-el-periodo-2017-2020\/"}],"_links":{"self":[{"href":"https:\/\/candas365.es\/noticias\/wp-json\/wp\/v2\/posts\/41044","targetHints":{"allow":["GET"]}}],"collection":[{"href":"https:\/\/candas365.es\/noticias\/wp-json\/wp\/v2\/posts"}],"about":[{"href":"https:\/\/candas365.es\/noticias\/wp-json\/wp\/v2\/types\/post"}],"author":[{"embeddable":true,"href":"https:\/\/candas365.es\/noticias\/wp-json\/wp\/v2\/users\/1"}],"replies":[{"embeddable":true,"href":"https:\/\/candas365.es\/noticias\/wp-json\/wp\/v2\/comments?post=41044"}],"version-history":[{"count":0,"href":"https:\/\/candas365.es\/noticias\/wp-json\/wp\/v2\/posts\/41044\/revisions"}],"wp:featuredmedia":[{"embeddable":true,"href":"https:\/\/candas365.es\/noticias\/wp-json\/wp\/v2\/media\/41045"}],"wp:attachment":[{"href":"https:\/\/candas365.es\/noticias\/wp-json\/wp\/v2\/media?parent=41044"}],"wp:term":[{"taxonomy":"category","embeddable":true,"href":"https:\/\/candas365.es\/noticias\/wp-json\/wp\/v2\/categories?post=41044"},{"taxonomy":"post_tag","embeddable":true,"href":"https:\/\/candas365.es\/noticias\/wp-json\/wp\/v2\/tags?post=41044"}],"curies":[{"name":"wp","href":"https:\/\/api.w.org\/{rel}","templated":true}]}}