{"id":41033,"date":"2017-01-20T12:18:54","date_gmt":"2017-01-20T12:18:54","guid":{"rendered":"http:\/\/candas365.es\/noticias\/?p=41033"},"modified":"2017-01-20T12:18:54","modified_gmt":"2017-01-20T12:18:54","slug":"en-busca-de-la-vacuna-que-acabe-con-la-bronquiolitis-en-recien-nacidos","status":"publish","type":"post","link":"https:\/\/candas365.es\/noticias\/en-busca-de-la-vacuna-que-acabe-con-la-bronquiolitis-en-recien-nacidos\/","title":{"rendered":"En busca de la vacuna que acabe con la bronquiolitis en reci\u00e9n nacidos"},"content":{"rendered":"<p><img fetchpriority=\"high\" decoding=\"async\" class=\"alignleft size-medium wp-image-41034\" src=\"https:\/\/candas365.es\/noticias\/wp-content\/uploads\/2017\/01\/1024_2000-360x240.jpg\" alt=\"\" width=\"360\" height=\"240\" srcset=\"https:\/\/candas365.es\/noticias\/wp-content\/uploads\/2017\/01\/1024_2000-360x240.jpg 360w, https:\/\/candas365.es\/noticias\/wp-content\/uploads\/2017\/01\/1024_2000-150x100.jpg 150w, https:\/\/candas365.es\/noticias\/wp-content\/uploads\/2017\/01\/1024_2000-450x300.jpg 450w, https:\/\/candas365.es\/noticias\/wp-content\/uploads\/2017\/01\/1024_2000-630x420.jpg 630w, https:\/\/candas365.es\/noticias\/wp-content\/uploads\/2017\/01\/1024_2000-84x55.jpg 84w, https:\/\/candas365.es\/noticias\/wp-content\/uploads\/2017\/01\/1024_2000.jpg 650w\" sizes=\"(max-width: 360px) 100vw, 360px\" \/>Son muy pocas las vacunas que se pueden administrar a un reci\u00e9n nacido por una sencilla raz\u00f3n: su sistema inmunitario apenas es capaz de crear defensas cuando son tan peque\u00f1itos y es mejor esperar a que sea un poco m\u00e1s mayor. Por esta raz\u00f3n, la mayor\u00eda de vacunas se ponen a partir de los 2 meses; vacunas como la hexavalente, la del neumococo o la del rotavirus y el meningococo B si se considera necesario.<\/p>\n<p>El caso es que, al administrarse las vacunas a los 2 meses de vida del beb\u00e9, hay riesgo hasta entonces de que coja algunas enfermedades, como la tos ferina, y por eso hace un tiempo se inici\u00f3 una medida para proteger con la vacuna a la mam\u00e1 durante el embarazo, y de rebote al beb\u00e9, al traspasar a trav\u00e9s de la placenta las defensas de la madre. Ahora, esta opci\u00f3n se quiere volver a utilizar con una vacuna que se est\u00e1 investigando: la vacuna para la bronquiolitis.<\/p>\n<p><strong>El VRS o Virus Respiratorio Sincitial<\/strong><\/p>\n<p>Quiz\u00e1s lo hay\u00e1is o\u00eddo nombrar en alguna ocasi\u00f3n, sobre todo si ten\u00e9is hijos y amigos con hijos, porque es un virus muy habitual en los reci\u00e9n nacidos y beb\u00e9s peque\u00f1os; y porque es un virus que molesta bastante. Molesta tanto, que si lo hab\u00e9is o\u00eddo ser\u00e1 porque alg\u00fan beb\u00e9 ha estado ingresado en el hospital por su culpa.<\/p>\n<p>Y es que el VRS causa cerca del 60 al 80% de las infecciones respiratorias graves en beb\u00e9s, y es tambi\u00e9n el principal causante de la bronquiolitis, una condici\u00f3n que requiere de ingreso normalmente, porque la sufren sobre todo los beb\u00e9s peque\u00f1os, y que consiste en un estrechamiento de los bronquiolos, a causa de su inflamaci\u00f3n y de aumentar el moco en la zona. Por si no lo sab\u00e9is, los bronquiolos son la parte final del sistema respiratorio, las v\u00edas respiratorias m\u00e1s finas que est\u00e1n justo antes de llegar a los alv\u00e9olos pulmonares.<\/p>\n<p>Los s\u00edntomas son los evidentes al suceder tal evento: fiebre, p\u00e9rdida de apetito, mucosidad, tos y sibilancias al ser auscultado. A nosotros los adultos, en cambio, el VRS nos producir\u00eda s\u00edntomas similares a los de un leve resfriado, as\u00ed que debemos ser precavidos y no solo lavarnos las manos si vamos a coger al beb\u00e9, sino intentar no estar mucho con \u00e9l si tenemos s\u00edntomas.<\/p>\n<p><strong>Dos vacunas para el VRS<\/strong><\/p>\n<p>Ya existe una vacuna para el VRS que se administra a los beb\u00e9s y que se ha vistp efectiva, pero s\u00f3lo se utiliza con una minor\u00eda de ni\u00f1os, porque se considera que est\u00e1n en mayor riesgo de padecerlo. Hablo de beb\u00e9s con alguna enfermedad pulmonar cr\u00f3nica, con una cardiopat\u00eda, o prematuros por debajo de las 32 semanas, en algunos supuestos (de los que deber\u00edan informar los profesionales para administrarse o no).<\/p>\n<p>Lo que el llamado \u00abConsorcio Europeo VRS\u00bb tiene previsto hacer, tal y como leemos en Redacci\u00f3n M\u00e9dica, es desarrollar dos vacunas m\u00e1s para tratar de disminuir el n\u00famero de casos de infecciones respiratorias graves que suceden a\u00fan. Una de las vacunas ser\u00e1 para administrar en los beb\u00e9s y la otra para administrar en las mujeres embarazadas.<\/p>\n<p><strong>La m\u00e1s avanzada es la vacuna para embarazadas<\/strong><\/p>\n<p>De las dos vacunas que est\u00e1n en proyecto, la m\u00e1s avanzada es la que va dirigida a las embarazadas, que funcionar\u00e1 del mismo que la vacuna de la tos ferina: creando anticuerpos en la mujer que ser\u00e1n traspasados a los beb\u00e9s para que nazcan con una cierta inmunidad. Y es que es en las primeras semanas y meses cuando los beb\u00e9s tienen m\u00e1s riesgo de contagio por el VRS y, en consecuencia, m\u00e1s riesgo de bronquiolitis y de otras afecciones respiratorias.<\/p>\n<p>La otra vacuna est\u00e1 todav\u00eda en la primera fase de desarrollo y es para los beb\u00e9s, aunque una vez aparezca habr\u00e1 que ver si pasar\u00e1 a formar parte de las vacunas subvencionadas o no, si s\u00f3lo se utilizar\u00e1 en el entorno hospitalario o si se limitar\u00e1, como la actual, la llamada Palivizumab, para casos concretos.<\/p>\n<p><em>La noticia Investigan una nueva vacuna para las embarazadas que disminuya el riesgo de bronquiolitis en el beb\u00e9 fue publicada en Beb\u00e9s y m\u00e1s<\/em><\/p>\n<p>&nbsp;<\/p>\n","protected":false},"excerpt":{"rendered":"<p>Son muy pocas las vacunas que se pueden administrar a un reci\u00e9n nacido por una sencilla raz\u00f3n: su sistema inmunitario apenas es capaz de crear defensas cuando son tan peque\u00f1itos y es mejor esperar a que sea un poco m\u00e1s mayor. Por esta raz\u00f3n, la mayor\u00eda de vacunas se ponen a partir de los 2<\/p>\n","protected":false},"author":1,"featured_media":41034,"comment_status":"closed","ping_status":"closed","sticky":false,"template":"","format":"standard","meta":{"footnotes":""},"categories":[143],"tags":[],"class_list":{"0":"post-41033","1":"post","2":"type-post","3":"status-publish","4":"format-standard","5":"has-post-thumbnail","7":"category-sociedad"},"aioseo_notices":[],"aioseo_head":"\n\t\t<!-- All in One SEO Pro 4.9.6.2 - aioseo.com -->\n\t<meta name=\"description\" content=\"Son muy pocas las vacunas que se pueden administrar a un reci\u00e9n nacido por una sencilla raz\u00f3n: su sistema inmunitario apenas es capaz de crear defensas cuando son tan peque\u00f1itos y es mejor esperar a que sea un poco m\u00e1s mayor. Por esta raz\u00f3n, la mayor\u00eda de vacunas se ponen a partir de los 2\" \/>\n\t<meta name=\"robots\" content=\"max-image-preview:large\" \/>\n\t<meta name=\"author\" content=\"Cand\u00e1s 365\"\/>\n\t<meta name=\"google-site-verification\" content=\"UA-32230408-1\" \/>\n\t<meta name=\"msvalidate.01\" content=\"354F3CDFB2DA171B47FBE9ABF1F88D5\" \/>\n\t<meta name=\"keywords\" content=\"sociedad\" \/>\n\t<link rel=\"canonical\" href=\"https:\/\/candas365.es\/noticias\/en-busca-de-la-vacuna-que-acabe-con-la-bronquiolitis-en-recien-nacidos\/\" \/>\n\t<meta name=\"generator\" content=\"All in One SEO Pro (AIOSEO) 4.9.6.2\" \/>\n\t\t<meta property=\"og:locale\" content=\"es_ES\" \/>\n\t\t<meta property=\"og:site_name\" content=\"Cand\u00e1s 365\" \/>\n\t\t<meta property=\"og:type\" content=\"article\" \/>\n\t\t<meta property=\"og:title\" content=\"En busca de la vacuna que acabe con la bronquiolitis en reci\u00e9n nacidos | Cand\u00e1s 365\" \/>\n\t\t<meta property=\"og:description\" content=\"Son muy pocas las vacunas que se pueden administrar a un reci\u00e9n nacido por una sencilla raz\u00f3n: su sistema inmunitario apenas es capaz de crear defensas cuando son tan peque\u00f1itos y es mejor esperar a que sea un poco m\u00e1s mayor. Por esta raz\u00f3n, la mayor\u00eda de vacunas se ponen a partir de los 2\" \/>\n\t\t<meta property=\"og:url\" content=\"https:\/\/candas365.es\/noticias\/en-busca-de-la-vacuna-que-acabe-con-la-bronquiolitis-en-recien-nacidos\/\" \/>\n\t\t<meta property=\"og:image\" content=\"https:\/\/candas365.es\/noticias\/wp-content\/uploads\/2017\/01\/1024_2000.jpg\" \/>\n\t\t<meta property=\"og:image:secure_url\" content=\"https:\/\/candas365.es\/noticias\/wp-content\/uploads\/2017\/01\/1024_2000.jpg\" \/>\n\t\t<meta property=\"og:image:width\" content=\"650\" \/>\n\t\t<meta property=\"og:image:height\" content=\"433\" \/>\n\t\t<meta property=\"article:published_time\" content=\"2017-01-20T12:18:54+00:00\" \/>\n\t\t<meta property=\"article:modified_time\" content=\"2017-01-20T12:18:54+00:00\" \/>\n\t\t<meta property=\"article:publisher\" content=\"https:\/\/www.facebook.com\/Nachofdezber\" \/>\n\t\t<meta property=\"article:author\" content=\"https:\/\/www.facebook.com\/carrenoactualidad\" \/>\n\t\t<meta name=\"twitter:card\" content=\"summary_large_image\" \/>\n\t\t<meta name=\"twitter:site\" content=\"@NabercoDigital\" \/>\n\t\t<meta name=\"twitter:title\" content=\"En busca de la vacuna que acabe con la bronquiolitis en reci\u00e9n nacidos | Cand\u00e1s 365\" \/>\n\t\t<meta name=\"twitter:description\" content=\"Son muy pocas las vacunas que se pueden administrar a un reci\u00e9n nacido por una sencilla raz\u00f3n: su sistema inmunitario apenas es capaz de crear defensas cuando son tan peque\u00f1itos y es mejor esperar a que sea un poco m\u00e1s mayor. Por esta raz\u00f3n, la mayor\u00eda de vacunas se ponen a partir de los 2\" \/>\n\t\t<meta name=\"twitter:creator\" content=\"@nbasturias\" \/>\n\t\t<meta name=\"twitter:image\" content=\"https:\/\/candas365.es\/noticias\/wp-content\/uploads\/2017\/01\/1024_2000.jpg\" \/>\n\t\t<meta name=\"twitter:label1\" content=\"Escrito por\" \/>\n\t\t<meta name=\"twitter:data1\" content=\"Cand\u00e1s 365\" \/>\n\t\t<meta name=\"twitter:label2\" content=\"Tiempo de lectura estimado\" \/>\n\t\t<meta name=\"twitter:data2\" content=\"4 minutos\" \/>\n\t\t<script type=\"application\/ld+json\" class=\"aioseo-schema\">\n\t\t\t{\"@context\":\"https:\\\/\\\/schema.org\",\"@graph\":[{\"@type\":\"BreadcrumbList\",\"@id\":\"https:\\\/\\\/candas365.es\\\/noticias\\\/en-busca-de-la-vacuna-que-acabe-con-la-bronquiolitis-en-recien-nacidos\\\/#breadcrumblist\",\"itemListElement\":[{\"@type\":\"ListItem\",\"@id\":\"https:\\\/\\\/candas365.es\\\/noticias#listItem\",\"position\":1,\"name\":\"Home\",\"item\":\"https:\\\/\\\/candas365.es\\\/noticias\",\"nextItem\":{\"@type\":\"ListItem\",\"@id\":\"https:\\\/\\\/candas365.es\\\/noticias\\\/category\\\/sociedad\\\/#listItem\",\"name\":\"Sociedad\"}},{\"@type\":\"ListItem\",\"@id\":\"https:\\\/\\\/candas365.es\\\/noticias\\\/category\\\/sociedad\\\/#listItem\",\"position\":2,\"name\":\"Sociedad\",\"item\":\"https:\\\/\\\/candas365.es\\\/noticias\\\/category\\\/sociedad\\\/\",\"nextItem\":{\"@type\":\"ListItem\",\"@id\":\"https:\\\/\\\/candas365.es\\\/noticias\\\/en-busca-de-la-vacuna-que-acabe-con-la-bronquiolitis-en-recien-nacidos\\\/#listItem\",\"name\":\"En busca de la vacuna que acabe con la bronquiolitis en reci\\u00e9n nacidos\"},\"previousItem\":{\"@type\":\"ListItem\",\"@id\":\"https:\\\/\\\/candas365.es\\\/noticias#listItem\",\"name\":\"Home\"}},{\"@type\":\"ListItem\",\"@id\":\"https:\\\/\\\/candas365.es\\\/noticias\\\/en-busca-de-la-vacuna-que-acabe-con-la-bronquiolitis-en-recien-nacidos\\\/#listItem\",\"position\":3,\"name\":\"En busca de la vacuna que acabe con la bronquiolitis en reci\\u00e9n nacidos\",\"previousItem\":{\"@type\":\"ListItem\",\"@id\":\"https:\\\/\\\/candas365.es\\\/noticias\\\/category\\\/sociedad\\\/#listItem\",\"name\":\"Sociedad\"}}]},{\"@type\":\"NewsArticle\",\"@id\":\"https:\\\/\\\/candas365.es\\\/noticias\\\/en-busca-de-la-vacuna-que-acabe-con-la-bronquiolitis-en-recien-nacidos\\\/#newsarticle\",\"name\":\"En busca de la vacuna que acabe con la bronquiolitis en reci\\u00e9n nacidos | Cand\\u00e1s 365\",\"headline\":\"En busca de la vacuna que acabe con la bronquiolitis en reci\\u00e9n nacidos\",\"author\":{\"@id\":\"https:\\\/\\\/candas365.es\\\/noticias\\\/author\\\/admin\\\/#author\"},\"publisher\":{\"@id\":\"https:\\\/\\\/candas365.es\\\/noticias\\\/#organization\"},\"image\":{\"@type\":\"ImageObject\",\"url\":\"https:\\\/\\\/candas365.es\\\/noticias\\\/wp-content\\\/uploads\\\/2017\\\/01\\\/1024_2000.jpg\",\"width\":650,\"height\":433},\"datePublished\":\"2017-01-20T12:18:54+01:00\",\"dateModified\":\"2017-01-20T12:18:54+01:00\",\"inLanguage\":\"es-ES\",\"mainEntityOfPage\":{\"@id\":\"https:\\\/\\\/candas365.es\\\/noticias\\\/en-busca-de-la-vacuna-que-acabe-con-la-bronquiolitis-en-recien-nacidos\\\/#webpage\"},\"isPartOf\":{\"@id\":\"https:\\\/\\\/candas365.es\\\/noticias\\\/en-busca-de-la-vacuna-que-acabe-con-la-bronquiolitis-en-recien-nacidos\\\/#webpage\"},\"articleSection\":\"Sociedad\",\"dateline\":\"Publicado el enero 20, 2017.\"},{\"@type\":\"Organization\",\"@id\":\"https:\\\/\\\/candas365.es\\\/noticias\\\/#organization\",\"name\":\"Cand\\u00e1s 365\",\"description\":\"Cand\\u00e1s 365 es un diario digital independiente, fundado en 2012, con base en Asturias. Informamos con rigor sobre actualidad, sociedad, cultura y ocio, con una mirada local y global.\",\"url\":\"https:\\\/\\\/candas365.es\\\/noticias\\\/\",\"email\":\"info@candas365.es\",\"telephone\":\"+34652131393\",\"foundingDate\":\"2012-06-10\",\"logo\":{\"@type\":\"ImageObject\",\"url\":\"https:\\\/\\\/candas365.es\\\/noticias\\\/wp-content\\\/uploads\\\/2024\\\/09\\\/Candas-365-Redes.jpg\",\"@id\":\"https:\\\/\\\/candas365.es\\\/noticias\\\/en-busca-de-la-vacuna-que-acabe-con-la-bronquiolitis-en-recien-nacidos\\\/#organizationLogo\",\"width\":1152,\"height\":864,\"caption\":\"Cand\\u00e1s 365 Redes\"},\"image\":{\"@id\":\"https:\\\/\\\/candas365.es\\\/noticias\\\/en-busca-de-la-vacuna-que-acabe-con-la-bronquiolitis-en-recien-nacidos\\\/#organizationLogo\"},\"sameAs\":[\"https:\\\/\\\/www.facebook.com\\\/Nachofdezber\",\"https:\\\/\\\/x.com\\\/NabercoDigital\",\"https:\\\/\\\/www.instagram.com\\\/nachofdezber\\\/\",\"https:\\\/\\\/www.youtube.com\\\/channel\\\/UCZP-2wLEB9Rv6erhFmqVnvg\"],\"address\":{\"@id\":\"https:\\\/\\\/candas365.es\\\/noticias\\\/#postaladdress\",\"@type\":\"PostalAddress\",\"streetAddress\":\"san antonio 4, san antonio 4\",\"postalCode\":\"33430\",\"addressLocality\":\"Cand\\u00e1s\",\"addressRegion\":\"Asturias\",\"addressCountry\":\"ES\"}},{\"@type\":\"Person\",\"@id\":\"https:\\\/\\\/candas365.es\\\/noticias\\\/author\\\/admin\\\/#author\",\"url\":\"https:\\\/\\\/candas365.es\\\/noticias\\\/author\\\/admin\\\/\",\"name\":\"Cand\\u00e1s 365\",\"image\":{\"@type\":\"ImageObject\",\"@id\":\"https:\\\/\\\/candas365.es\\\/noticias\\\/en-busca-de-la-vacuna-que-acabe-con-la-bronquiolitis-en-recien-nacidos\\\/#authorImage\",\"url\":\"https:\\\/\\\/secure.gravatar.com\\\/avatar\\\/496a8e03d0c493ede1718b7934145dbdf8d89be1036b0eec9544e1094c9de390?s=96&d=mm&r=g\",\"width\":96,\"height\":96,\"caption\":\"Cand\\u00e1s 365\"},\"sameAs\":[\"https:\\\/\\\/www.facebook.com\\\/carrenoactualidad\",\"https:\\\/\\\/twitter.com\\\/nbasturias\",\"https:\\\/\\\/www.instagram.com\\\/nachofdezber\\\/\",\"https:\\\/\\\/www.youtube.com\\\/channel\\\/UCZP-2wLEB9Rv6erhFmqVnvg\"]},{\"@type\":\"WebPage\",\"@id\":\"https:\\\/\\\/candas365.es\\\/noticias\\\/en-busca-de-la-vacuna-que-acabe-con-la-bronquiolitis-en-recien-nacidos\\\/#webpage\",\"url\":\"https:\\\/\\\/candas365.es\\\/noticias\\\/en-busca-de-la-vacuna-que-acabe-con-la-bronquiolitis-en-recien-nacidos\\\/\",\"name\":\"En busca de la vacuna que acabe con la bronquiolitis en reci\\u00e9n nacidos | Cand\\u00e1s 365\",\"description\":\"Son muy pocas las vacunas que se pueden administrar a un reci\\u00e9n nacido por una sencilla raz\\u00f3n: su sistema inmunitario apenas es capaz de crear defensas cuando son tan peque\\u00f1itos y es mejor esperar a que sea un poco m\\u00e1s mayor. Por esta raz\\u00f3n, la mayor\\u00eda de vacunas se ponen a partir de los 2\",\"inLanguage\":\"es-ES\",\"isPartOf\":{\"@id\":\"https:\\\/\\\/candas365.es\\\/noticias\\\/#website\"},\"breadcrumb\":{\"@id\":\"https:\\\/\\\/candas365.es\\\/noticias\\\/en-busca-de-la-vacuna-que-acabe-con-la-bronquiolitis-en-recien-nacidos\\\/#breadcrumblist\"},\"author\":{\"@id\":\"https:\\\/\\\/candas365.es\\\/noticias\\\/author\\\/admin\\\/#author\"},\"creator\":{\"@id\":\"https:\\\/\\\/candas365.es\\\/noticias\\\/author\\\/admin\\\/#author\"},\"image\":{\"@type\":\"ImageObject\",\"url\":\"https:\\\/\\\/candas365.es\\\/noticias\\\/wp-content\\\/uploads\\\/2017\\\/01\\\/1024_2000.jpg\",\"@id\":\"https:\\\/\\\/candas365.es\\\/noticias\\\/en-busca-de-la-vacuna-que-acabe-con-la-bronquiolitis-en-recien-nacidos\\\/#mainImage\",\"width\":650,\"height\":433},\"primaryImageOfPage\":{\"@id\":\"https:\\\/\\\/candas365.es\\\/noticias\\\/en-busca-de-la-vacuna-que-acabe-con-la-bronquiolitis-en-recien-nacidos\\\/#mainImage\"},\"datePublished\":\"2017-01-20T12:18:54+01:00\",\"dateModified\":\"2017-01-20T12:18:54+01:00\"},{\"@type\":\"WebSite\",\"@id\":\"https:\\\/\\\/candas365.es\\\/noticias\\\/#website\",\"url\":\"https:\\\/\\\/candas365.es\\\/noticias\\\/\",\"name\":\"Cand\\u00e1s 365\",\"alternateName\":\"Cand\\u00e1s 365 Noticias\",\"description\":\"Actualidad desde Carre\\u00f1o para el mundo\",\"inLanguage\":\"es-ES\",\"publisher\":{\"@id\":\"https:\\\/\\\/candas365.es\\\/noticias\\\/#organization\"}}]}\n\t\t<\/script>\n\t\t<!-- All in One SEO Pro -->\r\n\t\t<title>En busca de la vacuna que acabe con la bronquiolitis en reci\u00e9n nacidos | Cand\u00e1s 365<\/title>\n\n","aioseo_head_json":{"title":"En busca de la vacuna que acabe con la bronquiolitis en reci\u00e9n nacidos | Cand\u00e1s 365","description":"Son muy pocas las vacunas que se pueden administrar a un reci\u00e9n nacido por una sencilla raz\u00f3n: su sistema inmunitario apenas es capaz de crear defensas cuando son tan peque\u00f1itos y es mejor esperar a que sea un poco m\u00e1s mayor. Por esta raz\u00f3n, la mayor\u00eda de vacunas se ponen a partir de los 2","canonical_url":"https:\/\/candas365.es\/noticias\/en-busca-de-la-vacuna-que-acabe-con-la-bronquiolitis-en-recien-nacidos\/","robots":"max-image-preview:large","keywords":"sociedad","webmasterTools":{"google-site-verification":"UA-32230408-1","msvalidate.01":"354F3CDFB2DA171B47FBE9ABF1F88D5","miscellaneous":""},"schema":{"@context":"https:\/\/schema.org","@graph":[{"@type":"BreadcrumbList","@id":"https:\/\/candas365.es\/noticias\/en-busca-de-la-vacuna-que-acabe-con-la-bronquiolitis-en-recien-nacidos\/#breadcrumblist","itemListElement":[{"@type":"ListItem","@id":"https:\/\/candas365.es\/noticias#listItem","position":1,"name":"Home","item":"https:\/\/candas365.es\/noticias","nextItem":{"@type":"ListItem","@id":"https:\/\/candas365.es\/noticias\/category\/sociedad\/#listItem","name":"Sociedad"}},{"@type":"ListItem","@id":"https:\/\/candas365.es\/noticias\/category\/sociedad\/#listItem","position":2,"name":"Sociedad","item":"https:\/\/candas365.es\/noticias\/category\/sociedad\/","nextItem":{"@type":"ListItem","@id":"https:\/\/candas365.es\/noticias\/en-busca-de-la-vacuna-que-acabe-con-la-bronquiolitis-en-recien-nacidos\/#listItem","name":"En busca de la vacuna que acabe con la bronquiolitis en reci\u00e9n nacidos"},"previousItem":{"@type":"ListItem","@id":"https:\/\/candas365.es\/noticias#listItem","name":"Home"}},{"@type":"ListItem","@id":"https:\/\/candas365.es\/noticias\/en-busca-de-la-vacuna-que-acabe-con-la-bronquiolitis-en-recien-nacidos\/#listItem","position":3,"name":"En busca de la vacuna que acabe con la bronquiolitis en reci\u00e9n nacidos","previousItem":{"@type":"ListItem","@id":"https:\/\/candas365.es\/noticias\/category\/sociedad\/#listItem","name":"Sociedad"}}]},{"@type":"NewsArticle","@id":"https:\/\/candas365.es\/noticias\/en-busca-de-la-vacuna-que-acabe-con-la-bronquiolitis-en-recien-nacidos\/#newsarticle","name":"En busca de la vacuna que acabe con la bronquiolitis en reci\u00e9n nacidos | Cand\u00e1s 365","headline":"En busca de la vacuna que acabe con la bronquiolitis en reci\u00e9n nacidos","author":{"@id":"https:\/\/candas365.es\/noticias\/author\/admin\/#author"},"publisher":{"@id":"https:\/\/candas365.es\/noticias\/#organization"},"image":{"@type":"ImageObject","url":"https:\/\/candas365.es\/noticias\/wp-content\/uploads\/2017\/01\/1024_2000.jpg","width":650,"height":433},"datePublished":"2017-01-20T12:18:54+01:00","dateModified":"2017-01-20T12:18:54+01:00","inLanguage":"es-ES","mainEntityOfPage":{"@id":"https:\/\/candas365.es\/noticias\/en-busca-de-la-vacuna-que-acabe-con-la-bronquiolitis-en-recien-nacidos\/#webpage"},"isPartOf":{"@id":"https:\/\/candas365.es\/noticias\/en-busca-de-la-vacuna-que-acabe-con-la-bronquiolitis-en-recien-nacidos\/#webpage"},"articleSection":"Sociedad","dateline":"Publicado el enero 20, 2017."},{"@type":"Organization","@id":"https:\/\/candas365.es\/noticias\/#organization","name":"Cand\u00e1s 365","description":"Cand\u00e1s 365 es un diario digital independiente, fundado en 2012, con base en Asturias. Informamos con rigor sobre actualidad, sociedad, cultura y ocio, con una mirada local y global.","url":"https:\/\/candas365.es\/noticias\/","email":"info@candas365.es","telephone":"+34652131393","foundingDate":"2012-06-10","logo":{"@type":"ImageObject","url":"https:\/\/candas365.es\/noticias\/wp-content\/uploads\/2024\/09\/Candas-365-Redes.jpg","@id":"https:\/\/candas365.es\/noticias\/en-busca-de-la-vacuna-que-acabe-con-la-bronquiolitis-en-recien-nacidos\/#organizationLogo","width":1152,"height":864,"caption":"Cand\u00e1s 365 Redes"},"image":{"@id":"https:\/\/candas365.es\/noticias\/en-busca-de-la-vacuna-que-acabe-con-la-bronquiolitis-en-recien-nacidos\/#organizationLogo"},"sameAs":["https:\/\/www.facebook.com\/Nachofdezber","https:\/\/x.com\/NabercoDigital","https:\/\/www.instagram.com\/nachofdezber\/","https:\/\/www.youtube.com\/channel\/UCZP-2wLEB9Rv6erhFmqVnvg"],"address":{"@id":"https:\/\/candas365.es\/noticias\/#postaladdress","@type":"PostalAddress","streetAddress":"san antonio 4, san antonio 4","postalCode":"33430","addressLocality":"Cand\u00e1s","addressRegion":"Asturias","addressCountry":"ES"}},{"@type":"Person","@id":"https:\/\/candas365.es\/noticias\/author\/admin\/#author","url":"https:\/\/candas365.es\/noticias\/author\/admin\/","name":"Cand\u00e1s 365","image":{"@type":"ImageObject","@id":"https:\/\/candas365.es\/noticias\/en-busca-de-la-vacuna-que-acabe-con-la-bronquiolitis-en-recien-nacidos\/#authorImage","url":"https:\/\/secure.gravatar.com\/avatar\/496a8e03d0c493ede1718b7934145dbdf8d89be1036b0eec9544e1094c9de390?s=96&d=mm&r=g","width":96,"height":96,"caption":"Cand\u00e1s 365"},"sameAs":["https:\/\/www.facebook.com\/carrenoactualidad","https:\/\/twitter.com\/nbasturias","https:\/\/www.instagram.com\/nachofdezber\/","https:\/\/www.youtube.com\/channel\/UCZP-2wLEB9Rv6erhFmqVnvg"]},{"@type":"WebPage","@id":"https:\/\/candas365.es\/noticias\/en-busca-de-la-vacuna-que-acabe-con-la-bronquiolitis-en-recien-nacidos\/#webpage","url":"https:\/\/candas365.es\/noticias\/en-busca-de-la-vacuna-que-acabe-con-la-bronquiolitis-en-recien-nacidos\/","name":"En busca de la vacuna que acabe con la bronquiolitis en reci\u00e9n nacidos | Cand\u00e1s 365","description":"Son muy pocas las vacunas que se pueden administrar a un reci\u00e9n nacido por una sencilla raz\u00f3n: su sistema inmunitario apenas es capaz de crear defensas cuando son tan peque\u00f1itos y es mejor esperar a que sea un poco m\u00e1s mayor. Por esta raz\u00f3n, la mayor\u00eda de vacunas se ponen a partir de los 2","inLanguage":"es-ES","isPartOf":{"@id":"https:\/\/candas365.es\/noticias\/#website"},"breadcrumb":{"@id":"https:\/\/candas365.es\/noticias\/en-busca-de-la-vacuna-que-acabe-con-la-bronquiolitis-en-recien-nacidos\/#breadcrumblist"},"author":{"@id":"https:\/\/candas365.es\/noticias\/author\/admin\/#author"},"creator":{"@id":"https:\/\/candas365.es\/noticias\/author\/admin\/#author"},"image":{"@type":"ImageObject","url":"https:\/\/candas365.es\/noticias\/wp-content\/uploads\/2017\/01\/1024_2000.jpg","@id":"https:\/\/candas365.es\/noticias\/en-busca-de-la-vacuna-que-acabe-con-la-bronquiolitis-en-recien-nacidos\/#mainImage","width":650,"height":433},"primaryImageOfPage":{"@id":"https:\/\/candas365.es\/noticias\/en-busca-de-la-vacuna-que-acabe-con-la-bronquiolitis-en-recien-nacidos\/#mainImage"},"datePublished":"2017-01-20T12:18:54+01:00","dateModified":"2017-01-20T12:18:54+01:00"},{"@type":"WebSite","@id":"https:\/\/candas365.es\/noticias\/#website","url":"https:\/\/candas365.es\/noticias\/","name":"Cand\u00e1s 365","alternateName":"Cand\u00e1s 365 Noticias","description":"Actualidad desde Carre\u00f1o para el mundo","inLanguage":"es-ES","publisher":{"@id":"https:\/\/candas365.es\/noticias\/#organization"}}]},"og:locale":"es_ES","og:site_name":"Cand\u00e1s 365","og:type":"article","og:title":"En busca de la vacuna que acabe con la bronquiolitis en reci\u00e9n nacidos | Cand\u00e1s 365","og:description":"Son muy pocas las vacunas que se pueden administrar a un reci\u00e9n nacido por una sencilla raz\u00f3n: su sistema inmunitario apenas es capaz de crear defensas cuando son tan peque\u00f1itos y es mejor esperar a que sea un poco m\u00e1s mayor. Por esta raz\u00f3n, la mayor\u00eda de vacunas se ponen a partir de los 2","og:url":"https:\/\/candas365.es\/noticias\/en-busca-de-la-vacuna-que-acabe-con-la-bronquiolitis-en-recien-nacidos\/","og:image":"https:\/\/candas365.es\/noticias\/wp-content\/uploads\/2017\/01\/1024_2000.jpg","og:image:secure_url":"https:\/\/candas365.es\/noticias\/wp-content\/uploads\/2017\/01\/1024_2000.jpg","og:image:width":650,"og:image:height":433,"article:published_time":"2017-01-20T12:18:54+00:00","article:modified_time":"2017-01-20T12:18:54+00:00","article:publisher":"https:\/\/www.facebook.com\/Nachofdezber","article:author":"https:\/\/www.facebook.com\/carrenoactualidad","twitter:card":"summary_large_image","twitter:site":"@NabercoDigital","twitter:title":"En busca de la vacuna que acabe con la bronquiolitis en reci\u00e9n nacidos | Cand\u00e1s 365","twitter:description":"Son muy pocas las vacunas que se pueden administrar a un reci\u00e9n nacido por una sencilla raz\u00f3n: su sistema inmunitario apenas es capaz de crear defensas cuando son tan peque\u00f1itos y es mejor esperar a que sea un poco m\u00e1s mayor. Por esta raz\u00f3n, la mayor\u00eda de vacunas se ponen a partir de los 2","twitter:creator":"@nbasturias","twitter:image":"https:\/\/candas365.es\/noticias\/wp-content\/uploads\/2017\/01\/1024_2000.jpg","twitter:label1":"Escrito por","twitter:data1":"Cand\u00e1s 365","twitter:label2":"Tiempo de lectura estimado","twitter:data2":"4 minutos"},"aioseo_meta_data":{"post_id":"41033","title":null,"description":null,"keywords":null,"keyphrases":null,"primary_term":null,"canonical_url":null,"og_title":null,"og_description":null,"og_object_type":"default","og_image_type":"default","og_image_url":null,"og_image_width":null,"og_image_height":null,"og_image_custom_url":null,"og_image_custom_fields":null,"og_video":null,"og_custom_url":null,"og_article_section":null,"og_article_tags":null,"twitter_use_og":false,"twitter_card":"default","twitter_image_type":"default","twitter_image_url":null,"twitter_image_custom_url":null,"twitter_image_custom_fields":null,"twitter_title":null,"twitter_description":null,"schema":{"blockGraphs":[],"customGraphs":[],"default":{"data":{"Article":[],"Course":[],"Dataset":[],"FAQPage":[],"Movie":[],"Person":[],"Product":[],"ProductReview":[],"Car":[],"Recipe":[],"Service":[],"SoftwareApplication":[],"WebPage":[]},"graphName":"","isEnabled":true},"graphs":[],"defaultGraph":"","defaultPostTypeGraph":""},"schema_type":null,"schema_type_options":null,"pillar_content":false,"robots_default":true,"robots_noindex":false,"robots_noarchive":false,"robots_nosnippet":false,"robots_nofollow":false,"robots_noimageindex":false,"robots_noodp":false,"robots_notranslate":false,"robots_max_snippet":null,"robots_max_videopreview":null,"robots_max_imagepreview":"large","priority":null,"frequency":null,"location":null,"local_seo":null,"seo_analyzer_scan_date":"2025-08-25 03:39:14","breadcrumb_settings":null,"limit_modified_date":false,"reviewed_by":null,"open_ai":null,"ai":null,"created":"2020-12-21 13:06:26","updated":"2025-08-25 03:39:14"},"aioseo_breadcrumb":"<div class=\"aioseo-breadcrumbs\"><span class=\"aioseo-breadcrumb\">\n\t<a href=\"https:\/\/candas365.es\/noticias\" title=\"Home\">Home<\/a>\n<\/span><span class=\"aioseo-breadcrumb-separator\">&ndash;<\/span><span class=\"aioseo-breadcrumb\">\n\t<a href=\"https:\/\/candas365.es\/noticias\/category\/sociedad\/\" title=\"Sociedad\">Sociedad<\/a>\n<\/span><span class=\"aioseo-breadcrumb-separator\">&ndash;<\/span><span class=\"aioseo-breadcrumb\">\n\tEn busca de la vacuna que acabe con la bronquiolitis en reci\u00e9n nacidos\n<\/span><\/div>","aioseo_breadcrumb_json":[{"label":"Home","link":"https:\/\/candas365.es\/noticias"},{"label":"Sociedad","link":"https:\/\/candas365.es\/noticias\/category\/sociedad\/"},{"label":"En busca de la vacuna que acabe con la bronquiolitis en reci\u00e9n nacidos","link":"https:\/\/candas365.es\/noticias\/en-busca-de-la-vacuna-que-acabe-con-la-bronquiolitis-en-recien-nacidos\/"}],"_links":{"self":[{"href":"https:\/\/candas365.es\/noticias\/wp-json\/wp\/v2\/posts\/41033","targetHints":{"allow":["GET"]}}],"collection":[{"href":"https:\/\/candas365.es\/noticias\/wp-json\/wp\/v2\/posts"}],"about":[{"href":"https:\/\/candas365.es\/noticias\/wp-json\/wp\/v2\/types\/post"}],"author":[{"embeddable":true,"href":"https:\/\/candas365.es\/noticias\/wp-json\/wp\/v2\/users\/1"}],"replies":[{"embeddable":true,"href":"https:\/\/candas365.es\/noticias\/wp-json\/wp\/v2\/comments?post=41033"}],"version-history":[{"count":0,"href":"https:\/\/candas365.es\/noticias\/wp-json\/wp\/v2\/posts\/41033\/revisions"}],"wp:featuredmedia":[{"embeddable":true,"href":"https:\/\/candas365.es\/noticias\/wp-json\/wp\/v2\/media\/41034"}],"wp:attachment":[{"href":"https:\/\/candas365.es\/noticias\/wp-json\/wp\/v2\/media?parent=41033"}],"wp:term":[{"taxonomy":"category","embeddable":true,"href":"https:\/\/candas365.es\/noticias\/wp-json\/wp\/v2\/categories?post=41033"},{"taxonomy":"post_tag","embeddable":true,"href":"https:\/\/candas365.es\/noticias\/wp-json\/wp\/v2\/tags?post=41033"}],"curies":[{"name":"wp","href":"https:\/\/api.w.org\/{rel}","templated":true}]}}