{"id":40783,"date":"2017-01-17T22:21:18","date_gmt":"2017-01-17T22:21:18","guid":{"rendered":"http:\/\/candas365.es\/noticias\/?p=40783"},"modified":"2017-01-17T22:21:18","modified_gmt":"2017-01-17T22:21:18","slug":"alemania-saluda-mayor-claridad-sobre-planes-del-brexit","status":"publish","type":"post","link":"https:\/\/candas365.es\/noticias\/alemania-saluda-mayor-claridad-sobre-planes-del-brexit\/","title":{"rendered":"Alemania saluda \u00abmayor claridad\u00bb sobre planes del \u00abBrexit\u00bb"},"content":{"rendered":"<p>Berl\u00edn, 17 ene (dpa) &#8211; Alemania salud\u00f3 hoy que la primera ministra brit\u00e1nica, Theresa May, haya aportado claridad sobre los planes de su pa\u00eds para salir de la Uni\u00f3n Europea (UE), al tiempo que manifest\u00f3 su deseo de que se celebren negociaciones constructivas sobre el \u00abBrexit\u00bb.<\/p>\n<p>El Gobierno saluda que May haya aportado \u00abfinalmente un poco de claridad sobre los planes brit\u00e1nicos\u00bb para abandonar el bloque, se\u00f1al\u00f3 el Ministerio alem\u00e1n de Relaciones Exteriores en un comunicado.<\/p>\n<p>\u00abPero nuestra l\u00ednea es y seguir\u00e1 siendo que las negociaciones no comenzar\u00e1n hasta que Reino Unido haya comunicado oficialmente su deseo de salir\u00bb, destac\u00f3 el titular de la diplomacia germana, Frank-Walter Steinmeier.<\/p>\n<p>El presidente de la comisi\u00f3n de exteriores del Parlamento germano, Norbert R\u00f6ttgen, aconsej\u00f3 a Berl\u00edn y a la UE que no busquen la confrontaci\u00f3n en las negociaciones. <\/p>\n<p>\u00abNo deber\u00edamos adoptar la postura del ofendido y plantearles a los brit\u00e1nicos exigencias que no puedan cumplir\u00bb, dijo el democristiano al colectivo de periodistas \u00abRedaktionsnetzwerk Deutschland\u00bb. \u00abDeber\u00edamos ser m\u00e1s razonables que los brit\u00e1nicos\u00bb.<\/p>\n<p>La jefa de Gobierno brit\u00e1nica desvel\u00f3 hoy parte del programa que seguir\u00e1 el pa\u00eds para salir de la UE y anunci\u00f3 que tambi\u00e9n abandonar\u00e1 el mercado com\u00fan, al tiempo que anunci\u00f3 que buscar\u00e1 un amplio acuerdo de libre comercio con el bloque. <\/p>\n","protected":false},"excerpt":{"rendered":"<p>Berl\u00edn, 17 ene (dpa) &#8211; Alemania salud\u00f3 hoy que la primera ministra brit\u00e1nica, Theresa May, haya aportado claridad sobre los planes de su pa\u00eds para salir de la Uni\u00f3n Europea (UE), al tiempo que manifest\u00f3 su deseo de que se celebren negociaciones constructivas sobre el \u00abBrexit\u00bb. El Gobierno saluda que May haya aportado \u00abfinalmente un<\/p>\n","protected":false},"author":1,"featured_media":16457,"comment_status":"closed","ping_status":"closed","sticky":false,"template":"","format":"standard","meta":{"footnotes":""},"categories":[343],"tags":[],"class_list":{"0":"post-40783","1":"post","2":"type-post","3":"status-publish","4":"format-standard","5":"has-post-thumbnail","7":"category-actualidad"},"aioseo_notices":[],"aioseo_head":"\n\t\t<!-- All in One SEO Pro 4.9.6.2 - aioseo.com -->\n\t<meta name=\"description\" content=\"Berl\u00edn, 17 ene (dpa) - Alemania salud\u00f3 hoy que la primera ministra brit\u00e1nica, Theresa May, haya aportado claridad sobre los planes de su pa\u00eds para salir de la Uni\u00f3n Europea (UE), al tiempo que manifest\u00f3 su deseo de que se celebren negociaciones constructivas sobre el &quot;Brexit&quot;. El Gobierno saluda que May haya aportado &quot;finalmente un\" \/>\n\t<meta name=\"robots\" content=\"max-image-preview:large\" \/>\n\t<meta name=\"author\" content=\"Cand\u00e1s 365\"\/>\n\t<meta name=\"google-site-verification\" content=\"UA-32230408-1\" \/>\n\t<meta name=\"msvalidate.01\" content=\"354F3CDFB2DA171B47FBE9ABF1F88D5\" \/>\n\t<meta name=\"keywords\" content=\"actualidad\" \/>\n\t<link rel=\"canonical\" href=\"https:\/\/candas365.es\/noticias\/alemania-saluda-mayor-claridad-sobre-planes-del-brexit\/\" \/>\n\t<meta name=\"generator\" content=\"All in One SEO Pro (AIOSEO) 4.9.6.2\" \/>\n\t\t<meta property=\"og:locale\" content=\"es_ES\" \/>\n\t\t<meta property=\"og:site_name\" content=\"Cand\u00e1s 365\" \/>\n\t\t<meta property=\"og:type\" content=\"article\" \/>\n\t\t<meta property=\"og:title\" content=\"Alemania saluda \u00abmayor claridad\u00bb sobre planes del \u00abBrexit\u00bb | Cand\u00e1s 365\" \/>\n\t\t<meta property=\"og:description\" content=\"Berl\u00edn, 17 ene (dpa) - Alemania salud\u00f3 hoy que la primera ministra brit\u00e1nica, Theresa May, haya aportado claridad sobre los planes de su pa\u00eds para salir de la Uni\u00f3n Europea (UE), al tiempo que manifest\u00f3 su deseo de que se celebren negociaciones constructivas sobre el &quot;Brexit&quot;. El Gobierno saluda que May haya aportado &quot;finalmente un\" \/>\n\t\t<meta property=\"og:url\" content=\"https:\/\/candas365.es\/noticias\/alemania-saluda-mayor-claridad-sobre-planes-del-brexit\/\" \/>\n\t\t<meta property=\"og:image\" content=\"https:\/\/candas365.es\/noticias\/wp-content\/uploads\/2015\/09\/c365noticias.jpg\" \/>\n\t\t<meta property=\"og:image:secure_url\" content=\"https:\/\/candas365.es\/noticias\/wp-content\/uploads\/2015\/09\/c365noticias.jpg\" \/>\n\t\t<meta property=\"og:image:width\" content=\"655\" \/>\n\t\t<meta property=\"og:image:height\" content=\"360\" \/>\n\t\t<meta property=\"article:published_time\" content=\"2017-01-17T22:21:18+00:00\" \/>\n\t\t<meta property=\"article:modified_time\" content=\"2017-01-17T22:21:18+00:00\" \/>\n\t\t<meta property=\"article:publisher\" content=\"https:\/\/www.facebook.com\/Nachofdezber\" \/>\n\t\t<meta property=\"article:author\" content=\"https:\/\/www.facebook.com\/carrenoactualidad\" \/>\n\t\t<meta name=\"twitter:card\" content=\"summary_large_image\" \/>\n\t\t<meta name=\"twitter:site\" content=\"@NabercoDigital\" \/>\n\t\t<meta name=\"twitter:title\" content=\"Alemania saluda \u00abmayor claridad\u00bb sobre planes del \u00abBrexit\u00bb | Cand\u00e1s 365\" \/>\n\t\t<meta name=\"twitter:description\" content=\"Berl\u00edn, 17 ene (dpa) - Alemania salud\u00f3 hoy que la primera ministra brit\u00e1nica, Theresa May, haya aportado claridad sobre los planes de su pa\u00eds para salir de la Uni\u00f3n Europea (UE), al tiempo que manifest\u00f3 su deseo de que se celebren negociaciones constructivas sobre el &quot;Brexit&quot;. El Gobierno saluda que May haya aportado &quot;finalmente un\" \/>\n\t\t<meta name=\"twitter:creator\" content=\"@nbasturias\" \/>\n\t\t<meta name=\"twitter:image\" content=\"https:\/\/candas365.es\/noticias\/wp-content\/uploads\/2015\/09\/c365noticias.jpg\" \/>\n\t\t<meta name=\"twitter:label1\" content=\"Escrito por\" \/>\n\t\t<meta name=\"twitter:data1\" content=\"Cand\u00e1s 365\" \/>\n\t\t<meta name=\"twitter:label2\" content=\"Tiempo de lectura estimado\" \/>\n\t\t<meta name=\"twitter:data2\" content=\"1 minuto\" \/>\n\t\t<script type=\"application\/ld+json\" class=\"aioseo-schema\">\n\t\t\t{\"@context\":\"https:\\\/\\\/schema.org\",\"@graph\":[{\"@type\":\"BreadcrumbList\",\"@id\":\"https:\\\/\\\/candas365.es\\\/noticias\\\/alemania-saluda-mayor-claridad-sobre-planes-del-brexit\\\/#breadcrumblist\",\"itemListElement\":[{\"@type\":\"ListItem\",\"@id\":\"https:\\\/\\\/candas365.es\\\/noticias#listItem\",\"position\":1,\"name\":\"Home\",\"item\":\"https:\\\/\\\/candas365.es\\\/noticias\",\"nextItem\":{\"@type\":\"ListItem\",\"@id\":\"https:\\\/\\\/candas365.es\\\/noticias\\\/category\\\/actualidad\\\/#listItem\",\"name\":\"Actualidad\"}},{\"@type\":\"ListItem\",\"@id\":\"https:\\\/\\\/candas365.es\\\/noticias\\\/category\\\/actualidad\\\/#listItem\",\"position\":2,\"name\":\"Actualidad\",\"item\":\"https:\\\/\\\/candas365.es\\\/noticias\\\/category\\\/actualidad\\\/\",\"nextItem\":{\"@type\":\"ListItem\",\"@id\":\"https:\\\/\\\/candas365.es\\\/noticias\\\/alemania-saluda-mayor-claridad-sobre-planes-del-brexit\\\/#listItem\",\"name\":\"Alemania saluda \\u00abmayor claridad\\u00bb sobre planes del \\u00abBrexit\\u00bb\"},\"previousItem\":{\"@type\":\"ListItem\",\"@id\":\"https:\\\/\\\/candas365.es\\\/noticias#listItem\",\"name\":\"Home\"}},{\"@type\":\"ListItem\",\"@id\":\"https:\\\/\\\/candas365.es\\\/noticias\\\/alemania-saluda-mayor-claridad-sobre-planes-del-brexit\\\/#listItem\",\"position\":3,\"name\":\"Alemania saluda \\u00abmayor claridad\\u00bb sobre planes del \\u00abBrexit\\u00bb\",\"previousItem\":{\"@type\":\"ListItem\",\"@id\":\"https:\\\/\\\/candas365.es\\\/noticias\\\/category\\\/actualidad\\\/#listItem\",\"name\":\"Actualidad\"}}]},{\"@type\":\"NewsArticle\",\"@id\":\"https:\\\/\\\/candas365.es\\\/noticias\\\/alemania-saluda-mayor-claridad-sobre-planes-del-brexit\\\/#newsarticle\",\"name\":\"Alemania saluda \\u00abmayor claridad\\u00bb sobre planes del \\u00abBrexit\\u00bb | Cand\\u00e1s 365\",\"headline\":\"Alemania saluda \\u00abmayor claridad\\u00bb sobre planes del \\u00abBrexit\\u00bb\",\"author\":{\"@id\":\"https:\\\/\\\/candas365.es\\\/noticias\\\/author\\\/admin\\\/#author\"},\"publisher\":{\"@id\":\"https:\\\/\\\/candas365.es\\\/noticias\\\/#organization\"},\"image\":{\"@type\":\"ImageObject\",\"url\":\"https:\\\/\\\/candas365.es\\\/noticias\\\/wp-content\\\/uploads\\\/2015\\\/09\\\/c365noticias.jpg\",\"width\":655,\"height\":360},\"datePublished\":\"2017-01-17T22:21:18+01:00\",\"dateModified\":\"2017-01-17T22:21:18+01:00\",\"inLanguage\":\"es-ES\",\"mainEntityOfPage\":{\"@id\":\"https:\\\/\\\/candas365.es\\\/noticias\\\/alemania-saluda-mayor-claridad-sobre-planes-del-brexit\\\/#webpage\"},\"isPartOf\":{\"@id\":\"https:\\\/\\\/candas365.es\\\/noticias\\\/alemania-saluda-mayor-claridad-sobre-planes-del-brexit\\\/#webpage\"},\"articleSection\":\"Actualidad\",\"dateline\":\"Publicado el enero 17, 2017.\"},{\"@type\":\"Organization\",\"@id\":\"https:\\\/\\\/candas365.es\\\/noticias\\\/#organization\",\"name\":\"Cand\\u00e1s 365\",\"description\":\"Cand\\u00e1s 365 es un diario digital independiente, fundado en 2012, con base en Asturias. Informamos con rigor sobre actualidad, sociedad, cultura y ocio, con una mirada local y global.\",\"url\":\"https:\\\/\\\/candas365.es\\\/noticias\\\/\",\"email\":\"info@candas365.es\",\"telephone\":\"+34652131393\",\"foundingDate\":\"2012-06-10\",\"logo\":{\"@type\":\"ImageObject\",\"url\":\"https:\\\/\\\/candas365.es\\\/noticias\\\/wp-content\\\/uploads\\\/2024\\\/09\\\/Candas-365-Redes.jpg\",\"@id\":\"https:\\\/\\\/candas365.es\\\/noticias\\\/alemania-saluda-mayor-claridad-sobre-planes-del-brexit\\\/#organizationLogo\",\"width\":1152,\"height\":864,\"caption\":\"Cand\\u00e1s 365 Redes\"},\"image\":{\"@id\":\"https:\\\/\\\/candas365.es\\\/noticias\\\/alemania-saluda-mayor-claridad-sobre-planes-del-brexit\\\/#organizationLogo\"},\"sameAs\":[\"https:\\\/\\\/www.facebook.com\\\/Nachofdezber\",\"https:\\\/\\\/x.com\\\/NabercoDigital\",\"https:\\\/\\\/www.instagram.com\\\/nachofdezber\\\/\",\"https:\\\/\\\/www.youtube.com\\\/channel\\\/UCZP-2wLEB9Rv6erhFmqVnvg\"],\"address\":{\"@id\":\"https:\\\/\\\/candas365.es\\\/noticias\\\/#postaladdress\",\"@type\":\"PostalAddress\",\"streetAddress\":\"san antonio 4, san antonio 4\",\"postalCode\":\"33430\",\"addressLocality\":\"Cand\\u00e1s\",\"addressRegion\":\"Asturias\",\"addressCountry\":\"ES\"}},{\"@type\":\"Person\",\"@id\":\"https:\\\/\\\/candas365.es\\\/noticias\\\/author\\\/admin\\\/#author\",\"url\":\"https:\\\/\\\/candas365.es\\\/noticias\\\/author\\\/admin\\\/\",\"name\":\"Cand\\u00e1s 365\",\"image\":{\"@type\":\"ImageObject\",\"@id\":\"https:\\\/\\\/candas365.es\\\/noticias\\\/alemania-saluda-mayor-claridad-sobre-planes-del-brexit\\\/#authorImage\",\"url\":\"https:\\\/\\\/secure.gravatar.com\\\/avatar\\\/496a8e03d0c493ede1718b7934145dbdf8d89be1036b0eec9544e1094c9de390?s=96&d=mm&r=g\",\"width\":96,\"height\":96,\"caption\":\"Cand\\u00e1s 365\"},\"sameAs\":[\"https:\\\/\\\/www.facebook.com\\\/carrenoactualidad\",\"https:\\\/\\\/twitter.com\\\/nbasturias\",\"https:\\\/\\\/www.instagram.com\\\/nachofdezber\\\/\",\"https:\\\/\\\/www.youtube.com\\\/channel\\\/UCZP-2wLEB9Rv6erhFmqVnvg\"]},{\"@type\":\"WebPage\",\"@id\":\"https:\\\/\\\/candas365.es\\\/noticias\\\/alemania-saluda-mayor-claridad-sobre-planes-del-brexit\\\/#webpage\",\"url\":\"https:\\\/\\\/candas365.es\\\/noticias\\\/alemania-saluda-mayor-claridad-sobre-planes-del-brexit\\\/\",\"name\":\"Alemania saluda \\u00abmayor claridad\\u00bb sobre planes del \\u00abBrexit\\u00bb | Cand\\u00e1s 365\",\"description\":\"Berl\\u00edn, 17 ene (dpa) - Alemania salud\\u00f3 hoy que la primera ministra brit\\u00e1nica, Theresa May, haya aportado claridad sobre los planes de su pa\\u00eds para salir de la Uni\\u00f3n Europea (UE), al tiempo que manifest\\u00f3 su deseo de que se celebren negociaciones constructivas sobre el \\\"Brexit\\\". El Gobierno saluda que May haya aportado \\\"finalmente un\",\"inLanguage\":\"es-ES\",\"isPartOf\":{\"@id\":\"https:\\\/\\\/candas365.es\\\/noticias\\\/#website\"},\"breadcrumb\":{\"@id\":\"https:\\\/\\\/candas365.es\\\/noticias\\\/alemania-saluda-mayor-claridad-sobre-planes-del-brexit\\\/#breadcrumblist\"},\"author\":{\"@id\":\"https:\\\/\\\/candas365.es\\\/noticias\\\/author\\\/admin\\\/#author\"},\"creator\":{\"@id\":\"https:\\\/\\\/candas365.es\\\/noticias\\\/author\\\/admin\\\/#author\"},\"image\":{\"@type\":\"ImageObject\",\"url\":\"https:\\\/\\\/candas365.es\\\/noticias\\\/wp-content\\\/uploads\\\/2015\\\/09\\\/c365noticias.jpg\",\"@id\":\"https:\\\/\\\/candas365.es\\\/noticias\\\/alemania-saluda-mayor-claridad-sobre-planes-del-brexit\\\/#mainImage\",\"width\":655,\"height\":360},\"primaryImageOfPage\":{\"@id\":\"https:\\\/\\\/candas365.es\\\/noticias\\\/alemania-saluda-mayor-claridad-sobre-planes-del-brexit\\\/#mainImage\"},\"datePublished\":\"2017-01-17T22:21:18+01:00\",\"dateModified\":\"2017-01-17T22:21:18+01:00\"},{\"@type\":\"WebSite\",\"@id\":\"https:\\\/\\\/candas365.es\\\/noticias\\\/#website\",\"url\":\"https:\\\/\\\/candas365.es\\\/noticias\\\/\",\"name\":\"Cand\\u00e1s 365\",\"alternateName\":\"Cand\\u00e1s 365 Noticias\",\"description\":\"Actualidad desde Carre\\u00f1o para el mundo\",\"inLanguage\":\"es-ES\",\"publisher\":{\"@id\":\"https:\\\/\\\/candas365.es\\\/noticias\\\/#organization\"}}]}\n\t\t<\/script>\n\t\t<!-- All in One SEO Pro -->\r\n\t\t<title>Alemania saluda \u00abmayor claridad\u00bb sobre planes del \u00abBrexit\u00bb | Cand\u00e1s 365<\/title>\n\n","aioseo_head_json":{"title":"Alemania saluda \u00abmayor claridad\u00bb sobre planes del \u00abBrexit\u00bb | Cand\u00e1s 365","description":"Berl\u00edn, 17 ene (dpa) - Alemania salud\u00f3 hoy que la primera ministra brit\u00e1nica, Theresa May, haya aportado claridad sobre los planes de su pa\u00eds para salir de la Uni\u00f3n Europea (UE), al tiempo que manifest\u00f3 su deseo de que se celebren negociaciones constructivas sobre el \"Brexit\". El Gobierno saluda que May haya aportado \"finalmente un","canonical_url":"https:\/\/candas365.es\/noticias\/alemania-saluda-mayor-claridad-sobre-planes-del-brexit\/","robots":"max-image-preview:large","keywords":"actualidad","webmasterTools":{"google-site-verification":"UA-32230408-1","msvalidate.01":"354F3CDFB2DA171B47FBE9ABF1F88D5","miscellaneous":""},"schema":{"@context":"https:\/\/schema.org","@graph":[{"@type":"BreadcrumbList","@id":"https:\/\/candas365.es\/noticias\/alemania-saluda-mayor-claridad-sobre-planes-del-brexit\/#breadcrumblist","itemListElement":[{"@type":"ListItem","@id":"https:\/\/candas365.es\/noticias#listItem","position":1,"name":"Home","item":"https:\/\/candas365.es\/noticias","nextItem":{"@type":"ListItem","@id":"https:\/\/candas365.es\/noticias\/category\/actualidad\/#listItem","name":"Actualidad"}},{"@type":"ListItem","@id":"https:\/\/candas365.es\/noticias\/category\/actualidad\/#listItem","position":2,"name":"Actualidad","item":"https:\/\/candas365.es\/noticias\/category\/actualidad\/","nextItem":{"@type":"ListItem","@id":"https:\/\/candas365.es\/noticias\/alemania-saluda-mayor-claridad-sobre-planes-del-brexit\/#listItem","name":"Alemania saluda \u00abmayor claridad\u00bb sobre planes del \u00abBrexit\u00bb"},"previousItem":{"@type":"ListItem","@id":"https:\/\/candas365.es\/noticias#listItem","name":"Home"}},{"@type":"ListItem","@id":"https:\/\/candas365.es\/noticias\/alemania-saluda-mayor-claridad-sobre-planes-del-brexit\/#listItem","position":3,"name":"Alemania saluda \u00abmayor claridad\u00bb sobre planes del \u00abBrexit\u00bb","previousItem":{"@type":"ListItem","@id":"https:\/\/candas365.es\/noticias\/category\/actualidad\/#listItem","name":"Actualidad"}}]},{"@type":"NewsArticle","@id":"https:\/\/candas365.es\/noticias\/alemania-saluda-mayor-claridad-sobre-planes-del-brexit\/#newsarticle","name":"Alemania saluda \u00abmayor claridad\u00bb sobre planes del \u00abBrexit\u00bb | Cand\u00e1s 365","headline":"Alemania saluda \u00abmayor claridad\u00bb sobre planes del \u00abBrexit\u00bb","author":{"@id":"https:\/\/candas365.es\/noticias\/author\/admin\/#author"},"publisher":{"@id":"https:\/\/candas365.es\/noticias\/#organization"},"image":{"@type":"ImageObject","url":"https:\/\/candas365.es\/noticias\/wp-content\/uploads\/2015\/09\/c365noticias.jpg","width":655,"height":360},"datePublished":"2017-01-17T22:21:18+01:00","dateModified":"2017-01-17T22:21:18+01:00","inLanguage":"es-ES","mainEntityOfPage":{"@id":"https:\/\/candas365.es\/noticias\/alemania-saluda-mayor-claridad-sobre-planes-del-brexit\/#webpage"},"isPartOf":{"@id":"https:\/\/candas365.es\/noticias\/alemania-saluda-mayor-claridad-sobre-planes-del-brexit\/#webpage"},"articleSection":"Actualidad","dateline":"Publicado el enero 17, 2017."},{"@type":"Organization","@id":"https:\/\/candas365.es\/noticias\/#organization","name":"Cand\u00e1s 365","description":"Cand\u00e1s 365 es un diario digital independiente, fundado en 2012, con base en Asturias. Informamos con rigor sobre actualidad, sociedad, cultura y ocio, con una mirada local y global.","url":"https:\/\/candas365.es\/noticias\/","email":"info@candas365.es","telephone":"+34652131393","foundingDate":"2012-06-10","logo":{"@type":"ImageObject","url":"https:\/\/candas365.es\/noticias\/wp-content\/uploads\/2024\/09\/Candas-365-Redes.jpg","@id":"https:\/\/candas365.es\/noticias\/alemania-saluda-mayor-claridad-sobre-planes-del-brexit\/#organizationLogo","width":1152,"height":864,"caption":"Cand\u00e1s 365 Redes"},"image":{"@id":"https:\/\/candas365.es\/noticias\/alemania-saluda-mayor-claridad-sobre-planes-del-brexit\/#organizationLogo"},"sameAs":["https:\/\/www.facebook.com\/Nachofdezber","https:\/\/x.com\/NabercoDigital","https:\/\/www.instagram.com\/nachofdezber\/","https:\/\/www.youtube.com\/channel\/UCZP-2wLEB9Rv6erhFmqVnvg"],"address":{"@id":"https:\/\/candas365.es\/noticias\/#postaladdress","@type":"PostalAddress","streetAddress":"san antonio 4, san antonio 4","postalCode":"33430","addressLocality":"Cand\u00e1s","addressRegion":"Asturias","addressCountry":"ES"}},{"@type":"Person","@id":"https:\/\/candas365.es\/noticias\/author\/admin\/#author","url":"https:\/\/candas365.es\/noticias\/author\/admin\/","name":"Cand\u00e1s 365","image":{"@type":"ImageObject","@id":"https:\/\/candas365.es\/noticias\/alemania-saluda-mayor-claridad-sobre-planes-del-brexit\/#authorImage","url":"https:\/\/secure.gravatar.com\/avatar\/496a8e03d0c493ede1718b7934145dbdf8d89be1036b0eec9544e1094c9de390?s=96&d=mm&r=g","width":96,"height":96,"caption":"Cand\u00e1s 365"},"sameAs":["https:\/\/www.facebook.com\/carrenoactualidad","https:\/\/twitter.com\/nbasturias","https:\/\/www.instagram.com\/nachofdezber\/","https:\/\/www.youtube.com\/channel\/UCZP-2wLEB9Rv6erhFmqVnvg"]},{"@type":"WebPage","@id":"https:\/\/candas365.es\/noticias\/alemania-saluda-mayor-claridad-sobre-planes-del-brexit\/#webpage","url":"https:\/\/candas365.es\/noticias\/alemania-saluda-mayor-claridad-sobre-planes-del-brexit\/","name":"Alemania saluda \u00abmayor claridad\u00bb sobre planes del \u00abBrexit\u00bb | Cand\u00e1s 365","description":"Berl\u00edn, 17 ene (dpa) - Alemania salud\u00f3 hoy que la primera ministra brit\u00e1nica, Theresa May, haya aportado claridad sobre los planes de su pa\u00eds para salir de la Uni\u00f3n Europea (UE), al tiempo que manifest\u00f3 su deseo de que se celebren negociaciones constructivas sobre el \"Brexit\". El Gobierno saluda que May haya aportado \"finalmente un","inLanguage":"es-ES","isPartOf":{"@id":"https:\/\/candas365.es\/noticias\/#website"},"breadcrumb":{"@id":"https:\/\/candas365.es\/noticias\/alemania-saluda-mayor-claridad-sobre-planes-del-brexit\/#breadcrumblist"},"author":{"@id":"https:\/\/candas365.es\/noticias\/author\/admin\/#author"},"creator":{"@id":"https:\/\/candas365.es\/noticias\/author\/admin\/#author"},"image":{"@type":"ImageObject","url":"https:\/\/candas365.es\/noticias\/wp-content\/uploads\/2015\/09\/c365noticias.jpg","@id":"https:\/\/candas365.es\/noticias\/alemania-saluda-mayor-claridad-sobre-planes-del-brexit\/#mainImage","width":655,"height":360},"primaryImageOfPage":{"@id":"https:\/\/candas365.es\/noticias\/alemania-saluda-mayor-claridad-sobre-planes-del-brexit\/#mainImage"},"datePublished":"2017-01-17T22:21:18+01:00","dateModified":"2017-01-17T22:21:18+01:00"},{"@type":"WebSite","@id":"https:\/\/candas365.es\/noticias\/#website","url":"https:\/\/candas365.es\/noticias\/","name":"Cand\u00e1s 365","alternateName":"Cand\u00e1s 365 Noticias","description":"Actualidad desde Carre\u00f1o para el mundo","inLanguage":"es-ES","publisher":{"@id":"https:\/\/candas365.es\/noticias\/#organization"}}]},"og:locale":"es_ES","og:site_name":"Cand\u00e1s 365","og:type":"article","og:title":"Alemania saluda \u00abmayor claridad\u00bb sobre planes del \u00abBrexit\u00bb | Cand\u00e1s 365","og:description":"Berl\u00edn, 17 ene (dpa) - Alemania salud\u00f3 hoy que la primera ministra brit\u00e1nica, Theresa May, haya aportado claridad sobre los planes de su pa\u00eds para salir de la Uni\u00f3n Europea (UE), al tiempo que manifest\u00f3 su deseo de que se celebren negociaciones constructivas sobre el &quot;Brexit&quot;. El Gobierno saluda que May haya aportado &quot;finalmente un","og:url":"https:\/\/candas365.es\/noticias\/alemania-saluda-mayor-claridad-sobre-planes-del-brexit\/","og:image":"https:\/\/candas365.es\/noticias\/wp-content\/uploads\/2015\/09\/c365noticias.jpg","og:image:secure_url":"https:\/\/candas365.es\/noticias\/wp-content\/uploads\/2015\/09\/c365noticias.jpg","og:image:width":655,"og:image:height":360,"article:published_time":"2017-01-17T22:21:18+00:00","article:modified_time":"2017-01-17T22:21:18+00:00","article:publisher":"https:\/\/www.facebook.com\/Nachofdezber","article:author":"https:\/\/www.facebook.com\/carrenoactualidad","twitter:card":"summary_large_image","twitter:site":"@NabercoDigital","twitter:title":"Alemania saluda \u00abmayor claridad\u00bb sobre planes del \u00abBrexit\u00bb | Cand\u00e1s 365","twitter:description":"Berl\u00edn, 17 ene (dpa) - Alemania salud\u00f3 hoy que la primera ministra brit\u00e1nica, Theresa May, haya aportado claridad sobre los planes de su pa\u00eds para salir de la Uni\u00f3n Europea (UE), al tiempo que manifest\u00f3 su deseo de que se celebren negociaciones constructivas sobre el &quot;Brexit&quot;. El Gobierno saluda que May haya aportado &quot;finalmente un","twitter:creator":"@nbasturias","twitter:image":"https:\/\/candas365.es\/noticias\/wp-content\/uploads\/2015\/09\/c365noticias.jpg","twitter:label1":"Escrito por","twitter:data1":"Cand\u00e1s 365","twitter:label2":"Tiempo de lectura estimado","twitter:data2":"1 minuto"},"aioseo_meta_data":{"post_id":"40783","title":null,"description":null,"keywords":null,"keyphrases":null,"primary_term":null,"canonical_url":null,"og_title":null,"og_description":null,"og_object_type":"default","og_image_type":"default","og_image_url":null,"og_image_width":null,"og_image_height":null,"og_image_custom_url":null,"og_image_custom_fields":null,"og_video":null,"og_custom_url":null,"og_article_section":null,"og_article_tags":null,"twitter_use_og":false,"twitter_card":"default","twitter_image_type":"default","twitter_image_url":null,"twitter_image_custom_url":null,"twitter_image_custom_fields":null,"twitter_title":null,"twitter_description":null,"schema":{"blockGraphs":[],"customGraphs":[],"default":{"data":{"Article":[],"Course":[],"Dataset":[],"FAQPage":[],"Movie":[],"Person":[],"Product":[],"ProductReview":[],"Car":[],"Recipe":[],"Service":[],"SoftwareApplication":[],"WebPage":[]},"graphName":"","isEnabled":true},"graphs":[]},"schema_type":null,"schema_type_options":null,"pillar_content":false,"robots_default":true,"robots_noindex":false,"robots_noarchive":false,"robots_nosnippet":false,"robots_nofollow":false,"robots_noimageindex":false,"robots_noodp":false,"robots_notranslate":false,"robots_max_snippet":null,"robots_max_videopreview":null,"robots_max_imagepreview":"large","priority":null,"frequency":null,"location":null,"local_seo":null,"seo_analyzer_scan_date":"2025-08-25 03:21:11","breadcrumb_settings":null,"limit_modified_date":false,"reviewed_by":null,"open_ai":null,"ai":null,"created":"2020-12-21 13:06:35","updated":"2025-08-25 03:21:11"},"aioseo_breadcrumb":"<div class=\"aioseo-breadcrumbs\"><span class=\"aioseo-breadcrumb\">\n\t<a href=\"https:\/\/candas365.es\/noticias\" title=\"Home\">Home<\/a>\n<\/span><span class=\"aioseo-breadcrumb-separator\">&ndash;<\/span><span class=\"aioseo-breadcrumb\">\n\t<a href=\"https:\/\/candas365.es\/noticias\/category\/actualidad\/\" title=\"Actualidad\">Actualidad<\/a>\n<\/span><span class=\"aioseo-breadcrumb-separator\">&ndash;<\/span><span class=\"aioseo-breadcrumb\">\n\tAlemania saluda \u00abmayor claridad\u00bb sobre planes del \u00abBrexit\u00bb\n<\/span><\/div>","aioseo_breadcrumb_json":[{"label":"Home","link":"https:\/\/candas365.es\/noticias"},{"label":"Actualidad","link":"https:\/\/candas365.es\/noticias\/category\/actualidad\/"},{"label":"Alemania saluda \u00abmayor claridad\u00bb sobre planes del \u00abBrexit\u00bb","link":"https:\/\/candas365.es\/noticias\/alemania-saluda-mayor-claridad-sobre-planes-del-brexit\/"}],"_links":{"self":[{"href":"https:\/\/candas365.es\/noticias\/wp-json\/wp\/v2\/posts\/40783","targetHints":{"allow":["GET"]}}],"collection":[{"href":"https:\/\/candas365.es\/noticias\/wp-json\/wp\/v2\/posts"}],"about":[{"href":"https:\/\/candas365.es\/noticias\/wp-json\/wp\/v2\/types\/post"}],"author":[{"embeddable":true,"href":"https:\/\/candas365.es\/noticias\/wp-json\/wp\/v2\/users\/1"}],"replies":[{"embeddable":true,"href":"https:\/\/candas365.es\/noticias\/wp-json\/wp\/v2\/comments?post=40783"}],"version-history":[{"count":0,"href":"https:\/\/candas365.es\/noticias\/wp-json\/wp\/v2\/posts\/40783\/revisions"}],"wp:featuredmedia":[{"embeddable":true,"href":"https:\/\/candas365.es\/noticias\/wp-json\/wp\/v2\/media\/16457"}],"wp:attachment":[{"href":"https:\/\/candas365.es\/noticias\/wp-json\/wp\/v2\/media?parent=40783"}],"wp:term":[{"taxonomy":"category","embeddable":true,"href":"https:\/\/candas365.es\/noticias\/wp-json\/wp\/v2\/categories?post=40783"},{"taxonomy":"post_tag","embeddable":true,"href":"https:\/\/candas365.es\/noticias\/wp-json\/wp\/v2\/tags?post=40783"}],"curies":[{"name":"wp","href":"https:\/\/api.w.org\/{rel}","templated":true}]}}