{"id":40570,"date":"2017-01-15T21:10:17","date_gmt":"2017-01-15T21:10:17","guid":{"rendered":"http:\/\/candas365.es\/noticias\/?p=40570"},"modified":"2017-01-15T21:10:17","modified_gmt":"2017-01-15T21:10:17","slug":"diputada-de-la-cdu-de-merkel-dimite-en-rechazo-a-su-politica","status":"publish","type":"post","link":"https:\/\/candas365.es\/noticias\/diputada-de-la-cdu-de-merkel-dimite-en-rechazo-a-su-politica\/","title":{"rendered":"Diputada de la CDU de Merkel dimite en rechazo a su pol\u00edtica"},"content":{"rendered":"<p>Berl\u00edn, 15 ene (dpa) &#8211; La diputada conservadora Erika Steinbach uni\u00f3 su decisi\u00f3n de dejar el partido de la canciller Angela Merkel, la Uni\u00f3n Cristianodem\u00f3crata (CDU), con duras cr\u00edticas a la mandataria, a quien acusa de haber da\u00f1ado el pa\u00eds, en un escrito de cinco p\u00e1ginas emitido hoy a la prensa.<\/p>\n<p>\u00abMerkel ha da\u00f1ado de manera masiva tanto a la CDU como a Alemania con sus decisiones aisladas en \u00e1mbitos pol\u00edticos fundamentales\u00bb, escribi\u00f3 la que fuera miembro del partido desde hace m\u00e1s de cuarenta a\u00f1os y portavoz de derechos humanos del grupo parlamentario conservador.<\/p>\n<p>Steinbach, cuyo anuncio de dejar el partido fue adelantado el s\u00e1bado por el diario alem\u00e1n \u00abDie Welt\u00bb, critic\u00f3 a Merkel por decidir en caso necesario \u00abignorando tambi\u00e9n el derecho y las leyes\u00bb y apunt\u00f3 que no es ponderable la dimensi\u00f3n de los da\u00f1os econ\u00f3micos o culturales que esto ha causado al pa\u00eds.<\/p>\n<p>Como ejemplo, Steinbach nombra la sorprendente decisi\u00f3n de Merkel de poner fin a la energ\u00eda nuclear, el paquete millonario para salvar el euro, as\u00ed como la pol\u00edtica de refugiados.<\/p>\n<p>\u00abMerkel decidi\u00f3 ella sola no s\u00f3lo permitir entrar a Alemania sin control ni an\u00e1lisis a m\u00e1s de un mill\u00f3n de inmigrantes durante meses, sino tambi\u00e9n transportarlos hasta aqu\u00ed con autobuses y trenes, a pesar de que muchos de ellos proced\u00edan de pa\u00edses de origen seguros y pr\u00e1cticamente todos hab\u00edan llegado a trav\u00e9s de otro pa\u00eds de la Uni\u00f3n Europea (UE), lo que significaba que de acuerdo con el derecho europeo (Acuerdo de Dubl\u00edn) deb\u00edan ser devueltos a esos pa\u00edses\u00bb, escribi\u00f3 la pol\u00edtica. Todo esto lo hizo contraviniendo el derecho vigente, apunt\u00f3.<\/p>\n<p>\u00abHasta el d\u00eda de hoy seguimos sin saber qui\u00e9n lleg\u00f3 exactamente a nuestro pa\u00eds con esta corriente\u00bb, indic\u00f3. \u00abCon los inmigrantes llegaron tambi\u00e9n terroristas, como se ha demostrado\u00bb, agreg\u00f3.<\/p>\n<p>\u00abAnte este contexto fue m\u00e1s que sorprendente, en el fondo incluso descarado\u00bb, que la canciller vinculara la cooperaci\u00f3n con el futuro presidente de Estados Unidos Donald Trump al respeto de la ley en su mensaje de felicitaci\u00f3n tras las elecciones. Una exigencia que ella misma incumple \u00abde forma reiterada y escandalosa\u00bb, critic\u00f3 Steinbach.<\/p>\n","protected":false},"excerpt":{"rendered":"<p>Berl\u00edn, 15 ene (dpa) &#8211; La diputada conservadora Erika Steinbach uni\u00f3 su decisi\u00f3n de dejar el partido de la canciller Angela Merkel, la Uni\u00f3n Cristianodem\u00f3crata (CDU), con duras cr\u00edticas a la mandataria, a quien acusa de haber da\u00f1ado el pa\u00eds, en un escrito de cinco p\u00e1ginas emitido hoy a la prensa. \u00abMerkel ha da\u00f1ado de<\/p>\n","protected":false},"author":1,"featured_media":16457,"comment_status":"closed","ping_status":"closed","sticky":false,"template":"","format":"standard","meta":{"footnotes":""},"categories":[343],"tags":[],"class_list":{"0":"post-40570","1":"post","2":"type-post","3":"status-publish","4":"format-standard","5":"has-post-thumbnail","7":"category-actualidad"},"aioseo_notices":[],"aioseo_head":"\n\t\t<!-- All in One SEO Pro 4.9.6.2 - aioseo.com -->\n\t<meta name=\"description\" content=\"Berl\u00edn, 15 ene (dpa) - La diputada conservadora Erika Steinbach uni\u00f3 su decisi\u00f3n de dejar el partido de la canciller Angela Merkel, la Uni\u00f3n Cristianodem\u00f3crata (CDU), con duras cr\u00edticas a la mandataria, a quien acusa de haber da\u00f1ado el pa\u00eds, en un escrito de cinco p\u00e1ginas emitido hoy a la prensa. &quot;Merkel ha da\u00f1ado de\" \/>\n\t<meta name=\"robots\" content=\"max-image-preview:large\" \/>\n\t<meta name=\"author\" content=\"Cand\u00e1s 365\"\/>\n\t<meta name=\"google-site-verification\" content=\"UA-32230408-1\" \/>\n\t<meta name=\"msvalidate.01\" content=\"354F3CDFB2DA171B47FBE9ABF1F88D5\" \/>\n\t<meta name=\"keywords\" content=\"actualidad\" \/>\n\t<link rel=\"canonical\" href=\"https:\/\/candas365.es\/noticias\/diputada-de-la-cdu-de-merkel-dimite-en-rechazo-a-su-politica\/\" \/>\n\t<meta name=\"generator\" content=\"All in One SEO Pro (AIOSEO) 4.9.6.2\" \/>\n\t\t<meta property=\"og:locale\" content=\"es_ES\" \/>\n\t\t<meta property=\"og:site_name\" content=\"Cand\u00e1s 365\" \/>\n\t\t<meta property=\"og:type\" content=\"article\" \/>\n\t\t<meta property=\"og:title\" content=\"Diputada de la CDU de Merkel dimite en rechazo a su pol\u00edtica | Cand\u00e1s 365\" \/>\n\t\t<meta property=\"og:description\" content=\"Berl\u00edn, 15 ene (dpa) - La diputada conservadora Erika Steinbach uni\u00f3 su decisi\u00f3n de dejar el partido de la canciller Angela Merkel, la Uni\u00f3n Cristianodem\u00f3crata (CDU), con duras cr\u00edticas a la mandataria, a quien acusa de haber da\u00f1ado el pa\u00eds, en un escrito de cinco p\u00e1ginas emitido hoy a la prensa. &quot;Merkel ha da\u00f1ado de\" \/>\n\t\t<meta property=\"og:url\" content=\"https:\/\/candas365.es\/noticias\/diputada-de-la-cdu-de-merkel-dimite-en-rechazo-a-su-politica\/\" \/>\n\t\t<meta property=\"og:image\" content=\"https:\/\/candas365.es\/noticias\/wp-content\/uploads\/2015\/09\/c365noticias.jpg\" \/>\n\t\t<meta property=\"og:image:secure_url\" content=\"https:\/\/candas365.es\/noticias\/wp-content\/uploads\/2015\/09\/c365noticias.jpg\" \/>\n\t\t<meta property=\"og:image:width\" content=\"655\" \/>\n\t\t<meta property=\"og:image:height\" content=\"360\" \/>\n\t\t<meta property=\"article:published_time\" content=\"2017-01-15T21:10:17+00:00\" \/>\n\t\t<meta property=\"article:modified_time\" content=\"2017-01-15T21:10:17+00:00\" \/>\n\t\t<meta property=\"article:publisher\" content=\"https:\/\/www.facebook.com\/Nachofdezber\" \/>\n\t\t<meta property=\"article:author\" content=\"https:\/\/www.facebook.com\/carrenoactualidad\" \/>\n\t\t<meta name=\"twitter:card\" content=\"summary_large_image\" \/>\n\t\t<meta name=\"twitter:site\" content=\"@NabercoDigital\" \/>\n\t\t<meta name=\"twitter:title\" content=\"Diputada de la CDU de Merkel dimite en rechazo a su pol\u00edtica | Cand\u00e1s 365\" \/>\n\t\t<meta name=\"twitter:description\" content=\"Berl\u00edn, 15 ene (dpa) - La diputada conservadora Erika Steinbach uni\u00f3 su decisi\u00f3n de dejar el partido de la canciller Angela Merkel, la Uni\u00f3n Cristianodem\u00f3crata (CDU), con duras cr\u00edticas a la mandataria, a quien acusa de haber da\u00f1ado el pa\u00eds, en un escrito de cinco p\u00e1ginas emitido hoy a la prensa. &quot;Merkel ha da\u00f1ado de\" \/>\n\t\t<meta name=\"twitter:creator\" content=\"@nbasturias\" \/>\n\t\t<meta name=\"twitter:image\" content=\"https:\/\/candas365.es\/noticias\/wp-content\/uploads\/2015\/09\/c365noticias.jpg\" \/>\n\t\t<meta name=\"twitter:label1\" content=\"Escrito por\" \/>\n\t\t<meta name=\"twitter:data1\" content=\"Cand\u00e1s 365\" \/>\n\t\t<meta name=\"twitter:label2\" content=\"Tiempo de lectura estimado\" \/>\n\t\t<meta name=\"twitter:data2\" content=\"2 minutos\" \/>\n\t\t<script type=\"application\/ld+json\" class=\"aioseo-schema\">\n\t\t\t{\"@context\":\"https:\\\/\\\/schema.org\",\"@graph\":[{\"@type\":\"BreadcrumbList\",\"@id\":\"https:\\\/\\\/candas365.es\\\/noticias\\\/diputada-de-la-cdu-de-merkel-dimite-en-rechazo-a-su-politica\\\/#breadcrumblist\",\"itemListElement\":[{\"@type\":\"ListItem\",\"@id\":\"https:\\\/\\\/candas365.es\\\/noticias#listItem\",\"position\":1,\"name\":\"Home\",\"item\":\"https:\\\/\\\/candas365.es\\\/noticias\",\"nextItem\":{\"@type\":\"ListItem\",\"@id\":\"https:\\\/\\\/candas365.es\\\/noticias\\\/category\\\/actualidad\\\/#listItem\",\"name\":\"Actualidad\"}},{\"@type\":\"ListItem\",\"@id\":\"https:\\\/\\\/candas365.es\\\/noticias\\\/category\\\/actualidad\\\/#listItem\",\"position\":2,\"name\":\"Actualidad\",\"item\":\"https:\\\/\\\/candas365.es\\\/noticias\\\/category\\\/actualidad\\\/\",\"nextItem\":{\"@type\":\"ListItem\",\"@id\":\"https:\\\/\\\/candas365.es\\\/noticias\\\/diputada-de-la-cdu-de-merkel-dimite-en-rechazo-a-su-politica\\\/#listItem\",\"name\":\"Diputada de la CDU de Merkel dimite en rechazo a su pol\\u00edtica\"},\"previousItem\":{\"@type\":\"ListItem\",\"@id\":\"https:\\\/\\\/candas365.es\\\/noticias#listItem\",\"name\":\"Home\"}},{\"@type\":\"ListItem\",\"@id\":\"https:\\\/\\\/candas365.es\\\/noticias\\\/diputada-de-la-cdu-de-merkel-dimite-en-rechazo-a-su-politica\\\/#listItem\",\"position\":3,\"name\":\"Diputada de la CDU de Merkel dimite en rechazo a su pol\\u00edtica\",\"previousItem\":{\"@type\":\"ListItem\",\"@id\":\"https:\\\/\\\/candas365.es\\\/noticias\\\/category\\\/actualidad\\\/#listItem\",\"name\":\"Actualidad\"}}]},{\"@type\":\"NewsArticle\",\"@id\":\"https:\\\/\\\/candas365.es\\\/noticias\\\/diputada-de-la-cdu-de-merkel-dimite-en-rechazo-a-su-politica\\\/#newsarticle\",\"name\":\"Diputada de la CDU de Merkel dimite en rechazo a su pol\\u00edtica | Cand\\u00e1s 365\",\"headline\":\"Diputada de la CDU de Merkel dimite en rechazo a su pol\\u00edtica\",\"author\":{\"@id\":\"https:\\\/\\\/candas365.es\\\/noticias\\\/author\\\/admin\\\/#author\"},\"publisher\":{\"@id\":\"https:\\\/\\\/candas365.es\\\/noticias\\\/#organization\"},\"image\":{\"@type\":\"ImageObject\",\"url\":\"https:\\\/\\\/candas365.es\\\/noticias\\\/wp-content\\\/uploads\\\/2015\\\/09\\\/c365noticias.jpg\",\"width\":655,\"height\":360},\"datePublished\":\"2017-01-15T21:10:17+01:00\",\"dateModified\":\"2017-01-15T21:10:17+01:00\",\"inLanguage\":\"es-ES\",\"mainEntityOfPage\":{\"@id\":\"https:\\\/\\\/candas365.es\\\/noticias\\\/diputada-de-la-cdu-de-merkel-dimite-en-rechazo-a-su-politica\\\/#webpage\"},\"isPartOf\":{\"@id\":\"https:\\\/\\\/candas365.es\\\/noticias\\\/diputada-de-la-cdu-de-merkel-dimite-en-rechazo-a-su-politica\\\/#webpage\"},\"articleSection\":\"Actualidad\",\"dateline\":\"Publicado el enero 15, 2017.\"},{\"@type\":\"Organization\",\"@id\":\"https:\\\/\\\/candas365.es\\\/noticias\\\/#organization\",\"name\":\"Cand\\u00e1s 365\",\"description\":\"Cand\\u00e1s 365 es un diario digital independiente, fundado en 2012, con base en Asturias. Informamos con rigor sobre actualidad, sociedad, cultura y ocio, con una mirada local y global.\",\"url\":\"https:\\\/\\\/candas365.es\\\/noticias\\\/\",\"email\":\"info@candas365.es\",\"telephone\":\"+34652131393\",\"foundingDate\":\"2012-06-10\",\"logo\":{\"@type\":\"ImageObject\",\"url\":\"https:\\\/\\\/candas365.es\\\/noticias\\\/wp-content\\\/uploads\\\/2024\\\/09\\\/Candas-365-Redes.jpg\",\"@id\":\"https:\\\/\\\/candas365.es\\\/noticias\\\/diputada-de-la-cdu-de-merkel-dimite-en-rechazo-a-su-politica\\\/#organizationLogo\",\"width\":1152,\"height\":864,\"caption\":\"Cand\\u00e1s 365 Redes\"},\"image\":{\"@id\":\"https:\\\/\\\/candas365.es\\\/noticias\\\/diputada-de-la-cdu-de-merkel-dimite-en-rechazo-a-su-politica\\\/#organizationLogo\"},\"sameAs\":[\"https:\\\/\\\/www.facebook.com\\\/Nachofdezber\",\"https:\\\/\\\/x.com\\\/NabercoDigital\",\"https:\\\/\\\/www.instagram.com\\\/nachofdezber\\\/\",\"https:\\\/\\\/www.youtube.com\\\/channel\\\/UCZP-2wLEB9Rv6erhFmqVnvg\"],\"address\":{\"@id\":\"https:\\\/\\\/candas365.es\\\/noticias\\\/#postaladdress\",\"@type\":\"PostalAddress\",\"streetAddress\":\"san antonio 4, san antonio 4\",\"postalCode\":\"33430\",\"addressLocality\":\"Cand\\u00e1s\",\"addressRegion\":\"Asturias\",\"addressCountry\":\"ES\"}},{\"@type\":\"Person\",\"@id\":\"https:\\\/\\\/candas365.es\\\/noticias\\\/author\\\/admin\\\/#author\",\"url\":\"https:\\\/\\\/candas365.es\\\/noticias\\\/author\\\/admin\\\/\",\"name\":\"Cand\\u00e1s 365\",\"image\":{\"@type\":\"ImageObject\",\"@id\":\"https:\\\/\\\/candas365.es\\\/noticias\\\/diputada-de-la-cdu-de-merkel-dimite-en-rechazo-a-su-politica\\\/#authorImage\",\"url\":\"https:\\\/\\\/secure.gravatar.com\\\/avatar\\\/496a8e03d0c493ede1718b7934145dbdf8d89be1036b0eec9544e1094c9de390?s=96&d=mm&r=g\",\"width\":96,\"height\":96,\"caption\":\"Cand\\u00e1s 365\"},\"sameAs\":[\"https:\\\/\\\/www.facebook.com\\\/carrenoactualidad\",\"https:\\\/\\\/twitter.com\\\/nbasturias\",\"https:\\\/\\\/www.instagram.com\\\/nachofdezber\\\/\",\"https:\\\/\\\/www.youtube.com\\\/channel\\\/UCZP-2wLEB9Rv6erhFmqVnvg\"]},{\"@type\":\"WebPage\",\"@id\":\"https:\\\/\\\/candas365.es\\\/noticias\\\/diputada-de-la-cdu-de-merkel-dimite-en-rechazo-a-su-politica\\\/#webpage\",\"url\":\"https:\\\/\\\/candas365.es\\\/noticias\\\/diputada-de-la-cdu-de-merkel-dimite-en-rechazo-a-su-politica\\\/\",\"name\":\"Diputada de la CDU de Merkel dimite en rechazo a su pol\\u00edtica | Cand\\u00e1s 365\",\"description\":\"Berl\\u00edn, 15 ene (dpa) - La diputada conservadora Erika Steinbach uni\\u00f3 su decisi\\u00f3n de dejar el partido de la canciller Angela Merkel, la Uni\\u00f3n Cristianodem\\u00f3crata (CDU), con duras cr\\u00edticas a la mandataria, a quien acusa de haber da\\u00f1ado el pa\\u00eds, en un escrito de cinco p\\u00e1ginas emitido hoy a la prensa. \\\"Merkel ha da\\u00f1ado de\",\"inLanguage\":\"es-ES\",\"isPartOf\":{\"@id\":\"https:\\\/\\\/candas365.es\\\/noticias\\\/#website\"},\"breadcrumb\":{\"@id\":\"https:\\\/\\\/candas365.es\\\/noticias\\\/diputada-de-la-cdu-de-merkel-dimite-en-rechazo-a-su-politica\\\/#breadcrumblist\"},\"author\":{\"@id\":\"https:\\\/\\\/candas365.es\\\/noticias\\\/author\\\/admin\\\/#author\"},\"creator\":{\"@id\":\"https:\\\/\\\/candas365.es\\\/noticias\\\/author\\\/admin\\\/#author\"},\"image\":{\"@type\":\"ImageObject\",\"url\":\"https:\\\/\\\/candas365.es\\\/noticias\\\/wp-content\\\/uploads\\\/2015\\\/09\\\/c365noticias.jpg\",\"@id\":\"https:\\\/\\\/candas365.es\\\/noticias\\\/diputada-de-la-cdu-de-merkel-dimite-en-rechazo-a-su-politica\\\/#mainImage\",\"width\":655,\"height\":360},\"primaryImageOfPage\":{\"@id\":\"https:\\\/\\\/candas365.es\\\/noticias\\\/diputada-de-la-cdu-de-merkel-dimite-en-rechazo-a-su-politica\\\/#mainImage\"},\"datePublished\":\"2017-01-15T21:10:17+01:00\",\"dateModified\":\"2017-01-15T21:10:17+01:00\"},{\"@type\":\"WebSite\",\"@id\":\"https:\\\/\\\/candas365.es\\\/noticias\\\/#website\",\"url\":\"https:\\\/\\\/candas365.es\\\/noticias\\\/\",\"name\":\"Cand\\u00e1s 365\",\"alternateName\":\"Cand\\u00e1s 365 Noticias\",\"description\":\"Actualidad desde Carre\\u00f1o para el mundo\",\"inLanguage\":\"es-ES\",\"publisher\":{\"@id\":\"https:\\\/\\\/candas365.es\\\/noticias\\\/#organization\"}}]}\n\t\t<\/script>\n\t\t<!-- All in One SEO Pro -->\r\n\t\t<title>Diputada de la CDU de Merkel dimite en rechazo a su pol\u00edtica | Cand\u00e1s 365<\/title>\n\n","aioseo_head_json":{"title":"Diputada de la CDU de Merkel dimite en rechazo a su pol\u00edtica | Cand\u00e1s 365","description":"Berl\u00edn, 15 ene (dpa) - La diputada conservadora Erika Steinbach uni\u00f3 su decisi\u00f3n de dejar el partido de la canciller Angela Merkel, la Uni\u00f3n Cristianodem\u00f3crata (CDU), con duras cr\u00edticas a la mandataria, a quien acusa de haber da\u00f1ado el pa\u00eds, en un escrito de cinco p\u00e1ginas emitido hoy a la prensa. \"Merkel ha da\u00f1ado de","canonical_url":"https:\/\/candas365.es\/noticias\/diputada-de-la-cdu-de-merkel-dimite-en-rechazo-a-su-politica\/","robots":"max-image-preview:large","keywords":"actualidad","webmasterTools":{"google-site-verification":"UA-32230408-1","msvalidate.01":"354F3CDFB2DA171B47FBE9ABF1F88D5","miscellaneous":""},"schema":{"@context":"https:\/\/schema.org","@graph":[{"@type":"BreadcrumbList","@id":"https:\/\/candas365.es\/noticias\/diputada-de-la-cdu-de-merkel-dimite-en-rechazo-a-su-politica\/#breadcrumblist","itemListElement":[{"@type":"ListItem","@id":"https:\/\/candas365.es\/noticias#listItem","position":1,"name":"Home","item":"https:\/\/candas365.es\/noticias","nextItem":{"@type":"ListItem","@id":"https:\/\/candas365.es\/noticias\/category\/actualidad\/#listItem","name":"Actualidad"}},{"@type":"ListItem","@id":"https:\/\/candas365.es\/noticias\/category\/actualidad\/#listItem","position":2,"name":"Actualidad","item":"https:\/\/candas365.es\/noticias\/category\/actualidad\/","nextItem":{"@type":"ListItem","@id":"https:\/\/candas365.es\/noticias\/diputada-de-la-cdu-de-merkel-dimite-en-rechazo-a-su-politica\/#listItem","name":"Diputada de la CDU de Merkel dimite en rechazo a su pol\u00edtica"},"previousItem":{"@type":"ListItem","@id":"https:\/\/candas365.es\/noticias#listItem","name":"Home"}},{"@type":"ListItem","@id":"https:\/\/candas365.es\/noticias\/diputada-de-la-cdu-de-merkel-dimite-en-rechazo-a-su-politica\/#listItem","position":3,"name":"Diputada de la CDU de Merkel dimite en rechazo a su pol\u00edtica","previousItem":{"@type":"ListItem","@id":"https:\/\/candas365.es\/noticias\/category\/actualidad\/#listItem","name":"Actualidad"}}]},{"@type":"NewsArticle","@id":"https:\/\/candas365.es\/noticias\/diputada-de-la-cdu-de-merkel-dimite-en-rechazo-a-su-politica\/#newsarticle","name":"Diputada de la CDU de Merkel dimite en rechazo a su pol\u00edtica | Cand\u00e1s 365","headline":"Diputada de la CDU de Merkel dimite en rechazo a su pol\u00edtica","author":{"@id":"https:\/\/candas365.es\/noticias\/author\/admin\/#author"},"publisher":{"@id":"https:\/\/candas365.es\/noticias\/#organization"},"image":{"@type":"ImageObject","url":"https:\/\/candas365.es\/noticias\/wp-content\/uploads\/2015\/09\/c365noticias.jpg","width":655,"height":360},"datePublished":"2017-01-15T21:10:17+01:00","dateModified":"2017-01-15T21:10:17+01:00","inLanguage":"es-ES","mainEntityOfPage":{"@id":"https:\/\/candas365.es\/noticias\/diputada-de-la-cdu-de-merkel-dimite-en-rechazo-a-su-politica\/#webpage"},"isPartOf":{"@id":"https:\/\/candas365.es\/noticias\/diputada-de-la-cdu-de-merkel-dimite-en-rechazo-a-su-politica\/#webpage"},"articleSection":"Actualidad","dateline":"Publicado el enero 15, 2017."},{"@type":"Organization","@id":"https:\/\/candas365.es\/noticias\/#organization","name":"Cand\u00e1s 365","description":"Cand\u00e1s 365 es un diario digital independiente, fundado en 2012, con base en Asturias. Informamos con rigor sobre actualidad, sociedad, cultura y ocio, con una mirada local y global.","url":"https:\/\/candas365.es\/noticias\/","email":"info@candas365.es","telephone":"+34652131393","foundingDate":"2012-06-10","logo":{"@type":"ImageObject","url":"https:\/\/candas365.es\/noticias\/wp-content\/uploads\/2024\/09\/Candas-365-Redes.jpg","@id":"https:\/\/candas365.es\/noticias\/diputada-de-la-cdu-de-merkel-dimite-en-rechazo-a-su-politica\/#organizationLogo","width":1152,"height":864,"caption":"Cand\u00e1s 365 Redes"},"image":{"@id":"https:\/\/candas365.es\/noticias\/diputada-de-la-cdu-de-merkel-dimite-en-rechazo-a-su-politica\/#organizationLogo"},"sameAs":["https:\/\/www.facebook.com\/Nachofdezber","https:\/\/x.com\/NabercoDigital","https:\/\/www.instagram.com\/nachofdezber\/","https:\/\/www.youtube.com\/channel\/UCZP-2wLEB9Rv6erhFmqVnvg"],"address":{"@id":"https:\/\/candas365.es\/noticias\/#postaladdress","@type":"PostalAddress","streetAddress":"san antonio 4, san antonio 4","postalCode":"33430","addressLocality":"Cand\u00e1s","addressRegion":"Asturias","addressCountry":"ES"}},{"@type":"Person","@id":"https:\/\/candas365.es\/noticias\/author\/admin\/#author","url":"https:\/\/candas365.es\/noticias\/author\/admin\/","name":"Cand\u00e1s 365","image":{"@type":"ImageObject","@id":"https:\/\/candas365.es\/noticias\/diputada-de-la-cdu-de-merkel-dimite-en-rechazo-a-su-politica\/#authorImage","url":"https:\/\/secure.gravatar.com\/avatar\/496a8e03d0c493ede1718b7934145dbdf8d89be1036b0eec9544e1094c9de390?s=96&d=mm&r=g","width":96,"height":96,"caption":"Cand\u00e1s 365"},"sameAs":["https:\/\/www.facebook.com\/carrenoactualidad","https:\/\/twitter.com\/nbasturias","https:\/\/www.instagram.com\/nachofdezber\/","https:\/\/www.youtube.com\/channel\/UCZP-2wLEB9Rv6erhFmqVnvg"]},{"@type":"WebPage","@id":"https:\/\/candas365.es\/noticias\/diputada-de-la-cdu-de-merkel-dimite-en-rechazo-a-su-politica\/#webpage","url":"https:\/\/candas365.es\/noticias\/diputada-de-la-cdu-de-merkel-dimite-en-rechazo-a-su-politica\/","name":"Diputada de la CDU de Merkel dimite en rechazo a su pol\u00edtica | Cand\u00e1s 365","description":"Berl\u00edn, 15 ene (dpa) - La diputada conservadora Erika Steinbach uni\u00f3 su decisi\u00f3n de dejar el partido de la canciller Angela Merkel, la Uni\u00f3n Cristianodem\u00f3crata (CDU), con duras cr\u00edticas a la mandataria, a quien acusa de haber da\u00f1ado el pa\u00eds, en un escrito de cinco p\u00e1ginas emitido hoy a la prensa. \"Merkel ha da\u00f1ado de","inLanguage":"es-ES","isPartOf":{"@id":"https:\/\/candas365.es\/noticias\/#website"},"breadcrumb":{"@id":"https:\/\/candas365.es\/noticias\/diputada-de-la-cdu-de-merkel-dimite-en-rechazo-a-su-politica\/#breadcrumblist"},"author":{"@id":"https:\/\/candas365.es\/noticias\/author\/admin\/#author"},"creator":{"@id":"https:\/\/candas365.es\/noticias\/author\/admin\/#author"},"image":{"@type":"ImageObject","url":"https:\/\/candas365.es\/noticias\/wp-content\/uploads\/2015\/09\/c365noticias.jpg","@id":"https:\/\/candas365.es\/noticias\/diputada-de-la-cdu-de-merkel-dimite-en-rechazo-a-su-politica\/#mainImage","width":655,"height":360},"primaryImageOfPage":{"@id":"https:\/\/candas365.es\/noticias\/diputada-de-la-cdu-de-merkel-dimite-en-rechazo-a-su-politica\/#mainImage"},"datePublished":"2017-01-15T21:10:17+01:00","dateModified":"2017-01-15T21:10:17+01:00"},{"@type":"WebSite","@id":"https:\/\/candas365.es\/noticias\/#website","url":"https:\/\/candas365.es\/noticias\/","name":"Cand\u00e1s 365","alternateName":"Cand\u00e1s 365 Noticias","description":"Actualidad desde Carre\u00f1o para el mundo","inLanguage":"es-ES","publisher":{"@id":"https:\/\/candas365.es\/noticias\/#organization"}}]},"og:locale":"es_ES","og:site_name":"Cand\u00e1s 365","og:type":"article","og:title":"Diputada de la CDU de Merkel dimite en rechazo a su pol\u00edtica | Cand\u00e1s 365","og:description":"Berl\u00edn, 15 ene (dpa) - La diputada conservadora Erika Steinbach uni\u00f3 su decisi\u00f3n de dejar el partido de la canciller Angela Merkel, la Uni\u00f3n Cristianodem\u00f3crata (CDU), con duras cr\u00edticas a la mandataria, a quien acusa de haber da\u00f1ado el pa\u00eds, en un escrito de cinco p\u00e1ginas emitido hoy a la prensa. &quot;Merkel ha da\u00f1ado de","og:url":"https:\/\/candas365.es\/noticias\/diputada-de-la-cdu-de-merkel-dimite-en-rechazo-a-su-politica\/","og:image":"https:\/\/candas365.es\/noticias\/wp-content\/uploads\/2015\/09\/c365noticias.jpg","og:image:secure_url":"https:\/\/candas365.es\/noticias\/wp-content\/uploads\/2015\/09\/c365noticias.jpg","og:image:width":655,"og:image:height":360,"article:published_time":"2017-01-15T21:10:17+00:00","article:modified_time":"2017-01-15T21:10:17+00:00","article:publisher":"https:\/\/www.facebook.com\/Nachofdezber","article:author":"https:\/\/www.facebook.com\/carrenoactualidad","twitter:card":"summary_large_image","twitter:site":"@NabercoDigital","twitter:title":"Diputada de la CDU de Merkel dimite en rechazo a su pol\u00edtica | Cand\u00e1s 365","twitter:description":"Berl\u00edn, 15 ene (dpa) - La diputada conservadora Erika Steinbach uni\u00f3 su decisi\u00f3n de dejar el partido de la canciller Angela Merkel, la Uni\u00f3n Cristianodem\u00f3crata (CDU), con duras cr\u00edticas a la mandataria, a quien acusa de haber da\u00f1ado el pa\u00eds, en un escrito de cinco p\u00e1ginas emitido hoy a la prensa. &quot;Merkel ha da\u00f1ado de","twitter:creator":"@nbasturias","twitter:image":"https:\/\/candas365.es\/noticias\/wp-content\/uploads\/2015\/09\/c365noticias.jpg","twitter:label1":"Escrito por","twitter:data1":"Cand\u00e1s 365","twitter:label2":"Tiempo de lectura estimado","twitter:data2":"2 minutos"},"aioseo_meta_data":{"post_id":"40570","title":null,"description":null,"keywords":null,"keyphrases":null,"primary_term":null,"canonical_url":null,"og_title":null,"og_description":null,"og_object_type":"default","og_image_type":"default","og_image_url":null,"og_image_width":null,"og_image_height":null,"og_image_custom_url":null,"og_image_custom_fields":null,"og_video":null,"og_custom_url":null,"og_article_section":null,"og_article_tags":null,"twitter_use_og":false,"twitter_card":"default","twitter_image_type":"default","twitter_image_url":null,"twitter_image_custom_url":null,"twitter_image_custom_fields":null,"twitter_title":null,"twitter_description":null,"schema":{"blockGraphs":[],"customGraphs":[],"default":{"data":{"Article":[],"Course":[],"Dataset":[],"FAQPage":[],"Movie":[],"Person":[],"Product":[],"ProductReview":[],"Car":[],"Recipe":[],"Service":[],"SoftwareApplication":[],"WebPage":[]},"graphName":"","isEnabled":true},"graphs":[]},"schema_type":null,"schema_type_options":null,"pillar_content":false,"robots_default":true,"robots_noindex":false,"robots_noarchive":false,"robots_nosnippet":false,"robots_nofollow":false,"robots_noimageindex":false,"robots_noodp":false,"robots_notranslate":false,"robots_max_snippet":null,"robots_max_videopreview":null,"robots_max_imagepreview":"large","priority":null,"frequency":null,"location":null,"local_seo":null,"seo_analyzer_scan_date":"2025-08-25 03:04:09","breadcrumb_settings":null,"limit_modified_date":false,"reviewed_by":null,"open_ai":null,"ai":null,"created":"2020-12-21 13:06:42","updated":"2025-08-25 03:04:09"},"aioseo_breadcrumb":"<div class=\"aioseo-breadcrumbs\"><span class=\"aioseo-breadcrumb\">\n\t<a href=\"https:\/\/candas365.es\/noticias\" title=\"Home\">Home<\/a>\n<\/span><span class=\"aioseo-breadcrumb-separator\">&ndash;<\/span><span class=\"aioseo-breadcrumb\">\n\t<a href=\"https:\/\/candas365.es\/noticias\/category\/actualidad\/\" title=\"Actualidad\">Actualidad<\/a>\n<\/span><span class=\"aioseo-breadcrumb-separator\">&ndash;<\/span><span class=\"aioseo-breadcrumb\">\n\tDiputada de la CDU de Merkel dimite en rechazo a su pol\u00edtica\n<\/span><\/div>","aioseo_breadcrumb_json":[{"label":"Home","link":"https:\/\/candas365.es\/noticias"},{"label":"Actualidad","link":"https:\/\/candas365.es\/noticias\/category\/actualidad\/"},{"label":"Diputada de la CDU de Merkel dimite en rechazo a su pol\u00edtica","link":"https:\/\/candas365.es\/noticias\/diputada-de-la-cdu-de-merkel-dimite-en-rechazo-a-su-politica\/"}],"_links":{"self":[{"href":"https:\/\/candas365.es\/noticias\/wp-json\/wp\/v2\/posts\/40570","targetHints":{"allow":["GET"]}}],"collection":[{"href":"https:\/\/candas365.es\/noticias\/wp-json\/wp\/v2\/posts"}],"about":[{"href":"https:\/\/candas365.es\/noticias\/wp-json\/wp\/v2\/types\/post"}],"author":[{"embeddable":true,"href":"https:\/\/candas365.es\/noticias\/wp-json\/wp\/v2\/users\/1"}],"replies":[{"embeddable":true,"href":"https:\/\/candas365.es\/noticias\/wp-json\/wp\/v2\/comments?post=40570"}],"version-history":[{"count":0,"href":"https:\/\/candas365.es\/noticias\/wp-json\/wp\/v2\/posts\/40570\/revisions"}],"wp:featuredmedia":[{"embeddable":true,"href":"https:\/\/candas365.es\/noticias\/wp-json\/wp\/v2\/media\/16457"}],"wp:attachment":[{"href":"https:\/\/candas365.es\/noticias\/wp-json\/wp\/v2\/media?parent=40570"}],"wp:term":[{"taxonomy":"category","embeddable":true,"href":"https:\/\/candas365.es\/noticias\/wp-json\/wp\/v2\/categories?post=40570"},{"taxonomy":"post_tag","embeddable":true,"href":"https:\/\/candas365.es\/noticias\/wp-json\/wp\/v2\/tags?post=40570"}],"curies":[{"name":"wp","href":"https:\/\/api.w.org\/{rel}","templated":true}]}}