{"id":40568,"date":"2017-01-15T21:09:34","date_gmt":"2017-01-15T21:09:34","guid":{"rendered":"http:\/\/candas365.es\/noticias\/?p=40568"},"modified":"2017-01-15T21:09:34","modified_gmt":"2017-01-15T21:09:34","slug":"facebook-quiere-evitar-noticias-falsas-en-las-elecciones-alemanas","status":"publish","type":"post","link":"https:\/\/candas365.es\/noticias\/facebook-quiere-evitar-noticias-falsas-en-las-elecciones-alemanas\/","title":{"rendered":"Facebook quiere evitar noticias falsas en las elecciones alemanas"},"content":{"rendered":"<p>Berl\u00edn, 15 ene (dpa) &#8211; La red social Facebook quiere evitar la propagaci\u00f3n de noticias falsas en su plataforma de cara al a\u00f1o electoral en Alemania, seg\u00fan anunci\u00f3 hoy la empresa estadounidense.<\/p>\n<p>Para ello la mayor red online del mundo se ha aliado con el centro de investigaci\u00f3n Correctiv para analizar el contenido de los usuarios y dado el caso marcarlo como dudoso.<\/p>\n<p>Adem\u00e1s, al igual que en Estados Unidos, se deber\u00e1 trabajar para limitar las posibilidades de poder hacer dinero con las conocidas como \u00abfake news\u00bb (noticias falsas).<\/p>\n<p>Facebook fue objeto de duras cr\u00edticas despu\u00e9s de que se extendieran a trav\u00e9s de su plataforma numerosas informaciones falsas durante la campa\u00f1a electoral estadounidense.<\/p>\n<p>Los usuarios tendr\u00e1n la posibilidad de poder marcar como \u00abinformaci\u00f3n potencialmente falsa\u00bb lo que vean en la red, explic\u00f3 el responsable de Facebook Guido B\u00fclow.<\/p>\n<p>Con esto se iniciar\u00e1 un proceso de an\u00e1lisis en varios pasos que al final acabar\u00e1 con un correspondiente aviso de que se trata de una informaci\u00f3n falsa, as\u00ed como con un eventual link a un art\u00edculo con hechos verdaderos, indic\u00f3.<\/p>\n<p>\u00abEl post en s\u00ed no desaparecer\u00e1 de la plataforma. No lo esconderemos. La gente podr\u00e1 seguir comparti\u00e9ndolo\u00bb, explic\u00f3. Sin embargo, la alerta seguir\u00e1 unida a la informaci\u00f3n tambi\u00e9n en posteriores difusiones, apunt\u00f3. \u00abTambi\u00e9n puede ser que reduzcamos la visibilidad de un art\u00edculo de poco cr\u00e9dito\u00bb, agreg\u00f3.<\/p>\n<p>A mediados de diciembre Facebook ya anunci\u00f3 que actuar\u00eda con mayor dureza contra la publicaci\u00f3n de noticias falsas y contra las fuentes de ingreso de los autores de estas informaciones.<\/p>\n<p>Correctiv no recibe dinero alguno de Facebook. \u00abEstamos convencidos de que debe hacere todo lo que est\u00e9 en nuestra mano para luchar contra la difusi\u00f3n de noticias falsas en las redes sociales\u00bb, explic\u00f3 el director del centro de investigaci\u00f3n, David Schraven.<\/p>\n<p>Facebook quiere conseguir m\u00e1s socios para luchar contra estas noticias falsas que marcaron las pasadas elecciones en Estados Unidos y que los pol\u00edticos alemanes temen que tambi\u00e9n influyan en las elecciones a la Canciller\u00eda que se celebrar\u00e1n seguramente a finales de septiembre.<\/p>\n<p>&nbsp;<\/p>\n","protected":false},"excerpt":{"rendered":"<p>Berl\u00edn, 15 ene (dpa) &#8211; La red social Facebook quiere evitar la propagaci\u00f3n de noticias falsas en su plataforma de cara al a\u00f1o electoral en Alemania, seg\u00fan anunci\u00f3 hoy la empresa estadounidense. Para ello la mayor red online del mundo se ha aliado con el centro de investigaci\u00f3n Correctiv para analizar el contenido de los<\/p>\n","protected":false},"author":1,"featured_media":16457,"comment_status":"closed","ping_status":"closed","sticky":false,"template":"","format":"standard","meta":{"footnotes":""},"categories":[343],"tags":[],"class_list":{"0":"post-40568","1":"post","2":"type-post","3":"status-publish","4":"format-standard","5":"has-post-thumbnail","7":"category-actualidad"},"aioseo_notices":[],"aioseo_head":"\n\t\t<!-- All in One SEO Pro 4.9.6.2 - aioseo.com -->\n\t<meta name=\"description\" content=\"Berl\u00edn, 15 ene (dpa) - La red social Facebook quiere evitar la propagaci\u00f3n de noticias falsas en su plataforma de cara al a\u00f1o electoral en Alemania, seg\u00fan anunci\u00f3 hoy la empresa estadounidense. Para ello la mayor red online del mundo se ha aliado con el centro de investigaci\u00f3n Correctiv para analizar el contenido de los\" \/>\n\t<meta name=\"robots\" content=\"max-image-preview:large\" \/>\n\t<meta name=\"author\" content=\"Cand\u00e1s 365\"\/>\n\t<meta name=\"google-site-verification\" content=\"UA-32230408-1\" \/>\n\t<meta name=\"msvalidate.01\" content=\"354F3CDFB2DA171B47FBE9ABF1F88D5\" \/>\n\t<meta name=\"keywords\" content=\"actualidad\" \/>\n\t<link rel=\"canonical\" href=\"https:\/\/candas365.es\/noticias\/facebook-quiere-evitar-noticias-falsas-en-las-elecciones-alemanas\/\" \/>\n\t<meta name=\"generator\" content=\"All in One SEO Pro (AIOSEO) 4.9.6.2\" \/>\n\t\t<meta property=\"og:locale\" content=\"es_ES\" \/>\n\t\t<meta property=\"og:site_name\" content=\"Cand\u00e1s 365\" \/>\n\t\t<meta property=\"og:type\" content=\"article\" \/>\n\t\t<meta property=\"og:title\" content=\"Facebook quiere evitar noticias falsas en las elecciones alemanas | Cand\u00e1s 365\" \/>\n\t\t<meta property=\"og:description\" content=\"Berl\u00edn, 15 ene (dpa) - La red social Facebook quiere evitar la propagaci\u00f3n de noticias falsas en su plataforma de cara al a\u00f1o electoral en Alemania, seg\u00fan anunci\u00f3 hoy la empresa estadounidense. Para ello la mayor red online del mundo se ha aliado con el centro de investigaci\u00f3n Correctiv para analizar el contenido de los\" \/>\n\t\t<meta property=\"og:url\" content=\"https:\/\/candas365.es\/noticias\/facebook-quiere-evitar-noticias-falsas-en-las-elecciones-alemanas\/\" \/>\n\t\t<meta property=\"og:image\" content=\"https:\/\/candas365.es\/noticias\/wp-content\/uploads\/2015\/09\/c365noticias.jpg\" \/>\n\t\t<meta property=\"og:image:secure_url\" content=\"https:\/\/candas365.es\/noticias\/wp-content\/uploads\/2015\/09\/c365noticias.jpg\" \/>\n\t\t<meta property=\"og:image:width\" content=\"655\" \/>\n\t\t<meta property=\"og:image:height\" content=\"360\" \/>\n\t\t<meta property=\"article:published_time\" content=\"2017-01-15T21:09:34+00:00\" \/>\n\t\t<meta property=\"article:modified_time\" content=\"2017-01-15T21:09:34+00:00\" \/>\n\t\t<meta property=\"article:publisher\" content=\"https:\/\/www.facebook.com\/Nachofdezber\" \/>\n\t\t<meta property=\"article:author\" content=\"https:\/\/www.facebook.com\/carrenoactualidad\" \/>\n\t\t<meta name=\"twitter:card\" content=\"summary_large_image\" \/>\n\t\t<meta name=\"twitter:site\" content=\"@NabercoDigital\" \/>\n\t\t<meta name=\"twitter:title\" content=\"Facebook quiere evitar noticias falsas en las elecciones alemanas | Cand\u00e1s 365\" \/>\n\t\t<meta name=\"twitter:description\" content=\"Berl\u00edn, 15 ene (dpa) - La red social Facebook quiere evitar la propagaci\u00f3n de noticias falsas en su plataforma de cara al a\u00f1o electoral en Alemania, seg\u00fan anunci\u00f3 hoy la empresa estadounidense. Para ello la mayor red online del mundo se ha aliado con el centro de investigaci\u00f3n Correctiv para analizar el contenido de los\" \/>\n\t\t<meta name=\"twitter:creator\" content=\"@nbasturias\" \/>\n\t\t<meta name=\"twitter:image\" content=\"https:\/\/candas365.es\/noticias\/wp-content\/uploads\/2015\/09\/c365noticias.jpg\" \/>\n\t\t<meta name=\"twitter:label1\" content=\"Escrito por\" \/>\n\t\t<meta name=\"twitter:data1\" content=\"Cand\u00e1s 365\" \/>\n\t\t<meta name=\"twitter:label2\" content=\"Tiempo de lectura estimado\" \/>\n\t\t<meta name=\"twitter:data2\" content=\"2 minutos\" \/>\n\t\t<script type=\"application\/ld+json\" class=\"aioseo-schema\">\n\t\t\t{\"@context\":\"https:\\\/\\\/schema.org\",\"@graph\":[{\"@type\":\"BreadcrumbList\",\"@id\":\"https:\\\/\\\/candas365.es\\\/noticias\\\/facebook-quiere-evitar-noticias-falsas-en-las-elecciones-alemanas\\\/#breadcrumblist\",\"itemListElement\":[{\"@type\":\"ListItem\",\"@id\":\"https:\\\/\\\/candas365.es\\\/noticias#listItem\",\"position\":1,\"name\":\"Home\",\"item\":\"https:\\\/\\\/candas365.es\\\/noticias\",\"nextItem\":{\"@type\":\"ListItem\",\"@id\":\"https:\\\/\\\/candas365.es\\\/noticias\\\/category\\\/actualidad\\\/#listItem\",\"name\":\"Actualidad\"}},{\"@type\":\"ListItem\",\"@id\":\"https:\\\/\\\/candas365.es\\\/noticias\\\/category\\\/actualidad\\\/#listItem\",\"position\":2,\"name\":\"Actualidad\",\"item\":\"https:\\\/\\\/candas365.es\\\/noticias\\\/category\\\/actualidad\\\/\",\"nextItem\":{\"@type\":\"ListItem\",\"@id\":\"https:\\\/\\\/candas365.es\\\/noticias\\\/facebook-quiere-evitar-noticias-falsas-en-las-elecciones-alemanas\\\/#listItem\",\"name\":\"Facebook quiere evitar noticias falsas en las elecciones alemanas\"},\"previousItem\":{\"@type\":\"ListItem\",\"@id\":\"https:\\\/\\\/candas365.es\\\/noticias#listItem\",\"name\":\"Home\"}},{\"@type\":\"ListItem\",\"@id\":\"https:\\\/\\\/candas365.es\\\/noticias\\\/facebook-quiere-evitar-noticias-falsas-en-las-elecciones-alemanas\\\/#listItem\",\"position\":3,\"name\":\"Facebook quiere evitar noticias falsas en las elecciones alemanas\",\"previousItem\":{\"@type\":\"ListItem\",\"@id\":\"https:\\\/\\\/candas365.es\\\/noticias\\\/category\\\/actualidad\\\/#listItem\",\"name\":\"Actualidad\"}}]},{\"@type\":\"NewsArticle\",\"@id\":\"https:\\\/\\\/candas365.es\\\/noticias\\\/facebook-quiere-evitar-noticias-falsas-en-las-elecciones-alemanas\\\/#newsarticle\",\"name\":\"Facebook quiere evitar noticias falsas en las elecciones alemanas | Cand\\u00e1s 365\",\"headline\":\"Facebook quiere evitar noticias falsas en las elecciones alemanas\",\"author\":{\"@id\":\"https:\\\/\\\/candas365.es\\\/noticias\\\/author\\\/admin\\\/#author\"},\"publisher\":{\"@id\":\"https:\\\/\\\/candas365.es\\\/noticias\\\/#organization\"},\"image\":{\"@type\":\"ImageObject\",\"url\":\"https:\\\/\\\/candas365.es\\\/noticias\\\/wp-content\\\/uploads\\\/2015\\\/09\\\/c365noticias.jpg\",\"width\":655,\"height\":360},\"datePublished\":\"2017-01-15T21:09:34+01:00\",\"dateModified\":\"2017-01-15T21:09:34+01:00\",\"inLanguage\":\"es-ES\",\"mainEntityOfPage\":{\"@id\":\"https:\\\/\\\/candas365.es\\\/noticias\\\/facebook-quiere-evitar-noticias-falsas-en-las-elecciones-alemanas\\\/#webpage\"},\"isPartOf\":{\"@id\":\"https:\\\/\\\/candas365.es\\\/noticias\\\/facebook-quiere-evitar-noticias-falsas-en-las-elecciones-alemanas\\\/#webpage\"},\"articleSection\":\"Actualidad\",\"dateline\":\"Publicado el enero 15, 2017.\"},{\"@type\":\"Organization\",\"@id\":\"https:\\\/\\\/candas365.es\\\/noticias\\\/#organization\",\"name\":\"Cand\\u00e1s 365\",\"description\":\"Cand\\u00e1s 365 es un diario digital independiente, fundado en 2012, con base en Asturias. Informamos con rigor sobre actualidad, sociedad, cultura y ocio, con una mirada local y global.\",\"url\":\"https:\\\/\\\/candas365.es\\\/noticias\\\/\",\"email\":\"info@candas365.es\",\"telephone\":\"+34652131393\",\"foundingDate\":\"2012-06-10\",\"logo\":{\"@type\":\"ImageObject\",\"url\":\"https:\\\/\\\/candas365.es\\\/noticias\\\/wp-content\\\/uploads\\\/2024\\\/09\\\/Candas-365-Redes.jpg\",\"@id\":\"https:\\\/\\\/candas365.es\\\/noticias\\\/facebook-quiere-evitar-noticias-falsas-en-las-elecciones-alemanas\\\/#organizationLogo\",\"width\":1152,\"height\":864,\"caption\":\"Cand\\u00e1s 365 Redes\"},\"image\":{\"@id\":\"https:\\\/\\\/candas365.es\\\/noticias\\\/facebook-quiere-evitar-noticias-falsas-en-las-elecciones-alemanas\\\/#organizationLogo\"},\"sameAs\":[\"https:\\\/\\\/www.facebook.com\\\/Nachofdezber\",\"https:\\\/\\\/x.com\\\/NabercoDigital\",\"https:\\\/\\\/www.instagram.com\\\/nachofdezber\\\/\",\"https:\\\/\\\/www.youtube.com\\\/channel\\\/UCZP-2wLEB9Rv6erhFmqVnvg\"],\"address\":{\"@id\":\"https:\\\/\\\/candas365.es\\\/noticias\\\/#postaladdress\",\"@type\":\"PostalAddress\",\"streetAddress\":\"san antonio 4, san antonio 4\",\"postalCode\":\"33430\",\"addressLocality\":\"Cand\\u00e1s\",\"addressRegion\":\"Asturias\",\"addressCountry\":\"ES\"}},{\"@type\":\"Person\",\"@id\":\"https:\\\/\\\/candas365.es\\\/noticias\\\/author\\\/admin\\\/#author\",\"url\":\"https:\\\/\\\/candas365.es\\\/noticias\\\/author\\\/admin\\\/\",\"name\":\"Cand\\u00e1s 365\",\"image\":{\"@type\":\"ImageObject\",\"@id\":\"https:\\\/\\\/candas365.es\\\/noticias\\\/facebook-quiere-evitar-noticias-falsas-en-las-elecciones-alemanas\\\/#authorImage\",\"url\":\"https:\\\/\\\/secure.gravatar.com\\\/avatar\\\/496a8e03d0c493ede1718b7934145dbdf8d89be1036b0eec9544e1094c9de390?s=96&d=mm&r=g\",\"width\":96,\"height\":96,\"caption\":\"Cand\\u00e1s 365\"},\"sameAs\":[\"https:\\\/\\\/www.facebook.com\\\/carrenoactualidad\",\"https:\\\/\\\/twitter.com\\\/nbasturias\",\"https:\\\/\\\/www.instagram.com\\\/nachofdezber\\\/\",\"https:\\\/\\\/www.youtube.com\\\/channel\\\/UCZP-2wLEB9Rv6erhFmqVnvg\"]},{\"@type\":\"WebPage\",\"@id\":\"https:\\\/\\\/candas365.es\\\/noticias\\\/facebook-quiere-evitar-noticias-falsas-en-las-elecciones-alemanas\\\/#webpage\",\"url\":\"https:\\\/\\\/candas365.es\\\/noticias\\\/facebook-quiere-evitar-noticias-falsas-en-las-elecciones-alemanas\\\/\",\"name\":\"Facebook quiere evitar noticias falsas en las elecciones alemanas | Cand\\u00e1s 365\",\"description\":\"Berl\\u00edn, 15 ene (dpa) - La red social Facebook quiere evitar la propagaci\\u00f3n de noticias falsas en su plataforma de cara al a\\u00f1o electoral en Alemania, seg\\u00fan anunci\\u00f3 hoy la empresa estadounidense. Para ello la mayor red online del mundo se ha aliado con el centro de investigaci\\u00f3n Correctiv para analizar el contenido de los\",\"inLanguage\":\"es-ES\",\"isPartOf\":{\"@id\":\"https:\\\/\\\/candas365.es\\\/noticias\\\/#website\"},\"breadcrumb\":{\"@id\":\"https:\\\/\\\/candas365.es\\\/noticias\\\/facebook-quiere-evitar-noticias-falsas-en-las-elecciones-alemanas\\\/#breadcrumblist\"},\"author\":{\"@id\":\"https:\\\/\\\/candas365.es\\\/noticias\\\/author\\\/admin\\\/#author\"},\"creator\":{\"@id\":\"https:\\\/\\\/candas365.es\\\/noticias\\\/author\\\/admin\\\/#author\"},\"image\":{\"@type\":\"ImageObject\",\"url\":\"https:\\\/\\\/candas365.es\\\/noticias\\\/wp-content\\\/uploads\\\/2015\\\/09\\\/c365noticias.jpg\",\"@id\":\"https:\\\/\\\/candas365.es\\\/noticias\\\/facebook-quiere-evitar-noticias-falsas-en-las-elecciones-alemanas\\\/#mainImage\",\"width\":655,\"height\":360},\"primaryImageOfPage\":{\"@id\":\"https:\\\/\\\/candas365.es\\\/noticias\\\/facebook-quiere-evitar-noticias-falsas-en-las-elecciones-alemanas\\\/#mainImage\"},\"datePublished\":\"2017-01-15T21:09:34+01:00\",\"dateModified\":\"2017-01-15T21:09:34+01:00\"},{\"@type\":\"WebSite\",\"@id\":\"https:\\\/\\\/candas365.es\\\/noticias\\\/#website\",\"url\":\"https:\\\/\\\/candas365.es\\\/noticias\\\/\",\"name\":\"Cand\\u00e1s 365\",\"alternateName\":\"Cand\\u00e1s 365 Noticias\",\"description\":\"Actualidad desde Carre\\u00f1o para el mundo\",\"inLanguage\":\"es-ES\",\"publisher\":{\"@id\":\"https:\\\/\\\/candas365.es\\\/noticias\\\/#organization\"}}]}\n\t\t<\/script>\n\t\t<!-- All in One SEO Pro -->\r\n\t\t<title>Facebook quiere evitar noticias falsas en las elecciones alemanas | Cand\u00e1s 365<\/title>\n\n","aioseo_head_json":{"title":"Facebook quiere evitar noticias falsas en las elecciones alemanas | Cand\u00e1s 365","description":"Berl\u00edn, 15 ene (dpa) - La red social Facebook quiere evitar la propagaci\u00f3n de noticias falsas en su plataforma de cara al a\u00f1o electoral en Alemania, seg\u00fan anunci\u00f3 hoy la empresa estadounidense. Para ello la mayor red online del mundo se ha aliado con el centro de investigaci\u00f3n Correctiv para analizar el contenido de los","canonical_url":"https:\/\/candas365.es\/noticias\/facebook-quiere-evitar-noticias-falsas-en-las-elecciones-alemanas\/","robots":"max-image-preview:large","keywords":"actualidad","webmasterTools":{"google-site-verification":"UA-32230408-1","msvalidate.01":"354F3CDFB2DA171B47FBE9ABF1F88D5","miscellaneous":""},"schema":{"@context":"https:\/\/schema.org","@graph":[{"@type":"BreadcrumbList","@id":"https:\/\/candas365.es\/noticias\/facebook-quiere-evitar-noticias-falsas-en-las-elecciones-alemanas\/#breadcrumblist","itemListElement":[{"@type":"ListItem","@id":"https:\/\/candas365.es\/noticias#listItem","position":1,"name":"Home","item":"https:\/\/candas365.es\/noticias","nextItem":{"@type":"ListItem","@id":"https:\/\/candas365.es\/noticias\/category\/actualidad\/#listItem","name":"Actualidad"}},{"@type":"ListItem","@id":"https:\/\/candas365.es\/noticias\/category\/actualidad\/#listItem","position":2,"name":"Actualidad","item":"https:\/\/candas365.es\/noticias\/category\/actualidad\/","nextItem":{"@type":"ListItem","@id":"https:\/\/candas365.es\/noticias\/facebook-quiere-evitar-noticias-falsas-en-las-elecciones-alemanas\/#listItem","name":"Facebook quiere evitar noticias falsas en las elecciones alemanas"},"previousItem":{"@type":"ListItem","@id":"https:\/\/candas365.es\/noticias#listItem","name":"Home"}},{"@type":"ListItem","@id":"https:\/\/candas365.es\/noticias\/facebook-quiere-evitar-noticias-falsas-en-las-elecciones-alemanas\/#listItem","position":3,"name":"Facebook quiere evitar noticias falsas en las elecciones alemanas","previousItem":{"@type":"ListItem","@id":"https:\/\/candas365.es\/noticias\/category\/actualidad\/#listItem","name":"Actualidad"}}]},{"@type":"NewsArticle","@id":"https:\/\/candas365.es\/noticias\/facebook-quiere-evitar-noticias-falsas-en-las-elecciones-alemanas\/#newsarticle","name":"Facebook quiere evitar noticias falsas en las elecciones alemanas | Cand\u00e1s 365","headline":"Facebook quiere evitar noticias falsas en las elecciones alemanas","author":{"@id":"https:\/\/candas365.es\/noticias\/author\/admin\/#author"},"publisher":{"@id":"https:\/\/candas365.es\/noticias\/#organization"},"image":{"@type":"ImageObject","url":"https:\/\/candas365.es\/noticias\/wp-content\/uploads\/2015\/09\/c365noticias.jpg","width":655,"height":360},"datePublished":"2017-01-15T21:09:34+01:00","dateModified":"2017-01-15T21:09:34+01:00","inLanguage":"es-ES","mainEntityOfPage":{"@id":"https:\/\/candas365.es\/noticias\/facebook-quiere-evitar-noticias-falsas-en-las-elecciones-alemanas\/#webpage"},"isPartOf":{"@id":"https:\/\/candas365.es\/noticias\/facebook-quiere-evitar-noticias-falsas-en-las-elecciones-alemanas\/#webpage"},"articleSection":"Actualidad","dateline":"Publicado el enero 15, 2017."},{"@type":"Organization","@id":"https:\/\/candas365.es\/noticias\/#organization","name":"Cand\u00e1s 365","description":"Cand\u00e1s 365 es un diario digital independiente, fundado en 2012, con base en Asturias. Informamos con rigor sobre actualidad, sociedad, cultura y ocio, con una mirada local y global.","url":"https:\/\/candas365.es\/noticias\/","email":"info@candas365.es","telephone":"+34652131393","foundingDate":"2012-06-10","logo":{"@type":"ImageObject","url":"https:\/\/candas365.es\/noticias\/wp-content\/uploads\/2024\/09\/Candas-365-Redes.jpg","@id":"https:\/\/candas365.es\/noticias\/facebook-quiere-evitar-noticias-falsas-en-las-elecciones-alemanas\/#organizationLogo","width":1152,"height":864,"caption":"Cand\u00e1s 365 Redes"},"image":{"@id":"https:\/\/candas365.es\/noticias\/facebook-quiere-evitar-noticias-falsas-en-las-elecciones-alemanas\/#organizationLogo"},"sameAs":["https:\/\/www.facebook.com\/Nachofdezber","https:\/\/x.com\/NabercoDigital","https:\/\/www.instagram.com\/nachofdezber\/","https:\/\/www.youtube.com\/channel\/UCZP-2wLEB9Rv6erhFmqVnvg"],"address":{"@id":"https:\/\/candas365.es\/noticias\/#postaladdress","@type":"PostalAddress","streetAddress":"san antonio 4, san antonio 4","postalCode":"33430","addressLocality":"Cand\u00e1s","addressRegion":"Asturias","addressCountry":"ES"}},{"@type":"Person","@id":"https:\/\/candas365.es\/noticias\/author\/admin\/#author","url":"https:\/\/candas365.es\/noticias\/author\/admin\/","name":"Cand\u00e1s 365","image":{"@type":"ImageObject","@id":"https:\/\/candas365.es\/noticias\/facebook-quiere-evitar-noticias-falsas-en-las-elecciones-alemanas\/#authorImage","url":"https:\/\/secure.gravatar.com\/avatar\/496a8e03d0c493ede1718b7934145dbdf8d89be1036b0eec9544e1094c9de390?s=96&d=mm&r=g","width":96,"height":96,"caption":"Cand\u00e1s 365"},"sameAs":["https:\/\/www.facebook.com\/carrenoactualidad","https:\/\/twitter.com\/nbasturias","https:\/\/www.instagram.com\/nachofdezber\/","https:\/\/www.youtube.com\/channel\/UCZP-2wLEB9Rv6erhFmqVnvg"]},{"@type":"WebPage","@id":"https:\/\/candas365.es\/noticias\/facebook-quiere-evitar-noticias-falsas-en-las-elecciones-alemanas\/#webpage","url":"https:\/\/candas365.es\/noticias\/facebook-quiere-evitar-noticias-falsas-en-las-elecciones-alemanas\/","name":"Facebook quiere evitar noticias falsas en las elecciones alemanas | Cand\u00e1s 365","description":"Berl\u00edn, 15 ene (dpa) - La red social Facebook quiere evitar la propagaci\u00f3n de noticias falsas en su plataforma de cara al a\u00f1o electoral en Alemania, seg\u00fan anunci\u00f3 hoy la empresa estadounidense. Para ello la mayor red online del mundo se ha aliado con el centro de investigaci\u00f3n Correctiv para analizar el contenido de los","inLanguage":"es-ES","isPartOf":{"@id":"https:\/\/candas365.es\/noticias\/#website"},"breadcrumb":{"@id":"https:\/\/candas365.es\/noticias\/facebook-quiere-evitar-noticias-falsas-en-las-elecciones-alemanas\/#breadcrumblist"},"author":{"@id":"https:\/\/candas365.es\/noticias\/author\/admin\/#author"},"creator":{"@id":"https:\/\/candas365.es\/noticias\/author\/admin\/#author"},"image":{"@type":"ImageObject","url":"https:\/\/candas365.es\/noticias\/wp-content\/uploads\/2015\/09\/c365noticias.jpg","@id":"https:\/\/candas365.es\/noticias\/facebook-quiere-evitar-noticias-falsas-en-las-elecciones-alemanas\/#mainImage","width":655,"height":360},"primaryImageOfPage":{"@id":"https:\/\/candas365.es\/noticias\/facebook-quiere-evitar-noticias-falsas-en-las-elecciones-alemanas\/#mainImage"},"datePublished":"2017-01-15T21:09:34+01:00","dateModified":"2017-01-15T21:09:34+01:00"},{"@type":"WebSite","@id":"https:\/\/candas365.es\/noticias\/#website","url":"https:\/\/candas365.es\/noticias\/","name":"Cand\u00e1s 365","alternateName":"Cand\u00e1s 365 Noticias","description":"Actualidad desde Carre\u00f1o para el mundo","inLanguage":"es-ES","publisher":{"@id":"https:\/\/candas365.es\/noticias\/#organization"}}]},"og:locale":"es_ES","og:site_name":"Cand\u00e1s 365","og:type":"article","og:title":"Facebook quiere evitar noticias falsas en las elecciones alemanas | Cand\u00e1s 365","og:description":"Berl\u00edn, 15 ene (dpa) - La red social Facebook quiere evitar la propagaci\u00f3n de noticias falsas en su plataforma de cara al a\u00f1o electoral en Alemania, seg\u00fan anunci\u00f3 hoy la empresa estadounidense. Para ello la mayor red online del mundo se ha aliado con el centro de investigaci\u00f3n Correctiv para analizar el contenido de los","og:url":"https:\/\/candas365.es\/noticias\/facebook-quiere-evitar-noticias-falsas-en-las-elecciones-alemanas\/","og:image":"https:\/\/candas365.es\/noticias\/wp-content\/uploads\/2015\/09\/c365noticias.jpg","og:image:secure_url":"https:\/\/candas365.es\/noticias\/wp-content\/uploads\/2015\/09\/c365noticias.jpg","og:image:width":655,"og:image:height":360,"article:published_time":"2017-01-15T21:09:34+00:00","article:modified_time":"2017-01-15T21:09:34+00:00","article:publisher":"https:\/\/www.facebook.com\/Nachofdezber","article:author":"https:\/\/www.facebook.com\/carrenoactualidad","twitter:card":"summary_large_image","twitter:site":"@NabercoDigital","twitter:title":"Facebook quiere evitar noticias falsas en las elecciones alemanas | Cand\u00e1s 365","twitter:description":"Berl\u00edn, 15 ene (dpa) - La red social Facebook quiere evitar la propagaci\u00f3n de noticias falsas en su plataforma de cara al a\u00f1o electoral en Alemania, seg\u00fan anunci\u00f3 hoy la empresa estadounidense. Para ello la mayor red online del mundo se ha aliado con el centro de investigaci\u00f3n Correctiv para analizar el contenido de los","twitter:creator":"@nbasturias","twitter:image":"https:\/\/candas365.es\/noticias\/wp-content\/uploads\/2015\/09\/c365noticias.jpg","twitter:label1":"Escrito por","twitter:data1":"Cand\u00e1s 365","twitter:label2":"Tiempo de lectura estimado","twitter:data2":"2 minutos"},"aioseo_meta_data":{"post_id":"40568","title":null,"description":null,"keywords":null,"keyphrases":null,"primary_term":null,"canonical_url":null,"og_title":null,"og_description":null,"og_object_type":"default","og_image_type":"default","og_image_url":null,"og_image_width":null,"og_image_height":null,"og_image_custom_url":null,"og_image_custom_fields":null,"og_video":null,"og_custom_url":null,"og_article_section":null,"og_article_tags":null,"twitter_use_og":false,"twitter_card":"default","twitter_image_type":"default","twitter_image_url":null,"twitter_image_custom_url":null,"twitter_image_custom_fields":null,"twitter_title":null,"twitter_description":null,"schema":{"blockGraphs":[],"customGraphs":[],"default":{"data":{"Article":[],"Course":[],"Dataset":[],"FAQPage":[],"Movie":[],"Person":[],"Product":[],"ProductReview":[],"Car":[],"Recipe":[],"Service":[],"SoftwareApplication":[],"WebPage":[]},"graphName":"","isEnabled":true},"graphs":[]},"schema_type":null,"schema_type_options":null,"pillar_content":false,"robots_default":true,"robots_noindex":false,"robots_noarchive":false,"robots_nosnippet":false,"robots_nofollow":false,"robots_noimageindex":false,"robots_noodp":false,"robots_notranslate":false,"robots_max_snippet":null,"robots_max_videopreview":null,"robots_max_imagepreview":"large","priority":null,"frequency":null,"location":null,"local_seo":null,"seo_analyzer_scan_date":"2025-08-25 03:04:08","breadcrumb_settings":null,"limit_modified_date":false,"reviewed_by":null,"open_ai":null,"ai":null,"created":"2020-12-21 13:06:42","updated":"2025-08-25 03:04:08"},"aioseo_breadcrumb":"<div class=\"aioseo-breadcrumbs\"><span class=\"aioseo-breadcrumb\">\n\t<a href=\"https:\/\/candas365.es\/noticias\" title=\"Home\">Home<\/a>\n<\/span><span class=\"aioseo-breadcrumb-separator\">&ndash;<\/span><span class=\"aioseo-breadcrumb\">\n\t<a href=\"https:\/\/candas365.es\/noticias\/category\/actualidad\/\" title=\"Actualidad\">Actualidad<\/a>\n<\/span><span class=\"aioseo-breadcrumb-separator\">&ndash;<\/span><span class=\"aioseo-breadcrumb\">\n\tFacebook quiere evitar noticias falsas en las elecciones alemanas\n<\/span><\/div>","aioseo_breadcrumb_json":[{"label":"Home","link":"https:\/\/candas365.es\/noticias"},{"label":"Actualidad","link":"https:\/\/candas365.es\/noticias\/category\/actualidad\/"},{"label":"Facebook quiere evitar noticias falsas en las elecciones alemanas","link":"https:\/\/candas365.es\/noticias\/facebook-quiere-evitar-noticias-falsas-en-las-elecciones-alemanas\/"}],"_links":{"self":[{"href":"https:\/\/candas365.es\/noticias\/wp-json\/wp\/v2\/posts\/40568","targetHints":{"allow":["GET"]}}],"collection":[{"href":"https:\/\/candas365.es\/noticias\/wp-json\/wp\/v2\/posts"}],"about":[{"href":"https:\/\/candas365.es\/noticias\/wp-json\/wp\/v2\/types\/post"}],"author":[{"embeddable":true,"href":"https:\/\/candas365.es\/noticias\/wp-json\/wp\/v2\/users\/1"}],"replies":[{"embeddable":true,"href":"https:\/\/candas365.es\/noticias\/wp-json\/wp\/v2\/comments?post=40568"}],"version-history":[{"count":0,"href":"https:\/\/candas365.es\/noticias\/wp-json\/wp\/v2\/posts\/40568\/revisions"}],"wp:featuredmedia":[{"embeddable":true,"href":"https:\/\/candas365.es\/noticias\/wp-json\/wp\/v2\/media\/16457"}],"wp:attachment":[{"href":"https:\/\/candas365.es\/noticias\/wp-json\/wp\/v2\/media?parent=40568"}],"wp:term":[{"taxonomy":"category","embeddable":true,"href":"https:\/\/candas365.es\/noticias\/wp-json\/wp\/v2\/categories?post=40568"},{"taxonomy":"post_tag","embeddable":true,"href":"https:\/\/candas365.es\/noticias\/wp-json\/wp\/v2\/tags?post=40568"}],"curies":[{"name":"wp","href":"https:\/\/api.w.org\/{rel}","templated":true}]}}