{"id":40566,"date":"2017-01-15T21:08:52","date_gmt":"2017-01-15T21:08:52","guid":{"rendered":"http:\/\/candas365.es\/noticias\/?p=40566"},"modified":"2017-01-15T21:08:52","modified_gmt":"2017-01-15T21:08:52","slug":"ex-jefe-de-vw-conocia-los-problemas-meses-antes-del-escandalo","status":"publish","type":"post","link":"https:\/\/candas365.es\/noticias\/ex-jefe-de-vw-conocia-los-problemas-meses-antes-del-escandalo\/","title":{"rendered":"Ex jefe de VW conoc\u00eda los problemas meses antes del esc\u00e1ndalo"},"content":{"rendered":"<p>Wolfsburgo\/Berl\u00edn, 15 ene (dpa) &#8211; Martin Winterkorn, antiguo presidente de la junta directiva de la automotriz alemana Volkswagen, tuvo constancia de la manipulaci\u00f3n ilegal de los motores de los veh\u00edculos di\u00e9sel meses antes de que se destapara todo el esc\u00e1ndalo en septiembre de 2015, inform\u00f3 hoy el dominical alem\u00e1n \u00abBild am Sonntag\u00bb. <\/p>\n<p>De acuerdo con unos documentos internos confidenciales a los que tuvo acceso el rotativo, Winterkorn fue informado de lo que suced\u00eda en una reuni\u00f3n el 27 de julio de 2015. Seg\u00fan este material, en el encuentro se debati\u00f3 tambi\u00e9n si y cu\u00e1ndo deber\u00edan informar de ello a los organismos estadounidenses. Un portavoz de VW no quiso pronunciarse al ser preguntado al respecto. <\/p>\n<p>Winterkorn y la c\u00fapula de la mayor automotriz de Europa han indicado siempre hasta el momento que no tuvieron constancia de lo que ocurr\u00eda hasta septiembre de 2015. Seg\u00fan el dominical, tanto Winterkorn como VW rechazan las nuevas acusaciones. <\/p>\n<p>El entonces director ejecutivo del grupo automotor se vio obligado a dimitir tras el esc\u00e1ndalo de la manipulaci\u00f3n de los motores di\u00e9sel de unos 11 millones de autos en todo el mundo, de ellos unos 8,5 millones en Europa, que sumi\u00f3 a la automotriz en la peor crisis de su historia. <\/p>\n<p>Winterkorn y otros ejecutivos de VW est\u00e1n acusados de manipular el mercado al informar demasiado tarde a los mercados financieros sobre el esc\u00e1ndalo de los motores. Los inversores demandan una indemnizaci\u00f3n millonaria debido a que las acciones de VW cayeron en picado tras darse a conocer la noticia. <\/p>\n<p>A finales de septiembre de 2015, Winterkorn dimiti\u00f3, pero indic\u00f3 que no era consciente de ning\u00fan comportamiento err\u00f3neo. Sin embargo, un participante en la reuni\u00f3n de julio de 2015 inform\u00f3 al diario que se habl\u00f3 sobre que se hab\u00eda instalado algo ilegal en los autom\u00f3viles. <\/p>\n<p>De acuerdo con este testigo, Winterkorn permaneci\u00f3 asombrosamente tranquilo cuando se expuso el tema y despu\u00e9s en la reuni\u00f3n, en la que se sopesaron las \u00abposibilidades\u00bb y \u00abriesgos\u00bb, se dirigi\u00f3 al t\u00e9cnico que colabor\u00f3 para crear el software ilegal y le dijo: \u00ab\u00a1T\u00fa y tu software!\u00bb.<\/p>\n<p>A principios de 2016, VW declar\u00f3 ante el Tribunal Regional de Braunschweig que tanto Winterkorn como el jefe de marca de VW, Herbert Diess, participaron en la reuni\u00f3n del 27 de julio de 2015, pero indic\u00f3 que \u00abno se puede reconstruir en detalle ni el contenido concreto de este encuentro informal ni el momento exacto en el que participaron los directivos afectados\u00bb. <\/p>\n<p>Las cadenas alemanas NDR, WDR y el diario \u00abS\u00fcddeutsche Zeitung\u00bb informaron tambi\u00e9n el s\u00e1bado de la existencia de nuevos indicios que apuntaban a que Winterkorn fue informado de las manipulaciones antes de lo que se ha dicho hasta ahora. <\/p>\n<p>Testigos principales indicaron a los investigadores de Estados Unidos que hablaron en 2012 y 2014 con personas de confianza de Winterkorn sobre un software ilegal en los veh\u00edculos di\u00e9sel en el mercado estadounidense. <\/p>\n<p>Uno de los testigos dijo que cree que esta informaci\u00f3n se transmiti\u00f3 al director ejecutivo. En julio de 2015 un ingeniero trat\u00f3 el problema con Winterkorn, pero seg\u00fan el testigo, \u00e9ste parec\u00eda como si ya tuviera constancia de ello desde hac\u00eda bastante tiempo. <\/p>\n<p>El esc\u00e1ndalo hizo tambalearse al gigante europeo. Entretanto, la automotriz ha logrado cerrar un acuerdo millonario con las autoridades estadounidenses en concepto de multas civiles y penales. <\/p>\n<p>Winterkorn comparecer\u00e1 el pr\u00f3ximo jueves ante la comisi\u00f3n parlamentaria de investigaci\u00f3n del esc\u00e1ndalo. Los diputados quieren esclarecer cu\u00e1ndo fue informado el Gobierno alem\u00e1n de la manipulaci\u00f3n y c\u00f3mo de estrecha es la cooperaci\u00f3n entre la pol\u00edtica y el lobby automotor. <\/p>\n","protected":false},"excerpt":{"rendered":"<p>Wolfsburgo\/Berl\u00edn, 15 ene (dpa) &#8211; Martin Winterkorn, antiguo presidente de la junta directiva de la automotriz alemana Volkswagen, tuvo constancia de la manipulaci\u00f3n ilegal de los motores de los veh\u00edculos di\u00e9sel meses antes de que se destapara todo el esc\u00e1ndalo en septiembre de 2015, inform\u00f3 hoy el dominical alem\u00e1n \u00abBild am Sonntag\u00bb. De acuerdo con<\/p>\n","protected":false},"author":1,"featured_media":16457,"comment_status":"closed","ping_status":"closed","sticky":false,"template":"","format":"standard","meta":{"footnotes":""},"categories":[343],"tags":[],"class_list":{"0":"post-40566","1":"post","2":"type-post","3":"status-publish","4":"format-standard","5":"has-post-thumbnail","7":"category-actualidad"},"aioseo_notices":[],"aioseo_head":"\n\t\t<!-- All in One SEO Pro 4.9.6.2 - aioseo.com -->\n\t<meta name=\"description\" content=\"Wolfsburgo\/Berl\u00edn, 15 ene (dpa) - Martin Winterkorn, antiguo presidente de la junta directiva de la automotriz alemana Volkswagen, tuvo constancia de la manipulaci\u00f3n ilegal de los motores de los veh\u00edculos di\u00e9sel meses antes de que se destapara todo el esc\u00e1ndalo en septiembre de 2015, inform\u00f3 hoy el dominical alem\u00e1n &quot;Bild am Sonntag&quot;. De acuerdo con\" \/>\n\t<meta name=\"robots\" content=\"max-image-preview:large\" \/>\n\t<meta name=\"author\" content=\"Cand\u00e1s 365\"\/>\n\t<meta name=\"google-site-verification\" content=\"UA-32230408-1\" \/>\n\t<meta name=\"msvalidate.01\" content=\"354F3CDFB2DA171B47FBE9ABF1F88D5\" \/>\n\t<meta name=\"keywords\" content=\"actualidad\" \/>\n\t<link rel=\"canonical\" href=\"https:\/\/candas365.es\/noticias\/ex-jefe-de-vw-conocia-los-problemas-meses-antes-del-escandalo\/\" \/>\n\t<meta name=\"generator\" content=\"All in One SEO Pro (AIOSEO) 4.9.6.2\" \/>\n\t\t<meta property=\"og:locale\" content=\"es_ES\" \/>\n\t\t<meta property=\"og:site_name\" content=\"Cand\u00e1s 365\" \/>\n\t\t<meta property=\"og:type\" content=\"article\" \/>\n\t\t<meta property=\"og:title\" content=\"Ex jefe de VW conoc\u00eda los problemas meses antes del esc\u00e1ndalo | Cand\u00e1s 365\" \/>\n\t\t<meta property=\"og:description\" content=\"Wolfsburgo\/Berl\u00edn, 15 ene (dpa) - Martin Winterkorn, antiguo presidente de la junta directiva de la automotriz alemana Volkswagen, tuvo constancia de la manipulaci\u00f3n ilegal de los motores de los veh\u00edculos di\u00e9sel meses antes de que se destapara todo el esc\u00e1ndalo en septiembre de 2015, inform\u00f3 hoy el dominical alem\u00e1n &quot;Bild am Sonntag&quot;. De acuerdo con\" \/>\n\t\t<meta property=\"og:url\" content=\"https:\/\/candas365.es\/noticias\/ex-jefe-de-vw-conocia-los-problemas-meses-antes-del-escandalo\/\" \/>\n\t\t<meta property=\"og:image\" content=\"https:\/\/candas365.es\/noticias\/wp-content\/uploads\/2015\/09\/c365noticias.jpg\" \/>\n\t\t<meta property=\"og:image:secure_url\" content=\"https:\/\/candas365.es\/noticias\/wp-content\/uploads\/2015\/09\/c365noticias.jpg\" \/>\n\t\t<meta property=\"og:image:width\" content=\"655\" \/>\n\t\t<meta property=\"og:image:height\" content=\"360\" \/>\n\t\t<meta property=\"article:published_time\" content=\"2017-01-15T21:08:52+00:00\" \/>\n\t\t<meta property=\"article:modified_time\" content=\"2017-01-15T21:08:52+00:00\" \/>\n\t\t<meta property=\"article:publisher\" content=\"https:\/\/www.facebook.com\/Nachofdezber\" \/>\n\t\t<meta property=\"article:author\" content=\"https:\/\/www.facebook.com\/carrenoactualidad\" \/>\n\t\t<meta name=\"twitter:card\" content=\"summary_large_image\" \/>\n\t\t<meta name=\"twitter:site\" content=\"@NabercoDigital\" \/>\n\t\t<meta name=\"twitter:title\" content=\"Ex jefe de VW conoc\u00eda los problemas meses antes del esc\u00e1ndalo | Cand\u00e1s 365\" \/>\n\t\t<meta name=\"twitter:description\" content=\"Wolfsburgo\/Berl\u00edn, 15 ene (dpa) - Martin Winterkorn, antiguo presidente de la junta directiva de la automotriz alemana Volkswagen, tuvo constancia de la manipulaci\u00f3n ilegal de los motores de los veh\u00edculos di\u00e9sel meses antes de que se destapara todo el esc\u00e1ndalo en septiembre de 2015, inform\u00f3 hoy el dominical alem\u00e1n &quot;Bild am Sonntag&quot;. De acuerdo con\" \/>\n\t\t<meta name=\"twitter:creator\" content=\"@nbasturias\" \/>\n\t\t<meta name=\"twitter:image\" content=\"https:\/\/candas365.es\/noticias\/wp-content\/uploads\/2015\/09\/c365noticias.jpg\" \/>\n\t\t<meta name=\"twitter:label1\" content=\"Escrito por\" \/>\n\t\t<meta name=\"twitter:data1\" content=\"Cand\u00e1s 365\" \/>\n\t\t<meta name=\"twitter:label2\" content=\"Tiempo de lectura estimado\" \/>\n\t\t<meta name=\"twitter:data2\" content=\"3 minutos\" \/>\n\t\t<script type=\"application\/ld+json\" class=\"aioseo-schema\">\n\t\t\t{\"@context\":\"https:\\\/\\\/schema.org\",\"@graph\":[{\"@type\":\"BreadcrumbList\",\"@id\":\"https:\\\/\\\/candas365.es\\\/noticias\\\/ex-jefe-de-vw-conocia-los-problemas-meses-antes-del-escandalo\\\/#breadcrumblist\",\"itemListElement\":[{\"@type\":\"ListItem\",\"@id\":\"https:\\\/\\\/candas365.es\\\/noticias#listItem\",\"position\":1,\"name\":\"Home\",\"item\":\"https:\\\/\\\/candas365.es\\\/noticias\",\"nextItem\":{\"@type\":\"ListItem\",\"@id\":\"https:\\\/\\\/candas365.es\\\/noticias\\\/category\\\/actualidad\\\/#listItem\",\"name\":\"Actualidad\"}},{\"@type\":\"ListItem\",\"@id\":\"https:\\\/\\\/candas365.es\\\/noticias\\\/category\\\/actualidad\\\/#listItem\",\"position\":2,\"name\":\"Actualidad\",\"item\":\"https:\\\/\\\/candas365.es\\\/noticias\\\/category\\\/actualidad\\\/\",\"nextItem\":{\"@type\":\"ListItem\",\"@id\":\"https:\\\/\\\/candas365.es\\\/noticias\\\/ex-jefe-de-vw-conocia-los-problemas-meses-antes-del-escandalo\\\/#listItem\",\"name\":\"Ex jefe de VW conoc\\u00eda los problemas meses antes del esc\\u00e1ndalo\"},\"previousItem\":{\"@type\":\"ListItem\",\"@id\":\"https:\\\/\\\/candas365.es\\\/noticias#listItem\",\"name\":\"Home\"}},{\"@type\":\"ListItem\",\"@id\":\"https:\\\/\\\/candas365.es\\\/noticias\\\/ex-jefe-de-vw-conocia-los-problemas-meses-antes-del-escandalo\\\/#listItem\",\"position\":3,\"name\":\"Ex jefe de VW conoc\\u00eda los problemas meses antes del esc\\u00e1ndalo\",\"previousItem\":{\"@type\":\"ListItem\",\"@id\":\"https:\\\/\\\/candas365.es\\\/noticias\\\/category\\\/actualidad\\\/#listItem\",\"name\":\"Actualidad\"}}]},{\"@type\":\"NewsArticle\",\"@id\":\"https:\\\/\\\/candas365.es\\\/noticias\\\/ex-jefe-de-vw-conocia-los-problemas-meses-antes-del-escandalo\\\/#newsarticle\",\"name\":\"Ex jefe de VW conoc\\u00eda los problemas meses antes del esc\\u00e1ndalo | Cand\\u00e1s 365\",\"headline\":\"Ex jefe de VW conoc\\u00eda los problemas meses antes del esc\\u00e1ndalo\",\"author\":{\"@id\":\"https:\\\/\\\/candas365.es\\\/noticias\\\/author\\\/admin\\\/#author\"},\"publisher\":{\"@id\":\"https:\\\/\\\/candas365.es\\\/noticias\\\/#organization\"},\"image\":{\"@type\":\"ImageObject\",\"url\":\"https:\\\/\\\/candas365.es\\\/noticias\\\/wp-content\\\/uploads\\\/2015\\\/09\\\/c365noticias.jpg\",\"width\":655,\"height\":360},\"datePublished\":\"2017-01-15T21:08:52+01:00\",\"dateModified\":\"2017-01-15T21:08:52+01:00\",\"inLanguage\":\"es-ES\",\"mainEntityOfPage\":{\"@id\":\"https:\\\/\\\/candas365.es\\\/noticias\\\/ex-jefe-de-vw-conocia-los-problemas-meses-antes-del-escandalo\\\/#webpage\"},\"isPartOf\":{\"@id\":\"https:\\\/\\\/candas365.es\\\/noticias\\\/ex-jefe-de-vw-conocia-los-problemas-meses-antes-del-escandalo\\\/#webpage\"},\"articleSection\":\"Actualidad\",\"dateline\":\"Publicado el enero 15, 2017.\"},{\"@type\":\"Organization\",\"@id\":\"https:\\\/\\\/candas365.es\\\/noticias\\\/#organization\",\"name\":\"Cand\\u00e1s 365\",\"description\":\"Cand\\u00e1s 365 es un diario digital independiente, fundado en 2012, con base en Asturias. Informamos con rigor sobre actualidad, sociedad, cultura y ocio, con una mirada local y global.\",\"url\":\"https:\\\/\\\/candas365.es\\\/noticias\\\/\",\"email\":\"info@candas365.es\",\"telephone\":\"+34652131393\",\"foundingDate\":\"2012-06-10\",\"logo\":{\"@type\":\"ImageObject\",\"url\":\"https:\\\/\\\/candas365.es\\\/noticias\\\/wp-content\\\/uploads\\\/2024\\\/09\\\/Candas-365-Redes.jpg\",\"@id\":\"https:\\\/\\\/candas365.es\\\/noticias\\\/ex-jefe-de-vw-conocia-los-problemas-meses-antes-del-escandalo\\\/#organizationLogo\",\"width\":1152,\"height\":864,\"caption\":\"Cand\\u00e1s 365 Redes\"},\"image\":{\"@id\":\"https:\\\/\\\/candas365.es\\\/noticias\\\/ex-jefe-de-vw-conocia-los-problemas-meses-antes-del-escandalo\\\/#organizationLogo\"},\"sameAs\":[\"https:\\\/\\\/www.facebook.com\\\/Nachofdezber\",\"https:\\\/\\\/x.com\\\/NabercoDigital\",\"https:\\\/\\\/www.instagram.com\\\/nachofdezber\\\/\",\"https:\\\/\\\/www.youtube.com\\\/channel\\\/UCZP-2wLEB9Rv6erhFmqVnvg\"],\"address\":{\"@id\":\"https:\\\/\\\/candas365.es\\\/noticias\\\/#postaladdress\",\"@type\":\"PostalAddress\",\"streetAddress\":\"san antonio 4, san antonio 4\",\"postalCode\":\"33430\",\"addressLocality\":\"Cand\\u00e1s\",\"addressRegion\":\"Asturias\",\"addressCountry\":\"ES\"}},{\"@type\":\"Person\",\"@id\":\"https:\\\/\\\/candas365.es\\\/noticias\\\/author\\\/admin\\\/#author\",\"url\":\"https:\\\/\\\/candas365.es\\\/noticias\\\/author\\\/admin\\\/\",\"name\":\"Cand\\u00e1s 365\",\"image\":{\"@type\":\"ImageObject\",\"@id\":\"https:\\\/\\\/candas365.es\\\/noticias\\\/ex-jefe-de-vw-conocia-los-problemas-meses-antes-del-escandalo\\\/#authorImage\",\"url\":\"https:\\\/\\\/secure.gravatar.com\\\/avatar\\\/496a8e03d0c493ede1718b7934145dbdf8d89be1036b0eec9544e1094c9de390?s=96&d=mm&r=g\",\"width\":96,\"height\":96,\"caption\":\"Cand\\u00e1s 365\"},\"sameAs\":[\"https:\\\/\\\/www.facebook.com\\\/carrenoactualidad\",\"https:\\\/\\\/twitter.com\\\/nbasturias\",\"https:\\\/\\\/www.instagram.com\\\/nachofdezber\\\/\",\"https:\\\/\\\/www.youtube.com\\\/channel\\\/UCZP-2wLEB9Rv6erhFmqVnvg\"]},{\"@type\":\"WebPage\",\"@id\":\"https:\\\/\\\/candas365.es\\\/noticias\\\/ex-jefe-de-vw-conocia-los-problemas-meses-antes-del-escandalo\\\/#webpage\",\"url\":\"https:\\\/\\\/candas365.es\\\/noticias\\\/ex-jefe-de-vw-conocia-los-problemas-meses-antes-del-escandalo\\\/\",\"name\":\"Ex jefe de VW conoc\\u00eda los problemas meses antes del esc\\u00e1ndalo | Cand\\u00e1s 365\",\"description\":\"Wolfsburgo\\\/Berl\\u00edn, 15 ene (dpa) - Martin Winterkorn, antiguo presidente de la junta directiva de la automotriz alemana Volkswagen, tuvo constancia de la manipulaci\\u00f3n ilegal de los motores de los veh\\u00edculos di\\u00e9sel meses antes de que se destapara todo el esc\\u00e1ndalo en septiembre de 2015, inform\\u00f3 hoy el dominical alem\\u00e1n \\\"Bild am Sonntag\\\". De acuerdo con\",\"inLanguage\":\"es-ES\",\"isPartOf\":{\"@id\":\"https:\\\/\\\/candas365.es\\\/noticias\\\/#website\"},\"breadcrumb\":{\"@id\":\"https:\\\/\\\/candas365.es\\\/noticias\\\/ex-jefe-de-vw-conocia-los-problemas-meses-antes-del-escandalo\\\/#breadcrumblist\"},\"author\":{\"@id\":\"https:\\\/\\\/candas365.es\\\/noticias\\\/author\\\/admin\\\/#author\"},\"creator\":{\"@id\":\"https:\\\/\\\/candas365.es\\\/noticias\\\/author\\\/admin\\\/#author\"},\"image\":{\"@type\":\"ImageObject\",\"url\":\"https:\\\/\\\/candas365.es\\\/noticias\\\/wp-content\\\/uploads\\\/2015\\\/09\\\/c365noticias.jpg\",\"@id\":\"https:\\\/\\\/candas365.es\\\/noticias\\\/ex-jefe-de-vw-conocia-los-problemas-meses-antes-del-escandalo\\\/#mainImage\",\"width\":655,\"height\":360},\"primaryImageOfPage\":{\"@id\":\"https:\\\/\\\/candas365.es\\\/noticias\\\/ex-jefe-de-vw-conocia-los-problemas-meses-antes-del-escandalo\\\/#mainImage\"},\"datePublished\":\"2017-01-15T21:08:52+01:00\",\"dateModified\":\"2017-01-15T21:08:52+01:00\"},{\"@type\":\"WebSite\",\"@id\":\"https:\\\/\\\/candas365.es\\\/noticias\\\/#website\",\"url\":\"https:\\\/\\\/candas365.es\\\/noticias\\\/\",\"name\":\"Cand\\u00e1s 365\",\"alternateName\":\"Cand\\u00e1s 365 Noticias\",\"description\":\"Actualidad desde Carre\\u00f1o para el mundo\",\"inLanguage\":\"es-ES\",\"publisher\":{\"@id\":\"https:\\\/\\\/candas365.es\\\/noticias\\\/#organization\"}}]}\n\t\t<\/script>\n\t\t<!-- All in One SEO Pro -->\r\n\t\t<title>Ex jefe de VW conoc\u00eda los problemas meses antes del esc\u00e1ndalo | Cand\u00e1s 365<\/title>\n\n","aioseo_head_json":{"title":"Ex jefe de VW conoc\u00eda los problemas meses antes del esc\u00e1ndalo | Cand\u00e1s 365","description":"Wolfsburgo\/Berl\u00edn, 15 ene (dpa) - Martin Winterkorn, antiguo presidente de la junta directiva de la automotriz alemana Volkswagen, tuvo constancia de la manipulaci\u00f3n ilegal de los motores de los veh\u00edculos di\u00e9sel meses antes de que se destapara todo el esc\u00e1ndalo en septiembre de 2015, inform\u00f3 hoy el dominical alem\u00e1n \"Bild am Sonntag\". De acuerdo con","canonical_url":"https:\/\/candas365.es\/noticias\/ex-jefe-de-vw-conocia-los-problemas-meses-antes-del-escandalo\/","robots":"max-image-preview:large","keywords":"actualidad","webmasterTools":{"google-site-verification":"UA-32230408-1","msvalidate.01":"354F3CDFB2DA171B47FBE9ABF1F88D5","miscellaneous":""},"schema":{"@context":"https:\/\/schema.org","@graph":[{"@type":"BreadcrumbList","@id":"https:\/\/candas365.es\/noticias\/ex-jefe-de-vw-conocia-los-problemas-meses-antes-del-escandalo\/#breadcrumblist","itemListElement":[{"@type":"ListItem","@id":"https:\/\/candas365.es\/noticias#listItem","position":1,"name":"Home","item":"https:\/\/candas365.es\/noticias","nextItem":{"@type":"ListItem","@id":"https:\/\/candas365.es\/noticias\/category\/actualidad\/#listItem","name":"Actualidad"}},{"@type":"ListItem","@id":"https:\/\/candas365.es\/noticias\/category\/actualidad\/#listItem","position":2,"name":"Actualidad","item":"https:\/\/candas365.es\/noticias\/category\/actualidad\/","nextItem":{"@type":"ListItem","@id":"https:\/\/candas365.es\/noticias\/ex-jefe-de-vw-conocia-los-problemas-meses-antes-del-escandalo\/#listItem","name":"Ex jefe de VW conoc\u00eda los problemas meses antes del esc\u00e1ndalo"},"previousItem":{"@type":"ListItem","@id":"https:\/\/candas365.es\/noticias#listItem","name":"Home"}},{"@type":"ListItem","@id":"https:\/\/candas365.es\/noticias\/ex-jefe-de-vw-conocia-los-problemas-meses-antes-del-escandalo\/#listItem","position":3,"name":"Ex jefe de VW conoc\u00eda los problemas meses antes del esc\u00e1ndalo","previousItem":{"@type":"ListItem","@id":"https:\/\/candas365.es\/noticias\/category\/actualidad\/#listItem","name":"Actualidad"}}]},{"@type":"NewsArticle","@id":"https:\/\/candas365.es\/noticias\/ex-jefe-de-vw-conocia-los-problemas-meses-antes-del-escandalo\/#newsarticle","name":"Ex jefe de VW conoc\u00eda los problemas meses antes del esc\u00e1ndalo | Cand\u00e1s 365","headline":"Ex jefe de VW conoc\u00eda los problemas meses antes del esc\u00e1ndalo","author":{"@id":"https:\/\/candas365.es\/noticias\/author\/admin\/#author"},"publisher":{"@id":"https:\/\/candas365.es\/noticias\/#organization"},"image":{"@type":"ImageObject","url":"https:\/\/candas365.es\/noticias\/wp-content\/uploads\/2015\/09\/c365noticias.jpg","width":655,"height":360},"datePublished":"2017-01-15T21:08:52+01:00","dateModified":"2017-01-15T21:08:52+01:00","inLanguage":"es-ES","mainEntityOfPage":{"@id":"https:\/\/candas365.es\/noticias\/ex-jefe-de-vw-conocia-los-problemas-meses-antes-del-escandalo\/#webpage"},"isPartOf":{"@id":"https:\/\/candas365.es\/noticias\/ex-jefe-de-vw-conocia-los-problemas-meses-antes-del-escandalo\/#webpage"},"articleSection":"Actualidad","dateline":"Publicado el enero 15, 2017."},{"@type":"Organization","@id":"https:\/\/candas365.es\/noticias\/#organization","name":"Cand\u00e1s 365","description":"Cand\u00e1s 365 es un diario digital independiente, fundado en 2012, con base en Asturias. Informamos con rigor sobre actualidad, sociedad, cultura y ocio, con una mirada local y global.","url":"https:\/\/candas365.es\/noticias\/","email":"info@candas365.es","telephone":"+34652131393","foundingDate":"2012-06-10","logo":{"@type":"ImageObject","url":"https:\/\/candas365.es\/noticias\/wp-content\/uploads\/2024\/09\/Candas-365-Redes.jpg","@id":"https:\/\/candas365.es\/noticias\/ex-jefe-de-vw-conocia-los-problemas-meses-antes-del-escandalo\/#organizationLogo","width":1152,"height":864,"caption":"Cand\u00e1s 365 Redes"},"image":{"@id":"https:\/\/candas365.es\/noticias\/ex-jefe-de-vw-conocia-los-problemas-meses-antes-del-escandalo\/#organizationLogo"},"sameAs":["https:\/\/www.facebook.com\/Nachofdezber","https:\/\/x.com\/NabercoDigital","https:\/\/www.instagram.com\/nachofdezber\/","https:\/\/www.youtube.com\/channel\/UCZP-2wLEB9Rv6erhFmqVnvg"],"address":{"@id":"https:\/\/candas365.es\/noticias\/#postaladdress","@type":"PostalAddress","streetAddress":"san antonio 4, san antonio 4","postalCode":"33430","addressLocality":"Cand\u00e1s","addressRegion":"Asturias","addressCountry":"ES"}},{"@type":"Person","@id":"https:\/\/candas365.es\/noticias\/author\/admin\/#author","url":"https:\/\/candas365.es\/noticias\/author\/admin\/","name":"Cand\u00e1s 365","image":{"@type":"ImageObject","@id":"https:\/\/candas365.es\/noticias\/ex-jefe-de-vw-conocia-los-problemas-meses-antes-del-escandalo\/#authorImage","url":"https:\/\/secure.gravatar.com\/avatar\/496a8e03d0c493ede1718b7934145dbdf8d89be1036b0eec9544e1094c9de390?s=96&d=mm&r=g","width":96,"height":96,"caption":"Cand\u00e1s 365"},"sameAs":["https:\/\/www.facebook.com\/carrenoactualidad","https:\/\/twitter.com\/nbasturias","https:\/\/www.instagram.com\/nachofdezber\/","https:\/\/www.youtube.com\/channel\/UCZP-2wLEB9Rv6erhFmqVnvg"]},{"@type":"WebPage","@id":"https:\/\/candas365.es\/noticias\/ex-jefe-de-vw-conocia-los-problemas-meses-antes-del-escandalo\/#webpage","url":"https:\/\/candas365.es\/noticias\/ex-jefe-de-vw-conocia-los-problemas-meses-antes-del-escandalo\/","name":"Ex jefe de VW conoc\u00eda los problemas meses antes del esc\u00e1ndalo | Cand\u00e1s 365","description":"Wolfsburgo\/Berl\u00edn, 15 ene (dpa) - Martin Winterkorn, antiguo presidente de la junta directiva de la automotriz alemana Volkswagen, tuvo constancia de la manipulaci\u00f3n ilegal de los motores de los veh\u00edculos di\u00e9sel meses antes de que se destapara todo el esc\u00e1ndalo en septiembre de 2015, inform\u00f3 hoy el dominical alem\u00e1n \"Bild am Sonntag\". De acuerdo con","inLanguage":"es-ES","isPartOf":{"@id":"https:\/\/candas365.es\/noticias\/#website"},"breadcrumb":{"@id":"https:\/\/candas365.es\/noticias\/ex-jefe-de-vw-conocia-los-problemas-meses-antes-del-escandalo\/#breadcrumblist"},"author":{"@id":"https:\/\/candas365.es\/noticias\/author\/admin\/#author"},"creator":{"@id":"https:\/\/candas365.es\/noticias\/author\/admin\/#author"},"image":{"@type":"ImageObject","url":"https:\/\/candas365.es\/noticias\/wp-content\/uploads\/2015\/09\/c365noticias.jpg","@id":"https:\/\/candas365.es\/noticias\/ex-jefe-de-vw-conocia-los-problemas-meses-antes-del-escandalo\/#mainImage","width":655,"height":360},"primaryImageOfPage":{"@id":"https:\/\/candas365.es\/noticias\/ex-jefe-de-vw-conocia-los-problemas-meses-antes-del-escandalo\/#mainImage"},"datePublished":"2017-01-15T21:08:52+01:00","dateModified":"2017-01-15T21:08:52+01:00"},{"@type":"WebSite","@id":"https:\/\/candas365.es\/noticias\/#website","url":"https:\/\/candas365.es\/noticias\/","name":"Cand\u00e1s 365","alternateName":"Cand\u00e1s 365 Noticias","description":"Actualidad desde Carre\u00f1o para el mundo","inLanguage":"es-ES","publisher":{"@id":"https:\/\/candas365.es\/noticias\/#organization"}}]},"og:locale":"es_ES","og:site_name":"Cand\u00e1s 365","og:type":"article","og:title":"Ex jefe de VW conoc\u00eda los problemas meses antes del esc\u00e1ndalo | Cand\u00e1s 365","og:description":"Wolfsburgo\/Berl\u00edn, 15 ene (dpa) - Martin Winterkorn, antiguo presidente de la junta directiva de la automotriz alemana Volkswagen, tuvo constancia de la manipulaci\u00f3n ilegal de los motores de los veh\u00edculos di\u00e9sel meses antes de que se destapara todo el esc\u00e1ndalo en septiembre de 2015, inform\u00f3 hoy el dominical alem\u00e1n &quot;Bild am Sonntag&quot;. De acuerdo con","og:url":"https:\/\/candas365.es\/noticias\/ex-jefe-de-vw-conocia-los-problemas-meses-antes-del-escandalo\/","og:image":"https:\/\/candas365.es\/noticias\/wp-content\/uploads\/2015\/09\/c365noticias.jpg","og:image:secure_url":"https:\/\/candas365.es\/noticias\/wp-content\/uploads\/2015\/09\/c365noticias.jpg","og:image:width":655,"og:image:height":360,"article:published_time":"2017-01-15T21:08:52+00:00","article:modified_time":"2017-01-15T21:08:52+00:00","article:publisher":"https:\/\/www.facebook.com\/Nachofdezber","article:author":"https:\/\/www.facebook.com\/carrenoactualidad","twitter:card":"summary_large_image","twitter:site":"@NabercoDigital","twitter:title":"Ex jefe de VW conoc\u00eda los problemas meses antes del esc\u00e1ndalo | Cand\u00e1s 365","twitter:description":"Wolfsburgo\/Berl\u00edn, 15 ene (dpa) - Martin Winterkorn, antiguo presidente de la junta directiva de la automotriz alemana Volkswagen, tuvo constancia de la manipulaci\u00f3n ilegal de los motores de los veh\u00edculos di\u00e9sel meses antes de que se destapara todo el esc\u00e1ndalo en septiembre de 2015, inform\u00f3 hoy el dominical alem\u00e1n &quot;Bild am Sonntag&quot;. De acuerdo con","twitter:creator":"@nbasturias","twitter:image":"https:\/\/candas365.es\/noticias\/wp-content\/uploads\/2015\/09\/c365noticias.jpg","twitter:label1":"Escrito por","twitter:data1":"Cand\u00e1s 365","twitter:label2":"Tiempo de lectura estimado","twitter:data2":"3 minutos"},"aioseo_meta_data":{"post_id":"40566","title":null,"description":null,"keywords":null,"keyphrases":null,"primary_term":null,"canonical_url":null,"og_title":null,"og_description":null,"og_object_type":"default","og_image_type":"default","og_image_url":null,"og_image_width":null,"og_image_height":null,"og_image_custom_url":null,"og_image_custom_fields":null,"og_video":null,"og_custom_url":null,"og_article_section":null,"og_article_tags":null,"twitter_use_og":false,"twitter_card":"default","twitter_image_type":"default","twitter_image_url":null,"twitter_image_custom_url":null,"twitter_image_custom_fields":null,"twitter_title":null,"twitter_description":null,"schema":{"blockGraphs":[],"customGraphs":[],"default":{"data":{"Article":[],"Course":[],"Dataset":[],"FAQPage":[],"Movie":[],"Person":[],"Product":[],"ProductReview":[],"Car":[],"Recipe":[],"Service":[],"SoftwareApplication":[],"WebPage":[]},"graphName":"","isEnabled":true},"graphs":[],"defaultGraph":"","defaultPostTypeGraph":""},"schema_type":null,"schema_type_options":null,"pillar_content":false,"robots_default":true,"robots_noindex":false,"robots_noarchive":false,"robots_nosnippet":false,"robots_nofollow":false,"robots_noimageindex":false,"robots_noodp":false,"robots_notranslate":false,"robots_max_snippet":null,"robots_max_videopreview":null,"robots_max_imagepreview":"large","priority":null,"frequency":null,"location":null,"local_seo":null,"seo_analyzer_scan_date":"2025-08-25 03:04:07","breadcrumb_settings":null,"limit_modified_date":false,"reviewed_by":null,"open_ai":null,"ai":null,"created":"2020-12-21 13:06:42","updated":"2025-08-25 03:04:07"},"aioseo_breadcrumb":"<div class=\"aioseo-breadcrumbs\"><span class=\"aioseo-breadcrumb\">\n\t<a href=\"https:\/\/candas365.es\/noticias\" title=\"Home\">Home<\/a>\n<\/span><span class=\"aioseo-breadcrumb-separator\">&ndash;<\/span><span class=\"aioseo-breadcrumb\">\n\t<a href=\"https:\/\/candas365.es\/noticias\/category\/actualidad\/\" title=\"Actualidad\">Actualidad<\/a>\n<\/span><span class=\"aioseo-breadcrumb-separator\">&ndash;<\/span><span class=\"aioseo-breadcrumb\">\n\tEx jefe de VW conoc\u00eda los problemas meses antes del esc\u00e1ndalo\n<\/span><\/div>","aioseo_breadcrumb_json":[{"label":"Home","link":"https:\/\/candas365.es\/noticias"},{"label":"Actualidad","link":"https:\/\/candas365.es\/noticias\/category\/actualidad\/"},{"label":"Ex jefe de VW conoc\u00eda los problemas meses antes del esc\u00e1ndalo","link":"https:\/\/candas365.es\/noticias\/ex-jefe-de-vw-conocia-los-problemas-meses-antes-del-escandalo\/"}],"_links":{"self":[{"href":"https:\/\/candas365.es\/noticias\/wp-json\/wp\/v2\/posts\/40566","targetHints":{"allow":["GET"]}}],"collection":[{"href":"https:\/\/candas365.es\/noticias\/wp-json\/wp\/v2\/posts"}],"about":[{"href":"https:\/\/candas365.es\/noticias\/wp-json\/wp\/v2\/types\/post"}],"author":[{"embeddable":true,"href":"https:\/\/candas365.es\/noticias\/wp-json\/wp\/v2\/users\/1"}],"replies":[{"embeddable":true,"href":"https:\/\/candas365.es\/noticias\/wp-json\/wp\/v2\/comments?post=40566"}],"version-history":[{"count":0,"href":"https:\/\/candas365.es\/noticias\/wp-json\/wp\/v2\/posts\/40566\/revisions"}],"wp:featuredmedia":[{"embeddable":true,"href":"https:\/\/candas365.es\/noticias\/wp-json\/wp\/v2\/media\/16457"}],"wp:attachment":[{"href":"https:\/\/candas365.es\/noticias\/wp-json\/wp\/v2\/media?parent=40566"}],"wp:term":[{"taxonomy":"category","embeddable":true,"href":"https:\/\/candas365.es\/noticias\/wp-json\/wp\/v2\/categories?post=40566"},{"taxonomy":"post_tag","embeddable":true,"href":"https:\/\/candas365.es\/noticias\/wp-json\/wp\/v2\/tags?post=40566"}],"curies":[{"name":"wp","href":"https:\/\/api.w.org\/{rel}","templated":true}]}}