{"id":40562,"date":"2017-01-15T21:05:32","date_gmt":"2017-01-15T21:05:32","guid":{"rendered":"http:\/\/candas365.es\/noticias\/?p=40562"},"modified":"2017-01-15T21:05:32","modified_gmt":"2017-01-15T21:05:32","slug":"el-bayern-munich-ficha-a-los-internacionales-alemanes-sule-y-rudy","status":"publish","type":"post","link":"https:\/\/candas365.es\/noticias\/el-bayern-munich-ficha-a-los-internacionales-alemanes-sule-y-rudy\/","title":{"rendered":"El Bayern M\u00fanich ficha a los internacionales alemanes S\u00fcle y Rudy"},"content":{"rendered":"<p>M\u00fanich, 15 ene (dpa) &#8211; El Bayern M\u00fanich fich\u00f3 a los internacionales alemanes Sebastian Rudy y Niklas S\u00fcler, del Hoffenheim, seg\u00fan informaron hoy los dos clubes germanos.<\/p>\n<p>Los dos jugadores ser\u00e1n oficialmente futbolistas del club b\u00e1varo a partir del pr\u00f3ximo 1 de julio de 2017. Rudy firm\u00f3 un contrato de tres a\u00f1os de duraci\u00f3n, hasta el pr\u00f3ximo 30 de junio de 2020. Mientras, S\u00fcle vestir\u00e1 la camiseta del Bayern durante cinco a\u00f1os, hasta el 30 de junio de 2022.<\/p>\n<p>\u00abEstamos muy contentos y felices con la llegada de Niklas S\u00fcle y Sebastian Rudy al Bayern. El fichaje de dos internacionales alemanes es tambi\u00e9n una inversi\u00f3n de futuro para el Bayern\u00bb, declar\u00f3 el presidente de la junta directiva, Karl-Heinz Rummenigge.<\/p>\n<p>\u00abSebastian Rudy llega libre, mientras que en el caso de Niklas S\u00fcle llegamos a un acuerdo serio y justo con el Hoffenheim\u00bb, agreg\u00f3 sobre un acuerdo que se estima que alcanza los 20 millones de euros (21,28 millones de d\u00f3lares) m\u00e1s posibles pagos adicionales.<\/p>\n<p>\u00abFichar por el Bayern es un sue\u00f1o para m\u00ed, quiero ganar t\u00edtulos all\u00ed\u00bb, reconoci\u00f3 Rudy, de 26 a\u00f1os. Por su parte, S\u00fcle, de 21, se mostr\u00f3 feliz por poder jugar en \u00abuno de los mejores equipos del mundo\u00bb.<\/p>\n<p>&nbsp;<\/p>\n","protected":false},"excerpt":{"rendered":"<p>M\u00fanich, 15 ene (dpa) &#8211; El Bayern M\u00fanich fich\u00f3 a los internacionales alemanes Sebastian Rudy y Niklas S\u00fcler, del Hoffenheim, seg\u00fan informaron hoy los dos clubes germanos. Los dos jugadores ser\u00e1n oficialmente futbolistas del club b\u00e1varo a partir del pr\u00f3ximo 1 de julio de 2017. Rudy firm\u00f3 un contrato de tres a\u00f1os de duraci\u00f3n, hasta<\/p>\n","protected":false},"author":1,"featured_media":16457,"comment_status":"closed","ping_status":"closed","sticky":false,"template":"","format":"standard","meta":{"footnotes":""},"categories":[343],"tags":[],"class_list":{"0":"post-40562","1":"post","2":"type-post","3":"status-publish","4":"format-standard","5":"has-post-thumbnail","7":"category-actualidad"},"aioseo_notices":[],"aioseo_head":"\n\t\t<!-- All in One SEO Pro 4.9.6.2 - aioseo.com -->\n\t<meta name=\"description\" content=\"M\u00fanich, 15 ene (dpa) - El Bayern M\u00fanich fich\u00f3 a los internacionales alemanes Sebastian Rudy y Niklas S\u00fcler, del Hoffenheim, seg\u00fan informaron hoy los dos clubes germanos. Los dos jugadores ser\u00e1n oficialmente futbolistas del club b\u00e1varo a partir del pr\u00f3ximo 1 de julio de 2017. Rudy firm\u00f3 un contrato de tres a\u00f1os de duraci\u00f3n, hasta\" \/>\n\t<meta name=\"robots\" content=\"max-image-preview:large\" \/>\n\t<meta name=\"author\" content=\"Cand\u00e1s 365\"\/>\n\t<meta name=\"google-site-verification\" content=\"UA-32230408-1\" \/>\n\t<meta name=\"msvalidate.01\" content=\"354F3CDFB2DA171B47FBE9ABF1F88D5\" \/>\n\t<meta name=\"keywords\" content=\"actualidad\" \/>\n\t<link rel=\"canonical\" href=\"https:\/\/candas365.es\/noticias\/el-bayern-munich-ficha-a-los-internacionales-alemanes-sule-y-rudy\/\" \/>\n\t<meta name=\"generator\" content=\"All in One SEO Pro (AIOSEO) 4.9.6.2\" \/>\n\t\t<meta property=\"og:locale\" content=\"es_ES\" \/>\n\t\t<meta property=\"og:site_name\" content=\"Cand\u00e1s 365\" \/>\n\t\t<meta property=\"og:type\" content=\"article\" \/>\n\t\t<meta property=\"og:title\" content=\"El Bayern M\u00fanich ficha a los internacionales alemanes S\u00fcle y Rudy | Cand\u00e1s 365\" \/>\n\t\t<meta property=\"og:description\" content=\"M\u00fanich, 15 ene (dpa) - El Bayern M\u00fanich fich\u00f3 a los internacionales alemanes Sebastian Rudy y Niklas S\u00fcler, del Hoffenheim, seg\u00fan informaron hoy los dos clubes germanos. Los dos jugadores ser\u00e1n oficialmente futbolistas del club b\u00e1varo a partir del pr\u00f3ximo 1 de julio de 2017. Rudy firm\u00f3 un contrato de tres a\u00f1os de duraci\u00f3n, hasta\" \/>\n\t\t<meta property=\"og:url\" content=\"https:\/\/candas365.es\/noticias\/el-bayern-munich-ficha-a-los-internacionales-alemanes-sule-y-rudy\/\" \/>\n\t\t<meta property=\"og:image\" content=\"https:\/\/candas365.es\/noticias\/wp-content\/uploads\/2015\/09\/c365noticias.jpg\" \/>\n\t\t<meta property=\"og:image:secure_url\" content=\"https:\/\/candas365.es\/noticias\/wp-content\/uploads\/2015\/09\/c365noticias.jpg\" \/>\n\t\t<meta property=\"og:image:width\" content=\"655\" \/>\n\t\t<meta property=\"og:image:height\" content=\"360\" \/>\n\t\t<meta property=\"article:published_time\" content=\"2017-01-15T21:05:32+00:00\" \/>\n\t\t<meta property=\"article:modified_time\" content=\"2017-01-15T21:05:32+00:00\" \/>\n\t\t<meta property=\"article:publisher\" content=\"https:\/\/www.facebook.com\/Nachofdezber\" \/>\n\t\t<meta property=\"article:author\" content=\"https:\/\/www.facebook.com\/carrenoactualidad\" \/>\n\t\t<meta name=\"twitter:card\" content=\"summary_large_image\" \/>\n\t\t<meta name=\"twitter:site\" content=\"@NabercoDigital\" \/>\n\t\t<meta name=\"twitter:title\" content=\"El Bayern M\u00fanich ficha a los internacionales alemanes S\u00fcle y Rudy | Cand\u00e1s 365\" \/>\n\t\t<meta name=\"twitter:description\" content=\"M\u00fanich, 15 ene (dpa) - El Bayern M\u00fanich fich\u00f3 a los internacionales alemanes Sebastian Rudy y Niklas S\u00fcler, del Hoffenheim, seg\u00fan informaron hoy los dos clubes germanos. Los dos jugadores ser\u00e1n oficialmente futbolistas del club b\u00e1varo a partir del pr\u00f3ximo 1 de julio de 2017. Rudy firm\u00f3 un contrato de tres a\u00f1os de duraci\u00f3n, hasta\" \/>\n\t\t<meta name=\"twitter:creator\" content=\"@nbasturias\" \/>\n\t\t<meta name=\"twitter:image\" content=\"https:\/\/candas365.es\/noticias\/wp-content\/uploads\/2015\/09\/c365noticias.jpg\" \/>\n\t\t<meta name=\"twitter:label1\" content=\"Escrito por\" \/>\n\t\t<meta name=\"twitter:data1\" content=\"Cand\u00e1s 365\" \/>\n\t\t<meta name=\"twitter:label2\" content=\"Tiempo de lectura estimado\" \/>\n\t\t<meta name=\"twitter:data2\" content=\"1 minuto\" \/>\n\t\t<script type=\"application\/ld+json\" class=\"aioseo-schema\">\n\t\t\t{\"@context\":\"https:\\\/\\\/schema.org\",\"@graph\":[{\"@type\":\"BreadcrumbList\",\"@id\":\"https:\\\/\\\/candas365.es\\\/noticias\\\/el-bayern-munich-ficha-a-los-internacionales-alemanes-sule-y-rudy\\\/#breadcrumblist\",\"itemListElement\":[{\"@type\":\"ListItem\",\"@id\":\"https:\\\/\\\/candas365.es\\\/noticias#listItem\",\"position\":1,\"name\":\"Home\",\"item\":\"https:\\\/\\\/candas365.es\\\/noticias\",\"nextItem\":{\"@type\":\"ListItem\",\"@id\":\"https:\\\/\\\/candas365.es\\\/noticias\\\/category\\\/actualidad\\\/#listItem\",\"name\":\"Actualidad\"}},{\"@type\":\"ListItem\",\"@id\":\"https:\\\/\\\/candas365.es\\\/noticias\\\/category\\\/actualidad\\\/#listItem\",\"position\":2,\"name\":\"Actualidad\",\"item\":\"https:\\\/\\\/candas365.es\\\/noticias\\\/category\\\/actualidad\\\/\",\"nextItem\":{\"@type\":\"ListItem\",\"@id\":\"https:\\\/\\\/candas365.es\\\/noticias\\\/el-bayern-munich-ficha-a-los-internacionales-alemanes-sule-y-rudy\\\/#listItem\",\"name\":\"El Bayern M\\u00fanich ficha a los internacionales alemanes S\\u00fcle y Rudy\"},\"previousItem\":{\"@type\":\"ListItem\",\"@id\":\"https:\\\/\\\/candas365.es\\\/noticias#listItem\",\"name\":\"Home\"}},{\"@type\":\"ListItem\",\"@id\":\"https:\\\/\\\/candas365.es\\\/noticias\\\/el-bayern-munich-ficha-a-los-internacionales-alemanes-sule-y-rudy\\\/#listItem\",\"position\":3,\"name\":\"El Bayern M\\u00fanich ficha a los internacionales alemanes S\\u00fcle y Rudy\",\"previousItem\":{\"@type\":\"ListItem\",\"@id\":\"https:\\\/\\\/candas365.es\\\/noticias\\\/category\\\/actualidad\\\/#listItem\",\"name\":\"Actualidad\"}}]},{\"@type\":\"NewsArticle\",\"@id\":\"https:\\\/\\\/candas365.es\\\/noticias\\\/el-bayern-munich-ficha-a-los-internacionales-alemanes-sule-y-rudy\\\/#newsarticle\",\"name\":\"El Bayern M\\u00fanich ficha a los internacionales alemanes S\\u00fcle y Rudy | Cand\\u00e1s 365\",\"headline\":\"El Bayern M\\u00fanich ficha a los internacionales alemanes S\\u00fcle y Rudy\",\"author\":{\"@id\":\"https:\\\/\\\/candas365.es\\\/noticias\\\/author\\\/admin\\\/#author\"},\"publisher\":{\"@id\":\"https:\\\/\\\/candas365.es\\\/noticias\\\/#organization\"},\"image\":{\"@type\":\"ImageObject\",\"url\":\"https:\\\/\\\/candas365.es\\\/noticias\\\/wp-content\\\/uploads\\\/2015\\\/09\\\/c365noticias.jpg\",\"width\":655,\"height\":360},\"datePublished\":\"2017-01-15T21:05:32+01:00\",\"dateModified\":\"2017-01-15T21:05:32+01:00\",\"inLanguage\":\"es-ES\",\"mainEntityOfPage\":{\"@id\":\"https:\\\/\\\/candas365.es\\\/noticias\\\/el-bayern-munich-ficha-a-los-internacionales-alemanes-sule-y-rudy\\\/#webpage\"},\"isPartOf\":{\"@id\":\"https:\\\/\\\/candas365.es\\\/noticias\\\/el-bayern-munich-ficha-a-los-internacionales-alemanes-sule-y-rudy\\\/#webpage\"},\"articleSection\":\"Actualidad\",\"dateline\":\"Publicado el enero 15, 2017.\"},{\"@type\":\"Organization\",\"@id\":\"https:\\\/\\\/candas365.es\\\/noticias\\\/#organization\",\"name\":\"Cand\\u00e1s 365\",\"description\":\"Cand\\u00e1s 365 es un diario digital independiente, fundado en 2012, con base en Asturias. Informamos con rigor sobre actualidad, sociedad, cultura y ocio, con una mirada local y global.\",\"url\":\"https:\\\/\\\/candas365.es\\\/noticias\\\/\",\"email\":\"info@candas365.es\",\"telephone\":\"+34652131393\",\"foundingDate\":\"2012-06-10\",\"logo\":{\"@type\":\"ImageObject\",\"url\":\"https:\\\/\\\/candas365.es\\\/noticias\\\/wp-content\\\/uploads\\\/2024\\\/09\\\/Candas-365-Redes.jpg\",\"@id\":\"https:\\\/\\\/candas365.es\\\/noticias\\\/el-bayern-munich-ficha-a-los-internacionales-alemanes-sule-y-rudy\\\/#organizationLogo\",\"width\":1152,\"height\":864,\"caption\":\"Cand\\u00e1s 365 Redes\"},\"image\":{\"@id\":\"https:\\\/\\\/candas365.es\\\/noticias\\\/el-bayern-munich-ficha-a-los-internacionales-alemanes-sule-y-rudy\\\/#organizationLogo\"},\"sameAs\":[\"https:\\\/\\\/www.facebook.com\\\/Nachofdezber\",\"https:\\\/\\\/x.com\\\/NabercoDigital\",\"https:\\\/\\\/www.instagram.com\\\/nachofdezber\\\/\",\"https:\\\/\\\/www.youtube.com\\\/channel\\\/UCZP-2wLEB9Rv6erhFmqVnvg\"],\"address\":{\"@id\":\"https:\\\/\\\/candas365.es\\\/noticias\\\/#postaladdress\",\"@type\":\"PostalAddress\",\"streetAddress\":\"san antonio 4, san antonio 4\",\"postalCode\":\"33430\",\"addressLocality\":\"Cand\\u00e1s\",\"addressRegion\":\"Asturias\",\"addressCountry\":\"ES\"}},{\"@type\":\"Person\",\"@id\":\"https:\\\/\\\/candas365.es\\\/noticias\\\/author\\\/admin\\\/#author\",\"url\":\"https:\\\/\\\/candas365.es\\\/noticias\\\/author\\\/admin\\\/\",\"name\":\"Cand\\u00e1s 365\",\"image\":{\"@type\":\"ImageObject\",\"@id\":\"https:\\\/\\\/candas365.es\\\/noticias\\\/el-bayern-munich-ficha-a-los-internacionales-alemanes-sule-y-rudy\\\/#authorImage\",\"url\":\"https:\\\/\\\/secure.gravatar.com\\\/avatar\\\/496a8e03d0c493ede1718b7934145dbdf8d89be1036b0eec9544e1094c9de390?s=96&d=mm&r=g\",\"width\":96,\"height\":96,\"caption\":\"Cand\\u00e1s 365\"},\"sameAs\":[\"https:\\\/\\\/www.facebook.com\\\/carrenoactualidad\",\"https:\\\/\\\/twitter.com\\\/nbasturias\",\"https:\\\/\\\/www.instagram.com\\\/nachofdezber\\\/\",\"https:\\\/\\\/www.youtube.com\\\/channel\\\/UCZP-2wLEB9Rv6erhFmqVnvg\"]},{\"@type\":\"WebPage\",\"@id\":\"https:\\\/\\\/candas365.es\\\/noticias\\\/el-bayern-munich-ficha-a-los-internacionales-alemanes-sule-y-rudy\\\/#webpage\",\"url\":\"https:\\\/\\\/candas365.es\\\/noticias\\\/el-bayern-munich-ficha-a-los-internacionales-alemanes-sule-y-rudy\\\/\",\"name\":\"El Bayern M\\u00fanich ficha a los internacionales alemanes S\\u00fcle y Rudy | Cand\\u00e1s 365\",\"description\":\"M\\u00fanich, 15 ene (dpa) - El Bayern M\\u00fanich fich\\u00f3 a los internacionales alemanes Sebastian Rudy y Niklas S\\u00fcler, del Hoffenheim, seg\\u00fan informaron hoy los dos clubes germanos. Los dos jugadores ser\\u00e1n oficialmente futbolistas del club b\\u00e1varo a partir del pr\\u00f3ximo 1 de julio de 2017. Rudy firm\\u00f3 un contrato de tres a\\u00f1os de duraci\\u00f3n, hasta\",\"inLanguage\":\"es-ES\",\"isPartOf\":{\"@id\":\"https:\\\/\\\/candas365.es\\\/noticias\\\/#website\"},\"breadcrumb\":{\"@id\":\"https:\\\/\\\/candas365.es\\\/noticias\\\/el-bayern-munich-ficha-a-los-internacionales-alemanes-sule-y-rudy\\\/#breadcrumblist\"},\"author\":{\"@id\":\"https:\\\/\\\/candas365.es\\\/noticias\\\/author\\\/admin\\\/#author\"},\"creator\":{\"@id\":\"https:\\\/\\\/candas365.es\\\/noticias\\\/author\\\/admin\\\/#author\"},\"image\":{\"@type\":\"ImageObject\",\"url\":\"https:\\\/\\\/candas365.es\\\/noticias\\\/wp-content\\\/uploads\\\/2015\\\/09\\\/c365noticias.jpg\",\"@id\":\"https:\\\/\\\/candas365.es\\\/noticias\\\/el-bayern-munich-ficha-a-los-internacionales-alemanes-sule-y-rudy\\\/#mainImage\",\"width\":655,\"height\":360},\"primaryImageOfPage\":{\"@id\":\"https:\\\/\\\/candas365.es\\\/noticias\\\/el-bayern-munich-ficha-a-los-internacionales-alemanes-sule-y-rudy\\\/#mainImage\"},\"datePublished\":\"2017-01-15T21:05:32+01:00\",\"dateModified\":\"2017-01-15T21:05:32+01:00\"},{\"@type\":\"WebSite\",\"@id\":\"https:\\\/\\\/candas365.es\\\/noticias\\\/#website\",\"url\":\"https:\\\/\\\/candas365.es\\\/noticias\\\/\",\"name\":\"Cand\\u00e1s 365\",\"alternateName\":\"Cand\\u00e1s 365 Noticias\",\"description\":\"Actualidad desde Carre\\u00f1o para el mundo\",\"inLanguage\":\"es-ES\",\"publisher\":{\"@id\":\"https:\\\/\\\/candas365.es\\\/noticias\\\/#organization\"}}]}\n\t\t<\/script>\n\t\t<!-- All in One SEO Pro -->\r\n\t\t<title>El Bayern M\u00fanich ficha a los internacionales alemanes S\u00fcle y Rudy | Cand\u00e1s 365<\/title>\n\n","aioseo_head_json":{"title":"El Bayern M\u00fanich ficha a los internacionales alemanes S\u00fcle y Rudy | Cand\u00e1s 365","description":"M\u00fanich, 15 ene (dpa) - El Bayern M\u00fanich fich\u00f3 a los internacionales alemanes Sebastian Rudy y Niklas S\u00fcler, del Hoffenheim, seg\u00fan informaron hoy los dos clubes germanos. Los dos jugadores ser\u00e1n oficialmente futbolistas del club b\u00e1varo a partir del pr\u00f3ximo 1 de julio de 2017. Rudy firm\u00f3 un contrato de tres a\u00f1os de duraci\u00f3n, hasta","canonical_url":"https:\/\/candas365.es\/noticias\/el-bayern-munich-ficha-a-los-internacionales-alemanes-sule-y-rudy\/","robots":"max-image-preview:large","keywords":"actualidad","webmasterTools":{"google-site-verification":"UA-32230408-1","msvalidate.01":"354F3CDFB2DA171B47FBE9ABF1F88D5","miscellaneous":""},"schema":{"@context":"https:\/\/schema.org","@graph":[{"@type":"BreadcrumbList","@id":"https:\/\/candas365.es\/noticias\/el-bayern-munich-ficha-a-los-internacionales-alemanes-sule-y-rudy\/#breadcrumblist","itemListElement":[{"@type":"ListItem","@id":"https:\/\/candas365.es\/noticias#listItem","position":1,"name":"Home","item":"https:\/\/candas365.es\/noticias","nextItem":{"@type":"ListItem","@id":"https:\/\/candas365.es\/noticias\/category\/actualidad\/#listItem","name":"Actualidad"}},{"@type":"ListItem","@id":"https:\/\/candas365.es\/noticias\/category\/actualidad\/#listItem","position":2,"name":"Actualidad","item":"https:\/\/candas365.es\/noticias\/category\/actualidad\/","nextItem":{"@type":"ListItem","@id":"https:\/\/candas365.es\/noticias\/el-bayern-munich-ficha-a-los-internacionales-alemanes-sule-y-rudy\/#listItem","name":"El Bayern M\u00fanich ficha a los internacionales alemanes S\u00fcle y Rudy"},"previousItem":{"@type":"ListItem","@id":"https:\/\/candas365.es\/noticias#listItem","name":"Home"}},{"@type":"ListItem","@id":"https:\/\/candas365.es\/noticias\/el-bayern-munich-ficha-a-los-internacionales-alemanes-sule-y-rudy\/#listItem","position":3,"name":"El Bayern M\u00fanich ficha a los internacionales alemanes S\u00fcle y Rudy","previousItem":{"@type":"ListItem","@id":"https:\/\/candas365.es\/noticias\/category\/actualidad\/#listItem","name":"Actualidad"}}]},{"@type":"NewsArticle","@id":"https:\/\/candas365.es\/noticias\/el-bayern-munich-ficha-a-los-internacionales-alemanes-sule-y-rudy\/#newsarticle","name":"El Bayern M\u00fanich ficha a los internacionales alemanes S\u00fcle y Rudy | Cand\u00e1s 365","headline":"El Bayern M\u00fanich ficha a los internacionales alemanes S\u00fcle y Rudy","author":{"@id":"https:\/\/candas365.es\/noticias\/author\/admin\/#author"},"publisher":{"@id":"https:\/\/candas365.es\/noticias\/#organization"},"image":{"@type":"ImageObject","url":"https:\/\/candas365.es\/noticias\/wp-content\/uploads\/2015\/09\/c365noticias.jpg","width":655,"height":360},"datePublished":"2017-01-15T21:05:32+01:00","dateModified":"2017-01-15T21:05:32+01:00","inLanguage":"es-ES","mainEntityOfPage":{"@id":"https:\/\/candas365.es\/noticias\/el-bayern-munich-ficha-a-los-internacionales-alemanes-sule-y-rudy\/#webpage"},"isPartOf":{"@id":"https:\/\/candas365.es\/noticias\/el-bayern-munich-ficha-a-los-internacionales-alemanes-sule-y-rudy\/#webpage"},"articleSection":"Actualidad","dateline":"Publicado el enero 15, 2017."},{"@type":"Organization","@id":"https:\/\/candas365.es\/noticias\/#organization","name":"Cand\u00e1s 365","description":"Cand\u00e1s 365 es un diario digital independiente, fundado en 2012, con base en Asturias. Informamos con rigor sobre actualidad, sociedad, cultura y ocio, con una mirada local y global.","url":"https:\/\/candas365.es\/noticias\/","email":"info@candas365.es","telephone":"+34652131393","foundingDate":"2012-06-10","logo":{"@type":"ImageObject","url":"https:\/\/candas365.es\/noticias\/wp-content\/uploads\/2024\/09\/Candas-365-Redes.jpg","@id":"https:\/\/candas365.es\/noticias\/el-bayern-munich-ficha-a-los-internacionales-alemanes-sule-y-rudy\/#organizationLogo","width":1152,"height":864,"caption":"Cand\u00e1s 365 Redes"},"image":{"@id":"https:\/\/candas365.es\/noticias\/el-bayern-munich-ficha-a-los-internacionales-alemanes-sule-y-rudy\/#organizationLogo"},"sameAs":["https:\/\/www.facebook.com\/Nachofdezber","https:\/\/x.com\/NabercoDigital","https:\/\/www.instagram.com\/nachofdezber\/","https:\/\/www.youtube.com\/channel\/UCZP-2wLEB9Rv6erhFmqVnvg"],"address":{"@id":"https:\/\/candas365.es\/noticias\/#postaladdress","@type":"PostalAddress","streetAddress":"san antonio 4, san antonio 4","postalCode":"33430","addressLocality":"Cand\u00e1s","addressRegion":"Asturias","addressCountry":"ES"}},{"@type":"Person","@id":"https:\/\/candas365.es\/noticias\/author\/admin\/#author","url":"https:\/\/candas365.es\/noticias\/author\/admin\/","name":"Cand\u00e1s 365","image":{"@type":"ImageObject","@id":"https:\/\/candas365.es\/noticias\/el-bayern-munich-ficha-a-los-internacionales-alemanes-sule-y-rudy\/#authorImage","url":"https:\/\/secure.gravatar.com\/avatar\/496a8e03d0c493ede1718b7934145dbdf8d89be1036b0eec9544e1094c9de390?s=96&d=mm&r=g","width":96,"height":96,"caption":"Cand\u00e1s 365"},"sameAs":["https:\/\/www.facebook.com\/carrenoactualidad","https:\/\/twitter.com\/nbasturias","https:\/\/www.instagram.com\/nachofdezber\/","https:\/\/www.youtube.com\/channel\/UCZP-2wLEB9Rv6erhFmqVnvg"]},{"@type":"WebPage","@id":"https:\/\/candas365.es\/noticias\/el-bayern-munich-ficha-a-los-internacionales-alemanes-sule-y-rudy\/#webpage","url":"https:\/\/candas365.es\/noticias\/el-bayern-munich-ficha-a-los-internacionales-alemanes-sule-y-rudy\/","name":"El Bayern M\u00fanich ficha a los internacionales alemanes S\u00fcle y Rudy | Cand\u00e1s 365","description":"M\u00fanich, 15 ene (dpa) - El Bayern M\u00fanich fich\u00f3 a los internacionales alemanes Sebastian Rudy y Niklas S\u00fcler, del Hoffenheim, seg\u00fan informaron hoy los dos clubes germanos. Los dos jugadores ser\u00e1n oficialmente futbolistas del club b\u00e1varo a partir del pr\u00f3ximo 1 de julio de 2017. Rudy firm\u00f3 un contrato de tres a\u00f1os de duraci\u00f3n, hasta","inLanguage":"es-ES","isPartOf":{"@id":"https:\/\/candas365.es\/noticias\/#website"},"breadcrumb":{"@id":"https:\/\/candas365.es\/noticias\/el-bayern-munich-ficha-a-los-internacionales-alemanes-sule-y-rudy\/#breadcrumblist"},"author":{"@id":"https:\/\/candas365.es\/noticias\/author\/admin\/#author"},"creator":{"@id":"https:\/\/candas365.es\/noticias\/author\/admin\/#author"},"image":{"@type":"ImageObject","url":"https:\/\/candas365.es\/noticias\/wp-content\/uploads\/2015\/09\/c365noticias.jpg","@id":"https:\/\/candas365.es\/noticias\/el-bayern-munich-ficha-a-los-internacionales-alemanes-sule-y-rudy\/#mainImage","width":655,"height":360},"primaryImageOfPage":{"@id":"https:\/\/candas365.es\/noticias\/el-bayern-munich-ficha-a-los-internacionales-alemanes-sule-y-rudy\/#mainImage"},"datePublished":"2017-01-15T21:05:32+01:00","dateModified":"2017-01-15T21:05:32+01:00"},{"@type":"WebSite","@id":"https:\/\/candas365.es\/noticias\/#website","url":"https:\/\/candas365.es\/noticias\/","name":"Cand\u00e1s 365","alternateName":"Cand\u00e1s 365 Noticias","description":"Actualidad desde Carre\u00f1o para el mundo","inLanguage":"es-ES","publisher":{"@id":"https:\/\/candas365.es\/noticias\/#organization"}}]},"og:locale":"es_ES","og:site_name":"Cand\u00e1s 365","og:type":"article","og:title":"El Bayern M\u00fanich ficha a los internacionales alemanes S\u00fcle y Rudy | Cand\u00e1s 365","og:description":"M\u00fanich, 15 ene (dpa) - El Bayern M\u00fanich fich\u00f3 a los internacionales alemanes Sebastian Rudy y Niklas S\u00fcler, del Hoffenheim, seg\u00fan informaron hoy los dos clubes germanos. Los dos jugadores ser\u00e1n oficialmente futbolistas del club b\u00e1varo a partir del pr\u00f3ximo 1 de julio de 2017. Rudy firm\u00f3 un contrato de tres a\u00f1os de duraci\u00f3n, hasta","og:url":"https:\/\/candas365.es\/noticias\/el-bayern-munich-ficha-a-los-internacionales-alemanes-sule-y-rudy\/","og:image":"https:\/\/candas365.es\/noticias\/wp-content\/uploads\/2015\/09\/c365noticias.jpg","og:image:secure_url":"https:\/\/candas365.es\/noticias\/wp-content\/uploads\/2015\/09\/c365noticias.jpg","og:image:width":655,"og:image:height":360,"article:published_time":"2017-01-15T21:05:32+00:00","article:modified_time":"2017-01-15T21:05:32+00:00","article:publisher":"https:\/\/www.facebook.com\/Nachofdezber","article:author":"https:\/\/www.facebook.com\/carrenoactualidad","twitter:card":"summary_large_image","twitter:site":"@NabercoDigital","twitter:title":"El Bayern M\u00fanich ficha a los internacionales alemanes S\u00fcle y Rudy | Cand\u00e1s 365","twitter:description":"M\u00fanich, 15 ene (dpa) - El Bayern M\u00fanich fich\u00f3 a los internacionales alemanes Sebastian Rudy y Niklas S\u00fcler, del Hoffenheim, seg\u00fan informaron hoy los dos clubes germanos. Los dos jugadores ser\u00e1n oficialmente futbolistas del club b\u00e1varo a partir del pr\u00f3ximo 1 de julio de 2017. Rudy firm\u00f3 un contrato de tres a\u00f1os de duraci\u00f3n, hasta","twitter:creator":"@nbasturias","twitter:image":"https:\/\/candas365.es\/noticias\/wp-content\/uploads\/2015\/09\/c365noticias.jpg","twitter:label1":"Escrito por","twitter:data1":"Cand\u00e1s 365","twitter:label2":"Tiempo de lectura estimado","twitter:data2":"1 minuto"},"aioseo_meta_data":{"post_id":"40562","title":null,"description":null,"keywords":null,"keyphrases":null,"primary_term":null,"canonical_url":null,"og_title":null,"og_description":null,"og_object_type":"default","og_image_type":"default","og_image_url":null,"og_image_width":null,"og_image_height":null,"og_image_custom_url":null,"og_image_custom_fields":null,"og_video":null,"og_custom_url":null,"og_article_section":null,"og_article_tags":null,"twitter_use_og":false,"twitter_card":"default","twitter_image_type":"default","twitter_image_url":null,"twitter_image_custom_url":null,"twitter_image_custom_fields":null,"twitter_title":null,"twitter_description":null,"schema":{"blockGraphs":[],"customGraphs":[],"default":{"data":{"Article":[],"Course":[],"Dataset":[],"FAQPage":[],"Movie":[],"Person":[],"Product":[],"ProductReview":[],"Car":[],"Recipe":[],"Service":[],"SoftwareApplication":[],"WebPage":[]},"graphName":"","isEnabled":true},"graphs":[]},"schema_type":null,"schema_type_options":null,"pillar_content":false,"robots_default":true,"robots_noindex":false,"robots_noarchive":false,"robots_nosnippet":false,"robots_nofollow":false,"robots_noimageindex":false,"robots_noodp":false,"robots_notranslate":false,"robots_max_snippet":null,"robots_max_videopreview":null,"robots_max_imagepreview":"large","priority":null,"frequency":null,"location":null,"local_seo":null,"seo_analyzer_scan_date":"2025-08-25 03:02:17","breadcrumb_settings":null,"limit_modified_date":false,"reviewed_by":null,"open_ai":null,"ai":null,"created":"2020-12-21 13:06:42","updated":"2025-08-25 03:02:17"},"aioseo_breadcrumb":"<div class=\"aioseo-breadcrumbs\"><span class=\"aioseo-breadcrumb\">\n\t<a href=\"https:\/\/candas365.es\/noticias\" title=\"Home\">Home<\/a>\n<\/span><span class=\"aioseo-breadcrumb-separator\">&ndash;<\/span><span class=\"aioseo-breadcrumb\">\n\t<a href=\"https:\/\/candas365.es\/noticias\/category\/actualidad\/\" title=\"Actualidad\">Actualidad<\/a>\n<\/span><span class=\"aioseo-breadcrumb-separator\">&ndash;<\/span><span class=\"aioseo-breadcrumb\">\n\tEl Bayern M\u00fanich ficha a los internacionales alemanes S\u00fcle y Rudy\n<\/span><\/div>","aioseo_breadcrumb_json":[{"label":"Home","link":"https:\/\/candas365.es\/noticias"},{"label":"Actualidad","link":"https:\/\/candas365.es\/noticias\/category\/actualidad\/"},{"label":"El Bayern M\u00fanich ficha a los internacionales alemanes S\u00fcle y Rudy","link":"https:\/\/candas365.es\/noticias\/el-bayern-munich-ficha-a-los-internacionales-alemanes-sule-y-rudy\/"}],"_links":{"self":[{"href":"https:\/\/candas365.es\/noticias\/wp-json\/wp\/v2\/posts\/40562","targetHints":{"allow":["GET"]}}],"collection":[{"href":"https:\/\/candas365.es\/noticias\/wp-json\/wp\/v2\/posts"}],"about":[{"href":"https:\/\/candas365.es\/noticias\/wp-json\/wp\/v2\/types\/post"}],"author":[{"embeddable":true,"href":"https:\/\/candas365.es\/noticias\/wp-json\/wp\/v2\/users\/1"}],"replies":[{"embeddable":true,"href":"https:\/\/candas365.es\/noticias\/wp-json\/wp\/v2\/comments?post=40562"}],"version-history":[{"count":0,"href":"https:\/\/candas365.es\/noticias\/wp-json\/wp\/v2\/posts\/40562\/revisions"}],"wp:featuredmedia":[{"embeddable":true,"href":"https:\/\/candas365.es\/noticias\/wp-json\/wp\/v2\/media\/16457"}],"wp:attachment":[{"href":"https:\/\/candas365.es\/noticias\/wp-json\/wp\/v2\/media?parent=40562"}],"wp:term":[{"taxonomy":"category","embeddable":true,"href":"https:\/\/candas365.es\/noticias\/wp-json\/wp\/v2\/categories?post=40562"},{"taxonomy":"post_tag","embeddable":true,"href":"https:\/\/candas365.es\/noticias\/wp-json\/wp\/v2\/tags?post=40562"}],"curies":[{"name":"wp","href":"https:\/\/api.w.org\/{rel}","templated":true}]}}