{"id":40556,"date":"2017-01-15T21:00:39","date_gmt":"2017-01-15T21:00:39","guid":{"rendered":"http:\/\/candas365.es\/noticias\/?p=40556"},"modified":"2017-01-15T21:00:39","modified_gmt":"2017-01-15T21:00:39","slug":"prensa-autor-del-atentado-de-berlin-se-drogaba-y-era-traficante","status":"publish","type":"post","link":"https:\/\/candas365.es\/noticias\/prensa-autor-del-atentado-de-berlin-se-drogaba-y-era-traficante\/","title":{"rendered":"Prensa: Autor del atentado de Berl\u00edn se drogaba y era traficante"},"content":{"rendered":"<p>Berl\u00edn, 15 ene (dpa) &#8211; Anis Amri, autor del atentado con un cami\u00f3n contra un mercado de Navidad en diciembre en Berl\u00edn, se drogaba y financiaba su vida como traficante de estupefacientes, seg\u00fan publica hoy el dominical alem\u00e1n \u00abWelt am Sonntag\u00bb.<\/p>\n<p>El tunecino, que acab\u00f3 con la vida de doce personas e hiri\u00f3 a cerca de medio centenar, consum\u00eda regularmente \u00e9xtasis y coca\u00edna, indic\u00f3 el rotativo en base a un informe de expertos sobre el atentado terrorista perpetrado el 19 de diciembre. La comisi\u00f3n de control de los servicios secretos del Parlamento alem\u00e1n se ocupar\u00e1 de analizar este informe.<\/p>\n<p>Ya en su pa\u00eds de origen, T\u00fanez, el joven de 24 a\u00f1os era conocido por delitos de drogas y tambi\u00e9n las vendi\u00f3 en Berl\u00edn, seg\u00fan el diario. Los investigadores se preguntan ahora si cometi\u00f3 el atentado contra el popular mercado navide\u00f1o bajo los efectos de estas sustancias.<\/p>\n<p>El caso Amri sigue contando con numerosas inc\u00f3gnitas, como por ejemplo sus viajes. De acuerdo con el informe, Amri se encontraba ya en Berl\u00edn varios d\u00edas antes del antentado. En los meses anteriores viaj\u00f3 con frecuencia desde el estado federado alem\u00e1n de Renania del Norte-Westfalia hasta B\u00e9lgica, donde hay un gran n\u00famero de islamistas.<\/p>\n<p>La b\u00fasqueda de contactos de Amri es complicada debido a que los investigadores s\u00f3lo encontraron dos n\u00fameros de tel\u00e9fono guardados en su celular.<\/p>\n<p>El dominical informa tambi\u00e9n que en la mochila de Amri, que muri\u00f3 abatido por la Polic\u00eda en Mil\u00e1n el 23 de diciembre, se encontr\u00f3 un billete de tren procedente de Francia, una tarjeta de tel\u00e9fono holandesa, un gel de ducha alem\u00e1n, espuma de afeitar y mil euros. Estos datos fueron proporcionados por la Polic\u00eda en Mil\u00e1n al diario alem\u00e1n. No se encontraron drogas y actualmente se analiza de d\u00f3nde procede el dinero.<\/p>\n<p>&nbsp;<\/p>\n","protected":false},"excerpt":{"rendered":"<p>Berl\u00edn, 15 ene (dpa) &#8211; Anis Amri, autor del atentado con un cami\u00f3n contra un mercado de Navidad en diciembre en Berl\u00edn, se drogaba y financiaba su vida como traficante de estupefacientes, seg\u00fan publica hoy el dominical alem\u00e1n \u00abWelt am Sonntag\u00bb. El tunecino, que acab\u00f3 con la vida de doce personas e hiri\u00f3 a cerca<\/p>\n","protected":false},"author":1,"featured_media":16457,"comment_status":"closed","ping_status":"closed","sticky":false,"template":"","format":"standard","meta":{"footnotes":""},"categories":[343],"tags":[],"class_list":{"0":"post-40556","1":"post","2":"type-post","3":"status-publish","4":"format-standard","5":"has-post-thumbnail","7":"category-actualidad"},"aioseo_notices":[],"aioseo_head":"\n\t\t<!-- All in One SEO Pro 4.9.6.2 - aioseo.com -->\n\t<meta name=\"description\" content=\"Berl\u00edn, 15 ene (dpa) - Anis Amri, autor del atentado con un cami\u00f3n contra un mercado de Navidad en diciembre en Berl\u00edn, se drogaba y financiaba su vida como traficante de estupefacientes, seg\u00fan publica hoy el dominical alem\u00e1n &quot;Welt am Sonntag&quot;. El tunecino, que acab\u00f3 con la vida de doce personas e hiri\u00f3 a cerca\" \/>\n\t<meta name=\"robots\" content=\"max-image-preview:large\" \/>\n\t<meta name=\"author\" content=\"Cand\u00e1s 365\"\/>\n\t<meta name=\"google-site-verification\" content=\"UA-32230408-1\" \/>\n\t<meta name=\"msvalidate.01\" content=\"354F3CDFB2DA171B47FBE9ABF1F88D5\" \/>\n\t<meta name=\"keywords\" content=\"actualidad\" \/>\n\t<link rel=\"canonical\" href=\"https:\/\/candas365.es\/noticias\/prensa-autor-del-atentado-de-berlin-se-drogaba-y-era-traficante\/\" \/>\n\t<meta name=\"generator\" content=\"All in One SEO Pro (AIOSEO) 4.9.6.2\" \/>\n\t\t<meta property=\"og:locale\" content=\"es_ES\" \/>\n\t\t<meta property=\"og:site_name\" content=\"Cand\u00e1s 365\" \/>\n\t\t<meta property=\"og:type\" content=\"article\" \/>\n\t\t<meta property=\"og:title\" content=\"Prensa: Autor del atentado de Berl\u00edn se drogaba y era traficante | Cand\u00e1s 365\" \/>\n\t\t<meta property=\"og:description\" content=\"Berl\u00edn, 15 ene (dpa) - Anis Amri, autor del atentado con un cami\u00f3n contra un mercado de Navidad en diciembre en Berl\u00edn, se drogaba y financiaba su vida como traficante de estupefacientes, seg\u00fan publica hoy el dominical alem\u00e1n &quot;Welt am Sonntag&quot;. El tunecino, que acab\u00f3 con la vida de doce personas e hiri\u00f3 a cerca\" \/>\n\t\t<meta property=\"og:url\" content=\"https:\/\/candas365.es\/noticias\/prensa-autor-del-atentado-de-berlin-se-drogaba-y-era-traficante\/\" \/>\n\t\t<meta property=\"og:image\" content=\"https:\/\/candas365.es\/noticias\/wp-content\/uploads\/2015\/09\/c365noticias.jpg\" \/>\n\t\t<meta property=\"og:image:secure_url\" content=\"https:\/\/candas365.es\/noticias\/wp-content\/uploads\/2015\/09\/c365noticias.jpg\" \/>\n\t\t<meta property=\"og:image:width\" content=\"655\" \/>\n\t\t<meta property=\"og:image:height\" content=\"360\" \/>\n\t\t<meta property=\"article:published_time\" content=\"2017-01-15T21:00:39+00:00\" \/>\n\t\t<meta property=\"article:modified_time\" content=\"2017-01-15T21:00:39+00:00\" \/>\n\t\t<meta property=\"article:publisher\" content=\"https:\/\/www.facebook.com\/Nachofdezber\" \/>\n\t\t<meta property=\"article:author\" content=\"https:\/\/www.facebook.com\/carrenoactualidad\" \/>\n\t\t<meta name=\"twitter:card\" content=\"summary_large_image\" \/>\n\t\t<meta name=\"twitter:site\" content=\"@NabercoDigital\" \/>\n\t\t<meta name=\"twitter:title\" content=\"Prensa: Autor del atentado de Berl\u00edn se drogaba y era traficante | Cand\u00e1s 365\" \/>\n\t\t<meta name=\"twitter:description\" content=\"Berl\u00edn, 15 ene (dpa) - Anis Amri, autor del atentado con un cami\u00f3n contra un mercado de Navidad en diciembre en Berl\u00edn, se drogaba y financiaba su vida como traficante de estupefacientes, seg\u00fan publica hoy el dominical alem\u00e1n &quot;Welt am Sonntag&quot;. El tunecino, que acab\u00f3 con la vida de doce personas e hiri\u00f3 a cerca\" \/>\n\t\t<meta name=\"twitter:creator\" content=\"@nbasturias\" \/>\n\t\t<meta name=\"twitter:image\" content=\"https:\/\/candas365.es\/noticias\/wp-content\/uploads\/2015\/09\/c365noticias.jpg\" \/>\n\t\t<meta name=\"twitter:label1\" content=\"Escrito por\" \/>\n\t\t<meta name=\"twitter:data1\" content=\"Cand\u00e1s 365\" \/>\n\t\t<meta name=\"twitter:label2\" content=\"Tiempo de lectura estimado\" \/>\n\t\t<meta name=\"twitter:data2\" content=\"2 minutos\" \/>\n\t\t<script type=\"application\/ld+json\" class=\"aioseo-schema\">\n\t\t\t{\"@context\":\"https:\\\/\\\/schema.org\",\"@graph\":[{\"@type\":\"BreadcrumbList\",\"@id\":\"https:\\\/\\\/candas365.es\\\/noticias\\\/prensa-autor-del-atentado-de-berlin-se-drogaba-y-era-traficante\\\/#breadcrumblist\",\"itemListElement\":[{\"@type\":\"ListItem\",\"@id\":\"https:\\\/\\\/candas365.es\\\/noticias#listItem\",\"position\":1,\"name\":\"Home\",\"item\":\"https:\\\/\\\/candas365.es\\\/noticias\",\"nextItem\":{\"@type\":\"ListItem\",\"@id\":\"https:\\\/\\\/candas365.es\\\/noticias\\\/category\\\/actualidad\\\/#listItem\",\"name\":\"Actualidad\"}},{\"@type\":\"ListItem\",\"@id\":\"https:\\\/\\\/candas365.es\\\/noticias\\\/category\\\/actualidad\\\/#listItem\",\"position\":2,\"name\":\"Actualidad\",\"item\":\"https:\\\/\\\/candas365.es\\\/noticias\\\/category\\\/actualidad\\\/\",\"nextItem\":{\"@type\":\"ListItem\",\"@id\":\"https:\\\/\\\/candas365.es\\\/noticias\\\/prensa-autor-del-atentado-de-berlin-se-drogaba-y-era-traficante\\\/#listItem\",\"name\":\"Prensa: Autor del atentado de Berl\\u00edn se drogaba y era traficante\"},\"previousItem\":{\"@type\":\"ListItem\",\"@id\":\"https:\\\/\\\/candas365.es\\\/noticias#listItem\",\"name\":\"Home\"}},{\"@type\":\"ListItem\",\"@id\":\"https:\\\/\\\/candas365.es\\\/noticias\\\/prensa-autor-del-atentado-de-berlin-se-drogaba-y-era-traficante\\\/#listItem\",\"position\":3,\"name\":\"Prensa: Autor del atentado de Berl\\u00edn se drogaba y era traficante\",\"previousItem\":{\"@type\":\"ListItem\",\"@id\":\"https:\\\/\\\/candas365.es\\\/noticias\\\/category\\\/actualidad\\\/#listItem\",\"name\":\"Actualidad\"}}]},{\"@type\":\"NewsArticle\",\"@id\":\"https:\\\/\\\/candas365.es\\\/noticias\\\/prensa-autor-del-atentado-de-berlin-se-drogaba-y-era-traficante\\\/#newsarticle\",\"name\":\"Prensa: Autor del atentado de Berl\\u00edn se drogaba y era traficante | Cand\\u00e1s 365\",\"headline\":\"Prensa: Autor del atentado de Berl\\u00edn se drogaba y era traficante\",\"author\":{\"@id\":\"https:\\\/\\\/candas365.es\\\/noticias\\\/author\\\/admin\\\/#author\"},\"publisher\":{\"@id\":\"https:\\\/\\\/candas365.es\\\/noticias\\\/#organization\"},\"image\":{\"@type\":\"ImageObject\",\"url\":\"https:\\\/\\\/candas365.es\\\/noticias\\\/wp-content\\\/uploads\\\/2015\\\/09\\\/c365noticias.jpg\",\"width\":655,\"height\":360},\"datePublished\":\"2017-01-15T21:00:39+01:00\",\"dateModified\":\"2017-01-15T21:00:39+01:00\",\"inLanguage\":\"es-ES\",\"mainEntityOfPage\":{\"@id\":\"https:\\\/\\\/candas365.es\\\/noticias\\\/prensa-autor-del-atentado-de-berlin-se-drogaba-y-era-traficante\\\/#webpage\"},\"isPartOf\":{\"@id\":\"https:\\\/\\\/candas365.es\\\/noticias\\\/prensa-autor-del-atentado-de-berlin-se-drogaba-y-era-traficante\\\/#webpage\"},\"articleSection\":\"Actualidad\",\"dateline\":\"Publicado el enero 15, 2017.\"},{\"@type\":\"Organization\",\"@id\":\"https:\\\/\\\/candas365.es\\\/noticias\\\/#organization\",\"name\":\"Cand\\u00e1s 365\",\"description\":\"Cand\\u00e1s 365 es un diario digital independiente, fundado en 2012, con base en Asturias. Informamos con rigor sobre actualidad, sociedad, cultura y ocio, con una mirada local y global.\",\"url\":\"https:\\\/\\\/candas365.es\\\/noticias\\\/\",\"email\":\"info@candas365.es\",\"telephone\":\"+34652131393\",\"foundingDate\":\"2012-06-10\",\"logo\":{\"@type\":\"ImageObject\",\"url\":\"https:\\\/\\\/candas365.es\\\/noticias\\\/wp-content\\\/uploads\\\/2024\\\/09\\\/Candas-365-Redes.jpg\",\"@id\":\"https:\\\/\\\/candas365.es\\\/noticias\\\/prensa-autor-del-atentado-de-berlin-se-drogaba-y-era-traficante\\\/#organizationLogo\",\"width\":1152,\"height\":864,\"caption\":\"Cand\\u00e1s 365 Redes\"},\"image\":{\"@id\":\"https:\\\/\\\/candas365.es\\\/noticias\\\/prensa-autor-del-atentado-de-berlin-se-drogaba-y-era-traficante\\\/#organizationLogo\"},\"sameAs\":[\"https:\\\/\\\/www.facebook.com\\\/Nachofdezber\",\"https:\\\/\\\/x.com\\\/NabercoDigital\",\"https:\\\/\\\/www.instagram.com\\\/nachofdezber\\\/\",\"https:\\\/\\\/www.youtube.com\\\/channel\\\/UCZP-2wLEB9Rv6erhFmqVnvg\"],\"address\":{\"@id\":\"https:\\\/\\\/candas365.es\\\/noticias\\\/#postaladdress\",\"@type\":\"PostalAddress\",\"streetAddress\":\"san antonio 4, san antonio 4\",\"postalCode\":\"33430\",\"addressLocality\":\"Cand\\u00e1s\",\"addressRegion\":\"Asturias\",\"addressCountry\":\"ES\"}},{\"@type\":\"Person\",\"@id\":\"https:\\\/\\\/candas365.es\\\/noticias\\\/author\\\/admin\\\/#author\",\"url\":\"https:\\\/\\\/candas365.es\\\/noticias\\\/author\\\/admin\\\/\",\"name\":\"Cand\\u00e1s 365\",\"image\":{\"@type\":\"ImageObject\",\"@id\":\"https:\\\/\\\/candas365.es\\\/noticias\\\/prensa-autor-del-atentado-de-berlin-se-drogaba-y-era-traficante\\\/#authorImage\",\"url\":\"https:\\\/\\\/secure.gravatar.com\\\/avatar\\\/496a8e03d0c493ede1718b7934145dbdf8d89be1036b0eec9544e1094c9de390?s=96&d=mm&r=g\",\"width\":96,\"height\":96,\"caption\":\"Cand\\u00e1s 365\"},\"sameAs\":[\"https:\\\/\\\/www.facebook.com\\\/carrenoactualidad\",\"https:\\\/\\\/twitter.com\\\/nbasturias\",\"https:\\\/\\\/www.instagram.com\\\/nachofdezber\\\/\",\"https:\\\/\\\/www.youtube.com\\\/channel\\\/UCZP-2wLEB9Rv6erhFmqVnvg\"]},{\"@type\":\"WebPage\",\"@id\":\"https:\\\/\\\/candas365.es\\\/noticias\\\/prensa-autor-del-atentado-de-berlin-se-drogaba-y-era-traficante\\\/#webpage\",\"url\":\"https:\\\/\\\/candas365.es\\\/noticias\\\/prensa-autor-del-atentado-de-berlin-se-drogaba-y-era-traficante\\\/\",\"name\":\"Prensa: Autor del atentado de Berl\\u00edn se drogaba y era traficante | Cand\\u00e1s 365\",\"description\":\"Berl\\u00edn, 15 ene (dpa) - Anis Amri, autor del atentado con un cami\\u00f3n contra un mercado de Navidad en diciembre en Berl\\u00edn, se drogaba y financiaba su vida como traficante de estupefacientes, seg\\u00fan publica hoy el dominical alem\\u00e1n \\\"Welt am Sonntag\\\". El tunecino, que acab\\u00f3 con la vida de doce personas e hiri\\u00f3 a cerca\",\"inLanguage\":\"es-ES\",\"isPartOf\":{\"@id\":\"https:\\\/\\\/candas365.es\\\/noticias\\\/#website\"},\"breadcrumb\":{\"@id\":\"https:\\\/\\\/candas365.es\\\/noticias\\\/prensa-autor-del-atentado-de-berlin-se-drogaba-y-era-traficante\\\/#breadcrumblist\"},\"author\":{\"@id\":\"https:\\\/\\\/candas365.es\\\/noticias\\\/author\\\/admin\\\/#author\"},\"creator\":{\"@id\":\"https:\\\/\\\/candas365.es\\\/noticias\\\/author\\\/admin\\\/#author\"},\"image\":{\"@type\":\"ImageObject\",\"url\":\"https:\\\/\\\/candas365.es\\\/noticias\\\/wp-content\\\/uploads\\\/2015\\\/09\\\/c365noticias.jpg\",\"@id\":\"https:\\\/\\\/candas365.es\\\/noticias\\\/prensa-autor-del-atentado-de-berlin-se-drogaba-y-era-traficante\\\/#mainImage\",\"width\":655,\"height\":360},\"primaryImageOfPage\":{\"@id\":\"https:\\\/\\\/candas365.es\\\/noticias\\\/prensa-autor-del-atentado-de-berlin-se-drogaba-y-era-traficante\\\/#mainImage\"},\"datePublished\":\"2017-01-15T21:00:39+01:00\",\"dateModified\":\"2017-01-15T21:00:39+01:00\"},{\"@type\":\"WebSite\",\"@id\":\"https:\\\/\\\/candas365.es\\\/noticias\\\/#website\",\"url\":\"https:\\\/\\\/candas365.es\\\/noticias\\\/\",\"name\":\"Cand\\u00e1s 365\",\"alternateName\":\"Cand\\u00e1s 365 Noticias\",\"description\":\"Actualidad desde Carre\\u00f1o para el mundo\",\"inLanguage\":\"es-ES\",\"publisher\":{\"@id\":\"https:\\\/\\\/candas365.es\\\/noticias\\\/#organization\"}}]}\n\t\t<\/script>\n\t\t<!-- All in One SEO Pro -->\r\n\t\t<title>Prensa: Autor del atentado de Berl\u00edn se drogaba y era traficante | Cand\u00e1s 365<\/title>\n\n","aioseo_head_json":{"title":"Prensa: Autor del atentado de Berl\u00edn se drogaba y era traficante | Cand\u00e1s 365","description":"Berl\u00edn, 15 ene (dpa) - Anis Amri, autor del atentado con un cami\u00f3n contra un mercado de Navidad en diciembre en Berl\u00edn, se drogaba y financiaba su vida como traficante de estupefacientes, seg\u00fan publica hoy el dominical alem\u00e1n \"Welt am Sonntag\". El tunecino, que acab\u00f3 con la vida de doce personas e hiri\u00f3 a cerca","canonical_url":"https:\/\/candas365.es\/noticias\/prensa-autor-del-atentado-de-berlin-se-drogaba-y-era-traficante\/","robots":"max-image-preview:large","keywords":"actualidad","webmasterTools":{"google-site-verification":"UA-32230408-1","msvalidate.01":"354F3CDFB2DA171B47FBE9ABF1F88D5","miscellaneous":""},"schema":{"@context":"https:\/\/schema.org","@graph":[{"@type":"BreadcrumbList","@id":"https:\/\/candas365.es\/noticias\/prensa-autor-del-atentado-de-berlin-se-drogaba-y-era-traficante\/#breadcrumblist","itemListElement":[{"@type":"ListItem","@id":"https:\/\/candas365.es\/noticias#listItem","position":1,"name":"Home","item":"https:\/\/candas365.es\/noticias","nextItem":{"@type":"ListItem","@id":"https:\/\/candas365.es\/noticias\/category\/actualidad\/#listItem","name":"Actualidad"}},{"@type":"ListItem","@id":"https:\/\/candas365.es\/noticias\/category\/actualidad\/#listItem","position":2,"name":"Actualidad","item":"https:\/\/candas365.es\/noticias\/category\/actualidad\/","nextItem":{"@type":"ListItem","@id":"https:\/\/candas365.es\/noticias\/prensa-autor-del-atentado-de-berlin-se-drogaba-y-era-traficante\/#listItem","name":"Prensa: Autor del atentado de Berl\u00edn se drogaba y era traficante"},"previousItem":{"@type":"ListItem","@id":"https:\/\/candas365.es\/noticias#listItem","name":"Home"}},{"@type":"ListItem","@id":"https:\/\/candas365.es\/noticias\/prensa-autor-del-atentado-de-berlin-se-drogaba-y-era-traficante\/#listItem","position":3,"name":"Prensa: Autor del atentado de Berl\u00edn se drogaba y era traficante","previousItem":{"@type":"ListItem","@id":"https:\/\/candas365.es\/noticias\/category\/actualidad\/#listItem","name":"Actualidad"}}]},{"@type":"NewsArticle","@id":"https:\/\/candas365.es\/noticias\/prensa-autor-del-atentado-de-berlin-se-drogaba-y-era-traficante\/#newsarticle","name":"Prensa: Autor del atentado de Berl\u00edn se drogaba y era traficante | Cand\u00e1s 365","headline":"Prensa: Autor del atentado de Berl\u00edn se drogaba y era traficante","author":{"@id":"https:\/\/candas365.es\/noticias\/author\/admin\/#author"},"publisher":{"@id":"https:\/\/candas365.es\/noticias\/#organization"},"image":{"@type":"ImageObject","url":"https:\/\/candas365.es\/noticias\/wp-content\/uploads\/2015\/09\/c365noticias.jpg","width":655,"height":360},"datePublished":"2017-01-15T21:00:39+01:00","dateModified":"2017-01-15T21:00:39+01:00","inLanguage":"es-ES","mainEntityOfPage":{"@id":"https:\/\/candas365.es\/noticias\/prensa-autor-del-atentado-de-berlin-se-drogaba-y-era-traficante\/#webpage"},"isPartOf":{"@id":"https:\/\/candas365.es\/noticias\/prensa-autor-del-atentado-de-berlin-se-drogaba-y-era-traficante\/#webpage"},"articleSection":"Actualidad","dateline":"Publicado el enero 15, 2017."},{"@type":"Organization","@id":"https:\/\/candas365.es\/noticias\/#organization","name":"Cand\u00e1s 365","description":"Cand\u00e1s 365 es un diario digital independiente, fundado en 2012, con base en Asturias. Informamos con rigor sobre actualidad, sociedad, cultura y ocio, con una mirada local y global.","url":"https:\/\/candas365.es\/noticias\/","email":"info@candas365.es","telephone":"+34652131393","foundingDate":"2012-06-10","logo":{"@type":"ImageObject","url":"https:\/\/candas365.es\/noticias\/wp-content\/uploads\/2024\/09\/Candas-365-Redes.jpg","@id":"https:\/\/candas365.es\/noticias\/prensa-autor-del-atentado-de-berlin-se-drogaba-y-era-traficante\/#organizationLogo","width":1152,"height":864,"caption":"Cand\u00e1s 365 Redes"},"image":{"@id":"https:\/\/candas365.es\/noticias\/prensa-autor-del-atentado-de-berlin-se-drogaba-y-era-traficante\/#organizationLogo"},"sameAs":["https:\/\/www.facebook.com\/Nachofdezber","https:\/\/x.com\/NabercoDigital","https:\/\/www.instagram.com\/nachofdezber\/","https:\/\/www.youtube.com\/channel\/UCZP-2wLEB9Rv6erhFmqVnvg"],"address":{"@id":"https:\/\/candas365.es\/noticias\/#postaladdress","@type":"PostalAddress","streetAddress":"san antonio 4, san antonio 4","postalCode":"33430","addressLocality":"Cand\u00e1s","addressRegion":"Asturias","addressCountry":"ES"}},{"@type":"Person","@id":"https:\/\/candas365.es\/noticias\/author\/admin\/#author","url":"https:\/\/candas365.es\/noticias\/author\/admin\/","name":"Cand\u00e1s 365","image":{"@type":"ImageObject","@id":"https:\/\/candas365.es\/noticias\/prensa-autor-del-atentado-de-berlin-se-drogaba-y-era-traficante\/#authorImage","url":"https:\/\/secure.gravatar.com\/avatar\/496a8e03d0c493ede1718b7934145dbdf8d89be1036b0eec9544e1094c9de390?s=96&d=mm&r=g","width":96,"height":96,"caption":"Cand\u00e1s 365"},"sameAs":["https:\/\/www.facebook.com\/carrenoactualidad","https:\/\/twitter.com\/nbasturias","https:\/\/www.instagram.com\/nachofdezber\/","https:\/\/www.youtube.com\/channel\/UCZP-2wLEB9Rv6erhFmqVnvg"]},{"@type":"WebPage","@id":"https:\/\/candas365.es\/noticias\/prensa-autor-del-atentado-de-berlin-se-drogaba-y-era-traficante\/#webpage","url":"https:\/\/candas365.es\/noticias\/prensa-autor-del-atentado-de-berlin-se-drogaba-y-era-traficante\/","name":"Prensa: Autor del atentado de Berl\u00edn se drogaba y era traficante | Cand\u00e1s 365","description":"Berl\u00edn, 15 ene (dpa) - Anis Amri, autor del atentado con un cami\u00f3n contra un mercado de Navidad en diciembre en Berl\u00edn, se drogaba y financiaba su vida como traficante de estupefacientes, seg\u00fan publica hoy el dominical alem\u00e1n \"Welt am Sonntag\". El tunecino, que acab\u00f3 con la vida de doce personas e hiri\u00f3 a cerca","inLanguage":"es-ES","isPartOf":{"@id":"https:\/\/candas365.es\/noticias\/#website"},"breadcrumb":{"@id":"https:\/\/candas365.es\/noticias\/prensa-autor-del-atentado-de-berlin-se-drogaba-y-era-traficante\/#breadcrumblist"},"author":{"@id":"https:\/\/candas365.es\/noticias\/author\/admin\/#author"},"creator":{"@id":"https:\/\/candas365.es\/noticias\/author\/admin\/#author"},"image":{"@type":"ImageObject","url":"https:\/\/candas365.es\/noticias\/wp-content\/uploads\/2015\/09\/c365noticias.jpg","@id":"https:\/\/candas365.es\/noticias\/prensa-autor-del-atentado-de-berlin-se-drogaba-y-era-traficante\/#mainImage","width":655,"height":360},"primaryImageOfPage":{"@id":"https:\/\/candas365.es\/noticias\/prensa-autor-del-atentado-de-berlin-se-drogaba-y-era-traficante\/#mainImage"},"datePublished":"2017-01-15T21:00:39+01:00","dateModified":"2017-01-15T21:00:39+01:00"},{"@type":"WebSite","@id":"https:\/\/candas365.es\/noticias\/#website","url":"https:\/\/candas365.es\/noticias\/","name":"Cand\u00e1s 365","alternateName":"Cand\u00e1s 365 Noticias","description":"Actualidad desde Carre\u00f1o para el mundo","inLanguage":"es-ES","publisher":{"@id":"https:\/\/candas365.es\/noticias\/#organization"}}]},"og:locale":"es_ES","og:site_name":"Cand\u00e1s 365","og:type":"article","og:title":"Prensa: Autor del atentado de Berl\u00edn se drogaba y era traficante | Cand\u00e1s 365","og:description":"Berl\u00edn, 15 ene (dpa) - Anis Amri, autor del atentado con un cami\u00f3n contra un mercado de Navidad en diciembre en Berl\u00edn, se drogaba y financiaba su vida como traficante de estupefacientes, seg\u00fan publica hoy el dominical alem\u00e1n &quot;Welt am Sonntag&quot;. El tunecino, que acab\u00f3 con la vida de doce personas e hiri\u00f3 a cerca","og:url":"https:\/\/candas365.es\/noticias\/prensa-autor-del-atentado-de-berlin-se-drogaba-y-era-traficante\/","og:image":"https:\/\/candas365.es\/noticias\/wp-content\/uploads\/2015\/09\/c365noticias.jpg","og:image:secure_url":"https:\/\/candas365.es\/noticias\/wp-content\/uploads\/2015\/09\/c365noticias.jpg","og:image:width":655,"og:image:height":360,"article:published_time":"2017-01-15T21:00:39+00:00","article:modified_time":"2017-01-15T21:00:39+00:00","article:publisher":"https:\/\/www.facebook.com\/Nachofdezber","article:author":"https:\/\/www.facebook.com\/carrenoactualidad","twitter:card":"summary_large_image","twitter:site":"@NabercoDigital","twitter:title":"Prensa: Autor del atentado de Berl\u00edn se drogaba y era traficante | Cand\u00e1s 365","twitter:description":"Berl\u00edn, 15 ene (dpa) - Anis Amri, autor del atentado con un cami\u00f3n contra un mercado de Navidad en diciembre en Berl\u00edn, se drogaba y financiaba su vida como traficante de estupefacientes, seg\u00fan publica hoy el dominical alem\u00e1n &quot;Welt am Sonntag&quot;. El tunecino, que acab\u00f3 con la vida de doce personas e hiri\u00f3 a cerca","twitter:creator":"@nbasturias","twitter:image":"https:\/\/candas365.es\/noticias\/wp-content\/uploads\/2015\/09\/c365noticias.jpg","twitter:label1":"Escrito por","twitter:data1":"Cand\u00e1s 365","twitter:label2":"Tiempo de lectura estimado","twitter:data2":"2 minutos"},"aioseo_meta_data":{"post_id":"40556","title":null,"description":null,"keywords":null,"keyphrases":null,"primary_term":null,"canonical_url":null,"og_title":null,"og_description":null,"og_object_type":"default","og_image_type":"default","og_image_url":null,"og_image_width":null,"og_image_height":null,"og_image_custom_url":null,"og_image_custom_fields":null,"og_video":null,"og_custom_url":null,"og_article_section":null,"og_article_tags":null,"twitter_use_og":false,"twitter_card":"default","twitter_image_type":"default","twitter_image_url":null,"twitter_image_custom_url":null,"twitter_image_custom_fields":null,"twitter_title":null,"twitter_description":null,"schema":{"blockGraphs":[],"customGraphs":[],"default":{"data":{"Article":[],"Course":[],"Dataset":[],"FAQPage":[],"Movie":[],"Person":[],"Product":[],"ProductReview":[],"Car":[],"Recipe":[],"Service":[],"SoftwareApplication":[],"WebPage":[]},"graphName":"","isEnabled":true},"graphs":[],"defaultGraph":"","defaultPostTypeGraph":""},"schema_type":null,"schema_type_options":null,"pillar_content":false,"robots_default":true,"robots_noindex":false,"robots_noarchive":false,"robots_nosnippet":false,"robots_nofollow":false,"robots_noimageindex":false,"robots_noodp":false,"robots_notranslate":false,"robots_max_snippet":null,"robots_max_videopreview":null,"robots_max_imagepreview":"large","priority":null,"frequency":null,"location":null,"local_seo":null,"seo_analyzer_scan_date":"2025-08-25 03:02:14","breadcrumb_settings":null,"limit_modified_date":false,"reviewed_by":null,"open_ai":null,"ai":null,"created":"2020-12-21 13:06:42","updated":"2025-08-25 03:02:14"},"aioseo_breadcrumb":"<div class=\"aioseo-breadcrumbs\"><span class=\"aioseo-breadcrumb\">\n\t<a href=\"https:\/\/candas365.es\/noticias\" title=\"Home\">Home<\/a>\n<\/span><span class=\"aioseo-breadcrumb-separator\">&ndash;<\/span><span class=\"aioseo-breadcrumb\">\n\t<a href=\"https:\/\/candas365.es\/noticias\/category\/actualidad\/\" title=\"Actualidad\">Actualidad<\/a>\n<\/span><span class=\"aioseo-breadcrumb-separator\">&ndash;<\/span><span class=\"aioseo-breadcrumb\">\n\tPrensa: Autor del atentado de Berl\u00edn se drogaba y era traficante\n<\/span><\/div>","aioseo_breadcrumb_json":[{"label":"Home","link":"https:\/\/candas365.es\/noticias"},{"label":"Actualidad","link":"https:\/\/candas365.es\/noticias\/category\/actualidad\/"},{"label":"Prensa: Autor del atentado de Berl\u00edn se drogaba y era traficante","link":"https:\/\/candas365.es\/noticias\/prensa-autor-del-atentado-de-berlin-se-drogaba-y-era-traficante\/"}],"_links":{"self":[{"href":"https:\/\/candas365.es\/noticias\/wp-json\/wp\/v2\/posts\/40556","targetHints":{"allow":["GET"]}}],"collection":[{"href":"https:\/\/candas365.es\/noticias\/wp-json\/wp\/v2\/posts"}],"about":[{"href":"https:\/\/candas365.es\/noticias\/wp-json\/wp\/v2\/types\/post"}],"author":[{"embeddable":true,"href":"https:\/\/candas365.es\/noticias\/wp-json\/wp\/v2\/users\/1"}],"replies":[{"embeddable":true,"href":"https:\/\/candas365.es\/noticias\/wp-json\/wp\/v2\/comments?post=40556"}],"version-history":[{"count":0,"href":"https:\/\/candas365.es\/noticias\/wp-json\/wp\/v2\/posts\/40556\/revisions"}],"wp:featuredmedia":[{"embeddable":true,"href":"https:\/\/candas365.es\/noticias\/wp-json\/wp\/v2\/media\/16457"}],"wp:attachment":[{"href":"https:\/\/candas365.es\/noticias\/wp-json\/wp\/v2\/media?parent=40556"}],"wp:term":[{"taxonomy":"category","embeddable":true,"href":"https:\/\/candas365.es\/noticias\/wp-json\/wp\/v2\/categories?post=40556"},{"taxonomy":"post_tag","embeddable":true,"href":"https:\/\/candas365.es\/noticias\/wp-json\/wp\/v2\/tags?post=40556"}],"curies":[{"name":"wp","href":"https:\/\/api.w.org\/{rel}","templated":true}]}}