{"id":40554,"date":"2017-01-15T20:59:45","date_gmt":"2017-01-15T20:59:45","guid":{"rendered":"http:\/\/candas365.es\/noticias\/?p=40554"},"modified":"2017-01-15T20:59:45","modified_gmt":"2017-01-15T20:59:45","slug":"constitucional-aleman-falla-sobre-la-prohibicion-del-npd","status":"publish","type":"post","link":"https:\/\/candas365.es\/noticias\/constitucional-aleman-falla-sobre-la-prohibicion-del-npd\/","title":{"rendered":"Constitucional alem\u00e1n falla sobre la prohibici\u00f3n del NPD"},"content":{"rendered":"<p>Berl\u00edn\/Karlsruhe, 15 ene (dpa) &#8211; El Tribunal Constitucional alem\u00e1n se expedir\u00e1 el martes sobre el pedido de prohibici\u00f3n del ultraderechista Partido Nacional Democr\u00e1tico (NPD, por sus siglas en alem\u00e1n) en un fallo que pondr\u00e1 fin a un largo debate en el pa\u00eds.<\/p>\n<p>La decisi\u00f3n se espera con gran expectaci\u00f3n despu\u00e9s de que en 2003 fracasara con estr\u00e9pito el primer intento de prohibir la formaci\u00f3n de extrema derecha. Tampoco ahora es seguro que los jueces asentados en la ciudad sure\u00f1a de Karlsruhe ordenen la disoluci\u00f3n de la formaci\u00f3n, que en los \u00faltimos a\u00f1os ha perdido fuerza.<\/p>\n<p>El NPD fue fundado en 1964 y cuenta con 5.000 afiliados que lo convierten en el mayor partido de la extrema derecha. El servicio de inteligencia interior afirma que aspira a subvertir el orden pol\u00edtico de Alemania y le achaca \u00abuna postura ben\u00e9vola hacia el nacionalsocialismo hist\u00f3rico\u00bb.<\/p>\n<p>El partido tuvo su c\u00e9nit en los a\u00f1os 1960, en el que lleg\u00f3 a ocupar esca\u00f1os en siete Parlamentos regionales. Despu\u00e9s declin\u00f3 su estrella durante d\u00e9cadas.<\/p>\n<p>Sin embargo, tras la reunificaci\u00f3n en 1990 recuper\u00f3 fuerzas en el este del pa\u00eds, m\u00e1s propenso a la xenofobia, y desembarc\u00f3 durante dos legislaturas tanto en el hemiciclo de Sajonia como en el de Mecklemburgo-Pomerania Occidental. En septiembre pasado perdi\u00f3 la \u00faltima representaci\u00f3n parlamentaria regional.<\/p>\n<p>El Tribunal Constitucional es el \u00fanico \u00f3rgano que puede prohibir partidos en Alemania. En 2003 fracas\u00f3 un intento promovido por el Gobierno y las dos c\u00e1maras del Parlamento.<\/p>\n<p>Los altos magistrados criticaron el hecho de que informantes de los servicios secretos estuvieran infiltrados en la c\u00fapula del partido y no quisieron descartar que esp\u00edas pagados por el Estado hubiesen fabricado pruebas en contra del NPD.<\/p>\n<p>El nuevo pedido fue elevado en 2003 solo por la C\u00e1mara Alta o de las Regiones, el Bundesrat. Para la prohibici\u00f3n no basta con tener una orientaci\u00f3n extremista, sino que deben ser presentadas pruebas de que el partido constituye un peligro para el Estado y el orden democr\u00e1tico.<\/p>\n<p>En este \u00faltimo punto hay disenso en Alemania. Muchos alegan que la formaci\u00f3n se ha debilitado continuamente desde el comienzo del juicio y no representa un verdadero peligro. En la actualidad cuenta con un diputado en el Europarlamento y 360 mandatos en municipios.<\/p>\n<p>\u00abEl NPD no tiene relevancia pol\u00edtica alguna y tampoco est\u00e1 anclado en la sociedad\u00bb, dijo a dpa el experto en extremismo Eckhard Jesse, quien cuestiona la necesidad de prohibirlo.<\/p>\n<p>Por el contrario, el polit\u00f3logo Steffen Kailitz, de la Universidad de Dresde, alert\u00f3 en declaraciones al semanario \u00abDer Spiegel\u00bb del peligro de juzgar al NPD por sus flojos resultados electorales. \u00abSe equivoca el que crea que el partido est\u00e1 muerto\u00bb.<\/p>\n<p>La agrupaci\u00f3n sigue recibiendo dinero del Estado como cualquier otro partido alem\u00e1n que consigue m\u00e1s del 0,5 por ciento de los votos en comicios generales o m\u00e1s de 1,0 por ciento en los regionales. En caso de ser prohibida deber\u00eda disolverse y devolver los mandatos.<\/p>\n<p>&nbsp;<\/p>\n","protected":false},"excerpt":{"rendered":"<p>Berl\u00edn\/Karlsruhe, 15 ene (dpa) &#8211; El Tribunal Constitucional alem\u00e1n se expedir\u00e1 el martes sobre el pedido de prohibici\u00f3n del ultraderechista Partido Nacional Democr\u00e1tico (NPD, por sus siglas en alem\u00e1n) en un fallo que pondr\u00e1 fin a un largo debate en el pa\u00eds. La decisi\u00f3n se espera con gran expectaci\u00f3n despu\u00e9s de que en 2003 fracasara<\/p>\n","protected":false},"author":1,"featured_media":16457,"comment_status":"closed","ping_status":"closed","sticky":false,"template":"","format":"standard","meta":{"footnotes":""},"categories":[343],"tags":[],"class_list":{"0":"post-40554","1":"post","2":"type-post","3":"status-publish","4":"format-standard","5":"has-post-thumbnail","7":"category-actualidad"},"aioseo_notices":[],"aioseo_head":"\n\t\t<!-- All in One SEO Pro 4.9.6.2 - aioseo.com -->\n\t<meta name=\"description\" content=\"Berl\u00edn\/Karlsruhe, 15 ene (dpa) - El Tribunal Constitucional alem\u00e1n se expedir\u00e1 el martes sobre el pedido de prohibici\u00f3n del ultraderechista Partido Nacional Democr\u00e1tico (NPD, por sus siglas en alem\u00e1n) en un fallo que pondr\u00e1 fin a un largo debate en el pa\u00eds. La decisi\u00f3n se espera con gran expectaci\u00f3n despu\u00e9s de que en 2003 fracasara\" \/>\n\t<meta name=\"robots\" content=\"max-image-preview:large\" \/>\n\t<meta name=\"author\" content=\"Cand\u00e1s 365\"\/>\n\t<meta name=\"google-site-verification\" content=\"UA-32230408-1\" \/>\n\t<meta name=\"msvalidate.01\" content=\"354F3CDFB2DA171B47FBE9ABF1F88D5\" \/>\n\t<meta name=\"keywords\" content=\"actualidad\" \/>\n\t<link rel=\"canonical\" href=\"https:\/\/candas365.es\/noticias\/constitucional-aleman-falla-sobre-la-prohibicion-del-npd\/\" \/>\n\t<meta name=\"generator\" content=\"All in One SEO Pro (AIOSEO) 4.9.6.2\" \/>\n\t\t<meta property=\"og:locale\" content=\"es_ES\" \/>\n\t\t<meta property=\"og:site_name\" content=\"Cand\u00e1s 365\" \/>\n\t\t<meta property=\"og:type\" content=\"article\" \/>\n\t\t<meta property=\"og:title\" content=\"Constitucional alem\u00e1n falla sobre la prohibici\u00f3n del NPD | Cand\u00e1s 365\" \/>\n\t\t<meta property=\"og:description\" content=\"Berl\u00edn\/Karlsruhe, 15 ene (dpa) - El Tribunal Constitucional alem\u00e1n se expedir\u00e1 el martes sobre el pedido de prohibici\u00f3n del ultraderechista Partido Nacional Democr\u00e1tico (NPD, por sus siglas en alem\u00e1n) en un fallo que pondr\u00e1 fin a un largo debate en el pa\u00eds. La decisi\u00f3n se espera con gran expectaci\u00f3n despu\u00e9s de que en 2003 fracasara\" \/>\n\t\t<meta property=\"og:url\" content=\"https:\/\/candas365.es\/noticias\/constitucional-aleman-falla-sobre-la-prohibicion-del-npd\/\" \/>\n\t\t<meta property=\"og:image\" content=\"https:\/\/candas365.es\/noticias\/wp-content\/uploads\/2015\/09\/c365noticias.jpg\" \/>\n\t\t<meta property=\"og:image:secure_url\" content=\"https:\/\/candas365.es\/noticias\/wp-content\/uploads\/2015\/09\/c365noticias.jpg\" \/>\n\t\t<meta property=\"og:image:width\" content=\"655\" \/>\n\t\t<meta property=\"og:image:height\" content=\"360\" \/>\n\t\t<meta property=\"article:published_time\" content=\"2017-01-15T20:59:45+00:00\" \/>\n\t\t<meta property=\"article:modified_time\" content=\"2017-01-15T20:59:45+00:00\" \/>\n\t\t<meta property=\"article:publisher\" content=\"https:\/\/www.facebook.com\/Nachofdezber\" \/>\n\t\t<meta property=\"article:author\" content=\"https:\/\/www.facebook.com\/carrenoactualidad\" \/>\n\t\t<meta name=\"twitter:card\" content=\"summary_large_image\" \/>\n\t\t<meta name=\"twitter:site\" content=\"@NabercoDigital\" \/>\n\t\t<meta name=\"twitter:title\" content=\"Constitucional alem\u00e1n falla sobre la prohibici\u00f3n del NPD | Cand\u00e1s 365\" \/>\n\t\t<meta name=\"twitter:description\" content=\"Berl\u00edn\/Karlsruhe, 15 ene (dpa) - El Tribunal Constitucional alem\u00e1n se expedir\u00e1 el martes sobre el pedido de prohibici\u00f3n del ultraderechista Partido Nacional Democr\u00e1tico (NPD, por sus siglas en alem\u00e1n) en un fallo que pondr\u00e1 fin a un largo debate en el pa\u00eds. La decisi\u00f3n se espera con gran expectaci\u00f3n despu\u00e9s de que en 2003 fracasara\" \/>\n\t\t<meta name=\"twitter:creator\" content=\"@nbasturias\" \/>\n\t\t<meta name=\"twitter:image\" content=\"https:\/\/candas365.es\/noticias\/wp-content\/uploads\/2015\/09\/c365noticias.jpg\" \/>\n\t\t<meta name=\"twitter:label1\" content=\"Escrito por\" \/>\n\t\t<meta name=\"twitter:data1\" content=\"Cand\u00e1s 365\" \/>\n\t\t<meta name=\"twitter:label2\" content=\"Tiempo de lectura estimado\" \/>\n\t\t<meta name=\"twitter:data2\" content=\"3 minutos\" \/>\n\t\t<script type=\"application\/ld+json\" class=\"aioseo-schema\">\n\t\t\t{\"@context\":\"https:\\\/\\\/schema.org\",\"@graph\":[{\"@type\":\"BreadcrumbList\",\"@id\":\"https:\\\/\\\/candas365.es\\\/noticias\\\/constitucional-aleman-falla-sobre-la-prohibicion-del-npd\\\/#breadcrumblist\",\"itemListElement\":[{\"@type\":\"ListItem\",\"@id\":\"https:\\\/\\\/candas365.es\\\/noticias#listItem\",\"position\":1,\"name\":\"Home\",\"item\":\"https:\\\/\\\/candas365.es\\\/noticias\",\"nextItem\":{\"@type\":\"ListItem\",\"@id\":\"https:\\\/\\\/candas365.es\\\/noticias\\\/category\\\/actualidad\\\/#listItem\",\"name\":\"Actualidad\"}},{\"@type\":\"ListItem\",\"@id\":\"https:\\\/\\\/candas365.es\\\/noticias\\\/category\\\/actualidad\\\/#listItem\",\"position\":2,\"name\":\"Actualidad\",\"item\":\"https:\\\/\\\/candas365.es\\\/noticias\\\/category\\\/actualidad\\\/\",\"nextItem\":{\"@type\":\"ListItem\",\"@id\":\"https:\\\/\\\/candas365.es\\\/noticias\\\/constitucional-aleman-falla-sobre-la-prohibicion-del-npd\\\/#listItem\",\"name\":\"Constitucional alem\\u00e1n falla sobre la prohibici\\u00f3n del NPD\"},\"previousItem\":{\"@type\":\"ListItem\",\"@id\":\"https:\\\/\\\/candas365.es\\\/noticias#listItem\",\"name\":\"Home\"}},{\"@type\":\"ListItem\",\"@id\":\"https:\\\/\\\/candas365.es\\\/noticias\\\/constitucional-aleman-falla-sobre-la-prohibicion-del-npd\\\/#listItem\",\"position\":3,\"name\":\"Constitucional alem\\u00e1n falla sobre la prohibici\\u00f3n del NPD\",\"previousItem\":{\"@type\":\"ListItem\",\"@id\":\"https:\\\/\\\/candas365.es\\\/noticias\\\/category\\\/actualidad\\\/#listItem\",\"name\":\"Actualidad\"}}]},{\"@type\":\"NewsArticle\",\"@id\":\"https:\\\/\\\/candas365.es\\\/noticias\\\/constitucional-aleman-falla-sobre-la-prohibicion-del-npd\\\/#newsarticle\",\"name\":\"Constitucional alem\\u00e1n falla sobre la prohibici\\u00f3n del NPD | Cand\\u00e1s 365\",\"headline\":\"Constitucional alem\\u00e1n falla sobre la prohibici\\u00f3n del NPD\",\"author\":{\"@id\":\"https:\\\/\\\/candas365.es\\\/noticias\\\/author\\\/admin\\\/#author\"},\"publisher\":{\"@id\":\"https:\\\/\\\/candas365.es\\\/noticias\\\/#organization\"},\"image\":{\"@type\":\"ImageObject\",\"url\":\"https:\\\/\\\/candas365.es\\\/noticias\\\/wp-content\\\/uploads\\\/2015\\\/09\\\/c365noticias.jpg\",\"width\":655,\"height\":360},\"datePublished\":\"2017-01-15T20:59:45+01:00\",\"dateModified\":\"2017-01-15T20:59:45+01:00\",\"inLanguage\":\"es-ES\",\"mainEntityOfPage\":{\"@id\":\"https:\\\/\\\/candas365.es\\\/noticias\\\/constitucional-aleman-falla-sobre-la-prohibicion-del-npd\\\/#webpage\"},\"isPartOf\":{\"@id\":\"https:\\\/\\\/candas365.es\\\/noticias\\\/constitucional-aleman-falla-sobre-la-prohibicion-del-npd\\\/#webpage\"},\"articleSection\":\"Actualidad\",\"dateline\":\"Publicado el enero 15, 2017.\"},{\"@type\":\"Organization\",\"@id\":\"https:\\\/\\\/candas365.es\\\/noticias\\\/#organization\",\"name\":\"Cand\\u00e1s 365\",\"description\":\"Cand\\u00e1s 365 es un diario digital independiente, fundado en 2012, con base en Asturias. Informamos con rigor sobre actualidad, sociedad, cultura y ocio, con una mirada local y global.\",\"url\":\"https:\\\/\\\/candas365.es\\\/noticias\\\/\",\"email\":\"info@candas365.es\",\"telephone\":\"+34652131393\",\"foundingDate\":\"2012-06-10\",\"logo\":{\"@type\":\"ImageObject\",\"url\":\"https:\\\/\\\/candas365.es\\\/noticias\\\/wp-content\\\/uploads\\\/2024\\\/09\\\/Candas-365-Redes.jpg\",\"@id\":\"https:\\\/\\\/candas365.es\\\/noticias\\\/constitucional-aleman-falla-sobre-la-prohibicion-del-npd\\\/#organizationLogo\",\"width\":1152,\"height\":864,\"caption\":\"Cand\\u00e1s 365 Redes\"},\"image\":{\"@id\":\"https:\\\/\\\/candas365.es\\\/noticias\\\/constitucional-aleman-falla-sobre-la-prohibicion-del-npd\\\/#organizationLogo\"},\"sameAs\":[\"https:\\\/\\\/www.facebook.com\\\/Nachofdezber\",\"https:\\\/\\\/x.com\\\/NabercoDigital\",\"https:\\\/\\\/www.instagram.com\\\/nachofdezber\\\/\",\"https:\\\/\\\/www.youtube.com\\\/channel\\\/UCZP-2wLEB9Rv6erhFmqVnvg\"],\"address\":{\"@id\":\"https:\\\/\\\/candas365.es\\\/noticias\\\/#postaladdress\",\"@type\":\"PostalAddress\",\"streetAddress\":\"san antonio 4, san antonio 4\",\"postalCode\":\"33430\",\"addressLocality\":\"Cand\\u00e1s\",\"addressRegion\":\"Asturias\",\"addressCountry\":\"ES\"}},{\"@type\":\"Person\",\"@id\":\"https:\\\/\\\/candas365.es\\\/noticias\\\/author\\\/admin\\\/#author\",\"url\":\"https:\\\/\\\/candas365.es\\\/noticias\\\/author\\\/admin\\\/\",\"name\":\"Cand\\u00e1s 365\",\"image\":{\"@type\":\"ImageObject\",\"@id\":\"https:\\\/\\\/candas365.es\\\/noticias\\\/constitucional-aleman-falla-sobre-la-prohibicion-del-npd\\\/#authorImage\",\"url\":\"https:\\\/\\\/secure.gravatar.com\\\/avatar\\\/496a8e03d0c493ede1718b7934145dbdf8d89be1036b0eec9544e1094c9de390?s=96&d=mm&r=g\",\"width\":96,\"height\":96,\"caption\":\"Cand\\u00e1s 365\"},\"sameAs\":[\"https:\\\/\\\/www.facebook.com\\\/carrenoactualidad\",\"https:\\\/\\\/twitter.com\\\/nbasturias\",\"https:\\\/\\\/www.instagram.com\\\/nachofdezber\\\/\",\"https:\\\/\\\/www.youtube.com\\\/channel\\\/UCZP-2wLEB9Rv6erhFmqVnvg\"]},{\"@type\":\"WebPage\",\"@id\":\"https:\\\/\\\/candas365.es\\\/noticias\\\/constitucional-aleman-falla-sobre-la-prohibicion-del-npd\\\/#webpage\",\"url\":\"https:\\\/\\\/candas365.es\\\/noticias\\\/constitucional-aleman-falla-sobre-la-prohibicion-del-npd\\\/\",\"name\":\"Constitucional alem\\u00e1n falla sobre la prohibici\\u00f3n del NPD | Cand\\u00e1s 365\",\"description\":\"Berl\\u00edn\\\/Karlsruhe, 15 ene (dpa) - El Tribunal Constitucional alem\\u00e1n se expedir\\u00e1 el martes sobre el pedido de prohibici\\u00f3n del ultraderechista Partido Nacional Democr\\u00e1tico (NPD, por sus siglas en alem\\u00e1n) en un fallo que pondr\\u00e1 fin a un largo debate en el pa\\u00eds. La decisi\\u00f3n se espera con gran expectaci\\u00f3n despu\\u00e9s de que en 2003 fracasara\",\"inLanguage\":\"es-ES\",\"isPartOf\":{\"@id\":\"https:\\\/\\\/candas365.es\\\/noticias\\\/#website\"},\"breadcrumb\":{\"@id\":\"https:\\\/\\\/candas365.es\\\/noticias\\\/constitucional-aleman-falla-sobre-la-prohibicion-del-npd\\\/#breadcrumblist\"},\"author\":{\"@id\":\"https:\\\/\\\/candas365.es\\\/noticias\\\/author\\\/admin\\\/#author\"},\"creator\":{\"@id\":\"https:\\\/\\\/candas365.es\\\/noticias\\\/author\\\/admin\\\/#author\"},\"image\":{\"@type\":\"ImageObject\",\"url\":\"https:\\\/\\\/candas365.es\\\/noticias\\\/wp-content\\\/uploads\\\/2015\\\/09\\\/c365noticias.jpg\",\"@id\":\"https:\\\/\\\/candas365.es\\\/noticias\\\/constitucional-aleman-falla-sobre-la-prohibicion-del-npd\\\/#mainImage\",\"width\":655,\"height\":360},\"primaryImageOfPage\":{\"@id\":\"https:\\\/\\\/candas365.es\\\/noticias\\\/constitucional-aleman-falla-sobre-la-prohibicion-del-npd\\\/#mainImage\"},\"datePublished\":\"2017-01-15T20:59:45+01:00\",\"dateModified\":\"2017-01-15T20:59:45+01:00\"},{\"@type\":\"WebSite\",\"@id\":\"https:\\\/\\\/candas365.es\\\/noticias\\\/#website\",\"url\":\"https:\\\/\\\/candas365.es\\\/noticias\\\/\",\"name\":\"Cand\\u00e1s 365\",\"alternateName\":\"Cand\\u00e1s 365 Noticias\",\"description\":\"Actualidad desde Carre\\u00f1o para el mundo\",\"inLanguage\":\"es-ES\",\"publisher\":{\"@id\":\"https:\\\/\\\/candas365.es\\\/noticias\\\/#organization\"}}]}\n\t\t<\/script>\n\t\t<!-- All in One SEO Pro -->\r\n\t\t<title>Constitucional alem\u00e1n falla sobre la prohibici\u00f3n del NPD | Cand\u00e1s 365<\/title>\n\n","aioseo_head_json":{"title":"Constitucional alem\u00e1n falla sobre la prohibici\u00f3n del NPD | Cand\u00e1s 365","description":"Berl\u00edn\/Karlsruhe, 15 ene (dpa) - El Tribunal Constitucional alem\u00e1n se expedir\u00e1 el martes sobre el pedido de prohibici\u00f3n del ultraderechista Partido Nacional Democr\u00e1tico (NPD, por sus siglas en alem\u00e1n) en un fallo que pondr\u00e1 fin a un largo debate en el pa\u00eds. La decisi\u00f3n se espera con gran expectaci\u00f3n despu\u00e9s de que en 2003 fracasara","canonical_url":"https:\/\/candas365.es\/noticias\/constitucional-aleman-falla-sobre-la-prohibicion-del-npd\/","robots":"max-image-preview:large","keywords":"actualidad","webmasterTools":{"google-site-verification":"UA-32230408-1","msvalidate.01":"354F3CDFB2DA171B47FBE9ABF1F88D5","miscellaneous":""},"schema":{"@context":"https:\/\/schema.org","@graph":[{"@type":"BreadcrumbList","@id":"https:\/\/candas365.es\/noticias\/constitucional-aleman-falla-sobre-la-prohibicion-del-npd\/#breadcrumblist","itemListElement":[{"@type":"ListItem","@id":"https:\/\/candas365.es\/noticias#listItem","position":1,"name":"Home","item":"https:\/\/candas365.es\/noticias","nextItem":{"@type":"ListItem","@id":"https:\/\/candas365.es\/noticias\/category\/actualidad\/#listItem","name":"Actualidad"}},{"@type":"ListItem","@id":"https:\/\/candas365.es\/noticias\/category\/actualidad\/#listItem","position":2,"name":"Actualidad","item":"https:\/\/candas365.es\/noticias\/category\/actualidad\/","nextItem":{"@type":"ListItem","@id":"https:\/\/candas365.es\/noticias\/constitucional-aleman-falla-sobre-la-prohibicion-del-npd\/#listItem","name":"Constitucional alem\u00e1n falla sobre la prohibici\u00f3n del NPD"},"previousItem":{"@type":"ListItem","@id":"https:\/\/candas365.es\/noticias#listItem","name":"Home"}},{"@type":"ListItem","@id":"https:\/\/candas365.es\/noticias\/constitucional-aleman-falla-sobre-la-prohibicion-del-npd\/#listItem","position":3,"name":"Constitucional alem\u00e1n falla sobre la prohibici\u00f3n del NPD","previousItem":{"@type":"ListItem","@id":"https:\/\/candas365.es\/noticias\/category\/actualidad\/#listItem","name":"Actualidad"}}]},{"@type":"NewsArticle","@id":"https:\/\/candas365.es\/noticias\/constitucional-aleman-falla-sobre-la-prohibicion-del-npd\/#newsarticle","name":"Constitucional alem\u00e1n falla sobre la prohibici\u00f3n del NPD | Cand\u00e1s 365","headline":"Constitucional alem\u00e1n falla sobre la prohibici\u00f3n del NPD","author":{"@id":"https:\/\/candas365.es\/noticias\/author\/admin\/#author"},"publisher":{"@id":"https:\/\/candas365.es\/noticias\/#organization"},"image":{"@type":"ImageObject","url":"https:\/\/candas365.es\/noticias\/wp-content\/uploads\/2015\/09\/c365noticias.jpg","width":655,"height":360},"datePublished":"2017-01-15T20:59:45+01:00","dateModified":"2017-01-15T20:59:45+01:00","inLanguage":"es-ES","mainEntityOfPage":{"@id":"https:\/\/candas365.es\/noticias\/constitucional-aleman-falla-sobre-la-prohibicion-del-npd\/#webpage"},"isPartOf":{"@id":"https:\/\/candas365.es\/noticias\/constitucional-aleman-falla-sobre-la-prohibicion-del-npd\/#webpage"},"articleSection":"Actualidad","dateline":"Publicado el enero 15, 2017."},{"@type":"Organization","@id":"https:\/\/candas365.es\/noticias\/#organization","name":"Cand\u00e1s 365","description":"Cand\u00e1s 365 es un diario digital independiente, fundado en 2012, con base en Asturias. Informamos con rigor sobre actualidad, sociedad, cultura y ocio, con una mirada local y global.","url":"https:\/\/candas365.es\/noticias\/","email":"info@candas365.es","telephone":"+34652131393","foundingDate":"2012-06-10","logo":{"@type":"ImageObject","url":"https:\/\/candas365.es\/noticias\/wp-content\/uploads\/2024\/09\/Candas-365-Redes.jpg","@id":"https:\/\/candas365.es\/noticias\/constitucional-aleman-falla-sobre-la-prohibicion-del-npd\/#organizationLogo","width":1152,"height":864,"caption":"Cand\u00e1s 365 Redes"},"image":{"@id":"https:\/\/candas365.es\/noticias\/constitucional-aleman-falla-sobre-la-prohibicion-del-npd\/#organizationLogo"},"sameAs":["https:\/\/www.facebook.com\/Nachofdezber","https:\/\/x.com\/NabercoDigital","https:\/\/www.instagram.com\/nachofdezber\/","https:\/\/www.youtube.com\/channel\/UCZP-2wLEB9Rv6erhFmqVnvg"],"address":{"@id":"https:\/\/candas365.es\/noticias\/#postaladdress","@type":"PostalAddress","streetAddress":"san antonio 4, san antonio 4","postalCode":"33430","addressLocality":"Cand\u00e1s","addressRegion":"Asturias","addressCountry":"ES"}},{"@type":"Person","@id":"https:\/\/candas365.es\/noticias\/author\/admin\/#author","url":"https:\/\/candas365.es\/noticias\/author\/admin\/","name":"Cand\u00e1s 365","image":{"@type":"ImageObject","@id":"https:\/\/candas365.es\/noticias\/constitucional-aleman-falla-sobre-la-prohibicion-del-npd\/#authorImage","url":"https:\/\/secure.gravatar.com\/avatar\/496a8e03d0c493ede1718b7934145dbdf8d89be1036b0eec9544e1094c9de390?s=96&d=mm&r=g","width":96,"height":96,"caption":"Cand\u00e1s 365"},"sameAs":["https:\/\/www.facebook.com\/carrenoactualidad","https:\/\/twitter.com\/nbasturias","https:\/\/www.instagram.com\/nachofdezber\/","https:\/\/www.youtube.com\/channel\/UCZP-2wLEB9Rv6erhFmqVnvg"]},{"@type":"WebPage","@id":"https:\/\/candas365.es\/noticias\/constitucional-aleman-falla-sobre-la-prohibicion-del-npd\/#webpage","url":"https:\/\/candas365.es\/noticias\/constitucional-aleman-falla-sobre-la-prohibicion-del-npd\/","name":"Constitucional alem\u00e1n falla sobre la prohibici\u00f3n del NPD | Cand\u00e1s 365","description":"Berl\u00edn\/Karlsruhe, 15 ene (dpa) - El Tribunal Constitucional alem\u00e1n se expedir\u00e1 el martes sobre el pedido de prohibici\u00f3n del ultraderechista Partido Nacional Democr\u00e1tico (NPD, por sus siglas en alem\u00e1n) en un fallo que pondr\u00e1 fin a un largo debate en el pa\u00eds. La decisi\u00f3n se espera con gran expectaci\u00f3n despu\u00e9s de que en 2003 fracasara","inLanguage":"es-ES","isPartOf":{"@id":"https:\/\/candas365.es\/noticias\/#website"},"breadcrumb":{"@id":"https:\/\/candas365.es\/noticias\/constitucional-aleman-falla-sobre-la-prohibicion-del-npd\/#breadcrumblist"},"author":{"@id":"https:\/\/candas365.es\/noticias\/author\/admin\/#author"},"creator":{"@id":"https:\/\/candas365.es\/noticias\/author\/admin\/#author"},"image":{"@type":"ImageObject","url":"https:\/\/candas365.es\/noticias\/wp-content\/uploads\/2015\/09\/c365noticias.jpg","@id":"https:\/\/candas365.es\/noticias\/constitucional-aleman-falla-sobre-la-prohibicion-del-npd\/#mainImage","width":655,"height":360},"primaryImageOfPage":{"@id":"https:\/\/candas365.es\/noticias\/constitucional-aleman-falla-sobre-la-prohibicion-del-npd\/#mainImage"},"datePublished":"2017-01-15T20:59:45+01:00","dateModified":"2017-01-15T20:59:45+01:00"},{"@type":"WebSite","@id":"https:\/\/candas365.es\/noticias\/#website","url":"https:\/\/candas365.es\/noticias\/","name":"Cand\u00e1s 365","alternateName":"Cand\u00e1s 365 Noticias","description":"Actualidad desde Carre\u00f1o para el mundo","inLanguage":"es-ES","publisher":{"@id":"https:\/\/candas365.es\/noticias\/#organization"}}]},"og:locale":"es_ES","og:site_name":"Cand\u00e1s 365","og:type":"article","og:title":"Constitucional alem\u00e1n falla sobre la prohibici\u00f3n del NPD | Cand\u00e1s 365","og:description":"Berl\u00edn\/Karlsruhe, 15 ene (dpa) - El Tribunal Constitucional alem\u00e1n se expedir\u00e1 el martes sobre el pedido de prohibici\u00f3n del ultraderechista Partido Nacional Democr\u00e1tico (NPD, por sus siglas en alem\u00e1n) en un fallo que pondr\u00e1 fin a un largo debate en el pa\u00eds. La decisi\u00f3n se espera con gran expectaci\u00f3n despu\u00e9s de que en 2003 fracasara","og:url":"https:\/\/candas365.es\/noticias\/constitucional-aleman-falla-sobre-la-prohibicion-del-npd\/","og:image":"https:\/\/candas365.es\/noticias\/wp-content\/uploads\/2015\/09\/c365noticias.jpg","og:image:secure_url":"https:\/\/candas365.es\/noticias\/wp-content\/uploads\/2015\/09\/c365noticias.jpg","og:image:width":655,"og:image:height":360,"article:published_time":"2017-01-15T20:59:45+00:00","article:modified_time":"2017-01-15T20:59:45+00:00","article:publisher":"https:\/\/www.facebook.com\/Nachofdezber","article:author":"https:\/\/www.facebook.com\/carrenoactualidad","twitter:card":"summary_large_image","twitter:site":"@NabercoDigital","twitter:title":"Constitucional alem\u00e1n falla sobre la prohibici\u00f3n del NPD | Cand\u00e1s 365","twitter:description":"Berl\u00edn\/Karlsruhe, 15 ene (dpa) - El Tribunal Constitucional alem\u00e1n se expedir\u00e1 el martes sobre el pedido de prohibici\u00f3n del ultraderechista Partido Nacional Democr\u00e1tico (NPD, por sus siglas en alem\u00e1n) en un fallo que pondr\u00e1 fin a un largo debate en el pa\u00eds. La decisi\u00f3n se espera con gran expectaci\u00f3n despu\u00e9s de que en 2003 fracasara","twitter:creator":"@nbasturias","twitter:image":"https:\/\/candas365.es\/noticias\/wp-content\/uploads\/2015\/09\/c365noticias.jpg","twitter:label1":"Escrito por","twitter:data1":"Cand\u00e1s 365","twitter:label2":"Tiempo de lectura estimado","twitter:data2":"3 minutos"},"aioseo_meta_data":{"post_id":"40554","title":null,"description":null,"keywords":null,"keyphrases":null,"primary_term":null,"canonical_url":null,"og_title":null,"og_description":null,"og_object_type":"default","og_image_type":"default","og_image_url":null,"og_image_width":null,"og_image_height":null,"og_image_custom_url":null,"og_image_custom_fields":null,"og_video":null,"og_custom_url":null,"og_article_section":null,"og_article_tags":null,"twitter_use_og":false,"twitter_card":"default","twitter_image_type":"default","twitter_image_url":null,"twitter_image_custom_url":null,"twitter_image_custom_fields":null,"twitter_title":null,"twitter_description":null,"schema":{"blockGraphs":[],"customGraphs":[],"default":{"data":{"Article":[],"Course":[],"Dataset":[],"FAQPage":[],"Movie":[],"Person":[],"Product":[],"ProductReview":[],"Car":[],"Recipe":[],"Service":[],"SoftwareApplication":[],"WebPage":[]},"graphName":"","isEnabled":true},"graphs":[],"defaultGraph":"","defaultPostTypeGraph":""},"schema_type":null,"schema_type_options":null,"pillar_content":false,"robots_default":true,"robots_noindex":false,"robots_noarchive":false,"robots_nosnippet":false,"robots_nofollow":false,"robots_noimageindex":false,"robots_noodp":false,"robots_notranslate":false,"robots_max_snippet":null,"robots_max_videopreview":null,"robots_max_imagepreview":"large","priority":null,"frequency":null,"location":null,"local_seo":null,"seo_analyzer_scan_date":"2025-08-25 03:02:13","breadcrumb_settings":null,"limit_modified_date":false,"reviewed_by":null,"open_ai":null,"ai":null,"created":"2020-12-21 13:06:42","updated":"2025-08-25 03:02:13"},"aioseo_breadcrumb":"<div class=\"aioseo-breadcrumbs\"><span class=\"aioseo-breadcrumb\">\n\t<a href=\"https:\/\/candas365.es\/noticias\" title=\"Home\">Home<\/a>\n<\/span><span class=\"aioseo-breadcrumb-separator\">&ndash;<\/span><span class=\"aioseo-breadcrumb\">\n\t<a href=\"https:\/\/candas365.es\/noticias\/category\/actualidad\/\" title=\"Actualidad\">Actualidad<\/a>\n<\/span><span class=\"aioseo-breadcrumb-separator\">&ndash;<\/span><span class=\"aioseo-breadcrumb\">\n\tConstitucional alem\u00e1n falla sobre la prohibici\u00f3n del NPD\n<\/span><\/div>","aioseo_breadcrumb_json":[{"label":"Home","link":"https:\/\/candas365.es\/noticias"},{"label":"Actualidad","link":"https:\/\/candas365.es\/noticias\/category\/actualidad\/"},{"label":"Constitucional alem\u00e1n falla sobre la prohibici\u00f3n del NPD","link":"https:\/\/candas365.es\/noticias\/constitucional-aleman-falla-sobre-la-prohibicion-del-npd\/"}],"_links":{"self":[{"href":"https:\/\/candas365.es\/noticias\/wp-json\/wp\/v2\/posts\/40554","targetHints":{"allow":["GET"]}}],"collection":[{"href":"https:\/\/candas365.es\/noticias\/wp-json\/wp\/v2\/posts"}],"about":[{"href":"https:\/\/candas365.es\/noticias\/wp-json\/wp\/v2\/types\/post"}],"author":[{"embeddable":true,"href":"https:\/\/candas365.es\/noticias\/wp-json\/wp\/v2\/users\/1"}],"replies":[{"embeddable":true,"href":"https:\/\/candas365.es\/noticias\/wp-json\/wp\/v2\/comments?post=40554"}],"version-history":[{"count":0,"href":"https:\/\/candas365.es\/noticias\/wp-json\/wp\/v2\/posts\/40554\/revisions"}],"wp:featuredmedia":[{"embeddable":true,"href":"https:\/\/candas365.es\/noticias\/wp-json\/wp\/v2\/media\/16457"}],"wp:attachment":[{"href":"https:\/\/candas365.es\/noticias\/wp-json\/wp\/v2\/media?parent=40554"}],"wp:term":[{"taxonomy":"category","embeddable":true,"href":"https:\/\/candas365.es\/noticias\/wp-json\/wp\/v2\/categories?post=40554"},{"taxonomy":"post_tag","embeddable":true,"href":"https:\/\/candas365.es\/noticias\/wp-json\/wp\/v2\/tags?post=40554"}],"curies":[{"name":"wp","href":"https:\/\/api.w.org\/{rel}","templated":true}]}}