{"id":40552,"date":"2017-01-15T20:58:47","date_gmt":"2017-01-15T20:58:47","guid":{"rendered":"http:\/\/candas365.es\/noticias\/?p=40552"},"modified":"2017-01-15T20:58:47","modified_gmt":"2017-01-15T20:58:47","slug":"merkel-promete-seguridad-en-ano-electoral-aleman","status":"publish","type":"post","link":"https:\/\/candas365.es\/noticias\/merkel-promete-seguridad-en-ano-electoral-aleman\/","title":{"rendered":"Merkel promete seguridad en a\u00f1o electoral alem\u00e1n"},"content":{"rendered":"<p>Berl\u00edn, 15 ene (dpa) &#8211; La canciller alemana, Angela Merkel, espera conquistar el triunfo para un cuarto mandato en las elecciones generales de septiembre con la promesa de seguridad y bienestar para los alemanes en tiempos de amenaza terrorista y el ascenso de los populistas.<\/p>\n<p>\u00abCuanto mejor trabajemos, menos intraquila estar\u00e1 la gente y cuanto mayor sea la sensaci\u00f3n de que les planteamos soluciones a sus temas, m\u00e1s fuertes seremos nosotros\u00bb, dijo ayer Merkel al t\u00e9rmino de una reuni\u00f3n de la c\u00fapula de su Uni\u00f3n Dem\u00f3crata Cristiana de cara al super-a\u00f1o electoral alem\u00e1n, en el que se celebrar\u00e1n tres comicios regionales y los generales.<\/p>\n<p>A casi un mes del atentado terrorista que seg\u00f3 en Berl\u00edn la vida de doce personas, los democristianos aprobaron un documento \u00abPor la libertad y la seguridad en un Estado fuerte\u00bb en el que califican como \u00abm\u00e1xima obligaci\u00f3n\u00bb del Estado \u00abla de proteger a la gente en Alemania y garantizar la seguridad en libertad\u00bb.<\/p>\n<p>Entre otras medidas, la CDU abog\u00f3 por penalizar la propaganda y muestras de simpat\u00eda hacia organizaciones terroristas como Estado Isl\u00e1mico.<\/p>\n<p>Merkel demand\u00f3 que se armonicen los criterios de medidas de seguridad en los 16 estados federados y se introduzcan los controles de personas aleatorios en todas las regiones alemanas. \u00abNo vamos a aceptar que los islamistas peligrosos se muevan libremente en nuestro pa\u00eds\u00bb, destaca el documento aprobado en la localidad de Perl, junto a la frontera con Francia y Luxemburgo.<\/p>\n<p>Al mismo tiempo, la CDU de la canciller propondr\u00e1 que el Parlamento investigue si hubo errores por parte de las autoridades de seguridad que vigilaban al yihadista tunecino Anis Amri antes de que atacase con un cami\u00f3n un mercado navide\u00f1o en Berl\u00edn en diciembre pasado.<\/p>\n<p>La CDU plantear\u00e1 el tema a sus socios oficialistas del Partido Socialdem\u00f3crata, seg\u00fan supo dpa de fuentes democristianas.<\/p>\n<p>La labor de la Polic\u00eda y de los servicios de inteligencia est\u00e1 en el foco desde el atentado del 19 de diciembre que se sald\u00f3 con doce muertos y m\u00e1s de 50 heridos y que fue reivindicado por la milicia terrorista Estado Isl\u00e1mico.<\/p>\n<p>Amri huy\u00f3 de Alemania y fue ultimado durante un control policial de rutina cerca de la ciudad italiana de Mil\u00e1n cuatro d\u00edas despu\u00e9s del atentado.<\/p>\n<p>Voces cr\u00edticas se alzaron en Alemania sobre la labor de las autoridades de seguridad, que lo tuvieron en la mira durante seis meses y dejaron de vigilarlo por falta de pruebas concretas y pese a contar con advertencias de otros servicios de que el tunecino de 24 a\u00f1os era un terrorista en potencia.<\/p>\n<p>Seg\u00fan dijeron las fuentes a dpa, el jefe del grupo parlamentario de la CDU, Volker Kauder, propondr\u00e1 la creaci\u00f3n de una comisi\u00f3n parlamentaria que eche luz sobre el asunto.<\/p>\n<p>La propuesta de la CDU se produjo un d\u00eda despu\u00e9s de que el diario berlin\u00e9s \u00abDer Tagesspiegel\u00bb reportase que v\u00edctimas del ataque consideran demandar indemnizaciones millonarias por la insuficiente seguridad en el mercado navide\u00f1o que fue escenario del ataque yihadista.<\/p>\n<p>Las autoridades alemanas denegaron el asilo pol\u00edtico a Amri pero estuvieron seis meses sin poder deportarlo por falta de documentos de identidad que esperaban de T\u00fanez. Amri utiliz\u00f3 14 identidades diferentes tras llegar a Alemania en 2015 y mantuvo contacto con c\u00edrculos islamistas radicales (salafistas) en Alemania.<\/p>\n","protected":false},"excerpt":{"rendered":"<p>Berl\u00edn, 15 ene (dpa) &#8211; La canciller alemana, Angela Merkel, espera conquistar el triunfo para un cuarto mandato en las elecciones generales de septiembre con la promesa de seguridad y bienestar para los alemanes en tiempos de amenaza terrorista y el ascenso de los populistas. \u00abCuanto mejor trabajemos, menos intraquila estar\u00e1 la gente y cuanto<\/p>\n","protected":false},"author":1,"featured_media":14622,"comment_status":"closed","ping_status":"closed","sticky":false,"template":"","format":"standard","meta":{"footnotes":""},"categories":[343],"tags":[],"class_list":{"0":"post-40552","1":"post","2":"type-post","3":"status-publish","4":"format-standard","5":"has-post-thumbnail","7":"category-actualidad"},"aioseo_notices":[],"aioseo_head":"\n\t\t<!-- All in One SEO Pro 4.9.6.2 - aioseo.com -->\n\t<meta name=\"description\" content=\"Berl\u00edn, 15 ene (dpa) - La canciller alemana, Angela Merkel, espera conquistar el triunfo para un cuarto mandato en las elecciones generales de septiembre con la promesa de seguridad y bienestar para los alemanes en tiempos de amenaza terrorista y el ascenso de los populistas. &quot;Cuanto mejor trabajemos, menos intraquila estar\u00e1 la gente y cuanto\" \/>\n\t<meta name=\"robots\" content=\"max-image-preview:large\" \/>\n\t<meta name=\"author\" content=\"Cand\u00e1s 365\"\/>\n\t<meta name=\"google-site-verification\" content=\"UA-32230408-1\" \/>\n\t<meta name=\"msvalidate.01\" content=\"354F3CDFB2DA171B47FBE9ABF1F88D5\" \/>\n\t<meta name=\"keywords\" content=\"actualidad\" \/>\n\t<link rel=\"canonical\" href=\"https:\/\/candas365.es\/noticias\/merkel-promete-seguridad-en-ano-electoral-aleman\/\" \/>\n\t<meta name=\"generator\" content=\"All in One SEO Pro (AIOSEO) 4.9.6.2\" \/>\n\t\t<meta property=\"og:locale\" content=\"es_ES\" \/>\n\t\t<meta property=\"og:site_name\" content=\"Cand\u00e1s 365\" \/>\n\t\t<meta property=\"og:type\" content=\"article\" \/>\n\t\t<meta property=\"og:title\" content=\"Merkel promete seguridad en a\u00f1o electoral alem\u00e1n | Cand\u00e1s 365\" \/>\n\t\t<meta property=\"og:description\" content=\"Berl\u00edn, 15 ene (dpa) - La canciller alemana, Angela Merkel, espera conquistar el triunfo para un cuarto mandato en las elecciones generales de septiembre con la promesa de seguridad y bienestar para los alemanes en tiempos de amenaza terrorista y el ascenso de los populistas. &quot;Cuanto mejor trabajemos, menos intraquila estar\u00e1 la gente y cuanto\" \/>\n\t\t<meta property=\"og:url\" content=\"https:\/\/candas365.es\/noticias\/merkel-promete-seguridad-en-ano-electoral-aleman\/\" \/>\n\t\t<meta property=\"og:image\" content=\"https:\/\/candas365.es\/noticias\/wp-content\/uploads\/2015\/08\/merkel.jpg\" \/>\n\t\t<meta property=\"og:image:secure_url\" content=\"https:\/\/candas365.es\/noticias\/wp-content\/uploads\/2015\/08\/merkel.jpg\" \/>\n\t\t<meta property=\"og:image:width\" content=\"655\" \/>\n\t\t<meta property=\"og:image:height\" content=\"360\" \/>\n\t\t<meta property=\"article:published_time\" content=\"2017-01-15T20:58:47+00:00\" \/>\n\t\t<meta property=\"article:modified_time\" content=\"2017-01-15T20:58:47+00:00\" \/>\n\t\t<meta property=\"article:publisher\" content=\"https:\/\/www.facebook.com\/Nachofdezber\" \/>\n\t\t<meta property=\"article:author\" content=\"https:\/\/www.facebook.com\/carrenoactualidad\" \/>\n\t\t<meta name=\"twitter:card\" content=\"summary_large_image\" \/>\n\t\t<meta name=\"twitter:site\" content=\"@NabercoDigital\" \/>\n\t\t<meta name=\"twitter:title\" content=\"Merkel promete seguridad en a\u00f1o electoral alem\u00e1n | Cand\u00e1s 365\" \/>\n\t\t<meta name=\"twitter:description\" content=\"Berl\u00edn, 15 ene (dpa) - La canciller alemana, Angela Merkel, espera conquistar el triunfo para un cuarto mandato en las elecciones generales de septiembre con la promesa de seguridad y bienestar para los alemanes en tiempos de amenaza terrorista y el ascenso de los populistas. &quot;Cuanto mejor trabajemos, menos intraquila estar\u00e1 la gente y cuanto\" \/>\n\t\t<meta name=\"twitter:creator\" content=\"@nbasturias\" \/>\n\t\t<meta name=\"twitter:image\" content=\"https:\/\/candas365.es\/noticias\/wp-content\/uploads\/2015\/08\/merkel.jpg\" \/>\n\t\t<meta name=\"twitter:label1\" content=\"Escrito por\" \/>\n\t\t<meta name=\"twitter:data1\" content=\"Cand\u00e1s 365\" \/>\n\t\t<meta name=\"twitter:label2\" content=\"Tiempo de lectura estimado\" \/>\n\t\t<meta name=\"twitter:data2\" content=\"3 minutos\" \/>\n\t\t<script type=\"application\/ld+json\" class=\"aioseo-schema\">\n\t\t\t{\"@context\":\"https:\\\/\\\/schema.org\",\"@graph\":[{\"@type\":\"BreadcrumbList\",\"@id\":\"https:\\\/\\\/candas365.es\\\/noticias\\\/merkel-promete-seguridad-en-ano-electoral-aleman\\\/#breadcrumblist\",\"itemListElement\":[{\"@type\":\"ListItem\",\"@id\":\"https:\\\/\\\/candas365.es\\\/noticias#listItem\",\"position\":1,\"name\":\"Home\",\"item\":\"https:\\\/\\\/candas365.es\\\/noticias\",\"nextItem\":{\"@type\":\"ListItem\",\"@id\":\"https:\\\/\\\/candas365.es\\\/noticias\\\/category\\\/actualidad\\\/#listItem\",\"name\":\"Actualidad\"}},{\"@type\":\"ListItem\",\"@id\":\"https:\\\/\\\/candas365.es\\\/noticias\\\/category\\\/actualidad\\\/#listItem\",\"position\":2,\"name\":\"Actualidad\",\"item\":\"https:\\\/\\\/candas365.es\\\/noticias\\\/category\\\/actualidad\\\/\",\"nextItem\":{\"@type\":\"ListItem\",\"@id\":\"https:\\\/\\\/candas365.es\\\/noticias\\\/merkel-promete-seguridad-en-ano-electoral-aleman\\\/#listItem\",\"name\":\"Merkel promete seguridad en a\\u00f1o electoral alem\\u00e1n\"},\"previousItem\":{\"@type\":\"ListItem\",\"@id\":\"https:\\\/\\\/candas365.es\\\/noticias#listItem\",\"name\":\"Home\"}},{\"@type\":\"ListItem\",\"@id\":\"https:\\\/\\\/candas365.es\\\/noticias\\\/merkel-promete-seguridad-en-ano-electoral-aleman\\\/#listItem\",\"position\":3,\"name\":\"Merkel promete seguridad en a\\u00f1o electoral alem\\u00e1n\",\"previousItem\":{\"@type\":\"ListItem\",\"@id\":\"https:\\\/\\\/candas365.es\\\/noticias\\\/category\\\/actualidad\\\/#listItem\",\"name\":\"Actualidad\"}}]},{\"@type\":\"NewsArticle\",\"@id\":\"https:\\\/\\\/candas365.es\\\/noticias\\\/merkel-promete-seguridad-en-ano-electoral-aleman\\\/#newsarticle\",\"name\":\"Merkel promete seguridad en a\\u00f1o electoral alem\\u00e1n | Cand\\u00e1s 365\",\"headline\":\"Merkel promete seguridad en a\\u00f1o electoral alem\\u00e1n\",\"author\":{\"@id\":\"https:\\\/\\\/candas365.es\\\/noticias\\\/author\\\/admin\\\/#author\"},\"publisher\":{\"@id\":\"https:\\\/\\\/candas365.es\\\/noticias\\\/#organization\"},\"image\":{\"@type\":\"ImageObject\",\"url\":\"https:\\\/\\\/candas365.es\\\/noticias\\\/wp-content\\\/uploads\\\/2015\\\/08\\\/merkel.jpg\",\"width\":655,\"height\":360},\"datePublished\":\"2017-01-15T20:58:47+01:00\",\"dateModified\":\"2017-01-15T20:58:47+01:00\",\"inLanguage\":\"es-ES\",\"mainEntityOfPage\":{\"@id\":\"https:\\\/\\\/candas365.es\\\/noticias\\\/merkel-promete-seguridad-en-ano-electoral-aleman\\\/#webpage\"},\"isPartOf\":{\"@id\":\"https:\\\/\\\/candas365.es\\\/noticias\\\/merkel-promete-seguridad-en-ano-electoral-aleman\\\/#webpage\"},\"articleSection\":\"Actualidad\",\"dateline\":\"Publicado el enero 15, 2017.\"},{\"@type\":\"Organization\",\"@id\":\"https:\\\/\\\/candas365.es\\\/noticias\\\/#organization\",\"name\":\"Cand\\u00e1s 365\",\"description\":\"Cand\\u00e1s 365 es un diario digital independiente, fundado en 2012, con base en Asturias. Informamos con rigor sobre actualidad, sociedad, cultura y ocio, con una mirada local y global.\",\"url\":\"https:\\\/\\\/candas365.es\\\/noticias\\\/\",\"email\":\"info@candas365.es\",\"telephone\":\"+34652131393\",\"foundingDate\":\"2012-06-10\",\"logo\":{\"@type\":\"ImageObject\",\"url\":\"https:\\\/\\\/candas365.es\\\/noticias\\\/wp-content\\\/uploads\\\/2024\\\/09\\\/Candas-365-Redes.jpg\",\"@id\":\"https:\\\/\\\/candas365.es\\\/noticias\\\/merkel-promete-seguridad-en-ano-electoral-aleman\\\/#organizationLogo\",\"width\":1152,\"height\":864,\"caption\":\"Cand\\u00e1s 365 Redes\"},\"image\":{\"@id\":\"https:\\\/\\\/candas365.es\\\/noticias\\\/merkel-promete-seguridad-en-ano-electoral-aleman\\\/#organizationLogo\"},\"sameAs\":[\"https:\\\/\\\/www.facebook.com\\\/Nachofdezber\",\"https:\\\/\\\/x.com\\\/NabercoDigital\",\"https:\\\/\\\/www.instagram.com\\\/nachofdezber\\\/\",\"https:\\\/\\\/www.youtube.com\\\/channel\\\/UCZP-2wLEB9Rv6erhFmqVnvg\"],\"address\":{\"@id\":\"https:\\\/\\\/candas365.es\\\/noticias\\\/#postaladdress\",\"@type\":\"PostalAddress\",\"streetAddress\":\"san antonio 4, san antonio 4\",\"postalCode\":\"33430\",\"addressLocality\":\"Cand\\u00e1s\",\"addressRegion\":\"Asturias\",\"addressCountry\":\"ES\"}},{\"@type\":\"Person\",\"@id\":\"https:\\\/\\\/candas365.es\\\/noticias\\\/author\\\/admin\\\/#author\",\"url\":\"https:\\\/\\\/candas365.es\\\/noticias\\\/author\\\/admin\\\/\",\"name\":\"Cand\\u00e1s 365\",\"image\":{\"@type\":\"ImageObject\",\"@id\":\"https:\\\/\\\/candas365.es\\\/noticias\\\/merkel-promete-seguridad-en-ano-electoral-aleman\\\/#authorImage\",\"url\":\"https:\\\/\\\/secure.gravatar.com\\\/avatar\\\/496a8e03d0c493ede1718b7934145dbdf8d89be1036b0eec9544e1094c9de390?s=96&d=mm&r=g\",\"width\":96,\"height\":96,\"caption\":\"Cand\\u00e1s 365\"},\"sameAs\":[\"https:\\\/\\\/www.facebook.com\\\/carrenoactualidad\",\"https:\\\/\\\/twitter.com\\\/nbasturias\",\"https:\\\/\\\/www.instagram.com\\\/nachofdezber\\\/\",\"https:\\\/\\\/www.youtube.com\\\/channel\\\/UCZP-2wLEB9Rv6erhFmqVnvg\"]},{\"@type\":\"WebPage\",\"@id\":\"https:\\\/\\\/candas365.es\\\/noticias\\\/merkel-promete-seguridad-en-ano-electoral-aleman\\\/#webpage\",\"url\":\"https:\\\/\\\/candas365.es\\\/noticias\\\/merkel-promete-seguridad-en-ano-electoral-aleman\\\/\",\"name\":\"Merkel promete seguridad en a\\u00f1o electoral alem\\u00e1n | Cand\\u00e1s 365\",\"description\":\"Berl\\u00edn, 15 ene (dpa) - La canciller alemana, Angela Merkel, espera conquistar el triunfo para un cuarto mandato en las elecciones generales de septiembre con la promesa de seguridad y bienestar para los alemanes en tiempos de amenaza terrorista y el ascenso de los populistas. \\\"Cuanto mejor trabajemos, menos intraquila estar\\u00e1 la gente y cuanto\",\"inLanguage\":\"es-ES\",\"isPartOf\":{\"@id\":\"https:\\\/\\\/candas365.es\\\/noticias\\\/#website\"},\"breadcrumb\":{\"@id\":\"https:\\\/\\\/candas365.es\\\/noticias\\\/merkel-promete-seguridad-en-ano-electoral-aleman\\\/#breadcrumblist\"},\"author\":{\"@id\":\"https:\\\/\\\/candas365.es\\\/noticias\\\/author\\\/admin\\\/#author\"},\"creator\":{\"@id\":\"https:\\\/\\\/candas365.es\\\/noticias\\\/author\\\/admin\\\/#author\"},\"image\":{\"@type\":\"ImageObject\",\"url\":\"https:\\\/\\\/candas365.es\\\/noticias\\\/wp-content\\\/uploads\\\/2015\\\/08\\\/merkel.jpg\",\"@id\":\"https:\\\/\\\/candas365.es\\\/noticias\\\/merkel-promete-seguridad-en-ano-electoral-aleman\\\/#mainImage\",\"width\":655,\"height\":360},\"primaryImageOfPage\":{\"@id\":\"https:\\\/\\\/candas365.es\\\/noticias\\\/merkel-promete-seguridad-en-ano-electoral-aleman\\\/#mainImage\"},\"datePublished\":\"2017-01-15T20:58:47+01:00\",\"dateModified\":\"2017-01-15T20:58:47+01:00\"},{\"@type\":\"WebSite\",\"@id\":\"https:\\\/\\\/candas365.es\\\/noticias\\\/#website\",\"url\":\"https:\\\/\\\/candas365.es\\\/noticias\\\/\",\"name\":\"Cand\\u00e1s 365\",\"alternateName\":\"Cand\\u00e1s 365 Noticias\",\"description\":\"Actualidad desde Carre\\u00f1o para el mundo\",\"inLanguage\":\"es-ES\",\"publisher\":{\"@id\":\"https:\\\/\\\/candas365.es\\\/noticias\\\/#organization\"}}]}\n\t\t<\/script>\n\t\t<!-- All in One SEO Pro -->\r\n\t\t<title>Merkel promete seguridad en a\u00f1o electoral alem\u00e1n | Cand\u00e1s 365<\/title>\n\n","aioseo_head_json":{"title":"Merkel promete seguridad en a\u00f1o electoral alem\u00e1n | Cand\u00e1s 365","description":"Berl\u00edn, 15 ene (dpa) - La canciller alemana, Angela Merkel, espera conquistar el triunfo para un cuarto mandato en las elecciones generales de septiembre con la promesa de seguridad y bienestar para los alemanes en tiempos de amenaza terrorista y el ascenso de los populistas. \"Cuanto mejor trabajemos, menos intraquila estar\u00e1 la gente y cuanto","canonical_url":"https:\/\/candas365.es\/noticias\/merkel-promete-seguridad-en-ano-electoral-aleman\/","robots":"max-image-preview:large","keywords":"actualidad","webmasterTools":{"google-site-verification":"UA-32230408-1","msvalidate.01":"354F3CDFB2DA171B47FBE9ABF1F88D5","miscellaneous":""},"schema":{"@context":"https:\/\/schema.org","@graph":[{"@type":"BreadcrumbList","@id":"https:\/\/candas365.es\/noticias\/merkel-promete-seguridad-en-ano-electoral-aleman\/#breadcrumblist","itemListElement":[{"@type":"ListItem","@id":"https:\/\/candas365.es\/noticias#listItem","position":1,"name":"Home","item":"https:\/\/candas365.es\/noticias","nextItem":{"@type":"ListItem","@id":"https:\/\/candas365.es\/noticias\/category\/actualidad\/#listItem","name":"Actualidad"}},{"@type":"ListItem","@id":"https:\/\/candas365.es\/noticias\/category\/actualidad\/#listItem","position":2,"name":"Actualidad","item":"https:\/\/candas365.es\/noticias\/category\/actualidad\/","nextItem":{"@type":"ListItem","@id":"https:\/\/candas365.es\/noticias\/merkel-promete-seguridad-en-ano-electoral-aleman\/#listItem","name":"Merkel promete seguridad en a\u00f1o electoral alem\u00e1n"},"previousItem":{"@type":"ListItem","@id":"https:\/\/candas365.es\/noticias#listItem","name":"Home"}},{"@type":"ListItem","@id":"https:\/\/candas365.es\/noticias\/merkel-promete-seguridad-en-ano-electoral-aleman\/#listItem","position":3,"name":"Merkel promete seguridad en a\u00f1o electoral alem\u00e1n","previousItem":{"@type":"ListItem","@id":"https:\/\/candas365.es\/noticias\/category\/actualidad\/#listItem","name":"Actualidad"}}]},{"@type":"NewsArticle","@id":"https:\/\/candas365.es\/noticias\/merkel-promete-seguridad-en-ano-electoral-aleman\/#newsarticle","name":"Merkel promete seguridad en a\u00f1o electoral alem\u00e1n | Cand\u00e1s 365","headline":"Merkel promete seguridad en a\u00f1o electoral alem\u00e1n","author":{"@id":"https:\/\/candas365.es\/noticias\/author\/admin\/#author"},"publisher":{"@id":"https:\/\/candas365.es\/noticias\/#organization"},"image":{"@type":"ImageObject","url":"https:\/\/candas365.es\/noticias\/wp-content\/uploads\/2015\/08\/merkel.jpg","width":655,"height":360},"datePublished":"2017-01-15T20:58:47+01:00","dateModified":"2017-01-15T20:58:47+01:00","inLanguage":"es-ES","mainEntityOfPage":{"@id":"https:\/\/candas365.es\/noticias\/merkel-promete-seguridad-en-ano-electoral-aleman\/#webpage"},"isPartOf":{"@id":"https:\/\/candas365.es\/noticias\/merkel-promete-seguridad-en-ano-electoral-aleman\/#webpage"},"articleSection":"Actualidad","dateline":"Publicado el enero 15, 2017."},{"@type":"Organization","@id":"https:\/\/candas365.es\/noticias\/#organization","name":"Cand\u00e1s 365","description":"Cand\u00e1s 365 es un diario digital independiente, fundado en 2012, con base en Asturias. Informamos con rigor sobre actualidad, sociedad, cultura y ocio, con una mirada local y global.","url":"https:\/\/candas365.es\/noticias\/","email":"info@candas365.es","telephone":"+34652131393","foundingDate":"2012-06-10","logo":{"@type":"ImageObject","url":"https:\/\/candas365.es\/noticias\/wp-content\/uploads\/2024\/09\/Candas-365-Redes.jpg","@id":"https:\/\/candas365.es\/noticias\/merkel-promete-seguridad-en-ano-electoral-aleman\/#organizationLogo","width":1152,"height":864,"caption":"Cand\u00e1s 365 Redes"},"image":{"@id":"https:\/\/candas365.es\/noticias\/merkel-promete-seguridad-en-ano-electoral-aleman\/#organizationLogo"},"sameAs":["https:\/\/www.facebook.com\/Nachofdezber","https:\/\/x.com\/NabercoDigital","https:\/\/www.instagram.com\/nachofdezber\/","https:\/\/www.youtube.com\/channel\/UCZP-2wLEB9Rv6erhFmqVnvg"],"address":{"@id":"https:\/\/candas365.es\/noticias\/#postaladdress","@type":"PostalAddress","streetAddress":"san antonio 4, san antonio 4","postalCode":"33430","addressLocality":"Cand\u00e1s","addressRegion":"Asturias","addressCountry":"ES"}},{"@type":"Person","@id":"https:\/\/candas365.es\/noticias\/author\/admin\/#author","url":"https:\/\/candas365.es\/noticias\/author\/admin\/","name":"Cand\u00e1s 365","image":{"@type":"ImageObject","@id":"https:\/\/candas365.es\/noticias\/merkel-promete-seguridad-en-ano-electoral-aleman\/#authorImage","url":"https:\/\/secure.gravatar.com\/avatar\/496a8e03d0c493ede1718b7934145dbdf8d89be1036b0eec9544e1094c9de390?s=96&d=mm&r=g","width":96,"height":96,"caption":"Cand\u00e1s 365"},"sameAs":["https:\/\/www.facebook.com\/carrenoactualidad","https:\/\/twitter.com\/nbasturias","https:\/\/www.instagram.com\/nachofdezber\/","https:\/\/www.youtube.com\/channel\/UCZP-2wLEB9Rv6erhFmqVnvg"]},{"@type":"WebPage","@id":"https:\/\/candas365.es\/noticias\/merkel-promete-seguridad-en-ano-electoral-aleman\/#webpage","url":"https:\/\/candas365.es\/noticias\/merkel-promete-seguridad-en-ano-electoral-aleman\/","name":"Merkel promete seguridad en a\u00f1o electoral alem\u00e1n | Cand\u00e1s 365","description":"Berl\u00edn, 15 ene (dpa) - La canciller alemana, Angela Merkel, espera conquistar el triunfo para un cuarto mandato en las elecciones generales de septiembre con la promesa de seguridad y bienestar para los alemanes en tiempos de amenaza terrorista y el ascenso de los populistas. \"Cuanto mejor trabajemos, menos intraquila estar\u00e1 la gente y cuanto","inLanguage":"es-ES","isPartOf":{"@id":"https:\/\/candas365.es\/noticias\/#website"},"breadcrumb":{"@id":"https:\/\/candas365.es\/noticias\/merkel-promete-seguridad-en-ano-electoral-aleman\/#breadcrumblist"},"author":{"@id":"https:\/\/candas365.es\/noticias\/author\/admin\/#author"},"creator":{"@id":"https:\/\/candas365.es\/noticias\/author\/admin\/#author"},"image":{"@type":"ImageObject","url":"https:\/\/candas365.es\/noticias\/wp-content\/uploads\/2015\/08\/merkel.jpg","@id":"https:\/\/candas365.es\/noticias\/merkel-promete-seguridad-en-ano-electoral-aleman\/#mainImage","width":655,"height":360},"primaryImageOfPage":{"@id":"https:\/\/candas365.es\/noticias\/merkel-promete-seguridad-en-ano-electoral-aleman\/#mainImage"},"datePublished":"2017-01-15T20:58:47+01:00","dateModified":"2017-01-15T20:58:47+01:00"},{"@type":"WebSite","@id":"https:\/\/candas365.es\/noticias\/#website","url":"https:\/\/candas365.es\/noticias\/","name":"Cand\u00e1s 365","alternateName":"Cand\u00e1s 365 Noticias","description":"Actualidad desde Carre\u00f1o para el mundo","inLanguage":"es-ES","publisher":{"@id":"https:\/\/candas365.es\/noticias\/#organization"}}]},"og:locale":"es_ES","og:site_name":"Cand\u00e1s 365","og:type":"article","og:title":"Merkel promete seguridad en a\u00f1o electoral alem\u00e1n | Cand\u00e1s 365","og:description":"Berl\u00edn, 15 ene (dpa) - La canciller alemana, Angela Merkel, espera conquistar el triunfo para un cuarto mandato en las elecciones generales de septiembre con la promesa de seguridad y bienestar para los alemanes en tiempos de amenaza terrorista y el ascenso de los populistas. &quot;Cuanto mejor trabajemos, menos intraquila estar\u00e1 la gente y cuanto","og:url":"https:\/\/candas365.es\/noticias\/merkel-promete-seguridad-en-ano-electoral-aleman\/","og:image":"https:\/\/candas365.es\/noticias\/wp-content\/uploads\/2015\/08\/merkel.jpg","og:image:secure_url":"https:\/\/candas365.es\/noticias\/wp-content\/uploads\/2015\/08\/merkel.jpg","og:image:width":655,"og:image:height":360,"article:published_time":"2017-01-15T20:58:47+00:00","article:modified_time":"2017-01-15T20:58:47+00:00","article:publisher":"https:\/\/www.facebook.com\/Nachofdezber","article:author":"https:\/\/www.facebook.com\/carrenoactualidad","twitter:card":"summary_large_image","twitter:site":"@NabercoDigital","twitter:title":"Merkel promete seguridad en a\u00f1o electoral alem\u00e1n | Cand\u00e1s 365","twitter:description":"Berl\u00edn, 15 ene (dpa) - La canciller alemana, Angela Merkel, espera conquistar el triunfo para un cuarto mandato en las elecciones generales de septiembre con la promesa de seguridad y bienestar para los alemanes en tiempos de amenaza terrorista y el ascenso de los populistas. &quot;Cuanto mejor trabajemos, menos intraquila estar\u00e1 la gente y cuanto","twitter:creator":"@nbasturias","twitter:image":"https:\/\/candas365.es\/noticias\/wp-content\/uploads\/2015\/08\/merkel.jpg","twitter:label1":"Escrito por","twitter:data1":"Cand\u00e1s 365","twitter:label2":"Tiempo de lectura estimado","twitter:data2":"3 minutos"},"aioseo_meta_data":{"post_id":"40552","title":null,"description":null,"keywords":null,"keyphrases":null,"primary_term":null,"canonical_url":null,"og_title":null,"og_description":null,"og_object_type":"default","og_image_type":"default","og_image_url":null,"og_image_width":null,"og_image_height":null,"og_image_custom_url":null,"og_image_custom_fields":null,"og_video":null,"og_custom_url":null,"og_article_section":null,"og_article_tags":null,"twitter_use_og":false,"twitter_card":"default","twitter_image_type":"default","twitter_image_url":null,"twitter_image_custom_url":null,"twitter_image_custom_fields":null,"twitter_title":null,"twitter_description":null,"schema":{"blockGraphs":[],"customGraphs":[],"default":{"data":{"Article":[],"Course":[],"Dataset":[],"FAQPage":[],"Movie":[],"Person":[],"Product":[],"ProductReview":[],"Car":[],"Recipe":[],"Service":[],"SoftwareApplication":[],"WebPage":[]},"graphName":"","isEnabled":true},"graphs":[],"defaultGraph":"","defaultPostTypeGraph":""},"schema_type":null,"schema_type_options":null,"pillar_content":false,"robots_default":true,"robots_noindex":false,"robots_noarchive":false,"robots_nosnippet":false,"robots_nofollow":false,"robots_noimageindex":false,"robots_noodp":false,"robots_notranslate":false,"robots_max_snippet":null,"robots_max_videopreview":null,"robots_max_imagepreview":"large","priority":null,"frequency":null,"location":null,"local_seo":null,"seo_analyzer_scan_date":"2025-08-25 03:02:12","breadcrumb_settings":null,"limit_modified_date":false,"reviewed_by":null,"open_ai":null,"ai":null,"created":"2020-12-21 13:06:42","updated":"2025-08-25 03:02:12"},"aioseo_breadcrumb":"<div class=\"aioseo-breadcrumbs\"><span class=\"aioseo-breadcrumb\">\n\t<a href=\"https:\/\/candas365.es\/noticias\" title=\"Home\">Home<\/a>\n<\/span><span class=\"aioseo-breadcrumb-separator\">&ndash;<\/span><span class=\"aioseo-breadcrumb\">\n\t<a href=\"https:\/\/candas365.es\/noticias\/category\/actualidad\/\" title=\"Actualidad\">Actualidad<\/a>\n<\/span><span class=\"aioseo-breadcrumb-separator\">&ndash;<\/span><span class=\"aioseo-breadcrumb\">\n\tMerkel promete seguridad en a\u00f1o electoral alem\u00e1n\n<\/span><\/div>","aioseo_breadcrumb_json":[{"label":"Home","link":"https:\/\/candas365.es\/noticias"},{"label":"Actualidad","link":"https:\/\/candas365.es\/noticias\/category\/actualidad\/"},{"label":"Merkel promete seguridad en a\u00f1o electoral alem\u00e1n","link":"https:\/\/candas365.es\/noticias\/merkel-promete-seguridad-en-ano-electoral-aleman\/"}],"_links":{"self":[{"href":"https:\/\/candas365.es\/noticias\/wp-json\/wp\/v2\/posts\/40552","targetHints":{"allow":["GET"]}}],"collection":[{"href":"https:\/\/candas365.es\/noticias\/wp-json\/wp\/v2\/posts"}],"about":[{"href":"https:\/\/candas365.es\/noticias\/wp-json\/wp\/v2\/types\/post"}],"author":[{"embeddable":true,"href":"https:\/\/candas365.es\/noticias\/wp-json\/wp\/v2\/users\/1"}],"replies":[{"embeddable":true,"href":"https:\/\/candas365.es\/noticias\/wp-json\/wp\/v2\/comments?post=40552"}],"version-history":[{"count":0,"href":"https:\/\/candas365.es\/noticias\/wp-json\/wp\/v2\/posts\/40552\/revisions"}],"wp:featuredmedia":[{"embeddable":true,"href":"https:\/\/candas365.es\/noticias\/wp-json\/wp\/v2\/media\/14622"}],"wp:attachment":[{"href":"https:\/\/candas365.es\/noticias\/wp-json\/wp\/v2\/media?parent=40552"}],"wp:term":[{"taxonomy":"category","embeddable":true,"href":"https:\/\/candas365.es\/noticias\/wp-json\/wp\/v2\/categories?post=40552"},{"taxonomy":"post_tag","embeddable":true,"href":"https:\/\/candas365.es\/noticias\/wp-json\/wp\/v2\/tags?post=40552"}],"curies":[{"name":"wp","href":"https:\/\/api.w.org\/{rel}","templated":true}]}}