{"id":40548,"date":"2017-01-15T20:52:54","date_gmt":"2017-01-15T20:52:54","guid":{"rendered":"http:\/\/candas365.es\/noticias\/?p=40548"},"modified":"2017-01-15T20:52:54","modified_gmt":"2017-01-15T20:52:54","slug":"kerber-resetea-para-emprender-la-defensa-del-titulo-en-australia","status":"publish","type":"post","link":"https:\/\/candas365.es\/noticias\/kerber-resetea-para-emprender-la-defensa-del-titulo-en-australia\/","title":{"rendered":"Kerber \u00abresetea\u00bb para emprender la defensa del t\u00edtulo en Australia"},"content":{"rendered":"<p>Melbourne, 15 ene (dpa) &#8211; Tras un titubeante inicio de 2017, la alemana Angelique Kerber repiti\u00f3 hoy una y otra vez que empieza \u00abdesde cero\u00bb en el Abierto de Australia, donde la n\u00famero uno del mundo defiende t\u00edtulo.<\/p>\n<p>\u00abEs un nuevo torneo, empezamos desde cero y tengo que estar lista para la primera ronda\u00bb, dijo la campeona de dos Grand Slam en una rueda de prensa en Melbourne.<\/p>\n<p>\u00abVoy a intentar no ponerme mucha presi\u00f3n en m\u00ed misma. Quiero intentar hacer las cosas como el a\u00f1o pasado, que es como logr\u00e9 los \u00e9xitos\u00bb, agreg\u00f3.<\/p>\n<p>Kerber, que en 2016 gan\u00f3 el Abierto de Australia y el US Open para arrebatar a Serena Williams el n\u00famero uno del mundo, llega a Melbourne con dos derrotas por una sola victoria en lo que va de temporada.<\/p>\n<p>\u00abAhora es un nuevo torneo, empezamos de cero y todo el mundo est\u00e1 aqu\u00ed para jugar su mejor tenis\u00bb, indic\u00f3 la germana.<\/p>\n<p>\u00abLos Grand Slam son diferentes. Entren\u00e9 bien los \u00faltimos d\u00edas aqu\u00ed y la pretemporada fue muy dura, as\u00ed que espero poder acomodarme bien al ritmo aqu\u00ed\u00bb.<\/p>\n<p>Australia supuso en 2016 el despegue del maravilloso viaje de Kerber al n\u00famero uno. \u00abTodo empez\u00f3 aqu\u00ed\u00bb, record\u00f3 la tenista que hace un a\u00f1o salv\u00f3 un match point en su primera ronda antes de levantar el t\u00edtulo.<\/p>\n<p>\u00abCreo que ese punto, cuando estaba con match point abajo, fue el punto m\u00e1s importante de mi carrera. Nunca sabremos qu\u00e9 habr\u00eda pasado si llego a perder ese partido\u00bb.<\/p>\n<p>Kerber debutar\u00e1 ma\u00f1ana en Melbourne ante la ucraniana Lesia Tsurenko, que ocupa el puesto 61 del ranking de la WTA.<\/p>\n<p>La alemana anunci\u00f3 adem\u00e1s que no jugar\u00e1 la primera ronda de la Copa Fed ante Estados Unidos, eliminatoria que se disputar\u00e1 el 11 y 12 de febrero en Hawaii.<\/p>\n<p>\u00abEs demasiado para m\u00ed\u00bb, dijo Kerber sobre el apretado calendario, ya que el 13 de febrero arranca el torneo de Doha.<\/p>\n<p>La n\u00famero uno indic\u00f3 sin embargo que si Alemania cae con Estados Unidos s\u00ed que jugar\u00e1 el 22 y 23 de abril la eliminatoria por mantenerse en el Grupo Mundial.<\/p>\n","protected":false},"excerpt":{"rendered":"<p>Melbourne, 15 ene (dpa) &#8211; Tras un titubeante inicio de 2017, la alemana Angelique Kerber repiti\u00f3 hoy una y otra vez que empieza \u00abdesde cero\u00bb en el Abierto de Australia, donde la n\u00famero uno del mundo defiende t\u00edtulo. \u00abEs un nuevo torneo, empezamos desde cero y tengo que estar lista para la primera ronda\u00bb, dijo<\/p>\n","protected":false},"author":1,"featured_media":16457,"comment_status":"closed","ping_status":"closed","sticky":false,"template":"","format":"standard","meta":{"footnotes":""},"categories":[343],"tags":[],"class_list":{"0":"post-40548","1":"post","2":"type-post","3":"status-publish","4":"format-standard","5":"has-post-thumbnail","7":"category-actualidad"},"aioseo_notices":[],"aioseo_head":"\n\t\t<!-- All in One SEO Pro 4.9.6.2 - aioseo.com -->\n\t<meta name=\"description\" content=\"Melbourne, 15 ene (dpa) - Tras un titubeante inicio de 2017, la alemana Angelique Kerber repiti\u00f3 hoy una y otra vez que empieza &quot;desde cero&quot; en el Abierto de Australia, donde la n\u00famero uno del mundo defiende t\u00edtulo. &quot;Es un nuevo torneo, empezamos desde cero y tengo que estar lista para la primera ronda&quot;, dijo\" \/>\n\t<meta name=\"robots\" content=\"max-image-preview:large\" \/>\n\t<meta name=\"author\" content=\"Cand\u00e1s 365\"\/>\n\t<meta name=\"google-site-verification\" content=\"UA-32230408-1\" \/>\n\t<meta name=\"msvalidate.01\" content=\"354F3CDFB2DA171B47FBE9ABF1F88D5\" \/>\n\t<meta name=\"keywords\" content=\"actualidad\" \/>\n\t<link rel=\"canonical\" href=\"https:\/\/candas365.es\/noticias\/kerber-resetea-para-emprender-la-defensa-del-titulo-en-australia\/\" \/>\n\t<meta name=\"generator\" content=\"All in One SEO Pro (AIOSEO) 4.9.6.2\" \/>\n\t\t<meta property=\"og:locale\" content=\"es_ES\" \/>\n\t\t<meta property=\"og:site_name\" content=\"Cand\u00e1s 365\" \/>\n\t\t<meta property=\"og:type\" content=\"article\" \/>\n\t\t<meta property=\"og:title\" content=\"Kerber \u00abresetea\u00bb para emprender la defensa del t\u00edtulo en Australia | Cand\u00e1s 365\" \/>\n\t\t<meta property=\"og:description\" content=\"Melbourne, 15 ene (dpa) - Tras un titubeante inicio de 2017, la alemana Angelique Kerber repiti\u00f3 hoy una y otra vez que empieza &quot;desde cero&quot; en el Abierto de Australia, donde la n\u00famero uno del mundo defiende t\u00edtulo. &quot;Es un nuevo torneo, empezamos desde cero y tengo que estar lista para la primera ronda&quot;, dijo\" \/>\n\t\t<meta property=\"og:url\" content=\"https:\/\/candas365.es\/noticias\/kerber-resetea-para-emprender-la-defensa-del-titulo-en-australia\/\" \/>\n\t\t<meta property=\"og:image\" content=\"https:\/\/candas365.es\/noticias\/wp-content\/uploads\/2015\/09\/c365noticias.jpg\" \/>\n\t\t<meta property=\"og:image:secure_url\" content=\"https:\/\/candas365.es\/noticias\/wp-content\/uploads\/2015\/09\/c365noticias.jpg\" \/>\n\t\t<meta property=\"og:image:width\" content=\"655\" \/>\n\t\t<meta property=\"og:image:height\" content=\"360\" \/>\n\t\t<meta property=\"article:published_time\" content=\"2017-01-15T20:52:54+00:00\" \/>\n\t\t<meta property=\"article:modified_time\" content=\"2017-01-15T20:52:54+00:00\" \/>\n\t\t<meta property=\"article:publisher\" content=\"https:\/\/www.facebook.com\/Nachofdezber\" \/>\n\t\t<meta property=\"article:author\" content=\"https:\/\/www.facebook.com\/carrenoactualidad\" \/>\n\t\t<meta name=\"twitter:card\" content=\"summary_large_image\" \/>\n\t\t<meta name=\"twitter:site\" content=\"@NabercoDigital\" \/>\n\t\t<meta name=\"twitter:title\" content=\"Kerber \u00abresetea\u00bb para emprender la defensa del t\u00edtulo en Australia | Cand\u00e1s 365\" \/>\n\t\t<meta name=\"twitter:description\" content=\"Melbourne, 15 ene (dpa) - Tras un titubeante inicio de 2017, la alemana Angelique Kerber repiti\u00f3 hoy una y otra vez que empieza &quot;desde cero&quot; en el Abierto de Australia, donde la n\u00famero uno del mundo defiende t\u00edtulo. &quot;Es un nuevo torneo, empezamos desde cero y tengo que estar lista para la primera ronda&quot;, dijo\" \/>\n\t\t<meta name=\"twitter:creator\" content=\"@nbasturias\" \/>\n\t\t<meta name=\"twitter:image\" content=\"https:\/\/candas365.es\/noticias\/wp-content\/uploads\/2015\/09\/c365noticias.jpg\" \/>\n\t\t<meta name=\"twitter:label1\" content=\"Escrito por\" \/>\n\t\t<meta name=\"twitter:data1\" content=\"Cand\u00e1s 365\" \/>\n\t\t<meta name=\"twitter:label2\" content=\"Tiempo de lectura estimado\" \/>\n\t\t<meta name=\"twitter:data2\" content=\"2 minutos\" \/>\n\t\t<script type=\"application\/ld+json\" class=\"aioseo-schema\">\n\t\t\t{\"@context\":\"https:\\\/\\\/schema.org\",\"@graph\":[{\"@type\":\"BreadcrumbList\",\"@id\":\"https:\\\/\\\/candas365.es\\\/noticias\\\/kerber-resetea-para-emprender-la-defensa-del-titulo-en-australia\\\/#breadcrumblist\",\"itemListElement\":[{\"@type\":\"ListItem\",\"@id\":\"https:\\\/\\\/candas365.es\\\/noticias#listItem\",\"position\":1,\"name\":\"Home\",\"item\":\"https:\\\/\\\/candas365.es\\\/noticias\",\"nextItem\":{\"@type\":\"ListItem\",\"@id\":\"https:\\\/\\\/candas365.es\\\/noticias\\\/category\\\/actualidad\\\/#listItem\",\"name\":\"Actualidad\"}},{\"@type\":\"ListItem\",\"@id\":\"https:\\\/\\\/candas365.es\\\/noticias\\\/category\\\/actualidad\\\/#listItem\",\"position\":2,\"name\":\"Actualidad\",\"item\":\"https:\\\/\\\/candas365.es\\\/noticias\\\/category\\\/actualidad\\\/\",\"nextItem\":{\"@type\":\"ListItem\",\"@id\":\"https:\\\/\\\/candas365.es\\\/noticias\\\/kerber-resetea-para-emprender-la-defensa-del-titulo-en-australia\\\/#listItem\",\"name\":\"Kerber \\u00abresetea\\u00bb para emprender la defensa del t\\u00edtulo en Australia\"},\"previousItem\":{\"@type\":\"ListItem\",\"@id\":\"https:\\\/\\\/candas365.es\\\/noticias#listItem\",\"name\":\"Home\"}},{\"@type\":\"ListItem\",\"@id\":\"https:\\\/\\\/candas365.es\\\/noticias\\\/kerber-resetea-para-emprender-la-defensa-del-titulo-en-australia\\\/#listItem\",\"position\":3,\"name\":\"Kerber \\u00abresetea\\u00bb para emprender la defensa del t\\u00edtulo en Australia\",\"previousItem\":{\"@type\":\"ListItem\",\"@id\":\"https:\\\/\\\/candas365.es\\\/noticias\\\/category\\\/actualidad\\\/#listItem\",\"name\":\"Actualidad\"}}]},{\"@type\":\"NewsArticle\",\"@id\":\"https:\\\/\\\/candas365.es\\\/noticias\\\/kerber-resetea-para-emprender-la-defensa-del-titulo-en-australia\\\/#newsarticle\",\"name\":\"Kerber \\u00abresetea\\u00bb para emprender la defensa del t\\u00edtulo en Australia | Cand\\u00e1s 365\",\"headline\":\"Kerber \\u00abresetea\\u00bb para emprender la defensa del t\\u00edtulo en Australia\",\"author\":{\"@id\":\"https:\\\/\\\/candas365.es\\\/noticias\\\/author\\\/admin\\\/#author\"},\"publisher\":{\"@id\":\"https:\\\/\\\/candas365.es\\\/noticias\\\/#organization\"},\"image\":{\"@type\":\"ImageObject\",\"url\":\"https:\\\/\\\/candas365.es\\\/noticias\\\/wp-content\\\/uploads\\\/2015\\\/09\\\/c365noticias.jpg\",\"width\":655,\"height\":360},\"datePublished\":\"2017-01-15T20:52:54+01:00\",\"dateModified\":\"2017-01-15T20:52:54+01:00\",\"inLanguage\":\"es-ES\",\"mainEntityOfPage\":{\"@id\":\"https:\\\/\\\/candas365.es\\\/noticias\\\/kerber-resetea-para-emprender-la-defensa-del-titulo-en-australia\\\/#webpage\"},\"isPartOf\":{\"@id\":\"https:\\\/\\\/candas365.es\\\/noticias\\\/kerber-resetea-para-emprender-la-defensa-del-titulo-en-australia\\\/#webpage\"},\"articleSection\":\"Actualidad\",\"dateline\":\"Publicado el enero 15, 2017.\"},{\"@type\":\"Organization\",\"@id\":\"https:\\\/\\\/candas365.es\\\/noticias\\\/#organization\",\"name\":\"Cand\\u00e1s 365\",\"description\":\"Cand\\u00e1s 365 es un diario digital independiente, fundado en 2012, con base en Asturias. Informamos con rigor sobre actualidad, sociedad, cultura y ocio, con una mirada local y global.\",\"url\":\"https:\\\/\\\/candas365.es\\\/noticias\\\/\",\"email\":\"info@candas365.es\",\"telephone\":\"+34652131393\",\"foundingDate\":\"2012-06-10\",\"logo\":{\"@type\":\"ImageObject\",\"url\":\"https:\\\/\\\/candas365.es\\\/noticias\\\/wp-content\\\/uploads\\\/2024\\\/09\\\/Candas-365-Redes.jpg\",\"@id\":\"https:\\\/\\\/candas365.es\\\/noticias\\\/kerber-resetea-para-emprender-la-defensa-del-titulo-en-australia\\\/#organizationLogo\",\"width\":1152,\"height\":864,\"caption\":\"Cand\\u00e1s 365 Redes\"},\"image\":{\"@id\":\"https:\\\/\\\/candas365.es\\\/noticias\\\/kerber-resetea-para-emprender-la-defensa-del-titulo-en-australia\\\/#organizationLogo\"},\"sameAs\":[\"https:\\\/\\\/www.facebook.com\\\/Nachofdezber\",\"https:\\\/\\\/x.com\\\/NabercoDigital\",\"https:\\\/\\\/www.instagram.com\\\/nachofdezber\\\/\",\"https:\\\/\\\/www.youtube.com\\\/channel\\\/UCZP-2wLEB9Rv6erhFmqVnvg\"],\"address\":{\"@id\":\"https:\\\/\\\/candas365.es\\\/noticias\\\/#postaladdress\",\"@type\":\"PostalAddress\",\"streetAddress\":\"san antonio 4, san antonio 4\",\"postalCode\":\"33430\",\"addressLocality\":\"Cand\\u00e1s\",\"addressRegion\":\"Asturias\",\"addressCountry\":\"ES\"}},{\"@type\":\"Person\",\"@id\":\"https:\\\/\\\/candas365.es\\\/noticias\\\/author\\\/admin\\\/#author\",\"url\":\"https:\\\/\\\/candas365.es\\\/noticias\\\/author\\\/admin\\\/\",\"name\":\"Cand\\u00e1s 365\",\"image\":{\"@type\":\"ImageObject\",\"@id\":\"https:\\\/\\\/candas365.es\\\/noticias\\\/kerber-resetea-para-emprender-la-defensa-del-titulo-en-australia\\\/#authorImage\",\"url\":\"https:\\\/\\\/secure.gravatar.com\\\/avatar\\\/496a8e03d0c493ede1718b7934145dbdf8d89be1036b0eec9544e1094c9de390?s=96&d=mm&r=g\",\"width\":96,\"height\":96,\"caption\":\"Cand\\u00e1s 365\"},\"sameAs\":[\"https:\\\/\\\/www.facebook.com\\\/carrenoactualidad\",\"https:\\\/\\\/twitter.com\\\/nbasturias\",\"https:\\\/\\\/www.instagram.com\\\/nachofdezber\\\/\",\"https:\\\/\\\/www.youtube.com\\\/channel\\\/UCZP-2wLEB9Rv6erhFmqVnvg\"]},{\"@type\":\"WebPage\",\"@id\":\"https:\\\/\\\/candas365.es\\\/noticias\\\/kerber-resetea-para-emprender-la-defensa-del-titulo-en-australia\\\/#webpage\",\"url\":\"https:\\\/\\\/candas365.es\\\/noticias\\\/kerber-resetea-para-emprender-la-defensa-del-titulo-en-australia\\\/\",\"name\":\"Kerber \\u00abresetea\\u00bb para emprender la defensa del t\\u00edtulo en Australia | Cand\\u00e1s 365\",\"description\":\"Melbourne, 15 ene (dpa) - Tras un titubeante inicio de 2017, la alemana Angelique Kerber repiti\\u00f3 hoy una y otra vez que empieza \\\"desde cero\\\" en el Abierto de Australia, donde la n\\u00famero uno del mundo defiende t\\u00edtulo. \\\"Es un nuevo torneo, empezamos desde cero y tengo que estar lista para la primera ronda\\\", dijo\",\"inLanguage\":\"es-ES\",\"isPartOf\":{\"@id\":\"https:\\\/\\\/candas365.es\\\/noticias\\\/#website\"},\"breadcrumb\":{\"@id\":\"https:\\\/\\\/candas365.es\\\/noticias\\\/kerber-resetea-para-emprender-la-defensa-del-titulo-en-australia\\\/#breadcrumblist\"},\"author\":{\"@id\":\"https:\\\/\\\/candas365.es\\\/noticias\\\/author\\\/admin\\\/#author\"},\"creator\":{\"@id\":\"https:\\\/\\\/candas365.es\\\/noticias\\\/author\\\/admin\\\/#author\"},\"image\":{\"@type\":\"ImageObject\",\"url\":\"https:\\\/\\\/candas365.es\\\/noticias\\\/wp-content\\\/uploads\\\/2015\\\/09\\\/c365noticias.jpg\",\"@id\":\"https:\\\/\\\/candas365.es\\\/noticias\\\/kerber-resetea-para-emprender-la-defensa-del-titulo-en-australia\\\/#mainImage\",\"width\":655,\"height\":360},\"primaryImageOfPage\":{\"@id\":\"https:\\\/\\\/candas365.es\\\/noticias\\\/kerber-resetea-para-emprender-la-defensa-del-titulo-en-australia\\\/#mainImage\"},\"datePublished\":\"2017-01-15T20:52:54+01:00\",\"dateModified\":\"2017-01-15T20:52:54+01:00\"},{\"@type\":\"WebSite\",\"@id\":\"https:\\\/\\\/candas365.es\\\/noticias\\\/#website\",\"url\":\"https:\\\/\\\/candas365.es\\\/noticias\\\/\",\"name\":\"Cand\\u00e1s 365\",\"alternateName\":\"Cand\\u00e1s 365 Noticias\",\"description\":\"Actualidad desde Carre\\u00f1o para el mundo\",\"inLanguage\":\"es-ES\",\"publisher\":{\"@id\":\"https:\\\/\\\/candas365.es\\\/noticias\\\/#organization\"}}]}\n\t\t<\/script>\n\t\t<!-- All in One SEO Pro -->\r\n\t\t<title>Kerber \u00abresetea\u00bb para emprender la defensa del t\u00edtulo en Australia | Cand\u00e1s 365<\/title>\n\n","aioseo_head_json":{"title":"Kerber \u00abresetea\u00bb para emprender la defensa del t\u00edtulo en Australia | Cand\u00e1s 365","description":"Melbourne, 15 ene (dpa) - Tras un titubeante inicio de 2017, la alemana Angelique Kerber repiti\u00f3 hoy una y otra vez que empieza \"desde cero\" en el Abierto de Australia, donde la n\u00famero uno del mundo defiende t\u00edtulo. \"Es un nuevo torneo, empezamos desde cero y tengo que estar lista para la primera ronda\", dijo","canonical_url":"https:\/\/candas365.es\/noticias\/kerber-resetea-para-emprender-la-defensa-del-titulo-en-australia\/","robots":"max-image-preview:large","keywords":"actualidad","webmasterTools":{"google-site-verification":"UA-32230408-1","msvalidate.01":"354F3CDFB2DA171B47FBE9ABF1F88D5","miscellaneous":""},"schema":{"@context":"https:\/\/schema.org","@graph":[{"@type":"BreadcrumbList","@id":"https:\/\/candas365.es\/noticias\/kerber-resetea-para-emprender-la-defensa-del-titulo-en-australia\/#breadcrumblist","itemListElement":[{"@type":"ListItem","@id":"https:\/\/candas365.es\/noticias#listItem","position":1,"name":"Home","item":"https:\/\/candas365.es\/noticias","nextItem":{"@type":"ListItem","@id":"https:\/\/candas365.es\/noticias\/category\/actualidad\/#listItem","name":"Actualidad"}},{"@type":"ListItem","@id":"https:\/\/candas365.es\/noticias\/category\/actualidad\/#listItem","position":2,"name":"Actualidad","item":"https:\/\/candas365.es\/noticias\/category\/actualidad\/","nextItem":{"@type":"ListItem","@id":"https:\/\/candas365.es\/noticias\/kerber-resetea-para-emprender-la-defensa-del-titulo-en-australia\/#listItem","name":"Kerber \u00abresetea\u00bb para emprender la defensa del t\u00edtulo en Australia"},"previousItem":{"@type":"ListItem","@id":"https:\/\/candas365.es\/noticias#listItem","name":"Home"}},{"@type":"ListItem","@id":"https:\/\/candas365.es\/noticias\/kerber-resetea-para-emprender-la-defensa-del-titulo-en-australia\/#listItem","position":3,"name":"Kerber \u00abresetea\u00bb para emprender la defensa del t\u00edtulo en Australia","previousItem":{"@type":"ListItem","@id":"https:\/\/candas365.es\/noticias\/category\/actualidad\/#listItem","name":"Actualidad"}}]},{"@type":"NewsArticle","@id":"https:\/\/candas365.es\/noticias\/kerber-resetea-para-emprender-la-defensa-del-titulo-en-australia\/#newsarticle","name":"Kerber \u00abresetea\u00bb para emprender la defensa del t\u00edtulo en Australia | Cand\u00e1s 365","headline":"Kerber \u00abresetea\u00bb para emprender la defensa del t\u00edtulo en Australia","author":{"@id":"https:\/\/candas365.es\/noticias\/author\/admin\/#author"},"publisher":{"@id":"https:\/\/candas365.es\/noticias\/#organization"},"image":{"@type":"ImageObject","url":"https:\/\/candas365.es\/noticias\/wp-content\/uploads\/2015\/09\/c365noticias.jpg","width":655,"height":360},"datePublished":"2017-01-15T20:52:54+01:00","dateModified":"2017-01-15T20:52:54+01:00","inLanguage":"es-ES","mainEntityOfPage":{"@id":"https:\/\/candas365.es\/noticias\/kerber-resetea-para-emprender-la-defensa-del-titulo-en-australia\/#webpage"},"isPartOf":{"@id":"https:\/\/candas365.es\/noticias\/kerber-resetea-para-emprender-la-defensa-del-titulo-en-australia\/#webpage"},"articleSection":"Actualidad","dateline":"Publicado el enero 15, 2017."},{"@type":"Organization","@id":"https:\/\/candas365.es\/noticias\/#organization","name":"Cand\u00e1s 365","description":"Cand\u00e1s 365 es un diario digital independiente, fundado en 2012, con base en Asturias. Informamos con rigor sobre actualidad, sociedad, cultura y ocio, con una mirada local y global.","url":"https:\/\/candas365.es\/noticias\/","email":"info@candas365.es","telephone":"+34652131393","foundingDate":"2012-06-10","logo":{"@type":"ImageObject","url":"https:\/\/candas365.es\/noticias\/wp-content\/uploads\/2024\/09\/Candas-365-Redes.jpg","@id":"https:\/\/candas365.es\/noticias\/kerber-resetea-para-emprender-la-defensa-del-titulo-en-australia\/#organizationLogo","width":1152,"height":864,"caption":"Cand\u00e1s 365 Redes"},"image":{"@id":"https:\/\/candas365.es\/noticias\/kerber-resetea-para-emprender-la-defensa-del-titulo-en-australia\/#organizationLogo"},"sameAs":["https:\/\/www.facebook.com\/Nachofdezber","https:\/\/x.com\/NabercoDigital","https:\/\/www.instagram.com\/nachofdezber\/","https:\/\/www.youtube.com\/channel\/UCZP-2wLEB9Rv6erhFmqVnvg"],"address":{"@id":"https:\/\/candas365.es\/noticias\/#postaladdress","@type":"PostalAddress","streetAddress":"san antonio 4, san antonio 4","postalCode":"33430","addressLocality":"Cand\u00e1s","addressRegion":"Asturias","addressCountry":"ES"}},{"@type":"Person","@id":"https:\/\/candas365.es\/noticias\/author\/admin\/#author","url":"https:\/\/candas365.es\/noticias\/author\/admin\/","name":"Cand\u00e1s 365","image":{"@type":"ImageObject","@id":"https:\/\/candas365.es\/noticias\/kerber-resetea-para-emprender-la-defensa-del-titulo-en-australia\/#authorImage","url":"https:\/\/secure.gravatar.com\/avatar\/496a8e03d0c493ede1718b7934145dbdf8d89be1036b0eec9544e1094c9de390?s=96&d=mm&r=g","width":96,"height":96,"caption":"Cand\u00e1s 365"},"sameAs":["https:\/\/www.facebook.com\/carrenoactualidad","https:\/\/twitter.com\/nbasturias","https:\/\/www.instagram.com\/nachofdezber\/","https:\/\/www.youtube.com\/channel\/UCZP-2wLEB9Rv6erhFmqVnvg"]},{"@type":"WebPage","@id":"https:\/\/candas365.es\/noticias\/kerber-resetea-para-emprender-la-defensa-del-titulo-en-australia\/#webpage","url":"https:\/\/candas365.es\/noticias\/kerber-resetea-para-emprender-la-defensa-del-titulo-en-australia\/","name":"Kerber \u00abresetea\u00bb para emprender la defensa del t\u00edtulo en Australia | Cand\u00e1s 365","description":"Melbourne, 15 ene (dpa) - Tras un titubeante inicio de 2017, la alemana Angelique Kerber repiti\u00f3 hoy una y otra vez que empieza \"desde cero\" en el Abierto de Australia, donde la n\u00famero uno del mundo defiende t\u00edtulo. \"Es un nuevo torneo, empezamos desde cero y tengo que estar lista para la primera ronda\", dijo","inLanguage":"es-ES","isPartOf":{"@id":"https:\/\/candas365.es\/noticias\/#website"},"breadcrumb":{"@id":"https:\/\/candas365.es\/noticias\/kerber-resetea-para-emprender-la-defensa-del-titulo-en-australia\/#breadcrumblist"},"author":{"@id":"https:\/\/candas365.es\/noticias\/author\/admin\/#author"},"creator":{"@id":"https:\/\/candas365.es\/noticias\/author\/admin\/#author"},"image":{"@type":"ImageObject","url":"https:\/\/candas365.es\/noticias\/wp-content\/uploads\/2015\/09\/c365noticias.jpg","@id":"https:\/\/candas365.es\/noticias\/kerber-resetea-para-emprender-la-defensa-del-titulo-en-australia\/#mainImage","width":655,"height":360},"primaryImageOfPage":{"@id":"https:\/\/candas365.es\/noticias\/kerber-resetea-para-emprender-la-defensa-del-titulo-en-australia\/#mainImage"},"datePublished":"2017-01-15T20:52:54+01:00","dateModified":"2017-01-15T20:52:54+01:00"},{"@type":"WebSite","@id":"https:\/\/candas365.es\/noticias\/#website","url":"https:\/\/candas365.es\/noticias\/","name":"Cand\u00e1s 365","alternateName":"Cand\u00e1s 365 Noticias","description":"Actualidad desde Carre\u00f1o para el mundo","inLanguage":"es-ES","publisher":{"@id":"https:\/\/candas365.es\/noticias\/#organization"}}]},"og:locale":"es_ES","og:site_name":"Cand\u00e1s 365","og:type":"article","og:title":"Kerber \u00abresetea\u00bb para emprender la defensa del t\u00edtulo en Australia | Cand\u00e1s 365","og:description":"Melbourne, 15 ene (dpa) - Tras un titubeante inicio de 2017, la alemana Angelique Kerber repiti\u00f3 hoy una y otra vez que empieza &quot;desde cero&quot; en el Abierto de Australia, donde la n\u00famero uno del mundo defiende t\u00edtulo. &quot;Es un nuevo torneo, empezamos desde cero y tengo que estar lista para la primera ronda&quot;, dijo","og:url":"https:\/\/candas365.es\/noticias\/kerber-resetea-para-emprender-la-defensa-del-titulo-en-australia\/","og:image":"https:\/\/candas365.es\/noticias\/wp-content\/uploads\/2015\/09\/c365noticias.jpg","og:image:secure_url":"https:\/\/candas365.es\/noticias\/wp-content\/uploads\/2015\/09\/c365noticias.jpg","og:image:width":655,"og:image:height":360,"article:published_time":"2017-01-15T20:52:54+00:00","article:modified_time":"2017-01-15T20:52:54+00:00","article:publisher":"https:\/\/www.facebook.com\/Nachofdezber","article:author":"https:\/\/www.facebook.com\/carrenoactualidad","twitter:card":"summary_large_image","twitter:site":"@NabercoDigital","twitter:title":"Kerber \u00abresetea\u00bb para emprender la defensa del t\u00edtulo en Australia | Cand\u00e1s 365","twitter:description":"Melbourne, 15 ene (dpa) - Tras un titubeante inicio de 2017, la alemana Angelique Kerber repiti\u00f3 hoy una y otra vez que empieza &quot;desde cero&quot; en el Abierto de Australia, donde la n\u00famero uno del mundo defiende t\u00edtulo. &quot;Es un nuevo torneo, empezamos desde cero y tengo que estar lista para la primera ronda&quot;, dijo","twitter:creator":"@nbasturias","twitter:image":"https:\/\/candas365.es\/noticias\/wp-content\/uploads\/2015\/09\/c365noticias.jpg","twitter:label1":"Escrito por","twitter:data1":"Cand\u00e1s 365","twitter:label2":"Tiempo de lectura estimado","twitter:data2":"2 minutos"},"aioseo_meta_data":{"post_id":"40548","title":null,"description":null,"keywords":null,"keyphrases":null,"primary_term":null,"canonical_url":null,"og_title":null,"og_description":null,"og_object_type":"default","og_image_type":"default","og_image_url":null,"og_image_width":null,"og_image_height":null,"og_image_custom_url":null,"og_image_custom_fields":null,"og_video":null,"og_custom_url":null,"og_article_section":null,"og_article_tags":null,"twitter_use_og":false,"twitter_card":"default","twitter_image_type":"default","twitter_image_url":null,"twitter_image_custom_url":null,"twitter_image_custom_fields":null,"twitter_title":null,"twitter_description":null,"schema":{"blockGraphs":[],"customGraphs":[],"default":{"data":{"Article":[],"Course":[],"Dataset":[],"FAQPage":[],"Movie":[],"Person":[],"Product":[],"ProductReview":[],"Car":[],"Recipe":[],"Service":[],"SoftwareApplication":[],"WebPage":[]},"graphName":"","isEnabled":true},"graphs":[],"defaultGraph":"","defaultPostTypeGraph":""},"schema_type":null,"schema_type_options":null,"pillar_content":false,"robots_default":true,"robots_noindex":false,"robots_noarchive":false,"robots_nosnippet":false,"robots_nofollow":false,"robots_noimageindex":false,"robots_noodp":false,"robots_notranslate":false,"robots_max_snippet":null,"robots_max_videopreview":null,"robots_max_imagepreview":"large","priority":null,"frequency":null,"location":null,"local_seo":null,"seo_analyzer_scan_date":"2025-08-25 03:02:10","breadcrumb_settings":null,"limit_modified_date":false,"reviewed_by":null,"open_ai":null,"ai":null,"created":"2020-12-21 13:06:42","updated":"2025-08-25 03:02:10"},"aioseo_breadcrumb":"<div class=\"aioseo-breadcrumbs\"><span class=\"aioseo-breadcrumb\">\n\t<a href=\"https:\/\/candas365.es\/noticias\" title=\"Home\">Home<\/a>\n<\/span><span class=\"aioseo-breadcrumb-separator\">&ndash;<\/span><span class=\"aioseo-breadcrumb\">\n\t<a href=\"https:\/\/candas365.es\/noticias\/category\/actualidad\/\" title=\"Actualidad\">Actualidad<\/a>\n<\/span><span class=\"aioseo-breadcrumb-separator\">&ndash;<\/span><span class=\"aioseo-breadcrumb\">\n\tKerber \u00abresetea\u00bb para emprender la defensa del t\u00edtulo en Australia\n<\/span><\/div>","aioseo_breadcrumb_json":[{"label":"Home","link":"https:\/\/candas365.es\/noticias"},{"label":"Actualidad","link":"https:\/\/candas365.es\/noticias\/category\/actualidad\/"},{"label":"Kerber \u00abresetea\u00bb para emprender la defensa del t\u00edtulo en Australia","link":"https:\/\/candas365.es\/noticias\/kerber-resetea-para-emprender-la-defensa-del-titulo-en-australia\/"}],"_links":{"self":[{"href":"https:\/\/candas365.es\/noticias\/wp-json\/wp\/v2\/posts\/40548","targetHints":{"allow":["GET"]}}],"collection":[{"href":"https:\/\/candas365.es\/noticias\/wp-json\/wp\/v2\/posts"}],"about":[{"href":"https:\/\/candas365.es\/noticias\/wp-json\/wp\/v2\/types\/post"}],"author":[{"embeddable":true,"href":"https:\/\/candas365.es\/noticias\/wp-json\/wp\/v2\/users\/1"}],"replies":[{"embeddable":true,"href":"https:\/\/candas365.es\/noticias\/wp-json\/wp\/v2\/comments?post=40548"}],"version-history":[{"count":0,"href":"https:\/\/candas365.es\/noticias\/wp-json\/wp\/v2\/posts\/40548\/revisions"}],"wp:featuredmedia":[{"embeddable":true,"href":"https:\/\/candas365.es\/noticias\/wp-json\/wp\/v2\/media\/16457"}],"wp:attachment":[{"href":"https:\/\/candas365.es\/noticias\/wp-json\/wp\/v2\/media?parent=40548"}],"wp:term":[{"taxonomy":"category","embeddable":true,"href":"https:\/\/candas365.es\/noticias\/wp-json\/wp\/v2\/categories?post=40548"},{"taxonomy":"post_tag","embeddable":true,"href":"https:\/\/candas365.es\/noticias\/wp-json\/wp\/v2\/tags?post=40548"}],"curies":[{"name":"wp","href":"https:\/\/api.w.org\/{rel}","templated":true}]}}