{"id":40368,"date":"2017-01-13T21:08:24","date_gmt":"2017-01-13T21:08:24","guid":{"rendered":"http:\/\/candas365.es\/noticias\/?p=40368"},"modified":"2017-01-13T21:08:24","modified_gmt":"2017-01-13T21:08:24","slug":"las-victimas-del-atentado-de-berlin-estudian-pedir-una-indemnizacion-al-gobierno","status":"publish","type":"post","link":"https:\/\/candas365.es\/noticias\/las-victimas-del-atentado-de-berlin-estudian-pedir-una-indemnizacion-al-gobierno\/","title":{"rendered":"Las v\u00edctimas del atentado de Berl\u00edn estudian pedir una indemnizaci\u00f3n al Gobierno"},"content":{"rendered":"<p><img fetchpriority=\"high\" decoding=\"async\" class=\"alignleft size-medium wp-image-1072\" src=\"https:\/\/candas365.es\/noticias\/wp-content\/uploads\/2014\/09\/candasnota-360x236.jpg\" alt=\"\" width=\"360\" height=\"236\" srcset=\"https:\/\/candas365.es\/noticias\/wp-content\/uploads\/2014\/09\/candasnota-360x236.jpg 360w, https:\/\/candas365.es\/noticias\/wp-content\/uploads\/2014\/09\/candasnota-150x98.jpg 150w, https:\/\/candas365.es\/noticias\/wp-content\/uploads\/2014\/09\/candasnota-84x55.jpg 84w, https:\/\/candas365.es\/noticias\/wp-content\/uploads\/2014\/09\/candasnota.jpg 450w\" sizes=\"(max-width: 360px) 100vw, 360px\" \/>Berl\u00edn, 13 ene (dpa) &#8211; Las v\u00edctimas del atentado de diciembre en Berl\u00edn est\u00e1n considerando reclamar indemnizaciones despu\u00e9s de que desde el Ministerio del Interior de Alemania admitiesen la comisi\u00f3n de errores en relaci\u00f3n con el ataque, dijo el abogado Andreas Schulz en declaraciones que hoy publica el diario \u00abTagesspiegel\u00bb.<\/p>\n<p>El letrado, que representa a varias v\u00edctimas de la masacre, se\u00f1al\u00f3 en la entrevista con el rotativo que los afectados sopesan presentar una demanda de compensaci\u00f3n econ\u00f3mica contra las autoridades de la capital alemana y contra el Gobierno del pa\u00eds que ascender\u00eda a millones de euros.<\/p>\n<p>En concreto, la reclamaci\u00f3n se centrar\u00eda en los aspectos relacionados con la seguridad del mercado de Navidad en el que se produjo el atentado, explic\u00f3 Schulz.<\/p>\n<p>\u00abLa cuesti\u00f3n es por qu\u00e9 los bloques de hormig\u00f3n que se colocaron alrededor del mercado en la Breitscheidplatz s\u00f3lo se pusieron despu\u00e9s del ataque y no antes\u00bb, recalc\u00f3.<\/p>\n<p>Horas antes, en un programa de la televisi\u00f3n alemana, el ministro de Justicia del pa\u00eds reconoci\u00f3 que hubo errores en relaci\u00f3n con el atentado que cost\u00f3 la vida a 12 personas e hiri\u00f3 a otro medio centenar.<\/p>\n<p>\u00abDespu\u00e9s de lo que sucedi\u00f3 y de lo que hemos aprendido desde entonces, no es posible sentarse y decir que no se cometieron errores\u00bb, reconoci\u00f3 el pol\u00edtico socialdem\u00f3crata este jueves.<\/p>\n<p>Las declaraciones de Maas se producen casi un mes despu\u00e9s del atentado y en un momento en el que once de los 50 heridos todav\u00eda permanecen ingresados en la unidad de cuidados intensivos.<\/p>\n<p>El autor del atentado terrorista, el joven tunecino Anis Amri, que fue abatido a tiros en Italia, estaba considerado por las autoridades como una amenaza para la seguridad p\u00fablica y sobre \u00e9l pesaba una orden de expulsi\u00f3n del pa\u00eds.<\/p>\n<p>&nbsp;<\/p>\n","protected":false},"excerpt":{"rendered":"<p>Berl\u00edn, 13 ene (dpa) &#8211; Las v\u00edctimas del atentado de diciembre en Berl\u00edn est\u00e1n considerando reclamar indemnizaciones despu\u00e9s de que desde el Ministerio del Interior de Alemania admitiesen la comisi\u00f3n de errores en relaci\u00f3n con el ataque, dijo el abogado Andreas Schulz en declaraciones que hoy publica el diario \u00abTagesspiegel\u00bb. El letrado, que representa a<\/p>\n","protected":false},"author":1,"featured_media":16457,"comment_status":"closed","ping_status":"closed","sticky":false,"template":"","format":"standard","meta":{"footnotes":""},"categories":[343],"tags":[],"class_list":{"0":"post-40368","1":"post","2":"type-post","3":"status-publish","4":"format-standard","5":"has-post-thumbnail","7":"category-actualidad"},"aioseo_notices":[],"aioseo_head":"\n\t\t<!-- All in One SEO Pro 4.9.6.2 - aioseo.com -->\n\t<meta name=\"description\" content=\"Berl\u00edn, 13 ene (dpa) - Las v\u00edctimas del atentado de diciembre en Berl\u00edn est\u00e1n considerando reclamar indemnizaciones despu\u00e9s de que desde el Ministerio del Interior de Alemania admitiesen la comisi\u00f3n de errores en relaci\u00f3n con el ataque, dijo el abogado Andreas Schulz en declaraciones que hoy publica el diario &quot;Tagesspiegel&quot;. El letrado, que representa a\" \/>\n\t<meta name=\"robots\" content=\"max-image-preview:large\" \/>\n\t<meta name=\"author\" content=\"Cand\u00e1s 365\"\/>\n\t<meta name=\"google-site-verification\" content=\"UA-32230408-1\" \/>\n\t<meta name=\"msvalidate.01\" content=\"354F3CDFB2DA171B47FBE9ABF1F88D5\" \/>\n\t<meta name=\"keywords\" content=\"actualidad\" \/>\n\t<link rel=\"canonical\" href=\"https:\/\/candas365.es\/noticias\/las-victimas-del-atentado-de-berlin-estudian-pedir-una-indemnizacion-al-gobierno\/\" \/>\n\t<meta name=\"generator\" content=\"All in One SEO Pro (AIOSEO) 4.9.6.2\" \/>\n\t\t<meta property=\"og:locale\" content=\"es_ES\" \/>\n\t\t<meta property=\"og:site_name\" content=\"Cand\u00e1s 365\" \/>\n\t\t<meta property=\"og:type\" content=\"article\" \/>\n\t\t<meta property=\"og:title\" content=\"Las v\u00edctimas del atentado de Berl\u00edn estudian pedir una indemnizaci\u00f3n al Gobierno | Cand\u00e1s 365\" \/>\n\t\t<meta property=\"og:description\" content=\"Berl\u00edn, 13 ene (dpa) - Las v\u00edctimas del atentado de diciembre en Berl\u00edn est\u00e1n considerando reclamar indemnizaciones despu\u00e9s de que desde el Ministerio del Interior de Alemania admitiesen la comisi\u00f3n de errores en relaci\u00f3n con el ataque, dijo el abogado Andreas Schulz en declaraciones que hoy publica el diario &quot;Tagesspiegel&quot;. El letrado, que representa a\" \/>\n\t\t<meta property=\"og:url\" content=\"https:\/\/candas365.es\/noticias\/las-victimas-del-atentado-de-berlin-estudian-pedir-una-indemnizacion-al-gobierno\/\" \/>\n\t\t<meta property=\"og:image\" content=\"https:\/\/candas365.es\/noticias\/wp-content\/uploads\/2015\/09\/c365noticias.jpg\" \/>\n\t\t<meta property=\"og:image:secure_url\" content=\"https:\/\/candas365.es\/noticias\/wp-content\/uploads\/2015\/09\/c365noticias.jpg\" \/>\n\t\t<meta property=\"og:image:width\" content=\"655\" \/>\n\t\t<meta property=\"og:image:height\" content=\"360\" \/>\n\t\t<meta property=\"article:published_time\" content=\"2017-01-13T21:08:24+00:00\" \/>\n\t\t<meta property=\"article:modified_time\" content=\"2017-01-13T21:08:24+00:00\" \/>\n\t\t<meta property=\"article:publisher\" content=\"https:\/\/www.facebook.com\/Nachofdezber\" \/>\n\t\t<meta property=\"article:author\" content=\"https:\/\/www.facebook.com\/carrenoactualidad\" \/>\n\t\t<meta name=\"twitter:card\" content=\"summary_large_image\" \/>\n\t\t<meta name=\"twitter:site\" content=\"@NabercoDigital\" \/>\n\t\t<meta name=\"twitter:title\" content=\"Las v\u00edctimas del atentado de Berl\u00edn estudian pedir una indemnizaci\u00f3n al Gobierno | Cand\u00e1s 365\" \/>\n\t\t<meta name=\"twitter:description\" content=\"Berl\u00edn, 13 ene (dpa) - Las v\u00edctimas del atentado de diciembre en Berl\u00edn est\u00e1n considerando reclamar indemnizaciones despu\u00e9s de que desde el Ministerio del Interior de Alemania admitiesen la comisi\u00f3n de errores en relaci\u00f3n con el ataque, dijo el abogado Andreas Schulz en declaraciones que hoy publica el diario &quot;Tagesspiegel&quot;. El letrado, que representa a\" \/>\n\t\t<meta name=\"twitter:creator\" content=\"@nbasturias\" \/>\n\t\t<meta name=\"twitter:image\" content=\"https:\/\/candas365.es\/noticias\/wp-content\/uploads\/2015\/09\/c365noticias.jpg\" \/>\n\t\t<meta name=\"twitter:label1\" content=\"Escrito por\" \/>\n\t\t<meta name=\"twitter:data1\" content=\"Cand\u00e1s 365\" \/>\n\t\t<meta name=\"twitter:label2\" content=\"Tiempo de lectura estimado\" \/>\n\t\t<meta name=\"twitter:data2\" content=\"2 minutos\" \/>\n\t\t<script type=\"application\/ld+json\" class=\"aioseo-schema\">\n\t\t\t{\"@context\":\"https:\\\/\\\/schema.org\",\"@graph\":[{\"@type\":\"BreadcrumbList\",\"@id\":\"https:\\\/\\\/candas365.es\\\/noticias\\\/las-victimas-del-atentado-de-berlin-estudian-pedir-una-indemnizacion-al-gobierno\\\/#breadcrumblist\",\"itemListElement\":[{\"@type\":\"ListItem\",\"@id\":\"https:\\\/\\\/candas365.es\\\/noticias#listItem\",\"position\":1,\"name\":\"Home\",\"item\":\"https:\\\/\\\/candas365.es\\\/noticias\",\"nextItem\":{\"@type\":\"ListItem\",\"@id\":\"https:\\\/\\\/candas365.es\\\/noticias\\\/category\\\/actualidad\\\/#listItem\",\"name\":\"Actualidad\"}},{\"@type\":\"ListItem\",\"@id\":\"https:\\\/\\\/candas365.es\\\/noticias\\\/category\\\/actualidad\\\/#listItem\",\"position\":2,\"name\":\"Actualidad\",\"item\":\"https:\\\/\\\/candas365.es\\\/noticias\\\/category\\\/actualidad\\\/\",\"nextItem\":{\"@type\":\"ListItem\",\"@id\":\"https:\\\/\\\/candas365.es\\\/noticias\\\/las-victimas-del-atentado-de-berlin-estudian-pedir-una-indemnizacion-al-gobierno\\\/#listItem\",\"name\":\"Las v\\u00edctimas del atentado de Berl\\u00edn estudian pedir una indemnizaci\\u00f3n al Gobierno\"},\"previousItem\":{\"@type\":\"ListItem\",\"@id\":\"https:\\\/\\\/candas365.es\\\/noticias#listItem\",\"name\":\"Home\"}},{\"@type\":\"ListItem\",\"@id\":\"https:\\\/\\\/candas365.es\\\/noticias\\\/las-victimas-del-atentado-de-berlin-estudian-pedir-una-indemnizacion-al-gobierno\\\/#listItem\",\"position\":3,\"name\":\"Las v\\u00edctimas del atentado de Berl\\u00edn estudian pedir una indemnizaci\\u00f3n al Gobierno\",\"previousItem\":{\"@type\":\"ListItem\",\"@id\":\"https:\\\/\\\/candas365.es\\\/noticias\\\/category\\\/actualidad\\\/#listItem\",\"name\":\"Actualidad\"}}]},{\"@type\":\"NewsArticle\",\"@id\":\"https:\\\/\\\/candas365.es\\\/noticias\\\/las-victimas-del-atentado-de-berlin-estudian-pedir-una-indemnizacion-al-gobierno\\\/#newsarticle\",\"name\":\"Las v\\u00edctimas del atentado de Berl\\u00edn estudian pedir una indemnizaci\\u00f3n al Gobierno | Cand\\u00e1s 365\",\"headline\":\"Las v\\u00edctimas del atentado de Berl\\u00edn estudian pedir una indemnizaci\\u00f3n al Gobierno\",\"author\":{\"@id\":\"https:\\\/\\\/candas365.es\\\/noticias\\\/author\\\/admin\\\/#author\"},\"publisher\":{\"@id\":\"https:\\\/\\\/candas365.es\\\/noticias\\\/#organization\"},\"image\":{\"@type\":\"ImageObject\",\"url\":\"https:\\\/\\\/candas365.es\\\/noticias\\\/wp-content\\\/uploads\\\/2015\\\/09\\\/c365noticias.jpg\",\"width\":655,\"height\":360},\"datePublished\":\"2017-01-13T21:08:24+01:00\",\"dateModified\":\"2017-01-13T21:08:24+01:00\",\"inLanguage\":\"es-ES\",\"mainEntityOfPage\":{\"@id\":\"https:\\\/\\\/candas365.es\\\/noticias\\\/las-victimas-del-atentado-de-berlin-estudian-pedir-una-indemnizacion-al-gobierno\\\/#webpage\"},\"isPartOf\":{\"@id\":\"https:\\\/\\\/candas365.es\\\/noticias\\\/las-victimas-del-atentado-de-berlin-estudian-pedir-una-indemnizacion-al-gobierno\\\/#webpage\"},\"articleSection\":\"Actualidad\",\"dateline\":\"Publicado el enero 13, 2017.\"},{\"@type\":\"Organization\",\"@id\":\"https:\\\/\\\/candas365.es\\\/noticias\\\/#organization\",\"name\":\"Cand\\u00e1s 365\",\"description\":\"Cand\\u00e1s 365 es un diario digital independiente, fundado en 2012, con base en Asturias. Informamos con rigor sobre actualidad, sociedad, cultura y ocio, con una mirada local y global.\",\"url\":\"https:\\\/\\\/candas365.es\\\/noticias\\\/\",\"email\":\"info@candas365.es\",\"telephone\":\"+34652131393\",\"foundingDate\":\"2012-06-10\",\"logo\":{\"@type\":\"ImageObject\",\"url\":\"https:\\\/\\\/candas365.es\\\/noticias\\\/wp-content\\\/uploads\\\/2024\\\/09\\\/Candas-365-Redes.jpg\",\"@id\":\"https:\\\/\\\/candas365.es\\\/noticias\\\/las-victimas-del-atentado-de-berlin-estudian-pedir-una-indemnizacion-al-gobierno\\\/#organizationLogo\",\"width\":1152,\"height\":864,\"caption\":\"Cand\\u00e1s 365 Redes\"},\"image\":{\"@id\":\"https:\\\/\\\/candas365.es\\\/noticias\\\/las-victimas-del-atentado-de-berlin-estudian-pedir-una-indemnizacion-al-gobierno\\\/#organizationLogo\"},\"sameAs\":[\"https:\\\/\\\/www.facebook.com\\\/Nachofdezber\",\"https:\\\/\\\/x.com\\\/NabercoDigital\",\"https:\\\/\\\/www.instagram.com\\\/nachofdezber\\\/\",\"https:\\\/\\\/www.youtube.com\\\/channel\\\/UCZP-2wLEB9Rv6erhFmqVnvg\"],\"address\":{\"@id\":\"https:\\\/\\\/candas365.es\\\/noticias\\\/#postaladdress\",\"@type\":\"PostalAddress\",\"streetAddress\":\"san antonio 4, san antonio 4\",\"postalCode\":\"33430\",\"addressLocality\":\"Cand\\u00e1s\",\"addressRegion\":\"Asturias\",\"addressCountry\":\"ES\"}},{\"@type\":\"Person\",\"@id\":\"https:\\\/\\\/candas365.es\\\/noticias\\\/author\\\/admin\\\/#author\",\"url\":\"https:\\\/\\\/candas365.es\\\/noticias\\\/author\\\/admin\\\/\",\"name\":\"Cand\\u00e1s 365\",\"image\":{\"@type\":\"ImageObject\",\"@id\":\"https:\\\/\\\/candas365.es\\\/noticias\\\/las-victimas-del-atentado-de-berlin-estudian-pedir-una-indemnizacion-al-gobierno\\\/#authorImage\",\"url\":\"https:\\\/\\\/secure.gravatar.com\\\/avatar\\\/496a8e03d0c493ede1718b7934145dbdf8d89be1036b0eec9544e1094c9de390?s=96&d=mm&r=g\",\"width\":96,\"height\":96,\"caption\":\"Cand\\u00e1s 365\"},\"sameAs\":[\"https:\\\/\\\/www.facebook.com\\\/carrenoactualidad\",\"https:\\\/\\\/twitter.com\\\/nbasturias\",\"https:\\\/\\\/www.instagram.com\\\/nachofdezber\\\/\",\"https:\\\/\\\/www.youtube.com\\\/channel\\\/UCZP-2wLEB9Rv6erhFmqVnvg\"]},{\"@type\":\"WebPage\",\"@id\":\"https:\\\/\\\/candas365.es\\\/noticias\\\/las-victimas-del-atentado-de-berlin-estudian-pedir-una-indemnizacion-al-gobierno\\\/#webpage\",\"url\":\"https:\\\/\\\/candas365.es\\\/noticias\\\/las-victimas-del-atentado-de-berlin-estudian-pedir-una-indemnizacion-al-gobierno\\\/\",\"name\":\"Las v\\u00edctimas del atentado de Berl\\u00edn estudian pedir una indemnizaci\\u00f3n al Gobierno | Cand\\u00e1s 365\",\"description\":\"Berl\\u00edn, 13 ene (dpa) - Las v\\u00edctimas del atentado de diciembre en Berl\\u00edn est\\u00e1n considerando reclamar indemnizaciones despu\\u00e9s de que desde el Ministerio del Interior de Alemania admitiesen la comisi\\u00f3n de errores en relaci\\u00f3n con el ataque, dijo el abogado Andreas Schulz en declaraciones que hoy publica el diario \\\"Tagesspiegel\\\". El letrado, que representa a\",\"inLanguage\":\"es-ES\",\"isPartOf\":{\"@id\":\"https:\\\/\\\/candas365.es\\\/noticias\\\/#website\"},\"breadcrumb\":{\"@id\":\"https:\\\/\\\/candas365.es\\\/noticias\\\/las-victimas-del-atentado-de-berlin-estudian-pedir-una-indemnizacion-al-gobierno\\\/#breadcrumblist\"},\"author\":{\"@id\":\"https:\\\/\\\/candas365.es\\\/noticias\\\/author\\\/admin\\\/#author\"},\"creator\":{\"@id\":\"https:\\\/\\\/candas365.es\\\/noticias\\\/author\\\/admin\\\/#author\"},\"image\":{\"@type\":\"ImageObject\",\"url\":\"https:\\\/\\\/candas365.es\\\/noticias\\\/wp-content\\\/uploads\\\/2015\\\/09\\\/c365noticias.jpg\",\"@id\":\"https:\\\/\\\/candas365.es\\\/noticias\\\/las-victimas-del-atentado-de-berlin-estudian-pedir-una-indemnizacion-al-gobierno\\\/#mainImage\",\"width\":655,\"height\":360},\"primaryImageOfPage\":{\"@id\":\"https:\\\/\\\/candas365.es\\\/noticias\\\/las-victimas-del-atentado-de-berlin-estudian-pedir-una-indemnizacion-al-gobierno\\\/#mainImage\"},\"datePublished\":\"2017-01-13T21:08:24+01:00\",\"dateModified\":\"2017-01-13T21:08:24+01:00\"},{\"@type\":\"WebSite\",\"@id\":\"https:\\\/\\\/candas365.es\\\/noticias\\\/#website\",\"url\":\"https:\\\/\\\/candas365.es\\\/noticias\\\/\",\"name\":\"Cand\\u00e1s 365\",\"alternateName\":\"Cand\\u00e1s 365 Noticias\",\"description\":\"Actualidad desde Carre\\u00f1o para el mundo\",\"inLanguage\":\"es-ES\",\"publisher\":{\"@id\":\"https:\\\/\\\/candas365.es\\\/noticias\\\/#organization\"}}]}\n\t\t<\/script>\n\t\t<!-- All in One SEO Pro -->\r\n\t\t<title>Las v\u00edctimas del atentado de Berl\u00edn estudian pedir una indemnizaci\u00f3n al Gobierno | Cand\u00e1s 365<\/title>\n\n","aioseo_head_json":{"title":"Las v\u00edctimas del atentado de Berl\u00edn estudian pedir una indemnizaci\u00f3n al Gobierno | Cand\u00e1s 365","description":"Berl\u00edn, 13 ene (dpa) - Las v\u00edctimas del atentado de diciembre en Berl\u00edn est\u00e1n considerando reclamar indemnizaciones despu\u00e9s de que desde el Ministerio del Interior de Alemania admitiesen la comisi\u00f3n de errores en relaci\u00f3n con el ataque, dijo el abogado Andreas Schulz en declaraciones que hoy publica el diario \"Tagesspiegel\". El letrado, que representa a","canonical_url":"https:\/\/candas365.es\/noticias\/las-victimas-del-atentado-de-berlin-estudian-pedir-una-indemnizacion-al-gobierno\/","robots":"max-image-preview:large","keywords":"actualidad","webmasterTools":{"google-site-verification":"UA-32230408-1","msvalidate.01":"354F3CDFB2DA171B47FBE9ABF1F88D5","miscellaneous":""},"schema":{"@context":"https:\/\/schema.org","@graph":[{"@type":"BreadcrumbList","@id":"https:\/\/candas365.es\/noticias\/las-victimas-del-atentado-de-berlin-estudian-pedir-una-indemnizacion-al-gobierno\/#breadcrumblist","itemListElement":[{"@type":"ListItem","@id":"https:\/\/candas365.es\/noticias#listItem","position":1,"name":"Home","item":"https:\/\/candas365.es\/noticias","nextItem":{"@type":"ListItem","@id":"https:\/\/candas365.es\/noticias\/category\/actualidad\/#listItem","name":"Actualidad"}},{"@type":"ListItem","@id":"https:\/\/candas365.es\/noticias\/category\/actualidad\/#listItem","position":2,"name":"Actualidad","item":"https:\/\/candas365.es\/noticias\/category\/actualidad\/","nextItem":{"@type":"ListItem","@id":"https:\/\/candas365.es\/noticias\/las-victimas-del-atentado-de-berlin-estudian-pedir-una-indemnizacion-al-gobierno\/#listItem","name":"Las v\u00edctimas del atentado de Berl\u00edn estudian pedir una indemnizaci\u00f3n al Gobierno"},"previousItem":{"@type":"ListItem","@id":"https:\/\/candas365.es\/noticias#listItem","name":"Home"}},{"@type":"ListItem","@id":"https:\/\/candas365.es\/noticias\/las-victimas-del-atentado-de-berlin-estudian-pedir-una-indemnizacion-al-gobierno\/#listItem","position":3,"name":"Las v\u00edctimas del atentado de Berl\u00edn estudian pedir una indemnizaci\u00f3n al Gobierno","previousItem":{"@type":"ListItem","@id":"https:\/\/candas365.es\/noticias\/category\/actualidad\/#listItem","name":"Actualidad"}}]},{"@type":"NewsArticle","@id":"https:\/\/candas365.es\/noticias\/las-victimas-del-atentado-de-berlin-estudian-pedir-una-indemnizacion-al-gobierno\/#newsarticle","name":"Las v\u00edctimas del atentado de Berl\u00edn estudian pedir una indemnizaci\u00f3n al Gobierno | Cand\u00e1s 365","headline":"Las v\u00edctimas del atentado de Berl\u00edn estudian pedir una indemnizaci\u00f3n al Gobierno","author":{"@id":"https:\/\/candas365.es\/noticias\/author\/admin\/#author"},"publisher":{"@id":"https:\/\/candas365.es\/noticias\/#organization"},"image":{"@type":"ImageObject","url":"https:\/\/candas365.es\/noticias\/wp-content\/uploads\/2015\/09\/c365noticias.jpg","width":655,"height":360},"datePublished":"2017-01-13T21:08:24+01:00","dateModified":"2017-01-13T21:08:24+01:00","inLanguage":"es-ES","mainEntityOfPage":{"@id":"https:\/\/candas365.es\/noticias\/las-victimas-del-atentado-de-berlin-estudian-pedir-una-indemnizacion-al-gobierno\/#webpage"},"isPartOf":{"@id":"https:\/\/candas365.es\/noticias\/las-victimas-del-atentado-de-berlin-estudian-pedir-una-indemnizacion-al-gobierno\/#webpage"},"articleSection":"Actualidad","dateline":"Publicado el enero 13, 2017."},{"@type":"Organization","@id":"https:\/\/candas365.es\/noticias\/#organization","name":"Cand\u00e1s 365","description":"Cand\u00e1s 365 es un diario digital independiente, fundado en 2012, con base en Asturias. Informamos con rigor sobre actualidad, sociedad, cultura y ocio, con una mirada local y global.","url":"https:\/\/candas365.es\/noticias\/","email":"info@candas365.es","telephone":"+34652131393","foundingDate":"2012-06-10","logo":{"@type":"ImageObject","url":"https:\/\/candas365.es\/noticias\/wp-content\/uploads\/2024\/09\/Candas-365-Redes.jpg","@id":"https:\/\/candas365.es\/noticias\/las-victimas-del-atentado-de-berlin-estudian-pedir-una-indemnizacion-al-gobierno\/#organizationLogo","width":1152,"height":864,"caption":"Cand\u00e1s 365 Redes"},"image":{"@id":"https:\/\/candas365.es\/noticias\/las-victimas-del-atentado-de-berlin-estudian-pedir-una-indemnizacion-al-gobierno\/#organizationLogo"},"sameAs":["https:\/\/www.facebook.com\/Nachofdezber","https:\/\/x.com\/NabercoDigital","https:\/\/www.instagram.com\/nachofdezber\/","https:\/\/www.youtube.com\/channel\/UCZP-2wLEB9Rv6erhFmqVnvg"],"address":{"@id":"https:\/\/candas365.es\/noticias\/#postaladdress","@type":"PostalAddress","streetAddress":"san antonio 4, san antonio 4","postalCode":"33430","addressLocality":"Cand\u00e1s","addressRegion":"Asturias","addressCountry":"ES"}},{"@type":"Person","@id":"https:\/\/candas365.es\/noticias\/author\/admin\/#author","url":"https:\/\/candas365.es\/noticias\/author\/admin\/","name":"Cand\u00e1s 365","image":{"@type":"ImageObject","@id":"https:\/\/candas365.es\/noticias\/las-victimas-del-atentado-de-berlin-estudian-pedir-una-indemnizacion-al-gobierno\/#authorImage","url":"https:\/\/secure.gravatar.com\/avatar\/496a8e03d0c493ede1718b7934145dbdf8d89be1036b0eec9544e1094c9de390?s=96&d=mm&r=g","width":96,"height":96,"caption":"Cand\u00e1s 365"},"sameAs":["https:\/\/www.facebook.com\/carrenoactualidad","https:\/\/twitter.com\/nbasturias","https:\/\/www.instagram.com\/nachofdezber\/","https:\/\/www.youtube.com\/channel\/UCZP-2wLEB9Rv6erhFmqVnvg"]},{"@type":"WebPage","@id":"https:\/\/candas365.es\/noticias\/las-victimas-del-atentado-de-berlin-estudian-pedir-una-indemnizacion-al-gobierno\/#webpage","url":"https:\/\/candas365.es\/noticias\/las-victimas-del-atentado-de-berlin-estudian-pedir-una-indemnizacion-al-gobierno\/","name":"Las v\u00edctimas del atentado de Berl\u00edn estudian pedir una indemnizaci\u00f3n al Gobierno | Cand\u00e1s 365","description":"Berl\u00edn, 13 ene (dpa) - Las v\u00edctimas del atentado de diciembre en Berl\u00edn est\u00e1n considerando reclamar indemnizaciones despu\u00e9s de que desde el Ministerio del Interior de Alemania admitiesen la comisi\u00f3n de errores en relaci\u00f3n con el ataque, dijo el abogado Andreas Schulz en declaraciones que hoy publica el diario \"Tagesspiegel\". El letrado, que representa a","inLanguage":"es-ES","isPartOf":{"@id":"https:\/\/candas365.es\/noticias\/#website"},"breadcrumb":{"@id":"https:\/\/candas365.es\/noticias\/las-victimas-del-atentado-de-berlin-estudian-pedir-una-indemnizacion-al-gobierno\/#breadcrumblist"},"author":{"@id":"https:\/\/candas365.es\/noticias\/author\/admin\/#author"},"creator":{"@id":"https:\/\/candas365.es\/noticias\/author\/admin\/#author"},"image":{"@type":"ImageObject","url":"https:\/\/candas365.es\/noticias\/wp-content\/uploads\/2015\/09\/c365noticias.jpg","@id":"https:\/\/candas365.es\/noticias\/las-victimas-del-atentado-de-berlin-estudian-pedir-una-indemnizacion-al-gobierno\/#mainImage","width":655,"height":360},"primaryImageOfPage":{"@id":"https:\/\/candas365.es\/noticias\/las-victimas-del-atentado-de-berlin-estudian-pedir-una-indemnizacion-al-gobierno\/#mainImage"},"datePublished":"2017-01-13T21:08:24+01:00","dateModified":"2017-01-13T21:08:24+01:00"},{"@type":"WebSite","@id":"https:\/\/candas365.es\/noticias\/#website","url":"https:\/\/candas365.es\/noticias\/","name":"Cand\u00e1s 365","alternateName":"Cand\u00e1s 365 Noticias","description":"Actualidad desde Carre\u00f1o para el mundo","inLanguage":"es-ES","publisher":{"@id":"https:\/\/candas365.es\/noticias\/#organization"}}]},"og:locale":"es_ES","og:site_name":"Cand\u00e1s 365","og:type":"article","og:title":"Las v\u00edctimas del atentado de Berl\u00edn estudian pedir una indemnizaci\u00f3n al Gobierno | Cand\u00e1s 365","og:description":"Berl\u00edn, 13 ene (dpa) - Las v\u00edctimas del atentado de diciembre en Berl\u00edn est\u00e1n considerando reclamar indemnizaciones despu\u00e9s de que desde el Ministerio del Interior de Alemania admitiesen la comisi\u00f3n de errores en relaci\u00f3n con el ataque, dijo el abogado Andreas Schulz en declaraciones que hoy publica el diario &quot;Tagesspiegel&quot;. El letrado, que representa a","og:url":"https:\/\/candas365.es\/noticias\/las-victimas-del-atentado-de-berlin-estudian-pedir-una-indemnizacion-al-gobierno\/","og:image":"https:\/\/candas365.es\/noticias\/wp-content\/uploads\/2015\/09\/c365noticias.jpg","og:image:secure_url":"https:\/\/candas365.es\/noticias\/wp-content\/uploads\/2015\/09\/c365noticias.jpg","og:image:width":655,"og:image:height":360,"article:published_time":"2017-01-13T21:08:24+00:00","article:modified_time":"2017-01-13T21:08:24+00:00","article:publisher":"https:\/\/www.facebook.com\/Nachofdezber","article:author":"https:\/\/www.facebook.com\/carrenoactualidad","twitter:card":"summary_large_image","twitter:site":"@NabercoDigital","twitter:title":"Las v\u00edctimas del atentado de Berl\u00edn estudian pedir una indemnizaci\u00f3n al Gobierno | Cand\u00e1s 365","twitter:description":"Berl\u00edn, 13 ene (dpa) - Las v\u00edctimas del atentado de diciembre en Berl\u00edn est\u00e1n considerando reclamar indemnizaciones despu\u00e9s de que desde el Ministerio del Interior de Alemania admitiesen la comisi\u00f3n de errores en relaci\u00f3n con el ataque, dijo el abogado Andreas Schulz en declaraciones que hoy publica el diario &quot;Tagesspiegel&quot;. El letrado, que representa a","twitter:creator":"@nbasturias","twitter:image":"https:\/\/candas365.es\/noticias\/wp-content\/uploads\/2015\/09\/c365noticias.jpg","twitter:label1":"Escrito por","twitter:data1":"Cand\u00e1s 365","twitter:label2":"Tiempo de lectura estimado","twitter:data2":"2 minutos"},"aioseo_meta_data":{"post_id":"40368","title":null,"description":null,"keywords":null,"keyphrases":null,"primary_term":null,"canonical_url":null,"og_title":null,"og_description":null,"og_object_type":"default","og_image_type":"default","og_image_url":null,"og_image_width":null,"og_image_height":null,"og_image_custom_url":null,"og_image_custom_fields":null,"og_video":null,"og_custom_url":null,"og_article_section":null,"og_article_tags":null,"twitter_use_og":false,"twitter_card":"default","twitter_image_type":"default","twitter_image_url":null,"twitter_image_custom_url":null,"twitter_image_custom_fields":null,"twitter_title":null,"twitter_description":null,"schema":{"blockGraphs":[],"customGraphs":[],"default":{"data":{"Article":[],"Course":[],"Dataset":[],"FAQPage":[],"Movie":[],"Person":[],"Product":[],"ProductReview":[],"Car":[],"Recipe":[],"Service":[],"SoftwareApplication":[],"WebPage":[]},"graphName":"","isEnabled":true},"graphs":[],"defaultGraph":"","defaultPostTypeGraph":""},"schema_type":null,"schema_type_options":null,"pillar_content":false,"robots_default":true,"robots_noindex":false,"robots_noarchive":false,"robots_nosnippet":false,"robots_nofollow":false,"robots_noimageindex":false,"robots_noodp":false,"robots_notranslate":false,"robots_max_snippet":null,"robots_max_videopreview":null,"robots_max_imagepreview":"large","priority":null,"frequency":null,"location":null,"local_seo":null,"seo_analyzer_scan_date":"2025-08-25 02:45:16","breadcrumb_settings":null,"limit_modified_date":false,"reviewed_by":null,"open_ai":null,"ai":null,"created":"2020-12-21 13:06:49","updated":"2025-08-25 02:45:16"},"aioseo_breadcrumb":"<div class=\"aioseo-breadcrumbs\"><span class=\"aioseo-breadcrumb\">\n\t<a href=\"https:\/\/candas365.es\/noticias\" title=\"Home\">Home<\/a>\n<\/span><span class=\"aioseo-breadcrumb-separator\">&ndash;<\/span><span class=\"aioseo-breadcrumb\">\n\t<a href=\"https:\/\/candas365.es\/noticias\/category\/actualidad\/\" title=\"Actualidad\">Actualidad<\/a>\n<\/span><span class=\"aioseo-breadcrumb-separator\">&ndash;<\/span><span class=\"aioseo-breadcrumb\">\n\tLas v\u00edctimas del atentado de Berl\u00edn estudian pedir una indemnizaci\u00f3n al Gobierno\n<\/span><\/div>","aioseo_breadcrumb_json":[{"label":"Home","link":"https:\/\/candas365.es\/noticias"},{"label":"Actualidad","link":"https:\/\/candas365.es\/noticias\/category\/actualidad\/"},{"label":"Las v\u00edctimas del atentado de Berl\u00edn estudian pedir una indemnizaci\u00f3n al Gobierno","link":"https:\/\/candas365.es\/noticias\/las-victimas-del-atentado-de-berlin-estudian-pedir-una-indemnizacion-al-gobierno\/"}],"_links":{"self":[{"href":"https:\/\/candas365.es\/noticias\/wp-json\/wp\/v2\/posts\/40368","targetHints":{"allow":["GET"]}}],"collection":[{"href":"https:\/\/candas365.es\/noticias\/wp-json\/wp\/v2\/posts"}],"about":[{"href":"https:\/\/candas365.es\/noticias\/wp-json\/wp\/v2\/types\/post"}],"author":[{"embeddable":true,"href":"https:\/\/candas365.es\/noticias\/wp-json\/wp\/v2\/users\/1"}],"replies":[{"embeddable":true,"href":"https:\/\/candas365.es\/noticias\/wp-json\/wp\/v2\/comments?post=40368"}],"version-history":[{"count":0,"href":"https:\/\/candas365.es\/noticias\/wp-json\/wp\/v2\/posts\/40368\/revisions"}],"wp:featuredmedia":[{"embeddable":true,"href":"https:\/\/candas365.es\/noticias\/wp-json\/wp\/v2\/media\/16457"}],"wp:attachment":[{"href":"https:\/\/candas365.es\/noticias\/wp-json\/wp\/v2\/media?parent=40368"}],"wp:term":[{"taxonomy":"category","embeddable":true,"href":"https:\/\/candas365.es\/noticias\/wp-json\/wp\/v2\/categories?post=40368"},{"taxonomy":"post_tag","embeddable":true,"href":"https:\/\/candas365.es\/noticias\/wp-json\/wp\/v2\/tags?post=40368"}],"curies":[{"name":"wp","href":"https:\/\/api.w.org\/{rel}","templated":true}]}}