{"id":40298,"date":"2017-01-13T05:27:39","date_gmt":"2017-01-13T05:27:39","guid":{"rendered":"http:\/\/candas365.es\/noticias\/?p=40298"},"modified":"2017-01-13T05:27:39","modified_gmt":"2017-01-13T05:27:39","slug":"el-ministro-de-finanzas-aleman-quiere-usar-el-superavit-para-reducir-deuda","status":"publish","type":"post","link":"https:\/\/candas365.es\/noticias\/el-ministro-de-finanzas-aleman-quiere-usar-el-superavit-para-reducir-deuda\/","title":{"rendered":"El ministro de Finanzas alem\u00e1n quiere usar el super\u00e1vit para reducir deuda"},"content":{"rendered":"<p>Berl\u00edn, 12 ene (dpa) &#8211; El ministro de Finanzas alem\u00e1n, Wolfgang Sch\u00e4uble, quiere emplear el super\u00e1vit en los presupuestos germanos para reducir la deuda adquirida durante la crisis financiera, pero no todos en el Gobierno alem\u00e1n lo ven de la misma manera, inform\u00f3 hoy su Ministerio.<\/p>\n<p>El super\u00e1vit presupuestario del Estado alem\u00e1n ascendi\u00f3 en 2016 a 6.200 millones de euros (6.580 millones de d\u00f3lares). Para el pol\u00edtico cristianodem\u00f3crata y firme defensor de la pol\u00edtica de austeridad en la Uni\u00f3n Europea (UE), es importante dar ejemplo y destinar este dinero a amortizar la deuda p\u00fablica en lugar de aumentar de nuevo la partida destinada a hacer frente a los costes de los refugiados, actualmente fijada en casi 13.000 millones de euros.<\/p>\n<p>Desde el Ministerio de Finanzas indicaron que ahora no es el momento de abrir un debate sobre los impuestos, como intentan algunos pol\u00edticos de cara a las elecciones generales seguramente a finales de septiembre, ni de despertar nueva codicia en otro sitio. La reducci\u00f3n de la deuda es una medida sensata y una se\u00f1al a los socios internacionales, agregaron.<\/p>\n<p>El Estado debe cerca de 1,27 billones de euros, recordaron. \u00abPor eso no hace da\u00f1o comenzar a amortizar la deuda\u00bb, apuntaron.<\/p>\n<p>La Oficina Federal de Estad\u00edstica de Alemania inform\u00f3 de que el Estado registr\u00f3 un super\u00e1vit de 10.400 millones de euros. Sin embargo, esta cifra no incluye el gasto adicional fijado en 2016 de 3.500 millones de euros destinado a inversiones en municipios y que a\u00fan no han salido de las arcas del Estado.<\/p>\n<p>Es posible contar con consolidaci\u00f3n, excedente y al mismo tiempo dar un impulso a las inversiones, indicaron desde el Ministerio de Finanzas.<\/p>\n<p>Entre otros, la deuda que se quiere reducir incluye las antiguas cargas del fondo de inversiones y liquidaci\u00f3n (ITF) creado durante la crisis financiera y econ\u00f3mica en 2009, que ya se ha reducido ligeramente. En la actualidad asciende 18.700 millones de euros, frente a 21.022 millones de euros de 2015.<\/p>\n<p>Desde el Partido Socialdem\u00f3crata (SPD), socio de la Uni\u00f3n Crisitanodem\u00f3crata (CDU) en el Gobierno de coalici\u00f3n, criticaron los planes de Sch\u00e4uble de destinar este dinero a reducir la deuda en lugar de usarlo para llevar a cabo m\u00e1s inversiones en el pa\u00eds.<\/p>\n<p>Sch\u00e4uble debe destinar dinero para sanear los descuidados colegios y los puentes en ruinas, as\u00ed como para lograr un Internet r\u00e1pido en el pa\u00eds, indic\u00f3 a dpa la secretaria general del SPD, Katarina Barley.<\/p>\n<p>\u00abEn tiempos de tipo de inter\u00e9s cero es completamente tremendo permitir que siga aumentando la lista de necesidades de saneamiento e inversiones hasta que los tipos vuelvan a subir\u00bb, opin\u00f3 Barley.<\/p>\n","protected":false},"excerpt":{"rendered":"<p>Berl\u00edn, 12 ene (dpa) &#8211; El ministro de Finanzas alem\u00e1n, Wolfgang Sch\u00e4uble, quiere emplear el super\u00e1vit en los presupuestos germanos para reducir la deuda adquirida durante la crisis financiera, pero no todos en el Gobierno alem\u00e1n lo ven de la misma manera, inform\u00f3 hoy su Ministerio. El super\u00e1vit presupuestario del Estado alem\u00e1n ascendi\u00f3 en 2016<\/p>\n","protected":false},"author":1,"featured_media":19556,"comment_status":"closed","ping_status":"closed","sticky":false,"template":"","format":"standard","meta":{"footnotes":""},"categories":[343],"tags":[],"class_list":{"0":"post-40298","1":"post","2":"type-post","3":"status-publish","4":"format-standard","5":"has-post-thumbnail","7":"category-actualidad"},"aioseo_notices":[],"aioseo_head":"\n\t\t<!-- All in One SEO Pro 4.9.6.2 - aioseo.com -->\n\t<meta name=\"description\" content=\"Berl\u00edn, 12 ene (dpa) - El ministro de Finanzas alem\u00e1n, Wolfgang Sch\u00e4uble, quiere emplear el super\u00e1vit en los presupuestos germanos para reducir la deuda adquirida durante la crisis financiera, pero no todos en el Gobierno alem\u00e1n lo ven de la misma manera, inform\u00f3 hoy su Ministerio. El super\u00e1vit presupuestario del Estado alem\u00e1n ascendi\u00f3 en 2016\" \/>\n\t<meta name=\"robots\" content=\"max-image-preview:large\" \/>\n\t<meta name=\"author\" content=\"Cand\u00e1s 365\"\/>\n\t<meta name=\"google-site-verification\" content=\"UA-32230408-1\" \/>\n\t<meta name=\"msvalidate.01\" content=\"354F3CDFB2DA171B47FBE9ABF1F88D5\" \/>\n\t<meta name=\"keywords\" content=\"actualidad\" \/>\n\t<link rel=\"canonical\" href=\"https:\/\/candas365.es\/noticias\/el-ministro-de-finanzas-aleman-quiere-usar-el-superavit-para-reducir-deuda\/\" \/>\n\t<meta name=\"generator\" content=\"All in One SEO Pro (AIOSEO) 4.9.6.2\" \/>\n\t\t<meta property=\"og:locale\" content=\"es_ES\" \/>\n\t\t<meta property=\"og:site_name\" content=\"Cand\u00e1s 365\" \/>\n\t\t<meta property=\"og:type\" content=\"article\" \/>\n\t\t<meta property=\"og:title\" content=\"El ministro de Finanzas alem\u00e1n quiere usar el super\u00e1vit para reducir deuda | Cand\u00e1s 365\" \/>\n\t\t<meta property=\"og:description\" content=\"Berl\u00edn, 12 ene (dpa) - El ministro de Finanzas alem\u00e1n, Wolfgang Sch\u00e4uble, quiere emplear el super\u00e1vit en los presupuestos germanos para reducir la deuda adquirida durante la crisis financiera, pero no todos en el Gobierno alem\u00e1n lo ven de la misma manera, inform\u00f3 hoy su Ministerio. El super\u00e1vit presupuestario del Estado alem\u00e1n ascendi\u00f3 en 2016\" \/>\n\t\t<meta property=\"og:url\" content=\"https:\/\/candas365.es\/noticias\/el-ministro-de-finanzas-aleman-quiere-usar-el-superavit-para-reducir-deuda\/\" \/>\n\t\t<meta property=\"og:image\" content=\"https:\/\/candas365.es\/noticias\/wp-content\/uploads\/2015\/11\/euros.jpg\" \/>\n\t\t<meta property=\"og:image:secure_url\" content=\"https:\/\/candas365.es\/noticias\/wp-content\/uploads\/2015\/11\/euros.jpg\" \/>\n\t\t<meta property=\"og:image:width\" content=\"655\" \/>\n\t\t<meta property=\"og:image:height\" content=\"360\" \/>\n\t\t<meta property=\"article:published_time\" content=\"2017-01-13T05:27:39+00:00\" \/>\n\t\t<meta property=\"article:modified_time\" content=\"2017-01-13T05:27:39+00:00\" \/>\n\t\t<meta property=\"article:publisher\" content=\"https:\/\/www.facebook.com\/Nachofdezber\" \/>\n\t\t<meta property=\"article:author\" content=\"https:\/\/www.facebook.com\/carrenoactualidad\" \/>\n\t\t<meta name=\"twitter:card\" content=\"summary_large_image\" \/>\n\t\t<meta name=\"twitter:site\" content=\"@NabercoDigital\" \/>\n\t\t<meta name=\"twitter:title\" content=\"El ministro de Finanzas alem\u00e1n quiere usar el super\u00e1vit para reducir deuda | Cand\u00e1s 365\" \/>\n\t\t<meta name=\"twitter:description\" content=\"Berl\u00edn, 12 ene (dpa) - El ministro de Finanzas alem\u00e1n, Wolfgang Sch\u00e4uble, quiere emplear el super\u00e1vit en los presupuestos germanos para reducir la deuda adquirida durante la crisis financiera, pero no todos en el Gobierno alem\u00e1n lo ven de la misma manera, inform\u00f3 hoy su Ministerio. El super\u00e1vit presupuestario del Estado alem\u00e1n ascendi\u00f3 en 2016\" \/>\n\t\t<meta name=\"twitter:creator\" content=\"@nbasturias\" \/>\n\t\t<meta name=\"twitter:image\" content=\"https:\/\/candas365.es\/noticias\/wp-content\/uploads\/2015\/11\/euros.jpg\" \/>\n\t\t<meta name=\"twitter:label1\" content=\"Escrito por\" \/>\n\t\t<meta name=\"twitter:data1\" content=\"Cand\u00e1s 365\" \/>\n\t\t<meta name=\"twitter:label2\" content=\"Tiempo de lectura estimado\" \/>\n\t\t<meta name=\"twitter:data2\" content=\"2 minutos\" \/>\n\t\t<script type=\"application\/ld+json\" class=\"aioseo-schema\">\n\t\t\t{\"@context\":\"https:\\\/\\\/schema.org\",\"@graph\":[{\"@type\":\"BreadcrumbList\",\"@id\":\"https:\\\/\\\/candas365.es\\\/noticias\\\/el-ministro-de-finanzas-aleman-quiere-usar-el-superavit-para-reducir-deuda\\\/#breadcrumblist\",\"itemListElement\":[{\"@type\":\"ListItem\",\"@id\":\"https:\\\/\\\/candas365.es\\\/noticias#listItem\",\"position\":1,\"name\":\"Home\",\"item\":\"https:\\\/\\\/candas365.es\\\/noticias\",\"nextItem\":{\"@type\":\"ListItem\",\"@id\":\"https:\\\/\\\/candas365.es\\\/noticias\\\/category\\\/actualidad\\\/#listItem\",\"name\":\"Actualidad\"}},{\"@type\":\"ListItem\",\"@id\":\"https:\\\/\\\/candas365.es\\\/noticias\\\/category\\\/actualidad\\\/#listItem\",\"position\":2,\"name\":\"Actualidad\",\"item\":\"https:\\\/\\\/candas365.es\\\/noticias\\\/category\\\/actualidad\\\/\",\"nextItem\":{\"@type\":\"ListItem\",\"@id\":\"https:\\\/\\\/candas365.es\\\/noticias\\\/el-ministro-de-finanzas-aleman-quiere-usar-el-superavit-para-reducir-deuda\\\/#listItem\",\"name\":\"El ministro de Finanzas alem\\u00e1n quiere usar el super\\u00e1vit para reducir deuda\"},\"previousItem\":{\"@type\":\"ListItem\",\"@id\":\"https:\\\/\\\/candas365.es\\\/noticias#listItem\",\"name\":\"Home\"}},{\"@type\":\"ListItem\",\"@id\":\"https:\\\/\\\/candas365.es\\\/noticias\\\/el-ministro-de-finanzas-aleman-quiere-usar-el-superavit-para-reducir-deuda\\\/#listItem\",\"position\":3,\"name\":\"El ministro de Finanzas alem\\u00e1n quiere usar el super\\u00e1vit para reducir deuda\",\"previousItem\":{\"@type\":\"ListItem\",\"@id\":\"https:\\\/\\\/candas365.es\\\/noticias\\\/category\\\/actualidad\\\/#listItem\",\"name\":\"Actualidad\"}}]},{\"@type\":\"NewsArticle\",\"@id\":\"https:\\\/\\\/candas365.es\\\/noticias\\\/el-ministro-de-finanzas-aleman-quiere-usar-el-superavit-para-reducir-deuda\\\/#newsarticle\",\"name\":\"El ministro de Finanzas alem\\u00e1n quiere usar el super\\u00e1vit para reducir deuda | Cand\\u00e1s 365\",\"headline\":\"El ministro de Finanzas alem\\u00e1n quiere usar el super\\u00e1vit para reducir deuda\",\"author\":{\"@id\":\"https:\\\/\\\/candas365.es\\\/noticias\\\/author\\\/admin\\\/#author\"},\"publisher\":{\"@id\":\"https:\\\/\\\/candas365.es\\\/noticias\\\/#organization\"},\"image\":{\"@type\":\"ImageObject\",\"url\":\"https:\\\/\\\/candas365.es\\\/noticias\\\/wp-content\\\/uploads\\\/2015\\\/11\\\/euros.jpg\",\"width\":655,\"height\":360},\"datePublished\":\"2017-01-13T05:27:39+01:00\",\"dateModified\":\"2017-01-13T05:27:39+01:00\",\"inLanguage\":\"es-ES\",\"mainEntityOfPage\":{\"@id\":\"https:\\\/\\\/candas365.es\\\/noticias\\\/el-ministro-de-finanzas-aleman-quiere-usar-el-superavit-para-reducir-deuda\\\/#webpage\"},\"isPartOf\":{\"@id\":\"https:\\\/\\\/candas365.es\\\/noticias\\\/el-ministro-de-finanzas-aleman-quiere-usar-el-superavit-para-reducir-deuda\\\/#webpage\"},\"articleSection\":\"Actualidad\",\"dateline\":\"Publicado el enero 13, 2017.\"},{\"@type\":\"Organization\",\"@id\":\"https:\\\/\\\/candas365.es\\\/noticias\\\/#organization\",\"name\":\"Cand\\u00e1s 365\",\"description\":\"Cand\\u00e1s 365 es un diario digital independiente, fundado en 2012, con base en Asturias. Informamos con rigor sobre actualidad, sociedad, cultura y ocio, con una mirada local y global.\",\"url\":\"https:\\\/\\\/candas365.es\\\/noticias\\\/\",\"email\":\"info@candas365.es\",\"telephone\":\"+34652131393\",\"foundingDate\":\"2012-06-10\",\"logo\":{\"@type\":\"ImageObject\",\"url\":\"https:\\\/\\\/candas365.es\\\/noticias\\\/wp-content\\\/uploads\\\/2024\\\/09\\\/Candas-365-Redes.jpg\",\"@id\":\"https:\\\/\\\/candas365.es\\\/noticias\\\/el-ministro-de-finanzas-aleman-quiere-usar-el-superavit-para-reducir-deuda\\\/#organizationLogo\",\"width\":1152,\"height\":864,\"caption\":\"Cand\\u00e1s 365 Redes\"},\"image\":{\"@id\":\"https:\\\/\\\/candas365.es\\\/noticias\\\/el-ministro-de-finanzas-aleman-quiere-usar-el-superavit-para-reducir-deuda\\\/#organizationLogo\"},\"sameAs\":[\"https:\\\/\\\/www.facebook.com\\\/Nachofdezber\",\"https:\\\/\\\/x.com\\\/NabercoDigital\",\"https:\\\/\\\/www.instagram.com\\\/nachofdezber\\\/\",\"https:\\\/\\\/www.youtube.com\\\/channel\\\/UCZP-2wLEB9Rv6erhFmqVnvg\"],\"address\":{\"@id\":\"https:\\\/\\\/candas365.es\\\/noticias\\\/#postaladdress\",\"@type\":\"PostalAddress\",\"streetAddress\":\"san antonio 4, san antonio 4\",\"postalCode\":\"33430\",\"addressLocality\":\"Cand\\u00e1s\",\"addressRegion\":\"Asturias\",\"addressCountry\":\"ES\"}},{\"@type\":\"Person\",\"@id\":\"https:\\\/\\\/candas365.es\\\/noticias\\\/author\\\/admin\\\/#author\",\"url\":\"https:\\\/\\\/candas365.es\\\/noticias\\\/author\\\/admin\\\/\",\"name\":\"Cand\\u00e1s 365\",\"image\":{\"@type\":\"ImageObject\",\"@id\":\"https:\\\/\\\/candas365.es\\\/noticias\\\/el-ministro-de-finanzas-aleman-quiere-usar-el-superavit-para-reducir-deuda\\\/#authorImage\",\"url\":\"https:\\\/\\\/secure.gravatar.com\\\/avatar\\\/496a8e03d0c493ede1718b7934145dbdf8d89be1036b0eec9544e1094c9de390?s=96&d=mm&r=g\",\"width\":96,\"height\":96,\"caption\":\"Cand\\u00e1s 365\"},\"sameAs\":[\"https:\\\/\\\/www.facebook.com\\\/carrenoactualidad\",\"https:\\\/\\\/twitter.com\\\/nbasturias\",\"https:\\\/\\\/www.instagram.com\\\/nachofdezber\\\/\",\"https:\\\/\\\/www.youtube.com\\\/channel\\\/UCZP-2wLEB9Rv6erhFmqVnvg\"]},{\"@type\":\"WebPage\",\"@id\":\"https:\\\/\\\/candas365.es\\\/noticias\\\/el-ministro-de-finanzas-aleman-quiere-usar-el-superavit-para-reducir-deuda\\\/#webpage\",\"url\":\"https:\\\/\\\/candas365.es\\\/noticias\\\/el-ministro-de-finanzas-aleman-quiere-usar-el-superavit-para-reducir-deuda\\\/\",\"name\":\"El ministro de Finanzas alem\\u00e1n quiere usar el super\\u00e1vit para reducir deuda | Cand\\u00e1s 365\",\"description\":\"Berl\\u00edn, 12 ene (dpa) - El ministro de Finanzas alem\\u00e1n, Wolfgang Sch\\u00e4uble, quiere emplear el super\\u00e1vit en los presupuestos germanos para reducir la deuda adquirida durante la crisis financiera, pero no todos en el Gobierno alem\\u00e1n lo ven de la misma manera, inform\\u00f3 hoy su Ministerio. El super\\u00e1vit presupuestario del Estado alem\\u00e1n ascendi\\u00f3 en 2016\",\"inLanguage\":\"es-ES\",\"isPartOf\":{\"@id\":\"https:\\\/\\\/candas365.es\\\/noticias\\\/#website\"},\"breadcrumb\":{\"@id\":\"https:\\\/\\\/candas365.es\\\/noticias\\\/el-ministro-de-finanzas-aleman-quiere-usar-el-superavit-para-reducir-deuda\\\/#breadcrumblist\"},\"author\":{\"@id\":\"https:\\\/\\\/candas365.es\\\/noticias\\\/author\\\/admin\\\/#author\"},\"creator\":{\"@id\":\"https:\\\/\\\/candas365.es\\\/noticias\\\/author\\\/admin\\\/#author\"},\"image\":{\"@type\":\"ImageObject\",\"url\":\"https:\\\/\\\/candas365.es\\\/noticias\\\/wp-content\\\/uploads\\\/2015\\\/11\\\/euros.jpg\",\"@id\":\"https:\\\/\\\/candas365.es\\\/noticias\\\/el-ministro-de-finanzas-aleman-quiere-usar-el-superavit-para-reducir-deuda\\\/#mainImage\",\"width\":655,\"height\":360},\"primaryImageOfPage\":{\"@id\":\"https:\\\/\\\/candas365.es\\\/noticias\\\/el-ministro-de-finanzas-aleman-quiere-usar-el-superavit-para-reducir-deuda\\\/#mainImage\"},\"datePublished\":\"2017-01-13T05:27:39+01:00\",\"dateModified\":\"2017-01-13T05:27:39+01:00\"},{\"@type\":\"WebSite\",\"@id\":\"https:\\\/\\\/candas365.es\\\/noticias\\\/#website\",\"url\":\"https:\\\/\\\/candas365.es\\\/noticias\\\/\",\"name\":\"Cand\\u00e1s 365\",\"alternateName\":\"Cand\\u00e1s 365 Noticias\",\"description\":\"Actualidad desde Carre\\u00f1o para el mundo\",\"inLanguage\":\"es-ES\",\"publisher\":{\"@id\":\"https:\\\/\\\/candas365.es\\\/noticias\\\/#organization\"}}]}\n\t\t<\/script>\n\t\t<!-- All in One SEO Pro -->\r\n\t\t<title>El ministro de Finanzas alem\u00e1n quiere usar el super\u00e1vit para reducir deuda | Cand\u00e1s 365<\/title>\n\n","aioseo_head_json":{"title":"El ministro de Finanzas alem\u00e1n quiere usar el super\u00e1vit para reducir deuda | Cand\u00e1s 365","description":"Berl\u00edn, 12 ene (dpa) - El ministro de Finanzas alem\u00e1n, Wolfgang Sch\u00e4uble, quiere emplear el super\u00e1vit en los presupuestos germanos para reducir la deuda adquirida durante la crisis financiera, pero no todos en el Gobierno alem\u00e1n lo ven de la misma manera, inform\u00f3 hoy su Ministerio. El super\u00e1vit presupuestario del Estado alem\u00e1n ascendi\u00f3 en 2016","canonical_url":"https:\/\/candas365.es\/noticias\/el-ministro-de-finanzas-aleman-quiere-usar-el-superavit-para-reducir-deuda\/","robots":"max-image-preview:large","keywords":"actualidad","webmasterTools":{"google-site-verification":"UA-32230408-1","msvalidate.01":"354F3CDFB2DA171B47FBE9ABF1F88D5","miscellaneous":""},"schema":{"@context":"https:\/\/schema.org","@graph":[{"@type":"BreadcrumbList","@id":"https:\/\/candas365.es\/noticias\/el-ministro-de-finanzas-aleman-quiere-usar-el-superavit-para-reducir-deuda\/#breadcrumblist","itemListElement":[{"@type":"ListItem","@id":"https:\/\/candas365.es\/noticias#listItem","position":1,"name":"Home","item":"https:\/\/candas365.es\/noticias","nextItem":{"@type":"ListItem","@id":"https:\/\/candas365.es\/noticias\/category\/actualidad\/#listItem","name":"Actualidad"}},{"@type":"ListItem","@id":"https:\/\/candas365.es\/noticias\/category\/actualidad\/#listItem","position":2,"name":"Actualidad","item":"https:\/\/candas365.es\/noticias\/category\/actualidad\/","nextItem":{"@type":"ListItem","@id":"https:\/\/candas365.es\/noticias\/el-ministro-de-finanzas-aleman-quiere-usar-el-superavit-para-reducir-deuda\/#listItem","name":"El ministro de Finanzas alem\u00e1n quiere usar el super\u00e1vit para reducir deuda"},"previousItem":{"@type":"ListItem","@id":"https:\/\/candas365.es\/noticias#listItem","name":"Home"}},{"@type":"ListItem","@id":"https:\/\/candas365.es\/noticias\/el-ministro-de-finanzas-aleman-quiere-usar-el-superavit-para-reducir-deuda\/#listItem","position":3,"name":"El ministro de Finanzas alem\u00e1n quiere usar el super\u00e1vit para reducir deuda","previousItem":{"@type":"ListItem","@id":"https:\/\/candas365.es\/noticias\/category\/actualidad\/#listItem","name":"Actualidad"}}]},{"@type":"NewsArticle","@id":"https:\/\/candas365.es\/noticias\/el-ministro-de-finanzas-aleman-quiere-usar-el-superavit-para-reducir-deuda\/#newsarticle","name":"El ministro de Finanzas alem\u00e1n quiere usar el super\u00e1vit para reducir deuda | Cand\u00e1s 365","headline":"El ministro de Finanzas alem\u00e1n quiere usar el super\u00e1vit para reducir deuda","author":{"@id":"https:\/\/candas365.es\/noticias\/author\/admin\/#author"},"publisher":{"@id":"https:\/\/candas365.es\/noticias\/#organization"},"image":{"@type":"ImageObject","url":"https:\/\/candas365.es\/noticias\/wp-content\/uploads\/2015\/11\/euros.jpg","width":655,"height":360},"datePublished":"2017-01-13T05:27:39+01:00","dateModified":"2017-01-13T05:27:39+01:00","inLanguage":"es-ES","mainEntityOfPage":{"@id":"https:\/\/candas365.es\/noticias\/el-ministro-de-finanzas-aleman-quiere-usar-el-superavit-para-reducir-deuda\/#webpage"},"isPartOf":{"@id":"https:\/\/candas365.es\/noticias\/el-ministro-de-finanzas-aleman-quiere-usar-el-superavit-para-reducir-deuda\/#webpage"},"articleSection":"Actualidad","dateline":"Publicado el enero 13, 2017."},{"@type":"Organization","@id":"https:\/\/candas365.es\/noticias\/#organization","name":"Cand\u00e1s 365","description":"Cand\u00e1s 365 es un diario digital independiente, fundado en 2012, con base en Asturias. Informamos con rigor sobre actualidad, sociedad, cultura y ocio, con una mirada local y global.","url":"https:\/\/candas365.es\/noticias\/","email":"info@candas365.es","telephone":"+34652131393","foundingDate":"2012-06-10","logo":{"@type":"ImageObject","url":"https:\/\/candas365.es\/noticias\/wp-content\/uploads\/2024\/09\/Candas-365-Redes.jpg","@id":"https:\/\/candas365.es\/noticias\/el-ministro-de-finanzas-aleman-quiere-usar-el-superavit-para-reducir-deuda\/#organizationLogo","width":1152,"height":864,"caption":"Cand\u00e1s 365 Redes"},"image":{"@id":"https:\/\/candas365.es\/noticias\/el-ministro-de-finanzas-aleman-quiere-usar-el-superavit-para-reducir-deuda\/#organizationLogo"},"sameAs":["https:\/\/www.facebook.com\/Nachofdezber","https:\/\/x.com\/NabercoDigital","https:\/\/www.instagram.com\/nachofdezber\/","https:\/\/www.youtube.com\/channel\/UCZP-2wLEB9Rv6erhFmqVnvg"],"address":{"@id":"https:\/\/candas365.es\/noticias\/#postaladdress","@type":"PostalAddress","streetAddress":"san antonio 4, san antonio 4","postalCode":"33430","addressLocality":"Cand\u00e1s","addressRegion":"Asturias","addressCountry":"ES"}},{"@type":"Person","@id":"https:\/\/candas365.es\/noticias\/author\/admin\/#author","url":"https:\/\/candas365.es\/noticias\/author\/admin\/","name":"Cand\u00e1s 365","image":{"@type":"ImageObject","@id":"https:\/\/candas365.es\/noticias\/el-ministro-de-finanzas-aleman-quiere-usar-el-superavit-para-reducir-deuda\/#authorImage","url":"https:\/\/secure.gravatar.com\/avatar\/496a8e03d0c493ede1718b7934145dbdf8d89be1036b0eec9544e1094c9de390?s=96&d=mm&r=g","width":96,"height":96,"caption":"Cand\u00e1s 365"},"sameAs":["https:\/\/www.facebook.com\/carrenoactualidad","https:\/\/twitter.com\/nbasturias","https:\/\/www.instagram.com\/nachofdezber\/","https:\/\/www.youtube.com\/channel\/UCZP-2wLEB9Rv6erhFmqVnvg"]},{"@type":"WebPage","@id":"https:\/\/candas365.es\/noticias\/el-ministro-de-finanzas-aleman-quiere-usar-el-superavit-para-reducir-deuda\/#webpage","url":"https:\/\/candas365.es\/noticias\/el-ministro-de-finanzas-aleman-quiere-usar-el-superavit-para-reducir-deuda\/","name":"El ministro de Finanzas alem\u00e1n quiere usar el super\u00e1vit para reducir deuda | Cand\u00e1s 365","description":"Berl\u00edn, 12 ene (dpa) - El ministro de Finanzas alem\u00e1n, Wolfgang Sch\u00e4uble, quiere emplear el super\u00e1vit en los presupuestos germanos para reducir la deuda adquirida durante la crisis financiera, pero no todos en el Gobierno alem\u00e1n lo ven de la misma manera, inform\u00f3 hoy su Ministerio. El super\u00e1vit presupuestario del Estado alem\u00e1n ascendi\u00f3 en 2016","inLanguage":"es-ES","isPartOf":{"@id":"https:\/\/candas365.es\/noticias\/#website"},"breadcrumb":{"@id":"https:\/\/candas365.es\/noticias\/el-ministro-de-finanzas-aleman-quiere-usar-el-superavit-para-reducir-deuda\/#breadcrumblist"},"author":{"@id":"https:\/\/candas365.es\/noticias\/author\/admin\/#author"},"creator":{"@id":"https:\/\/candas365.es\/noticias\/author\/admin\/#author"},"image":{"@type":"ImageObject","url":"https:\/\/candas365.es\/noticias\/wp-content\/uploads\/2015\/11\/euros.jpg","@id":"https:\/\/candas365.es\/noticias\/el-ministro-de-finanzas-aleman-quiere-usar-el-superavit-para-reducir-deuda\/#mainImage","width":655,"height":360},"primaryImageOfPage":{"@id":"https:\/\/candas365.es\/noticias\/el-ministro-de-finanzas-aleman-quiere-usar-el-superavit-para-reducir-deuda\/#mainImage"},"datePublished":"2017-01-13T05:27:39+01:00","dateModified":"2017-01-13T05:27:39+01:00"},{"@type":"WebSite","@id":"https:\/\/candas365.es\/noticias\/#website","url":"https:\/\/candas365.es\/noticias\/","name":"Cand\u00e1s 365","alternateName":"Cand\u00e1s 365 Noticias","description":"Actualidad desde Carre\u00f1o para el mundo","inLanguage":"es-ES","publisher":{"@id":"https:\/\/candas365.es\/noticias\/#organization"}}]},"og:locale":"es_ES","og:site_name":"Cand\u00e1s 365","og:type":"article","og:title":"El ministro de Finanzas alem\u00e1n quiere usar el super\u00e1vit para reducir deuda | Cand\u00e1s 365","og:description":"Berl\u00edn, 12 ene (dpa) - El ministro de Finanzas alem\u00e1n, Wolfgang Sch\u00e4uble, quiere emplear el super\u00e1vit en los presupuestos germanos para reducir la deuda adquirida durante la crisis financiera, pero no todos en el Gobierno alem\u00e1n lo ven de la misma manera, inform\u00f3 hoy su Ministerio. El super\u00e1vit presupuestario del Estado alem\u00e1n ascendi\u00f3 en 2016","og:url":"https:\/\/candas365.es\/noticias\/el-ministro-de-finanzas-aleman-quiere-usar-el-superavit-para-reducir-deuda\/","og:image":"https:\/\/candas365.es\/noticias\/wp-content\/uploads\/2015\/11\/euros.jpg","og:image:secure_url":"https:\/\/candas365.es\/noticias\/wp-content\/uploads\/2015\/11\/euros.jpg","og:image:width":655,"og:image:height":360,"article:published_time":"2017-01-13T05:27:39+00:00","article:modified_time":"2017-01-13T05:27:39+00:00","article:publisher":"https:\/\/www.facebook.com\/Nachofdezber","article:author":"https:\/\/www.facebook.com\/carrenoactualidad","twitter:card":"summary_large_image","twitter:site":"@NabercoDigital","twitter:title":"El ministro de Finanzas alem\u00e1n quiere usar el super\u00e1vit para reducir deuda | Cand\u00e1s 365","twitter:description":"Berl\u00edn, 12 ene (dpa) - El ministro de Finanzas alem\u00e1n, Wolfgang Sch\u00e4uble, quiere emplear el super\u00e1vit en los presupuestos germanos para reducir la deuda adquirida durante la crisis financiera, pero no todos en el Gobierno alem\u00e1n lo ven de la misma manera, inform\u00f3 hoy su Ministerio. El super\u00e1vit presupuestario del Estado alem\u00e1n ascendi\u00f3 en 2016","twitter:creator":"@nbasturias","twitter:image":"https:\/\/candas365.es\/noticias\/wp-content\/uploads\/2015\/11\/euros.jpg","twitter:label1":"Escrito por","twitter:data1":"Cand\u00e1s 365","twitter:label2":"Tiempo de lectura estimado","twitter:data2":"2 minutos"},"aioseo_meta_data":{"post_id":"40298","title":null,"description":null,"keywords":null,"keyphrases":null,"primary_term":null,"canonical_url":null,"og_title":null,"og_description":null,"og_object_type":"default","og_image_type":"default","og_image_url":null,"og_image_width":null,"og_image_height":null,"og_image_custom_url":null,"og_image_custom_fields":null,"og_video":null,"og_custom_url":null,"og_article_section":null,"og_article_tags":null,"twitter_use_og":false,"twitter_card":"default","twitter_image_type":"default","twitter_image_url":null,"twitter_image_custom_url":null,"twitter_image_custom_fields":null,"twitter_title":null,"twitter_description":null,"schema":{"blockGraphs":[],"customGraphs":[],"default":{"data":{"Article":[],"Course":[],"Dataset":[],"FAQPage":[],"Movie":[],"Person":[],"Product":[],"ProductReview":[],"Car":[],"Recipe":[],"Service":[],"SoftwareApplication":[],"WebPage":[]},"graphName":"","isEnabled":true},"graphs":[],"defaultGraph":"","defaultPostTypeGraph":""},"schema_type":null,"schema_type_options":null,"pillar_content":false,"robots_default":true,"robots_noindex":false,"robots_noarchive":false,"robots_nosnippet":false,"robots_nofollow":false,"robots_noimageindex":false,"robots_noodp":false,"robots_notranslate":false,"robots_max_snippet":null,"robots_max_videopreview":null,"robots_max_imagepreview":"large","priority":null,"frequency":null,"location":null,"local_seo":null,"seo_analyzer_scan_date":"2025-08-25 02:40:10","breadcrumb_settings":null,"limit_modified_date":false,"reviewed_by":null,"open_ai":null,"ai":null,"created":"2020-12-21 13:06:49","updated":"2025-08-25 02:40:10"},"aioseo_breadcrumb":"<div class=\"aioseo-breadcrumbs\"><span class=\"aioseo-breadcrumb\">\n\t<a href=\"https:\/\/candas365.es\/noticias\" title=\"Home\">Home<\/a>\n<\/span><span class=\"aioseo-breadcrumb-separator\">&ndash;<\/span><span class=\"aioseo-breadcrumb\">\n\t<a href=\"https:\/\/candas365.es\/noticias\/category\/actualidad\/\" title=\"Actualidad\">Actualidad<\/a>\n<\/span><span class=\"aioseo-breadcrumb-separator\">&ndash;<\/span><span class=\"aioseo-breadcrumb\">\n\tEl ministro de Finanzas alem\u00e1n quiere usar el super\u00e1vit para reducir deuda\n<\/span><\/div>","aioseo_breadcrumb_json":[{"label":"Home","link":"https:\/\/candas365.es\/noticias"},{"label":"Actualidad","link":"https:\/\/candas365.es\/noticias\/category\/actualidad\/"},{"label":"El ministro de Finanzas alem\u00e1n quiere usar el super\u00e1vit para reducir deuda","link":"https:\/\/candas365.es\/noticias\/el-ministro-de-finanzas-aleman-quiere-usar-el-superavit-para-reducir-deuda\/"}],"_links":{"self":[{"href":"https:\/\/candas365.es\/noticias\/wp-json\/wp\/v2\/posts\/40298","targetHints":{"allow":["GET"]}}],"collection":[{"href":"https:\/\/candas365.es\/noticias\/wp-json\/wp\/v2\/posts"}],"about":[{"href":"https:\/\/candas365.es\/noticias\/wp-json\/wp\/v2\/types\/post"}],"author":[{"embeddable":true,"href":"https:\/\/candas365.es\/noticias\/wp-json\/wp\/v2\/users\/1"}],"replies":[{"embeddable":true,"href":"https:\/\/candas365.es\/noticias\/wp-json\/wp\/v2\/comments?post=40298"}],"version-history":[{"count":0,"href":"https:\/\/candas365.es\/noticias\/wp-json\/wp\/v2\/posts\/40298\/revisions"}],"wp:featuredmedia":[{"embeddable":true,"href":"https:\/\/candas365.es\/noticias\/wp-json\/wp\/v2\/media\/19556"}],"wp:attachment":[{"href":"https:\/\/candas365.es\/noticias\/wp-json\/wp\/v2\/media?parent=40298"}],"wp:term":[{"taxonomy":"category","embeddable":true,"href":"https:\/\/candas365.es\/noticias\/wp-json\/wp\/v2\/categories?post=40298"},{"taxonomy":"post_tag","embeddable":true,"href":"https:\/\/candas365.es\/noticias\/wp-json\/wp\/v2\/tags?post=40298"}],"curies":[{"name":"wp","href":"https:\/\/api.w.org\/{rel}","templated":true}]}}