{"id":40296,"date":"2017-01-13T05:26:29","date_gmt":"2017-01-13T05:26:29","guid":{"rendered":"http:\/\/candas365.es\/noticias\/?p=40296"},"modified":"2017-01-13T05:26:29","modified_gmt":"2017-01-13T05:26:29","slug":"preocupacion-en-la-industria-alemana-por-los-planes-de-trump","status":"publish","type":"post","link":"https:\/\/candas365.es\/noticias\/preocupacion-en-la-industria-alemana-por-los-planes-de-trump\/","title":{"rendered":"Preocupaci\u00f3n en la industria alemana por los planes de Trump"},"content":{"rendered":"<p>Berl\u00edn, 12 ene (dpa) &#8211; Las recientes declaraciones del presidente electo de Estados Unidos, Donald Trump, generan incertidumbre en la industria alemana, cuyos representantes reconocieron hoy estar preocupados por los planes econ\u00f3micos bosquejados por el pol\u00edtico republicano.<\/p>\n<p>\u00abTen\u00eda la esperanza de que diese un poco un giro a la ret\u00f3rica utilizada durante la campa\u00f1a electoral, pero esta esperanza no se ha cumplido\u00bb, declar\u00f3 el presidente de la Federaci\u00f3n de la Industria Alemana (BDI), Dieter Kempf, en declaraciones a la radio rbb-Inforadio.<\/p>\n<p>Kempf insisti\u00f3 en que las empresas necesitan seguridad. \u00abPor supuesto que uno debe preocuparse, para las inversiones econ\u00f3micas no hay mayor veneno que la inseguridad\u00bb, agreg\u00f3, al tiempo que se mostr\u00f3 convencido de que el sector industrial debe reflexionar sobre estrategias alternativas.<\/p>\n","protected":false},"excerpt":{"rendered":"<p>Berl\u00edn, 12 ene (dpa) &#8211; Las recientes declaraciones del presidente electo de Estados Unidos, Donald Trump, generan incertidumbre en la industria alemana, cuyos representantes reconocieron hoy estar preocupados por los planes econ\u00f3micos bosquejados por el pol\u00edtico republicano. \u00abTen\u00eda la esperanza de que diese un poco un giro a la ret\u00f3rica utilizada durante la campa\u00f1a electoral,<\/p>\n","protected":false},"author":1,"featured_media":35806,"comment_status":"closed","ping_status":"closed","sticky":false,"template":"","format":"standard","meta":{"footnotes":""},"categories":[343],"tags":[],"class_list":{"0":"post-40296","1":"post","2":"type-post","3":"status-publish","4":"format-standard","5":"has-post-thumbnail","7":"category-actualidad"},"aioseo_notices":[],"aioseo_head":"\n\t\t<!-- All in One SEO Pro 4.9.6.2 - aioseo.com -->\n\t<meta name=\"description\" content=\"Berl\u00edn, 12 ene (dpa) - Las recientes declaraciones del presidente electo de Estados Unidos, Donald Trump, generan incertidumbre en la industria alemana, cuyos representantes reconocieron hoy estar preocupados por los planes econ\u00f3micos bosquejados por el pol\u00edtico republicano. &quot;Ten\u00eda la esperanza de que diese un poco un giro a la ret\u00f3rica utilizada durante la campa\u00f1a electoral,\" \/>\n\t<meta name=\"robots\" content=\"max-image-preview:large\" \/>\n\t<meta name=\"author\" content=\"Cand\u00e1s 365\"\/>\n\t<meta name=\"google-site-verification\" content=\"UA-32230408-1\" \/>\n\t<meta name=\"msvalidate.01\" content=\"354F3CDFB2DA171B47FBE9ABF1F88D5\" \/>\n\t<meta name=\"keywords\" content=\"actualidad\" \/>\n\t<link rel=\"canonical\" href=\"https:\/\/candas365.es\/noticias\/preocupacion-en-la-industria-alemana-por-los-planes-de-trump\/\" \/>\n\t<meta name=\"generator\" content=\"All in One SEO Pro (AIOSEO) 4.9.6.2\" \/>\n\t\t<meta property=\"og:locale\" content=\"es_ES\" \/>\n\t\t<meta property=\"og:site_name\" content=\"Cand\u00e1s 365\" \/>\n\t\t<meta property=\"og:type\" content=\"article\" \/>\n\t\t<meta property=\"og:title\" content=\"Preocupaci\u00f3n en la industria alemana por los planes de Trump | Cand\u00e1s 365\" \/>\n\t\t<meta property=\"og:description\" content=\"Berl\u00edn, 12 ene (dpa) - Las recientes declaraciones del presidente electo de Estados Unidos, Donald Trump, generan incertidumbre en la industria alemana, cuyos representantes reconocieron hoy estar preocupados por los planes econ\u00f3micos bosquejados por el pol\u00edtico republicano. &quot;Ten\u00eda la esperanza de que diese un poco un giro a la ret\u00f3rica utilizada durante la campa\u00f1a electoral,\" \/>\n\t\t<meta property=\"og:url\" content=\"https:\/\/candas365.es\/noticias\/preocupacion-en-la-industria-alemana-por-los-planes-de-trump\/\" \/>\n\t\t<meta property=\"og:image\" content=\"https:\/\/candas365.es\/noticias\/wp-content\/uploads\/2016\/11\/D.Trump-655x360.jpg\" \/>\n\t\t<meta property=\"og:image:secure_url\" content=\"https:\/\/candas365.es\/noticias\/wp-content\/uploads\/2016\/11\/D.Trump-655x360.jpg\" \/>\n\t\t<meta property=\"og:image:width\" content=\"655\" \/>\n\t\t<meta property=\"og:image:height\" content=\"360\" \/>\n\t\t<meta property=\"article:published_time\" content=\"2017-01-13T05:26:29+00:00\" \/>\n\t\t<meta property=\"article:modified_time\" content=\"2017-01-13T05:26:29+00:00\" \/>\n\t\t<meta property=\"article:publisher\" content=\"https:\/\/www.facebook.com\/Nachofdezber\" \/>\n\t\t<meta property=\"article:author\" content=\"https:\/\/www.facebook.com\/carrenoactualidad\" \/>\n\t\t<meta name=\"twitter:card\" content=\"summary_large_image\" \/>\n\t\t<meta name=\"twitter:site\" content=\"@NabercoDigital\" \/>\n\t\t<meta name=\"twitter:title\" content=\"Preocupaci\u00f3n en la industria alemana por los planes de Trump | Cand\u00e1s 365\" \/>\n\t\t<meta name=\"twitter:description\" content=\"Berl\u00edn, 12 ene (dpa) - Las recientes declaraciones del presidente electo de Estados Unidos, Donald Trump, generan incertidumbre en la industria alemana, cuyos representantes reconocieron hoy estar preocupados por los planes econ\u00f3micos bosquejados por el pol\u00edtico republicano. &quot;Ten\u00eda la esperanza de que diese un poco un giro a la ret\u00f3rica utilizada durante la campa\u00f1a electoral,\" \/>\n\t\t<meta name=\"twitter:creator\" content=\"@nbasturias\" \/>\n\t\t<meta name=\"twitter:image\" content=\"https:\/\/candas365.es\/noticias\/wp-content\/uploads\/2016\/11\/D.Trump-655x360.jpg\" \/>\n\t\t<meta name=\"twitter:label1\" content=\"Escrito por\" \/>\n\t\t<meta name=\"twitter:data1\" content=\"Cand\u00e1s 365\" \/>\n\t\t<meta name=\"twitter:label2\" content=\"Tiempo de lectura estimado\" \/>\n\t\t<meta name=\"twitter:data2\" content=\"1 minuto\" \/>\n\t\t<script type=\"application\/ld+json\" class=\"aioseo-schema\">\n\t\t\t{\"@context\":\"https:\\\/\\\/schema.org\",\"@graph\":[{\"@type\":\"BreadcrumbList\",\"@id\":\"https:\\\/\\\/candas365.es\\\/noticias\\\/preocupacion-en-la-industria-alemana-por-los-planes-de-trump\\\/#breadcrumblist\",\"itemListElement\":[{\"@type\":\"ListItem\",\"@id\":\"https:\\\/\\\/candas365.es\\\/noticias#listItem\",\"position\":1,\"name\":\"Home\",\"item\":\"https:\\\/\\\/candas365.es\\\/noticias\",\"nextItem\":{\"@type\":\"ListItem\",\"@id\":\"https:\\\/\\\/candas365.es\\\/noticias\\\/category\\\/actualidad\\\/#listItem\",\"name\":\"Actualidad\"}},{\"@type\":\"ListItem\",\"@id\":\"https:\\\/\\\/candas365.es\\\/noticias\\\/category\\\/actualidad\\\/#listItem\",\"position\":2,\"name\":\"Actualidad\",\"item\":\"https:\\\/\\\/candas365.es\\\/noticias\\\/category\\\/actualidad\\\/\",\"nextItem\":{\"@type\":\"ListItem\",\"@id\":\"https:\\\/\\\/candas365.es\\\/noticias\\\/preocupacion-en-la-industria-alemana-por-los-planes-de-trump\\\/#listItem\",\"name\":\"Preocupaci\\u00f3n en la industria alemana por los planes de Trump\"},\"previousItem\":{\"@type\":\"ListItem\",\"@id\":\"https:\\\/\\\/candas365.es\\\/noticias#listItem\",\"name\":\"Home\"}},{\"@type\":\"ListItem\",\"@id\":\"https:\\\/\\\/candas365.es\\\/noticias\\\/preocupacion-en-la-industria-alemana-por-los-planes-de-trump\\\/#listItem\",\"position\":3,\"name\":\"Preocupaci\\u00f3n en la industria alemana por los planes de Trump\",\"previousItem\":{\"@type\":\"ListItem\",\"@id\":\"https:\\\/\\\/candas365.es\\\/noticias\\\/category\\\/actualidad\\\/#listItem\",\"name\":\"Actualidad\"}}]},{\"@type\":\"NewsArticle\",\"@id\":\"https:\\\/\\\/candas365.es\\\/noticias\\\/preocupacion-en-la-industria-alemana-por-los-planes-de-trump\\\/#newsarticle\",\"name\":\"Preocupaci\\u00f3n en la industria alemana por los planes de Trump | Cand\\u00e1s 365\",\"headline\":\"Preocupaci\\u00f3n en la industria alemana por los planes de Trump\",\"author\":{\"@id\":\"https:\\\/\\\/candas365.es\\\/noticias\\\/author\\\/admin\\\/#author\"},\"publisher\":{\"@id\":\"https:\\\/\\\/candas365.es\\\/noticias\\\/#organization\"},\"image\":{\"@type\":\"ImageObject\",\"url\":\"https:\\\/\\\/candas365.es\\\/noticias\\\/wp-content\\\/uploads\\\/2016\\\/11\\\/D.Trump-655x360.jpg\",\"width\":655,\"height\":360},\"datePublished\":\"2017-01-13T05:26:29+01:00\",\"dateModified\":\"2017-01-13T05:26:29+01:00\",\"inLanguage\":\"es-ES\",\"mainEntityOfPage\":{\"@id\":\"https:\\\/\\\/candas365.es\\\/noticias\\\/preocupacion-en-la-industria-alemana-por-los-planes-de-trump\\\/#webpage\"},\"isPartOf\":{\"@id\":\"https:\\\/\\\/candas365.es\\\/noticias\\\/preocupacion-en-la-industria-alemana-por-los-planes-de-trump\\\/#webpage\"},\"articleSection\":\"Actualidad\",\"dateline\":\"Publicado el enero 13, 2017.\"},{\"@type\":\"Organization\",\"@id\":\"https:\\\/\\\/candas365.es\\\/noticias\\\/#organization\",\"name\":\"Cand\\u00e1s 365\",\"description\":\"Cand\\u00e1s 365 es un diario digital independiente, fundado en 2012, con base en Asturias. Informamos con rigor sobre actualidad, sociedad, cultura y ocio, con una mirada local y global.\",\"url\":\"https:\\\/\\\/candas365.es\\\/noticias\\\/\",\"email\":\"info@candas365.es\",\"telephone\":\"+34652131393\",\"foundingDate\":\"2012-06-10\",\"logo\":{\"@type\":\"ImageObject\",\"url\":\"https:\\\/\\\/candas365.es\\\/noticias\\\/wp-content\\\/uploads\\\/2024\\\/09\\\/Candas-365-Redes.jpg\",\"@id\":\"https:\\\/\\\/candas365.es\\\/noticias\\\/preocupacion-en-la-industria-alemana-por-los-planes-de-trump\\\/#organizationLogo\",\"width\":1152,\"height\":864,\"caption\":\"Cand\\u00e1s 365 Redes\"},\"image\":{\"@id\":\"https:\\\/\\\/candas365.es\\\/noticias\\\/preocupacion-en-la-industria-alemana-por-los-planes-de-trump\\\/#organizationLogo\"},\"sameAs\":[\"https:\\\/\\\/www.facebook.com\\\/Nachofdezber\",\"https:\\\/\\\/x.com\\\/NabercoDigital\",\"https:\\\/\\\/www.instagram.com\\\/nachofdezber\\\/\",\"https:\\\/\\\/www.youtube.com\\\/channel\\\/UCZP-2wLEB9Rv6erhFmqVnvg\"],\"address\":{\"@id\":\"https:\\\/\\\/candas365.es\\\/noticias\\\/#postaladdress\",\"@type\":\"PostalAddress\",\"streetAddress\":\"san antonio 4, san antonio 4\",\"postalCode\":\"33430\",\"addressLocality\":\"Cand\\u00e1s\",\"addressRegion\":\"Asturias\",\"addressCountry\":\"ES\"}},{\"@type\":\"Person\",\"@id\":\"https:\\\/\\\/candas365.es\\\/noticias\\\/author\\\/admin\\\/#author\",\"url\":\"https:\\\/\\\/candas365.es\\\/noticias\\\/author\\\/admin\\\/\",\"name\":\"Cand\\u00e1s 365\",\"image\":{\"@type\":\"ImageObject\",\"@id\":\"https:\\\/\\\/candas365.es\\\/noticias\\\/preocupacion-en-la-industria-alemana-por-los-planes-de-trump\\\/#authorImage\",\"url\":\"https:\\\/\\\/secure.gravatar.com\\\/avatar\\\/496a8e03d0c493ede1718b7934145dbdf8d89be1036b0eec9544e1094c9de390?s=96&d=mm&r=g\",\"width\":96,\"height\":96,\"caption\":\"Cand\\u00e1s 365\"},\"sameAs\":[\"https:\\\/\\\/www.facebook.com\\\/carrenoactualidad\",\"https:\\\/\\\/twitter.com\\\/nbasturias\",\"https:\\\/\\\/www.instagram.com\\\/nachofdezber\\\/\",\"https:\\\/\\\/www.youtube.com\\\/channel\\\/UCZP-2wLEB9Rv6erhFmqVnvg\"]},{\"@type\":\"WebPage\",\"@id\":\"https:\\\/\\\/candas365.es\\\/noticias\\\/preocupacion-en-la-industria-alemana-por-los-planes-de-trump\\\/#webpage\",\"url\":\"https:\\\/\\\/candas365.es\\\/noticias\\\/preocupacion-en-la-industria-alemana-por-los-planes-de-trump\\\/\",\"name\":\"Preocupaci\\u00f3n en la industria alemana por los planes de Trump | Cand\\u00e1s 365\",\"description\":\"Berl\\u00edn, 12 ene (dpa) - Las recientes declaraciones del presidente electo de Estados Unidos, Donald Trump, generan incertidumbre en la industria alemana, cuyos representantes reconocieron hoy estar preocupados por los planes econ\\u00f3micos bosquejados por el pol\\u00edtico republicano. \\\"Ten\\u00eda la esperanza de que diese un poco un giro a la ret\\u00f3rica utilizada durante la campa\\u00f1a electoral,\",\"inLanguage\":\"es-ES\",\"isPartOf\":{\"@id\":\"https:\\\/\\\/candas365.es\\\/noticias\\\/#website\"},\"breadcrumb\":{\"@id\":\"https:\\\/\\\/candas365.es\\\/noticias\\\/preocupacion-en-la-industria-alemana-por-los-planes-de-trump\\\/#breadcrumblist\"},\"author\":{\"@id\":\"https:\\\/\\\/candas365.es\\\/noticias\\\/author\\\/admin\\\/#author\"},\"creator\":{\"@id\":\"https:\\\/\\\/candas365.es\\\/noticias\\\/author\\\/admin\\\/#author\"},\"image\":{\"@type\":\"ImageObject\",\"url\":\"https:\\\/\\\/candas365.es\\\/noticias\\\/wp-content\\\/uploads\\\/2016\\\/11\\\/D.Trump-655x360.jpg\",\"@id\":\"https:\\\/\\\/candas365.es\\\/noticias\\\/preocupacion-en-la-industria-alemana-por-los-planes-de-trump\\\/#mainImage\",\"width\":655,\"height\":360},\"primaryImageOfPage\":{\"@id\":\"https:\\\/\\\/candas365.es\\\/noticias\\\/preocupacion-en-la-industria-alemana-por-los-planes-de-trump\\\/#mainImage\"},\"datePublished\":\"2017-01-13T05:26:29+01:00\",\"dateModified\":\"2017-01-13T05:26:29+01:00\"},{\"@type\":\"WebSite\",\"@id\":\"https:\\\/\\\/candas365.es\\\/noticias\\\/#website\",\"url\":\"https:\\\/\\\/candas365.es\\\/noticias\\\/\",\"name\":\"Cand\\u00e1s 365\",\"alternateName\":\"Cand\\u00e1s 365 Noticias\",\"description\":\"Actualidad desde Carre\\u00f1o para el mundo\",\"inLanguage\":\"es-ES\",\"publisher\":{\"@id\":\"https:\\\/\\\/candas365.es\\\/noticias\\\/#organization\"}}]}\n\t\t<\/script>\n\t\t<!-- All in One SEO Pro -->\r\n\t\t<title>Preocupaci\u00f3n en la industria alemana por los planes de Trump | Cand\u00e1s 365<\/title>\n\n","aioseo_head_json":{"title":"Preocupaci\u00f3n en la industria alemana por los planes de Trump | Cand\u00e1s 365","description":"Berl\u00edn, 12 ene (dpa) - Las recientes declaraciones del presidente electo de Estados Unidos, Donald Trump, generan incertidumbre en la industria alemana, cuyos representantes reconocieron hoy estar preocupados por los planes econ\u00f3micos bosquejados por el pol\u00edtico republicano. \"Ten\u00eda la esperanza de que diese un poco un giro a la ret\u00f3rica utilizada durante la campa\u00f1a electoral,","canonical_url":"https:\/\/candas365.es\/noticias\/preocupacion-en-la-industria-alemana-por-los-planes-de-trump\/","robots":"max-image-preview:large","keywords":"actualidad","webmasterTools":{"google-site-verification":"UA-32230408-1","msvalidate.01":"354F3CDFB2DA171B47FBE9ABF1F88D5","miscellaneous":""},"schema":{"@context":"https:\/\/schema.org","@graph":[{"@type":"BreadcrumbList","@id":"https:\/\/candas365.es\/noticias\/preocupacion-en-la-industria-alemana-por-los-planes-de-trump\/#breadcrumblist","itemListElement":[{"@type":"ListItem","@id":"https:\/\/candas365.es\/noticias#listItem","position":1,"name":"Home","item":"https:\/\/candas365.es\/noticias","nextItem":{"@type":"ListItem","@id":"https:\/\/candas365.es\/noticias\/category\/actualidad\/#listItem","name":"Actualidad"}},{"@type":"ListItem","@id":"https:\/\/candas365.es\/noticias\/category\/actualidad\/#listItem","position":2,"name":"Actualidad","item":"https:\/\/candas365.es\/noticias\/category\/actualidad\/","nextItem":{"@type":"ListItem","@id":"https:\/\/candas365.es\/noticias\/preocupacion-en-la-industria-alemana-por-los-planes-de-trump\/#listItem","name":"Preocupaci\u00f3n en la industria alemana por los planes de Trump"},"previousItem":{"@type":"ListItem","@id":"https:\/\/candas365.es\/noticias#listItem","name":"Home"}},{"@type":"ListItem","@id":"https:\/\/candas365.es\/noticias\/preocupacion-en-la-industria-alemana-por-los-planes-de-trump\/#listItem","position":3,"name":"Preocupaci\u00f3n en la industria alemana por los planes de Trump","previousItem":{"@type":"ListItem","@id":"https:\/\/candas365.es\/noticias\/category\/actualidad\/#listItem","name":"Actualidad"}}]},{"@type":"NewsArticle","@id":"https:\/\/candas365.es\/noticias\/preocupacion-en-la-industria-alemana-por-los-planes-de-trump\/#newsarticle","name":"Preocupaci\u00f3n en la industria alemana por los planes de Trump | Cand\u00e1s 365","headline":"Preocupaci\u00f3n en la industria alemana por los planes de Trump","author":{"@id":"https:\/\/candas365.es\/noticias\/author\/admin\/#author"},"publisher":{"@id":"https:\/\/candas365.es\/noticias\/#organization"},"image":{"@type":"ImageObject","url":"https:\/\/candas365.es\/noticias\/wp-content\/uploads\/2016\/11\/D.Trump-655x360.jpg","width":655,"height":360},"datePublished":"2017-01-13T05:26:29+01:00","dateModified":"2017-01-13T05:26:29+01:00","inLanguage":"es-ES","mainEntityOfPage":{"@id":"https:\/\/candas365.es\/noticias\/preocupacion-en-la-industria-alemana-por-los-planes-de-trump\/#webpage"},"isPartOf":{"@id":"https:\/\/candas365.es\/noticias\/preocupacion-en-la-industria-alemana-por-los-planes-de-trump\/#webpage"},"articleSection":"Actualidad","dateline":"Publicado el enero 13, 2017."},{"@type":"Organization","@id":"https:\/\/candas365.es\/noticias\/#organization","name":"Cand\u00e1s 365","description":"Cand\u00e1s 365 es un diario digital independiente, fundado en 2012, con base en Asturias. Informamos con rigor sobre actualidad, sociedad, cultura y ocio, con una mirada local y global.","url":"https:\/\/candas365.es\/noticias\/","email":"info@candas365.es","telephone":"+34652131393","foundingDate":"2012-06-10","logo":{"@type":"ImageObject","url":"https:\/\/candas365.es\/noticias\/wp-content\/uploads\/2024\/09\/Candas-365-Redes.jpg","@id":"https:\/\/candas365.es\/noticias\/preocupacion-en-la-industria-alemana-por-los-planes-de-trump\/#organizationLogo","width":1152,"height":864,"caption":"Cand\u00e1s 365 Redes"},"image":{"@id":"https:\/\/candas365.es\/noticias\/preocupacion-en-la-industria-alemana-por-los-planes-de-trump\/#organizationLogo"},"sameAs":["https:\/\/www.facebook.com\/Nachofdezber","https:\/\/x.com\/NabercoDigital","https:\/\/www.instagram.com\/nachofdezber\/","https:\/\/www.youtube.com\/channel\/UCZP-2wLEB9Rv6erhFmqVnvg"],"address":{"@id":"https:\/\/candas365.es\/noticias\/#postaladdress","@type":"PostalAddress","streetAddress":"san antonio 4, san antonio 4","postalCode":"33430","addressLocality":"Cand\u00e1s","addressRegion":"Asturias","addressCountry":"ES"}},{"@type":"Person","@id":"https:\/\/candas365.es\/noticias\/author\/admin\/#author","url":"https:\/\/candas365.es\/noticias\/author\/admin\/","name":"Cand\u00e1s 365","image":{"@type":"ImageObject","@id":"https:\/\/candas365.es\/noticias\/preocupacion-en-la-industria-alemana-por-los-planes-de-trump\/#authorImage","url":"https:\/\/secure.gravatar.com\/avatar\/496a8e03d0c493ede1718b7934145dbdf8d89be1036b0eec9544e1094c9de390?s=96&d=mm&r=g","width":96,"height":96,"caption":"Cand\u00e1s 365"},"sameAs":["https:\/\/www.facebook.com\/carrenoactualidad","https:\/\/twitter.com\/nbasturias","https:\/\/www.instagram.com\/nachofdezber\/","https:\/\/www.youtube.com\/channel\/UCZP-2wLEB9Rv6erhFmqVnvg"]},{"@type":"WebPage","@id":"https:\/\/candas365.es\/noticias\/preocupacion-en-la-industria-alemana-por-los-planes-de-trump\/#webpage","url":"https:\/\/candas365.es\/noticias\/preocupacion-en-la-industria-alemana-por-los-planes-de-trump\/","name":"Preocupaci\u00f3n en la industria alemana por los planes de Trump | Cand\u00e1s 365","description":"Berl\u00edn, 12 ene (dpa) - Las recientes declaraciones del presidente electo de Estados Unidos, Donald Trump, generan incertidumbre en la industria alemana, cuyos representantes reconocieron hoy estar preocupados por los planes econ\u00f3micos bosquejados por el pol\u00edtico republicano. \"Ten\u00eda la esperanza de que diese un poco un giro a la ret\u00f3rica utilizada durante la campa\u00f1a electoral,","inLanguage":"es-ES","isPartOf":{"@id":"https:\/\/candas365.es\/noticias\/#website"},"breadcrumb":{"@id":"https:\/\/candas365.es\/noticias\/preocupacion-en-la-industria-alemana-por-los-planes-de-trump\/#breadcrumblist"},"author":{"@id":"https:\/\/candas365.es\/noticias\/author\/admin\/#author"},"creator":{"@id":"https:\/\/candas365.es\/noticias\/author\/admin\/#author"},"image":{"@type":"ImageObject","url":"https:\/\/candas365.es\/noticias\/wp-content\/uploads\/2016\/11\/D.Trump-655x360.jpg","@id":"https:\/\/candas365.es\/noticias\/preocupacion-en-la-industria-alemana-por-los-planes-de-trump\/#mainImage","width":655,"height":360},"primaryImageOfPage":{"@id":"https:\/\/candas365.es\/noticias\/preocupacion-en-la-industria-alemana-por-los-planes-de-trump\/#mainImage"},"datePublished":"2017-01-13T05:26:29+01:00","dateModified":"2017-01-13T05:26:29+01:00"},{"@type":"WebSite","@id":"https:\/\/candas365.es\/noticias\/#website","url":"https:\/\/candas365.es\/noticias\/","name":"Cand\u00e1s 365","alternateName":"Cand\u00e1s 365 Noticias","description":"Actualidad desde Carre\u00f1o para el mundo","inLanguage":"es-ES","publisher":{"@id":"https:\/\/candas365.es\/noticias\/#organization"}}]},"og:locale":"es_ES","og:site_name":"Cand\u00e1s 365","og:type":"article","og:title":"Preocupaci\u00f3n en la industria alemana por los planes de Trump | Cand\u00e1s 365","og:description":"Berl\u00edn, 12 ene (dpa) - Las recientes declaraciones del presidente electo de Estados Unidos, Donald Trump, generan incertidumbre en la industria alemana, cuyos representantes reconocieron hoy estar preocupados por los planes econ\u00f3micos bosquejados por el pol\u00edtico republicano. &quot;Ten\u00eda la esperanza de que diese un poco un giro a la ret\u00f3rica utilizada durante la campa\u00f1a electoral,","og:url":"https:\/\/candas365.es\/noticias\/preocupacion-en-la-industria-alemana-por-los-planes-de-trump\/","og:image":"https:\/\/candas365.es\/noticias\/wp-content\/uploads\/2016\/11\/D.Trump-655x360.jpg","og:image:secure_url":"https:\/\/candas365.es\/noticias\/wp-content\/uploads\/2016\/11\/D.Trump-655x360.jpg","og:image:width":655,"og:image:height":360,"article:published_time":"2017-01-13T05:26:29+00:00","article:modified_time":"2017-01-13T05:26:29+00:00","article:publisher":"https:\/\/www.facebook.com\/Nachofdezber","article:author":"https:\/\/www.facebook.com\/carrenoactualidad","twitter:card":"summary_large_image","twitter:site":"@NabercoDigital","twitter:title":"Preocupaci\u00f3n en la industria alemana por los planes de Trump | Cand\u00e1s 365","twitter:description":"Berl\u00edn, 12 ene (dpa) - Las recientes declaraciones del presidente electo de Estados Unidos, Donald Trump, generan incertidumbre en la industria alemana, cuyos representantes reconocieron hoy estar preocupados por los planes econ\u00f3micos bosquejados por el pol\u00edtico republicano. &quot;Ten\u00eda la esperanza de que diese un poco un giro a la ret\u00f3rica utilizada durante la campa\u00f1a electoral,","twitter:creator":"@nbasturias","twitter:image":"https:\/\/candas365.es\/noticias\/wp-content\/uploads\/2016\/11\/D.Trump-655x360.jpg","twitter:label1":"Escrito por","twitter:data1":"Cand\u00e1s 365","twitter:label2":"Tiempo de lectura estimado","twitter:data2":"1 minuto"},"aioseo_meta_data":{"post_id":"40296","title":null,"description":null,"keywords":null,"keyphrases":null,"primary_term":null,"canonical_url":null,"og_title":null,"og_description":null,"og_object_type":"default","og_image_type":"default","og_image_url":null,"og_image_width":null,"og_image_height":null,"og_image_custom_url":null,"og_image_custom_fields":null,"og_video":null,"og_custom_url":null,"og_article_section":null,"og_article_tags":null,"twitter_use_og":false,"twitter_card":"default","twitter_image_type":"default","twitter_image_url":null,"twitter_image_custom_url":null,"twitter_image_custom_fields":null,"twitter_title":null,"twitter_description":null,"schema":{"blockGraphs":[],"customGraphs":[],"default":{"data":{"Article":[],"Course":[],"Dataset":[],"FAQPage":[],"Movie":[],"Person":[],"Product":[],"ProductReview":[],"Car":[],"Recipe":[],"Service":[],"SoftwareApplication":[],"WebPage":[]},"graphName":"","isEnabled":true},"graphs":[]},"schema_type":null,"schema_type_options":null,"pillar_content":false,"robots_default":true,"robots_noindex":false,"robots_noarchive":false,"robots_nosnippet":false,"robots_nofollow":false,"robots_noimageindex":false,"robots_noodp":false,"robots_notranslate":false,"robots_max_snippet":null,"robots_max_videopreview":null,"robots_max_imagepreview":"large","priority":null,"frequency":null,"location":null,"local_seo":null,"seo_analyzer_scan_date":"2025-08-25 02:40:09","breadcrumb_settings":null,"limit_modified_date":false,"reviewed_by":null,"open_ai":null,"ai":null,"created":"2020-12-21 13:06:49","updated":"2025-08-25 02:40:09"},"aioseo_breadcrumb":"<div class=\"aioseo-breadcrumbs\"><span class=\"aioseo-breadcrumb\">\n\t<a href=\"https:\/\/candas365.es\/noticias\" title=\"Home\">Home<\/a>\n<\/span><span class=\"aioseo-breadcrumb-separator\">&ndash;<\/span><span class=\"aioseo-breadcrumb\">\n\t<a href=\"https:\/\/candas365.es\/noticias\/category\/actualidad\/\" title=\"Actualidad\">Actualidad<\/a>\n<\/span><span class=\"aioseo-breadcrumb-separator\">&ndash;<\/span><span class=\"aioseo-breadcrumb\">\n\tPreocupaci\u00f3n en la industria alemana por los planes de Trump\n<\/span><\/div>","aioseo_breadcrumb_json":[{"label":"Home","link":"https:\/\/candas365.es\/noticias"},{"label":"Actualidad","link":"https:\/\/candas365.es\/noticias\/category\/actualidad\/"},{"label":"Preocupaci\u00f3n en la industria alemana por los planes de Trump","link":"https:\/\/candas365.es\/noticias\/preocupacion-en-la-industria-alemana-por-los-planes-de-trump\/"}],"_links":{"self":[{"href":"https:\/\/candas365.es\/noticias\/wp-json\/wp\/v2\/posts\/40296","targetHints":{"allow":["GET"]}}],"collection":[{"href":"https:\/\/candas365.es\/noticias\/wp-json\/wp\/v2\/posts"}],"about":[{"href":"https:\/\/candas365.es\/noticias\/wp-json\/wp\/v2\/types\/post"}],"author":[{"embeddable":true,"href":"https:\/\/candas365.es\/noticias\/wp-json\/wp\/v2\/users\/1"}],"replies":[{"embeddable":true,"href":"https:\/\/candas365.es\/noticias\/wp-json\/wp\/v2\/comments?post=40296"}],"version-history":[{"count":0,"href":"https:\/\/candas365.es\/noticias\/wp-json\/wp\/v2\/posts\/40296\/revisions"}],"wp:featuredmedia":[{"embeddable":true,"href":"https:\/\/candas365.es\/noticias\/wp-json\/wp\/v2\/media\/35806"}],"wp:attachment":[{"href":"https:\/\/candas365.es\/noticias\/wp-json\/wp\/v2\/media?parent=40296"}],"wp:term":[{"taxonomy":"category","embeddable":true,"href":"https:\/\/candas365.es\/noticias\/wp-json\/wp\/v2\/categories?post=40296"},{"taxonomy":"post_tag","embeddable":true,"href":"https:\/\/candas365.es\/noticias\/wp-json\/wp\/v2\/tags?post=40296"}],"curies":[{"name":"wp","href":"https:\/\/api.w.org\/{rel}","templated":true}]}}