{"id":40294,"date":"2017-01-13T05:25:21","date_gmt":"2017-01-13T05:25:21","guid":{"rendered":"http:\/\/candas365.es\/noticias\/?p=40294"},"modified":"2017-01-13T05:25:21","modified_gmt":"2017-01-13T05:25:21","slug":"alemania-crece-un-19-por-ciento-en-2016-su-mejor-dato-en-cinco-anos","status":"publish","type":"post","link":"https:\/\/candas365.es\/noticias\/alemania-crece-un-19-por-ciento-en-2016-su-mejor-dato-en-cinco-anos\/","title":{"rendered":"Alemania crece un 1,9 por ciento en 2016, su mejor dato en cinco a\u00f1os"},"content":{"rendered":"<p>Berl\u00edn, 12 ene (dpa) &#8211; La econom\u00eda alemana volvi\u00f3 a dar signos de fortaleza en 2016 al registrar un crecimiento del 1,9 por ciento del producto interior bruto (PIB) y lograr un super\u00e1vit p\u00fablico del 0,6 por ciento, inform\u00f3 hoy la Oficina Federal de Estad\u00edstica, Destatis.<\/p>\n<p>Con estas cifras, la expansi\u00f3n de la primera econom\u00eda europea se sit\u00faa incluso en niveles ligeramente superiores a los registrados durante los dos a\u00f1os anteriores, cuando el PIB del pa\u00eds ascendi\u00f3 a un 1,7 por ciento (2015) y a un 1,6 por ciento (2014), y logra su mejor resultado en cinco a\u00f1os.<\/p>\n<p>Alemania se mantiene en la senda del crecimiento\u00bb, declar\u00f3 el presidente de Destatis, Dieter Sarreither, durante la presentaci\u00f3n de las cifras en Berl\u00edn.<\/p>\n<p>En este sentido, el organismo tambi\u00e9n avanz\u00f3 hoy que en el \u00faltimo trimestre del a\u00f1o la coyuntura econ\u00f3mica alemana se anot\u00f3 una subida del 0,5 por ciento en comparaci\u00f3n con los tres meses anteriores.<\/p>\n<p>Tanto los expertos como organizaciones internacionales hab\u00edan previsto un crecimiento para Alemania de entre un 1,7 y un 1,9 por ciento.<\/p>\n<p>El crecimiento de la primera econom\u00eda europea se deriva, principalmente, del dinamismo registrado en el consumo, as\u00ed como de los gastos realizados por el Estado, que debe hacer frente a la manutenci\u00f3n e integraci\u00f3n de cientos de miles de refugiados que llegaron al pa\u00eds durante la ola migratoria del pasado a\u00f1o.<\/p>\n<p>Adem\u00e1s, el crecimiento del PIB alem\u00e1n se vio favorecido por la buena marcha del mercado laboral y por la baja inflaci\u00f3n, a pesar de que el nivel de precios ascendi\u00f3 en diciembre arrastrado por la subida de los de la energ\u00eda.<\/p>\n<p>Seg\u00fan comunic\u00f3 Destatis, el gasto de los hogares, expresado en t\u00e9rminos reales, ascendi\u00f3 en 2016 un dos por ciento en relaci\u00f3n al a\u00f1o anterior, mientras que el gasto p\u00fablico se increment\u00f3 un 4,2 por ciento en comparaci\u00f3n con 2015.<\/p>\n<p>El boom inmobiliario que se vive en el pa\u00eds contribuy\u00f3 asimismo al impulso de la econom\u00eda alemana, indic\u00f3 la Oficina Federal de Estad\u00edstica. De hecho, las empresas invirtieron el pasado a\u00f1o un 1,7 por ciento m\u00e1s en m\u00e1quinas y veh\u00edculos.<\/p>\n<p>A diferencia de otros a\u00f1os, el sector exportador no impuls\u00f3 la coyuntura econ\u00f3mica alemana.<\/p>\n<p>En este sentido, cabe destacar que, a pesar de que c\u00e1lculos recientes de Destatis indican que en 2016 se registr\u00f3 un resultado r\u00e9cord en la venta de productos \u00abmade in Germany\u00bb en el exterior, las importaciones crecieron el pasado a\u00f1o m\u00e1s que las exportaciones.<\/p>\n<p>De cara al presente a\u00f1o, los economistas tambi\u00e9n esperan que el consumo siga siendo el principal pilar que tire del crecimiento en Alemania.<\/p>\n<p>La Oficina Federal de Estad\u00edstica tambi\u00e9n comunic\u00f3 hoy que el Estado alem\u00e1n recaud\u00f3 m\u00e1s dinero de lo que gast\u00f3 en 2016 por tercer a\u00f1o consecutivo y registr\u00f3 un super\u00e1vit del 0,6 por ciento del producto interior bruto, despu\u00e9s del 0,7 y el 0,3 por ciento registrado los dos a\u00f1os anteriores.<\/p>\n<p>Los economistas hab\u00edan pronosticado un super\u00e1vit cercano al 0,5 por ciento del producto interior bruto, a pesar de que el Gobierno alem\u00e1n se ve\u00eda obligado a hacer un gran gasto p\u00fablico derivado de la llegada de cientos de miles de solicitantes de asilo al pa\u00eds.<\/p>\n<p>Sin embargo, el Estado tambi\u00e9n se vio beneficiado por la buena situaci\u00f3n de la econom\u00eda, as\u00ed como por los bajos tipos de inter\u00e9s, que le han permitido financiarse a un menor coste.<\/p>\n<p>&nbsp;<\/p>\n","protected":false},"excerpt":{"rendered":"<p>Berl\u00edn, 12 ene (dpa) &#8211; La econom\u00eda alemana volvi\u00f3 a dar signos de fortaleza en 2016 al registrar un crecimiento del 1,9 por ciento del producto interior bruto (PIB) y lograr un super\u00e1vit p\u00fablico del 0,6 por ciento, inform\u00f3 hoy la Oficina Federal de Estad\u00edstica, Destatis. Con estas cifras, la expansi\u00f3n de la primera econom\u00eda<\/p>\n","protected":false},"author":1,"featured_media":19556,"comment_status":"closed","ping_status":"closed","sticky":false,"template":"","format":"standard","meta":{"footnotes":""},"categories":[343],"tags":[],"class_list":{"0":"post-40294","1":"post","2":"type-post","3":"status-publish","4":"format-standard","5":"has-post-thumbnail","7":"category-actualidad"},"aioseo_notices":[],"aioseo_head":"\n\t\t<!-- All in One SEO Pro 4.9.6.2 - aioseo.com -->\n\t<meta name=\"description\" content=\"Berl\u00edn, 12 ene (dpa) - La econom\u00eda alemana volvi\u00f3 a dar signos de fortaleza en 2016 al registrar un crecimiento del 1,9 por ciento del producto interior bruto (PIB) y lograr un super\u00e1vit p\u00fablico del 0,6 por ciento, inform\u00f3 hoy la Oficina Federal de Estad\u00edstica, Destatis. Con estas cifras, la expansi\u00f3n de la primera econom\u00eda\" \/>\n\t<meta name=\"robots\" content=\"max-image-preview:large\" \/>\n\t<meta name=\"author\" content=\"Cand\u00e1s 365\"\/>\n\t<meta name=\"google-site-verification\" content=\"UA-32230408-1\" \/>\n\t<meta name=\"msvalidate.01\" content=\"354F3CDFB2DA171B47FBE9ABF1F88D5\" \/>\n\t<meta name=\"keywords\" content=\"actualidad\" \/>\n\t<link rel=\"canonical\" href=\"https:\/\/candas365.es\/noticias\/alemania-crece-un-19-por-ciento-en-2016-su-mejor-dato-en-cinco-anos\/\" \/>\n\t<meta name=\"generator\" content=\"All in One SEO Pro (AIOSEO) 4.9.6.2\" \/>\n\t\t<meta property=\"og:locale\" content=\"es_ES\" \/>\n\t\t<meta property=\"og:site_name\" content=\"Cand\u00e1s 365\" \/>\n\t\t<meta property=\"og:type\" content=\"article\" \/>\n\t\t<meta property=\"og:title\" content=\"Alemania crece un 1,9 por ciento en 2016, su mejor dato en cinco a\u00f1os | Cand\u00e1s 365\" \/>\n\t\t<meta property=\"og:description\" content=\"Berl\u00edn, 12 ene (dpa) - La econom\u00eda alemana volvi\u00f3 a dar signos de fortaleza en 2016 al registrar un crecimiento del 1,9 por ciento del producto interior bruto (PIB) y lograr un super\u00e1vit p\u00fablico del 0,6 por ciento, inform\u00f3 hoy la Oficina Federal de Estad\u00edstica, Destatis. Con estas cifras, la expansi\u00f3n de la primera econom\u00eda\" \/>\n\t\t<meta property=\"og:url\" content=\"https:\/\/candas365.es\/noticias\/alemania-crece-un-19-por-ciento-en-2016-su-mejor-dato-en-cinco-anos\/\" \/>\n\t\t<meta property=\"og:image\" content=\"https:\/\/candas365.es\/noticias\/wp-content\/uploads\/2015\/11\/euros.jpg\" \/>\n\t\t<meta property=\"og:image:secure_url\" content=\"https:\/\/candas365.es\/noticias\/wp-content\/uploads\/2015\/11\/euros.jpg\" \/>\n\t\t<meta property=\"og:image:width\" content=\"655\" \/>\n\t\t<meta property=\"og:image:height\" content=\"360\" \/>\n\t\t<meta property=\"article:published_time\" content=\"2017-01-13T05:25:21+00:00\" \/>\n\t\t<meta property=\"article:modified_time\" content=\"2017-01-13T05:25:21+00:00\" \/>\n\t\t<meta property=\"article:publisher\" content=\"https:\/\/www.facebook.com\/Nachofdezber\" \/>\n\t\t<meta property=\"article:author\" content=\"https:\/\/www.facebook.com\/carrenoactualidad\" \/>\n\t\t<meta name=\"twitter:card\" content=\"summary_large_image\" \/>\n\t\t<meta name=\"twitter:site\" content=\"@NabercoDigital\" \/>\n\t\t<meta name=\"twitter:title\" content=\"Alemania crece un 1,9 por ciento en 2016, su mejor dato en cinco a\u00f1os | Cand\u00e1s 365\" \/>\n\t\t<meta name=\"twitter:description\" content=\"Berl\u00edn, 12 ene (dpa) - La econom\u00eda alemana volvi\u00f3 a dar signos de fortaleza en 2016 al registrar un crecimiento del 1,9 por ciento del producto interior bruto (PIB) y lograr un super\u00e1vit p\u00fablico del 0,6 por ciento, inform\u00f3 hoy la Oficina Federal de Estad\u00edstica, Destatis. Con estas cifras, la expansi\u00f3n de la primera econom\u00eda\" \/>\n\t\t<meta name=\"twitter:creator\" content=\"@nbasturias\" \/>\n\t\t<meta name=\"twitter:image\" content=\"https:\/\/candas365.es\/noticias\/wp-content\/uploads\/2015\/11\/euros.jpg\" \/>\n\t\t<meta name=\"twitter:label1\" content=\"Escrito por\" \/>\n\t\t<meta name=\"twitter:data1\" content=\"Cand\u00e1s 365\" \/>\n\t\t<meta name=\"twitter:label2\" content=\"Tiempo de lectura estimado\" \/>\n\t\t<meta name=\"twitter:data2\" content=\"3 minutos\" \/>\n\t\t<script type=\"application\/ld+json\" class=\"aioseo-schema\">\n\t\t\t{\"@context\":\"https:\\\/\\\/schema.org\",\"@graph\":[{\"@type\":\"BreadcrumbList\",\"@id\":\"https:\\\/\\\/candas365.es\\\/noticias\\\/alemania-crece-un-19-por-ciento-en-2016-su-mejor-dato-en-cinco-anos\\\/#breadcrumblist\",\"itemListElement\":[{\"@type\":\"ListItem\",\"@id\":\"https:\\\/\\\/candas365.es\\\/noticias#listItem\",\"position\":1,\"name\":\"Home\",\"item\":\"https:\\\/\\\/candas365.es\\\/noticias\",\"nextItem\":{\"@type\":\"ListItem\",\"@id\":\"https:\\\/\\\/candas365.es\\\/noticias\\\/category\\\/actualidad\\\/#listItem\",\"name\":\"Actualidad\"}},{\"@type\":\"ListItem\",\"@id\":\"https:\\\/\\\/candas365.es\\\/noticias\\\/category\\\/actualidad\\\/#listItem\",\"position\":2,\"name\":\"Actualidad\",\"item\":\"https:\\\/\\\/candas365.es\\\/noticias\\\/category\\\/actualidad\\\/\",\"nextItem\":{\"@type\":\"ListItem\",\"@id\":\"https:\\\/\\\/candas365.es\\\/noticias\\\/alemania-crece-un-19-por-ciento-en-2016-su-mejor-dato-en-cinco-anos\\\/#listItem\",\"name\":\"Alemania crece un 1,9 por ciento en 2016, su mejor dato en cinco a\\u00f1os\"},\"previousItem\":{\"@type\":\"ListItem\",\"@id\":\"https:\\\/\\\/candas365.es\\\/noticias#listItem\",\"name\":\"Home\"}},{\"@type\":\"ListItem\",\"@id\":\"https:\\\/\\\/candas365.es\\\/noticias\\\/alemania-crece-un-19-por-ciento-en-2016-su-mejor-dato-en-cinco-anos\\\/#listItem\",\"position\":3,\"name\":\"Alemania crece un 1,9 por ciento en 2016, su mejor dato en cinco a\\u00f1os\",\"previousItem\":{\"@type\":\"ListItem\",\"@id\":\"https:\\\/\\\/candas365.es\\\/noticias\\\/category\\\/actualidad\\\/#listItem\",\"name\":\"Actualidad\"}}]},{\"@type\":\"NewsArticle\",\"@id\":\"https:\\\/\\\/candas365.es\\\/noticias\\\/alemania-crece-un-19-por-ciento-en-2016-su-mejor-dato-en-cinco-anos\\\/#newsarticle\",\"name\":\"Alemania crece un 1,9 por ciento en 2016, su mejor dato en cinco a\\u00f1os | Cand\\u00e1s 365\",\"headline\":\"Alemania crece un 1,9 por ciento en 2016, su mejor dato en cinco a\\u00f1os\",\"author\":{\"@id\":\"https:\\\/\\\/candas365.es\\\/noticias\\\/author\\\/admin\\\/#author\"},\"publisher\":{\"@id\":\"https:\\\/\\\/candas365.es\\\/noticias\\\/#organization\"},\"image\":{\"@type\":\"ImageObject\",\"url\":\"https:\\\/\\\/candas365.es\\\/noticias\\\/wp-content\\\/uploads\\\/2015\\\/11\\\/euros.jpg\",\"width\":655,\"height\":360},\"datePublished\":\"2017-01-13T05:25:21+01:00\",\"dateModified\":\"2017-01-13T05:25:21+01:00\",\"inLanguage\":\"es-ES\",\"mainEntityOfPage\":{\"@id\":\"https:\\\/\\\/candas365.es\\\/noticias\\\/alemania-crece-un-19-por-ciento-en-2016-su-mejor-dato-en-cinco-anos\\\/#webpage\"},\"isPartOf\":{\"@id\":\"https:\\\/\\\/candas365.es\\\/noticias\\\/alemania-crece-un-19-por-ciento-en-2016-su-mejor-dato-en-cinco-anos\\\/#webpage\"},\"articleSection\":\"Actualidad\",\"dateline\":\"Publicado el enero 13, 2017.\"},{\"@type\":\"Organization\",\"@id\":\"https:\\\/\\\/candas365.es\\\/noticias\\\/#organization\",\"name\":\"Cand\\u00e1s 365\",\"description\":\"Cand\\u00e1s 365 es un diario digital independiente, fundado en 2012, con base en Asturias. Informamos con rigor sobre actualidad, sociedad, cultura y ocio, con una mirada local y global.\",\"url\":\"https:\\\/\\\/candas365.es\\\/noticias\\\/\",\"email\":\"info@candas365.es\",\"telephone\":\"+34652131393\",\"foundingDate\":\"2012-06-10\",\"logo\":{\"@type\":\"ImageObject\",\"url\":\"https:\\\/\\\/candas365.es\\\/noticias\\\/wp-content\\\/uploads\\\/2024\\\/09\\\/Candas-365-Redes.jpg\",\"@id\":\"https:\\\/\\\/candas365.es\\\/noticias\\\/alemania-crece-un-19-por-ciento-en-2016-su-mejor-dato-en-cinco-anos\\\/#organizationLogo\",\"width\":1152,\"height\":864,\"caption\":\"Cand\\u00e1s 365 Redes\"},\"image\":{\"@id\":\"https:\\\/\\\/candas365.es\\\/noticias\\\/alemania-crece-un-19-por-ciento-en-2016-su-mejor-dato-en-cinco-anos\\\/#organizationLogo\"},\"sameAs\":[\"https:\\\/\\\/www.facebook.com\\\/Nachofdezber\",\"https:\\\/\\\/x.com\\\/NabercoDigital\",\"https:\\\/\\\/www.instagram.com\\\/nachofdezber\\\/\",\"https:\\\/\\\/www.youtube.com\\\/channel\\\/UCZP-2wLEB9Rv6erhFmqVnvg\"],\"address\":{\"@id\":\"https:\\\/\\\/candas365.es\\\/noticias\\\/#postaladdress\",\"@type\":\"PostalAddress\",\"streetAddress\":\"san antonio 4, san antonio 4\",\"postalCode\":\"33430\",\"addressLocality\":\"Cand\\u00e1s\",\"addressRegion\":\"Asturias\",\"addressCountry\":\"ES\"}},{\"@type\":\"Person\",\"@id\":\"https:\\\/\\\/candas365.es\\\/noticias\\\/author\\\/admin\\\/#author\",\"url\":\"https:\\\/\\\/candas365.es\\\/noticias\\\/author\\\/admin\\\/\",\"name\":\"Cand\\u00e1s 365\",\"image\":{\"@type\":\"ImageObject\",\"@id\":\"https:\\\/\\\/candas365.es\\\/noticias\\\/alemania-crece-un-19-por-ciento-en-2016-su-mejor-dato-en-cinco-anos\\\/#authorImage\",\"url\":\"https:\\\/\\\/secure.gravatar.com\\\/avatar\\\/496a8e03d0c493ede1718b7934145dbdf8d89be1036b0eec9544e1094c9de390?s=96&d=mm&r=g\",\"width\":96,\"height\":96,\"caption\":\"Cand\\u00e1s 365\"},\"sameAs\":[\"https:\\\/\\\/www.facebook.com\\\/carrenoactualidad\",\"https:\\\/\\\/twitter.com\\\/nbasturias\",\"https:\\\/\\\/www.instagram.com\\\/nachofdezber\\\/\",\"https:\\\/\\\/www.youtube.com\\\/channel\\\/UCZP-2wLEB9Rv6erhFmqVnvg\"]},{\"@type\":\"WebPage\",\"@id\":\"https:\\\/\\\/candas365.es\\\/noticias\\\/alemania-crece-un-19-por-ciento-en-2016-su-mejor-dato-en-cinco-anos\\\/#webpage\",\"url\":\"https:\\\/\\\/candas365.es\\\/noticias\\\/alemania-crece-un-19-por-ciento-en-2016-su-mejor-dato-en-cinco-anos\\\/\",\"name\":\"Alemania crece un 1,9 por ciento en 2016, su mejor dato en cinco a\\u00f1os | Cand\\u00e1s 365\",\"description\":\"Berl\\u00edn, 12 ene (dpa) - La econom\\u00eda alemana volvi\\u00f3 a dar signos de fortaleza en 2016 al registrar un crecimiento del 1,9 por ciento del producto interior bruto (PIB) y lograr un super\\u00e1vit p\\u00fablico del 0,6 por ciento, inform\\u00f3 hoy la Oficina Federal de Estad\\u00edstica, Destatis. Con estas cifras, la expansi\\u00f3n de la primera econom\\u00eda\",\"inLanguage\":\"es-ES\",\"isPartOf\":{\"@id\":\"https:\\\/\\\/candas365.es\\\/noticias\\\/#website\"},\"breadcrumb\":{\"@id\":\"https:\\\/\\\/candas365.es\\\/noticias\\\/alemania-crece-un-19-por-ciento-en-2016-su-mejor-dato-en-cinco-anos\\\/#breadcrumblist\"},\"author\":{\"@id\":\"https:\\\/\\\/candas365.es\\\/noticias\\\/author\\\/admin\\\/#author\"},\"creator\":{\"@id\":\"https:\\\/\\\/candas365.es\\\/noticias\\\/author\\\/admin\\\/#author\"},\"image\":{\"@type\":\"ImageObject\",\"url\":\"https:\\\/\\\/candas365.es\\\/noticias\\\/wp-content\\\/uploads\\\/2015\\\/11\\\/euros.jpg\",\"@id\":\"https:\\\/\\\/candas365.es\\\/noticias\\\/alemania-crece-un-19-por-ciento-en-2016-su-mejor-dato-en-cinco-anos\\\/#mainImage\",\"width\":655,\"height\":360},\"primaryImageOfPage\":{\"@id\":\"https:\\\/\\\/candas365.es\\\/noticias\\\/alemania-crece-un-19-por-ciento-en-2016-su-mejor-dato-en-cinco-anos\\\/#mainImage\"},\"datePublished\":\"2017-01-13T05:25:21+01:00\",\"dateModified\":\"2017-01-13T05:25:21+01:00\"},{\"@type\":\"WebSite\",\"@id\":\"https:\\\/\\\/candas365.es\\\/noticias\\\/#website\",\"url\":\"https:\\\/\\\/candas365.es\\\/noticias\\\/\",\"name\":\"Cand\\u00e1s 365\",\"alternateName\":\"Cand\\u00e1s 365 Noticias\",\"description\":\"Actualidad desde Carre\\u00f1o para el mundo\",\"inLanguage\":\"es-ES\",\"publisher\":{\"@id\":\"https:\\\/\\\/candas365.es\\\/noticias\\\/#organization\"}}]}\n\t\t<\/script>\n\t\t<!-- All in One SEO Pro -->\r\n\t\t<title>Alemania crece un 1,9 por ciento en 2016, su mejor dato en cinco a\u00f1os | Cand\u00e1s 365<\/title>\n\n","aioseo_head_json":{"title":"Alemania crece un 1,9 por ciento en 2016, su mejor dato en cinco a\u00f1os | Cand\u00e1s 365","description":"Berl\u00edn, 12 ene (dpa) - La econom\u00eda alemana volvi\u00f3 a dar signos de fortaleza en 2016 al registrar un crecimiento del 1,9 por ciento del producto interior bruto (PIB) y lograr un super\u00e1vit p\u00fablico del 0,6 por ciento, inform\u00f3 hoy la Oficina Federal de Estad\u00edstica, Destatis. Con estas cifras, la expansi\u00f3n de la primera econom\u00eda","canonical_url":"https:\/\/candas365.es\/noticias\/alemania-crece-un-19-por-ciento-en-2016-su-mejor-dato-en-cinco-anos\/","robots":"max-image-preview:large","keywords":"actualidad","webmasterTools":{"google-site-verification":"UA-32230408-1","msvalidate.01":"354F3CDFB2DA171B47FBE9ABF1F88D5","miscellaneous":""},"schema":{"@context":"https:\/\/schema.org","@graph":[{"@type":"BreadcrumbList","@id":"https:\/\/candas365.es\/noticias\/alemania-crece-un-19-por-ciento-en-2016-su-mejor-dato-en-cinco-anos\/#breadcrumblist","itemListElement":[{"@type":"ListItem","@id":"https:\/\/candas365.es\/noticias#listItem","position":1,"name":"Home","item":"https:\/\/candas365.es\/noticias","nextItem":{"@type":"ListItem","@id":"https:\/\/candas365.es\/noticias\/category\/actualidad\/#listItem","name":"Actualidad"}},{"@type":"ListItem","@id":"https:\/\/candas365.es\/noticias\/category\/actualidad\/#listItem","position":2,"name":"Actualidad","item":"https:\/\/candas365.es\/noticias\/category\/actualidad\/","nextItem":{"@type":"ListItem","@id":"https:\/\/candas365.es\/noticias\/alemania-crece-un-19-por-ciento-en-2016-su-mejor-dato-en-cinco-anos\/#listItem","name":"Alemania crece un 1,9 por ciento en 2016, su mejor dato en cinco a\u00f1os"},"previousItem":{"@type":"ListItem","@id":"https:\/\/candas365.es\/noticias#listItem","name":"Home"}},{"@type":"ListItem","@id":"https:\/\/candas365.es\/noticias\/alemania-crece-un-19-por-ciento-en-2016-su-mejor-dato-en-cinco-anos\/#listItem","position":3,"name":"Alemania crece un 1,9 por ciento en 2016, su mejor dato en cinco a\u00f1os","previousItem":{"@type":"ListItem","@id":"https:\/\/candas365.es\/noticias\/category\/actualidad\/#listItem","name":"Actualidad"}}]},{"@type":"NewsArticle","@id":"https:\/\/candas365.es\/noticias\/alemania-crece-un-19-por-ciento-en-2016-su-mejor-dato-en-cinco-anos\/#newsarticle","name":"Alemania crece un 1,9 por ciento en 2016, su mejor dato en cinco a\u00f1os | Cand\u00e1s 365","headline":"Alemania crece un 1,9 por ciento en 2016, su mejor dato en cinco a\u00f1os","author":{"@id":"https:\/\/candas365.es\/noticias\/author\/admin\/#author"},"publisher":{"@id":"https:\/\/candas365.es\/noticias\/#organization"},"image":{"@type":"ImageObject","url":"https:\/\/candas365.es\/noticias\/wp-content\/uploads\/2015\/11\/euros.jpg","width":655,"height":360},"datePublished":"2017-01-13T05:25:21+01:00","dateModified":"2017-01-13T05:25:21+01:00","inLanguage":"es-ES","mainEntityOfPage":{"@id":"https:\/\/candas365.es\/noticias\/alemania-crece-un-19-por-ciento-en-2016-su-mejor-dato-en-cinco-anos\/#webpage"},"isPartOf":{"@id":"https:\/\/candas365.es\/noticias\/alemania-crece-un-19-por-ciento-en-2016-su-mejor-dato-en-cinco-anos\/#webpage"},"articleSection":"Actualidad","dateline":"Publicado el enero 13, 2017."},{"@type":"Organization","@id":"https:\/\/candas365.es\/noticias\/#organization","name":"Cand\u00e1s 365","description":"Cand\u00e1s 365 es un diario digital independiente, fundado en 2012, con base en Asturias. Informamos con rigor sobre actualidad, sociedad, cultura y ocio, con una mirada local y global.","url":"https:\/\/candas365.es\/noticias\/","email":"info@candas365.es","telephone":"+34652131393","foundingDate":"2012-06-10","logo":{"@type":"ImageObject","url":"https:\/\/candas365.es\/noticias\/wp-content\/uploads\/2024\/09\/Candas-365-Redes.jpg","@id":"https:\/\/candas365.es\/noticias\/alemania-crece-un-19-por-ciento-en-2016-su-mejor-dato-en-cinco-anos\/#organizationLogo","width":1152,"height":864,"caption":"Cand\u00e1s 365 Redes"},"image":{"@id":"https:\/\/candas365.es\/noticias\/alemania-crece-un-19-por-ciento-en-2016-su-mejor-dato-en-cinco-anos\/#organizationLogo"},"sameAs":["https:\/\/www.facebook.com\/Nachofdezber","https:\/\/x.com\/NabercoDigital","https:\/\/www.instagram.com\/nachofdezber\/","https:\/\/www.youtube.com\/channel\/UCZP-2wLEB9Rv6erhFmqVnvg"],"address":{"@id":"https:\/\/candas365.es\/noticias\/#postaladdress","@type":"PostalAddress","streetAddress":"san antonio 4, san antonio 4","postalCode":"33430","addressLocality":"Cand\u00e1s","addressRegion":"Asturias","addressCountry":"ES"}},{"@type":"Person","@id":"https:\/\/candas365.es\/noticias\/author\/admin\/#author","url":"https:\/\/candas365.es\/noticias\/author\/admin\/","name":"Cand\u00e1s 365","image":{"@type":"ImageObject","@id":"https:\/\/candas365.es\/noticias\/alemania-crece-un-19-por-ciento-en-2016-su-mejor-dato-en-cinco-anos\/#authorImage","url":"https:\/\/secure.gravatar.com\/avatar\/496a8e03d0c493ede1718b7934145dbdf8d89be1036b0eec9544e1094c9de390?s=96&d=mm&r=g","width":96,"height":96,"caption":"Cand\u00e1s 365"},"sameAs":["https:\/\/www.facebook.com\/carrenoactualidad","https:\/\/twitter.com\/nbasturias","https:\/\/www.instagram.com\/nachofdezber\/","https:\/\/www.youtube.com\/channel\/UCZP-2wLEB9Rv6erhFmqVnvg"]},{"@type":"WebPage","@id":"https:\/\/candas365.es\/noticias\/alemania-crece-un-19-por-ciento-en-2016-su-mejor-dato-en-cinco-anos\/#webpage","url":"https:\/\/candas365.es\/noticias\/alemania-crece-un-19-por-ciento-en-2016-su-mejor-dato-en-cinco-anos\/","name":"Alemania crece un 1,9 por ciento en 2016, su mejor dato en cinco a\u00f1os | Cand\u00e1s 365","description":"Berl\u00edn, 12 ene (dpa) - La econom\u00eda alemana volvi\u00f3 a dar signos de fortaleza en 2016 al registrar un crecimiento del 1,9 por ciento del producto interior bruto (PIB) y lograr un super\u00e1vit p\u00fablico del 0,6 por ciento, inform\u00f3 hoy la Oficina Federal de Estad\u00edstica, Destatis. Con estas cifras, la expansi\u00f3n de la primera econom\u00eda","inLanguage":"es-ES","isPartOf":{"@id":"https:\/\/candas365.es\/noticias\/#website"},"breadcrumb":{"@id":"https:\/\/candas365.es\/noticias\/alemania-crece-un-19-por-ciento-en-2016-su-mejor-dato-en-cinco-anos\/#breadcrumblist"},"author":{"@id":"https:\/\/candas365.es\/noticias\/author\/admin\/#author"},"creator":{"@id":"https:\/\/candas365.es\/noticias\/author\/admin\/#author"},"image":{"@type":"ImageObject","url":"https:\/\/candas365.es\/noticias\/wp-content\/uploads\/2015\/11\/euros.jpg","@id":"https:\/\/candas365.es\/noticias\/alemania-crece-un-19-por-ciento-en-2016-su-mejor-dato-en-cinco-anos\/#mainImage","width":655,"height":360},"primaryImageOfPage":{"@id":"https:\/\/candas365.es\/noticias\/alemania-crece-un-19-por-ciento-en-2016-su-mejor-dato-en-cinco-anos\/#mainImage"},"datePublished":"2017-01-13T05:25:21+01:00","dateModified":"2017-01-13T05:25:21+01:00"},{"@type":"WebSite","@id":"https:\/\/candas365.es\/noticias\/#website","url":"https:\/\/candas365.es\/noticias\/","name":"Cand\u00e1s 365","alternateName":"Cand\u00e1s 365 Noticias","description":"Actualidad desde Carre\u00f1o para el mundo","inLanguage":"es-ES","publisher":{"@id":"https:\/\/candas365.es\/noticias\/#organization"}}]},"og:locale":"es_ES","og:site_name":"Cand\u00e1s 365","og:type":"article","og:title":"Alemania crece un 1,9 por ciento en 2016, su mejor dato en cinco a\u00f1os | Cand\u00e1s 365","og:description":"Berl\u00edn, 12 ene (dpa) - La econom\u00eda alemana volvi\u00f3 a dar signos de fortaleza en 2016 al registrar un crecimiento del 1,9 por ciento del producto interior bruto (PIB) y lograr un super\u00e1vit p\u00fablico del 0,6 por ciento, inform\u00f3 hoy la Oficina Federal de Estad\u00edstica, Destatis. Con estas cifras, la expansi\u00f3n de la primera econom\u00eda","og:url":"https:\/\/candas365.es\/noticias\/alemania-crece-un-19-por-ciento-en-2016-su-mejor-dato-en-cinco-anos\/","og:image":"https:\/\/candas365.es\/noticias\/wp-content\/uploads\/2015\/11\/euros.jpg","og:image:secure_url":"https:\/\/candas365.es\/noticias\/wp-content\/uploads\/2015\/11\/euros.jpg","og:image:width":655,"og:image:height":360,"article:published_time":"2017-01-13T05:25:21+00:00","article:modified_time":"2017-01-13T05:25:21+00:00","article:publisher":"https:\/\/www.facebook.com\/Nachofdezber","article:author":"https:\/\/www.facebook.com\/carrenoactualidad","twitter:card":"summary_large_image","twitter:site":"@NabercoDigital","twitter:title":"Alemania crece un 1,9 por ciento en 2016, su mejor dato en cinco a\u00f1os | Cand\u00e1s 365","twitter:description":"Berl\u00edn, 12 ene (dpa) - La econom\u00eda alemana volvi\u00f3 a dar signos de fortaleza en 2016 al registrar un crecimiento del 1,9 por ciento del producto interior bruto (PIB) y lograr un super\u00e1vit p\u00fablico del 0,6 por ciento, inform\u00f3 hoy la Oficina Federal de Estad\u00edstica, Destatis. Con estas cifras, la expansi\u00f3n de la primera econom\u00eda","twitter:creator":"@nbasturias","twitter:image":"https:\/\/candas365.es\/noticias\/wp-content\/uploads\/2015\/11\/euros.jpg","twitter:label1":"Escrito por","twitter:data1":"Cand\u00e1s 365","twitter:label2":"Tiempo de lectura estimado","twitter:data2":"3 minutos"},"aioseo_meta_data":{"post_id":"40294","title":null,"description":null,"keywords":null,"keyphrases":null,"primary_term":null,"canonical_url":null,"og_title":null,"og_description":null,"og_object_type":"default","og_image_type":"default","og_image_url":null,"og_image_width":null,"og_image_height":null,"og_image_custom_url":null,"og_image_custom_fields":null,"og_video":null,"og_custom_url":null,"og_article_section":null,"og_article_tags":null,"twitter_use_og":false,"twitter_card":"default","twitter_image_type":"default","twitter_image_url":null,"twitter_image_custom_url":null,"twitter_image_custom_fields":null,"twitter_title":null,"twitter_description":null,"schema":{"blockGraphs":[],"customGraphs":[],"default":{"data":{"Article":[],"Course":[],"Dataset":[],"FAQPage":[],"Movie":[],"Person":[],"Product":[],"ProductReview":[],"Car":[],"Recipe":[],"Service":[],"SoftwareApplication":[],"WebPage":[]},"graphName":"","isEnabled":true},"graphs":[],"defaultGraph":"","defaultPostTypeGraph":""},"schema_type":null,"schema_type_options":null,"pillar_content":false,"robots_default":true,"robots_noindex":false,"robots_noarchive":false,"robots_nosnippet":false,"robots_nofollow":false,"robots_noimageindex":false,"robots_noodp":false,"robots_notranslate":false,"robots_max_snippet":null,"robots_max_videopreview":null,"robots_max_imagepreview":"large","priority":null,"frequency":null,"location":null,"local_seo":null,"seo_analyzer_scan_date":"2025-08-25 02:38:19","breadcrumb_settings":null,"limit_modified_date":false,"reviewed_by":null,"open_ai":null,"ai":null,"created":"2020-12-21 13:06:49","updated":"2025-08-25 02:38:19"},"aioseo_breadcrumb":"<div class=\"aioseo-breadcrumbs\"><span class=\"aioseo-breadcrumb\">\n\t<a href=\"https:\/\/candas365.es\/noticias\" title=\"Home\">Home<\/a>\n<\/span><span class=\"aioseo-breadcrumb-separator\">&ndash;<\/span><span class=\"aioseo-breadcrumb\">\n\t<a href=\"https:\/\/candas365.es\/noticias\/category\/actualidad\/\" title=\"Actualidad\">Actualidad<\/a>\n<\/span><span class=\"aioseo-breadcrumb-separator\">&ndash;<\/span><span class=\"aioseo-breadcrumb\">\n\tAlemania crece un 1,9 por ciento en 2016, su mejor dato en cinco a\u00f1os\n<\/span><\/div>","aioseo_breadcrumb_json":[{"label":"Home","link":"https:\/\/candas365.es\/noticias"},{"label":"Actualidad","link":"https:\/\/candas365.es\/noticias\/category\/actualidad\/"},{"label":"Alemania crece un 1,9 por ciento en 2016, su mejor dato en cinco a\u00f1os","link":"https:\/\/candas365.es\/noticias\/alemania-crece-un-19-por-ciento-en-2016-su-mejor-dato-en-cinco-anos\/"}],"_links":{"self":[{"href":"https:\/\/candas365.es\/noticias\/wp-json\/wp\/v2\/posts\/40294","targetHints":{"allow":["GET"]}}],"collection":[{"href":"https:\/\/candas365.es\/noticias\/wp-json\/wp\/v2\/posts"}],"about":[{"href":"https:\/\/candas365.es\/noticias\/wp-json\/wp\/v2\/types\/post"}],"author":[{"embeddable":true,"href":"https:\/\/candas365.es\/noticias\/wp-json\/wp\/v2\/users\/1"}],"replies":[{"embeddable":true,"href":"https:\/\/candas365.es\/noticias\/wp-json\/wp\/v2\/comments?post=40294"}],"version-history":[{"count":0,"href":"https:\/\/candas365.es\/noticias\/wp-json\/wp\/v2\/posts\/40294\/revisions"}],"wp:featuredmedia":[{"embeddable":true,"href":"https:\/\/candas365.es\/noticias\/wp-json\/wp\/v2\/media\/19556"}],"wp:attachment":[{"href":"https:\/\/candas365.es\/noticias\/wp-json\/wp\/v2\/media?parent=40294"}],"wp:term":[{"taxonomy":"category","embeddable":true,"href":"https:\/\/candas365.es\/noticias\/wp-json\/wp\/v2\/categories?post=40294"},{"taxonomy":"post_tag","embeddable":true,"href":"https:\/\/candas365.es\/noticias\/wp-json\/wp\/v2\/tags?post=40294"}],"curies":[{"name":"wp","href":"https:\/\/api.w.org\/{rel}","templated":true}]}}