{"id":3987,"date":"2014-10-21T11:50:59","date_gmt":"2014-10-21T13:50:59","guid":{"rendered":"http:\/\/candas365.es\/noticias\/?p=3987"},"modified":"2014-10-21T11:50:59","modified_gmt":"2014-10-21T13:50:59","slug":"la-reserva-hidraulica-del-cantabrico-se-encuentra-al-54-de-su-capacidad","status":"publish","type":"post","link":"https:\/\/candas365.es\/noticias\/la-reserva-hidraulica-del-cantabrico-se-encuentra-al-54-de-su-capacidad\/","title":{"rendered":"La reserva hidr\u00e1ulica del Cant\u00e1brico se encuentra al 54% de su capacidad"},"content":{"rendered":"<p><img fetchpriority=\"high\" decoding=\"async\" class=\"alignleft size-medium wp-image-3988\" src=\"https:\/\/candas365.es\/noticias\/wp-content\/uploads\/2014\/10\/fotonoticia_20141021133212_800-360x270.jpg\" alt=\"fotonoticia_20141021133212_800\" width=\"360\" height=\"270\" srcset=\"https:\/\/candas365.es\/noticias\/wp-content\/uploads\/2014\/10\/fotonoticia_20141021133212_800-360x270.jpg 360w, https:\/\/candas365.es\/noticias\/wp-content\/uploads\/2014\/10\/fotonoticia_20141021133212_800-640x480.jpg 640w, https:\/\/candas365.es\/noticias\/wp-content\/uploads\/2014\/10\/fotonoticia_20141021133212_800-768x576.jpg 768w, https:\/\/candas365.es\/noticias\/wp-content\/uploads\/2014\/10\/fotonoticia_20141021133212_800-150x113.jpg 150w, https:\/\/candas365.es\/noticias\/wp-content\/uploads\/2014\/10\/fotonoticia_20141021133212_800-450x338.jpg 450w, https:\/\/candas365.es\/noticias\/wp-content\/uploads\/2014\/10\/fotonoticia_20141021133212_800-80x60.jpg 80w, https:\/\/candas365.es\/noticias\/wp-content\/uploads\/2014\/10\/fotonoticia_20141021133212_800-265x198.jpg 265w, https:\/\/candas365.es\/noticias\/wp-content\/uploads\/2014\/10\/fotonoticia_20141021133212_800-696x522.jpg 696w, https:\/\/candas365.es\/noticias\/wp-content\/uploads\/2014\/10\/fotonoticia_20141021133212_800-560x420.jpg 560w, https:\/\/candas365.es\/noticias\/wp-content\/uploads\/2014\/10\/fotonoticia_20141021133212_800-90x67.jpg 90w, https:\/\/candas365.es\/noticias\/wp-content\/uploads\/2014\/10\/fotonoticia_20141021133212_800.jpg 800w\" sizes=\"(max-width: 360px) 100vw, 360px\" \/>(EUROPA PRESS) La reserva hidr\u00e1ulica del Cant\u00e1brico se encuentra al 54 por ciento de su capacidad, seg\u00fan datos del Ministerio de Agricultura, Alimentaci\u00f3n y Medio Ambiente (Magrama)consultados por Europa Press.<\/p>\n<p>En el conjunto nacional, la reserva hidr\u00e1ulica espa\u00f1ola est\u00e1 al 63,9 por ciento de su capacidad total. Actualmente hay 35.796 hect\u00f3metros c\u00fabicos de agua embalsada, lo que representa un aumento de 544 hm3 (el 1% de la capacidad total de los embalses) con respecto a los niveles de la semana anterior.<\/p>\n<p>Concretamente, el Mi\u00f1o-Sil se encuentra al 59,7 por ciento de su capacidad; Galicia Costa al 65,9 por ciento; Cuencas internas del Pa\u00eds Vasco al 66,7 por ciento; Duero al 65,4 por ciento; Tajo al 53,7 por ciento; Guadiana al 76,2 por ciento; Cuenca Atl\u00e1ntica Andaluza al 72,8 por ciento; Guadalquivir al 72,9 por ciento; Cuenca Mediterr\u00e1nea Andaluza al 57 por ciento; Segura al 58,8 por ciento; J\u00facar al 38,9 por ciento; Ebro al 63,8 por ciento; y Cuencas internas de Catalu\u00f1a al 85,5 por ciento.<\/p>\n<p>Las precipitaciones han afectado las cuentas de la Vertiente Atl\u00e1ntica. La m\u00e1xima se ha producido en Santa Cruz de Tenerife, con 154,4 mm (154,4 litros por metro cuadrado).<\/p>\n","protected":false},"excerpt":{"rendered":"<p>(EUROPA PRESS) La reserva hidr\u00e1ulica del Cant\u00e1brico se encuentra al 54 por ciento de su capacidad, seg\u00fan datos del Ministerio de Agricultura, Alimentaci\u00f3n y Medio Ambiente (Magrama)consultados por Europa Press. En el conjunto nacional, la reserva hidr\u00e1ulica espa\u00f1ola est\u00e1 al 63,9 por ciento de su capacidad total. Actualmente hay 35.796 hect\u00f3metros c\u00fabicos de agua embalsada,<\/p>\n","protected":false},"author":1,"featured_media":3988,"comment_status":"closed","ping_status":"closed","sticky":false,"template":"","format":"standard","meta":{"footnotes":""},"categories":[1],"tags":[],"class_list":{"0":"post-3987","1":"post","2":"type-post","3":"status-publish","4":"format-standard","5":"has-post-thumbnail","7":"category-agenda"},"aioseo_notices":[],"aioseo_head":"\n\t\t<!-- All in One SEO Pro 4.9.6.2 - aioseo.com -->\n\t<meta name=\"description\" content=\"(EUROPA PRESS) La reserva hidr\u00e1ulica del Cant\u00e1brico se encuentra al 54 por ciento de su capacidad, seg\u00fan datos del Ministerio de Agricultura, Alimentaci\u00f3n y Medio Ambiente (Magrama)consultados por Europa Press. En el conjunto nacional, la reserva hidr\u00e1ulica espa\u00f1ola est\u00e1 al 63,9 por ciento de su capacidad total. Actualmente hay 35.796 hect\u00f3metros c\u00fabicos de agua embalsada,\" \/>\n\t<meta name=\"robots\" content=\"max-image-preview:large\" \/>\n\t<meta name=\"author\" content=\"Cand\u00e1s 365\"\/>\n\t<meta name=\"google-site-verification\" content=\"UA-32230408-1\" \/>\n\t<meta name=\"msvalidate.01\" content=\"354F3CDFB2DA171B47FBE9ABF1F88D5\" \/>\n\t<meta name=\"keywords\" content=\"agenda\" \/>\n\t<link rel=\"canonical\" href=\"https:\/\/candas365.es\/noticias\/la-reserva-hidraulica-del-cantabrico-se-encuentra-al-54-de-su-capacidad\/\" \/>\n\t<meta name=\"generator\" content=\"All in One SEO Pro (AIOSEO) 4.9.6.2\" \/>\n\t\t<meta property=\"og:locale\" content=\"es_ES\" \/>\n\t\t<meta property=\"og:site_name\" content=\"Cand\u00e1s 365\" \/>\n\t\t<meta property=\"og:type\" content=\"article\" \/>\n\t\t<meta property=\"og:title\" content=\"La reserva hidr\u00e1ulica del Cant\u00e1brico se encuentra al 54% de su capacidad | Cand\u00e1s 365\" \/>\n\t\t<meta property=\"og:description\" content=\"(EUROPA PRESS) La reserva hidr\u00e1ulica del Cant\u00e1brico se encuentra al 54 por ciento de su capacidad, seg\u00fan datos del Ministerio de Agricultura, Alimentaci\u00f3n y Medio Ambiente (Magrama)consultados por Europa Press. En el conjunto nacional, la reserva hidr\u00e1ulica espa\u00f1ola est\u00e1 al 63,9 por ciento de su capacidad total. Actualmente hay 35.796 hect\u00f3metros c\u00fabicos de agua embalsada,\" \/>\n\t\t<meta property=\"og:url\" content=\"https:\/\/candas365.es\/noticias\/la-reserva-hidraulica-del-cantabrico-se-encuentra-al-54-de-su-capacidad\/\" \/>\n\t\t<meta property=\"og:image\" content=\"https:\/\/candas365.es\/noticias\/wp-content\/uploads\/2014\/10\/fotonoticia_20141021133212_800.jpg\" \/>\n\t\t<meta property=\"og:image:secure_url\" content=\"https:\/\/candas365.es\/noticias\/wp-content\/uploads\/2014\/10\/fotonoticia_20141021133212_800.jpg\" \/>\n\t\t<meta property=\"og:image:width\" content=\"800\" \/>\n\t\t<meta property=\"og:image:height\" content=\"600\" \/>\n\t\t<meta property=\"article:published_time\" content=\"2014-10-21T13:50:59+00:00\" \/>\n\t\t<meta property=\"article:modified_time\" content=\"2014-10-21T13:50:59+00:00\" \/>\n\t\t<meta property=\"article:publisher\" content=\"https:\/\/www.facebook.com\/Nachofdezber\" \/>\n\t\t<meta property=\"article:author\" content=\"https:\/\/www.facebook.com\/carrenoactualidad\" \/>\n\t\t<meta name=\"twitter:card\" content=\"summary_large_image\" \/>\n\t\t<meta name=\"twitter:site\" content=\"@NabercoDigital\" \/>\n\t\t<meta name=\"twitter:title\" content=\"La reserva hidr\u00e1ulica del Cant\u00e1brico se encuentra al 54% de su capacidad | Cand\u00e1s 365\" \/>\n\t\t<meta name=\"twitter:description\" content=\"(EUROPA PRESS) La reserva hidr\u00e1ulica del Cant\u00e1brico se encuentra al 54 por ciento de su capacidad, seg\u00fan datos del Ministerio de Agricultura, Alimentaci\u00f3n y Medio Ambiente (Magrama)consultados por Europa Press. En el conjunto nacional, la reserva hidr\u00e1ulica espa\u00f1ola est\u00e1 al 63,9 por ciento de su capacidad total. Actualmente hay 35.796 hect\u00f3metros c\u00fabicos de agua embalsada,\" \/>\n\t\t<meta name=\"twitter:creator\" content=\"@nbasturias\" \/>\n\t\t<meta name=\"twitter:image\" content=\"https:\/\/candas365.es\/noticias\/wp-content\/uploads\/2014\/10\/fotonoticia_20141021133212_800.jpg\" \/>\n\t\t<meta name=\"twitter:label1\" content=\"Escrito por\" \/>\n\t\t<meta name=\"twitter:data1\" content=\"Cand\u00e1s 365\" \/>\n\t\t<meta name=\"twitter:label2\" content=\"Tiempo de lectura estimado\" \/>\n\t\t<meta name=\"twitter:data2\" content=\"1 minuto\" \/>\n\t\t<script type=\"application\/ld+json\" class=\"aioseo-schema\">\n\t\t\t{\"@context\":\"https:\\\/\\\/schema.org\",\"@graph\":[{\"@type\":\"BreadcrumbList\",\"@id\":\"https:\\\/\\\/candas365.es\\\/noticias\\\/la-reserva-hidraulica-del-cantabrico-se-encuentra-al-54-de-su-capacidad\\\/#breadcrumblist\",\"itemListElement\":[{\"@type\":\"ListItem\",\"@id\":\"https:\\\/\\\/candas365.es\\\/noticias#listItem\",\"position\":1,\"name\":\"Home\",\"item\":\"https:\\\/\\\/candas365.es\\\/noticias\",\"nextItem\":{\"@type\":\"ListItem\",\"@id\":\"https:\\\/\\\/candas365.es\\\/noticias\\\/category\\\/agenda\\\/#listItem\",\"name\":\"Agenda\"}},{\"@type\":\"ListItem\",\"@id\":\"https:\\\/\\\/candas365.es\\\/noticias\\\/category\\\/agenda\\\/#listItem\",\"position\":2,\"name\":\"Agenda\",\"item\":\"https:\\\/\\\/candas365.es\\\/noticias\\\/category\\\/agenda\\\/\",\"nextItem\":{\"@type\":\"ListItem\",\"@id\":\"https:\\\/\\\/candas365.es\\\/noticias\\\/la-reserva-hidraulica-del-cantabrico-se-encuentra-al-54-de-su-capacidad\\\/#listItem\",\"name\":\"La reserva hidr\\u00e1ulica del Cant\\u00e1brico se encuentra al 54% de su capacidad\"},\"previousItem\":{\"@type\":\"ListItem\",\"@id\":\"https:\\\/\\\/candas365.es\\\/noticias#listItem\",\"name\":\"Home\"}},{\"@type\":\"ListItem\",\"@id\":\"https:\\\/\\\/candas365.es\\\/noticias\\\/la-reserva-hidraulica-del-cantabrico-se-encuentra-al-54-de-su-capacidad\\\/#listItem\",\"position\":3,\"name\":\"La reserva hidr\\u00e1ulica del Cant\\u00e1brico se encuentra al 54% de su capacidad\",\"previousItem\":{\"@type\":\"ListItem\",\"@id\":\"https:\\\/\\\/candas365.es\\\/noticias\\\/category\\\/agenda\\\/#listItem\",\"name\":\"Agenda\"}}]},{\"@type\":\"NewsArticle\",\"@id\":\"https:\\\/\\\/candas365.es\\\/noticias\\\/la-reserva-hidraulica-del-cantabrico-se-encuentra-al-54-de-su-capacidad\\\/#newsarticle\",\"name\":\"La reserva hidr\\u00e1ulica del Cant\\u00e1brico se encuentra al 54% de su capacidad | Cand\\u00e1s 365\",\"headline\":\"La reserva hidr\\u00e1ulica del Cant\\u00e1brico se encuentra al 54% de su capacidad\",\"author\":{\"@id\":\"https:\\\/\\\/candas365.es\\\/noticias\\\/author\\\/admin\\\/#author\"},\"publisher\":{\"@id\":\"https:\\\/\\\/candas365.es\\\/noticias\\\/#organization\"},\"image\":{\"@type\":\"ImageObject\",\"url\":\"https:\\\/\\\/candas365.es\\\/noticias\\\/wp-content\\\/uploads\\\/2014\\\/10\\\/fotonoticia_20141021133212_800.jpg\",\"width\":800,\"height\":600},\"datePublished\":\"2014-10-21T11:50:59+02:00\",\"dateModified\":\"2014-10-21T11:50:59+02:00\",\"inLanguage\":\"es-ES\",\"mainEntityOfPage\":{\"@id\":\"https:\\\/\\\/candas365.es\\\/noticias\\\/la-reserva-hidraulica-del-cantabrico-se-encuentra-al-54-de-su-capacidad\\\/#webpage\"},\"isPartOf\":{\"@id\":\"https:\\\/\\\/candas365.es\\\/noticias\\\/la-reserva-hidraulica-del-cantabrico-se-encuentra-al-54-de-su-capacidad\\\/#webpage\"},\"articleSection\":\"Agenda\",\"dateline\":\"Publicado el octubre 21, 2014.\"},{\"@type\":\"Organization\",\"@id\":\"https:\\\/\\\/candas365.es\\\/noticias\\\/#organization\",\"name\":\"Cand\\u00e1s 365\",\"description\":\"Cand\\u00e1s 365 es un diario digital independiente, fundado en 2012, con base en Asturias. Informamos con rigor sobre actualidad, sociedad, cultura y ocio, con una mirada local y global.\",\"url\":\"https:\\\/\\\/candas365.es\\\/noticias\\\/\",\"email\":\"info@candas365.es\",\"telephone\":\"+34652131393\",\"foundingDate\":\"2012-06-10\",\"logo\":{\"@type\":\"ImageObject\",\"url\":\"https:\\\/\\\/candas365.es\\\/noticias\\\/wp-content\\\/uploads\\\/2024\\\/09\\\/Candas-365-Redes.jpg\",\"@id\":\"https:\\\/\\\/candas365.es\\\/noticias\\\/la-reserva-hidraulica-del-cantabrico-se-encuentra-al-54-de-su-capacidad\\\/#organizationLogo\",\"width\":1152,\"height\":864,\"caption\":\"Cand\\u00e1s 365 Redes\"},\"image\":{\"@id\":\"https:\\\/\\\/candas365.es\\\/noticias\\\/la-reserva-hidraulica-del-cantabrico-se-encuentra-al-54-de-su-capacidad\\\/#organizationLogo\"},\"sameAs\":[\"https:\\\/\\\/www.facebook.com\\\/Nachofdezber\",\"https:\\\/\\\/x.com\\\/NabercoDigital\",\"https:\\\/\\\/www.instagram.com\\\/nachofdezber\\\/\",\"https:\\\/\\\/www.youtube.com\\\/channel\\\/UCZP-2wLEB9Rv6erhFmqVnvg\"],\"address\":{\"@id\":\"https:\\\/\\\/candas365.es\\\/noticias\\\/#postaladdress\",\"@type\":\"PostalAddress\",\"streetAddress\":\"san antonio 4, san antonio 4\",\"postalCode\":\"33430\",\"addressLocality\":\"Cand\\u00e1s\",\"addressRegion\":\"Asturias\",\"addressCountry\":\"ES\"}},{\"@type\":\"Person\",\"@id\":\"https:\\\/\\\/candas365.es\\\/noticias\\\/author\\\/admin\\\/#author\",\"url\":\"https:\\\/\\\/candas365.es\\\/noticias\\\/author\\\/admin\\\/\",\"name\":\"Cand\\u00e1s 365\",\"image\":{\"@type\":\"ImageObject\",\"@id\":\"https:\\\/\\\/candas365.es\\\/noticias\\\/la-reserva-hidraulica-del-cantabrico-se-encuentra-al-54-de-su-capacidad\\\/#authorImage\",\"url\":\"https:\\\/\\\/secure.gravatar.com\\\/avatar\\\/496a8e03d0c493ede1718b7934145dbdf8d89be1036b0eec9544e1094c9de390?s=96&d=mm&r=g\",\"width\":96,\"height\":96,\"caption\":\"Cand\\u00e1s 365\"},\"sameAs\":[\"https:\\\/\\\/www.facebook.com\\\/carrenoactualidad\",\"https:\\\/\\\/twitter.com\\\/nbasturias\",\"https:\\\/\\\/www.instagram.com\\\/nachofdezber\\\/\",\"https:\\\/\\\/www.youtube.com\\\/channel\\\/UCZP-2wLEB9Rv6erhFmqVnvg\"]},{\"@type\":\"WebPage\",\"@id\":\"https:\\\/\\\/candas365.es\\\/noticias\\\/la-reserva-hidraulica-del-cantabrico-se-encuentra-al-54-de-su-capacidad\\\/#webpage\",\"url\":\"https:\\\/\\\/candas365.es\\\/noticias\\\/la-reserva-hidraulica-del-cantabrico-se-encuentra-al-54-de-su-capacidad\\\/\",\"name\":\"La reserva hidr\\u00e1ulica del Cant\\u00e1brico se encuentra al 54% de su capacidad | Cand\\u00e1s 365\",\"description\":\"(EUROPA PRESS) La reserva hidr\\u00e1ulica del Cant\\u00e1brico se encuentra al 54 por ciento de su capacidad, seg\\u00fan datos del Ministerio de Agricultura, Alimentaci\\u00f3n y Medio Ambiente (Magrama)consultados por Europa Press. En el conjunto nacional, la reserva hidr\\u00e1ulica espa\\u00f1ola est\\u00e1 al 63,9 por ciento de su capacidad total. Actualmente hay 35.796 hect\\u00f3metros c\\u00fabicos de agua embalsada,\",\"inLanguage\":\"es-ES\",\"isPartOf\":{\"@id\":\"https:\\\/\\\/candas365.es\\\/noticias\\\/#website\"},\"breadcrumb\":{\"@id\":\"https:\\\/\\\/candas365.es\\\/noticias\\\/la-reserva-hidraulica-del-cantabrico-se-encuentra-al-54-de-su-capacidad\\\/#breadcrumblist\"},\"author\":{\"@id\":\"https:\\\/\\\/candas365.es\\\/noticias\\\/author\\\/admin\\\/#author\"},\"creator\":{\"@id\":\"https:\\\/\\\/candas365.es\\\/noticias\\\/author\\\/admin\\\/#author\"},\"image\":{\"@type\":\"ImageObject\",\"url\":\"https:\\\/\\\/candas365.es\\\/noticias\\\/wp-content\\\/uploads\\\/2014\\\/10\\\/fotonoticia_20141021133212_800.jpg\",\"@id\":\"https:\\\/\\\/candas365.es\\\/noticias\\\/la-reserva-hidraulica-del-cantabrico-se-encuentra-al-54-de-su-capacidad\\\/#mainImage\",\"width\":800,\"height\":600},\"primaryImageOfPage\":{\"@id\":\"https:\\\/\\\/candas365.es\\\/noticias\\\/la-reserva-hidraulica-del-cantabrico-se-encuentra-al-54-de-su-capacidad\\\/#mainImage\"},\"datePublished\":\"2014-10-21T11:50:59+02:00\",\"dateModified\":\"2014-10-21T11:50:59+02:00\"},{\"@type\":\"WebSite\",\"@id\":\"https:\\\/\\\/candas365.es\\\/noticias\\\/#website\",\"url\":\"https:\\\/\\\/candas365.es\\\/noticias\\\/\",\"name\":\"Cand\\u00e1s 365\",\"alternateName\":\"Cand\\u00e1s 365 Noticias\",\"description\":\"Actualidad desde Carre\\u00f1o para el mundo\",\"inLanguage\":\"es-ES\",\"publisher\":{\"@id\":\"https:\\\/\\\/candas365.es\\\/noticias\\\/#organization\"}}]}\n\t\t<\/script>\n\t\t<!-- All in One SEO Pro -->\r\n\t\t<title>La reserva hidr\u00e1ulica del Cant\u00e1brico se encuentra al 54% de su capacidad | Cand\u00e1s 365<\/title>\n\n","aioseo_head_json":{"title":"La reserva hidr\u00e1ulica del Cant\u00e1brico se encuentra al 54% de su capacidad | Cand\u00e1s 365","description":"(EUROPA PRESS) La reserva hidr\u00e1ulica del Cant\u00e1brico se encuentra al 54 por ciento de su capacidad, seg\u00fan datos del Ministerio de Agricultura, Alimentaci\u00f3n y Medio Ambiente (Magrama)consultados por Europa Press. En el conjunto nacional, la reserva hidr\u00e1ulica espa\u00f1ola est\u00e1 al 63,9 por ciento de su capacidad total. Actualmente hay 35.796 hect\u00f3metros c\u00fabicos de agua embalsada,","canonical_url":"https:\/\/candas365.es\/noticias\/la-reserva-hidraulica-del-cantabrico-se-encuentra-al-54-de-su-capacidad\/","robots":"max-image-preview:large","keywords":"agenda","webmasterTools":{"google-site-verification":"UA-32230408-1","msvalidate.01":"354F3CDFB2DA171B47FBE9ABF1F88D5","miscellaneous":""},"schema":{"@context":"https:\/\/schema.org","@graph":[{"@type":"BreadcrumbList","@id":"https:\/\/candas365.es\/noticias\/la-reserva-hidraulica-del-cantabrico-se-encuentra-al-54-de-su-capacidad\/#breadcrumblist","itemListElement":[{"@type":"ListItem","@id":"https:\/\/candas365.es\/noticias#listItem","position":1,"name":"Home","item":"https:\/\/candas365.es\/noticias","nextItem":{"@type":"ListItem","@id":"https:\/\/candas365.es\/noticias\/category\/agenda\/#listItem","name":"Agenda"}},{"@type":"ListItem","@id":"https:\/\/candas365.es\/noticias\/category\/agenda\/#listItem","position":2,"name":"Agenda","item":"https:\/\/candas365.es\/noticias\/category\/agenda\/","nextItem":{"@type":"ListItem","@id":"https:\/\/candas365.es\/noticias\/la-reserva-hidraulica-del-cantabrico-se-encuentra-al-54-de-su-capacidad\/#listItem","name":"La reserva hidr\u00e1ulica del Cant\u00e1brico se encuentra al 54% de su capacidad"},"previousItem":{"@type":"ListItem","@id":"https:\/\/candas365.es\/noticias#listItem","name":"Home"}},{"@type":"ListItem","@id":"https:\/\/candas365.es\/noticias\/la-reserva-hidraulica-del-cantabrico-se-encuentra-al-54-de-su-capacidad\/#listItem","position":3,"name":"La reserva hidr\u00e1ulica del Cant\u00e1brico se encuentra al 54% de su capacidad","previousItem":{"@type":"ListItem","@id":"https:\/\/candas365.es\/noticias\/category\/agenda\/#listItem","name":"Agenda"}}]},{"@type":"NewsArticle","@id":"https:\/\/candas365.es\/noticias\/la-reserva-hidraulica-del-cantabrico-se-encuentra-al-54-de-su-capacidad\/#newsarticle","name":"La reserva hidr\u00e1ulica del Cant\u00e1brico se encuentra al 54% de su capacidad | Cand\u00e1s 365","headline":"La reserva hidr\u00e1ulica del Cant\u00e1brico se encuentra al 54% de su capacidad","author":{"@id":"https:\/\/candas365.es\/noticias\/author\/admin\/#author"},"publisher":{"@id":"https:\/\/candas365.es\/noticias\/#organization"},"image":{"@type":"ImageObject","url":"https:\/\/candas365.es\/noticias\/wp-content\/uploads\/2014\/10\/fotonoticia_20141021133212_800.jpg","width":800,"height":600},"datePublished":"2014-10-21T11:50:59+02:00","dateModified":"2014-10-21T11:50:59+02:00","inLanguage":"es-ES","mainEntityOfPage":{"@id":"https:\/\/candas365.es\/noticias\/la-reserva-hidraulica-del-cantabrico-se-encuentra-al-54-de-su-capacidad\/#webpage"},"isPartOf":{"@id":"https:\/\/candas365.es\/noticias\/la-reserva-hidraulica-del-cantabrico-se-encuentra-al-54-de-su-capacidad\/#webpage"},"articleSection":"Agenda","dateline":"Publicado el octubre 21, 2014."},{"@type":"Organization","@id":"https:\/\/candas365.es\/noticias\/#organization","name":"Cand\u00e1s 365","description":"Cand\u00e1s 365 es un diario digital independiente, fundado en 2012, con base en Asturias. Informamos con rigor sobre actualidad, sociedad, cultura y ocio, con una mirada local y global.","url":"https:\/\/candas365.es\/noticias\/","email":"info@candas365.es","telephone":"+34652131393","foundingDate":"2012-06-10","logo":{"@type":"ImageObject","url":"https:\/\/candas365.es\/noticias\/wp-content\/uploads\/2024\/09\/Candas-365-Redes.jpg","@id":"https:\/\/candas365.es\/noticias\/la-reserva-hidraulica-del-cantabrico-se-encuentra-al-54-de-su-capacidad\/#organizationLogo","width":1152,"height":864,"caption":"Cand\u00e1s 365 Redes"},"image":{"@id":"https:\/\/candas365.es\/noticias\/la-reserva-hidraulica-del-cantabrico-se-encuentra-al-54-de-su-capacidad\/#organizationLogo"},"sameAs":["https:\/\/www.facebook.com\/Nachofdezber","https:\/\/x.com\/NabercoDigital","https:\/\/www.instagram.com\/nachofdezber\/","https:\/\/www.youtube.com\/channel\/UCZP-2wLEB9Rv6erhFmqVnvg"],"address":{"@id":"https:\/\/candas365.es\/noticias\/#postaladdress","@type":"PostalAddress","streetAddress":"san antonio 4, san antonio 4","postalCode":"33430","addressLocality":"Cand\u00e1s","addressRegion":"Asturias","addressCountry":"ES"}},{"@type":"Person","@id":"https:\/\/candas365.es\/noticias\/author\/admin\/#author","url":"https:\/\/candas365.es\/noticias\/author\/admin\/","name":"Cand\u00e1s 365","image":{"@type":"ImageObject","@id":"https:\/\/candas365.es\/noticias\/la-reserva-hidraulica-del-cantabrico-se-encuentra-al-54-de-su-capacidad\/#authorImage","url":"https:\/\/secure.gravatar.com\/avatar\/496a8e03d0c493ede1718b7934145dbdf8d89be1036b0eec9544e1094c9de390?s=96&d=mm&r=g","width":96,"height":96,"caption":"Cand\u00e1s 365"},"sameAs":["https:\/\/www.facebook.com\/carrenoactualidad","https:\/\/twitter.com\/nbasturias","https:\/\/www.instagram.com\/nachofdezber\/","https:\/\/www.youtube.com\/channel\/UCZP-2wLEB9Rv6erhFmqVnvg"]},{"@type":"WebPage","@id":"https:\/\/candas365.es\/noticias\/la-reserva-hidraulica-del-cantabrico-se-encuentra-al-54-de-su-capacidad\/#webpage","url":"https:\/\/candas365.es\/noticias\/la-reserva-hidraulica-del-cantabrico-se-encuentra-al-54-de-su-capacidad\/","name":"La reserva hidr\u00e1ulica del Cant\u00e1brico se encuentra al 54% de su capacidad | Cand\u00e1s 365","description":"(EUROPA PRESS) La reserva hidr\u00e1ulica del Cant\u00e1brico se encuentra al 54 por ciento de su capacidad, seg\u00fan datos del Ministerio de Agricultura, Alimentaci\u00f3n y Medio Ambiente (Magrama)consultados por Europa Press. En el conjunto nacional, la reserva hidr\u00e1ulica espa\u00f1ola est\u00e1 al 63,9 por ciento de su capacidad total. Actualmente hay 35.796 hect\u00f3metros c\u00fabicos de agua embalsada,","inLanguage":"es-ES","isPartOf":{"@id":"https:\/\/candas365.es\/noticias\/#website"},"breadcrumb":{"@id":"https:\/\/candas365.es\/noticias\/la-reserva-hidraulica-del-cantabrico-se-encuentra-al-54-de-su-capacidad\/#breadcrumblist"},"author":{"@id":"https:\/\/candas365.es\/noticias\/author\/admin\/#author"},"creator":{"@id":"https:\/\/candas365.es\/noticias\/author\/admin\/#author"},"image":{"@type":"ImageObject","url":"https:\/\/candas365.es\/noticias\/wp-content\/uploads\/2014\/10\/fotonoticia_20141021133212_800.jpg","@id":"https:\/\/candas365.es\/noticias\/la-reserva-hidraulica-del-cantabrico-se-encuentra-al-54-de-su-capacidad\/#mainImage","width":800,"height":600},"primaryImageOfPage":{"@id":"https:\/\/candas365.es\/noticias\/la-reserva-hidraulica-del-cantabrico-se-encuentra-al-54-de-su-capacidad\/#mainImage"},"datePublished":"2014-10-21T11:50:59+02:00","dateModified":"2014-10-21T11:50:59+02:00"},{"@type":"WebSite","@id":"https:\/\/candas365.es\/noticias\/#website","url":"https:\/\/candas365.es\/noticias\/","name":"Cand\u00e1s 365","alternateName":"Cand\u00e1s 365 Noticias","description":"Actualidad desde Carre\u00f1o para el mundo","inLanguage":"es-ES","publisher":{"@id":"https:\/\/candas365.es\/noticias\/#organization"}}]},"og:locale":"es_ES","og:site_name":"Cand\u00e1s 365","og:type":"article","og:title":"La reserva hidr\u00e1ulica del Cant\u00e1brico se encuentra al 54% de su capacidad | Cand\u00e1s 365","og:description":"(EUROPA PRESS) La reserva hidr\u00e1ulica del Cant\u00e1brico se encuentra al 54 por ciento de su capacidad, seg\u00fan datos del Ministerio de Agricultura, Alimentaci\u00f3n y Medio Ambiente (Magrama)consultados por Europa Press. En el conjunto nacional, la reserva hidr\u00e1ulica espa\u00f1ola est\u00e1 al 63,9 por ciento de su capacidad total. Actualmente hay 35.796 hect\u00f3metros c\u00fabicos de agua embalsada,","og:url":"https:\/\/candas365.es\/noticias\/la-reserva-hidraulica-del-cantabrico-se-encuentra-al-54-de-su-capacidad\/","og:image":"https:\/\/candas365.es\/noticias\/wp-content\/uploads\/2014\/10\/fotonoticia_20141021133212_800.jpg","og:image:secure_url":"https:\/\/candas365.es\/noticias\/wp-content\/uploads\/2014\/10\/fotonoticia_20141021133212_800.jpg","og:image:width":800,"og:image:height":600,"article:published_time":"2014-10-21T13:50:59+00:00","article:modified_time":"2014-10-21T13:50:59+00:00","article:publisher":"https:\/\/www.facebook.com\/Nachofdezber","article:author":"https:\/\/www.facebook.com\/carrenoactualidad","twitter:card":"summary_large_image","twitter:site":"@NabercoDigital","twitter:title":"La reserva hidr\u00e1ulica del Cant\u00e1brico se encuentra al 54% de su capacidad | Cand\u00e1s 365","twitter:description":"(EUROPA PRESS) La reserva hidr\u00e1ulica del Cant\u00e1brico se encuentra al 54 por ciento de su capacidad, seg\u00fan datos del Ministerio de Agricultura, Alimentaci\u00f3n y Medio Ambiente (Magrama)consultados por Europa Press. En el conjunto nacional, la reserva hidr\u00e1ulica espa\u00f1ola est\u00e1 al 63,9 por ciento de su capacidad total. Actualmente hay 35.796 hect\u00f3metros c\u00fabicos de agua embalsada,","twitter:creator":"@nbasturias","twitter:image":"https:\/\/candas365.es\/noticias\/wp-content\/uploads\/2014\/10\/fotonoticia_20141021133212_800.jpg","twitter:label1":"Escrito por","twitter:data1":"Cand\u00e1s 365","twitter:label2":"Tiempo de lectura estimado","twitter:data2":"1 minuto"},"aioseo_meta_data":{"post_id":"3987","title":null,"description":null,"keywords":null,"keyphrases":null,"primary_term":null,"canonical_url":null,"og_title":null,"og_description":null,"og_object_type":"default","og_image_type":"default","og_image_url":null,"og_image_width":null,"og_image_height":null,"og_image_custom_url":null,"og_image_custom_fields":null,"og_video":null,"og_custom_url":null,"og_article_section":null,"og_article_tags":null,"twitter_use_og":false,"twitter_card":"default","twitter_image_type":"default","twitter_image_url":null,"twitter_image_custom_url":null,"twitter_image_custom_fields":null,"twitter_title":null,"twitter_description":null,"schema":{"blockGraphs":[],"customGraphs":[],"default":{"data":{"Article":[],"Course":[],"Dataset":[],"FAQPage":[],"Movie":[],"Person":[],"Product":[],"ProductReview":[],"Car":[],"Recipe":[],"Service":[],"SoftwareApplication":[],"WebPage":[]},"graphName":"","isEnabled":true},"graphs":[],"defaultGraph":"","defaultPostTypeGraph":""},"schema_type":null,"schema_type_options":null,"pillar_content":false,"robots_default":true,"robots_noindex":false,"robots_noarchive":false,"robots_nosnippet":false,"robots_nofollow":false,"robots_noimageindex":false,"robots_noodp":false,"robots_notranslate":false,"robots_max_snippet":null,"robots_max_videopreview":null,"robots_max_imagepreview":"large","priority":null,"frequency":null,"location":null,"local_seo":null,"seo_analyzer_scan_date":"2025-08-23 00:58:10","breadcrumb_settings":null,"limit_modified_date":false,"reviewed_by":null,"open_ai":null,"ai":null,"created":"2020-12-21 10:47:32","updated":"2025-08-23 00:58:10"},"aioseo_breadcrumb":"<div class=\"aioseo-breadcrumbs\"><span class=\"aioseo-breadcrumb\">\n\t<a href=\"https:\/\/candas365.es\/noticias\" title=\"Home\">Home<\/a>\n<\/span><span class=\"aioseo-breadcrumb-separator\">&ndash;<\/span><span class=\"aioseo-breadcrumb\">\n\t<a href=\"https:\/\/candas365.es\/noticias\/category\/agenda\/\" title=\"Agenda\">Agenda<\/a>\n<\/span><span class=\"aioseo-breadcrumb-separator\">&ndash;<\/span><span class=\"aioseo-breadcrumb\">\n\tLa reserva hidr\u00e1ulica del Cant\u00e1brico se encuentra al 54% de su capacidad\n<\/span><\/div>","aioseo_breadcrumb_json":[{"label":"Home","link":"https:\/\/candas365.es\/noticias"},{"label":"Agenda","link":"https:\/\/candas365.es\/noticias\/category\/agenda\/"},{"label":"La reserva hidr\u00e1ulica del Cant\u00e1brico se encuentra al 54% de su capacidad","link":"https:\/\/candas365.es\/noticias\/la-reserva-hidraulica-del-cantabrico-se-encuentra-al-54-de-su-capacidad\/"}],"_links":{"self":[{"href":"https:\/\/candas365.es\/noticias\/wp-json\/wp\/v2\/posts\/3987","targetHints":{"allow":["GET"]}}],"collection":[{"href":"https:\/\/candas365.es\/noticias\/wp-json\/wp\/v2\/posts"}],"about":[{"href":"https:\/\/candas365.es\/noticias\/wp-json\/wp\/v2\/types\/post"}],"author":[{"embeddable":true,"href":"https:\/\/candas365.es\/noticias\/wp-json\/wp\/v2\/users\/1"}],"replies":[{"embeddable":true,"href":"https:\/\/candas365.es\/noticias\/wp-json\/wp\/v2\/comments?post=3987"}],"version-history":[{"count":0,"href":"https:\/\/candas365.es\/noticias\/wp-json\/wp\/v2\/posts\/3987\/revisions"}],"wp:featuredmedia":[{"embeddable":true,"href":"https:\/\/candas365.es\/noticias\/wp-json\/wp\/v2\/media\/3988"}],"wp:attachment":[{"href":"https:\/\/candas365.es\/noticias\/wp-json\/wp\/v2\/media?parent=3987"}],"wp:term":[{"taxonomy":"category","embeddable":true,"href":"https:\/\/candas365.es\/noticias\/wp-json\/wp\/v2\/categories?post=3987"},{"taxonomy":"post_tag","embeddable":true,"href":"https:\/\/candas365.es\/noticias\/wp-json\/wp\/v2\/tags?post=3987"}],"curies":[{"name":"wp","href":"https:\/\/api.w.org\/{rel}","templated":true}]}}