{"id":3933,"date":"2014-10-21T07:52:41","date_gmt":"2014-10-21T09:52:41","guid":{"rendered":"http:\/\/candas365.es\/noticias\/?p=3933"},"modified":"2014-10-21T07:53:21","modified_gmt":"2014-10-21T09:53:21","slug":"sonia-zapatero-de-los-gorilas-de-candas-premiada-por-la-federacion-asturiana","status":"publish","type":"post","link":"https:\/\/candas365.es\/noticias\/sonia-zapatero-de-los-gorilas-de-candas-premiada-por-la-federacion-asturiana\/","title":{"rendered":"Sonia Zapatero de los Gorilas de Cand\u00e1s premiada por la Federaci\u00f3n Asturiana"},"content":{"rendered":"<p><img fetchpriority=\"high\" decoding=\"async\" class=\"alignleft size-medium wp-image-3934\" src=\"https:\/\/candas365.es\/noticias\/wp-content\/uploads\/2014\/10\/trasona-360x225.jpg\" alt=\"trasona\" width=\"360\" height=\"225\" srcset=\"https:\/\/candas365.es\/noticias\/wp-content\/uploads\/2014\/10\/trasona-360x225.jpg 360w, https:\/\/candas365.es\/noticias\/wp-content\/uploads\/2014\/10\/trasona-150x94.jpg 150w, https:\/\/candas365.es\/noticias\/wp-content\/uploads\/2014\/10\/trasona-279x173.jpg 279w, https:\/\/candas365.es\/noticias\/wp-content\/uploads\/2014\/10\/trasona.jpg 390w\" sizes=\"(max-width: 360px) 100vw, 360px\" \/>La Federaci\u00f3n de Pirag\u00fcismo del Principado ha distinguido a los palistas internacionales Javier Hernanz, Javier Caba\u00f1\u00edn y Miriam Vega entre los premiados con los galardones correspondientes a la temporada 2014, cuyo acto de entrega tendr\u00e1 lugar el 15 de noviembre en la Gala regional.<\/p>\n<p>El premio a mejor kayakista masculino s\u00e9nior ha reca\u00eddo en Javier Hernanz (Grupo Cultura Cobvadonga) <strong>La palista de Los Gorilas de Cand\u00e1s Sonia Zapatero<\/strong> ha sido premiada como mejor mujer s\u00e9nior por sus destacadas actuaciones en las competiciones nacionales y el cano\u00edsta Diego Su\u00e1rez, de la Sociedad Cultural y Deportiva Ribadesella, ha alcanzado el reconocimiento en canoa s\u00e9nior.<\/p>\n<p>En categor\u00eda sub&#8217;21, los internacionales Javier Caba\u00f1\u00edn, perteneciente a El Gaitero de Villaviciosa, y Miriam Vega, del Grupo Covadonga, ven reconocida una temporada hist\u00f3rica, avalada en ambas casos por los incontestables \u00e9xitos alcanzados en sus respectivos campeonatos del mundo.<\/p>\n<p>A la espera de votaci\u00f3n por sus respectivos estamentos en las categor\u00edas de club, entrenador y \u00e1rbitro, la relaci\u00f3n de premiados incorpora menciones especiales para los medallistas en campeonatos del mundo Walter Bouz\u00e1n y \u00c1lvaro Fern\u00e1ndez Fiuza -oro en K-2 en marat\u00f3n-, Pedro V\u00e1zquez -oro en K-4 1.000 metros j\u00fanior-, e I\u00f1igo Noval -plata en K-2 200 metros j\u00fanior<\/p>\n","protected":false},"excerpt":{"rendered":"<p>La Federaci\u00f3n de Pirag\u00fcismo del Principado ha distinguido a los palistas internacionales Javier Hernanz, Javier Caba\u00f1\u00edn y Miriam Vega entre los premiados con los galardones correspondientes a la temporada 2014, cuyo acto de entrega tendr\u00e1 lugar el 15 de noviembre en la Gala regional. El premio a mejor kayakista masculino s\u00e9nior ha reca\u00eddo en Javier<\/p>\n","protected":false},"author":1,"featured_media":3934,"comment_status":"closed","ping_status":"closed","sticky":false,"template":"","format":"standard","meta":{"footnotes":""},"categories":[343],"tags":[],"class_list":{"0":"post-3933","1":"post","2":"type-post","3":"status-publish","4":"format-standard","5":"has-post-thumbnail","7":"category-actualidad"},"aioseo_notices":[],"aioseo_head":"\n\t\t<!-- All in One SEO Pro 4.9.6.2 - aioseo.com -->\n\t<meta name=\"description\" content=\"La Federaci\u00f3n de Pirag\u00fcismo del Principado ha distinguido a los palistas internacionales Javier Hernanz, Javier Caba\u00f1\u00edn y Miriam Vega entre los premiados con los galardones correspondientes a la temporada 2014, cuyo acto de entrega tendr\u00e1 lugar el 15 de noviembre en la Gala regional. El premio a mejor kayakista masculino s\u00e9nior ha reca\u00eddo en Javier\" \/>\n\t<meta name=\"robots\" content=\"max-image-preview:large\" \/>\n\t<meta name=\"author\" content=\"Cand\u00e1s 365\"\/>\n\t<meta name=\"google-site-verification\" content=\"UA-32230408-1\" \/>\n\t<meta name=\"msvalidate.01\" content=\"354F3CDFB2DA171B47FBE9ABF1F88D5\" \/>\n\t<meta name=\"keywords\" content=\"actualidad\" \/>\n\t<link rel=\"canonical\" href=\"https:\/\/candas365.es\/noticias\/sonia-zapatero-de-los-gorilas-de-candas-premiada-por-la-federacion-asturiana\/\" \/>\n\t<meta name=\"generator\" content=\"All in One SEO Pro (AIOSEO) 4.9.6.2\" \/>\n\t\t<meta property=\"og:locale\" content=\"es_ES\" \/>\n\t\t<meta property=\"og:site_name\" content=\"Cand\u00e1s 365\" \/>\n\t\t<meta property=\"og:type\" content=\"article\" \/>\n\t\t<meta property=\"og:title\" content=\"Sonia Zapatero de los Gorilas de Cand\u00e1s premiada por la Federaci\u00f3n Asturiana | Cand\u00e1s 365\" \/>\n\t\t<meta property=\"og:description\" content=\"La Federaci\u00f3n de Pirag\u00fcismo del Principado ha distinguido a los palistas internacionales Javier Hernanz, Javier Caba\u00f1\u00edn y Miriam Vega entre los premiados con los galardones correspondientes a la temporada 2014, cuyo acto de entrega tendr\u00e1 lugar el 15 de noviembre en la Gala regional. El premio a mejor kayakista masculino s\u00e9nior ha reca\u00eddo en Javier\" \/>\n\t\t<meta property=\"og:url\" content=\"https:\/\/candas365.es\/noticias\/sonia-zapatero-de-los-gorilas-de-candas-premiada-por-la-federacion-asturiana\/\" \/>\n\t\t<meta property=\"og:image\" content=\"https:\/\/candas365.es\/noticias\/wp-content\/uploads\/2014\/10\/trasona.jpg\" \/>\n\t\t<meta property=\"og:image:secure_url\" content=\"https:\/\/candas365.es\/noticias\/wp-content\/uploads\/2014\/10\/trasona.jpg\" \/>\n\t\t<meta property=\"og:image:width\" content=\"390\" \/>\n\t\t<meta property=\"og:image:height\" content=\"244\" \/>\n\t\t<meta property=\"article:published_time\" content=\"2014-10-21T09:52:41+00:00\" \/>\n\t\t<meta property=\"article:modified_time\" content=\"2014-10-21T09:53:21+00:00\" \/>\n\t\t<meta property=\"article:publisher\" content=\"https:\/\/www.facebook.com\/Nachofdezber\" \/>\n\t\t<meta property=\"article:author\" content=\"https:\/\/www.facebook.com\/carrenoactualidad\" \/>\n\t\t<meta name=\"twitter:card\" content=\"summary_large_image\" \/>\n\t\t<meta name=\"twitter:site\" content=\"@NabercoDigital\" \/>\n\t\t<meta name=\"twitter:title\" content=\"Sonia Zapatero de los Gorilas de Cand\u00e1s premiada por la Federaci\u00f3n Asturiana | Cand\u00e1s 365\" \/>\n\t\t<meta name=\"twitter:description\" content=\"La Federaci\u00f3n de Pirag\u00fcismo del Principado ha distinguido a los palistas internacionales Javier Hernanz, Javier Caba\u00f1\u00edn y Miriam Vega entre los premiados con los galardones correspondientes a la temporada 2014, cuyo acto de entrega tendr\u00e1 lugar el 15 de noviembre en la Gala regional. El premio a mejor kayakista masculino s\u00e9nior ha reca\u00eddo en Javier\" \/>\n\t\t<meta name=\"twitter:creator\" content=\"@nbasturias\" \/>\n\t\t<meta name=\"twitter:image\" content=\"https:\/\/candas365.es\/noticias\/wp-content\/uploads\/2014\/10\/trasona.jpg\" \/>\n\t\t<meta name=\"twitter:label1\" content=\"Escrito por\" \/>\n\t\t<meta name=\"twitter:data1\" content=\"Cand\u00e1s 365\" \/>\n\t\t<meta name=\"twitter:label2\" content=\"Tiempo de lectura estimado\" \/>\n\t\t<meta name=\"twitter:data2\" content=\"1 minuto\" \/>\n\t\t<script type=\"application\/ld+json\" class=\"aioseo-schema\">\n\t\t\t{\"@context\":\"https:\\\/\\\/schema.org\",\"@graph\":[{\"@type\":\"BreadcrumbList\",\"@id\":\"https:\\\/\\\/candas365.es\\\/noticias\\\/sonia-zapatero-de-los-gorilas-de-candas-premiada-por-la-federacion-asturiana\\\/#breadcrumblist\",\"itemListElement\":[{\"@type\":\"ListItem\",\"@id\":\"https:\\\/\\\/candas365.es\\\/noticias#listItem\",\"position\":1,\"name\":\"Home\",\"item\":\"https:\\\/\\\/candas365.es\\\/noticias\",\"nextItem\":{\"@type\":\"ListItem\",\"@id\":\"https:\\\/\\\/candas365.es\\\/noticias\\\/category\\\/actualidad\\\/#listItem\",\"name\":\"Actualidad\"}},{\"@type\":\"ListItem\",\"@id\":\"https:\\\/\\\/candas365.es\\\/noticias\\\/category\\\/actualidad\\\/#listItem\",\"position\":2,\"name\":\"Actualidad\",\"item\":\"https:\\\/\\\/candas365.es\\\/noticias\\\/category\\\/actualidad\\\/\",\"nextItem\":{\"@type\":\"ListItem\",\"@id\":\"https:\\\/\\\/candas365.es\\\/noticias\\\/sonia-zapatero-de-los-gorilas-de-candas-premiada-por-la-federacion-asturiana\\\/#listItem\",\"name\":\"Sonia Zapatero de los Gorilas de Cand\\u00e1s premiada por la Federaci\\u00f3n Asturiana\"},\"previousItem\":{\"@type\":\"ListItem\",\"@id\":\"https:\\\/\\\/candas365.es\\\/noticias#listItem\",\"name\":\"Home\"}},{\"@type\":\"ListItem\",\"@id\":\"https:\\\/\\\/candas365.es\\\/noticias\\\/sonia-zapatero-de-los-gorilas-de-candas-premiada-por-la-federacion-asturiana\\\/#listItem\",\"position\":3,\"name\":\"Sonia Zapatero de los Gorilas de Cand\\u00e1s premiada por la Federaci\\u00f3n Asturiana\",\"previousItem\":{\"@type\":\"ListItem\",\"@id\":\"https:\\\/\\\/candas365.es\\\/noticias\\\/category\\\/actualidad\\\/#listItem\",\"name\":\"Actualidad\"}}]},{\"@type\":\"NewsArticle\",\"@id\":\"https:\\\/\\\/candas365.es\\\/noticias\\\/sonia-zapatero-de-los-gorilas-de-candas-premiada-por-la-federacion-asturiana\\\/#newsarticle\",\"name\":\"Sonia Zapatero de los Gorilas de Cand\\u00e1s premiada por la Federaci\\u00f3n Asturiana | Cand\\u00e1s 365\",\"headline\":\"Sonia Zapatero de los Gorilas de Cand\\u00e1s premiada por la Federaci\\u00f3n Asturiana\",\"author\":{\"@id\":\"https:\\\/\\\/candas365.es\\\/noticias\\\/author\\\/admin\\\/#author\"},\"publisher\":{\"@id\":\"https:\\\/\\\/candas365.es\\\/noticias\\\/#organization\"},\"image\":{\"@type\":\"ImageObject\",\"url\":\"https:\\\/\\\/candas365.es\\\/noticias\\\/wp-content\\\/uploads\\\/2014\\\/10\\\/trasona.jpg\",\"width\":390,\"height\":244},\"datePublished\":\"2014-10-21T07:52:41+02:00\",\"dateModified\":\"2014-10-21T07:53:21+02:00\",\"inLanguage\":\"es-ES\",\"mainEntityOfPage\":{\"@id\":\"https:\\\/\\\/candas365.es\\\/noticias\\\/sonia-zapatero-de-los-gorilas-de-candas-premiada-por-la-federacion-asturiana\\\/#webpage\"},\"isPartOf\":{\"@id\":\"https:\\\/\\\/candas365.es\\\/noticias\\\/sonia-zapatero-de-los-gorilas-de-candas-premiada-por-la-federacion-asturiana\\\/#webpage\"},\"articleSection\":\"Actualidad\",\"dateline\":\"Publicado el octubre 21, 2014.\"},{\"@type\":\"Organization\",\"@id\":\"https:\\\/\\\/candas365.es\\\/noticias\\\/#organization\",\"name\":\"Cand\\u00e1s 365\",\"description\":\"Cand\\u00e1s 365 es un diario digital independiente, fundado en 2012, con base en Asturias. Informamos con rigor sobre actualidad, sociedad, cultura y ocio, con una mirada local y global.\",\"url\":\"https:\\\/\\\/candas365.es\\\/noticias\\\/\",\"email\":\"info@candas365.es\",\"telephone\":\"+34652131393\",\"foundingDate\":\"2012-06-10\",\"logo\":{\"@type\":\"ImageObject\",\"url\":\"https:\\\/\\\/candas365.es\\\/noticias\\\/wp-content\\\/uploads\\\/2024\\\/09\\\/Candas-365-Redes.jpg\",\"@id\":\"https:\\\/\\\/candas365.es\\\/noticias\\\/sonia-zapatero-de-los-gorilas-de-candas-premiada-por-la-federacion-asturiana\\\/#organizationLogo\",\"width\":1152,\"height\":864,\"caption\":\"Cand\\u00e1s 365 Redes\"},\"image\":{\"@id\":\"https:\\\/\\\/candas365.es\\\/noticias\\\/sonia-zapatero-de-los-gorilas-de-candas-premiada-por-la-federacion-asturiana\\\/#organizationLogo\"},\"sameAs\":[\"https:\\\/\\\/www.facebook.com\\\/Nachofdezber\",\"https:\\\/\\\/x.com\\\/NabercoDigital\",\"https:\\\/\\\/www.instagram.com\\\/nachofdezber\\\/\",\"https:\\\/\\\/www.youtube.com\\\/channel\\\/UCZP-2wLEB9Rv6erhFmqVnvg\"],\"address\":{\"@id\":\"https:\\\/\\\/candas365.es\\\/noticias\\\/#postaladdress\",\"@type\":\"PostalAddress\",\"streetAddress\":\"san antonio 4, san antonio 4\",\"postalCode\":\"33430\",\"addressLocality\":\"Cand\\u00e1s\",\"addressRegion\":\"Asturias\",\"addressCountry\":\"ES\"}},{\"@type\":\"Person\",\"@id\":\"https:\\\/\\\/candas365.es\\\/noticias\\\/author\\\/admin\\\/#author\",\"url\":\"https:\\\/\\\/candas365.es\\\/noticias\\\/author\\\/admin\\\/\",\"name\":\"Cand\\u00e1s 365\",\"image\":{\"@type\":\"ImageObject\",\"@id\":\"https:\\\/\\\/candas365.es\\\/noticias\\\/sonia-zapatero-de-los-gorilas-de-candas-premiada-por-la-federacion-asturiana\\\/#authorImage\",\"url\":\"https:\\\/\\\/secure.gravatar.com\\\/avatar\\\/496a8e03d0c493ede1718b7934145dbdf8d89be1036b0eec9544e1094c9de390?s=96&d=mm&r=g\",\"width\":96,\"height\":96,\"caption\":\"Cand\\u00e1s 365\"},\"sameAs\":[\"https:\\\/\\\/www.facebook.com\\\/carrenoactualidad\",\"https:\\\/\\\/twitter.com\\\/nbasturias\",\"https:\\\/\\\/www.instagram.com\\\/nachofdezber\\\/\",\"https:\\\/\\\/www.youtube.com\\\/channel\\\/UCZP-2wLEB9Rv6erhFmqVnvg\"]},{\"@type\":\"WebPage\",\"@id\":\"https:\\\/\\\/candas365.es\\\/noticias\\\/sonia-zapatero-de-los-gorilas-de-candas-premiada-por-la-federacion-asturiana\\\/#webpage\",\"url\":\"https:\\\/\\\/candas365.es\\\/noticias\\\/sonia-zapatero-de-los-gorilas-de-candas-premiada-por-la-federacion-asturiana\\\/\",\"name\":\"Sonia Zapatero de los Gorilas de Cand\\u00e1s premiada por la Federaci\\u00f3n Asturiana | Cand\\u00e1s 365\",\"description\":\"La Federaci\\u00f3n de Pirag\\u00fcismo del Principado ha distinguido a los palistas internacionales Javier Hernanz, Javier Caba\\u00f1\\u00edn y Miriam Vega entre los premiados con los galardones correspondientes a la temporada 2014, cuyo acto de entrega tendr\\u00e1 lugar el 15 de noviembre en la Gala regional. El premio a mejor kayakista masculino s\\u00e9nior ha reca\\u00eddo en Javier\",\"inLanguage\":\"es-ES\",\"isPartOf\":{\"@id\":\"https:\\\/\\\/candas365.es\\\/noticias\\\/#website\"},\"breadcrumb\":{\"@id\":\"https:\\\/\\\/candas365.es\\\/noticias\\\/sonia-zapatero-de-los-gorilas-de-candas-premiada-por-la-federacion-asturiana\\\/#breadcrumblist\"},\"author\":{\"@id\":\"https:\\\/\\\/candas365.es\\\/noticias\\\/author\\\/admin\\\/#author\"},\"creator\":{\"@id\":\"https:\\\/\\\/candas365.es\\\/noticias\\\/author\\\/admin\\\/#author\"},\"image\":{\"@type\":\"ImageObject\",\"url\":\"https:\\\/\\\/candas365.es\\\/noticias\\\/wp-content\\\/uploads\\\/2014\\\/10\\\/trasona.jpg\",\"@id\":\"https:\\\/\\\/candas365.es\\\/noticias\\\/sonia-zapatero-de-los-gorilas-de-candas-premiada-por-la-federacion-asturiana\\\/#mainImage\",\"width\":390,\"height\":244},\"primaryImageOfPage\":{\"@id\":\"https:\\\/\\\/candas365.es\\\/noticias\\\/sonia-zapatero-de-los-gorilas-de-candas-premiada-por-la-federacion-asturiana\\\/#mainImage\"},\"datePublished\":\"2014-10-21T07:52:41+02:00\",\"dateModified\":\"2014-10-21T07:53:21+02:00\"},{\"@type\":\"WebSite\",\"@id\":\"https:\\\/\\\/candas365.es\\\/noticias\\\/#website\",\"url\":\"https:\\\/\\\/candas365.es\\\/noticias\\\/\",\"name\":\"Cand\\u00e1s 365\",\"alternateName\":\"Cand\\u00e1s 365 Noticias\",\"description\":\"Actualidad desde Carre\\u00f1o para el mundo\",\"inLanguage\":\"es-ES\",\"publisher\":{\"@id\":\"https:\\\/\\\/candas365.es\\\/noticias\\\/#organization\"}}]}\n\t\t<\/script>\n\t\t<!-- All in One SEO Pro -->\r\n\t\t<title>Sonia Zapatero de los Gorilas de Cand\u00e1s premiada por la Federaci\u00f3n Asturiana | Cand\u00e1s 365<\/title>\n\n","aioseo_head_json":{"title":"Sonia Zapatero de los Gorilas de Cand\u00e1s premiada por la Federaci\u00f3n Asturiana | Cand\u00e1s 365","description":"La Federaci\u00f3n de Pirag\u00fcismo del Principado ha distinguido a los palistas internacionales Javier Hernanz, Javier Caba\u00f1\u00edn y Miriam Vega entre los premiados con los galardones correspondientes a la temporada 2014, cuyo acto de entrega tendr\u00e1 lugar el 15 de noviembre en la Gala regional. El premio a mejor kayakista masculino s\u00e9nior ha reca\u00eddo en Javier","canonical_url":"https:\/\/candas365.es\/noticias\/sonia-zapatero-de-los-gorilas-de-candas-premiada-por-la-federacion-asturiana\/","robots":"max-image-preview:large","keywords":"actualidad","webmasterTools":{"google-site-verification":"UA-32230408-1","msvalidate.01":"354F3CDFB2DA171B47FBE9ABF1F88D5","miscellaneous":""},"schema":{"@context":"https:\/\/schema.org","@graph":[{"@type":"BreadcrumbList","@id":"https:\/\/candas365.es\/noticias\/sonia-zapatero-de-los-gorilas-de-candas-premiada-por-la-federacion-asturiana\/#breadcrumblist","itemListElement":[{"@type":"ListItem","@id":"https:\/\/candas365.es\/noticias#listItem","position":1,"name":"Home","item":"https:\/\/candas365.es\/noticias","nextItem":{"@type":"ListItem","@id":"https:\/\/candas365.es\/noticias\/category\/actualidad\/#listItem","name":"Actualidad"}},{"@type":"ListItem","@id":"https:\/\/candas365.es\/noticias\/category\/actualidad\/#listItem","position":2,"name":"Actualidad","item":"https:\/\/candas365.es\/noticias\/category\/actualidad\/","nextItem":{"@type":"ListItem","@id":"https:\/\/candas365.es\/noticias\/sonia-zapatero-de-los-gorilas-de-candas-premiada-por-la-federacion-asturiana\/#listItem","name":"Sonia Zapatero de los Gorilas de Cand\u00e1s premiada por la Federaci\u00f3n Asturiana"},"previousItem":{"@type":"ListItem","@id":"https:\/\/candas365.es\/noticias#listItem","name":"Home"}},{"@type":"ListItem","@id":"https:\/\/candas365.es\/noticias\/sonia-zapatero-de-los-gorilas-de-candas-premiada-por-la-federacion-asturiana\/#listItem","position":3,"name":"Sonia Zapatero de los Gorilas de Cand\u00e1s premiada por la Federaci\u00f3n Asturiana","previousItem":{"@type":"ListItem","@id":"https:\/\/candas365.es\/noticias\/category\/actualidad\/#listItem","name":"Actualidad"}}]},{"@type":"NewsArticle","@id":"https:\/\/candas365.es\/noticias\/sonia-zapatero-de-los-gorilas-de-candas-premiada-por-la-federacion-asturiana\/#newsarticle","name":"Sonia Zapatero de los Gorilas de Cand\u00e1s premiada por la Federaci\u00f3n Asturiana | Cand\u00e1s 365","headline":"Sonia Zapatero de los Gorilas de Cand\u00e1s premiada por la Federaci\u00f3n Asturiana","author":{"@id":"https:\/\/candas365.es\/noticias\/author\/admin\/#author"},"publisher":{"@id":"https:\/\/candas365.es\/noticias\/#organization"},"image":{"@type":"ImageObject","url":"https:\/\/candas365.es\/noticias\/wp-content\/uploads\/2014\/10\/trasona.jpg","width":390,"height":244},"datePublished":"2014-10-21T07:52:41+02:00","dateModified":"2014-10-21T07:53:21+02:00","inLanguage":"es-ES","mainEntityOfPage":{"@id":"https:\/\/candas365.es\/noticias\/sonia-zapatero-de-los-gorilas-de-candas-premiada-por-la-federacion-asturiana\/#webpage"},"isPartOf":{"@id":"https:\/\/candas365.es\/noticias\/sonia-zapatero-de-los-gorilas-de-candas-premiada-por-la-federacion-asturiana\/#webpage"},"articleSection":"Actualidad","dateline":"Publicado el octubre 21, 2014."},{"@type":"Organization","@id":"https:\/\/candas365.es\/noticias\/#organization","name":"Cand\u00e1s 365","description":"Cand\u00e1s 365 es un diario digital independiente, fundado en 2012, con base en Asturias. Informamos con rigor sobre actualidad, sociedad, cultura y ocio, con una mirada local y global.","url":"https:\/\/candas365.es\/noticias\/","email":"info@candas365.es","telephone":"+34652131393","foundingDate":"2012-06-10","logo":{"@type":"ImageObject","url":"https:\/\/candas365.es\/noticias\/wp-content\/uploads\/2024\/09\/Candas-365-Redes.jpg","@id":"https:\/\/candas365.es\/noticias\/sonia-zapatero-de-los-gorilas-de-candas-premiada-por-la-federacion-asturiana\/#organizationLogo","width":1152,"height":864,"caption":"Cand\u00e1s 365 Redes"},"image":{"@id":"https:\/\/candas365.es\/noticias\/sonia-zapatero-de-los-gorilas-de-candas-premiada-por-la-federacion-asturiana\/#organizationLogo"},"sameAs":["https:\/\/www.facebook.com\/Nachofdezber","https:\/\/x.com\/NabercoDigital","https:\/\/www.instagram.com\/nachofdezber\/","https:\/\/www.youtube.com\/channel\/UCZP-2wLEB9Rv6erhFmqVnvg"],"address":{"@id":"https:\/\/candas365.es\/noticias\/#postaladdress","@type":"PostalAddress","streetAddress":"san antonio 4, san antonio 4","postalCode":"33430","addressLocality":"Cand\u00e1s","addressRegion":"Asturias","addressCountry":"ES"}},{"@type":"Person","@id":"https:\/\/candas365.es\/noticias\/author\/admin\/#author","url":"https:\/\/candas365.es\/noticias\/author\/admin\/","name":"Cand\u00e1s 365","image":{"@type":"ImageObject","@id":"https:\/\/candas365.es\/noticias\/sonia-zapatero-de-los-gorilas-de-candas-premiada-por-la-federacion-asturiana\/#authorImage","url":"https:\/\/secure.gravatar.com\/avatar\/496a8e03d0c493ede1718b7934145dbdf8d89be1036b0eec9544e1094c9de390?s=96&d=mm&r=g","width":96,"height":96,"caption":"Cand\u00e1s 365"},"sameAs":["https:\/\/www.facebook.com\/carrenoactualidad","https:\/\/twitter.com\/nbasturias","https:\/\/www.instagram.com\/nachofdezber\/","https:\/\/www.youtube.com\/channel\/UCZP-2wLEB9Rv6erhFmqVnvg"]},{"@type":"WebPage","@id":"https:\/\/candas365.es\/noticias\/sonia-zapatero-de-los-gorilas-de-candas-premiada-por-la-federacion-asturiana\/#webpage","url":"https:\/\/candas365.es\/noticias\/sonia-zapatero-de-los-gorilas-de-candas-premiada-por-la-federacion-asturiana\/","name":"Sonia Zapatero de los Gorilas de Cand\u00e1s premiada por la Federaci\u00f3n Asturiana | Cand\u00e1s 365","description":"La Federaci\u00f3n de Pirag\u00fcismo del Principado ha distinguido a los palistas internacionales Javier Hernanz, Javier Caba\u00f1\u00edn y Miriam Vega entre los premiados con los galardones correspondientes a la temporada 2014, cuyo acto de entrega tendr\u00e1 lugar el 15 de noviembre en la Gala regional. El premio a mejor kayakista masculino s\u00e9nior ha reca\u00eddo en Javier","inLanguage":"es-ES","isPartOf":{"@id":"https:\/\/candas365.es\/noticias\/#website"},"breadcrumb":{"@id":"https:\/\/candas365.es\/noticias\/sonia-zapatero-de-los-gorilas-de-candas-premiada-por-la-federacion-asturiana\/#breadcrumblist"},"author":{"@id":"https:\/\/candas365.es\/noticias\/author\/admin\/#author"},"creator":{"@id":"https:\/\/candas365.es\/noticias\/author\/admin\/#author"},"image":{"@type":"ImageObject","url":"https:\/\/candas365.es\/noticias\/wp-content\/uploads\/2014\/10\/trasona.jpg","@id":"https:\/\/candas365.es\/noticias\/sonia-zapatero-de-los-gorilas-de-candas-premiada-por-la-federacion-asturiana\/#mainImage","width":390,"height":244},"primaryImageOfPage":{"@id":"https:\/\/candas365.es\/noticias\/sonia-zapatero-de-los-gorilas-de-candas-premiada-por-la-federacion-asturiana\/#mainImage"},"datePublished":"2014-10-21T07:52:41+02:00","dateModified":"2014-10-21T07:53:21+02:00"},{"@type":"WebSite","@id":"https:\/\/candas365.es\/noticias\/#website","url":"https:\/\/candas365.es\/noticias\/","name":"Cand\u00e1s 365","alternateName":"Cand\u00e1s 365 Noticias","description":"Actualidad desde Carre\u00f1o para el mundo","inLanguage":"es-ES","publisher":{"@id":"https:\/\/candas365.es\/noticias\/#organization"}}]},"og:locale":"es_ES","og:site_name":"Cand\u00e1s 365","og:type":"article","og:title":"Sonia Zapatero de los Gorilas de Cand\u00e1s premiada por la Federaci\u00f3n Asturiana | Cand\u00e1s 365","og:description":"La Federaci\u00f3n de Pirag\u00fcismo del Principado ha distinguido a los palistas internacionales Javier Hernanz, Javier Caba\u00f1\u00edn y Miriam Vega entre los premiados con los galardones correspondientes a la temporada 2014, cuyo acto de entrega tendr\u00e1 lugar el 15 de noviembre en la Gala regional. El premio a mejor kayakista masculino s\u00e9nior ha reca\u00eddo en Javier","og:url":"https:\/\/candas365.es\/noticias\/sonia-zapatero-de-los-gorilas-de-candas-premiada-por-la-federacion-asturiana\/","og:image":"https:\/\/candas365.es\/noticias\/wp-content\/uploads\/2014\/10\/trasona.jpg","og:image:secure_url":"https:\/\/candas365.es\/noticias\/wp-content\/uploads\/2014\/10\/trasona.jpg","og:image:width":390,"og:image:height":244,"article:published_time":"2014-10-21T09:52:41+00:00","article:modified_time":"2014-10-21T09:53:21+00:00","article:publisher":"https:\/\/www.facebook.com\/Nachofdezber","article:author":"https:\/\/www.facebook.com\/carrenoactualidad","twitter:card":"summary_large_image","twitter:site":"@NabercoDigital","twitter:title":"Sonia Zapatero de los Gorilas de Cand\u00e1s premiada por la Federaci\u00f3n Asturiana | Cand\u00e1s 365","twitter:description":"La Federaci\u00f3n de Pirag\u00fcismo del Principado ha distinguido a los palistas internacionales Javier Hernanz, Javier Caba\u00f1\u00edn y Miriam Vega entre los premiados con los galardones correspondientes a la temporada 2014, cuyo acto de entrega tendr\u00e1 lugar el 15 de noviembre en la Gala regional. El premio a mejor kayakista masculino s\u00e9nior ha reca\u00eddo en Javier","twitter:creator":"@nbasturias","twitter:image":"https:\/\/candas365.es\/noticias\/wp-content\/uploads\/2014\/10\/trasona.jpg","twitter:label1":"Escrito por","twitter:data1":"Cand\u00e1s 365","twitter:label2":"Tiempo de lectura estimado","twitter:data2":"1 minuto"},"aioseo_meta_data":{"post_id":"3933","title":null,"description":null,"keywords":null,"keyphrases":null,"primary_term":null,"canonical_url":null,"og_title":null,"og_description":null,"og_object_type":"default","og_image_type":"default","og_image_url":null,"og_image_width":null,"og_image_height":null,"og_image_custom_url":null,"og_image_custom_fields":null,"og_video":null,"og_custom_url":null,"og_article_section":null,"og_article_tags":null,"twitter_use_og":false,"twitter_card":"default","twitter_image_type":"default","twitter_image_url":null,"twitter_image_custom_url":null,"twitter_image_custom_fields":null,"twitter_title":null,"twitter_description":null,"schema":{"blockGraphs":[],"customGraphs":[],"default":{"data":{"Article":[],"Course":[],"Dataset":[],"FAQPage":[],"Movie":[],"Person":[],"Product":[],"ProductReview":[],"Car":[],"Recipe":[],"Service":[],"SoftwareApplication":[],"WebPage":[]},"graphName":"","isEnabled":true},"graphs":[],"defaultGraph":"","defaultPostTypeGraph":""},"schema_type":null,"schema_type_options":null,"pillar_content":false,"robots_default":true,"robots_noindex":false,"robots_noarchive":false,"robots_nosnippet":false,"robots_nofollow":false,"robots_noimageindex":false,"robots_noodp":false,"robots_notranslate":false,"robots_max_snippet":null,"robots_max_videopreview":null,"robots_max_imagepreview":"large","priority":null,"frequency":null,"location":null,"local_seo":null,"seo_analyzer_scan_date":"2025-08-23 00:53:12","breadcrumb_settings":null,"limit_modified_date":false,"reviewed_by":null,"open_ai":null,"ai":null,"created":"2020-12-21 10:46:57","updated":"2025-08-23 00:53:12"},"aioseo_breadcrumb":"<div class=\"aioseo-breadcrumbs\"><span class=\"aioseo-breadcrumb\">\n\t<a href=\"https:\/\/candas365.es\/noticias\" title=\"Home\">Home<\/a>\n<\/span><span class=\"aioseo-breadcrumb-separator\">&ndash;<\/span><span class=\"aioseo-breadcrumb\">\n\t<a href=\"https:\/\/candas365.es\/noticias\/category\/actualidad\/\" title=\"Actualidad\">Actualidad<\/a>\n<\/span><span class=\"aioseo-breadcrumb-separator\">&ndash;<\/span><span class=\"aioseo-breadcrumb\">\n\tSonia Zapatero de los Gorilas de Cand\u00e1s premiada por la Federaci\u00f3n Asturiana\n<\/span><\/div>","aioseo_breadcrumb_json":[{"label":"Home","link":"https:\/\/candas365.es\/noticias"},{"label":"Actualidad","link":"https:\/\/candas365.es\/noticias\/category\/actualidad\/"},{"label":"Sonia Zapatero de los Gorilas de Cand\u00e1s premiada por la Federaci\u00f3n Asturiana","link":"https:\/\/candas365.es\/noticias\/sonia-zapatero-de-los-gorilas-de-candas-premiada-por-la-federacion-asturiana\/"}],"_links":{"self":[{"href":"https:\/\/candas365.es\/noticias\/wp-json\/wp\/v2\/posts\/3933","targetHints":{"allow":["GET"]}}],"collection":[{"href":"https:\/\/candas365.es\/noticias\/wp-json\/wp\/v2\/posts"}],"about":[{"href":"https:\/\/candas365.es\/noticias\/wp-json\/wp\/v2\/types\/post"}],"author":[{"embeddable":true,"href":"https:\/\/candas365.es\/noticias\/wp-json\/wp\/v2\/users\/1"}],"replies":[{"embeddable":true,"href":"https:\/\/candas365.es\/noticias\/wp-json\/wp\/v2\/comments?post=3933"}],"version-history":[{"count":0,"href":"https:\/\/candas365.es\/noticias\/wp-json\/wp\/v2\/posts\/3933\/revisions"}],"wp:featuredmedia":[{"embeddable":true,"href":"https:\/\/candas365.es\/noticias\/wp-json\/wp\/v2\/media\/3934"}],"wp:attachment":[{"href":"https:\/\/candas365.es\/noticias\/wp-json\/wp\/v2\/media?parent=3933"}],"wp:term":[{"taxonomy":"category","embeddable":true,"href":"https:\/\/candas365.es\/noticias\/wp-json\/wp\/v2\/categories?post=3933"},{"taxonomy":"post_tag","embeddable":true,"href":"https:\/\/candas365.es\/noticias\/wp-json\/wp\/v2\/tags?post=3933"}],"curies":[{"name":"wp","href":"https:\/\/api.w.org\/{rel}","templated":true}]}}