{"id":3931,"date":"2014-10-20T19:45:55","date_gmt":"2014-10-20T21:45:55","guid":{"rendered":"http:\/\/candas365.es\/noticias\/?p=3931"},"modified":"2014-10-20T19:45:55","modified_gmt":"2014-10-20T21:45:55","slug":"vecinos-de-poniente-piden-al-ayuntamiento-que-retire-la-licencia-a-tierra-astur","status":"publish","type":"post","link":"https:\/\/candas365.es\/noticias\/vecinos-de-poniente-piden-al-ayuntamiento-que-retire-la-licencia-a-tierra-astur\/","title":{"rendered":"Vecinos de Poniente piden al Ayuntamiento que retire la licencia a Tierra Astur"},"content":{"rendered":"<p><img fetchpriority=\"high\" decoding=\"async\" class=\"alignleft size-medium wp-image-355\" src=\"https:\/\/candas365.es\/noticias\/wp-content\/uploads\/2014\/09\/gijon2-360x270.jpg\" alt=\"gijon2\" width=\"360\" height=\"270\" \/>(EUROPA PRESS) La comunidad de propietarios del edificio &#8216;Gaviota&#8217; de Poniente ha aprobado presentar un contencioso-administrativo contra el Ayuntamiento de Gij\u00f3n por conceder la licencia de apertura al nuevo local que Tierra Astur quiere instalar en sus bajos, cerca del ya existente, al tiempo que interpondr\u00e1 una demanda civil contra la empresa, a la que acusan de querer dar un uso que va en contra de los Estatutos del inmueble. \u00abPuede ser otro caso Forum Sport\u00bb, ha advertido uno de los vecinos, que pide al Consistorio que retire la licencia concedida.<\/p>\n<p>As\u00ed lo ha indicado respecto a la sentencia que oblig\u00f3 al Ayuntamiento a abonar 609.000 euros de indemnizaci\u00f3n por el retraso de la licencia de apertura a la que ten\u00eda derecho de su tienda en Porceyo. Los vecinos se\u00f1alan que si se deja seguir adelante a la empresa y los tribunales al final les dan la raz\u00f3n, es m\u00e1s que posible que pueda presentar una reclamaci\u00f3n patrimonial como hizo en su d\u00eda Forum.<\/p>\n<p>Asimismo, este ha explicado, en declaraciones a Europa Press, que la licencia que ha obtenido es para cafe-teatro, lo que le permite abrir hasta las 6.00 horas. Y es que en los permisos municipales no est\u00e1 contemplada la figura de pub, sino que o se escoge la de caf\u00e9-teatro o la de m\u00fasica amplificada, en funci\u00f3n de hasta qu\u00e9 hora lo se quiere tener abierto. Adem\u00e1s, en el primer caso, se regula la distancia m\u00ednima a la que podr\u00eda abrirse otro local con igual licencia.<\/p>\n<p>Los vecinos tambi\u00e9n han asegurado que en el proyecto que present\u00f3 Tierra Astur viene que se quieren hacer conciertos y espichas, por lo que temen las molestias que eso pueda ocasionar. Seg\u00fan ellos, este verano ya tuvieron que \u00absoportar\u00bb 30 d\u00edas de conciertos, teniendo en cuenta diferentes eventos que han tenido lugar.<\/p>\n<p>En cuanto al Ayuntamiento, ha recalcado que los t\u00e9cnicos municipales para conceder la licencia se han atenido a la normativa que regula el Peri de Poniente, en el que se permite construir bajos con un m\u00ednimo de 2,5 metros de altura, cuando la norma general en la ciudad es de tres metros, sin fijarse en los usos. Es aqu\u00ed donde los vecinos aseguran que al no hacerse referencia en el Peri de Poniente a los usos posibles, deber\u00eda tenerse en cuenta lo que estipula el Plan General de Ordenaci\u00f3n (PGO), que habla de los tres metros.<\/p>\n<p>Con base a ello, la comunidad de propietarios present\u00f3 el pasado 16 de octubre un recurso de reposici\u00f3n ante el Ayuntamiento, por lo que recuerdan que este a\u00fan puede \u00abrecular\u00bb y \u00abechar atr\u00e1s\u00bb la licencia, que debe pasar ahora por el jefe de Urbanismo. Paralelo al recurso, otros vecinos de la zona hicieron lo mismo a nivel particular.<\/p>\n<p>Seg\u00fan estos, en los Estatutos del edificio se proh\u00edbe poner en los bajos un pub o discoteca, a lo que a\u00f1aden que debe sobreentenderse que tampoco de caf\u00e9-teatro, que es la licencia que da el Ayuntamiento para ese tipo de negocios.<\/p>\n","protected":false},"excerpt":{"rendered":"<p>(EUROPA PRESS) La comunidad de propietarios del edificio &#8216;Gaviota&#8217; de Poniente ha aprobado presentar un contencioso-administrativo contra el Ayuntamiento de Gij\u00f3n por conceder la licencia de apertura al nuevo local que Tierra Astur quiere instalar en sus bajos, cerca del ya existente, al tiempo que interpondr\u00e1 una demanda civil contra la empresa, a la que<\/p>\n","protected":false},"author":1,"featured_media":0,"comment_status":"closed","ping_status":"closed","sticky":false,"template":"","format":"standard","meta":{"footnotes":""},"categories":[7],"tags":[],"class_list":{"0":"post-3931","1":"post","2":"type-post","3":"status-publish","4":"format-standard","6":"category-asturias"},"aioseo_notices":[],"aioseo_head":"\n\t\t<!-- All in One SEO Pro 4.9.6.2 - aioseo.com -->\n\t<meta name=\"description\" content=\"(EUROPA PRESS) La comunidad de propietarios del edificio &#039;Gaviota&#039; de Poniente ha aprobado presentar un contencioso-administrativo contra el Ayuntamiento de Gij\u00f3n por conceder la licencia de apertura al nuevo local que Tierra Astur quiere instalar en sus bajos, cerca del ya existente, al tiempo que interpondr\u00e1 una demanda civil contra la empresa, a la que\" \/>\n\t<meta name=\"robots\" content=\"max-image-preview:large\" \/>\n\t<meta name=\"author\" content=\"Cand\u00e1s 365\"\/>\n\t<meta name=\"google-site-verification\" content=\"UA-32230408-1\" \/>\n\t<meta name=\"msvalidate.01\" content=\"354F3CDFB2DA171B47FBE9ABF1F88D5\" \/>\n\t<meta name=\"keywords\" content=\"asturias\" \/>\n\t<link rel=\"canonical\" href=\"https:\/\/candas365.es\/noticias\/vecinos-de-poniente-piden-al-ayuntamiento-que-retire-la-licencia-a-tierra-astur\/\" \/>\n\t<meta name=\"generator\" content=\"All in One SEO Pro (AIOSEO) 4.9.6.2\" \/>\n\t\t<meta property=\"og:locale\" content=\"es_ES\" \/>\n\t\t<meta property=\"og:site_name\" content=\"Cand\u00e1s 365\" \/>\n\t\t<meta property=\"og:type\" content=\"article\" \/>\n\t\t<meta property=\"og:title\" content=\"Vecinos de Poniente piden al Ayuntamiento que retire la licencia a Tierra Astur | Cand\u00e1s 365\" \/>\n\t\t<meta property=\"og:description\" content=\"(EUROPA PRESS) La comunidad de propietarios del edificio &#039;Gaviota&#039; de Poniente ha aprobado presentar un contencioso-administrativo contra el Ayuntamiento de Gij\u00f3n por conceder la licencia de apertura al nuevo local que Tierra Astur quiere instalar en sus bajos, cerca del ya existente, al tiempo que interpondr\u00e1 una demanda civil contra la empresa, a la que\" \/>\n\t\t<meta property=\"og:url\" content=\"https:\/\/candas365.es\/noticias\/vecinos-de-poniente-piden-al-ayuntamiento-que-retire-la-licencia-a-tierra-astur\/\" \/>\n\t\t<meta property=\"og:image\" content=\"https:\/\/candas365.es\/noticias\/wp-content\/uploads\/2024\/09\/Candas-365-Redes.jpg\" \/>\n\t\t<meta property=\"og:image:secure_url\" content=\"https:\/\/candas365.es\/noticias\/wp-content\/uploads\/2024\/09\/Candas-365-Redes.jpg\" \/>\n\t\t<meta property=\"og:image:width\" content=\"1152\" \/>\n\t\t<meta property=\"og:image:height\" content=\"864\" \/>\n\t\t<meta property=\"article:published_time\" content=\"2014-10-20T21:45:55+00:00\" \/>\n\t\t<meta property=\"article:modified_time\" content=\"2014-10-20T21:45:55+00:00\" \/>\n\t\t<meta property=\"article:publisher\" content=\"https:\/\/www.facebook.com\/Nachofdezber\" \/>\n\t\t<meta property=\"article:author\" content=\"https:\/\/www.facebook.com\/carrenoactualidad\" \/>\n\t\t<meta name=\"twitter:card\" content=\"summary_large_image\" \/>\n\t\t<meta name=\"twitter:site\" content=\"@NabercoDigital\" \/>\n\t\t<meta name=\"twitter:title\" content=\"Vecinos de Poniente piden al Ayuntamiento que retire la licencia a Tierra Astur | Cand\u00e1s 365\" \/>\n\t\t<meta name=\"twitter:description\" content=\"(EUROPA PRESS) La comunidad de propietarios del edificio &#039;Gaviota&#039; de Poniente ha aprobado presentar un contencioso-administrativo contra el Ayuntamiento de Gij\u00f3n por conceder la licencia de apertura al nuevo local que Tierra Astur quiere instalar en sus bajos, cerca del ya existente, al tiempo que interpondr\u00e1 una demanda civil contra la empresa, a la que\" \/>\n\t\t<meta name=\"twitter:creator\" content=\"@nbasturias\" \/>\n\t\t<meta name=\"twitter:image\" content=\"https:\/\/candas365.es\/noticias\/wp-content\/uploads\/2024\/09\/Candas-365-Redes.jpg\" \/>\n\t\t<meta name=\"twitter:label1\" content=\"Escrito por\" \/>\n\t\t<meta name=\"twitter:data1\" content=\"Cand\u00e1s 365\" \/>\n\t\t<meta name=\"twitter:label2\" content=\"Tiempo de lectura estimado\" \/>\n\t\t<meta name=\"twitter:data2\" content=\"3 minutos\" \/>\n\t\t<script type=\"application\/ld+json\" class=\"aioseo-schema\">\n\t\t\t{\"@context\":\"https:\\\/\\\/schema.org\",\"@graph\":[{\"@type\":\"BreadcrumbList\",\"@id\":\"https:\\\/\\\/candas365.es\\\/noticias\\\/vecinos-de-poniente-piden-al-ayuntamiento-que-retire-la-licencia-a-tierra-astur\\\/#breadcrumblist\",\"itemListElement\":[{\"@type\":\"ListItem\",\"@id\":\"https:\\\/\\\/candas365.es\\\/noticias#listItem\",\"position\":1,\"name\":\"Home\",\"item\":\"https:\\\/\\\/candas365.es\\\/noticias\",\"nextItem\":{\"@type\":\"ListItem\",\"@id\":\"https:\\\/\\\/candas365.es\\\/noticias\\\/category\\\/asturias\\\/#listItem\",\"name\":\"Asturias\"}},{\"@type\":\"ListItem\",\"@id\":\"https:\\\/\\\/candas365.es\\\/noticias\\\/category\\\/asturias\\\/#listItem\",\"position\":2,\"name\":\"Asturias\",\"item\":\"https:\\\/\\\/candas365.es\\\/noticias\\\/category\\\/asturias\\\/\",\"nextItem\":{\"@type\":\"ListItem\",\"@id\":\"https:\\\/\\\/candas365.es\\\/noticias\\\/vecinos-de-poniente-piden-al-ayuntamiento-que-retire-la-licencia-a-tierra-astur\\\/#listItem\",\"name\":\"Vecinos de Poniente piden al Ayuntamiento que retire la licencia a Tierra Astur\"},\"previousItem\":{\"@type\":\"ListItem\",\"@id\":\"https:\\\/\\\/candas365.es\\\/noticias#listItem\",\"name\":\"Home\"}},{\"@type\":\"ListItem\",\"@id\":\"https:\\\/\\\/candas365.es\\\/noticias\\\/vecinos-de-poniente-piden-al-ayuntamiento-que-retire-la-licencia-a-tierra-astur\\\/#listItem\",\"position\":3,\"name\":\"Vecinos de Poniente piden al Ayuntamiento que retire la licencia a Tierra Astur\",\"previousItem\":{\"@type\":\"ListItem\",\"@id\":\"https:\\\/\\\/candas365.es\\\/noticias\\\/category\\\/asturias\\\/#listItem\",\"name\":\"Asturias\"}}]},{\"@type\":\"NewsArticle\",\"@id\":\"https:\\\/\\\/candas365.es\\\/noticias\\\/vecinos-de-poniente-piden-al-ayuntamiento-que-retire-la-licencia-a-tierra-astur\\\/#newsarticle\",\"name\":\"Vecinos de Poniente piden al Ayuntamiento que retire la licencia a Tierra Astur | Cand\\u00e1s 365\",\"headline\":\"Vecinos de Poniente piden al Ayuntamiento que retire la licencia a Tierra Astur\",\"author\":{\"@id\":\"https:\\\/\\\/candas365.es\\\/noticias\\\/author\\\/admin\\\/#author\"},\"publisher\":{\"@id\":\"https:\\\/\\\/candas365.es\\\/noticias\\\/#organization\"},\"image\":{\"@type\":\"ImageObject\",\"url\":\"http:\\\/\\\/candas365.es\\\/noticias\\\/wp-content\\\/uploads\\\/2014\\\/09\\\/gijon2-360x270.jpg\",\"@id\":\"https:\\\/\\\/candas365.es\\\/noticias\\\/vecinos-de-poniente-piden-al-ayuntamiento-que-retire-la-licencia-a-tierra-astur\\\/#articleImage\"},\"datePublished\":\"2014-10-20T19:45:55+02:00\",\"dateModified\":\"2014-10-20T19:45:55+02:00\",\"inLanguage\":\"es-ES\",\"mainEntityOfPage\":{\"@id\":\"https:\\\/\\\/candas365.es\\\/noticias\\\/vecinos-de-poniente-piden-al-ayuntamiento-que-retire-la-licencia-a-tierra-astur\\\/#webpage\"},\"isPartOf\":{\"@id\":\"https:\\\/\\\/candas365.es\\\/noticias\\\/vecinos-de-poniente-piden-al-ayuntamiento-que-retire-la-licencia-a-tierra-astur\\\/#webpage\"},\"articleSection\":\"Asturias\",\"dateline\":\"Publicado el octubre 20, 2014.\"},{\"@type\":\"Organization\",\"@id\":\"https:\\\/\\\/candas365.es\\\/noticias\\\/#organization\",\"name\":\"Cand\\u00e1s 365\",\"description\":\"Cand\\u00e1s 365 es un diario digital independiente, fundado en 2012, con base en Asturias. Informamos con rigor sobre actualidad, sociedad, cultura y ocio, con una mirada local y global.\",\"url\":\"https:\\\/\\\/candas365.es\\\/noticias\\\/\",\"email\":\"info@candas365.es\",\"telephone\":\"+34652131393\",\"foundingDate\":\"2012-06-10\",\"logo\":{\"@type\":\"ImageObject\",\"url\":\"https:\\\/\\\/candas365.es\\\/noticias\\\/wp-content\\\/uploads\\\/2024\\\/09\\\/Candas-365-Redes.jpg\",\"@id\":\"https:\\\/\\\/candas365.es\\\/noticias\\\/vecinos-de-poniente-piden-al-ayuntamiento-que-retire-la-licencia-a-tierra-astur\\\/#organizationLogo\",\"width\":1152,\"height\":864,\"caption\":\"Cand\\u00e1s 365 Redes\"},\"image\":{\"@id\":\"https:\\\/\\\/candas365.es\\\/noticias\\\/vecinos-de-poniente-piden-al-ayuntamiento-que-retire-la-licencia-a-tierra-astur\\\/#organizationLogo\"},\"sameAs\":[\"https:\\\/\\\/www.facebook.com\\\/Nachofdezber\",\"https:\\\/\\\/x.com\\\/NabercoDigital\",\"https:\\\/\\\/www.instagram.com\\\/nachofdezber\\\/\",\"https:\\\/\\\/www.youtube.com\\\/channel\\\/UCZP-2wLEB9Rv6erhFmqVnvg\"],\"address\":{\"@id\":\"https:\\\/\\\/candas365.es\\\/noticias\\\/#postaladdress\",\"@type\":\"PostalAddress\",\"streetAddress\":\"san antonio 4, san antonio 4\",\"postalCode\":\"33430\",\"addressLocality\":\"Cand\\u00e1s\",\"addressRegion\":\"Asturias\",\"addressCountry\":\"ES\"}},{\"@type\":\"Person\",\"@id\":\"https:\\\/\\\/candas365.es\\\/noticias\\\/author\\\/admin\\\/#author\",\"url\":\"https:\\\/\\\/candas365.es\\\/noticias\\\/author\\\/admin\\\/\",\"name\":\"Cand\\u00e1s 365\",\"image\":{\"@type\":\"ImageObject\",\"@id\":\"https:\\\/\\\/candas365.es\\\/noticias\\\/vecinos-de-poniente-piden-al-ayuntamiento-que-retire-la-licencia-a-tierra-astur\\\/#authorImage\",\"url\":\"https:\\\/\\\/secure.gravatar.com\\\/avatar\\\/496a8e03d0c493ede1718b7934145dbdf8d89be1036b0eec9544e1094c9de390?s=96&d=mm&r=g\",\"width\":96,\"height\":96,\"caption\":\"Cand\\u00e1s 365\"},\"sameAs\":[\"https:\\\/\\\/www.facebook.com\\\/carrenoactualidad\",\"https:\\\/\\\/twitter.com\\\/nbasturias\",\"https:\\\/\\\/www.instagram.com\\\/nachofdezber\\\/\",\"https:\\\/\\\/www.youtube.com\\\/channel\\\/UCZP-2wLEB9Rv6erhFmqVnvg\"]},{\"@type\":\"WebPage\",\"@id\":\"https:\\\/\\\/candas365.es\\\/noticias\\\/vecinos-de-poniente-piden-al-ayuntamiento-que-retire-la-licencia-a-tierra-astur\\\/#webpage\",\"url\":\"https:\\\/\\\/candas365.es\\\/noticias\\\/vecinos-de-poniente-piden-al-ayuntamiento-que-retire-la-licencia-a-tierra-astur\\\/\",\"name\":\"Vecinos de Poniente piden al Ayuntamiento que retire la licencia a Tierra Astur | Cand\\u00e1s 365\",\"description\":\"(EUROPA PRESS) La comunidad de propietarios del edificio 'Gaviota' de Poniente ha aprobado presentar un contencioso-administrativo contra el Ayuntamiento de Gij\\u00f3n por conceder la licencia de apertura al nuevo local que Tierra Astur quiere instalar en sus bajos, cerca del ya existente, al tiempo que interpondr\\u00e1 una demanda civil contra la empresa, a la que\",\"inLanguage\":\"es-ES\",\"isPartOf\":{\"@id\":\"https:\\\/\\\/candas365.es\\\/noticias\\\/#website\"},\"breadcrumb\":{\"@id\":\"https:\\\/\\\/candas365.es\\\/noticias\\\/vecinos-de-poniente-piden-al-ayuntamiento-que-retire-la-licencia-a-tierra-astur\\\/#breadcrumblist\"},\"author\":{\"@id\":\"https:\\\/\\\/candas365.es\\\/noticias\\\/author\\\/admin\\\/#author\"},\"creator\":{\"@id\":\"https:\\\/\\\/candas365.es\\\/noticias\\\/author\\\/admin\\\/#author\"},\"datePublished\":\"2014-10-20T19:45:55+02:00\",\"dateModified\":\"2014-10-20T19:45:55+02:00\"},{\"@type\":\"WebSite\",\"@id\":\"https:\\\/\\\/candas365.es\\\/noticias\\\/#website\",\"url\":\"https:\\\/\\\/candas365.es\\\/noticias\\\/\",\"name\":\"Cand\\u00e1s 365\",\"alternateName\":\"Cand\\u00e1s 365 Noticias\",\"description\":\"Actualidad desde Carre\\u00f1o para el mundo\",\"inLanguage\":\"es-ES\",\"publisher\":{\"@id\":\"https:\\\/\\\/candas365.es\\\/noticias\\\/#organization\"}}]}\n\t\t<\/script>\n\t\t<!-- All in One SEO Pro -->\r\n\t\t<title>Vecinos de Poniente piden al Ayuntamiento que retire la licencia a Tierra Astur | Cand\u00e1s 365<\/title>\n\n","aioseo_head_json":{"title":"Vecinos de Poniente piden al Ayuntamiento que retire la licencia a Tierra Astur | Cand\u00e1s 365","description":"(EUROPA PRESS) La comunidad de propietarios del edificio 'Gaviota' de Poniente ha aprobado presentar un contencioso-administrativo contra el Ayuntamiento de Gij\u00f3n por conceder la licencia de apertura al nuevo local que Tierra Astur quiere instalar en sus bajos, cerca del ya existente, al tiempo que interpondr\u00e1 una demanda civil contra la empresa, a la que","canonical_url":"https:\/\/candas365.es\/noticias\/vecinos-de-poniente-piden-al-ayuntamiento-que-retire-la-licencia-a-tierra-astur\/","robots":"max-image-preview:large","keywords":"asturias","webmasterTools":{"google-site-verification":"UA-32230408-1","msvalidate.01":"354F3CDFB2DA171B47FBE9ABF1F88D5","miscellaneous":""},"schema":{"@context":"https:\/\/schema.org","@graph":[{"@type":"BreadcrumbList","@id":"https:\/\/candas365.es\/noticias\/vecinos-de-poniente-piden-al-ayuntamiento-que-retire-la-licencia-a-tierra-astur\/#breadcrumblist","itemListElement":[{"@type":"ListItem","@id":"https:\/\/candas365.es\/noticias#listItem","position":1,"name":"Home","item":"https:\/\/candas365.es\/noticias","nextItem":{"@type":"ListItem","@id":"https:\/\/candas365.es\/noticias\/category\/asturias\/#listItem","name":"Asturias"}},{"@type":"ListItem","@id":"https:\/\/candas365.es\/noticias\/category\/asturias\/#listItem","position":2,"name":"Asturias","item":"https:\/\/candas365.es\/noticias\/category\/asturias\/","nextItem":{"@type":"ListItem","@id":"https:\/\/candas365.es\/noticias\/vecinos-de-poniente-piden-al-ayuntamiento-que-retire-la-licencia-a-tierra-astur\/#listItem","name":"Vecinos de Poniente piden al Ayuntamiento que retire la licencia a Tierra Astur"},"previousItem":{"@type":"ListItem","@id":"https:\/\/candas365.es\/noticias#listItem","name":"Home"}},{"@type":"ListItem","@id":"https:\/\/candas365.es\/noticias\/vecinos-de-poniente-piden-al-ayuntamiento-que-retire-la-licencia-a-tierra-astur\/#listItem","position":3,"name":"Vecinos de Poniente piden al Ayuntamiento que retire la licencia a Tierra Astur","previousItem":{"@type":"ListItem","@id":"https:\/\/candas365.es\/noticias\/category\/asturias\/#listItem","name":"Asturias"}}]},{"@type":"NewsArticle","@id":"https:\/\/candas365.es\/noticias\/vecinos-de-poniente-piden-al-ayuntamiento-que-retire-la-licencia-a-tierra-astur\/#newsarticle","name":"Vecinos de Poniente piden al Ayuntamiento que retire la licencia a Tierra Astur | Cand\u00e1s 365","headline":"Vecinos de Poniente piden al Ayuntamiento que retire la licencia a Tierra Astur","author":{"@id":"https:\/\/candas365.es\/noticias\/author\/admin\/#author"},"publisher":{"@id":"https:\/\/candas365.es\/noticias\/#organization"},"image":{"@type":"ImageObject","url":"http:\/\/candas365.es\/noticias\/wp-content\/uploads\/2014\/09\/gijon2-360x270.jpg","@id":"https:\/\/candas365.es\/noticias\/vecinos-de-poniente-piden-al-ayuntamiento-que-retire-la-licencia-a-tierra-astur\/#articleImage"},"datePublished":"2014-10-20T19:45:55+02:00","dateModified":"2014-10-20T19:45:55+02:00","inLanguage":"es-ES","mainEntityOfPage":{"@id":"https:\/\/candas365.es\/noticias\/vecinos-de-poniente-piden-al-ayuntamiento-que-retire-la-licencia-a-tierra-astur\/#webpage"},"isPartOf":{"@id":"https:\/\/candas365.es\/noticias\/vecinos-de-poniente-piden-al-ayuntamiento-que-retire-la-licencia-a-tierra-astur\/#webpage"},"articleSection":"Asturias","dateline":"Publicado el octubre 20, 2014."},{"@type":"Organization","@id":"https:\/\/candas365.es\/noticias\/#organization","name":"Cand\u00e1s 365","description":"Cand\u00e1s 365 es un diario digital independiente, fundado en 2012, con base en Asturias. Informamos con rigor sobre actualidad, sociedad, cultura y ocio, con una mirada local y global.","url":"https:\/\/candas365.es\/noticias\/","email":"info@candas365.es","telephone":"+34652131393","foundingDate":"2012-06-10","logo":{"@type":"ImageObject","url":"https:\/\/candas365.es\/noticias\/wp-content\/uploads\/2024\/09\/Candas-365-Redes.jpg","@id":"https:\/\/candas365.es\/noticias\/vecinos-de-poniente-piden-al-ayuntamiento-que-retire-la-licencia-a-tierra-astur\/#organizationLogo","width":1152,"height":864,"caption":"Cand\u00e1s 365 Redes"},"image":{"@id":"https:\/\/candas365.es\/noticias\/vecinos-de-poniente-piden-al-ayuntamiento-que-retire-la-licencia-a-tierra-astur\/#organizationLogo"},"sameAs":["https:\/\/www.facebook.com\/Nachofdezber","https:\/\/x.com\/NabercoDigital","https:\/\/www.instagram.com\/nachofdezber\/","https:\/\/www.youtube.com\/channel\/UCZP-2wLEB9Rv6erhFmqVnvg"],"address":{"@id":"https:\/\/candas365.es\/noticias\/#postaladdress","@type":"PostalAddress","streetAddress":"san antonio 4, san antonio 4","postalCode":"33430","addressLocality":"Cand\u00e1s","addressRegion":"Asturias","addressCountry":"ES"}},{"@type":"Person","@id":"https:\/\/candas365.es\/noticias\/author\/admin\/#author","url":"https:\/\/candas365.es\/noticias\/author\/admin\/","name":"Cand\u00e1s 365","image":{"@type":"ImageObject","@id":"https:\/\/candas365.es\/noticias\/vecinos-de-poniente-piden-al-ayuntamiento-que-retire-la-licencia-a-tierra-astur\/#authorImage","url":"https:\/\/secure.gravatar.com\/avatar\/496a8e03d0c493ede1718b7934145dbdf8d89be1036b0eec9544e1094c9de390?s=96&d=mm&r=g","width":96,"height":96,"caption":"Cand\u00e1s 365"},"sameAs":["https:\/\/www.facebook.com\/carrenoactualidad","https:\/\/twitter.com\/nbasturias","https:\/\/www.instagram.com\/nachofdezber\/","https:\/\/www.youtube.com\/channel\/UCZP-2wLEB9Rv6erhFmqVnvg"]},{"@type":"WebPage","@id":"https:\/\/candas365.es\/noticias\/vecinos-de-poniente-piden-al-ayuntamiento-que-retire-la-licencia-a-tierra-astur\/#webpage","url":"https:\/\/candas365.es\/noticias\/vecinos-de-poniente-piden-al-ayuntamiento-que-retire-la-licencia-a-tierra-astur\/","name":"Vecinos de Poniente piden al Ayuntamiento que retire la licencia a Tierra Astur | Cand\u00e1s 365","description":"(EUROPA PRESS) La comunidad de propietarios del edificio 'Gaviota' de Poniente ha aprobado presentar un contencioso-administrativo contra el Ayuntamiento de Gij\u00f3n por conceder la licencia de apertura al nuevo local que Tierra Astur quiere instalar en sus bajos, cerca del ya existente, al tiempo que interpondr\u00e1 una demanda civil contra la empresa, a la que","inLanguage":"es-ES","isPartOf":{"@id":"https:\/\/candas365.es\/noticias\/#website"},"breadcrumb":{"@id":"https:\/\/candas365.es\/noticias\/vecinos-de-poniente-piden-al-ayuntamiento-que-retire-la-licencia-a-tierra-astur\/#breadcrumblist"},"author":{"@id":"https:\/\/candas365.es\/noticias\/author\/admin\/#author"},"creator":{"@id":"https:\/\/candas365.es\/noticias\/author\/admin\/#author"},"datePublished":"2014-10-20T19:45:55+02:00","dateModified":"2014-10-20T19:45:55+02:00"},{"@type":"WebSite","@id":"https:\/\/candas365.es\/noticias\/#website","url":"https:\/\/candas365.es\/noticias\/","name":"Cand\u00e1s 365","alternateName":"Cand\u00e1s 365 Noticias","description":"Actualidad desde Carre\u00f1o para el mundo","inLanguage":"es-ES","publisher":{"@id":"https:\/\/candas365.es\/noticias\/#organization"}}]},"og:locale":"es_ES","og:site_name":"Cand\u00e1s 365","og:type":"article","og:title":"Vecinos de Poniente piden al Ayuntamiento que retire la licencia a Tierra Astur | Cand\u00e1s 365","og:description":"(EUROPA PRESS) La comunidad de propietarios del edificio 'Gaviota' de Poniente ha aprobado presentar un contencioso-administrativo contra el Ayuntamiento de Gij\u00f3n por conceder la licencia de apertura al nuevo local que Tierra Astur quiere instalar en sus bajos, cerca del ya existente, al tiempo que interpondr\u00e1 una demanda civil contra la empresa, a la que","og:url":"https:\/\/candas365.es\/noticias\/vecinos-de-poniente-piden-al-ayuntamiento-que-retire-la-licencia-a-tierra-astur\/","og:image":"https:\/\/candas365.es\/noticias\/wp-content\/uploads\/2024\/09\/Candas-365-Redes.jpg","og:image:secure_url":"https:\/\/candas365.es\/noticias\/wp-content\/uploads\/2024\/09\/Candas-365-Redes.jpg","og:image:width":1152,"og:image:height":864,"article:published_time":"2014-10-20T21:45:55+00:00","article:modified_time":"2014-10-20T21:45:55+00:00","article:publisher":"https:\/\/www.facebook.com\/Nachofdezber","article:author":"https:\/\/www.facebook.com\/carrenoactualidad","twitter:card":"summary_large_image","twitter:site":"@NabercoDigital","twitter:title":"Vecinos de Poniente piden al Ayuntamiento que retire la licencia a Tierra Astur | Cand\u00e1s 365","twitter:description":"(EUROPA PRESS) La comunidad de propietarios del edificio 'Gaviota' de Poniente ha aprobado presentar un contencioso-administrativo contra el Ayuntamiento de Gij\u00f3n por conceder la licencia de apertura al nuevo local que Tierra Astur quiere instalar en sus bajos, cerca del ya existente, al tiempo que interpondr\u00e1 una demanda civil contra la empresa, a la que","twitter:creator":"@nbasturias","twitter:image":"https:\/\/candas365.es\/noticias\/wp-content\/uploads\/2024\/09\/Candas-365-Redes.jpg","twitter:label1":"Escrito por","twitter:data1":"Cand\u00e1s 365","twitter:label2":"Tiempo de lectura estimado","twitter:data2":"3 minutos"},"aioseo_meta_data":{"post_id":"3931","title":null,"description":null,"keywords":null,"keyphrases":null,"primary_term":null,"canonical_url":null,"og_title":null,"og_description":null,"og_object_type":"default","og_image_type":"default","og_image_url":null,"og_image_width":null,"og_image_height":null,"og_image_custom_url":null,"og_image_custom_fields":null,"og_video":null,"og_custom_url":null,"og_article_section":null,"og_article_tags":null,"twitter_use_og":false,"twitter_card":"default","twitter_image_type":"default","twitter_image_url":null,"twitter_image_custom_url":null,"twitter_image_custom_fields":null,"twitter_title":null,"twitter_description":null,"schema":{"blockGraphs":[],"customGraphs":[],"default":{"data":{"Article":[],"Course":[],"Dataset":[],"FAQPage":[],"Movie":[],"Person":[],"Product":[],"ProductReview":[],"Car":[],"Recipe":[],"Service":[],"SoftwareApplication":[],"WebPage":[]},"graphName":"","isEnabled":true},"graphs":[],"defaultGraph":"","defaultPostTypeGraph":""},"schema_type":null,"schema_type_options":null,"pillar_content":false,"robots_default":true,"robots_noindex":false,"robots_noarchive":false,"robots_nosnippet":false,"robots_nofollow":false,"robots_noimageindex":false,"robots_noodp":false,"robots_notranslate":false,"robots_max_snippet":null,"robots_max_videopreview":null,"robots_max_imagepreview":"large","priority":null,"frequency":null,"location":null,"local_seo":null,"seo_analyzer_scan_date":"2025-08-23 00:50:34","breadcrumb_settings":null,"limit_modified_date":false,"reviewed_by":null,"open_ai":null,"ai":null,"created":"2020-12-21 10:46:57","updated":"2025-08-23 00:50:34"},"aioseo_breadcrumb":"<div class=\"aioseo-breadcrumbs\"><span class=\"aioseo-breadcrumb\">\n\t<a href=\"https:\/\/candas365.es\/noticias\" title=\"Home\">Home<\/a>\n<\/span><span class=\"aioseo-breadcrumb-separator\">&ndash;<\/span><span class=\"aioseo-breadcrumb\">\n\t<a href=\"https:\/\/candas365.es\/noticias\/category\/asturias\/\" title=\"Asturias\">Asturias<\/a>\n<\/span><span class=\"aioseo-breadcrumb-separator\">&ndash;<\/span><span class=\"aioseo-breadcrumb\">\n\tVecinos de Poniente piden al Ayuntamiento que retire la licencia a Tierra Astur\n<\/span><\/div>","aioseo_breadcrumb_json":[{"label":"Home","link":"https:\/\/candas365.es\/noticias"},{"label":"Asturias","link":"https:\/\/candas365.es\/noticias\/category\/asturias\/"},{"label":"Vecinos de Poniente piden al Ayuntamiento que retire la licencia a Tierra Astur","link":"https:\/\/candas365.es\/noticias\/vecinos-de-poniente-piden-al-ayuntamiento-que-retire-la-licencia-a-tierra-astur\/"}],"_links":{"self":[{"href":"https:\/\/candas365.es\/noticias\/wp-json\/wp\/v2\/posts\/3931","targetHints":{"allow":["GET"]}}],"collection":[{"href":"https:\/\/candas365.es\/noticias\/wp-json\/wp\/v2\/posts"}],"about":[{"href":"https:\/\/candas365.es\/noticias\/wp-json\/wp\/v2\/types\/post"}],"author":[{"embeddable":true,"href":"https:\/\/candas365.es\/noticias\/wp-json\/wp\/v2\/users\/1"}],"replies":[{"embeddable":true,"href":"https:\/\/candas365.es\/noticias\/wp-json\/wp\/v2\/comments?post=3931"}],"version-history":[{"count":0,"href":"https:\/\/candas365.es\/noticias\/wp-json\/wp\/v2\/posts\/3931\/revisions"}],"wp:attachment":[{"href":"https:\/\/candas365.es\/noticias\/wp-json\/wp\/v2\/media?parent=3931"}],"wp:term":[{"taxonomy":"category","embeddable":true,"href":"https:\/\/candas365.es\/noticias\/wp-json\/wp\/v2\/categories?post=3931"},{"taxonomy":"post_tag","embeddable":true,"href":"https:\/\/candas365.es\/noticias\/wp-json\/wp\/v2\/tags?post=3931"}],"curies":[{"name":"wp","href":"https:\/\/api.w.org\/{rel}","templated":true}]}}