{"id":3904,"date":"2014-10-20T19:29:55","date_gmt":"2014-10-20T21:29:55","guid":{"rendered":"http:\/\/candas365.es\/noticias\/?p=3904"},"modified":"2014-10-20T19:29:55","modified_gmt":"2014-10-20T21:29:55","slug":"la-asociacion-de-mayores-del-pp-distingue-al-actor-arturo-fernandez-con-el-viii-premio-trayectoria-ejemplar","status":"publish","type":"post","link":"https:\/\/candas365.es\/noticias\/la-asociacion-de-mayores-del-pp-distingue-al-actor-arturo-fernandez-con-el-viii-premio-trayectoria-ejemplar\/","title":{"rendered":"La Asociaci\u00f3n de Mayores del PP distingue al actor Arturo Fern\u00e1ndez con el VIII Premio Trayectoria Ejemplar"},"content":{"rendered":"<p><img fetchpriority=\"high\" decoding=\"async\" class=\"alignleft size-medium wp-image-3905\" src=\"https:\/\/candas365.es\/noticias\/wp-content\/uploads\/2014\/10\/fotonoticia_20141020134546_800-232x300.jpg\" alt=\"fotonoticia_20141020134546_800\" width=\"232\" height=\"300\" \/>(EUROPA PRESS) El actor gijon\u00e9s Arturo Fern\u00e1ndez ha sido distinguido por la Asociaci\u00f3n de Mayores del Partido Popular de Gij\u00f3n con el VIII Premio Trayectoria Ejemplar, seg\u00fan una nota de prensa de organizaci\u00f3n del evento.<\/p>\n<p>El galard\u00f3n le ser\u00e1 entregado al actor en un acto-homenaje que tiene previsto celebrarse el pr\u00f3ximo d\u00eda 27 de noviembre, a las 20.00 horas. Este tendr\u00e1 lugar en el restaurante Avant Garde del hotel NH Gij\u00f3n.<\/p>\n<p>Fern\u00e1ndez, nacido en Gij\u00f3n en 1929, tiene tras de s\u00ed una larga trayectoria profesional televisiva, aunque en sus \u00faltimos tiempos su carrera se ha centrado en los teatros. Precisamente, este pasado agosto represent\u00f3 en el Teatro Jovellanos su \u00faltimo trabajo, &#8216;Enfrentados&#8217;, junto a David Boceta.<\/p>\n","protected":false},"excerpt":{"rendered":"<p>(EUROPA PRESS) El actor gijon\u00e9s Arturo Fern\u00e1ndez ha sido distinguido por la Asociaci\u00f3n de Mayores del Partido Popular de Gij\u00f3n con el VIII Premio Trayectoria Ejemplar, seg\u00fan una nota de prensa de organizaci\u00f3n del evento. El galard\u00f3n le ser\u00e1 entregado al actor en un acto-homenaje que tiene previsto celebrarse el pr\u00f3ximo d\u00eda 27 de noviembre,<\/p>\n","protected":false},"author":1,"featured_media":3905,"comment_status":"closed","ping_status":"closed","sticky":false,"template":"","format":"standard","meta":{"footnotes":""},"categories":[343],"tags":[],"class_list":{"0":"post-3904","1":"post","2":"type-post","3":"status-publish","4":"format-standard","5":"has-post-thumbnail","7":"category-actualidad"},"aioseo_notices":[],"aioseo_head":"\n\t\t<!-- All in One SEO Pro 4.9.6.2 - aioseo.com -->\n\t<meta name=\"description\" content=\"(EUROPA PRESS) El actor gijon\u00e9s Arturo Fern\u00e1ndez ha sido distinguido por la Asociaci\u00f3n de Mayores del Partido Popular de Gij\u00f3n con el VIII Premio Trayectoria Ejemplar, seg\u00fan una nota de prensa de organizaci\u00f3n del evento. El galard\u00f3n le ser\u00e1 entregado al actor en un acto-homenaje que tiene previsto celebrarse el pr\u00f3ximo d\u00eda 27 de noviembre,\" \/>\n\t<meta name=\"robots\" content=\"max-image-preview:large\" \/>\n\t<meta name=\"author\" content=\"Cand\u00e1s 365\"\/>\n\t<meta name=\"google-site-verification\" content=\"UA-32230408-1\" \/>\n\t<meta name=\"msvalidate.01\" content=\"354F3CDFB2DA171B47FBE9ABF1F88D5\" \/>\n\t<meta name=\"keywords\" content=\"actualidad\" \/>\n\t<link rel=\"canonical\" href=\"https:\/\/candas365.es\/noticias\/la-asociacion-de-mayores-del-pp-distingue-al-actor-arturo-fernandez-con-el-viii-premio-trayectoria-ejemplar\/\" \/>\n\t<meta name=\"generator\" content=\"All in One SEO Pro (AIOSEO) 4.9.6.2\" \/>\n\t\t<meta property=\"og:locale\" content=\"es_ES\" \/>\n\t\t<meta property=\"og:site_name\" content=\"Cand\u00e1s 365\" \/>\n\t\t<meta property=\"og:type\" content=\"article\" \/>\n\t\t<meta property=\"og:title\" content=\"La Asociaci\u00f3n de Mayores del PP distingue al actor Arturo Fern\u00e1ndez con el VIII Premio Trayectoria Ejemplar | Cand\u00e1s 365\" \/>\n\t\t<meta property=\"og:description\" content=\"(EUROPA PRESS) El actor gijon\u00e9s Arturo Fern\u00e1ndez ha sido distinguido por la Asociaci\u00f3n de Mayores del Partido Popular de Gij\u00f3n con el VIII Premio Trayectoria Ejemplar, seg\u00fan una nota de prensa de organizaci\u00f3n del evento. El galard\u00f3n le ser\u00e1 entregado al actor en un acto-homenaje que tiene previsto celebrarse el pr\u00f3ximo d\u00eda 27 de noviembre,\" \/>\n\t\t<meta property=\"og:url\" content=\"https:\/\/candas365.es\/noticias\/la-asociacion-de-mayores-del-pp-distingue-al-actor-arturo-fernandez-con-el-viii-premio-trayectoria-ejemplar\/\" \/>\n\t\t<meta property=\"og:image\" content=\"https:\/\/candas365.es\/noticias\/wp-content\/uploads\/2014\/10\/fotonoticia_20141020134546_800.jpg\" \/>\n\t\t<meta property=\"og:image:secure_url\" content=\"https:\/\/candas365.es\/noticias\/wp-content\/uploads\/2014\/10\/fotonoticia_20141020134546_800.jpg\" \/>\n\t\t<meta property=\"og:image:width\" content=\"800\" \/>\n\t\t<meta property=\"og:image:height\" content=\"1032\" \/>\n\t\t<meta property=\"article:published_time\" content=\"2014-10-20T21:29:55+00:00\" \/>\n\t\t<meta property=\"article:modified_time\" content=\"2014-10-20T21:29:55+00:00\" \/>\n\t\t<meta property=\"article:publisher\" content=\"https:\/\/www.facebook.com\/Nachofdezber\" \/>\n\t\t<meta property=\"article:author\" content=\"https:\/\/www.facebook.com\/carrenoactualidad\" \/>\n\t\t<meta name=\"twitter:card\" content=\"summary_large_image\" \/>\n\t\t<meta name=\"twitter:site\" content=\"@NabercoDigital\" \/>\n\t\t<meta name=\"twitter:title\" content=\"La Asociaci\u00f3n de Mayores del PP distingue al actor Arturo Fern\u00e1ndez con el VIII Premio Trayectoria Ejemplar | Cand\u00e1s 365\" \/>\n\t\t<meta name=\"twitter:description\" content=\"(EUROPA PRESS) El actor gijon\u00e9s Arturo Fern\u00e1ndez ha sido distinguido por la Asociaci\u00f3n de Mayores del Partido Popular de Gij\u00f3n con el VIII Premio Trayectoria Ejemplar, seg\u00fan una nota de prensa de organizaci\u00f3n del evento. El galard\u00f3n le ser\u00e1 entregado al actor en un acto-homenaje que tiene previsto celebrarse el pr\u00f3ximo d\u00eda 27 de noviembre,\" \/>\n\t\t<meta name=\"twitter:creator\" content=\"@nbasturias\" \/>\n\t\t<meta name=\"twitter:image\" content=\"https:\/\/candas365.es\/noticias\/wp-content\/uploads\/2014\/10\/fotonoticia_20141020134546_800.jpg\" \/>\n\t\t<meta name=\"twitter:label1\" content=\"Escrito por\" \/>\n\t\t<meta name=\"twitter:data1\" content=\"Cand\u00e1s 365\" \/>\n\t\t<meta name=\"twitter:label2\" content=\"Tiempo de lectura estimado\" \/>\n\t\t<meta name=\"twitter:data2\" content=\"1 minuto\" \/>\n\t\t<script type=\"application\/ld+json\" class=\"aioseo-schema\">\n\t\t\t{\"@context\":\"https:\\\/\\\/schema.org\",\"@graph\":[{\"@type\":\"BreadcrumbList\",\"@id\":\"https:\\\/\\\/candas365.es\\\/noticias\\\/la-asociacion-de-mayores-del-pp-distingue-al-actor-arturo-fernandez-con-el-viii-premio-trayectoria-ejemplar\\\/#breadcrumblist\",\"itemListElement\":[{\"@type\":\"ListItem\",\"@id\":\"https:\\\/\\\/candas365.es\\\/noticias#listItem\",\"position\":1,\"name\":\"Home\",\"item\":\"https:\\\/\\\/candas365.es\\\/noticias\",\"nextItem\":{\"@type\":\"ListItem\",\"@id\":\"https:\\\/\\\/candas365.es\\\/noticias\\\/category\\\/actualidad\\\/#listItem\",\"name\":\"Actualidad\"}},{\"@type\":\"ListItem\",\"@id\":\"https:\\\/\\\/candas365.es\\\/noticias\\\/category\\\/actualidad\\\/#listItem\",\"position\":2,\"name\":\"Actualidad\",\"item\":\"https:\\\/\\\/candas365.es\\\/noticias\\\/category\\\/actualidad\\\/\",\"nextItem\":{\"@type\":\"ListItem\",\"@id\":\"https:\\\/\\\/candas365.es\\\/noticias\\\/la-asociacion-de-mayores-del-pp-distingue-al-actor-arturo-fernandez-con-el-viii-premio-trayectoria-ejemplar\\\/#listItem\",\"name\":\"La Asociaci\\u00f3n de Mayores del PP distingue al actor Arturo Fern\\u00e1ndez con el VIII Premio Trayectoria Ejemplar\"},\"previousItem\":{\"@type\":\"ListItem\",\"@id\":\"https:\\\/\\\/candas365.es\\\/noticias#listItem\",\"name\":\"Home\"}},{\"@type\":\"ListItem\",\"@id\":\"https:\\\/\\\/candas365.es\\\/noticias\\\/la-asociacion-de-mayores-del-pp-distingue-al-actor-arturo-fernandez-con-el-viii-premio-trayectoria-ejemplar\\\/#listItem\",\"position\":3,\"name\":\"La Asociaci\\u00f3n de Mayores del PP distingue al actor Arturo Fern\\u00e1ndez con el VIII Premio Trayectoria Ejemplar\",\"previousItem\":{\"@type\":\"ListItem\",\"@id\":\"https:\\\/\\\/candas365.es\\\/noticias\\\/category\\\/actualidad\\\/#listItem\",\"name\":\"Actualidad\"}}]},{\"@type\":\"NewsArticle\",\"@id\":\"https:\\\/\\\/candas365.es\\\/noticias\\\/la-asociacion-de-mayores-del-pp-distingue-al-actor-arturo-fernandez-con-el-viii-premio-trayectoria-ejemplar\\\/#newsarticle\",\"name\":\"La Asociaci\\u00f3n de Mayores del PP distingue al actor Arturo Fern\\u00e1ndez con el VIII Premio Trayectoria Ejemplar | Cand\\u00e1s 365\",\"headline\":\"La Asociaci\\u00f3n de Mayores del PP distingue al actor Arturo Fern\\u00e1ndez con el VIII Premio Trayectoria Ejemplar\",\"author\":{\"@id\":\"https:\\\/\\\/candas365.es\\\/noticias\\\/author\\\/admin\\\/#author\"},\"publisher\":{\"@id\":\"https:\\\/\\\/candas365.es\\\/noticias\\\/#organization\"},\"image\":{\"@type\":\"ImageObject\",\"url\":\"https:\\\/\\\/candas365.es\\\/noticias\\\/wp-content\\\/uploads\\\/2014\\\/10\\\/fotonoticia_20141020134546_800.jpg\",\"width\":800,\"height\":1032},\"datePublished\":\"2014-10-20T19:29:55+02:00\",\"dateModified\":\"2014-10-20T19:29:55+02:00\",\"inLanguage\":\"es-ES\",\"mainEntityOfPage\":{\"@id\":\"https:\\\/\\\/candas365.es\\\/noticias\\\/la-asociacion-de-mayores-del-pp-distingue-al-actor-arturo-fernandez-con-el-viii-premio-trayectoria-ejemplar\\\/#webpage\"},\"isPartOf\":{\"@id\":\"https:\\\/\\\/candas365.es\\\/noticias\\\/la-asociacion-de-mayores-del-pp-distingue-al-actor-arturo-fernandez-con-el-viii-premio-trayectoria-ejemplar\\\/#webpage\"},\"articleSection\":\"Actualidad\",\"dateline\":\"Publicado el octubre 20, 2014.\"},{\"@type\":\"Organization\",\"@id\":\"https:\\\/\\\/candas365.es\\\/noticias\\\/#organization\",\"name\":\"Cand\\u00e1s 365\",\"description\":\"Cand\\u00e1s 365 es un diario digital independiente, fundado en 2012, con base en Asturias. Informamos con rigor sobre actualidad, sociedad, cultura y ocio, con una mirada local y global.\",\"url\":\"https:\\\/\\\/candas365.es\\\/noticias\\\/\",\"email\":\"info@candas365.es\",\"telephone\":\"+34652131393\",\"foundingDate\":\"2012-06-10\",\"logo\":{\"@type\":\"ImageObject\",\"url\":\"https:\\\/\\\/candas365.es\\\/noticias\\\/wp-content\\\/uploads\\\/2024\\\/09\\\/Candas-365-Redes.jpg\",\"@id\":\"https:\\\/\\\/candas365.es\\\/noticias\\\/la-asociacion-de-mayores-del-pp-distingue-al-actor-arturo-fernandez-con-el-viii-premio-trayectoria-ejemplar\\\/#organizationLogo\",\"width\":1152,\"height\":864,\"caption\":\"Cand\\u00e1s 365 Redes\"},\"image\":{\"@id\":\"https:\\\/\\\/candas365.es\\\/noticias\\\/la-asociacion-de-mayores-del-pp-distingue-al-actor-arturo-fernandez-con-el-viii-premio-trayectoria-ejemplar\\\/#organizationLogo\"},\"sameAs\":[\"https:\\\/\\\/www.facebook.com\\\/Nachofdezber\",\"https:\\\/\\\/x.com\\\/NabercoDigital\",\"https:\\\/\\\/www.instagram.com\\\/nachofdezber\\\/\",\"https:\\\/\\\/www.youtube.com\\\/channel\\\/UCZP-2wLEB9Rv6erhFmqVnvg\"],\"address\":{\"@id\":\"https:\\\/\\\/candas365.es\\\/noticias\\\/#postaladdress\",\"@type\":\"PostalAddress\",\"streetAddress\":\"san antonio 4, san antonio 4\",\"postalCode\":\"33430\",\"addressLocality\":\"Cand\\u00e1s\",\"addressRegion\":\"Asturias\",\"addressCountry\":\"ES\"}},{\"@type\":\"Person\",\"@id\":\"https:\\\/\\\/candas365.es\\\/noticias\\\/author\\\/admin\\\/#author\",\"url\":\"https:\\\/\\\/candas365.es\\\/noticias\\\/author\\\/admin\\\/\",\"name\":\"Cand\\u00e1s 365\",\"image\":{\"@type\":\"ImageObject\",\"@id\":\"https:\\\/\\\/candas365.es\\\/noticias\\\/la-asociacion-de-mayores-del-pp-distingue-al-actor-arturo-fernandez-con-el-viii-premio-trayectoria-ejemplar\\\/#authorImage\",\"url\":\"https:\\\/\\\/secure.gravatar.com\\\/avatar\\\/496a8e03d0c493ede1718b7934145dbdf8d89be1036b0eec9544e1094c9de390?s=96&d=mm&r=g\",\"width\":96,\"height\":96,\"caption\":\"Cand\\u00e1s 365\"},\"sameAs\":[\"https:\\\/\\\/www.facebook.com\\\/carrenoactualidad\",\"https:\\\/\\\/twitter.com\\\/nbasturias\",\"https:\\\/\\\/www.instagram.com\\\/nachofdezber\\\/\",\"https:\\\/\\\/www.youtube.com\\\/channel\\\/UCZP-2wLEB9Rv6erhFmqVnvg\"]},{\"@type\":\"WebPage\",\"@id\":\"https:\\\/\\\/candas365.es\\\/noticias\\\/la-asociacion-de-mayores-del-pp-distingue-al-actor-arturo-fernandez-con-el-viii-premio-trayectoria-ejemplar\\\/#webpage\",\"url\":\"https:\\\/\\\/candas365.es\\\/noticias\\\/la-asociacion-de-mayores-del-pp-distingue-al-actor-arturo-fernandez-con-el-viii-premio-trayectoria-ejemplar\\\/\",\"name\":\"La Asociaci\\u00f3n de Mayores del PP distingue al actor Arturo Fern\\u00e1ndez con el VIII Premio Trayectoria Ejemplar | Cand\\u00e1s 365\",\"description\":\"(EUROPA PRESS) El actor gijon\\u00e9s Arturo Fern\\u00e1ndez ha sido distinguido por la Asociaci\\u00f3n de Mayores del Partido Popular de Gij\\u00f3n con el VIII Premio Trayectoria Ejemplar, seg\\u00fan una nota de prensa de organizaci\\u00f3n del evento. El galard\\u00f3n le ser\\u00e1 entregado al actor en un acto-homenaje que tiene previsto celebrarse el pr\\u00f3ximo d\\u00eda 27 de noviembre,\",\"inLanguage\":\"es-ES\",\"isPartOf\":{\"@id\":\"https:\\\/\\\/candas365.es\\\/noticias\\\/#website\"},\"breadcrumb\":{\"@id\":\"https:\\\/\\\/candas365.es\\\/noticias\\\/la-asociacion-de-mayores-del-pp-distingue-al-actor-arturo-fernandez-con-el-viii-premio-trayectoria-ejemplar\\\/#breadcrumblist\"},\"author\":{\"@id\":\"https:\\\/\\\/candas365.es\\\/noticias\\\/author\\\/admin\\\/#author\"},\"creator\":{\"@id\":\"https:\\\/\\\/candas365.es\\\/noticias\\\/author\\\/admin\\\/#author\"},\"image\":{\"@type\":\"ImageObject\",\"url\":\"https:\\\/\\\/candas365.es\\\/noticias\\\/wp-content\\\/uploads\\\/2014\\\/10\\\/fotonoticia_20141020134546_800.jpg\",\"@id\":\"https:\\\/\\\/candas365.es\\\/noticias\\\/la-asociacion-de-mayores-del-pp-distingue-al-actor-arturo-fernandez-con-el-viii-premio-trayectoria-ejemplar\\\/#mainImage\",\"width\":800,\"height\":1032},\"primaryImageOfPage\":{\"@id\":\"https:\\\/\\\/candas365.es\\\/noticias\\\/la-asociacion-de-mayores-del-pp-distingue-al-actor-arturo-fernandez-con-el-viii-premio-trayectoria-ejemplar\\\/#mainImage\"},\"datePublished\":\"2014-10-20T19:29:55+02:00\",\"dateModified\":\"2014-10-20T19:29:55+02:00\"},{\"@type\":\"WebSite\",\"@id\":\"https:\\\/\\\/candas365.es\\\/noticias\\\/#website\",\"url\":\"https:\\\/\\\/candas365.es\\\/noticias\\\/\",\"name\":\"Cand\\u00e1s 365\",\"alternateName\":\"Cand\\u00e1s 365 Noticias\",\"description\":\"Actualidad desde Carre\\u00f1o para el mundo\",\"inLanguage\":\"es-ES\",\"publisher\":{\"@id\":\"https:\\\/\\\/candas365.es\\\/noticias\\\/#organization\"}}]}\n\t\t<\/script>\n\t\t<!-- All in One SEO Pro -->\r\n\t\t<title>La Asociaci\u00f3n de Mayores del PP distingue al actor Arturo Fern\u00e1ndez con el VIII Premio Trayectoria Ejemplar | Cand\u00e1s 365<\/title>\n\n","aioseo_head_json":{"title":"La Asociaci\u00f3n de Mayores del PP distingue al actor Arturo Fern\u00e1ndez con el VIII Premio Trayectoria Ejemplar | Cand\u00e1s 365","description":"(EUROPA PRESS) El actor gijon\u00e9s Arturo Fern\u00e1ndez ha sido distinguido por la Asociaci\u00f3n de Mayores del Partido Popular de Gij\u00f3n con el VIII Premio Trayectoria Ejemplar, seg\u00fan una nota de prensa de organizaci\u00f3n del evento. El galard\u00f3n le ser\u00e1 entregado al actor en un acto-homenaje que tiene previsto celebrarse el pr\u00f3ximo d\u00eda 27 de noviembre,","canonical_url":"https:\/\/candas365.es\/noticias\/la-asociacion-de-mayores-del-pp-distingue-al-actor-arturo-fernandez-con-el-viii-premio-trayectoria-ejemplar\/","robots":"max-image-preview:large","keywords":"actualidad","webmasterTools":{"google-site-verification":"UA-32230408-1","msvalidate.01":"354F3CDFB2DA171B47FBE9ABF1F88D5","miscellaneous":""},"schema":{"@context":"https:\/\/schema.org","@graph":[{"@type":"BreadcrumbList","@id":"https:\/\/candas365.es\/noticias\/la-asociacion-de-mayores-del-pp-distingue-al-actor-arturo-fernandez-con-el-viii-premio-trayectoria-ejemplar\/#breadcrumblist","itemListElement":[{"@type":"ListItem","@id":"https:\/\/candas365.es\/noticias#listItem","position":1,"name":"Home","item":"https:\/\/candas365.es\/noticias","nextItem":{"@type":"ListItem","@id":"https:\/\/candas365.es\/noticias\/category\/actualidad\/#listItem","name":"Actualidad"}},{"@type":"ListItem","@id":"https:\/\/candas365.es\/noticias\/category\/actualidad\/#listItem","position":2,"name":"Actualidad","item":"https:\/\/candas365.es\/noticias\/category\/actualidad\/","nextItem":{"@type":"ListItem","@id":"https:\/\/candas365.es\/noticias\/la-asociacion-de-mayores-del-pp-distingue-al-actor-arturo-fernandez-con-el-viii-premio-trayectoria-ejemplar\/#listItem","name":"La Asociaci\u00f3n de Mayores del PP distingue al actor Arturo Fern\u00e1ndez con el VIII Premio Trayectoria Ejemplar"},"previousItem":{"@type":"ListItem","@id":"https:\/\/candas365.es\/noticias#listItem","name":"Home"}},{"@type":"ListItem","@id":"https:\/\/candas365.es\/noticias\/la-asociacion-de-mayores-del-pp-distingue-al-actor-arturo-fernandez-con-el-viii-premio-trayectoria-ejemplar\/#listItem","position":3,"name":"La Asociaci\u00f3n de Mayores del PP distingue al actor Arturo Fern\u00e1ndez con el VIII Premio Trayectoria Ejemplar","previousItem":{"@type":"ListItem","@id":"https:\/\/candas365.es\/noticias\/category\/actualidad\/#listItem","name":"Actualidad"}}]},{"@type":"NewsArticle","@id":"https:\/\/candas365.es\/noticias\/la-asociacion-de-mayores-del-pp-distingue-al-actor-arturo-fernandez-con-el-viii-premio-trayectoria-ejemplar\/#newsarticle","name":"La Asociaci\u00f3n de Mayores del PP distingue al actor Arturo Fern\u00e1ndez con el VIII Premio Trayectoria Ejemplar | Cand\u00e1s 365","headline":"La Asociaci\u00f3n de Mayores del PP distingue al actor Arturo Fern\u00e1ndez con el VIII Premio Trayectoria Ejemplar","author":{"@id":"https:\/\/candas365.es\/noticias\/author\/admin\/#author"},"publisher":{"@id":"https:\/\/candas365.es\/noticias\/#organization"},"image":{"@type":"ImageObject","url":"https:\/\/candas365.es\/noticias\/wp-content\/uploads\/2014\/10\/fotonoticia_20141020134546_800.jpg","width":800,"height":1032},"datePublished":"2014-10-20T19:29:55+02:00","dateModified":"2014-10-20T19:29:55+02:00","inLanguage":"es-ES","mainEntityOfPage":{"@id":"https:\/\/candas365.es\/noticias\/la-asociacion-de-mayores-del-pp-distingue-al-actor-arturo-fernandez-con-el-viii-premio-trayectoria-ejemplar\/#webpage"},"isPartOf":{"@id":"https:\/\/candas365.es\/noticias\/la-asociacion-de-mayores-del-pp-distingue-al-actor-arturo-fernandez-con-el-viii-premio-trayectoria-ejemplar\/#webpage"},"articleSection":"Actualidad","dateline":"Publicado el octubre 20, 2014."},{"@type":"Organization","@id":"https:\/\/candas365.es\/noticias\/#organization","name":"Cand\u00e1s 365","description":"Cand\u00e1s 365 es un diario digital independiente, fundado en 2012, con base en Asturias. Informamos con rigor sobre actualidad, sociedad, cultura y ocio, con una mirada local y global.","url":"https:\/\/candas365.es\/noticias\/","email":"info@candas365.es","telephone":"+34652131393","foundingDate":"2012-06-10","logo":{"@type":"ImageObject","url":"https:\/\/candas365.es\/noticias\/wp-content\/uploads\/2024\/09\/Candas-365-Redes.jpg","@id":"https:\/\/candas365.es\/noticias\/la-asociacion-de-mayores-del-pp-distingue-al-actor-arturo-fernandez-con-el-viii-premio-trayectoria-ejemplar\/#organizationLogo","width":1152,"height":864,"caption":"Cand\u00e1s 365 Redes"},"image":{"@id":"https:\/\/candas365.es\/noticias\/la-asociacion-de-mayores-del-pp-distingue-al-actor-arturo-fernandez-con-el-viii-premio-trayectoria-ejemplar\/#organizationLogo"},"sameAs":["https:\/\/www.facebook.com\/Nachofdezber","https:\/\/x.com\/NabercoDigital","https:\/\/www.instagram.com\/nachofdezber\/","https:\/\/www.youtube.com\/channel\/UCZP-2wLEB9Rv6erhFmqVnvg"],"address":{"@id":"https:\/\/candas365.es\/noticias\/#postaladdress","@type":"PostalAddress","streetAddress":"san antonio 4, san antonio 4","postalCode":"33430","addressLocality":"Cand\u00e1s","addressRegion":"Asturias","addressCountry":"ES"}},{"@type":"Person","@id":"https:\/\/candas365.es\/noticias\/author\/admin\/#author","url":"https:\/\/candas365.es\/noticias\/author\/admin\/","name":"Cand\u00e1s 365","image":{"@type":"ImageObject","@id":"https:\/\/candas365.es\/noticias\/la-asociacion-de-mayores-del-pp-distingue-al-actor-arturo-fernandez-con-el-viii-premio-trayectoria-ejemplar\/#authorImage","url":"https:\/\/secure.gravatar.com\/avatar\/496a8e03d0c493ede1718b7934145dbdf8d89be1036b0eec9544e1094c9de390?s=96&d=mm&r=g","width":96,"height":96,"caption":"Cand\u00e1s 365"},"sameAs":["https:\/\/www.facebook.com\/carrenoactualidad","https:\/\/twitter.com\/nbasturias","https:\/\/www.instagram.com\/nachofdezber\/","https:\/\/www.youtube.com\/channel\/UCZP-2wLEB9Rv6erhFmqVnvg"]},{"@type":"WebPage","@id":"https:\/\/candas365.es\/noticias\/la-asociacion-de-mayores-del-pp-distingue-al-actor-arturo-fernandez-con-el-viii-premio-trayectoria-ejemplar\/#webpage","url":"https:\/\/candas365.es\/noticias\/la-asociacion-de-mayores-del-pp-distingue-al-actor-arturo-fernandez-con-el-viii-premio-trayectoria-ejemplar\/","name":"La Asociaci\u00f3n de Mayores del PP distingue al actor Arturo Fern\u00e1ndez con el VIII Premio Trayectoria Ejemplar | Cand\u00e1s 365","description":"(EUROPA PRESS) El actor gijon\u00e9s Arturo Fern\u00e1ndez ha sido distinguido por la Asociaci\u00f3n de Mayores del Partido Popular de Gij\u00f3n con el VIII Premio Trayectoria Ejemplar, seg\u00fan una nota de prensa de organizaci\u00f3n del evento. El galard\u00f3n le ser\u00e1 entregado al actor en un acto-homenaje que tiene previsto celebrarse el pr\u00f3ximo d\u00eda 27 de noviembre,","inLanguage":"es-ES","isPartOf":{"@id":"https:\/\/candas365.es\/noticias\/#website"},"breadcrumb":{"@id":"https:\/\/candas365.es\/noticias\/la-asociacion-de-mayores-del-pp-distingue-al-actor-arturo-fernandez-con-el-viii-premio-trayectoria-ejemplar\/#breadcrumblist"},"author":{"@id":"https:\/\/candas365.es\/noticias\/author\/admin\/#author"},"creator":{"@id":"https:\/\/candas365.es\/noticias\/author\/admin\/#author"},"image":{"@type":"ImageObject","url":"https:\/\/candas365.es\/noticias\/wp-content\/uploads\/2014\/10\/fotonoticia_20141020134546_800.jpg","@id":"https:\/\/candas365.es\/noticias\/la-asociacion-de-mayores-del-pp-distingue-al-actor-arturo-fernandez-con-el-viii-premio-trayectoria-ejemplar\/#mainImage","width":800,"height":1032},"primaryImageOfPage":{"@id":"https:\/\/candas365.es\/noticias\/la-asociacion-de-mayores-del-pp-distingue-al-actor-arturo-fernandez-con-el-viii-premio-trayectoria-ejemplar\/#mainImage"},"datePublished":"2014-10-20T19:29:55+02:00","dateModified":"2014-10-20T19:29:55+02:00"},{"@type":"WebSite","@id":"https:\/\/candas365.es\/noticias\/#website","url":"https:\/\/candas365.es\/noticias\/","name":"Cand\u00e1s 365","alternateName":"Cand\u00e1s 365 Noticias","description":"Actualidad desde Carre\u00f1o para el mundo","inLanguage":"es-ES","publisher":{"@id":"https:\/\/candas365.es\/noticias\/#organization"}}]},"og:locale":"es_ES","og:site_name":"Cand\u00e1s 365","og:type":"article","og:title":"La Asociaci\u00f3n de Mayores del PP distingue al actor Arturo Fern\u00e1ndez con el VIII Premio Trayectoria Ejemplar | Cand\u00e1s 365","og:description":"(EUROPA PRESS) El actor gijon\u00e9s Arturo Fern\u00e1ndez ha sido distinguido por la Asociaci\u00f3n de Mayores del Partido Popular de Gij\u00f3n con el VIII Premio Trayectoria Ejemplar, seg\u00fan una nota de prensa de organizaci\u00f3n del evento. El galard\u00f3n le ser\u00e1 entregado al actor en un acto-homenaje que tiene previsto celebrarse el pr\u00f3ximo d\u00eda 27 de noviembre,","og:url":"https:\/\/candas365.es\/noticias\/la-asociacion-de-mayores-del-pp-distingue-al-actor-arturo-fernandez-con-el-viii-premio-trayectoria-ejemplar\/","og:image":"https:\/\/candas365.es\/noticias\/wp-content\/uploads\/2014\/10\/fotonoticia_20141020134546_800.jpg","og:image:secure_url":"https:\/\/candas365.es\/noticias\/wp-content\/uploads\/2014\/10\/fotonoticia_20141020134546_800.jpg","og:image:width":800,"og:image:height":1032,"article:published_time":"2014-10-20T21:29:55+00:00","article:modified_time":"2014-10-20T21:29:55+00:00","article:publisher":"https:\/\/www.facebook.com\/Nachofdezber","article:author":"https:\/\/www.facebook.com\/carrenoactualidad","twitter:card":"summary_large_image","twitter:site":"@NabercoDigital","twitter:title":"La Asociaci\u00f3n de Mayores del PP distingue al actor Arturo Fern\u00e1ndez con el VIII Premio Trayectoria Ejemplar | Cand\u00e1s 365","twitter:description":"(EUROPA PRESS) El actor gijon\u00e9s Arturo Fern\u00e1ndez ha sido distinguido por la Asociaci\u00f3n de Mayores del Partido Popular de Gij\u00f3n con el VIII Premio Trayectoria Ejemplar, seg\u00fan una nota de prensa de organizaci\u00f3n del evento. El galard\u00f3n le ser\u00e1 entregado al actor en un acto-homenaje que tiene previsto celebrarse el pr\u00f3ximo d\u00eda 27 de noviembre,","twitter:creator":"@nbasturias","twitter:image":"https:\/\/candas365.es\/noticias\/wp-content\/uploads\/2014\/10\/fotonoticia_20141020134546_800.jpg","twitter:label1":"Escrito por","twitter:data1":"Cand\u00e1s 365","twitter:label2":"Tiempo de lectura estimado","twitter:data2":"1 minuto"},"aioseo_meta_data":{"post_id":"3904","title":null,"description":null,"keywords":null,"keyphrases":null,"primary_term":null,"canonical_url":null,"og_title":null,"og_description":null,"og_object_type":"default","og_image_type":"default","og_image_url":null,"og_image_width":null,"og_image_height":null,"og_image_custom_url":null,"og_image_custom_fields":null,"og_video":null,"og_custom_url":null,"og_article_section":null,"og_article_tags":null,"twitter_use_og":false,"twitter_card":"default","twitter_image_type":"default","twitter_image_url":null,"twitter_image_custom_url":null,"twitter_image_custom_fields":null,"twitter_title":null,"twitter_description":null,"schema":{"blockGraphs":[],"customGraphs":[],"default":{"data":{"Article":[],"Course":[],"Dataset":[],"FAQPage":[],"Movie":[],"Person":[],"Product":[],"ProductReview":[],"Car":[],"Recipe":[],"Service":[],"SoftwareApplication":[],"WebPage":[]},"graphName":"","isEnabled":true},"graphs":[]},"schema_type":null,"schema_type_options":null,"pillar_content":false,"robots_default":true,"robots_noindex":false,"robots_noarchive":false,"robots_nosnippet":false,"robots_nofollow":false,"robots_noimageindex":false,"robots_noodp":false,"robots_notranslate":false,"robots_max_snippet":null,"robots_max_videopreview":null,"robots_max_imagepreview":"large","priority":null,"frequency":null,"location":null,"local_seo":null,"seo_analyzer_scan_date":"2025-08-23 00:49:11","breadcrumb_settings":null,"limit_modified_date":false,"reviewed_by":null,"open_ai":null,"ai":null,"created":"2020-12-21 10:46:56","updated":"2025-08-23 00:49:11"},"aioseo_breadcrumb":"<div class=\"aioseo-breadcrumbs\"><span class=\"aioseo-breadcrumb\">\n\t<a href=\"https:\/\/candas365.es\/noticias\" title=\"Home\">Home<\/a>\n<\/span><span class=\"aioseo-breadcrumb-separator\">&ndash;<\/span><span class=\"aioseo-breadcrumb\">\n\t<a href=\"https:\/\/candas365.es\/noticias\/category\/actualidad\/\" title=\"Actualidad\">Actualidad<\/a>\n<\/span><span class=\"aioseo-breadcrumb-separator\">&ndash;<\/span><span class=\"aioseo-breadcrumb\">\n\tLa Asociaci\u00f3n de Mayores del PP distingue al actor Arturo Fern\u00e1ndez con el VIII Premio Trayectoria Ejemplar\n<\/span><\/div>","aioseo_breadcrumb_json":[{"label":"Home","link":"https:\/\/candas365.es\/noticias"},{"label":"Actualidad","link":"https:\/\/candas365.es\/noticias\/category\/actualidad\/"},{"label":"La Asociaci\u00f3n de Mayores del PP distingue al actor Arturo Fern\u00e1ndez con el VIII Premio Trayectoria Ejemplar","link":"https:\/\/candas365.es\/noticias\/la-asociacion-de-mayores-del-pp-distingue-al-actor-arturo-fernandez-con-el-viii-premio-trayectoria-ejemplar\/"}],"_links":{"self":[{"href":"https:\/\/candas365.es\/noticias\/wp-json\/wp\/v2\/posts\/3904","targetHints":{"allow":["GET"]}}],"collection":[{"href":"https:\/\/candas365.es\/noticias\/wp-json\/wp\/v2\/posts"}],"about":[{"href":"https:\/\/candas365.es\/noticias\/wp-json\/wp\/v2\/types\/post"}],"author":[{"embeddable":true,"href":"https:\/\/candas365.es\/noticias\/wp-json\/wp\/v2\/users\/1"}],"replies":[{"embeddable":true,"href":"https:\/\/candas365.es\/noticias\/wp-json\/wp\/v2\/comments?post=3904"}],"version-history":[{"count":0,"href":"https:\/\/candas365.es\/noticias\/wp-json\/wp\/v2\/posts\/3904\/revisions"}],"wp:featuredmedia":[{"embeddable":true,"href":"https:\/\/candas365.es\/noticias\/wp-json\/wp\/v2\/media\/3905"}],"wp:attachment":[{"href":"https:\/\/candas365.es\/noticias\/wp-json\/wp\/v2\/media?parent=3904"}],"wp:term":[{"taxonomy":"category","embeddable":true,"href":"https:\/\/candas365.es\/noticias\/wp-json\/wp\/v2\/categories?post=3904"},{"taxonomy":"post_tag","embeddable":true,"href":"https:\/\/candas365.es\/noticias\/wp-json\/wp\/v2\/tags?post=3904"}],"curies":[{"name":"wp","href":"https:\/\/api.w.org\/{rel}","templated":true}]}}