{"id":36938,"date":"2016-11-25T17:58:01","date_gmt":"2016-11-25T17:58:01","guid":{"rendered":"http:\/\/candas365.es\/noticias\/?p=36938"},"modified":"2016-11-25T17:58:01","modified_gmt":"2016-11-25T17:58:01","slug":"el-bayern-busca-espantar-el-fantasma-de-la-crisis-ante-el-leverkusen","status":"publish","type":"post","link":"https:\/\/candas365.es\/noticias\/el-bayern-busca-espantar-el-fantasma-de-la-crisis-ante-el-leverkusen\/","title":{"rendered":"El Bayern busca espantar el fantasma de la crisis ante el Leverkusen"},"content":{"rendered":"<p>Berl\u00edn, 25 nov (dpa) &#8211; El Bayern M\u00fanich recibe ma\u00f1ana en casa al Bayer Leverkusen en un momento en el que est\u00e1 obligado a ganar para espantar el fantasma de la crisis que se cierne sobre el equipo tras tres tropiezos seguidos.<\/p>\n<p>El conjunto de Carlo Ancelotti afronta la duod\u00e9cima jornada de la Liga alemana de f\u00fatbol con la intenci\u00f3n de enmendar errores, despu\u00e9s de tropezar en sus tres \u00faltimos encuentros, firmando un empate y dos derrotas consecutivas en dos encuentros considerados cruciales.<\/p>\n<p>Tras el 1-1 cosechado en la d\u00e9cima fecha de la Bundesliga ante el Hoffenheim, el conjunto b\u00e1varo perdi\u00f3 1-0 el pasado fin de semana ante el Borussia Dortmund en el cl\u00e1sico del f\u00fatbol alem\u00e1n y el mi\u00e9rcoles firm\u00f3 otro d\u00eda fat\u00eddico, al caer por 3-2 ante el conjunto ruso Rostov en Liga de Campeones, un resultado que le lleva a situarse como segundo del Grupo D, por detr\u00e1s del Atl\u00e9tico de Madrid.<\/p>\n<p>\u00abLa de ma\u00f1ana es una muy buena oportunidad para jugar bien y volver a ganar. Los dos \u00faltimos partidos no fueron bien y quiero ver una reacci\u00f3n\u00bb, dijo el t\u00e9cnico italiano en v\u00edsperas del encuentro.<\/p>\n<p>En opini\u00f3n del estratega, la plantilla est\u00e1 bien preparada de cara al duelo contra el Bayer Leverkusen pero acusa dificultades a la hora de implementar su sistema de juego.<\/p>\n<p>\u00abF\u00edsicamente estuvimos muy bien en los \u00faltimos partidos, el problema no es f\u00edsico. Tenemos que mejorar tanto t\u00e1ctica como estrat\u00e9gicamente\u00bb, reconoci\u00f3.<\/p>\n<p>\u00abTengo confianza en m\u00ed mismo, soy optimista y estoy convencido de que nos recuperaremos r\u00e1pidamente de esta fase\u00bb, apunt\u00f3 durante una rueda de prensa celebrada hoy en M\u00fanich.<\/p>\n<p>Ancelotti cree que el equipo ha dado demasiadas oportunidades a sus rivales en los \u00faltimos encuentros, algo que dice es necesario impedir de cara al partido de ma\u00f1ana.<\/p>\n<p>Para el encuentro, el t\u00e9cnico italiano no podr\u00e1 contar con Kingsley Coman ni con Julian Green.<\/p>\n<p>Adem\u00e1s, la participaci\u00f3n de Arturo Vidal y de Jerome Boateng est\u00e1 tambi\u00e9n en duda. El chileno acusa problemas en sus abductores y Ancelotti no quiere arriesgar en un momento en el que tiene suficientes centrocampistas disponibles.<\/p>\n<p>En el caso del internacional alem\u00e1n, el entrenador del Bayern tampoco quiere arriesgarse. \u00abHoy ha entrenado con el equipo y no se ha sentido bien. No queremos correr riesgos\u00bb, se\u00f1al\u00f3.<\/p>\n<p>Durante el encuentro de Champions disputado ante el Rostov, Boateng se vio obligado a abandonar el campo despu\u00e9s de sentir molestias musculares en el muslo. Su actuaci\u00f3n, dej\u00f3 adem\u00e1s bastante que desear y le sirvi\u00f3 para convertirse en el foco de las cr\u00edticas, entre ellas, las del jefe de la junta directiva, Karl-Heinz Rummenigge.<\/p>\n<p>\u00abLas palabras de Rummenige eran comprensibles. Boateng sabe que \u00e9l puede hacerlo mejor y el equipo sabe que puede ser mejor. Boateng es un jugador serio que trabaja duro\u00bb, se\u00f1al\u00f3 Ancelotti.<\/p>\n<p>A quien s\u00ed recupera el italiano ante el Bayer Leverkusen es al arquero Manuel Neuer, as\u00ed como al espa\u00f1ol Javi Mart\u00ednez y al holand\u00e9s Arjen Robben.<\/p>\n<p>A poco m\u00e1s de 24 horas del encuentro, el equipo que ma\u00f1ana visita al multicampe\u00f3n alem\u00e1n se muestra cauto. \u00abEl Bayern M\u00fanich est\u00e1 adicionamente motivado por la situaci\u00f3n en la que se encuentra y en muy buen estado\u00bb, se\u00f1al\u00f3 el entrenador del Bayer Leverkusen, Roger Schmidt.<\/p>\n<p>La duod\u00e9cima fecha de la Bundesliga comienza hoy con el encuentro que medir\u00e1 al Freiburg con el Leipzig, el reci\u00e9n ascendido que lidera con 27 puntos, tres m\u00e1s que el Bayern, la clasificaci\u00f3n de la Liga alemana.<\/p>\n<p>Programa de partidos:<\/p>\n<p>Viernes:<\/p>\n<ul>\n<li>Freiburg &#8211; Leipzig<\/li>\n<\/ul>\n<p>S\u00e1bado:<\/p>\n<ul>\n<li>Colonia &#8211; Augsburgo<\/li>\n<li>Hamburgo &#8211; Werder Bremen<\/li>\n<li>Ingolstad &#8211; Wolfsburgo<\/li>\n<li>Eintracht Frankfurt &#8211; Borussia Dortmund<\/li>\n<li>M\u00f6nchengladbach &#8211; Hoffenheim.<\/li>\n<li>Bayern &#8211; Leverkusen<\/li>\n<\/ul>\n<p>Domingo:<\/p>\n<ul>\n<li>Schalke &#8211; Darmstadt<\/li>\n<li>Hertha Berl\u00edn &#8211; Mainz<\/li>\n<\/ul>\n<p><span class=\" readonly\" title=\"\"><em>Por Mar\u00eda Prieto<\/em><\/span><\/p>\n","protected":false},"excerpt":{"rendered":"<p>Berl\u00edn, 25 nov (dpa) &#8211; El Bayern M\u00fanich recibe ma\u00f1ana en casa al Bayer Leverkusen en un momento en el que est\u00e1 obligado a ganar para espantar el fantasma de la crisis que se cierne sobre el equipo tras tres tropiezos seguidos. El conjunto de Carlo Ancelotti afronta la duod\u00e9cima jornada de la Liga alemana<\/p>\n","protected":false},"author":1,"featured_media":21654,"comment_status":"closed","ping_status":"closed","sticky":false,"template":"","format":"standard","meta":{"footnotes":""},"categories":[343],"tags":[],"class_list":{"0":"post-36938","1":"post","2":"type-post","3":"status-publish","4":"format-standard","5":"has-post-thumbnail","7":"category-actualidad"},"aioseo_notices":[],"aioseo_head":"\n\t\t<!-- All in One SEO Pro 4.9.6.2 - aioseo.com -->\n\t<meta name=\"description\" content=\"Berl\u00edn, 25 nov (dpa) - El Bayern M\u00fanich recibe ma\u00f1ana en casa al Bayer Leverkusen en un momento en el que est\u00e1 obligado a ganar para espantar el fantasma de la crisis que se cierne sobre el equipo tras tres tropiezos seguidos. El conjunto de Carlo Ancelotti afronta la duod\u00e9cima jornada de la Liga alemana\" \/>\n\t<meta name=\"robots\" content=\"max-image-preview:large\" \/>\n\t<meta name=\"author\" content=\"Cand\u00e1s 365\"\/>\n\t<meta name=\"google-site-verification\" content=\"UA-32230408-1\" \/>\n\t<meta name=\"msvalidate.01\" content=\"354F3CDFB2DA171B47FBE9ABF1F88D5\" \/>\n\t<meta name=\"keywords\" content=\"actualidad\" \/>\n\t<link rel=\"canonical\" href=\"https:\/\/candas365.es\/noticias\/el-bayern-busca-espantar-el-fantasma-de-la-crisis-ante-el-leverkusen\/\" \/>\n\t<meta name=\"generator\" content=\"All in One SEO Pro (AIOSEO) 4.9.6.2\" \/>\n\t\t<meta property=\"og:locale\" content=\"es_ES\" \/>\n\t\t<meta property=\"og:site_name\" content=\"Cand\u00e1s 365\" \/>\n\t\t<meta property=\"og:type\" content=\"article\" \/>\n\t\t<meta property=\"og:title\" content=\"El Bayern busca espantar el fantasma de la crisis ante el Leverkusen | Cand\u00e1s 365\" \/>\n\t\t<meta property=\"og:description\" content=\"Berl\u00edn, 25 nov (dpa) - El Bayern M\u00fanich recibe ma\u00f1ana en casa al Bayer Leverkusen en un momento en el que est\u00e1 obligado a ganar para espantar el fantasma de la crisis que se cierne sobre el equipo tras tres tropiezos seguidos. El conjunto de Carlo Ancelotti afronta la duod\u00e9cima jornada de la Liga alemana\" \/>\n\t\t<meta property=\"og:url\" content=\"https:\/\/candas365.es\/noticias\/el-bayern-busca-espantar-el-fantasma-de-la-crisis-ante-el-leverkusen\/\" \/>\n\t\t<meta property=\"og:image\" content=\"https:\/\/candas365.es\/noticias\/wp-content\/uploads\/2015\/12\/bayern.jpg\" \/>\n\t\t<meta property=\"og:image:secure_url\" content=\"https:\/\/candas365.es\/noticias\/wp-content\/uploads\/2015\/12\/bayern.jpg\" \/>\n\t\t<meta property=\"og:image:width\" content=\"655\" \/>\n\t\t<meta property=\"og:image:height\" content=\"360\" \/>\n\t\t<meta property=\"article:published_time\" content=\"2016-11-25T17:58:01+00:00\" \/>\n\t\t<meta property=\"article:modified_time\" content=\"2016-11-25T17:58:01+00:00\" \/>\n\t\t<meta property=\"article:publisher\" content=\"https:\/\/www.facebook.com\/Nachofdezber\" \/>\n\t\t<meta property=\"article:author\" content=\"https:\/\/www.facebook.com\/carrenoactualidad\" \/>\n\t\t<meta name=\"twitter:card\" content=\"summary_large_image\" \/>\n\t\t<meta name=\"twitter:site\" content=\"@NabercoDigital\" \/>\n\t\t<meta name=\"twitter:title\" content=\"El Bayern busca espantar el fantasma de la crisis ante el Leverkusen | Cand\u00e1s 365\" \/>\n\t\t<meta name=\"twitter:description\" content=\"Berl\u00edn, 25 nov (dpa) - El Bayern M\u00fanich recibe ma\u00f1ana en casa al Bayer Leverkusen en un momento en el que est\u00e1 obligado a ganar para espantar el fantasma de la crisis que se cierne sobre el equipo tras tres tropiezos seguidos. El conjunto de Carlo Ancelotti afronta la duod\u00e9cima jornada de la Liga alemana\" \/>\n\t\t<meta name=\"twitter:creator\" content=\"@nbasturias\" \/>\n\t\t<meta name=\"twitter:image\" content=\"https:\/\/candas365.es\/noticias\/wp-content\/uploads\/2015\/12\/bayern.jpg\" \/>\n\t\t<meta name=\"twitter:label1\" content=\"Escrito por\" \/>\n\t\t<meta name=\"twitter:data1\" content=\"Cand\u00e1s 365\" \/>\n\t\t<meta name=\"twitter:label2\" content=\"Tiempo de lectura estimado\" \/>\n\t\t<meta name=\"twitter:data2\" content=\"3 minutos\" \/>\n\t\t<script type=\"application\/ld+json\" class=\"aioseo-schema\">\n\t\t\t{\"@context\":\"https:\\\/\\\/schema.org\",\"@graph\":[{\"@type\":\"BreadcrumbList\",\"@id\":\"https:\\\/\\\/candas365.es\\\/noticias\\\/el-bayern-busca-espantar-el-fantasma-de-la-crisis-ante-el-leverkusen\\\/#breadcrumblist\",\"itemListElement\":[{\"@type\":\"ListItem\",\"@id\":\"https:\\\/\\\/candas365.es\\\/noticias#listItem\",\"position\":1,\"name\":\"Home\",\"item\":\"https:\\\/\\\/candas365.es\\\/noticias\",\"nextItem\":{\"@type\":\"ListItem\",\"@id\":\"https:\\\/\\\/candas365.es\\\/noticias\\\/category\\\/actualidad\\\/#listItem\",\"name\":\"Actualidad\"}},{\"@type\":\"ListItem\",\"@id\":\"https:\\\/\\\/candas365.es\\\/noticias\\\/category\\\/actualidad\\\/#listItem\",\"position\":2,\"name\":\"Actualidad\",\"item\":\"https:\\\/\\\/candas365.es\\\/noticias\\\/category\\\/actualidad\\\/\",\"nextItem\":{\"@type\":\"ListItem\",\"@id\":\"https:\\\/\\\/candas365.es\\\/noticias\\\/el-bayern-busca-espantar-el-fantasma-de-la-crisis-ante-el-leverkusen\\\/#listItem\",\"name\":\"El Bayern busca espantar el fantasma de la crisis ante el Leverkusen\"},\"previousItem\":{\"@type\":\"ListItem\",\"@id\":\"https:\\\/\\\/candas365.es\\\/noticias#listItem\",\"name\":\"Home\"}},{\"@type\":\"ListItem\",\"@id\":\"https:\\\/\\\/candas365.es\\\/noticias\\\/el-bayern-busca-espantar-el-fantasma-de-la-crisis-ante-el-leverkusen\\\/#listItem\",\"position\":3,\"name\":\"El Bayern busca espantar el fantasma de la crisis ante el Leverkusen\",\"previousItem\":{\"@type\":\"ListItem\",\"@id\":\"https:\\\/\\\/candas365.es\\\/noticias\\\/category\\\/actualidad\\\/#listItem\",\"name\":\"Actualidad\"}}]},{\"@type\":\"NewsArticle\",\"@id\":\"https:\\\/\\\/candas365.es\\\/noticias\\\/el-bayern-busca-espantar-el-fantasma-de-la-crisis-ante-el-leverkusen\\\/#newsarticle\",\"name\":\"El Bayern busca espantar el fantasma de la crisis ante el Leverkusen | Cand\\u00e1s 365\",\"headline\":\"El Bayern busca espantar el fantasma de la crisis ante el Leverkusen\",\"author\":{\"@id\":\"https:\\\/\\\/candas365.es\\\/noticias\\\/author\\\/admin\\\/#author\"},\"publisher\":{\"@id\":\"https:\\\/\\\/candas365.es\\\/noticias\\\/#organization\"},\"image\":{\"@type\":\"ImageObject\",\"url\":\"https:\\\/\\\/candas365.es\\\/noticias\\\/wp-content\\\/uploads\\\/2015\\\/12\\\/bayern.jpg\",\"width\":655,\"height\":360},\"datePublished\":\"2016-11-25T17:58:01+01:00\",\"dateModified\":\"2016-11-25T17:58:01+01:00\",\"inLanguage\":\"es-ES\",\"mainEntityOfPage\":{\"@id\":\"https:\\\/\\\/candas365.es\\\/noticias\\\/el-bayern-busca-espantar-el-fantasma-de-la-crisis-ante-el-leverkusen\\\/#webpage\"},\"isPartOf\":{\"@id\":\"https:\\\/\\\/candas365.es\\\/noticias\\\/el-bayern-busca-espantar-el-fantasma-de-la-crisis-ante-el-leverkusen\\\/#webpage\"},\"articleSection\":\"Actualidad\",\"dateline\":\"Publicado el noviembre 25, 2016.\"},{\"@type\":\"Organization\",\"@id\":\"https:\\\/\\\/candas365.es\\\/noticias\\\/#organization\",\"name\":\"Cand\\u00e1s 365\",\"description\":\"Cand\\u00e1s 365 es un diario digital independiente, fundado en 2012, con base en Asturias. Informamos con rigor sobre actualidad, sociedad, cultura y ocio, con una mirada local y global.\",\"url\":\"https:\\\/\\\/candas365.es\\\/noticias\\\/\",\"email\":\"info@candas365.es\",\"telephone\":\"+34652131393\",\"foundingDate\":\"2012-06-10\",\"logo\":{\"@type\":\"ImageObject\",\"url\":\"https:\\\/\\\/candas365.es\\\/noticias\\\/wp-content\\\/uploads\\\/2024\\\/09\\\/Candas-365-Redes.jpg\",\"@id\":\"https:\\\/\\\/candas365.es\\\/noticias\\\/el-bayern-busca-espantar-el-fantasma-de-la-crisis-ante-el-leverkusen\\\/#organizationLogo\",\"width\":1152,\"height\":864,\"caption\":\"Cand\\u00e1s 365 Redes\"},\"image\":{\"@id\":\"https:\\\/\\\/candas365.es\\\/noticias\\\/el-bayern-busca-espantar-el-fantasma-de-la-crisis-ante-el-leverkusen\\\/#organizationLogo\"},\"sameAs\":[\"https:\\\/\\\/www.facebook.com\\\/Nachofdezber\",\"https:\\\/\\\/x.com\\\/NabercoDigital\",\"https:\\\/\\\/www.instagram.com\\\/nachofdezber\\\/\",\"https:\\\/\\\/www.youtube.com\\\/channel\\\/UCZP-2wLEB9Rv6erhFmqVnvg\"],\"address\":{\"@id\":\"https:\\\/\\\/candas365.es\\\/noticias\\\/#postaladdress\",\"@type\":\"PostalAddress\",\"streetAddress\":\"san antonio 4, san antonio 4\",\"postalCode\":\"33430\",\"addressLocality\":\"Cand\\u00e1s\",\"addressRegion\":\"Asturias\",\"addressCountry\":\"ES\"}},{\"@type\":\"Person\",\"@id\":\"https:\\\/\\\/candas365.es\\\/noticias\\\/author\\\/admin\\\/#author\",\"url\":\"https:\\\/\\\/candas365.es\\\/noticias\\\/author\\\/admin\\\/\",\"name\":\"Cand\\u00e1s 365\",\"image\":{\"@type\":\"ImageObject\",\"@id\":\"https:\\\/\\\/candas365.es\\\/noticias\\\/el-bayern-busca-espantar-el-fantasma-de-la-crisis-ante-el-leverkusen\\\/#authorImage\",\"url\":\"https:\\\/\\\/secure.gravatar.com\\\/avatar\\\/496a8e03d0c493ede1718b7934145dbdf8d89be1036b0eec9544e1094c9de390?s=96&d=mm&r=g\",\"width\":96,\"height\":96,\"caption\":\"Cand\\u00e1s 365\"},\"sameAs\":[\"https:\\\/\\\/www.facebook.com\\\/carrenoactualidad\",\"https:\\\/\\\/twitter.com\\\/nbasturias\",\"https:\\\/\\\/www.instagram.com\\\/nachofdezber\\\/\",\"https:\\\/\\\/www.youtube.com\\\/channel\\\/UCZP-2wLEB9Rv6erhFmqVnvg\"]},{\"@type\":\"WebPage\",\"@id\":\"https:\\\/\\\/candas365.es\\\/noticias\\\/el-bayern-busca-espantar-el-fantasma-de-la-crisis-ante-el-leverkusen\\\/#webpage\",\"url\":\"https:\\\/\\\/candas365.es\\\/noticias\\\/el-bayern-busca-espantar-el-fantasma-de-la-crisis-ante-el-leverkusen\\\/\",\"name\":\"El Bayern busca espantar el fantasma de la crisis ante el Leverkusen | Cand\\u00e1s 365\",\"description\":\"Berl\\u00edn, 25 nov (dpa) - El Bayern M\\u00fanich recibe ma\\u00f1ana en casa al Bayer Leverkusen en un momento en el que est\\u00e1 obligado a ganar para espantar el fantasma de la crisis que se cierne sobre el equipo tras tres tropiezos seguidos. El conjunto de Carlo Ancelotti afronta la duod\\u00e9cima jornada de la Liga alemana\",\"inLanguage\":\"es-ES\",\"isPartOf\":{\"@id\":\"https:\\\/\\\/candas365.es\\\/noticias\\\/#website\"},\"breadcrumb\":{\"@id\":\"https:\\\/\\\/candas365.es\\\/noticias\\\/el-bayern-busca-espantar-el-fantasma-de-la-crisis-ante-el-leverkusen\\\/#breadcrumblist\"},\"author\":{\"@id\":\"https:\\\/\\\/candas365.es\\\/noticias\\\/author\\\/admin\\\/#author\"},\"creator\":{\"@id\":\"https:\\\/\\\/candas365.es\\\/noticias\\\/author\\\/admin\\\/#author\"},\"image\":{\"@type\":\"ImageObject\",\"url\":\"https:\\\/\\\/candas365.es\\\/noticias\\\/wp-content\\\/uploads\\\/2015\\\/12\\\/bayern.jpg\",\"@id\":\"https:\\\/\\\/candas365.es\\\/noticias\\\/el-bayern-busca-espantar-el-fantasma-de-la-crisis-ante-el-leverkusen\\\/#mainImage\",\"width\":655,\"height\":360},\"primaryImageOfPage\":{\"@id\":\"https:\\\/\\\/candas365.es\\\/noticias\\\/el-bayern-busca-espantar-el-fantasma-de-la-crisis-ante-el-leverkusen\\\/#mainImage\"},\"datePublished\":\"2016-11-25T17:58:01+01:00\",\"dateModified\":\"2016-11-25T17:58:01+01:00\"},{\"@type\":\"WebSite\",\"@id\":\"https:\\\/\\\/candas365.es\\\/noticias\\\/#website\",\"url\":\"https:\\\/\\\/candas365.es\\\/noticias\\\/\",\"name\":\"Cand\\u00e1s 365\",\"alternateName\":\"Cand\\u00e1s 365 Noticias\",\"description\":\"Actualidad desde Carre\\u00f1o para el mundo\",\"inLanguage\":\"es-ES\",\"publisher\":{\"@id\":\"https:\\\/\\\/candas365.es\\\/noticias\\\/#organization\"}}]}\n\t\t<\/script>\n\t\t<!-- All in One SEO Pro -->\r\n\t\t<title>El Bayern busca espantar el fantasma de la crisis ante el Leverkusen | Cand\u00e1s 365<\/title>\n\n","aioseo_head_json":{"title":"El Bayern busca espantar el fantasma de la crisis ante el Leverkusen | Cand\u00e1s 365","description":"Berl\u00edn, 25 nov (dpa) - El Bayern M\u00fanich recibe ma\u00f1ana en casa al Bayer Leverkusen en un momento en el que est\u00e1 obligado a ganar para espantar el fantasma de la crisis que se cierne sobre el equipo tras tres tropiezos seguidos. El conjunto de Carlo Ancelotti afronta la duod\u00e9cima jornada de la Liga alemana","canonical_url":"https:\/\/candas365.es\/noticias\/el-bayern-busca-espantar-el-fantasma-de-la-crisis-ante-el-leverkusen\/","robots":"max-image-preview:large","keywords":"actualidad","webmasterTools":{"google-site-verification":"UA-32230408-1","msvalidate.01":"354F3CDFB2DA171B47FBE9ABF1F88D5","miscellaneous":""},"schema":{"@context":"https:\/\/schema.org","@graph":[{"@type":"BreadcrumbList","@id":"https:\/\/candas365.es\/noticias\/el-bayern-busca-espantar-el-fantasma-de-la-crisis-ante-el-leverkusen\/#breadcrumblist","itemListElement":[{"@type":"ListItem","@id":"https:\/\/candas365.es\/noticias#listItem","position":1,"name":"Home","item":"https:\/\/candas365.es\/noticias","nextItem":{"@type":"ListItem","@id":"https:\/\/candas365.es\/noticias\/category\/actualidad\/#listItem","name":"Actualidad"}},{"@type":"ListItem","@id":"https:\/\/candas365.es\/noticias\/category\/actualidad\/#listItem","position":2,"name":"Actualidad","item":"https:\/\/candas365.es\/noticias\/category\/actualidad\/","nextItem":{"@type":"ListItem","@id":"https:\/\/candas365.es\/noticias\/el-bayern-busca-espantar-el-fantasma-de-la-crisis-ante-el-leverkusen\/#listItem","name":"El Bayern busca espantar el fantasma de la crisis ante el Leverkusen"},"previousItem":{"@type":"ListItem","@id":"https:\/\/candas365.es\/noticias#listItem","name":"Home"}},{"@type":"ListItem","@id":"https:\/\/candas365.es\/noticias\/el-bayern-busca-espantar-el-fantasma-de-la-crisis-ante-el-leverkusen\/#listItem","position":3,"name":"El Bayern busca espantar el fantasma de la crisis ante el Leverkusen","previousItem":{"@type":"ListItem","@id":"https:\/\/candas365.es\/noticias\/category\/actualidad\/#listItem","name":"Actualidad"}}]},{"@type":"NewsArticle","@id":"https:\/\/candas365.es\/noticias\/el-bayern-busca-espantar-el-fantasma-de-la-crisis-ante-el-leverkusen\/#newsarticle","name":"El Bayern busca espantar el fantasma de la crisis ante el Leverkusen | Cand\u00e1s 365","headline":"El Bayern busca espantar el fantasma de la crisis ante el Leverkusen","author":{"@id":"https:\/\/candas365.es\/noticias\/author\/admin\/#author"},"publisher":{"@id":"https:\/\/candas365.es\/noticias\/#organization"},"image":{"@type":"ImageObject","url":"https:\/\/candas365.es\/noticias\/wp-content\/uploads\/2015\/12\/bayern.jpg","width":655,"height":360},"datePublished":"2016-11-25T17:58:01+01:00","dateModified":"2016-11-25T17:58:01+01:00","inLanguage":"es-ES","mainEntityOfPage":{"@id":"https:\/\/candas365.es\/noticias\/el-bayern-busca-espantar-el-fantasma-de-la-crisis-ante-el-leverkusen\/#webpage"},"isPartOf":{"@id":"https:\/\/candas365.es\/noticias\/el-bayern-busca-espantar-el-fantasma-de-la-crisis-ante-el-leverkusen\/#webpage"},"articleSection":"Actualidad","dateline":"Publicado el noviembre 25, 2016."},{"@type":"Organization","@id":"https:\/\/candas365.es\/noticias\/#organization","name":"Cand\u00e1s 365","description":"Cand\u00e1s 365 es un diario digital independiente, fundado en 2012, con base en Asturias. Informamos con rigor sobre actualidad, sociedad, cultura y ocio, con una mirada local y global.","url":"https:\/\/candas365.es\/noticias\/","email":"info@candas365.es","telephone":"+34652131393","foundingDate":"2012-06-10","logo":{"@type":"ImageObject","url":"https:\/\/candas365.es\/noticias\/wp-content\/uploads\/2024\/09\/Candas-365-Redes.jpg","@id":"https:\/\/candas365.es\/noticias\/el-bayern-busca-espantar-el-fantasma-de-la-crisis-ante-el-leverkusen\/#organizationLogo","width":1152,"height":864,"caption":"Cand\u00e1s 365 Redes"},"image":{"@id":"https:\/\/candas365.es\/noticias\/el-bayern-busca-espantar-el-fantasma-de-la-crisis-ante-el-leverkusen\/#organizationLogo"},"sameAs":["https:\/\/www.facebook.com\/Nachofdezber","https:\/\/x.com\/NabercoDigital","https:\/\/www.instagram.com\/nachofdezber\/","https:\/\/www.youtube.com\/channel\/UCZP-2wLEB9Rv6erhFmqVnvg"],"address":{"@id":"https:\/\/candas365.es\/noticias\/#postaladdress","@type":"PostalAddress","streetAddress":"san antonio 4, san antonio 4","postalCode":"33430","addressLocality":"Cand\u00e1s","addressRegion":"Asturias","addressCountry":"ES"}},{"@type":"Person","@id":"https:\/\/candas365.es\/noticias\/author\/admin\/#author","url":"https:\/\/candas365.es\/noticias\/author\/admin\/","name":"Cand\u00e1s 365","image":{"@type":"ImageObject","@id":"https:\/\/candas365.es\/noticias\/el-bayern-busca-espantar-el-fantasma-de-la-crisis-ante-el-leverkusen\/#authorImage","url":"https:\/\/secure.gravatar.com\/avatar\/496a8e03d0c493ede1718b7934145dbdf8d89be1036b0eec9544e1094c9de390?s=96&d=mm&r=g","width":96,"height":96,"caption":"Cand\u00e1s 365"},"sameAs":["https:\/\/www.facebook.com\/carrenoactualidad","https:\/\/twitter.com\/nbasturias","https:\/\/www.instagram.com\/nachofdezber\/","https:\/\/www.youtube.com\/channel\/UCZP-2wLEB9Rv6erhFmqVnvg"]},{"@type":"WebPage","@id":"https:\/\/candas365.es\/noticias\/el-bayern-busca-espantar-el-fantasma-de-la-crisis-ante-el-leverkusen\/#webpage","url":"https:\/\/candas365.es\/noticias\/el-bayern-busca-espantar-el-fantasma-de-la-crisis-ante-el-leverkusen\/","name":"El Bayern busca espantar el fantasma de la crisis ante el Leverkusen | Cand\u00e1s 365","description":"Berl\u00edn, 25 nov (dpa) - El Bayern M\u00fanich recibe ma\u00f1ana en casa al Bayer Leverkusen en un momento en el que est\u00e1 obligado a ganar para espantar el fantasma de la crisis que se cierne sobre el equipo tras tres tropiezos seguidos. El conjunto de Carlo Ancelotti afronta la duod\u00e9cima jornada de la Liga alemana","inLanguage":"es-ES","isPartOf":{"@id":"https:\/\/candas365.es\/noticias\/#website"},"breadcrumb":{"@id":"https:\/\/candas365.es\/noticias\/el-bayern-busca-espantar-el-fantasma-de-la-crisis-ante-el-leverkusen\/#breadcrumblist"},"author":{"@id":"https:\/\/candas365.es\/noticias\/author\/admin\/#author"},"creator":{"@id":"https:\/\/candas365.es\/noticias\/author\/admin\/#author"},"image":{"@type":"ImageObject","url":"https:\/\/candas365.es\/noticias\/wp-content\/uploads\/2015\/12\/bayern.jpg","@id":"https:\/\/candas365.es\/noticias\/el-bayern-busca-espantar-el-fantasma-de-la-crisis-ante-el-leverkusen\/#mainImage","width":655,"height":360},"primaryImageOfPage":{"@id":"https:\/\/candas365.es\/noticias\/el-bayern-busca-espantar-el-fantasma-de-la-crisis-ante-el-leverkusen\/#mainImage"},"datePublished":"2016-11-25T17:58:01+01:00","dateModified":"2016-11-25T17:58:01+01:00"},{"@type":"WebSite","@id":"https:\/\/candas365.es\/noticias\/#website","url":"https:\/\/candas365.es\/noticias\/","name":"Cand\u00e1s 365","alternateName":"Cand\u00e1s 365 Noticias","description":"Actualidad desde Carre\u00f1o para el mundo","inLanguage":"es-ES","publisher":{"@id":"https:\/\/candas365.es\/noticias\/#organization"}}]},"og:locale":"es_ES","og:site_name":"Cand\u00e1s 365","og:type":"article","og:title":"El Bayern busca espantar el fantasma de la crisis ante el Leverkusen | Cand\u00e1s 365","og:description":"Berl\u00edn, 25 nov (dpa) - El Bayern M\u00fanich recibe ma\u00f1ana en casa al Bayer Leverkusen en un momento en el que est\u00e1 obligado a ganar para espantar el fantasma de la crisis que se cierne sobre el equipo tras tres tropiezos seguidos. El conjunto de Carlo Ancelotti afronta la duod\u00e9cima jornada de la Liga alemana","og:url":"https:\/\/candas365.es\/noticias\/el-bayern-busca-espantar-el-fantasma-de-la-crisis-ante-el-leverkusen\/","og:image":"https:\/\/candas365.es\/noticias\/wp-content\/uploads\/2015\/12\/bayern.jpg","og:image:secure_url":"https:\/\/candas365.es\/noticias\/wp-content\/uploads\/2015\/12\/bayern.jpg","og:image:width":655,"og:image:height":360,"article:published_time":"2016-11-25T17:58:01+00:00","article:modified_time":"2016-11-25T17:58:01+00:00","article:publisher":"https:\/\/www.facebook.com\/Nachofdezber","article:author":"https:\/\/www.facebook.com\/carrenoactualidad","twitter:card":"summary_large_image","twitter:site":"@NabercoDigital","twitter:title":"El Bayern busca espantar el fantasma de la crisis ante el Leverkusen | Cand\u00e1s 365","twitter:description":"Berl\u00edn, 25 nov (dpa) - El Bayern M\u00fanich recibe ma\u00f1ana en casa al Bayer Leverkusen en un momento en el que est\u00e1 obligado a ganar para espantar el fantasma de la crisis que se cierne sobre el equipo tras tres tropiezos seguidos. El conjunto de Carlo Ancelotti afronta la duod\u00e9cima jornada de la Liga alemana","twitter:creator":"@nbasturias","twitter:image":"https:\/\/candas365.es\/noticias\/wp-content\/uploads\/2015\/12\/bayern.jpg","twitter:label1":"Escrito por","twitter:data1":"Cand\u00e1s 365","twitter:label2":"Tiempo de lectura estimado","twitter:data2":"3 minutos"},"aioseo_meta_data":{"post_id":"36938","title":null,"description":null,"keywords":null,"keyphrases":null,"primary_term":null,"canonical_url":null,"og_title":null,"og_description":null,"og_object_type":"default","og_image_type":"default","og_image_url":null,"og_image_width":null,"og_image_height":null,"og_image_custom_url":null,"og_image_custom_fields":null,"og_video":null,"og_custom_url":null,"og_article_section":null,"og_article_tags":null,"twitter_use_og":false,"twitter_card":"default","twitter_image_type":"default","twitter_image_url":null,"twitter_image_custom_url":null,"twitter_image_custom_fields":null,"twitter_title":null,"twitter_description":null,"schema":{"blockGraphs":[],"customGraphs":[],"default":{"data":{"Article":[],"Course":[],"Dataset":[],"FAQPage":[],"Movie":[],"Person":[],"Product":[],"ProductReview":[],"Car":[],"Recipe":[],"Service":[],"SoftwareApplication":[],"WebPage":[]},"graphName":"","isEnabled":true},"graphs":[],"defaultGraph":"","defaultPostTypeGraph":""},"schema_type":null,"schema_type_options":null,"pillar_content":false,"robots_default":true,"robots_noindex":false,"robots_noarchive":false,"robots_nosnippet":false,"robots_nofollow":false,"robots_noimageindex":false,"robots_noodp":false,"robots_notranslate":false,"robots_max_snippet":null,"robots_max_videopreview":null,"robots_max_imagepreview":"large","priority":null,"frequency":null,"location":null,"local_seo":null,"seo_analyzer_scan_date":"2025-08-24 21:39:17","breadcrumb_settings":null,"limit_modified_date":false,"reviewed_by":null,"open_ai":null,"ai":null,"created":"2020-12-21 13:09:22","updated":"2025-08-24 21:39:17"},"aioseo_breadcrumb":"<div class=\"aioseo-breadcrumbs\"><span class=\"aioseo-breadcrumb\">\n\t<a href=\"https:\/\/candas365.es\/noticias\" title=\"Home\">Home<\/a>\n<\/span><span class=\"aioseo-breadcrumb-separator\">&ndash;<\/span><span class=\"aioseo-breadcrumb\">\n\t<a href=\"https:\/\/candas365.es\/noticias\/category\/actualidad\/\" title=\"Actualidad\">Actualidad<\/a>\n<\/span><span class=\"aioseo-breadcrumb-separator\">&ndash;<\/span><span class=\"aioseo-breadcrumb\">\n\tEl Bayern busca espantar el fantasma de la crisis ante el Leverkusen\n<\/span><\/div>","aioseo_breadcrumb_json":[{"label":"Home","link":"https:\/\/candas365.es\/noticias"},{"label":"Actualidad","link":"https:\/\/candas365.es\/noticias\/category\/actualidad\/"},{"label":"El Bayern busca espantar el fantasma de la crisis ante el Leverkusen","link":"https:\/\/candas365.es\/noticias\/el-bayern-busca-espantar-el-fantasma-de-la-crisis-ante-el-leverkusen\/"}],"_links":{"self":[{"href":"https:\/\/candas365.es\/noticias\/wp-json\/wp\/v2\/posts\/36938","targetHints":{"allow":["GET"]}}],"collection":[{"href":"https:\/\/candas365.es\/noticias\/wp-json\/wp\/v2\/posts"}],"about":[{"href":"https:\/\/candas365.es\/noticias\/wp-json\/wp\/v2\/types\/post"}],"author":[{"embeddable":true,"href":"https:\/\/candas365.es\/noticias\/wp-json\/wp\/v2\/users\/1"}],"replies":[{"embeddable":true,"href":"https:\/\/candas365.es\/noticias\/wp-json\/wp\/v2\/comments?post=36938"}],"version-history":[{"count":0,"href":"https:\/\/candas365.es\/noticias\/wp-json\/wp\/v2\/posts\/36938\/revisions"}],"wp:featuredmedia":[{"embeddable":true,"href":"https:\/\/candas365.es\/noticias\/wp-json\/wp\/v2\/media\/21654"}],"wp:attachment":[{"href":"https:\/\/candas365.es\/noticias\/wp-json\/wp\/v2\/media?parent=36938"}],"wp:term":[{"taxonomy":"category","embeddable":true,"href":"https:\/\/candas365.es\/noticias\/wp-json\/wp\/v2\/categories?post=36938"},{"taxonomy":"post_tag","embeddable":true,"href":"https:\/\/candas365.es\/noticias\/wp-json\/wp\/v2\/tags?post=36938"}],"curies":[{"name":"wp","href":"https:\/\/api.w.org\/{rel}","templated":true}]}}