{"id":36870,"date":"2016-11-24T19:43:55","date_gmt":"2016-11-24T19:43:55","guid":{"rendered":"http:\/\/candas365.es\/noticias\/?p=36870"},"modified":"2016-11-24T19:43:55","modified_gmt":"2016-11-24T19:43:55","slug":"la-economia-espanola-crece-a-un-ritmo-del-32-en-tasa-anual","status":"publish","type":"post","link":"https:\/\/candas365.es\/noticias\/la-economia-espanola-crece-a-un-ritmo-del-32-en-tasa-anual\/","title":{"rendered":"La econom\u00eda espa\u00f1ola crece a un ritmo del 3,2% en tasa anual"},"content":{"rendered":"<p><img fetchpriority=\"high\" decoding=\"async\" class=\"alignleft size-medium wp-image-1016\" src=\"https:\/\/candas365.es\/noticias\/wp-content\/uploads\/2014\/09\/industria-360x239.jpg\" alt=\"industria\" width=\"360\" height=\"239\" srcset=\"https:\/\/candas365.es\/noticias\/wp-content\/uploads\/2014\/09\/industria.jpg 360w, https:\/\/candas365.es\/noticias\/wp-content\/uploads\/2014\/09\/industria-150x100.jpg 150w, https:\/\/candas365.es\/noticias\/wp-content\/uploads\/2014\/09\/industria-84x55.jpg 84w\" sizes=\"(max-width: 360px) 100vw, 360px\" \/>La econom\u00eda espa\u00f1ola mantiene un elevado crecimiento y un fuerte ritmo de creaci\u00f3n de empleo, seg\u00fan los datos de la Contabilidad Nacional correspondientes al tercer trimestre del a\u00f1o, publicados por el INE.<\/p>\n<p>La tasa intertrimestral se sit\u00faa en el 0,7% y la de los \u00faltimos doce meses, en el 3,2%, lo que supone duplicar la media de los pa\u00edses de la zona euro. En lo que va de a\u00f1o, la media de crecimiento es el 3,3%, lo que permite asegurar el cumplimiento holgado del objetivo para el conjunto del ejercicio. La contribuci\u00f3n de la demanda interna y la externa se hace m\u00e1s equilibrada gracias a un crecimiento de las exportaciones mayor que el de las importaciones. La creaci\u00f3n de empleo se sit\u00faa en el 2,9% respecto de hace un a\u00f1o, una d\u00e9cima m\u00e1s que el trimestre anterior, lo que se traduce en 499.000 nuevos puestos de trabajo equivalentes a tiempo completo.<\/p>\n<p>En el tercer trimestre de este a\u00f1o se cumplen doce trimestres de crecimiento de la econom\u00eda espa\u00f1ola y once de aumento del empleo. Desde la salida de la recesi\u00f3n a finales de 2013 hasta la actualidad, la econom\u00eda espa\u00f1ola ha acelerado el crecimiento hasta alcanzar tasas en torno al 3%, igual que ha sucedido con el ritmo de creaci\u00f3n de empleo. Estos resultados reflejan que la recuperaci\u00f3n de la econom\u00eda espa\u00f1ola se consolida y permiten asegurar que en el segundo trimestre del a\u00f1o pr\u00f3ximo se habr\u00e1n recuperado los niveles de renta previos a la crisis y que se avanza hacia al objetivo de alcanzar los 20 millones de ocupados.<\/p>\n<p>La tasa de crecimiento anual alcanzada en el tercer trimestre es inferior en dos d\u00e9cimas a la del trimestre anterior debido a una menor aportaci\u00f3n de la demanda nacional (2,6 puntos porcentuales, tres d\u00e9cimas menos que en el trimestre anterior). La demanda externa, por el contrario, contribuye con seis d\u00e9cimas al avance del PIB, una m\u00e1s que en el trimestre anterior. Esta es la segunda aportaci\u00f3n positiva seguida de la demanda externa, despu\u00e9s de tres trimestres en negativo.<\/p>\n<p>Dentro de la demanda nacional, el consumo de los hogares crece el 2,8%, cuatro d\u00e9cimas menos que el trimestre anterior. La inversi\u00f3n, por su parte, aumenta el 3,1%, medio punto menos. Se trata en cualquier caso de ritmos elevados y que mantienen la demanda nacional como motor de la econom\u00eda, aunque m\u00e1s compensada por el sector exterior. Dentro de este, las exportaciones crecen el 2,8%, a mayor ritmo que las importaciones, que aumentan el 0,9%.<\/p>\n<p>El empleo equivalente a tiempo completo se acelera una d\u00e9cima en el tercer trimestre, tanto en t\u00e9rminos interanuales como en intertrimestrales, anotando tasas del 2,9% y del 0,8%, respectivamente. En el trimestre se crean 136,1 mil empleos equivalentes y casi medio mill\u00f3n en los \u00faltimos doce meses. El total de horas trabajadas aumenta el 2,5% en el tercer trimestre del a\u00f1o respecto al mismo periodo de 2015, al igual que en el trimestre previo, y el n\u00famero de horas por ocupado disminuye un 0,4% interanual, frente al descenso del 0,2% del trimestre previo.<\/p>\n<p>Como consecuencia de la evoluci\u00f3n del PIB y del empleo, la productividad por ocupado se desacelera cuatro d\u00e9cimas en tasa interanual, hasta el 0,2%. La remuneraci\u00f3n por asalariado se incrementa el 0,1% respecto al tercer trimestre de 2015, dos d\u00e9cimas menos que en el segundo trimestre, de manera que los costes laborales unitarios se reducen el 0,1% interanual, frente al descenso del 0,3% del trimestre anterior.<\/p>\n<p>Respecto a la distribuci\u00f3n primaria de las rentas, la desaceleraci\u00f3n del PIB nominal obedece a la evoluci\u00f3n del excedente bruto de explotaci\u00f3n\/rentas mixtas, que crece el 3,5% interanual, frente al avance del 4,8% del segundo trimestre, mientras que la remuneraci\u00f3n de asalariados aumenta el 3,3%, lo mismo que en el trimestre precedente, y los impuestos netos de subvenciones sobre la producci\u00f3n y las importaciones se aceleran dos puntos, hasta el 4,5%.<\/p>\n<p>&nbsp;<\/p>\n","protected":false},"excerpt":{"rendered":"<p>La econom\u00eda espa\u00f1ola mantiene un elevado crecimiento y un fuerte ritmo de creaci\u00f3n de empleo, seg\u00fan los datos de la Contabilidad Nacional correspondientes al tercer trimestre del a\u00f1o, publicados por el INE. La tasa intertrimestral se sit\u00faa en el 0,7% y la de los \u00faltimos doce meses, en el 3,2%, lo que supone duplicar la<\/p>\n","protected":false},"author":1,"featured_media":19556,"comment_status":"closed","ping_status":"closed","sticky":false,"template":"","format":"standard","meta":{"footnotes":""},"categories":[343],"tags":[],"class_list":{"0":"post-36870","1":"post","2":"type-post","3":"status-publish","4":"format-standard","5":"has-post-thumbnail","7":"category-actualidad"},"aioseo_notices":[],"aioseo_head":"\n\t\t<!-- All in One SEO Pro 4.9.6.2 - aioseo.com -->\n\t<meta name=\"description\" content=\"La econom\u00eda espa\u00f1ola mantiene un elevado crecimiento y un fuerte ritmo de creaci\u00f3n de empleo, seg\u00fan los datos de la Contabilidad Nacional correspondientes al tercer trimestre del a\u00f1o, publicados por el INE. La tasa intertrimestral se sit\u00faa en el 0,7% y la de los \u00faltimos doce meses, en el 3,2%, lo que supone duplicar la\" \/>\n\t<meta name=\"robots\" content=\"max-image-preview:large\" \/>\n\t<meta name=\"author\" content=\"Cand\u00e1s 365\"\/>\n\t<meta name=\"google-site-verification\" content=\"UA-32230408-1\" \/>\n\t<meta name=\"msvalidate.01\" content=\"354F3CDFB2DA171B47FBE9ABF1F88D5\" \/>\n\t<meta name=\"keywords\" content=\"actualidad\" \/>\n\t<link rel=\"canonical\" href=\"https:\/\/candas365.es\/noticias\/la-economia-espanola-crece-a-un-ritmo-del-32-en-tasa-anual\/\" \/>\n\t<meta name=\"generator\" content=\"All in One SEO Pro (AIOSEO) 4.9.6.2\" \/>\n\t\t<meta property=\"og:locale\" content=\"es_ES\" \/>\n\t\t<meta property=\"og:site_name\" content=\"Cand\u00e1s 365\" \/>\n\t\t<meta property=\"og:type\" content=\"article\" \/>\n\t\t<meta property=\"og:title\" content=\"La econom\u00eda espa\u00f1ola crece a un ritmo del 3,2% en tasa anual | Cand\u00e1s 365\" \/>\n\t\t<meta property=\"og:description\" content=\"La econom\u00eda espa\u00f1ola mantiene un elevado crecimiento y un fuerte ritmo de creaci\u00f3n de empleo, seg\u00fan los datos de la Contabilidad Nacional correspondientes al tercer trimestre del a\u00f1o, publicados por el INE. La tasa intertrimestral se sit\u00faa en el 0,7% y la de los \u00faltimos doce meses, en el 3,2%, lo que supone duplicar la\" \/>\n\t\t<meta property=\"og:url\" content=\"https:\/\/candas365.es\/noticias\/la-economia-espanola-crece-a-un-ritmo-del-32-en-tasa-anual\/\" \/>\n\t\t<meta property=\"og:image\" content=\"https:\/\/candas365.es\/noticias\/wp-content\/uploads\/2015\/11\/euros.jpg\" \/>\n\t\t<meta property=\"og:image:secure_url\" content=\"https:\/\/candas365.es\/noticias\/wp-content\/uploads\/2015\/11\/euros.jpg\" \/>\n\t\t<meta property=\"og:image:width\" content=\"655\" \/>\n\t\t<meta property=\"og:image:height\" content=\"360\" \/>\n\t\t<meta property=\"article:published_time\" content=\"2016-11-24T19:43:55+00:00\" \/>\n\t\t<meta property=\"article:modified_time\" content=\"2016-11-24T19:43:55+00:00\" \/>\n\t\t<meta property=\"article:publisher\" content=\"https:\/\/www.facebook.com\/Nachofdezber\" \/>\n\t\t<meta property=\"article:author\" content=\"https:\/\/www.facebook.com\/carrenoactualidad\" \/>\n\t\t<meta name=\"twitter:card\" content=\"summary_large_image\" \/>\n\t\t<meta name=\"twitter:site\" content=\"@NabercoDigital\" \/>\n\t\t<meta name=\"twitter:title\" content=\"La econom\u00eda espa\u00f1ola crece a un ritmo del 3,2% en tasa anual | Cand\u00e1s 365\" \/>\n\t\t<meta name=\"twitter:description\" content=\"La econom\u00eda espa\u00f1ola mantiene un elevado crecimiento y un fuerte ritmo de creaci\u00f3n de empleo, seg\u00fan los datos de la Contabilidad Nacional correspondientes al tercer trimestre del a\u00f1o, publicados por el INE. La tasa intertrimestral se sit\u00faa en el 0,7% y la de los \u00faltimos doce meses, en el 3,2%, lo que supone duplicar la\" \/>\n\t\t<meta name=\"twitter:creator\" content=\"@nbasturias\" \/>\n\t\t<meta name=\"twitter:image\" content=\"https:\/\/candas365.es\/noticias\/wp-content\/uploads\/2015\/11\/euros.jpg\" \/>\n\t\t<meta name=\"twitter:label1\" content=\"Escrito por\" \/>\n\t\t<meta name=\"twitter:data1\" content=\"Cand\u00e1s 365\" \/>\n\t\t<meta name=\"twitter:label2\" content=\"Tiempo de lectura estimado\" \/>\n\t\t<meta name=\"twitter:data2\" content=\"3 minutos\" \/>\n\t\t<script type=\"application\/ld+json\" class=\"aioseo-schema\">\n\t\t\t{\"@context\":\"https:\\\/\\\/schema.org\",\"@graph\":[{\"@type\":\"BreadcrumbList\",\"@id\":\"https:\\\/\\\/candas365.es\\\/noticias\\\/la-economia-espanola-crece-a-un-ritmo-del-32-en-tasa-anual\\\/#breadcrumblist\",\"itemListElement\":[{\"@type\":\"ListItem\",\"@id\":\"https:\\\/\\\/candas365.es\\\/noticias#listItem\",\"position\":1,\"name\":\"Home\",\"item\":\"https:\\\/\\\/candas365.es\\\/noticias\",\"nextItem\":{\"@type\":\"ListItem\",\"@id\":\"https:\\\/\\\/candas365.es\\\/noticias\\\/category\\\/actualidad\\\/#listItem\",\"name\":\"Actualidad\"}},{\"@type\":\"ListItem\",\"@id\":\"https:\\\/\\\/candas365.es\\\/noticias\\\/category\\\/actualidad\\\/#listItem\",\"position\":2,\"name\":\"Actualidad\",\"item\":\"https:\\\/\\\/candas365.es\\\/noticias\\\/category\\\/actualidad\\\/\",\"nextItem\":{\"@type\":\"ListItem\",\"@id\":\"https:\\\/\\\/candas365.es\\\/noticias\\\/la-economia-espanola-crece-a-un-ritmo-del-32-en-tasa-anual\\\/#listItem\",\"name\":\"La econom\\u00eda espa\\u00f1ola crece a un ritmo del 3,2% en tasa anual\"},\"previousItem\":{\"@type\":\"ListItem\",\"@id\":\"https:\\\/\\\/candas365.es\\\/noticias#listItem\",\"name\":\"Home\"}},{\"@type\":\"ListItem\",\"@id\":\"https:\\\/\\\/candas365.es\\\/noticias\\\/la-economia-espanola-crece-a-un-ritmo-del-32-en-tasa-anual\\\/#listItem\",\"position\":3,\"name\":\"La econom\\u00eda espa\\u00f1ola crece a un ritmo del 3,2% en tasa anual\",\"previousItem\":{\"@type\":\"ListItem\",\"@id\":\"https:\\\/\\\/candas365.es\\\/noticias\\\/category\\\/actualidad\\\/#listItem\",\"name\":\"Actualidad\"}}]},{\"@type\":\"NewsArticle\",\"@id\":\"https:\\\/\\\/candas365.es\\\/noticias\\\/la-economia-espanola-crece-a-un-ritmo-del-32-en-tasa-anual\\\/#newsarticle\",\"name\":\"La econom\\u00eda espa\\u00f1ola crece a un ritmo del 3,2% en tasa anual | Cand\\u00e1s 365\",\"headline\":\"La econom\\u00eda espa\\u00f1ola crece a un ritmo del 3,2% en tasa anual\",\"author\":{\"@id\":\"https:\\\/\\\/candas365.es\\\/noticias\\\/author\\\/admin\\\/#author\"},\"publisher\":{\"@id\":\"https:\\\/\\\/candas365.es\\\/noticias\\\/#organization\"},\"image\":{\"@type\":\"ImageObject\",\"url\":\"https:\\\/\\\/candas365.es\\\/noticias\\\/wp-content\\\/uploads\\\/2015\\\/11\\\/euros.jpg\",\"width\":655,\"height\":360},\"datePublished\":\"2016-11-24T19:43:55+01:00\",\"dateModified\":\"2016-11-24T19:43:55+01:00\",\"inLanguage\":\"es-ES\",\"mainEntityOfPage\":{\"@id\":\"https:\\\/\\\/candas365.es\\\/noticias\\\/la-economia-espanola-crece-a-un-ritmo-del-32-en-tasa-anual\\\/#webpage\"},\"isPartOf\":{\"@id\":\"https:\\\/\\\/candas365.es\\\/noticias\\\/la-economia-espanola-crece-a-un-ritmo-del-32-en-tasa-anual\\\/#webpage\"},\"articleSection\":\"Actualidad\",\"dateline\":\"Publicado el noviembre 24, 2016.\"},{\"@type\":\"Organization\",\"@id\":\"https:\\\/\\\/candas365.es\\\/noticias\\\/#organization\",\"name\":\"Cand\\u00e1s 365\",\"description\":\"Cand\\u00e1s 365 es un diario digital independiente, fundado en 2012, con base en Asturias. Informamos con rigor sobre actualidad, sociedad, cultura y ocio, con una mirada local y global.\",\"url\":\"https:\\\/\\\/candas365.es\\\/noticias\\\/\",\"email\":\"info@candas365.es\",\"telephone\":\"+34652131393\",\"foundingDate\":\"2012-06-10\",\"logo\":{\"@type\":\"ImageObject\",\"url\":\"https:\\\/\\\/candas365.es\\\/noticias\\\/wp-content\\\/uploads\\\/2024\\\/09\\\/Candas-365-Redes.jpg\",\"@id\":\"https:\\\/\\\/candas365.es\\\/noticias\\\/la-economia-espanola-crece-a-un-ritmo-del-32-en-tasa-anual\\\/#organizationLogo\",\"width\":1152,\"height\":864,\"caption\":\"Cand\\u00e1s 365 Redes\"},\"image\":{\"@id\":\"https:\\\/\\\/candas365.es\\\/noticias\\\/la-economia-espanola-crece-a-un-ritmo-del-32-en-tasa-anual\\\/#organizationLogo\"},\"sameAs\":[\"https:\\\/\\\/www.facebook.com\\\/Nachofdezber\",\"https:\\\/\\\/x.com\\\/NabercoDigital\",\"https:\\\/\\\/www.instagram.com\\\/nachofdezber\\\/\",\"https:\\\/\\\/www.youtube.com\\\/channel\\\/UCZP-2wLEB9Rv6erhFmqVnvg\"],\"address\":{\"@id\":\"https:\\\/\\\/candas365.es\\\/noticias\\\/#postaladdress\",\"@type\":\"PostalAddress\",\"streetAddress\":\"san antonio 4, san antonio 4\",\"postalCode\":\"33430\",\"addressLocality\":\"Cand\\u00e1s\",\"addressRegion\":\"Asturias\",\"addressCountry\":\"ES\"}},{\"@type\":\"Person\",\"@id\":\"https:\\\/\\\/candas365.es\\\/noticias\\\/author\\\/admin\\\/#author\",\"url\":\"https:\\\/\\\/candas365.es\\\/noticias\\\/author\\\/admin\\\/\",\"name\":\"Cand\\u00e1s 365\",\"image\":{\"@type\":\"ImageObject\",\"@id\":\"https:\\\/\\\/candas365.es\\\/noticias\\\/la-economia-espanola-crece-a-un-ritmo-del-32-en-tasa-anual\\\/#authorImage\",\"url\":\"https:\\\/\\\/secure.gravatar.com\\\/avatar\\\/496a8e03d0c493ede1718b7934145dbdf8d89be1036b0eec9544e1094c9de390?s=96&d=mm&r=g\",\"width\":96,\"height\":96,\"caption\":\"Cand\\u00e1s 365\"},\"sameAs\":[\"https:\\\/\\\/www.facebook.com\\\/carrenoactualidad\",\"https:\\\/\\\/twitter.com\\\/nbasturias\",\"https:\\\/\\\/www.instagram.com\\\/nachofdezber\\\/\",\"https:\\\/\\\/www.youtube.com\\\/channel\\\/UCZP-2wLEB9Rv6erhFmqVnvg\"]},{\"@type\":\"WebPage\",\"@id\":\"https:\\\/\\\/candas365.es\\\/noticias\\\/la-economia-espanola-crece-a-un-ritmo-del-32-en-tasa-anual\\\/#webpage\",\"url\":\"https:\\\/\\\/candas365.es\\\/noticias\\\/la-economia-espanola-crece-a-un-ritmo-del-32-en-tasa-anual\\\/\",\"name\":\"La econom\\u00eda espa\\u00f1ola crece a un ritmo del 3,2% en tasa anual | Cand\\u00e1s 365\",\"description\":\"La econom\\u00eda espa\\u00f1ola mantiene un elevado crecimiento y un fuerte ritmo de creaci\\u00f3n de empleo, seg\\u00fan los datos de la Contabilidad Nacional correspondientes al tercer trimestre del a\\u00f1o, publicados por el INE. La tasa intertrimestral se sit\\u00faa en el 0,7% y la de los \\u00faltimos doce meses, en el 3,2%, lo que supone duplicar la\",\"inLanguage\":\"es-ES\",\"isPartOf\":{\"@id\":\"https:\\\/\\\/candas365.es\\\/noticias\\\/#website\"},\"breadcrumb\":{\"@id\":\"https:\\\/\\\/candas365.es\\\/noticias\\\/la-economia-espanola-crece-a-un-ritmo-del-32-en-tasa-anual\\\/#breadcrumblist\"},\"author\":{\"@id\":\"https:\\\/\\\/candas365.es\\\/noticias\\\/author\\\/admin\\\/#author\"},\"creator\":{\"@id\":\"https:\\\/\\\/candas365.es\\\/noticias\\\/author\\\/admin\\\/#author\"},\"image\":{\"@type\":\"ImageObject\",\"url\":\"https:\\\/\\\/candas365.es\\\/noticias\\\/wp-content\\\/uploads\\\/2015\\\/11\\\/euros.jpg\",\"@id\":\"https:\\\/\\\/candas365.es\\\/noticias\\\/la-economia-espanola-crece-a-un-ritmo-del-32-en-tasa-anual\\\/#mainImage\",\"width\":655,\"height\":360},\"primaryImageOfPage\":{\"@id\":\"https:\\\/\\\/candas365.es\\\/noticias\\\/la-economia-espanola-crece-a-un-ritmo-del-32-en-tasa-anual\\\/#mainImage\"},\"datePublished\":\"2016-11-24T19:43:55+01:00\",\"dateModified\":\"2016-11-24T19:43:55+01:00\"},{\"@type\":\"WebSite\",\"@id\":\"https:\\\/\\\/candas365.es\\\/noticias\\\/#website\",\"url\":\"https:\\\/\\\/candas365.es\\\/noticias\\\/\",\"name\":\"Cand\\u00e1s 365\",\"alternateName\":\"Cand\\u00e1s 365 Noticias\",\"description\":\"Actualidad desde Carre\\u00f1o para el mundo\",\"inLanguage\":\"es-ES\",\"publisher\":{\"@id\":\"https:\\\/\\\/candas365.es\\\/noticias\\\/#organization\"}}]}\n\t\t<\/script>\n\t\t<!-- All in One SEO Pro -->\r\n\t\t<title>La econom\u00eda espa\u00f1ola crece a un ritmo del 3,2% en tasa anual | Cand\u00e1s 365<\/title>\n\n","aioseo_head_json":{"title":"La econom\u00eda espa\u00f1ola crece a un ritmo del 3,2% en tasa anual | Cand\u00e1s 365","description":"La econom\u00eda espa\u00f1ola mantiene un elevado crecimiento y un fuerte ritmo de creaci\u00f3n de empleo, seg\u00fan los datos de la Contabilidad Nacional correspondientes al tercer trimestre del a\u00f1o, publicados por el INE. La tasa intertrimestral se sit\u00faa en el 0,7% y la de los \u00faltimos doce meses, en el 3,2%, lo que supone duplicar la","canonical_url":"https:\/\/candas365.es\/noticias\/la-economia-espanola-crece-a-un-ritmo-del-32-en-tasa-anual\/","robots":"max-image-preview:large","keywords":"actualidad","webmasterTools":{"google-site-verification":"UA-32230408-1","msvalidate.01":"354F3CDFB2DA171B47FBE9ABF1F88D5","miscellaneous":""},"schema":{"@context":"https:\/\/schema.org","@graph":[{"@type":"BreadcrumbList","@id":"https:\/\/candas365.es\/noticias\/la-economia-espanola-crece-a-un-ritmo-del-32-en-tasa-anual\/#breadcrumblist","itemListElement":[{"@type":"ListItem","@id":"https:\/\/candas365.es\/noticias#listItem","position":1,"name":"Home","item":"https:\/\/candas365.es\/noticias","nextItem":{"@type":"ListItem","@id":"https:\/\/candas365.es\/noticias\/category\/actualidad\/#listItem","name":"Actualidad"}},{"@type":"ListItem","@id":"https:\/\/candas365.es\/noticias\/category\/actualidad\/#listItem","position":2,"name":"Actualidad","item":"https:\/\/candas365.es\/noticias\/category\/actualidad\/","nextItem":{"@type":"ListItem","@id":"https:\/\/candas365.es\/noticias\/la-economia-espanola-crece-a-un-ritmo-del-32-en-tasa-anual\/#listItem","name":"La econom\u00eda espa\u00f1ola crece a un ritmo del 3,2% en tasa anual"},"previousItem":{"@type":"ListItem","@id":"https:\/\/candas365.es\/noticias#listItem","name":"Home"}},{"@type":"ListItem","@id":"https:\/\/candas365.es\/noticias\/la-economia-espanola-crece-a-un-ritmo-del-32-en-tasa-anual\/#listItem","position":3,"name":"La econom\u00eda espa\u00f1ola crece a un ritmo del 3,2% en tasa anual","previousItem":{"@type":"ListItem","@id":"https:\/\/candas365.es\/noticias\/category\/actualidad\/#listItem","name":"Actualidad"}}]},{"@type":"NewsArticle","@id":"https:\/\/candas365.es\/noticias\/la-economia-espanola-crece-a-un-ritmo-del-32-en-tasa-anual\/#newsarticle","name":"La econom\u00eda espa\u00f1ola crece a un ritmo del 3,2% en tasa anual | Cand\u00e1s 365","headline":"La econom\u00eda espa\u00f1ola crece a un ritmo del 3,2% en tasa anual","author":{"@id":"https:\/\/candas365.es\/noticias\/author\/admin\/#author"},"publisher":{"@id":"https:\/\/candas365.es\/noticias\/#organization"},"image":{"@type":"ImageObject","url":"https:\/\/candas365.es\/noticias\/wp-content\/uploads\/2015\/11\/euros.jpg","width":655,"height":360},"datePublished":"2016-11-24T19:43:55+01:00","dateModified":"2016-11-24T19:43:55+01:00","inLanguage":"es-ES","mainEntityOfPage":{"@id":"https:\/\/candas365.es\/noticias\/la-economia-espanola-crece-a-un-ritmo-del-32-en-tasa-anual\/#webpage"},"isPartOf":{"@id":"https:\/\/candas365.es\/noticias\/la-economia-espanola-crece-a-un-ritmo-del-32-en-tasa-anual\/#webpage"},"articleSection":"Actualidad","dateline":"Publicado el noviembre 24, 2016."},{"@type":"Organization","@id":"https:\/\/candas365.es\/noticias\/#organization","name":"Cand\u00e1s 365","description":"Cand\u00e1s 365 es un diario digital independiente, fundado en 2012, con base en Asturias. Informamos con rigor sobre actualidad, sociedad, cultura y ocio, con una mirada local y global.","url":"https:\/\/candas365.es\/noticias\/","email":"info@candas365.es","telephone":"+34652131393","foundingDate":"2012-06-10","logo":{"@type":"ImageObject","url":"https:\/\/candas365.es\/noticias\/wp-content\/uploads\/2024\/09\/Candas-365-Redes.jpg","@id":"https:\/\/candas365.es\/noticias\/la-economia-espanola-crece-a-un-ritmo-del-32-en-tasa-anual\/#organizationLogo","width":1152,"height":864,"caption":"Cand\u00e1s 365 Redes"},"image":{"@id":"https:\/\/candas365.es\/noticias\/la-economia-espanola-crece-a-un-ritmo-del-32-en-tasa-anual\/#organizationLogo"},"sameAs":["https:\/\/www.facebook.com\/Nachofdezber","https:\/\/x.com\/NabercoDigital","https:\/\/www.instagram.com\/nachofdezber\/","https:\/\/www.youtube.com\/channel\/UCZP-2wLEB9Rv6erhFmqVnvg"],"address":{"@id":"https:\/\/candas365.es\/noticias\/#postaladdress","@type":"PostalAddress","streetAddress":"san antonio 4, san antonio 4","postalCode":"33430","addressLocality":"Cand\u00e1s","addressRegion":"Asturias","addressCountry":"ES"}},{"@type":"Person","@id":"https:\/\/candas365.es\/noticias\/author\/admin\/#author","url":"https:\/\/candas365.es\/noticias\/author\/admin\/","name":"Cand\u00e1s 365","image":{"@type":"ImageObject","@id":"https:\/\/candas365.es\/noticias\/la-economia-espanola-crece-a-un-ritmo-del-32-en-tasa-anual\/#authorImage","url":"https:\/\/secure.gravatar.com\/avatar\/496a8e03d0c493ede1718b7934145dbdf8d89be1036b0eec9544e1094c9de390?s=96&d=mm&r=g","width":96,"height":96,"caption":"Cand\u00e1s 365"},"sameAs":["https:\/\/www.facebook.com\/carrenoactualidad","https:\/\/twitter.com\/nbasturias","https:\/\/www.instagram.com\/nachofdezber\/","https:\/\/www.youtube.com\/channel\/UCZP-2wLEB9Rv6erhFmqVnvg"]},{"@type":"WebPage","@id":"https:\/\/candas365.es\/noticias\/la-economia-espanola-crece-a-un-ritmo-del-32-en-tasa-anual\/#webpage","url":"https:\/\/candas365.es\/noticias\/la-economia-espanola-crece-a-un-ritmo-del-32-en-tasa-anual\/","name":"La econom\u00eda espa\u00f1ola crece a un ritmo del 3,2% en tasa anual | Cand\u00e1s 365","description":"La econom\u00eda espa\u00f1ola mantiene un elevado crecimiento y un fuerte ritmo de creaci\u00f3n de empleo, seg\u00fan los datos de la Contabilidad Nacional correspondientes al tercer trimestre del a\u00f1o, publicados por el INE. La tasa intertrimestral se sit\u00faa en el 0,7% y la de los \u00faltimos doce meses, en el 3,2%, lo que supone duplicar la","inLanguage":"es-ES","isPartOf":{"@id":"https:\/\/candas365.es\/noticias\/#website"},"breadcrumb":{"@id":"https:\/\/candas365.es\/noticias\/la-economia-espanola-crece-a-un-ritmo-del-32-en-tasa-anual\/#breadcrumblist"},"author":{"@id":"https:\/\/candas365.es\/noticias\/author\/admin\/#author"},"creator":{"@id":"https:\/\/candas365.es\/noticias\/author\/admin\/#author"},"image":{"@type":"ImageObject","url":"https:\/\/candas365.es\/noticias\/wp-content\/uploads\/2015\/11\/euros.jpg","@id":"https:\/\/candas365.es\/noticias\/la-economia-espanola-crece-a-un-ritmo-del-32-en-tasa-anual\/#mainImage","width":655,"height":360},"primaryImageOfPage":{"@id":"https:\/\/candas365.es\/noticias\/la-economia-espanola-crece-a-un-ritmo-del-32-en-tasa-anual\/#mainImage"},"datePublished":"2016-11-24T19:43:55+01:00","dateModified":"2016-11-24T19:43:55+01:00"},{"@type":"WebSite","@id":"https:\/\/candas365.es\/noticias\/#website","url":"https:\/\/candas365.es\/noticias\/","name":"Cand\u00e1s 365","alternateName":"Cand\u00e1s 365 Noticias","description":"Actualidad desde Carre\u00f1o para el mundo","inLanguage":"es-ES","publisher":{"@id":"https:\/\/candas365.es\/noticias\/#organization"}}]},"og:locale":"es_ES","og:site_name":"Cand\u00e1s 365","og:type":"article","og:title":"La econom\u00eda espa\u00f1ola crece a un ritmo del 3,2% en tasa anual | Cand\u00e1s 365","og:description":"La econom\u00eda espa\u00f1ola mantiene un elevado crecimiento y un fuerte ritmo de creaci\u00f3n de empleo, seg\u00fan los datos de la Contabilidad Nacional correspondientes al tercer trimestre del a\u00f1o, publicados por el INE. La tasa intertrimestral se sit\u00faa en el 0,7% y la de los \u00faltimos doce meses, en el 3,2%, lo que supone duplicar la","og:url":"https:\/\/candas365.es\/noticias\/la-economia-espanola-crece-a-un-ritmo-del-32-en-tasa-anual\/","og:image":"https:\/\/candas365.es\/noticias\/wp-content\/uploads\/2015\/11\/euros.jpg","og:image:secure_url":"https:\/\/candas365.es\/noticias\/wp-content\/uploads\/2015\/11\/euros.jpg","og:image:width":655,"og:image:height":360,"article:published_time":"2016-11-24T19:43:55+00:00","article:modified_time":"2016-11-24T19:43:55+00:00","article:publisher":"https:\/\/www.facebook.com\/Nachofdezber","article:author":"https:\/\/www.facebook.com\/carrenoactualidad","twitter:card":"summary_large_image","twitter:site":"@NabercoDigital","twitter:title":"La econom\u00eda espa\u00f1ola crece a un ritmo del 3,2% en tasa anual | Cand\u00e1s 365","twitter:description":"La econom\u00eda espa\u00f1ola mantiene un elevado crecimiento y un fuerte ritmo de creaci\u00f3n de empleo, seg\u00fan los datos de la Contabilidad Nacional correspondientes al tercer trimestre del a\u00f1o, publicados por el INE. La tasa intertrimestral se sit\u00faa en el 0,7% y la de los \u00faltimos doce meses, en el 3,2%, lo que supone duplicar la","twitter:creator":"@nbasturias","twitter:image":"https:\/\/candas365.es\/noticias\/wp-content\/uploads\/2015\/11\/euros.jpg","twitter:label1":"Escrito por","twitter:data1":"Cand\u00e1s 365","twitter:label2":"Tiempo de lectura estimado","twitter:data2":"3 minutos"},"aioseo_meta_data":{"post_id":"36870","title":null,"description":null,"keywords":null,"keyphrases":null,"primary_term":null,"canonical_url":null,"og_title":null,"og_description":null,"og_object_type":"default","og_image_type":"default","og_image_url":null,"og_image_width":null,"og_image_height":null,"og_image_custom_url":null,"og_image_custom_fields":null,"og_video":null,"og_custom_url":null,"og_article_section":null,"og_article_tags":null,"twitter_use_og":false,"twitter_card":"default","twitter_image_type":"default","twitter_image_url":null,"twitter_image_custom_url":null,"twitter_image_custom_fields":null,"twitter_title":null,"twitter_description":null,"schema":{"blockGraphs":[],"customGraphs":[],"default":{"data":{"Article":[],"Course":[],"Dataset":[],"FAQPage":[],"Movie":[],"Person":[],"Product":[],"ProductReview":[],"Car":[],"Recipe":[],"Service":[],"SoftwareApplication":[],"WebPage":[]},"graphName":"","isEnabled":true},"graphs":[],"defaultGraph":"","defaultPostTypeGraph":""},"schema_type":null,"schema_type_options":null,"pillar_content":false,"robots_default":true,"robots_noindex":false,"robots_noarchive":false,"robots_nosnippet":false,"robots_nofollow":false,"robots_noimageindex":false,"robots_noodp":false,"robots_notranslate":false,"robots_max_snippet":null,"robots_max_videopreview":null,"robots_max_imagepreview":"large","priority":null,"frequency":null,"location":null,"local_seo":null,"seo_analyzer_scan_date":"2025-08-24 21:35:09","breadcrumb_settings":null,"limit_modified_date":false,"reviewed_by":null,"open_ai":null,"ai":null,"created":"2020-12-21 13:09:23","updated":"2025-08-24 21:35:09"},"aioseo_breadcrumb":"<div class=\"aioseo-breadcrumbs\"><span class=\"aioseo-breadcrumb\">\n\t<a href=\"https:\/\/candas365.es\/noticias\" title=\"Home\">Home<\/a>\n<\/span><span class=\"aioseo-breadcrumb-separator\">&ndash;<\/span><span class=\"aioseo-breadcrumb\">\n\t<a href=\"https:\/\/candas365.es\/noticias\/category\/actualidad\/\" title=\"Actualidad\">Actualidad<\/a>\n<\/span><span class=\"aioseo-breadcrumb-separator\">&ndash;<\/span><span class=\"aioseo-breadcrumb\">\n\tLa econom\u00eda espa\u00f1ola crece a un ritmo del 3,2% en tasa anual\n<\/span><\/div>","aioseo_breadcrumb_json":[{"label":"Home","link":"https:\/\/candas365.es\/noticias"},{"label":"Actualidad","link":"https:\/\/candas365.es\/noticias\/category\/actualidad\/"},{"label":"La econom\u00eda espa\u00f1ola crece a un ritmo del 3,2% en tasa anual","link":"https:\/\/candas365.es\/noticias\/la-economia-espanola-crece-a-un-ritmo-del-32-en-tasa-anual\/"}],"_links":{"self":[{"href":"https:\/\/candas365.es\/noticias\/wp-json\/wp\/v2\/posts\/36870","targetHints":{"allow":["GET"]}}],"collection":[{"href":"https:\/\/candas365.es\/noticias\/wp-json\/wp\/v2\/posts"}],"about":[{"href":"https:\/\/candas365.es\/noticias\/wp-json\/wp\/v2\/types\/post"}],"author":[{"embeddable":true,"href":"https:\/\/candas365.es\/noticias\/wp-json\/wp\/v2\/users\/1"}],"replies":[{"embeddable":true,"href":"https:\/\/candas365.es\/noticias\/wp-json\/wp\/v2\/comments?post=36870"}],"version-history":[{"count":0,"href":"https:\/\/candas365.es\/noticias\/wp-json\/wp\/v2\/posts\/36870\/revisions"}],"wp:featuredmedia":[{"embeddable":true,"href":"https:\/\/candas365.es\/noticias\/wp-json\/wp\/v2\/media\/19556"}],"wp:attachment":[{"href":"https:\/\/candas365.es\/noticias\/wp-json\/wp\/v2\/media?parent=36870"}],"wp:term":[{"taxonomy":"category","embeddable":true,"href":"https:\/\/candas365.es\/noticias\/wp-json\/wp\/v2\/categories?post=36870"},{"taxonomy":"post_tag","embeddable":true,"href":"https:\/\/candas365.es\/noticias\/wp-json\/wp\/v2\/tags?post=36870"}],"curies":[{"name":"wp","href":"https:\/\/api.w.org\/{rel}","templated":true}]}}